{"id":4611,"date":"2025-12-20T11:36:15","date_gmt":"2025-12-20T10:36:15","guid":{"rendered":"https:\/\/forte-cultura.com\/?p=4611"},"modified":"2025-12-30T12:42:43","modified_gmt":"2025-12-30T11:42:43","slug":"sladami-oblezenia-kaiserswerth-podczas-wojny-o-sukcesje-hiszpanska","status":"publish","type":"post","link":"https:\/\/forte-cultura.com\/pl\/auf-den-spuren-der-belagerung-kaiserswerth-im-spanischen-erbfolgekrieg\/","title":{"rendered":"\u015aladami obl\u0119\u017cenia: Kaiserswerth podczas wojny o sukcesj\u0119 hiszpa\u0144sk\u0105"},"content":{"rendered":"<div class=\"wp-block-columns alignwide eplus-wrapper is-layout-flex wp-container-core-columns-is-layout-02f249f1 wp-block-columns-is-layout-flex eplus-styles-uid-329b40\" style=\"padding-right:0;padding-left:0\">\n<div class=\"wp-block-column eplus-wrapper is-layout-flow wp-container-core-column-is-layout-6384e000 wp-block-column-is-layout-flow\" style=\"padding-right:var(--wp--preset--spacing--40);padding-left:0;flex-basis:66.66%\"><p class=\"eplus-wrapper eplus-styles-uid-e7c803\"><em>FORTE CULTURA Wycieczka z przewodnikiem: Kaiserswerth (DE) z Martinem Kl\u00f6fferem<\/em><\/p>\n\n\n<h2 class=\"wp-block-heading alignwide has-large-font-size eplus-wrapper\"><strong>Wycieczki historyczne po twierdzy, mie\u015bcie i miejscach pami\u0119ci \u2013 do\u015bwiadczenia wojenne z lat 1702\u2013dzi\u015b<\/strong><\/h2>\n\n\n\n<p class=\"eplus-wrapper\">Prosz\u0119 sobie wyobrazi\u0107, \u017ce tu\u017c przed Pa\u0144stwa drzwiami zaczyna si\u0119 wojna. Nie jest to przyjemna perspektywa, ale w\u0142a\u015bnie tak by\u0142o w Kaiserswerth w kwietniu 1702 roku, na pocz\u0105tku wojny o sukcesj\u0119 hiszpa\u0144sk\u0105. Wojska sprzymierzone oblega\u0142y okupowan\u0105 przez Francuz\u00f3w fortec\u0119 i po dw\u00f3ch miesi\u0105cach j\u0105 zdoby\u0142y. Miasto zosta\u0142o ca\u0142kowicie zniszczone, z wyj\u0105tkiem trzech dom\u00f3w, a fortyfikacje zosta\u0142y nast\u0119pnie rozebrane.<\/p>\n\n\n\n<p class=\"eplus-wrapper\">Obl\u0119\u017cenie w kwietniu \u2013 czerwcu 1702 roku by\u0142o pierwsz\u0105 operacj\u0105 sojuszniczych wojsk cesarskich i holenderskich w wojnie o sukcesj\u0119 hiszpa\u0144sk\u0105 przeciwko sprzymierzonemu z Francj\u0105 Kurk\u00f6ln. Atak trwa\u0142 59 dni, a szturm na fos\u0119 9 czerwca spowodowa\u0142 du\u017ce straty. Dni twierdzy by\u0142y jednak policzone, wi\u0119c 15 czerwca podda\u0142a si\u0119 ona na bardzo korzystnych warunkach.<\/p>\n\n\n\n<p class=\"eplus-wrapper\">Podczas zwiedzania historycznego starego miasta poznaj\u0105 Pa\u0144stwo histori\u0119 miasta, twierdzy i pa\u0142acu cesarskiego, a tak\u017ce t\u0142o wojny o sukcesj\u0119 hiszpa\u0144sk\u0105 (1701-1714). Budow\u0119 twierdzy wyja\u015bniamy na podstawie modeli i plan\u00f3w, a tak\u017ce oprowadzamy Pa\u0144stwa po najwa\u017cniejszych zabytkach i miejscach pami\u0119ci.<\/p>\n\n\n\n<p class=\"eplus-wrapper\">Podczas zwiedzania z przewodnikiem podkre\u015blane s\u0105 aspekty budowlane i in\u017cynieryjne obl\u0119\u017cenia: dzi\u0119ki temu mo\u017cna dzi\u015b zlokalizowa\u0107 na terenie obiektu nieistniej\u0105ce ju\u017c elementy fortyfikacji obl\u0119\u017cniczych. Dowiedz si\u0119, w jaki spos\u00f3b b\u0142\u0105d konstrukcyjny w systemie odprowadzania wody z row\u00f3w os\u0142abi\u0142 op\u00f3r oblegaj\u0105cych. Zrozum, jak\u0105 rol\u0119 odgrywa\u0142 poziom wody. Zobacz miejsce w murze, w kt\u00f3rym powsta\u0142a wyrwa.<\/p>\n\n\n\n<p class=\"eplus-wrapper\">Trzy proponowane trasy zwiedzania pozwalaj\u0105 go\u015bciom zapozna\u0107 si\u0119 z zabytkami i miejscami pami\u0119ci twierdzy Kaiserswerth oraz jej obl\u0119\u017ceniami. S\u0105 to:<\/p>\n\n\n<ul class=\"wp-block-list eplus-wrapper eplus-styles-uid-88cbfd\">\n<li class=\"eplus-wrapper\">historyczne stare miasto Kaiserswerth (ok. 2\u20132,5 godziny, pieszo, z wyj\u0105tkiem schod\u00f3w bez barier architektonicznych)<\/li>\n\n\n\n<li class=\"eplus-wrapper\">kwatery g\u0142\u00f3wne oblegaj\u0105cych (3-4 godziny, rowerem lub samochodem)<\/li>\n\n\n\n<li style=\"margin-bottom:var(--wp--preset--spacing--30)\" class=\"eplus-wrapper\">obiekty zewn\u0119trzne (ok. 2 godziny, teren p\u0142aski, kilka \u0142agodnych wzniesie\u0144)<\/li>\n<\/ul>\n\n<div class=\"wp-block-columns eplus-wrapper is-layout-flex wp-container-core-columns-is-layout-28f84493 wp-block-columns-is-layout-flex eplus-styles-uid-319c74\">\n<div class=\"wp-block-column has-gradient-1-gradient-background has-background eplus-wrapper is-layout-flow wp-block-column-is-layout-flow\" style=\"padding-top:var(--wp--preset--spacing--20);padding-right:var(--wp--preset--spacing--20);padding-bottom:var(--wp--preset--spacing--20);padding-left:var(--wp--preset--spacing--20)\">\n<p class=\"eplus-wrapper\"><strong>Pa\u0144stwa przewodnik turystyczny<\/strong><\/p>\n\n\n\n<figure class=\"wp-block-image size-large eplus-wrapper\"><img loading=\"lazy\" decoding=\"async\" width=\"1024\" height=\"767\" src=\"https:\/\/forte-cultura.com\/wp-content\/uploads\/w1900_h1424_x1008_y756_IMG_2155-366df1400288b03f-1024x767.jpeg\" alt=\"\" class=\"wp-image-4628\" srcset=\"https:\/\/forte-cultura.com\/wp-content\/uploads\/w1900_h1424_x1008_y756_IMG_2155-366df1400288b03f-1024x767.jpeg 1024w, https:\/\/forte-cultura.com\/wp-content\/uploads\/w1900_h1424_x1008_y756_IMG_2155-366df1400288b03f-300x225.jpeg 300w, https:\/\/forte-cultura.com\/wp-content\/uploads\/w1900_h1424_x1008_y756_IMG_2155-366df1400288b03f-768x576.jpeg 768w, https:\/\/forte-cultura.com\/wp-content\/uploads\/w1900_h1424_x1008_y756_IMG_2155-366df1400288b03f-1536x1151.jpeg 1536w, https:\/\/forte-cultura.com\/wp-content\/uploads\/w1900_h1424_x1008_y756_IMG_2155-366df1400288b03f-16x12.jpeg 16w, https:\/\/forte-cultura.com\/wp-content\/uploads\/w1900_h1424_x1008_y756_IMG_2155-366df1400288b03f.jpeg 1900w\" sizes=\"auto, (max-width: 1024px) 100vw, 1024px\" \/><\/figure>\n\n\n\n<p class=\"has-small-font-size eplus-wrapper\">Dr Martin Kl\u00f6ffler od 1980 roku zajmuje si\u0119 technicznymi aspektami historii wojskowo\u015bci od XVIII do po\u0142owy XIX wieku. Jest autorem oko\u0142o 100 artyku\u0142\u00f3w dotycz\u0105cych bada\u0144 nad fortyfikacjami, obl\u0119\u017ceniami, umocnieniami polowymi,\u00a0 organizacji sztabu, gier wojennych, munduroznawstwa, kartografii, artylerii, fortyfikacji polowych, historii geodezji i pedagogiki muzealnej. Martin Kl\u00f6ffler jest r\u00f3wnie\u017c kolekcjonerem historycznych instrument\u00f3w geodezyjnych i literatury historycznej dotycz\u0105cej in\u017cynierii z okresu oko\u0142o 1700\u20131850.  Do tej pory opublikowa\u0142 cztery ksi\u0105\u017cki.<\/p>\n\n\n\n<p class=\"has-small-font-size eplus-wrapper\">Kolejn\u0105 specjalno\u015bci\u0105 jest rekonstrukcja i przekazywanie historii techniki oraz odtwarzanie historycznego \u017cycia codziennego za pomoc\u0105 Living History. Ponadto udost\u0119pni\u0142 on eksponaty na potrzeby wystaw oraz zaprojektowa\u0142 i wyposa\u017cy\u0142 jedn\u0105 z nich.<\/p>\n\n\n\n<p class=\"has-small-font-size eplus-wrapper\">Jego misj\u0105 jest przybli\u017cenie go\u015bciom fascynuj\u0105cej cz\u0119\u015bci dotychczas nieznanej historii.<\/p>\n\n\n\n<p class=\"has-small-font-size eplus-wrapper\">W przygotowaniu s\u0105 kolejne wycieczki z przewodnikiem po twierdzy D\u00fcsseldorf i klasycystycznym D\u00fcsseldorfie.<\/p>\n\n\n\n<p class=\"has-small-font-size eplus-wrapper\" style=\"margin-bottom:0;padding-bottom:0\">Linki internetowe:<\/p>\n\n\n<ul style=\"margin-top:0;margin-bottom:0;padding-top:0;padding-bottom:0\" class=\"wp-block-list eplus-wrapper eplus-styles-uid-a63d12\">\n<li class=\"has-small-font-size eplus-wrapper\">IGHA \u2013<a href=\"https:\/\/www.facebook.com\/groups\/IGhistorischerAlltag\/\" target=\"_blank\" rel=\"noopener\"> https:\/\/www.facebook.com\/groups\/IGhistorischerAlltag\/<\/a><\/li>\n\n\n\n<li class=\"has-small-font-size eplus-wrapper\">Sztab generalny \u2013 <a href=\"https:\/\/www.facebook.com\/PreussischerStab1813\" target=\"_blank\" rel=\"noopener\">https:\/\/www.facebook.com\/PreussischerStab1813<\/a><\/li>\n\n\n\n<li class=\"has-small-font-size eplus-wrapper\">In\u017cynier geograf \u2013 <a href=\"http:\/\/www.ingenieurgeograph.de\/\" target=\"_blank\" rel=\"noopener\">http:\/\/www.ingenieurgeograph.de\/<\/a> (stan na rok 2024)<\/li>\n\n\n\n<li class=\"has-small-font-size eplus-wrapper\">Facebook <a href=\"https:\/\/www.facebook.com\/martin.kloffler\" target=\"_blank\" rel=\"noopener\">https:\/\/www.facebook.com\/martin.kloffler<\/a><\/li>\n\n\n\n<li class=\"has-small-font-size eplus-wrapper\">\u015arodowisko akademickie <a href=\"https:\/\/independent.academia.edu\/MartinKl%C3%B6ffler%20\" target=\"_blank\" rel=\"noopener\">https:\/\/independent.academia.edu\/MartinKl%C3%B6ffler <\/a><\/li>\n<\/ul><\/div>\n<\/div><\/div>\n\n\n\n<div class=\"wp-block-column has-base-2-background-color has-background eplus-wrapper is-layout-flow wp-container-core-column-is-layout-4d123836 wp-block-column-is-layout-flow\" style=\"padding-right:var(--wp--preset--spacing--20);padding-left:var(--wp--preset--spacing--20);flex-basis:33.33%\"><div class=\"wp-block-columns has-custom-verlauf-1-gradient-background has-background eplus-wrapper is-layout-flex wp-container-core-columns-is-layout-62ca6804 wp-block-columns-is-layout-flex eplus-styles-uid-1c1181\" style=\"border-radius:5px;margin-top:var(--wp--preset--spacing--20);margin-bottom:var(--wp--preset--spacing--20);padding-top:var(--wp--preset--spacing--10);padding-right:var(--wp--preset--spacing--20);padding-bottom:var(--wp--preset--spacing--10);padding-left:var(--wp--preset--spacing--20)\">\n<div class=\"wp-block-column eplus-wrapper is-layout-flow wp-block-column-is-layout-flow\" style=\"flex-basis:33.33%\">\n<figure class=\"wp-block-image aligncenter size-full eplus-wrapper\"><img loading=\"lazy\" decoding=\"async\" width=\"1780\" height=\"2560\" src=\"https:\/\/forte-cultura.com\/wp-content\/uploads\/20240525_141728_Figur-Kopie-scaled.jpg\" alt=\"\" class=\"wp-image-4612\" srcset=\"https:\/\/forte-cultura.com\/wp-content\/uploads\/20240525_141728_Figur-Kopie-scaled.jpg 1780w, https:\/\/forte-cultura.com\/wp-content\/uploads\/20240525_141728_Figur-Kopie-209x300.jpg 209w, https:\/\/forte-cultura.com\/wp-content\/uploads\/20240525_141728_Figur-Kopie-712x1024.jpg 712w, https:\/\/forte-cultura.com\/wp-content\/uploads\/20240525_141728_Figur-Kopie-768x1105.jpg 768w, https:\/\/forte-cultura.com\/wp-content\/uploads\/20240525_141728_Figur-Kopie-1068x1536.jpg 1068w, https:\/\/forte-cultura.com\/wp-content\/uploads\/20240525_141728_Figur-Kopie-1424x2048.jpg 1424w, https:\/\/forte-cultura.com\/wp-content\/uploads\/20240525_141728_Figur-Kopie-8x12.jpg 8w\" sizes=\"auto, (max-width: 1780px) 100vw, 1780px\" \/><\/figure>\n<\/div>\n\n\n\n<div class=\"wp-block-column eplus-wrapper is-layout-flow wp-block-column-is-layout-flow\" style=\"flex-basis:66.66%\">\n<p class=\"has-text-align-right has-custom-farbe-1-color has-text-color has-link-color eplus-wrapper wp-elements-ea1321695b09d5e186995649871495b7\"><strong>Dr Martin Kl\u00f6ffler<\/strong><\/p>\n\n\n\n<p class=\"has-text-align-right has-heading-font-family eplus-wrapper\" style=\"margin-top:0;margin-bottom:0;font-size:clamp(0.875em, 0.875rem + ((1vw - 0.2em) * 0.042), 0.9em);line-height:1.3\">Przewodnik turystyczny z <br>Certyfikat FORTE CULTURA<\/p>\n\n\n\n<p class=\"has-text-align-right eplus-wrapper\" style=\"font-size:clamp(0.875rem, 0.875rem + ((1vw - 0.2rem) * 0.042), 0.9rem);\">J\u0119zyki: niemiecki, angielski, francuski<\/p>\n<\/div>\n<\/div>\n\n\n<h4 class=\"wp-block-heading has-text-align-center eplus-wrapper\"><strong>Uwagi dotycz\u0105ce wycieczki z przewodnikiem<\/strong><\/h4>\n\n\n\n<p class=\"has-text-align-center eplus-wrapper\"><strong>Czas trwania<\/strong>: oko\u0142o 2,5 godziny<br><strong>Cena za zwiedzanie z przewodnikiem dla grup od 4 do 15 os\u00f3b<\/strong>: <br>60,00 \u20ac za godzin\u0119 (zwiedzanie w kostiumach dla grup zamkni\u0119tych 80,00 \u20ac za godzin\u0119<\/p>\n\n\n\n<p class=\"has-text-align-center eplus-wrapper\" style=\"line-height:1.4\">Wycieczk\u0119 po zewn\u0119trznych fortyfikacjach mo\u017cna zarezerwowa\u0107 jako rozszerzenie wycieczki po starej cz\u0119\u015bci miasta Kaiserswerth. W przypadku wycieczki do kwater g\u0142\u00f3wnych przygotowywana jest elastyczna oferta.<\/p>\n\n\n\n<p class=\"has-text-align-center eplus-wrapper\" style=\"line-height:1.4\">Wycieczki z przewodnikiem mo\u017cna rezerwowa\u0107 po wcze\u015bniejszym uzgodnieniu, przy sprzyjaj\u0105cej pogodzie, najlepiej w sezonie letnim, w dni \u015bwi\u0105teczne, soboty i niedziele. <strong>Go\u015bcie proszeni s\u0105 o za\u0142o\u017cenie solidnego obuwia i zabranie ze sob\u0105 odzie\u017cy odpornej na warunki atmosferyczne. <\/strong>Oferta gastronomiczna na Starym Mie\u015bcie jest bardzo zr\u00f3\u017cnicowana.<\/p>\n\n\n<div class=\"wp-block-buttons eplus-wrapper is-content-justification-center is-layout-flex wp-container-core-buttons-is-layout-3bc9e530 wp-block-buttons-is-layout-flex eplus-styles-uid-f5efd0\" style=\"margin-top:var(--wp--preset--spacing--20);margin-bottom:var(--wp--preset--spacing--20)\"><div class=\"wp-block-button has-custom-width wp-block-button__width-100 eplus-wrapper eplus-styles-uid-e72c4d\"><a class=\"wp-block-button__link has-medium-font-size has-custom-font-size wp-element-button\" href=\"mailto:%20M_K_Kloeffler@t-online.de\" style=\"padding-top:var(--wp--preset--spacing--10);padding-bottom:var(--wp--preset--spacing--10)\">Zapytania i rezerwacje<br>(e-mail)<\/a><\/div><\/div>\n\n\n<p class=\"has-text-align-center eplus-wrapper\" style=\"font-size:clamp(0.875em, 0.875rem + ((1vw - 0.2em) * 0.042), 0.9em);\"><strong>Miejsce spotkania<\/strong>: <br><strong>Na modelu miasta na placu Klemensplatz lub po uzgodnieniu<\/strong><\/p>\n\n\n\n<p class=\"has-text-align-center eplus-wrapper\" style=\"font-size:clamp(0.875em, 0.875rem + ((1vw - 0.2em) * 0.042), 0.9em);\">Organizatorem opisanej oferty i jedyn\u0105 osob\u0105 odpowiedzialn\u0105 za jej tre\u015b\u0107 jest: dr Martin Kl\u00f6ffler.<\/p>\n\n\n\n<hr class=\"wp-block-separator aligncenter has-alpha-channel-opacity eplus-wrapper\" style=\"margin-top:var(--wp--preset--spacing--40);margin-bottom:var(--wp--preset--spacing--40)\">\n\n\n\n<p class=\"has-text-align-center has-small-font-size eplus-wrapper\"><strong>Do wczytania<\/strong><br><em>KL\u00d6FFLER, Martin: Totaliter ruinieret \u2013 Die Belagerung von Kaiserswerth 1702 (Ca\u0142kowicie zrujnowane \u2013 Obl\u0119\u017cenie Kaiserswerth w 1702 r.); Materia\u0142y dotycz\u0105ce bada\u0144 nad fortyfikacjami, Hamburg: BOD (Books on Demand GmbH), 2025, 93 strony, ISBN 9783695199983, cena 24 EUR.<\/em><\/p>\n\n\n\n<p class=\"has-small-font-size eplus-wrapper\"><em>B\u00dcREN, Guido von; KUPKA, Andreas (red.): Twierdze w Nadrenii P\u00f3\u0142nocnej-Westfalii; Niemieckie twierdze, tom 6, Regensburg: Schnell- und Steiner-Verlag, 2025<\/em><\/p>\n\n\n\n<p class=\"has-text-align-center has-small-font-size eplus-wrapper\"><em>Wikipedia, Obl\u0119\u017cenie Kaiserswerth (1702), <\/em><a href=\"https:\/\/de.wikipedia.org\/wiki\/Belagerung_von_Kaiserswerth_(1702)\" target=\"_blank\" rel=\"noopener\"><em>https:\/\/de.wikipedia.org\/wiki\/Belagerung_von_Kaiserswerth_(1702)<\/em><\/a><\/p>\n<\/div>\n<\/div>\n\n\n<hr class=\"wp-block-separator alignwide has-text-color has-accent-2-color has-alpha-channel-opacity has-accent-2-background-color has-background eplus-wrapper\" style=\"margin-top:var(--wp--preset--spacing--30);margin-bottom:var(--wp--preset--spacing--10)\"\/>\n\n\n<div class=\"wp-block-columns alignwide are-vertically-aligned-center has-custom-farbe-1-gradient-background has-background eplus-wrapper is-layout-flex wp-container-core-columns-is-layout-93b636f3 wp-block-columns-is-layout-flex eplus-styles-uid-425077\" style=\"padding-top:var(--wp--preset--spacing--10);padding-right:0;padding-bottom:var(--wp--preset--spacing--10);padding-left:0\">\n<div class=\"wp-block-column is-vertically-aligned-center eplus-wrapper is-layout-flow wp-block-column-is-layout-flow\" style=\"padding-top:0;padding-right:0;padding-bottom:0;padding-left:0;flex-basis:33.33%\">\n<figure class=\"wp-block-image aligncenter size-large is-resized eplus-wrapper\"><img loading=\"lazy\" decoding=\"async\" width=\"1024\" height=\"977\" src=\"https:\/\/forte-cultura.com\/wp-content\/uploads\/FoCu-Logo_weiss-transparent-1024x977.png\" alt=\"\" class=\"wp-image-439\" style=\"width:97px;height:auto\" srcset=\"https:\/\/forte-cultura.com\/wp-content\/uploads\/FoCu-Logo_weiss-transparent-1024x977.png 1024w, https:\/\/forte-cultura.com\/wp-content\/uploads\/FoCu-Logo_weiss-transparent-300x286.png 300w, https:\/\/forte-cultura.com\/wp-content\/uploads\/FoCu-Logo_weiss-transparent-768x733.png 768w, https:\/\/forte-cultura.com\/wp-content\/uploads\/FoCu-Logo_weiss-transparent-1536x1465.png 1536w, https:\/\/forte-cultura.com\/wp-content\/uploads\/FoCu-Logo_weiss-transparent-2048x1954.png 2048w, https:\/\/forte-cultura.com\/wp-content\/uploads\/FoCu-Logo_weiss-transparent-200x191.png 200w\" sizes=\"auto, (max-width: 1024px) 100vw, 1024px\" \/><\/figure>\n<\/div>\n\n\n\n<div class=\"wp-block-column is-vertically-aligned-center eplus-wrapper is-layout-flow wp-block-column-is-layout-flow\" style=\"flex-basis:66.66%\">\n<p class=\"has-text-align-center has-base-2-color has-text-color has-link-color eplus-wrapper wp-elements-c7a136277b4098ae69d233b754346270\">Dr Martin Kl\u00f6ffler jest przewodnikiem turystycznym posiadaj\u0105cym certyfikat FORTE CULTURA.<\/p>\n<\/div>\n<\/div>","protected":false},"excerpt":{"rendered":"<p>Wycieczka z przewodnikiem FORTE CULTURA: Kaiserswerth (DE) z Martinem Kl\u00f6fferem; historyczne wycieczki po twierdzy, mie\u015bcie i miejscach pami\u0119ci - bliskie do\u015bwiadczenie wojny od 1702 roku do dzi\u015b<\/p>","protected":false},"author":1,"featured_media":4617,"comment_status":"open","ping_status":"open","sticky":false,"template":"","format":"standard","meta":{"editor_plus_copied_stylings":"{}","pgc_sgb_lightbox_settings":"","_price":"","_stock":"","_tribe_ticket_header":"","_tribe_default_ticket_provider":"","_tribe_ticket_capacity":"0","_ticket_start_date":"","_ticket_end_date":"","_tribe_ticket_show_description":"","_tribe_ticket_show_not_going":false,"_tribe_ticket_use_global_stock":"","_tribe_ticket_global_stock_level":"","_global_stock_mode":"","_global_stock_cap":"","_tribe_rsvp_for_event":"","_tribe_ticket_going_count":"","_tribe_ticket_not_going_count":"","_tribe_tickets_list":"[]","_tribe_ticket_has_attendee_info_fields":false,"_EventAllDay":false,"_EventTimezone":"","_EventStartDate":"","_EventEndDate":"","_EventStartDateUTC":"","_EventEndDateUTC":"","_EventShowMap":false,"_EventShowMapLink":false,"_EventURL":"","_EventCost":"","_EventCostDescription":"","_EventCurrencySymbol":"","_EventCurrencyCode":"","_EventCurrencyPosition":"","_EventDateTimeSeparator":"","_EventTimeRangeSeparator":"","_EventOrganizerID":[],"_EventVenueID":[],"_OrganizerEmail":"","_OrganizerPhone":"","_OrganizerWebsite":"","_VenueAddress":"","_VenueCity":"","_VenueCountry":"","_VenueProvince":"","_VenueState":"","_VenueZip":"","_VenuePhone":"","_VenueURL":"","_VenueStateProvince":"","_VenueLat":"","_VenueLng":"","_VenueShowMap":false,"_VenueShowMapLink":false,"footnotes":""},"categories":[13,255],"tags":[525,15,479],"class_list":["post-4611","post","type-post","status-publish","format-standard","has-post-thumbnail","hentry","category-guided-tours","category-guided-tours-en","tag-kaiserswerth","tag-kostuemfuehrung","tag-stadt-und-festungsfuehrung"],"_links":{"self":[{"href":"https:\/\/forte-cultura.com\/pl\/wp-json\/wp\/v2\/posts\/4611","targetHints":{"allow":["GET"]}}],"collection":[{"href":"https:\/\/forte-cultura.com\/pl\/wp-json\/wp\/v2\/posts"}],"about":[{"href":"https:\/\/forte-cultura.com\/pl\/wp-json\/wp\/v2\/types\/post"}],"author":[{"embeddable":true,"href":"https:\/\/forte-cultura.com\/pl\/wp-json\/wp\/v2\/users\/1"}],"replies":[{"embeddable":true,"href":"https:\/\/forte-cultura.com\/pl\/wp-json\/wp\/v2\/comments?post=4611"}],"version-history":[{"count":0,"href":"https:\/\/forte-cultura.com\/pl\/wp-json\/wp\/v2\/posts\/4611\/revisions"}],"wp:featuredmedia":[{"embeddable":true,"href":"https:\/\/forte-cultura.com\/pl\/wp-json\/wp\/v2\/media\/4617"}],"wp:attachment":[{"href":"https:\/\/forte-cultura.com\/pl\/wp-json\/wp\/v2\/media?parent=4611"}],"wp:term":[{"taxonomy":"category","embeddable":true,"href":"https:\/\/forte-cultura.com\/pl\/wp-json\/wp\/v2\/categories?post=4611"},{"taxonomy":"post_tag","embeddable":true,"href":"https:\/\/forte-cultura.com\/pl\/wp-json\/wp\/v2\/tags?post=4611"}],"curies":[{"name":"wp","href":"https:\/\/api.w.org\/{rel}","templated":true}]}}