{"id":4206,"date":"2025-11-08T08:09:57","date_gmt":"2025-11-08T07:09:57","guid":{"rendered":"https:\/\/forte-cultura.com\/?p=4206"},"modified":"2025-11-08T09:11:16","modified_gmt":"2025-11-08T08:11:16","slug":"cesarskie-twierdze-w-czesko-slowackich-gorach-cz","status":"publish","type":"post","link":"https:\/\/forte-cultura.com\/pl\/kaiserliche-festungen-in-boehmen-cz\/","title":{"rendered":"Cesarskie twierdze w Czechach (CZ)"},"content":{"rendered":"<div class=\"wp-block-columns alignwide eplus-wrapper is-layout-flex wp-container-core-columns-is-layout-28f84493 wp-block-columns-is-layout-flex eplus-styles-uid-b01956\">\n<div class=\"wp-block-column eplus-wrapper is-layout-flow wp-block-column-is-layout-flow\" style=\"flex-basis:100%\"><p class=\"eplus-wrapper eplus-styles-uid-e7c803\"><em>FORTE CULTURA Rekomendacja podr\u00f3\u017cy (CZ)<\/em><\/p>\n\n\n<h2 class=\"wp-block-heading alignwide has-large-font-size eplus-wrapper\">Diamenty kraj\u00f3w czeskich<\/h2>\n\n\n\n<p class=\"eplus-wrapper\">Cesarskie twierdze w Czechach (CZ) to du\u017ce miasta-fortece, cz\u0119\u015bciowo idealnie zaprojektowane, kt\u00f3re zosta\u0142y zbudowane przez cesarzy Habsburg\u00f3w w XVII i XVIII wieku. Ich celem by\u0142a obrona stolicy Pragi na du\u017cym obszarze i by\u0142y one rozmieszczone w strategicznych punktach kraju, np. prze\u0142\u0119cze w g\u00f3rach granicznych lub uj\u015bcia rzek. Ich charakterystyczn\u0105 cech\u0105 jest tak zwany bastionowy pier\u015bcie\u0144 fortyfikacyjny \u2013 mury ceglane i wa\u0142y ziemne, kt\u00f3re mia\u0142y wytrzyma\u0107 ostrza\u0142 artyleryjski.<\/p>\n\n\n\n<p class=\"eplus-wrapper\">Jako cz\u0119\u015bciowo idealne miasta-fortece o planie przypominaj\u0105cym szachownic\u0119, nale\u017c\u0105 one do pere\u0142 architektury wojskowej. Do dzi\u015b zadziwiaj\u0105 one przemy\u015blanymi wymiarami i mechanizmami obronnymi, np. rozmieszczeniem, wysoko\u015bci\u0105 i grubo\u015bci\u0105 mur\u00f3w, z\u0142o\u017cono\u015bci\u0105 podziemnych korytarzy lub systemami wodnymi z mo\u017cliwo\u015bci\u0105 regulacji poziomu. <\/p>\n\n\n\n<p class=\"eplus-wrapper\">Dzisiaj twierdze te s\u0105 nie tylko wyj\u0105tkowymi zabytkami architektury i techniki, ale tak\u017ce opowiadaj\u0105 wiele historii \u015bci\u015ble zwi\u0105zanych z ich budowniczymi, obro\u0144cami, naje\u017ad\u017acami lub mieszka\u0144cami. <\/p>\n\n\n\n<p class=\"eplus-wrapper\">Kiedy\u015b s\u0142u\u017cy\u0142y jako fortyfikacje obronne i by\u0142y owiane tajemnic\u0105, dzi\u015b zapraszaj\u0105 turyst\u00f3w do zwiedzania, przemierzania podziemnych korytarzy, spacerowania ulicami i parkami. Daj si\u0119 porwa\u0107 historii, opowie\u015bciom i naturze cesarskich twierdz. Odwiedzaj przez ca\u0142y rok festiwale, wydarzenia kulturalne i sportowe i odkrywaj zapomniane pi\u0119kno bastionowych twierdz w Czechach.<\/p>\n\n\n\n<div class=\"wp-block-kadence-spacer aligncenter kt-block-spacer-4206_421f1d-85\"><div class=\"kt-block-spacer kt-block-spacer-halign-center\"><\/div><\/div>\n\n\n<div class=\"ultp-post-grid-block wp-block-ultimate-post-post-grid-1 ultp-block-5f60b2\"><div class=\"ultp-block-wrapper\"><div class=\"ultp-loading\"><div class=\"ultp-loading-blocks\" style=\"width:100%;height:100%;\"><div style=\"left: 0;top: 0;animation-delay:0s;\"><\/div><div style=\"left: 21px;top: 0;animation-delay:0.125s;\"><\/div><div style=\"left: 42px;top: 0;animation-delay:0.25s;\"><\/div><div style=\"left: 0;top: 21px;animation-delay:0.875s;\"><\/div><div style=\"left: 42px;top: 21px;animation-delay:0.375s;\"><\/div><div style=\"left: 0;top: 42px;animation-delay:0.75s;\"><\/div><div style=\"left: 42px;top: 42px;animation-delay:0.625s;\"><\/div><div style=\"left: 21px;top: 42px;animation-delay:0.5s;\"><\/div><\/div><\/div><div class=\"ultp-block-items-wrap ultp-block-row ultp-pg1a-style1 ultp-grid1-responsive ultp-block-column-4 1 ultp-xs-column-1 ultp-layout1\"><div class=\"ultp-block-item post-id-701\"><div class=\"ultp-block-content-wrap\"><div class=\"ultp-block-image ultp-block-image-zoomIn\"><a href=\"https:\/\/forte-cultura.com\/pl\/josefov-cz\/\"><img decoding=\"async\" class=\"ultp-block-image-content\" alt=\"Josefov (CZ)\" src=\"https:\/\/forte-cultura.com\/wp-content\/uploads\/2023\/11\/Jaromer_Josefov-870x570.jpg\"><\/a><\/div><div class=\"ultp-block-content\"><h3 class=\"ultp-block-title\"><a href=\"https:\/\/forte-cultura.com\/pl\/josefov-cz\/\">Josefov (CZ)<\/a><\/h3><div class=\"ultp-block-excerpt\">Ufortyfikowane miasto idealne: per\u0142a budownictwa fortecznego monarchii KuK<\/div><\/div><\/div><\/div><div class=\"ultp-block-item post-id-947\"><div class=\"ultp-block-content-wrap\"><div class=\"ultp-block-image ultp-block-image-zoomIn\"><a href=\"https:\/\/forte-cultura.com\/pl\/prag-cz\/\"><img decoding=\"async\" class=\"ultp-block-image-content\" alt=\"Twierdza Wyszehrad, Praga (CZ)\" src=\"https:\/\/forte-cultura.com\/wp-content\/uploads\/Prag-870x570.jpg\"><\/a><\/div><div class=\"ultp-block-content\"><h3 class=\"ultp-block-title\"><a href=\"https:\/\/forte-cultura.com\/pl\/prag-cz\/\">Praga Vy\u0161ehrad (CZ)<\/a><\/h3><div class=\"ultp-block-excerpt\">Twierdza: narodowy zabytek kultury,\nImponuj\u0105ca historia i legendy wysoko nad We\u0142taw\u0105<\/div><\/div><\/div><\/div><div class=\"ultp-block-item post-id-1035\"><div class=\"ultp-block-content-wrap\"><div class=\"ultp-block-image ultp-block-image-zoomIn\"><a href=\"https:\/\/forte-cultura.com\/pl\/terezin-cz\/\"><img decoding=\"async\" class=\"ultp-block-image-content\" alt=\"Terez\u00edn (CZ)\" src=\"https:\/\/forte-cultura.com\/wp-content\/uploads\/Terezin-870x570.jpg\"><\/a><\/div><div class=\"ultp-block-content\"><h3 class=\"ultp-block-title\"><a href=\"https:\/\/forte-cultura.com\/pl\/terezin-cz\/\">Terez\u00edn (CZ)<\/a><\/h3><div class=\"ultp-block-excerpt\">Ufortyfikowane miasto idealne: arcydzie\u0142o architektury fortecznej, historyczna twierdza Elbe i pomnik II wojny \u015bwiatowej<\/div><\/div><\/div><\/div><\/div><\/div><div class=\"pagination-block-html\" aria-hidden=\"true\" style=\"display: none;\"><\/div><\/div><\/div>\n<\/div>\n\n\n<hr class=\"wp-block-separator alignwide has-text-color has-accent-2-color has-alpha-channel-opacity has-accent-2-background-color has-background eplus-wrapper\" style=\"margin-top:var(--wp--preset--spacing--30);margin-bottom:var(--wp--preset--spacing--30)\"\/>\n\n\n<div id=\"travelersmap-container-69f7656d9b855\" class=\"travelersmap-container\" style=\"z-index: 1; min-height: 10px; min-width:10px; height:400px;width:100%; max-width:1280px; max-height:; position:relative;\"><div style=\"position:absolute; z-index:-1;top: 50%;text-align: center;display: block;left: 50%;transform: translate(-50%,-50%);\">Travellers' Map \u0142aduje si\u0119...<br>Je\u015bli zobaczysz to po ca\u0142kowitym za\u0142adowaniu strony, brakuje plik\u00f3w leafletJS.<\/div><\/div>\n\n\n\n<hr class=\"wp-block-separator alignwide has-text-color has-accent-2-color has-alpha-channel-opacity has-accent-2-background-color has-background eplus-wrapper\" style=\"margin-top:var(--wp--preset--spacing--30);margin-bottom:var(--wp--preset--spacing--30)\"\/>\n\n\n<div class=\"wp-block-columns alignwide eplus-wrapper is-layout-flex wp-container-core-columns-is-layout-28f84493 wp-block-columns-is-layout-flex eplus-styles-uid-8f25b5\">\n<div class=\"wp-block-column eplus-wrapper is-layout-flow wp-block-column-is-layout-flow\"><figure class=\"wp-block-image aligncenter size-full is-resized eplus-wrapper eplus-styles-uid-7a77bb\"><a href=\"https:\/\/forte-cultura.com\/wp-content\/uploads\/FoCu-Flyer-Boehmen_EN2023_web.pdf\" target=\"_blank\" rel=\" noreferrer noopener\"><img loading=\"lazy\" decoding=\"async\" width=\"386\" height=\"800\" src=\".com\/wp-content\/uploads\/FoCu-Flyer-Boehmen_EN_coverweb.jpg\" alt=\"\" class=\"wp-image-2765\" style=\"width:226px;height:auto\" srcset=\"\" sizes=\"auto, (max-width: 386px) 100vw, 386px\" data-srcset=\"\" \/><\/a><figcaption class=\"wp-element-caption\">Cesarskie twierdze Czech<\/figcaption><\/figure><\/div>\n\n\n\n<div class=\"wp-block-column eplus-wrapper is-layout-flow wp-block-column-is-layout-flow\"><figure class=\"wp-block-image aligncenter size-full is-resized eplus-wrapper eplus-styles-uid-7a77bb\"><a href=\"https:\/\/smart-guide.org\/de\/travelers\" target=\"_blank\" rel=\" noreferrer noopener\"><img loading=\"lazy\" decoding=\"async\" width=\"368\" height=\"741\" src=\"https:\/\/forte-cultura.com\/wp-content\/uploads\/smartguide-cz.jpg\" alt=\"\" class=\"wp-image-4220\" style=\"width:235px;height:auto\" srcset=\"https:\/\/forte-cultura.com\/wp-content\/uploads\/smartguide-cz.jpg 368w, https:\/\/forte-cultura.com\/wp-content\/uploads\/smartguide-cz-149x300.jpg 149w, https:\/\/forte-cultura.com\/wp-content\/uploads\/smartguide-cz-6x12.jpg 6w\" sizes=\"auto, (max-width: 368px) 100vw, 368px\" \/><\/a><figcaption class=\"wp-element-caption\">Aplikacja Czeskie twierdze<\/figcaption><\/figure><\/div>\n<\/div>\n\n\n<p class=\"eplus-wrapper\"><\/p>\n\n\n\n<p class=\"eplus-wrapper\"><\/p>","protected":false},"excerpt":{"rendered":"<p>Cesarskie twierdze w Czechach (CZ) to du\u017ce ufortyfikowane miasta, z kt\u00f3rych cz\u0119\u015b\u0107 zosta\u0142a zbudowana przez cesarzy Habsburg\u00f3w w XVII i XVIII wieku. Ich celem by\u0142a zakrojona na szerok\u0105 skal\u0119 obrona stolicy Pragi i znajdowa\u0142y si\u0119 one w strategicznie wa\u017cnych punktach kraju, ...<\/p>","protected":false},"author":1,"featured_media":4208,"comment_status":"open","ping_status":"open","sticky":false,"template":"","format":"standard","meta":{"editor_plus_copied_stylings":"{}","pgc_sgb_lightbox_settings":"","_price":"","_stock":"","_tribe_ticket_header":"","_tribe_default_ticket_provider":"","_tribe_ticket_capacity":"0","_ticket_start_date":"","_ticket_end_date":"","_tribe_ticket_show_description":"","_tribe_ticket_show_not_going":false,"_tribe_ticket_use_global_stock":"","_tribe_ticket_global_stock_level":"","_global_stock_mode":"","_global_stock_cap":"","_tribe_rsvp_for_event":"","_tribe_ticket_going_count":"","_tribe_ticket_not_going_count":"","_tribe_tickets_list":"[]","_tribe_ticket_has_attendee_info_fields":false,"_EventAllDay":false,"_EventTimezone":"","_EventStartDate":"","_EventEndDate":"","_EventStartDateUTC":"","_EventEndDateUTC":"","_EventShowMap":false,"_EventShowMapLink":false,"_EventURL":"","_EventCost":"","_EventCostDescription":"","_EventCurrencySymbol":"","_EventCurrencyCode":"","_EventCurrencyPosition":"","_EventDateTimeSeparator":"","_EventTimeRangeSeparator":"","_EventOrganizerID":[],"_EventVenueID":[],"_OrganizerEmail":"","_OrganizerPhone":"","_OrganizerWebsite":"","_VenueAddress":"","_VenueCity":"","_VenueCountry":"","_VenueProvince":"","_VenueState":"","_VenueZip":"","_VenuePhone":"","_VenueURL":"","_VenueStateProvince":"","_VenueLat":"","_VenueLng":"","_VenueShowMap":false,"_VenueShowMapLink":false,"footnotes":""},"categories":[39,452,17],"tags":[95,42],"class_list":["post-4206","post","type-post","status-publish","format-standard","has-post-thumbnail","hentry","category-elbe-festungen","category-kaiserliche-festungen-boehmen","category-reiseempfehlungen","tag-befestigte-idealstadt","tag-elbe"],"_links":{"self":[{"href":"https:\/\/forte-cultura.com\/pl\/wp-json\/wp\/v2\/posts\/4206","targetHints":{"allow":["GET"]}}],"collection":[{"href":"https:\/\/forte-cultura.com\/pl\/wp-json\/wp\/v2\/posts"}],"about":[{"href":"https:\/\/forte-cultura.com\/pl\/wp-json\/wp\/v2\/types\/post"}],"author":[{"embeddable":true,"href":"https:\/\/forte-cultura.com\/pl\/wp-json\/wp\/v2\/users\/1"}],"replies":[{"embeddable":true,"href":"https:\/\/forte-cultura.com\/pl\/wp-json\/wp\/v2\/comments?post=4206"}],"version-history":[{"count":0,"href":"https:\/\/forte-cultura.com\/pl\/wp-json\/wp\/v2\/posts\/4206\/revisions"}],"wp:featuredmedia":[{"embeddable":true,"href":"https:\/\/forte-cultura.com\/pl\/wp-json\/wp\/v2\/media\/4208"}],"wp:attachment":[{"href":"https:\/\/forte-cultura.com\/pl\/wp-json\/wp\/v2\/media?parent=4206"}],"wp:term":[{"taxonomy":"category","embeddable":true,"href":"https:\/\/forte-cultura.com\/pl\/wp-json\/wp\/v2\/categories?post=4206"},{"taxonomy":"post_tag","embeddable":true,"href":"https:\/\/forte-cultura.com\/pl\/wp-json\/wp\/v2\/tags?post=4206"}],"curies":[{"name":"wp","href":"https:\/\/api.w.org\/{rel}","templated":true}]}}