{"id":3474,"date":"2025-06-06T16:09:55","date_gmt":"2025-06-06T14:09:55","guid":{"rendered":"https:\/\/forte-cultura.com\/?p=3474"},"modified":"2025-07-22T11:18:22","modified_gmt":"2025-07-22T09:18:22","slug":"belfort-fr","status":"publish","type":"post","link":"https:\/\/forte-cultura.com\/pl\/belfort-fr\/","title":{"rendered":"Belfort (FR)"},"content":{"rendered":"<div class=\"wp-block-columns alignwide eplus-wrapper is-layout-flex wp-container-core-columns-is-layout-28f84493 wp-block-columns-is-layout-flex eplus-styles-uid-e9825a\">\n<div class=\"wp-block-column eplus-wrapper is-layout-flow wp-block-column-is-layout-flow\"><div class=\"wp-block-columns alignwide eplus-wrapper is-layout-flex wp-container-core-columns-is-layout-28f84493 wp-block-columns-is-layout-flex eplus-styles-uid-0979f8\">\n<div class=\"wp-block-column eplus-wrapper is-layout-flow wp-block-column-is-layout-flow\" style=\"flex-basis:100%\"><p class=\"eplus-wrapper eplus-styles-uid-e7c803\"><em>Stacja FORTE CULTURA: system twierdzy Belfort (FR)<\/em><\/p>\n\n\n<h2 class=\"wp-block-heading alignwide has-large-font-size eplus-wrapper\"><strong>Symbol oporu<\/strong><\/h2>\n\n\n\n<h3 class=\"is-style-default wp-block-heading alignwide eplus-wrapper\" style=\"margin-top:var(--wp--preset--spacing--10);margin-bottom:var(--wp--preset--spacing--10);font-size:clamp(1.092rem, 1.092rem + ((1vw - 0.2rem) * 1.013), 1.7rem);\"><em>Przedmurze twierdzy wed\u0142ug plan\u00f3w Vaubana<\/em><\/h3>\n\n\n\n<p class=\"eplus-wrapper\">Imponuj\u0105cy system twierdzy Belfort zosta\u0142 ufortyfikowany w 1687 roku zgodnie z planami Vaubana, a nast\u0119pnie rozbudowany. Imponuj\u0105ca cytadela Belfort, majestatycznie wznosz\u0105ca si\u0119 na skale, opowiada o bohaterskiej obronie - zar\u00f3wno podczas obl\u0119\u017cenia w latach 1813-1814 przez wojska austriackie i rosyjskie, jak i podczas wojny francusko-pruskiej w latach 1870\/71, kiedy to miasto opiera\u0142o si\u0119 upartym napastnikom przez 103 dni. <\/p>\n\n\n\n<p class=\"eplus-wrapper\">Centralnym punktem twierdzy jest Cytadela Belfort na skalistym wyst\u0119pie nad starym miastem, z muzeum, restauracjami i fantastycznym widokiem panoramicznym. Na jej zachodnim zboczu majestatycznie wznosi si\u0119 \"Lew z Belfort\", monumentalne dzie\u0142o sztuki autorstwa rze\u017abiarza Auguste'a Bartholdiego, kt\u00f3re upami\u0119tnia dzielnych obro\u0144c\u00f3w miasta. Odkryj fascynuj\u0105c\u0105 histori\u0119 z FORTE CULTURA, w kt\u00f3rej odwaga i odporno\u015b\u0107 zajmuj\u0105 centralne miejsce. <\/p>\n\n\n\n<p class=\"eplus-wrapper\">Spaceruj urokliwymi uliczkami starego miasta, delektuj si\u0119 kulinarnymi przysmakami regionu i daj si\u0119 oczarowa\u0107 wyj\u0105tkowej atmosferze Belfort. Historia, kt\u00f3rej mo\u017cna dotkn\u0105\u0107, imponuj\u0105ca architektura i t\u0119tni\u0105ca \u017cyciem scena kulturalna - Belfort czeka na Ciebie z otwartymi ramionami!<\/p>\n<\/div>\n<\/div>\n\n\n<hr class=\"wp-block-separator alignwide has-text-color has-accent-2-color has-alpha-channel-opacity has-accent-2-background-color has-background eplus-wrapper\" style=\"margin-top:var(--wp--preset--spacing--30);margin-bottom:var(--wp--preset--spacing--30)\">\n\n\n\n<h2 class=\"wp-block-heading alignwide eplus-wrapper\">Wydarzenia w twierdzy Belfort<\/h2>\n\n\n<div class=\"wp-block-columns alignwide eplus-wrapper is-layout-flex wp-container-core-columns-is-layout-28f84493 wp-block-columns-is-layout-flex eplus-styles-uid-d84ca0\">\n<div class=\"wp-block-column eplus-wrapper is-layout-flow wp-block-column-is-layout-flow\" style=\"flex-basis:100%\">\n<p class=\"eplus-wrapper\">\u2026<\/p>\n<\/div>\n<\/div>\n\n\n<p class=\"eplus-wrapper\"><\/p>\n<\/div>\n<\/div>","protected":false},"excerpt":{"rendered":"<p>System fortec: nie do zdobycia bastion zaprojektowany przez Vaubana i symbol oporu.<\/p>","protected":false},"author":1,"featured_media":3476,"comment_status":"open","ping_status":"open","sticky":false,"template":"","format":"standard","meta":{"editor_plus_copied_stylings":"{}","pgc_sgb_lightbox_settings":"","_price":"","_stock":"","_tribe_ticket_header":"","_tribe_default_ticket_provider":"","_tribe_ticket_capacity":"0","_ticket_start_date":"","_ticket_end_date":"","_tribe_ticket_show_description":"","_tribe_ticket_show_not_going":false,"_tribe_ticket_use_global_stock":"","_tribe_ticket_global_stock_level":"","_global_stock_mode":"","_global_stock_cap":"","_tribe_rsvp_for_event":"","_tribe_ticket_going_count":"","_tribe_ticket_not_going_count":"","_tribe_tickets_list":"[]","_tribe_ticket_has_attendee_info_fields":false,"_EventAllDay":false,"_EventTimezone":"","_EventStartDate":"","_EventEndDate":"","_EventStartDateUTC":"","_EventEndDateUTC":"","_EventShowMap":false,"_EventShowMapLink":false,"_EventURL":"","_EventCost":"","_EventCostDescription":"","_EventCurrencySymbol":"","_EventCurrencyCode":"","_EventCurrencyPosition":"","_EventDateTimeSeparator":"","_EventTimeRangeSeparator":"","_EventOrganizerID":[],"_EventVenueID":[],"_OrganizerEmail":"","_OrganizerPhone":"","_OrganizerWebsite":"","_VenueAddress":"","_VenueCity":"","_VenueCountry":"","_VenueProvince":"","_VenueState":"","_VenueZip":"","_VenuePhone":"","_VenueURL":"","_VenueStateProvince":"","_VenueLat":"","_VenueLng":"","_VenueShowMap":false,"_VenueShowMapLink":false,"footnotes":""},"categories":[22,38,19,48,32],"tags":[461,463,86,492],"class_list":["post-3474","post","type-post","status-publish","format-standard","has-post-thumbnail","hentry","category-festungserbe","category-festungssystem","category-stationen","category-frankreich","category-zitadelle","tag-familie","tag-museum","tag-napoleon","tag-vauban"],"_links":{"self":[{"href":"https:\/\/forte-cultura.com\/pl\/wp-json\/wp\/v2\/posts\/3474","targetHints":{"allow":["GET"]}}],"collection":[{"href":"https:\/\/forte-cultura.com\/pl\/wp-json\/wp\/v2\/posts"}],"about":[{"href":"https:\/\/forte-cultura.com\/pl\/wp-json\/wp\/v2\/types\/post"}],"author":[{"embeddable":true,"href":"https:\/\/forte-cultura.com\/pl\/wp-json\/wp\/v2\/users\/1"}],"replies":[{"embeddable":true,"href":"https:\/\/forte-cultura.com\/pl\/wp-json\/wp\/v2\/comments?post=3474"}],"version-history":[{"count":0,"href":"https:\/\/forte-cultura.com\/pl\/wp-json\/wp\/v2\/posts\/3474\/revisions"}],"wp:featuredmedia":[{"embeddable":true,"href":"https:\/\/forte-cultura.com\/pl\/wp-json\/wp\/v2\/media\/3476"}],"wp:attachment":[{"href":"https:\/\/forte-cultura.com\/pl\/wp-json\/wp\/v2\/media?parent=3474"}],"wp:term":[{"taxonomy":"category","embeddable":true,"href":"https:\/\/forte-cultura.com\/pl\/wp-json\/wp\/v2\/categories?post=3474"},{"taxonomy":"post_tag","embeddable":true,"href":"https:\/\/forte-cultura.com\/pl\/wp-json\/wp\/v2\/tags?post=3474"}],"curies":[{"name":"wp","href":"https:\/\/api.w.org\/{rel}","templated":true}]}}