{"id":3344,"date":"2025-03-05T12:13:23","date_gmt":"2025-03-05T11:13:23","guid":{"rendered":"https:\/\/forte-cultura.com\/?p=3344"},"modified":"2025-03-05T12:21:43","modified_gmt":"2025-03-05T11:21:43","slug":"valle-sabbia-it","status":"publish","type":"post","link":"https:\/\/forte-cultura.com\/pl\/valle-sabbia-it\/","title":{"rendered":"Valle Sabbia (IT)"},"content":{"rendered":"<div class=\"wp-block-columns alignwide eplus-wrapper is-layout-flex wp-container-core-columns-is-layout-28f84493 wp-block-columns-is-layout-flex eplus-styles-uid-d1eb5d\">\n<div class=\"wp-block-column eplus-wrapper is-layout-flow wp-block-column-is-layout-flow\" style=\"flex-basis:100%\"><p class=\"eplus-wrapper eplus-styles-uid-e7c803\"><em>Stacja FORTE CULTURA: Festung Rocca d'Anfo (IT), Zdj\u0119cie: Superbass<\/em><\/p>\n\n\n<h2 class=\"wp-block-heading alignwide has-large-font-size eplus-wrapper\"><strong>Najwi\u0119ksza napoleo\u0144ska twierdza we W\u0142oszech<\/strong><\/h2>\n\n\n\n<h3 class=\"is-style-default wp-block-heading alignwide eplus-wrapper\" style=\"margin-top:var(--wp--preset--spacing--10);margin-bottom:var(--wp--preset--spacing--10);font-size:clamp(1.092rem, 1.092rem + ((1vw - 0.2rem) * 1.013), 1.7rem);\"><em>Przyroda, architektura i historia wysoko nad jeziorem Idro<\/em><\/h3>\n\n\n\n<p class=\"eplus-wrapper\">Twierdza Rocca d'Anfo majestatycznie wznosi si\u0119 w stromych g\u00f3rach po zachodniej stronie jeziora Idro w p\u00f3\u0142nocnow\u0142oskim regionie Brescia. Zosta\u0142a zbudowana w XV wieku przez Republik\u0119 Weneck\u0105 i pierwotnie s\u0142u\u017cy\u0142a do obrony i jako stra\u017cnica na granicy z dzisiejszym Trentino. <\/p>\n\n\n\n<p class=\"eplus-wrapper\">Na pocz\u0105tku XVIII wieku Napoleon rozbudowa\u0142 Rocca d'Anfo w najwi\u0119ksz\u0105 napoleo\u0144sk\u0105 fortec\u0119 we W\u0142oszech. Na powierzchni oko\u0142o 50 hektar\u00f3w znajduj\u0105 si\u0119 baterie, koszary, wie\u017ce, sie\u0107 podziemnych tuneli i przej\u015b\u0107 oraz Belverdere jako punkt widokowy.<\/p>\n\n\n\n<p class=\"eplus-wrapper\">Zlikwidowany podczas I wojny \u015bwiatowej i po dziesi\u0119cioleciach niszczenia, oko\u0142o 2012 roku rozpocz\u0119to prace nad ochron\u0105 i rekonstrukcj\u0105 unikalnych struktur twierdzy. Obecnie niekt\u00f3re obszary mo\u017cna ponownie zwiedza\u0107 podczas wycieczek z przewodnikiem, zawsze po\u0142\u0105czonych ze wspania\u0142ymi widokami na jezioro Idro i okolic\u0119.<\/p>\n\n\n\n<p class=\"eplus-wrapper\">Powi\u0105zane muzeum Rocca d'Anfo oferuje odwiedzaj\u0105cym wyj\u0105tkowy wgl\u0105d w militarn\u0105 przesz\u0142o\u015b\u0107 regionu, a tak\u017ce wci\u0105gaj\u0105ce do\u015bwiadczenia. Odkryj wyj\u0105tkowy klejnot twierdzy nad jeziorem Idro z FORTE CULTURA.<\/p>\n<\/div>\n<\/div>\n\n\n<hr class=\"wp-block-separator alignwide has-text-color has-accent-2-color has-alpha-channel-opacity has-accent-2-background-color has-background eplus-wrapper\" style=\"margin-top:var(--wp--preset--spacing--30);margin-bottom:var(--wp--preset--spacing--30)\"\/>\n\n\n\n<h2 class=\"wp-block-heading alignwide eplus-wrapper\">Wydarzenia w Valle Sabbia<\/h2>\n\n\n<div class=\"wp-block-columns alignwide eplus-wrapper is-layout-flex wp-container-core-columns-is-layout-28f84493 wp-block-columns-is-layout-flex eplus-styles-uid-d10637\">\n<div class=\"wp-block-column eplus-wrapper is-layout-flow wp-block-column-is-layout-flow\" style=\"flex-basis:100%\">\n<p class=\"eplus-wrapper\">\u2026<\/p>\n<\/div>\n<\/div>\n\n\n<hr class=\"wp-block-separator alignwide has-text-color has-accent-2-color has-alpha-channel-opacity has-accent-2-background-color has-background eplus-wrapper\" style=\"margin-top:var(--wp--preset--spacing--30);margin-bottom:var(--wp--preset--spacing--30)\"\/>\n\n\n<div id=\"travelersmap-container-69f765703ffd2\" class=\"travelersmap-container\" style=\"z-index: 1; min-height: 10px; min-width:10px; height:400px;width:100%; max-width:1280px; max-height:; position:relative;\"><div style=\"position:absolute; z-index:-1;top: 50%;text-align: center;display: block;left: 50%;transform: translate(-50%,-50%);\">Travellers' Map \u0142aduje si\u0119...<br>Je\u015bli zobaczysz to po ca\u0142kowitym za\u0142adowaniu strony, brakuje plik\u00f3w leafletJS.<\/div><\/div>\n\n\n\n<hr class=\"wp-block-separator alignwide has-text-color has-accent-2-color has-alpha-channel-opacity has-accent-2-background-color has-background eplus-wrapper\" style=\"margin-top:var(--wp--preset--spacing--30);margin-bottom:var(--wp--preset--spacing--30)\"\/>\n\n\n\n<p class=\"eplus-wrapper\"><\/p>","protected":false},"excerpt":{"rendered":"<p>Twierdza Rocca d'Anfo: najwi\u0119ksza w\u0142oska twierdza napoleo\u0144ska; przyroda, architektura i historia wysoko nad jeziorem Idro<\/p>","protected":false},"author":1,"featured_media":3346,"comment_status":"open","ping_status":"open","sticky":false,"template":"","format":"standard","meta":{"editor_plus_copied_stylings":"{}","pgc_sgb_lightbox_settings":"","_price":"","_stock":"","_tribe_ticket_header":"","_tribe_default_ticket_provider":"","_tribe_ticket_capacity":"0","_ticket_start_date":"","_ticket_end_date":"","_tribe_ticket_show_description":"","_tribe_ticket_show_not_going":false,"_tribe_ticket_use_global_stock":"","_tribe_ticket_global_stock_level":"","_global_stock_mode":"","_global_stock_cap":"","_tribe_rsvp_for_event":"","_tribe_ticket_going_count":"","_tribe_ticket_not_going_count":"","_tribe_tickets_list":"[]","_tribe_ticket_has_attendee_info_fields":false,"_EventAllDay":false,"_EventTimezone":"","_EventStartDate":"","_EventEndDate":"","_EventStartDateUTC":"","_EventEndDateUTC":"","_EventShowMap":false,"_EventShowMapLink":false,"_EventURL":"","_EventCost":"","_EventCostDescription":"","_EventCurrencySymbol":"","_EventCurrencyCode":"","_EventCurrencyPosition":"","_EventDateTimeSeparator":"","_EventTimeRangeSeparator":"","_EventOrganizerID":[],"_EventVenueID":[],"_OrganizerEmail":"","_OrganizerPhone":"","_OrganizerWebsite":"","_VenueAddress":"","_VenueCity":"","_VenueCountry":"","_VenueProvince":"","_VenueState":"","_VenueZip":"","_VenuePhone":"","_VenueURL":"","_VenueStateProvince":"","_VenueLat":"","_VenueLng":"","_VenueShowMap":false,"_VenueShowMapLink":false,"footnotes":""},"categories":[25,22,469,19,94,467],"tags":[77,461,463,86,490],"class_list":["post-3344","post","type-post","status-publish","format-standard","has-post-thumbnail","hentry","category-festung","category-festungserbe","category-fluesse-und-meer","category-stationen","category-italien","category-natur","tag-bergfestung","tag-familie","tag-museum","tag-napoleon","tag-venezianische-republik"],"_links":{"self":[{"href":"https:\/\/forte-cultura.com\/pl\/wp-json\/wp\/v2\/posts\/3344","targetHints":{"allow":["GET"]}}],"collection":[{"href":"https:\/\/forte-cultura.com\/pl\/wp-json\/wp\/v2\/posts"}],"about":[{"href":"https:\/\/forte-cultura.com\/pl\/wp-json\/wp\/v2\/types\/post"}],"author":[{"embeddable":true,"href":"https:\/\/forte-cultura.com\/pl\/wp-json\/wp\/v2\/users\/1"}],"replies":[{"embeddable":true,"href":"https:\/\/forte-cultura.com\/pl\/wp-json\/wp\/v2\/comments?post=3344"}],"version-history":[{"count":0,"href":"https:\/\/forte-cultura.com\/pl\/wp-json\/wp\/v2\/posts\/3344\/revisions"}],"wp:featuredmedia":[{"embeddable":true,"href":"https:\/\/forte-cultura.com\/pl\/wp-json\/wp\/v2\/media\/3346"}],"wp:attachment":[{"href":"https:\/\/forte-cultura.com\/pl\/wp-json\/wp\/v2\/media?parent=3344"}],"wp:term":[{"taxonomy":"category","embeddable":true,"href":"https:\/\/forte-cultura.com\/pl\/wp-json\/wp\/v2\/categories?post=3344"},{"taxonomy":"post_tag","embeddable":true,"href":"https:\/\/forte-cultura.com\/pl\/wp-json\/wp\/v2\/tags?post=3344"}],"curies":[{"name":"wp","href":"https:\/\/api.w.org\/{rel}","templated":true}]}}