{"id":2644,"date":"2024-02-29T15:19:11","date_gmt":"2024-02-29T14:19:11","guid":{"rendered":"https:\/\/forte-cultura.com\/?p=2644"},"modified":"2025-01-02T17:16:38","modified_gmt":"2025-01-02T16:16:38","slug":"zamki-twierdze-i-historia-w-alzacji-fr","status":"publish","type":"post","link":"https:\/\/forte-cultura.com\/pl\/burgen-festungen-und-geschichte-im-elsass-fr\/","title":{"rendered":"Zamki, twierdze i historia w Alzacji (FR)"},"content":{"rendered":"<div class=\"wp-block-columns alignwide eplus-wrapper is-layout-flex wp-container-core-columns-is-layout-28f84493 wp-block-columns-is-layout-flex eplus-styles-uid-ba0fb4\">\n<div class=\"wp-block-column eplus-wrapper is-layout-flow wp-block-column-is-layout-flow\" style=\"flex-basis:100%\">\n<p class=\"has-text-align-right eplus-wrapper\" style=\"font-size:0.7em\">Zdj\u0119cie: \u00a9Lez Broz, Visit-Alsace<\/p>\n\n\n<p class=\"eplus-wrapper eplus-styles-uid-e7c803\"><em>Grupa fortec FORTE CULTURA: ufortyfikowane zabytki w Alzacji (FR)<\/em><\/p>\n\n\n<h2 class=\"wp-block-heading alignwide has-custom-farbe-1-color has-text-color has-link-color has-large-font-size eplus-wrapper wp-elements-c2a7aff16cfcfeed7c78de3d9313bdce\"><strong>Alzacja, kraina zamk\u00f3w<\/strong><\/h2>\n\n\n\n<p class=\"eplus-wrapper\">Niegdy\u015b po\u0142o\u017cona w sercu \u015awi\u0119tego Cesarstwa Rzymskiego Narodu Niemieckiego, Alzacja by\u0142a kolebk\u0105 kilku dynastii cesarskich, w tym Hohenstaufen\u00f3w i Habsburg\u00f3w.<\/p>\n\n\n\n<p class=\"eplus-wrapper\">Aby chroni\u0107 swoje bogactwa na tych ziemiach, o kt\u00f3re walczono od czas\u00f3w staro\u017cytnych, w \u015bredniowieczu zbudowali wiele zamk\u00f3w. Dzi\u015b zachowa\u0142o si\u0119 prawie 80 zamk\u00f3w i ruin zamk\u00f3w, g\u0142\u00f3wnie u podn\u00f3\u017ca Wogez\u00f3w.<\/p>\n\n\n\n<p class=\"eplus-wrapper\">Te imponuj\u0105ce i kruche fortece, widoczne z daleka, stoj\u0105 w \u015brodku las\u00f3w i obok winnic. Ich wygl\u0105d cz\u0119sto przypomina ich s\u0105siad\u00f3w i kuzyn\u00f3w z Lotaryngii, Niemiec i Szwajcarii.<\/p>\n\n\n\n<p class=\"eplus-wrapper\">Aby zachowa\u0107 i wzmocni\u0107 tych \u015bwiadk\u00f3w chwalebnej przesz\u0142o\u015bci, alzackie obiekty, w\u0142adze lokalne i wolontariusze wsp\u00f3\u0142pracuj\u0105 ze swoimi partnerami nad G\u00f3rnym Renem.<\/p>\n\n\n\n<p class=\"eplus-wrapper\">Odkryj magiczne zamki w Wogezach z FORTE CULTURA i naszymi partnerami w Alzacji.<\/p>\n\n\n\n<div class=\"wp-block-kadence-spacer aligncenter kt-block-spacer-2644_7f2278-84\"><div class=\"kt-block-spacer kt-block-spacer-halign-center\"><\/div><\/div>\n\n\n\n<figure class=\"wp-embed-aspect-16-9 wp-has-aspect-ratio wp-block-embed is-type-video is-provider-youtube wp-block-embed-youtube eplus-wrapper\"><div class=\"wp-block-embed__wrapper\">\n<iframe loading=\"lazy\" title=\"Le Chemin des Ch\u00e2teaux forts d&#039;Alsace\" width=\"500\" height=\"281\" src=\"https:\/\/www.youtube.com\/embed\/7A85-amB6pQ?feature=oembed\" frameborder=\"0\" allow=\"accelerometer; autoplay; clipboard-write; encrypted-media; gyroscope; picture-in-picture; web-share\" referrerpolicy=\"strict-origin-when-cross-origin\" allowfullscreen><\/iframe>\n<\/div><\/figure>\n\n\n\n<div class=\"wp-block-kadence-spacer aligncenter kt-block-spacer-2644_88df6d-ab\"><div class=\"kt-block-spacer kt-block-spacer-halign-center\"><\/div><\/div>\n<\/div>\n<\/div>\n\n\n<p class=\"eplus-wrapper\"><\/p>\n\n\n\n<div class=\"wp-block-group alignwide eplus-wrapper has-custom-verlauf-1-gradient-background has-background has-global-padding is-layout-constrained wp-container-core-group-is-layout-2bcd15f1 wp-block-group-is-layout-constrained\" style=\"border-radius:5px;margin-top:0;margin-bottom:0;padding-top:var(--wp--preset--spacing--30);padding-right:var(--wp--preset--spacing--40);padding-bottom:var(--wp--preset--spacing--30);padding-left:var(--wp--preset--spacing--40)\">\n<div class=\"wp-block-columns alignwide are-vertically-aligned-center eplus-wrapper is-layout-flex wp-container-core-columns-is-layout-47c06fe3 wp-block-columns-is-layout-flex\">\n<div class=\"wp-block-column is-vertically-aligned-center eplus-wrapper is-layout-flow wp-container-core-column-is-layout-43dc041e wp-block-column-is-layout-flow\" style=\"padding-top:0;padding-right:0;padding-bottom:0;padding-left:0;flex-basis:44%\">\n<figure class=\"wp-block-image size-full has-custom-border eplus-wrapper\"><img loading=\"lazy\" decoding=\"async\" width=\"537\" height=\"396\" src=\"https:\/\/forte-cultura.com\/wp-content\/uploads\/Elsassroute.jpg\" alt=\"\" class=\"wp-image-3259\" style=\"border-radius:15px\" srcset=\"https:\/\/forte-cultura.com\/wp-content\/uploads\/Elsassroute.jpg 537w, https:\/\/forte-cultura.com\/wp-content\/uploads\/Elsassroute-300x221.jpg 300w, https:\/\/forte-cultura.com\/wp-content\/uploads\/Elsassroute-16x12.jpg 16w\" sizes=\"auto, (max-width: 537px) 100vw, 537px\" \/><\/figure>\n<\/div>\n\n\n\n<div class=\"wp-block-column is-vertically-aligned-center eplus-wrapper is-layout-flow wp-block-column-is-layout-flow\" style=\"flex-basis:56%\">\n<h2 class=\"wp-block-heading eplus-wrapper\">Szlak zamk\u00f3w i ufortyfikowanych miast w Alzacji<\/h2>\n\n\n\n<p class=\"eplus-wrapper\">Szlak zamk\u00f3w i ufortyfikowanych miast w Alzacji obejmuje ponad 50 miejsc. Odkryj romantyczne ruiny zamk\u00f3w, urokliwe historyczne miasteczka i wspania\u0142e widoki. Poznaj ludzi, kt\u00f3rzy ka\u017cdego dnia o\u017cywiaj\u0105 to dziedzictwo kulturowe. Zanurz si\u0119 w historii Alzacji i daj si\u0119 ponie\u015b\u0107 magii tych miejsc przesi\u0105kni\u0119tych histori\u0105.<\/p>\n\n\n\n<div class=\"wp-block-buttons eplus-wrapper is-layout-flex wp-block-buttons-is-layout-flex\">\n<div class=\"wp-block-button is-style-outline eplus-wrapper is-style-outline--1\"><a class=\"wp-block-button__link wp-element-button\" href=\"https:\/\/forte-cultura.com\/route-der-burgen-und-befestigten-staedte-im-elsass\/\">Dowiedz si\u0119 wi\u0119cej<\/a><\/div>\n<\/div>\n<\/div>\n<\/div>\n<\/div>\n\n\n\n<p class=\"eplus-wrapper\"><\/p>\n\n\n\n<p class=\"eplus-wrapper\"><strong>Wi\u0119cej informacji<\/strong>:<\/p>\n\n\n\n<p class=\"eplus-wrapper\"><a href=\"https:\/\/www.alsaceterredechateaux.com\/de\/partner-und-projekte\/\" target=\"_blank\" rel=\"noopener\">https:\/\/www.alsaceterredechateaux.com\/de\/partner-und-projekte\/<\/a><br><a href=\"https:\/\/www.chateaux-rhenans.eu\/de\/\" target=\"_blank\" rel=\"noopener\">https:\/\/www.chateaux-rhenans.eu\/de\/<\/a><\/p>\n\n\n\n<hr class=\"wp-block-separator alignwide has-text-color has-accent-2-color has-alpha-channel-opacity has-accent-2-background-color has-background eplus-wrapper\" style=\"margin-top:var(--wp--preset--spacing--20);margin-bottom:var(--wp--preset--spacing--50)\"\/>\n\n\n<div class=\"wp-block-columns alignwide eplus-wrapper is-layout-flex wp-container-core-columns-is-layout-28f84493 wp-block-columns-is-layout-flex eplus-styles-uid-9b7fdc\">\n<div class=\"wp-block-column eplus-wrapper is-layout-flow wp-block-column-is-layout-flow\">\n<h2 class=\"wp-embed-aspect-16-9 wp-has-aspect-ratio wp-block-heading has-custom-farbe-1-color has-text-color has-link-color has-large-font-size eplus-wrapper wp-elements-e34901c13b6ca9da5e6e6505d61814f8\"><strong>Alzacja, kraina pami\u0119ci<\/strong><\/h2>\n\n\n<div class=\"wp-embed-aspect-16-9 wp-has-aspect-ratio wp-block-columns eplus-wrapper is-layout-flex wp-container-core-columns-is-layout-28f84493 wp-block-columns-is-layout-flex eplus-styles-uid-180275\">\n<div class=\"wp-block-column eplus-wrapper is-layout-flow wp-block-column-is-layout-flow\">\n<figure class=\"wp-block-image size-large eplus-wrapper\"><a href=\"https:\/\/forte-cultura.com\/wp-content\/uploads\/Memoire-%C2%A9-Christophe-MEYER-ADT_w.jpg\"><img decoding=\"async\" src=\"https:\/\/forte-cultura.com\/wp-content\/uploads\/Memoire-%C2%A9-Christophe-MEYER-ADT_w-1024x682.jpg\" alt=\"\" class=\"wp-image-2636\" style=\"aspect-ratio:16\/9;object-fit:cover\"><\/a><\/figure>\n<\/div>\n\n\n\n<div class=\"wp-block-column eplus-wrapper is-layout-flow wp-block-column-is-layout-flow\">\n<figure class=\"wp-block-image size-large eplus-wrapper\"><a href=\"https:\/\/forte-cultura.com\/wp-content\/uploads\/Memoire-%C2%A9-Christian-Fleith-ADT_w.jpg\"><img decoding=\"async\" src=\"https:\/\/forte-cultura.com\/wp-content\/uploads\/Memoire-%C2%A9-Christian-Fleith-ADT_w-1024x768.jpg\" alt=\"\" class=\"wp-image-2638\" style=\"aspect-ratio:16\/9;object-fit:cover\"><\/a><\/figure>\n<\/div>\n<\/div>\n\n\n<p class=\"wp-embed-aspect-16-9 wp-has-aspect-ratio eplus-wrapper\">Alzacja to kraina pami\u0119ci. Ze wzgl\u0119du na swoj\u0105 histori\u0119 i r\u00f3\u017cne wojny, region ten nosi brzemi\u0119 tych tragicznych chwil, ale tak\u017ce pojednania i budowania trwa\u0142ego pokoju, kt\u00f3ry po\u0142o\u017cy\u0142 podwaliny pod jedno\u015b\u0107 i siedzib\u0119 instytucji europejskich.<\/p>\n\n\n\n<p class=\"wp-embed-aspect-16-9 wp-has-aspect-ratio eplus-wrapper\">Liczne miejsca pami\u0119ci oferuj\u0105 podr\u00f3\u017c w czasie, z wyj\u0105tkowymi fortyfikacjami utrzymywanymi przez oddanych wolontariuszy. Ta bogata i pe\u0142na wydarze\u0144 historia mo\u017ce by\u0107 r\u00f3wnie\u017c udost\u0119pniona, od fortyfikacji Vaubana, przez wojn\u0119 francusko-prusk\u0105 w 1870 roku, po pierwsz\u0105 i drug\u0105 wojn\u0119 \u015bwiatow\u0105.<\/p>\n\n\n\n<p class=\"wp-embed-aspect-16-9 wp-has-aspect-ratio eplus-wrapper\">Niezale\u017cnie od tego, czy znajduj\u0105 si\u0119 wysoko w Wogezach w pobli\u017cu linii grzbietu, czy wzd\u0142u\u017c Renu z Lini\u0105 Maginota, wszystkie s\u0105 wartownikami i \u015bwiadkami konflikt\u00f3w granicznych, kt\u00f3rych histori\u0119 mo\u017cna odkry\u0107, zrozumie\u0107 i przekaza\u0107 m\u0142odszym pokoleniom.<\/p>\n\n\n\n<div class=\"wp-block-kadence-spacer aligncenter kt-block-spacer-2644_676ad8-d2 wp-embed-aspect-16-9 wp-has-aspect-ratio\"><div class=\"kt-block-spacer kt-block-spacer-halign-center\"><\/div><\/div>\n\n\n\n<figure class=\"wp-embed-aspect-16-9 wp-has-aspect-ratio wp-block-embed is-type-video is-provider-youtube wp-block-embed-youtube eplus-wrapper\"><div class=\"wp-block-embed__wrapper\">\n<iframe loading=\"lazy\" title=\"O\u015aRODKI PAMI\u0118CI ELSASS VOGESEN - Miejsca pami\u0119ci historycznej\" width=\"500\" height=\"281\" src=\"https:\/\/www.youtube.com\/embed\/sqx4xvM36Dk?feature=oembed\" frameborder=\"0\" allow=\"accelerometer; autoplay; clipboard-write; encrypted-media; gyroscope; picture-in-picture; web-share\" referrerpolicy=\"strict-origin-when-cross-origin\" allowfullscreen><\/iframe>\n<\/div><\/figure>\n\n\n\n<p class=\"eplus-wrapper translation-block\">Wersje filmowe: <a href=\"https:\/\/www.youtube.com\/watch?v=qq1qkhYcfI0&amp;t=9s\" target=\"_blank\" rel=\"noreferrer noopener\">angielska<\/a>, <a href=\"https:\/\/youtu.be\/xDXftSRF1kY\" target=\"_blank\" rel=\"noreferrer noopener\">francuska<\/a>.<\/p>\n\n\n\n<div class=\"wp-block-kadence-spacer aligncenter kt-block-spacer-2644_f9da51-c7 wp-embed-aspect-16-9 wp-has-aspect-ratio\"><div class=\"kt-block-spacer kt-block-spacer-halign-center\"><\/div><\/div>\n<\/div>\n<\/div>\n\n\n<p class=\"eplus-wrapper\"><strong>Wi\u0119cej informacji<\/strong>:<\/p>\n\n\n\n<p class=\"eplus-wrapper\"><a href=\"https:\/\/www.visit.alsace\/de\" target=\"_blank\" rel=\"noreferrer noopener\">www.visit.alsace<\/a><\/p>\n\n\n\n<hr class=\"wp-block-separator alignwide has-text-color has-accent-2-color has-alpha-channel-opacity has-accent-2-background-color has-background eplus-wrapper\" style=\"margin-top:var(--wp--preset--spacing--30);margin-bottom:var(--wp--preset--spacing--30)\"\/>\n\n\n\n<div class=\"wp-block-group alignwide has-border-color has-custom-farbe-1-border-color has-custom-verlauf-1-gradient-background has-text-color has-background eplus-wrapper is-layout-flow wp-block-group-is-layout-flow\" style=\"border-width:1px;border-radius:10px;color:#000000\"><div class=\"wp-block-columns eplus-wrapper is-layout-flex wp-container-core-columns-is-layout-8aadaede wp-block-columns-is-layout-flex eplus-styles-uid-f33a7c\" style=\"margin-top:var(--wp--preset--spacing--10);margin-bottom:var(--wp--preset--spacing--10);padding-top:0;padding-bottom:0\">\n<div class=\"wp-block-column is-vertically-aligned-center eplus-wrapper is-layout-flow wp-block-column-is-layout-flow\" style=\"padding-top:var(--wp--preset--spacing--10);padding-right:var(--wp--preset--spacing--10);padding-bottom:var(--wp--preset--spacing--10);padding-left:var(--wp--preset--spacing--10);flex-basis:13.23%\"><figure class=\"is-style-default wp-block-image aligncenter size-full is-resized eplus-wrapper eplus-styles-uid-f8fbcd\"><img loading=\"lazy\" decoding=\"async\" width=\"525\" height=\"483\" src=\"https:\/\/forte-cultura.com\/wp-content\/uploads\/Info-icon.png\" alt=\"\" class=\"wp-image-2170\" style=\"width:68px;height:auto\" srcset=\"https:\/\/forte-cultura.com\/wp-content\/uploads\/Info-icon.png 525w, https:\/\/forte-cultura.com\/wp-content\/uploads\/Info-icon-300x276.png 300w, https:\/\/forte-cultura.com\/wp-content\/uploads\/Info-icon-13x12.png 13w, https:\/\/forte-cultura.com\/wp-content\/uploads\/Info-icon-200x184.png 200w\" sizes=\"auto, (max-width: 525px) 100vw, 525px\" \/><\/figure>\n\n\n<p class=\"has-text-align-center has-custom-farbe-1-color has-text-color has-link-color has-small-font-size eplus-wrapper wp-elements-14f2591c68e93f193b85a89ecf169326\" style=\"margin-top:0;margin-bottom:0;line-height:1.3\"><strong>Informacje dla organizator\u00f3w wycieczek<\/strong><\/p>\n<\/div>\n\n\n\n<div class=\"wp-block-column is-vertically-aligned-center eplus-wrapper is-layout-flow wp-block-column-is-layout-flow\" style=\"padding-right:var(--wp--preset--spacing--10);padding-left:var(--wp--preset--spacing--10);flex-basis:53.44%\">\n<p class=\"has-text-align-left has-small-font-size eplus-wrapper\" style=\"margin-top:0;margin-bottom:0\"><strong>Kontakt:<\/strong><\/p>\n\n\n<p class=\"has-small-font-size eplus-wrapper eplus-styles-uid-4de634\" style=\"margin-top:0;margin-bottom:0;line-height:1.3\">Alsace Destination Tourisme (ADT) <br>Place du Quartier Blanc<br>F-67964 Strasburg\u00a0<a href=\"https:\/\/www.alsace.eu\/\" target=\"_blank\" rel=\"noopener\"><\/a><\/p>\n\n<p class=\"has-small-font-size eplus-wrapper eplus-styles-uid-4de634\" style=\"margin-top:0;margin-bottom:0;line-height:1.3\">Web: <a href=\"http:\/\/www.pro.visit.alsace\/\" target=\"_blank\" rel=\"noreferrer noopener\">www.pro.visit.alsace<\/a><\/p><\/div>\n\n\n\n<div class=\"wp-block-column is-vertically-aligned-center eplus-wrapper is-layout-flow wp-block-column-is-layout-flow\" style=\"flex-basis:33.33%\">\n<figure class=\"wp-block-image aligncenter size-large eplus-wrapper\"><img loading=\"lazy\" decoding=\"async\" width=\"1024\" height=\"404\" src=\"https:\/\/forte-cultura.com\/wp-content\/uploads\/cea-adt-logo-quadri-horizontal-sur-fond-couleur-1024x404.png\" alt=\"\" class=\"wp-image-2617\" srcset=\"https:\/\/forte-cultura.com\/wp-content\/uploads\/cea-adt-logo-quadri-horizontal-sur-fond-couleur-1024x404.png 1024w, https:\/\/forte-cultura.com\/wp-content\/uploads\/cea-adt-logo-quadri-horizontal-sur-fond-couleur-300x118.png 300w, https:\/\/forte-cultura.com\/wp-content\/uploads\/cea-adt-logo-quadri-horizontal-sur-fond-couleur-768x303.png 768w, https:\/\/forte-cultura.com\/wp-content\/uploads\/cea-adt-logo-quadri-horizontal-sur-fond-couleur-1536x607.png 1536w, https:\/\/forte-cultura.com\/wp-content\/uploads\/cea-adt-logo-quadri-horizontal-sur-fond-couleur-2048x809.png 2048w, https:\/\/forte-cultura.com\/wp-content\/uploads\/cea-adt-logo-quadri-horizontal-sur-fond-couleur-18x7.png 18w, https:\/\/forte-cultura.com\/wp-content\/uploads\/cea-adt-logo-quadri-horizontal-sur-fond-couleur-200x79.png 200w\" sizes=\"auto, (max-width: 1024px) 100vw, 1024px\" \/><\/figure>\n<\/div>\n<\/div><\/div>\n\n\n\n<hr class=\"wp-block-separator alignwide has-text-color has-accent-2-color has-alpha-channel-opacity has-accent-2-background-color has-background eplus-wrapper\" style=\"margin-top:var(--wp--preset--spacing--30);margin-bottom:var(--wp--preset--spacing--30)\"\/>\n\n\n<div class=\"wp-block-columns alignwide eplus-wrapper is-layout-flex wp-container-core-columns-is-layout-28f84493 wp-block-columns-is-layout-flex eplus-styles-uid-2d04fd\">\n<div class=\"wp-block-column eplus-wrapper is-layout-flow wp-block-column-is-layout-flow\">\n<h3 class=\"wp-block-heading has-custom-farbe-1-color has-text-color has-link-color eplus-wrapper wp-elements-d8998f60383c9f91093ad4e85731eedb\">Zalecenia dotycz\u0105ce podr\u00f3\u017cy FORTE CULTURA<\/h3>\n\n\n\n<p class=\"eplus-wrapper\">\u2026<\/p>\n<\/div>\n<\/div>","protected":false},"excerpt":{"rendered":"<p>Foto: \u00a9Lez Broz, Visit-Alsace FORTE CULTURA Festungsgruppe: Festungsmonumente im Elsass (FR) Elsass, Land der Burgen Einst im Herzen des Heiligen R\u00f6mischen Reiches Deutscher Nation gelegen, war das Elsass die Wiege [&hellip;]<\/p>\n","protected":false},"author":1,"featured_media":2611,"comment_status":"open","ping_status":"open","sticky":false,"template":"","format":"standard","meta":{"editor_plus_copied_stylings":"{}","pgc_sgb_lightbox_settings":"","_price":"","_stock":"","_tribe_ticket_header":"","_tribe_default_ticket_provider":"","_tribe_ticket_capacity":"0","_ticket_start_date":"","_ticket_end_date":"","_tribe_ticket_show_description":"","_tribe_ticket_show_not_going":false,"_tribe_ticket_use_global_stock":"","_tribe_ticket_global_stock_level":"","_global_stock_mode":"","_global_stock_cap":"","_tribe_rsvp_for_event":"","_tribe_ticket_going_count":"","_tribe_ticket_not_going_count":"","_tribe_tickets_list":"[]","_tribe_ticket_has_attendee_info_fields":false,"_EventAllDay":false,"_EventTimezone":"","_EventStartDate":"","_EventEndDate":"","_EventStartDateUTC":"","_EventEndDateUTC":"","_EventShowMap":false,"_EventShowMapLink":false,"_EventURL":"","_EventCost":"","_EventCostDescription":"","_EventCurrencySymbol":"","_EventCurrencyCode":"","_EventCurrencyPosition":"","_EventDateTimeSeparator":"","_EventTimeRangeSeparator":"","_EventOrganizerID":[],"_EventVenueID":[],"_OrganizerEmail":"","_OrganizerPhone":"","_OrganizerWebsite":"","_VenueAddress":"","_VenueCity":"","_VenueCountry":"","_VenueProvince":"","_VenueState":"","_VenueZip":"","_VenuePhone":"","_VenueURL":"","_VenueStateProvince":"","_VenueLat":"","_VenueLng":"","_VenueShowMap":false,"_VenueShowMapLink":false,"footnotes":""},"categories":[36,48],"tags":[51],"class_list":["post-2644","post","type-post","status-publish","format-standard","has-post-thumbnail","hentry","category-festungserbe-oberrhein","category-frankreich","tag-elsass"],"_links":{"self":[{"href":"https:\/\/forte-cultura.com\/pl\/wp-json\/wp\/v2\/posts\/2644","targetHints":{"allow":["GET"]}}],"collection":[{"href":"https:\/\/forte-cultura.com\/pl\/wp-json\/wp\/v2\/posts"}],"about":[{"href":"https:\/\/forte-cultura.com\/pl\/wp-json\/wp\/v2\/types\/post"}],"author":[{"embeddable":true,"href":"https:\/\/forte-cultura.com\/pl\/wp-json\/wp\/v2\/users\/1"}],"replies":[{"embeddable":true,"href":"https:\/\/forte-cultura.com\/pl\/wp-json\/wp\/v2\/comments?post=2644"}],"version-history":[{"count":0,"href":"https:\/\/forte-cultura.com\/pl\/wp-json\/wp\/v2\/posts\/2644\/revisions"}],"wp:featuredmedia":[{"embeddable":true,"href":"https:\/\/forte-cultura.com\/pl\/wp-json\/wp\/v2\/media\/2611"}],"wp:attachment":[{"href":"https:\/\/forte-cultura.com\/pl\/wp-json\/wp\/v2\/media?parent=2644"}],"wp:term":[{"taxonomy":"category","embeddable":true,"href":"https:\/\/forte-cultura.com\/pl\/wp-json\/wp\/v2\/categories?post=2644"},{"taxonomy":"post_tag","embeddable":true,"href":"https:\/\/forte-cultura.com\/pl\/wp-json\/wp\/v2\/tags?post=2644"}],"curies":[{"name":"wp","href":"https:\/\/api.w.org\/{rel}","templated":true}]}}