{"id":2354,"date":"2024-02-05T16:32:19","date_gmt":"2024-02-05T15:32:19","guid":{"rendered":"https:\/\/forte-cultura.com\/?p=2354"},"modified":"2024-02-07T17:16:33","modified_gmt":"2024-02-07T16:16:33","slug":"doswiadczenie-w-historii-wojskowosci","status":"publish","type":"post","link":"https:\/\/forte-cultura.com\/pl\/militaergeschichte-erleben\/","title":{"rendered":"Poznaj histori\u0119 wojskowo\u015bci"},"content":{"rendered":"<h2 class=\"wp-block-heading alignwide has-custom-farbe-1-color has-text-color has-link-color has-large-font-size eplus-wrapper wp-elements-7f392bfc6c05a75d50b29603489f7624\">G\u0142\u00f3wne bitwy, biwaki i \u017cycie \u017co\u0142nierzy<\/h2>\n\n\n<div class=\"wp-block-columns alignwide eplus-wrapper is-layout-flex wp-container-core-columns-is-layout-28f84493 wp-block-columns-is-layout-flex eplus-styles-uid-b7508c\">\n<div class=\"wp-block-column eplus-wrapper is-layout-flow wp-block-column-is-layout-flow\">\n<p class=\"eplus-wrapper\">Kolorowe mundury, historyczna bro\u0144, kawaleria, artyleria, miecze i lance, \u0142uki i strza\u0142y - niemal ka\u017cda epoka widzia\u0142a konflikty zbrojne o ufortyfikowane budynki, kt\u00f3re do dzi\u015b maj\u0105 wielu fan\u00f3w.<\/p>\n\n\n\n<p class=\"eplus-wrapper\">Ca\u0142e obl\u0119\u017cenia i bitwy s\u0105 artystycznie lub marsowo odtwarzane przez tysi\u0105ce bohater\u00f3w. Czy to obrona <strong>Idealne miasto-twierdza Palmanova<\/strong> (IT) przeciwko habsburskim naje\u017ad\u017acom, \"bitwa pod <strong>Twierdza Stralsund<\/strong>\" (DE) podczas corocznego \"Wallensteintage\" lub obl\u0119\u017cenia <strong>Alpejska twierdza Bard<\/strong> (IT) przez Napoleona.<\/p>\n\n\n\n<p class=\"eplus-wrapper\">The <strong>Twierdza K\u00f6nigstein (Saksonia, Niemcy)<\/strong> jest obl\u0119\u017cony przez Szwed\u00f3w, a grzmot armat dudni z g\u00f3rskiej fortecy po drugiej stronie \u0141aby. W <strong>ufortyfikowane idealne miasto Daugavpils (LV)<\/strong> Napoleon (1814) stawia czo\u0142a Rosjanom, kt\u00f3rzy <strong>Idealne miasto-twierdza Terez\u00edn (CZ)<\/strong> jest scen\u0105 najwi\u0119kszej XVIII-wiecznej rekonstrukcji w Europie ka\u017cdego roku. <\/p>\n\n\n\n<p class=\"eplus-wrapper\">W <strong>Twierdza Boyen w Gi\u017cycku (PL)<\/strong> imponuj\u0105co zainscenizowane bitwy pierwszej wojny \u015bwiatowej, a tak\u017ce <strong>Zamek Eger (HU)<\/strong> co roku odpiera szturm Turk\u00f3w (1552).<\/p>\n\n\n\n<div class=\"wp-block-kadence-spacer aligncenter kt-block-spacer-2354_59cf72-1a\"><div class=\"kt-block-spacer kt-block-spacer-halign-center\"><hr class=\"kt-divider\"><\/div><\/div>\n<\/div>\n<\/div>\n\n<div  class=\"ultp-post-grid-block wp-block-ultimate-post-post-grid-1 ultp-block-dfcbe3 alignwide\"><div class=\"ultp-block-wrapper\"><div class=\"ultp-loading\"><div class=\"ultp-loading-blocks\" style=\"width:100%;height:100%;\"><div style=\"left: 0;top: 0;animation-delay:0s;\"><\/div><div style=\"left: 21px;top: 0;animation-delay:0.125s;\"><\/div><div style=\"left: 42px;top: 0;animation-delay:0.25s;\"><\/div><div style=\"left: 0;top: 21px;animation-delay:0.875s;\"><\/div><div style=\"left: 42px;top: 21px;animation-delay:0.375s;\"><\/div><div style=\"left: 0;top: 42px;animation-delay:0.75s;\"><\/div><div style=\"left: 42px;top: 42px;animation-delay:0.625s;\"><\/div><div style=\"left: 21px;top: 42px;animation-delay:0.5s;\"><\/div><\/div><\/div><div class=\"ultp-heading-filter\"><div class=\"ultp-heading-filter-in\"><div class=\"ultp-heading-wrap ultp-heading-style1 ultp-heading-left\"><h2 class=\"ultp-heading-inner\"><span>Zanurz si\u0119 w historycznych bitwach z FORTE CULTURA<\/span><\/h2><\/div><div class=\"ultp-filter-navigation\"><\/div><\/div><\/div><div class=\"ultp-block-items-wrap ultp-block-row ultp-pg1a-style1 ultp-grid1-responsive ultp-block-column-4 1 ultp-xs-column-1 ultp-layout1\"><div class=\"ultp-block-item post-id-2659\"><div class=\"ultp-block-content-wrap\"><div class=\"ultp-block-image ultp-block-image-opacity\"><a href=\"https:\/\/forte-cultura.com\/pl\/bard-it\/\" ><img decoding=\"async\"  class=\"ultp-block-image-content\"  alt=\"Bard (IT)\"  src=\"https:\/\/forte-cultura.com\/wp-content\/uploads\/ForteDiBard_Hagai-Agmon-Snir-web-870x570.jpg\" \/><\/a><\/div><div class=\"ultp-block-content\"><h3 class=\"ultp-block-title\"><a href=\"https:\/\/forte-cultura.com\/pl\/bard-it\/\" >Bard (IT)<\/a><\/h3><div class=\"ultp-block-excerpt\"><p>Wa\u0142 przy wej\u015bciu do Aostetal - arcydzie\u0142o budownictwa fortecznego z pocz\u0105tku XIX wieku<\/p>\n<\/div><\/div><\/div><\/div><div class=\"ultp-block-item post-id-3326\"><div class=\"ultp-block-content-wrap\"><div class=\"ultp-block-image ultp-block-image-opacity\"><a href=\"https:\/\/forte-cultura.com\/pl\/daugavpils-lv\/\" ><img decoding=\"async\"  class=\"ultp-block-image-content\"  alt=\"Daugavpils (LV)\"  src=\"https:\/\/forte-cultura.com\/wp-content\/uploads\/DC_Daugavpils.Travel_240530_1-870x570.jpg\" \/><\/a><\/div><div class=\"ultp-block-content\"><h3 class=\"ultp-block-title\"><a href=\"https:\/\/forte-cultura.com\/pl\/daugavpils-lv\/\" >Daugavpils (LV)<\/a><\/h3><div class=\"ultp-block-excerpt\"><p>Ufortyfikowane miasto idealne: ostatnia uko\u0144czona bastionowa forteca na \u015bwiecie!<\/p>\n<\/div><\/div><\/div><\/div><div class=\"ultp-block-item post-id-610\"><div class=\"ultp-block-content-wrap\"><div class=\"ultp-block-image ultp-block-image-opacity\"><a href=\"https:\/\/forte-cultura.com\/pl\/gizycko-pl\/\" ><img decoding=\"async\"  class=\"ultp-block-image-content\"  alt=\"Gi\u017cycko (PL)\"  src=\"https:\/\/forte-cultura.com\/wp-content\/uploads\/2023\/11\/feste-boyen_Gizycko-\u00a9hotelmasovia-870x570.jpg\" \/><\/a><\/div><div class=\"ultp-block-content\"><h3 class=\"ultp-block-title\"><a href=\"https:\/\/forte-cultura.com\/pl\/gizycko-pl\/\" >Gi\u017cycko (PL)<\/a><\/h3><div class=\"ultp-block-excerpt\"><p>System forteczny: pruska architektura forteczna w sercu Pojezierza Mazurskiego<\/p>\n<\/div><\/div><\/div><\/div><div class=\"ultp-block-item post-id-854\"><div class=\"ultp-block-content-wrap\"><div class=\"ultp-block-image ultp-block-image-opacity\"><a href=\"https:\/\/forte-cultura.com\/pl\/komarom-hr\/\" ><img decoding=\"async\"  class=\"ultp-block-image-content\"  alt=\"Kom\u00e1rom (HU)\"  src=\"https:\/\/forte-cultura.com\/wp-content\/uploads\/Fort-Monostor-Komarom-870x570.jpg\" \/><\/a><\/div><div class=\"ultp-block-content\"><h3 class=\"ultp-block-title\"><a href=\"https:\/\/forte-cultura.com\/pl\/komarom-hr\/\" >Kom\u00e1rom (HU)<\/a><\/h3><div class=\"ultp-block-excerpt\"><p>Fort: cz\u0119\u015b\u0107 austro-w\u0119gierskiego systemu fortyfikacji Kom\u00e1rno (SK)\/ Kom\u00e1rom (HU)<\/p>\n<\/div><\/div><\/div><\/div><div class=\"ultp-block-item post-id-804\"><div class=\"ultp-block-content-wrap\"><div class=\"ultp-block-image ultp-block-image-opacity\"><a href=\"https:\/\/forte-cultura.com\/pl\/koenigstein-sachsen-de\/\" ><img decoding=\"async\"  class=\"ultp-block-image-content\"  alt=\"Twierdza K\u00f6nigstein, Saksonia (DE) \u00a9fotofestival-sandstein\"  src=\"https:\/\/forte-cultura.com\/wp-content\/uploads\/Koenigstein-westansicht\u00a9fotofestival-sandstone-870x570.jpg\" \/><\/a><\/div><div class=\"ultp-block-content\"><h3 class=\"ultp-block-title\"><a href=\"https:\/\/forte-cultura.com\/pl\/koenigstein-sachsen-de\/\" >K\u00f6nigstein, Saksonia (DE)<\/a><\/h3><div class=\"ultp-block-excerpt\"><p>Twierdza: Jedna z najpi\u0119kniejszych i najpot\u0119\u017cniejszych g\u00f3rskich fortec w Europie<\/p>\n<\/div><\/div><\/div><\/div><div class=\"ultp-block-item post-id-3310\"><div class=\"ultp-block-content-wrap\"><div class=\"ultp-block-image ultp-block-image-opacity\"><a href=\"https:\/\/forte-cultura.com\/pl\/fort-prusy-nysa-pl\/\" ><img decoding=\"async\"  class=\"ultp-block-image-content\"  alt=\"Nysa (PL)\"  src=\"https:\/\/forte-cultura.com\/wp-content\/uploads\/Fort-Prusy-870x570.jpg\" \/><\/a><\/div><div class=\"ultp-block-content\"><h3 class=\"ultp-block-title\"><a href=\"https:\/\/forte-cultura.com\/pl\/fort-prusy-nysa-pl\/\" >Nysa (PL)<\/a><\/h3><div class=\"ultp-block-excerpt\"><p>Burzliwa historia (twierdzy) na G\u00f3rnym \u015al\u0105sku - cz\u0119\u015b\u0107 dawnego systemu fortyfikacji Nysy Pruskiej<\/p>\n<\/div><\/div><\/div><\/div><div class=\"ultp-block-item post-id-1015\"><div class=\"ultp-block-content-wrap\"><div class=\"ultp-block-image ultp-block-image-opacity\"><a href=\"https:\/\/forte-cultura.com\/pl\/srebrna-gora-pl\/\" ><img decoding=\"async\"  class=\"ultp-block-image-content\"  alt=\"Srebrna G\u00f3ra (PL)\"  src=\"https:\/\/forte-cultura.com\/wp-content\/uploads\/Srebrna-Gora-870x570.jpg\" \/><\/a><\/div><div class=\"ultp-block-content\"><h3 class=\"ultp-block-title\"><a href=\"https:\/\/forte-cultura.com\/pl\/srebrna-gora-pl\/\" >Srebrna G\u00f3ra (PL)<\/a><\/h3><div class=\"ultp-block-excerpt\"><p>System twierdz: Polski Park Narodowy - twierdza kulturowa w \u015bl\u0105skich G\u00f3rach Sowich<\/p>\n<\/div><\/div><\/div><\/div><div class=\"ultp-block-item post-id-1035\"><div class=\"ultp-block-content-wrap\"><div class=\"ultp-block-image ultp-block-image-opacity\"><a href=\"https:\/\/forte-cultura.com\/pl\/terezin-cz\/\" ><img decoding=\"async\"  class=\"ultp-block-image-content\"  alt=\"Terez\u00edn (CZ)\"  src=\"https:\/\/forte-cultura.com\/wp-content\/uploads\/Terezin-870x570.jpg\" \/><\/a><\/div><div class=\"ultp-block-content\"><h3 class=\"ultp-block-title\"><a href=\"https:\/\/forte-cultura.com\/pl\/terezin-cz\/\" >Terez\u00edn (CZ)<\/a><\/h3><div class=\"ultp-block-excerpt\"><p>Ufortyfikowane miasto idealne: arcydzie\u0142o architektury fortecznej, historyczna twierdza Elbe i pomnik II wojny \u015bwiatowej<\/p>\n<\/div><\/div><\/div><\/div><\/div><div class=\"ultp-pagination-wrap ultp-pagination-ajax-action\" data-paged=\"1\" data-expost=\"\"  data-blockid=\"dfcbe3\" data-postid=\"2354\" data-pages=\"1\" data-blockname=\"ultimate-post_post-grid-1\" data-selfpostid=\"yes\"><\/div><\/div><div class=\"pagination-block-html\" aria-hidden=\"true\" style=\"display: none;\"><\/div><\/div>\n\n<div class=\"wp-block-columns alignwide eplus-wrapper is-layout-flex wp-container-core-columns-is-layout-28f84493 wp-block-columns-is-layout-flex eplus-styles-uid-742dfa\">\n<div class=\"wp-block-column eplus-wrapper is-layout-flow wp-block-column-is-layout-flow\">\n<div class=\"wp-block-kadence-spacer aligncenter kt-block-spacer-2354_9f282a-64\"><div class=\"kt-block-spacer kt-block-spacer-halign-center\"><hr class=\"kt-divider\"><\/div><\/div>\n\n\n\n<p class=\"eplus-wrapper\"><a href=\"https:\/\/forte-cultura.com\/events\/forte-cultura-erlebniswelt\/\" data-type=\"page\" data-id=\"2256\">FORTE CULTURA \u015bwiat do\u015bwiadcze\u0144<\/a><\/p>\n\n\n\n<hr class=\"is-style-wide wp-block-separator aligncenter has-text-color has-custom-farbe-1-color has-alpha-channel-opacity has-custom-farbe-1-background-color has-background eplus-wrapper\" style=\"margin-top:var(--wp--preset--spacing--10);margin-bottom:var(--wp--preset--spacing--10)\">\n\n\n<div id=\"mega-menu-wrap-max_mega_menu_3\" class=\"mega-menu-wrap\"><div class=\"mega-menu-toggle\"><div class=\"mega-toggle-blocks-left\"><\/div><div class=\"mega-toggle-blocks-center\"><\/div><div class=\"mega-toggle-blocks-right\"><div class=\"mega-toggle-block mega-menu-toggle-animated-block mega-toggle-block-0\" id=\"mega-toggle-block-0\"><button aria-controls=\"mega-menu-max_mega_menu_3\" aria-expanded=\"false\" aria-haspopup=\"true\" aria-label=\"Toggle Menu\" class=\"mega-toggle-animated mega-toggle-animated-slider\" type=\"button\">\n                  <span class=\"mega-toggle-animated-box\">\n                    <span class=\"mega-toggle-animated-inner\"><\/span>\n                  <\/span>\n                <\/button><\/div><\/div><\/div><ul id=\"mega-menu-max_mega_menu_3\" class=\"mega-menu max-mega-menu mega-menu-horizontal mega-no-js\" data-event=\"hover_intent\" data-effect=\"fade_up\" data-effect-speed=\"200\" data-effect-mobile=\"disabled\" data-effect-speed-mobile=\"0\" data-mobile-force-width=\"false\" data-second-click=\"go\" data-document-click=\"collapse\" data-vertical-behaviour=\"standard\" data-breakpoint=\"768\" data-unbind=\"true\" data-mobile-state=\"collapse_all\" data-mobile-direction=\"vertical\"><li class=\"mega-menu-item mega-menu-item-type-post_type mega-menu-item-object-post mega-align-bottom-left mega-menu-flyout mega-menu-item-2436\" id=\"mega-menu-item-2436\"><a class=\"mega-menu-link\" href=\"https:\/\/forte-cultura.com\/pl\/familie-und-kinder\/\">Rodzina i dzieci<\/a><\/li><li class=\"mega-menu-item mega-menu-item-type-post_type mega-menu-item-object-post mega-align-bottom-left mega-menu-flyout mega-menu-item-2431\" id=\"mega-menu-item-2431\"><a class=\"mega-menu-link\" href=\"https:\/\/forte-cultura.com\/pl\/gedenkstaetten-und-mahnmale\/\">Pomniki i miejsca pami\u0119ci<\/a><\/li><li class=\"mega-menu-item mega-menu-item-type-post_type mega-menu-item-object-post mega-align-bottom-left mega-menu-flyout mega-menu-item-2586\" id=\"mega-menu-item-2586\"><a class=\"mega-menu-link\" href=\"https:\/\/forte-cultura.com\/pl\/geheime-architekturen\/\">Tajne architektury<\/a><\/li><li class=\"mega-menu-item mega-menu-item-type-post_type mega-menu-item-object-post mega-align-bottom-left mega-menu-flyout mega-menu-item-2432\" id=\"mega-menu-item-2432\"><a class=\"mega-menu-link\" href=\"https:\/\/forte-cultura.com\/pl\/militaergeschichte-erleben\/\">Poznaj histori\u0119 wojskowo\u015bci<\/a><\/li><li class=\"mega-menu-item mega-menu-item-type-post_type mega-menu-item-object-post mega-align-bottom-left mega-menu-flyout mega-menu-item-2434\" id=\"mega-menu-item-2434\"><a class=\"mega-menu-link\" href=\"https:\/\/forte-cultura.com\/pl\/museen-und-ausstellungen\/\">Muzea i wystawy<\/a><\/li><li class=\"mega-menu-item mega-menu-item-type-post_type mega-menu-item-object-post mega-align-bottom-left mega-menu-flyout mega-menu-item-2430\" id=\"mega-menu-item-2430\"><a class=\"mega-menu-link\" href=\"https:\/\/forte-cultura.com\/pl\/musikevents-in-monumenten\/\">Wydarzenia muzyczne w zabytkach<\/a><\/li><li class=\"mega-menu-item mega-menu-item-type-post_type mega-menu-item-object-post mega-align-bottom-left mega-menu-flyout mega-menu-item-2433\" id=\"mega-menu-item-2433\"><a class=\"mega-menu-link\" href=\"https:\/\/forte-cultura.com\/pl\/natur-erleben-parks-und-gaerten\/\">Przyroda, parki i ogrody<\/a><\/li><li class=\"mega-menu-item mega-menu-item-type-post_type mega-menu-item-object-post mega-align-bottom-left mega-menu-flyout mega-menu-item-2435\" id=\"mega-menu-item-2435\"><a class=\"mega-menu-link\" href=\"https:\/\/forte-cultura.com\/pl\/residieren-geniessen\/\">Zamieszkaj i ciesz si\u0119<\/a><\/li><li class=\"mega-menu-item mega-menu-item-type-post_type mega-menu-item-object-post mega-align-bottom-left mega-menu-flyout mega-menu-item-2580\" id=\"mega-menu-item-2580\"><a class=\"mega-menu-link\" href=\"https:\/\/forte-cultura.com\/pl\/sport\/\">Sport<\/a><\/li><\/ul><\/div><\/div>\n<\/div>","protected":false},"excerpt":{"rendered":"<p>Gro\u00dfe Schlachten, Biwaks und Soldatenleben Bunte Uniformen, historische Waffen, Kavallerie, Artillerie, Schwert und Lanze, Pfeil und Bogen \u2013 fast in jeder Epoche gab es kriegerische Auseinandersetzungen um befestigte Bauwerke, die [&hellip;]<\/p>\n","protected":false},"author":1,"featured_media":2356,"comment_status":"open","ping_status":"open","sticky":false,"template":"","format":"standard","meta":{"editor_plus_copied_stylings":"{}","pgc_sgb_lightbox_settings":"","_price":"","_stock":"","_tribe_ticket_header":"","_tribe_default_ticket_provider":"","_tribe_ticket_capacity":"0","_ticket_start_date":"","_ticket_end_date":"","_tribe_ticket_show_description":"","_tribe_ticket_show_not_going":false,"_tribe_ticket_use_global_stock":"","_tribe_ticket_global_stock_level":"","_global_stock_mode":"","_global_stock_cap":"","_tribe_rsvp_for_event":"","_tribe_ticket_going_count":"","_tribe_ticket_not_going_count":"","_tribe_tickets_list":"[]","_tribe_ticket_has_attendee_info_fields":false,"_EventAllDay":false,"_EventTimezone":"","_EventStartDate":"","_EventEndDate":"","_EventStartDateUTC":"","_EventEndDateUTC":"","_EventShowMap":false,"_EventShowMapLink":false,"_EventURL":"","_EventCost":"","_EventCostDescription":"","_EventCurrencySymbol":"","_EventCurrencyCode":"","_EventCurrencyPosition":"","_EventDateTimeSeparator":"","_EventTimeRangeSeparator":"","_EventOrganizerID":[],"_EventVenueID":[],"_OrganizerEmail":"","_OrganizerPhone":"","_OrganizerWebsite":"","_VenueAddress":"","_VenueCity":"","_VenueCountry":"","_VenueProvince":"","_VenueState":"","_VenueZip":"","_VenuePhone":"","_VenueURL":"","_VenueStateProvince":"","_VenueLat":"","_VenueLng":"","_VenueShowMap":false,"_VenueShowMapLink":false,"footnotes":""},"categories":[459],"tags":[],"class_list":["post-2354","post","type-post","status-publish","format-standard","has-post-thumbnail","hentry","category-erlebniswelt"],"_links":{"self":[{"href":"https:\/\/forte-cultura.com\/pl\/wp-json\/wp\/v2\/posts\/2354","targetHints":{"allow":["GET"]}}],"collection":[{"href":"https:\/\/forte-cultura.com\/pl\/wp-json\/wp\/v2\/posts"}],"about":[{"href":"https:\/\/forte-cultura.com\/pl\/wp-json\/wp\/v2\/types\/post"}],"author":[{"embeddable":true,"href":"https:\/\/forte-cultura.com\/pl\/wp-json\/wp\/v2\/users\/1"}],"replies":[{"embeddable":true,"href":"https:\/\/forte-cultura.com\/pl\/wp-json\/wp\/v2\/comments?post=2354"}],"version-history":[{"count":0,"href":"https:\/\/forte-cultura.com\/pl\/wp-json\/wp\/v2\/posts\/2354\/revisions"}],"wp:featuredmedia":[{"embeddable":true,"href":"https:\/\/forte-cultura.com\/pl\/wp-json\/wp\/v2\/media\/2356"}],"wp:attachment":[{"href":"https:\/\/forte-cultura.com\/pl\/wp-json\/wp\/v2\/media?parent=2354"}],"wp:term":[{"taxonomy":"category","embeddable":true,"href":"https:\/\/forte-cultura.com\/pl\/wp-json\/wp\/v2\/categories?post=2354"},{"taxonomy":"post_tag","embeddable":true,"href":"https:\/\/forte-cultura.com\/pl\/wp-json\/wp\/v2\/tags?post=2354"}],"curies":[{"name":"wp","href":"https:\/\/api.w.org\/{rel}","templated":true}]}}