{"id":1817,"date":"2024-01-13T13:57:10","date_gmt":"2024-01-13T12:57:10","guid":{"rendered":"https:\/\/forte-cultura.com\/?p=1817"},"modified":"2024-02-03T11:26:05","modified_gmt":"2024-02-03T10:26:05","slug":"pelm-de","status":"publish","type":"post","link":"https:\/\/forte-cultura.com\/pl\/pelm-de\/","title":{"rendered":"Pelm (DE)"},"content":{"rendered":"<div class=\"wp-block-columns alignwide eplus-wrapper is-layout-flex wp-container-core-columns-is-layout-28f84493 wp-block-columns-is-layout-flex eplus-styles-uid-4a2992\">\n<div class=\"wp-block-column eplus-wrapper is-layout-flow wp-block-column-is-layout-flow\" style=\"flex-basis:100%\"><p class=\"eplus-wrapper eplus-styles-uid-e7c803\"><em>Stacja FORTE CULTURA: Ufortyfikowany zamek Kasselburg (DE)<\/em><\/p>\n\n\n<h2 class=\"wp-block-heading alignwide has-custom-farbe-1-color has-text-color has-link-color has-large-font-size eplus-wrapper wp-elements-f9f376d2903af25acb248658868e41cc\"><strong>Ufortyfikowany zamek Kasselburg w pobli\u017cu Pelm<\/strong> <strong>(DE)<\/strong><\/h2>\n\n\n\n<p class=\"eplus-wrapper\">Nawet dzi\u015b 37-metrowa podw\u00f3jna wie\u017ca XIV-wiecznego zamku w Kasselburgu imponuje swoimi rozmiarami. Jest ona dost\u0119pna i oferuje wspania\u0142y widok na okolic\u0119 parku dzikich zwierz\u0105t i wulkaniczn\u0105 Eifel.<\/p>\n\n\n\n<p class=\"eplus-wrapper\">Zbudowany w XII wieku zamek Kasselburg uwa\u017cany jest za jedn\u0105 z najbardziej \u015bmia\u0142ych fortyfikacji \u015bredniowiecza. Budowla \u0142\u0105czy w sobie funkcje wie\u017cy obronnej, bramy, don\u017conu, wie\u017cy mieszkalnej i symbolu w\u0142adzy pod jednym dachem.<\/p>\n\n\n\n<p class=\"eplus-wrapper\">Du\u017cy \"Kasselburg Eagle and Wolf Park\", kt\u00f3ry obejmuje r\u00f3wnie\u017c cz\u0119\u015bci zamku warownego, jest domem dla wilk\u00f3w, or\u0142\u00f3w i soko\u0142\u00f3w na du\u017cych, niemal naturalnych wybiegach i przestronnych wolierach.<\/p>\n<\/div>\n<\/div>\n\n\n<hr class=\"wp-block-separator alignwide has-text-color has-accent-2-color has-alpha-channel-opacity has-accent-2-background-color has-background eplus-wrapper\" style=\"margin-top:var(--wp--preset--spacing--30);margin-bottom:var(--wp--preset--spacing--30)\"\/>\n\n\n<div class=\"wp-block-columns alignwide are-vertically-aligned-center eplus-wrapper is-layout-flex wp-container-core-columns-is-layout-28f84493 wp-block-columns-is-layout-flex eplus-styles-uid-41e41b\">\n<div class=\"wp-block-column is-vertically-aligned-center eplus-wrapper is-layout-flow wp-block-column-is-layout-flow\" style=\"flex-basis:260px\">\n<figure class=\"wp-block-image alignleft size-full is-resized eplus-wrapper\"><img loading=\"lazy\" decoding=\"async\" width=\"260\" height=\"112\" src=\"https:\/\/forte-cultura.com\/wp-content\/uploads\/Logo-GDKE.jpg\" alt=\"\" class=\"wp-image-1781\" style=\"width:240px\" srcset=\"https:\/\/forte-cultura.com\/wp-content\/uploads\/Logo-GDKE.jpg 260w, https:\/\/forte-cultura.com\/wp-content\/uploads\/Logo-GDKE-18x8.jpg 18w, https:\/\/forte-cultura.com\/wp-content\/uploads\/Logo-GDKE-200x86.jpg 200w\" sizes=\"auto, (max-width: 260px) 100vw, 260px\" \/><\/figure>\n<\/div>\n\n\n\n<div class=\"wp-block-column is-vertically-aligned-center eplus-wrapper is-layout-flow wp-block-column-is-layout-flow\">\n<p class=\"eplus-wrapper\">Zamek w Kasselburgu jest jednym z 11 zabytk\u00f3w fortecznych znajduj\u0105cych si\u0119 w ewidencji i pod opiek\u0105 <strong><a href=\"https:\/\/forte-cultura.com\/forte-cultura-reisewelt\/festungsmonumente-der-gdke-de\/\" data-type=\"page\" data-id=\"1773\">Dyrekcja Generalna ds. Dziedzictwa Kulturowego Nadrenii-Palatynatu (GDKE)<\/a><\/strong>. <\/p>\n\n\n\n<p class=\"eplus-wrapper\">Siedziba: Ehrenbreitstein, 56077 Koblenz; <a href=\"https:\/\/gdke.rlp.de\/\" target=\"_blank\" rel=\"noreferrer noopener\">Strona internetowa GDKE<\/a><\/p>\n<\/div>\n<\/div>\n\n\n<hr class=\"wp-block-separator alignwide has-text-color has-accent-2-color has-alpha-channel-opacity has-accent-2-background-color has-background eplus-wrapper\" style=\"margin-top:var(--wp--preset--spacing--30);margin-bottom:var(--wp--preset--spacing--30)\"\/>\n\n\n\n<h4 class=\"wp-block-heading alignwide eplus-wrapper\">Linki internetowe<\/h4>\n\n\n<div class=\"wp-block-columns alignwide eplus-wrapper is-layout-flex wp-container-core-columns-is-layout-28f84493 wp-block-columns-is-layout-flex eplus-styles-uid-cd206c\">\n<div class=\"wp-block-column eplus-wrapper is-layout-flow wp-block-column-is-layout-flow\"><ul class=\"eplus-wrapper wp-block-list eplus-styles-uid-102658\"><li class=\"eplus-wrapper eplus-styles-uid-1ceed8\"><a href=\"https:\/\/greifenwarte.net\/wolfspark-kasselburg\/\" target=\"_blank\" rel=\"noreferrer noopener\">Kasselburg Eagle and Wolf Park<\/a><\/li>\n\n<li class=\"eplus-wrapper eplus-styles-uid-1ceed8\"><a href=\"https:\/\/www.eifel.de\/go\/sehenswertes-detail\/burg_kasselburg.html\" target=\"_blank\" rel=\"noreferrer noopener\">Kasselburg na www.eifel.de<\/a><\/li><\/ul><\/div>\n<\/div>\n\n<div class=\"wp-block-columns alignwide eplus-wrapper is-layout-flex wp-container-core-columns-is-layout-28f84493 wp-block-columns-is-layout-flex eplus-styles-uid-e0b5c0\">\n<div class=\"wp-block-column eplus-wrapper is-layout-flow wp-block-column-is-layout-flow\" style=\"flex-basis:100%\">\n<h4 class=\"wp-block-heading eplus-wrapper\">Wydarzenia<\/h4>\n\n\n<ul class=\"eplus-wrapper wp-block-list eplus-styles-uid-77b977\"><li class=\"eplus-wrapper eplus-styles-uid-1ceed8\">\u2026<\/li><\/ul><\/div>\n<\/div>\n\n\n<hr class=\"wp-block-separator alignwide has-text-color has-accent-2-color has-alpha-channel-opacity has-accent-2-background-color has-background eplus-wrapper\" style=\"margin-top:var(--wp--preset--spacing--30);margin-bottom:var(--wp--preset--spacing--30)\"\/>\n\n\n<div id=\"travelersmap-container-69f76575bff0d\" class=\"travelersmap-container\" style=\"z-index: 1; min-height: 10px; min-width:10px; height:400px;width:100%; max-width:1280px; max-height:; position:relative;\"><div style=\"position:absolute; z-index:-1;top: 50%;text-align: center;display: block;left: 50%;transform: translate(-50%,-50%);\">Travellers' Map \u0142aduje si\u0119...<br>Je\u015bli zobaczysz to po ca\u0142kowitym za\u0142adowaniu strony, brakuje plik\u00f3w leafletJS.<\/div><\/div>\n\n\n\n<hr class=\"wp-block-separator alignwide has-text-color has-accent-2-color has-alpha-channel-opacity has-accent-2-background-color has-background eplus-wrapper\" style=\"margin-top:var(--wp--preset--spacing--30);margin-bottom:var(--wp--preset--spacing--30)\"\/>","protected":false},"excerpt":{"rendered":"<p>Ufortyfikowany zamek Kasselburg (DE), park or\u0142\u00f3w i wilk\u00f3w w historycznym otoczeniu<\/p>","protected":false},"author":1,"featured_media":1818,"comment_status":"open","ping_status":"open","sticky":false,"template":"","format":"standard","meta":{"editor_plus_copied_stylings":"{}","pgc_sgb_lightbox_settings":"","_price":"","_stock":"","_tribe_ticket_header":"","_tribe_default_ticket_provider":"","_tribe_ticket_capacity":"0","_ticket_start_date":"","_ticket_end_date":"","_tribe_ticket_show_description":"","_tribe_ticket_show_not_going":false,"_tribe_ticket_use_global_stock":"","_tribe_ticket_global_stock_level":"","_global_stock_mode":"","_global_stock_cap":"","_tribe_rsvp_for_event":"","_tribe_ticket_going_count":"","_tribe_ticket_not_going_count":"","_tribe_tickets_list":"[]","_tribe_ticket_has_attendee_info_fields":false,"_EventAllDay":false,"_EventTimezone":"","_EventStartDate":"","_EventEndDate":"","_EventStartDateUTC":"","_EventEndDateUTC":"","_EventShowMap":false,"_EventShowMapLink":false,"_EventURL":"","_EventCost":"","_EventCostDescription":"","_EventCurrencySymbol":"","_EventCurrencyCode":"","_EventCurrencyPosition":"","_EventDateTimeSeparator":"","_EventTimeRangeSeparator":"","_EventOrganizerID":[],"_EventVenueID":[],"_OrganizerEmail":"","_OrganizerPhone":"","_OrganizerWebsite":"","_VenueAddress":"","_VenueCity":"","_VenueCountry":"","_VenueProvince":"","_VenueState":"","_VenueZip":"","_VenuePhone":"","_VenueURL":"","_VenueStateProvince":"","_VenueLat":"","_VenueLng":"","_VenueShowMap":false,"_VenueShowMapLink":false,"footnotes":""},"categories":[26,20,19,423,429],"tags":[461,427,425,460,446],"class_list":["post-1817","post","type-post","status-publish","format-standard","has-post-thumbnail","hentry","category-befestigte-burg","category-deutschland","category-stationen","category-rheinland-pfalz","category-uebernachten","tag-familie","tag-ferienwohnungen","tag-gdke","tag-kids","tag-pelm"],"_links":{"self":[{"href":"https:\/\/forte-cultura.com\/pl\/wp-json\/wp\/v2\/posts\/1817","targetHints":{"allow":["GET"]}}],"collection":[{"href":"https:\/\/forte-cultura.com\/pl\/wp-json\/wp\/v2\/posts"}],"about":[{"href":"https:\/\/forte-cultura.com\/pl\/wp-json\/wp\/v2\/types\/post"}],"author":[{"embeddable":true,"href":"https:\/\/forte-cultura.com\/pl\/wp-json\/wp\/v2\/users\/1"}],"replies":[{"embeddable":true,"href":"https:\/\/forte-cultura.com\/pl\/wp-json\/wp\/v2\/comments?post=1817"}],"version-history":[{"count":0,"href":"https:\/\/forte-cultura.com\/pl\/wp-json\/wp\/v2\/posts\/1817\/revisions"}],"wp:featuredmedia":[{"embeddable":true,"href":"https:\/\/forte-cultura.com\/pl\/wp-json\/wp\/v2\/media\/1818"}],"wp:attachment":[{"href":"https:\/\/forte-cultura.com\/pl\/wp-json\/wp\/v2\/media?parent=1817"}],"wp:term":[{"taxonomy":"category","embeddable":true,"href":"https:\/\/forte-cultura.com\/pl\/wp-json\/wp\/v2\/categories?post=1817"},{"taxonomy":"post_tag","embeddable":true,"href":"https:\/\/forte-cultura.com\/pl\/wp-json\/wp\/v2\/tags?post=1817"}],"curies":[{"name":"wp","href":"https:\/\/api.w.org\/{rel}","templated":true}]}}