{"id":1778,"date":"2024-01-13T12:19:29","date_gmt":"2024-01-13T11:19:29","guid":{"rendered":"https:\/\/forte-cultura.com\/?p=1778"},"modified":"2025-10-06T16:37:20","modified_gmt":"2025-10-06T14:37:20","slug":"coblenz-pl-3","status":"publish","type":"post","link":"https:\/\/forte-cultura.com\/pl\/koblenz-de-3\/","title":{"rendered":"Koblenz Ehrenbreitstein (DE)"},"content":{"rendered":"<div class=\"wp-block-columns alignwide eplus-wrapper is-layout-flex wp-container-core-columns-is-layout-28f84493 wp-block-columns-is-layout-flex eplus-styles-uid-da009d\">\n<div class=\"wp-block-column eplus-wrapper is-layout-flow wp-block-column-is-layout-flow\" style=\"flex-basis:100%\"><p class=\"eplus-wrapper eplus-styles-uid-e7c803\"><em>Stacja FORTE CULTURA: Twierdza Ehrenbreitstein, Koblencja (Niemcy)<\/em><\/p>\n\n\n<h2 class=\"wp-block-heading alignwide has-custom-farbe-1-color has-text-color has-link-color has-large-font-size eplus-wrapper wp-elements-0be7ca999e7dc9a29201008363462614\"><strong>Twierdza Ehrenbreitstein, Koblencja (Niemcy)<\/strong><\/h2>\n\n\n\n<p class=\"eplus-wrapper\">Ehrenbreitstein w Koblencji jest domem dla jednej z najbardziej imponuj\u0105cych fortyfikacji w Europie. Opr\u00f3cz fascynuj\u0105cego projektu architektonicznego w stylu neopruskiej fortyfikacji, oferuje r\u00f3wnie\u017c bogaty program kulturalny i imprezowy.<\/p>\n\n\n\n<p class=\"eplus-wrapper\">W twierdzy Ehrenbreitstein mo\u017cna spodziewa\u0107 si\u0119 produkcji multimedialnych, festiwali na \u015bwie\u017cym powietrzu i mn\u00f3stwa bogatej historii w Muzeum Pa\u0144stwowym w Koblencji i na imponuj\u0105cym terenie twierdzy, kt\u00f3ry go\u015bci\u0142 BUGA w 2011 roku.<\/p>\n\n\n\n<p class=\"eplus-wrapper\">Podziwiaj spektakularny widok na Koblencj\u0119, zbieg rzek Ren i Mozela przy Deutsches Eck, wpisan\u0105 na List\u0119 \u015awiatowego Dziedzictwa UNESCO Dolin\u0119 G\u00f3rnego \u015arodkowego Renu i przejed\u017a kolejk\u0105 linow\u0105 przez Ren.<\/p>\n<\/div>\n<\/div>\n\n\n<hr class=\"wp-block-separator alignwide has-text-color has-accent-2-color has-alpha-channel-opacity has-accent-2-background-color has-background eplus-wrapper\" style=\"margin-top:var(--wp--preset--spacing--30);margin-bottom:var(--wp--preset--spacing--30)\"\/>\n\n\n<div class=\"wp-block-columns alignwide are-vertically-aligned-center eplus-wrapper is-layout-flex wp-container-core-columns-is-layout-28f84493 wp-block-columns-is-layout-flex eplus-styles-uid-b5c204\">\n<div class=\"wp-block-column is-vertically-aligned-center eplus-wrapper is-layout-flow wp-block-column-is-layout-flow\" style=\"flex-basis:260px\">\n<figure class=\"wp-block-image alignleft size-full is-resized eplus-wrapper\"><img loading=\"lazy\" decoding=\"async\" width=\"260\" height=\"112\" src=\"https:\/\/forte-cultura.com\/wp-content\/uploads\/Logo-GDKE.jpg\" alt=\"\" class=\"wp-image-1781\" style=\"width:240px\" srcset=\"https:\/\/forte-cultura.com\/wp-content\/uploads\/Logo-GDKE.jpg 260w, https:\/\/forte-cultura.com\/wp-content\/uploads\/Logo-GDKE-18x8.jpg 18w, https:\/\/forte-cultura.com\/wp-content\/uploads\/Logo-GDKE-200x86.jpg 200w\" sizes=\"auto, (max-width: 260px) 100vw, 260px\" \/><\/figure>\n<\/div>\n\n\n\n<div class=\"wp-block-column is-vertically-aligned-center eplus-wrapper is-layout-flow wp-block-column-is-layout-flow\">\n<p class=\"eplus-wrapper\">Twierdza Ehrenbreitstein w Koblencji jest siedzib\u0105 Dyrekcji Generalnej ds. Dziedzictwa Kulturowego Nadrenii-Palatynatu (GDKE) i jest jednym z 11 zabytk\u00f3w fortecznych znajduj\u0105cych si\u0119 pod opiek\u0105 GDKE. <\/p>\n\n\n\n<p class=\"eplus-wrapper\">Siedziba: Ehrenbreitstein, 56077 Koblenz; <a href=\"https:\/\/gdke.rlp.de\/\" target=\"_blank\" rel=\"noreferrer noopener\">Strona internetowa GDKE<\/a><\/p>\n<\/div>\n<\/div>\n\n\n<hr class=\"wp-block-separator alignwide has-text-color has-accent-2-color has-alpha-channel-opacity has-accent-2-background-color has-background eplus-wrapper\" style=\"margin-top:var(--wp--preset--spacing--30);margin-bottom:var(--wp--preset--spacing--30)\"\/>\n\n\n\n<h4 class=\"wp-block-heading alignwide eplus-wrapper\">Linki internetowe<\/h4>\n\n\n<div class=\"wp-block-columns alignwide eplus-wrapper is-layout-flex wp-container-core-columns-is-layout-28f84493 wp-block-columns-is-layout-flex eplus-styles-uid-30cca5\">\n<div class=\"wp-block-column eplus-wrapper is-layout-flow wp-block-column-is-layout-flow\"><ul class=\"wp-block-list eplus-wrapper eplus-styles-uid-5a7b72\">\n<li class=\"eplus-wrapper\">Twierdza Ehrenbreitstein<\/li>\n\n\n\n<li class=\"eplus-wrapper\"><a href=\"https:\/\/www.museumsportal-rlp.de\/museen\/landesmuseum-koblenz\" target=\"_blank\" rel=\"noreferrer noopener\">Muzeum Pa\u0144stwowe w Koblencji<\/a><\/li>\n\n\n\n<li class=\"eplus-wrapper\"><a href=\"https:\/\/www.visit-koblenz.de\/sehenswuerdigkeiten\/festung-ehrenbreitstein\" target=\"_blank\" rel=\"noreferrer noopener\">Turystyka w Koblencji<\/a><\/li>\n\n\n\n<li class=\"eplus-wrapper\"><a href=\"https:\/\/www.seilbahn-koblenz.de\/preise-festung.html\" target=\"_blank\" rel=\"noreferrer noopener\">Kolejka linowa Koblenz<\/a><\/li>\n<\/ul><\/div>\n<\/div>\n\n<div class=\"wp-block-columns alignwide eplus-wrapper is-layout-flex wp-container-core-columns-is-layout-28f84493 wp-block-columns-is-layout-flex eplus-styles-uid-70a401\">\n<div class=\"wp-block-column eplus-wrapper is-layout-flow wp-block-column-is-layout-flow\" style=\"flex-basis:100%\">\n<h4 class=\"wp-block-heading eplus-wrapper\">Wydarzenia<\/h4>\n\n\n<ul class=\"wp-block-list eplus-wrapper eplus-styles-uid-1afc78\">\n<li class=\"eplus-wrapper\"><a href=\"https:\/\/horizonte-festival.de\/\" target=\"_blank\" rel=\"noreferrer noopener\">Festiwal Horyzonty<\/a><\/li>\n\n\n\n<li class=\"eplus-wrapper\"><a href=\"https:\/\/www.cafehahn.de\/hahn-events\/Festungssommer\" target=\"_blank\" rel=\"noreferrer noopener\">Kalendarz wydarze\u0144<\/a><\/li>\n<\/ul><\/div>\n<\/div>\n\n\n<hr class=\"wp-block-separator alignwide has-text-color has-accent-2-color has-alpha-channel-opacity has-accent-2-background-color has-background eplus-wrapper\" style=\"margin-top:var(--wp--preset--spacing--30);margin-bottom:var(--wp--preset--spacing--30)\"\/>\n\n\n<div id=\"travelersmap-container-69f7625fc8192\" class=\"travelersmap-container\" style=\"z-index: 1; min-height: 10px; min-width:10px; height:400px;width:100%; max-width:1280px; max-height:; position:relative;\"><div style=\"position:absolute; z-index:-1;top: 50%;text-align: center;display: block;left: 50%;transform: translate(-50%,-50%);\">Travellers' Map \u0142aduje si\u0119...<br>Je\u015bli zobaczysz to po ca\u0142kowitym za\u0142adowaniu strony, brakuje plik\u00f3w leafletJS.<\/div><\/div>\n\n\n\n<hr class=\"wp-block-separator alignwide has-text-color has-accent-2-color has-alpha-channel-opacity has-accent-2-background-color has-background eplus-wrapper\" style=\"margin-top:var(--wp--preset--spacing--30);margin-bottom:var(--wp--preset--spacing--30)\"\/>","protected":false},"excerpt":{"rendered":"<p>Twierdza: Imponuj\u0105ca twierdza naprzeciwko Deutsches Eck (DE)<\/p>","protected":false},"author":1,"featured_media":1785,"comment_status":"open","ping_status":"open","sticky":false,"template":"","format":"standard","meta":{"editor_plus_copied_stylings":"{}","pgc_sgb_lightbox_settings":"","_price":"","_stock":"","_tribe_ticket_header":"","_tribe_default_ticket_provider":"","_tribe_ticket_capacity":"0","_ticket_start_date":"","_ticket_end_date":"","_tribe_ticket_show_description":"","_tribe_ticket_show_not_going":false,"_tribe_ticket_use_global_stock":"","_tribe_ticket_global_stock_level":"","_global_stock_mode":"","_global_stock_cap":"","_tribe_rsvp_for_event":"","_tribe_ticket_going_count":"","_tribe_ticket_not_going_count":"","_tribe_tickets_list":"[]","_tribe_ticket_has_attendee_info_fields":false,"_EventAllDay":false,"_EventTimezone":"","_EventStartDate":"","_EventEndDate":"","_EventStartDateUTC":"","_EventEndDateUTC":"","_EventShowMap":false,"_EventShowMapLink":false,"_EventURL":"","_EventCost":"","_EventCostDescription":"","_EventCurrencySymbol":"","_EventCurrencyCode":"","_EventCurrencyPosition":"","_EventDateTimeSeparator":"","_EventTimeRangeSeparator":"","_EventOrganizerID":[],"_EventVenueID":[],"_OrganizerEmail":"","_OrganizerPhone":"","_OrganizerWebsite":"","_VenueAddress":"","_VenueCity":"","_VenueCountry":"","_VenueProvince":"","_VenueState":"","_VenueZip":"","_VenuePhone":"","_VenueURL":"","_VenueStateProvince":"","_VenueLat":"","_VenueLng":"","_VenueShowMap":false,"_VenueShowMapLink":false,"footnotes":""},"categories":[20,38,19,468,423,429],"tags":[448,461,425,87,460,447,471,56,35],"class_list":["post-1778","post","type-post","status-publish","format-standard","has-post-thumbnail","hentry","category-deutschland","category-festungssystem","category-stationen","category-parks","category-rheinland-pfalz","category-uebernachten","tag-ehrenbreitstein","tag-familie","tag-gdke","tag-jugendherberge","tag-kids","tag-koblenz","tag-konzert","tag-mosel","tag-rhein"],"_links":{"self":[{"href":"https:\/\/forte-cultura.com\/pl\/wp-json\/wp\/v2\/posts\/1778","targetHints":{"allow":["GET"]}}],"collection":[{"href":"https:\/\/forte-cultura.com\/pl\/wp-json\/wp\/v2\/posts"}],"about":[{"href":"https:\/\/forte-cultura.com\/pl\/wp-json\/wp\/v2\/types\/post"}],"author":[{"embeddable":true,"href":"https:\/\/forte-cultura.com\/pl\/wp-json\/wp\/v2\/users\/1"}],"replies":[{"embeddable":true,"href":"https:\/\/forte-cultura.com\/pl\/wp-json\/wp\/v2\/comments?post=1778"}],"version-history":[{"count":0,"href":"https:\/\/forte-cultura.com\/pl\/wp-json\/wp\/v2\/posts\/1778\/revisions"}],"wp:featuredmedia":[{"embeddable":true,"href":"https:\/\/forte-cultura.com\/pl\/wp-json\/wp\/v2\/media\/1785"}],"wp:attachment":[{"href":"https:\/\/forte-cultura.com\/pl\/wp-json\/wp\/v2\/media?parent=1778"}],"wp:term":[{"taxonomy":"category","embeddable":true,"href":"https:\/\/forte-cultura.com\/pl\/wp-json\/wp\/v2\/categories?post=1778"},{"taxonomy":"post_tag","embeddable":true,"href":"https:\/\/forte-cultura.com\/pl\/wp-json\/wp\/v2\/tags?post=1778"}],"curies":[{"name":"wp","href":"https:\/\/api.w.org\/{rel}","templated":true}]}}