{"id":1683,"date":"2024-01-08T17:10:14","date_gmt":"2024-01-08T16:10:14","guid":{"rendered":"https:\/\/forte-cultura.com\/?p=1683"},"modified":"2026-03-08T10:44:45","modified_gmt":"2026-03-08T09:44:45","slug":"griesheim-sur-souffel-fr","status":"publish","type":"post","link":"https:\/\/forte-cultura.com\/pl\/griesheim-sur-souffel-fr\/","title":{"rendered":"Griesheim-sur-Souffel (FR)"},"content":{"rendered":"<div class=\"wp-block-columns alignwide eplus-wrapper is-layout-flex wp-container-core-columns-is-layout-28f84493 wp-block-columns-is-layout-flex eplus-styles-uid-f4de92\">\n<div class=\"wp-block-column eplus-wrapper is-layout-flow wp-block-column-is-layout-flow\" style=\"flex-basis:100%\"><p class=\"eplus-wrapper eplus-styles-uid-e7c803\"><em>Stacja FORTE CULTURA: bunkier wojskowy Nellkopf (FR)<\/em><\/p>\n\n\n<h2 class=\"wp-block-heading alignwide has-large-font-size eplus-wrapper\">Baza piechoty Nellkopf I52 - punkt wsparcia piechoty Nellkopf<\/h2>\n\n\n<div class=\"wp-block-columns alignwide eplus-wrapper is-layout-flex wp-container-core-columns-is-layout-28f84493 wp-block-columns-is-layout-flex eplus-styles-uid-5d58d6\">\n<div class=\"wp-block-column eplus-wrapper is-layout-flow wp-block-column-is-layout-flow\" style=\"flex-basis:100%\"><p class=\"has-medium-font-size eplus-wrapper eplus-styles-uid-e7c803\">Niemiecka baza piechoty Nellkopf I 52, zbudowana w latach 1914-1916, znajduje si\u0119 w gminach Dingsheim i Griesheim-sur-Souffel (67370). Jest to wyj\u0105tkowy i unikalny element ufortyfikowanego pasa Strasburga, zbudowanego przez w\u0142adze niemieckie po aneksji w 1871 roku.<\/p>\n\n\n<p class=\"eplus-wrapper\">Po\u0142o\u017cony jest na stromych zboczach grzbietu Hausbergen, niezwyk\u0142ej naturalnej pozycji i jednego z ostatnich ogniw obrony Strasburga, kt\u00f3re zosta\u0142y zbudowane. Oferuje wyj\u0105tkowy widok na drogi \u0142\u0105cz\u0105ce stolic\u0119 Imperium z Kochersbergiem (na ty\u0142ach kt\u00f3rego znajduje si\u0119 Col de Saverne).<\/p>\n\n\n\n<p class=\"eplus-wrapper\">Struktura kompleksu, kt\u00f3ry zosta\u0142 zbudowany w latach 1914-1916, jest podzielona na kilka linii. Po siatce z drutu kolczastego i posterunku wartowniczym nad liniami nast\u0119puj\u0105 dwie linie bojowe. Pierwsza linia sk\u0142ada si\u0119 ze strzelnic, okop\u00f3w bojowych, ziemianki dla 10 ludzi i dw\u00f3ch opancerzonych stanowisk obserwacyjnych po\u0142\u0105czonych posterunkami wartowniczymi. Z okop\u00f3w obwodowych, kt\u00f3re zosta\u0142y przerwane przez dwie ziemianki, dochodzi si\u0119 do stanowiska flankuj\u0105cego dla dw\u00f3ch dzia\u0142 9 cm. W tylnej cz\u0119\u015bci znajduje si\u0119 schron dla 200 ludzi, kt\u00f3ry jest g\u0142\u00f3wnym pomieszczeniem tego punktu i zachowa\u0142 si\u0119 w wyj\u0105tkowo dobrym stanie.<\/p>\n\n\n\n<p class=\"eplus-wrapper\">Na szcz\u0119\u015bcie dla stacjonuj\u0105cych tu \u017co\u0142nierzy, podczas I wojny \u015bwiatowej nie dosz\u0142o do \u017cadnych walk. W rzeczywisto\u015bci stacjonowanie wojsk pozycyjnych dalej na p\u00f3\u0142noc odsun\u0119\u0142o Strasburg od linii frontu, wi\u0119c prace nad wzmocnieniem pasa zosta\u0142y wstrzymane w 1916 roku. <\/p>\n\n\n\n<hr class=\"is-style-wide wp-block-separator aligncenter has-text-color has-custom-farbe-1-color has-alpha-channel-opacity has-custom-farbe-1-background-color has-background eplus-wrapper\">\n\n\n\n<p class=\"has-text-align-center eplus-wrapper translation-block\">Baza piechoty Nellkopf jest cz\u0119\u015bci\u0105 francusko-niemieckiej sieci regionalnej <strong>FORTE CULTURA<\/strong><br><strong><a href=\"https:\/\/forte-cultura.com\/festungen-und-wehrgeschichte-am-oberrhein-1870-1999-de-fr\/\" target=\"_self\">\"Twierdze i historia obrony nad G\u00f3rnym Renem 1870-1999\"<\/a><\/strong>.<\/p>\n\n\n\n<hr class=\"is-style-wide wp-block-separator aligncenter has-text-color has-custom-farbe-1-color has-alpha-channel-opacity has-custom-farbe-1-background-color has-background eplus-wrapper\">\n\n\n\n<h4 class=\"wp-block-heading alignwide eplus-wrapper\">Linki internetowe<\/h4>\n\n\n<div class=\"wp-block-columns alignwide eplus-wrapper is-layout-flex wp-container-core-columns-is-layout-28f84493 wp-block-columns-is-layout-flex eplus-styles-uid-833803\">\n<div class=\"wp-block-column eplus-wrapper is-layout-flow wp-block-column-is-layout-flow\"><ul class=\"wp-block-list eplus-wrapper eplus-styles-uid-6f2191\"><li class=\"eplus-wrapper eplus-styles-uid-1ceed8\"><a href=\"https:\/\/www.facebook.com\/NellkopfI52\/?ref=page_internal\" target=\"_blank\" rel=\"noreferrer noopener\">Nellkopf - Baza piechoty Nellkopf I52 - Facebook<\/a><br>#alsace #devoirdem\u00e9moire #1GM #Guidesdalsace<\/li><\/ul><\/div>\n<\/div>\n\n<div class=\"wp-block-columns alignwide eplus-wrapper is-layout-flex wp-container-core-columns-is-layout-28f84493 wp-block-columns-is-layout-flex eplus-styles-uid-5852cd\">\n<div class=\"wp-block-column eplus-wrapper is-layout-flow wp-block-column-is-layout-flow\" style=\"flex-basis:100%\">\n<h4 class=\"wp-block-heading eplus-wrapper\">Wydarzenia<\/h4>\n\n\n<ul class=\"wp-block-list eplus-wrapper eplus-styles-uid-ea3ea1\"><li class=\"eplus-wrapper eplus-styles-uid-1ceed8\">\u2026<\/li><\/ul><\/div>\n<\/div><\/div>\n<\/div>\n\n<div class=\"wp-block-columns alignwide eplus-wrapper is-layout-flex wp-container-core-columns-is-layout-28f84493 wp-block-columns-is-layout-flex eplus-styles-uid-da5e9c\">\n<div class=\"wp-block-column eplus-wrapper is-layout-flow wp-block-column-is-layout-flow\">\n<h4 class=\"wp-block-heading alignwide eplus-wrapper\">Skontaktuj si\u0119 z nami<\/h4>\n\n\n\n<p class=\"eplus-wrapper\">D866, 67370 Griesheim-sur-Souffel, Francja<\/p>\n\n\n<div class=\"wp-block-columns alignwide eplus-wrapper is-layout-flex wp-container-core-columns-is-layout-28f84493 wp-block-columns-is-layout-flex eplus-styles-uid-c49ec1\">\n<div class=\"wp-block-column eplus-wrapper is-layout-flow wp-block-column-is-layout-flow\" style=\"flex-basis:100%\"><ul class=\"wp-block-list eplus-wrapper eplus-styles-uid-a1b5a9\">\n<li class=\"eplus-wrapper\">\n<\/li><\/ul><\/div>\n<\/div><\/div>\n<\/div><\/div>\n<\/div>\n\n\n<hr class=\"wp-block-separator alignwide has-text-color has-accent-2-color has-alpha-channel-opacity has-accent-2-background-color has-background eplus-wrapper\" style=\"margin-top:var(--wp--preset--spacing--30);margin-bottom:var(--wp--preset--spacing--30)\"\/>\n\n\n\n<div class=\"wp-block-group alignwide has-custom-verlauf-1-gradient-background has-background eplus-wrapper has-global-padding is-layout-constrained wp-container-core-group-is-layout-2bcd15f1 wp-block-group-is-layout-constrained\" style=\"border-radius:5px;margin-top:0;margin-bottom:0;padding-top:var(--wp--preset--spacing--30);padding-right:var(--wp--preset--spacing--40);padding-bottom:var(--wp--preset--spacing--30);padding-left:var(--wp--preset--spacing--40)\"><div class=\"wp-block-columns alignwide are-vertically-aligned-center eplus-wrapper is-layout-flex wp-container-core-columns-is-layout-47c06fe3 wp-block-columns-is-layout-flex eplus-styles-uid-bbeeb4\">\n<div class=\"wp-block-column is-vertically-aligned-center eplus-wrapper is-layout-flow wp-container-core-column-is-layout-43dc041e wp-block-column-is-layout-flow\" style=\"padding-top:0;padding-right:0;padding-bottom:0;padding-left:0;flex-basis:44%\">\n<figure class=\"wp-block-image size-full has-custom-border eplus-wrapper\"><img decoding=\"async\" src=\"https:\/\/forte-cultura.com\/wp-content\/uploads\/map_upper-rhine_%C2%A9ECCOFORT1-e1700571920353.jpg\" alt=\"\" class=\"wp-image-487\" style=\"border-radius:15px\"><\/figure>\n<\/div>\n\n\n\n<div class=\"wp-block-column is-vertically-aligned-center eplus-wrapper is-layout-flow wp-block-column-is-layout-flow\" style=\"flex-basis:56%\">\n<h2 class=\"wp-block-heading eplus-wrapper translation-block\">Dziedzictwo kulturowe zabytk\u00f3w fortecznych<br>regionu G\u00f3rnego Renu<\/h2>\n\n\n\n<p class=\"eplus-wrapper\">Region G\u00f3rnego Renu jest jednym z najbardziej spornych region\u00f3w w Europie. Ufortyfikowane zabytki ze wszystkich epok \u015bwiadcz\u0105 o tej ekscytuj\u0105cej historii kultury. Dzi\u015b s\u0105 to zabytki pe\u0142ne \u017cycia i kultury.<\/p>\n\n\n\n<p class=\"eplus-wrapper translation-block\">Odkryj histori\u0119 budowy twierdz na przestrzeni ostatnich 350 lat w <strong>30 fortecach i muzeach FORTE CULTURA nad G\u00f3rnym Renem<\/strong>.<\/p>\n\n\n\n<div class=\"wp-block-buttons eplus-wrapper is-layout-flex wp-block-buttons-is-layout-flex\"><div class=\"is-style-outline wp-block-button eplus-wrapper is-style-outline--1 eplus-styles-uid-fd6edc\"><a class=\"wp-block-button__link wp-element-button\" href=\"https:\/\/forte-cultura.com\/kulturerbe-festungsmonumente-in-der-region-oberrhein-de-fr\/\">Dowiedz si\u0119 wi\u0119cej<\/a><\/div><\/div>\n<\/div>\n<\/div><\/div>\n\n\n\n<hr class=\"wp-block-separator alignwide has-text-color has-accent-2-color has-alpha-channel-opacity has-accent-2-background-color has-background eplus-wrapper\" style=\"margin-top:var(--wp--preset--spacing--30);margin-bottom:var(--wp--preset--spacing--30)\"\/>\n\n\n<div id=\"travelersmap-container-69f731efdea95\" class=\"travelersmap-container\" style=\"z-index: 1; min-height: 10px; min-width:10px; height:400px;width:100%; max-width:1280px; max-height:; position:relative;\"><div style=\"position:absolute; z-index:-1;top: 50%;text-align: center;display: block;left: 50%;transform: translate(-50%,-50%);\">Travellers' Map \u0142aduje si\u0119...<br>Je\u015bli zobaczysz to po ca\u0142kowitym za\u0142adowaniu strony, brakuje plik\u00f3w leafletJS.<\/div><\/div>\n\n\n\n<hr class=\"wp-block-separator alignwide has-text-color has-accent-2-color has-alpha-channel-opacity has-accent-2-background-color has-background eplus-wrapper\" style=\"margin-top:var(--wp--preset--spacing--30);margin-bottom:var(--wp--preset--spacing--30)\"\/>","protected":false},"excerpt":{"rendered":"<p>Bunkier wojskowy: Baza Piechoty Nellkopf I52 (FR)<\/p>","protected":false},"author":1,"featured_media":1685,"comment_status":"open","ping_status":"open","sticky":false,"template":"","format":"standard","meta":{"editor_plus_copied_stylings":"{}","pgc_sgb_lightbox_settings":"","_price":"","_stock":"","_tribe_ticket_header":"","_tribe_default_ticket_provider":"","_tribe_ticket_capacity":"0","_ticket_start_date":"","_ticket_end_date":"","_tribe_ticket_show_description":"","_tribe_ticket_show_not_going":false,"_tribe_ticket_use_global_stock":"","_tribe_ticket_global_stock_level":"","_global_stock_mode":"","_global_stock_cap":"","_tribe_rsvp_for_event":"","_tribe_ticket_going_count":"","_tribe_ticket_not_going_count":"","_tribe_tickets_list":"[]","_tribe_ticket_has_attendee_info_fields":false,"_EventAllDay":false,"_EventTimezone":"","_EventStartDate":"","_EventEndDate":"","_EventStartDateUTC":"","_EventEndDateUTC":"","_EventShowMap":false,"_EventShowMapLink":false,"_EventURL":"","_EventCost":"","_EventCostDescription":"","_EventCurrencySymbol":"","_EventCurrencyCode":"","_EventCurrencyPosition":"","_EventDateTimeSeparator":"","_EventTimeRangeSeparator":"","_EventOrganizerID":[],"_EventVenueID":[],"_OrganizerEmail":"","_OrganizerPhone":"","_OrganizerWebsite":"","_VenueAddress":"","_VenueCity":"","_VenueCountry":"","_VenueProvince":"","_VenueState":"","_VenueZip":"","_VenuePhone":"","_VenueURL":"","_VenueStateProvince":"","_VenueLat":"","_VenueLng":"","_VenueShowMap":false,"_VenueShowMapLink":false,"footnotes":""},"categories":[417,30,36,19,48,50],"tags":[45,51,421,431,67],"class_list":["post-1683","post","type-post","status-publish","format-standard","has-post-thumbnail","hentry","category-festungen-und-wehrgeschichte-oberrhein-1870-1999","category-festungserbe-20-jh","category-festungserbe-oberrhein","category-stationen","category-frankreich","category-militaerbunker","tag-bunker","tag-elsass","tag-erster-weltkrieg","tag-strasbourg","tag-zweiter-weltkrieg"],"_links":{"self":[{"href":"https:\/\/forte-cultura.com\/pl\/wp-json\/wp\/v2\/posts\/1683","targetHints":{"allow":["GET"]}}],"collection":[{"href":"https:\/\/forte-cultura.com\/pl\/wp-json\/wp\/v2\/posts"}],"about":[{"href":"https:\/\/forte-cultura.com\/pl\/wp-json\/wp\/v2\/types\/post"}],"author":[{"embeddable":true,"href":"https:\/\/forte-cultura.com\/pl\/wp-json\/wp\/v2\/users\/1"}],"replies":[{"embeddable":true,"href":"https:\/\/forte-cultura.com\/pl\/wp-json\/wp\/v2\/comments?post=1683"}],"version-history":[{"count":0,"href":"https:\/\/forte-cultura.com\/pl\/wp-json\/wp\/v2\/posts\/1683\/revisions"}],"wp:featuredmedia":[{"embeddable":true,"href":"https:\/\/forte-cultura.com\/pl\/wp-json\/wp\/v2\/media\/1685"}],"wp:attachment":[{"href":"https:\/\/forte-cultura.com\/pl\/wp-json\/wp\/v2\/media?parent=1683"}],"wp:term":[{"taxonomy":"category","embeddable":true,"href":"https:\/\/forte-cultura.com\/pl\/wp-json\/wp\/v2\/categories?post=1683"},{"taxonomy":"post_tag","embeddable":true,"href":"https:\/\/forte-cultura.com\/pl\/wp-json\/wp\/v2\/tags?post=1683"}],"curies":[{"name":"wp","href":"https:\/\/api.w.org\/{rel}","templated":true}]}}