{"id":1038,"date":"2023-12-01T16:49:30","date_gmt":"2023-12-01T15:49:30","guid":{"rendered":"https:\/\/forte-cultura.com\/?p=1038"},"modified":"2025-07-22T11:14:44","modified_gmt":"2025-07-22T09:14:44","slug":"torgau-pl","status":"publish","type":"post","link":"https:\/\/forte-cultura.com\/pl\/torgau-de\/","title":{"rendered":"Torgau (DE)"},"content":{"rendered":"<div class=\"wp-block-columns alignwide eplus-wrapper is-layout-flex wp-container-core-columns-is-layout-28f84493 wp-block-columns-is-layout-flex eplus-styles-uid-1729fc\">\n<div class=\"wp-block-column eplus-wrapper is-layout-flow wp-block-column-is-layout-flow\" style=\"flex-basis:100%\"><p class=\" eplus-wrapper eplus-styles-uid-e7c803\"><em>FORTE CULTURA Station: Festungssystem Torgau (DE)<\/em><\/p>\n\n\n<h2 class=\" wp-block-heading alignwide has-large-font-size eplus-wrapper\"><strong>Torgau und Schloss Hartenfels<\/strong><\/h2>\n\n\n\n<h3 class=\"is-style-default wp-block-heading alignwide eplus-wrapper\" style=\"margin-top:var(--wp--preset--spacing--10);margin-bottom:var(--wp--preset--spacing--10);font-size:clamp(1.092rem, 1.092rem + ((1vw - 0.2rem) * 1.013), 1.7rem);\"><em>Lebendige Geschichte in der s\u00e4chsischen Elb- und Landesfestung erleben!<\/em><\/h3>\n\n\n\n<p class=\" eplus-wrapper\">Die Renaissancestadt Torgau mit dem Schloss Hartenfels war im 16. Jahrhundert das politische Zentrum der Reformation in Deutschland.\u00a0Bereits im 17. Jahrhundert als s\u00e4chsische Elb- und Landesfestung stark befestigt, wurde Torgau als Mitglied des Rheinbundes ab 1810 auf Befehl Napoleons zum Gro\u00dffestungssystem ausgebaut. Die Preu\u00dfen bauten Torgau ab 1813 schlie\u00dflich zur preu\u00dfischen Strom- und Grenzfestung nach preu\u00dfischer Manier gegen Sachsen aus.<\/p>\n\n\n\n<p class=\" eplus-wrapper\">Bereits im 17. Jahrhundert als s\u00e4chsische Elb- und Landesfestung stark befestigt, wurde Torgau als Mitglied des Rheinbundes ab 1810 auf Befehl Napoleons zum Gro\u00dffestungssystem ausgebaut. Nach Napoleons katastrophalen Russlandfeldzug 1812 und seiner Niederlage in der V\u00f6lkerschlacht bei Leipzig 1813 wurde Torgau von den Preu\u00dfen belagert und schlie\u00dflich eingenommen. Sie bauten sie zur preu\u00dfischen Strom- und Grenzfestung nach preu\u00dfischer Manier gegen Sachsen aus. Mit der Entwicklung von Sprenggranaten Ende des 19.Jh. wurden die Befestigungsanlagen jedoch wirkungslos und so wurde 1889 der Festungsstatus aufgegeben.<\/p>\n\n\n\n<p class=\" eplus-wrapper\">In der Folge wurden Torgauer Festungsteile wie das Fort Zinna und die Br\u00fcckenkopfkaserne zu ber\u00fcchtigten Gef\u00e4ngnisstandorten w\u00e4hrend der NS-Zeit und in der Nachkriegszeit bis 1950. Ausstellungen und Gedenkorte informieren an verschiedenen Stellen \u00fcber dieses dunkle Kapitel Stadtgeschichte. Das Fort Zinna ist heute noch Gef\u00e4ngnisstandort.<\/p>\n\n\n\n<p class=\" eplus-wrapper\">Entdecken Sie mit FORTE CULTURA die historische Torgauer Altstadt mit \u00fcber 500 Denkmalen der Sp\u00e4tgotik, der Renaissance und des Barock. Gemeinsam mit den noch erhaltenen Festungsanlagen und dem befestigten Schloss Hartenfels bilden sie ein europaweit einmaliges st\u00e4dtebauliches Ensemble. Die Stadt Torgau ist auch Station am internationalen\u00a0<a href=\"https:\/\/www.elberadweg.de\/Ort\/torgau\/\" target=\"_blank\" rel=\"noopener\">Elberadweg<\/a>, am\u00a0<a href=\"https:\/\/www.lutherweg-sachsen.de\/lutherweg_orte.cfm?wahl_ort=2#ort_2\" target=\"_blank\" rel=\"noopener\">Lutherweg in Sachsen<\/a>\u00a0und an der\u00a0<a href=\"http:\/\/www.fuerstenstrasse-sifeb.de\/\" target=\"_blank\" rel=\"noopener\">F\u00fcrstenstra\u00dfe der Wettiner<\/a>.<\/p>\n\n\n<div class=\"wp-block-columns eplus-wrapper is-layout-flex wp-container-core-columns-is-layout-28f84493 wp-block-columns-is-layout-flex eplus-styles-uid-e0f3d6\">\n<div class=\"wp-block-column eplus-wrapper is-layout-flow wp-block-column-is-layout-flow\" style=\"flex-basis:7.8%\">\n<figure class=\" wp-block-image size-full is-resized eplus-wrapper\"><img loading=\"lazy\" decoding=\"async\" width=\"445\" height=\"483\" src=\"https:\/\/forte-cultura.com\/wp-content\/uploads\/portrait-icon_EN-2.png\" alt=\"\" class=\"wp-image-1410\" style=\"width:89px;height:auto\" srcset=\"https:\/\/forte-cultura.com\/wp-content\/uploads\/portrait-icon_EN-2.png 445w, https:\/\/forte-cultura.com\/wp-content\/uploads\/portrait-icon_EN-2-276x300.png 276w, https:\/\/forte-cultura.com\/wp-content\/uploads\/portrait-icon_EN-2-200x217.png 200w\" sizes=\"auto, (max-width: 445px) 100vw, 445px\" \/><\/figure>\n<\/div>\n\n\n\n<div class=\"wp-block-column is-vertically-aligned-bottom eplus-wrapper is-layout-flow wp-block-column-is-layout-flow\" style=\"flex-basis:90%\">\n<h2 class=\"wp-block-heading has-custom-farbe-1-color has-text-color has-link-color has-large-font-size eplus-wrapper wp-elements-3ac9ef55eab61f5a10a180731ef8fa09\"><strong>Lernen Sie das <strong>Festungssystem Torgau an der Elbe <\/strong>kennen<\/strong>:<\/h2>\n<\/div>\n<\/div>\n\n\n<div class=\"wp-block-kadence-accordion aligncenter\"><div class=\"kt-accordion-wrap kt-accordion-id1038_e9410f-9f kt-accordion-has-6-panes kt-active-pane-0 kt-accordion-block kt-pane-header-alignment-left kt-accodion-icon-style-arrow kt-accodion-icon-side-left\" style=\"max-width:none\"><div class=\"kt-accordion-inner-wrap\" data-allow-multiple-open=\"true\" data-start-open=\"none\">\n<div class=\"wp-block-kadence-pane kt-accordion-pane kt-accordion-pane-1 kt-pane1038_294aa2-fe\"><div class=\"kt-accordion-header-wrap\"><button class=\"kt-blocks-accordion-header kt-acccordion-button-label-show\" type=\"button\"><span class=\"kt-blocks-accordion-title-wrap\"><span class=\"kt-blocks-accordion-title\">Monument und Erlebnis<\/span><\/span><span class=\"kt-blocks-accordion-icon-trigger\"><\/span><\/button><\/div><div class=\"kt-accordion-panel kt-accordion-panel-hidden\"><div class=\"kt-accordion-panel-inner\"><div class=\"wp-block-columns is-not-stacked-on-mobile has-background eplus-wrapper is-layout-flex wp-container-core-columns-is-layout-6fff4716 wp-block-columns-is-layout-flex eplus-styles-uid-00d1c8\" style=\"border-radius:5px;background:linear-gradient(0deg,rgb(228,222,208) 0%,rgb(242,236,221) 52%,rgb(228,222,208) 95%);margin-bottom:10px\">\n<div class=\"wp-block-column is-vertically-aligned-center eplus-wrapper is-layout-flow wp-block-column-is-layout-flow\" style=\"flex-basis:4.4%\">\n<figure class=\" wp-block-image aligncenter size-large is-resized eplus-wrapper\"><img loading=\"lazy\" decoding=\"async\" width=\"1024\" height=\"981\" src=\"https:\/\/forte-cultura.com\/wp-content\/uploads\/grossfestung_mittel-1024x981.png\" alt=\"\" class=\"wp-image-1909\" style=\"width:52px;height:auto\" srcset=\"https:\/\/forte-cultura.com\/wp-content\/uploads\/grossfestung_mittel-1024x981.png 1024w, https:\/\/forte-cultura.com\/wp-content\/uploads\/grossfestung_mittel-300x287.png 300w, https:\/\/forte-cultura.com\/wp-content\/uploads\/grossfestung_mittel-768x735.png 768w, https:\/\/forte-cultura.com\/wp-content\/uploads\/grossfestung_mittel-1536x1471.png 1536w, https:\/\/forte-cultura.com\/wp-content\/uploads\/grossfestung_mittel-13x12.png 13w, https:\/\/forte-cultura.com\/wp-content\/uploads\/grossfestung_mittel-200x192.png 200w, https:\/\/forte-cultura.com\/wp-content\/uploads\/grossfestung_mittel.png 1771w\" sizes=\"auto, (max-width: 1024px) 100vw, 1024px\" \/><\/figure>\n<\/div>\n\n\n\n<div class=\"wp-block-column is-vertically-aligned-center eplus-wrapper is-layout-flow wp-block-column-is-layout-flow\" style=\"flex-basis:90%\">\n<p style=\"font-size:clamp(0.875rem, 0.875rem + ((1vw - 0.2rem) * 0.125), 0.95rem);\" class=\" eplus-wrapper\"><em>Torgau war ein <strong><a href=\"https:\/\/forte-cultura.com\/kulturerbe-festungsmonumente\/geschichte-des-festungsbaus\/festungsbau-vom-15-19-jahrhundert\/grossfestungen\/\" data-type=\"page\" data-id=\"2128\">Gro\u00dffestungssystem<\/a><\/strong>, bestehend aus Stadtbefestigung, Au\u00dfenforts und dem befestigten Schloss Hartenfels.<\/em><\/p>\n<\/div>\n<\/div>\n\n<div class=\"wp-block-columns has-border-color has-accent-border-color has-base-background-color has-background eplus-wrapper is-layout-flex wp-container-core-columns-is-layout-88ebb0ee wp-block-columns-is-layout-flex eplus-styles-uid-df3175\" style=\"border-width:1px;border-radius:5px;padding-top:var(--wp--preset--spacing--10);padding-right:var(--wp--preset--spacing--10);padding-bottom:var(--wp--preset--spacing--10);padding-left:var(--wp--preset--spacing--10)\">\n<div class=\"wp-block-column is-vertically-aligned-top eplus-wrapper is-layout-flow wp-container-core-column-is-layout-28686296 wp-block-column-is-layout-flow\" style=\"padding-top:5px;padding-right:5px;padding-bottom:5px;padding-left:5px;flex-basis:24%\"><figure data-wp-context='{\"imageId\":\"69f506dc336e6\"}' data-wp-interactive=\"core\/image\" data-wp-key=\"69f506dc336e6\" class=\"wp-block-image aligncenter size-large is-resized eplus-wrapper eplus-styles-uid-70f882 wp-lightbox-container\" style=\"margin-top:5px;margin-right:5px;margin-bottom:5px;margin-left:5px\"><img decoding=\"async\" data-wp-class--hide=\"state.isContentHidden\" data-wp-class--show=\"state.isContentVisible\" data-wp-init=\"callbacks.setButtonStyles\" data-wp-on--click=\"actions.showLightbox\" data-wp-on--load=\"callbacks.setButtonStyles\" data-wp-on-window--resize=\"callbacks.setButtonStyles\" src=\"https:\/\/forte-cultura.com\/wp-content\/uploads\/m7tBzcMyTWK9-Hartenfels-Castle-Torgau%C2%A9PhilippHerfort_w-1024x682.jpg\" alt=\"\" class=\"wp-image-3539\" style=\"width:287px;height:auto\"><button class=\"lightbox-trigger\" type=\"button\" aria-haspopup=\"dialog\" aria-label=\"Powi\u0119ksz\" data-wp-init=\"callbacks.initTriggerButton\" data-wp-on--click=\"actions.showLightbox\" data-wp-style--right=\"state.imageButtonRight\" data-wp-style--top=\"state.imageButtonTop\">\n\t\t\t<svg xmlns=\"http:\/\/www.w3.org\/2000\/svg\" width=\"12\" height=\"12\" fill=\"none\" viewbox=\"0 0 12 12\">\n\t\t\t\t<path fill=\"#fff\" d=\"M2 0a2 2 0 0 0-2 2v2h1.5V2a.5.5 0 0 1 .5-.5h2V0H2Zm2 10.5H2a.5.5 0 0 1-.5-.5V8H0v2a2 2 0 0 0 2 2h2v-1.5ZM8 12v-1.5h2a.5.5 0 0 0 .5-.5V8H12v2a2 2 0 0 1-2 2H8Zm2-12a2 2 0 0 1 2 2v2h-1.5V2a.5.5 0 0 0-.5-.5H8V0h2Z\"><\/path>\n\t\t\t<\/svg>\n\t\t<\/button><\/figure><\/div>\n\n\n\n<div class=\"wp-block-column is-vertically-aligned-center eplus-wrapper is-layout-flow wp-container-core-column-is-layout-2ad53c50 wp-block-column-is-layout-flow\" style=\"padding-top:5px;padding-right:5px;padding-bottom:5px;padding-left:5px;flex-basis:70%\">\n<p class=\" has-medium-font-size eplus-wrapper\" style=\"font-style:normal;font-weight:400\"><strong>Befestigtes Schloss Hartenfels<\/strong><\/p>\n\n\n\n<p style=\"font-size:clamp(0.875rem, 0.875rem + ((1vw - 0.2rem) * 0.042), 0.9rem);font-style:normal;font-weight:400;line-height:1.3\" class=\" eplus-wrapper\">Schloss Hartenfels im Stil der Renaissance war \u00fcber Jahrhunderte Schauplatz verschiedener historisch bedeutsamer Ereignisse. Mit seiner Geschichte eng verbunden sind Namen wie Martin Luther, die Kurf\u00fcrsten Friedrich der Weise und Johann Friedrich der Gro\u00dfm\u00fctige, Zar Peter der I. und K\u00fcnstler wie Lucas Cranach und Heinrich Sch\u00fctz. Im seit 1452 in Torgau betriebenen B\u00e4rengraben tummeln sich auch heute noch 2 Braunb\u00e4ren.<\/p>\n\n\n\n<p style=\"font-size:clamp(0.875rem, 0.875rem + ((1vw - 0.2rem) * 0.042), 0.9rem);font-style:normal;font-weight:400;line-height:1.3\" class=\" eplus-wrapper\">Beim Bau der Festung Torgau wurde ab 1811 auch das Schloss zu einer wehrhaften Befestigung umgebaut. Einblicke in die Baugeschichte des Schlosses gew\u00e4hrt das Lapidarium in den sehenswerten Gew\u00f6lben unter der Unteren Hofstube. In der Ausstellung \u201eStandfest.Bibelfest.Trinkfest.\u201c in den ehemaligen kurf\u00fcrstlichen Gem\u00e4chern geht es nicht nur um das Leben der Kurf\u00fcrsten vor gut 500 Jahren auf Schloss Hartenfels, sondern auch um die Festungszeit Torgaus.<\/p>\n\n\n\n<div class=\"wp-block-buttons eplus-wrapper is-content-justification-center is-layout-flex wp-container-core-buttons-is-layout-a89b3969 wp-block-buttons-is-layout-flex\"><div class=\" wp-block-button eplus-wrapper eplus-styles-uid-85cb35\"><a class=\"wp-block-button__link wp-element-button\" href=\"https:\/\/www.schloss-hartenfels.de\/\" target=\"_blank\" rel=\"noreferrer noopener\">Schloss Hartenfels<\/a><\/div><\/div>\n<\/div>\n<\/div>\n\n<div class=\"wp-block-columns has-border-color has-accent-border-color has-base-background-color has-background eplus-wrapper is-layout-flex wp-container-core-columns-is-layout-88ebb0ee wp-block-columns-is-layout-flex eplus-styles-uid-e169dd\" style=\"border-width:1px;border-radius:5px;padding-top:var(--wp--preset--spacing--10);padding-right:var(--wp--preset--spacing--10);padding-bottom:var(--wp--preset--spacing--10);padding-left:var(--wp--preset--spacing--10)\">\n<div class=\"wp-block-column is-vertically-aligned-top eplus-wrapper is-layout-flow wp-container-core-column-is-layout-bd97847e wp-block-column-is-layout-flow\" style=\"padding-top:5px;padding-right:5px;padding-bottom:5px;padding-left:5px;flex-basis:24%\"><figure data-wp-context='{\"imageId\":\"69f506dc35070\"}' data-wp-interactive=\"core\/image\" data-wp-key=\"69f506dc35070\" class=\"wp-block-image aligncenter size-full is-resized eplus-wrapper eplus-styles-uid-70f882 wp-lightbox-container\" style=\"margin-top:5px;margin-right:5px;margin-bottom:5px;margin-left:5px\"><img loading=\"lazy\" decoding=\"async\" width=\"1000\" height=\"563\" data-wp-class--hide=\"state.isContentHidden\" data-wp-class--show=\"state.isContentVisible\" data-wp-init=\"callbacks.setButtonStyles\" data-wp-on--click=\"actions.showLightbox\" data-wp-on--load=\"callbacks.setButtonStyles\" data-wp-on-window--resize=\"callbacks.setButtonStyles\" src=\"https:\/\/forte-cultura.com\/wp-content\/uploads\/Torgau-Kulturbastion_20180828_DR.jpg\" alt=\"\" class=\"wp-image-3578\" style=\"width:287px;height:auto\" srcset=\"https:\/\/forte-cultura.com\/wp-content\/uploads\/Torgau-Kulturbastion_20180828_DR.jpg 1000w, https:\/\/forte-cultura.com\/wp-content\/uploads\/Torgau-Kulturbastion_20180828_DR-300x169.jpg 300w, https:\/\/forte-cultura.com\/wp-content\/uploads\/Torgau-Kulturbastion_20180828_DR-768x432.jpg 768w, https:\/\/forte-cultura.com\/wp-content\/uploads\/Torgau-Kulturbastion_20180828_DR-18x10.jpg 18w\" sizes=\"auto, (max-width: 1000px) 100vw, 1000px\" \/><button class=\"lightbox-trigger\" type=\"button\" aria-haspopup=\"dialog\" aria-label=\"Powi\u0119ksz\" data-wp-init=\"callbacks.initTriggerButton\" data-wp-on--click=\"actions.showLightbox\" data-wp-style--right=\"state.imageButtonRight\" data-wp-style--top=\"state.imageButtonTop\">\n\t\t\t<svg xmlns=\"http:\/\/www.w3.org\/2000\/svg\" width=\"12\" height=\"12\" fill=\"none\" viewbox=\"0 0 12 12\">\n\t\t\t\t<path fill=\"#fff\" d=\"M2 0a2 2 0 0 0-2 2v2h1.5V2a.5.5 0 0 1 .5-.5h2V0H2Zm2 10.5H2a.5.5 0 0 1-.5-.5V8H0v2a2 2 0 0 0 2 2h2v-1.5ZM8 12v-1.5h2a.5.5 0 0 0 .5-.5V8H12v2a2 2 0 0 1-2 2H8Zm2-12a2 2 0 0 1 2 2v2h-1.5V2a.5.5 0 0 0-.5-.5H8V0h2Z\"><\/path>\n\t\t\t<\/svg>\n\t\t<\/button><\/figure><\/div>\n\n\n\n<div class=\"wp-block-column is-vertically-aligned-center eplus-wrapper is-layout-flow wp-container-core-column-is-layout-2ad53c50 wp-block-column-is-layout-flow\" style=\"padding-top:5px;padding-right:5px;padding-bottom:5px;padding-left:5px;flex-basis:70%\">\n<p class=\" has-medium-font-size eplus-wrapper\" style=\"font-style:normal;font-weight:400\"><strong>Kulturbastion<\/strong><\/p>\n\n\n\n<p style=\"font-size:clamp(0.875rem, 0.875rem + ((1vw - 0.2rem) * 0.042), 0.9rem);font-style:normal;font-weight:400;line-height:1.3\" class=\" eplus-wrapper\">Im Zuge des Festungsausbaus ab 1810 durch die Franzosen wurde die Stadt auch mit 8 Bastionen befestigt. Die Bastionen verf\u00fcgten \u00fcber Flankenkasematten, bombensichere R\u00e4ume in den seitlichen Bastionsbegrenzungen. Die rechte Flankenkasematte der ehemaligen Bastion II hatte seither viele Nutzungen, zumeist als Lager.<\/p>\n\n\n\n<p style=\"font-size:clamp(0.875rem, 0.875rem + ((1vw - 0.2rem) * 0.042), 0.9rem);font-style:normal;font-weight:400;line-height:1.3\" class=\" eplus-wrapper\">2005 entstand schlie\u00dflich die heutige Kulturbastion mit Jugendzentrum. Sie empf\u00e4ngt j\u00e4hrlich viele Tausend Besucher mit ihrem umfangreichen Kulturprogramm aus Kino, Konzerten, Kabarett, Lesungen und vielem mehr.<\/p>\n\n\n\n<div class=\"wp-block-buttons eplus-wrapper is-content-justification-center is-layout-flex wp-container-core-buttons-is-layout-a89b3969 wp-block-buttons-is-layout-flex\"><div class=\" wp-block-button eplus-wrapper eplus-styles-uid-40ba82\"><a class=\"wp-block-button__link wp-element-button\" href=\"https:\/\/www.kulturbastion.de\/\" target=\"_blank\" rel=\"noreferrer noopener\">Kulturbastion<\/a><\/div>\n\n<div class=\" wp-block-button eplus-wrapper eplus-styles-uid-ede52c\"><a class=\"wp-block-button__link wp-element-button\" href=\"https:\/\/www.kulturbastion.de\/verein\" target=\"_blank\" rel=\"noreferrer noopener\">Verein KAP Torgau e.V.<\/a><\/div>\n\n<div class=\" wp-block-button eplus-wrapper eplus-styles-uid-aa3144\"><a class=\"wp-block-button__link wp-element-button\" href=\"https:\/\/www.kulturbastion.de\/%20prog\/all\" target=\"_blank\" rel=\"noreferrer noopener\">Programm<\/a><\/div><\/div>\n<\/div>\n<\/div>\n\n<div class=\"wp-block-columns has-border-color has-accent-border-color has-base-background-color has-background eplus-wrapper is-layout-flex wp-container-core-columns-is-layout-88ebb0ee wp-block-columns-is-layout-flex eplus-styles-uid-c4fc44\" style=\"border-width:1px;border-radius:5px;padding-top:var(--wp--preset--spacing--10);padding-right:var(--wp--preset--spacing--10);padding-bottom:var(--wp--preset--spacing--10);padding-left:var(--wp--preset--spacing--10)\">\n<div class=\"wp-block-column is-vertically-aligned-top eplus-wrapper is-layout-flow wp-container-core-column-is-layout-bd97847e wp-block-column-is-layout-flow\" style=\"padding-top:5px;padding-right:5px;padding-bottom:5px;padding-left:5px;flex-basis:24%\"><figure data-wp-context='{\"imageId\":\"69f506dc36de0\"}' data-wp-interactive=\"core\/image\" data-wp-key=\"69f506dc36de0\" class=\"wp-block-image aligncenter size-full is-resized eplus-wrapper eplus-styles-uid-70f882 wp-lightbox-container\" style=\"margin-top:5px;margin-right:5px;margin-bottom:5px;margin-left:5px\"><img loading=\"lazy\" decoding=\"async\" width=\"1800\" height=\"1200\" data-wp-class--hide=\"state.isContentHidden\" data-wp-class--show=\"state.isContentVisible\" data-wp-init=\"callbacks.setButtonStyles\" data-wp-on--click=\"actions.showLightbox\" data-wp-on--load=\"callbacks.setButtonStyles\" data-wp-on-window--resize=\"callbacks.setButtonStyles\" src=\"https:\/\/forte-cultura.com\/wp-content\/uploads\/Torgau_Fort_Zinna_Graben_und_Pulvermagazin_in_Bastion_4_Norhei.jpg\" alt=\"\" class=\"wp-image-3584\" style=\"width:287px;height:auto\" srcset=\"https:\/\/forte-cultura.com\/wp-content\/uploads\/Torgau_Fort_Zinna_Graben_und_Pulvermagazin_in_Bastion_4_Norhei.jpg 1800w, https:\/\/forte-cultura.com\/wp-content\/uploads\/Torgau_Fort_Zinna_Graben_und_Pulvermagazin_in_Bastion_4_Norhei-300x200.jpg 300w, https:\/\/forte-cultura.com\/wp-content\/uploads\/Torgau_Fort_Zinna_Graben_und_Pulvermagazin_in_Bastion_4_Norhei-1024x683.jpg 1024w, https:\/\/forte-cultura.com\/wp-content\/uploads\/Torgau_Fort_Zinna_Graben_und_Pulvermagazin_in_Bastion_4_Norhei-768x512.jpg 768w, https:\/\/forte-cultura.com\/wp-content\/uploads\/Torgau_Fort_Zinna_Graben_und_Pulvermagazin_in_Bastion_4_Norhei-1536x1024.jpg 1536w, https:\/\/forte-cultura.com\/wp-content\/uploads\/Torgau_Fort_Zinna_Graben_und_Pulvermagazin_in_Bastion_4_Norhei-18x12.jpg 18w, https:\/\/forte-cultura.com\/wp-content\/uploads\/Torgau_Fort_Zinna_Graben_und_Pulvermagazin_in_Bastion_4_Norhei-1200x800.jpg 1200w\" sizes=\"auto, (max-width: 1800px) 100vw, 1800px\" \/><button class=\"lightbox-trigger\" type=\"button\" aria-haspopup=\"dialog\" aria-label=\"Powi\u0119ksz\" data-wp-init=\"callbacks.initTriggerButton\" data-wp-on--click=\"actions.showLightbox\" data-wp-style--right=\"state.imageButtonRight\" data-wp-style--top=\"state.imageButtonTop\">\n\t\t\t<svg xmlns=\"http:\/\/www.w3.org\/2000\/svg\" width=\"12\" height=\"12\" fill=\"none\" viewbox=\"0 0 12 12\">\n\t\t\t\t<path fill=\"#fff\" d=\"M2 0a2 2 0 0 0-2 2v2h1.5V2a.5.5 0 0 1 .5-.5h2V0H2Zm2 10.5H2a.5.5 0 0 1-.5-.5V8H0v2a2 2 0 0 0 2 2h2v-1.5ZM8 12v-1.5h2a.5.5 0 0 0 .5-.5V8H12v2a2 2 0 0 1-2 2H8Zm2-12a2 2 0 0 1 2 2v2h-1.5V2a.5.5 0 0 0-.5-.5H8V0h2Z\"><\/path>\n\t\t\t<\/svg>\n\t\t<\/button><\/figure><\/div>\n\n\n\n<div class=\"wp-block-column is-vertically-aligned-center eplus-wrapper is-layout-flow wp-container-core-column-is-layout-2ad53c50 wp-block-column-is-layout-flow\" style=\"padding-top:5px;padding-right:5px;padding-bottom:5px;padding-left:5px;flex-basis:70%\">\n<p class=\" has-medium-font-size eplus-wrapper\" style=\"font-style:normal;font-weight:400\"><strong>Fort Zinna<\/strong><\/p>\n\n\n\n<p style=\"font-size:clamp(0.875rem, 0.875rem + ((1vw - 0.2rem) * 0.042), 0.9rem);font-style:normal;font-weight:400;line-height:1.3\" class=\" eplus-wrapper\">Das 1811 durch die Franzosen errichtete Fort Zinna war ein unabh\u00e4ngiges Vorwerk der Festung Torgau. Mit dem Wegfall des Festungsstatus von Torgau wird es ab 1890 als Gef\u00e4ngnis umgenutzt. Zun\u00e4chst Milit\u00e4rgef\u00e4ngnis der preu\u00dfischen Armee, wurden w\u00e4hrend des Ersten Weltkrieges kriegsgefangene Offiziere interniert. Ab 1919 war es ziviles Strafgef\u00e4ngnis, ab 1933 Gef\u00e4ngnis f\u00fcr politische Gegner des Nationalsozialismus und ab 1936 Wehrmachtsgef\u00e4ngnis. Von 1945-48 nutzte die sowjetische Besatzungsmacht das Fort als Speziallager. Ab 1950 geh\u00f6rte das ehemalige Fort zum Strafvollzug der DDR und ab 1989 der BRD.<\/p>\n\n\n\n<p style=\"font-size:clamp(0.875rem, 0.875rem + ((1vw - 0.2rem) * 0.042), 0.9rem);font-style:normal;font-weight:400;line-height:1.3\" class=\" eplus-wrapper\">Am Fort befindet sich ein Gedenkort f\u00fcr die Opfer der NS-Milit\u00e4rjustiz, der sowjetischen Besatzungszeit und der DDR-Strafjustiz. Der Erinnerungsort Torgau unterh\u00e4lt dazu eine Dauerausstellung im Schloss Hartenfels.<\/p>\n\n\n\n<div class=\"wp-block-buttons eplus-wrapper is-content-justification-center is-layout-flex wp-container-core-buttons-is-layout-a89b3969 wp-block-buttons-is-layout-flex\"><div class=\" wp-block-button eplus-wrapper eplus-styles-uid-124e09\"><a class=\"wp-block-button__link wp-element-button\" href=\"https:\/\/www.stsg.de\/cms\/torgau\/startseite\" target=\"_blank\" rel=\"noreferrer noopener\">Erinnerungsort Torgau<\/a><\/div>\n\n<div class=\" wp-block-button eplus-wrapper eplus-styles-uid-b4ff5e\"><a class=\"wp-block-button__link wp-element-button\" href=\"https:\/\/www.stsg.de\/cms\/index.php\" target=\"_blank\" rel=\"noreferrer noopener\">Stiftung S\u00e4chsische Gedenkst\u00e4tten<\/a><\/div><\/div>\n<\/div>\n<\/div>\n\n<div class=\"wp-block-columns has-border-color has-accent-border-color has-base-background-color has-background eplus-wrapper is-layout-flex wp-container-core-columns-is-layout-88ebb0ee wp-block-columns-is-layout-flex eplus-styles-uid-978fc3\" style=\"border-width:1px;border-radius:5px;padding-top:var(--wp--preset--spacing--10);padding-right:var(--wp--preset--spacing--10);padding-bottom:var(--wp--preset--spacing--10);padding-left:var(--wp--preset--spacing--10)\">\n<div class=\"wp-block-column is-vertically-aligned-top eplus-wrapper is-layout-flow wp-container-core-column-is-layout-bd97847e wp-block-column-is-layout-flow\" style=\"padding-top:5px;padding-right:5px;padding-bottom:5px;padding-left:5px;flex-basis:24%\"><figure data-wp-context='{\"imageId\":\"69f506dc38362\"}' data-wp-interactive=\"core\/image\" data-wp-key=\"69f506dc38362\" class=\"wp-block-image aligncenter size-full is-resized eplus-wrapper eplus-styles-uid-70f882 wp-lightbox-container\" style=\"margin-top:5px;margin-right:5px;margin-bottom:5px;margin-left:5px\"><img loading=\"lazy\" decoding=\"async\" width=\"1691\" height=\"967\" data-wp-class--hide=\"state.isContentHidden\" data-wp-class--show=\"state.isContentVisible\" data-wp-init=\"callbacks.setButtonStyles\" data-wp-on--click=\"actions.showLightbox\" data-wp-on--load=\"callbacks.setButtonStyles\" data-wp-on-window--resize=\"callbacks.setButtonStyles\" src=\"https:\/\/forte-cultura.com\/wp-content\/uploads\/Brueckenkopf.jpg\" alt=\"\" class=\"wp-image-3629\" style=\"width:287px;height:auto\" srcset=\"https:\/\/forte-cultura.com\/wp-content\/uploads\/Brueckenkopf.jpg 1691w, https:\/\/forte-cultura.com\/wp-content\/uploads\/Brueckenkopf-300x172.jpg 300w, https:\/\/forte-cultura.com\/wp-content\/uploads\/Brueckenkopf-1024x586.jpg 1024w, https:\/\/forte-cultura.com\/wp-content\/uploads\/Brueckenkopf-768x439.jpg 768w, https:\/\/forte-cultura.com\/wp-content\/uploads\/Brueckenkopf-1536x878.jpg 1536w, https:\/\/forte-cultura.com\/wp-content\/uploads\/Brueckenkopf-18x10.jpg 18w\" sizes=\"auto, (max-width: 1691px) 100vw, 1691px\" \/><button class=\"lightbox-trigger\" type=\"button\" aria-haspopup=\"dialog\" aria-label=\"Powi\u0119ksz\" data-wp-init=\"callbacks.initTriggerButton\" data-wp-on--click=\"actions.showLightbox\" data-wp-style--right=\"state.imageButtonRight\" data-wp-style--top=\"state.imageButtonTop\">\n\t\t\t<svg xmlns=\"http:\/\/www.w3.org\/2000\/svg\" width=\"12\" height=\"12\" fill=\"none\" viewbox=\"0 0 12 12\">\n\t\t\t\t<path fill=\"#fff\" d=\"M2 0a2 2 0 0 0-2 2v2h1.5V2a.5.5 0 0 1 .5-.5h2V0H2Zm2 10.5H2a.5.5 0 0 1-.5-.5V8H0v2a2 2 0 0 0 2 2h2v-1.5ZM8 12v-1.5h2a.5.5 0 0 0 .5-.5V8H12v2a2 2 0 0 1-2 2H8Zm2-12a2 2 0 0 1 2 2v2h-1.5V2a.5.5 0 0 0-.5-.5H8V0h2Z\"><\/path>\n\t\t\t<\/svg>\n\t\t<\/button><\/figure><\/div>\n\n\n\n<div class=\"wp-block-column is-vertically-aligned-center eplus-wrapper is-layout-flow wp-container-core-column-is-layout-2ad53c50 wp-block-column-is-layout-flow\" style=\"padding-top:5px;padding-right:5px;padding-bottom:5px;padding-left:5px;flex-basis:70%\">\n<p class=\" has-medium-font-size eplus-wrapper\" style=\"font-style:normal;font-weight:400\"><strong>Fort Br\u00fcckenkopf mit Defensionskaserne<\/strong><\/p>\n\n\n\n<p style=\"font-size:clamp(0.875rem, 0.875rem + ((1vw - 0.2rem) * 0.042), 0.9rem);font-style:normal;font-weight:400;line-height:1.3\" class=\" eplus-wrapper\">Bereits im fr\u00fchen 17. Jahrhundert entstand auf der \u00f6stlichen Elbeseite eine Br\u00fcckenschanze als Teil der s\u00e4chsischen Landesfestung Torgau. Immer wieder verst\u00e4rkt und ausgebaut erh\u00e4lt sie ihre endg\u00fcltige Form durch die Franzosen 1811-13 bzw. anschlie\u00dfend durch die Preu\u00dfen als Br\u00fcckenkopf mit Defensionskaserne. W\u00e4hrend des Zweiten Weltkrieg wurde auch dieses Areal als Milit\u00e4rstrafanstalt genutzt.<\/p>\n\n\n\n<p style=\"font-size:clamp(0.875rem, 0.875rem + ((1vw - 0.2rem) * 0.042), 0.9rem);font-style:normal;font-weight:400;line-height:1.3\" class=\" eplus-wrapper\">Heute wird das Fort Br\u00fcckenkopf mit den verbliebenen Bauwerken durch den IG Rock e.V. betrieben. 10 Prober\u00e4ume stehen f\u00fcr ortsans\u00e4ssige Musikgruppen zur Verf\u00fcgung und das Gel\u00e4nde wird f\u00fcr Konzerte genutzt.<\/p>\n\n\n\n<div class=\"wp-block-buttons eplus-wrapper is-content-justification-center is-layout-flex wp-container-core-buttons-is-layout-a89b3969 wp-block-buttons-is-layout-flex\"><div class=\" wp-block-button eplus-wrapper eplus-styles-uid-f22c68\"><a class=\"wp-block-button__link wp-element-button\" href=\"http:\/\/www.brueckenkopf-torgau.de\/\" target=\"_blank\" rel=\"noreferrer noopener\">IG Rock e.V.<\/a><\/div>\n\n<div class=\" wp-block-button eplus-wrapper eplus-styles-uid-a9fdb7\"><a class=\"wp-block-button__link wp-element-button\" href=\"https:\/\/www.stsg.de\/cms\/torgau\/startseite\" target=\"_blank\" rel=\"noreferrer noopener\">Das ehemalige Wehrmachtsgef\u00e4ngnis Br\u00fcckenkopf<\/a><\/div><\/div>\n<\/div>\n<\/div>\n\n<div class=\"wp-block-columns are-vertically-aligned-center has-border-color has-accent-border-color has-base-background-color has-background eplus-wrapper is-layout-flex wp-container-core-columns-is-layout-88ebb0ee wp-block-columns-is-layout-flex eplus-styles-uid-df0ad1\" style=\"border-width:1px;border-radius:5px;padding-top:var(--wp--preset--spacing--10);padding-right:var(--wp--preset--spacing--10);padding-bottom:var(--wp--preset--spacing--10);padding-left:var(--wp--preset--spacing--10)\">\n<div class=\"wp-block-column is-vertically-aligned-center eplus-wrapper is-layout-flow wp-container-core-column-is-layout-bd97847e wp-block-column-is-layout-flow\" style=\"padding-top:5px;padding-right:5px;padding-bottom:5px;padding-left:5px;flex-basis:24%\"><figure data-wp-context='{\"imageId\":\"69f506dc39523\"}' data-wp-interactive=\"core\/image\" data-wp-key=\"69f506dc39523\" class=\"wp-block-image aligncenter size-full is-resized eplus-wrapper eplus-styles-uid-70f882 wp-lightbox-container\" style=\"margin-top:5px;margin-right:5px;margin-bottom:5px;margin-left:5px\"><img loading=\"lazy\" decoding=\"async\" width=\"1000\" height=\"667\" data-wp-class--hide=\"state.isContentHidden\" data-wp-class--show=\"state.isContentVisible\" data-wp-init=\"callbacks.setButtonStyles\" data-wp-on--click=\"actions.showLightbox\" data-wp-on--load=\"callbacks.setButtonStyles\" data-wp-on-window--resize=\"callbacks.setButtonStyles\" src=\"https:\/\/forte-cultura.com\/wp-content\/uploads\/1920px-Torgau_Eisenbahnbruecke_Brueckenkoepfe-05a_Radler591.jpg\" alt=\"\" class=\"wp-image-3591\" style=\"width:287px;height:auto\" srcset=\"https:\/\/forte-cultura.com\/wp-content\/uploads\/1920px-Torgau_Eisenbahnbruecke_Brueckenkoepfe-05a_Radler591.jpg 1000w, https:\/\/forte-cultura.com\/wp-content\/uploads\/1920px-Torgau_Eisenbahnbruecke_Brueckenkoepfe-05a_Radler591-300x200.jpg 300w, https:\/\/forte-cultura.com\/wp-content\/uploads\/1920px-Torgau_Eisenbahnbruecke_Brueckenkoepfe-05a_Radler591-768x512.jpg 768w, https:\/\/forte-cultura.com\/wp-content\/uploads\/1920px-Torgau_Eisenbahnbruecke_Brueckenkoepfe-05a_Radler591-18x12.jpg 18w\" sizes=\"auto, (max-width: 1000px) 100vw, 1000px\" \/><button class=\"lightbox-trigger\" type=\"button\" aria-haspopup=\"dialog\" aria-label=\"Powi\u0119ksz\" data-wp-init=\"callbacks.initTriggerButton\" data-wp-on--click=\"actions.showLightbox\" data-wp-style--right=\"state.imageButtonRight\" data-wp-style--top=\"state.imageButtonTop\">\n\t\t\t<svg xmlns=\"http:\/\/www.w3.org\/2000\/svg\" width=\"12\" height=\"12\" fill=\"none\" viewbox=\"0 0 12 12\">\n\t\t\t\t<path fill=\"#fff\" d=\"M2 0a2 2 0 0 0-2 2v2h1.5V2a.5.5 0 0 1 .5-.5h2V0H2Zm2 10.5H2a.5.5 0 0 1-.5-.5V8H0v2a2 2 0 0 0 2 2h2v-1.5ZM8 12v-1.5h2a.5.5 0 0 0 .5-.5V8H12v2a2 2 0 0 1-2 2H8Zm2-12a2 2 0 0 1 2 2v2h-1.5V2a.5.5 0 0 0-.5-.5H8V0h2Z\"><\/path>\n\t\t\t<\/svg>\n\t\t<\/button><\/figure><\/div>\n\n\n\n<div class=\"wp-block-column is-vertically-aligned-center eplus-wrapper is-layout-flow wp-container-core-column-is-layout-2ad53c50 wp-block-column-is-layout-flow\" style=\"padding-top:5px;padding-right:5px;padding-bottom:5px;padding-left:5px;flex-basis:70%\">\n<p class=\" has-medium-font-size eplus-wrapper\" style=\"font-style:normal;font-weight:400\"><strong>Befestigte Eisenbahnbr\u00fccke<\/strong><\/p>\n\n\n\n<p style=\"font-size:clamp(0.875rem, 0.875rem + ((1vw - 0.2rem) * 0.042), 0.9rem);font-style:normal;font-weight:400;line-height:1.3\" class=\" eplus-wrapper\">Die eingleisige Eisenbahnbr\u00fccke \u00fcber die Elbe entstand 1872 im Zuge des Baus der Strecke Halle-Cottbus durch die Halle-Sorau-Gubener Eisenbahn-Gesellschaft. An beiden Enden der rund 350m langen Br\u00fccke wurden Torbauwerke errichtet. Auf der Ostseite befindet sich unmittelbar an der Bahnstrecke dar\u00fcber hinaus die bereits 1811-13 errichtete L\u00fcnette Zwethau.<\/p>\n\n\n\n<p style=\"font-size:clamp(0.875rem, 0.875rem + ((1vw - 0.2rem) * 0.042), 0.9rem);font-style:normal;font-weight:400;line-height:1.3\" class=\" eplus-wrapper\">1996\/97 wurde die alte Br\u00fccke durch ein eingleisige Stabbogenbr\u00fccke ersetzt. Die Zinnent\u00fcrme aus Naturstein wurden dabei abgetragen und im Abstand von 12,25m wiederaufgebaut.<\/p>\n\n\n\n<div class=\"wp-block-buttons eplus-wrapper is-content-justification-center is-layout-flex wp-container-core-buttons-is-layout-a89b3969 wp-block-buttons-is-layout-flex\"><div class=\" wp-block-button eplus-wrapper eplus-styles-uid-3471e4\"><a class=\"wp-block-button__link wp-element-button\" href=\"https:\/\/www.stsg.de\/cms\/torgau\/histort\/elbbruecke\" target=\"_blank\" rel=\"noreferrer noopener\">Elbbr\u00fccke Torgau<\/a><\/div><\/div>\n<\/div>\n<\/div><\/div><\/div><\/div>\n\n\n\n<div class=\"wp-block-kadence-pane kt-accordion-pane kt-accordion-pane-3 kt-pane1038_350d2e-13\"><div class=\"kt-accordion-header-wrap\"><button class=\"kt-blocks-accordion-header kt-acccordion-button-label-show\" type=\"button\"><span class=\"kt-blocks-accordion-title-wrap\"><span class=\"kt-blocks-accordion-title\">Touren und Informationen<\/span><\/span><span class=\"kt-blocks-accordion-icon-trigger\"><\/span><\/button><\/div><div class=\"kt-accordion-panel kt-accordion-panel-hidden\"><div class=\"kt-accordion-panel-inner\"><div class=\"wp-block-columns eplus-wrapper is-layout-flex wp-container-core-columns-is-layout-006b283f wp-block-columns-is-layout-flex eplus-styles-uid-ccf116\" style=\"border-radius:5px;margin-top:0;margin-bottom:0;padding-top:var(--wp--preset--spacing--10);padding-right:var(--wp--preset--spacing--10);padding-bottom:var(--wp--preset--spacing--10);padding-left:var(--wp--preset--spacing--10)\">\n<div class=\"wp-block-column is-vertically-aligned-center has-base-2-background-color has-background eplus-wrapper is-layout-flow wp-container-core-column-is-layout-05f3fd61 wp-block-column-is-layout-flow\" style=\"border-radius:5px;padding-top:10px;padding-right:5px;padding-bottom:10px;padding-left:5px;flex-basis:55%\"><figure class=\" wp-block-image aligncenter size-full is-resized eplus-wrapper eplus-styles-uid-70f882\" style=\"margin-top:5px;margin-right:5px;margin-bottom:5px;margin-left:5px\"><img loading=\"lazy\" decoding=\"async\" width=\"1040\" height=\"908\" src=\"https:\/\/forte-cultura.com\/wp-content\/uploads\/Wappen_KsIPM-Torgau.jpg\" alt=\"\" class=\"wp-image-3595\" style=\"width:137px;height:auto\" srcset=\"https:\/\/forte-cultura.com\/wp-content\/uploads\/Wappen_KsIPM-Torgau.jpg 1040w, https:\/\/forte-cultura.com\/wp-content\/uploads\/Wappen_KsIPM-Torgau-300x262.jpg 300w, https:\/\/forte-cultura.com\/wp-content\/uploads\/Wappen_KsIPM-Torgau-1024x894.jpg 1024w, https:\/\/forte-cultura.com\/wp-content\/uploads\/Wappen_KsIPM-Torgau-768x671.jpg 768w, https:\/\/forte-cultura.com\/wp-content\/uploads\/Wappen_KsIPM-Torgau-14x12.jpg 14w\" sizes=\"auto, (max-width: 1040px) 100vw, 1040px\" \/><\/figure>\n\n\n<p class=\" has-text-align-center has-medium-font-size eplus-wrapper\" style=\"font-style:normal;font-weight:400\"><strong>Grenadierbataillon von Spiegel e.V. Torgau<\/strong><\/p>\n\n\n<ul style=\"font-size:clamp(0.875em, 0.875rem + ((1vw - 0.2em) * 0.042), 0.9em);font-style:normal;font-weight:400\" class=\" wp-block-list eplus-wrapper eplus-styles-uid-6702b5\"><li class=\" eplus-wrapper eplus-styles-uid-670fc2\">gef\u00fchrte Touren zu den heute noch zahlreich vorhandenen Festungsteilen<\/li>\n\n<li class=\" eplus-wrapper eplus-styles-uid-670fc2\">Erlebnisf\u00fchrung mit einem &#8222;stilechten Grenadier&#8220; der s\u00e4chsischen Armee<\/li>\n\n<li class=\" eplus-wrapper eplus-styles-uid-670fc2\">gesellige Runden bei den Grenadieren mit Speis und Trank, Musik, Tanz<\/li>\n\n<li class=\" eplus-wrapper eplus-styles-uid-670fc2\">abenteuerliche und lehrreiche Kinderanimationen und Biwaks<\/li><\/ul>\n\n\n<div class=\"wp-block-buttons eplus-wrapper is-content-justification-center is-layout-flex wp-container-core-buttons-is-layout-a89b3969 wp-block-buttons-is-layout-flex\"><div class=\" wp-block-button eplus-wrapper eplus-styles-uid-8a15f3\"><a class=\"wp-block-button__link wp-element-button\" href=\"https:\/\/www.torgau-tourismus.de\/torgau-erleben\/kulturell\/festung-torgau\" target=\"_blank\" rel=\"noreferrer noopener\">Grenadierbataillon von Spiegel e.V. Torgau<\/a><\/div><\/div>\n<\/div>\n\n\n\n<div class=\"wp-block-column is-vertically-aligned-stretch has-base-2-background-color has-background eplus-wrapper is-layout-flow wp-container-core-column-is-layout-05f3fd61 wp-block-column-is-layout-flow\" style=\"border-radius:5px;padding-top:10px;padding-right:5px;padding-bottom:10px;padding-left:5px;flex-basis:47%\"><figure class=\" wp-block-image aligncenter size-full is-resized eplus-wrapper eplus-styles-uid-70f882\" style=\"margin-top:5px;margin-right:5px;margin-bottom:5px;margin-left:5px\"><img loading=\"lazy\" decoding=\"async\" width=\"1000\" height=\"900\" src=\"https:\/\/forte-cultura.com\/wp-content\/uploads\/Torgau_Logo_2019_RZ_Print_farbig_mit_Claim_w.jpg\" alt=\"\" class=\"wp-image-3606\" style=\"width:199px;height:auto\" srcset=\"https:\/\/forte-cultura.com\/wp-content\/uploads\/Torgau_Logo_2019_RZ_Print_farbig_mit_Claim_w.jpg 1000w, https:\/\/forte-cultura.com\/wp-content\/uploads\/Torgau_Logo_2019_RZ_Print_farbig_mit_Claim_w-300x270.jpg 300w, https:\/\/forte-cultura.com\/wp-content\/uploads\/Torgau_Logo_2019_RZ_Print_farbig_mit_Claim_w-768x691.jpg 768w, https:\/\/forte-cultura.com\/wp-content\/uploads\/Torgau_Logo_2019_RZ_Print_farbig_mit_Claim_w-13x12.jpg 13w\" sizes=\"auto, (max-width: 1000px) 100vw, 1000px\" \/><\/figure>\n\n\n<p class=\" has-text-align-center has-medium-font-size eplus-wrapper\" style=\"font-style:normal;font-weight:400\"><strong>Torgau-Informations-Center<\/strong><\/p>\n\n\n\n<p class=\" has-text-align-center eplus-wrapper\" style=\"font-size:clamp(0.875em, 0.875rem + ((1vw - 0.2em) * 0.042), 0.9em);font-style:normal;font-weight:400\">Informationen, Stadtf\u00fchrungen, Regionalshop<\/p>\n\n\n\n<div class=\"wp-block-buttons eplus-wrapper is-content-justification-center is-layout-flex wp-container-core-buttons-is-layout-a89b3969 wp-block-buttons-is-layout-flex\"><div class=\" wp-block-button eplus-wrapper eplus-styles-uid-f4c38b\"><a class=\"wp-block-button__link wp-element-button\" href=\"https:\/\/www.torgau-tourismus.de\" target=\"_blank\" rel=\"noreferrer noopener\">Torgau-Informations-Center<\/a><\/div><\/div>\n<\/div>\n<\/div>\n\n<div class=\"wp-block-columns eplus-wrapper is-layout-flex wp-container-core-columns-is-layout-006b283f wp-block-columns-is-layout-flex eplus-styles-uid-ac6f05\" style=\"border-radius:5px;margin-top:0;margin-bottom:0;padding-top:var(--wp--preset--spacing--10);padding-right:var(--wp--preset--spacing--10);padding-bottom:var(--wp--preset--spacing--10);padding-left:var(--wp--preset--spacing--10)\">\n<div class=\"wp-block-column is-vertically-aligned-stretch has-base-2-background-color has-background eplus-wrapper is-layout-flow wp-container-core-column-is-layout-05f3fd61 wp-block-column-is-layout-flow\" style=\"border-radius:5px;padding-top:10px;padding-right:5px;padding-bottom:10px;padding-left:5px;flex-basis:55%\"><figure class=\" wp-block-image aligncenter size-full is-resized eplus-wrapper eplus-styles-uid-70f882\" style=\"margin-top:5px;margin-right:5px;margin-bottom:5px;margin-left:5px\"><img loading=\"lazy\" decoding=\"async\" width=\"350\" height=\"45\" src=\"https:\/\/forte-cultura.com\/wp-content\/uploads\/kulturbastion.png\" alt=\"\" class=\"wp-image-3613\" style=\"width:327px;height:auto\" srcset=\"https:\/\/forte-cultura.com\/wp-content\/uploads\/kulturbastion.png 350w, https:\/\/forte-cultura.com\/wp-content\/uploads\/kulturbastion-300x39.png 300w, https:\/\/forte-cultura.com\/wp-content\/uploads\/kulturbastion-18x2.png 18w\" sizes=\"auto, (max-width: 350px) 100vw, 350px\" \/><\/figure>\n\n\n<p class=\" has-text-align-center has-medium-font-size eplus-wrapper\" style=\"font-style:normal;font-weight:400\"><strong>Kulturbastion<\/strong><\/p>\n\n\n\n<p class=\" has-text-align-center eplus-wrapper\" style=\"font-size:clamp(0.875em, 0.875rem + ((1vw - 0.2em) * 0.042), 0.9em);font-style:normal;font-weight:400\">Kino, Konzerte, Kabarett, Lesungen, Lichtshow u.v.m.<\/p>\n\n\n\n<div class=\"wp-block-buttons eplus-wrapper is-content-justification-center is-layout-flex wp-container-core-buttons-is-layout-a89b3969 wp-block-buttons-is-layout-flex\"><div class=\" wp-block-button eplus-wrapper eplus-styles-uid-d7ae02\"><a class=\"wp-block-button__link wp-element-button\" href=\"https:\/\/www.kulturbastion.de\/\" target=\"_blank\" rel=\"noreferrer noopener\">Kulturbastion<\/a><\/div><\/div>\n<\/div>\n\n\n\n<div class=\"wp-block-column is-vertically-aligned-stretch has-base-2-background-color has-background eplus-wrapper is-layout-flow wp-container-core-column-is-layout-4535eb42 wp-block-column-is-layout-flow\" style=\"border-radius:5px;padding-top:10px;padding-right:15px;padding-bottom:10px;padding-left:15px;flex-basis:47%\"><figure class=\" wp-block-image aligncenter size-full is-resized eplus-wrapper eplus-styles-uid-70f882\" style=\"margin-top:5px;margin-right:5px;margin-bottom:5px;margin-left:5px\"><img loading=\"lazy\" decoding=\"async\" width=\"397\" height=\"85\" src=\"https:\/\/forte-cultura.com\/wp-content\/uploads\/DIZ_Torgau1.jpg\" alt=\"\" class=\"wp-image-3615\" style=\"width:294px;height:auto\" srcset=\"https:\/\/forte-cultura.com\/wp-content\/uploads\/DIZ_Torgau1.jpg 397w, https:\/\/forte-cultura.com\/wp-content\/uploads\/DIZ_Torgau1-300x64.jpg 300w, https:\/\/forte-cultura.com\/wp-content\/uploads\/DIZ_Torgau1-18x4.jpg 18w\" sizes=\"auto, (max-width: 397px) 100vw, 397px\" \/><\/figure>\n\n\n<p class=\" has-text-align-center has-medium-font-size eplus-wrapper\" style=\"font-style:normal;font-weight:400\"><strong>Erinnerungsort Torgau<\/strong><\/p>\n\n\n\n<p class=\" has-text-align-center eplus-wrapper\" style=\"font-size:clamp(0.875em, 0.875rem + ((1vw - 0.2em) * 0.042), 0.9em);font-style:normal;font-weight:400;line-height:1.3\">Mahnen und Gedenken an die Opfer der NS-Zeit, des NKWD und des DDR-Regimes in Torgau, Ausstellung im Schloss Hartenfels<\/p>\n\n\n\n<div class=\"wp-block-buttons eplus-wrapper is-content-justification-center is-layout-flex wp-container-core-buttons-is-layout-a89b3969 wp-block-buttons-is-layout-flex\"><div class=\" wp-block-button eplus-wrapper eplus-styles-uid-0101c3\"><a class=\"wp-block-button__link wp-element-button\" href=\"https:\/\/www.stsg.de\/cms\/torgau\/startseite\" target=\"_blank\" rel=\"noreferrer noopener\">Erinnerungsort Torgau<\/a><\/div><\/div>\n<\/div>\n<\/div>\n\n<div class=\"wp-block-columns eplus-wrapper is-layout-flex wp-container-core-columns-is-layout-006b283f wp-block-columns-is-layout-flex eplus-styles-uid-1da2c5\" style=\"border-radius:5px;margin-top:0;margin-bottom:0;padding-top:var(--wp--preset--spacing--10);padding-right:var(--wp--preset--spacing--10);padding-bottom:var(--wp--preset--spacing--10);padding-left:var(--wp--preset--spacing--10)\">\n<div class=\"wp-block-column is-vertically-aligned-stretch has-base-2-background-color has-background eplus-wrapper is-layout-flow wp-container-core-column-is-layout-05f3fd61 wp-block-column-is-layout-flow\" style=\"border-radius:5px;padding-top:10px;padding-right:5px;padding-bottom:10px;padding-left:5px;flex-basis:100%\"><figure class=\" wp-block-image aligncenter size-full is-resized eplus-wrapper eplus-styles-uid-70f882\" style=\"margin-top:5px;margin-right:5px;margin-bottom:5px;margin-left:5px\"><img loading=\"lazy\" decoding=\"async\" width=\"800\" height=\"747\" src=\"https:\/\/forte-cultura.com\/wp-content\/uploads\/Logo-Elberadweg1.jpg\" alt=\"\" class=\"wp-image-3680\" style=\"width:70px;height:auto\" srcset=\"https:\/\/forte-cultura.com\/wp-content\/uploads\/Logo-Elberadweg1.jpg 800w, https:\/\/forte-cultura.com\/wp-content\/uploads\/Logo-Elberadweg1-300x280.jpg 300w, https:\/\/forte-cultura.com\/wp-content\/uploads\/Logo-Elberadweg1-768x717.jpg 768w, https:\/\/forte-cultura.com\/wp-content\/uploads\/Logo-Elberadweg1-13x12.jpg 13w\" sizes=\"auto, (max-width: 800px) 100vw, 800px\" \/><\/figure>\n\n\n<p class=\" has-text-align-center has-medium-font-size eplus-wrapper\" style=\"font-style:normal;font-weight:400\"><strong>Elbe-Rad- und Wanderweg <\/strong><\/p>\n\n\n\n<p class=\" has-text-align-center eplus-wrapper\" style=\"font-size:clamp(0.875em, 0.875rem + ((1vw - 0.2em) * 0.042), 0.9em);font-style:normal;font-weight:400\">Abschnitt Torgau<\/p>\n\n\n\n<div class=\"wp-block-buttons eplus-wrapper is-content-justification-center is-layout-flex wp-container-core-buttons-is-layout-a89b3969 wp-block-buttons-is-layout-flex\"><div class=\" wp-block-button eplus-wrapper eplus-styles-uid-302afd\"><a class=\"wp-block-button__link wp-element-button\" href=\"https:\/\/www.elberadweg.de\/Ort\/torgau\/\" target=\"_blank\" rel=\"noreferrer noopener\">Elberadweg<\/a><\/div><\/div>\n<\/div>\n<\/div><\/div><\/div><\/div>\n\n\n\n<div class=\"wp-block-kadence-pane kt-accordion-pane kt-accordion-pane-4 kt-pane1038_aaa285-a2\"><div class=\"kt-accordion-header-wrap\"><button class=\"kt-blocks-accordion-header kt-acccordion-button-label-show\" type=\"button\"><span class=\"kt-blocks-accordion-title-wrap\"><span class=\"kt-blocks-accordion-title\">Festungsplan<\/span><\/span><span class=\"kt-blocks-accordion-icon-trigger\"><\/span><\/button><\/div><div class=\"kt-accordion-panel kt-accordion-panel-hidden\"><div class=\"kt-accordion-panel-inner\">\n<figure class=\" wp-block-image aligncenter size-large is-resized eplus-wrapper\"><img loading=\"lazy\" decoding=\"async\" width=\"1024\" height=\"674\" src=\"https:\/\/forte-cultura.com\/wp-content\/uploads\/Plan-Torgau_web-1024x674.jpg\" alt=\"\" class=\"wp-image-3621\" style=\"width:1238px;height:auto\" srcset=\"https:\/\/forte-cultura.com\/wp-content\/uploads\/Plan-Torgau_web-1024x674.jpg 1024w, https:\/\/forte-cultura.com\/wp-content\/uploads\/Plan-Torgau_web-300x198.jpg 300w, https:\/\/forte-cultura.com\/wp-content\/uploads\/Plan-Torgau_web-768x506.jpg 768w, https:\/\/forte-cultura.com\/wp-content\/uploads\/Plan-Torgau_web-18x12.jpg 18w, https:\/\/forte-cultura.com\/wp-content\/uploads\/Plan-Torgau_web.jpg 1500w\" sizes=\"auto, (max-width: 1024px) 100vw, 1024px\" \/><\/figure>\n<\/div><\/div><\/div>\n\n\n\n<div class=\"wp-block-kadence-pane kt-accordion-pane kt-accordion-pane-5 kt-pane1038_1863f4-1b\"><div class=\"kt-accordion-header-wrap\"><button class=\"kt-blocks-accordion-header kt-acccordion-button-label-show\" type=\"button\"><span class=\"kt-blocks-accordion-title-wrap\"><span class=\"kt-blocks-accordion-title\">Geschichte und Architektur<\/span><\/span><span class=\"kt-blocks-accordion-icon-trigger\"><\/span><\/button><\/div><div class=\"kt-accordion-panel kt-accordion-panel-hidden\"><div class=\"kt-accordion-panel-inner\">\n<p class=\" has-text-align-left eplus-wrapper\" style=\"font-size:clamp(0.875em, 0.875rem + ((1vw - 0.2em) * 0.042), 0.9em);font-style:normal;font-weight:400\"><strong>Festung Torgau<\/strong><\/p>\n\n\n\n<p class=\" has-text-align-left eplus-wrapper\" style=\"font-size:clamp(0.875em, 0.875rem + ((1vw - 0.2em) * 0.042), 0.9em);font-style:normal;font-weight:400\">Torgaus strategische Lage an der Elbe mit Elb\u00fcbergang, machte die Stadt von jeher bedeutsam aber auch angreifbar. Die mittelalterliche Stadtmauer im 11.\/.12. Jahrhundert bildete den ersten Schritt zum Schutz der Stadt. Zu Beginn des 17. Jahrhunderts als s\u00e4chsische Landesfestung deklariert, existierten bereits die Br\u00fcckenschanze und die Stadtumwallung als Struktur einer Veste. <\/p>\n\n\n\n<p class=\" has-text-align-left eplus-wrapper\" style=\"font-size:clamp(0.875em, 0.875rem + ((1vw - 0.2em) * 0.042), 0.9em);font-style:normal;font-weight:400\">Napoleon erhob Torgau 1810 zur Milit\u00e4rbasis an der Elbe f\u00fcr seinen Russlandfeldzug und ordnete umfangreiche Ausbauma\u00dfnahmen nach Pl\u00e4nen von General Ernst Ludwig von Aster (damals noch Hauptmann) an.<\/p>\n\n\n\n<p class=\" has-text-align-left eplus-wrapper\" style=\"font-size:clamp(0.875em, 0.875rem + ((1vw - 0.2em) * 0.042), 0.9em);font-style:normal;font-weight:400\">Als Preu\u00dfische Elb- und Grenzfestung erlebte die Festung Torgau zwischen 1814 und 1889 ihren umfangreichsten Ausbau zum Gro\u00dffestungssystem. Am Ende stehen das Hauptwerk mit acht Bastionen und drei Ravelins, davor flutbare Gr\u00e4ben und das Glacis, dazu Au\u00dfenwerke (Br\u00fcckenkopf, drei Schleusenl\u00fcnetten, f\u00fcnf L\u00fcnetten, zwei Forts und das Neuewerk mit Z\u00fcndschnurenfabrik. 1878 wurde das Fort Mahla geschleift. 1889 werden mit dem Aufkommen der neuen Sprenggranaten die Befestigungen wirkungslos und der Festungsstatus aufgel\u00f6st.<br>Die Anlagen der Festung Torgau sind weitgehend erhalten geblieben und teilweise zug\u00e4nglich. Die Flankenkasematte der Bastion II, die Zinnent\u00fcrme der Eisenbahnbr\u00fccke und das Obere Hafentor sind saniert.Die eingleisige Eisenbahnbr\u00fccke \u00fcber die Elbe entstand 1872 im Zuge des Baus der Strecke Halle-Cottbus durch die Halle-Sorau-Gubener Eisenbahn-Gesellschaft. An beiden Enden der rund 350m langen Br\u00fccke wurden Torbauwerke errichtet. Auf der Ostseite befindet sich unmittelbar an der Bahnstrecke dar\u00fcber hinaus die bereits 1811-13 errichtete L\u00fcnette Zwethau.<\/p>\n\n\n\n<p class=\" has-text-align-left eplus-wrapper\" style=\"font-size:clamp(0.875em, 0.875rem + ((1vw - 0.2em) * 0.042), 0.9em);font-style:normal;font-weight:400\">1996\/97 wurde die alte Br\u00fccke durch ein eingleisige Stabbogenbr\u00fccke ersetzt. Die Zinnent\u00fcrme aus Naturstein wurden dabei abgetragen und im Abstand von 12,25m wiederaufgebaut.<\/p>\n\n\n\n<figure class=\" wp-block-image aligncenter size-large eplus-wrapper\"><img loading=\"lazy\" decoding=\"async\" width=\"1024\" height=\"414\" src=\"https:\/\/forte-cultura.com\/wp-content\/uploads\/Torgau-1650-Merian-1024x414.jpg\" alt=\"\" class=\"wp-image-3628\" srcset=\"https:\/\/forte-cultura.com\/wp-content\/uploads\/Torgau-1650-Merian-1024x414.jpg 1024w, https:\/\/forte-cultura.com\/wp-content\/uploads\/Torgau-1650-Merian-300x121.jpg 300w, https:\/\/forte-cultura.com\/wp-content\/uploads\/Torgau-1650-Merian-768x311.jpg 768w, https:\/\/forte-cultura.com\/wp-content\/uploads\/Torgau-1650-Merian-1536x622.jpg 1536w, https:\/\/forte-cultura.com\/wp-content\/uploads\/Torgau-1650-Merian-2048x829.jpg 2048w, https:\/\/forte-cultura.com\/wp-content\/uploads\/Torgau-1650-Merian-18x7.jpg 18w\" sizes=\"auto, (max-width: 1024px) 100vw, 1024px\" \/><figcaption class=\"wp-element-caption\">Torgau 1650, Merian<\/figcaption><\/figure>\n\n\n\n<p style=\"font-size:clamp(0.875em, 0.875rem + ((1vw - 0.2em) * 0.042), 0.9em);font-style:normal;font-weight:400\" class=\" eplus-wrapper\"><strong>Schloss Hartenfels<\/strong><\/p>\n\n\n\n<p style=\"font-size:clamp(0.875em, 0.875rem + ((1vw - 0.2em) * 0.042), 0.9em);font-style:normal;font-weight:400\" class=\" eplus-wrapper\">Die einstige mittelalterliche Burganlage erlebte zwischen 1485 und 1546 einen gewaltigen Umbau. Schloss Hartenfels legte in der Nachfolge der Mei\u00dfner Albrechtsburg wichtige gestalterische und konstruktive Grundlagen neuzeitlicher Wohnschl\u00f6sser im mitteldeutschen Raum und war in seinem Renaissancecharakter Vorbild f\u00fcr viele Schlossbauten des 16. Jahrhunderts. Vor allem der Gro\u00dfe Wendelstein, eine freitragende Treppenspindel ohne Mittels\u00e4ule, Meisterwerk des Baumeisters Konrad Krebs, setzte Ma\u00dfst\u00e4be in der europ\u00e4ischen Baukunst. Einblicke in die Baugeschichte des Schlosses gew\u00e4hrt das Lapidarium in den sehenswerten Gew\u00f6lben unter der Unteren Hofstube.<\/p>\n\n\n\n<p style=\"font-size:clamp(0.875em, 0.875rem + ((1vw - 0.2em) * 0.042), 0.9em);font-style:normal;font-weight:400\" class=\" eplus-wrapper\">Folgende Baumeister\/Architekten beeinflussten die Entwicklung der Festung Torgau ma\u00dfgeblich:<br>&#8211; Wilhelm Sch\u00e4ffer, genannt Dilich (1625),<br>\u00ad- Ingenieur-Offizier Hans Kuffer und Baumeister Wolf Caspar von Klengel (1658 bis 1680),<br>&#8211; Ingenieur-Leutnant Egidius G. Francke (1745),<br>&#8211; Ernst Ludwig von Aster (1809),<br>&#8211; Ludwig von Lecoq (1811).<br><a href=\"https:\/\/forte-cultura.com\/wp-content\/uploads\/MLZCLi4g4R8I-Hartenfels_Castle_Torgau%C2%A9Philipp_Herfort.jpg\"><\/a><\/p>\n\n\n<div class=\"pgc-sgb-cb wp-block-pgcsimplygalleryblock-justified \" data-gallery-id=\"85090225\"><div class=\"sgb-preloader\" id=\"pr_85090225\">\n\t<div class=\"sgb-square\" style=\"background:#d4d4d4\"><\/div>\n\t<div class=\"sgb-square\" style=\"background:#d4d4d4\"><\/div>\n\t<div class=\"sgb-square\" style=\"background:#d4d4d4\"><\/div>\n\t<div class=\"sgb-square\" style=\"background:#d4d4d4\"><\/div><\/div><div class=\"simply-gallery-amp pgc_sgb_slider \"><noscript><div class=\"sgb-gallery\"><div class=\"sgb-item\"><a href=\"https:\/\/forte-cultura.com\/event\/kess-tierisch-gute-freunde-kinder-mit-mach-konzert-torgau-de\/xi0rythe28hi-schloss-hartenfels-torgau-groser-wendelstein-foto-andreas-franke_w\/\" target=\"_blank\"><img decoding=\"async\" alt=\"\" width=\"300\" height=\"200\" loading=\"lazy\" src=\"https:\/\/forte-cultura.com\/wp-content\/uploads\/xi0RyThE28HI-Schloss-Hartenfels-Torgau-Groser-Wendelstein-Foto-Andreas-Franke_w-300x200.jpg\" srcset=\"https:\/\/forte-cultura.com\/wp-content\/uploads\/xi0RyThE28HI-Schloss-Hartenfels-Torgau-Groser-Wendelstein-Foto-Andreas-Franke_w-300x200.jpg 300w,https:\/\/forte-cultura.com\/wp-content\/uploads\/xi0RyThE28HI-Schloss-Hartenfels-Torgau-Groser-Wendelstein-Foto-Andreas-Franke_w-1024x682.jpg 1024w,https:\/\/forte-cultura.com\/wp-content\/uploads\/xi0RyThE28HI-Schloss-Hartenfels-Torgau-Groser-Wendelstein-Foto-Andreas-Franke_w.jpg 2000w\" sizes=\"auto, 250px\"><\/a><\/div><div class=\"sgb-item\"><a href=\"https:\/\/forte-cultura.com\/event\/highlights-der-saison-mit-dem-leipziger-symphonieorchester\/m7tbzcmytwk9-hartenfels-castle-torgauphilippherfort_w\/\" target=\"_blank\"><img decoding=\"async\" alt=\"\" width=\"300\" height=\"200\" loading=\"lazy\" src=\"https:\/\/forte-cultura.com\/wp-content\/uploads\/m7tBzcMyTWK9-Hartenfels-Castle-Torgau%C2%A9PhilippHerfort_w-300x200.jpg\" srcset=\"https:\/\/forte-cultura.com\/wp-content\/uploads\/m7tBzcMyTWK9-Hartenfels-Castle-Torgau\u00a9PhilippHerfort_w-300x200.jpg 300w,https:\/\/forte-cultura.com\/wp-content\/uploads\/m7tBzcMyTWK9-Hartenfels-Castle-Torgau\u00a9PhilippHerfort_w-1024x682.jpg 1024w,https:\/\/forte-cultura.com\/wp-content\/uploads\/m7tBzcMyTWK9-Hartenfels-Castle-Torgau\u00a9PhilippHerfort_w.jpg 2400w\" sizes=\"auto, 250px\"><\/a><\/div><div class=\"sgb-item\"><a href=\"https:\/\/forte-cultura.com\/event\/dornroeschens-schlossweihnacht-torgau-de\/ut8hgkfzgman-af_torgau_88867w\/\" target=\"_blank\"><img decoding=\"async\" alt=\"\" width=\"300\" height=\"200\" loading=\"lazy\" src=\"https:\/\/forte-cultura.com\/wp-content\/uploads\/UT8hgKfzGmAn-AF_Torgau_88867w-300x200.jpg\" srcset=\"https:\/\/forte-cultura.com\/wp-content\/uploads\/UT8hgKfzGmAn-AF_Torgau_88867w-300x200.jpg 300w,https:\/\/forte-cultura.com\/wp-content\/uploads\/UT8hgKfzGmAn-AF_Torgau_88867w-1024x682.jpg 1024w,https:\/\/forte-cultura.com\/wp-content\/uploads\/UT8hgKfzGmAn-AF_Torgau_88867w.jpg 2000w\" sizes=\"auto, 250px\"><\/a><\/div><div class=\"sgb-item\"><a href=\"https:\/\/forte-cultura.com\/event\/hoernerklang-unterm-wendelstein\/mlzcli4g4r8i-hartenfels_castle_torgauphilipp_herfort\/\" target=\"_blank\"><img decoding=\"async\" alt=\"\" width=\"300\" height=\"200\" loading=\"lazy\" src=\"https:\/\/forte-cultura.com\/wp-content\/uploads\/MLZCLi4g4R8I-Hartenfels_Castle_Torgau%C2%A9Philipp_Herfort-300x200.jpg\" srcset=\"https:\/\/forte-cultura.com\/wp-content\/uploads\/MLZCLi4g4R8I-Hartenfels_Castle_Torgau\u00a9Philipp_Herfort-300x200.jpg 300w,https:\/\/forte-cultura.com\/wp-content\/uploads\/MLZCLi4g4R8I-Hartenfels_Castle_Torgau\u00a9Philipp_Herfort-1024x683.jpg 1024w,https:\/\/forte-cultura.com\/wp-content\/uploads\/MLZCLi4g4R8I-Hartenfels_Castle_Torgau\u00a9Philipp_Herfort.jpg 2000w\" sizes=\"auto, 250px\"><\/a><\/div><\/div><\/noscript><\/div><script type=\"application\/json\" class=\"sgb-data\">{\"lastRowFill\":true,\"collectionThumbRecomendedHeight\":150,\"thumbSpacing\":8,\"captions\":false,\"collectionthumbRoundedCorners\":5,\"galleryType\":\"pgc_sgb_justified\",\"galleryId\":\"85090225\",\"images\":[{\"id\":3544,\"title\":\"xi0RyThE28HI-Schloss-Hartenfels-Torgau-Groser-Wendelstein-Foto-Andreas-Franke_w\",\"url\":\"https:\/\/forte-cultura.com\/wp-content\/uploads\/xi0RyThE28HI-Schloss-Hartenfels-Torgau-Groser-Wendelstein-Foto-Andreas-Franke_w.jpg\",\"link\":\"https:\/\/forte-cultura.com\/event\/kess-tierisch-gute-freunde-kinder-mit-mach-konzert-torgau-de\/xi0rythe28hi-schloss-hartenfels-torgau-groser-wendelstein-foto-andreas-franke_w\/\",\"alt\":\"\",\"description\":\"\",\"caption\":\"\",\"mime\":\"image\/jpeg\",\"type\":\"image\",\"width\":2000,\"height\":1333,\"sizes\":{\"thumbnail\":{\"height\":150,\"width\":150,\"url\":\"https:\/\/forte-cultura.com\/wp-content\/uploads\/xi0RyThE28HI-Schloss-Hartenfels-Torgau-Groser-Wendelstein-Foto-Andreas-Franke_w-150x150.jpg\",\"orientation\":\"landscape\"},\"medium\":{\"height\":200,\"width\":300,\"url\":\"https:\/\/forte-cultura.com\/wp-content\/uploads\/xi0RyThE28HI-Schloss-Hartenfels-Torgau-Groser-Wendelstein-Foto-Andreas-Franke_w-300x200.jpg\",\"orientation\":\"landscape\"},\"large\":{\"height\":682,\"width\":1024,\"url\":\"https:\/\/forte-cultura.com\/wp-content\/uploads\/xi0RyThE28HI-Schloss-Hartenfels-Torgau-Groser-Wendelstein-Foto-Andreas-Franke_w-1024x682.jpg\",\"orientation\":\"landscape\"},\"full\":{\"url\":\"https:\/\/forte-cultura.com\/wp-content\/uploads\/xi0RyThE28HI-Schloss-Hartenfels-Torgau-Groser-Wendelstein-Foto-Andreas-Franke_w.jpg\",\"height\":1333,\"width\":2000,\"orientation\":\"landscape\"}},\"imageMeta\":{\"aperture\":\"0\",\"credit\":\"\",\"camera\":\"\",\"caption\":\"\",\"created_timestamp\":\"1469893136\",\"copyright\":\"\",\"focal_length\":\"0\",\"iso\":\"0\",\"shutter_speed\":\"0\",\"title\":\"\",\"orientation\":\"1\",\"keywords\":[]},\"meta\":false,\"postlink\":\"https:\/\/forte-cultura.com\/event\/kess-tierisch-gute-freunde-kinder-mit-mach-konzert-torgau-de\/xi0rythe28hi-schloss-hartenfels-torgau-groser-wendelstein-foto-andreas-franke_w\/\"},{\"id\":3539,\"title\":\"m7tBzcMyTWK9-Hartenfels-Castle-Torgau\u00a9PhilippHerfort_w\",\"url\":\"https:\/\/forte-cultura.com\/wp-content\/uploads\/m7tBzcMyTWK9-Hartenfels-Castle-Torgau\u00a9PhilippHerfort_w.jpg\",\"link\":\"https:\/\/forte-cultura.com\/event\/highlights-der-saison-mit-dem-leipziger-symphonieorchester\/m7tbzcmytwk9-hartenfels-castle-torgauphilippherfort_w\/\",\"alt\":\"\",\"description\":\"\",\"caption\":\"\",\"mime\":\"image\/jpeg\",\"type\":\"image\",\"width\":2400,\"height\":1599,\"sizes\":{\"thumbnail\":{\"height\":150,\"width\":150,\"url\":\"https:\/\/forte-cultura.com\/wp-content\/uploads\/m7tBzcMyTWK9-Hartenfels-Castle-Torgau\u00a9PhilippHerfort_w-150x150.jpg\",\"orientation\":\"landscape\"},\"medium\":{\"height\":200,\"width\":300,\"url\":\"https:\/\/forte-cultura.com\/wp-content\/uploads\/m7tBzcMyTWK9-Hartenfels-Castle-Torgau\u00a9PhilippHerfort_w-300x200.jpg\",\"orientation\":\"landscape\"},\"large\":{\"height\":682,\"width\":1024,\"url\":\"https:\/\/forte-cultura.com\/wp-content\/uploads\/m7tBzcMyTWK9-Hartenfels-Castle-Torgau\u00a9PhilippHerfort_w-1024x682.jpg\",\"orientation\":\"landscape\"},\"full\":{\"url\":\"https:\/\/forte-cultura.com\/wp-content\/uploads\/m7tBzcMyTWK9-Hartenfels-Castle-Torgau\u00a9PhilippHerfort_w.jpg\",\"height\":1599,\"width\":2400,\"orientation\":\"landscape\"}},\"imageMeta\":{\"aperture\":\"0\",\"credit\":\"\",\"camera\":\"\",\"caption\":\"\",\"created_timestamp\":\"1663607939\",\"copyright\":\"\",\"focal_length\":\"0\",\"iso\":\"0\",\"shutter_speed\":\"0\",\"title\":\"\",\"orientation\":\"1\",\"keywords\":[]},\"meta\":false,\"postlink\":\"https:\/\/forte-cultura.com\/event\/highlights-der-saison-mit-dem-leipziger-symphonieorchester\/m7tbzcmytwk9-hartenfels-castle-torgauphilippherfort_w\/\"},{\"id\":3548,\"title\":\"UT8hgKfzGmAn-AF_Torgau_88867w\",\"url\":\"https:\/\/forte-cultura.com\/wp-content\/uploads\/UT8hgKfzGmAn-AF_Torgau_88867w.jpg\",\"link\":\"https:\/\/forte-cultura.com\/event\/dornroeschens-schlossweihnacht-torgau-de\/ut8hgkfzgman-af_torgau_88867w\/\",\"alt\":\"\",\"description\":\"\",\"caption\":\"\",\"mime\":\"image\/jpeg\",\"type\":\"image\",\"width\":2000,\"height\":1333,\"sizes\":{\"thumbnail\":{\"height\":150,\"width\":150,\"url\":\"https:\/\/forte-cultura.com\/wp-content\/uploads\/UT8hgKfzGmAn-AF_Torgau_88867w-150x150.jpg\",\"orientation\":\"landscape\"},\"medium\":{\"height\":200,\"width\":300,\"url\":\"https:\/\/forte-cultura.com\/wp-content\/uploads\/UT8hgKfzGmAn-AF_Torgau_88867w-300x200.jpg\",\"orientation\":\"landscape\"},\"large\":{\"height\":682,\"width\":1024,\"url\":\"https:\/\/forte-cultura.com\/wp-content\/uploads\/UT8hgKfzGmAn-AF_Torgau_88867w-1024x682.jpg\",\"orientation\":\"landscape\"},\"full\":{\"url\":\"https:\/\/forte-cultura.com\/wp-content\/uploads\/UT8hgKfzGmAn-AF_Torgau_88867w.jpg\",\"height\":1333,\"width\":2000,\"orientation\":\"landscape\"}},\"imageMeta\":{\"aperture\":\"0\",\"credit\":\"\",\"camera\":\"\",\"caption\":\"\",\"created_timestamp\":\"1469026866\",\"copyright\":\"\",\"focal_length\":\"0\",\"iso\":\"0\",\"shutter_speed\":\"0\",\"title\":\"\",\"orientation\":\"1\",\"keywords\":[]},\"meta\":false,\"postlink\":\"https:\/\/forte-cultura.com\/event\/dornroeschens-schlossweihnacht-torgau-de\/ut8hgkfzgman-af_torgau_88867w\/\"},{\"id\":3534,\"title\":\"MLZCLi4g4R8I-Hartenfels_Castle_Torgau\u00a9Philipp_Herfort\",\"url\":\"https:\/\/forte-cultura.com\/wp-content\/uploads\/MLZCLi4g4R8I-Hartenfels_Castle_Torgau\u00a9Philipp_Herfort.jpg\",\"link\":\"https:\/\/forte-cultura.com\/event\/hoernerklang-unterm-wendelstein\/mlzcli4g4r8i-hartenfels_castle_torgauphilipp_herfort\/\",\"alt\":\"\",\"description\":\"\",\"caption\":\"\",\"mime\":\"image\/jpeg\",\"type\":\"image\",\"width\":2000,\"height\":1334,\"sizes\":{\"thumbnail\":{\"height\":150,\"width\":150,\"url\":\"https:\/\/forte-cultura.com\/wp-content\/uploads\/MLZCLi4g4R8I-Hartenfels_Castle_Torgau\u00a9Philipp_Herfort-150x150.jpg\",\"orientation\":\"landscape\"},\"medium\":{\"height\":200,\"width\":300,\"url\":\"https:\/\/forte-cultura.com\/wp-content\/uploads\/MLZCLi4g4R8I-Hartenfels_Castle_Torgau\u00a9Philipp_Herfort-300x200.jpg\",\"orientation\":\"landscape\"},\"large\":{\"height\":683,\"width\":1024,\"url\":\"https:\/\/forte-cultura.com\/wp-content\/uploads\/MLZCLi4g4R8I-Hartenfels_Castle_Torgau\u00a9Philipp_Herfort-1024x683.jpg\",\"orientation\":\"landscape\"},\"full\":{\"url\":\"https:\/\/forte-cultura.com\/wp-content\/uploads\/MLZCLi4g4R8I-Hartenfels_Castle_Torgau\u00a9Philipp_Herfort.jpg\",\"height\":1334,\"width\":2000,\"orientation\":\"landscape\"}},\"imageMeta\":{\"aperture\":\"0\",\"credit\":\"\",\"camera\":\"\",\"caption\":\"\",\"created_timestamp\":\"1663594005\",\"copyright\":\"\",\"focal_length\":\"0\",\"iso\":\"0\",\"shutter_speed\":\"0\",\"title\":\"\",\"orientation\":\"1\",\"keywords\":[]},\"meta\":false,\"postlink\":\"https:\/\/forte-cultura.com\/event\/hoernerklang-unterm-wendelstein\/mlzcli4g4r8i-hartenfels_castle_torgauphilipp_herfort\/\"}],\"TrpContentRestriction\":{\"restriction_type\":\"exclude\",\"selected_languages\":[],\"panel_open\":true},\"itemsMetaDataCollection\":[]}<\/script><script>(function(){if(window.PGC_SGB && window.PGC_SGB.searcher){window.PGC_SGB.searcher.initBlocks()}})()<\/script><\/div><\/div><\/div><\/div>\n\n\n\n<div class=\"wp-block-kadence-pane kt-accordion-pane kt-accordion-pane-6 kt-pane1038_759b50-cc\"><div class=\"kt-accordion-header-wrap\"><button class=\"kt-blocks-accordion-header kt-acccordion-button-label-show\" type=\"button\"><span class=\"kt-blocks-accordion-title-wrap\"><span class=\"kt-blocks-accordion-title\">Naturerlebnis<\/span><\/span><span class=\"kt-blocks-accordion-icon-trigger\"><\/span><\/button><\/div><div class=\"kt-accordion-panel kt-accordion-panel-hidden\"><div class=\"kt-accordion-panel-inner\">\n<p style=\"font-size:clamp(0.875em, 0.875rem + ((1vw - 0.2em) * 0.042), 0.9em);\" class=\" eplus-wrapper\"><strong>Elbe-Wander- und Radweg<\/strong><\/p>\n\n\n\n<p style=\"font-size:clamp(0.875em, 0.875rem + ((1vw - 0.2em) * 0.042), 0.9em);\" class=\" eplus-wrapper\">Abwechslungsreiche Naturpanoramen in Verbindung mit Kultur, Kunst, Geschichte und Architektur, Radfahrern und Wanderern ist der Elbe-Radweg ein Begriff, weit \u00fcber die Landesgrenzen hinaus. Die Renaissancestadt Torgau ist dabei ein beliebtes Etappenziel mit vielen historischen und kulturellen Highlights. Vom Schloss Hartenfels aus bietet sich ein wunderbarer Blick \u00fcber den Verlauf der Elbe.<\/p>\n\n\n\n<p style=\"font-size:clamp(0.875em, 0.875rem + ((1vw - 0.2em) * 0.042), 0.9em);\" class=\" eplus-wrapper\"><strong>Gro\u00dfer Teich Torgau<\/strong><\/p>\n\n\n\n<p style=\"font-size:clamp(0.875em, 0.875rem + ((1vw - 0.2em) * 0.042), 0.9em);\" class=\" eplus-wrapper\">Der mit 1,75km\u00b2 gr\u00f6\u00dfte Teich Sachsens liegt im S\u00fcdwesten Torgaus und ist als Naherholungs- und Naturschutzgebiet ein Feuchtgebiet von nationaler Bedeutung und vorrangiges Ziel von Naturliebhabern. Hier befinden sich in idyllischer Lage direkt am Ufer der Torgauer Campingplatz und die Naturschutzstation \u201eBiberhof Torgau\u201c. Das Bildungszentrum bietet permanente Ausstellungen zur heimischen Tierwelt, Nistk\u00e4sten, Nisthilfen und mehr.<br><a href=\"https:\/\/forte-cultura.com\/wp-content\/uploads\/Eisenbahnbruecke.jpg\"><\/a><\/p>\n\n\n<div class=\"pgc-sgb-cb wp-block-pgcsimplygalleryblock-justified \" data-gallery-id=\"35190226\"><div class=\"sgb-preloader\" id=\"pr_35190226\">\n\t<div class=\"sgb-square\" style=\"background:#d4d4d4\"><\/div>\n\t<div class=\"sgb-square\" style=\"background:#d4d4d4\"><\/div>\n\t<div class=\"sgb-square\" style=\"background:#d4d4d4\"><\/div>\n\t<div class=\"sgb-square\" style=\"background:#d4d4d4\"><\/div><\/div><div class=\"simply-gallery-amp pgc_sgb_slider \"><noscript><div class=\"sgb-gallery\"><div class=\"sgb-item\"><a href=\"https:\/\/forte-cultura.com\/torgau-de\/eisenbahnbruecke\/\" target=\"_blank\"><img decoding=\"async\" alt=\"\" width=\"300\" height=\"169\" loading=\"lazy\" src=\"https:\/\/forte-cultura.com\/wp-content\/uploads\/Eisenbahnbruecke-300x169.jpg\" srcset=\"https:\/\/forte-cultura.com\/wp-content\/uploads\/Eisenbahnbruecke-300x169.jpg 300w,https:\/\/forte-cultura.com\/wp-content\/uploads\/Eisenbahnbruecke-1024x576.jpg 1024w,https:\/\/forte-cultura.com\/wp-content\/uploads\/Eisenbahnbruecke.jpg 1200w\" sizes=\"auto, 250px\"><\/a><div class=\"sgb-item-caption\"><em>Eisenbahnbruecke \u00a9Zeppelubil \/ Th. Haft \/ Torgau<\/em><\/div><\/div><div class=\"sgb-item\"><a href=\"https:\/\/forte-cultura.com\/torgau-de\/unbenannt\/\" target=\"_blank\"><img decoding=\"async\" alt=\"\" width=\"576\" height=\"385\" loading=\"lazy\" src=\"https:\/\/forte-cultura.com\/wp-content\/uploads\/Unbenannt.jpeg\" srcset=\",https:\/\/forte-cultura.com\/wp-content\/uploads\/Unbenannt.jpeg 576w\" sizes=\"auto, 250px\"><\/a><div class=\"sgb-item-caption\"><em>Elber-Rad- und Wanderweg Torgau, \u00a9Torgau-Informations-Center <\/em><\/div><\/div><div class=\"sgb-item\"><a href=\"https:\/\/forte-cultura.com\/torgau-de\/elbeblick\/\" target=\"_blank\"><img decoding=\"async\" alt=\"\" width=\"300\" height=\"169\" loading=\"lazy\" src=\"https:\/\/forte-cultura.com\/wp-content\/uploads\/Elbeblick-300x169.png\" srcset=\"https:\/\/forte-cultura.com\/wp-content\/uploads\/Elbeblick-300x169.png 300w,https:\/\/forte-cultura.com\/wp-content\/uploads\/Elbeblick.png 800w\" sizes=\"auto, 250px\"><\/a><div class=\"sgb-item-caption\"><em>Elbeblick, \u00a9Torgau-Informations-Center <\/em><\/div><\/div><div class=\"sgb-item\"><a href=\"https:\/\/forte-cultura.com\/torgau-de\/biber1\/\" target=\"_blank\"><img decoding=\"async\" alt=\"Biber auf Wiese\" width=\"300\" height=\"200\" loading=\"lazy\" src=\"https:\/\/forte-cultura.com\/wp-content\/uploads\/Biber1-300x200.png\" srcset=\"https:\/\/forte-cultura.com\/wp-content\/uploads\/Biber1-300x200.png 300w,https:\/\/forte-cultura.com\/wp-content\/uploads\/Biber1.png 680w\" sizes=\"auto, 250px\"><\/a><div class=\"sgb-item-caption\"><em>Biberhof Torgau<\/em><\/div><\/div><\/div><\/noscript><\/div><script type=\"application\/json\" class=\"sgb-data\">{\"lastRowFill\":true,\"collectionThumbRecomendedHeight\":150,\"thumbSpacing\":8,\"captions\":false,\"collectionthumbRoundedCorners\":5,\"galleryType\":\"pgc_sgb_justified\",\"galleryId\":\"35190226\",\"images\":[{\"id\":3634,\"title\":\"Eisenbahnbruecke\",\"url\":\"https:\/\/forte-cultura.com\/wp-content\/uploads\/Eisenbahnbruecke.jpg\",\"link\":\"https:\/\/forte-cultura.com\/torgau-de\/eisenbahnbruecke\/\",\"alt\":\"\",\"description\":\"Eisenbahnbruecke \u00a9Zeppelubil \/ Th. Haft \/ Torgau\",\"caption\":\"Eisenbahnbruecke \u00a9Zeppelubil \/ Th. Haft \/ Torgau\",\"mime\":\"image\/jpeg\",\"type\":\"image\",\"width\":1200,\"height\":675,\"sizes\":{\"thumbnail\":{\"height\":150,\"width\":150,\"url\":\"https:\/\/forte-cultura.com\/wp-content\/uploads\/Eisenbahnbruecke-150x150.jpg\",\"orientation\":\"landscape\"},\"medium\":{\"height\":169,\"width\":300,\"url\":\"https:\/\/forte-cultura.com\/wp-content\/uploads\/Eisenbahnbruecke-300x169.jpg\",\"orientation\":\"landscape\"},\"large\":{\"height\":576,\"width\":1024,\"url\":\"https:\/\/forte-cultura.com\/wp-content\/uploads\/Eisenbahnbruecke-1024x576.jpg\",\"orientation\":\"landscape\"},\"full\":{\"url\":\"https:\/\/forte-cultura.com\/wp-content\/uploads\/Eisenbahnbruecke.jpg\",\"height\":675,\"width\":1200,\"orientation\":\"landscape\"}},\"imageMeta\":{\"aperture\":\"0\",\"credit\":\"\",\"camera\":\"\",\"caption\":\"\",\"created_timestamp\":\"0\",\"copyright\":\"\",\"focal_length\":\"0\",\"iso\":\"0\",\"shutter_speed\":\"0\",\"title\":\"\",\"orientation\":\"1\",\"keywords\":[]},\"meta\":false,\"postlink\":\"https:\/\/forte-cultura.com\/torgau-de\/eisenbahnbruecke\/\"},{\"id\":3635,\"title\":\"Elber-Rad- und Wanderweg Torgau\",\"url\":\"https:\/\/forte-cultura.com\/wp-content\/uploads\/Unbenannt.jpeg\",\"link\":\"https:\/\/forte-cultura.com\/torgau-de\/unbenannt\/\",\"alt\":\"\",\"description\":\"Elber-Rad- und Wanderweg Torgau, \u00a9Torgau-Informations-Center \",\"caption\":\"Elber-Rad- und Wanderweg Torgau, \u00a9Torgau-Informations-Center \",\"mime\":\"image\/webp\",\"type\":\"image\",\"width\":576,\"height\":385,\"sizes\":{\"full\":{\"url\":\"https:\/\/forte-cultura.com\/wp-content\/uploads\/Unbenannt.jpeg\",\"height\":385,\"width\":576,\"orientation\":\"landscape\"}},\"imageMeta\":{\"aperture\":\"0\",\"credit\":\"\",\"camera\":\"\",\"caption\":\"\",\"created_timestamp\":\"0\",\"copyright\":\"\",\"focal_length\":\"0\",\"iso\":\"0\",\"shutter_speed\":\"0\",\"title\":\"\",\"orientation\":\"0\",\"keywords\":[]},\"meta\":false,\"postlink\":\"https:\/\/forte-cultura.com\/torgau-de\/unbenannt\/\"},{\"id\":3636,\"title\":\"Elbeblick\",\"url\":\"https:\/\/forte-cultura.com\/wp-content\/uploads\/Elbeblick.png\",\"link\":\"https:\/\/forte-cultura.com\/torgau-de\/elbeblick\/\",\"alt\":\"\",\"description\":\"\",\"caption\":\"Elbeblick, \u00a9Torgau-Informations-Center \",\"mime\":\"image\/png\",\"type\":\"image\",\"width\":800,\"height\":450,\"sizes\":{\"thumbnail\":{\"height\":150,\"width\":150,\"url\":\"https:\/\/forte-cultura.com\/wp-content\/uploads\/Elbeblick-150x150.png\",\"orientation\":\"landscape\"},\"medium\":{\"height\":169,\"width\":300,\"url\":\"https:\/\/forte-cultura.com\/wp-content\/uploads\/Elbeblick-300x169.png\",\"orientation\":\"landscape\"},\"full\":{\"url\":\"https:\/\/forte-cultura.com\/wp-content\/uploads\/Elbeblick.png\",\"height\":450,\"width\":800,\"orientation\":\"landscape\"}},\"imageMeta\":{\"aperture\":\"0\",\"credit\":\"\",\"camera\":\"\",\"caption\":\"\",\"created_timestamp\":\"0\",\"copyright\":\"\",\"focal_length\":\"0\",\"iso\":\"0\",\"shutter_speed\":\"0\",\"title\":\"\",\"orientation\":\"0\",\"keywords\":[]},\"meta\":false,\"postlink\":\"https:\/\/forte-cultura.com\/torgau-de\/elbeblick\/\"},{\"id\":3637,\"title\":\"Biber1\",\"url\":\"https:\/\/forte-cultura.com\/wp-content\/uploads\/Biber1.png\",\"link\":\"https:\/\/forte-cultura.com\/torgau-de\/biber1\/\",\"alt\":\"Biber auf Wiese\",\"description\":\"Biber auf Wiese, Biberhof Torgau\",\"caption\":\"Biberhof Torgau\",\"mime\":\"image\/png\",\"type\":\"image\",\"width\":680,\"height\":453,\"sizes\":{\"thumbnail\":{\"height\":150,\"width\":150,\"url\":\"https:\/\/forte-cultura.com\/wp-content\/uploads\/Biber1-150x150.png\",\"orientation\":\"landscape\"},\"medium\":{\"height\":200,\"width\":300,\"url\":\"https:\/\/forte-cultura.com\/wp-content\/uploads\/Biber1-300x200.png\",\"orientation\":\"landscape\"},\"full\":{\"url\":\"https:\/\/forte-cultura.com\/wp-content\/uploads\/Biber1.png\",\"height\":453,\"width\":680,\"orientation\":\"landscape\"}},\"imageMeta\":{\"aperture\":\"0\",\"credit\":\"\",\"camera\":\"\",\"caption\":\"\",\"created_timestamp\":\"0\",\"copyright\":\"\",\"focal_length\":\"0\",\"iso\":\"0\",\"shutter_speed\":\"0\",\"title\":\"\",\"orientation\":\"0\",\"keywords\":[]},\"meta\":false,\"postlink\":\"https:\/\/forte-cultura.com\/torgau-de\/biber1\/\"}],\"TrpContentRestriction\":{\"restriction_type\":\"exclude\",\"selected_languages\":[],\"panel_open\":true},\"itemsMetaDataCollection\":[]}<\/script><script>(function(){if(window.PGC_SGB && window.PGC_SGB.searcher){window.PGC_SGB.searcher.initBlocks()}})()<\/script><\/div><\/div><\/div><\/div>\n<\/div><\/div><\/div>\n<\/div>\n<\/div>\n\n\n<hr class=\" wp-block-separator alignwide has-text-color has-accent-2-color has-alpha-channel-opacity has-accent-2-background-color has-background eplus-wrapper\" style=\"margin-top:var(--wp--preset--spacing--30);margin-bottom:var(--wp--preset--spacing--30)\"\/>\n\n\n\n<h2 class=\" wp-block-heading alignwide eplus-wrapper\">Events in der Festung Torgau<\/h2>\n\n\n<div class=\"wp-block-columns alignwide eplus-wrapper is-layout-flex wp-container-core-columns-is-layout-28f84493 wp-block-columns-is-layout-flex eplus-styles-uid-403c2f\">\n<div class=\"wp-block-column eplus-wrapper is-layout-flow wp-block-column-is-layout-flow\" style=\"flex-basis:100%\">\n<p class=\" eplus-wrapper\"><a href=\"https:\/\/www.torgau-tourismus.de\/events\" target=\"_blank\" rel=\"noreferrer noopener\">Veranstaltungskalender der Stadt Torgau<\/a><\/p>\n<\/div>\n<\/div>\n\n\n<hr class=\" wp-block-separator alignwide has-text-color has-accent-2-color has-alpha-channel-opacity has-accent-2-background-color has-background eplus-wrapper\" style=\"margin-top:var(--wp--preset--spacing--30);margin-bottom:var(--wp--preset--spacing--30)\"\/>\n\n\n<div class=\"wp-block-columns alignwide eplus-wrapper is-layout-flex wp-container-core-columns-is-layout-28f84493 wp-block-columns-is-layout-flex eplus-styles-uid-65da7a\">\n<div class=\"wp-block-column eplus-wrapper is-layout-flow wp-block-column-is-layout-flow\">\n<h2 class=\" wp-block-heading eplus-wrapper\">Kontakt<\/h2>\n<\/div>\n<\/div>\n\n\n<div class=\"wp-block-group alignwide has-border-color has-custom-farbe-1-border-color has-custom-verlauf-1-gradient-background has-text-color has-background eplus-wrapper is-layout-flow wp-block-group-is-layout-flow\" style=\"border-width:1px;border-radius:10px;color:#000000;padding-top:0;padding-right:0;padding-bottom:0;padding-left:0\"><div class=\"wp-block-columns eplus-wrapper is-layout-flex wp-container-core-columns-is-layout-1e964356 wp-block-columns-is-layout-flex eplus-styles-uid-fe152e\" style=\"margin-top:0;margin-bottom:0;padding-top:0;padding-right:0;padding-bottom:0;padding-left:0\">\n<div class=\"wp-block-column is-vertically-aligned-center eplus-wrapper is-layout-flow wp-block-column-is-layout-flow\" style=\"padding-top:5px;padding-right:0;padding-bottom:5px;padding-left:0;flex-basis:11.7%\"><figure class=\"is-style-default wp-block-image aligncenter size-full is-resized has-custom-border eplus-wrapper eplus-styles-uid-f8fbcd\" style=\"margin-right:0;margin-left:0\"><img loading=\"lazy\" decoding=\"async\" width=\"1000\" height=\"900\" src=\"https:\/\/forte-cultura.com\/wp-content\/uploads\/Torgau_Logo_2019_RZ_Print_farbig_mit_Claim_w.jpg\" alt=\"\" class=\"wp-image-3606\" style=\"border-radius:5px;width:136px;height:auto\" srcset=\"https:\/\/forte-cultura.com\/wp-content\/uploads\/Torgau_Logo_2019_RZ_Print_farbig_mit_Claim_w.jpg 1000w, https:\/\/forte-cultura.com\/wp-content\/uploads\/Torgau_Logo_2019_RZ_Print_farbig_mit_Claim_w-300x270.jpg 300w, https:\/\/forte-cultura.com\/wp-content\/uploads\/Torgau_Logo_2019_RZ_Print_farbig_mit_Claim_w-768x691.jpg 768w, https:\/\/forte-cultura.com\/wp-content\/uploads\/Torgau_Logo_2019_RZ_Print_farbig_mit_Claim_w-13x12.jpg 13w\" sizes=\"auto, (max-width: 1000px) 100vw, 1000px\" \/><\/figure><\/div>\n\n\n\n<div class=\"wp-block-column is-vertically-aligned-center eplus-wrapper is-layout-flow wp-block-column-is-layout-flow\" style=\"padding-right:var(--wp--preset--spacing--10);padding-left:var(--wp--preset--spacing--10);flex-basis:21.5%\"><p class=\" has-text-align-center has-small-font-size eplus-wrapper eplus-styles-uid-4de634\" style=\"margin-top:0;margin-bottom:0;line-height:1.3\"><strong>Torgau-Informations-Center<\/strong><br>Markt 1, 04860 Torgau<br>Tel.: +49 (0)3421 70140<br>Web: <a href=\"http:\/\/www.torgau-tourismus.de\" target=\"_blank\" rel=\"noopener\">www.torgau-tourismus.de<\/a><\/p><\/div>\n<\/div><\/div>\n\n\n\n<hr class=\" wp-block-separator alignwide has-text-color has-accent-2-color has-alpha-channel-opacity has-accent-2-background-color has-background eplus-wrapper\" style=\"margin-top:var(--wp--preset--spacing--30);margin-bottom:var(--wp--preset--spacing--30)\"\/>\n\n\n<div id=\"travelersmap-container-69f506dc7b974\" class=\"travelersmap-container\" style=\"z-index: 1; min-height: 10px; min-width:10px; height:400px;width:100%; max-width:1280px; max-height:; position:relative;\"><div style=\"position:absolute; z-index:-1;top: 50%;text-align: center;display: block;left: 50%;transform: translate(-50%,-50%);\">Travelers' Map is loading...<br>If you see this after your page is loaded completely, leafletJS files are missing.<\/div><\/div>\n\n\n\n<hr class=\" wp-block-separator alignwide has-text-color has-accent-2-color has-alpha-channel-opacity has-accent-2-background-color has-background eplus-wrapper\" style=\"margin-top:var(--wp--preset--spacing--30);margin-bottom:var(--wp--preset--spacing--30)\"\/>\n\n\n\n<div class=\"wp-block-group alignwide has-custom-verlauf-1-gradient-background has-background eplus-wrapper has-global-padding is-layout-constrained wp-container-core-group-is-layout-2bcd15f1 wp-block-group-is-layout-constrained\" style=\"border-radius:5px;margin-top:0;margin-bottom:0;padding-top:var(--wp--preset--spacing--30);padding-right:var(--wp--preset--spacing--40);padding-bottom:var(--wp--preset--spacing--30);padding-left:var(--wp--preset--spacing--40)\"><div class=\"wp-block-columns alignwide are-vertically-aligned-center eplus-wrapper is-layout-flex wp-container-core-columns-is-layout-47c06fe3 wp-block-columns-is-layout-flex eplus-styles-uid-f37e09\">\n<div class=\"wp-block-column is-vertically-aligned-center eplus-wrapper is-layout-flow wp-block-column-is-layout-flow\" style=\"flex-basis:44%\">\n<h2 class=\" wp-block-heading eplus-wrapper\">Kulturband Festungsmonumente<br>an der Elbe<\/h2>\n\n\n\n<p class=\"is-style-checkmark-list eplus-wrapper\">Von seiner Quelle im Tschechischen Riesengebirge bis zur M\u00fcndung in die Nordsee bei Cuxhaven verbindet der Elbestrom 1091 km herrliche Kulturlandschaften.<\/p>\n\n\n\n<p class=\" eplus-wrapper\">Erobern Sie die <strong>FORTE CULTURA Elbe-Festungen<\/strong> und entdecken Sie die Region aus einer neuen Perspektive.<\/p>\n\n\n\n<div class=\"wp-block-buttons eplus-wrapper is-layout-flex wp-block-buttons-is-layout-flex\"><div class=\"is-style-outline wp-block-button eplus-wrapper is-style-outline--1 eplus-styles-uid-65c680\"><a class=\"wp-block-button__link wp-element-button\" href=\"https:\/\/forte-cultura.com\/kulturerbe-elbe-festungen-de-cz\/\">Mehr erfahren<\/a><\/div><\/div>\n<\/div>\n\n\n\n<div class=\"wp-block-column is-vertically-aligned-center eplus-wrapper is-layout-flow wp-container-core-column-is-layout-43dc041e wp-block-column-is-layout-flow\" style=\"padding-top:0;padding-right:0;padding-bottom:0;padding-left:0;flex-basis:56%\">\n<figure class=\"is-style-rounded wp-block-image aligncenter size-full has-custom-border eplus-wrapper is-style-rounded--2\"><img loading=\"lazy\" decoding=\"async\" width=\"1500\" height=\"1043\" src=\"https:\/\/forte-cultura.com\/wp-content\/uploads\/BASISKARTE_Elbe_2021419_web.jpg\" alt=\"\" class=\"wp-image-471\" style=\"border-radius:15px;object-fit:cover\" srcset=\"https:\/\/forte-cultura.com\/wp-content\/uploads\/BASISKARTE_Elbe_2021419_web.jpg 1500w, https:\/\/forte-cultura.com\/wp-content\/uploads\/BASISKARTE_Elbe_2021419_web-300x209.jpg 300w, https:\/\/forte-cultura.com\/wp-content\/uploads\/BASISKARTE_Elbe_2021419_web-1024x712.jpg 1024w, https:\/\/forte-cultura.com\/wp-content\/uploads\/BASISKARTE_Elbe_2021419_web-768x534.jpg 768w, https:\/\/forte-cultura.com\/wp-content\/uploads\/BASISKARTE_Elbe_2021419_web-200x139.jpg 200w\" sizes=\"auto, (max-width: 1500px) 100vw, 1500px\" \/><\/figure>\n<\/div>\n<\/div><\/div>\n\n\n\n<hr class=\" wp-block-separator alignwide has-text-color has-accent-2-color has-alpha-channel-opacity has-accent-2-background-color has-background eplus-wrapper\" style=\"margin-top:var(--wp--preset--spacing--30);margin-bottom:var(--wp--preset--spacing--30)\"\/>\n","protected":false},"excerpt":{"rendered":"<p>Jedyny du\u017cy system forteczny w Saksonii zachowany w cz\u0119\u015bci; ufortyfikowany zamek Hartenfels<\/p>","protected":false},"author":1,"featured_media":1041,"comment_status":"open","ping_status":"open","sticky":false,"template":"","format":"standard","meta":{"editor_plus_copied_stylings":"{}","pgc_sgb_lightbox_settings":"","_price":"","_stock":"","_tribe_ticket_header":"","_tribe_default_ticket_provider":"","_tribe_ticket_capacity":"0","_ticket_start_date":"","_ticket_end_date":"","_tribe_ticket_show_description":"","_tribe_ticket_show_not_going":false,"_tribe_ticket_use_global_stock":"","_tribe_ticket_global_stock_level":"","_global_stock_mode":"","_global_stock_cap":"","_tribe_rsvp_for_event":"","_tribe_ticket_going_count":"","_tribe_ticket_not_going_count":"","_tribe_tickets_list":"[]","_tribe_ticket_has_attendee_info_fields":false,"_EventAllDay":false,"_EventTimezone":"","_EventStartDate":"","_EventEndDate":"","_EventStartDateUTC":"","_EventEndDateUTC":"","_EventShowMap":false,"_EventShowMapLink":false,"_EventURL":"","_EventCost":"","_EventCostDescription":"","_EventCurrencySymbol":"","_EventCurrencyCode":"","_EventCurrencyPosition":"","_EventDateTimeSeparator":"","_EventTimeRangeSeparator":"","_EventOrganizerID":[],"_EventVenueID":[],"_OrganizerEmail":"","_OrganizerPhone":"","_OrganizerWebsite":"","_VenueAddress":"","_VenueCity":"","_VenueCountry":"","_VenueProvince":"","_VenueState":"","_VenueZip":"","_VenuePhone":"","_VenueURL":"","_VenueStateProvince":"","_VenueLat":"","_VenueLng":"","_VenueShowMap":false,"_VenueShowMapLink":false,"footnotes":""},"categories":[27,20,39,22,38,469,19],"tags":[42,461,460,471,84,86,43,482,67],"class_list":["post-1038","post","type-post","status-publish","format-standard","has-post-thumbnail","hentry","category-befestigtes-schloss","category-deutschland","category-elbe-festungen","category-festungserbe","category-festungssystem","category-fluesse-und-meer","category-stationen","tag-elbe","tag-familie","tag-kids","tag-konzert","tag-mahnmal","tag-napoleon","tag-preussen","tag-reformation","tag-zweiter-weltkrieg"],"_links":{"self":[{"href":"https:\/\/forte-cultura.com\/pl\/wp-json\/wp\/v2\/posts\/1038","targetHints":{"allow":["GET"]}}],"collection":[{"href":"https:\/\/forte-cultura.com\/pl\/wp-json\/wp\/v2\/posts"}],"about":[{"href":"https:\/\/forte-cultura.com\/pl\/wp-json\/wp\/v2\/types\/post"}],"author":[{"embeddable":true,"href":"https:\/\/forte-cultura.com\/pl\/wp-json\/wp\/v2\/users\/1"}],"replies":[{"embeddable":true,"href":"https:\/\/forte-cultura.com\/pl\/wp-json\/wp\/v2\/comments?post=1038"}],"version-history":[{"count":0,"href":"https:\/\/forte-cultura.com\/pl\/wp-json\/wp\/v2\/posts\/1038\/revisions"}],"wp:featuredmedia":[{"embeddable":true,"href":"https:\/\/forte-cultura.com\/pl\/wp-json\/wp\/v2\/media\/1041"}],"wp:attachment":[{"href":"https:\/\/forte-cultura.com\/pl\/wp-json\/wp\/v2\/media?parent=1038"}],"wp:term":[{"taxonomy":"category","embeddable":true,"href":"https:\/\/forte-cultura.com\/pl\/wp-json\/wp\/v2\/categories?post=1038"},{"taxonomy":"post_tag","embeddable":true,"href":"https:\/\/forte-cultura.com\/pl\/wp-json\/wp\/v2\/tags?post=1038"}],"curies":[{"name":"wp","href":"https:\/\/api.w.org\/{rel}","templated":true}]}}