{"id":1035,"date":"2023-12-01T16:40:42","date_gmt":"2023-12-01T15:40:42","guid":{"rendered":"https:\/\/forte-cultura.com\/?p=1035"},"modified":"2025-01-16T09:54:20","modified_gmt":"2025-01-16T08:54:20","slug":"terezin-cz","status":"publish","type":"post","link":"https:\/\/forte-cultura.com\/pl\/terezin-cz\/","title":{"rendered":"Terez\u00edn (CZ)"},"content":{"rendered":"<div class=\"wp-block-columns alignwide eplus-wrapper is-layout-flex wp-container-core-columns-is-layout-28f84493 wp-block-columns-is-layout-flex eplus-styles-uid-32de6b\">\n<div class=\"wp-block-column eplus-wrapper is-layout-flow wp-block-column-is-layout-flow\" style=\"flex-basis:100%\"><div class=\"wp-block-columns eplus-wrapper is-layout-flex wp-container-core-columns-is-layout-28f84493 wp-block-columns-is-layout-flex eplus-styles-uid-88868d\">\n<div class=\"wp-block-column eplus-wrapper is-layout-flow wp-block-column-is-layout-flow\" style=\"flex-basis:80%\"><p class=\"eplus-wrapper eplus-styles-uid-e7c803\"><em>Stacja FORTE CULTURA: <a href=\"https:\/\/forte-cultura.com\/kulturerbe-festungsmonumente\/geschichte-des-festungsbaus\/festungsbau-vom-15-19-jahrhundert\/befestigte-idealstadt\/\" data-type=\"page\" data-id=\"2018\">Ufortyfikowane miasto idealne<\/a> Terez\u00edn (CZ)<\/em><\/p>\n\n\n<h2 class=\"wp-block-heading alignwide has-large-font-size eplus-wrapper\"><strong>Arcydzie\u0142o budowniczych fortec monarchii KuK<\/strong><\/h2>\n\n\n\n<h3 class=\"is-style-default wp-block-heading alignwide eplus-wrapper\" style=\"margin-top:var(--wp--preset--spacing--10);margin-bottom:var(--wp--preset--spacing--10);font-size:clamp(1.092rem, 1.092rem + ((1vw - 0.2rem) * 1.013), 1.7rem);\"><em>Historyczna twierdza Elbe i pomnik upami\u0119tniaj\u0105cy II wojn\u0119 \u015bwiatow\u0105 <\/em><\/h3>\n\n\n\n<p class=\"eplus-wrapper translation-block\">Twierdza Terez\u00edn (Theresienstadt - od imienia Marii Teresy), wraz z Josefovem (Josefstadt - od imienia cesarza J\u00f3zefa II), jest jednym z arcydzie\u0142 budowniczych twierdz monarchii austro-w\u0119gierskiej w XVIII wieku. Oba s\u0105 tak zwanymi <a href=\"https:\/\/forte-cultura.com\/kulturerbe-festungsmonumente\/geschichte-des-festungsbaus\/festungsbau-vom-15-19-jahrhundert\/befestigte-idealstadt\/\" data-type=\"page\" data-id=\"2018\" target=\"_self\">fortyfikowanymi miastami idealnymi<\/a>, miastami wojskowymi zaplanowanymi przez architekt\u00f3w wojskowych i in\u017cynier\u00f3w absolutystycznych ksi\u0105\u017c\u0105t w okresie renesansu z gwia\u017adzist\u0105 lub szachownicow\u0105 geometri\u0105 ulic i otaczaj\u0105cych je fortyfikacji.<\/p>\n\n\n\n<p class=\"eplus-wrapper translation-block\">Odkryj wielopoziomowy pas bastion\u00f3w wok\u00f3\u0142 prostok\u0105tnej struktury miasta podczas wycieczek i dowiedz si\u0119 wi\u0119cej o historii wojskowego planowania miasta. Prze\u017cyj ekscytuj\u0105ce wydarzenia historyczne i zanurz si\u0119 w \u017cyciu \u017co\u0142nierzy w XVIII wieku. Wiele pomnik\u00f3w upami\u0119tnia r\u00f3wnie\u017c mroczny rozdzia\u0142 miasta, Holokaust w <strong>Theresienstadt<\/strong>.<\/p>\n<\/div>\n\n\n\n<div class=\"wp-block-column eplus-wrapper is-layout-flow wp-block-column-is-layout-flow\" style=\"flex-basis:20%\"><figure class=\"wp-block-image alignright size-medium eplus-wrapper eplus-styles-uid-7a77bb\"><img loading=\"lazy\" decoding=\"async\" width=\"145\" height=\"300\" src=\"https:\/\/forte-cultura.com\/wp-content\/uploads\/FoCu-Flyer-Boehmen_DE_coverweb-145x300.jpg\" alt=\"\" class=\"wp-image-2765\" srcset=\"https:\/\/forte-cultura.com\/wp-content\/uploads\/FoCu-Flyer-Boehmen_DE_coverweb-145x300.jpg 145w, https:\/\/forte-cultura.com\/wp-content\/uploads\/FoCu-Flyer-Boehmen_DE_coverweb-6x12.jpg 6w, https:\/\/forte-cultura.com\/wp-content\/uploads\/FoCu-Flyer-Boehmen_DE_coverweb-200x415.jpg 200w, https:\/\/forte-cultura.com\/wp-content\/uploads\/FoCu-Flyer-Boehmen_DE_coverweb.jpg 386w\" sizes=\"auto, (max-width: 145px) 100vw, 145px\" \/><figcaption class=\"wp-element-caption\"><a href=\"https:\/\/forte-cultura.com\/wp-content\/uploads\/FoCu-Flyer-Boehmen_EN2023_web.pdf\">Ulotka informacyjna FORTE CULTURA na temat dziedzictwa fortecznego Czech<\/a><\/figcaption><\/figure><\/div>\n<\/div>\n\n\n<h3 class=\"wp-block-heading has-large-font-size eplus-wrapper\" style=\"margin-top:var(--wp--preset--spacing--20)\">Do\u015bwiadczenia w Terezinie<\/h3>\n\n\n<ul class=\"wp-block-list eplus-wrapper eplus-styles-uid-b6fc35\"><li style=\"margin-top:var(--wp--preset--spacing--10);margin-bottom:var(--wp--preset--spacing--10);line-height:1.5\" class=\"eplus-wrapper eplus-styles-uid-1ceed8 translation-block\"><strong>Dobrze zachowane fortyfikacje: <\/strong>Spacer po najlepiej zachowanych fortyfikacjach w Europie \u015arodkowej, zwiedzanie labiryntu podziemnych korytarzy i odkrywanie dawno zapomnianej funkcji fortyfikacji. <a href=\"https:\/\/forte-cultura.com\/kulturerbe-festungsmonumente\/geschichte-des-festungsbaus\/festungsbau-vom-15-19-jahrhundert\/befestigte-idealstadt\/\" data-type=\"page\" data-id=\"2018\" target=\"_self\">Idealne miasto warowne = per\u0142a architektury fortecznej<\/a>.<\/li>\n\n<li style=\"margin-top:var(--wp--preset--spacing--10);margin-bottom:var(--wp--preset--spacing--10);line-height:1.5\" class=\"eplus-wrapper eplus-styles-uid-1ceed8 translation-block\"><strong>Ciekawe wycieczki tematyczne:<\/strong> Odwied\u017a fortyfikacje lub centralne stare miasto z tajemniczymi opuszczonymi budynkami wojskowymi. Odkryj historie monarchii Habsburg\u00f3w i pokole\u0144 zwyk\u0142ych ludzi, kt\u00f3rzy \u017cyli tu przez trzy wieki.<\/li>\n\n<li style=\"margin-top:var(--wp--preset--spacing--10);margin-bottom:var(--wp--preset--spacing--10);line-height:1.5\" class=\"eplus-wrapper eplus-styles-uid-1ceed8 translation-block\"><strong>Muzea i wystawy:<\/strong> Kilka muze\u00f3w i wystaw zabiera w podr\u00f3\u017c przez histori\u0119 Terez\u00edna i przybli\u017ca wyj\u0105tkow\u0105 twierdz\u0119 - od t\u0119tni\u0105cego \u017cyciem miasta po smutn\u0105 histori\u0119 II wojny \u015bwiatowej.<\/li>\n\n<li style=\"margin-top:var(--wp--preset--spacing--10);margin-bottom:var(--wp--preset--spacing--10);line-height:1.5\" class=\"eplus-wrapper eplus-styles-uid-1ceed8 translation-block\"><strong>Aktywne oferty:<\/strong> Turystyka piesza, rowerowa i wodna - okolica oferuje wiele mo\u017cliwo\u015bci obcowania z przyrod\u0105 wzd\u0142u\u017c \u0141aby.<\/li>\n\n<li style=\"margin-top:var(--wp--preset--spacing--10);margin-bottom:var(--wp--preset--spacing--10);line-height:1.5\" class=\"eplus-wrapper eplus-styles-uid-1ceed8 translation-block\"><strong>Wyj\u0105tkowa atmosfera: <\/strong>Wyj\u0105tkowa atmosfera miasta przyci\u0105ga filmowc\u00f3w i festiwale muzyczne, takie jak \"Brutal Assault\".<\/li><\/ul>\n\n\n<h3 class=\"wp-block-heading eplus-wrapper\" style=\"margin-top:var(--wp--preset--spacing--30)\">Przydatne informacje podczas wizyty w Terezinie<\/h3>\n\n\n\n<p class=\"eplus-wrapper\">Twierdza Terez\u00edn jest bardzo du\u017cym zabytkiem. Jednak atrakcje turystyczne znajduj\u0105 si\u0119 w odleg\u0142o\u015bci kr\u00f3tkiego spaceru. Zalecamy rozpocz\u0119cie zwiedzania twierdzy w lokalnym centrum informacyjnym, gdzie mo\u017cna uzyska\u0107 wszystkie potrzebne informacje. Temperatury w podziemiach wynosz\u0105 oko\u0142o 10\u00b0C. Zaleca si\u0119 zabranie na wycieczk\u0119 ciep\u0142ej odzie\u017cy.<\/p>\n\n\n\n<p class=\"eplus-wrapper translation-block\"><strong><a href=\"http:\/\/smart-guide.org\/de\/travelers\/\" target=\"_blank\" rel=\"noreferrer noopener\">SMARTGUIDE<\/a><\/strong>: Odkryj idealne miasto-twierdz\u0119 Terez\u00edn z audioprzewodnikiem w telefonie kom\u00f3rkowym. Dost\u0119pnych jest kilka wersji j\u0119zykowych.<\/p>\n\n\n\n<p class=\"eplus-wrapper translation-block\"><strong>Dost\u0119pno\u015b\u0107 dla os\u00f3b niepe\u0142nosprawnych:<\/strong> Wszystkie nasze obiekty s\u0105 dost\u0119pne dla os\u00f3b poruszaj\u0105cych si\u0119 na w\u00f3zkach inwalidzkich - w tym podziemne korytarze kopalni.<\/p>\n\n\n\n<p class=\"eplus-wrapper translation-block\"><strong>Bilety \u0142\u0105czone \/ oferty specjalne:<\/strong> Istnieje mo\u017cliwo\u015b\u0107 zakupu wsp\u00f3lnego biletu na wszystkie nasze wycieczki i wystawy. <strong>FORTPASS - bilet \u0142\u0105czony<\/strong> - wa\u017cny na zwiedzanie Terezina, Josefova, twierdzy Vy\u0161ehrad i Muzeum Hradec Kr\u00e1lov\u00e9.<\/p>\n\n\n\n<p class=\"eplus-wrapper\">Szeroki wyb\u00f3r wycieczek z przewodnikiem dla turyst\u00f3w indywidualnych, rodzin i grup. Wi\u0119cej informacji na stronie <a href=\"http:\/\/www.pevnost-terezin.cz\" target=\"_blank\" rel=\"noreferrer noopener\">www.pevnost-terezin.cz<\/a>.<\/p>\n<\/div>\n<\/div>\n\n\n<figure class=\"wp-embed-aspect-16-9 wp-has-aspect-ratio wp-block-embed alignwide is-type-video is-provider-youtube wp-block-embed-youtube eplus-wrapper\"><div class=\"wp-block-embed__wrapper\">\n<iframe loading=\"lazy\" title=\"Ufortyfikowane miasto idealne Terez\u00edn (CZ) - stacja FORTE CULTURA\" width=\"500\" height=\"281\" src=\"https:\/\/www.youtube.com\/embed\/n45MmYiNmvA?feature=oembed\" frameborder=\"0\" allow=\"accelerometer; autoplay; clipboard-write; encrypted-media; gyroscope; picture-in-picture; web-share\" referrerpolicy=\"strict-origin-when-cross-origin\" allowfullscreen><\/iframe>\n<\/div><figcaption class=\"wp-element-caption\">Kr\u00f3tki portret ufortyfikowanego idealnego miasta Terez\u00edn (CZ) jako stacji FORTE CULTURA - Europejskiego Szlaku Kulturowego Zabytk\u00f3w Fortecznych. Serdeczne podzi\u0119kowania dla zespo\u0142u www.exploreprague.cz i Michala Plivy za produkcj\u0119 wideo.<\/figcaption><\/figure>\n\n\n\n<hr class=\"wp-block-separator alignwide has-text-color has-accent-2-color has-alpha-channel-opacity has-accent-2-background-color has-background eplus-wrapper\" style=\"margin-top:var(--wp--preset--spacing--30);margin-bottom:var(--wp--preset--spacing--30)\"\/>\n\n\n\n<div class=\"wp-block-group alignwide has-custom-verlauf-1-gradient-background has-background eplus-wrapper has-global-padding is-layout-constrained wp-container-core-group-is-layout-2bcd15f1 wp-block-group-is-layout-constrained\" style=\"border-radius:5px;margin-top:0;margin-bottom:0;padding-top:var(--wp--preset--spacing--30);padding-right:var(--wp--preset--spacing--40);padding-bottom:var(--wp--preset--spacing--30);padding-left:var(--wp--preset--spacing--40)\"><div class=\"wp-block-columns alignwide are-vertically-aligned-center eplus-wrapper is-layout-flex wp-container-core-columns-is-layout-47c06fe3 wp-block-columns-is-layout-flex eplus-styles-uid-f37e09\">\n<div class=\"wp-block-column is-vertically-aligned-center eplus-wrapper is-layout-flow wp-block-column-is-layout-flow\" style=\"flex-basis:44%\">\n<h2 class=\"wp-block-heading eplus-wrapper translation-block\">Zabytki kulturowe pasma fortecznego<br>nad \u0141ab\u0105<\/h2>\n\n\n\n<p class=\"is-style-checkmark-list eplus-wrapper\">Od \u017ar\u00f3d\u0142a w czeskich Karkonoszach do uj\u015bcia do Morza P\u00f3\u0142nocnego w pobli\u017cu Cuxhaven, \u0141aba \u0142\u0105czy 1091 kilometr\u00f3w wspania\u0142ych krajobraz\u00f3w kulturowych.<\/p>\n\n\n\n<p class=\"eplus-wrapper translation-block\">Zdob\u0105d\u017a twierdze <strong>FORTE CULTURA Elbe<\/strong> i odkryj region z nowej perspektywy.<\/p>\n\n\n\n<div class=\"wp-block-buttons eplus-wrapper is-layout-flex wp-block-buttons-is-layout-flex\"><div class=\"is-style-outline wp-block-button eplus-wrapper is-style-outline--1 eplus-styles-uid-65c680\"><a class=\"wp-block-button__link wp-element-button\" href=\"https:\/\/forte-cultura.com\/kulturerbe-elbe-festungen-de-cz\/\">Dowiedz si\u0119 wi\u0119cej<\/a><\/div><\/div>\n<\/div>\n\n\n\n<div class=\"wp-block-column is-vertically-aligned-center eplus-wrapper is-layout-flow wp-container-core-column-is-layout-43dc041e wp-block-column-is-layout-flow\" style=\"padding-top:0;padding-right:0;padding-bottom:0;padding-left:0;flex-basis:56%\">\n<figure class=\"is-style-rounded wp-block-image aligncenter size-full has-custom-border eplus-wrapper is-style-rounded--2\"><img loading=\"lazy\" decoding=\"async\" width=\"1500\" height=\"1043\" src=\"https:\/\/forte-cultura.com\/wp-content\/uploads\/BASISKARTE_Elbe_2021419_web.jpg\" alt=\"\" class=\"wp-image-471\" style=\"border-radius:15px;object-fit:cover\" srcset=\"https:\/\/forte-cultura.com\/wp-content\/uploads\/BASISKARTE_Elbe_2021419_web.jpg 1500w, https:\/\/forte-cultura.com\/wp-content\/uploads\/BASISKARTE_Elbe_2021419_web-300x209.jpg 300w, https:\/\/forte-cultura.com\/wp-content\/uploads\/BASISKARTE_Elbe_2021419_web-1024x712.jpg 1024w, https:\/\/forte-cultura.com\/wp-content\/uploads\/BASISKARTE_Elbe_2021419_web-768x534.jpg 768w, https:\/\/forte-cultura.com\/wp-content\/uploads\/BASISKARTE_Elbe_2021419_web-200x139.jpg 200w\" sizes=\"auto, (max-width: 1500px) 100vw, 1500px\" \/><\/figure>\n<\/div>\n<\/div><\/div>\n\n\n\n<hr class=\"wp-block-separator alignwide has-text-color has-accent-2-color has-alpha-channel-opacity has-accent-2-background-color has-background eplus-wrapper\" style=\"margin-top:var(--wp--preset--spacing--30);margin-bottom:var(--wp--preset--spacing--30)\"\/>\n\n\n\n<h2 class=\"wp-block-heading alignwide eplus-wrapper\">Wydarzenia w idealnym mie\u015bcie-twierdzy Terez\u00edn<\/h2>\n\n\n<div class=\"wp-block-columns alignwide eplus-wrapper is-layout-flex wp-container-core-columns-is-layout-28f84493 wp-block-columns-is-layout-flex eplus-styles-uid-f79566\">\n<div class=\"wp-block-column eplus-wrapper is-layout-flow wp-block-column-is-layout-flow\" style=\"flex-basis:100%\">\n<p class=\"eplus-wrapper\"><a href=\"https:\/\/www.pevnost-terezin.cz\/akce-a-novinky\" target=\"_blank\" rel=\"noreferrer noopener\"><strong>Wydarzenia i wiadomo\u015bci z Terezina<\/strong><\/a><\/p>\n<\/div>\n<\/div>\n\n\n<hr class=\"wp-block-separator alignwide has-text-color has-accent-2-color has-alpha-channel-opacity has-accent-2-background-color has-background eplus-wrapper\" style=\"margin-top:var(--wp--preset--spacing--30);margin-bottom:var(--wp--preset--spacing--30)\"\/>\n\n\n<div id=\"travelersmap-container-69f4fa4b96582\" class=\"travelersmap-container\" style=\"z-index: 1; min-height: 10px; min-width:10px; height:400px;width:100%; max-width:1280px; max-height:; position:relative;\"><div style=\"position:absolute; z-index:-1;top: 50%;text-align: center;display: block;left: 50%;transform: translate(-50%,-50%);\">Travellers' Map \u0142aduje si\u0119...<br>Je\u015bli zobaczysz to po ca\u0142kowitym za\u0142adowaniu strony, brakuje plik\u00f3w leafletJS.<\/div><\/div>\n\n\n\n<hr class=\"wp-block-separator alignwide has-text-color has-accent-2-color has-alpha-channel-opacity has-accent-2-background-color has-background eplus-wrapper\" style=\"margin-top:var(--wp--preset--spacing--30);margin-bottom:var(--wp--preset--spacing--30)\"\/>","protected":false},"excerpt":{"rendered":"<p>Ufortyfikowane miasto idealne: arcydzie\u0142o architektury fortecznej, historyczna twierdza Elbe i pomnik II wojny \u015bwiatowej<\/p>","protected":false},"author":1,"featured_media":1036,"comment_status":"open","ping_status":"open","sticky":false,"template":"","format":"standard","meta":{"editor_plus_copied_stylings":"{}","pgc_sgb_lightbox_settings":"","_price":"","_stock":"","_tribe_ticket_header":"","_tribe_default_ticket_provider":"","_tribe_ticket_capacity":"0","_ticket_start_date":"","_ticket_end_date":"","_tribe_ticket_show_description":"","_tribe_ticket_show_not_going":false,"_tribe_ticket_use_global_stock":"","_tribe_ticket_global_stock_level":"","_global_stock_mode":"","_global_stock_cap":"","_tribe_rsvp_for_event":"","_tribe_ticket_going_count":"","_tribe_ticket_not_going_count":"","_tribe_tickets_list":"[]","_tribe_ticket_has_attendee_info_fields":false,"_EventAllDay":false,"_EventTimezone":"","_EventStartDate":"","_EventEndDate":"","_EventStartDateUTC":"","_EventEndDateUTC":"","_EventShowMap":false,"_EventShowMapLink":false,"_EventURL":"","_EventCost":"","_EventCostDescription":"","_EventCurrencySymbol":"","_EventCurrencyCode":"","_EventCurrencyPosition":"","_EventDateTimeSeparator":"","_EventTimeRangeSeparator":"","_EventOrganizerID":[],"_EventVenueID":[],"_OrganizerEmail":"","_OrganizerPhone":"","_OrganizerWebsite":"","_VenueAddress":"","_VenueCity":"","_VenueCountry":"","_VenueProvince":"","_VenueState":"","_VenueZip":"","_VenuePhone":"","_VenueURL":"","_VenueStateProvince":"","_VenueLat":"","_VenueLng":"","_VenueShowMap":false,"_VenueShowMapLink":false,"footnotes":""},"categories":[24,39,22,469,19,452,74],"tags":[54,42,461,85,460,55,84,463,462,453,454,67],"class_list":["post-1035","post","type-post","status-publish","format-standard","has-post-thumbnail","hentry","category-befestigte-idealstadt","category-elbe-festungen","category-festungserbe","category-fluesse-und-meer","category-stationen","category-kaiserliche-festungen-boehmen","category-tschechische-republik","tag-boehmen","tag-elbe","tag-familie","tag-holocaust","tag-kids","tag-kuk-monarchie","tag-mahnmal","tag-museum","tag-reenactment","tag-terezin","tag-theresienstadt","tag-zweiter-weltkrieg"],"_links":{"self":[{"href":"https:\/\/forte-cultura.com\/pl\/wp-json\/wp\/v2\/posts\/1035","targetHints":{"allow":["GET"]}}],"collection":[{"href":"https:\/\/forte-cultura.com\/pl\/wp-json\/wp\/v2\/posts"}],"about":[{"href":"https:\/\/forte-cultura.com\/pl\/wp-json\/wp\/v2\/types\/post"}],"author":[{"embeddable":true,"href":"https:\/\/forte-cultura.com\/pl\/wp-json\/wp\/v2\/users\/1"}],"replies":[{"embeddable":true,"href":"https:\/\/forte-cultura.com\/pl\/wp-json\/wp\/v2\/comments?post=1035"}],"version-history":[{"count":0,"href":"https:\/\/forte-cultura.com\/pl\/wp-json\/wp\/v2\/posts\/1035\/revisions"}],"wp:featuredmedia":[{"embeddable":true,"href":"https:\/\/forte-cultura.com\/pl\/wp-json\/wp\/v2\/media\/1036"}],"wp:attachment":[{"href":"https:\/\/forte-cultura.com\/pl\/wp-json\/wp\/v2\/media?parent=1035"}],"wp:term":[{"taxonomy":"category","embeddable":true,"href":"https:\/\/forte-cultura.com\/pl\/wp-json\/wp\/v2\/categories?post=1035"},{"taxonomy":"post_tag","embeddable":true,"href":"https:\/\/forte-cultura.com\/pl\/wp-json\/wp\/v2\/tags?post=1035"}],"curies":[{"name":"wp","href":"https:\/\/api.w.org\/{rel}","templated":true}]}}