{"id":1009,"date":"2023-12-01T15:47:25","date_gmt":"2023-12-01T14:47:25","guid":{"rendered":"https:\/\/forte-cultura.com\/?p=1009"},"modified":"2026-01-30T16:25:14","modified_gmt":"2026-01-30T15:25:14","slug":"sibenik-hr","status":"publish","type":"post","link":"https:\/\/forte-cultura.com\/pl\/sibenik-hr\/","title":{"rendered":"\u0160ibenik (HR)"},"content":{"rendered":"<div class=\"wp-block-columns alignwide eplus-wrapper is-layout-flex wp-container-core-columns-is-layout-28f84493 wp-block-columns-is-layout-flex eplus-styles-uid-388165\">\n<div class=\"wp-block-column eplus-wrapper is-layout-flow wp-block-column-is-layout-flow\" style=\"flex-basis:100%\"><p class=\" eplus-wrapper eplus-styles-uid-e7c803\"><em>FORTE CULTURA Station: Kulturfestung \u0160ibenik\u00a0(HR)<\/em><\/p>\n\n\n<h2 class=\" wp-block-heading alignwide has-large-font-size eplus-wrapper\"><strong>Die W\u00e4chter von \u0160ibenik<\/strong><\/h2>\n\n\n\n<h3 class=\"is-style-default wp-block-heading alignwide eplus-wrapper\" style=\"margin-top:var(--wp--preset--spacing--10);margin-bottom:var(--wp--preset--spacing--10);font-size:clamp(1.092rem, 1.092rem + ((1vw - 0.2rem) * 1.013), 1.7rem);\"><em>Geschichte auf moderne Art und Weise erleben<\/em><\/h3>\n\n\n\n<p class=\" eplus-wrapper\">\u0160ibenik ist eine der \u00e4ltesten kroatischen St\u00e4dte und liegt in einem nat\u00fcrlichen Hafen an der gesch\u00fctzten M\u00fcndung des Flusses Krka. \u0160ibenik ist nicht nur von zwei Nationalparks umgeben und beherbergt zwei UNESCO-Welterbest\u00e4tten, sondern ist auch als \u201e<strong>Stadt der Festungen<\/strong>\u201c bekannt.<\/p>\n\n\n\n<p class=\" eplus-wrapper\">Einst die Verteidiger (W\u00e4chter) von \u0160ibenik, haben sich die Festungen in den letzten Jahren von schlafenden Sch\u00f6nheiten in lebendige Orte verwandelt. Auf Basis von Revitalisierungsprojekten wurden sie mit einem breiten Spektrum an Freizeit- und Bildungsfunktionen ausgestattet. Entdecken Sie mit FORTE CULTURA die\u00a0<strong>W\u00e4chter von \u0160ibenik \u2013 St. Michael Festung, Barone Festung <\/strong>und <strong>St. John\u2019s Festung<\/strong>. Genie\u00dfen Sie zudem Veranstaltungen im <strong>Haus der K\u00fcnste Arsen<\/strong> und erfahren Sie mehr \u00fcber die jahrhundertealte Tradition im <strong>Kroatischen Korallenzentrum Zlarin<\/strong>.<\/p>\n\n\n\n<h3 class=\" wp-block-heading eplus-wrapper\"><em>Kulturfestung \u0160ibenik<\/em><\/h3>\n\n\n\n<p class=\" eplus-wrapper\">Heute werden die drei sanierten Festungen &#8211; St. Michael, Barone und St. John &#8211; von <em>Kulturfestung \u0160ibenik<\/em> verwaltet. Die 2016 gegr\u00fcndete \u00f6ffentliche Institution wurde aufgrund ihres innovativen Ansatzes zur nachhaltigen Entwicklung historischer Festungsgeb\u00e4ude schnell zu einem Best Practice im Kulturmanagement. Zahlreiche Konzerte und Veranstaltungen, spannende multimediale Inhalte wie VR, 3D-Mapping, AR, multimediale Ausstellungen und F\u00fchrungen, die heute in der Festung umgesetzt werden, lassen kaum W\u00fcnsche offen. All diese attraktiven Angebote und Programme haben die Festungen zu einem Hotspot der Geschichte, Kultur und Musik an der Adria gemacht.<br><br>Kulturfestung \u0160ibenik verwaltet auch zwei weitere Standorte: das Haus der K\u00fcnste Arsen (renoviertes ehemaliges Kino), ein Kunstzentrum, in dem Konzerte und B\u00fchnenveranstaltungen, Kinovorf\u00fchrungen, Theaterst\u00fccke und Ausstellungen stattfinden, sowie das Kroatische Korallenzentrum, ein Museum auf einer kleinen Insel im Archipel von \u0160ibenik &#8211; Zlarin. <\/p>\n<\/div>\n<\/div>\n\n\n<hr class=\" wp-block-separator alignwide has-text-color has-accent-2-color has-alpha-channel-opacity has-accent-2-background-color has-background eplus-wrapper\" style=\"margin-top:var(--wp--preset--spacing--30);margin-bottom:var(--wp--preset--spacing--30)\"\/>\n\n\n<div class=\"wp-block-columns alignwide eplus-wrapper is-layout-flex wp-container-core-columns-is-layout-28f84493 wp-block-columns-is-layout-flex eplus-styles-uid-d63669\">\n<div class=\"wp-block-column eplus-wrapper is-layout-flow wp-block-column-is-layout-flow\"><div class=\"wp-block-columns eplus-wrapper is-layout-flex wp-container-core-columns-is-layout-28f84493 wp-block-columns-is-layout-flex eplus-styles-uid-5a4962\">\n<div class=\"wp-block-column eplus-wrapper is-layout-flow wp-block-column-is-layout-flow\" style=\"flex-basis:7.8%\">\n<figure class=\" wp-block-image size-full is-resized eplus-wrapper\"><img loading=\"lazy\" decoding=\"async\" width=\"445\" height=\"483\" src=\"https:\/\/forte-cultura.com\/wp-content\/uploads\/portrait-icon_EN-2.png\" alt=\"\" class=\"wp-image-1410\" style=\"width:89px;height:auto\" srcset=\"https:\/\/forte-cultura.com\/wp-content\/uploads\/portrait-icon_EN-2.png 445w, https:\/\/forte-cultura.com\/wp-content\/uploads\/portrait-icon_EN-2-276x300.png 276w, https:\/\/forte-cultura.com\/wp-content\/uploads\/portrait-icon_EN-2-200x217.png 200w\" sizes=\"auto, (max-width: 445px) 100vw, 445px\" \/><\/figure>\n<\/div>\n\n\n\n<div class=\"wp-block-column is-vertically-aligned-bottom eplus-wrapper is-layout-flow wp-block-column-is-layout-flow\" style=\"flex-basis:90%\">\n<h2 class=\"wp-block-heading has-custom-farbe-1-color has-text-color has-link-color has-large-font-size eplus-wrapper wp-elements-77a4edf4c3d636b7b939bee07b28991b\"><strong>Lernen Sie die Kulturfestung \u0160ibenik <strong>an der Adria <\/strong>kennen<\/strong>:<\/h2>\n<\/div>\n<\/div>\n\n\n<div class=\"wp-block-kadence-accordion aligncenter\"><div class=\"kt-accordion-wrap kt-accordion-id1009_0483d7-0f kt-accordion-has-6-panes kt-active-pane-0 kt-accordion-block kt-pane-header-alignment-left kt-accodion-icon-style-basic kt-accodion-icon-side-right\" style=\"max-width:none\"><div class=\"kt-accordion-inner-wrap\" data-allow-multiple-open=\"true\" data-start-open=\"none\">\n<div class=\"wp-block-kadence-pane kt-accordion-pane kt-accordion-pane-1 kt-pane1009_9483aa-d5\"><div class=\"kt-accordion-header-wrap\"><button class=\"kt-blocks-accordion-header kt-acccordion-button-label-show\" type=\"button\"><span class=\"kt-blocks-accordion-title-wrap\"><span class=\"kt-blocks-accordion-title\">Monument und Erlebnis<\/span><\/span><span class=\"kt-blocks-accordion-icon-trigger\"><\/span><\/button><\/div><div class=\"kt-accordion-panel kt-accordion-panel-hidden\"><div class=\"kt-accordion-panel-inner\"><div class=\"wp-block-columns is-not-stacked-on-mobile has-background eplus-wrapper is-layout-flex wp-container-core-columns-is-layout-6fff4716 wp-block-columns-is-layout-flex eplus-styles-uid-dbba72\" style=\"border-radius:5px;background:linear-gradient(0deg,rgb(228,222,208) 0%,rgb(242,236,221) 52%,rgb(228,222,208) 95%);margin-bottom:10px\">\n<div class=\"wp-block-column is-vertically-aligned-center eplus-wrapper is-layout-flow wp-block-column-is-layout-flow\" style=\"flex-basis:4.4%\">\n<figure class=\" wp-block-image aligncenter size-large is-resized eplus-wrapper\"><img loading=\"lazy\" decoding=\"async\" width=\"1024\" height=\"981\" src=\"https:\/\/forte-cultura.com\/wp-content\/uploads\/grossfestung_mittel-1024x981.png\" alt=\"\" class=\"wp-image-1909\" style=\"width:52px;height:auto\" srcset=\"https:\/\/forte-cultura.com\/wp-content\/uploads\/grossfestung_mittel-1024x981.png 1024w, https:\/\/forte-cultura.com\/wp-content\/uploads\/grossfestung_mittel-300x287.png 300w, https:\/\/forte-cultura.com\/wp-content\/uploads\/grossfestung_mittel-768x735.png 768w, https:\/\/forte-cultura.com\/wp-content\/uploads\/grossfestung_mittel-1536x1471.png 1536w, https:\/\/forte-cultura.com\/wp-content\/uploads\/grossfestung_mittel-13x12.png 13w, https:\/\/forte-cultura.com\/wp-content\/uploads\/grossfestung_mittel-200x192.png 200w, https:\/\/forte-cultura.com\/wp-content\/uploads\/grossfestung_mittel.png 1771w\" sizes=\"auto, (max-width: 1024px) 100vw, 1024px\" \/><\/figure>\n<\/div>\n\n\n\n<div class=\"wp-block-column is-vertically-aligned-center eplus-wrapper is-layout-flow wp-block-column-is-layout-flow\" style=\"flex-basis:90%\">\n<p style=\"font-size:clamp(0.875rem, 0.875rem + ((1vw - 0.2rem) * 0.125), 0.95rem);\" class=\" eplus-wrapper\"><em>\u0160ibenik umfasst ein <strong><a href=\"https:\/\/forte-cultura.com\/kulturerbe-festungsmonumente\/geschichte-des-festungsbaus\/festungsbau-vom-15-19-jahrhundert\/grossfestungen\/\" data-type=\"page\" data-id=\"2128\">System<\/a> <\/strong>aus 4 Einzelfestungen, bestehend aus St. Michael Festung, Barone Festung, St. John\u2019s Festung und St. Nikolai Festung.<\/em><\/p>\n<\/div>\n<\/div>\n\n<div class=\"wp-block-columns has-border-color has-accent-border-color has-base-background-color has-background eplus-wrapper is-layout-flex wp-container-core-columns-is-layout-88ebb0ee wp-block-columns-is-layout-flex eplus-styles-uid-64d40e\" style=\"border-width:1px;border-radius:5px;padding-top:var(--wp--preset--spacing--10);padding-right:var(--wp--preset--spacing--10);padding-bottom:var(--wp--preset--spacing--10);padding-left:var(--wp--preset--spacing--10)\">\n<div class=\"wp-block-column is-vertically-aligned-top eplus-wrapper is-layout-flow wp-container-core-column-is-layout-28686296 wp-block-column-is-layout-flow\" style=\"padding-top:5px;padding-right:5px;padding-bottom:5px;padding-left:5px;flex-basis:24%\"><figure data-wp-context='{\"imageId\":\"69f732008a640\"}' data-wp-interactive=\"core\/image\" data-wp-key=\"69f732008a640\" class=\"wp-block-image aligncenter size-large is-resized eplus-wrapper eplus-styles-uid-70f882 wp-lightbox-container\" style=\"margin-top:5px;margin-right:5px;margin-bottom:5px;margin-left:5px\"><img loading=\"lazy\" decoding=\"async\" width=\"1024\" height=\"575\" data-wp-class--hide=\"state.isContentHidden\" data-wp-class--show=\"state.isContentVisible\" data-wp-init=\"callbacks.setButtonStyles\" data-wp-on--click=\"actions.showLightbox\" data-wp-on--load=\"callbacks.setButtonStyles\" data-wp-on-window--resize=\"callbacks.setButtonStyles\" src=\"https:\/\/forte-cultura.com\/wp-content\/uploads\/St_Michaels_Fortress_6w1-1-1024x575.jpg\" alt=\"\" class=\"wp-image-4835\" style=\"width:287px;height:auto\" srcset=\"https:\/\/forte-cultura.com\/wp-content\/uploads\/St_Michaels_Fortress_6w1-1-1024x575.jpg 1024w, https:\/\/forte-cultura.com\/wp-content\/uploads\/St_Michaels_Fortress_6w1-1-300x169.jpg 300w, https:\/\/forte-cultura.com\/wp-content\/uploads\/St_Michaels_Fortress_6w1-1-768x432.jpg 768w, https:\/\/forte-cultura.com\/wp-content\/uploads\/St_Michaels_Fortress_6w1-1-1536x863.jpg 1536w, https:\/\/forte-cultura.com\/wp-content\/uploads\/St_Michaels_Fortress_6w1-1-2048x1151.jpg 2048w, https:\/\/forte-cultura.com\/wp-content\/uploads\/St_Michaels_Fortress_6w1-1-18x10.jpg 18w\" sizes=\"auto, (max-width: 1024px) 100vw, 1024px\" \/><button class=\"lightbox-trigger\" type=\"button\" aria-haspopup=\"dialog\" aria-label=\"Powi\u0119ksz\" data-wp-init=\"callbacks.initTriggerButton\" data-wp-on--click=\"actions.showLightbox\" data-wp-style--right=\"state.imageButtonRight\" data-wp-style--top=\"state.imageButtonTop\">\n\t\t\t<svg xmlns=\"http:\/\/www.w3.org\/2000\/svg\" width=\"12\" height=\"12\" fill=\"none\" viewbox=\"0 0 12 12\">\n\t\t\t\t<path fill=\"#fff\" d=\"M2 0a2 2 0 0 0-2 2v2h1.5V2a.5.5 0 0 1 .5-.5h2V0H2Zm2 10.5H2a.5.5 0 0 1-.5-.5V8H0v2a2 2 0 0 0 2 2h2v-1.5ZM8 12v-1.5h2a.5.5 0 0 0 .5-.5V8H12v2a2 2 0 0 1-2 2H8Zm2-12a2 2 0 0 1 2 2v2h-1.5V2a.5.5 0 0 0-.5-.5H8V0h2Z\"><\/path>\n\t\t\t<\/svg>\n\t\t<\/button><\/figure><\/div>\n\n\n\n<div class=\"wp-block-column is-vertically-aligned-center eplus-wrapper is-layout-flow wp-container-core-column-is-layout-2ad53c50 wp-block-column-is-layout-flow\" style=\"padding-top:5px;padding-right:5px;padding-bottom:5px;padding-left:5px;flex-basis:70%\">\n<p class=\" has-medium-font-size eplus-wrapper\" style=\"font-style:normal;font-weight:400\"><strong>Festung St. Michael<\/strong><\/p>\n\n\n\n<p style=\"font-size:clamp(0.875rem, 0.875rem + ((1vw - 0.2rem) * 0.042), 0.9rem);font-style:normal;font-weight:400;line-height:1.3\" class=\" eplus-wrapper\">\u0160ibenik ist die \u00e4lteste indigene Stadt an der \u00f6stlichen Adriak\u00fcste. Sie wurde erstmals im Mittelalter in einer von K\u00f6nig Petar Kre\u0161imir IV. unterzeichneten k\u00f6niglichen Urkunde erw\u00e4hnt. Da sich der K\u00f6nig und sein Gefolge hier niederlie\u00dfen, ist es sicher, dass die Festung St. Michael bereits damals gebaut wurde, was sie zum fr\u00fchesten Denkmal der Stadt \u0160ibenik macht und mit ihrer Gr\u00fcndung gleichgesetzt wird. <\/p>\n\n\n\n<p style=\"font-size:clamp(0.875rem, 0.875rem + ((1vw - 0.2rem) * 0.042), 0.9rem);font-style:normal;font-weight:400;line-height:1.3\" class=\" eplus-wrapper\">Die Festung wurde auf einem H\u00fcgel in der Mitte der Stadt erbaut und war ein wichtiger Bestandteil des Verteidigungssystems von \u0160ibenik, das aus Mauern und anderen Festungselementen bestand. Die Festung verdankt ihren Namen der Kirche des Heiligen Michael, die sich einst innerhalb ihrer Mauern befand. Obwohl die Kirche selbst nicht erhalten geblieben ist, hat die Festung den Namen zu Ehren des Schutzpatrons von \u0160ibenik beibehalten. Im Laufe ihrer turbulenten Geschichte wurde die Festung mehrfach saniert und umgebaut und hat heute die Form eines unregelm\u00e4\u00dfigen Vierecks. <\/p>\n\n\n\n<p style=\"font-size:clamp(0.875rem, 0.875rem + ((1vw - 0.2rem) * 0.042), 0.9rem);font-style:normal;font-weight:400;line-height:1.3\" class=\" eplus-wrapper\">Nachdem sie ihre milit\u00e4rische Bedeutung verloren hatte, war die Festung St. Michael jahrhundertelang geschlossen und f\u00fcr die B\u00fcrger nicht zug\u00e4nglich. Erst 2014 wurde das \u00e4lteste Denkmal der Stadt umfangreich saniert und wieder zum Leben erweckt. Besucher k\u00f6nnen nun mit Hilfe von Multimedia-Audioguides individuelle Routen planen oder in VR-Kabinen an digitalen Spielen mit historischem Kontext teilnehmen. Der sogenannte Zeittunnel in den ehemaligen Zisternen der Festung aus dem 15. Jahrhundert, entf\u00fchrt Besucher mit 3D-Mapping-Lichtprojektionen zu den wichtigsten historischen Ereignissen.<\/p>\n\n\n\n<p style=\"font-size:clamp(0.875rem, 0.875rem + ((1vw - 0.2rem) * 0.042), 0.9rem);font-style:normal;font-weight:400;line-height:1.3\" class=\" eplus-wrapper\">Das herausragende Highlight der Festung St. Michael ist jedoch das Amphitheater mit 1077 Pl\u00e4tzen und Freilichtb\u00fchne, wo Shows, Konzerte und verschiedene Abendveranstaltungen stattfinden. Spannende Programme und der atemberaubende Blick auf \u0160ibenik und seine fantastisches Umgebung garantieren unvergessliche Erlebnisse und Erinnerungen.<\/p>\n\n\n\n<div class=\"wp-block-buttons eplus-wrapper is-content-justification-center is-layout-flex wp-container-core-buttons-is-layout-a89b3969 wp-block-buttons-is-layout-flex\"><div class=\" wp-block-button eplus-wrapper eplus-styles-uid-4e1736\"><a class=\"wp-block-button__link wp-element-button\" href=\"https:\/\/www.tvrdjava-kulture.hr\/en\/st-michaels-fortress\/digital-contents\/\" target=\"_blank\" rel=\"noreferrer noopener\">Digitale Inhalte<\/a><\/div>\n\n<div class=\" wp-block-button eplus-wrapper eplus-styles-uid-11be30\"><a class=\"wp-block-button__link wp-element-button\" href=\"https:\/\/www.tvrdjava-kulture.hr\/en\/st-michaels-fortress\/open-air-stage\/\" target=\"_blank\" rel=\"noreferrer noopener\">Open Air B\u00fchne<\/a><\/div>\n\n<div class=\" wp-block-button eplus-wrapper eplus-styles-uid-e6ff0f\"><a class=\"wp-block-button__link wp-element-button\" href=\"https:\/\/www.youtube.com\/watch?v=Y6-jSoTGTUM\" target=\"_blank\" rel=\"noreferrer noopener\">Video Geschichte und Rekonstruktion<\/a><\/div>\n\n<div class=\" wp-block-button eplus-wrapper eplus-styles-uid-9c1cf6\"><a class=\"wp-block-button__link wp-element-button\" href=\"http:\/\/Video%20VR-Spiele\" target=\"_blank\" rel=\"noreferrer noopener\">Video VR-Spiele<\/a><\/div><\/div>\n<\/div>\n<\/div>\n\n<div class=\"wp-block-columns has-border-color has-accent-border-color has-base-background-color has-background eplus-wrapper is-layout-flex wp-container-core-columns-is-layout-88ebb0ee wp-block-columns-is-layout-flex eplus-styles-uid-9539af\" style=\"border-width:1px;border-radius:5px;padding-top:var(--wp--preset--spacing--10);padding-right:var(--wp--preset--spacing--10);padding-bottom:var(--wp--preset--spacing--10);padding-left:var(--wp--preset--spacing--10)\">\n<div class=\"wp-block-column is-vertically-aligned-top eplus-wrapper is-layout-flow wp-container-core-column-is-layout-bd97847e wp-block-column-is-layout-flow\" style=\"padding-top:5px;padding-right:5px;padding-bottom:5px;padding-left:5px;flex-basis:24%\"><figure data-wp-context='{\"imageId\":\"69f732008d021\"}' data-wp-interactive=\"core\/image\" data-wp-key=\"69f732008d021\" class=\"wp-block-image aligncenter size-full is-resized eplus-wrapper eplus-styles-uid-70f882 wp-lightbox-container\" style=\"margin-top:5px;margin-right:5px;margin-bottom:5px;margin-left:5px\"><img loading=\"lazy\" decoding=\"async\" width=\"2500\" height=\"1404\" data-wp-class--hide=\"state.isContentHidden\" data-wp-class--show=\"state.isContentVisible\" data-wp-init=\"callbacks.setButtonStyles\" data-wp-on--click=\"actions.showLightbox\" data-wp-on--load=\"callbacks.setButtonStyles\" data-wp-on-window--resize=\"callbacks.setButtonStyles\" src=\"https:\/\/forte-cultura.com\/wp-content\/uploads\/Barone_Fortress_2w2.jpg\" alt=\"\" class=\"wp-image-4838\" style=\"width:287px;height:auto\" srcset=\"https:\/\/forte-cultura.com\/wp-content\/uploads\/Barone_Fortress_2w2.jpg 2500w, https:\/\/forte-cultura.com\/wp-content\/uploads\/Barone_Fortress_2w2-300x168.jpg 300w, https:\/\/forte-cultura.com\/wp-content\/uploads\/Barone_Fortress_2w2-1024x575.jpg 1024w, https:\/\/forte-cultura.com\/wp-content\/uploads\/Barone_Fortress_2w2-768x431.jpg 768w, https:\/\/forte-cultura.com\/wp-content\/uploads\/Barone_Fortress_2w2-1536x863.jpg 1536w, https:\/\/forte-cultura.com\/wp-content\/uploads\/Barone_Fortress_2w2-2048x1150.jpg 2048w, https:\/\/forte-cultura.com\/wp-content\/uploads\/Barone_Fortress_2w2-18x10.jpg 18w\" sizes=\"auto, (max-width: 2500px) 100vw, 2500px\" \/><button class=\"lightbox-trigger\" type=\"button\" aria-haspopup=\"dialog\" aria-label=\"Powi\u0119ksz\" data-wp-init=\"callbacks.initTriggerButton\" data-wp-on--click=\"actions.showLightbox\" data-wp-style--right=\"state.imageButtonRight\" data-wp-style--top=\"state.imageButtonTop\">\n\t\t\t<svg xmlns=\"http:\/\/www.w3.org\/2000\/svg\" width=\"12\" height=\"12\" fill=\"none\" viewbox=\"0 0 12 12\">\n\t\t\t\t<path fill=\"#fff\" d=\"M2 0a2 2 0 0 0-2 2v2h1.5V2a.5.5 0 0 1 .5-.5h2V0H2Zm2 10.5H2a.5.5 0 0 1-.5-.5V8H0v2a2 2 0 0 0 2 2h2v-1.5ZM8 12v-1.5h2a.5.5 0 0 0 .5-.5V8H12v2a2 2 0 0 1-2 2H8Zm2-12a2 2 0 0 1 2 2v2h-1.5V2a.5.5 0 0 0-.5-.5H8V0h2Z\"><\/path>\n\t\t\t<\/svg>\n\t\t<\/button><\/figure>\n\n\n<figure class=\"wp-embed-aspect-16-9 wp-has-aspect-ratio wp-block-embed is-type-video is-provider-youtube wp-block-embed-youtube eplus-wrapper\" style=\"margin-top:var(--wp--preset--spacing--20)\"><div class=\"wp-block-embed__wrapper\">\n<iframe loading=\"lazy\" title=\"Barone Fortress - \u0160ibenik\" width=\"500\" height=\"281\" src=\"https:\/\/www.youtube.com\/embed\/1Kt3zCx0Epk?feature=oembed\" frameborder=\"0\" allow=\"accelerometer; autoplay; clipboard-write; encrypted-media; gyroscope; picture-in-picture; web-share\" referrerpolicy=\"strict-origin-when-cross-origin\" allowfullscreen><\/iframe>\n<\/div><\/figure>\n<\/div>\n\n\n\n<div class=\"wp-block-column is-vertically-aligned-center eplus-wrapper is-layout-flow wp-container-core-column-is-layout-2ad53c50 wp-block-column-is-layout-flow\" style=\"padding-top:5px;padding-right:5px;padding-bottom:5px;padding-left:5px;flex-basis:70%\">\n<p class=\" has-medium-font-size eplus-wrapper\" style=\"font-style:normal;font-weight:400\"><strong>Festung Barone<\/strong><\/p>\n\n\n\n<p style=\"font-size:clamp(0.875rem, 0.875rem + ((1vw - 0.2rem) * 0.042), 0.9rem);font-style:normal;font-weight:400;line-height:1.3\" class=\" eplus-wrapper\">Die Festung Barone wurde im Sommer 1646 zusammen mit der nahe gelegenen Festung St. John erbaut. Sie wurden von den B\u00fcrgern von \u0160ibenik in weniger als zwei Monaten errichtet, um die Verteidigung ihrer Stadt gegen die Osmanen zu st\u00e4rken. Baron von Degenfeld war der Befehlshaber der Verteidigung. Unter seiner F\u00fchrung wurden die Angriffe abgewehrt und der Feind musste sich mit schweren Verlusten zur\u00fcckziehen. Die dankbaren B\u00fcrger benannten die kleinere Festung nach ihrem Erbauer und ihrem Helden, Baron von Degenfeld &#8211; Barone. <\/p>\n\n\n\n<p style=\"font-size:clamp(0.875rem, 0.875rem + ((1vw - 0.2rem) * 0.042), 0.9rem);font-style:normal;font-weight:400;line-height:1.3\" class=\" eplus-wrapper\">Im Rahmen eines Revitalisierungsprojekts im Jahr 2016 wurde auch die Festung St. John wiederbelebt. Wegen der vielen neuen digitalen Inhalte erhielt sie den Preis \u201eKulturelle Attraktion des Jahres\u201c. Das Hauptmerkmal der Festung ist eine Augmented-Reality-Plattform (AR), die es Besuchern erm\u00f6glicht, die Geschichte der dramatischen Umst\u00e4nde zu erleben, die zum Bau der Festung und zur erfolgreichen Verteidigung der Stadt f\u00fchrten. In der erweiterten Realit\u00e4t trifft der Benutzer auf zwei Guides, die ihn durch die Geschichte f\u00fchren &#8211; einen Jungen namens Jure sowie den Historiker Frane Divni\u0107 aus dem 17.th Jahrhundert, der Augenzeuge des osmanischen Angriffs war. Die Segmente kombinieren Charakterdarstellungen und Aktionen aus der erweiterten Realit\u00e4t mit 3D-Animationen, die das Aussehen der Stadt, der Festung und den Schlachten zeigen. Dieses innovative technologische Konzept bietet ein zeitgem\u00e4\u00dfes Museumserlebnis. <\/p>\n\n\n\n<p style=\"font-size:clamp(0.875rem, 0.875rem + ((1vw - 0.2rem) * 0.042), 0.9rem);font-style:normal;font-weight:400;line-height:1.3\" class=\" eplus-wrapper\">In der Festung Barone gibt es zudem eine kleine B\u00fchne, auf der Konzerte, Tanzproduktionen, Auff\u00fchrungen und verschiedene andere Programme stattfinden. Im Sommer verwandelt sich die B\u00fchne in ein Open-Air-Kino, in dem preisgekr\u00f6nte Spielfilme, Dokumentarfilme und Animationsfilme aus aller Welt gezeigt werden. Die Festung ist auch ein beliebter Ort f\u00fcr Familien mit Kindern. W\u00e4hrend sich die Kinder auf dem Spielplatz vergn\u00fcgen, k\u00f6nnen sich die Eltern in einer Bar mit Blick auf die ganze Stadt und den Kanal entspannen.<\/p>\n\n\n\n<div class=\"wp-block-buttons eplus-wrapper is-content-justification-center is-layout-flex wp-container-core-buttons-is-layout-a89b3969 wp-block-buttons-is-layout-flex\"><div class=\" wp-block-button eplus-wrapper eplus-styles-uid-f24a8d\"><a class=\"wp-block-button__link wp-element-button\" href=\"https:\/\/www.tvrdjava-kulture.hr\/en\/barone-fortress\/augmented-reality\/\" target=\"_blank\" rel=\"noreferrer noopener\">Augmented Reality<\/a><\/div>\n\n<div class=\" wp-block-button eplus-wrapper eplus-styles-uid-c2a0c1\"><a class=\"wp-block-button__link wp-element-button\" href=\"https:\/\/www.youtube.com\/watch?v=kr_qna0P3VY&amp;t=23s\" target=\"_blank\" rel=\"noreferrer noopener\">Video-Storytelling in der Festung Barone<\/a><\/div><\/div>\n<\/div>\n<\/div>\n\n<div class=\"wp-block-columns has-border-color has-accent-border-color has-base-background-color has-background eplus-wrapper is-layout-flex wp-container-core-columns-is-layout-88ebb0ee wp-block-columns-is-layout-flex eplus-styles-uid-5db250\" style=\"border-width:1px;border-radius:5px;padding-top:var(--wp--preset--spacing--10);padding-right:var(--wp--preset--spacing--10);padding-bottom:var(--wp--preset--spacing--10);padding-left:var(--wp--preset--spacing--10)\">\n<div class=\"wp-block-column is-vertically-aligned-top eplus-wrapper is-layout-flow wp-container-core-column-is-layout-bd97847e wp-block-column-is-layout-flow\" style=\"padding-top:5px;padding-right:5px;padding-bottom:5px;padding-left:5px;flex-basis:24%\"><figure data-wp-context='{\"imageId\":\"69f732008e99c\"}' data-wp-interactive=\"core\/image\" data-wp-key=\"69f732008e99c\" class=\"wp-block-image aligncenter size-full is-resized eplus-wrapper eplus-styles-uid-70f882 wp-lightbox-container\" style=\"margin-top:5px;margin-right:5px;margin-bottom:5px;margin-left:5px\"><img loading=\"lazy\" decoding=\"async\" width=\"1200\" height=\"800\" data-wp-class--hide=\"state.isContentHidden\" data-wp-class--show=\"state.isContentVisible\" data-wp-init=\"callbacks.setButtonStyles\" data-wp-on--click=\"actions.showLightbox\" data-wp-on--load=\"callbacks.setButtonStyles\" data-wp-on-window--resize=\"callbacks.setButtonStyles\" src=\"https:\/\/forte-cultura.com\/wp-content\/uploads\/Sibenik-St-John.jpg\" alt=\"\" class=\"wp-image-1011\" style=\"width:287px;height:auto\" srcset=\"https:\/\/forte-cultura.com\/wp-content\/uploads\/Sibenik-St-John.jpg 1200w, https:\/\/forte-cultura.com\/wp-content\/uploads\/Sibenik-St-John-300x200.jpg 300w, https:\/\/forte-cultura.com\/wp-content\/uploads\/Sibenik-St-John-1024x683.jpg 1024w, https:\/\/forte-cultura.com\/wp-content\/uploads\/Sibenik-St-John-768x512.jpg 768w, https:\/\/forte-cultura.com\/wp-content\/uploads\/Sibenik-St-John-200x133.jpg 200w\" sizes=\"auto, (max-width: 1200px) 100vw, 1200px\" \/><button class=\"lightbox-trigger\" type=\"button\" aria-haspopup=\"dialog\" aria-label=\"Powi\u0119ksz\" data-wp-init=\"callbacks.initTriggerButton\" data-wp-on--click=\"actions.showLightbox\" data-wp-style--right=\"state.imageButtonRight\" data-wp-style--top=\"state.imageButtonTop\">\n\t\t\t<svg xmlns=\"http:\/\/www.w3.org\/2000\/svg\" width=\"12\" height=\"12\" fill=\"none\" viewbox=\"0 0 12 12\">\n\t\t\t\t<path fill=\"#fff\" d=\"M2 0a2 2 0 0 0-2 2v2h1.5V2a.5.5 0 0 1 .5-.5h2V0H2Zm2 10.5H2a.5.5 0 0 1-.5-.5V8H0v2a2 2 0 0 0 2 2h2v-1.5ZM8 12v-1.5h2a.5.5 0 0 0 .5-.5V8H12v2a2 2 0 0 1-2 2H8Zm2-12a2 2 0 0 1 2 2v2h-1.5V2a.5.5 0 0 0-.5-.5H8V0h2Z\"><\/path>\n\t\t\t<\/svg>\n\t\t<\/button><\/figure>\n\n\n<figure class=\"wp-embed-aspect-16-9 wp-has-aspect-ratio wp-block-embed is-type-video is-provider-youtube wp-block-embed-youtube eplus-wrapper\" style=\"margin-top:var(--wp--preset--spacing--20)\"><div class=\"wp-block-embed__wrapper\">\n<iframe loading=\"lazy\" title=\"Otvorenje Tvr\u0111ave sv. Ivana\" width=\"500\" height=\"281\" src=\"https:\/\/www.youtube.com\/embed\/YxuQ115BP34?feature=oembed\" frameborder=\"0\" allow=\"accelerometer; autoplay; clipboard-write; encrypted-media; gyroscope; picture-in-picture; web-share\" referrerpolicy=\"strict-origin-when-cross-origin\" allowfullscreen><\/iframe>\n<\/div><\/figure>\n<\/div>\n\n\n\n<div class=\"wp-block-column is-vertically-aligned-center eplus-wrapper is-layout-flow wp-container-core-column-is-layout-2ad53c50 wp-block-column-is-layout-flow\" style=\"padding-top:5px;padding-right:5px;padding-bottom:5px;padding-left:5px;flex-basis:70%\">\n<p class=\" has-medium-font-size eplus-wrapper\" style=\"font-style:normal;font-weight:400\"><strong>Fort St. John<\/strong><\/p>\n\n\n\n<p style=\"font-size:clamp(0.875rem, 0.875rem + ((1vw - 0.2rem) * 0.042), 0.9rem);font-style:normal;font-weight:400;line-height:1.3\" class=\" eplus-wrapper\">Die St. John Festung wurde im August und September 1646 auf einem 120 Meter hohen H\u00fcgel n\u00f6rdlich des Stadtkerns von \u0160ibenik erbaut. Ihren Namen verdankt sie der Kirche des Heiligen Johannes, die sich vor ihrem Bau jahrhundertelang dort befunden hatte. Die B\u00fcrger von \u0160ibenik errichteten die Festung mit ihren eigenen H\u00e4nden und Mitteln in nur 58 Tagen nach dem Entwurf des Genueser Ingenieurs Fra Antonio Leni. Zusammen mit der nahe gelegenen Festung Barone bildete sie den Mittelpunkt des neuen Verteidigungssystems der Stadt, kurz vor einem Gro\u00dfangriff der osmanischen Armee w\u00e4hrend des Candia-Krieges. <\/p>\n\n\n\n<p style=\"font-size:clamp(0.875rem, 0.875rem + ((1vw - 0.2rem) * 0.042), 0.9rem);font-style:normal;font-weight:400;line-height:1.3\" class=\" eplus-wrapper\">In den folgenden friedlichen Jahrhunderten verfiel die Festung. Nach einem Revitalisierungsprojekt konnte die gr\u00f6\u00dfte und komplexeste Landfestung in \u0160ibenik im Juni 2022 wieder offiziell f\u00fcr die \u00d6ffentlichkeit ge\u00f6ffnet werden. Im Zuge der Revitalisierung der Festung St. John wurden zwei Bereiche renoviert und ausgestaltet &#8211; der n\u00f6rdliche Teil, bekannt als &#8222;Zange&#8220;, und der s\u00fcdliche Teil, bekannt als &#8222;Stern&#8220;. <\/p>\n\n\n\n<p style=\"font-size:clamp(0.875rem, 0.875rem + ((1vw - 0.2rem) * 0.042), 0.9rem);font-style:normal;font-weight:400;line-height:1.3\" class=\" eplus-wrapper\">Kernst\u00fcck der Festung ist ein neuer Bildungscampus, ausgestattet mit interaktiven Klassenzimmern, Pr\u00e4sentationsr\u00e4umen und Schlafr\u00e4umen. Er dient als moderner Ort der Vernetzung von Kultur, Bildung und Tourismus mit dem Ziel, Inhalte mit hohem Mehrwert zu schaffen und das strategische Management des kulturellen Erbes zu verbessern. \u0160ibenik soll als kulturelle und touristische Attraktion, Traditionen und moderne Technologie erfolgreich verbinden.<\/p>\n\n\n\n<p style=\"font-size:clamp(0.875rem, 0.875rem + ((1vw - 0.2rem) * 0.042), 0.9rem);font-style:normal;font-weight:400;line-height:1.3\" class=\" eplus-wrapper\">Die St. John Festung ist auch ein beliebter Erholungsort f\u00fcr Einheimische und Touristen. Neben der gro\u00dfartigen Aussicht k\u00f6nnen sich die Besucher in einer Bar entspannen oder in einem Souvenirladen bleibende Erinnerung an ihren Besuch mitnehmen. Au\u00dferdem finden auf der Festung verschiedene kulturelle Veranstaltungen und Workshops f\u00fcr Kinder statt, die sich z.B. besonders f\u00fcr eine Schatzsuche auf der Festung begeistern.<\/p>\n\n\n\n<div class=\"wp-block-buttons eplus-wrapper is-content-justification-center is-layout-flex wp-container-core-buttons-is-layout-a89b3969 wp-block-buttons-is-layout-flex\"><div class=\" wp-block-button eplus-wrapper eplus-styles-uid-2df12e\"><a class=\"wp-block-button__link wp-element-button\" href=\"https:\/\/www.tvrdjava-kulture.hr\/en\/st-johns-fortress\/campus\/\" target=\"_blank\" rel=\"noreferrer noopener\">Campus<\/a><\/div><\/div>\n<\/div>\n<\/div>\n\n<div class=\"wp-block-columns has-border-color has-accent-border-color has-base-background-color has-background eplus-wrapper is-layout-flex wp-container-core-columns-is-layout-88ebb0ee wp-block-columns-is-layout-flex eplus-styles-uid-fe1a30\" style=\"border-width:1px;border-radius:5px;padding-top:var(--wp--preset--spacing--10);padding-right:var(--wp--preset--spacing--10);padding-bottom:var(--wp--preset--spacing--10);padding-left:var(--wp--preset--spacing--10)\">\n<div class=\"wp-block-column is-vertically-aligned-top eplus-wrapper is-layout-flow wp-container-core-column-is-layout-bd97847e wp-block-column-is-layout-flow\" style=\"padding-top:5px;padding-right:5px;padding-bottom:5px;padding-left:5px;flex-basis:24%\"><figure data-wp-context='{\"imageId\":\"69f732008fb31\"}' data-wp-interactive=\"core\/image\" data-wp-key=\"69f732008fb31\" class=\"wp-block-image aligncenter size-full is-resized eplus-wrapper eplus-styles-uid-70f882 wp-lightbox-container\" style=\"margin-top:5px;margin-right:5px;margin-bottom:5px;margin-left:5px\"><img loading=\"lazy\" decoding=\"async\" width=\"2048\" height=\"1362\" data-wp-class--hide=\"state.isContentHidden\" data-wp-class--show=\"state.isContentVisible\" data-wp-init=\"callbacks.setButtonStyles\" data-wp-on--click=\"actions.showLightbox\" data-wp-on--load=\"callbacks.setButtonStyles\" data-wp-on-window--resize=\"callbacks.setButtonStyles\" src=\"https:\/\/forte-cultura.com\/wp-content\/uploads\/Coral_Center_Zlarin_31.jpg\" alt=\"\" class=\"wp-image-4850\" style=\"width:287px;height:auto\" srcset=\"https:\/\/forte-cultura.com\/wp-content\/uploads\/Coral_Center_Zlarin_31.jpg 2048w, https:\/\/forte-cultura.com\/wp-content\/uploads\/Coral_Center_Zlarin_31-300x200.jpg 300w, https:\/\/forte-cultura.com\/wp-content\/uploads\/Coral_Center_Zlarin_31-1024x681.jpg 1024w, https:\/\/forte-cultura.com\/wp-content\/uploads\/Coral_Center_Zlarin_31-768x511.jpg 768w, https:\/\/forte-cultura.com\/wp-content\/uploads\/Coral_Center_Zlarin_31-1536x1022.jpg 1536w, https:\/\/forte-cultura.com\/wp-content\/uploads\/Coral_Center_Zlarin_31-18x12.jpg 18w\" sizes=\"auto, (max-width: 2048px) 100vw, 2048px\" \/><button class=\"lightbox-trigger\" type=\"button\" aria-haspopup=\"dialog\" aria-label=\"Powi\u0119ksz\" data-wp-init=\"callbacks.initTriggerButton\" data-wp-on--click=\"actions.showLightbox\" data-wp-style--right=\"state.imageButtonRight\" data-wp-style--top=\"state.imageButtonTop\">\n\t\t\t<svg xmlns=\"http:\/\/www.w3.org\/2000\/svg\" width=\"12\" height=\"12\" fill=\"none\" viewbox=\"0 0 12 12\">\n\t\t\t\t<path fill=\"#fff\" d=\"M2 0a2 2 0 0 0-2 2v2h1.5V2a.5.5 0 0 1 .5-.5h2V0H2Zm2 10.5H2a.5.5 0 0 1-.5-.5V8H0v2a2 2 0 0 0 2 2h2v-1.5ZM8 12v-1.5h2a.5.5 0 0 0 .5-.5V8H12v2a2 2 0 0 1-2 2H8Zm2-12a2 2 0 0 1 2 2v2h-1.5V2a.5.5 0 0 0-.5-.5H8V0h2Z\"><\/path>\n\t\t\t<\/svg>\n\t\t<\/button><\/figure><\/div>\n\n\n\n<div class=\"wp-block-column is-vertically-aligned-center eplus-wrapper is-layout-flow wp-container-core-column-is-layout-2ad53c50 wp-block-column-is-layout-flow\" style=\"padding-top:5px;padding-right:5px;padding-bottom:5px;padding-left:5px;flex-basis:70%\">\n<p class=\" has-medium-font-size eplus-wrapper\" style=\"font-style:normal;font-weight:400\"><strong><a href=\"https:\/\/hckz.hr\/\" target=\"_blank\" rel=\"noreferrer noopener\">Kroatisches Korallenzentrum Zlarin<\/a><\/strong><\/p>\n\n\n\n<p style=\"font-size:clamp(0.875rem, 0.875rem + ((1vw - 0.2rem) * 0.042), 0.9rem);font-style:normal;font-weight:400;line-height:1.3\" class=\" eplus-wrapper\">Das Kroatische Korallenzentrum Zlarin ist ein Museum, das den Korallen und der jahrhundertealten Tradition der Korallenernte auf Zlarin \u2013 der &#8222;Insel der Korallen&#8220; &#8211; gewidmet ist. Die Korallenernte ist eine T\u00e4tigkeit, f\u00fcr die Zlarin ber\u00fchmt ist, und sie stellt das wichtigste kulturelle Erbe der Insel dar. Die ersten schriftlichen Aufzeichnungen \u00fcber die Korallenj\u00e4ger von Zlarin stammen aus dem 15. Jahrhundert und die roten Korallenzweige des Mittelmeers sind mit dem Leben, der Geschichte und der Tradition von Zlarin verwoben. <\/p>\n\n\n\n<p style=\"font-size:clamp(0.875rem, 0.875rem + ((1vw - 0.2rem) * 0.042), 0.9rem);font-style:normal;font-weight:400;line-height:1.3\" class=\" eplus-wrapper\">Das Museum zeigt auf vier Etagen die Vergangenheit, die Gegenwart und die Zukunft des &#8222;roten Goldes&#8220; in diesem faszinierenden historischen Haus. Die Geschichte der Korallenzucht wird auf innovative und interessante Weise durch moderne Technologien wie VR, AR, interaktive Tools und interessante kinetische Skulpturen dargestellt. <\/p>\n\n\n\n<p style=\"font-size:clamp(0.875rem, 0.875rem + ((1vw - 0.2rem) * 0.042), 0.9rem);font-style:normal;font-weight:400;line-height:1.3\" class=\" eplus-wrapper\">Mit der Er\u00f6ffnung des Korallenzentrums wird die rote Koralle auf eine ganz andere Weise zur treibenden Kraft f\u00fcr die Entwicklung der Insel. Anstelle der Ausbeutung r\u00fcckt die Attraktivit\u00e4t der roten Korallen und die Notwendigkeit, die biologische Vielfalt zu erhalten, in den Mittelpunkt. <\/p>\n\n\n\n<p style=\"font-size:clamp(0.875rem, 0.875rem + ((1vw - 0.2rem) * 0.042), 0.9rem);font-style:normal;font-weight:400;line-height:1.3\" class=\" eplus-wrapper\">Interessanterweise ist Zlarin auch die erste plastikfreie Insel in Kroatien, dank einer Initiative, die viele zum Nachdenken und zur \u00c4nderung ihrer Gewohnheiten und zum Verzicht auf Einwegplastik veranlasst hat.<\/p>\n\n\n\n<p style=\"font-size:clamp(0.875rem, 0.875rem + ((1vw - 0.2rem) * 0.042), 0.9rem);font-style:normal;font-weight:400;line-height:1.3\" class=\" eplus-wrapper\">Das Museum dient auch als Veranstaltungsort f\u00fcr Filmvorf\u00fchrungen, Workshops, Buchvorstellungen und mehr, was es zu einem Zentrum des kulturellen Lebens der Insel macht.<\/p>\n\n\n\n<div class=\"wp-block-buttons eplus-wrapper is-content-justification-center is-layout-flex wp-container-core-buttons-is-layout-a89b3969 wp-block-buttons-is-layout-flex\"><div class=\" wp-block-button eplus-wrapper eplus-styles-uid-63548c\"><a class=\"wp-block-button__link wp-element-button\" href=\"https:\/\/hckz.hr\/fotogalerija\/\" target=\"_blank\" rel=\"noreferrer noopener\">Bildergalerie<\/a><\/div><\/div>\n<\/div>\n<\/div>\n\n<div class=\"wp-block-columns has-border-color has-accent-border-color has-base-background-color has-background eplus-wrapper is-layout-flex wp-container-core-columns-is-layout-88ebb0ee wp-block-columns-is-layout-flex eplus-styles-uid-bd16d8\" style=\"border-width:1px;border-radius:5px;padding-top:var(--wp--preset--spacing--10);padding-right:var(--wp--preset--spacing--10);padding-bottom:var(--wp--preset--spacing--10);padding-left:var(--wp--preset--spacing--10)\">\n<div class=\"wp-block-column is-vertically-aligned-top eplus-wrapper is-layout-flow wp-container-core-column-is-layout-bd97847e wp-block-column-is-layout-flow\" style=\"padding-top:5px;padding-right:5px;padding-bottom:5px;padding-left:5px;flex-basis:24%\"><figure data-wp-context='{\"imageId\":\"69f7320090d15\"}' data-wp-interactive=\"core\/image\" data-wp-key=\"69f7320090d15\" class=\"wp-block-image aligncenter size-full is-resized eplus-wrapper eplus-styles-uid-70f882 wp-lightbox-container\" style=\"margin-top:5px;margin-right:5px;margin-bottom:5px;margin-left:5px\"><img loading=\"lazy\" decoding=\"async\" width=\"2500\" height=\"1667\" data-wp-class--hide=\"state.isContentHidden\" data-wp-class--show=\"state.isContentVisible\" data-wp-init=\"callbacks.setButtonStyles\" data-wp-on--click=\"actions.showLightbox\" data-wp-on--load=\"callbacks.setButtonStyles\" data-wp-on-window--resize=\"callbacks.setButtonStyles\" src=\"https:\/\/forte-cultura.com\/wp-content\/uploads\/House_of_arts_Arsen-7w.jpg\" alt=\"\" class=\"wp-image-4851\" style=\"width:287px;height:auto\" srcset=\"https:\/\/forte-cultura.com\/wp-content\/uploads\/House_of_arts_Arsen-7w.jpg 2500w, https:\/\/forte-cultura.com\/wp-content\/uploads\/House_of_arts_Arsen-7w-300x200.jpg 300w, https:\/\/forte-cultura.com\/wp-content\/uploads\/House_of_arts_Arsen-7w-1024x683.jpg 1024w, https:\/\/forte-cultura.com\/wp-content\/uploads\/House_of_arts_Arsen-7w-768x512.jpg 768w, https:\/\/forte-cultura.com\/wp-content\/uploads\/House_of_arts_Arsen-7w-1536x1024.jpg 1536w, https:\/\/forte-cultura.com\/wp-content\/uploads\/House_of_arts_Arsen-7w-2048x1366.jpg 2048w, https:\/\/forte-cultura.com\/wp-content\/uploads\/House_of_arts_Arsen-7w-18x12.jpg 18w, https:\/\/forte-cultura.com\/wp-content\/uploads\/House_of_arts_Arsen-7w-1200x800.jpg 1200w\" sizes=\"auto, (max-width: 2500px) 100vw, 2500px\" \/><button class=\"lightbox-trigger\" type=\"button\" aria-haspopup=\"dialog\" aria-label=\"Powi\u0119ksz\" data-wp-init=\"callbacks.initTriggerButton\" data-wp-on--click=\"actions.showLightbox\" data-wp-style--right=\"state.imageButtonRight\" data-wp-style--top=\"state.imageButtonTop\">\n\t\t\t<svg xmlns=\"http:\/\/www.w3.org\/2000\/svg\" width=\"12\" height=\"12\" fill=\"none\" viewbox=\"0 0 12 12\">\n\t\t\t\t<path fill=\"#fff\" d=\"M2 0a2 2 0 0 0-2 2v2h1.5V2a.5.5 0 0 1 .5-.5h2V0H2Zm2 10.5H2a.5.5 0 0 1-.5-.5V8H0v2a2 2 0 0 0 2 2h2v-1.5ZM8 12v-1.5h2a.5.5 0 0 0 .5-.5V8H12v2a2 2 0 0 1-2 2H8Zm2-12a2 2 0 0 1 2 2v2h-1.5V2a.5.5 0 0 0-.5-.5H8V0h2Z\"><\/path>\n\t\t\t<\/svg>\n\t\t<\/button><\/figure><\/div>\n\n\n\n<div class=\"wp-block-column is-vertically-aligned-center eplus-wrapper is-layout-flow wp-container-core-column-is-layout-2ad53c50 wp-block-column-is-layout-flow\" style=\"padding-top:5px;padding-right:5px;padding-bottom:5px;padding-left:5px;flex-basis:70%\">\n<p class=\" has-medium-font-size eplus-wrapper\" style=\"font-style:normal;font-weight:400\"><strong><a href=\"https:\/\/kucaarsen.hr\/\" target=\"_blank\" rel=\"noreferrer noopener\">Haus der K\u00fcnste Arsen<\/a><\/strong><\/p>\n\n\n\n<p style=\"font-size:clamp(0.875rem, 0.875rem + ((1vw - 0.2rem) * 0.042), 0.9rem);font-style:normal;font-weight:400;line-height:1.3\" class=\" eplus-wrapper\">Das Haus der Kunst Arsen befindet sich im Stadtzentrum, direkt am Hafen, im renovierten Saal des ehemaligen Kinos Odeon. Das Geb\u00e4ude wurde von Zlatko Neumann in den 1950er Jahren entworfen, einem der gr\u00f6\u00dften Protagonisten der kroatischen modernen Architektur. Das Odeon-Kino wurde 1961 er\u00f6ffnet und war bis Ende der neunziger Jahre in Betrieb. 2013 begann eine umfangreiche Sanierung. <\/p>\n\n\n\n<p style=\"font-size:clamp(0.875rem, 0.875rem + ((1vw - 0.2rem) * 0.042), 0.9rem);font-style:normal;font-weight:400;line-height:1.3\" class=\" eplus-wrapper\">Das Haus der Kunst Arsen wurde 2021 er\u00f6ffnet und ist heute ein Ort, an dem das ganze Jahr \u00fcber Kultur- und Bildungsprogramme f\u00fcr ein Publikum von &#8222;7 bis 77&#8220; stattfinden. Kinovorf\u00fchrungen, Konzerte, Veranstaltungen f\u00fcr Kinder, Tanzauff\u00fchrungen, Ausstellungen, Multimedia-Kunst und Publikumsentwicklungsprogramme begeistern die vielen G\u00e4ste. <\/p>\n\n\n\n<p style=\"font-size:clamp(0.875rem, 0.875rem + ((1vw - 0.2rem) * 0.042), 0.9rem);font-style:normal;font-weight:400;line-height:1.3\" class=\" eplus-wrapper\">Der Saal im Haus der Kunst Arsen ist ein einzigartiger Raum in Kroatien, dank des modularen Fu\u00dfbodens, der eine schnelle und einfache Umgestaltung des Raumes erm\u00f6glicht. Die nahezu grenzenlosen M\u00f6glichkeiten zur Anpassung der Inneneinrichtung bieten die M\u00f6glichkeit zur Umsetzung verschiedenster Programme, sei es f\u00fcr kulturelle und k\u00fcnstlerische Inhalte oder f\u00fcr die Ausrichtung privater Veranstaltungen. Die Bar Arsen ist ein integraler Bestandteil des Hauses und t\u00e4glich w\u00e4hrend der regul\u00e4ren \u00d6ffnungszeiten ge\u00f6ffnet.<\/p>\n\n\n\n<div class=\"wp-block-buttons eplus-wrapper is-content-justification-center is-layout-flex wp-container-core-buttons-is-layout-a89b3969 wp-block-buttons-is-layout-flex\"><div class=\" wp-block-button eplus-wrapper eplus-styles-uid-49e8a5\"><a class=\"wp-block-button__link wp-element-button\" href=\"https:\/\/www.youtube.com\/watch?v=RZIhGqIK8Rw\" target=\"_blank\" rel=\"noreferrer noopener\">Drohnenflug durch Haus Arsen<\/a><\/div><\/div>\n<\/div>\n<\/div><\/div><\/div><\/div>\n\n\n\n<div class=\"wp-block-kadence-pane kt-accordion-pane kt-accordion-pane-3 kt-pane1009_9f09b4-a6\"><div class=\"kt-accordion-header-wrap\"><button class=\"kt-blocks-accordion-header kt-acccordion-button-label-show\" type=\"button\"><span class=\"kt-blocks-accordion-title-wrap\"><span class=\"kt-blocks-accordion-title\">Touren und Informationen<\/span><\/span><span class=\"kt-blocks-accordion-icon-trigger\"><\/span><\/button><\/div><div class=\"kt-accordion-panel kt-accordion-panel-hidden\"><div class=\"kt-accordion-panel-inner\"><div class=\"wp-block-columns eplus-wrapper is-layout-flex wp-container-core-columns-is-layout-006b283f wp-block-columns-is-layout-flex eplus-styles-uid-b4f6de\" style=\"border-radius:5px;margin-top:0;margin-bottom:0;padding-top:var(--wp--preset--spacing--10);padding-right:var(--wp--preset--spacing--10);padding-bottom:var(--wp--preset--spacing--10);padding-left:var(--wp--preset--spacing--10)\">\n<div class=\"wp-block-column is-vertically-aligned-stretch has-base-2-background-color has-background eplus-wrapper is-layout-flow wp-container-core-column-is-layout-4535eb42 wp-block-column-is-layout-flow\" style=\"border-radius:5px;padding-top:10px;padding-right:15px;padding-bottom:10px;padding-left:15px;flex-basis:100%\">\n<p class=\" has-text-align-center has-medium-font-size eplus-wrapper\" style=\"font-style:normal;font-weight:400\"><strong>Gef\u00fchrte Tour Festung St. Michael <\/strong><\/p>\n\n\n<div class=\"wp-block-ultimate-post-image ultp-block-60d613\"><div class=\"ultp-block-wrapper\"><figure class=\"ultp-image-block-wrapper\"><div class=\"ultp-image-block ultp-image-block-none\"><img decoding=\"async\" class=\"ultp-image\" alt=\"Image Not Found\" src=\"https:\/\/forte-cultura.com\/wp-content\/uploads\/St_Michaels_Fortress.jpg\"><\/div><\/figure><\/div><\/div>\n\n\n<p class=\" has-text-align-center eplus-wrapper\" style=\"padding-right:var(--wp--preset--spacing--10);padding-left:var(--wp--preset--spacing--10);font-size:clamp(0.875rem, 0.875rem + ((1vw - 0.2rem) * 0.042), 0.9rem);line-height:1.3\">F\u00fchrungen in kroatischer und englischer Sprache werden f\u00fcr organisierte Gruppen nach Voranmeldung und Reservierung angeboten. Die Gruppe wird von Mitarbeitern der Kulturfestung gef\u00fchrt, die als zertifizierte Fremdenf\u00fchrer die Besucher auf einer 30 bis 45 Minuten langen Tour begleiten. <\/p>\n\n\n\n<p class=\" has-text-align-center eplus-wrapper\" style=\"padding-right:var(--wp--preset--spacing--10);padding-left:var(--wp--preset--spacing--10);font-size:clamp(0.875rem, 0.875rem + ((1vw - 0.2rem) * 0.042), 0.9rem);line-height:1.3\">Die Besucher erfahren, nach wem die Festung benannt ist, wer in der Festung lebte und wozu die unterirdischen Wassertanks und der Brotbackofen dienten. Ihnen wird die \u00e4lteste Festungsmauer gezeigt und von einigen spannenden Ereignissen erz\u00e4hlt, wie z.B. der Explosion im Schie\u00dfpulverraum. Die Besucher werden auch kurz mit anderen Festungen bekannt gemacht, die von den Mauern der St. Michaelsfestung zu sehen sind. <\/p>\n\n\n\n<p class=\" has-text-align-center eplus-wrapper\" style=\"padding-right:var(--wp--preset--spacing--10);padding-left:var(--wp--preset--spacing--10);font-size:clamp(0.875rem, 0.875rem + ((1vw - 0.2rem) * 0.042), 0.9rem);line-height:1.3\">Zum Schluss springt der Reisef\u00fchrer in die Gegenwart und berichtet \u00fcber die Freilichtb\u00fchne und die hier stattfindenden Konzerte.<\/p>\n\n\n\n<div class=\"wp-block-buttons eplus-wrapper is-content-justification-center is-layout-flex wp-container-core-buttons-is-layout-a89b3969 wp-block-buttons-is-layout-flex\"><div class=\" wp-block-button eplus-wrapper eplus-styles-uid-67e9fb\"><a class=\"wp-block-button__link wp-element-button\" href=\"https:\/\/www.tvrdjava-kulture.hr\/en\/st-michaels-fortress\/plan-your-visit\/\" target=\"_blank\" rel=\"noreferrer noopener\">Planen Sie Ihren Besuch<\/a><\/div><\/div>\n<\/div>\n\n\n\n<div class=\"wp-block-column is-vertically-aligned-stretch has-base-2-background-color has-background eplus-wrapper is-layout-flow wp-container-core-column-is-layout-4535eb42 wp-block-column-is-layout-flow\" style=\"border-radius:5px;padding-top:10px;padding-right:15px;padding-bottom:10px;padding-left:15px;flex-basis:100%\">\n<p class=\" has-text-align-center has-medium-font-size eplus-wrapper\" style=\"font-style:normal;font-weight:400\"><strong>Gef\u00fchrte Tour Festung Barone<\/strong><\/p>\n\n\n<div class=\"wp-block-ultimate-post-image ultp-block-aa02e4\"><div class=\"ultp-block-wrapper\"><figure class=\"ultp-image-block-wrapper\"><div class=\"ultp-image-block ultp-image-block-none\"><img decoding=\"async\" class=\"ultp-image\" alt=\"Image Not Found\" src=\"https:\/\/forte-cultura.com\/wp-content\/uploads\/Barone_Fortress_1w.jpg\"><\/div><\/figure><\/div><\/div>\n\n\n<p class=\" has-text-align-center eplus-wrapper\" style=\"padding-right:var(--wp--preset--spacing--10);padding-left:var(--wp--preset--spacing--10);font-size:clamp(0.875rem, 0.875rem + ((1vw - 0.2rem) * 0.042), 0.9rem);line-height:1.3\">F\u00fchrungen in kroatischer und englischer Sprache sind f\u00fcr organisierte Gruppen nach Voranmeldung und Reservierung m\u00f6glich. Die Gruppe wird von Mitarbeitern der Kulturfestung gef\u00fchrt, die als zertifizierte F\u00fchrer die Besucher auf einer ca. 30 Minuten langen Tour begleiten. <\/p>\n\n\n\n<p class=\" has-text-align-center eplus-wrapper\" style=\"padding-right:var(--wp--preset--spacing--10);padding-left:var(--wp--preset--spacing--10);font-size:clamp(0.875rem, 0.875rem + ((1vw - 0.2rem) * 0.042), 0.9rem);line-height:1.3\">Die Besucher erfahren, wie die Festung gebaut wurde, nach wem sie benannt ist, wer in der Festung lebte und warum. Sie werden ermutigt, eine AR-Tour zu machen, um zu sehen, wie das Leben in \u0160ibenik im 17. Jahrhundert aussah.<\/p>\n\n\n\n<p class=\" has-text-align-center eplus-wrapper\" style=\"padding-right:var(--wp--preset--spacing--10);padding-left:var(--wp--preset--spacing--10);font-size:clamp(0.875rem, 0.875rem + ((1vw - 0.2rem) * 0.042), 0.9rem);line-height:1.3\">Die Besucher werden kurz mit anderen Festungen bekannt gemacht, die von den Mauern der Barone-Festung zu sehen sind, und lernen prominente historische Pers\u00f6nlichkeiten und Einwohner von \u0160ibenik kennen.<\/p>\n\n\n\n<div class=\"wp-block-buttons eplus-wrapper is-content-justification-center is-layout-flex wp-container-core-buttons-is-layout-a89b3969 wp-block-buttons-is-layout-flex\"><div class=\" wp-block-button eplus-wrapper eplus-styles-uid-156dd5\"><a class=\"wp-block-button__link wp-element-button\" href=\"https:\/\/www.tvrdjava-kulture.hr\/en\/st-michaels-fortress\/plan-your-visit\/%20%20%20https:\/\/www.tvrdjava-kulture.hr\/en\/barone-fortress\/plan-your-visit\/\" target=\"_blank\" rel=\"noreferrer noopener\">Planen Sie Ihren Besuch<\/a><\/div><\/div>\n<\/div>\n<\/div>\n\n<div class=\"wp-block-columns eplus-wrapper is-layout-flex wp-container-core-columns-is-layout-006b283f wp-block-columns-is-layout-flex eplus-styles-uid-cc6837\" style=\"border-radius:5px;margin-top:0;margin-bottom:0;padding-top:var(--wp--preset--spacing--10);padding-right:var(--wp--preset--spacing--10);padding-bottom:var(--wp--preset--spacing--10);padding-left:var(--wp--preset--spacing--10)\">\n<div class=\"wp-block-column is-vertically-aligned-stretch has-base-2-background-color has-background eplus-wrapper is-layout-flow wp-container-core-column-is-layout-4535eb42 wp-block-column-is-layout-flow\" style=\"border-radius:5px;padding-top:10px;padding-right:15px;padding-bottom:10px;padding-left:15px;flex-basis:100%\">\n<p class=\" has-text-align-center has-medium-font-size eplus-wrapper\" style=\"font-style:normal;font-weight:400\"><strong>Gef\u00fchrte Tour Festung St. John<\/strong><\/p>\n\n\n<div class=\"wp-block-ultimate-post-image ultp-block-ba96b8\"><div class=\"ultp-block-wrapper\"><figure class=\"ultp-image-block-wrapper\"><div class=\"ultp-image-block ultp-image-block-none\"><img decoding=\"async\" class=\"ultp-image\" alt=\"Image Not Found\" src=\"https:\/\/forte-cultura.com\/wp-content\/uploads\/St_Johns_2.jpg\"><\/div><\/figure><\/div><\/div>\n\n\n<p class=\" has-text-align-center eplus-wrapper\" style=\"padding-right:var(--wp--preset--spacing--10);padding-left:var(--wp--preset--spacing--10);font-size:clamp(0.875rem, 0.875rem + ((1vw - 0.2rem) * 0.042), 0.9rem);line-height:1.3\">F\u00fchrungen in kroatischer und englischer Sprache sind f\u00fcr organisierte Gruppen nach Voranmeldung und Reservierung m\u00f6glich. Die Gruppe wird von Mitarbeitern der Kulturfestung gef\u00fchrt, die als zertifizierte F\u00fchrer die Besucher auf einer ca. 30 Minuten langen Tour begleiten. <\/p>\n\n\n\n<p class=\" has-text-align-center eplus-wrapper\" style=\"padding-right:var(--wp--preset--spacing--10);padding-left:var(--wp--preset--spacing--10);font-size:clamp(0.875rem, 0.875rem + ((1vw - 0.2rem) * 0.042), 0.9rem);line-height:1.3\">Die Tour findet im s\u00fcdlichen Teil der Festung statt, dem so genannten &#8222;Stern&#8220;. Hier k\u00f6nnen die Besucher etwas \u00fcber den Bau der Festung und die heftigen osmanischen Angriffe aus dem Hinterland erfahren und auch entdecken, wo sich die Johanneskirche befand. Danach f\u00fchrt der F\u00fchrer die Besucher zum Maschinengewehrnest (Bunker) aus dem Zweiten Weltkrieg, dass sich im westlichen Teil der Festung befindet. Die Tour endet vor dem Schie\u00dfpulverdepot, das heute in einen Souvenirladen umgewandelt wurde.<\/p>\n\n\n\n<p class=\" has-text-align-center eplus-wrapper\" style=\"padding-right:var(--wp--preset--spacing--10);padding-left:var(--wp--preset--spacing--10);font-size:clamp(0.875rem, 0.875rem + ((1vw - 0.2rem) * 0.042), 0.9rem);line-height:1.3\">Eine Erweiterung der Tour auf den n\u00f6rdlichen Teil der Festung ist m\u00f6glich, dann dauert sie bis zu 60 Minuten.<\/p>\n\n\n\n<div class=\"wp-block-buttons eplus-wrapper is-content-justification-center is-layout-flex wp-container-core-buttons-is-layout-a89b3969 wp-block-buttons-is-layout-flex\"><div class=\" wp-block-button eplus-wrapper eplus-styles-uid-61e59f\"><a class=\"wp-block-button__link wp-element-button\" href=\"https:\/\/www.tvrdjava-kulture.hr\/en\/st-johns-fortress\/plan-your-visit\/\" target=\"_blank\" rel=\"noreferrer noopener\">Planen Sie Ihren Besuch<\/a><\/div><\/div>\n<\/div>\n\n\n\n<div class=\"wp-block-column is-vertically-aligned-stretch has-base-2-background-color has-background eplus-wrapper is-layout-flow wp-container-core-column-is-layout-4535eb42 wp-block-column-is-layout-flow\" style=\"border-radius:5px;padding-top:10px;padding-right:15px;padding-bottom:10px;padding-left:15px;flex-basis:100%\">\n<p class=\" has-text-align-center has-medium-font-size eplus-wrapper\" style=\"font-style:normal;font-weight:400\"><strong>Gef\u00fchrte Tour Kroatisches Korallen-Zentrum Zlarin<\/strong><\/p>\n\n\n<div class=\"wp-block-ultimate-post-image ultp-block-a2079c\"><div class=\"ultp-block-wrapper\"><figure class=\"ultp-image-block-wrapper\"><div class=\"ultp-image-block ultp-image-block-none\"><img decoding=\"async\" class=\"ultp-image\" alt=\"Image Not Found\" src=\"https:\/\/forte-cultura.com\/wp-content\/uploads\/Coral_Center_Zlarin_4.jpg\"><\/div><\/figure><\/div><\/div>\n\n\n<p class=\" has-text-align-center eplus-wrapper\" style=\"padding-right:var(--wp--preset--spacing--10);padding-left:var(--wp--preset--spacing--10);font-size:clamp(0.875rem, 0.875rem + ((1vw - 0.2rem) * 0.042), 0.9rem);line-height:1.3\">F\u00fchrungen in Kroatisch und Englisch f\u00fcr organisierte Gruppen sind nach vorheriger Anmeldung m\u00f6glich. Die F\u00fchrung wird von einem Mitarbeiter des Korallen-Zentrums geleitet und dauert ca. 45 Minuten.<\/p>\n\n\n\n<p class=\" has-text-align-center eplus-wrapper\" style=\"padding-right:var(--wp--preset--spacing--10);padding-left:var(--wp--preset--spacing--10);font-size:clamp(0.875rem, 0.875rem + ((1vw - 0.2rem) * 0.042), 0.9rem);line-height:1.3\">Die Tour folgt der Vergangenheit, Gegenwart und Zukunft des &#8222;roten Goldes&#8220;, das auf vier Etagen des Museums pr\u00e4sentiert wird. Sie beginnt im Erdgeschoss mit der alten Geschichte &#8211; der Legende von der Entstehung der Korallen und dem Beginn des Lebens auf der Insel Zlarin. Von hier aus k\u00f6nnen die Besucher die jahrhundertelange Tradition der Korallenernte verfolgen, etwas \u00fcber das Alltagsleben der Inselbewohner erfahren und sehen, wie die Korallen heute behandelt werden. Der Rundgang endet im obersten Stockwerk des Museums, wo die Besucher etwas \u00fcber die wichtige Rolle erfahren, die Korallen bei der Erhaltung des Meereslebens und der Artenvielfalt spielen.<\/p>\n\n\n\n<div class=\"wp-block-buttons eplus-wrapper is-content-justification-center is-layout-flex wp-container-core-buttons-is-layout-a89b3969 wp-block-buttons-is-layout-flex\"><div class=\" wp-block-button eplus-wrapper eplus-styles-uid-2dfc41\"><a class=\"wp-block-button__link wp-element-button\" href=\"https:\/\/hckz.hr\/en\/f-a-q\/\" target=\"_blank\" rel=\"noreferrer noopener\">Information<\/a><\/div><\/div>\n<\/div>\n<\/div>\n\n<div class=\"wp-block-columns eplus-wrapper is-layout-flex wp-container-core-columns-is-layout-006b283f wp-block-columns-is-layout-flex eplus-styles-uid-fa6948\" style=\"border-radius:5px;margin-top:0;margin-bottom:0;padding-top:var(--wp--preset--spacing--10);padding-right:var(--wp--preset--spacing--10);padding-bottom:var(--wp--preset--spacing--10);padding-left:var(--wp--preset--spacing--10)\">\n<div class=\"wp-block-column is-vertically-aligned-stretch has-base-2-background-color has-background eplus-wrapper is-layout-flow wp-container-core-column-is-layout-4535eb42 wp-block-column-is-layout-flow\" style=\"border-radius:5px;padding-top:10px;padding-right:15px;padding-bottom:10px;padding-left:15px;flex-basis:100%\">\n<p class=\" has-text-align-center has-medium-font-size eplus-wrapper\" style=\"font-style:normal;font-weight:400\"><strong>Tour Haus der Kunst Arsen<\/strong><\/p>\n\n\n<div class=\"pgc-sgb-cb wp-block-pgcsimplygalleryblock-justified \" data-gallery-id=\"14f01426\"><div class=\"sgb-preloader\" id=\"pr_14f01426\">\n\t<div class=\"sgb-square\" style=\"background:#d4d4d4\"><\/div>\n\t<div class=\"sgb-square\" style=\"background:#d4d4d4\"><\/div>\n\t<div class=\"sgb-square\" style=\"background:#d4d4d4\"><\/div>\n\t<div class=\"sgb-square\" style=\"background:#d4d4d4\"><\/div><\/div><div class=\"simply-gallery-amp pgc_sgb_slider \"><noscript><div class=\"sgb-gallery\"><div class=\"sgb-item\"><a href=\"https:\/\/forte-cultura.com\/sibenik-hr\/house_of_arts_arsen-6w\/\" target=\"_blank\"><img decoding=\"async\" alt=\"\" width=\"300\" height=\"200\" loading=\"lazy\" src=\"https:\/\/forte-cultura.com\/wp-content\/uploads\/House_of_arts_Arsen-6w-300x200.jpg\" srcset=\"https:\/\/forte-cultura.com\/wp-content\/uploads\/House_of_arts_Arsen-6w-300x200.jpg 300w,https:\/\/forte-cultura.com\/wp-content\/uploads\/House_of_arts_Arsen-6w-1024x683.jpg 1024w,https:\/\/forte-cultura.com\/wp-content\/uploads\/House_of_arts_Arsen-6w.jpg 2500w\" sizes=\"auto, 250px\"><\/a><\/div><div class=\"sgb-item\"><a href=\"https:\/\/forte-cultura.com\/sibenik-hr\/house_of_arts_arsen-1w\/\" target=\"_blank\"><img decoding=\"async\" alt=\"\" width=\"300\" height=\"200\" loading=\"lazy\" src=\"https:\/\/forte-cultura.com\/wp-content\/uploads\/House_of_arts_Arsen-1w-300x200.jpg\" srcset=\"https:\/\/forte-cultura.com\/wp-content\/uploads\/House_of_arts_Arsen-1w-300x200.jpg 300w,https:\/\/forte-cultura.com\/wp-content\/uploads\/House_of_arts_Arsen-1w-1024x683.jpg 1024w,https:\/\/forte-cultura.com\/wp-content\/uploads\/House_of_arts_Arsen-1w.jpg 2500w\" sizes=\"auto, 250px\"><\/a><\/div><div class=\"sgb-item\"><a href=\"https:\/\/forte-cultura.com\/sibenik-hr\/house_of_arts_arsen-7w-2\/\" target=\"_blank\"><img decoding=\"async\" alt=\"\" width=\"300\" height=\"200\" loading=\"lazy\" src=\"https:\/\/forte-cultura.com\/wp-content\/uploads\/House_of_arts_Arsen-7w-1-300x200.jpg\" srcset=\"https:\/\/forte-cultura.com\/wp-content\/uploads\/House_of_arts_Arsen-7w-1-300x200.jpg 300w,https:\/\/forte-cultura.com\/wp-content\/uploads\/House_of_arts_Arsen-7w-1-1024x683.jpg 1024w,https:\/\/forte-cultura.com\/wp-content\/uploads\/House_of_arts_Arsen-7w-1.jpg 2500w\" sizes=\"auto, 250px\"><\/a><\/div><\/div><\/noscript><\/div><script type=\"application\/json\" class=\"sgb-data\">{\"lastRowFill\":true,\"galleryType\":\"pgc_sgb_justified\",\"galleryId\":\"14f01426\",\"images\":[{\"id\":4864,\"title\":\"House_of_arts_Arsen-(6)w\",\"url\":\"https:\/\/forte-cultura.com\/wp-content\/uploads\/House_of_arts_Arsen-6w.jpg\",\"link\":\"https:\/\/forte-cultura.com\/sibenik-hr\/house_of_arts_arsen-6w\/\",\"alt\":\"\",\"description\":\"\",\"caption\":\"\",\"mime\":\"image\/jpeg\",\"type\":\"image\",\"width\":2500,\"height\":1667,\"sizes\":{\"thumbnail\":{\"height\":150,\"width\":150,\"url\":\"https:\/\/forte-cultura.com\/wp-content\/uploads\/House_of_arts_Arsen-6w-150x150.jpg\",\"orientation\":\"landscape\"},\"medium\":{\"height\":200,\"width\":300,\"url\":\"https:\/\/forte-cultura.com\/wp-content\/uploads\/House_of_arts_Arsen-6w-300x200.jpg\",\"orientation\":\"landscape\"},\"large\":{\"height\":683,\"width\":1024,\"url\":\"https:\/\/forte-cultura.com\/wp-content\/uploads\/House_of_arts_Arsen-6w-1024x683.jpg\",\"orientation\":\"landscape\"},\"full\":{\"url\":\"https:\/\/forte-cultura.com\/wp-content\/uploads\/House_of_arts_Arsen-6w.jpg\",\"height\":1667,\"width\":2500,\"orientation\":\"landscape\"}},\"imageMeta\":{\"aperture\":\"0\",\"credit\":\"\",\"camera\":\"\",\"caption\":\"\",\"created_timestamp\":\"0\",\"copyright\":\"Valerio Baranovic\",\"focal_length\":\"0\",\"iso\":\"0\",\"shutter_speed\":\"0\",\"title\":\"\",\"orientation\":\"0\",\"keywords\":[]},\"meta\":false,\"postlink\":\"https:\/\/forte-cultura.com\/sibenik-hr\/house_of_arts_arsen-6w\/\"},{\"id\":4863,\"title\":\"House_of_arts_Arsen-(1)w\",\"url\":\"https:\/\/forte-cultura.com\/wp-content\/uploads\/House_of_arts_Arsen-1w.jpg\",\"link\":\"https:\/\/forte-cultura.com\/sibenik-hr\/house_of_arts_arsen-1w\/\",\"alt\":\"\",\"description\":\"\",\"caption\":\"\",\"mime\":\"image\/jpeg\",\"type\":\"image\",\"width\":2500,\"height\":1667,\"sizes\":{\"thumbnail\":{\"height\":150,\"width\":150,\"url\":\"https:\/\/forte-cultura.com\/wp-content\/uploads\/House_of_arts_Arsen-1w-150x150.jpg\",\"orientation\":\"landscape\"},\"medium\":{\"height\":200,\"width\":300,\"url\":\"https:\/\/forte-cultura.com\/wp-content\/uploads\/House_of_arts_Arsen-1w-300x200.jpg\",\"orientation\":\"landscape\"},\"large\":{\"height\":683,\"width\":1024,\"url\":\"https:\/\/forte-cultura.com\/wp-content\/uploads\/House_of_arts_Arsen-1w-1024x683.jpg\",\"orientation\":\"landscape\"},\"full\":{\"url\":\"https:\/\/forte-cultura.com\/wp-content\/uploads\/House_of_arts_Arsen-1w.jpg\",\"height\":1667,\"width\":2500,\"orientation\":\"landscape\"}},\"imageMeta\":{\"aperture\":\"0\",\"credit\":\"\",\"camera\":\"\",\"caption\":\"\",\"created_timestamp\":\"0\",\"copyright\":\"Valerio Baranovic\",\"focal_length\":\"0\",\"iso\":\"0\",\"shutter_speed\":\"0\",\"title\":\"\",\"orientation\":\"0\",\"keywords\":[]},\"meta\":false,\"postlink\":\"https:\/\/forte-cultura.com\/sibenik-hr\/house_of_arts_arsen-1w\/\"},{\"id\":4862,\"title\":\"House_of_arts_Arsen-(7)w\",\"url\":\"https:\/\/forte-cultura.com\/wp-content\/uploads\/House_of_arts_Arsen-7w-1.jpg\",\"link\":\"https:\/\/forte-cultura.com\/sibenik-hr\/house_of_arts_arsen-7w-2\/\",\"alt\":\"\",\"description\":\"\",\"caption\":\"\",\"mime\":\"image\/jpeg\",\"type\":\"image\",\"width\":2500,\"height\":1667,\"sizes\":{\"thumbnail\":{\"height\":150,\"width\":150,\"url\":\"https:\/\/forte-cultura.com\/wp-content\/uploads\/House_of_arts_Arsen-7w-1-150x150.jpg\",\"orientation\":\"landscape\"},\"medium\":{\"height\":200,\"width\":300,\"url\":\"https:\/\/forte-cultura.com\/wp-content\/uploads\/House_of_arts_Arsen-7w-1-300x200.jpg\",\"orientation\":\"landscape\"},\"large\":{\"height\":683,\"width\":1024,\"url\":\"https:\/\/forte-cultura.com\/wp-content\/uploads\/House_of_arts_Arsen-7w-1-1024x683.jpg\",\"orientation\":\"landscape\"},\"full\":{\"url\":\"https:\/\/forte-cultura.com\/wp-content\/uploads\/House_of_arts_Arsen-7w-1.jpg\",\"height\":1667,\"width\":2500,\"orientation\":\"landscape\"}},\"imageMeta\":{\"aperture\":\"0\",\"credit\":\"\",\"camera\":\"\",\"caption\":\"\",\"created_timestamp\":\"0\",\"copyright\":\"Valerio Baranovic\",\"focal_length\":\"0\",\"iso\":\"0\",\"shutter_speed\":\"0\",\"title\":\"\",\"orientation\":\"0\",\"keywords\":[]},\"meta\":false,\"postlink\":\"https:\/\/forte-cultura.com\/sibenik-hr\/house_of_arts_arsen-7w-2\/\"}],\"TrpContentRestriction\":{\"restriction_type\":\"exclude\",\"selected_languages\":[],\"panel_open\":true},\"itemsMetaDataCollection\":[]}<\/script><script>(function(){if(window.PGC_SGB && window.PGC_SGB.searcher){window.PGC_SGB.searcher.initBlocks()}})()<\/script><\/div>\n\n\n<p class=\" has-text-align-center eplus-wrapper\" style=\"padding-right:var(--wp--preset--spacing--10);padding-left:var(--wp--preset--spacing--10);font-size:clamp(0.875rem, 0.875rem + ((1vw - 0.2rem) * 0.042), 0.9rem);line-height:1.3\">Das Haus der K\u00fcnste Arsen ist w\u00e4hrend der regul\u00e4ren \u00d6ffnungszeiten f\u00fcr alle Besucher ge\u00f6ffnet (kein Eintritt); die Eintrittskarten f\u00fcr die Programme werden separat verkauft.<\/p>\n\n\n\n<p class=\" has-text-align-center eplus-wrapper\" style=\"padding-right:var(--wp--preset--spacing--10);padding-left:var(--wp--preset--spacing--10);font-size:clamp(0.875rem, 0.875rem + ((1vw - 0.2rem) * 0.042), 0.9rem);line-height:1.3\">Die Besucher werden von Gastgebern empfangen, die ihnen mehr Informationen \u00fcber das Haus und die Person geben, nach der es benannt ist &#8211; Arsen Dedi\u0107 (kroatischer Dichter, Musiker und Komponist, geboren in \u0160ibenik). Die Besucher k\u00f6nnen einen Bereich erkunden, der diesem gro\u00dfen K\u00fcnstler gewidmet ist: eine Wand mit Arsen-Portr\u00e4ts, Fotos und Zeichnungen bekannter kroatischer Autoren, seine ber\u00fchmtesten Zitate, B\u00fccher, Gedichte und eine B\u00fcste von Arsen, die von dem ber\u00fchmten kroatischen Musiker angefertigt wurde. Wenn keine Veranstaltungen stattfinden, k\u00f6nnen die Besucher einen Blick in die Haupthalle werfen.<\/p>\n\n\n\n<div class=\"wp-block-buttons eplus-wrapper is-content-justification-center is-layout-flex wp-container-core-buttons-is-layout-a89b3969 wp-block-buttons-is-layout-flex\"><div class=\" wp-block-button eplus-wrapper eplus-styles-uid-1c5245\"><a class=\"wp-block-button__link wp-element-button\" href=\"https:\/\/kucaarsen.hr\/\" target=\"_blank\" rel=\"noreferrer noopener\">Information<\/a><\/div><\/div>\n<\/div>\n<\/div><\/div><\/div><\/div>\n\n\n\n<div class=\"wp-block-kadence-pane kt-accordion-pane kt-accordion-pane-5 kt-pane1009_77f6a2-94\"><div class=\"kt-accordion-header-wrap\"><button class=\"kt-blocks-accordion-header kt-acccordion-button-label-show\" type=\"button\"><span class=\"kt-blocks-accordion-title-wrap\"><span class=\"kt-blocks-accordion-title\">Geschichte und Architektur<\/span><\/span><span class=\"kt-blocks-accordion-icon-trigger\"><\/span><\/button><\/div><div class=\"kt-accordion-panel kt-accordion-panel-hidden\"><div class=\"kt-accordion-panel-inner\">\n<p class=\" has-text-align-left eplus-wrapper\" style=\"font-size:clamp(0.875em, 0.875rem + ((1vw - 0.2em) * 0.042), 0.9em);font-style:normal;font-weight:400\">Die Stadt \u0160ibenik wurde zum ersten Mal 1066 in einer Urkunde des kroatischen K\u00f6nigs Petar Kre\u0161imir IV. erw\u00e4hnt. Sie hatte sich an der K\u00fcste unterhalb des felsigen H\u00fcgels entwickelt, der seit vorr\u00f6mischer Zeit ein befestigter Beobachtungspunkt war, gut positioniert, um den Seezugang zur Bucht von \u0160ibenik und weiter entlang des Flusses Krka zum Hinterland zu kontrollieren. <\/p>\n\n\n\n<p class=\" has-text-align-left eplus-wrapper\" style=\"font-size:clamp(0.875em, 0.875rem + ((1vw - 0.2em) * 0.042), 0.9em);font-style:normal;font-weight:400\">Vom 12. bis zum 14. Jahrhundert geriet \u0160ibenik unter wechselnde Herrschaft (ungarisch-kroatische K\u00f6nige, Venedig, byzantinisches Reich). Die lockere Zentralregierung erm\u00f6glichte die Entwicklung einer st\u00e4dtischen Handelselite und die Einrichtung eines kommunalen Systems, das dem in italienischen St\u00e4dten derselben Zeit vorherrschenden nicht un\u00e4hnlich war. Die B\u00fcrger bewahrten ihre Autonomie und entgingen dem Schicksal, ein Feudalbesitz zu sein. Im Jahr 1298 wurde \u0160ibenik auch ein eigenst\u00e4ndiges Bistum. Nach einer dreij\u00e4hrigen Belagerung unterzeichnete \u0160ibenik 1412 einen &#8222;Schutzvertrag&#8220; und trat in die Republik Venedig ein. Die venezianischen Rektoren regierten und beaufsichtigten die Stadt f\u00fcr die n\u00e4chsten vier Jahrhunderte. <\/p>\n\n\n\n<p class=\" has-text-align-left eplus-wrapper\" style=\"font-size:clamp(0.875em, 0.875rem + ((1vw - 0.2em) * 0.042), 0.9em);font-style:normal;font-weight:400\">Die Festungsanlagen von \u0160ibenik umfassen heute vier Festungen und mehrere Ruinen, die vom Mittelalter bis ins 20. Jahrhundert reichen. Die \u00e4lteste Festung, die \u00fcber der Altstadt thront, ist die St. Michaelsfestung, die nach der (fr\u00fcheren?) St. Michaelskirche benannt ist. Der Erzengel war seit dem Mittelalter der Schutzpatron von \u0160ibenik, und diese Kirche war die \u00e4lteste der Stadt, bis sie Anfang des 19. Jahrhunderts von der \u00f6sterreichischen Armee zerst\u00f6rt wurde. Von den Anf\u00e4ngen als illyrischer und fr\u00fchmittelalterlicher Vorposten entwickelte sich die Festung zu einem unregelm\u00e4\u00dfigen Rechteck, das in den ersten Jahrzehnten der venezianischen Herrschaft seine endg\u00fcltige Form erhielt. Eines der interessantesten Merkmale ist ein seltenes Beispiel der strada di soccorso, eines Fluchtwegs, der die Festung mit der K\u00fcste verband. Sie wurde von den Venezianern in den 1420er Jahren erbaut. Die Stadtmauern, die in irgendeiner Form bereits in fr\u00fcheren Jahrhunderten existierten, wurden von den Venezianern Mitte bis Ende des 15. Jahrhunderts fertiggestellt und perfektioniert. <\/p>\n\n\n\n<p class=\" has-text-align-left eplus-wrapper\" style=\"font-size:clamp(0.875em, 0.875rem + ((1vw - 0.2em) * 0.042), 0.9em);font-style:normal;font-weight:400\">Die Bucht von \u0160ibenik ist mit dem offenen Meer durch einen etwas schmalen (150-300 m), 3 km langen St. Antonius-Kanal verbunden. Die mittelalterliche Seeverteidigung st\u00fctzte sich auf zwei gegen\u00fcberliegende Festungen auf der Ostseite des Kanals, von denen eine noch deutlich sichtbar ist. Mitte des 16. Jahrhunderts lie\u00df die Serenissima unter dem Druck der wachsenden osmanischen Seemacht eine Reihe von K\u00fcstenfestungen errichten. Eine davon &#8211; die Festung St. Nikolaus &#8211; wurde auf einer kleinen Insel am westlichen Eingang des Kanals errichtet. Ihr einzigartiger Grundriss und ihre architektonischen Details sind einer der Gr\u00fcnde, warum sie 2017 zusammen mit anderen venezianischen Festungen in die Liste des UNESCO-Weltkulturerbes aufgenommen wurde. <\/p>\n\n\n\n<p class=\" has-text-align-left eplus-wrapper\" style=\"font-size:clamp(0.875em, 0.875rem + ((1vw - 0.2em) * 0.042), 0.9em);font-style:normal;font-weight:400\">Im 16. und 17. Jahrhundert verlief die Grenze zu den Osmanen nur wenige Kilometer im Hinterland. Die mittelalterlichen Festungsanlagen von \u0160ibenik waren nicht gut an die Artilleriekriegsf\u00fchrung angepasst, die sich in dieser Zeit entwickelte. Mit dem Ausbruch eines neuen Krieges stand die Stadt im Jahr 1645 vor einer gro\u00dfen Herausforderung. Ein gro\u00dfes osmanisches Heer r\u00fcckte nach Dalmatien vor und bedrohte die dortigen St\u00e4dte. Die B\u00fcrger von \u0160ibenik ergriffen die Initiative und begannen mit dem Bau einer neuen Festung auf dem nahe gelegenen St. Johannis-H\u00fcgel oberhalb der Altstadt. Die venezianischen Beamten halfen mit, und in nur 58 Tagen stand den Angreifern eine neue Verteidigung zur Verf\u00fcgung. Die Belagerung im Jahr 1646 wurde abgewehrt, ebenso wie die im Sommer 1647, obwohl sie gr\u00f6\u00dfer und besser vorbereitet war. In den folgenden 10 bis 15 Jahren wurde die Festung St. John &#8211; der Mittelpunkt der neuen Verteidigung &#8211; umgebaut und vergr\u00f6\u00dfert. Die Festung Barone, 250 Meter s\u00fcd\u00f6stlich gelegen, bewachte den \u00f6stlichen Zugang zur Stadt. Mehrere befestigte Gr\u00e4ben und Redouten wurden um die Vororte herum gebaut. Die Stadtmauern wurden um zwei gro\u00dfe Bastionen erweitert. <\/p>\n\n\n\n<p class=\" has-text-align-left eplus-wrapper\" style=\"font-size:clamp(0.875em, 0.875rem + ((1vw - 0.2em) * 0.042), 0.9em);font-style:normal;font-weight:400\">Mit dem Niedergang der osmanischen Macht im fr\u00fchen 18. Jahrhundert verloren die Festungen an Bedeutung. Die venezianische Republik wurde 1797 aufgel\u00f6st, und nach den napoleonischen Kriegen wurde Dalmatien \u00d6sterreich einverleibt. Die Festung Barone wurde bald aufgegeben, aber die \u00d6sterreicher behielten die drei anderen Festungen. \u0160ibenik wurde zusammen mit Pula und Kotor zu einer wichtigen Stadt f\u00fcr die Marine. Die \u00d6sterreicher begannen mit dem Bau von Betonfestungen und Bunkern, der bis Mitte des 20. Jahrhunderts andauerte. <\/p>\n\n\n\n<p class=\" has-text-align-left eplus-wrapper\" style=\"font-size:clamp(0.875em, 0.875rem + ((1vw - 0.2em) * 0.042), 0.9em);font-style:normal;font-weight:400\">W\u00e4hrend des kroatischen Unabh\u00e4ngigkeitskrieges war \u0160ibenik ein wichtiger strategischer Punkt und wurde von der jugoslawischen Volksarmee belagert. Die kroatischen Streitkr\u00e4fte verteidigten \u0160ibenik hartn\u00e4ckig. W\u00e4hrend der Schlacht um \u0160ibenik vom 16. bis 22. September 1991 wurden viele historische Geb\u00e4ude besch\u00e4digt. Die Festungen wurden danach &#8211; so hoffen wir &#8211; zum letzten Mal genutzt.<\/p>\n\n\n<div class=\"pgc-sgb-cb wp-block-pgcsimplygalleryblock-grid \" data-gallery-id=\"eb932013\"><div class=\"sgb-preloader\" id=\"pr_eb932013\">\n\t<div class=\"sgb-square\" style=\"background:#d4d4d4\"><\/div>\n\t<div class=\"sgb-square\" style=\"background:#d4d4d4\"><\/div>\n\t<div class=\"sgb-square\" style=\"background:#d4d4d4\"><\/div>\n\t<div class=\"sgb-square\" style=\"background:#d4d4d4\"><\/div><\/div><div class=\"simply-gallery-amp pgc_sgb_slider \"><noscript><div class=\"sgb-gallery\"><div class=\"sgb-item\"><a href=\"https:\/\/forte-cultura.com\/sibenik-hr\/sibenik-18411\/\" target=\"_blank\"><img decoding=\"async\" alt=\"\" width=\"300\" height=\"235\" loading=\"lazy\" src=\"https:\/\/forte-cultura.com\/wp-content\/uploads\/Sibenik-18411-300x235.png\" srcset=\"https:\/\/forte-cultura.com\/wp-content\/uploads\/Sibenik-18411-300x235.png 300w,https:\/\/forte-cultura.com\/wp-content\/uploads\/Sibenik-18411.png 1000w\" sizes=\"auto, 250px\"><\/a><\/div><div class=\"sgb-item\"><a href=\"https:\/\/forte-cultura.com\/sibenik-hr\/sibenik_in_1486_by_konrad_von_gruenberger1\/\" target=\"_blank\"><img decoding=\"async\" alt=\"\" width=\"300\" height=\"201\" loading=\"lazy\" src=\"https:\/\/forte-cultura.com\/wp-content\/uploads\/Sibenik_in_1486_by_Konrad_von_Gruenberger1-300x201.jpeg\" srcset=\"https:\/\/forte-cultura.com\/wp-content\/uploads\/Sibenik_in_1486_by_Konrad_von_Gruenberger1-300x201.jpeg 300w,https:\/\/forte-cultura.com\/wp-content\/uploads\/Sibenik_in_1486_by_Konrad_von_Gruenberger1.jpeg 646w\" sizes=\"auto, 250px\"><\/a><\/div><div class=\"sgb-item\"><a href=\"https:\/\/forte-cultura.com\/sibenik-hr\/povelja_petra_kresimira_iv_-11\/\" target=\"_blank\"><img decoding=\"async\" alt=\"\" width=\"300\" height=\"218\" loading=\"lazy\" src=\"https:\/\/forte-cultura.com\/wp-content\/uploads\/Povelja_Petra_Kresimira_IV_-11-300x218.jpeg\" srcset=\"https:\/\/forte-cultura.com\/wp-content\/uploads\/Povelja_Petra_Kresimira_IV_-11-300x218.jpeg 300w,https:\/\/forte-cultura.com\/wp-content\/uploads\/Povelja_Petra_Kresimira_IV_-11.jpeg 710w\" sizes=\"auto, 250px\"><\/a><\/div><div class=\"sgb-item\"><a href=\"https:\/\/forte-cultura.com\/sibenik-hr\/postkarte-sibenik-zwischen-1890-19001\/\" target=\"_blank\"><img decoding=\"async\" alt=\"\" width=\"300\" height=\"224\" loading=\"lazy\" src=\"https:\/\/forte-cultura.com\/wp-content\/uploads\/Postkarte-Sibenik-zwischen-1890-19001-300x224.png\" srcset=\"https:\/\/forte-cultura.com\/wp-content\/uploads\/Postkarte-Sibenik-zwischen-1890-19001-300x224.png 300w,https:\/\/forte-cultura.com\/wp-content\/uploads\/Postkarte-Sibenik-zwischen-1890-19001.png 1000w\" sizes=\"auto, 250px\"><\/a><\/div><\/div><\/noscript><\/div><script type=\"application\/json\" class=\"sgb-data\">{\"collectionColumns\":4,\"galleryType\":\"pgc_sgb_grid\",\"galleryId\":\"eb932013\",\"images\":[{\"id\":4872,\"title\":\"Sibenik-18411\",\"url\":\"https:\/\/forte-cultura.com\/wp-content\/uploads\/Sibenik-18411.png\",\"link\":\"https:\/\/forte-cultura.com\/sibenik-hr\/sibenik-18411\/\",\"alt\":\"\",\"description\":\"\",\"caption\":\"\",\"mime\":\"image\/png\",\"type\":\"image\",\"width\":1000,\"height\":783,\"sizes\":{\"thumbnail\":{\"height\":150,\"width\":150,\"url\":\"https:\/\/forte-cultura.com\/wp-content\/uploads\/Sibenik-18411-150x150.png\",\"orientation\":\"landscape\"},\"medium\":{\"height\":235,\"width\":300,\"url\":\"https:\/\/forte-cultura.com\/wp-content\/uploads\/Sibenik-18411-300x235.png\",\"orientation\":\"landscape\"},\"full\":{\"url\":\"https:\/\/forte-cultura.com\/wp-content\/uploads\/Sibenik-18411.png\",\"height\":783,\"width\":1000,\"orientation\":\"landscape\"}},\"imageMeta\":{\"aperture\":\"0\",\"credit\":\"\",\"camera\":\"\",\"caption\":\"\",\"created_timestamp\":\"0\",\"copyright\":\"\",\"focal_length\":\"0\",\"iso\":\"0\",\"shutter_speed\":\"0\",\"title\":\"\",\"orientation\":\"0\",\"keywords\":[]},\"meta\":false,\"postlink\":\"https:\/\/forte-cultura.com\/sibenik-hr\/sibenik-18411\/\"},{\"id\":4871,\"title\":\"\u0160ibenik_in_1486_by_Konrad_von_Gr\u00fcnberger1\",\"url\":\"https:\/\/forte-cultura.com\/wp-content\/uploads\/Sibenik_in_1486_by_Konrad_von_Gruenberger1.jpeg\",\"link\":\"https:\/\/forte-cultura.com\/sibenik-hr\/sibenik_in_1486_by_konrad_von_gruenberger1\/\",\"alt\":\"\",\"description\":\"\",\"caption\":\"\",\"mime\":\"image\/jpeg\",\"type\":\"image\",\"width\":646,\"height\":433,\"sizes\":{\"thumbnail\":{\"height\":150,\"width\":150,\"url\":\"https:\/\/forte-cultura.com\/wp-content\/uploads\/Sibenik_in_1486_by_Konrad_von_Gruenberger1-150x150.jpeg\",\"orientation\":\"landscape\"},\"medium\":{\"height\":201,\"width\":300,\"url\":\"https:\/\/forte-cultura.com\/wp-content\/uploads\/Sibenik_in_1486_by_Konrad_von_Gruenberger1-300x201.jpeg\",\"orientation\":\"landscape\"},\"full\":{\"url\":\"https:\/\/forte-cultura.com\/wp-content\/uploads\/Sibenik_in_1486_by_Konrad_von_Gruenberger1.jpeg\",\"height\":433,\"width\":646,\"orientation\":\"landscape\"}},\"imageMeta\":{\"aperture\":\"0\",\"credit\":\"\",\"camera\":\"\",\"caption\":\"\",\"created_timestamp\":\"0\",\"copyright\":\"\",\"focal_length\":\"0\",\"iso\":\"0\",\"shutter_speed\":\"0\",\"title\":\"\",\"orientation\":\"1\",\"keywords\":[]},\"meta\":false,\"postlink\":\"https:\/\/forte-cultura.com\/sibenik-hr\/sibenik_in_1486_by_konrad_von_gruenberger1\/\"},{\"id\":4870,\"title\":\"Povelja_Petra_Kre\u0161imira_IV_-11\",\"url\":\"https:\/\/forte-cultura.com\/wp-content\/uploads\/Povelja_Petra_Kresimira_IV_-11.jpeg\",\"link\":\"https:\/\/forte-cultura.com\/sibenik-hr\/povelja_petra_kresimira_iv_-11\/\",\"alt\":\"\",\"description\":\"\",\"caption\":\"\",\"mime\":\"image\/jpeg\",\"type\":\"image\",\"width\":710,\"height\":515,\"sizes\":{\"thumbnail\":{\"height\":150,\"width\":150,\"url\":\"https:\/\/forte-cultura.com\/wp-content\/uploads\/Povelja_Petra_Kresimira_IV_-11-150x150.jpeg\",\"orientation\":\"landscape\"},\"medium\":{\"height\":218,\"width\":300,\"url\":\"https:\/\/forte-cultura.com\/wp-content\/uploads\/Povelja_Petra_Kresimira_IV_-11-300x218.jpeg\",\"orientation\":\"landscape\"},\"full\":{\"url\":\"https:\/\/forte-cultura.com\/wp-content\/uploads\/Povelja_Petra_Kresimira_IV_-11.jpeg\",\"height\":515,\"width\":710,\"orientation\":\"landscape\"}},\"imageMeta\":{\"aperture\":\"0\",\"credit\":\"\",\"camera\":\"\",\"caption\":\"\",\"created_timestamp\":\"0\",\"copyright\":\"\",\"focal_length\":\"0\",\"iso\":\"0\",\"shutter_speed\":\"0\",\"title\":\"\",\"orientation\":\"0\",\"keywords\":[]},\"meta\":false,\"postlink\":\"https:\/\/forte-cultura.com\/sibenik-hr\/povelja_petra_kresimira_iv_-11\/\"},{\"id\":4869,\"title\":\"Postkarte-Sibenik-zwischen-1890-19001\",\"url\":\"https:\/\/forte-cultura.com\/wp-content\/uploads\/Postkarte-Sibenik-zwischen-1890-19001.png\",\"link\":\"https:\/\/forte-cultura.com\/sibenik-hr\/postkarte-sibenik-zwischen-1890-19001\/\",\"alt\":\"\",\"description\":\"\",\"caption\":\"\",\"mime\":\"image\/png\",\"type\":\"image\",\"width\":1000,\"height\":746,\"sizes\":{\"thumbnail\":{\"height\":150,\"width\":150,\"url\":\"https:\/\/forte-cultura.com\/wp-content\/uploads\/Postkarte-Sibenik-zwischen-1890-19001-150x150.png\",\"orientation\":\"landscape\"},\"medium\":{\"height\":224,\"width\":300,\"url\":\"https:\/\/forte-cultura.com\/wp-content\/uploads\/Postkarte-Sibenik-zwischen-1890-19001-300x224.png\",\"orientation\":\"landscape\"},\"full\":{\"url\":\"https:\/\/forte-cultura.com\/wp-content\/uploads\/Postkarte-Sibenik-zwischen-1890-19001.png\",\"height\":746,\"width\":1000,\"orientation\":\"landscape\"}},\"imageMeta\":{\"aperture\":\"0\",\"credit\":\"\",\"camera\":\"\",\"caption\":\"\",\"created_timestamp\":\"0\",\"copyright\":\"\",\"focal_length\":\"0\",\"iso\":\"0\",\"shutter_speed\":\"0\",\"title\":\"\",\"orientation\":\"0\",\"keywords\":[]},\"meta\":false,\"postlink\":\"https:\/\/forte-cultura.com\/sibenik-hr\/postkarte-sibenik-zwischen-1890-19001\/\"}],\"galleryBorderRadius\":10,\"TrpContentRestriction\":{\"restriction_type\":\"exclude\",\"selected_languages\":[],\"panel_open\":true},\"itemsMetaDataCollection\":[]}<\/script><script>(function(){if(window.PGC_SGB && window.PGC_SGB.searcher){window.PGC_SGB.searcher.initBlocks()}})()<\/script><\/div>\n\n\n<p class=\" eplus-wrapper\"><\/p>\n\n\n\n<h3 class=\" wp-block-heading eplus-wrapper\">Architektur<\/h3>\n\n\n\n<p style=\"font-size:clamp(0.875em, 0.875rem + ((1vw - 0.2em) * 0.042), 0.9em);font-style:normal;font-weight:400\" class=\" eplus-wrapper\"><strong>Die Festung St. Michael<\/strong><br>wurde als Aussichtspunkt \u00fcber der Bucht von \u0160ibenik und der M\u00fcndung des Flusses Krka sowie als Zufluchtsort f\u00fcr die umliegende Bev\u00f6lkerung errichtet. Die Stellung wurde seit der vorr\u00f6mischen Zeit als Festung genutzt, aber von diesen fr\u00fchen Mauern ist nichts erhalten geblieben. Auf der Festung wurden auch arch\u00e4ologische Funde aus r\u00f6mischer, sp\u00e4tantiker und fr\u00fchmittelalterlicher Zeit geborgen. Seit dem 11. Jahrhundert wurde dieser Ort zur Keimzelle der Stadt \u0160ibenik. Als zentraler Verteidigungspunkt wurde die Festung oft belagert und angegriffen, aber auch repariert und wiederaufgebaut. <\/p>\n\n\n\n<p style=\"font-size:clamp(0.875em, 0.875rem + ((1vw - 0.2em) * 0.042), 0.9em);font-style:normal;font-weight:400\" class=\" eplus-wrapper\">Die Festung St. Michael ist ein Denkmal, dessen vielschichtige geschichtliche Entwicklung in dem heute erhaltenen Zustand sichtbar ist. Der zentrale Teil der Festung ist eine Burg, ein von T\u00fcrmen umschlossener Innenhof, der mit einer hohen Mauer verbunden ist. Die Burg wird von allen Seiten von weiteren Befestigungselementen umschlossen. Nord\u00f6stlich der Burg, in Richtung der Festung St. John und entlang der gesamten S\u00fcdseite in Richtung des Stadtkerns, befinden sich zwei Faussebrayes. Diese Frontbereiche wurden als zus\u00e4tzliches Hindernis f\u00fcr den Feind errichtet, um eine leichte Ann\u00e4herung und Verminung der Mauern zu verhindern. Sie waren gut mit der Burg und anderen R\u00e4umen der Festung verbunden, da eine schnelle Kommunikation notwendig war. Sp\u00e4testens im 16. Jahrhundert wurde im Nordwesten eine gro\u00dfe Artillerieplattform (Waffenplatz) errichtet. Die Plattform wurde von zwei T\u00fcrmen begrenzt, von denen einer erhalten ist. Neben dem zweiten, abgerissenen Turm befindet sich eine k\u00fcrzlich entdeckte befestigte Stellung, die den K\u00fcstenvorort von \u0160ibenik kontrollierte. <\/p>\n\n\n\n<p style=\"font-size:clamp(0.875em, 0.875rem + ((1vw - 0.2em) * 0.042), 0.9em);font-style:normal;font-weight:400\" class=\" eplus-wrapper\">Die doppelten Mauern (strada di soccorso) verbanden die Festung mit der K\u00fcste. Aus historischer Sicht wurden einige andere R\u00e4ume in den Festungskomplex einbezogen, wie der Madonnenturm (cavalier), eine 1639 errichtete hohe Plattform s\u00fcd\u00f6stlich der Burg, oder die 1657 errichtete Verteidigungsmauer zur Festung St. John. Im Allgemeinen verwaltete der Kastellan der Festung direkt fast einen Hektar an ummauerten Strukturen, unterschiedlich eingeebneten Bereichen und Inneneinrichtungen.<br><br><strong>Festung Barone<\/strong><br>wurde 1646 auf dem 80 Meter hohen H\u00fcgel Vidaku\u0161a oberhalb der Stadt erbaut und von den B\u00fcrgern von \u0160ibenik finanziert, nachdem mehrere Bitten um Hilfe von der Republik Venedig abgelehnt worden waren. Im Fr\u00fchjahr 1646 begannen die Osmanen ihr Heer in Bosnien und im dalmatinischen Hinterland zu sammeln. Am 1. August 1646 wurde unter der Leitung von Baron Christoph Martin von Degenfeld mit dem Bau des neuen Verteidigungssystems von \u0160ibenik begonnen. Die Arbeiten wurden nach nur 58 Tagen abgeschlossen. Barone war urspr\u00fcnglich eine Redoute, eine kleinere Festung, die den Zugang zur Stadt bewachte. Im Jahr 1659 wurde die Festung unter Antonio Bernardo (Gouverneur von Dalmatien) erweitert und ausgebaut. An die Nordmauer wurden Halbbastionen mit dicken W\u00e4llen angebaut. Es wurde ein neuer Haupteingang gebaut, und im s\u00fcdlichen Teil, zur Stadt hin, wurden Nebenanlagen errichtet.<br><br><strong>Festung St. John<\/strong><br>wurde 1646 auf einem 120 Meter hohen H\u00fcgel n\u00f6rdlich der Altstadt von \u0160ibenik erbaut. Sie wurde ebenfalls in nur 58 Tagen als Hauptpunkt des neuen Verteidigungssystems der Stadt erbaut, kurz vor einem gro\u00dfen Angriff der osmanischen Armee. Die Festung wurde von den Einwohnern von \u0160ibenik mit ihren eigenen H\u00e4nden und Mitteln nach dem Entwurf des Franziskaner-Ingenieurs Antonio Leni aus Genua gebaut. Diese erste Version der Festung hatte die Form eines &#8222;Sterns&#8220;. Zur Kontrolle des Gel\u00e4ndes wurde an der Nordseite eine Tenaille errichtet. Nur wenige Tage nach der Fertigstellung erfolgte der erste Angriff und im folgenden Sommer ein weiterer mit Zehntausenden von Soldaten. Es folgte eine monatelange Belagerung, bei der vor allem die Johanniterfestung durch osmanischen Beschuss schwer besch\u00e4digt wurde. Dennoch hielten die Verteidigungsanlagen stand.<br>Die Festung St. John ist ein komplexes Festungsmonument, das in den ersten Jahrzehnten mehrfach erweitert und angepasst wurde. Die ersten Arbeiten von Antonio Leni an der beengten und fast improvisierten Festung begannen fast unmittelbar nach der verteidigten Belagerung im Jahr 1646. Die Festung wurde daraufhin erheblich nach Norden und Westen erweitert. Nach der zweiten Belagerung wurden die besch\u00e4digten Festungsbastionen mit Tuffstein rekonstruiert und zus\u00e4tzlich ausgebaut. Auch die Au\u00dfenbefestigungen im Norden und Westen wurden zwischen 1647 und 1664 mehrfach umgebaut. Die urspr\u00fcngliche Tenaille und einige sekund\u00e4re Befestigungselemente wurden schlie\u00dflich durch eine Reihe von drei aufeinander folgenden Hornwerken ersetzt. Seitdem wurden die Hauptkonturen der Festung nicht mehr ver\u00e4ndert. Die Festung St. John war durch Verteidigungslinien mit anderen Festungsanlagen in der Stadt verbunden.<br><br>Ab 2012 wurden die Festungen St. Michael, St. John und Barone umfassend renoviert und in moderne Erlebnisorte mit vielf\u00e4ltigen Freizeit-, Erlebnis- und Bildungsfunktionen umgewandelt. Erm\u00f6glicht wurde dies durch EU-Mittel. Die Festungen werden heute von der \u00f6ffentlichen Einrichtung <em>&#8222;Fortress of Cultura \u0160ibenik&#8220;<\/em> verwaltet, deren nachhaltiger Ansatz zur Erhaltung des kulturellen Erbes und zur Organisation von Veranstaltungen zur Best Practice bei der Entwicklung und Verwaltung von Festungsdenkm\u00e4lern in Europa geh\u00f6rt.<br><br>Es ist wichtig zu erw\u00e4hnen, dass es neben den drei beschriebenen Festungen auf dem Gebiet der Stadt \u0160ibenik noch eine vierte Festung gibt, die von der \u00f6ffentlichen Institution <em>Natur der Gespanschaft \u0160ibenik-Knin<\/em> verwaltet wird: <strong>Die Festung St. Nikolaus<\/strong>. <\/p>\n\n\n\n<p style=\"font-size:clamp(0.875em, 0.875rem + ((1vw - 0.2em) * 0.042), 0.9em);font-style:normal;font-weight:400\" class=\" eplus-wrapper\">Sie wurde auf der Insel Ljuljevac erbaut und bewacht den Eingang des St.-Antoniu-Kanals von der Adria in die Bucht von \u0160ibenik. Im 16. Jahrhundert vom venezianischen Architekten und Baumeister Giangirolamo Sanmicheli (Neffe von Michele Sanmicheli) entworfen und erbaut, ist die Festung St. Nikolaus eines der wertvollsten und am besten erhaltenen Beispiele der Verteidigungsarchitektur in Dalmatien. Das mit 32 Kanonen bewaffnete Bauwerk aus Ziegeln mit Steinfundamenten diente im Laufe der Jahrhunderte verschiedenen Armeen und wurde mehrfach renoviert. Seit 2017 hat die Festung des Heiligen Nikolaus als Teil des Verteidigungssystems der Republik Venedig zwischen dem 16. und 17. Jahrhundert den Status eines UNESCO-Weltkulturerbes.<\/p>\n\n\n<div class=\"pgc-sgb-cb wp-block-pgcsimplygalleryblock-justified \" data-gallery-id=\"85090225\"><div class=\"sgb-preloader\" id=\"pr_85090225\">\n\t<div class=\"sgb-square\" style=\"background:#d4d4d4\"><\/div>\n\t<div class=\"sgb-square\" style=\"background:#d4d4d4\"><\/div>\n\t<div class=\"sgb-square\" style=\"background:#d4d4d4\"><\/div>\n\t<div class=\"sgb-square\" style=\"background:#d4d4d4\"><\/div><\/div><div class=\"simply-gallery-amp pgc_sgb_slider \"><noscript><div class=\"sgb-gallery\"><div class=\"sgb-item\"><a href=\"https:\/\/forte-cultura.com\/sibenik-hr\/vincenzo_coronelli_s\/\" target=\"_blank\"><img decoding=\"async\" alt=\"\" width=\"300\" height=\"227\" loading=\"lazy\" src=\"https:\/\/forte-cultura.com\/wp-content\/uploads\/Vincenzo_Coronelli_S-300x227.png\" srcset=\"https:\/\/forte-cultura.com\/wp-content\/uploads\/Vincenzo_Coronelli_S-300x227.png 300w,https:\/\/forte-cultura.com\/wp-content\/uploads\/Vincenzo_Coronelli_S-1024x776.png 1024w,https:\/\/forte-cultura.com\/wp-content\/uploads\/Vincenzo_Coronelli_S.png 2000w\" sizes=\"auto, 250px\"><\/a><\/div><div class=\"sgb-item\"><a href=\"https:\/\/forte-cultura.com\/sibenik-hr\/28_plan-sibenika-zavoreo-sv-ivan\/\" target=\"_blank\"><img decoding=\"async\" alt=\"\" width=\"300\" height=\"187\" loading=\"lazy\" src=\"https:\/\/forte-cultura.com\/wp-content\/uploads\/28_plan-sibenika-zavoreo-sv-ivan-300x187.jpg\" srcset=\"https:\/\/forte-cultura.com\/wp-content\/uploads\/28_plan-sibenika-zavoreo-sv-ivan-300x187.jpg 300w,https:\/\/forte-cultura.com\/wp-content\/uploads\/28_plan-sibenika-zavoreo-sv-ivan.jpg 749w\" sizes=\"auto, 250px\"><\/a><\/div><div class=\"sgb-item\"><a href=\"https:\/\/forte-cultura.com\/sibenik-hr\/sibenik-1575_braun_hogenberg1\/\" target=\"_blank\"><img decoding=\"async\" alt=\"\" width=\"300\" height=\"221\" loading=\"lazy\" src=\"https:\/\/forte-cultura.com\/wp-content\/uploads\/Sibenik-1575_Braun_hogenberg1-300x221.png\" srcset=\"https:\/\/forte-cultura.com\/wp-content\/uploads\/Sibenik-1575_Braun_hogenberg1-300x221.png 300w,https:\/\/forte-cultura.com\/wp-content\/uploads\/Sibenik-1575_Braun_hogenberg1-1024x755.png 1024w,https:\/\/forte-cultura.com\/wp-content\/uploads\/Sibenik-1575_Braun_hogenberg1.png 1356w\" sizes=\"auto, 250px\"><\/a><\/div><div class=\"sgb-item\"><a href=\"https:\/\/forte-cultura.com\/sibenik-hr\/sibenik_osmanen-belagerung1\/\" target=\"_blank\"><img decoding=\"async\" alt=\"\" width=\"300\" height=\"216\" loading=\"lazy\" src=\"https:\/\/forte-cultura.com\/wp-content\/uploads\/Sibenik_Osmanen-Belagerung1-300x216.png\" srcset=\"https:\/\/forte-cultura.com\/wp-content\/uploads\/Sibenik_Osmanen-Belagerung1-300x216.png 300w,https:\/\/forte-cultura.com\/wp-content\/uploads\/Sibenik_Osmanen-Belagerung1-1024x737.png 1024w,https:\/\/forte-cultura.com\/wp-content\/uploads\/Sibenik_Osmanen-Belagerung1.png 1490w\" sizes=\"auto, 250px\"><\/a><\/div><\/div><\/noscript><\/div><script type=\"application\/json\" class=\"sgb-data\">{\"lastRowFill\":true,\"collectionThumbRecomendedHeight\":150,\"thumbSpacing\":8,\"captions\":false,\"collectionthumbRoundedCorners\":5,\"galleryType\":\"pgc_sgb_justified\",\"galleryId\":\"85090225\",\"images\":[{\"id\":4875,\"title\":\"Vincenzo_Coronelli,_S\",\"url\":\"https:\/\/forte-cultura.com\/wp-content\/uploads\/Vincenzo_Coronelli_S.png\",\"link\":\"https:\/\/forte-cultura.com\/sibenik-hr\/vincenzo_coronelli_s\/\",\"alt\":\"\",\"description\":\"\",\"caption\":\"\",\"mime\":\"image\/png\",\"type\":\"image\",\"width\":2000,\"height\":1515,\"sizes\":{\"thumbnail\":{\"height\":150,\"width\":150,\"url\":\"https:\/\/forte-cultura.com\/wp-content\/uploads\/Vincenzo_Coronelli_S-150x150.png\",\"orientation\":\"landscape\"},\"medium\":{\"height\":227,\"width\":300,\"url\":\"https:\/\/forte-cultura.com\/wp-content\/uploads\/Vincenzo_Coronelli_S-300x227.png\",\"orientation\":\"landscape\"},\"large\":{\"height\":776,\"width\":1024,\"url\":\"https:\/\/forte-cultura.com\/wp-content\/uploads\/Vincenzo_Coronelli_S-1024x776.png\",\"orientation\":\"landscape\"},\"full\":{\"url\":\"https:\/\/forte-cultura.com\/wp-content\/uploads\/Vincenzo_Coronelli_S.png\",\"height\":1515,\"width\":2000,\"orientation\":\"landscape\"}},\"imageMeta\":{\"aperture\":\"0\",\"credit\":\"\",\"camera\":\"\",\"caption\":\"\",\"created_timestamp\":\"0\",\"copyright\":\"\",\"focal_length\":\"0\",\"iso\":\"0\",\"shutter_speed\":\"0\",\"title\":\"\",\"orientation\":\"0\",\"keywords\":[]},\"meta\":false,\"postlink\":\"https:\/\/forte-cultura.com\/sibenik-hr\/vincenzo_coronelli_s\/\"},{\"id\":4876,\"title\":\"28_plan-sibenika-zavoreo-sv-ivan\",\"url\":\"https:\/\/forte-cultura.com\/wp-content\/uploads\/28_plan-sibenika-zavoreo-sv-ivan.jpg\",\"link\":\"https:\/\/forte-cultura.com\/sibenik-hr\/28_plan-sibenika-zavoreo-sv-ivan\/\",\"alt\":\"\",\"description\":\"\",\"caption\":\"\",\"mime\":\"image\/jpeg\",\"type\":\"image\",\"width\":749,\"height\":467,\"sizes\":{\"thumbnail\":{\"height\":150,\"width\":150,\"url\":\"https:\/\/forte-cultura.com\/wp-content\/uploads\/28_plan-sibenika-zavoreo-sv-ivan-150x150.jpg\",\"orientation\":\"landscape\"},\"medium\":{\"height\":187,\"width\":300,\"url\":\"https:\/\/forte-cultura.com\/wp-content\/uploads\/28_plan-sibenika-zavoreo-sv-ivan-300x187.jpg\",\"orientation\":\"landscape\"},\"full\":{\"url\":\"https:\/\/forte-cultura.com\/wp-content\/uploads\/28_plan-sibenika-zavoreo-sv-ivan.jpg\",\"height\":467,\"width\":749,\"orientation\":\"landscape\"}},\"imageMeta\":{\"aperture\":\"0\",\"credit\":\"\",\"camera\":\"\",\"caption\":\"\",\"created_timestamp\":\"0\",\"copyright\":\"(\",\"focal_length\":\"0\",\"iso\":\"0\",\"shutter_speed\":\"0\",\"title\":\"\",\"orientation\":\"1\",\"keywords\":[]},\"meta\":false,\"postlink\":\"https:\/\/forte-cultura.com\/sibenik-hr\/28_plan-sibenika-zavoreo-sv-ivan\/\"},{\"id\":4877,\"title\":\"Sibenik-1575_Braun_hogenberg1\",\"url\":\"https:\/\/forte-cultura.com\/wp-content\/uploads\/Sibenik-1575_Braun_hogenberg1.png\",\"link\":\"https:\/\/forte-cultura.com\/sibenik-hr\/sibenik-1575_braun_hogenberg1\/\",\"alt\":\"\",\"description\":\"\",\"caption\":\"\",\"mime\":\"image\/png\",\"type\":\"image\",\"width\":1356,\"height\":1000,\"sizes\":{\"thumbnail\":{\"height\":150,\"width\":150,\"url\":\"https:\/\/forte-cultura.com\/wp-content\/uploads\/Sibenik-1575_Braun_hogenberg1-150x150.png\",\"orientation\":\"landscape\"},\"medium\":{\"height\":221,\"width\":300,\"url\":\"https:\/\/forte-cultura.com\/wp-content\/uploads\/Sibenik-1575_Braun_hogenberg1-300x221.png\",\"orientation\":\"landscape\"},\"large\":{\"height\":755,\"width\":1024,\"url\":\"https:\/\/forte-cultura.com\/wp-content\/uploads\/Sibenik-1575_Braun_hogenberg1-1024x755.png\",\"orientation\":\"landscape\"},\"full\":{\"url\":\"https:\/\/forte-cultura.com\/wp-content\/uploads\/Sibenik-1575_Braun_hogenberg1.png\",\"height\":1000,\"width\":1356,\"orientation\":\"landscape\"}},\"imageMeta\":{\"aperture\":\"0\",\"credit\":\"\",\"camera\":\"\",\"caption\":\"\",\"created_timestamp\":\"0\",\"copyright\":\"\",\"focal_length\":\"0\",\"iso\":\"0\",\"shutter_speed\":\"0\",\"title\":\"\",\"orientation\":\"0\",\"keywords\":[]},\"meta\":false,\"postlink\":\"https:\/\/forte-cultura.com\/sibenik-hr\/sibenik-1575_braun_hogenberg1\/\"},{\"id\":4878,\"title\":\"Sibenik_Osmanen-Belagerung1\",\"url\":\"https:\/\/forte-cultura.com\/wp-content\/uploads\/Sibenik_Osmanen-Belagerung1.png\",\"link\":\"https:\/\/forte-cultura.com\/sibenik-hr\/sibenik_osmanen-belagerung1\/\",\"alt\":\"\",\"description\":\"\",\"caption\":\"\",\"mime\":\"image\/png\",\"type\":\"image\",\"width\":1490,\"height\":1072,\"sizes\":{\"thumbnail\":{\"height\":150,\"width\":150,\"url\":\"https:\/\/forte-cultura.com\/wp-content\/uploads\/Sibenik_Osmanen-Belagerung1-150x150.png\",\"orientation\":\"landscape\"},\"medium\":{\"height\":216,\"width\":300,\"url\":\"https:\/\/forte-cultura.com\/wp-content\/uploads\/Sibenik_Osmanen-Belagerung1-300x216.png\",\"orientation\":\"landscape\"},\"large\":{\"height\":737,\"width\":1024,\"url\":\"https:\/\/forte-cultura.com\/wp-content\/uploads\/Sibenik_Osmanen-Belagerung1-1024x737.png\",\"orientation\":\"landscape\"},\"full\":{\"url\":\"https:\/\/forte-cultura.com\/wp-content\/uploads\/Sibenik_Osmanen-Belagerung1.png\",\"height\":1072,\"width\":1490,\"orientation\":\"landscape\"}},\"imageMeta\":{\"aperture\":\"0\",\"credit\":\"\",\"camera\":\"\",\"caption\":\"\",\"created_timestamp\":\"0\",\"copyright\":\"\",\"focal_length\":\"0\",\"iso\":\"0\",\"shutter_speed\":\"0\",\"title\":\"\",\"orientation\":\"0\",\"keywords\":[]},\"meta\":false,\"postlink\":\"https:\/\/forte-cultura.com\/sibenik-hr\/sibenik_osmanen-belagerung1\/\"}],\"TrpContentRestriction\":{\"restriction_type\":\"exclude\",\"selected_languages\":[],\"panel_open\":true},\"itemsMetaDataCollection\":[]}<\/script><script>(function(){if(window.PGC_SGB && window.PGC_SGB.searcher){window.PGC_SGB.searcher.initBlocks()}})()<\/script><\/div><\/div><\/div><\/div>\n\n\n\n<div class=\"wp-block-kadence-pane kt-accordion-pane kt-accordion-pane-6 kt-pane1009_8b7a99-d0\"><div class=\"kt-accordion-header-wrap\"><button class=\"kt-blocks-accordion-header kt-acccordion-button-label-show\" type=\"button\"><span class=\"kt-blocks-accordion-title-wrap\"><span class=\"kt-blocks-accordion-title\">Naturerlebnis<\/span><\/span><span class=\"kt-blocks-accordion-icon-trigger\"><\/span><\/button><\/div><div class=\"kt-accordion-panel kt-accordion-panel-hidden\"><div class=\"kt-accordion-panel-inner\">\n<p style=\"font-size:clamp(0.875em, 0.875rem + ((1vw - 0.2em) * 0.042), 0.9em);\" class=\" eplus-wrapper\">Der Spaziergang entlang der Promenade im St. Antonius-Kanal ist ca. 4,4 km lang und in der nat\u00fcrlichen Harmonie des Naturschutzgebietes gestaltet. Der Spaziergang auf der gesamten Promenade dauert etwa zwei Stunden und ist ein gro\u00dfartiges Erlebnis, bei dem man von mehreren Stellen aus einen atemberaubenden Panoramablick auf \u0160ibenik und den Archipel von \u0160ibenik genie\u00dfen kann. Sie f\u00fchrt Sie auch auf eine Insel in unmittelbarer N\u00e4he der Festung St. Nikolaus. <\/p>\n\n\n\n<p style=\"font-size:clamp(0.875em, 0.875rem + ((1vw - 0.2em) * 0.042), 0.9em);\" class=\" eplus-wrapper\">\u0160ibenik ist auch Ausgangspunkt f\u00fcr verschiedene Bootstouren durch die Bucht, durch den St.-Antonius-Kanal in Richtung Meer, oft verbunden mit Schwimmen, Schnorcheln oder Tauchen. <\/p>\n\n\n\n<p style=\"font-size:clamp(0.875em, 0.875rem + ((1vw - 0.2em) * 0.042), 0.9em);\" class=\" eplus-wrapper\">Eine kurze Autofahrt von \u0160ibenik entfernt liegt der Nationalpark Krka, der f\u00fcr seine Wasserf\u00e4lle, Seen und \u00fcppige Vegetation bekannt ist. Der Fluss Krka entspringt bei Knin und m\u00fcndet nach nur 72 Kilometern in die Bucht von \u0160ibenik. Mit Wanderungen zu den ber\u00fchmten Wasserf\u00e4llen, Kanufahrten und vielem mehr steht Naturliebhabern ein breites Spektrum an Aktivit\u00e4ten zur Verf\u00fcgung. Weniger Abenteuerlustige k\u00f6nnen von Skradin aus eine Bootsfahrt unternehmen, um die atemberaubende Natur des Parks zu erkunden. <\/p>\n\n\n\n<p style=\"font-size:clamp(0.875em, 0.875rem + ((1vw - 0.2em) * 0.042), 0.9em);\" class=\" eplus-wrapper\">Von \u0160ibenik aus k\u00f6nnen Sie auch einen Ausflug zu den vorgelagerten Inseln oder in den Nationalpark Kornati unternehmen. Er besteht aus mehr als tausend Inseln, Inselchen und Riffen und ist damit die dichteste Inselgruppe im Mittelmeer.<br><a href=\"https:\/\/forte-cultura.com\/wp-content\/uploads\/Eisenbahnbruecke.jpg\"><\/a><\/p>\n\n\n<div class=\"pgc-sgb-cb wp-block-pgcsimplygalleryblock-justified \" data-gallery-id=\"35190226\"><div class=\"sgb-preloader\" id=\"pr_35190226\">\n\t<div class=\"sgb-square\" style=\"background:#d4d4d4\"><\/div>\n\t<div class=\"sgb-square\" style=\"background:#d4d4d4\"><\/div>\n\t<div class=\"sgb-square\" style=\"background:#d4d4d4\"><\/div>\n\t<div class=\"sgb-square\" style=\"background:#d4d4d4\"><\/div><\/div><div class=\"simply-gallery-amp pgc_sgb_slider \"><noscript><div class=\"sgb-gallery\"><div class=\"sgb-item\"><a href=\"https:\/\/forte-cultura.com\/sibenik-hr\/nature_21\/\" target=\"_blank\"><img decoding=\"async\" alt=\"\" width=\"284\" height=\"160\" loading=\"lazy\" src=\"https:\/\/forte-cultura.com\/wp-content\/uploads\/nature_21.jpeg\" srcset=\",https:\/\/forte-cultura.com\/wp-content\/uploads\/nature_21.jpeg 284w\" sizes=\"auto, 250px\"><\/a><\/div><div class=\"sgb-item\"><a href=\"https:\/\/forte-cultura.com\/sibenik-hr\/nature_41\/\" target=\"_blank\"><img decoding=\"async\" alt=\"\" width=\"275\" height=\"183\" loading=\"lazy\" src=\"https:\/\/forte-cultura.com\/wp-content\/uploads\/nature_41.jpeg\" srcset=\",https:\/\/forte-cultura.com\/wp-content\/uploads\/nature_41.jpeg 275w\" sizes=\"auto, 250px\"><\/a><\/div><div class=\"sgb-item\"><a href=\"https:\/\/forte-cultura.com\/sibenik-hr\/nature_11\/\" target=\"_blank\"><img decoding=\"async\" alt=\"\" width=\"300\" height=\"240\" loading=\"lazy\" src=\"https:\/\/forte-cultura.com\/wp-content\/uploads\/nature_11-300x240.jpg\" srcset=\"https:\/\/forte-cultura.com\/wp-content\/uploads\/nature_11-300x240.jpg 300w,https:\/\/forte-cultura.com\/wp-content\/uploads\/nature_11.jpg 500w\" sizes=\"auto, 250px\"><\/a><\/div><div class=\"sgb-item\"><a href=\"https:\/\/forte-cultura.com\/sibenik-hr\/nature_32\/\" target=\"_blank\"><img decoding=\"async\" alt=\"\" width=\"214\" height=\"160\" loading=\"lazy\" src=\"https:\/\/forte-cultura.com\/wp-content\/uploads\/nature_32.jpeg\" srcset=\",https:\/\/forte-cultura.com\/wp-content\/uploads\/nature_32.jpeg 214w\" sizes=\"auto, 250px\"><\/a><\/div><\/div><\/noscript><\/div><script type=\"application\/json\" class=\"sgb-data\">{\"lastRowFill\":true,\"collectionThumbRecomendedHeight\":150,\"thumbSpacing\":8,\"captions\":false,\"collectionthumbRoundedCorners\":5,\"galleryType\":\"pgc_sgb_justified\",\"galleryId\":\"35190226\",\"images\":[{\"id\":4883,\"title\":\"nature_21\",\"url\":\"https:\/\/forte-cultura.com\/wp-content\/uploads\/nature_21.jpeg\",\"link\":\"https:\/\/forte-cultura.com\/sibenik-hr\/nature_21\/\",\"alt\":\"\",\"description\":\"\",\"caption\":\"\",\"mime\":\"image\/jpeg\",\"type\":\"image\",\"width\":284,\"height\":160,\"sizes\":{\"thumbnail\":{\"height\":150,\"width\":150,\"url\":\"https:\/\/forte-cultura.com\/wp-content\/uploads\/nature_21-150x150.jpeg\",\"orientation\":\"landscape\"},\"full\":{\"url\":\"https:\/\/forte-cultura.com\/wp-content\/uploads\/nature_21.jpeg\",\"height\":160,\"width\":284,\"orientation\":\"landscape\"}},\"imageMeta\":{\"aperture\":\"0\",\"credit\":\"\",\"camera\":\"\",\"caption\":\"\",\"created_timestamp\":\"0\",\"copyright\":\"\",\"focal_length\":\"0\",\"iso\":\"0\",\"shutter_speed\":\"0\",\"title\":\"\",\"orientation\":\"0\",\"keywords\":[]},\"meta\":false,\"postlink\":\"https:\/\/forte-cultura.com\/sibenik-hr\/nature_21\/\"},{\"id\":4884,\"title\":\"nature_41\",\"url\":\"https:\/\/forte-cultura.com\/wp-content\/uploads\/nature_41.jpeg\",\"link\":\"https:\/\/forte-cultura.com\/sibenik-hr\/nature_41\/\",\"alt\":\"\",\"description\":\"\",\"caption\":\"\",\"mime\":\"image\/jpeg\",\"type\":\"image\",\"width\":275,\"height\":183,\"sizes\":{\"thumbnail\":{\"height\":150,\"width\":150,\"url\":\"https:\/\/forte-cultura.com\/wp-content\/uploads\/nature_41-150x150.jpeg\",\"orientation\":\"landscape\"},\"full\":{\"url\":\"https:\/\/forte-cultura.com\/wp-content\/uploads\/nature_41.jpeg\",\"height\":183,\"width\":275,\"orientation\":\"landscape\"}},\"imageMeta\":{\"aperture\":\"0\",\"credit\":\"\",\"camera\":\"\",\"caption\":\"\",\"created_timestamp\":\"0\",\"copyright\":\"\",\"focal_length\":\"0\",\"iso\":\"0\",\"shutter_speed\":\"0\",\"title\":\"\",\"orientation\":\"0\",\"keywords\":[]},\"meta\":false,\"postlink\":\"https:\/\/forte-cultura.com\/sibenik-hr\/nature_41\/\"},{\"id\":4885,\"title\":\"nature_11\",\"url\":\"https:\/\/forte-cultura.com\/wp-content\/uploads\/nature_11.jpg\",\"link\":\"https:\/\/forte-cultura.com\/sibenik-hr\/nature_11\/\",\"alt\":\"\",\"description\":\"\",\"caption\":\"\",\"mime\":\"image\/jpeg\",\"type\":\"image\",\"width\":500,\"height\":400,\"sizes\":{\"thumbnail\":{\"height\":150,\"width\":150,\"url\":\"https:\/\/forte-cultura.com\/wp-content\/uploads\/nature_11-150x150.jpg\",\"orientation\":\"landscape\"},\"medium\":{\"height\":240,\"width\":300,\"url\":\"https:\/\/forte-cultura.com\/wp-content\/uploads\/nature_11-300x240.jpg\",\"orientation\":\"landscape\"},\"full\":{\"url\":\"https:\/\/forte-cultura.com\/wp-content\/uploads\/nature_11.jpg\",\"height\":400,\"width\":500,\"orientation\":\"landscape\"}},\"imageMeta\":{\"aperture\":\"0\",\"credit\":\"\",\"camera\":\"\",\"caption\":\"\",\"created_timestamp\":\"0\",\"copyright\":\"\",\"focal_length\":\"0\",\"iso\":\"0\",\"shutter_speed\":\"0\",\"title\":\"\",\"orientation\":\"0\",\"keywords\":[]},\"meta\":false,\"postlink\":\"https:\/\/forte-cultura.com\/sibenik-hr\/nature_11\/\"},{\"id\":4886,\"title\":\"nature_32\",\"url\":\"https:\/\/forte-cultura.com\/wp-content\/uploads\/nature_32.jpeg\",\"link\":\"https:\/\/forte-cultura.com\/sibenik-hr\/nature_32\/\",\"alt\":\"\",\"description\":\"\",\"caption\":\"\",\"mime\":\"image\/jpeg\",\"type\":\"image\",\"width\":214,\"height\":160,\"sizes\":{\"thumbnail\":{\"height\":150,\"width\":150,\"url\":\"https:\/\/forte-cultura.com\/wp-content\/uploads\/nature_32-150x150.jpeg\",\"orientation\":\"landscape\"},\"full\":{\"url\":\"https:\/\/forte-cultura.com\/wp-content\/uploads\/nature_32.jpeg\",\"height\":160,\"width\":214,\"orientation\":\"landscape\"}},\"imageMeta\":{\"aperture\":\"0\",\"credit\":\"\",\"camera\":\"\",\"caption\":\"\",\"created_timestamp\":\"0\",\"copyright\":\"\",\"focal_length\":\"0\",\"iso\":\"0\",\"shutter_speed\":\"0\",\"title\":\"\",\"orientation\":\"0\",\"keywords\":[]},\"meta\":false,\"postlink\":\"https:\/\/forte-cultura.com\/sibenik-hr\/nature_32\/\"}],\"TrpContentRestriction\":{\"restriction_type\":\"exclude\",\"selected_languages\":[],\"panel_open\":true},\"itemsMetaDataCollection\":[]}<\/script><script>(function(){if(window.PGC_SGB && window.PGC_SGB.searcher){window.PGC_SGB.searcher.initBlocks()}})()<\/script><\/div><\/div><\/div><\/div>\n<\/div><\/div><\/div>\n<\/div>\n<\/div>\n\n\n<hr class=\" wp-block-separator alignwide has-text-color has-accent-2-color has-alpha-channel-opacity has-accent-2-background-color has-background eplus-wrapper\" style=\"margin-top:var(--wp--preset--spacing--30);margin-bottom:var(--wp--preset--spacing--30)\"\/>\n\n\n\n<h2 class=\" wp-block-heading alignwide eplus-wrapper\">Events in der Kulturfestung \u0160ibenik<\/h2>\n\n\n<div class=\"wp-block-columns alignwide eplus-wrapper is-layout-flex wp-container-core-columns-is-layout-28f84493 wp-block-columns-is-layout-flex eplus-styles-uid-5f7f98\">\n<div class=\"wp-block-column eplus-wrapper is-layout-flow wp-block-column-is-layout-flow\">\n<p class=\" eplus-wrapper\">Jedes Jahr finden unz\u00e4hlige Veranstaltungen und Konzerte in den Festungen von \u0160ibenik statt. St\u00f6bern Sie durch den Eventkalender von <a href=\"https:\/\/www.tvrdjava-kulture.hr\/en\/events\/2026\/\" target=\"_blank\" rel=\"noreferrer noopener\">Kulturfestung \u0160ibenik<\/a>.<\/p>\n\n\n\n<h4 class=\" wp-block-heading eplus-wrapper\">Night of Fortresses<\/h4>\n\n\n\n<p class=\" eplus-wrapper\"><em>Ein Wochende &#8211; Festungsevents in ganz Europa.<\/em><\/p>\n<\/div>\n<\/div>\n\n<div class=\"wp-block-columns alignwide eplus-wrapper is-layout-flex wp-container-core-columns-is-layout-28f84493 wp-block-columns-is-layout-flex eplus-styles-uid-7099f0\">\n<div class=\"wp-block-column eplus-wrapper is-layout-flow wp-block-column-is-layout-flow\" style=\"flex-basis:100%\"><figure class=\" wp-block-image size-large is-resized eplus-wrapper eplus-styles-uid-7a77bb\"><img loading=\"lazy\" decoding=\"async\" width=\"1024\" height=\"373\" src=\"https:\/\/forte-cultura.com\/wp-content\/uploads\/Bez-loga-02-1024x373.png\" alt=\"\" class=\"wp-image-4889\" style=\"width:1279px;height:auto\" srcset=\"https:\/\/forte-cultura.com\/wp-content\/uploads\/Bez-loga-02-1024x373.png 1024w, https:\/\/forte-cultura.com\/wp-content\/uploads\/Bez-loga-02-300x109.png 300w, https:\/\/forte-cultura.com\/wp-content\/uploads\/Bez-loga-02-768x280.png 768w, https:\/\/forte-cultura.com\/wp-content\/uploads\/Bez-loga-02-1536x560.png 1536w, https:\/\/forte-cultura.com\/wp-content\/uploads\/Bez-loga-02-18x7.png 18w, https:\/\/forte-cultura.com\/wp-content\/uploads\/Bez-loga-02.png 1920w\" sizes=\"auto, (max-width: 1024px) 100vw, 1024px\" \/><\/figure>\n\n\n<p style=\"font-size:clamp(0.875rem, 0.875rem + ((1vw - 0.2rem) * 0.042), 0.9rem);\" class=\" eplus-wrapper\">Die kulturtouristische Veranstaltung, die an etablierten Denkm\u00e4lern des Kulturerbes (Festungen, Forts, Schl\u00f6sser\u2026) stattfindet, wurde 2022 zum ersten Mal auf dem Gebiet von Kroatien, Montenegro und Bosnien und Herzegowina als Ergebnis des gemeinsamen europ\u00e4ischen Projekts FORTITUDE durchgef\u00fchrt.<\/p>\n\n\n\n<p style=\"font-size:clamp(0.875rem, 0.875rem + ((1vw - 0.2rem) * 0.042), 0.9rem);\" class=\" eplus-wrapper\">In den vergangenen zwei Jahren hat die Veranstaltung das Programm an mehr als 45 Festungsstandorten in 6 L\u00e4ndern bekannt gemacht und verbunden: Kroatien, Bosnien und Herzegowina, Montenegro, die Tschechische Republik, Rum\u00e4nien und Serbien. Night of Fortresses ist Bestandteil des <a href=\"https:\/\/forte-cultura.com\/events\/\" data-type=\"page\" data-id=\"255\">Europ\u00e4ischen Festungssommers<\/a>. <\/p>\n<\/div>\n<\/div>\n\n\n<hr class=\" wp-block-separator alignwide has-text-color has-accent-2-color has-alpha-channel-opacity has-accent-2-background-color has-background eplus-wrapper\" style=\"margin-top:var(--wp--preset--spacing--30);margin-bottom:var(--wp--preset--spacing--30)\"\/>\n\n\n<div id=\"travelersmap-container-69f73200cdbcf\" class=\"travelersmap-container\" style=\"z-index: 1; min-height: 10px; min-width:10px; height:400px;width:100%; max-width:1280px; max-height:; position:relative;\"><div style=\"position:absolute; z-index:-1;top: 50%;text-align: center;display: block;left: 50%;transform: translate(-50%,-50%);\">Travelers' Map is loading...<br>If you see this after your page is loaded completely, leafletJS files are missing.<\/div><\/div>\n\n\n\n<hr class=\" wp-block-separator alignwide has-text-color has-accent-2-color has-alpha-channel-opacity has-accent-2-background-color has-background eplus-wrapper\" style=\"margin-top:var(--wp--preset--spacing--30);margin-bottom:var(--wp--preset--spacing--30)\"\/>\n\n\n\n<div class=\"wp-block-group alignwide has-border-color has-custom-farbe-1-border-color has-custom-verlauf-1-gradient-background has-text-color has-background eplus-wrapper is-layout-flow wp-block-group-is-layout-flow\" style=\"border-width:1px;border-radius:10px;color:#000000\"><div class=\"wp-block-columns eplus-wrapper is-layout-flex wp-container-core-columns-is-layout-8dc82782 wp-block-columns-is-layout-flex eplus-styles-uid-1147f3\" style=\"margin-top:var(--wp--preset--spacing--10);margin-bottom:var(--wp--preset--spacing--10);padding-top:0;padding-bottom:0\">\n<div class=\"wp-block-column is-vertically-aligned-center eplus-wrapper is-layout-flow wp-block-column-is-layout-flow\" style=\"padding-top:var(--wp--preset--spacing--10);padding-right:var(--wp--preset--spacing--10);padding-bottom:var(--wp--preset--spacing--10);padding-left:var(--wp--preset--spacing--10);flex-basis:13%\"><figure class=\"is-style-default wp-block-image aligncenter size-full is-resized eplus-wrapper eplus-styles-uid-f8fbcd\"><img loading=\"lazy\" decoding=\"async\" width=\"525\" height=\"483\" src=\"https:\/\/forte-cultura.com\/wp-content\/uploads\/Info-icon.png\" alt=\"\" class=\"wp-image-2170\" style=\"width:68px;height:auto\" srcset=\"https:\/\/forte-cultura.com\/wp-content\/uploads\/Info-icon.png 525w, https:\/\/forte-cultura.com\/wp-content\/uploads\/Info-icon-300x276.png 300w, https:\/\/forte-cultura.com\/wp-content\/uploads\/Info-icon-13x12.png 13w, https:\/\/forte-cultura.com\/wp-content\/uploads\/Info-icon-200x184.png 200w\" sizes=\"auto, (max-width: 525px) 100vw, 525px\" \/><\/figure>\n\n\n<p class=\"has-text-align-center has-custom-farbe-1-color has-text-color has-link-color has-small-font-size eplus-wrapper wp-elements-14f2591c68e93f193b85a89ecf169326\" style=\"margin-top:0;margin-bottom:0;line-height:1.3\"><strong>Informationen f\u00fcr Reiseveranstalter<\/strong><\/p>\n<\/div>\n\n\n<div class=\"wp-block-column is-vertically-aligned-top eplus-wrapper is-layout-flow wp-container-core-column-is-layout-ad1dd0fc wp-block-column-is-layout-flow eplus-styles-uid-4307e0\" style=\"padding-right:var(--wp--preset--spacing--10);padding-left:var(--wp--preset--spacing--10);flex-basis:28%\">\n<p class=\" has-text-align-left has-small-font-size eplus-wrapper\" style=\"margin-top:0;margin-bottom:0;line-height:1.2\"><strong>Kontakt:<\/strong><\/p>\n\n\n<p class=\" has-small-font-size eplus-wrapper eplus-styles-uid-4de634\" style=\"margin-top:6px;margin-bottom:0;line-height:1.2\">Public Institution Fortress of Culture \u0160ibenik <br>Vodi\u010dka 4, 22000 \u0160ibenik, Croatia<br>Tel: +385 (0)91 497 5547<br>Mail: info@tvrdjava-kulture.hr <br>Web: <a href=\"http:\/\/www.tvrdjava-kulture.hr\" target=\"_blank\" rel=\"noreferrer noopener\">www.tvrdjava-kulture.hr<\/a><\/p>\n\n\n<p class=\" has-small-font-size eplus-wrapper\" style=\"padding-top:var(--wp--preset--spacing--10);padding-bottom:var(--wp--preset--spacing--10)\"><a href=\"https:\/\/forte-cultura.com\/wp-content\/uploads\/marketing\/Catalogue\/EN\/FoCu%20Katalog_EN_20240117_Sibenik.pdf\" target=\"_blank\" rel=\"noreferrer noopener\">Kulturfestung \u0160ibenik kompakt (pdf)<\/a><\/p>\n<\/div>\n\n<div class=\"wp-block-column is-vertically-aligned-top eplus-wrapper is-layout-flow wp-block-column-is-layout-flow eplus-styles-uid-4307e0\" style=\"padding-right:var(--wp--preset--spacing--10);padding-left:var(--wp--preset--spacing--10);flex-basis:20%\">\n<p class=\" has-text-align-left has-small-font-size eplus-wrapper\" style=\"margin-top:0;margin-bottom:0;line-height:1.2\"><strong>\u00d6ffnungszeiten:<\/strong><\/p>\n\n\n<p class=\" has-small-font-size eplus-wrapper eplus-styles-uid-4de634\" style=\"margin-top:6px;margin-bottom:0;line-height:1.2\">Sommer: <br>Montag-Sonntag 09.00 &#8211; 16.00<\/p>\n\n<p class=\" has-small-font-size eplus-wrapper eplus-styles-uid-4de634\" style=\"margin-top:6px;margin-bottom:0;line-height:1.2\">Winter: <br>Montag-Sonntag 09.00 &#8211; 21.00<\/p>\n\n\n<ul class=\"wp-block-social-links eplus-wrapper is-layout-flex wp-block-social-links-is-layout-flex\"><li class=\"wp-social-link wp-social-link-facebook  wp-block-social-link\"><a href=\"https:\/\/www.facebook.com\/tvrdjavasvmihovila\/\" class=\"wp-block-social-link-anchor\" target=\"_blank\" rel=\"noopener\"><svg width=\"24\" height=\"24\" viewbox=\"0 0 24 24\" version=\"1.1\" xmlns=\"http:\/\/www.w3.org\/2000\/svg\" aria-hidden=\"true\" focusable=\"false\"><path d=\"M12 2C6.5 2 2 6.5 2 12c0 5 3.7 9.1 8.4 9.9v-7H7.9V12h2.5V9.8c0-2.5 1.5-3.9 3.8-3.9 1.1 0 2.2.2 2.2.2v2.5h-1.3c-1.2 0-1.6.8-1.6 1.6V12h2.8l-.4 2.9h-2.3v7C18.3 21.1 22 17 22 12c0-5.5-4.5-10-10-10z\"><\/path><\/svg><span class=\"wp-block-social-link-label screen-reader-text\">Facebook<\/span><\/a><\/li>\n\n<li class=\"wp-social-link wp-social-link-instagram  wp-block-social-link\"><a href=\"https:\/\/www.instagram.com\/fortress_of_culture\/\" class=\"wp-block-social-link-anchor\" target=\"_blank\" rel=\"noopener\"><svg width=\"24\" height=\"24\" viewbox=\"0 0 24 24\" version=\"1.1\" xmlns=\"http:\/\/www.w3.org\/2000\/svg\" aria-hidden=\"true\" focusable=\"false\"><path d=\"M12,4.622c2.403,0,2.688,0.009,3.637,0.052c0.877,0.04,1.354,0.187,1.671,0.31c0.42,0.163,0.72,0.358,1.035,0.673 c0.315,0.315,0.51,0.615,0.673,1.035c0.123,0.317,0.27,0.794,0.31,1.671c0.043,0.949,0.052,1.234,0.052,3.637 s-0.009,2.688-0.052,3.637c-0.04,0.877-0.187,1.354-0.31,1.671c-0.163,0.42-0.358,0.72-0.673,1.035 c-0.315,0.315-0.615,0.51-1.035,0.673c-0.317,0.123-0.794,0.27-1.671,0.31c-0.949,0.043-1.233,0.052-3.637,0.052 s-2.688-0.009-3.637-0.052c-0.877-0.04-1.354-0.187-1.671-0.31c-0.42-0.163-0.72-0.358-1.035-0.673 c-0.315-0.315-0.51-0.615-0.673-1.035c-0.123-0.317-0.27-0.794-0.31-1.671C4.631,14.688,4.622,14.403,4.622,12 s0.009-2.688,0.052-3.637c0.04-0.877,0.187-1.354,0.31-1.671c0.163-0.42,0.358-0.72,0.673-1.035 c0.315-0.315,0.615-0.51,1.035-0.673c0.317-0.123,0.794-0.27,1.671-0.31C9.312,4.631,9.597,4.622,12,4.622 M12,3 C9.556,3,9.249,3.01,8.289,3.054C7.331,3.098,6.677,3.25,6.105,3.472C5.513,3.702,5.011,4.01,4.511,4.511 c-0.5,0.5-0.808,1.002-1.038,1.594C3.25,6.677,3.098,7.331,3.054,8.289C3.01,9.249,3,9.556,3,12c0,2.444,0.01,2.751,0.054,3.711 c0.044,0.958,0.196,1.612,0.418,2.185c0.23,0.592,0.538,1.094,1.038,1.594c0.5,0.5,1.002,0.808,1.594,1.038 c0.572,0.222,1.227,0.375,2.185,0.418C9.249,20.99,9.556,21,12,21s2.751-0.01,3.711-0.054c0.958-0.044,1.612-0.196,2.185-0.418 c0.592-0.23,1.094-0.538,1.594-1.038c0.5-0.5,0.808-1.002,1.038-1.594c0.222-0.572,0.375-1.227,0.418-2.185 C20.99,14.751,21,14.444,21,12s-0.01-2.751-0.054-3.711c-0.044-0.958-0.196-1.612-0.418-2.185c-0.23-0.592-0.538-1.094-1.038-1.594 c-0.5-0.5-1.002-0.808-1.594-1.038c-0.572-0.222-1.227-0.375-2.185-0.418C14.751,3.01,14.444,3,12,3L12,3z M12,7.378 c-2.552,0-4.622,2.069-4.622,4.622S9.448,16.622,12,16.622s4.622-2.069,4.622-4.622S14.552,7.378,12,7.378z M12,15 c-1.657,0-3-1.343-3-3s1.343-3,3-3s3,1.343,3,3S13.657,15,12,15z M16.804,6.116c-0.596,0-1.08,0.484-1.08,1.08 s0.484,1.08,1.08,1.08c0.596,0,1.08-0.484,1.08-1.08S17.401,6.116,16.804,6.116z\"><\/path><\/svg><span class=\"wp-block-social-link-label screen-reader-text\">Instagram<\/span><\/a><\/li>\n\n<li class=\"wp-social-link wp-social-link-youtube  wp-block-social-link\"><a href=\"https:\/\/www.youtube.com\/channel\/UCP7LdBE_vaSNoo55-tGpIHw\" class=\"wp-block-social-link-anchor\" target=\"_blank\" rel=\"noopener\"><svg width=\"24\" height=\"24\" viewbox=\"0 0 24 24\" version=\"1.1\" xmlns=\"http:\/\/www.w3.org\/2000\/svg\" aria-hidden=\"true\" focusable=\"false\"><path d=\"M21.8,8.001c0,0-0.195-1.378-0.795-1.985c-0.76-0.797-1.613-0.801-2.004-0.847c-2.799-0.202-6.997-0.202-6.997-0.202 h-0.009c0,0-4.198,0-6.997,0.202C4.608,5.216,3.756,5.22,2.995,6.016C2.395,6.623,2.2,8.001,2.2,8.001S2,9.62,2,11.238v1.517 c0,1.618,0.2,3.237,0.2,3.237s0.195,1.378,0.795,1.985c0.761,0.797,1.76,0.771,2.205,0.855c1.6,0.153,6.8,0.201,6.8,0.201 s4.203-0.006,7.001-0.209c0.391-0.047,1.243-0.051,2.004-0.847c0.6-0.607,0.795-1.985,0.795-1.985s0.2-1.618,0.2-3.237v-1.517 C22,9.62,21.8,8.001,21.8,8.001z M9.935,14.594l-0.001-5.62l5.404,2.82L9.935,14.594z\"><\/path><\/svg><span class=\"wp-block-social-link-label screen-reader-text\">YouTube<\/span><\/a><\/li>\n\n<li class=\"wp-social-link wp-social-link-linkedin  wp-block-social-link\"><a href=\"https:\/\/www.linkedin.com\/company\/fortress-of-culture-%C5%A1ibenik\" class=\"wp-block-social-link-anchor\" target=\"_blank\" rel=\"noopener\"><svg width=\"24\" height=\"24\" viewbox=\"0 0 24 24\" version=\"1.1\" xmlns=\"http:\/\/www.w3.org\/2000\/svg\" aria-hidden=\"true\" focusable=\"false\"><path d=\"M19.7,3H4.3C3.582,3,3,3.582,3,4.3v15.4C3,20.418,3.582,21,4.3,21h15.4c0.718,0,1.3-0.582,1.3-1.3V4.3 C21,3.582,20.418,3,19.7,3z M8.339,18.338H5.667v-8.59h2.672V18.338z M7.004,8.574c-0.857,0-1.549-0.694-1.549-1.548 c0-0.855,0.691-1.548,1.549-1.548c0.854,0,1.547,0.694,1.547,1.548C8.551,7.881,7.858,8.574,7.004,8.574z M18.339,18.338h-2.669 v-4.177c0-0.996-0.017-2.278-1.387-2.278c-1.389,0-1.601,1.086-1.601,2.206v4.249h-2.667v-8.59h2.559v1.174h0.037 c0.356-0.675,1.227-1.387,2.526-1.387c2.703,0,3.203,1.779,3.203,4.092V18.338z\"><\/path><\/svg><span class=\"wp-block-social-link-label screen-reader-text\">LinkedIn<\/span><\/a><\/li><\/ul>\n<\/div>\n\n<div class=\"wp-block-column is-vertically-aligned-top eplus-wrapper is-layout-flow wp-block-column-is-layout-flow eplus-styles-uid-4307e0\" style=\"padding-right:var(--wp--preset--spacing--10);padding-left:var(--wp--preset--spacing--10);flex-basis:37%\">\n<p class=\" has-text-align-left has-small-font-size eplus-wrapper\" style=\"margin-top:0;margin-bottom:0;line-height:1.2\"><strong>Hinweise:<\/strong><\/p>\n\n\n<ul style=\"margin-top:6px;margin-bottom:6px;line-height:1.2\" class=\" wp-block-list has-small-font-size eplus-wrapper eplus-styles-uid-bd3f55\"><li class=\" eplus-wrapper eplus-styles-uid-4de634\">Freier Eintritt: Mitglieder von Berufsverb\u00e4nden (ICOM), Kinder unter 7 Jahren<\/li>\n\n<li class=\" eplus-wrapper eplus-styles-uid-4de634\">*Das Kombiticket f\u00fcr die 3 Festungen sowie das Ticket f\u00fcr die Festung Barone &amp; St. John kann einmalig innerhalb von 7 Tagen ab Kaufdatum verwendet werden.<\/li>\n\n<li class=\" eplus-wrapper eplus-styles-uid-4de634\">AR-Ger\u00e4t und Audioguide sind kostenlos zu benutzen.<\/li>\n\n<li class=\" eplus-wrapper eplus-styles-uid-4de634\">Die Familienkarte gilt f\u00fcr Eltern\/ Erziehungsberechtigte und ihre Kinder unter 18 Jahren.<\/li>\n\n<li class=\" eplus-wrapper eplus-styles-uid-4de634\">Eine Besucherversicherung ist inbegriffen.<\/li><\/ul><\/div><\/div><\/div>\n\n\n\n<hr class=\" wp-block-separator alignwide has-text-color has-accent-2-color has-alpha-channel-opacity has-accent-2-background-color has-background eplus-wrapper\" style=\"margin-top:var(--wp--preset--spacing--30);margin-bottom:var(--wp--preset--spacing--30)\"\/>\n","protected":false},"excerpt":{"rendered":"<p>Twierdza \u0160ibenik, fascynuj\u0105cy system twierdz nad Morzem Adriatyckim<\/p>","protected":false},"author":1,"featured_media":1011,"comment_status":"open","ping_status":"open","sticky":false,"template":"","format":"standard","meta":{"editor_plus_copied_stylings":"{}","pgc_sgb_lightbox_settings":"","_price":"","_stock":"","_tribe_ticket_header":"","_tribe_default_ticket_provider":"","_tribe_ticket_capacity":"0","_ticket_start_date":"","_ticket_end_date":"","_tribe_ticket_show_description":"","_tribe_ticket_show_not_going":false,"_tribe_ticket_use_global_stock":"","_tribe_ticket_global_stock_level":"","_global_stock_mode":"","_global_stock_cap":"","_tribe_rsvp_for_event":"","_tribe_ticket_going_count":"","_tribe_ticket_not_going_count":"","_tribe_tickets_list":"[]","_tribe_ticket_has_attendee_info_fields":false,"_EventAllDay":false,"_EventTimezone":"","_EventStartDate":"","_EventEndDate":"","_EventStartDateUTC":"","_EventEndDateUTC":"","_EventShowMap":false,"_EventShowMapLink":false,"_EventURL":"","_EventCost":"","_EventCostDescription":"","_EventCurrencySymbol":"","_EventCurrencyCode":"","_EventCurrencyPosition":"","_EventDateTimeSeparator":"","_EventTimeRangeSeparator":"","_EventOrganizerID":[],"_EventVenueID":[],"_OrganizerEmail":"","_OrganizerPhone":"","_OrganizerWebsite":"","_VenueAddress":"","_VenueCity":"","_VenueCountry":"","_VenueProvince":"","_VenueState":"","_VenueZip":"","_VenuePhone":"","_VenueURL":"","_VenueStateProvince":"","_VenueLat":"","_VenueLng":"","_VenueShowMap":false,"_VenueShowMapLink":false,"footnotes":""},"categories":[19,22,38,33],"tags":[81,82,471],"class_list":["post-1009","post","type-post","status-publish","format-standard","has-post-thumbnail","hentry","category-stationen","category-festungserbe","category-festungssystem","category-kroatien","tag-adria","tag-events","tag-konzert"],"_links":{"self":[{"href":"https:\/\/forte-cultura.com\/pl\/wp-json\/wp\/v2\/posts\/1009","targetHints":{"allow":["GET"]}}],"collection":[{"href":"https:\/\/forte-cultura.com\/pl\/wp-json\/wp\/v2\/posts"}],"about":[{"href":"https:\/\/forte-cultura.com\/pl\/wp-json\/wp\/v2\/types\/post"}],"author":[{"embeddable":true,"href":"https:\/\/forte-cultura.com\/pl\/wp-json\/wp\/v2\/users\/1"}],"replies":[{"embeddable":true,"href":"https:\/\/forte-cultura.com\/pl\/wp-json\/wp\/v2\/comments?post=1009"}],"version-history":[{"count":0,"href":"https:\/\/forte-cultura.com\/pl\/wp-json\/wp\/v2\/posts\/1009\/revisions"}],"wp:featuredmedia":[{"embeddable":true,"href":"https:\/\/forte-cultura.com\/pl\/wp-json\/wp\/v2\/media\/1011"}],"wp:attachment":[{"href":"https:\/\/forte-cultura.com\/pl\/wp-json\/wp\/v2\/media?parent=1009"}],"wp:term":[{"taxonomy":"category","embeddable":true,"href":"https:\/\/forte-cultura.com\/pl\/wp-json\/wp\/v2\/categories?post=1009"},{"taxonomy":"post_tag","embeddable":true,"href":"https:\/\/forte-cultura.com\/pl\/wp-json\/wp\/v2\/tags?post=1009"}],"curies":[{"name":"wp","href":"https:\/\/api.w.org\/{rel}","templated":true}]}}