{"id":701,"date":"2023-11-24T16:45:39","date_gmt":"2023-11-24T15:45:39","guid":{"rendered":"https:\/\/forte-cultura.com\/?p=701"},"modified":"2025-11-08T09:01:58","modified_gmt":"2025-11-08T08:01:58","slug":"josefov-cz","status":"publish","type":"post","link":"https:\/\/forte-cultura.com\/it\/josefov-cz\/","title":{"rendered":"Josefov (CZ)"},"content":{"rendered":"<div class=\"wp-block-columns alignwide eplus-wrapper is-layout-flex wp-container-core-columns-is-layout-28f84493 wp-block-columns-is-layout-flex eplus-styles-uid-ab5feb\">\n<div class=\"wp-block-column eplus-wrapper is-layout-flow wp-block-column-is-layout-flow\" style=\"flex-basis:100%\"><div class=\"wp-block-columns eplus-wrapper is-layout-flex wp-container-core-columns-is-layout-28f84493 wp-block-columns-is-layout-flex eplus-styles-uid-97ecd6\">\n<div class=\"wp-block-column eplus-wrapper is-layout-flow wp-block-column-is-layout-flow\" style=\"flex-basis:80%\"><p class=\"eplus-wrapper eplus-styles-uid-e7c803\"><em>Stazione FORTE CULTURA: Citt\u00e0 ideale fortificata Josefov (CZ)<\/em><\/p>\n\n\n<h2 class=\"wp-block-heading alignwide has-large-font-size eplus-wrapper\"><strong>La perla delle fortificazioni della monarchia del KuK<\/strong><\/h2>\n\n\n\n<h3 class=\"is-style-default wp-block-heading alignwide eplus-wrapper\" style=\"margin-top:var(--wp--preset--spacing--10);margin-bottom:var(--wp--preset--spacing--10);font-size:clamp(1.092rem, 1.092rem + ((1vw - 0.2rem) * 1.013), 1.7rem);\"><em>Citt\u00e0 pianificata militarmente come baluardo contro la Prussia in Boemia<\/em><\/h3>\n\n\n\n<p class=\"eplus-wrapper translation-block\">La Fortezza Josefstadt fu costruita come <a href=\"https:\/\/forte-cultura.com\/kulturerbe-festungsmonumente\/geschichte-des-festungsbaus\/festungsbau-vom-15-19-jahrhundert\/befestigte-idealstadt\/\" data-type=\"page\" data-id=\"2018\" target=\"_self\">citt\u00e0 ideale fortificata<\/a> tra il 1780 e il 1787 sotto l'imperatore Giuseppe II. Lo scopo principale della fortezza di 289 ettari era quello di proteggere il confine settentrionale dell'Impero austriaco contro il Regno di Prussia. In gran parte risparmiata dalle ostilit\u00e0, l'affascinante architettura militare della citt\u00e0-fortezza ideale si \u00e8 conservata fino ad oggi.<\/p>\n\n\n\n<p class=\"eplus-wrapper\">Scoprite le infinite gallerie sotterranee, visitate gli interessanti musei o seguite il richiamo della natura nella riserva ornitologica. Innumerevoli rievocazioni fanno rivivere ogni anno la storia di Josefov o utilizzano l'attraente scenario per festival musicali ed eventi all'aperto.<\/p>\n<\/div>\n\n\n\n<div class=\"wp-block-column eplus-wrapper is-layout-flow wp-block-column-is-layout-flow\" style=\"flex-basis:20%\"><figure class=\"wp-block-image alignright size-medium eplus-wrapper eplus-styles-uid-7a77bb\"><img loading=\"lazy\" decoding=\"async\" width=\"145\" height=\"300\" src=\"https:\/\/forte-cultura.com\/wp-content\/uploads\/FoCu-Flyer-Boehmen_DE_coverweb-145x300.jpg\" alt=\"\" class=\"wp-image-2765\" srcset=\"https:\/\/forte-cultura.com\/wp-content\/uploads\/FoCu-Flyer-Boehmen_DE_coverweb-145x300.jpg 145w, https:\/\/forte-cultura.com\/wp-content\/uploads\/FoCu-Flyer-Boehmen_DE_coverweb-6x12.jpg 6w, https:\/\/forte-cultura.com\/wp-content\/uploads\/FoCu-Flyer-Boehmen_DE_coverweb-200x415.jpg 200w, https:\/\/forte-cultura.com\/wp-content\/uploads\/FoCu-Flyer-Boehmen_DE_coverweb.jpg 386w\" sizes=\"auto, (max-width: 145px) 100vw, 145px\" \/><figcaption class=\"wp-element-caption\"><a href=\"https:\/\/forte-cultura.com\/wp-content\/uploads\/FoCu-Flyer-Boehmen_EN2023_web.pdf\">Volantino informativo di FORTE CULTURA sul patrimonio delle fortezze della Boemia<\/a><\/figcaption><\/figure><\/div>\n<\/div>\n\n\n<h3 class=\"wp-block-heading has-large-font-size eplus-wrapper\" style=\"margin-top:var(--wp--preset--spacing--20)\">Offerte di esperienza a Josefov<\/h3>\n\n\n<ul class=\"wp-block-list eplus-wrapper eplus-styles-uid-9e8f5d\"><li style=\"margin-top:var(--wp--preset--spacing--10);margin-bottom:var(--wp--preset--spacing--10);line-height:1.5\" class=\"eplus-wrapper eplus-styles-uid-1ceed8 translation-block\"><strong>Fortificazioni ben conservate: <\/strong>Scopri gli impressionanti bastioni, i rivellini e le ridotte che circondano la citt\u00e0. Il sistema di contromine della fortezza, lungo 40 chilometri, \u00e8 unico e probabilmente il pi\u00f9 grande d'Europa. <a href=\"https:\/\/forte-cultura.com\/kulturerbe-festungsmonumente\/geschichte-des-festungsbaus\/festungsbau-vom-15-19-jahrhundert\/befestigte-idealstadt\/\" data-type=\"page\" data-id=\"2018\" target=\"_self\">La citt\u00e0 fortificata ideale = perla dell'architettura delle fortezze<\/a>.<\/li>\n\n<li style=\"margin-top:var(--wp--preset--spacing--10);margin-bottom:var(--wp--preset--spacing--10);line-height:1.5\" class=\"eplus-wrapper eplus-styles-uid-1ceed8 translation-block\"><strong>Emozionanti visite guidate a tema:<\/strong> Immergetevi nella storia della fortezza e scoprite di pi\u00f9 sulla monarchia austriaca (KuK) e sulla storia regionale.<\/li>\n\n<li style=\"margin-top:var(--wp--preset--spacing--10);margin-bottom:var(--wp--preset--spacing--10);line-height:1.5\" class=\"eplus-wrapper eplus-styles-uid-1ceed8 translation-block\"><strong>Musei e mostre:<\/strong> Visitate tre emozionanti musei, tra cui il modello della citt\u00e0 ideale fortificata Josefov Bastion IV e le casematte di artiglieria ristrutturate di Ravelin XIV. Potrete anche assistere a eventi culturali e rievocazioni.<\/li>\n\n<li style=\"margin-top:var(--wp--preset--spacing--10);margin-bottom:var(--wp--preset--spacing--10);line-height:1.5\" class=\"eplus-wrapper eplus-styles-uid-1ceed8 translation-block\"><strong>Offerte attive:<\/strong> Escursioni a piedi, in bicicletta e in acqua - l'area circostante offre numerose opportunit\u00e0 per vivere la natura lungo l'Elba.<\/li>\n\n<li style=\"margin-top:var(--wp--preset--spacing--10);margin-bottom:var(--wp--preset--spacing--10);line-height:1.5\" class=\"eplus-wrapper eplus-styles-uid-1ceed8 translation-block\"><strong>Ambiente unico: <\/strong>L'atmosfera particolare della citt\u00e0 attira anche registi e festival musicali come \"Brutal Assault\".<\/li><\/ul>\n\n\n<h3 class=\"wp-block-heading eplus-wrapper\" style=\"margin-top:var(--wp--preset--spacing--30)\">Informazioni utili per la vostra visita a Josefov<\/h3>\n\n\n\n<p class=\"eplus-wrapper translation-block\">Come citt\u00e0 fortificata ideale, Josefov \u00e8 un monumento esteso che offre diverse attrazioni turistiche raggiungibili a piedi. Un parcheggio per circa 50 veicoli si trova in Rud\u00e9 arm\u00e1dy 109. Il centro turistico e il punto di partenza delle visite guidate si trovano in <strong>Okru\u017en\u00ed 34<\/strong>, a circa 150 m dal parcheggio. Ci sono anche rastrelliere per biciclette nel cortile interno del Bastione I o nei depositi per biciclette. Le temperature nelle aree sotterranee scendono fino a circa 10\u00b0C. Si consiglia di portare con s\u00e9 indumenti caldi per le visite.<\/p>\n\n\n\n<p class=\"eplus-wrapper\"><strong><a href=\"http:\/\/smart-guide.org\/de\/travelers\/\" target=\"_blank\" rel=\"noreferrer noopener\">SMARTGUIDE<\/a><\/strong>Scoprite la citt\u00e0-fortezza ideale di Josefov con un'audioguida sul vostro cellulare. Sono disponibili diverse versioni linguistiche.<\/p>\n\n\n\n<p class=\"eplus-wrapper\"><strong>Accessibilit\u00e0 per le persone con disabilit\u00e0:<\/strong> <\/p>\n\n\n\n<p class=\"eplus-wrapper\">\u00c8 possibile accedere senza barriere alla mostra storica permanente della citt\u00e0 di Jarom\u011b\u0159 (testo disponibile in inglese, polacco e tedesco), al Museo di Storia Militare o alla Forgia della Fortezza (testo disponibile in inglese\/polacco). Sono disponibili servizi igienici accessibili, la cui chiave pu\u00f2 essere richiesta alla biglietteria. Il tour sotterraneo non \u00e8 purtroppo accessibile alle persone in sedia a rotelle e ai passeggini.<\/p>\n\n\n\n<p class=\"eplus-wrapper translation-block\"><strong>Biglietti combinati \/ offerte speciali:<\/strong> <strong>FORTPASS - biglietto combinato<\/strong> - valido per le visite alle fortezze <a href=\"https:\/\/forte-cultura.com\/terezin-cz\/\" data-type=\"post\" data-id=\"1035\" target=\"_self\">Theresienstadt<\/a>, Josefov, <a href=\"https:\/\/forte-cultura.com\/prag-cz\/\" data-type=\"post\" data-id=\"947\" target=\"_self\">Vy\u0161ehrad <\/a>e Museo Hradec Kr\u00e1lov\u00e9.<\/p>\n\n\n\n<p class=\"eplus-wrapper\">Ampia gamma di visite guidate per viaggiatori individuali, famiglie e gruppi. Informazioni e prenotazioni tramite <a href=\"http:\/\/www.pevnostjosefov.cz\" target=\"_blank\" rel=\"noreferrer noopener\">www.pevnostjosefov.cz<\/a>.<\/p>\n<\/div>\n<\/div>\n\n\n<hr class=\"wp-block-separator alignwide has-text-color has-accent-2-color has-alpha-channel-opacity has-accent-2-background-color has-background eplus-wrapper\" style=\"margin-top:var(--wp--preset--spacing--30);margin-bottom:var(--wp--preset--spacing--30)\"\/>\n\n\n\n<h2 class=\"wp-block-heading alignwide eplus-wrapper\">Eventi nella citt\u00e0-fortezza ideale di Josefov<\/h2>\n\n\n<div class=\"wp-block-columns alignwide eplus-wrapper is-layout-flex wp-container-core-columns-is-layout-28f84493 wp-block-columns-is-layout-flex eplus-styles-uid-1071ce\">\n<div class=\"wp-block-column eplus-wrapper is-layout-flow wp-block-column-is-layout-flow\" style=\"flex-basis:100%\">\n<p class=\"eplus-wrapper\"><a href=\"https:\/\/www.pevnostjosefov.cz\/udalosti\/\" target=\"_blank\" rel=\"noreferrer noopener\">Eventi attuali a Josefov<\/a><\/p>\n<\/div>\n<\/div>\n\n\n<hr class=\"wp-block-separator alignwide has-text-color has-accent-2-color has-alpha-channel-opacity has-accent-2-background-color has-background eplus-wrapper\" style=\"margin-top:var(--wp--preset--spacing--30);margin-bottom:var(--wp--preset--spacing--30)\"\/>\n\n\n\n<div class=\"wp-block-group alignwide has-custom-verlauf-1-gradient-background has-background eplus-wrapper has-global-padding is-layout-constrained wp-container-core-group-is-layout-2bcd15f1 wp-block-group-is-layout-constrained\" style=\"border-radius:5px;margin-top:0;margin-bottom:0;padding-top:var(--wp--preset--spacing--30);padding-right:var(--wp--preset--spacing--40);padding-bottom:var(--wp--preset--spacing--30);padding-left:var(--wp--preset--spacing--40)\"><div class=\"wp-block-columns alignwide are-vertically-aligned-center eplus-wrapper is-layout-flex wp-container-core-columns-is-layout-47c06fe3 wp-block-columns-is-layout-flex eplus-styles-uid-f37e09\">\n<div class=\"wp-block-column is-vertically-aligned-center eplus-wrapper is-layout-flow wp-block-column-is-layout-flow\" style=\"flex-basis:44%\">\n<h2 class=\"wp-block-heading eplus-wrapper translation-block\">Banda culturale monumenti fortezza<br>sull'Elba<\/h2>\n\n\n\n<p class=\"is-style-checkmark-list eplus-wrapper\">Dalla sorgente nei Monti dei Giganti cechi alla foce nel Mare del Nord, vicino a Cuxhaven, il fiume Elba collega 1091 chilometri di magnifici paesaggi culturali.<\/p>\n\n\n\n<p class=\"eplus-wrapper translation-block\">Conquistate le <strong>forti culturali dell'Elba<\/strong> e scoprite la regione da una nuova prospettiva.<\/p>\n\n\n\n<div class=\"wp-block-buttons eplus-wrapper is-layout-flex wp-block-buttons-is-layout-flex\"><div class=\"is-style-outline wp-block-button eplus-wrapper is-style-outline--1 eplus-styles-uid-65c680\"><a class=\"wp-block-button__link wp-element-button\" href=\"https:\/\/forte-cultura.com\/kulturerbe-elbe-festungen-de-cz\/\">Per saperne di pi\u00f9<\/a><\/div><\/div>\n<\/div>\n\n\n\n<div class=\"wp-block-column is-vertically-aligned-center eplus-wrapper is-layout-flow wp-container-core-column-is-layout-43dc041e wp-block-column-is-layout-flow\" style=\"padding-top:0;padding-right:0;padding-bottom:0;padding-left:0;flex-basis:56%\">\n<figure class=\"is-style-rounded wp-block-image aligncenter size-full has-custom-border eplus-wrapper is-style-rounded--2\"><img loading=\"lazy\" decoding=\"async\" width=\"1500\" height=\"1043\" src=\"https:\/\/forte-cultura.com\/wp-content\/uploads\/BASISKARTE_Elbe_2021419_web.jpg\" alt=\"\" class=\"wp-image-471\" style=\"border-radius:15px;object-fit:cover\" srcset=\"https:\/\/forte-cultura.com\/wp-content\/uploads\/BASISKARTE_Elbe_2021419_web.jpg 1500w, https:\/\/forte-cultura.com\/wp-content\/uploads\/BASISKARTE_Elbe_2021419_web-300x209.jpg 300w, https:\/\/forte-cultura.com\/wp-content\/uploads\/BASISKARTE_Elbe_2021419_web-1024x712.jpg 1024w, https:\/\/forte-cultura.com\/wp-content\/uploads\/BASISKARTE_Elbe_2021419_web-768x534.jpg 768w, https:\/\/forte-cultura.com\/wp-content\/uploads\/BASISKARTE_Elbe_2021419_web-200x139.jpg 200w\" sizes=\"auto, (max-width: 1500px) 100vw, 1500px\" \/><\/figure>\n<\/div>\n<\/div><\/div>\n\n\n\n<hr class=\"wp-block-separator alignwide has-text-color has-accent-2-color has-alpha-channel-opacity has-accent-2-background-color has-background eplus-wrapper\" style=\"margin-top:var(--wp--preset--spacing--30);margin-bottom:var(--wp--preset--spacing--30)\"\/>\n\n\n<div class=\"wp-block-columns alignwide eplus-wrapper is-layout-flex wp-container-core-columns-is-layout-28f84493 wp-block-columns-is-layout-flex eplus-styles-uid-2502a4\">\n<div class=\"wp-block-column eplus-wrapper is-layout-flow wp-block-column-is-layout-flow\">\n<div class=\"eplus-wrapper wp-block-group alignwide has-custom-verlauf-1-gradient-background has-background has-global-padding is-layout-constrained wp-container-core-group-is-layout-2bcd15f1 wp-block-group-is-layout-constrained\" style=\"border-radius:5px;margin-top:0;margin-bottom:0;padding-top:var(--wp--preset--spacing--30);padding-right:var(--wp--preset--spacing--40);padding-bottom:var(--wp--preset--spacing--30);padding-left:var(--wp--preset--spacing--40)\"><div class=\"eplus-wrapper wp-block-columns alignwide are-vertically-aligned-center is-layout-flex wp-container-core-columns-is-layout-47c06fe3 wp-block-columns-is-layout-flex eplus-styles-uid-2a2d93\">\n<div class=\"eplus-wrapper wp-block-column is-vertically-aligned-center is-layout-flow wp-container-core-column-is-layout-43dc041e wp-block-column-is-layout-flow\" style=\"padding-top:0;padding-right:0;padding-bottom:0;padding-left:0;flex-basis:44%\">\n<figure class=\"eplus-wrapper wp-block-image size-full has-custom-border\"><img loading=\"lazy\" decoding=\"async\" width=\"844\" height=\"448\" src=\"https:\/\/forte-cultura.com\/wp-content\/uploads\/title-boehmen.jpg\" alt=\"\" class=\"wp-image-4208\" style=\"border-radius:15px\" srcset=\"https:\/\/forte-cultura.com\/wp-content\/uploads\/title-boehmen.jpg 844w, https:\/\/forte-cultura.com\/wp-content\/uploads\/title-boehmen-300x159.jpg 300w, https:\/\/forte-cultura.com\/wp-content\/uploads\/title-boehmen-768x408.jpg 768w, https:\/\/forte-cultura.com\/wp-content\/uploads\/title-boehmen-18x10.jpg 18w\" sizes=\"auto, (max-width: 844px) 100vw, 844px\" \/><\/figure>\n<\/div>\n\n\n\n<div class=\"eplus-wrapper wp-block-column is-vertically-aligned-center is-layout-flow wp-block-column-is-layout-flow\" style=\"flex-basis:56%\">\n<h2 class=\"eplus-wrapper wp-block-heading\">Fortezze imperiali della Boemia (CZ)<\/h2>\n\n\n\n<p class=\"eplus-wrapper\">Le fortezze imperiali in Boemia (CZ) sono grandi citt\u00e0 fortificate, alcune delle quali costruite dagli imperatori asburgici nel XVII e XVIII secolo. Scoprite le pi\u00f9 grandi fortezze d'Europa del periodo d'oro della costruzione di fortezze moderne.<\/p>\n\n\n\n<div class=\"eplus-wrapper wp-block-buttons is-layout-flex wp-block-buttons-is-layout-flex\"><div class=\"is-style-outline eplus-wrapper wp-block-button is-style-outline--3 eplus-styles-uid-c3dc20\"><a class=\"wp-block-button__link wp-element-button\" href=\"https:\/\/forte-cultura.com\/kaiserliche-festungen-in-boehmen-cz\/\">Per saperne di pi\u00f9<\/a><\/div><\/div>\n<\/div>\n<\/div><\/div>\n<\/div>\n<\/div>\n\n\n<hr class=\"wp-block-separator alignwide has-text-color has-accent-2-color has-alpha-channel-opacity has-accent-2-background-color has-background eplus-wrapper\" style=\"margin-top:var(--wp--preset--spacing--30);margin-bottom:var(--wp--preset--spacing--30)\"\/>\n\n\n<div id=\"travelersmap-container-69f776b1b0f34\" class=\"travelersmap-container\" style=\"z-index: 1; min-height: 10px; min-width:10px; height:400px;width:100%; max-width:1280px; max-height:; position:relative;\"><div style=\"position:absolute; z-index:-1;top: 50%;text-align: center;display: block;left: 50%;transform: translate(-50%,-50%);\">La mappa dei viaggiatori sta caricando...<br>Se si vede questo messaggio dopo che la pagina \u00e8 stata caricata completamente, i file leafletJS sono mancanti.<\/div><\/div>\n\n\n\n<hr class=\"wp-block-separator alignwide has-text-color has-accent-2-color has-alpha-channel-opacity has-accent-2-background-color has-background eplus-wrapper\" style=\"margin-top:var(--wp--preset--spacing--30);margin-bottom:var(--wp--preset--spacing--30)\"\/>","protected":false},"excerpt":{"rendered":"<p>Citt\u00e0 ideale fortificata: perla della costruzione di fortezze della monarchia del KuK<\/p>","protected":false},"author":1,"featured_media":216,"comment_status":"open","ping_status":"open","sticky":false,"template":"","format":"standard","meta":{"editor_plus_copied_stylings":"{}","pgc_sgb_lightbox_settings":"","_price":"","_stock":"","_tribe_ticket_header":"","_tribe_default_ticket_provider":"","_tribe_ticket_capacity":"0","_ticket_start_date":"","_ticket_end_date":"","_tribe_ticket_show_description":"","_tribe_ticket_show_not_going":false,"_tribe_ticket_use_global_stock":"","_tribe_ticket_global_stock_level":"","_global_stock_mode":"","_global_stock_cap":"","_tribe_rsvp_for_event":"","_tribe_ticket_going_count":"","_tribe_ticket_not_going_count":"","_tribe_tickets_list":"[]","_tribe_ticket_has_attendee_info_fields":false,"_EventAllDay":false,"_EventTimezone":"","_EventStartDate":"","_EventEndDate":"","_EventStartDateUTC":"","_EventEndDateUTC":"","_EventShowMap":false,"_EventShowMapLink":false,"_EventURL":"","_EventCost":"","_EventCostDescription":"","_EventCurrencySymbol":"","_EventCurrencyCode":"","_EventCurrencyPosition":"","_EventDateTimeSeparator":"","_EventTimeRangeSeparator":"","_EventOrganizerID":[],"_EventVenueID":[],"_OrganizerEmail":"","_OrganizerPhone":"","_OrganizerWebsite":"","_VenueAddress":"","_VenueCity":"","_VenueCountry":"","_VenueProvince":"","_VenueState":"","_VenueZip":"","_VenuePhone":"","_VenueURL":"","_VenueStateProvince":"","_VenueLat":"","_VenueLng":"","_VenueShowMap":false,"_VenueShowMapLink":false,"footnotes":""},"categories":[24,39,22,19,452,74],"tags":[54,42,455,456,471,55,463],"class_list":["post-701","post","type-post","status-publish","format-standard","has-post-thumbnail","hentry","category-befestigte-idealstadt","category-elbe-festungen","category-festungserbe","category-stationen","category-kaiserliche-festungen-boehmen","category-tschechische-republik","tag-boehmen","tag-elbe","tag-josefov","tag-josefstadt","tag-konzert","tag-kuk-monarchie","tag-museum"],"_links":{"self":[{"href":"https:\/\/forte-cultura.com\/it\/wp-json\/wp\/v2\/posts\/701","targetHints":{"allow":["GET"]}}],"collection":[{"href":"https:\/\/forte-cultura.com\/it\/wp-json\/wp\/v2\/posts"}],"about":[{"href":"https:\/\/forte-cultura.com\/it\/wp-json\/wp\/v2\/types\/post"}],"author":[{"embeddable":true,"href":"https:\/\/forte-cultura.com\/it\/wp-json\/wp\/v2\/users\/1"}],"replies":[{"embeddable":true,"href":"https:\/\/forte-cultura.com\/it\/wp-json\/wp\/v2\/comments?post=701"}],"version-history":[{"count":0,"href":"https:\/\/forte-cultura.com\/it\/wp-json\/wp\/v2\/posts\/701\/revisions"}],"wp:featuredmedia":[{"embeddable":true,"href":"https:\/\/forte-cultura.com\/it\/wp-json\/wp\/v2\/media\/216"}],"wp:attachment":[{"href":"https:\/\/forte-cultura.com\/it\/wp-json\/wp\/v2\/media?parent=701"}],"wp:term":[{"taxonomy":"category","embeddable":true,"href":"https:\/\/forte-cultura.com\/it\/wp-json\/wp\/v2\/categories?post=701"},{"taxonomy":"post_tag","embeddable":true,"href":"https:\/\/forte-cultura.com\/it\/wp-json\/wp\/v2\/tags?post=701"}],"curies":[{"name":"wp","href":"https:\/\/api.w.org\/{rel}","templated":true}]}}