{"id":2888,"date":"2024-10-18T11:02:52","date_gmt":"2024-10-18T09:02:52","guid":{"rendered":"https:\/\/forte-cultura.com\/?p=2888"},"modified":"2024-10-18T11:04:54","modified_gmt":"2024-10-18T09:04:54","slug":"franzensfeste-it","status":"publish","type":"post","link":"https:\/\/forte-cultura.com\/it\/franzensfeste-it\/","title":{"rendered":"Fortezza (IT)"},"content":{"rendered":"<div class=\"wp-block-columns alignwide eplus-wrapper is-layout-flex wp-container-core-columns-is-layout-28f84493 wp-block-columns-is-layout-flex eplus-styles-uid-721551\">\n<div class=\"wp-block-column eplus-wrapper is-layout-flow wp-block-column-is-layout-flow\" style=\"flex-basis:100%\"><p class=\"eplus-wrapper eplus-styles-uid-e7c803\"><em>Stazione di FORTE CULTURA: Fortezza Franzensfeste (IT)<\/em> - Foto \u00a9D.R\u00f6der<\/p>\n\n\n<h2 class=\"wp-block-heading alignwide has-large-font-size eplus-wrapper\"><strong>Franzensfeste - un capolavoro dell'architettura austriaca delle fortezze<\/strong><\/h2>\n\n\n\n<h3 class=\"is-style-default wp-block-heading alignwide eplus-wrapper\" style=\"margin-top:var(--wp--preset--spacing--10);margin-bottom:var(--wp--preset--spacing--10);font-size:clamp(1.092rem, 1.092rem + ((1vw - 0.2rem) * 1.013), 1.7rem);\"><em>Baluardo sul Brennero <\/em><\/h3>\n\n\n\n<p class=\"eplus-wrapper\">La fortezza di Franzensfeste sorveglia il Passo del Brennero sul versante italiano dal 1838. Con i suoi 65.000 metri quadrati di superficie edificabile, \u00e8 il pi\u00f9 grande complesso storico dell'Alto Adige. Questo capolavoro dell'architettura austriaca si estende su pi\u00f9 piani con un labirinto di stanze, corridoi, cortili e scale. Progettato originariamente come una diga impenetrabile, fortunatamente non fu mai teatro di guerra e venne utilizzato solo come deposito di armi e polvere da sparo.<\/p>\n\n\n\n<p class=\"eplus-wrapper\">Oggi, passato e presente si fondono in un dialogo vivace, mentre l'arte contemporanea anima i locali storici. Numerose mostre, eventi e visite guidate trasmettono storia, arte e cultura. Immersa nel paesaggio alpino, la visita a Franzensfeste \u00e8 un'esperienza indimenticabile.<\/p>\n<\/div>\n<\/div>\n\n\n<hr class=\"wp-block-separator alignwide has-text-color has-accent-2-color has-alpha-channel-opacity has-accent-2-background-color has-background eplus-wrapper\" style=\"margin-top:var(--wp--preset--spacing--30);margin-bottom:var(--wp--preset--spacing--30)\"\/>\n\n\n\n<div class=\"wp-block-group alignwide has-border-color has-custom-farbe-1-border-color has-custom-verlauf-1-gradient-background has-text-color has-background eplus-wrapper is-layout-flow wp-block-group-is-layout-flow\" style=\"border-width:1px;border-radius:10px;color:#000000\">\n<div style=\"height:12px\" aria-hidden=\"true\" class=\"wp-block-spacer eplus-wrapper\"><\/div>\n\n\n\n<figure class=\"wp-block-image aligncenter size-full is-resized eplus-wrapper\"><img decoding=\"async\" src=\"https:\/\/forte-cultura.com\/wp-content\/uploads\/portrait-icon_EN-2.png\" alt=\"\" class=\"wp-image-817\" style=\"width:115px;height:auto\"\/><\/figure>\n\n\n\n<p class=\"has-text-align-center has-small-font-size eplus-wrapper\" style=\"line-height:.9\"><strong>FORTE CULTURA Ritratto di fortezza<\/strong><\/p>\n\n\n\n<p class=\"has-text-align-center has-heading-font-family has-x-large-font-size eplus-wrapper\"><strong>Conoscere il Franzensfeste.<\/strong><\/p>\n\n\n\n<div class=\"wp-block-buttons eplus-wrapper is-horizontal is-content-justification-center is-layout-flex wp-container-core-buttons-is-layout-03627597 wp-block-buttons-is-layout-flex\"><div class=\"is-style-fill  wp-block-button has-custom-width wp-block-button__width-75 has-custom-font-size eplus-wrapper eplus-styles-uid-1a7e8f\" style=\"font-size:clamp(0.875rem, 0.875rem + ((1vw - 0.2rem) * 0.625), 1.25rem);\"><a class=\"wp-block-button__link has-background wp-element-button\" style=\"border-radius:30px;background-color:#000000;padding-top:var(--wp--preset--spacing--20);padding-right:var(--wp--preset--spacing--20);padding-bottom:var(--wp--preset--spacing--20);padding-left:var(--wp--preset--spacing--20)\">Prossimamente<\/a><\/div><\/div>\n\n\n\n<div style=\"height:12px\" aria-hidden=\"true\" class=\"wp-block-spacer eplus-wrapper\"><\/div>\n<\/div>\n\n\n\n<hr class=\"wp-block-separator alignwide has-text-color has-accent-2-color has-alpha-channel-opacity has-accent-2-background-color has-background eplus-wrapper\" style=\"margin-top:var(--wp--preset--spacing--30);margin-bottom:var(--wp--preset--spacing--30)\"\/>\n\n\n\n<h2 class=\"wp-block-heading alignwide eplus-wrapper\">Eventi nella Franzensfeste<\/h2>\n\n\n<div class=\"wp-block-columns alignwide eplus-wrapper is-layout-flex wp-container-core-columns-is-layout-28f84493 wp-block-columns-is-layout-flex eplus-styles-uid-35eecd\">\n<div class=\"wp-block-column eplus-wrapper is-layout-flow wp-block-column-is-layout-flow\" style=\"flex-basis:100%\">\n<p class=\"eplus-wrapper\"><a href=\"https:\/\/www.franzensfeste.info\/veranstaltungen\/\" target=\"_blank\" rel=\"noreferrer noopener\">Calendario degli eventi <\/a>della Franzensfeste.<\/p>\n<\/div>\n<\/div>\n\n\n<hr class=\"wp-block-separator alignwide has-text-color has-accent-2-color has-alpha-channel-opacity has-accent-2-background-color has-background eplus-wrapper\" style=\"margin-top:var(--wp--preset--spacing--30);margin-bottom:var(--wp--preset--spacing--30)\"\/>\n\n\n<div id=\"travelersmap-container-69f39c5aa5fd4\" class=\"travelersmap-container\" style=\"z-index: 1; min-height: 10px; min-width:10px; height:400px;width:100%; max-width:1280px; max-height:; position:relative;\"><div style=\"position:absolute; z-index:-1;top: 50%;text-align: center;display: block;left: 50%;transform: translate(-50%,-50%);\">La mappa dei viaggiatori sta caricando...<br>Se si vede questo messaggio dopo che la pagina \u00e8 stata caricata completamente, i file leafletJS sono mancanti.<\/div><\/div>\n\n\n\n<hr class=\"wp-block-separator alignwide has-text-color has-accent-2-color has-alpha-channel-opacity has-accent-2-background-color has-background eplus-wrapper\" style=\"margin-top:var(--wp--preset--spacing--30);margin-bottom:var(--wp--preset--spacing--30)\"\/>","protected":false},"excerpt":{"rendered":"<p>Baluardo sul Brennero - un capolavoro dell'architettura austriaca delle fortezze<\/p>","protected":false},"author":1,"featured_media":2887,"comment_status":"open","ping_status":"open","sticky":false,"template":"","format":"standard","meta":{"editor_plus_copied_stylings":"{}","pgc_sgb_lightbox_settings":"","_price":"","_stock":"","_tribe_ticket_header":"","_tribe_default_ticket_provider":"","_tribe_ticket_capacity":"0","_ticket_start_date":"","_ticket_end_date":"","_tribe_ticket_show_description":"","_tribe_ticket_show_not_going":false,"_tribe_ticket_use_global_stock":"","_tribe_ticket_global_stock_level":"","_global_stock_mode":"","_global_stock_cap":"","_tribe_rsvp_for_event":"","_tribe_ticket_going_count":"","_tribe_ticket_not_going_count":"","_tribe_tickets_list":"[]","_tribe_ticket_has_attendee_info_fields":false,"_EventAllDay":false,"_EventTimezone":"","_EventStartDate":"","_EventEndDate":"","_EventStartDateUTC":"","_EventEndDateUTC":"","_EventShowMap":false,"_EventShowMapLink":false,"_EventURL":"","_EventCost":"","_EventCostDescription":"","_EventCurrencySymbol":"","_EventCurrencyCode":"","_EventCurrencyPosition":"","_EventDateTimeSeparator":"","_EventTimeRangeSeparator":"","_EventOrganizerID":[],"_EventVenueID":[],"_OrganizerEmail":"","_OrganizerPhone":"","_OrganizerWebsite":"","_VenueAddress":"","_VenueCity":"","_VenueCountry":"","_VenueProvince":"","_VenueState":"","_VenueZip":"","_VenuePhone":"","_VenueURL":"","_VenueStateProvince":"","_VenueLat":"","_VenueLng":"","_VenueShowMap":false,"_VenueShowMapLink":false,"footnotes":""},"categories":[25,22,19,94],"tags":[77,463],"class_list":["post-2888","post","type-post","status-publish","format-standard","has-post-thumbnail","hentry","category-festung","category-festungserbe","category-stationen","category-italien","tag-bergfestung","tag-museum"],"_links":{"self":[{"href":"https:\/\/forte-cultura.com\/it\/wp-json\/wp\/v2\/posts\/2888","targetHints":{"allow":["GET"]}}],"collection":[{"href":"https:\/\/forte-cultura.com\/it\/wp-json\/wp\/v2\/posts"}],"about":[{"href":"https:\/\/forte-cultura.com\/it\/wp-json\/wp\/v2\/types\/post"}],"author":[{"embeddable":true,"href":"https:\/\/forte-cultura.com\/it\/wp-json\/wp\/v2\/users\/1"}],"replies":[{"embeddable":true,"href":"https:\/\/forte-cultura.com\/it\/wp-json\/wp\/v2\/comments?post=2888"}],"version-history":[{"count":0,"href":"https:\/\/forte-cultura.com\/it\/wp-json\/wp\/v2\/posts\/2888\/revisions"}],"wp:featuredmedia":[{"embeddable":true,"href":"https:\/\/forte-cultura.com\/it\/wp-json\/wp\/v2\/media\/2887"}],"wp:attachment":[{"href":"https:\/\/forte-cultura.com\/it\/wp-json\/wp\/v2\/media?parent=2888"}],"wp:term":[{"taxonomy":"category","embeddable":true,"href":"https:\/\/forte-cultura.com\/it\/wp-json\/wp\/v2\/categories?post=2888"},{"taxonomy":"post_tag","embeddable":true,"href":"https:\/\/forte-cultura.com\/it\/wp-json\/wp\/v2\/tags?post=2888"}],"curies":[{"name":"wp","href":"https:\/\/api.w.org\/{rel}","templated":true}]}}