{"id":2644,"date":"2024-02-29T15:19:11","date_gmt":"2024-02-29T14:19:11","guid":{"rendered":"https:\/\/forte-cultura.com\/?p=2644"},"modified":"2025-01-02T17:16:38","modified_gmt":"2025-01-02T16:16:38","slug":"castelli-fortezze-e-storia-in-alsazia-fr","status":"publish","type":"post","link":"https:\/\/forte-cultura.com\/it\/burgen-festungen-und-geschichte-im-elsass-fr\/","title":{"rendered":"Castelli, fortezze e storia in Alsazia (FR)"},"content":{"rendered":"<div class=\"wp-block-columns alignwide eplus-wrapper is-layout-flex wp-container-core-columns-is-layout-28f84493 wp-block-columns-is-layout-flex eplus-styles-uid-ba0fb4\">\n<div class=\"wp-block-column eplus-wrapper is-layout-flow wp-block-column-is-layout-flow\" style=\"flex-basis:100%\">\n<p class=\"has-text-align-right eplus-wrapper\" style=\"font-size:0.7em\">Foto: \u00a9Lez Broz, Visit-Alsace<\/p>\n\n\n<p class=\"eplus-wrapper eplus-styles-uid-e7c803\"><em>Gruppo fortezza FORTE CULTURA: monumenti fortificati in Alsazia (FR)<\/em><\/p>\n\n\n<h2 class=\"wp-block-heading alignwide has-custom-farbe-1-color has-text-color has-link-color has-large-font-size eplus-wrapper wp-elements-c2a7aff16cfcfeed7c78de3d9313bdce\"><strong>Alsazia, terra di castelli<\/strong><\/h2>\n\n\n\n<p class=\"eplus-wrapper\">Un tempo situata nel cuore del Sacro Romano Impero della nazione tedesca, l'Alsazia \u00e8 stata la culla di diverse dinastie imperiali, tra cui quella degli Hohenstaufen e degli Asburgo.<\/p>\n\n\n\n<p class=\"eplus-wrapper\">Per proteggere le loro ricchezze in questa terra, contesa fin dall'antichit\u00e0, nel Medioevo costruirono molti castelli. Oggi rimangono quasi 80 castelli e rovine di castelli, soprattutto ai piedi dei Vosgi.<\/p>\n\n\n\n<p class=\"eplus-wrapper\">Queste imponenti e fragili fortezze, visibili da lontano, sorgono in mezzo ai boschi e accanto ai vigneti. Il loro aspetto ricorda spesso quello dei loro vicini e cugini in Lorena, Germania e Svizzera.<\/p>\n\n\n\n<p class=\"eplus-wrapper\">Per preservare e valorizzare queste testimonianze di un passato glorioso, i siti alsaziani, le autorit\u00e0 locali e i volontari collaborano con i loro partner dell'Alto Reno.<\/p>\n\n\n\n<p class=\"eplus-wrapper\">Scoprite i magici castelli dei Vosgi con FORTE CULTURA e i nostri partner in Alsazia.<\/p>\n\n\n\n<div class=\"wp-block-kadence-spacer aligncenter kt-block-spacer-2644_7f2278-84\"><div class=\"kt-block-spacer kt-block-spacer-halign-center\"><\/div><\/div>\n\n\n\n<figure class=\"wp-embed-aspect-16-9 wp-has-aspect-ratio wp-block-embed is-type-video is-provider-youtube wp-block-embed-youtube eplus-wrapper\"><div class=\"wp-block-embed__wrapper\">\n<iframe loading=\"lazy\" title=\"Il sentiero dei castelli fortificati dell&#039;Alsazia\" width=\"500\" height=\"281\" src=\"https:\/\/www.youtube.com\/embed\/7A85-amB6pQ?feature=oembed\" frameborder=\"0\" allow=\"accelerometer; autoplay; clipboard-write; encrypted-media; gyroscope; picture-in-picture; web-share\" referrerpolicy=\"strict-origin-when-cross-origin\" allowfullscreen><\/iframe>\n<\/div><\/figure>\n\n\n\n<div class=\"wp-block-kadence-spacer aligncenter kt-block-spacer-2644_88df6d-ab\"><div class=\"kt-block-spacer kt-block-spacer-halign-center\"><\/div><\/div>\n<\/div>\n<\/div>\n\n\n<p class=\"eplus-wrapper\"><\/p>\n\n\n\n<div class=\"wp-block-group alignwide eplus-wrapper has-custom-verlauf-1-gradient-background has-background has-global-padding is-layout-constrained wp-container-core-group-is-layout-2bcd15f1 wp-block-group-is-layout-constrained\" style=\"border-radius:5px;margin-top:0;margin-bottom:0;padding-top:var(--wp--preset--spacing--30);padding-right:var(--wp--preset--spacing--40);padding-bottom:var(--wp--preset--spacing--30);padding-left:var(--wp--preset--spacing--40)\">\n<div class=\"wp-block-columns alignwide are-vertically-aligned-center eplus-wrapper is-layout-flex wp-container-core-columns-is-layout-47c06fe3 wp-block-columns-is-layout-flex\">\n<div class=\"wp-block-column is-vertically-aligned-center eplus-wrapper is-layout-flow wp-container-core-column-is-layout-43dc041e wp-block-column-is-layout-flow\" style=\"padding-top:0;padding-right:0;padding-bottom:0;padding-left:0;flex-basis:44%\">\n<figure class=\"wp-block-image size-full has-custom-border eplus-wrapper\"><img loading=\"lazy\" decoding=\"async\" width=\"537\" height=\"396\" src=\"https:\/\/forte-cultura.com\/wp-content\/uploads\/Elsassroute.jpg\" alt=\"\" class=\"wp-image-3259\" style=\"border-radius:15px\" srcset=\"https:\/\/forte-cultura.com\/wp-content\/uploads\/Elsassroute.jpg 537w, https:\/\/forte-cultura.com\/wp-content\/uploads\/Elsassroute-300x221.jpg 300w, https:\/\/forte-cultura.com\/wp-content\/uploads\/Elsassroute-16x12.jpg 16w\" sizes=\"auto, (max-width: 537px) 100vw, 537px\" \/><\/figure>\n<\/div>\n\n\n\n<div class=\"wp-block-column is-vertically-aligned-center eplus-wrapper is-layout-flow wp-block-column-is-layout-flow\" style=\"flex-basis:56%\">\n<h2 class=\"wp-block-heading eplus-wrapper\">Itinerario dei castelli e delle citt\u00e0 fortificate in Alsazia<\/h2>\n\n\n\n<p class=\"eplus-wrapper\">L'itinerario dei castelli e delle citt\u00e0 fortificate in Alsazia comprende pi\u00f9 di 50 siti. Scoprite le rovine di castelli selvaggiamente romantici, citt\u00e0 storiche affascinanti e panorami meravigliosi. Incontrate le persone che ogni giorno danno vita a questo patrimonio culturale. Immergetevi nella storia dell'Alsazia e lasciatevi trasportare dalla magia di questi luoghi ricchi di storia.<\/p>\n\n\n\n<div class=\"wp-block-buttons eplus-wrapper is-layout-flex wp-block-buttons-is-layout-flex\">\n<div class=\"wp-block-button is-style-outline eplus-wrapper is-style-outline--1\"><a class=\"wp-block-button__link wp-element-button\" href=\"https:\/\/forte-cultura.com\/route-der-burgen-und-befestigten-staedte-im-elsass\/\">Per saperne di pi\u00f9<\/a><\/div>\n<\/div>\n<\/div>\n<\/div>\n<\/div>\n\n\n\n<p class=\"eplus-wrapper\"><\/p>\n\n\n\n<p class=\"eplus-wrapper\"><strong>Ulteriori informazioni<\/strong>:<\/p>\n\n\n\n<p class=\"eplus-wrapper\"><a href=\"https:\/\/www.alsaceterredechateaux.com\/de\/partner-und-projekte\/\" target=\"_blank\" rel=\"noopener\">https:\/\/www.alsaceterredechateaux.com\/de\/partner-und-projekte\/<\/a><br><a href=\"https:\/\/www.chateaux-rhenans.eu\/de\/\" target=\"_blank\" rel=\"noopener\">https:\/\/www.chateaux-rhenans.eu\/de\/<\/a><\/p>\n\n\n\n<hr class=\"wp-block-separator alignwide has-text-color has-accent-2-color has-alpha-channel-opacity has-accent-2-background-color has-background eplus-wrapper\" style=\"margin-top:var(--wp--preset--spacing--20);margin-bottom:var(--wp--preset--spacing--50)\"\/>\n\n\n<div class=\"wp-block-columns alignwide eplus-wrapper is-layout-flex wp-container-core-columns-is-layout-28f84493 wp-block-columns-is-layout-flex eplus-styles-uid-9b7fdc\">\n<div class=\"wp-block-column eplus-wrapper is-layout-flow wp-block-column-is-layout-flow\">\n<h2 class=\"wp-embed-aspect-16-9 wp-has-aspect-ratio wp-block-heading has-custom-farbe-1-color has-text-color has-link-color has-large-font-size eplus-wrapper wp-elements-e34901c13b6ca9da5e6e6505d61814f8\"><strong>Alsazia, terra della memoria<\/strong><\/h2>\n\n\n<div class=\"wp-embed-aspect-16-9 wp-has-aspect-ratio wp-block-columns eplus-wrapper is-layout-flex wp-container-core-columns-is-layout-28f84493 wp-block-columns-is-layout-flex eplus-styles-uid-180275\">\n<div class=\"wp-block-column eplus-wrapper is-layout-flow wp-block-column-is-layout-flow\">\n<figure class=\"wp-block-image size-large eplus-wrapper\"><a href=\"https:\/\/forte-cultura.com\/wp-content\/uploads\/Memoire-%C2%A9-Christophe-MEYER-ADT_w.jpg\"><img decoding=\"async\" src=\"https:\/\/forte-cultura.com\/wp-content\/uploads\/Memoire-%C2%A9-Christophe-MEYER-ADT_w-1024x682.jpg\" alt=\"\" class=\"wp-image-2636\" style=\"aspect-ratio:16\/9;object-fit:cover\"><\/a><\/figure>\n<\/div>\n\n\n\n<div class=\"wp-block-column eplus-wrapper is-layout-flow wp-block-column-is-layout-flow\">\n<figure class=\"wp-block-image size-large eplus-wrapper\"><a href=\"https:\/\/forte-cultura.com\/wp-content\/uploads\/Memoire-%C2%A9-Christian-Fleith-ADT_w.jpg\"><img decoding=\"async\" src=\"https:\/\/forte-cultura.com\/wp-content\/uploads\/Memoire-%C2%A9-Christian-Fleith-ADT_w-1024x768.jpg\" alt=\"\" class=\"wp-image-2638\" style=\"aspect-ratio:16\/9;object-fit:cover\"><\/a><\/figure>\n<\/div>\n<\/div>\n\n\n<p class=\"wp-embed-aspect-16-9 wp-has-aspect-ratio eplus-wrapper\">L'Alsazia \u00e8 una terra di ricordi. A causa della sua storia e delle varie guerre, la regione porta il peso di questi momenti tragici, ma anche della riconciliazione e della costruzione di una pace duratura che ha posto le basi per l'unit\u00e0 e la sede delle istituzioni europee.<\/p>\n\n\n\n<p class=\"wp-embed-aspect-16-9 wp-has-aspect-ratio eplus-wrapper\">Numerosi siti commemorativi offrono un viaggio nel tempo, con fortificazioni eccezionali mantenute da volontari dedicati. \u00c8 possibile condividere questa storia ricca e movimentata, dalle fortificazioni di Vauban alla guerra franco-prussiana del 1870, fino alla prima e alla seconda guerra mondiale.<\/p>\n\n\n\n<p class=\"wp-embed-aspect-16-9 wp-has-aspect-ratio eplus-wrapper\">Sia che si trovino in alto nei Vosgi, vicino alla linea di cresta, sia che si trovino lungo il Reno con la Linea Maginot, sono tutte sentinelle e testimoni di conflitti di confine la cui storia pu\u00f2 essere scoperta, compresa e trasmessa alle nuove generazioni.<\/p>\n\n\n\n<div class=\"wp-block-kadence-spacer aligncenter kt-block-spacer-2644_676ad8-d2 wp-embed-aspect-16-9 wp-has-aspect-ratio\"><div class=\"kt-block-spacer kt-block-spacer-halign-center\"><\/div><\/div>\n\n\n\n<figure class=\"wp-embed-aspect-16-9 wp-has-aspect-ratio wp-block-embed is-type-video is-provider-youtube wp-block-embed-youtube eplus-wrapper\"><div class=\"wp-block-embed__wrapper\">\n<iframe loading=\"lazy\" title=\"CENTRI MEMORIALI ELSASS VOGESEN - Luoghi della memoria storica\" width=\"500\" height=\"281\" src=\"https:\/\/www.youtube.com\/embed\/sqx4xvM36Dk?feature=oembed\" frameborder=\"0\" allow=\"accelerometer; autoplay; clipboard-write; encrypted-media; gyroscope; picture-in-picture; web-share\" referrerpolicy=\"strict-origin-when-cross-origin\" allowfullscreen><\/iframe>\n<\/div><\/figure>\n\n\n\n<p class=\"eplus-wrapper translation-block\">Versioni cinematografiche: <a href=\"https:\/\/www.youtube.com\/watch?v=qq1qkhYcfI0&amp;t=9s\" target=\"_blank\" rel=\"noreferrer noopener\">Inglese<\/a>, <a href=\"https:\/\/youtu.be\/xDXftSRF1kY\" target=\"_blank\" rel=\"noreferrer noopener\">Francese<\/a><\/p>\n\n\n\n<div class=\"wp-block-kadence-spacer aligncenter kt-block-spacer-2644_f9da51-c7 wp-embed-aspect-16-9 wp-has-aspect-ratio\"><div class=\"kt-block-spacer kt-block-spacer-halign-center\"><\/div><\/div>\n<\/div>\n<\/div>\n\n\n<p class=\"eplus-wrapper\"><strong>Ulteriori informazioni<\/strong>:<\/p>\n\n\n\n<p class=\"eplus-wrapper\"><a href=\"https:\/\/www.visit.alsace\/de\" target=\"_blank\" rel=\"noreferrer noopener\">www.visit.alsace<\/a><\/p>\n\n\n\n<hr class=\"wp-block-separator alignwide has-text-color has-accent-2-color has-alpha-channel-opacity has-accent-2-background-color has-background eplus-wrapper\" style=\"margin-top:var(--wp--preset--spacing--30);margin-bottom:var(--wp--preset--spacing--30)\"\/>\n\n\n\n<div class=\"wp-block-group alignwide has-border-color has-custom-farbe-1-border-color has-custom-verlauf-1-gradient-background has-text-color has-background eplus-wrapper is-layout-flow wp-block-group-is-layout-flow\" style=\"border-width:1px;border-radius:10px;color:#000000\"><div class=\"wp-block-columns eplus-wrapper is-layout-flex wp-container-core-columns-is-layout-8aadaede wp-block-columns-is-layout-flex eplus-styles-uid-f33a7c\" style=\"margin-top:var(--wp--preset--spacing--10);margin-bottom:var(--wp--preset--spacing--10);padding-top:0;padding-bottom:0\">\n<div class=\"wp-block-column is-vertically-aligned-center eplus-wrapper is-layout-flow wp-block-column-is-layout-flow\" style=\"padding-top:var(--wp--preset--spacing--10);padding-right:var(--wp--preset--spacing--10);padding-bottom:var(--wp--preset--spacing--10);padding-left:var(--wp--preset--spacing--10);flex-basis:13.23%\"><figure class=\"is-style-default wp-block-image aligncenter size-full is-resized eplus-wrapper eplus-styles-uid-f8fbcd\"><img loading=\"lazy\" decoding=\"async\" width=\"525\" height=\"483\" src=\"https:\/\/forte-cultura.com\/wp-content\/uploads\/Info-icon.png\" alt=\"\" class=\"wp-image-2170\" style=\"width:68px;height:auto\" srcset=\"https:\/\/forte-cultura.com\/wp-content\/uploads\/Info-icon.png 525w, https:\/\/forte-cultura.com\/wp-content\/uploads\/Info-icon-300x276.png 300w, https:\/\/forte-cultura.com\/wp-content\/uploads\/Info-icon-13x12.png 13w, https:\/\/forte-cultura.com\/wp-content\/uploads\/Info-icon-200x184.png 200w\" sizes=\"auto, (max-width: 525px) 100vw, 525px\" \/><\/figure>\n\n\n<p class=\"has-text-align-center has-custom-farbe-1-color has-text-color has-link-color has-small-font-size eplus-wrapper wp-elements-14f2591c68e93f193b85a89ecf169326\" style=\"margin-top:0;margin-bottom:0;line-height:1.3\"><strong>Informazioni per gli operatori turistici<\/strong><\/p>\n<\/div>\n\n\n\n<div class=\"wp-block-column is-vertically-aligned-center eplus-wrapper is-layout-flow wp-block-column-is-layout-flow\" style=\"padding-right:var(--wp--preset--spacing--10);padding-left:var(--wp--preset--spacing--10);flex-basis:53.44%\">\n<p class=\"has-text-align-left has-small-font-size eplus-wrapper\" style=\"margin-top:0;margin-bottom:0\"><strong>Contatto:<\/strong><\/p>\n\n\n<p class=\"has-small-font-size eplus-wrapper eplus-styles-uid-4de634\" style=\"margin-top:0;margin-bottom:0;line-height:1.3\">Alsace Destination Tourisme (ADT) <br>Piazza del Quartiere Bianco<br>F-67964 Strasburgo\u00a0<a href=\"https:\/\/www.alsace.eu\/\" target=\"_blank\" rel=\"noopener\"><\/a><\/p>\n\n<p class=\"has-small-font-size eplus-wrapper eplus-styles-uid-4de634\" style=\"margin-top:0;margin-bottom:0;line-height:1.3\">Web: <a href=\"http:\/\/www.pro.visit.alsace\/\" target=\"_blank\" rel=\"noreferrer noopener\">www.pro.visit.alsace<\/a><\/p><\/div>\n\n\n\n<div class=\"wp-block-column is-vertically-aligned-center eplus-wrapper is-layout-flow wp-block-column-is-layout-flow\" style=\"flex-basis:33.33%\">\n<figure class=\"wp-block-image aligncenter size-large eplus-wrapper\"><img loading=\"lazy\" decoding=\"async\" width=\"1024\" height=\"404\" src=\"https:\/\/forte-cultura.com\/wp-content\/uploads\/cea-adt-logo-quadri-horizontal-sur-fond-couleur-1024x404.png\" alt=\"\" class=\"wp-image-2617\" srcset=\"https:\/\/forte-cultura.com\/wp-content\/uploads\/cea-adt-logo-quadri-horizontal-sur-fond-couleur-1024x404.png 1024w, https:\/\/forte-cultura.com\/wp-content\/uploads\/cea-adt-logo-quadri-horizontal-sur-fond-couleur-300x118.png 300w, https:\/\/forte-cultura.com\/wp-content\/uploads\/cea-adt-logo-quadri-horizontal-sur-fond-couleur-768x303.png 768w, https:\/\/forte-cultura.com\/wp-content\/uploads\/cea-adt-logo-quadri-horizontal-sur-fond-couleur-1536x607.png 1536w, https:\/\/forte-cultura.com\/wp-content\/uploads\/cea-adt-logo-quadri-horizontal-sur-fond-couleur-2048x809.png 2048w, https:\/\/forte-cultura.com\/wp-content\/uploads\/cea-adt-logo-quadri-horizontal-sur-fond-couleur-18x7.png 18w, https:\/\/forte-cultura.com\/wp-content\/uploads\/cea-adt-logo-quadri-horizontal-sur-fond-couleur-200x79.png 200w\" sizes=\"auto, (max-width: 1024px) 100vw, 1024px\" \/><\/figure>\n<\/div>\n<\/div><\/div>\n\n\n\n<hr class=\"wp-block-separator alignwide has-text-color has-accent-2-color has-alpha-channel-opacity has-accent-2-background-color has-background eplus-wrapper\" style=\"margin-top:var(--wp--preset--spacing--30);margin-bottom:var(--wp--preset--spacing--30)\"\/>\n\n\n<div class=\"wp-block-columns alignwide eplus-wrapper is-layout-flex wp-container-core-columns-is-layout-28f84493 wp-block-columns-is-layout-flex eplus-styles-uid-2d04fd\">\n<div class=\"wp-block-column eplus-wrapper is-layout-flow wp-block-column-is-layout-flow\">\n<h3 class=\"wp-block-heading has-custom-farbe-1-color has-text-color has-link-color eplus-wrapper wp-elements-d8998f60383c9f91093ad4e85731eedb\">Consigli di viaggio FORTE CULTURA<\/h3>\n\n\n\n<p class=\"eplus-wrapper\">\u2026<\/p>\n<\/div>\n<\/div>","protected":false},"excerpt":{"rendered":"<p>Foto: \u00a9Lez Broz, Visit-Alsace FORTE CULTURA Festungsgruppe: Festungsmonumente im Elsass (FR) Elsass, Land der Burgen Einst im Herzen des Heiligen R\u00f6mischen Reiches Deutscher Nation gelegen, war das Elsass die Wiege [&hellip;]<\/p>\n","protected":false},"author":1,"featured_media":2611,"comment_status":"open","ping_status":"open","sticky":false,"template":"","format":"standard","meta":{"editor_plus_copied_stylings":"{}","pgc_sgb_lightbox_settings":"","_price":"","_stock":"","_tribe_ticket_header":"","_tribe_default_ticket_provider":"","_tribe_ticket_capacity":"0","_ticket_start_date":"","_ticket_end_date":"","_tribe_ticket_show_description":"","_tribe_ticket_show_not_going":false,"_tribe_ticket_use_global_stock":"","_tribe_ticket_global_stock_level":"","_global_stock_mode":"","_global_stock_cap":"","_tribe_rsvp_for_event":"","_tribe_ticket_going_count":"","_tribe_ticket_not_going_count":"","_tribe_tickets_list":"[]","_tribe_ticket_has_attendee_info_fields":false,"_EventAllDay":false,"_EventTimezone":"","_EventStartDate":"","_EventEndDate":"","_EventStartDateUTC":"","_EventEndDateUTC":"","_EventShowMap":false,"_EventShowMapLink":false,"_EventURL":"","_EventCost":"","_EventCostDescription":"","_EventCurrencySymbol":"","_EventCurrencyCode":"","_EventCurrencyPosition":"","_EventDateTimeSeparator":"","_EventTimeRangeSeparator":"","_EventOrganizerID":[],"_EventVenueID":[],"_OrganizerEmail":"","_OrganizerPhone":"","_OrganizerWebsite":"","_VenueAddress":"","_VenueCity":"","_VenueCountry":"","_VenueProvince":"","_VenueState":"","_VenueZip":"","_VenuePhone":"","_VenueURL":"","_VenueStateProvince":"","_VenueLat":"","_VenueLng":"","_VenueShowMap":false,"_VenueShowMapLink":false,"footnotes":""},"categories":[36,48],"tags":[51],"class_list":["post-2644","post","type-post","status-publish","format-standard","has-post-thumbnail","hentry","category-festungserbe-oberrhein","category-frankreich","tag-elsass"],"_links":{"self":[{"href":"https:\/\/forte-cultura.com\/it\/wp-json\/wp\/v2\/posts\/2644","targetHints":{"allow":["GET"]}}],"collection":[{"href":"https:\/\/forte-cultura.com\/it\/wp-json\/wp\/v2\/posts"}],"about":[{"href":"https:\/\/forte-cultura.com\/it\/wp-json\/wp\/v2\/types\/post"}],"author":[{"embeddable":true,"href":"https:\/\/forte-cultura.com\/it\/wp-json\/wp\/v2\/users\/1"}],"replies":[{"embeddable":true,"href":"https:\/\/forte-cultura.com\/it\/wp-json\/wp\/v2\/comments?post=2644"}],"version-history":[{"count":0,"href":"https:\/\/forte-cultura.com\/it\/wp-json\/wp\/v2\/posts\/2644\/revisions"}],"wp:featuredmedia":[{"embeddable":true,"href":"https:\/\/forte-cultura.com\/it\/wp-json\/wp\/v2\/media\/2611"}],"wp:attachment":[{"href":"https:\/\/forte-cultura.com\/it\/wp-json\/wp\/v2\/media?parent=2644"}],"wp:term":[{"taxonomy":"category","embeddable":true,"href":"https:\/\/forte-cultura.com\/it\/wp-json\/wp\/v2\/categories?post=2644"},{"taxonomy":"post_tag","embeddable":true,"href":"https:\/\/forte-cultura.com\/it\/wp-json\/wp\/v2\/tags?post=2644"}],"curies":[{"name":"wp","href":"https:\/\/api.w.org\/{rel}","templated":true}]}}