{"id":2359,"date":"2024-02-05T16:48:53","date_gmt":"2024-02-05T15:48:53","guid":{"rendered":"https:\/\/forte-cultura.com\/?p=2359"},"modified":"2025-10-06T16:03:52","modified_gmt":"2025-10-06T14:03:52","slug":"memoriali-e-monumenti","status":"publish","type":"post","link":"https:\/\/forte-cultura.com\/it\/gedenkstaetten-und-mahnmale\/","title":{"rendered":"Memoriali e memoriali"},"content":{"rendered":"<h2 class=\"wp-block-heading alignwide has-custom-farbe-1-color has-text-color has-link-color has-large-font-size eplus-wrapper wp-elements-af7ed3c5b088cbdcfdb4765929293011\">Le fortezze come luoghi di memoria<\/h2>\n\n\n<div class=\"wp-block-columns alignwide eplus-wrapper is-layout-flex wp-container-core-columns-is-layout-28f84493 wp-block-columns-is-layout-flex eplus-styles-uid-bdbefa\">\n<div class=\"wp-block-column eplus-wrapper is-layout-flow wp-block-column-is-layout-flow\">\n<p class=\"eplus-wrapper\">Le fortezze e le fortificazioni hanno sempre avuto una funzione principalmente militare. Venivano costruite per tenere a bada gli aggressori e in seguito spesso riutilizzate per ospitare i prigionieri. Molti monumenti sono quindi strettamente legati a una lunga storia di conflitti militari e tragedie umane.<\/p>\n\n\n\n<p class=\"eplus-wrapper\">Oggi, monumenti, memoriali e mostre ci ricordano le fatidiche svolte del passato. Le rovine della citt\u00e0 vecchia e la fortezza di <strong>Kostrzyn nad Odra<\/strong> (K\u00fcstrin) (PL) \u00e8 ancora nelle stesse condizioni in cui \u00e8 stato lasciato nel 1945 dopo le ostilit\u00e0 tra la Wehrmacht tedesca e l'Armata Rossa.<\/p>\n\n\n\n<p class=\"eplus-wrapper\">La citt\u00e0 ideale fortificata <strong>Terezin<\/strong> (Theresienstadt) (CZ) \u00e8 un importante memoriale dei crimini dell'Olocausto della Seconda guerra mondiale. Inoltre <strong>Castello Sonnenstein<\/strong> a Pirna (D), <strong>Forte n. IX a Kaunas<\/strong> (LIT), <strong>Forte Breendonk<\/strong> a Willebroek (BEL) o il Forte Oberer Kuhberg presso la Fortezza Federale di Ulm trattano l'Olocausto come monumenti.<\/p>\n\n\n\n<div class=\"wp-block-kadence-spacer aligncenter kt-block-spacer-2359_3ad9bf-cc\"><div class=\"kt-block-spacer kt-block-spacer-halign-center\"><hr class=\"kt-divider\"><\/div><\/div>\n\n\n\n<div class=\"eplus-wrapper wp-block-group alignwide has-custom-verlauf-1-gradient-background has-background has-global-padding is-layout-constrained wp-container-core-group-is-layout-2bcd15f1 wp-block-group-is-layout-constrained\" style=\"border-radius:5px;margin-top:0;margin-bottom:0;padding-top:var(--wp--preset--spacing--30);padding-right:var(--wp--preset--spacing--40);padding-bottom:var(--wp--preset--spacing--30);padding-left:var(--wp--preset--spacing--40)\"><div class=\"eplus-wrapper wp-block-columns alignwide are-vertically-aligned-center is-layout-flex wp-container-core-columns-is-layout-47c06fe3 wp-block-columns-is-layout-flex eplus-styles-uid-b3c551\">\n<div class=\"eplus-wrapper wp-block-column is-vertically-aligned-center is-layout-flow wp-container-core-column-is-layout-43dc041e wp-block-column-is-layout-flow\" style=\"padding-top:0;padding-right:0;padding-bottom:0;padding-left:0;flex-basis:44%\">\n<figure class=\"eplus-wrapper wp-block-image size-full has-custom-border\"><img loading=\"lazy\" decoding=\"async\" width=\"543\" height=\"360\" src=\"https:\/\/forte-cultura.com\/wp-content\/uploads\/Screenshot-2025-10-06-152011.png\" alt=\"\" class=\"wp-image-4142\" style=\"border-radius:15px\" srcset=\"https:\/\/forte-cultura.com\/wp-content\/uploads\/Screenshot-2025-10-06-152011.png 543w, https:\/\/forte-cultura.com\/wp-content\/uploads\/Screenshot-2025-10-06-152011-300x200.png 300w, https:\/\/forte-cultura.com\/wp-content\/uploads\/Screenshot-2025-10-06-152011-18x12.png 18w\" sizes=\"auto, (max-width: 543px) 100vw, 543px\" \/><\/figure>\n<\/div>\n\n\n\n<div class=\"eplus-wrapper wp-block-column is-vertically-aligned-center is-layout-flow wp-block-column-is-layout-flow\" style=\"flex-basis:56%\">\n<h2 class=\"eplus-wrapper wp-block-heading\">Itinerario della storia militare e della memoria in Alsazia<\/h2>\n\n\n\n<p class=\"eplus-wrapper\">L'Alsazia \u00e8 una terra di ricordi. A causa della sua storia e delle varie guerre, la regione porta il peso di questi momenti tragici, ma anche della riconciliazione e della costruzione di una pace duratura che ha posto le basi per l'unit\u00e0 e la sede delle istituzioni europee.<\/p>\n\n\n\n<div class=\"eplus-wrapper wp-block-buttons is-layout-flex wp-block-buttons-is-layout-flex\"><div class=\"is-style-outline eplus-wrapper wp-block-button is-style-outline--1 eplus-styles-uid-f5543e\"><a class=\"wp-block-button__link wp-element-button\" href=\"https:\/\/forte-cultura.com\/de_de\/route-der-militaergeschichte-und-erinnerung-im-elsass\/\">Per saperne di pi\u00f9<\/a><\/div><\/div>\n<\/div>\n<\/div><\/div>\n\n\n\n<div class=\"wp-block-kadence-spacer aligncenter kt-block-spacer-2359_c4a758-bf\"><div class=\"kt-block-spacer kt-block-spacer-halign-center\"><hr class=\"kt-divider\"><\/div><\/div>\n\n\n\n<h2 class=\"wp-block-heading has-custom-farbe-1-color has-text-color has-link-color has-large-font-size eplus-wrapper wp-elements-3c5e5dff5c3190deac2e0905e359100b\">80 anni dalla fine della Seconda Guerra Mondiale nelle fortezze<\/h2>\n\n\n\n<p class=\"eplus-wrapper\">La fine della Seconda guerra mondiale, nel 1945, ha avuto luogo nelle fortificazioni fortemente contestate del XX secolo in Europa, cos\u00ec come le fortificazioni pi\u00f9 antiche sono state anch'esse teatro di eventi alla fine della guerra. Che si tratti di liberazione, distruzione o luogo di rifugio per la popolazione civile, le fortezze hanno influenzato il destino di molte persone in questo periodo.<\/p>\n\n\n\n<p class=\"eplus-wrapper\">Per l'anno commemorativo 2025, FORTE CULTURA ha organizzato iniziative commemorative con diversi partner per sensibilizzare l'opinione pubblica su questa parte della storia delle fortezze. Eventi educativi e commemorativi nelle fortezze europee hanno trasmesso gli eventi e i contesti storici a un vasto pubblico.<\/p>\n\n\n\n<p class=\"has-text-align-left eplus-wrapper\" style=\"margin-top:var(--wp--preset--spacing--40)\"><em>Poster e volantini commemorativi degli eventi 2024-2025 sul Reno superiore<\/em><\/p>\n\n\n<div class=\"wp-block-columns eplus-wrapper is-layout-flex wp-container-core-columns-is-layout-1232c366 wp-block-columns-is-layout-flex eplus-styles-uid-2b60e6\" style=\"margin-top:var(--wp--preset--spacing--10);margin-bottom:var(--wp--preset--spacing--10);padding-top:0;padding-right:0;padding-bottom:0;padding-left:0\">\n<div class=\"wp-block-column eplus-wrapper is-layout-flow wp-block-column-is-layout-flow\">\n<figure class=\"wp-block-image size-large eplus-wrapper\"><img loading=\"lazy\" decoding=\"async\" width=\"724\" height=\"1024\" src=\"https:\/\/forte-cultura.com\/wp-content\/uploads\/Poster-80J-WW2-Oberrhein-724x1024.jpg\" alt=\"\" class=\"wp-image-2947\" srcset=\"https:\/\/forte-cultura.com\/wp-content\/uploads\/Poster-80J-WW2-Oberrhein-724x1024.jpg 724w, https:\/\/forte-cultura.com\/wp-content\/uploads\/Poster-80J-WW2-Oberrhein-212x300.jpg 212w, https:\/\/forte-cultura.com\/wp-content\/uploads\/Poster-80J-WW2-Oberrhein-768x1086.jpg 768w, https:\/\/forte-cultura.com\/wp-content\/uploads\/Poster-80J-WW2-Oberrhein-1086x1536.jpg 1086w, https:\/\/forte-cultura.com\/wp-content\/uploads\/Poster-80J-WW2-Oberrhein-8x12.jpg 8w, https:\/\/forte-cultura.com\/wp-content\/uploads\/Poster-80J-WW2-Oberrhein-200x283.jpg 200w, https:\/\/forte-cultura.com\/wp-content\/uploads\/Poster-80J-WW2-Oberrhein.jpg 1131w\" sizes=\"auto, (max-width: 724px) 100vw, 724px\" \/><\/figure>\n<\/div>\n\n\n\n<div class=\"wp-block-column eplus-wrapper is-layout-flow wp-block-column-is-layout-flow\">\n<figure class=\"wp-block-image size-full eplus-wrapper\"><img loading=\"lazy\" decoding=\"async\" width=\"1000\" height=\"705\" src=\"https:\/\/forte-cultura.com\/wp-content\/uploads\/Vorderseite-80-Jahre-Oberrhein.jpg\" alt=\"\" class=\"wp-image-2933\" srcset=\"https:\/\/forte-cultura.com\/wp-content\/uploads\/Vorderseite-80-Jahre-Oberrhein.jpg 1000w, https:\/\/forte-cultura.com\/wp-content\/uploads\/Vorderseite-80-Jahre-Oberrhein-300x212.jpg 300w, https:\/\/forte-cultura.com\/wp-content\/uploads\/Vorderseite-80-Jahre-Oberrhein-768x541.jpg 768w, https:\/\/forte-cultura.com\/wp-content\/uploads\/Vorderseite-80-Jahre-Oberrhein-18x12.jpg 18w, https:\/\/forte-cultura.com\/wp-content\/uploads\/Vorderseite-80-Jahre-Oberrhein-200x141.jpg 200w\" sizes=\"auto, (max-width: 1000px) 100vw, 1000px\" \/><\/figure>\n\n\n\n<figure class=\"wp-block-image size-large eplus-wrapper\"><img loading=\"lazy\" decoding=\"async\" width=\"1024\" height=\"725\" src=\"https:\/\/forte-cultura.com\/wp-content\/uploads\/Rueckseite-80-Jahre-Oberrhein-1024x725.jpg\" alt=\"\" class=\"wp-image-2934\" srcset=\"https:\/\/forte-cultura.com\/wp-content\/uploads\/Rueckseite-80-Jahre-Oberrhein-1024x725.jpg 1024w, https:\/\/forte-cultura.com\/wp-content\/uploads\/Rueckseite-80-Jahre-Oberrhein-300x212.jpg 300w, https:\/\/forte-cultura.com\/wp-content\/uploads\/Rueckseite-80-Jahre-Oberrhein-768x544.jpg 768w, https:\/\/forte-cultura.com\/wp-content\/uploads\/Rueckseite-80-Jahre-Oberrhein-18x12.jpg 18w, https:\/\/forte-cultura.com\/wp-content\/uploads\/Rueckseite-80-Jahre-Oberrhein-200x142.jpg 200w, https:\/\/forte-cultura.com\/wp-content\/uploads\/Rueckseite-80-Jahre-Oberrhein.jpg 1305w\" sizes=\"auto, (max-width: 1024px) 100vw, 1024px\" \/><\/figure>\n<\/div>\n<\/div>\n\n\n<p class=\"eplus-wrapper\"><\/p>\n\n\n\n<div class=\"wp-block-kadence-spacer aligncenter kt-block-spacer-2359_2a046c-20\"><div class=\"kt-block-spacer kt-block-spacer-halign-center\"><hr class=\"kt-divider\"><\/div><\/div>\n<\/div>\n<\/div>\n\n<div  class=\"ultp-post-grid-block wp-block-ultimate-post-post-grid-1 ultp-block-ce9ec4 alignwide\"><div class=\"ultp-block-wrapper\"><div class=\"ultp-loading\"><div class=\"ultp-loading-blocks\" style=\"width:100%;height:100%;\"><div style=\"left: 0;top: 0;animation-delay:0s;\"><\/div><div style=\"left: 21px;top: 0;animation-delay:0.125s;\"><\/div><div style=\"left: 42px;top: 0;animation-delay:0.25s;\"><\/div><div style=\"left: 0;top: 21px;animation-delay:0.875s;\"><\/div><div style=\"left: 42px;top: 21px;animation-delay:0.375s;\"><\/div><div style=\"left: 0;top: 42px;animation-delay:0.75s;\"><\/div><div style=\"left: 42px;top: 42px;animation-delay:0.625s;\"><\/div><div style=\"left: 21px;top: 42px;animation-delay:0.5s;\"><\/div><\/div><\/div><div class=\"ultp-heading-filter\"><div class=\"ultp-heading-filter-in\"><div class=\"ultp-heading-wrap ultp-heading-style1 ultp-heading-left\"><h2 class=\"ultp-heading-inner\"><span>Conoscere la fatidica storia delle fortezze con FORTE CULTURA<\/span><\/h2><\/div><div class=\"ultp-filter-navigation\"><\/div><\/div><\/div><div class=\"ultp-block-items-wrap ultp-block-row ultp-pg1a-style1 ultp-grid1-responsive ultp-block-column-4 1 ultp-xs-column-1 ultp-layout1\"><div class=\"ultp-block-item post-id-3326\"><div class=\"ultp-block-content-wrap\"><div class=\"ultp-block-image ultp-block-image-opacity\"><a href=\"https:\/\/forte-cultura.com\/it\/daugavpils-lv\/\" ><img decoding=\"async\"  class=\"ultp-block-image-content\"  alt=\"Daugavpils (LV)\"  src=\"https:\/\/forte-cultura.com\/wp-content\/uploads\/DC_Daugavpils.Travel_240530_1-870x570.jpg\" \/><\/a><\/div><div class=\"ultp-block-content\"><h3 class=\"ultp-block-title\"><a href=\"https:\/\/forte-cultura.com\/it\/daugavpils-lv\/\" >Daugavpils (LV)<\/a><\/h3><div class=\"ultp-block-excerpt\"><p>Citt\u00e0 ideale fortificata: l'ultima fortezza bastionata completata al mondo!<\/p>\n<\/div><\/div><\/div><\/div><div class=\"ultp-block-item post-id-1623\"><div class=\"ultp-block-content-wrap\"><div class=\"ultp-block-image ultp-block-image-opacity\"><a href=\"https:\/\/forte-cultura.com\/it\/dettenheim-russheim-de\/\" ><img decoding=\"async\"  class=\"ultp-block-image-content\"  alt=\"Dettenheim-Ru\u00dfheim (DE)\"  src=\"https:\/\/forte-cultura.com\/wp-content\/uploads\/Dettenheim-870x570.png\" \/><\/a><\/div><div class=\"ultp-block-content\"><h3 class=\"ultp-block-title\"><a href=\"https:\/\/forte-cultura.com\/it\/dettenheim-russheim-de\/\" >Dettenheim-Ru\u00dfheim (DE)<\/a><\/h3><div class=\"ultp-block-excerpt\"><p>Bunker militare: Museo Westwall Bunker Dettenheim-Ru\u00dfheim (DE)<\/p>\n<\/div><\/div><\/div><\/div><div class=\"ultp-block-item post-id-1619\"><div class=\"ultp-block-content-wrap\"><div class=\"ultp-block-image ultp-block-image-opacity\"><a href=\"https:\/\/forte-cultura.com\/it\/festungen-und-wehrgeschichte-am-oberrhein-1870-1999-de-fr\/\" ><img decoding=\"async\"  class=\"ultp-block-image-content\"  alt=\"Fortezze e storia della difesa sull&#039;Alto Reno 1870-1999 (DE-FR)\"  src=\"https:\/\/forte-cultura.com\/wp-content\/uploads\/OR-Gruppe_header-870x350.jpg\" \/><\/a><\/div><div class=\"ultp-block-content\"><h3 class=\"ultp-block-title\"><a href=\"https:\/\/forte-cultura.com\/it\/festungen-und-wehrgeschichte-am-oberrhein-1870-1999-de-fr\/\" >Fortezze e storia della difesa sull'Alto Reno 1870-1999 (DE-FR)<\/a><\/h3><div class=\"ultp-block-excerpt\"><p>FORTE CULTURA Gruppo Fortezza: Fortezze e storia della difesa sull'Alto Reno 1870-1999 (DE-FR)<\/p>\n<\/div><\/div><\/div><\/div><div class=\"ultp-block-item post-id-2584\"><div class=\"ultp-block-content-wrap\"><div class=\"ultp-block-image ultp-block-image-opacity\"><a href=\"https:\/\/forte-cultura.com\/it\/geheime-architekturen\/\" ><img decoding=\"async\"  class=\"ultp-block-image-content\"  alt=\"Architetture segrete\"  src=\"https:\/\/forte-cultura.com\/wp-content\/uploads\/header_underground-870x400.png\" \/><\/a><\/div><div class=\"ultp-block-content\"><h3 class=\"ultp-block-title\"><a href=\"https:\/\/forte-cultura.com\/it\/geheime-architekturen\/\" >Architetture segrete<\/a><\/h3><div class=\"ultp-block-excerpt\"><p>I monumenti-fortezza invisibili delle guerre mondiali e dell'era atomica Segretezza, mimetismo e distrazione hanno caratterizzato la costruzione di monumenti-fortezza nel XX secolo.  Sia che si tratti di postazioni di cannoni mimetizzate della...<\/p>\n<\/div><\/div><\/div><\/div><div class=\"ultp-block-item post-id-1683\"><div class=\"ultp-block-content-wrap\"><div class=\"ultp-block-image ultp-block-image-opacity\"><a href=\"https:\/\/forte-cultura.com\/it\/griesheim-sur-souffel-fr\/\" ><img decoding=\"async\"  class=\"ultp-block-image-content\"  alt=\"Griesheim-sur-Souffel (FR)\"  src=\"https:\/\/forte-cultura.com\/wp-content\/uploads\/Nellkopf-870x570.png\" \/><\/a><\/div><div class=\"ultp-block-content\"><h3 class=\"ultp-block-title\"><a href=\"https:\/\/forte-cultura.com\/it\/griesheim-sur-souffel-fr\/\" >Griesheim-sur-Souffel (FR)<\/a><\/h3><div class=\"ultp-block-excerpt\"><p>Bunker militare: Base di fanteria Nellkopf I52 (FR)<\/p>\n<\/div><\/div><\/div><\/div><div class=\"ultp-block-item post-id-690\"><div class=\"ultp-block-content-wrap\"><div class=\"ultp-block-image ultp-block-image-opacity\"><a href=\"https:\/\/forte-cultura.com\/it\/haguenau-fr\/\" ><img decoding=\"async\"  class=\"ultp-block-image-content\"  alt=\"Haguenau (FR)\"  src=\"https:\/\/forte-cultura.com\/wp-content\/uploads\/2023\/11\/Musee-de-lAbri-Hatten\u00a9ADT-C.FLEITH_1-870x570.jpg\" \/><\/a><\/div><div class=\"ultp-block-content\"><h3 class=\"ultp-block-title\"><a href=\"https:\/\/forte-cultura.com\/it\/haguenau-fr\/\" >Haguenau (FR)<\/a><\/h3><div class=\"ultp-block-excerpt\"><p>Bunker militare: fortezza (grande rifugio) della Linea Maginot<\/p>\n<\/div><\/div><\/div><\/div><div class=\"ultp-block-item post-id-1647\"><div class=\"ultp-block-content-wrap\"><div class=\"ultp-block-image ultp-block-image-opacity\"><a href=\"https:\/\/forte-cultura.com\/it\/hornisgrinde-de\/\" ><img decoding=\"async\"  class=\"ultp-block-image-content\"  alt=\"Hornisgrinde (DE)\"  src=\"https:\/\/forte-cultura.com\/wp-content\/uploads\/Hornisgrinde-870x570.png\" \/><\/a><\/div><div class=\"ultp-block-content\"><h3 class=\"ultp-block-title\"><a href=\"https:\/\/forte-cultura.com\/it\/hornisgrinde-de\/\" >Hornisgrinde (DE)<\/a><\/h3><div class=\"ultp-block-excerpt\"><p>Bunker militare: ex bunker del comando francese Hornisgrinde (DE)<\/p>\n<\/div><\/div><\/div><\/div><div class=\"ultp-block-item post-id-1636\"><div class=\"ultp-block-content-wrap\"><div class=\"ultp-block-image ultp-block-image-opacity\"><a href=\"https:\/\/forte-cultura.com\/it\/kehl-neumuehl-de\/\" ><img decoding=\"async\"  class=\"ultp-block-image-content\"  alt=\"Kehl-Neum\u00fchl (DE)\"  src=\"https:\/\/forte-cultura.com\/wp-content\/uploads\/Neumuehl-870x570.png\" \/><\/a><\/div><div class=\"ultp-block-content\"><h3 class=\"ultp-block-title\"><a href=\"https:\/\/forte-cultura.com\/it\/kehl-neumuehl-de\/\" >Kehl-Neum\u00fchl (DE)<\/a><\/h3><div class=\"ultp-block-excerpt\"><p>Bunker militare: bunker mimetico Westwall Kehl-Neum\u00fchl (DE)<\/p>\n<\/div><\/div><\/div><\/div><div class=\"ultp-block-item post-id-862\"><div class=\"ultp-block-content-wrap\"><div class=\"ultp-block-image ultp-block-image-opacity\"><a href=\"https:\/\/forte-cultura.com\/it\/kostrzyn-nad-odra-pl\/\" ><img decoding=\"async\"  class=\"ultp-block-image-content\"  alt=\"Kostrzyn nad Odr\u0105 (PL)\"  src=\"https:\/\/forte-cultura.com\/wp-content\/uploads\/Festungssystem-Kostrzyn-870x570.jpg\" \/><\/a><\/div><div class=\"ultp-block-content\"><h3 class=\"ultp-block-title\"><a href=\"https:\/\/forte-cultura.com\/it\/kostrzyn-nad-odra-pl\/\" >Kostrzyn nad Odr\u0105 (PL)<\/a><\/h3><div class=\"ultp-block-excerpt\"><p>Sistema di fortezze: baluardo prussiano e un tempo splendente citt\u00e0-fortezza sull'Oder<\/p>\n<\/div><\/div><\/div><\/div><div class=\"ultp-block-item post-id-887\"><div class=\"ultp-block-content-wrap\"><div class=\"ultp-block-image ultp-block-image-opacity\"><a href=\"https:\/\/forte-cultura.com\/it\/la-linea-de-la-concepcion-es\/\" ><img decoding=\"async\"  class=\"ultp-block-image-content\"  alt=\"La L\u00ednea de la Concepci\u00f3n (ES)\"  src=\"https:\/\/forte-cultura.com\/wp-content\/uploads\/2018_La-Linea-de-la-Concepcion1-870x570.jpg\" \/><\/a><\/div><div class=\"ultp-block-content\"><h3 class=\"ultp-block-title\"><a href=\"https:\/\/forte-cultura.com\/it\/la-linea-de-la-concepcion-es\/\" >La L\u00ednea de la Concepci\u00f3n (ES)<\/a><\/h3><div class=\"ultp-block-excerpt\"><p>Linee di difesa: Baluardo di difesa contro Gibilterra; forti e bunker da 300 anni di storia delle fortificazioni<\/p>\n<\/div><\/div><\/div><\/div><div class=\"ultp-block-item post-id-890\"><div class=\"ultp-block-content-wrap\"><div class=\"ultp-block-image ultp-block-image-opacity\"><a href=\"https:\/\/forte-cultura.com\/it\/lembach-fr\/\" ><img decoding=\"async\"  class=\"ultp-block-image-content\"  alt=\"Lembach (FR)\"  src=\"https:\/\/forte-cultura.com\/wp-content\/uploads\/Fort-a-Chaux_Lembach_\u00a9SILE-870x570.jpg\" \/><\/a><\/div><div class=\"ultp-block-content\"><h3 class=\"ultp-block-title\"><a href=\"https:\/\/forte-cultura.com\/it\/lembach-fr\/\" >Lembach (FR)<\/a><\/h3><div class=\"ultp-block-excerpt\"><p>Bunker militare: fortezza (grande rifugio) della Linea Maginot<\/p>\n<\/div><\/div><\/div><\/div><div class=\"ultp-block-item post-id-1656\"><div class=\"ultp-block-content-wrap\"><div class=\"ultp-block-image ultp-block-image-opacity\"><a href=\"https:\/\/forte-cultura.com\/it\/neuried-altenheimde\/\" ><img decoding=\"async\"  class=\"ultp-block-image-content\"  alt=\"Neuried Altenheim (DE)\"  src=\"https:\/\/forte-cultura.com\/wp-content\/uploads\/Emilie-870x570.png\" \/><\/a><\/div><div class=\"ultp-block-content\"><h3 class=\"ultp-block-title\"><a href=\"https:\/\/forte-cultura.com\/it\/neuried-altenheimde\/\" >Neuried Altenheim (DE)<\/a><\/h3><div class=\"ultp-block-excerpt\"><p>Bunker militare: bunker mimetico Westwall \"Emilie\" (DE)<\/p>\n<\/div><\/div><\/div><\/div><\/div><div class=\"ultp-pagination-wrap ultp-pagination-ajax-action\" data-paged=\"1\" data-expost=\"\"  data-blockid=\"ce9ec4\" data-postid=\"2359\" data-pages=\"2\" data-blockname=\"ultimate-post_post-grid-1\" data-selfpostid=\"yes\"><ul class=\"ultp-pagination\"><li class=\"ultp-prev-page-numbers\" style=\"display:none\"><a href=\"https:\/\/forte-cultura.com\/it\/wp-json\/wp\/v2\/posts\/2359\/\"><svg xmlns=\"http:\/\/www.w3.org\/2000\/svg\" fill=\"none\" viewbox=\"0 0 24 24\">\n  <path stroke=\"currentColor\" stroke-linecap=\"round\" stroke-linejoin=\"round\" stroke-width=\"1.5\" d=\"m15 18-6-6 6-6\"\/>\n<\/svg>\n <\/a><\/li><li class=\"ultp-center-item pagination-active\" data-current=\"1\"><a href=\"https:\/\/forte-cultura.com\/it\/wp-json\/wp\/v2\/posts\/2359\/\">1<\/a><\/li><li class=\"ultp-center-item\" data-current=\"2\" ><a href=\"https:\/\/forte-cultura.com\/it\/wp-json\/wp\/v2\/posts\/2359\/page\/2\/\">2<\/a><\/li><li class=\"ultp-last-dot\" style=\"display:none\"><a href=\"#\">\u2026<\/a><\/li><li class=\"ultp-next-page-numbers\"><a href=\"https:\/\/forte-cultura.com\/it\/wp-json\/wp\/v2\/posts\/2359\/page\/2\/\"><svg xmlns=\"http:\/\/www.w3.org\/2000\/svg\" fill=\"none\" viewbox=\"0 0 24 24\">\n  <path stroke=\"currentColor\" stroke-linecap=\"round\" stroke-linejoin=\"round\" stroke-width=\"1.5\" d=\"m9 18 6-6-6-6\"\/>\n<\/svg>\n<\/a><\/li><\/ul><\/div><\/div><div class=\"pagination-block-html\" aria-hidden=\"true\" style=\"display: none;\"><\/div><\/div>\n\n<div class=\"wp-block-columns alignwide eplus-wrapper is-layout-flex wp-container-core-columns-is-layout-28f84493 wp-block-columns-is-layout-flex eplus-styles-uid-4d2585\">\n<div class=\"wp-block-column eplus-wrapper is-layout-flow wp-block-column-is-layout-flow\">\n<div class=\"wp-block-kadence-spacer aligncenter kt-block-spacer-2359_bf4933-c8\"><div class=\"kt-block-spacer kt-block-spacer-halign-center\"><hr class=\"kt-divider\"><\/div><\/div>\n\n\n\n<p class=\"eplus-wrapper\"><a href=\"https:\/\/forte-cultura.com\/events\/forte-cultura-erlebniswelt\/\" data-type=\"page\" data-id=\"2256\">FORTE CULTURA mondo dell'esperienza<\/a><\/p>\n\n\n\n<hr class=\"is-style-wide wp-block-separator aligncenter has-text-color has-custom-farbe-1-color has-alpha-channel-opacity has-custom-farbe-1-background-color has-background eplus-wrapper\" style=\"margin-top:var(--wp--preset--spacing--10);margin-bottom:var(--wp--preset--spacing--10)\">\n\n\n<div id=\"mega-menu-wrap-max_mega_menu_3\" class=\"mega-menu-wrap\"><div class=\"mega-menu-toggle\"><div class=\"mega-toggle-blocks-left\"><\/div><div class=\"mega-toggle-blocks-center\"><\/div><div class=\"mega-toggle-blocks-right\"><div class=\"mega-toggle-block mega-menu-toggle-animated-block mega-toggle-block-0\" id=\"mega-toggle-block-0\"><button aria-controls=\"mega-menu-max_mega_menu_3\" aria-expanded=\"false\" aria-haspopup=\"true\" aria-label=\"Menu a tendina\" class=\"mega-toggle-animated mega-toggle-animated-slider\" type=\"button\">\n                  <span class=\"mega-toggle-animated-box\">\n                    <span class=\"mega-toggle-animated-inner\"><\/span>\n                  <\/span>\n                <\/button><\/div><\/div><\/div><ul id=\"mega-menu-max_mega_menu_3\" class=\"mega-menu max-mega-menu mega-menu-horizontal mega-no-js\" data-event=\"hover_intent\" data-effect=\"fade_up\" data-effect-speed=\"200\" data-effect-mobile=\"disabled\" data-effect-speed-mobile=\"0\" data-mobile-force-width=\"false\" data-second-click=\"go\" data-document-click=\"collapse\" data-vertical-behaviour=\"standard\" data-breakpoint=\"768\" data-unbind=\"true\" data-mobile-state=\"collapse_all\" data-mobile-direction=\"vertical\"><li class=\"mega-menu-item mega-menu-item-type-post_type mega-menu-item-object-post mega-align-bottom-left mega-menu-flyout mega-menu-item-2436\" id=\"mega-menu-item-2436\"><a class=\"mega-menu-link\" href=\"https:\/\/forte-cultura.com\/it\/familie-und-kinder\/\">Famiglia e bambini<\/a><\/li><li class=\"mega-menu-item mega-menu-item-type-post_type mega-menu-item-object-post mega-align-bottom-left mega-menu-flyout mega-menu-item-2431\" id=\"mega-menu-item-2431\"><a class=\"mega-menu-link\" href=\"https:\/\/forte-cultura.com\/it\/gedenkstaetten-und-mahnmale\/\">Memoriali e memoriali<\/a><\/li><li class=\"mega-menu-item mega-menu-item-type-post_type mega-menu-item-object-post mega-align-bottom-left mega-menu-flyout mega-menu-item-2586\" id=\"mega-menu-item-2586\"><a class=\"mega-menu-link\" href=\"https:\/\/forte-cultura.com\/it\/geheime-architekturen\/\">Architetture segrete<\/a><\/li><li class=\"mega-menu-item mega-menu-item-type-post_type mega-menu-item-object-post mega-align-bottom-left mega-menu-flyout mega-menu-item-2432\" id=\"mega-menu-item-2432\"><a class=\"mega-menu-link\" href=\"https:\/\/forte-cultura.com\/it\/militaergeschichte-erleben\/\">Esperienza di storia militare<\/a><\/li><li class=\"mega-menu-item mega-menu-item-type-post_type mega-menu-item-object-post mega-align-bottom-left mega-menu-flyout mega-menu-item-2434\" id=\"mega-menu-item-2434\"><a class=\"mega-menu-link\" href=\"https:\/\/forte-cultura.com\/it\/museen-und-ausstellungen\/\">Musei e mostre<\/a><\/li><li class=\"mega-menu-item mega-menu-item-type-post_type mega-menu-item-object-post mega-align-bottom-left mega-menu-flyout mega-menu-item-2430\" id=\"mega-menu-item-2430\"><a class=\"mega-menu-link\" href=\"https:\/\/forte-cultura.com\/it\/musikevents-in-monumenten\/\">Eventi musicali nei monumenti<\/a><\/li><li class=\"mega-menu-item mega-menu-item-type-post_type mega-menu-item-object-post mega-align-bottom-left mega-menu-flyout mega-menu-item-2433\" id=\"mega-menu-item-2433\"><a class=\"mega-menu-link\" href=\"https:\/\/forte-cultura.com\/it\/natur-erleben-parks-und-gaerten\/\">Esperienza nella natura, nei parchi e nei giardini<\/a><\/li><li class=\"mega-menu-item mega-menu-item-type-post_type mega-menu-item-object-post mega-align-bottom-left mega-menu-flyout mega-menu-item-2435\" id=\"mega-menu-item-2435\"><a class=\"mega-menu-link\" href=\"https:\/\/forte-cultura.com\/it\/residieren-geniessen\/\">Risiedere e divertirsi<\/a><\/li><li class=\"mega-menu-item mega-menu-item-type-post_type mega-menu-item-object-post mega-align-bottom-left mega-menu-flyout mega-menu-item-2580\" id=\"mega-menu-item-2580\"><a class=\"mega-menu-link\" href=\"https:\/\/forte-cultura.com\/it\/sport\/\">Lo sport<\/a><\/li><\/ul><\/div><\/div>\n<\/div>","protected":false},"excerpt":{"rendered":"<p>Festungen als Orte der Erinnerung Festungen und Festungsanlagen hatten in erster Linie immer milit\u00e4rische Funktionen. Sie wurden gebaut, um Angreifer fern zu halten und sp\u00e4ter h\u00e4ufig umgenutzt, um Gefangene festzuhalten. [&hellip;]<\/p>\n","protected":false},"author":1,"featured_media":2295,"comment_status":"open","ping_status":"open","sticky":false,"template":"","format":"standard","meta":{"editor_plus_copied_stylings":"{}","pgc_sgb_lightbox_settings":"","_price":"","_stock":"","_tribe_ticket_header":"","_tribe_default_ticket_provider":"","_tribe_ticket_capacity":"0","_ticket_start_date":"","_ticket_end_date":"","_tribe_ticket_show_description":"","_tribe_ticket_show_not_going":false,"_tribe_ticket_use_global_stock":"","_tribe_ticket_global_stock_level":"","_global_stock_mode":"","_global_stock_cap":"","_tribe_rsvp_for_event":"","_tribe_ticket_going_count":"","_tribe_ticket_not_going_count":"","_tribe_tickets_list":"[]","_tribe_ticket_has_attendee_info_fields":false,"_EventAllDay":false,"_EventTimezone":"","_EventStartDate":"","_EventEndDate":"","_EventStartDateUTC":"","_EventEndDateUTC":"","_EventShowMap":false,"_EventShowMapLink":false,"_EventURL":"","_EventCost":"","_EventCostDescription":"","_EventCurrencySymbol":"","_EventCurrencyCode":"","_EventCurrencyPosition":"","_EventDateTimeSeparator":"","_EventTimeRangeSeparator":"","_EventOrganizerID":[],"_EventVenueID":[],"_OrganizerEmail":"","_OrganizerPhone":"","_OrganizerWebsite":"","_VenueAddress":"","_VenueCity":"","_VenueCountry":"","_VenueProvince":"","_VenueState":"","_VenueZip":"","_VenuePhone":"","_VenueURL":"","_VenueStateProvince":"","_VenueLat":"","_VenueLng":"","_VenueShowMap":false,"_VenueShowMapLink":false,"footnotes":""},"categories":[459],"tags":[],"class_list":["post-2359","post","type-post","status-publish","format-standard","has-post-thumbnail","hentry","category-erlebniswelt"],"_links":{"self":[{"href":"https:\/\/forte-cultura.com\/it\/wp-json\/wp\/v2\/posts\/2359","targetHints":{"allow":["GET"]}}],"collection":[{"href":"https:\/\/forte-cultura.com\/it\/wp-json\/wp\/v2\/posts"}],"about":[{"href":"https:\/\/forte-cultura.com\/it\/wp-json\/wp\/v2\/types\/post"}],"author":[{"embeddable":true,"href":"https:\/\/forte-cultura.com\/it\/wp-json\/wp\/v2\/users\/1"}],"replies":[{"embeddable":true,"href":"https:\/\/forte-cultura.com\/it\/wp-json\/wp\/v2\/comments?post=2359"}],"version-history":[{"count":0,"href":"https:\/\/forte-cultura.com\/it\/wp-json\/wp\/v2\/posts\/2359\/revisions"}],"wp:featuredmedia":[{"embeddable":true,"href":"https:\/\/forte-cultura.com\/it\/wp-json\/wp\/v2\/media\/2295"}],"wp:attachment":[{"href":"https:\/\/forte-cultura.com\/it\/wp-json\/wp\/v2\/media?parent=2359"}],"wp:term":[{"taxonomy":"category","embeddable":true,"href":"https:\/\/forte-cultura.com\/it\/wp-json\/wp\/v2\/categories?post=2359"},{"taxonomy":"post_tag","embeddable":true,"href":"https:\/\/forte-cultura.com\/it\/wp-json\/wp\/v2\/tags?post=2359"}],"curies":[{"name":"wp","href":"https:\/\/api.w.org\/{rel}","templated":true}]}}