{"id":1235,"date":"2023-12-03T11:26:36","date_gmt":"2023-12-03T10:26:36","guid":{"rendered":"https:\/\/forte-cultura.com\/?p=1235"},"modified":"2024-02-03T11:28:09","modified_gmt":"2024-02-03T10:28:09","slug":"willy-e-la-padrona-di-casa-sulle-tracce-di-un-fantasma-2","status":"publish","type":"post","link":"https:\/\/forte-cultura.com\/it\/willy-und-die-wirtin-einem-geist-auf-der-spur\/","title":{"rendered":"Willy e la padrona di casa - sulle tracce di un fantasma"},"content":{"rendered":"<div class=\"wp-block-columns alignwide eplus-wrapper is-layout-flex wp-container-core-columns-is-layout-02f249f1 wp-block-columns-is-layout-flex eplus-styles-uid-ddff13\" style=\"padding-right:0;padding-left:0\">\n<div class=\"wp-block-column eplus-wrapper is-layout-flow wp-container-core-column-is-layout-6384e000 wp-block-column-is-layout-flow\" style=\"padding-right:var(--wp--preset--spacing--40);padding-left:0;flex-basis:66.66%\"><p class=\" eplus-wrapper eplus-styles-uid-e7c803\"><em>FORTE CULTURA G\u00e4stef\u00fchrung: Bundesfestung Ulm (DE)<\/em><\/p>\n\n\n<h2 class=\" wp-block-heading alignwide has-large-font-size eplus-wrapper\"><strong>Die etwas andere F\u00fchrung auf der Wilhelmsburg Ulm<\/strong><\/h2>\n\n\n\n<p class=\" eplus-wrapper\"><strong>Im Gasthaus \u201eZum dreggada Spatz\u201c findet die Wirtin Kreszenz nur einen Schl\u00fcssel, den Zeche prellende Soldaten verloren haben. Der Schl\u00fcssel passt zur Wilhelmsburg! Beim Eintreiben f\u00fcr ihren gerechten Lohn macht sich die Wirtin auf die Suche \u2013 trotz der Ger\u00fcchte, dass es in der Burg spukt\u2026<\/strong><\/p>\n\n\n\n<p class=\" eplus-wrapper\">Die Festungsstadt Ulm hat viele Umbauten erlebt. Die mittelalterliche Stadtbefestigung wurde ab 1527 nach D\u00fcrers Befestigungslehre gegen Feuerwaffen ger\u00fcstet und ausgebaut. Im 17. Jahrhundert folgte das Bastion\u00e4rssystem nach italienischem Vorbild. Mitte des 19. Jh. folgte der Ausbau zur Bundesfestung Ulm beiderseits der Donau, das damals gr\u00f6\u00dfte Festungsensemble Europas. <\/p>\n\n\n\n<p class=\" eplus-wrapper\">So waren immer auch viele Soldaten in der Stadt stationiert, haben gehaust und gesoffen aber keinen Heller dagelassen! <\/p>\n\n\n\n<p class=\" eplus-wrapper\">Im Gasthaus \u201eZum dreggada Spatz\u201c findet die Wirtin Kreszenz nur einen Schl\u00fcssel, den die Meute verloren hat. Dieser Schl\u00fcssel passt offensichtlich zur Wilhelmsburg! Beim Eintreiben f\u00fcr ihren gerechten Lohn macht sich die Wirtin auf die Suche \u2013 trotz der Ger\u00fcchte, dass es in der Burg spukt\u2026 <\/p>\n\n\n\n<p class=\" eplus-wrapper\">Begleiten Sie Willy und die Wirtin auf ihrer abenteuerlichen Suche w\u00e4hrend der etwas anderen Kost\u00fcm-F\u00fchrung auf der Wilhelmsburg Ulm. <\/p>\n\n\n<div class=\"pgc-sgb-cb wp-block-pgcsimplygalleryblock-grid \" data-gallery-id=\"57488144\"><div class=\"sgb-preloader\" id=\"pr_57488144\">\n\t<div class=\"sgb-square\" style=\"background:#d4d4d4\"><\/div>\n\t<div class=\"sgb-square\" style=\"background:#d4d4d4\"><\/div>\n\t<div class=\"sgb-square\" style=\"background:#d4d4d4\"><\/div>\n\t<div class=\"sgb-square\" style=\"background:#d4d4d4\"><\/div><\/div><div class=\"simply-gallery-amp pgc_sgb_slider \"><noscript><div class=\"sgb-gallery\"><div class=\"sgb-item\"><a href=\"https:\/\/forte-cultura.com\/ulm-de\/wilhelmsburg-ulm\/\" target=\"_blank\"><img decoding=\"async\" alt=\"\" width=\"300\" height=\"200\" loading=\"lazy\" src=\"https:\/\/forte-cultura.com\/wp-content\/uploads\/Wilhelmsburg-Ulm-300x200.jpg\" srcset=\"https:\/\/forte-cultura.com\/wp-content\/uploads\/Wilhelmsburg-Ulm-300x200.jpg 300w,https:\/\/forte-cultura.com\/wp-content\/uploads\/Wilhelmsburg-Ulm-1024x683.jpg 1024w,https:\/\/forte-cultura.com\/wp-content\/uploads\/Wilhelmsburg-Ulm.jpg 1200w\" sizes=\"auto, 250px\"><\/a><div class=\"sgb-item-caption\"><em>Wilhelmsburg in der Bundesfestung Ulm (DE)<\/em><\/div><\/div><div class=\"sgb-item\"><a href=\"https:\/\/forte-cultura.com\/willy-und-die-wirtin-einem-geist-auf-der-spur\/willy-und-wirtin\/\" target=\"_blank\"><img decoding=\"async\" alt=\"\" width=\"300\" height=\"225\" loading=\"lazy\" src=\"https:\/\/forte-cultura.com\/wp-content\/uploads\/willy-und-wirtin-300x225.jpg\" srcset=\"https:\/\/forte-cultura.com\/wp-content\/uploads\/willy-und-wirtin-300x225.jpg 300w,https:\/\/forte-cultura.com\/wp-content\/uploads\/willy-und-wirtin.jpg 854w\" sizes=\"auto, 250px\"><\/a><div class=\"sgb-item-caption\"><em>Willy und die Wirtin, Wilhelmsburg Ulm (DE)<\/em><\/div><\/div><div class=\"sgb-item\"><a href=\"https:\/\/forte-cultura.com\/willy-und-wirtin-ulm\/\" target=\"_blank\"><img decoding=\"async\" alt=\"\" width=\"300\" height=\"189\" loading=\"lazy\" src=\"https:\/\/forte-cultura.com\/wp-content\/uploads\/Willy-und-Wirtin-Ulm-300x189.jpg\" srcset=\"https:\/\/forte-cultura.com\/wp-content\/uploads\/Willy-und-Wirtin-Ulm-300x189.jpg 300w,https:\/\/forte-cultura.com\/wp-content\/uploads\/Willy-und-Wirtin-Ulm.jpg 310w\" sizes=\"auto, 250px\"><\/a><div class=\"sgb-item-caption\"><em>Willy und Wirtin, Wilhelmsburg Ulm (DE)<\/em><\/div><\/div><\/div><\/noscript><\/div><script type=\"application\/json\" class=\"sgb-data\">{\"externalLink\":false,\"captions\":false,\"collectionthumbRoundedCorners\":5,\"galleryType\":\"pgc_sgb_grid\",\"galleryId\":\"57488144\",\"images\":[{\"id\":1046,\"title\":\"Wilhelmsburg-Ulm\",\"url\":\"https:\/\/forte-cultura.com\/wp-content\/uploads\/Wilhelmsburg-Ulm.jpg\",\"link\":\"https:\/\/forte-cultura.com\/ulm-de\/wilhelmsburg-ulm\/\",\"alt\":\"\",\"description\":\"Wilhelmsburg in der Bundesfestung Ulm (DE)\",\"caption\":\"Wilhelmsburg in der Bundesfestung Ulm (DE)\",\"mime\":\"image\/jpeg\",\"type\":\"image\",\"width\":1200,\"height\":800,\"sizes\":{\"thumbnail\":{\"height\":150,\"width\":150,\"url\":\"https:\/\/forte-cultura.com\/wp-content\/uploads\/Wilhelmsburg-Ulm-150x150.jpg\",\"orientation\":\"landscape\"},\"medium\":{\"height\":200,\"width\":300,\"url\":\"https:\/\/forte-cultura.com\/wp-content\/uploads\/Wilhelmsburg-Ulm-300x200.jpg\",\"orientation\":\"landscape\"},\"large\":{\"height\":683,\"width\":1024,\"url\":\"https:\/\/forte-cultura.com\/wp-content\/uploads\/Wilhelmsburg-Ulm-1024x683.jpg\",\"orientation\":\"landscape\"},\"full\":{\"url\":\"https:\/\/forte-cultura.com\/wp-content\/uploads\/Wilhelmsburg-Ulm.jpg\",\"height\":800,\"width\":1200,\"orientation\":\"landscape\"}},\"imageMeta\":{\"aperture\":\"0\",\"credit\":\"\",\"camera\":\"\",\"caption\":\"\",\"created_timestamp\":\"0\",\"copyright\":\"\",\"focal_length\":\"0\",\"iso\":\"0\",\"shutter_speed\":\"0\",\"title\":\"\",\"orientation\":\"0\",\"keywords\":[]},\"meta\":false,\"postlink\":\"https:\/\/forte-cultura.com\/ulm-de\/wilhelmsburg-ulm\/\"},{\"id\":1238,\"title\":\"willy und wirtin\",\"url\":\"https:\/\/forte-cultura.com\/wp-content\/uploads\/willy-und-wirtin.jpg\",\"link\":\"https:\/\/forte-cultura.com\/willy-und-die-wirtin-einem-geist-auf-der-spur\/willy-und-wirtin\/\",\"alt\":\"\",\"description\":\"Willy und die Wirtin, Kost\u00fcmf\u00fchrung in der Wilhelmsburg Ulm (DE)\",\"caption\":\"Willy und die Wirtin, Wilhelmsburg Ulm (DE)\",\"mime\":\"image\/jpeg\",\"type\":\"image\",\"width\":854,\"height\":640,\"sizes\":{\"thumbnail\":{\"height\":150,\"width\":150,\"url\":\"https:\/\/forte-cultura.com\/wp-content\/uploads\/willy-und-wirtin-150x150.jpg\",\"orientation\":\"landscape\"},\"medium\":{\"height\":225,\"width\":300,\"url\":\"https:\/\/forte-cultura.com\/wp-content\/uploads\/willy-und-wirtin-300x225.jpg\",\"orientation\":\"landscape\"},\"full\":{\"url\":\"https:\/\/forte-cultura.com\/wp-content\/uploads\/willy-und-wirtin.jpg\",\"height\":640,\"width\":854,\"orientation\":\"landscape\"}},\"imageMeta\":{\"aperture\":\"0\",\"credit\":\"\",\"camera\":\"\",\"caption\":\"\",\"created_timestamp\":\"0\",\"copyright\":\"\",\"focal_length\":\"0\",\"iso\":\"0\",\"shutter_speed\":\"0\",\"title\":\"\",\"orientation\":\"0\",\"keywords\":[]},\"meta\":false,\"postlink\":\"https:\/\/forte-cultura.com\/willy-und-die-wirtin-einem-geist-auf-der-spur\/willy-und-wirtin\/\"},{\"id\":406,\"title\":\"Willy und Wirtin Ulm\",\"url\":\"https:\/\/forte-cultura.com\/wp-content\/uploads\/Willy-und-Wirtin-Ulm.jpg\",\"link\":\"https:\/\/forte-cultura.com\/willy-und-wirtin-ulm\/\",\"alt\":\"\",\"description\":\"Willy und Wirtin, Kost\u00fcmf\u00fchrung in der Wilhelmsburg Ulm (DE)\",\"caption\":\"Willy und Wirtin, Wilhelmsburg Ulm (DE)\",\"mime\":\"image\/jpeg\",\"type\":\"image\",\"width\":310,\"height\":195,\"sizes\":{\"thumbnail\":{\"height\":150,\"width\":150,\"url\":\"https:\/\/forte-cultura.com\/wp-content\/uploads\/Willy-und-Wirtin-Ulm-150x150.jpg\",\"orientation\":\"landscape\"},\"medium\":{\"height\":189,\"width\":300,\"url\":\"https:\/\/forte-cultura.com\/wp-content\/uploads\/Willy-und-Wirtin-Ulm-300x189.jpg\",\"orientation\":\"landscape\"},\"full\":{\"url\":\"https:\/\/forte-cultura.com\/wp-content\/uploads\/Willy-und-Wirtin-Ulm.jpg\",\"height\":195,\"width\":310,\"orientation\":\"landscape\"}},\"imageMeta\":{\"aperture\":\"0\",\"credit\":\"\",\"camera\":\"\",\"caption\":\"\",\"created_timestamp\":\"0\",\"copyright\":\"\",\"focal_length\":\"0\",\"iso\":\"0\",\"shutter_speed\":\"0\",\"title\":\"\",\"orientation\":\"1\",\"keywords\":[]},\"meta\":false,\"postlink\":\"https:\/\/forte-cultura.com\/willy-und-wirtin-ulm\/\"}],\"TrpContentRestriction\":{\"restriction_type\":\"exclude\",\"selected_languages\":[],\"panel_open\":true},\"itemsMetaDataCollection\":[]}<\/script><script>(function(){if(window.PGC_SGB && window.PGC_SGB.searcher){window.PGC_SGB.searcher.initBlocks()}})()<\/script><\/div>\n\n\n<p class=\" eplus-wrapper\">Die F\u00fchrung wird von J\u00f6rg Zenker und Gaby Fischer von der Theatergruppe Schaulustiges Ulm durchgef\u00fchrt.<\/p>\n<\/div>\n\n\n\n<div class=\"wp-block-column eplus-wrapper is-layout-flow wp-container-core-column-is-layout-4d123836 wp-block-column-is-layout-flow\" style=\"padding-right:var(--wp--preset--spacing--20);padding-left:var(--wp--preset--spacing--20);flex-basis:33.33%\"><div class=\"wp-block-columns has-custom-verlauf-1-gradient-background has-background eplus-wrapper is-layout-flex wp-container-core-columns-is-layout-a07062ff wp-block-columns-is-layout-flex eplus-styles-uid-b9f015\" style=\"border-radius:5px;margin-top:0;margin-bottom:var(--wp--preset--spacing--20);padding-top:var(--wp--preset--spacing--10);padding-right:var(--wp--preset--spacing--20);padding-bottom:var(--wp--preset--spacing--10);padding-left:var(--wp--preset--spacing--20)\">\n<div class=\"wp-block-column eplus-wrapper is-layout-flow wp-block-column-is-layout-flow\" style=\"flex-basis:33.33%\">\n<figure class=\" wp-block-image aligncenter size-full eplus-wrapper\"><img loading=\"lazy\" decoding=\"async\" width=\"278\" height=\"175\" src=\"https:\/\/forte-cultura.com\/wp-content\/uploads\/Torwaechter-Ulm.jpg\" alt=\"\" class=\"wp-image-404\" srcset=\"https:\/\/forte-cultura.com\/wp-content\/uploads\/Torwaechter-Ulm.jpg 278w, https:\/\/forte-cultura.com\/wp-content\/uploads\/Torwaechter-Ulm-200x126.jpg 200w\" sizes=\"auto, (max-width: 278px) 100vw, 278px\" \/><figcaption class=\"wp-element-caption\">J\u00f6rg Zenker alias &#8222;Willy&#8220;<\/figcaption><\/figure>\n<\/div>\n\n\n\n<div class=\"wp-block-column eplus-wrapper is-layout-flow wp-block-column-is-layout-flow\" style=\"flex-basis:66.66%\">\n<p class=\"has-text-align-right has-custom-farbe-1-color has-text-color has-link-color eplus-wrapper wp-elements-25e91d6d8f16049e1979de4bad336125\"><strong>J\u00f6rg Zenker<\/strong><\/p>\n\n\n\n<p class=\" has-text-align-right has-heading-font-family eplus-wrapper\" style=\"margin-top:0;margin-bottom:0;font-size:clamp(0.875em, 0.875rem + ((1vw - 0.2em) * 0.042), 0.9em);line-height:1.3\">G\u00e4stef\u00fchrer mit <br>FORTE CULTURA Zertifikat<\/p>\n\n\n\n<p class=\" has-text-align-right eplus-wrapper\" style=\"font-size:clamp(0.875rem, 0.875rem + ((1vw - 0.2rem) * 0.042), 0.9rem);\">im Auftrag <br>Tourist-Information Ulm\/ Neu-Ulm (Stadthaus) <br><a href=\"http:\/\/www.zitadelle-mainz.de\" target=\"_blank\" rel=\"noreferrer noopener\">www.zitadelle-mainz.de<\/a><\/p>\n<\/div>\n<\/div>\n\n\n<h4 class=\" wp-block-heading has-text-align-center eplus-wrapper\"><strong>Hinweise zur G\u00e4stef\u00fchrung<\/strong><\/h4>\n\n\n\n<p class=\" has-text-align-center eplus-wrapper\"><strong>Dauer<\/strong>: ca. 90 Minuten<br><strong>Preis<\/strong>: 20,00 \u20ac pro Person, <\/p>\n\n\n<div class=\"wp-block-buttons eplus-wrapper is-content-justification-center is-layout-flex wp-container-core-buttons-is-layout-3bc9e530 wp-block-buttons-is-layout-flex eplus-styles-uid-f5efd0\" style=\"margin-top:var(--wp--preset--spacing--20);margin-bottom:var(--wp--preset--spacing--20)\"><div class=\" wp-block-button has-custom-width wp-block-button__width-100 has-custom-font-size has-medium-font-size eplus-wrapper eplus-styles-uid-0d9ff3\"><a class=\"wp-block-button__link wp-element-button\" href=\"https:\/\/tourismus.ulm.de\/web\/de\/service-und-angebote\/stadtfuehrungen\/erlebnisfuehrungen\/willy_und_die_wirtin.php\" style=\"padding-top:var(--wp--preset--spacing--10);padding-bottom:var(--wp--preset--spacing--10)\" target=\"_blank\" rel=\"noreferrer noopener\"><strong>Onlinebuchung oder Anfrage f\u00fcr Gruppenf\u00fchrungen<\/strong><\/a><\/div><\/div>\n\n\n<p class=\" has-text-align-center has-small-font-size eplus-wrapper\"><strong>Treffpunkt<\/strong>:<br>Aussichtsturm Michelsberg, Prittwitzstra\u00dfe 100, 89073 Ulm<\/p>\n\n\n\n<p class=\" has-text-align-center eplus-wrapper\" style=\"font-size:clamp(0.875em, 0.875rem + ((1vw - 0.2em) * 0.042), 0.9em);\"><strong>Festes Schuhwerk, eine Taschenlampe sowie w\u00e4rmende Kleidung sind ratsam.<\/strong><\/p>\n\n\n\n<p class=\" has-text-align-center eplus-wrapper\" style=\"font-size:clamp(0.875em, 0.875rem + ((1vw - 0.2em) * 0.042), 0.9em);\">Bitte beachten Sie, dass der Besuch der Wilhelmsburg Ulm grunds\u00e4tzlich auf eigene Gefahr erfolgt, auch im Rahmen von F\u00fchrungen \u00fcbernehmen die Tourist-Information Ulm\/ Neu-Ulm und die F\u00fchrenden keinerlei Haftung. Rechtlicher Tr\u00e4ger des beschriebenen Angebotes und alleinig f\u00fcr dessen Inhalte haftend ist der Veranstalter: J\u00f6rg Zenker<\/p>\n\n\n\n<hr class=\" wp-block-separator aligncenter has-alpha-channel-opacity eplus-wrapper\" style=\"margin-top:var(--wp--preset--spacing--20);margin-bottom:var(--wp--preset--spacing--20)\">\n\n\n\n<p class=\" has-text-align-center has-small-font-size eplus-wrapper\"><em><a href=\"https:\/\/forte-cultura.com\/wp-content\/uploads\/Ulm_Willy-und-die-Wirtin-DE.pdf\" target=\"_blank\" rel=\"noreferrer noopener\">Diese G\u00e4stef\u00fchrung als PDF downloaden.<\/a><\/em><\/p>\n<\/div>\n<\/div>\n\n\n<hr class=\" wp-block-separator alignwide has-text-color has-accent-2-color has-alpha-channel-opacity has-accent-2-background-color has-background eplus-wrapper\" style=\"margin-top:var(--wp--preset--spacing--30);margin-bottom:var(--wp--preset--spacing--10)\"\/>\n\n\n<div class=\"wp-block-columns alignwide are-vertically-aligned-center has-custom-farbe-1-gradient-background has-background eplus-wrapper is-layout-flex wp-container-core-columns-is-layout-93b636f3 wp-block-columns-is-layout-flex eplus-styles-uid-a80c2e\" style=\"padding-top:var(--wp--preset--spacing--10);padding-right:0;padding-bottom:var(--wp--preset--spacing--10);padding-left:0\">\n<div class=\"wp-block-column is-vertically-aligned-center eplus-wrapper is-layout-flow wp-block-column-is-layout-flow\" style=\"padding-top:0;padding-right:0;padding-bottom:0;padding-left:0;flex-basis:33.33%\">\n<figure class=\" wp-block-image aligncenter size-large is-resized eplus-wrapper\"><img loading=\"lazy\" decoding=\"async\" width=\"1024\" height=\"977\" src=\"https:\/\/forte-cultura.com\/wp-content\/uploads\/FoCu-Logo_weiss-transparent-1024x977.png\" alt=\"\" class=\"wp-image-439\" style=\"width:97px;height:auto\" srcset=\"https:\/\/forte-cultura.com\/wp-content\/uploads\/FoCu-Logo_weiss-transparent-1024x977.png 1024w, https:\/\/forte-cultura.com\/wp-content\/uploads\/FoCu-Logo_weiss-transparent-300x286.png 300w, https:\/\/forte-cultura.com\/wp-content\/uploads\/FoCu-Logo_weiss-transparent-768x733.png 768w, https:\/\/forte-cultura.com\/wp-content\/uploads\/FoCu-Logo_weiss-transparent-1536x1465.png 1536w, https:\/\/forte-cultura.com\/wp-content\/uploads\/FoCu-Logo_weiss-transparent-2048x1954.png 2048w, https:\/\/forte-cultura.com\/wp-content\/uploads\/FoCu-Logo_weiss-transparent-200x191.png 200w\" sizes=\"auto, (max-width: 1024px) 100vw, 1024px\" \/><\/figure>\n<\/div>\n\n\n\n<div class=\"wp-block-column is-vertically-aligned-center eplus-wrapper is-layout-flow wp-block-column-is-layout-flow\" style=\"flex-basis:66.66%\">\n<p class=\"has-text-align-center has-base-2-color has-text-color has-link-color eplus-wrapper wp-elements-3b56f3bd9dcbb37d2a33d4c8da274df2\">J\u00f6rg Zenker ist G\u00e4stef\u00fchrer mit FORTE CULTURA Zertifikat.<\/p>\n<\/div>\n<\/div>","protected":false},"excerpt":{"rendered":"<p>Visita guidata di FORTE CULTURA: Fortezza Federale di Ulm (DE); Nella locanda \"Zum dreggada Spatz\", la padrona di casa Kreszenz trova solo una chiave persa dai soldati che avevano pagato il carbone. La chiave corrisponde alla Wilhelmsburg! Mentre riscuote il suo giusto salario, la padrona di casa si mette alla ricerca, nonostante le voci che dicono che il castello sia infestato...<\/p>","protected":false},"author":1,"featured_media":1240,"comment_status":"open","ping_status":"open","sticky":false,"template":"","format":"standard","meta":{"editor_plus_copied_stylings":"{}","pgc_sgb_lightbox_settings":"","_price":"","_stock":"","_tribe_ticket_header":"","_tribe_default_ticket_provider":"","_tribe_ticket_capacity":"0","_ticket_start_date":"","_ticket_end_date":"","_tribe_ticket_show_description":"","_tribe_ticket_show_not_going":false,"_tribe_ticket_use_global_stock":"","_tribe_ticket_global_stock_level":"","_global_stock_mode":"","_global_stock_cap":"","_tribe_rsvp_for_event":"","_tribe_ticket_going_count":"","_tribe_ticket_not_going_count":"","_tribe_tickets_list":"[]","_tribe_ticket_has_attendee_info_fields":false,"_EventAllDay":false,"_EventTimezone":"","_EventStartDate":"","_EventEndDate":"","_EventStartDateUTC":"","_EventEndDateUTC":"","_EventShowMap":false,"_EventShowMapLink":false,"_EventURL":"","_EventCost":"","_EventCostDescription":"","_EventCurrencySymbol":"","_EventCurrencyCode":"","_EventCurrencyPosition":"","_EventDateTimeSeparator":"","_EventTimeRangeSeparator":"","_EventOrganizerID":[],"_EventVenueID":[],"_OrganizerEmail":"","_OrganizerPhone":"","_OrganizerWebsite":"","_VenueAddress":"","_VenueCity":"","_VenueCountry":"","_VenueProvince":"","_VenueState":"","_VenueZip":"","_VenuePhone":"","_VenueURL":"","_VenueStateProvince":"","_VenueLat":"","_VenueLng":"","_VenueShowMap":false,"_VenueShowMapLink":false,"footnotes":""},"categories":[13],"tags":[90,52,461,93,460,15,91,92],"class_list":["post-1235","post","type-post","status-publish","format-standard","has-post-thumbnail","hentry","category-guided-tours","tag-bundesfestung-ulm","tag-donau","tag-familie","tag-joerg-zenker","tag-kids","tag-kostuemfuehrung","tag-spuk","tag-wilhelmsburg-ulm"],"_links":{"self":[{"href":"https:\/\/forte-cultura.com\/it\/wp-json\/wp\/v2\/posts\/1235","targetHints":{"allow":["GET"]}}],"collection":[{"href":"https:\/\/forte-cultura.com\/it\/wp-json\/wp\/v2\/posts"}],"about":[{"href":"https:\/\/forte-cultura.com\/it\/wp-json\/wp\/v2\/types\/post"}],"author":[{"embeddable":true,"href":"https:\/\/forte-cultura.com\/it\/wp-json\/wp\/v2\/users\/1"}],"replies":[{"embeddable":true,"href":"https:\/\/forte-cultura.com\/it\/wp-json\/wp\/v2\/comments?post=1235"}],"version-history":[{"count":0,"href":"https:\/\/forte-cultura.com\/it\/wp-json\/wp\/v2\/posts\/1235\/revisions"}],"wp:featuredmedia":[{"embeddable":true,"href":"https:\/\/forte-cultura.com\/it\/wp-json\/wp\/v2\/media\/1240"}],"wp:attachment":[{"href":"https:\/\/forte-cultura.com\/it\/wp-json\/wp\/v2\/media?parent=1235"}],"wp:term":[{"taxonomy":"category","embeddable":true,"href":"https:\/\/forte-cultura.com\/it\/wp-json\/wp\/v2\/categories?post=1235"},{"taxonomy":"post_tag","embeddable":true,"href":"https:\/\/forte-cultura.com\/it\/wp-json\/wp\/v2\/tags?post=1235"}],"curies":[{"name":"wp","href":"https:\/\/api.w.org\/{rel}","templated":true}]}}