{"id":887,"date":"2023-11-25T15:05:35","date_gmt":"2023-11-25T14:05:35","guid":{"rendered":"https:\/\/forte-cultura.com\/?p=887"},"modified":"2026-02-28T11:39:37","modified_gmt":"2026-02-28T10:39:37","slug":"la-linea-de-la-concepcion-es","status":"publish","type":"post","link":"https:\/\/forte-cultura.com\/fr\/la-linea-de-la-concepcion-es\/","title":{"rendered":"La L\u00ednea de la Concepci\u00f3n (ES)"},"content":{"rendered":"<div class=\"wp-block-columns alignwide eplus-wrapper is-layout-flex wp-container-core-columns-is-layout-28f84493 wp-block-columns-is-layout-flex eplus-styles-uid-2d90a6\">\n<div class=\"wp-block-column eplus-wrapper is-layout-flow wp-block-column-is-layout-flow\" style=\"flex-basis:80%\"><p class=\" eplus-wrapper eplus-styles-uid-e7c803\"><em>FORTE CULTURA Station: Verteidigungslinien La L\u00ednea de la Concepci\u00f3n (ES)<\/em><\/p>\n\n\n<h2 class=\" wp-block-heading alignwide has-large-font-size eplus-wrapper\"><strong>Verteidigungsbollwerk gegen Gibraltar<\/strong><\/h2>\n\n\n\n<h3 class=\"is-style-default wp-block-heading alignwide eplus-wrapper\" style=\"margin-top:var(--wp--preset--spacing--10);margin-bottom:var(--wp--preset--spacing--10);font-size:clamp(1.092rem, 1.092rem + ((1vw - 0.2rem) * 1.013), 1.7rem);\"><em>Forts und Bunker aus 300 Jahren Befestigungsgeschichte<\/em><\/h3>\n\n\n\n<p class=\" eplus-wrapper\">Ab 1730 befestigte sich Spanien an der Nordgrenze der Halbinsel von Gibraltar, nachdem es zuvor vergeblich versucht hatte, den von England 1704 in Besitz genommenen Felsen von Gibraltar zur\u00fcckzuerobern. Unter enormem Aufwand entstand eine Verteidigungslinie von K\u00fcste zu K\u00fcste mit 2 Forts und 5 Bastionen und Batterien \u2013 die L\u00ednea de Contravalaci\u00f3n de Gibraltar.<\/p>\n\n\n\n<p class=\" eplus-wrapper\">Die Stadt La L\u00ednea entstand offiziell erst 1870 an dieser Stelle, das Stadtrecht wurde 1913 von K\u00f6nig Alfonso XIII. verliehen.<\/p>\n\n\n\n<p class=\" eplus-wrapper\">Zwischen 1940 und 1944 wurde die Landenge erneut gegen die britische Kronkolonie Gibraltar befestigt. Diesmal mit verbunkerten Artilleriestellungen, Maschinengewehrnestern, Wacht\u00fcrmen, Vermittlungszentralen und Kommandoposten, die teilweise auf den Bauwerken der Festungslinie des 18. Jahrhunderts errichtet wurden. Diese Bunker waren Bestandteil eines weitaus gr\u00f6\u00dferen Verteidigungsriegels mit insgesamt 478 Bauwerken, der sich entlang der K\u00fcsten von Conil de la Frontera am Atlantik bis hin zur M\u00fcndung des Flusses Guardiaro ins Mittelmeer erstreckte.<\/p>\n\n\n\n<p class=\" eplus-wrapper\">Die au\u00dferordentliche Geschichte der Region l\u00e4sst sich heute in der modernen Grenz- und K\u00fcstenstadt gut nachvollziehen und erlangt aus aktuellem Anlass wieder eine gro\u00dfe Bedeutung.<\/p>\n<\/div>\n\n\n\n<div class=\"wp-block-column eplus-wrapper is-layout-flow wp-block-column-is-layout-flow\" style=\"flex-basis:20%\"><figure class=\" wp-block-image aligncenter size-large is-resized eplus-wrapper eplus-styles-uid-7a77bb\"><a href=\"https:\/\/forte-cultura.com\/wp-content\/uploads\/FoCu-Flyer-La-Linea_DE_finalweb.pdf\" target=\"_blank\" rel=\"noreferrer noopener\"><img decoding=\"async\" src=\"https:\/\/forte-cultura.com\/wp-content\/uploads\/Screenshot-2026-02-28-104809.png\" alt=\"\" style=\"aspect-ratio:0.47941298793892223;object-fit:cover;width:160px;height:auto\"><\/a><figcaption class=\"wp-element-caption\"><a href=\"https:\/\/forte-cultura.com\/wp-content\/uploads\/FoCu-Flyer-La-Linea_DE_finalweb.pdf\" target=\"_blank\" rel=\"noreferrer noopener\">FORTE CULTURA Info-Flyer Verteidigungslinien La L\u00ednea de la Concepci\u00f3n<\/a><\/figcaption><\/figure><\/div>\n<\/div>\n\n\n<hr class=\" wp-block-separator alignwide has-text-color has-accent-2-color has-alpha-channel-opacity has-accent-2-background-color has-background eplus-wrapper\" style=\"margin-top:var(--wp--preset--spacing--30);margin-bottom:var(--wp--preset--spacing--30)\"\/>\n\n\n<div class=\"wp-block-columns alignwide eplus-wrapper is-layout-flex wp-container-core-columns-is-layout-28f84493 wp-block-columns-is-layout-flex eplus-styles-uid-ca90e6\">\n<div class=\"wp-block-column eplus-wrapper is-layout-flow wp-block-column-is-layout-flow\"><div class=\"wp-block-columns eplus-wrapper is-layout-flex wp-container-core-columns-is-layout-28f84493 wp-block-columns-is-layout-flex eplus-styles-uid-985376\">\n<div class=\"wp-block-column eplus-wrapper is-layout-flow wp-block-column-is-layout-flow\" style=\"flex-basis:7.8%\">\n<figure class=\" wp-block-image size-full is-resized eplus-wrapper\"><img loading=\"lazy\" decoding=\"async\" width=\"445\" height=\"483\" src=\"https:\/\/forte-cultura.com\/wp-content\/uploads\/portrait-icon_EN-2.png\" alt=\"\" class=\"wp-image-1410\" style=\"width:89px;height:auto\" srcset=\"https:\/\/forte-cultura.com\/wp-content\/uploads\/portrait-icon_EN-2.png 445w, https:\/\/forte-cultura.com\/wp-content\/uploads\/portrait-icon_EN-2-276x300.png 276w, https:\/\/forte-cultura.com\/wp-content\/uploads\/portrait-icon_EN-2-200x217.png 200w\" sizes=\"auto, (max-width: 445px) 100vw, 445px\" \/><\/figure>\n<\/div>\n\n\n\n<div class=\"wp-block-column is-vertically-aligned-bottom eplus-wrapper is-layout-flow wp-block-column-is-layout-flow\" style=\"flex-basis:90%\">\n<h2 class=\"wp-block-heading has-custom-farbe-1-color has-text-color has-link-color has-large-font-size eplus-wrapper wp-elements-3e78412c7ea3fc0a006859deb25803c4\"><strong>Lernen Sie die Verteidigungslinien in La L\u00ednea<strong> <\/strong>kennen<\/strong>:<\/h2>\n<\/div>\n<\/div>\n\n\n<div class=\"wp-block-kadence-accordion aligncenter\"><div class=\"kt-accordion-wrap kt-accordion-id887_344fe7-71 kt-accordion-has-6-panes kt-active-pane-0 kt-accordion-block kt-pane-header-alignment-left kt-accodion-icon-style-basic kt-accodion-icon-side-right\" style=\"max-width:none\"><div class=\"kt-accordion-inner-wrap\" data-allow-multiple-open=\"true\" data-start-open=\"none\">\n<div class=\"wp-block-kadence-pane kt-accordion-pane kt-accordion-pane-1 kt-pane887_9f79f7-6b\"><div class=\"kt-accordion-header-wrap\"><button class=\"kt-blocks-accordion-header kt-acccordion-button-label-show\" type=\"button\"><span class=\"kt-blocks-accordion-title-wrap\"><span class=\"kt-blocks-accordion-title\">Monument und Erlebnis<\/span><\/span><span class=\"kt-blocks-accordion-icon-trigger\"><\/span><\/button><\/div><div class=\"kt-accordion-panel kt-accordion-panel-hidden\"><div class=\"kt-accordion-panel-inner\"><div class=\"wp-block-columns is-not-stacked-on-mobile has-background eplus-wrapper is-layout-flex wp-container-core-columns-is-layout-6fff4716 wp-block-columns-is-layout-flex eplus-styles-uid-a729be\" style=\"border-radius:5px;background:linear-gradient(0deg,rgb(228,222,208) 0%,rgb(242,236,221) 52%,rgb(228,222,208) 95%);margin-bottom:10px\">\n<div class=\"wp-block-column is-vertically-aligned-center eplus-wrapper is-layout-flow wp-block-column-is-layout-flow\" style=\"flex-basis:4.4%\">\n<figure class=\" wp-block-image aligncenter size-full eplus-wrapper\"><img loading=\"lazy\" decoding=\"async\" width=\"96\" height=\"38\" src=\"https:\/\/forte-cultura.com\/wp-content\/uploads\/grenzlinien_mittel.png\" alt=\"\" class=\"wp-image-1908\" style=\"object-fit:cover\" srcset=\"https:\/\/forte-cultura.com\/wp-content\/uploads\/grenzlinien_mittel.png 96w, https:\/\/forte-cultura.com\/wp-content\/uploads\/grenzlinien_mittel-18x7.png 18w\" sizes=\"auto, (max-width: 96px) 100vw, 96px\" \/><\/figure>\n<\/div>\n\n\n\n<div class=\"wp-block-column eplus-wrapper is-layout-flow wp-block-column-is-layout-flow\" style=\"flex-basis:10%\">\n<figure class=\" wp-block-image size-full eplus-wrapper\"><img loading=\"lazy\" decoding=\"async\" width=\"100\" height=\"49\" src=\"https:\/\/forte-cultura.com\/wp-content\/uploads\/wwline.png\" alt=\"\" class=\"wp-image-1920\" style=\"object-fit:cover\" srcset=\"https:\/\/forte-cultura.com\/wp-content\/uploads\/wwline.png 100w, https:\/\/forte-cultura.com\/wp-content\/uploads\/wwline-18x9.png 18w\" sizes=\"auto, (max-width: 100px) 100vw, 100px\" \/><\/figure>\n<\/div>\n\n\n\n<div class=\"wp-block-column is-vertically-aligned-center eplus-wrapper is-layout-flow wp-block-column-is-layout-flow\" style=\"flex-basis:70%\">\n<p style=\"font-size:clamp(0.875rem, 0.875rem + ((1vw - 0.2rem) * 0.125), 0.95rem);\" class=\" eplus-wrapper\"><em>La L\u00ednea de la Concepci\u00f3n war eine Verteidigungslinie des 18. Jh., als Riegel gegen die Halbinsel Gibraltar. Im Zweiten Weltkrieg wurde entlang der K\u00fcstenlinien zwischen C\u00e1diz und La L\u00ednea eine massive Bunkerlinie erg\u00e4nzt<\/em>.<\/p>\n<\/div>\n<\/div>\n\n<div class=\"wp-block-columns are-vertically-aligned-center has-border-color has-accent-border-color has-base-background-color has-background eplus-wrapper is-layout-flex wp-container-core-columns-is-layout-88ebb0ee wp-block-columns-is-layout-flex eplus-styles-uid-c9f3ba\" style=\"border-width:1px;border-radius:5px;padding-top:var(--wp--preset--spacing--10);padding-right:var(--wp--preset--spacing--10);padding-bottom:var(--wp--preset--spacing--10);padding-left:var(--wp--preset--spacing--10)\">\n<div class=\"wp-block-column is-vertically-aligned-center eplus-wrapper is-layout-flow wp-container-core-column-is-layout-28686296 wp-block-column-is-layout-flow\" style=\"padding-top:5px;padding-right:5px;padding-bottom:5px;padding-left:5px;flex-basis:24%\"><figure data-wp-context='{\"imageId\":\"69f5eb408731e\"}' data-wp-interactive=\"core\/image\" data-wp-key=\"69f5eb408731e\" class=\"wp-block-image aligncenter size-large is-resized eplus-wrapper eplus-styles-uid-70f882 wp-lightbox-container\" style=\"margin-top:5px;margin-right:5px;margin-bottom:5px;margin-left:5px\"><img loading=\"lazy\" decoding=\"async\" width=\"1024\" height=\"768\" data-wp-class--hide=\"state.isContentHidden\" data-wp-class--show=\"state.isContentVisible\" data-wp-init=\"callbacks.setButtonStyles\" data-wp-on--click=\"actions.showLightbox\" data-wp-on--load=\"callbacks.setButtonStyles\" data-wp-on-window--resize=\"callbacks.setButtonStyles\" src=\"https:\/\/forte-cultura.com\/wp-content\/uploads\/fuerte_de_Santa_Barbara1-1024x768.jpg\" alt=\"\" class=\"wp-image-4475\" style=\"width:287px;height:auto\" srcset=\"https:\/\/forte-cultura.com\/wp-content\/uploads\/fuerte_de_Santa_Barbara1-1024x768.jpg 1024w, https:\/\/forte-cultura.com\/wp-content\/uploads\/fuerte_de_Santa_Barbara1-300x225.jpg 300w, https:\/\/forte-cultura.com\/wp-content\/uploads\/fuerte_de_Santa_Barbara1-768x576.jpg 768w, https:\/\/forte-cultura.com\/wp-content\/uploads\/fuerte_de_Santa_Barbara1-1536x1152.jpg 1536w, https:\/\/forte-cultura.com\/wp-content\/uploads\/fuerte_de_Santa_Barbara1-16x12.jpg 16w, https:\/\/forte-cultura.com\/wp-content\/uploads\/fuerte_de_Santa_Barbara1.jpg 1600w\" sizes=\"auto, (max-width: 1024px) 100vw, 1024px\" \/><button class=\"lightbox-trigger\" type=\"button\" aria-haspopup=\"dialog\" aria-label=\"Agrandir\" data-wp-init=\"callbacks.initTriggerButton\" data-wp-on--click=\"actions.showLightbox\" data-wp-style--right=\"state.imageButtonRight\" data-wp-style--top=\"state.imageButtonTop\">\n\t\t\t<svg xmlns=\"http:\/\/www.w3.org\/2000\/svg\" width=\"12\" height=\"12\" fill=\"none\" viewbox=\"0 0 12 12\">\n\t\t\t\t<path fill=\"#fff\" d=\"M2 0a2 2 0 0 0-2 2v2h1.5V2a.5.5 0 0 1 .5-.5h2V0H2Zm2 10.5H2a.5.5 0 0 1-.5-.5V8H0v2a2 2 0 0 0 2 2h2v-1.5ZM8 12v-1.5h2a.5.5 0 0 0 .5-.5V8H12v2a2 2 0 0 1-2 2H8Zm2-12a2 2 0 0 1 2 2v2h-1.5V2a.5.5 0 0 0-.5-.5H8V0h2Z\"><\/path>\n\t\t\t<\/svg>\n\t\t<\/button><\/figure><\/div>\n\n\n\n<div class=\"wp-block-column is-vertically-aligned-center eplus-wrapper is-layout-flow wp-container-core-column-is-layout-2ad53c50 wp-block-column-is-layout-flow\" style=\"padding-top:5px;padding-right:5px;padding-bottom:5px;padding-left:5px;flex-basis:70%\">\n<p class=\" has-medium-font-size eplus-wrapper\" style=\"font-style:normal;font-weight:400\"><strong>Ruinen des Forts Santa Barbara<\/strong><\/p>\n\n\n\n<p style=\"font-size:clamp(0.875rem, 0.875rem + ((1vw - 0.2rem) * 0.042), 0.9rem);font-style:normal;font-weight:400;line-height:1.3\" class=\" eplus-wrapper\">Das Fort Santa Barbara war das \u00f6stliche Fort der Verteidigungslinie L\u00ednea de Contravalaci\u00f3n de Gibraltar (Linie der Schm\u00e4hung), die sich im 18. Jahrhundert quer \u00fcber den Isthmus erstreckte. Es wurde 1730 durch die Spanier erbaut. Die Zerst\u00f6rung des Forts und der gesamten Linie erfolgte bereits 1810 in spanisch-englischem Einvernehmen. Beide Seiten bef\u00fcrchteten, Napoleon k\u00f6nne den befestigten Standort einnehmen und die vorhandenen Festungsanlagen sowohl gegen Spanien als auch England einsetzen.<\/p>\n\n\n\n<p style=\"font-size:clamp(0.875rem, 0.875rem + ((1vw - 0.2rem) * 0.042), 0.9rem);font-style:normal;font-weight:400;line-height:1.3\" class=\" eplus-wrapper\">Die Ruinen wurden 1994 zum nationalen Kulturerbe Spaniens erkl\u00e4rt. Von Levante Strand aus kann man den Umfang des ehemaligen Forts Santa Barbara auch heute noch gut erkennen.<\/p>\n\n\n\n<div class=\"wp-block-buttons eplus-wrapper is-content-justification-center is-layout-flex wp-container-core-buttons-is-layout-a89b3969 wp-block-buttons-is-layout-flex\"><div class=\" wp-block-button eplus-wrapper eplus-styles-uid-76eb47\"><a class=\"wp-block-button__link wp-element-button\" href=\"http:\/\/www.turismocampodegibraltar.com\/la_linea_de_la_concepcion\/que-visitar\/Las-Fortificaciones-del-S.-XVIII\/\" target=\"_blank\" rel=\"noreferrer noopener\">Die Festungsanlagen aus dem 18. Jahrhundert<\/a><\/div><\/div>\n<\/div>\n<\/div>\n\n<div class=\"wp-block-columns has-border-color has-accent-border-color has-base-background-color has-background eplus-wrapper is-layout-flex wp-container-core-columns-is-layout-88ebb0ee wp-block-columns-is-layout-flex eplus-styles-uid-ce06c5\" style=\"border-width:1px;border-radius:5px;padding-top:var(--wp--preset--spacing--10);padding-right:var(--wp--preset--spacing--10);padding-bottom:var(--wp--preset--spacing--10);padding-left:var(--wp--preset--spacing--10)\">\n<div class=\"wp-block-column is-vertically-aligned-top eplus-wrapper is-layout-flow wp-container-core-column-is-layout-bd97847e wp-block-column-is-layout-flow\" style=\"padding-top:5px;padding-right:5px;padding-bottom:5px;padding-left:5px;flex-basis:24%\"><figure data-wp-context='{\"imageId\":\"69f5eb4088a7c\"}' data-wp-interactive=\"core\/image\" data-wp-key=\"69f5eb4088a7c\" class=\"wp-block-image aligncenter size-full is-resized eplus-wrapper eplus-styles-uid-70f882 wp-lightbox-container\" style=\"margin-top:5px;margin-right:5px;margin-bottom:5px;margin-left:5px\"><img loading=\"lazy\" decoding=\"async\" width=\"1020\" height=\"635\" data-wp-class--hide=\"state.isContentHidden\" data-wp-class--show=\"state.isContentVisible\" data-wp-init=\"callbacks.setButtonStyles\" data-wp-on--click=\"actions.showLightbox\" data-wp-on--load=\"callbacks.setButtonStyles\" data-wp-on-window--resize=\"callbacks.setButtonStyles\" src=\"https:\/\/forte-cultura.com\/wp-content\/uploads\/Bunker21.jpg\" alt=\"\" class=\"wp-image-4474\" style=\"width:287px;height:auto\" srcset=\"https:\/\/forte-cultura.com\/wp-content\/uploads\/Bunker21.jpg 1020w, https:\/\/forte-cultura.com\/wp-content\/uploads\/Bunker21-300x187.jpg 300w, https:\/\/forte-cultura.com\/wp-content\/uploads\/Bunker21-768x478.jpg 768w, https:\/\/forte-cultura.com\/wp-content\/uploads\/Bunker21-18x12.jpg 18w\" sizes=\"auto, (max-width: 1020px) 100vw, 1020px\" \/><button class=\"lightbox-trigger\" type=\"button\" aria-haspopup=\"dialog\" aria-label=\"Agrandir\" data-wp-init=\"callbacks.initTriggerButton\" data-wp-on--click=\"actions.showLightbox\" data-wp-style--right=\"state.imageButtonRight\" data-wp-style--top=\"state.imageButtonTop\">\n\t\t\t<svg xmlns=\"http:\/\/www.w3.org\/2000\/svg\" width=\"12\" height=\"12\" fill=\"none\" viewbox=\"0 0 12 12\">\n\t\t\t\t<path fill=\"#fff\" d=\"M2 0a2 2 0 0 0-2 2v2h1.5V2a.5.5 0 0 1 .5-.5h2V0H2Zm2 10.5H2a.5.5 0 0 1-.5-.5V8H0v2a2 2 0 0 0 2 2h2v-1.5ZM8 12v-1.5h2a.5.5 0 0 0 .5-.5V8H12v2a2 2 0 0 1-2 2H8Zm2-12a2 2 0 0 1 2 2v2h-1.5V2a.5.5 0 0 0-.5-.5H8V0h2Z\"><\/path>\n\t\t\t<\/svg>\n\t\t<\/button><\/figure><\/div>\n\n\n\n<div class=\"wp-block-column is-vertically-aligned-center eplus-wrapper is-layout-flow wp-container-core-column-is-layout-2ad53c50 wp-block-column-is-layout-flow\" style=\"padding-top:5px;padding-right:5px;padding-bottom:5px;padding-left:5px;flex-basis:70%\">\n<p class=\" has-medium-font-size eplus-wrapper\" style=\"font-style:normal;font-weight:400\"><strong>Park \u201eReina Sofia\u201c<\/strong><\/p>\n\n\n\n<p style=\"font-size:clamp(0.875rem, 0.875rem + ((1vw - 0.2rem) * 0.042), 0.9rem);font-style:normal;font-weight:400;line-height:1.3\" class=\" eplus-wrapper\">Eingebettet in den Stadtpark \u201eReina Sofia\u201c zwischen der Avenida del Ej\u00e9rcito und der Avenida Principe de Asturias befindet sich eine gro\u00dfe Maschinengewehrstellung, bestehend aus 4 MG-Nestern mit jeweils 3 Betonkuppeln. Das s\u00fcd\u00f6stliche MG-Nest war als Flankenschutz zus\u00e4tzlich mit einem Panzerabwehrgesch\u00fctz versehen. Die Bunker k\u00f6nnen bei F\u00fchrungen besichtigt werden. <\/p>\n\n\n\n<p style=\"font-size:clamp(0.875rem, 0.875rem + ((1vw - 0.2rem) * 0.042), 0.9rem);font-style:normal;font-weight:400;line-height:1.3\" class=\" eplus-wrapper\">Der Park war als Parque Princesa Sof\u00eda bekannt, benannt nach Sofia von Griechenland. Als sie K\u00f6nigin wurde, wurde der Park 1975 in Reina umbenannt. Er hat eine Fl\u00e4che von etwa 17,86 Hektar.<\/p>\n<\/div>\n<\/div>\n\n<div class=\"wp-block-columns has-border-color has-accent-border-color has-base-background-color has-background eplus-wrapper is-layout-flex wp-container-core-columns-is-layout-88ebb0ee wp-block-columns-is-layout-flex eplus-styles-uid-3bbc89\" style=\"border-width:1px;border-radius:5px;padding-top:var(--wp--preset--spacing--10);padding-right:var(--wp--preset--spacing--10);padding-bottom:var(--wp--preset--spacing--10);padding-left:var(--wp--preset--spacing--10)\">\n<div class=\"wp-block-column is-vertically-aligned-top eplus-wrapper is-layout-flow wp-container-core-column-is-layout-bd97847e wp-block-column-is-layout-flow\" style=\"padding-top:5px;padding-right:5px;padding-bottom:5px;padding-left:5px;flex-basis:24%\"><figure data-wp-context='{\"imageId\":\"69f5eb408a12b\"}' data-wp-interactive=\"core\/image\" data-wp-key=\"69f5eb408a12b\" class=\"wp-block-image aligncenter size-full is-resized eplus-wrapper eplus-styles-uid-70f882 wp-lightbox-container\" style=\"margin-top:5px;margin-right:5px;margin-bottom:5px;margin-left:5px\"><img loading=\"lazy\" decoding=\"async\" width=\"663\" height=\"495\" data-wp-class--hide=\"state.isContentHidden\" data-wp-class--show=\"state.isContentVisible\" data-wp-init=\"callbacks.setButtonStyles\" data-wp-on--click=\"actions.showLightbox\" data-wp-on--load=\"callbacks.setButtonStyles\" data-wp-on-window--resize=\"callbacks.setButtonStyles\" src=\"https:\/\/forte-cultura.com\/wp-content\/uploads\/Museo_del_Istmo_La_Linea_de_la_Concepcion.jpg\" alt=\"\" class=\"wp-image-4473\" style=\"width:287px;height:auto\" srcset=\"https:\/\/forte-cultura.com\/wp-content\/uploads\/Museo_del_Istmo_La_Linea_de_la_Concepcion.jpg 663w, https:\/\/forte-cultura.com\/wp-content\/uploads\/Museo_del_Istmo_La_Linea_de_la_Concepcion-300x224.jpg 300w, https:\/\/forte-cultura.com\/wp-content\/uploads\/Museo_del_Istmo_La_Linea_de_la_Concepcion-16x12.jpg 16w\" sizes=\"auto, (max-width: 663px) 100vw, 663px\" \/><button class=\"lightbox-trigger\" type=\"button\" aria-haspopup=\"dialog\" aria-label=\"Agrandir\" data-wp-init=\"callbacks.initTriggerButton\" data-wp-on--click=\"actions.showLightbox\" data-wp-style--right=\"state.imageButtonRight\" data-wp-style--top=\"state.imageButtonTop\">\n\t\t\t<svg xmlns=\"http:\/\/www.w3.org\/2000\/svg\" width=\"12\" height=\"12\" fill=\"none\" viewbox=\"0 0 12 12\">\n\t\t\t\t<path fill=\"#fff\" d=\"M2 0a2 2 0 0 0-2 2v2h1.5V2a.5.5 0 0 1 .5-.5h2V0H2Zm2 10.5H2a.5.5 0 0 1-.5-.5V8H0v2a2 2 0 0 0 2 2h2v-1.5ZM8 12v-1.5h2a.5.5 0 0 0 .5-.5V8H12v2a2 2 0 0 1-2 2H8Zm2-12a2 2 0 0 1 2 2v2h-1.5V2a.5.5 0 0 0-.5-.5H8V0h2Z\"><\/path>\n\t\t\t<\/svg>\n\t\t<\/button><\/figure><\/div>\n\n\n\n<div class=\"wp-block-column is-vertically-aligned-center eplus-wrapper is-layout-flow wp-container-core-column-is-layout-2ad53c50 wp-block-column-is-layout-flow\" style=\"padding-top:5px;padding-right:5px;padding-bottom:5px;padding-left:5px;flex-basis:70%\">\n<p class=\" has-medium-font-size eplus-wrapper\" style=\"font-style:normal;font-weight:400\"><strong>Isthmus Museum im historischen Kommandantenbau<\/strong><\/p>\n\n\n\n<p style=\"font-size:clamp(0.875rem, 0.875rem + ((1vw - 0.2rem) * 0.042), 0.9rem);font-style:normal;font-weight:400;line-height:1.3\" class=\" eplus-wrapper\">In der historischen Milit\u00e4rkommandantur, dem \u00e4ltesten Geb\u00e4ude (1863) der Stadt, hat heute das <strong>Isthmus Museum<\/strong> seinen Sitz. Verschiedene Ausstellungen informieren \u00fcber die Entwicklung vom Garnisonsstandort zur Stadt und ihrer bewegten Geschichte. Auch die Milit\u00e4rarchitektur mit ihren in der Stadt sichtbaren Epochen wird veranschaulicht. In weiteren R\u00e4umen befinden sich das Stadtarchiv \u201eFrancisco Tornay\u201d sowie einige st\u00e4dtische \u00c4mter und es finden nationale und internationale Kunstausstellungen statt. <\/p>\n\n\n\n<div class=\"wp-block-buttons eplus-wrapper is-content-justification-center is-layout-flex wp-container-core-buttons-is-layout-a89b3969 wp-block-buttons-is-layout-flex\"><div class=\" wp-block-button eplus-wrapper eplus-styles-uid-d49127\"><a class=\"wp-block-button__link wp-element-button\" href=\"http:\/\/www.turismocampodegibraltar.com\/la_linea_de_la_concepcion\/que-visitar\/Edificio-Istmo-Comandancia\/\" target=\"_blank\" rel=\"noreferrer noopener\">Isthmus Museum<\/a><\/div><\/div>\n<\/div>\n<\/div>\n\n<div class=\"wp-block-columns has-border-color has-accent-border-color has-base-background-color has-background eplus-wrapper is-layout-flex wp-container-core-columns-is-layout-88ebb0ee wp-block-columns-is-layout-flex eplus-styles-uid-9dc2d8\" style=\"border-width:1px;border-radius:5px;padding-top:var(--wp--preset--spacing--10);padding-right:var(--wp--preset--spacing--10);padding-bottom:var(--wp--preset--spacing--10);padding-left:var(--wp--preset--spacing--10)\">\n<div class=\"wp-block-column is-vertically-aligned-top eplus-wrapper is-layout-flow wp-container-core-column-is-layout-bd97847e wp-block-column-is-layout-flow\" style=\"padding-top:5px;padding-right:5px;padding-bottom:5px;padding-left:5px;flex-basis:24%\"><figure data-wp-context='{\"imageId\":\"69f5eb408bc1d\"}' data-wp-interactive=\"core\/image\" data-wp-key=\"69f5eb408bc1d\" class=\"wp-block-image aligncenter size-full is-resized eplus-wrapper eplus-styles-uid-70f882 wp-lightbox-container\" style=\"margin-top:5px;margin-right:5px;margin-bottom:5px;margin-left:5px\"><img loading=\"lazy\" decoding=\"async\" width=\"1355\" height=\"902\" data-wp-class--hide=\"state.isContentHidden\" data-wp-class--show=\"state.isContentVisible\" data-wp-init=\"callbacks.setButtonStyles\" data-wp-on--click=\"actions.showLightbox\" data-wp-on--load=\"callbacks.setButtonStyles\" data-wp-on-window--resize=\"callbacks.setButtonStyles\" src=\"https:\/\/forte-cultura.com\/wp-content\/uploads\/Bunker1.jpg\" alt=\"\" class=\"wp-image-4472\" style=\"width:287px;height:auto\" srcset=\"https:\/\/forte-cultura.com\/wp-content\/uploads\/Bunker1.jpg 1355w, https:\/\/forte-cultura.com\/wp-content\/uploads\/Bunker1-300x200.jpg 300w, https:\/\/forte-cultura.com\/wp-content\/uploads\/Bunker1-1024x682.jpg 1024w, https:\/\/forte-cultura.com\/wp-content\/uploads\/Bunker1-768x511.jpg 768w, https:\/\/forte-cultura.com\/wp-content\/uploads\/Bunker1-18x12.jpg 18w, https:\/\/forte-cultura.com\/wp-content\/uploads\/Bunker1-1200x800.jpg 1200w\" sizes=\"auto, (max-width: 1355px) 100vw, 1355px\" \/><button class=\"lightbox-trigger\" type=\"button\" aria-haspopup=\"dialog\" aria-label=\"Agrandir\" data-wp-init=\"callbacks.initTriggerButton\" data-wp-on--click=\"actions.showLightbox\" data-wp-style--right=\"state.imageButtonRight\" data-wp-style--top=\"state.imageButtonTop\">\n\t\t\t<svg xmlns=\"http:\/\/www.w3.org\/2000\/svg\" width=\"12\" height=\"12\" fill=\"none\" viewbox=\"0 0 12 12\">\n\t\t\t\t<path fill=\"#fff\" d=\"M2 0a2 2 0 0 0-2 2v2h1.5V2a.5.5 0 0 1 .5-.5h2V0H2Zm2 10.5H2a.5.5 0 0 1-.5-.5V8H0v2a2 2 0 0 0 2 2h2v-1.5ZM8 12v-1.5h2a.5.5 0 0 0 .5-.5V8H12v2a2 2 0 0 1-2 2H8Zm2-12a2 2 0 0 1 2 2v2h-1.5V2a.5.5 0 0 0-.5-.5H8V0h2Z\"><\/path>\n\t\t\t<\/svg>\n\t\t<\/button><\/figure><\/div>\n\n\n\n<div class=\"wp-block-column is-vertically-aligned-center eplus-wrapper is-layout-flow wp-container-core-column-is-layout-2ad53c50 wp-block-column-is-layout-flow\" style=\"padding-top:5px;padding-right:5px;padding-bottom:5px;padding-left:5px;flex-basis:70%\">\n<p class=\" has-medium-font-size eplus-wrapper\" style=\"font-style:normal;font-weight:400\"><strong>Bunker auf der Landenge von La L\u00ednea<\/strong><\/p>\n\n\n\n<p style=\"font-size:clamp(0.875rem, 0.875rem + ((1vw - 0.2rem) * 0.042), 0.9rem);font-style:normal;font-weight:400;line-height:1.3\" class=\" eplus-wrapper\">Nach dem Spanischen B\u00fcrgerkrieg errichtete das Franco-Regime zahlreiche Verteidigungsanlagen entlang der spanischen Mittelmeer- und Atlantikk\u00fcsten. Besonders bemerkenswert ist das Verteidigungssystem von Campo de Gibraltar, das sich \u00fcber eine 90 Kilometer lange K\u00fcstenstrecke erstreckt und mehr als 500 Bunker umfasst, inklusive in La L\u00ednea de la Concepci\u00f3n. Die Anlagen wurden mit erheblichen materiellen und personellen Ressourcen gebaut, oft unter Einsatz von Zwangsarbeitern.<\/p>\n\n\n\n<p style=\"font-size:clamp(0.875rem, 0.875rem + ((1vw - 0.2rem) * 0.042), 0.9rem);font-style:normal;font-weight:400;line-height:1.3\" class=\" eplus-wrapper\">Heute sind die Bunker stille Zeugen einer Zeit. Sie f\u00fcgen sich harmonisch in die K\u00fcstenlandschaft ein und bieten Besuchern die M\u00f6glichkeit, in die Geschichte einzutauchen und die strategische Bedeutung dieser Bauwerke zu verstehen. Ein Besuch dieser historischen St\u00e4tten ist nicht nur f\u00fcr Geschichtsinteressierte lohnenswert, sondern auch f\u00fcr alle, die die einzigartige Landschaft und die beeindruckende Ingenieurskunst der damaligen Zeit erleben m\u00f6chten.<\/p>\n\n\n\n<div class=\"wp-block-buttons eplus-wrapper is-content-justification-center is-layout-flex wp-container-core-buttons-is-layout-a89b3969 wp-block-buttons-is-layout-flex\"><div class=\" wp-block-button eplus-wrapper eplus-styles-uid-a3996d\"><a class=\"wp-block-button__link wp-element-button\" href=\"http:\/\/www.turismocampodegibraltar.com\/la_linea_de_la_concepcion\/que-visitar\/Bunkers-del-Istmo-Linense\/\" target=\"_blank\" rel=\"noreferrer noopener\"><strong>Bunker auf der Landenge von La L\u00ednea<\/strong><\/a><\/div><\/div>\n<\/div>\n<\/div>\n\n<div class=\"wp-block-columns are-vertically-aligned-center has-border-color has-accent-border-color has-base-background-color has-background eplus-wrapper is-layout-flex wp-container-core-columns-is-layout-88ebb0ee wp-block-columns-is-layout-flex eplus-styles-uid-ec7147\" style=\"border-width:1px;border-radius:5px;padding-top:var(--wp--preset--spacing--10);padding-right:var(--wp--preset--spacing--10);padding-bottom:var(--wp--preset--spacing--10);padding-left:var(--wp--preset--spacing--10)\">\n<div class=\"wp-block-column is-vertically-aligned-center eplus-wrapper is-layout-flow wp-container-core-column-is-layout-bd97847e wp-block-column-is-layout-flow\" style=\"padding-top:5px;padding-right:5px;padding-bottom:5px;padding-left:5px;flex-basis:24%\"><\/div>\n\n\n\n<div class=\"wp-block-column is-vertically-aligned-center eplus-wrapper is-layout-flow wp-container-core-column-is-layout-2ad53c50 wp-block-column-is-layout-flow\" style=\"padding-top:5px;padding-right:5px;padding-bottom:5px;padding-left:5px;flex-basis:70%\">\n<p class=\" has-medium-font-size eplus-wrapper\" style=\"font-style:normal;font-weight:400\"><strong>Tarnbunker<\/strong><\/p>\n\n\n\n<p style=\"font-size:clamp(0.875rem, 0.875rem + ((1vw - 0.2rem) * 0.042), 0.9rem);font-style:normal;font-weight:400;line-height:1.3\" class=\" eplus-wrapper\">Bunker 154 ist ein gewaltiger Panzerabwehrposten mit sechs, teils zur\u00fcckgebauten R\u00e4umen auf einem Grundst\u00fcck an der Avenida Pr\u00edncipe de Asturias und der Paseo Andr\u00e9s Vi\u00f1as. Dank seines \u201ezivilen\u201c Daches und der simulierten T\u00fcren blieb er f\u00fcnfzig Jahre lang unentdeckt.<\/p>\n<\/div>\n<\/div>\n\n<div class=\"wp-block-columns has-border-color has-accent-border-color has-base-background-color has-background eplus-wrapper is-layout-flex wp-container-core-columns-is-layout-88ebb0ee wp-block-columns-is-layout-flex eplus-styles-uid-faa5c7\" style=\"border-width:1px;border-radius:5px;padding-top:var(--wp--preset--spacing--10);padding-right:var(--wp--preset--spacing--10);padding-bottom:var(--wp--preset--spacing--10);padding-left:var(--wp--preset--spacing--10)\">\n<div class=\"wp-block-column is-vertically-aligned-top eplus-wrapper is-layout-flow wp-container-core-column-is-layout-bd97847e wp-block-column-is-layout-flow\" style=\"padding-top:5px;padding-right:5px;padding-bottom:5px;padding-left:5px;flex-basis:24%\"><figure data-wp-context='{\"imageId\":\"69f5eb408df9c\"}' data-wp-interactive=\"core\/image\" data-wp-key=\"69f5eb408df9c\" class=\"wp-block-image aligncenter size-full is-resized eplus-wrapper eplus-styles-uid-70f882 wp-lightbox-container\" style=\"margin-top:5px;margin-right:5px;margin-bottom:5px;margin-left:5px\"><img loading=\"lazy\" decoding=\"async\" width=\"813\" height=\"576\" data-wp-class--hide=\"state.isContentHidden\" data-wp-class--show=\"state.isContentVisible\" data-wp-init=\"callbacks.setButtonStyles\" data-wp-on--click=\"actions.showLightbox\" data-wp-on--load=\"callbacks.setButtonStyles\" data-wp-on-window--resize=\"callbacks.setButtonStyles\" src=\"https:\/\/forte-cultura.com\/wp-content\/uploads\/torre-nueva.jpg\" alt=\"\" class=\"wp-image-4471\" style=\"width:287px;height:auto\" srcset=\"https:\/\/forte-cultura.com\/wp-content\/uploads\/torre-nueva.jpg 813w, https:\/\/forte-cultura.com\/wp-content\/uploads\/torre-nueva-300x213.jpg 300w, https:\/\/forte-cultura.com\/wp-content\/uploads\/torre-nueva-768x544.jpg 768w, https:\/\/forte-cultura.com\/wp-content\/uploads\/torre-nueva-18x12.jpg 18w\" sizes=\"auto, (max-width: 813px) 100vw, 813px\" \/><button class=\"lightbox-trigger\" type=\"button\" aria-haspopup=\"dialog\" aria-label=\"Agrandir\" data-wp-init=\"callbacks.initTriggerButton\" data-wp-on--click=\"actions.showLightbox\" data-wp-style--right=\"state.imageButtonRight\" data-wp-style--top=\"state.imageButtonTop\">\n\t\t\t<svg xmlns=\"http:\/\/www.w3.org\/2000\/svg\" width=\"12\" height=\"12\" fill=\"none\" viewbox=\"0 0 12 12\">\n\t\t\t\t<path fill=\"#fff\" d=\"M2 0a2 2 0 0 0-2 2v2h1.5V2a.5.5 0 0 1 .5-.5h2V0H2Zm2 10.5H2a.5.5 0 0 1-.5-.5V8H0v2a2 2 0 0 0 2 2h2v-1.5ZM8 12v-1.5h2a.5.5 0 0 0 .5-.5V8H12v2a2 2 0 0 1-2 2H8Zm2-12a2 2 0 0 1 2 2v2h-1.5V2a.5.5 0 0 0-.5-.5H8V0h2Z\"><\/path>\n\t\t\t<\/svg>\n\t\t<\/button><\/figure><\/div>\n\n\n\n<div class=\"wp-block-column is-vertically-aligned-center eplus-wrapper is-layout-flow wp-container-core-column-is-layout-2ad53c50 wp-block-column-is-layout-flow\" style=\"padding-top:5px;padding-right:5px;padding-bottom:5px;padding-left:5px;flex-basis:70%\">\n<p class=\" has-medium-font-size eplus-wrapper\" style=\"font-style:normal;font-weight:400\"><strong>Torre Almenara<\/strong><\/p>\n\n\n\n<p style=\"font-size:clamp(0.875rem, 0.875rem + ((1vw - 0.2rem) * 0.042), 0.9rem);font-style:normal;font-weight:400;line-height:1.3\" class=\" eplus-wrapper\">An der Playa de Torrenueva steht der Torre Almenara. Er ist einer von 44 Wacht\u00fcrmen zwischen Guardiaro und der portugiesischen Grenze, die unter der Regierung von Felipe III. zu Beginn des 17. Jahrhunderts entstanden. Sie sollten die spanischen K\u00fcsten vor Berber-Piraten und anderen Bedrohungen sch\u00fctzen. Die T\u00fcrme standen jeweils in Sichtweite. Bei Bedarf wurden Feuer auf den T\u00fcrmen gez\u00fcndet, um mit Rauch- bzw. Lichtzeichen die Verteidigung zu alarmieren und die Bev\u00f6lkerung zu warnen.<\/p>\n\n\n\n<p style=\"font-size:clamp(0.875rem, 0.875rem + ((1vw - 0.2rem) * 0.042), 0.9rem);font-style:normal;font-weight:400;line-height:1.3\" class=\" eplus-wrapper\">Der Torre Nueva bemisst 7,25 m im Durchmesser und 12 m in der H\u00f6he. Seit 1949 ist er Nationaldenkmal.<\/p>\n<\/div>\n<\/div><\/div><\/div><\/div>\n\n\n\n<div class=\"wp-block-kadence-pane kt-accordion-pane kt-accordion-pane-3 kt-pane887_c1f892-64\"><div class=\"kt-accordion-header-wrap\"><button class=\"kt-blocks-accordion-header kt-acccordion-button-label-show\" type=\"button\"><span class=\"kt-blocks-accordion-title-wrap\"><span class=\"kt-blocks-accordion-title\">Touren und Informationen<\/span><\/span><span class=\"kt-blocks-accordion-icon-trigger\"><\/span><\/button><\/div><div class=\"kt-accordion-panel kt-accordion-panel-hidden\"><div class=\"kt-accordion-panel-inner\"><div class=\"wp-block-columns eplus-wrapper is-layout-flex wp-container-core-columns-is-layout-006b283f wp-block-columns-is-layout-flex eplus-styles-uid-deba68\" style=\"border-radius:5px;margin-top:0;margin-bottom:0;padding-top:var(--wp--preset--spacing--10);padding-right:var(--wp--preset--spacing--10);padding-bottom:var(--wp--preset--spacing--10);padding-left:var(--wp--preset--spacing--10)\">\n<div class=\"wp-block-column is-vertically-aligned-center has-base-2-background-color has-background eplus-wrapper is-layout-flow wp-container-core-column-is-layout-4535eb42 wp-block-column-is-layout-flow\" style=\"border-radius:5px;padding-top:10px;padding-right:15px;padding-bottom:10px;padding-left:15px;flex-basis:45%\"><figure class=\" wp-block-image aligncenter size-full is-resized eplus-wrapper eplus-styles-uid-70f882\" style=\"margin-top:5px;margin-right:5px;margin-bottom:5px;margin-left:5px\"><img loading=\"lazy\" decoding=\"async\" width=\"139\" height=\"139\" src=\"https:\/\/forte-cultura.com\/wp-content\/uploads\/logo_la_linea.png\" alt=\"\" class=\"wp-image-4516\" style=\"width:137px;height:auto\" srcset=\"https:\/\/forte-cultura.com\/wp-content\/uploads\/logo_la_linea.png 139w, https:\/\/forte-cultura.com\/wp-content\/uploads\/logo_la_linea-12x12.png 12w\" sizes=\"auto, (max-width: 139px) 100vw, 139px\" \/><\/figure>\n\n\n<p class=\" has-text-align-center eplus-wrapper\" style=\"font-size:clamp(0.875rem, 0.875rem + ((1vw - 0.2rem) * 0.042), 0.9rem);\">Tourist-Information in La L\u00ednea de la Concepci\u00f3n: Stadtf\u00fchrungen, Bunker Tours und Events<\/p>\n\n\n\n<div class=\"wp-block-buttons eplus-wrapper is-content-justification-center is-layout-flex wp-container-core-buttons-is-layout-a89b3969 wp-block-buttons-is-layout-flex\"><div class=\" wp-block-button eplus-wrapper eplus-styles-uid-a097c0\"><a class=\"wp-block-button__link wp-element-button\" href=\"http:\/\/www.turismocampodegibraltar.com\/la_linea_de_la_concepcion\/\" target=\"_blank\" rel=\"noreferrer noopener\">Turismo de La L\u00ednea de la Concepci\u00f3n<\/a><\/div><\/div>\n<\/div>\n\n\n\n<div class=\"wp-block-column is-vertically-aligned-center has-base-2-background-color has-background eplus-wrapper is-layout-flow wp-container-core-column-is-layout-05f3fd61 wp-block-column-is-layout-flow\" style=\"border-radius:5px;padding-top:10px;padding-right:5px;padding-bottom:10px;padding-left:5px;flex-basis:45%\">\n<p class=\" has-text-align-center eplus-wrapper\"><strong>Die Wachtt\u00fcrme (Torres Almenaras)<\/strong><\/p>\n\n\n\n<p class=\" has-text-align-center eplus-wrapper\" style=\"font-size:clamp(0.875em, 0.875rem + ((1vw - 0.2em) * 0.042), 0.9em);font-style:normal;font-weight:400\">K\u00fcstenwanderweg von Manitiva bis Maro (Wacht\u00fcrme), <br>Nordroute ohne La L\u00ednea<\/p>\n\n\n\n<div class=\"wp-block-buttons eplus-wrapper is-content-justification-center is-layout-flex wp-container-core-buttons-is-layout-a89b3969 wp-block-buttons-is-layout-flex\"><div class=\" wp-block-button eplus-wrapper eplus-styles-uid-a60e0b\"><a class=\"wp-block-button__link wp-element-button\" href=\"https:\/\/www.sendalitoral.es\/de\/6301\/wachtturme-torres-almenaras\" target=\"_blank\" rel=\"noreferrer noopener\"><strong>Die Wachtt\u00fcrme<\/strong><\/a><\/div><\/div>\n<\/div>\n<\/div><\/div><\/div><\/div>\n\n\n\n<div class=\"wp-block-kadence-pane kt-accordion-pane kt-accordion-pane-4 kt-pane887_489a0e-51\"><div class=\"kt-accordion-header-wrap\"><button class=\"kt-blocks-accordion-header kt-acccordion-button-label-show\" type=\"button\"><span class=\"kt-blocks-accordion-title-wrap\"><span class=\"kt-blocks-accordion-title\">Festungsplan<\/span><\/span><span class=\"kt-blocks-accordion-icon-trigger\"><\/span><\/button><\/div><div class=\"kt-accordion-panel kt-accordion-panel-hidden\"><div class=\"kt-accordion-panel-inner\">\n<figure class=\" wp-block-image aligncenter size-large is-resized eplus-wrapper\"><img loading=\"lazy\" decoding=\"async\" width=\"1024\" height=\"177\" src=\"https:\/\/forte-cultura.com\/wp-content\/uploads\/Plan_la_Linea_y_Fuertes_delante_de_Gibraltar-1024x177.jpg\" alt=\"\" class=\"wp-image-4520\" style=\"width:1278px;height:auto\" srcset=\"https:\/\/forte-cultura.com\/wp-content\/uploads\/Plan_la_Linea_y_Fuertes_delante_de_Gibraltar-1024x177.jpg 1024w, https:\/\/forte-cultura.com\/wp-content\/uploads\/Plan_la_Linea_y_Fuertes_delante_de_Gibraltar-300x52.jpg 300w, https:\/\/forte-cultura.com\/wp-content\/uploads\/Plan_la_Linea_y_Fuertes_delante_de_Gibraltar-768x133.jpg 768w, https:\/\/forte-cultura.com\/wp-content\/uploads\/Plan_la_Linea_y_Fuertes_delante_de_Gibraltar-1536x265.jpg 1536w, https:\/\/forte-cultura.com\/wp-content\/uploads\/Plan_la_Linea_y_Fuertes_delante_de_Gibraltar-2048x354.jpg 2048w, https:\/\/forte-cultura.com\/wp-content\/uploads\/Plan_la_Linea_y_Fuertes_delante_de_Gibraltar-18x3.jpg 18w\" sizes=\"auto, (max-width: 1024px) 100vw, 1024px\" \/><figcaption class=\"wp-element-caption\">Plan der Verteidigungslinie des 18. Jahrhunderts<\/figcaption><\/figure>\n<\/div><\/div><\/div>\n\n\n\n<div class=\"wp-block-kadence-pane kt-accordion-pane kt-accordion-pane-5 kt-pane887_45318f-14\"><div class=\"kt-accordion-header-wrap\"><button class=\"kt-blocks-accordion-header kt-acccordion-button-label-show\" type=\"button\"><span class=\"kt-blocks-accordion-title-wrap\"><span class=\"kt-blocks-accordion-title\">Geschichte und Architektur<\/span><\/span><span class=\"kt-blocks-accordion-icon-trigger\"><\/span><\/button><\/div><div class=\"kt-accordion-panel kt-accordion-panel-hidden\"><div class=\"kt-accordion-panel-inner\">\n<p class=\" has-text-align-left eplus-wrapper\" style=\"font-size:clamp(0.875em, 0.875rem + ((1vw - 0.2em) * 0.042), 0.9em);font-style:normal;font-weight:400\"><strong>Geschichte<\/strong><\/p>\n\n\n\n<p class=\" has-text-align-left eplus-wrapper\" style=\"margin-bottom:var(--wp--preset--spacing--10);padding-bottom:0;font-size:clamp(0.875em, 0.875rem + ((1vw - 0.2em) * 0.042), 0.9em);font-style:normal;font-weight:400\">Die Geschichte von La L\u00ednea de la Concepci\u00f3n beginnt lange vor der eigentlichen Stadtgr\u00fcndung im Jahr 1870.<\/p>\n\n\n\n<p class=\" has-text-align-left eplus-wrapper\" style=\"font-size:clamp(0.875em, 0.875rem + ((1vw - 0.2em) * 0.042), 0.9em);font-style:normal;font-weight:400\">Ausl\u00f6ser von allem war die Besetzung Gibraltars durch England w\u00e4hrend des <strong>Spanischen Erbfolgekrieges<\/strong> im Jahr 1704. England und die Niederlande verb\u00fcndeten sich kurzfristig und eroberten unter der F\u00fchrung des Prinzen von Hessen Darmstadt im Handstreich die stark befestigte, aber unterbesetzte Halbinsel.<\/p>\n\n\n\n<p class=\" has-text-align-left eplus-wrapper\" style=\"margin-top:0;margin-bottom:var(--wp--preset--spacing--10);padding-top:0;padding-bottom:0;font-size:clamp(0.875em, 0.875rem + ((1vw - 0.2em) * 0.042), 0.9em);font-style:normal;font-weight:400\">Um einer R\u00fcckeroberung vorzubeugen, wurde die Festung Gibraltar kurzfristig weiter ausgebaut und ausreichend bemannt. Die spanisch-franz\u00f6sische Allianz versuchte anschlie\u00dfend von Land- und Seeseite aus mit bis zu 14.000 Mann und mehreren Flotten, die Halbinsel zu belagern und zur\u00fcckzuerobern. Nach vergeblichen Attacken und hohen Verlusten wurde die Belagerung im Januar 1705 schlie\u00dflich in eine passive Blockade umgewandelt, die Vorboten der sp\u00e4teren <em>L\u00ednea de Contravalaci\u00f3n de Gibraltar<\/em>.<\/p>\n\n\n\n<p class=\" has-text-align-left eplus-wrapper\" style=\"margin-top:0;margin-bottom:var(--wp--preset--spacing--10);padding-top:0;padding-bottom:0;font-size:clamp(0.875em, 0.875rem + ((1vw - 0.2em) * 0.042), 0.9em);font-style:normal;font-weight:400\">1713 wurde Gibraltar im \u201eFrieden von Utrecht\u201c offiziell Gro\u00dfbritannien zugesprochen. Dennoch versuchte Spanien Anfang 1727 im Englisch-Spanischen Krieg eine R\u00fcckeroberung, erneut erfolglos.<\/p>\n\n\n\n<p class=\" has-text-align-left eplus-wrapper\" style=\"margin-top:0;margin-bottom:var(--wp--preset--spacing--10);padding-top:0;padding-bottom:0;font-size:clamp(0.875em, 0.875rem + ((1vw - 0.2em) * 0.042), 0.9em);font-style:normal;font-weight:400\">Spanien lie\u00df ab 1730 die <em>L\u00ednea de Contravalaci\u00f3n de Gibraltar<\/em> errichten, um Gibraltar gegen\u00fcber dem Festland endg\u00fcltig abzuschirmen und eine Basis f\u00fcr weitere k\u00fcnftige R\u00fcckeroberungsversuche zu installieren.<\/p>\n\n\n<div class=\"pgc-sgb-cb wp-block-pgcsimplygalleryblock-justified \" data-gallery-id=\"4ed04302\"><div class=\"sgb-preloader\" id=\"pr_4ed04302\">\n\t<div class=\"sgb-square\" style=\"background:#d4d4d4\"><\/div>\n\t<div class=\"sgb-square\" style=\"background:#d4d4d4\"><\/div>\n\t<div class=\"sgb-square\" style=\"background:#d4d4d4\"><\/div>\n\t<div class=\"sgb-square\" style=\"background:#d4d4d4\"><\/div><\/div><div class=\"simply-gallery-amp pgc_sgb_slider \"><noscript><div class=\"sgb-gallery\"><div class=\"sgb-item\"><a href=\"https:\/\/forte-cultura.com\/la-linea-de-la-concepcion-es\/david-santos-fuerte-de-santa-barbara-2a\/\" target=\"_blank\"><img decoding=\"async\" alt=\"\" width=\"300\" height=\"180\" loading=\"lazy\" src=\"https:\/\/forte-cultura.com\/wp-content\/uploads\/David-Santos-Fuerte-de-Santa-Barbara-2a-300x180.jpg\" srcset=\"https:\/\/forte-cultura.com\/wp-content\/uploads\/David-Santos-Fuerte-de-Santa-Barbara-2a-300x180.jpg 300w,https:\/\/forte-cultura.com\/wp-content\/uploads\/David-Santos-Fuerte-de-Santa-Barbara-2a-1024x615.jpg 1024w,https:\/\/forte-cultura.com\/wp-content\/uploads\/David-Santos-Fuerte-de-Santa-Barbara-2a.jpg 2000w\" sizes=\"auto, 250px\"><\/a><\/div><div class=\"sgb-item\"><a href=\"https:\/\/forte-cultura.com\/la-linea-de-la-concepcion-es\/gibraltar_and_bay_map_1750_guillaume-dheulland-1700-1770\/\" target=\"_blank\"><img decoding=\"async\" alt=\"\" width=\"224\" height=\"300\" loading=\"lazy\" src=\"https:\/\/forte-cultura.com\/wp-content\/uploads\/Gibraltar_and_Bay_map_1750_Guillaume-Dheulland-1700%E2%80%931770-224x300.jpg\" srcset=\"https:\/\/forte-cultura.com\/wp-content\/uploads\/Gibraltar_and_Bay_map_1750_Guillaume-Dheulland-1700\u20131770-224x300.jpg 224w,https:\/\/forte-cultura.com\/wp-content\/uploads\/Gibraltar_and_Bay_map_1750_Guillaume-Dheulland-1700\u20131770-763x1024.jpg 763w,https:\/\/forte-cultura.com\/wp-content\/uploads\/Gibraltar_and_Bay_map_1750_Guillaume-Dheulland-1700\u20131770-scaled.jpg 1907w\" sizes=\"auto, 250px\"><\/a><\/div><div class=\"sgb-item\"><a href=\"https:\/\/forte-cultura.com\/the_siege_of_gibraltar_1782_by_george_carter1\/\" target=\"_blank\"><img decoding=\"async\" alt=\"\" width=\"300\" height=\"218\" loading=\"lazy\" src=\"https:\/\/forte-cultura.com\/wp-content\/uploads\/The_Siege_of_Gibraltar_1782_by_George_Carter1-300x218.jpg\" srcset=\"https:\/\/forte-cultura.com\/wp-content\/uploads\/The_Siege_of_Gibraltar_1782_by_George_Carter1-300x218.jpg 300w,https:\/\/forte-cultura.com\/wp-content\/uploads\/The_Siege_of_Gibraltar_1782_by_George_Carter1-1024x744.jpg 1024w,https:\/\/forte-cultura.com\/wp-content\/uploads\/The_Siege_of_Gibraltar_1782_by_George_Carter1.jpg 2400w\" sizes=\"auto, 250px\"><\/a><\/div><div class=\"sgb-item\"><a href=\"https:\/\/forte-cultura.com\/creator-gd-jpeg-v1-0-using-ijg-jpeg-v62-default-quality\/\" target=\"_blank\"><img decoding=\"async\" alt=\"\" width=\"300\" height=\"203\" loading=\"lazy\" src=\"https:\/\/forte-cultura.com\/wp-content\/uploads\/Vue_generale_du_siege_et_bombardement_de_Gibraltar_commentaire_en_allemand_1782-300x203.jpeg\" srcset=\"https:\/\/forte-cultura.com\/wp-content\/uploads\/Vue_generale_du_siege_et_bombardement_de_Gibraltar_commentaire_en_allemand_1782-300x203.jpeg 300w,https:\/\/forte-cultura.com\/wp-content\/uploads\/Vue_generale_du_siege_et_bombardement_de_Gibraltar_commentaire_en_allemand_1782-1024x694.jpeg 1024w,https:\/\/forte-cultura.com\/wp-content\/uploads\/Vue_generale_du_siege_et_bombardement_de_Gibraltar_commentaire_en_allemand_1782.jpeg 1348w\" sizes=\"auto, 250px\"><\/a><div class=\"sgb-item-caption\"><em>CREATOR: gd-jpeg v1.0 (using IJG JPEG v62), default quality<\/em><\/div><\/div><div class=\"sgb-item\"><a href=\"https:\/\/forte-cultura.com\/georg-hessen-darmstadt\/\" target=\"_blank\"><img decoding=\"async\" alt=\"\" width=\"215\" height=\"300\" loading=\"lazy\" src=\"https:\/\/forte-cultura.com\/wp-content\/uploads\/Georg-Hessen-Darmstadt-215x300.jpg\" srcset=\"https:\/\/forte-cultura.com\/wp-content\/uploads\/Georg-Hessen-Darmstadt-215x300.jpg 215w,https:\/\/forte-cultura.com\/wp-content\/uploads\/Georg-Hessen-Darmstadt.jpg 579w\" sizes=\"auto, 250px\"><\/a><\/div><\/div><\/noscript><\/div><script type=\"application\/json\" class=\"sgb-data\">{\"lastRowFill\":true,\"collectionThumbRecomendedHeight\":150,\"thumbSpacing\":8,\"captions\":false,\"collectionthumbRoundedCorners\":5,\"galleryType\":\"pgc_sgb_justified\",\"galleryId\":\"4ed04302\",\"images\":[{\"id\":4532,\"title\":\"David Santos Fuerte de Santa B\u00e1rbara 2a\",\"url\":\"https:\/\/forte-cultura.com\/wp-content\/uploads\/David-Santos-Fuerte-de-Santa-Barbara-2a.jpg\",\"link\":\"https:\/\/forte-cultura.com\/la-linea-de-la-concepcion-es\/david-santos-fuerte-de-santa-barbara-2a\/\",\"alt\":\"\",\"description\":\"\",\"caption\":\"\",\"mime\":\"image\/jpeg\",\"type\":\"image\",\"width\":2000,\"height\":1202,\"sizes\":{\"thumbnail\":{\"height\":150,\"width\":150,\"url\":\"https:\/\/forte-cultura.com\/wp-content\/uploads\/David-Santos-Fuerte-de-Santa-Barbara-2a-150x150.jpg\",\"orientation\":\"landscape\"},\"medium\":{\"height\":180,\"width\":300,\"url\":\"https:\/\/forte-cultura.com\/wp-content\/uploads\/David-Santos-Fuerte-de-Santa-Barbara-2a-300x180.jpg\",\"orientation\":\"landscape\"},\"large\":{\"height\":615,\"width\":1024,\"url\":\"https:\/\/forte-cultura.com\/wp-content\/uploads\/David-Santos-Fuerte-de-Santa-Barbara-2a-1024x615.jpg\",\"orientation\":\"landscape\"},\"full\":{\"url\":\"https:\/\/forte-cultura.com\/wp-content\/uploads\/David-Santos-Fuerte-de-Santa-Barbara-2a.jpg\",\"height\":1202,\"width\":2000,\"orientation\":\"landscape\"}},\"imageMeta\":{\"aperture\":\"0\",\"credit\":\"\",\"camera\":\"\",\"caption\":\"\",\"created_timestamp\":\"1353935881\",\"copyright\":\"\",\"focal_length\":\"0\",\"iso\":\"0\",\"shutter_speed\":\"0\",\"title\":\"\",\"orientation\":\"1\",\"keywords\":[]},\"meta\":false,\"postlink\":\"https:\/\/forte-cultura.com\/la-linea-de-la-concepcion-es\/david-santos-fuerte-de-santa-barbara-2a\/\"},{\"id\":4529,\"title\":\"Gibraltar_and_Bay_map_1750_Guillaume Dheulland (1700\u20131770)\",\"url\":\"https:\/\/forte-cultura.com\/wp-content\/uploads\/Gibraltar_and_Bay_map_1750_Guillaume-Dheulland-1700\u20131770-scaled.jpg\",\"link\":\"https:\/\/forte-cultura.com\/la-linea-de-la-concepcion-es\/gibraltar_and_bay_map_1750_guillaume-dheulland-1700-1770\/\",\"alt\":\"\",\"description\":\"\",\"caption\":\"\",\"mime\":\"image\/jpeg\",\"type\":\"image\",\"width\":1907,\"height\":2560,\"sizes\":{\"thumbnail\":{\"height\":150,\"width\":150,\"url\":\"https:\/\/forte-cultura.com\/wp-content\/uploads\/Gibraltar_and_Bay_map_1750_Guillaume-Dheulland-1700\u20131770-150x150.jpg\",\"orientation\":\"landscape\"},\"medium\":{\"height\":300,\"width\":224,\"url\":\"https:\/\/forte-cultura.com\/wp-content\/uploads\/Gibraltar_and_Bay_map_1750_Guillaume-Dheulland-1700\u20131770-224x300.jpg\",\"orientation\":\"portrait\"},\"large\":{\"height\":1024,\"width\":763,\"url\":\"https:\/\/forte-cultura.com\/wp-content\/uploads\/Gibraltar_and_Bay_map_1750_Guillaume-Dheulland-1700\u20131770-763x1024.jpg\",\"orientation\":\"portrait\"},\"full\":{\"url\":\"https:\/\/forte-cultura.com\/wp-content\/uploads\/Gibraltar_and_Bay_map_1750_Guillaume-Dheulland-1700\u20131770-scaled.jpg\",\"height\":2560,\"width\":1907,\"orientation\":\"portrait\"}},\"imageMeta\":{\"aperture\":\"0\",\"credit\":\"\",\"camera\":\"\",\"caption\":\"\",\"created_timestamp\":\"0\",\"copyright\":\"\",\"focal_length\":\"0\",\"iso\":\"0\",\"shutter_speed\":\"0\",\"title\":\"\",\"orientation\":\"0\",\"keywords\":[]},\"meta\":false,\"postlink\":\"https:\/\/forte-cultura.com\/la-linea-de-la-concepcion-es\/gibraltar_and_bay_map_1750_guillaume-dheulland-1700-1770\/\"},{\"id\":4470,\"title\":\"The_Siege_of_Gibraltar,_1782_by_George_Carter1\",\"url\":\"https:\/\/forte-cultura.com\/wp-content\/uploads\/The_Siege_of_Gibraltar_1782_by_George_Carter1.jpg\",\"link\":\"https:\/\/forte-cultura.com\/the_siege_of_gibraltar_1782_by_george_carter1\/\",\"alt\":\"\",\"description\":\"\",\"caption\":\"\",\"mime\":\"image\/jpeg\",\"type\":\"image\",\"width\":2400,\"height\":1743,\"sizes\":{\"thumbnail\":{\"height\":150,\"width\":150,\"url\":\"https:\/\/forte-cultura.com\/wp-content\/uploads\/The_Siege_of_Gibraltar_1782_by_George_Carter1-150x150.jpg\",\"orientation\":\"landscape\"},\"medium\":{\"height\":218,\"width\":300,\"url\":\"https:\/\/forte-cultura.com\/wp-content\/uploads\/The_Siege_of_Gibraltar_1782_by_George_Carter1-300x218.jpg\",\"orientation\":\"landscape\"},\"large\":{\"height\":744,\"width\":1024,\"url\":\"https:\/\/forte-cultura.com\/wp-content\/uploads\/The_Siege_of_Gibraltar_1782_by_George_Carter1-1024x744.jpg\",\"orientation\":\"landscape\"},\"full\":{\"url\":\"https:\/\/forte-cultura.com\/wp-content\/uploads\/The_Siege_of_Gibraltar_1782_by_George_Carter1.jpg\",\"height\":1743,\"width\":2400,\"orientation\":\"landscape\"}},\"imageMeta\":{\"aperture\":\"0\",\"credit\":\"\",\"camera\":\"\",\"caption\":\"\",\"created_timestamp\":\"0\",\"copyright\":\"\",\"focal_length\":\"0\",\"iso\":\"0\",\"shutter_speed\":\"0\",\"title\":\"\",\"orientation\":\"0\",\"keywords\":[]},\"meta\":false,\"postlink\":\"https:\/\/forte-cultura.com\/the_siege_of_gibraltar_1782_by_george_carter1\/\"},{\"id\":4469,\"title\":\"CREATOR: gd-jpeg v1.0 (using IJG JPEG v62), default quality\",\"url\":\"https:\/\/forte-cultura.com\/wp-content\/uploads\/Vue_generale_du_siege_et_bombardement_de_Gibraltar_commentaire_en_allemand_1782.jpeg\",\"link\":\"https:\/\/forte-cultura.com\/creator-gd-jpeg-v1-0-using-ijg-jpeg-v62-default-quality\/\",\"alt\":\"\",\"description\":\"\",\"caption\":\"CREATOR: gd-jpeg v1.0 (using IJG JPEG v62), default quality\",\"mime\":\"image\/jpeg\",\"type\":\"image\",\"width\":1348,\"height\":913,\"sizes\":{\"thumbnail\":{\"height\":150,\"width\":150,\"url\":\"https:\/\/forte-cultura.com\/wp-content\/uploads\/Vue_generale_du_siege_et_bombardement_de_Gibraltar_commentaire_en_allemand_1782-150x150.jpeg\",\"orientation\":\"landscape\"},\"medium\":{\"height\":203,\"width\":300,\"url\":\"https:\/\/forte-cultura.com\/wp-content\/uploads\/Vue_generale_du_siege_et_bombardement_de_Gibraltar_commentaire_en_allemand_1782-300x203.jpeg\",\"orientation\":\"landscape\"},\"large\":{\"height\":694,\"width\":1024,\"url\":\"https:\/\/forte-cultura.com\/wp-content\/uploads\/Vue_generale_du_siege_et_bombardement_de_Gibraltar_commentaire_en_allemand_1782-1024x694.jpeg\",\"orientation\":\"landscape\"},\"full\":{\"url\":\"https:\/\/forte-cultura.com\/wp-content\/uploads\/Vue_generale_du_siege_et_bombardement_de_Gibraltar_commentaire_en_allemand_1782.jpeg\",\"height\":913,\"width\":1348,\"orientation\":\"landscape\"}},\"imageMeta\":{\"aperture\":\"0\",\"credit\":\"\",\"camera\":\"\",\"caption\":\"CREATOR: gd-jpeg v1.0 (using IJG JPEG v62), default quality\",\"created_timestamp\":\"0\",\"copyright\":\"\",\"focal_length\":\"0\",\"iso\":\"0\",\"shutter_speed\":\"0\",\"title\":\"CREATOR: gd-jpeg v1.0 (using IJG JPEG v62), default quality\",\"orientation\":\"1\",\"keywords\":[]},\"meta\":false,\"postlink\":\"https:\/\/forte-cultura.com\/creator-gd-jpeg-v1-0-using-ijg-jpeg-v62-default-quality\/\"},{\"id\":4468,\"title\":\"Georg-Hessen-Darmstadt\",\"url\":\"https:\/\/forte-cultura.com\/wp-content\/uploads\/Georg-Hessen-Darmstadt.jpg\",\"link\":\"https:\/\/forte-cultura.com\/georg-hessen-darmstadt\/\",\"alt\":\"\",\"description\":\"\",\"caption\":\"\",\"mime\":\"image\/jpeg\",\"type\":\"image\",\"width\":579,\"height\":807,\"sizes\":{\"thumbnail\":{\"height\":150,\"width\":150,\"url\":\"https:\/\/forte-cultura.com\/wp-content\/uploads\/Georg-Hessen-Darmstadt-150x150.jpg\",\"orientation\":\"landscape\"},\"medium\":{\"height\":300,\"width\":215,\"url\":\"https:\/\/forte-cultura.com\/wp-content\/uploads\/Georg-Hessen-Darmstadt-215x300.jpg\",\"orientation\":\"portrait\"},\"full\":{\"url\":\"https:\/\/forte-cultura.com\/wp-content\/uploads\/Georg-Hessen-Darmstadt.jpg\",\"height\":807,\"width\":579,\"orientation\":\"portrait\"}},\"imageMeta\":{\"aperture\":\"0\",\"credit\":\"\",\"camera\":\"\",\"caption\":\"\",\"created_timestamp\":\"0\",\"copyright\":\"\",\"focal_length\":\"0\",\"iso\":\"0\",\"shutter_speed\":\"0\",\"title\":\"\",\"orientation\":\"1\",\"keywords\":[]},\"meta\":false,\"postlink\":\"https:\/\/forte-cultura.com\/georg-hessen-darmstadt\/\"}],\"TrpContentRestriction\":{\"restriction_type\":\"exclude\",\"selected_languages\":[],\"panel_open\":true},\"itemsMetaDataCollection\":[]}<\/script><script>(function(){if(window.PGC_SGB && window.PGC_SGB.searcher){window.PGC_SGB.searcher.initBlocks()}})()<\/script><\/div>\n\n\n<p style=\"margin-top:var(--wp--preset--spacing--10);margin-bottom:var(--wp--preset--spacing--10);font-size:clamp(0.875em, 0.875rem + ((1vw - 0.2em) * 0.042), 0.9em);font-style:normal;font-weight:400\" class=\" eplus-wrapper\"><strong>Architektur<\/strong><\/p>\n\n\n\n<p style=\"font-size:clamp(0.875em, 0.875rem + ((1vw - 0.2em) * 0.042), 0.9em);font-style:normal;font-weight:400\" class=\" eplus-wrapper\"><strong>L\u00ednea de Contravalaci\u00f3n de Gibraltar<\/strong><br><br>Im Auftrag Spaniens begann <strong>Marquis von Verboom<\/strong> im November 1730 mit dem Bau der 1700 m langen Verteidigungslinie. In 1800 m Entfernung zum Felsen von Gibraltar, erstreckte sie sich von der Mittelmeerk\u00fcste bis zur Bucht von Algeciras und blockierte damit den Landweg zur Halbinsel.<br><br>Die Festungslinie wurde als durchgehende Redan-Linie ausgef\u00fchrt, besetzt mit f\u00fcnf dreieckigen Bastionen: San Carlos, San Fernando, San Jos\u00e9, Santa Mariana und San Benito. An den Enden entstanden das Fort Santa Barbara im Osten und das Fort San Felipe im Westen. Die Festungslinie verlief weitgehend geradlinig, erhielt jedoch am Fort San Felipe eine Ausbuchtung, um Platz f\u00fcr eine Armee zu schaffen.<br><br>Das breit angelegte Fort San Felipe besa\u00df 28 Gesch\u00fctzpositionen (20 eiserne 16-Pf\u00fcnder, 4 eiserne 6-Pf\u00fcnder und 4 13\u201c-Messingm\u00f6rser) und erm\u00f6glichte ein weites Schussfeld \u00fcber die Bucht und in die Stadt Gibraltar. Das Fort verf\u00fcgte zudem \u00fcber mehrere Kasematten, zwei Bastionen und eine Vorhangfassade auf der R\u00fcckseite, weiterhin einen Wassergraben, der vom Meer aus geflutet werden konnte.<br><br>Das Fort Santa Barb\u00e1ra wurde f\u00fcnfeckig angelegt und wie eine Pfeilspitze gegen Gibraltar ausgerichtet. Es besa\u00df 24 Gesch\u00fctzpositionen, einen trockenen Graben, einen gedeckten Weg, ein Glacis, 4 bombenfeste Kasematten sowie eine Seemauer gegen die Brandung. Das Fort war mit 12 eisernen 15-Pf\u00fcndern und einem 13\u201c Messingm\u00f6rser best\u00fcckt, die Friedensbesatzung bestand aus 50 Mann plus Hauptmann.<br><br><br><strong>Sistema de Defensa del Campo de Gibraltar<\/strong><br><br>Wenn man die Disposition, die Bewaffnung und den taktischen Zweck betrachtet, k\u00f6nnen drei perfekt differenzierte Zonen unterschieden werden: Die <strong>Vorverteidigungszone<\/strong> gliederte sich in zwei Panzerabwehrsperrlinien, bestehend aus einer Linie sechsreihiger \u201eDrachenz\u00e4hne\u201c sowie einer mit Stacheldraht verst\u00e4rkten Linie dicker Metallpf\u00e4hle. Die Panzerabwehrsperrlinien verliefen in etwa parallel und wurden nur durch die Stra\u00dfe zur Kolonie unterbrochen. Die Vorverteidigungszone existiert heute nicht mehr.<br><br>Der <strong>zweite Verteidigungssektor<\/strong> setzte sich haupts\u00e4chlich aus Maschinengewehrnestern mit je drei Kuppeln zusammen. Deren Mission bestand zum einen in der Abwehr von Infanterieangriffen und zum anderen im Schutz der nahegelegenen Artilleriestellungen. Die Verteidigungszone wurde an ihren Flanken und auf beiden Seiten der Zufahrtsstra\u00dfe nach Gibraltar durch mehrere Panzerabwehrobjekte verst\u00e4rkt.<br><br>Der <strong>dritte Verteidigungssektor<\/strong> bestand \u00fcberwiegend aus gepanzerten Stellungen f\u00fcr Feldartillerie, mit einigen Panzerabwehrstellungen im Zentrum. Seine Gesamtausstattung belief sich auf 35 St\u00fcck, wovon 27 St\u00fcck mit 66-mm Infanteriekanonen best\u00fcckt waren, den bekannten 6&#8217;5 &#8222;Legionario&#8220;.<br><br>Zwei au\u00dfergew\u00f6hnliche Bunker beziehen ihre Originalit\u00e4t aus ihrer Tarnung als zivile Geb\u00e4ude. Bunker 154 ist ein gewaltiger Panzerabwehrposten mit sechs, teils zur\u00fcckgebauten R\u00e4umen auf einem Grundst\u00fcck an der Avenida Pr\u00edncipe de Asturias und der Paseo Andr\u00e9s Vi\u00f1as. Dank seines \u201ezivilen\u201c Daches und der simulierten T\u00fcren blieb er f\u00fcnfzig Jahre lang unentdeckt. Ein zweist\u00f6ckiger, ebenfalls perfekt getarnter Befehlsposten liegt zwischen den H\u00e4usern an der Avenida de La Banqueta.<br><a href=\"https:\/\/forte-cultura.com\/wp-content\/uploads\/MLZCLi4g4R8I-Hartenfels_Castle_Torgau%C2%A9Philipp_Herfort.jpg\"><\/a><\/p>\n\n\n<div class=\"pgc-sgb-cb wp-block-pgcsimplygalleryblock-justified \" data-gallery-id=\"85090225\"><div class=\"sgb-preloader\" id=\"pr_85090225\">\n\t<div class=\"sgb-square\" style=\"background:#d4d4d4\"><\/div>\n\t<div class=\"sgb-square\" style=\"background:#d4d4d4\"><\/div>\n\t<div class=\"sgb-square\" style=\"background:#d4d4d4\"><\/div>\n\t<div class=\"sgb-square\" style=\"background:#d4d4d4\"><\/div><\/div><div class=\"simply-gallery-amp pgc_sgb_slider \"><noscript><div class=\"sgb-gallery\"><div class=\"sgb-item\"><a href=\"https:\/\/forte-cultura.com\/la-linea-de-la-concepcion-es\/img-20171027-wa0021\/\" target=\"_blank\"><img decoding=\"async\" alt=\"\" width=\"300\" height=\"150\" loading=\"lazy\" src=\"https:\/\/forte-cultura.com\/wp-content\/uploads\/IMG-20171027-WA0021-300x150.jpg\" srcset=\"https:\/\/forte-cultura.com\/wp-content\/uploads\/IMG-20171027-WA0021-300x150.jpg 300w,https:\/\/forte-cultura.com\/wp-content\/uploads\/IMG-20171027-WA0021-1024x512.jpg 1024w,https:\/\/forte-cultura.com\/wp-content\/uploads\/IMG-20171027-WA0021.jpg 1600w\" sizes=\"auto, 250px\"><\/a><\/div><div class=\"sgb-item\"><a href=\"https:\/\/forte-cultura.com\/bunker31\/\" target=\"_blank\"><img decoding=\"async\" alt=\"\" width=\"300\" height=\"197\" loading=\"lazy\" src=\"https:\/\/forte-cultura.com\/wp-content\/uploads\/Bunker31-300x197.jpg\" srcset=\"https:\/\/forte-cultura.com\/wp-content\/uploads\/Bunker31-300x197.jpg 300w,https:\/\/forte-cultura.com\/wp-content\/uploads\/Bunker31-1024x674.jpg 1024w,https:\/\/forte-cultura.com\/wp-content\/uploads\/Bunker31.jpg 1149w\" sizes=\"auto, 250px\"><\/a><\/div><div class=\"sgb-item\"><a href=\"https:\/\/forte-cultura.com\/bunker_00072\/\" target=\"_blank\"><img decoding=\"async\" alt=\"\" width=\"300\" height=\"225\" loading=\"lazy\" src=\"https:\/\/forte-cultura.com\/wp-content\/uploads\/bunker_00072-300x225.jpg\" srcset=\"https:\/\/forte-cultura.com\/wp-content\/uploads\/bunker_00072-300x225.jpg 300w,https:\/\/forte-cultura.com\/wp-content\/uploads\/bunker_00072.jpg 1024w\" sizes=\"auto, 250px\"><\/a><\/div><div class=\"sgb-item\"><a href=\"https:\/\/forte-cultura.com\/la-linea-de-la-concepcion-es\/bunker-9\/\" target=\"_blank\"><img decoding=\"async\" alt=\"\" width=\"296\" height=\"300\" loading=\"lazy\" src=\"https:\/\/forte-cultura.com\/wp-content\/uploads\/Bunker-9-296x300.jpg\" srcset=\"https:\/\/forte-cultura.com\/wp-content\/uploads\/Bunker-9-296x300.jpg 296w,https:\/\/forte-cultura.com\/wp-content\/uploads\/Bunker-9.jpg 802w\" sizes=\"auto, 250px\"><\/a><\/div><\/div><\/noscript><\/div><script type=\"application\/json\" class=\"sgb-data\">{\"lastRowFill\":true,\"collectionThumbRecomendedHeight\":150,\"thumbSpacing\":8,\"captions\":false,\"collectionthumbRoundedCorners\":5,\"galleryType\":\"pgc_sgb_justified\",\"galleryId\":\"85090225\",\"images\":[{\"id\":4531,\"title\":\"IMG-20171027-WA0021\",\"url\":\"https:\/\/forte-cultura.com\/wp-content\/uploads\/IMG-20171027-WA0021.jpg\",\"link\":\"https:\/\/forte-cultura.com\/la-linea-de-la-concepcion-es\/img-20171027-wa0021\/\",\"alt\":\"\",\"description\":\"\",\"caption\":\"\",\"mime\":\"image\/jpeg\",\"type\":\"image\",\"width\":1600,\"height\":800,\"sizes\":{\"thumbnail\":{\"height\":150,\"width\":150,\"url\":\"https:\/\/forte-cultura.com\/wp-content\/uploads\/IMG-20171027-WA0021-150x150.jpg\",\"orientation\":\"landscape\"},\"medium\":{\"height\":150,\"width\":300,\"url\":\"https:\/\/forte-cultura.com\/wp-content\/uploads\/IMG-20171027-WA0021-300x150.jpg\",\"orientation\":\"landscape\"},\"large\":{\"height\":512,\"width\":1024,\"url\":\"https:\/\/forte-cultura.com\/wp-content\/uploads\/IMG-20171027-WA0021-1024x512.jpg\",\"orientation\":\"landscape\"},\"full\":{\"url\":\"https:\/\/forte-cultura.com\/wp-content\/uploads\/IMG-20171027-WA0021.jpg\",\"height\":800,\"width\":1600,\"orientation\":\"landscape\"}},\"imageMeta\":{\"aperture\":\"0\",\"credit\":\"\",\"camera\":\"\",\"caption\":\"\",\"created_timestamp\":\"0\",\"copyright\":\"\",\"focal_length\":\"0\",\"iso\":\"0\",\"shutter_speed\":\"0\",\"title\":\"\",\"orientation\":\"0\",\"keywords\":[]},\"meta\":false,\"postlink\":\"https:\/\/forte-cultura.com\/la-linea-de-la-concepcion-es\/img-20171027-wa0021\/\"},{\"id\":4480,\"title\":\"Bunker31\",\"url\":\"https:\/\/forte-cultura.com\/wp-content\/uploads\/Bunker31.jpg\",\"link\":\"https:\/\/forte-cultura.com\/bunker31\/\",\"alt\":\"\",\"description\":\"\",\"caption\":\"\",\"mime\":\"image\/jpeg\",\"type\":\"image\",\"width\":1149,\"height\":756,\"sizes\":{\"thumbnail\":{\"height\":150,\"width\":150,\"url\":\"https:\/\/forte-cultura.com\/wp-content\/uploads\/Bunker31-150x150.jpg\",\"orientation\":\"landscape\"},\"medium\":{\"height\":197,\"width\":300,\"url\":\"https:\/\/forte-cultura.com\/wp-content\/uploads\/Bunker31-300x197.jpg\",\"orientation\":\"landscape\"},\"large\":{\"height\":674,\"width\":1024,\"url\":\"https:\/\/forte-cultura.com\/wp-content\/uploads\/Bunker31-1024x674.jpg\",\"orientation\":\"landscape\"},\"full\":{\"url\":\"https:\/\/forte-cultura.com\/wp-content\/uploads\/Bunker31.jpg\",\"height\":756,\"width\":1149,\"orientation\":\"landscape\"}},\"imageMeta\":{\"aperture\":\"0\",\"credit\":\"\",\"camera\":\"\",\"caption\":\"\",\"created_timestamp\":\"0\",\"copyright\":\"\",\"focal_length\":\"0\",\"iso\":\"0\",\"shutter_speed\":\"0\",\"title\":\"\",\"orientation\":\"1\",\"keywords\":[]},\"meta\":false,\"postlink\":\"https:\/\/forte-cultura.com\/bunker31\/\"},{\"id\":4467,\"title\":\"bunker_00072\",\"url\":\"https:\/\/forte-cultura.com\/wp-content\/uploads\/bunker_00072.jpg\",\"link\":\"https:\/\/forte-cultura.com\/bunker_00072\/\",\"alt\":\"\",\"description\":\"\",\"caption\":\"\",\"mime\":\"image\/jpeg\",\"type\":\"image\",\"width\":1024,\"height\":768,\"sizes\":{\"thumbnail\":{\"height\":150,\"width\":150,\"url\":\"https:\/\/forte-cultura.com\/wp-content\/uploads\/bunker_00072-150x150.jpg\",\"orientation\":\"landscape\"},\"medium\":{\"height\":225,\"width\":300,\"url\":\"https:\/\/forte-cultura.com\/wp-content\/uploads\/bunker_00072-300x225.jpg\",\"orientation\":\"landscape\"},\"full\":{\"url\":\"https:\/\/forte-cultura.com\/wp-content\/uploads\/bunker_00072.jpg\",\"height\":768,\"width\":1024,\"orientation\":\"landscape\"}},\"imageMeta\":{\"aperture\":\"3.1\",\"credit\":\"\",\"camera\":\"KODAK EasyShare Z5010 Digital Camera\",\"caption\":\"\",\"created_timestamp\":\"1352569624\",\"copyright\":\"\",\"focal_length\":\"4.5\",\"iso\":\"64\",\"shutter_speed\":\"0.025\",\"title\":\"\",\"orientation\":\"1\",\"keywords\":[\"La linea\"]},\"meta\":false,\"postlink\":\"https:\/\/forte-cultura.com\/bunker_00072\/\"},{\"id\":4530,\"title\":\"Bunker 9\",\"url\":\"https:\/\/forte-cultura.com\/wp-content\/uploads\/Bunker-9.jpg\",\"link\":\"https:\/\/forte-cultura.com\/la-linea-de-la-concepcion-es\/bunker-9\/\",\"alt\":\"\",\"description\":\"\",\"caption\":\"\",\"mime\":\"image\/jpeg\",\"type\":\"image\",\"width\":802,\"height\":814,\"sizes\":{\"thumbnail\":{\"height\":150,\"width\":150,\"url\":\"https:\/\/forte-cultura.com\/wp-content\/uploads\/Bunker-9-150x150.jpg\",\"orientation\":\"landscape\"},\"medium\":{\"height\":300,\"width\":296,\"url\":\"https:\/\/forte-cultura.com\/wp-content\/uploads\/Bunker-9-296x300.jpg\",\"orientation\":\"portrait\"},\"full\":{\"url\":\"https:\/\/forte-cultura.com\/wp-content\/uploads\/Bunker-9.jpg\",\"height\":814,\"width\":802,\"orientation\":\"portrait\"}},\"imageMeta\":{\"aperture\":\"0\",\"credit\":\"\",\"camera\":\"\",\"caption\":\"\",\"created_timestamp\":\"0\",\"copyright\":\"\",\"focal_length\":\"0\",\"iso\":\"0\",\"shutter_speed\":\"0\",\"title\":\"\",\"orientation\":\"0\",\"keywords\":[]},\"meta\":false,\"postlink\":\"https:\/\/forte-cultura.com\/la-linea-de-la-concepcion-es\/bunker-9\/\"}],\"TrpContentRestriction\":{\"restriction_type\":\"exclude\",\"selected_languages\":[],\"panel_open\":true},\"itemsMetaDataCollection\":[]}<\/script><script>(function(){if(window.PGC_SGB && window.PGC_SGB.searcher){window.PGC_SGB.searcher.initBlocks()}})()<\/script><\/div><\/div><\/div><\/div>\n\n\n\n<div class=\"wp-block-kadence-pane kt-accordion-pane kt-accordion-pane-6 kt-pane887_3b7f11-0c\"><div class=\"kt-accordion-header-wrap\"><button class=\"kt-blocks-accordion-header kt-acccordion-button-label-show\" type=\"button\"><span class=\"kt-blocks-accordion-title-wrap\"><span class=\"kt-blocks-accordion-title\">Naturerlebnis<\/span><\/span><span class=\"kt-blocks-accordion-icon-trigger\"><\/span><\/button><\/div><div class=\"kt-accordion-panel kt-accordion-panel-hidden\"><div class=\"kt-accordion-panel-inner\">\n<p style=\"font-size:clamp(0.875em, 0.875rem + ((1vw - 0.2em) * 0.042), 0.9em);\" class=\" eplus-wrapper\">La L\u00ednea de la Concepci\u00f3n und ihre Umgebung bieten ein beeindruckendes Naturerlebnis, das sowohl die K\u00fcstenlandschaft als auch die reiche Geschichte der Region miteinander verbindet. Die malerische K\u00fcstenlinie erstreckt sich \u00fcber 90 Kilometer. Die Region ist gepr\u00e4gt von einer vielf\u00e4ltigen Flora und Fauna, die sich entlang der K\u00fcste und im Hinterland erstreckt. Die N\u00e4he zum Meer und die abwechslungsreiche Landschaft machen La L\u00ednea und Umgebung zu einem idealen Ort f\u00fcr Naturliebhaber und Outdoor-Enthusiasten. Ob Wandern, Vogelbeobachtung oder einfach nur ein entspannter Spaziergang entlang der K\u00fcste \u2013 hier gibt es f\u00fcr jeden etwas zu entdecken. <\/p>\n\n\n\n<p style=\"font-size:clamp(0.875em, 0.875rem + ((1vw - 0.2em) * 0.042), 0.9em);\" class=\" eplus-wrapper\">Ein besonderes Highlight ist das Verteidigungssystem von Campo de Gibraltar, das mit seinen \u00fcber 500 Bunkern nicht nur ein bedeutendes historisches Erbe darstellt, sondern auch ein einzigartiges Naturerlebnis bietet. Die Bunker sind heute stille Zeugen einer Zeit, in der Spanien sich auf eine m\u00f6gliche Invasion vorbereitete, die jedoch nie eintrat. Sie bieten einen faszinierenden Kontrast zur nat\u00fcrlichen Sch\u00f6nheit der K\u00fcstenlandschaft und laden dazu ein, die Geschichte und die Natur der Region gleicherma\u00dfen zu erkunden. Ein Besuch in La L\u00ednea de la Concepci\u00f3n und Umgebung ist daher nicht nur f\u00fcr Geschichtsinteressierte lohnenswert, sondern auch f\u00fcr alle, die die einzigartige Landschaft und die beeindruckende Ingenieurskunst der damaligen Zeit erleben m\u00f6chten.<br><a href=\"https:\/\/forte-cultura.com\/wp-content\/uploads\/Eisenbahnbruecke.jpg\"><\/a><\/p>\n\n\n<div class=\"pgc-sgb-cb wp-block-pgcsimplygalleryblock-justified \" data-gallery-id=\"35190226\"><div class=\"sgb-preloader\" id=\"pr_35190226\">\n\t<div class=\"sgb-square\" style=\"background:#d4d4d4\"><\/div>\n\t<div class=\"sgb-square\" style=\"background:#d4d4d4\"><\/div>\n\t<div class=\"sgb-square\" style=\"background:#d4d4d4\"><\/div>\n\t<div class=\"sgb-square\" style=\"background:#d4d4d4\"><\/div><\/div><div class=\"simply-gallery-amp pgc_sgb_slider \"><noscript><div class=\"sgb-gallery\"><div class=\"sgb-item\"><a href=\"https:\/\/forte-cultura.com\/nature54\/\" target=\"_blank\"><img decoding=\"async\" alt=\"\" width=\"150\" height=\"112\" loading=\"lazy\" src=\"https:\/\/forte-cultura.com\/wp-content\/uploads\/nature54.png\" srcset=\",https:\/\/forte-cultura.com\/wp-content\/uploads\/nature54.png 150w\" sizes=\"auto, 250px\"><\/a><\/div><div class=\"sgb-item\"><a href=\"https:\/\/forte-cultura.com\/nature43\/\" target=\"_blank\"><img decoding=\"async\" alt=\"\" width=\"300\" height=\"225\" loading=\"lazy\" src=\"https:\/\/forte-cultura.com\/wp-content\/uploads\/nature43-300x225.png\" srcset=\"https:\/\/forte-cultura.com\/wp-content\/uploads\/nature43-300x225.png 300w,https:\/\/forte-cultura.com\/wp-content\/uploads\/nature43.png 800w\" sizes=\"auto, 250px\"><\/a><\/div><div class=\"sgb-item\"><a href=\"https:\/\/forte-cultura.com\/nature32\/\" target=\"_blank\"><img decoding=\"async\" alt=\"\" width=\"300\" height=\"200\" loading=\"lazy\" src=\"https:\/\/forte-cultura.com\/wp-content\/uploads\/nature32-300x200.png\" srcset=\"https:\/\/forte-cultura.com\/wp-content\/uploads\/nature32-300x200.png 300w,https:\/\/forte-cultura.com\/wp-content\/uploads\/nature32.png 640w\" sizes=\"auto, 250px\"><\/a><\/div><div class=\"sgb-item\"><a href=\"https:\/\/forte-cultura.com\/nature12\/\" target=\"_blank\"><img decoding=\"async\" alt=\"\" width=\"300\" height=\"199\" loading=\"lazy\" src=\"https:\/\/forte-cultura.com\/wp-content\/uploads\/nature12-300x199.jpg\" srcset=\"https:\/\/forte-cultura.com\/wp-content\/uploads\/nature12-300x199.jpg 300w,https:\/\/forte-cultura.com\/wp-content\/uploads\/nature12.jpg 396w\" sizes=\"auto, 250px\"><\/a><\/div><\/div><\/noscript><\/div><script type=\"application\/json\" class=\"sgb-data\">{\"lastRowFill\":true,\"collectionThumbRecomendedHeight\":150,\"thumbSpacing\":8,\"captions\":false,\"collectionthumbRoundedCorners\":5,\"galleryType\":\"pgc_sgb_justified\",\"galleryId\":\"35190226\",\"images\":[{\"id\":4479,\"title\":\"nature54\",\"url\":\"https:\/\/forte-cultura.com\/wp-content\/uploads\/nature54.png\",\"link\":\"https:\/\/forte-cultura.com\/nature54\/\",\"alt\":\"\",\"description\":\"\",\"caption\":\"\",\"mime\":\"image\/png\",\"type\":\"image\",\"width\":150,\"height\":112,\"sizes\":{\"full\":{\"url\":\"https:\/\/forte-cultura.com\/wp-content\/uploads\/nature54.png\",\"height\":112,\"width\":150,\"orientation\":\"landscape\"}},\"imageMeta\":{\"aperture\":\"0\",\"credit\":\"\",\"camera\":\"\",\"caption\":\"\",\"created_timestamp\":\"0\",\"copyright\":\"\",\"focal_length\":\"0\",\"iso\":\"0\",\"shutter_speed\":\"0\",\"title\":\"\",\"orientation\":\"0\",\"keywords\":[]},\"meta\":false,\"postlink\":\"https:\/\/forte-cultura.com\/nature54\/\"},{\"id\":4478,\"title\":\"nature43\",\"url\":\"https:\/\/forte-cultura.com\/wp-content\/uploads\/nature43.png\",\"link\":\"https:\/\/forte-cultura.com\/nature43\/\",\"alt\":\"\",\"description\":\"\",\"caption\":\"\",\"mime\":\"image\/png\",\"type\":\"image\",\"width\":800,\"height\":600,\"sizes\":{\"thumbnail\":{\"height\":150,\"width\":150,\"url\":\"https:\/\/forte-cultura.com\/wp-content\/uploads\/nature43-150x150.png\",\"orientation\":\"landscape\"},\"medium\":{\"height\":225,\"width\":300,\"url\":\"https:\/\/forte-cultura.com\/wp-content\/uploads\/nature43-300x225.png\",\"orientation\":\"landscape\"},\"full\":{\"url\":\"https:\/\/forte-cultura.com\/wp-content\/uploads\/nature43.png\",\"height\":600,\"width\":800,\"orientation\":\"landscape\"}},\"imageMeta\":{\"aperture\":\"0\",\"credit\":\"\",\"camera\":\"\",\"caption\":\"\",\"created_timestamp\":\"0\",\"copyright\":\"\",\"focal_length\":\"0\",\"iso\":\"0\",\"shutter_speed\":\"0\",\"title\":\"\",\"orientation\":\"0\",\"keywords\":[]},\"meta\":false,\"postlink\":\"https:\/\/forte-cultura.com\/nature43\/\"},{\"id\":4477,\"title\":\"nature32\",\"url\":\"https:\/\/forte-cultura.com\/wp-content\/uploads\/nature32.png\",\"link\":\"https:\/\/forte-cultura.com\/nature32\/\",\"alt\":\"\",\"description\":\"\",\"caption\":\"\",\"mime\":\"image\/png\",\"type\":\"image\",\"width\":640,\"height\":427,\"sizes\":{\"thumbnail\":{\"height\":150,\"width\":150,\"url\":\"https:\/\/forte-cultura.com\/wp-content\/uploads\/nature32-150x150.png\",\"orientation\":\"landscape\"},\"medium\":{\"height\":200,\"width\":300,\"url\":\"https:\/\/forte-cultura.com\/wp-content\/uploads\/nature32-300x200.png\",\"orientation\":\"landscape\"},\"full\":{\"url\":\"https:\/\/forte-cultura.com\/wp-content\/uploads\/nature32.png\",\"height\":427,\"width\":640,\"orientation\":\"landscape\"}},\"imageMeta\":{\"aperture\":\"0\",\"credit\":\"\",\"camera\":\"\",\"caption\":\"\",\"created_timestamp\":\"0\",\"copyright\":\"\",\"focal_length\":\"0\",\"iso\":\"0\",\"shutter_speed\":\"0\",\"title\":\"\",\"orientation\":\"0\",\"keywords\":[]},\"meta\":false,\"postlink\":\"https:\/\/forte-cultura.com\/nature32\/\"},{\"id\":4476,\"title\":\"nature12\",\"url\":\"https:\/\/forte-cultura.com\/wp-content\/uploads\/nature12.jpg\",\"link\":\"https:\/\/forte-cultura.com\/nature12\/\",\"alt\":\"\",\"description\":\"\",\"caption\":\"\",\"mime\":\"image\/jpeg\",\"type\":\"image\",\"width\":396,\"height\":263,\"sizes\":{\"thumbnail\":{\"height\":150,\"width\":150,\"url\":\"https:\/\/forte-cultura.com\/wp-content\/uploads\/nature12-150x150.jpg\",\"orientation\":\"landscape\"},\"medium\":{\"height\":199,\"width\":300,\"url\":\"https:\/\/forte-cultura.com\/wp-content\/uploads\/nature12-300x199.jpg\",\"orientation\":\"landscape\"},\"full\":{\"url\":\"https:\/\/forte-cultura.com\/wp-content\/uploads\/nature12.jpg\",\"height\":263,\"width\":396,\"orientation\":\"landscape\"}},\"imageMeta\":{\"aperture\":\"0\",\"credit\":\"\",\"camera\":\"\",\"caption\":\"\",\"created_timestamp\":\"0\",\"copyright\":\"\",\"focal_length\":\"0\",\"iso\":\"0\",\"shutter_speed\":\"0\",\"title\":\"\",\"orientation\":\"0\",\"keywords\":[]},\"meta\":false,\"postlink\":\"https:\/\/forte-cultura.com\/nature12\/\"}],\"TrpContentRestriction\":{\"restriction_type\":\"exclude\",\"selected_languages\":[],\"panel_open\":true},\"itemsMetaDataCollection\":[]}<\/script><script>(function(){if(window.PGC_SGB && window.PGC_SGB.searcher){window.PGC_SGB.searcher.initBlocks()}})()<\/script><\/div><\/div><\/div><\/div>\n<\/div><\/div><\/div>\n<\/div>\n<\/div>\n\n\n<hr class=\" wp-block-separator alignwide has-text-color has-accent-2-color has-alpha-channel-opacity has-accent-2-background-color has-background eplus-wrapper\" style=\"margin-top:var(--wp--preset--spacing--30);margin-bottom:var(--wp--preset--spacing--30)\"\/>\n\n\n\n<h2 class=\" wp-block-heading alignwide eplus-wrapper\">Events in La L\u00ednea de la Concepci\u00f3n<\/h2>\n\n\n\n<hr class=\" wp-block-separator alignwide has-text-color has-accent-2-color has-alpha-channel-opacity has-accent-2-background-color has-background eplus-wrapper\" style=\"margin-top:var(--wp--preset--spacing--30);margin-bottom:var(--wp--preset--spacing--30)\"\/>\n\n\n<div class=\"wp-block-columns alignwide eplus-wrapper is-layout-flex wp-container-core-columns-is-layout-28f84493 wp-block-columns-is-layout-flex eplus-styles-uid-010315\">\n<div class=\"wp-block-column eplus-wrapper is-layout-flow wp-block-column-is-layout-flow\" style=\"flex-basis:100%\">\n<h2 class=\" wp-block-heading eplus-wrapper\">Kontakt<\/h2>\n\n\n\n<div class=\"wp-block-group alignwide has-border-color has-custom-farbe-1-border-color has-custom-verlauf-1-gradient-background has-text-color has-background eplus-wrapper is-layout-flow wp-block-group-is-layout-flow\" style=\"border-width:1px;border-radius:10px;color:#000000\"><div class=\"wp-block-columns eplus-wrapper is-layout-flex wp-container-core-columns-is-layout-8aadaede wp-block-columns-is-layout-flex eplus-styles-uid-a0adbf\" style=\"margin-top:var(--wp--preset--spacing--10);margin-bottom:var(--wp--preset--spacing--10);padding-top:0;padding-bottom:0\">\n<div class=\"wp-block-column is-vertically-aligned-center eplus-wrapper is-layout-flow wp-block-column-is-layout-flow\" style=\"padding-top:var(--wp--preset--spacing--10);padding-right:var(--wp--preset--spacing--10);padding-bottom:var(--wp--preset--spacing--10);padding-left:var(--wp--preset--spacing--10);flex-basis:16.5%\"><figure class=\"is-style-default wp-block-image aligncenter size-full is-resized eplus-wrapper eplus-styles-uid-f8fbcd\"><img loading=\"lazy\" decoding=\"async\" width=\"139\" height=\"139\" src=\"https:\/\/forte-cultura.com\/wp-content\/uploads\/logo_la_linea.png\" alt=\"\" class=\"wp-image-4516\" style=\"width:116px;height:auto\" srcset=\"https:\/\/forte-cultura.com\/wp-content\/uploads\/logo_la_linea.png 139w, https:\/\/forte-cultura.com\/wp-content\/uploads\/logo_la_linea-12x12.png 12w\" sizes=\"auto, (max-width: 139px) 100vw, 139px\" \/><\/figure><\/div>\n\n\n\n<div class=\"wp-block-column is-vertically-aligned-center eplus-wrapper is-layout-flow wp-block-column-is-layout-flow\" style=\"padding-right:var(--wp--preset--spacing--10);padding-left:var(--wp--preset--spacing--10);flex-basis:66.66%\">\n<p class=\" has-text-align-center has-small-font-size eplus-wrapper\" style=\"margin-top:0;margin-bottom:0\">Avda. Pr\u00edncipe der Asturias, s\/n\u00ba<br>11300 La L\u00ednea de la Concepci\u00f3n<br>Spanien<br><a href=\"mailto:turismo@lalinea.es\" target=\"_blank\" rel=\"noreferrer noopener\">E-Mail<\/a><br><a href=\"http:\/\/www.turismocampodegibraltar.com\/la_linea_de_la_concepcion\/que-visitar\/?municipio_s=la_linea\" target=\"_blank\" rel=\"noreferrer noopener\">Web<\/a><\/p>\n<\/div>\n<\/div><\/div>\n<\/div>\n<\/div>\n\n\n<hr class=\" wp-block-separator alignwide has-text-color has-accent-2-color has-alpha-channel-opacity has-accent-2-background-color has-background eplus-wrapper\" style=\"margin-top:var(--wp--preset--spacing--30);margin-bottom:var(--wp--preset--spacing--30)\"\/>\n\n\n<div id=\"travelersmap-container-69f5eb40c133b\" class=\"travelersmap-container\" style=\"z-index: 1; min-height: 10px; min-width:10px; height:400px;width:100%; max-width:1280px; max-height:; position:relative;\"><div style=\"position:absolute; z-index:-1;top: 50%;text-align: center;display: block;left: 50%;transform: translate(-50%,-50%);\">Travelers' Map is loading...<br>If you see this after your page is loaded completely, leafletJS files are missing.<\/div><\/div>\n\n\n\n<hr class=\" wp-block-separator alignwide has-text-color has-accent-2-color has-alpha-channel-opacity has-accent-2-background-color has-background eplus-wrapper\" style=\"margin-top:var(--wp--preset--spacing--30);margin-bottom:var(--wp--preset--spacing--30)\"\/>\n","protected":false},"excerpt":{"rendered":"<p>Lignes de d\u00e9fense : Rempart de d\u00e9fense contre Gibraltar ; forts et bunkers de 300 ans d'histoire de la fortification<\/p>","protected":false},"author":1,"featured_media":330,"comment_status":"open","ping_status":"open","sticky":false,"template":"","format":"standard","meta":{"editor_plus_copied_stylings":"{}","pgc_sgb_lightbox_settings":"","_price":"","_stock":"","_tribe_ticket_header":"","_tribe_default_ticket_provider":"","_tribe_ticket_capacity":"0","_ticket_start_date":"","_ticket_end_date":"","_tribe_ticket_show_description":"","_tribe_ticket_show_not_going":false,"_tribe_ticket_use_global_stock":"","_tribe_ticket_global_stock_level":"","_global_stock_mode":"","_global_stock_cap":"","_tribe_rsvp_for_event":"","_tribe_ticket_going_count":"","_tribe_ticket_not_going_count":"","_tribe_tickets_list":"[]","_tribe_ticket_has_attendee_info_fields":false,"_EventAllDay":false,"_EventTimezone":"","_EventStartDate":"","_EventEndDate":"","_EventStartDateUTC":"","_EventEndDateUTC":"","_EventShowMap":false,"_EventShowMapLink":false,"_EventURL":"","_EventCost":"","_EventCostDescription":"","_EventCurrencySymbol":"","_EventCurrencyCode":"","_EventCurrencyPosition":"","_EventDateTimeSeparator":"","_EventTimeRangeSeparator":"","_EventOrganizerID":[],"_EventVenueID":[],"_OrganizerEmail":"","_OrganizerPhone":"","_OrganizerWebsite":"","_VenueAddress":"","_VenueCity":"","_VenueCountry":"","_VenueProvince":"","_VenueState":"","_VenueZip":"","_VenuePhone":"","_VenueURL":"","_VenueStateProvince":"","_VenueLat":"","_VenueLng":"","_VenueShowMap":false,"_VenueShowMapLink":false,"footnotes":""},"categories":[22,469,19,50,65,29,66],"tags":[45,67],"class_list":["post-887","post","type-post","status-publish","format-standard","has-post-thumbnail","hentry","category-festungserbe","category-fluesse-und-meer","category-stationen","category-militaerbunker","category-spanien","category-verteidigungslinie","category-verteidigungslinie-20-jh","tag-bunker","tag-zweiter-weltkrieg"],"_links":{"self":[{"href":"https:\/\/forte-cultura.com\/fr\/wp-json\/wp\/v2\/posts\/887","targetHints":{"allow":["GET"]}}],"collection":[{"href":"https:\/\/forte-cultura.com\/fr\/wp-json\/wp\/v2\/posts"}],"about":[{"href":"https:\/\/forte-cultura.com\/fr\/wp-json\/wp\/v2\/types\/post"}],"author":[{"embeddable":true,"href":"https:\/\/forte-cultura.com\/fr\/wp-json\/wp\/v2\/users\/1"}],"replies":[{"embeddable":true,"href":"https:\/\/forte-cultura.com\/fr\/wp-json\/wp\/v2\/comments?post=887"}],"version-history":[{"count":0,"href":"https:\/\/forte-cultura.com\/fr\/wp-json\/wp\/v2\/posts\/887\/revisions"}],"wp:featuredmedia":[{"embeddable":true,"href":"https:\/\/forte-cultura.com\/fr\/wp-json\/wp\/v2\/media\/330"}],"wp:attachment":[{"href":"https:\/\/forte-cultura.com\/fr\/wp-json\/wp\/v2\/media?parent=887"}],"wp:term":[{"taxonomy":"category","embeddable":true,"href":"https:\/\/forte-cultura.com\/fr\/wp-json\/wp\/v2\/categories?post=887"},{"taxonomy":"post_tag","embeddable":true,"href":"https:\/\/forte-cultura.com\/fr\/wp-json\/wp\/v2\/tags?post=887"}],"curies":[{"name":"wp","href":"https:\/\/api.w.org\/{rel}","templated":true}]}}