{"id":4611,"date":"2025-12-20T11:36:15","date_gmt":"2025-12-20T10:36:15","guid":{"rendered":"https:\/\/forte-cultura.com\/?p=4611"},"modified":"2025-12-30T12:42:43","modified_gmt":"2025-12-30T11:42:43","slug":"sur-les-traces-du-siege-de-kaiserswerth-pendant-la-guerre-de-succession-despagne","status":"publish","type":"post","link":"https:\/\/forte-cultura.com\/fr\/auf-den-spuren-der-belagerung-kaiserswerth-im-spanischen-erbfolgekrieg\/","title":{"rendered":"Sur les traces du si\u00e8ge : Kaiserswerth pendant la guerre de succession d'Espagne"},"content":{"rendered":"<div class=\"wp-block-columns alignwide eplus-wrapper is-layout-flex wp-container-core-columns-is-layout-02f249f1 wp-block-columns-is-layout-flex eplus-styles-uid-329b40\" style=\"padding-right:0;padding-left:0\">\n<div class=\"wp-block-column eplus-wrapper is-layout-flow wp-container-core-column-is-layout-6384e000 wp-block-column-is-layout-flow\" style=\"padding-right:var(--wp--preset--spacing--40);padding-left:0;flex-basis:66.66%\"><p class=\"eplus-wrapper eplus-styles-uid-e7c803\"><em>Visite guid\u00e9e FORTE CULTURA : Kaiserswerth (DE) avec Martin Kl\u00f6ffer<\/em><\/p>\n\n\n<h2 class=\"wp-block-heading alignwide has-large-font-size eplus-wrapper\"><strong>Visites historiques de la forteresse, de la ville et des lieux de m\u00e9moire - L'exp\u00e9rience de la guerre au plus pr\u00e8s entre 1702 et aujourd'hui<\/strong><\/h2>\n\n\n\n<p class=\"eplus-wrapper\">Imaginez, s'il vous pla\u00eet, qu'une guerre commence juste devant votre porte. Ce n'est pas une bonne id\u00e9e, mais c'est exactement ce qui s'est pass\u00e9 \u00e0 Kaiserswerth en avril 1702, au d\u00e9but de la guerre de succession d'Espagne. Les troupes alli\u00e9es ont assi\u00e9g\u00e9 la forteresse occup\u00e9e par les Fran\u00e7ais et l'ont prise au bout de deux mois. A l'exception de trois maisons, la ville fut enti\u00e8rement d\u00e9truite et les ouvrages de la forteresse furent ensuite d\u00e9molis.<\/p>\n\n\n\n<p class=\"eplus-wrapper\">Le si\u00e8ge d'avril - juin 1702 fut la premi\u00e8re op\u00e9ration des troupes alli\u00e9es de l'Empire et des N\u00e9erlandais dans la guerre de Succession d'Espagne contre l'\u00e9lectorat de Cologne, alli\u00e9 de la France. L'attaque s'\u00e9tendit sur 59 jours et l'assaut du foss\u00e9 le 9 juin co\u00fbta de lourdes pertes. Mais les jours de la forteresse \u00e9taient compt\u00e9s, si bien qu'elle se rendit le 15 juin dans des conditions tr\u00e8s favorables.<\/p>\n\n\n\n<p class=\"eplus-wrapper\">Lors de la visite guid\u00e9e de la vieille ville historique, vous d\u00e9couvrirez l'histoire de la ville, de la forteresse et du palais imp\u00e9rial ainsi que le contexte de la guerre de succession d'Espagne (1701-1714). La construction de la forteresse vous sera expliqu\u00e9e \u00e0 l'aide de maquettes et de plans, et vous serez guid\u00e9s vers les principaux vestiges et lieux de m\u00e9moire.<\/p>\n\n\n\n<p class=\"eplus-wrapper\">Lors de la visite guid\u00e9e, l'accent est mis sur les aspects de construction et d'ing\u00e9nierie du si\u00e8ge : vous pouvez ainsi encore aujourd'hui localiser sur le terrain les travaux de si\u00e8ge qui ont disparu. D\u00e9couvrez comment une erreur de construction dans le maintien en eau des foss\u00e9s a affaibli la r\u00e9sistance des assi\u00e9geants. Comprendre le r\u00f4le jou\u00e9 par le niveau d'eau. Voir l'endroit de la ma\u00e7onnerie o\u00f9 la br\u00e8che a \u00e9t\u00e9 ouverte.<\/p>\n\n\n\n<p class=\"eplus-wrapper\">Trois circuits propos\u00e9s permettent aux visiteurs de d\u00e9couvrir les vestiges et les lieux de m\u00e9moire de la forteresse de Kaiserswerth et de ses si\u00e8ges. Il s'agit de<\/p>\n\n\n<ul class=\"wp-block-list eplus-wrapper eplus-styles-uid-88cbfd\">\n<li class=\"eplus-wrapper\">la vieille ville historique de Kaiserswerth (environ 2-2,5 heures, \u00e0 pied, accessible aux personnes handicap\u00e9es \u00e0 l'exception d'un escalier)<\/li>\n\n\n\n<li class=\"eplus-wrapper\">les quartiers g\u00e9n\u00e9raux des assi\u00e9geants (3-4 heures, en v\u00e9lo ou en voiture<\/li>\n\n\n\n<li style=\"margin-bottom:var(--wp--preset--spacing--30)\" class=\"eplus-wrapper\">les \u0153uvres ext\u00e9rieures (environ 2 heures, de plain-pied, quelques l\u00e9g\u00e8res mont\u00e9es)<\/li>\n<\/ul>\n\n<div class=\"wp-block-columns eplus-wrapper is-layout-flex wp-container-core-columns-is-layout-28f84493 wp-block-columns-is-layout-flex eplus-styles-uid-319c74\">\n<div class=\"wp-block-column has-gradient-1-gradient-background has-background eplus-wrapper is-layout-flow wp-block-column-is-layout-flow\" style=\"padding-top:var(--wp--preset--spacing--20);padding-right:var(--wp--preset--spacing--20);padding-bottom:var(--wp--preset--spacing--20);padding-left:var(--wp--preset--spacing--20)\">\n<p class=\"eplus-wrapper\"><strong>Votre guide<\/strong><\/p>\n\n\n\n<figure class=\"wp-block-image size-large eplus-wrapper\"><img loading=\"lazy\" decoding=\"async\" width=\"1024\" height=\"767\" src=\"https:\/\/forte-cultura.com\/wp-content\/uploads\/w1900_h1424_x1008_y756_IMG_2155-366df1400288b03f-1024x767.jpeg\" alt=\"\" class=\"wp-image-4628\" srcset=\"https:\/\/forte-cultura.com\/wp-content\/uploads\/w1900_h1424_x1008_y756_IMG_2155-366df1400288b03f-1024x767.jpeg 1024w, https:\/\/forte-cultura.com\/wp-content\/uploads\/w1900_h1424_x1008_y756_IMG_2155-366df1400288b03f-300x225.jpeg 300w, https:\/\/forte-cultura.com\/wp-content\/uploads\/w1900_h1424_x1008_y756_IMG_2155-366df1400288b03f-768x576.jpeg 768w, https:\/\/forte-cultura.com\/wp-content\/uploads\/w1900_h1424_x1008_y756_IMG_2155-366df1400288b03f-1536x1151.jpeg 1536w, https:\/\/forte-cultura.com\/wp-content\/uploads\/w1900_h1424_x1008_y756_IMG_2155-366df1400288b03f-16x12.jpeg 16w, https:\/\/forte-cultura.com\/wp-content\/uploads\/w1900_h1424_x1008_y756_IMG_2155-366df1400288b03f.jpeg 1900w\" sizes=\"auto, (max-width: 1024px) 100vw, 1024px\" \/><\/figure>\n\n\n\n<p class=\"has-small-font-size eplus-wrapper\">Dr. Martin Kl\u00f6ffler s'occupe depuis 1980 des aspects techniques de l'histoire militaire du 18\u00e8me si\u00e8cle jusqu'au milieu du 19\u00e8me si\u00e8cle. Il a r\u00e9dig\u00e9 une centaine d'articles sur la recherche sur les fortifications, les si\u00e8ges, les fortifications de campagne, l'organisation des \u00e9tats-majors, les jeux de guerre, l'\u00e9tude des uniformes, la cartographie, l'artillerie, les fortifications de campagne, l'histoire de la topographie et la p\u00e9dagogie des mus\u00e9es. Martin Kl\u00f6ffler est \u00e9galement un collectionneur d'instruments de mesure historiques et d'ouvrages d'histoire militaire sur l'ing\u00e9nierie entre 1700 et 1850 environ. Jusqu'\u00e0 pr\u00e9sent, il a publi\u00e9 quatre livres.<\/p>\n\n\n\n<p class=\"has-small-font-size eplus-wrapper\">Il s'est \u00e9galement sp\u00e9cialis\u00e9 dans la reconstruction et la transmission de l'histoire des techniques ainsi que dans la reconstitution du quotidien historique \u00e0 l'aide de l'histoire vivante. Il a \u00e9galement pr\u00eat\u00e9 des objets pour des expositions ou con\u00e7u et \u00e9quip\u00e9 une exposition.<\/p>\n\n\n\n<p class=\"has-small-font-size eplus-wrapper\">Sa mission est de faire d\u00e9couvrir aux invit\u00e9s une partie passionnante de l'histoire jusqu'ici inconnue.<\/p>\n\n\n\n<p class=\"has-small-font-size eplus-wrapper\">D'autres visites guid\u00e9es de la forteresse de D\u00fcsseldorf et du D\u00fcsseldorf classique sont en pr\u00e9paration.<\/p>\n\n\n\n<p class=\"has-small-font-size eplus-wrapper\" style=\"margin-bottom:0;padding-bottom:0\">Liens internet :<\/p>\n\n\n<ul style=\"margin-top:0;margin-bottom:0;padding-top:0;padding-bottom:0\" class=\"wp-block-list eplus-wrapper eplus-styles-uid-a63d12\">\n<li class=\"has-small-font-size eplus-wrapper\">IGHA -<a href=\"https:\/\/www.facebook.com\/groups\/IGhistorischerAlltag\/\" target=\"_blank\" rel=\"noopener\"> https:\/\/www.facebook.com\/groups\/IGhistorischerAlltag\/<\/a><\/li>\n\n\n\n<li class=\"has-small-font-size eplus-wrapper\">\u00c9tat-major g\u00e9n\u00e9ral - <a href=\"https:\/\/www.facebook.com\/PreussischerStab1813\" target=\"_blank\" rel=\"noopener\">https:\/\/www.facebook.com\/PreussischerStab1813<\/a><\/li>\n\n\n\n<li class=\"has-small-font-size eplus-wrapper\">Ing\u00e9nieur g\u00e9ographe - <a href=\"http:\/\/www.ingenieurgeograph.de\/\" target=\"_blank\" rel=\"noopener\">http:\/\/www.ingenieurgeograph.de\/<\/a> (\u00e9tat en 2024)<\/li>\n\n\n\n<li class=\"has-small-font-size eplus-wrapper\">Facebook <a href=\"https:\/\/www.facebook.com\/martin.kloffler\" target=\"_blank\" rel=\"noopener\">https:\/\/www.facebook.com\/martin.kloffler<\/a><\/li>\n\n\n\n<li class=\"has-small-font-size eplus-wrapper\">Academia <a href=\"https:\/\/independent.academia.edu\/MartinKl%C3%B6ffler%20\" target=\"_blank\" rel=\"noopener\">https:\/\/independent.academia.edu\/MartinKl%C3%B6ffler <\/a><\/li>\n<\/ul><\/div>\n<\/div><\/div>\n\n\n\n<div class=\"wp-block-column has-base-2-background-color has-background eplus-wrapper is-layout-flow wp-container-core-column-is-layout-4d123836 wp-block-column-is-layout-flow\" style=\"padding-right:var(--wp--preset--spacing--20);padding-left:var(--wp--preset--spacing--20);flex-basis:33.33%\"><div class=\"wp-block-columns has-custom-verlauf-1-gradient-background has-background eplus-wrapper is-layout-flex wp-container-core-columns-is-layout-62ca6804 wp-block-columns-is-layout-flex eplus-styles-uid-1c1181\" style=\"border-radius:5px;margin-top:var(--wp--preset--spacing--20);margin-bottom:var(--wp--preset--spacing--20);padding-top:var(--wp--preset--spacing--10);padding-right:var(--wp--preset--spacing--20);padding-bottom:var(--wp--preset--spacing--10);padding-left:var(--wp--preset--spacing--20)\">\n<div class=\"wp-block-column eplus-wrapper is-layout-flow wp-block-column-is-layout-flow\" style=\"flex-basis:33.33%\">\n<figure class=\"wp-block-image aligncenter size-full eplus-wrapper\"><img loading=\"lazy\" decoding=\"async\" width=\"1780\" height=\"2560\" src=\"https:\/\/forte-cultura.com\/wp-content\/uploads\/20240525_141728_Figur-Kopie-scaled.jpg\" alt=\"\" class=\"wp-image-4612\" srcset=\"https:\/\/forte-cultura.com\/wp-content\/uploads\/20240525_141728_Figur-Kopie-scaled.jpg 1780w, https:\/\/forte-cultura.com\/wp-content\/uploads\/20240525_141728_Figur-Kopie-209x300.jpg 209w, https:\/\/forte-cultura.com\/wp-content\/uploads\/20240525_141728_Figur-Kopie-712x1024.jpg 712w, https:\/\/forte-cultura.com\/wp-content\/uploads\/20240525_141728_Figur-Kopie-768x1105.jpg 768w, https:\/\/forte-cultura.com\/wp-content\/uploads\/20240525_141728_Figur-Kopie-1068x1536.jpg 1068w, https:\/\/forte-cultura.com\/wp-content\/uploads\/20240525_141728_Figur-Kopie-1424x2048.jpg 1424w, https:\/\/forte-cultura.com\/wp-content\/uploads\/20240525_141728_Figur-Kopie-8x12.jpg 8w\" sizes=\"auto, (max-width: 1780px) 100vw, 1780px\" \/><\/figure>\n<\/div>\n\n\n\n<div class=\"wp-block-column eplus-wrapper is-layout-flow wp-block-column-is-layout-flow\" style=\"flex-basis:66.66%\">\n<p class=\"has-text-align-right has-custom-farbe-1-color has-text-color has-link-color eplus-wrapper wp-elements-ea1321695b09d5e186995649871495b7\"><strong>Dr. Martin Kl\u00f6ffler<\/strong><\/p>\n\n\n\n<p class=\"has-text-align-right has-heading-font-family eplus-wrapper\" style=\"margin-top:0;margin-bottom:0;font-size:clamp(0.875em, 0.875rem + ((1vw - 0.2em) * 0.042), 0.9em);line-height:1.3\">Guide touristique avec <br>Certificat FORTE CULTURA<\/p>\n\n\n\n<p class=\"has-text-align-right eplus-wrapper\" style=\"font-size:clamp(0.875rem, 0.875rem + ((1vw - 0.2rem) * 0.042), 0.9rem);\">Langues parl\u00e9es : allemand, anglais, fran\u00e7ais<\/p>\n<\/div>\n<\/div>\n\n\n<h4 class=\"wp-block-heading has-text-align-center eplus-wrapper\"><strong>Remarques sur la visite guid\u00e9e<\/strong><\/h4>\n\n\n\n<p class=\"has-text-align-center eplus-wrapper\"><strong>Dur\u00e9e<\/strong>environ 2,5 heures<br><strong>Prix pour les visites guid\u00e9es de 4 \u00e0 15 personnes<\/strong>: <br>60,00 \u20ac par heure (visite en costume pour les groupes ferm\u00e9s 80,00 \u20ac par heure)<\/p>\n\n\n\n<p class=\"has-text-align-center eplus-wrapper\" style=\"line-height:1.4\">La visite guid\u00e9e des ateliers ext\u00e9rieurs peut \u00eatre r\u00e9serv\u00e9e comme extension de la visite guid\u00e9e de la vieille ville de Kaiserswerther. Pour la visite guid\u00e9e des quartiers g\u00e9n\u00e9raux, une offre flexible est \u00e9tablie.<\/p>\n\n\n\n<p class=\"has-text-align-center eplus-wrapper\" style=\"line-height:1.4\">Les visites guid\u00e9es peuvent \u00eatre r\u00e9serv\u00e9es sur rendez-vous par temps sec, de pr\u00e9f\u00e9rence pendant le semestre d'\u00e9t\u00e9, les jours f\u00e9ri\u00e9s, le samedi et le dimanche. <strong>Les invit\u00e9s sont pri\u00e9s de porter des chaussures solides et, le cas \u00e9ch\u00e9ant, d'apporter des v\u00eatements r\u00e9sistant aux intemp\u00e9ries. <\/strong>L'offre gastronomique dans la vieille ville est tr\u00e8s vari\u00e9e.<\/p>\n\n\n<div class=\"wp-block-buttons eplus-wrapper is-content-justification-center is-layout-flex wp-container-core-buttons-is-layout-3bc9e530 wp-block-buttons-is-layout-flex eplus-styles-uid-f5efd0\" style=\"margin-top:var(--wp--preset--spacing--20);margin-bottom:var(--wp--preset--spacing--20)\"><div class=\"wp-block-button has-custom-width wp-block-button__width-100 eplus-wrapper eplus-styles-uid-e72c4d\"><a class=\"wp-block-button__link has-medium-font-size has-custom-font-size wp-element-button\" href=\"mailto:%20M_K_Kloeffler@t-online.de\" style=\"padding-top:var(--wp--preset--spacing--10);padding-bottom:var(--wp--preset--spacing--10)\">Demandes et r\u00e9servations<br>(e-mail)<\/a><\/div><\/div>\n\n\n<p class=\"has-text-align-center eplus-wrapper\" style=\"font-size:clamp(0.875em, 0.875rem + ((1vw - 0.2em) * 0.042), 0.9em);\"><strong>Point de rencontre<\/strong>: <br><strong>Au mod\u00e8le de la ville sur la Klemensplatz ou sur rendez-vous<\/strong><\/p>\n\n\n\n<p class=\"has-text-align-center eplus-wrapper\" style=\"font-size:clamp(0.875em, 0.875rem + ((1vw - 0.2em) * 0.042), 0.9em);\">Le responsable juridique de l'offre d\u00e9crite et le seul responsable de son contenu est l'organisateur : Dr. Martin Kl\u00f6ffler.<\/p>\n\n\n\n<hr class=\"wp-block-separator aligncenter has-alpha-channel-opacity eplus-wrapper\" style=\"margin-top:var(--wp--preset--spacing--40);margin-bottom:var(--wp--preset--spacing--40)\">\n\n\n\n<p class=\"has-text-align-center has-small-font-size eplus-wrapper\"><strong>A lire<\/strong><br><em>KL\u00d6FFLER, Martin : Totaliter ruinieret - Die Belagerung von Kaiserswerth 1702 ; Materialien zur Festungsforschung, Hambourg : BOD (Books on Demand GmbH), 2025, 93 pages, ISBN 9783695199983, Prix 24,- EUR<\/em><\/p>\n\n\n\n<p class=\"has-small-font-size eplus-wrapper\"><em>B\u00dcREN, Guido von ; KUPKA, Andreas (\u00e9d.) : Festungen in Nordrhein-Westfalen ; Deutsche Festungen, Band 6, Regensburg : Schnell- und Steiner-Verlag, 2025<\/em><\/p>\n\n\n\n<p class=\"has-text-align-center has-small-font-size eplus-wrapper\"><em>Wikipedia, Si\u00e8ge de Kaiserswerth (1702), <\/em><a href=\"https:\/\/de.wikipedia.org\/wiki\/Belagerung_von_Kaiserswerth_(1702)\" target=\"_blank\" rel=\"noopener\"><em>https:\/\/de.wikipedia.org\/wiki\/Belagerung_von_Kaiserswerth_(1702)<\/em><\/a><\/p>\n<\/div>\n<\/div>\n\n\n<hr class=\"wp-block-separator alignwide has-text-color has-accent-2-color has-alpha-channel-opacity has-accent-2-background-color has-background eplus-wrapper\" style=\"margin-top:var(--wp--preset--spacing--30);margin-bottom:var(--wp--preset--spacing--10)\"\/>\n\n\n<div class=\"wp-block-columns alignwide are-vertically-aligned-center has-custom-farbe-1-gradient-background has-background eplus-wrapper is-layout-flex wp-container-core-columns-is-layout-93b636f3 wp-block-columns-is-layout-flex eplus-styles-uid-425077\" style=\"padding-top:var(--wp--preset--spacing--10);padding-right:0;padding-bottom:var(--wp--preset--spacing--10);padding-left:0\">\n<div class=\"wp-block-column is-vertically-aligned-center eplus-wrapper is-layout-flow wp-block-column-is-layout-flow\" style=\"padding-top:0;padding-right:0;padding-bottom:0;padding-left:0;flex-basis:33.33%\">\n<figure class=\"wp-block-image aligncenter size-large is-resized eplus-wrapper\"><img loading=\"lazy\" decoding=\"async\" width=\"1024\" height=\"977\" src=\"https:\/\/forte-cultura.com\/wp-content\/uploads\/FoCu-Logo_weiss-transparent-1024x977.png\" alt=\"\" class=\"wp-image-439\" style=\"width:97px;height:auto\" srcset=\"https:\/\/forte-cultura.com\/wp-content\/uploads\/FoCu-Logo_weiss-transparent-1024x977.png 1024w, https:\/\/forte-cultura.com\/wp-content\/uploads\/FoCu-Logo_weiss-transparent-300x286.png 300w, https:\/\/forte-cultura.com\/wp-content\/uploads\/FoCu-Logo_weiss-transparent-768x733.png 768w, https:\/\/forte-cultura.com\/wp-content\/uploads\/FoCu-Logo_weiss-transparent-1536x1465.png 1536w, https:\/\/forte-cultura.com\/wp-content\/uploads\/FoCu-Logo_weiss-transparent-2048x1954.png 2048w, https:\/\/forte-cultura.com\/wp-content\/uploads\/FoCu-Logo_weiss-transparent-200x191.png 200w\" sizes=\"auto, (max-width: 1024px) 100vw, 1024px\" \/><\/figure>\n<\/div>\n\n\n\n<div class=\"wp-block-column is-vertically-aligned-center eplus-wrapper is-layout-flow wp-block-column-is-layout-flow\" style=\"flex-basis:66.66%\">\n<p class=\"has-text-align-center has-base-2-color has-text-color has-link-color eplus-wrapper wp-elements-c7a136277b4098ae69d233b754346270\">Dr. Martin Kl\u00f6ffler est guide touristique avec certificat FORTE CULTURA.<\/p>\n<\/div>\n<\/div>","protected":false},"excerpt":{"rendered":"<p>FORTE CULTURA Visite guid\u00e9e : Kaiserswerth (DE) avec Martin Kl\u00f6ffer ; Visites historiques de la forteresse, de la ville et des lieux de m\u00e9moire - L'exp\u00e9rience de la guerre au plus pr\u00e8s entre 1702 et aujourd'hui<\/p>","protected":false},"author":1,"featured_media":4617,"comment_status":"open","ping_status":"open","sticky":false,"template":"","format":"standard","meta":{"editor_plus_copied_stylings":"{}","pgc_sgb_lightbox_settings":"","_price":"","_stock":"","_tribe_ticket_header":"","_tribe_default_ticket_provider":"","_tribe_ticket_capacity":"0","_ticket_start_date":"","_ticket_end_date":"","_tribe_ticket_show_description":"","_tribe_ticket_show_not_going":false,"_tribe_ticket_use_global_stock":"","_tribe_ticket_global_stock_level":"","_global_stock_mode":"","_global_stock_cap":"","_tribe_rsvp_for_event":"","_tribe_ticket_going_count":"","_tribe_ticket_not_going_count":"","_tribe_tickets_list":"[]","_tribe_ticket_has_attendee_info_fields":false,"_EventAllDay":false,"_EventTimezone":"","_EventStartDate":"","_EventEndDate":"","_EventStartDateUTC":"","_EventEndDateUTC":"","_EventShowMap":false,"_EventShowMapLink":false,"_EventURL":"","_EventCost":"","_EventCostDescription":"","_EventCurrencySymbol":"","_EventCurrencyCode":"","_EventCurrencyPosition":"","_EventDateTimeSeparator":"","_EventTimeRangeSeparator":"","_EventOrganizerID":[],"_EventVenueID":[],"_OrganizerEmail":"","_OrganizerPhone":"","_OrganizerWebsite":"","_VenueAddress":"","_VenueCity":"","_VenueCountry":"","_VenueProvince":"","_VenueState":"","_VenueZip":"","_VenuePhone":"","_VenueURL":"","_VenueStateProvince":"","_VenueLat":"","_VenueLng":"","_VenueShowMap":false,"_VenueShowMapLink":false,"footnotes":""},"categories":[13,255],"tags":[525,15,479],"class_list":["post-4611","post","type-post","status-publish","format-standard","has-post-thumbnail","hentry","category-guided-tours","category-guided-tours-en","tag-kaiserswerth","tag-kostuemfuehrung","tag-stadt-und-festungsfuehrung"],"_links":{"self":[{"href":"https:\/\/forte-cultura.com\/fr\/wp-json\/wp\/v2\/posts\/4611","targetHints":{"allow":["GET"]}}],"collection":[{"href":"https:\/\/forte-cultura.com\/fr\/wp-json\/wp\/v2\/posts"}],"about":[{"href":"https:\/\/forte-cultura.com\/fr\/wp-json\/wp\/v2\/types\/post"}],"author":[{"embeddable":true,"href":"https:\/\/forte-cultura.com\/fr\/wp-json\/wp\/v2\/users\/1"}],"replies":[{"embeddable":true,"href":"https:\/\/forte-cultura.com\/fr\/wp-json\/wp\/v2\/comments?post=4611"}],"version-history":[{"count":0,"href":"https:\/\/forte-cultura.com\/fr\/wp-json\/wp\/v2\/posts\/4611\/revisions"}],"wp:featuredmedia":[{"embeddable":true,"href":"https:\/\/forte-cultura.com\/fr\/wp-json\/wp\/v2\/media\/4617"}],"wp:attachment":[{"href":"https:\/\/forte-cultura.com\/fr\/wp-json\/wp\/v2\/media?parent=4611"}],"wp:term":[{"taxonomy":"category","embeddable":true,"href":"https:\/\/forte-cultura.com\/fr\/wp-json\/wp\/v2\/categories?post=4611"},{"taxonomy":"post_tag","embeddable":true,"href":"https:\/\/forte-cultura.com\/fr\/wp-json\/wp\/v2\/tags?post=4611"}],"curies":[{"name":"wp","href":"https:\/\/api.w.org\/{rel}","templated":true}]}}