{"id":3032,"date":"2025-01-02T10:01:27","date_gmt":"2025-01-02T09:01:27","guid":{"rendered":"https:\/\/forte-cultura.com\/?p=3032"},"modified":"2025-08-24T10:37:31","modified_gmt":"2025-08-24T08:37:31","slug":"route-des-chateaux-et-des-villes-fortifiees-en-alsace","status":"publish","type":"post","link":"https:\/\/forte-cultura.com\/fr\/route-der-burgen-und-befestigten-staedte-im-elsass\/","title":{"rendered":"Route des Ch\u00e2teaux et Cit\u00e9s fortifi\u00e9es d'Alsace"},"content":{"rendered":"<h2 class=\"wp-block-heading alignwide has-large-font-size eplus-wrapper\">Alsace - Pays des ch\u00e2teaux forts (FR)<\/h2>\n\n\n<div class=\"wp-block-columns alignwide eplus-wrapper is-layout-flex wp-container-core-columns-is-layout-28f84493 wp-block-columns-is-layout-flex eplus-styles-uid-0646a0\">\n<div class=\"wp-block-column eplus-wrapper is-layout-flow wp-block-column-is-layout-flow\" style=\"flex-basis:100%\">\n<figure class=\"wp-block-image alignright size-large is-resized eplus-wrapper\"><img loading=\"lazy\" decoding=\"async\" width=\"1024\" height=\"1024\" src=\"https:\/\/forte-cultura.com\/wp-content\/uploads\/1-log-TDCF-quadri-format_Web-1024x1024.png\" alt=\"\" class=\"wp-image-3038\" style=\"aspect-ratio:1;object-fit:cover;width:300px\" srcset=\"https:\/\/forte-cultura.com\/wp-content\/uploads\/1-log-TDCF-quadri-format_Web-1024x1024.png 1024w, https:\/\/forte-cultura.com\/wp-content\/uploads\/1-log-TDCF-quadri-format_Web-300x300.png 300w, https:\/\/forte-cultura.com\/wp-content\/uploads\/1-log-TDCF-quadri-format_Web-150x150.png 150w, https:\/\/forte-cultura.com\/wp-content\/uploads\/1-log-TDCF-quadri-format_Web-768x768.png 768w, https:\/\/forte-cultura.com\/wp-content\/uploads\/1-log-TDCF-quadri-format_Web-12x12.png 12w, https:\/\/forte-cultura.com\/wp-content\/uploads\/1-log-TDCF-quadri-format_Web-600x600.png 600w, https:\/\/forte-cultura.com\/wp-content\/uploads\/1-log-TDCF-quadri-format_Web.png 1300w\" sizes=\"auto, (max-width: 1024px) 100vw, 1024px\" \/><\/figure>\n\n\n\n<p class=\"eplus-wrapper\">Recommandation de voyage FORTE CULTURA<br><em>Alsace<\/em><\/p>\n\n\n\n<p class=\"eplus-wrapper\">Partez \u00e0 la d\u00e9couverte d'une Alsace m\u00e9di\u00e9vale et myst\u00e9rieuse ! <\/p>\n\n\n\n<p class=\"eplus-wrapper\">L'Alsace a \u00e9t\u00e9 le berceau de plusieurs dynasties imp\u00e9riales, dont les Hohenstaufen et les Habsbourg. Au Moyen-\u00c2ge, ils ont construit de nombreux ch\u00e2teaux pour prot\u00e9ger leurs terres et leurs richesses. Aujourd'hui, pr\u00e8s de 80 ch\u00e2teaux et ruines de ch\u00e2teaux subsistent encore, visibles de loin, au milieu des for\u00eats et \u00e0 c\u00f4t\u00e9 des vignobles. <\/p>\n\n\n\n<p class=\"eplus-wrapper translation-block\">La <strong>Route des ch\u00e2teaux et des villes fortifi\u00e9es d'Alsace <\/strong>comporte plus de 30 sites. D\u00e9couvrez l'histoire fascinante de l'Alsace du nord au sud, par exemple : Wissembourg, Fleckenstein, Wasenbourg, Lichtenberg, La Petite Pierre, Haut-Koenigsbourg et bien d'autres.<\/p>\n\n\n\n<p class=\"eplus-wrapper\">Admirez les ruines sauvages et romantiques des ch\u00e2teaux, le charme des villes historiques et les vues fantastiques. Rencontrez ceux qui font vivre ce patrimoine au quotidien. Plongez dans l'histoire de l'Alsace et laissez-vous emporter par la magie de ces lieux charg\u00e9s d'histoire. <\/p>\n\n\n\n<p class=\"eplus-wrapper\"><strong>Une aventure inoubliable vous attend !<\/strong><\/p>\n\n\n\n<p class=\"eplus-wrapper\"><\/p>\n<\/div>\n<\/div>\n\n\n<div class=\"wp-block-group alignwide has-custom-verlauf-1-gradient-background has-background eplus-wrapper has-global-padding is-layout-constrained wp-block-group-is-layout-constrained\" style=\"padding-top:var(--wp--preset--spacing--20);padding-bottom:var(--wp--preset--spacing--20)\"><h3 class=\"wp-block-heading alignwide has-text-align-center eplus-wrapper eplus-styles-uid-80973f\" style=\"font-size:clamp(0.984rem, 0.984rem + ((1vw - 0.2rem) * 0.86), 1.5rem);\"><strong>Notre recommandation de voyage FORTE CULTURA<\/strong><\/h3>\n\n\n<h5 class=\"wp-block-heading alignwide has-text-align-center has-custom-farbe-1-color has-text-color has-link-color has-large-font-size eplus-wrapper wp-elements-731554901e25dd153de1be0fea213b70\" style=\"margin-top:var(--wp--preset--spacing--10);margin-bottom:0\">Route des Ch\u00e2teaux et Cit\u00e9s fortifi\u00e9es d'Alsace<\/h5>\n\n\n\n<p class=\"has-text-align-center has-small-font-size eplus-wrapper translation-block\" style=\"margin-top:5px\"><em>D\u00e9velopp\u00e9 par <em>FORTE CULTURE Partenaire<\/em><\/em> <em>Alsace Destination Tourisme (ADT).<\/em><\/p>\n<\/div>\n\n\n<div id=\"travelersmap-container-69f776b9de999\" class=\"travelersmap-container\" style=\"z-index: 1; min-height: 10px; min-width:10px; height:400px;width:100%; max-width:1280px; max-height:; position:relative;\"><div style=\"position:absolute; z-index:-1;top: 50%;text-align: center;display: block;left: 50%;transform: translate(-50%,-50%);\">La carte des voyageurs est en cours de chargement...<br>Si vous constatez cela apr\u00e8s le chargement complet de votre page, les fichiers leafletJS sont manquants.<\/div><\/div>\n\n\n<div class=\"wp-block-columns alignwide eplus-wrapper is-layout-flex wp-container-core-columns-is-layout-829fdb3e wp-block-columns-is-layout-flex eplus-styles-uid-810bb3\" style=\"border-style:none;border-width:0px;border-radius:0px;padding-top:var(--wp--preset--spacing--20);padding-right:var(--wp--preset--spacing--10);padding-bottom:var(--wp--preset--spacing--20);padding-left:var(--wp--preset--spacing--10)\">\n<div class=\"wp-block-column is-vertically-aligned-top eplus-wrapper is-layout-flow wp-block-column-is-layout-flow\" style=\"flex-basis:33.33%\">\n<h4 class=\"wp-block-heading has-text-align-center eplus-wrapper\" style=\"margin-top:0;margin-right:0;margin-bottom:var(--wp--preset--spacing--10);padding-top:0;padding-bottom:0\">1 Ch\u00e2teau du Haut-Andlau<\/h4>\n\n\n<figure class=\"is-style-default  wp-block-image aligncenter size-full has-custom-border eplus-wrapper eplus-styles-uid-135982\" style=\"margin-top:0;margin-bottom:0\"><img decoding=\"async\" src=\"https:\/\/forte-cultura.com\/wp-content\/uploads\/2-Andlau-Chateau-Haut-Andlau-%C2%A9-C.-FLEITH-ADT.jpg\" alt=\"\" class=\"wp-image-3069\" style=\"border-radius:10px;aspect-ratio:16\/9;object-fit:cover\"><figcaption class=\"wp-element-caption\">Ruines du ch\u00e2teau du Haut-Andlau<\/figcaption><\/figure>\n\n\n<p class=\"has-text-align-center eplus-wrapper\" style=\"margin-top:0;margin-bottom:0;font-size:clamp(0.875rem, 0.875rem + ((1vw - 0.2rem) * 0.125), 0.95rem);line-height:1.4\">Le ch\u00e2teau fort, caract\u00e9ris\u00e9 par ses deux tours, domine au nord la vall\u00e9e de la Kirneck et Barr, au sud, la vall\u00e9e de l\u2019Andlau. Le haut ch\u00e2teau, d\u00e9pourvu de cour, fut construit par les sires d\u2019Andlau entre 1337 et 1344. L\u2019entr\u00e9e a \u00e9t\u00e9 con\u00e7ue comme une succession de pi\u00e8ges contre l\u2019ennemi. Le logis seigneurial \u00e9tait encore habit\u00e9 par des gardes forestiers jusqu\u2019en 1796.<\/p>\n\n\n\n<p class=\"has-text-align-center eplus-wrapper\" style=\"margin-top:var(--wp--preset--spacing--10);margin-bottom:0;font-size:0.8rem\">67140 Andlau<br><a href=\"http:\/\/www.chateaudandlau.com\" target=\"_blank\" rel=\"noreferrer noopener\">www.chateaudandlau.com<\/a><\/p>\n\n\n\n<p class=\"has-text-align-center has-contrast-3-color has-text-color has-link-color eplus-wrapper wp-elements-54d271a966870c70bc06cf82d5ee1299\" style=\"margin-top:0;font-size:0.8em\">(Photo \u00a9C. FLEITH - ADT)<\/p>\n<\/div>\n\n\n\n<div class=\"wp-block-column is-vertically-aligned-top eplus-wrapper is-layout-flow wp-block-column-is-layout-flow\" style=\"flex-basis:33.33%\">\n<h4 class=\"wp-block-heading has-text-align-center eplus-wrapper\" style=\"margin-top:0;margin-right:0;margin-bottom:var(--wp--preset--spacing--10);padding-top:0;padding-bottom:0\">2 Ch\u00e2teau du Spesbourg<\/h4>\n\n\n<figure class=\"is-style-default  wp-block-image aligncenter size-full has-custom-border eplus-wrapper eplus-styles-uid-135982\" style=\"margin-top:0;margin-bottom:0\"><img decoding=\"async\" src=\"https:\/\/forte-cultura.com\/wp-content\/uploads\/3-Andlau-Chateau-de-Spesbourg-DSC3478-%C2%A9-INFRA-ADT.jpg\" alt=\"\" class=\"wp-image-3070\" style=\"border-radius:10px;aspect-ratio:16\/9;object-fit:cover\"><figcaption class=\"wp-element-caption\">Ruines du ch\u00e2teau de Spesbourg<\/figcaption><\/figure>\n\n\n<p class=\"has-text-align-center eplus-wrapper\" style=\"margin-top:0;margin-bottom:0;font-size:clamp(0.875rem, 0.875rem + ((1vw - 0.2rem) * 0.125), 0.95rem);line-height:1.4\">Construit en 1247 pour contr\u00f4ler la vall\u00e9e et l\u2019abbaye voisines, le ch\u00e2teau poss\u00e8de un large donjon carr\u00e9 haut de 24 m et une cour int\u00e9rieure. Des fragments de fresques polychromes sont visibles ; avec les chapiteaux de chemin\u00e9es sculpt\u00e9es, elles \u00e9voquent un raffinement peu connu au XIV\u00e8me s. Durant ces 20 derni\u00e8res ann\u00e9es, il a fait l'objet d'une campagne de restauration le rendant accessible.<\/p>\n\n\n\n<p class=\"has-text-align-center eplus-wrapper\" style=\"margin-top:var(--wp--preset--spacing--10);margin-bottom:0;font-size:0.8rem\">67140 Andlau<br><a href=\"http:\/\/www.chateauxfortsalsace.com\" data-type=\"link\" data-id=\"www.chateauxfortsalsace.com\" target=\"_blank\" rel=\"noreferrer noopener\">www.chateauxfortsalsace.com<\/a><\/p>\n\n\n\n<p class=\"has-text-align-center has-contrast-3-color has-text-color has-link-color eplus-wrapper wp-elements-bbc7350b0907ae0d45c60d78ee39fc6e\" style=\"margin-top:0;margin-bottom:0;font-size:0.8rem\">(Image \u00a9INFRA - ADT)<\/p>\n<\/div>\n\n\n\n<div class=\"wp-block-column is-vertically-aligned-top eplus-wrapper is-layout-flow wp-block-column-is-layout-flow\" style=\"flex-basis:33.33%\">\n<h4 class=\"wp-block-heading has-text-align-center eplus-wrapper\" style=\"margin-top:0;margin-right:0;margin-bottom:var(--wp--preset--spacing--10);padding-top:0;padding-bottom:0\">3 Le ch\u00e2teau de Bilstein-Aubure<\/h4>\n\n\n<figure class=\"is-style-default  wp-block-image aligncenter size-full has-custom-border eplus-wrapper eplus-styles-uid-135982\" style=\"margin-top:0;margin-bottom:0\"><img decoding=\"async\" src=\"https:\/\/forte-cultura.com\/wp-content\/uploads\/4-Aubure-Bilstein-%C2%A9-A.-Rinckenbach-7.jpg\" alt=\"Ruines du ch\u00e2teau de Bilstein-Aubure \u00a9A. Rinckenbach\" class=\"wp-image-3071\" style=\"border-radius:10px;aspect-ratio:16\/9;object-fit:cover\"><figcaption class=\"wp-element-caption\">Ruines du ch\u00e2teau de Bilstein-Aubure<\/figcaption><\/figure>\n\n\n<p class=\"has-text-align-center eplus-wrapper\" style=\"margin-top:0;margin-bottom:0;font-size:clamp(0.875rem, 0.875rem + ((1vw - 0.2rem) * 0.125), 0.95rem);line-height:1.4\">Ch\u00e2teau dot\u00e9 d\u2019un donjon carr\u00e9 du XIIe s., il est prot\u00e9g\u00e9 par une double enceinte modifi\u00e9e par les Wurtemberg au XIVe s. L'acc\u00e8s au donjon se fait par une porte haute de forme ogivale et offre une vue imprenable sur les cr\u00eates des Vosges avoisinantes.<\/p>\n\n\n\n<p class=\"has-text-align-center eplus-wrapper\" style=\"margin-top:var(--wp--preset--spacing--10);margin-bottom:0;font-size:0.8rem\">68150 Aubure<\/p>\n\n\n\n<p class=\"has-text-align-center has-contrast-3-color has-text-color has-link-color eplus-wrapper wp-elements-e9df30ae66cc02464bc7b81bea60572e\" style=\"margin-top:0;margin-bottom:0;font-size:0.8rem\">(Photo \u00a9A. Rinckenbach)<\/p>\n<\/div>\n<\/div>\n\n<div class=\"wp-block-columns alignwide eplus-wrapper is-layout-flex wp-container-core-columns-is-layout-829fdb3e wp-block-columns-is-layout-flex eplus-styles-uid-ca6d8d\" style=\"border-style:none;border-width:0px;border-radius:0px;padding-top:var(--wp--preset--spacing--20);padding-right:var(--wp--preset--spacing--10);padding-bottom:var(--wp--preset--spacing--20);padding-left:var(--wp--preset--spacing--10)\">\n<div class=\"wp-block-column is-vertically-aligned-top eplus-wrapper is-layout-flow wp-block-column-is-layout-flow\" style=\"flex-basis:33.33%\">\n<h4 class=\"wp-block-heading has-text-align-center eplus-wrapper\" style=\"margin-top:0;margin-right:0;margin-bottom:var(--wp--preset--spacing--10);padding-top:0;padding-bottom:0\">4 Ch\u00e2teau du Schoeneck<\/h4>\n\n\n<figure class=\"is-style-default  wp-block-image aligncenter size-full has-custom-border eplus-wrapper eplus-styles-uid-135982\" style=\"margin-top:0;margin-bottom:0\"><img decoding=\"async\" src=\"https:\/\/forte-cultura.com\/wp-content\/uploads\/5-Dambach-Neunhoffen-Chateau-Schoeneck-015-%C2%A9-C.FLEITH-ADT.jpg\" alt=\"\" class=\"wp-image-3072\" style=\"border-radius:10px;aspect-ratio:16\/9;object-fit:cover\"><figcaption class=\"wp-element-caption\">Ruines du ch\u00e2teau fortifi\u00e9 de Schoeneck<\/figcaption><\/figure>\n\n\n<p class=\"has-text-align-center eplus-wrapper\" style=\"margin-top:0;margin-bottom:0;font-size:clamp(0.875rem, 0.875rem + ((1vw - 0.2rem) * 0.125), 0.95rem);line-height:1.4\">Le Ch\u00e2teau, construit vers 1200 et restaur\u00e9 aux XVIe et XVIIe si\u00e8cles, conserve des vestiges des logis du XIIIe si\u00e8cle ainsi qu'un donjon pentagonal. L'entr\u00e9e, datant du XVIe si\u00e8cle, est prot\u00e9g\u00e9e par deux bastions d'artillerie et donne acc\u00e8s \u00e0 la basse-cour. Les visiteurs peuvent \u00e9galement observer la tour ouest, \u00e9galement du XVIe si\u00e8cle. Depuis plus de 20 ans, l'association Cun Ulmer Gr\u00fcn s'engage pour la sauvegarde, la s\u00e9curisation et la consolidation du ch\u00e2teau du Schoeneck. Elle collabore avec le conservateur de la Maison de l'Arch\u00e9ologie \u00e0 Niederbronn-les-Bains, o\u00f9 sont expos\u00e9s des objets d\u00e9couverts lors des fouilles. Des visites guid\u00e9es du ch\u00e2teau sont propos\u00e9es en saison.<\/p>\n\n\n\n<p class=\"has-text-align-center eplus-wrapper\" style=\"margin-top:var(--wp--preset--spacing--10);margin-bottom:0;font-size:0.8rem\">67110 Dambach<br><a href=\"http:\/\/chateau.schoeneck.free.fr\" data-type=\"link\" data-id=\"www.chateauxfortsalsace.com\" target=\"_blank\" rel=\"noreferrer noopener\">chateau.schoeneck.free.fr<\/a><\/p>\n\n\n\n<p class=\"has-text-align-center has-contrast-3-color has-text-color has-link-color eplus-wrapper wp-elements-bbc7350b0907ae0d45c60d78ee39fc6e\" style=\"margin-top:0;margin-bottom:0;font-size:0.8rem\">(Image \u00a9INFRA - ADT)<\/p>\n<\/div>\n\n\n\n<div class=\"wp-block-column is-vertically-aligned-top eplus-wrapper is-layout-flow wp-block-column-is-layout-flow\" style=\"flex-basis:33.33%\">\n<h4 class=\"wp-block-heading has-text-align-center eplus-wrapper\" style=\"margin-top:0;margin-right:0;margin-bottom:var(--wp--preset--spacing--10);padding-top:0;padding-bottom:0\">5 Ch\u00e2teau du Bernstein<\/h4>\n\n\n<figure class=\"is-style-default  wp-block-image aligncenter size-full has-custom-border eplus-wrapper eplus-styles-uid-135982\" style=\"margin-top:0;margin-bottom:0\"><img decoding=\"async\" src=\"https:\/\/forte-cultura.com\/wp-content\/uploads\/6-Dambach-la-Ville-Chateau-Bernstein-%C2%A9ADT-E.List-8.jpg\" alt=\"\" class=\"wp-image-3073\" style=\"border-radius:10px;aspect-ratio:16\/9;object-fit:cover\"><figcaption class=\"wp-element-caption\">Ruines du ch\u00e2teau d'Amber<\/figcaption><\/figure>\n\n\n<p class=\"has-text-align-center eplus-wrapper\" style=\"margin-top:0;margin-bottom:0;font-size:clamp(0.875rem, 0.875rem + ((1vw - 0.2rem) * 0.125), 0.95rem);line-height:1.4\">Ce ch\u00e2teau fort en granit est l\u2019un des plus anciens d\u2019Alsace, sa premi\u00e8re mention remontant au d\u00e9but du XI\u00e8me s. Le haut ch\u00e2teau comporte un donjon haut de 18 m, le corps de logis seigneurial de plan hexagonal, perc\u00e9 de meurtri\u00e8res et de fen\u00eatres en plein-cintre, et une tour carr\u00e9e ayant abrit\u00e9 la chapelle castrale.<\/p>\n\n\n\n<p class=\"has-text-align-center eplus-wrapper\" style=\"margin-top:var(--wp--preset--spacing--10);margin-bottom:0;font-size:0.8rem\">67650 Dambach la Ville<br><a href=\"http:\/\/www.chateauxfortsalsace.com\" data-type=\"link\" data-id=\"www.chateauxfortsalsace.com\" target=\"_blank\" rel=\"noreferrer noopener\">www.chateauxfortsalsace.com<\/a><\/p>\n\n\n\n<p class=\"has-text-align-center has-contrast-3-color has-text-color has-link-color eplus-wrapper wp-elements-86ae615ed95c1052c98c511bef880e2f\" style=\"margin-top:0;margin-bottom:0;font-size:0.8rem\">(Image \u00a9ADT-E.List)<\/p>\n<\/div>\n\n\n\n<div class=\"wp-block-column is-vertically-aligned-top eplus-wrapper is-layout-flow wp-block-column-is-layout-flow\" style=\"flex-basis:33.33%\">\n<h4 class=\"wp-block-heading has-text-align-center eplus-wrapper\" style=\"margin-top:0;margin-right:0;margin-bottom:var(--wp--preset--spacing--10);padding-top:0;padding-bottom:0\">6 Ch\u00e2teaux du Haut-Eguisheim<\/h4>\n\n\n<figure class=\"is-style-default  wp-block-image aligncenter size-full has-custom-border eplus-wrapper eplus-styles-uid-135982\" style=\"margin-top:0;margin-bottom:0\"><img decoding=\"async\" src=\"https:\/\/forte-cultura.com\/wp-content\/uploads\/7-Eguisheim-Les-trois-chateaux-3-%C2%A9-M.-Schampion-ADT.jpg\" alt=\"\" class=\"wp-image-3074\" style=\"border-radius:10px;aspect-ratio:16\/9;object-fit:cover\"><figcaption class=\"wp-element-caption\">Les ruines du ch\u00e2teau du Haut-Eguisheim<\/figcaption><\/figure>\n\n\n<p class=\"has-text-align-center eplus-wrapper\" style=\"margin-top:0;margin-bottom:0;font-size:clamp(0.875rem, 0.875rem + ((1vw - 0.2rem) * 0.125), 0.95rem);line-height:1.4\">Les trois donjons perch\u00e9s sur la colline du Schlossberg, \u00e0 591 m d'altitude, surplombent la plaine d'Alsace. \u00c9difi\u00e9s entre le 11e et le 12e si\u00e8cle, ils comprennent le Wahlenbourg, le plus ancien, avec son logis seigneurial, propri\u00e9t\u00e9 du comte Hugues IV d'\u00c9guisheim. Ensuite, le Dagsbourg, situ\u00e9 au nord, et enfin le Weckmund, construit au 12e si\u00e8cle. Aujourd'hui, ces trois donjons en gr\u00e8s rose restent, vestiges d'un ch\u00e2teau unique abandonn\u00e9 \u00e0 partir du 15e si\u00e8cle. Les ruines offrent une vue sur \u00c9guisheim, l'un des plus beaux villages de France. De mi-novembre \u00e0 mi-mars, l'acc\u00e8s est uniquement \u00e0 pied.<\/p>\n\n\n\n<p class=\"has-text-align-center eplus-wrapper\" style=\"margin-top:var(--wp--preset--spacing--10);margin-bottom:0;font-size:0.8rem\">68420 Eguisheim<br><a href=\"http:\/\/www.tourisme-eguisheim-rouffach.com\" data-type=\"link\" data-id=\"www.chateauxfortsalsace.com\" target=\"_blank\" rel=\"noreferrer noopener\">www.tourisme-eguisheim-rouffach.com<\/a><\/p>\n\n\n\n<p class=\"has-text-align-center has-contrast-3-color has-text-color has-link-color eplus-wrapper wp-elements-71edb8722997ef5c7f08e646da0da32e\" style=\"margin-top:0;margin-bottom:0;font-size:0.8rem\">(Image \u00a9M. Schampion - ADT)<\/p>\n<\/div>\n<\/div>\n\n<div class=\"wp-block-columns alignwide eplus-wrapper is-layout-flex wp-container-core-columns-is-layout-829fdb3e wp-block-columns-is-layout-flex eplus-styles-uid-900a6c\" style=\"border-style:none;border-width:0px;border-radius:0px;padding-top:var(--wp--preset--spacing--20);padding-right:var(--wp--preset--spacing--10);padding-bottom:var(--wp--preset--spacing--20);padding-left:var(--wp--preset--spacing--10)\">\n<div class=\"wp-block-column is-vertically-aligned-top eplus-wrapper is-layout-flow wp-block-column-is-layout-flow\" style=\"flex-basis:33.33%\">\n<h4 class=\"wp-block-heading has-text-align-center eplus-wrapper\" style=\"margin-top:0;margin-right:0;margin-bottom:var(--wp--preset--spacing--10);padding-top:0;padding-bottom:0\">7 Ch\u00e2teau de Ferrette<\/h4>\n\n\n<figure class=\"is-style-default  wp-block-image aligncenter size-full has-custom-border eplus-wrapper eplus-styles-uid-135982\" style=\"margin-top:0;margin-bottom:0\"><img decoding=\"async\" src=\"https:\/\/forte-cultura.com\/wp-content\/uploads\/8-Ferrette-Chateau-D857538-%C2%A9-INFRA-ADT.jpg\" alt=\"\" class=\"wp-image-3075\" style=\"border-radius:10px;aspect-ratio:16\/9;object-fit:cover\"><figcaption class=\"wp-element-caption\">Ruines du ch\u00e2teau de Ferrette<\/figcaption><\/figure>\n\n\n<p class=\"has-text-align-center eplus-wrapper\" style=\"margin-top:0;margin-bottom:0;font-size:clamp(0.875rem, 0.875rem + ((1vw - 0.2rem) * 0.125), 0.95rem);line-height:1.4\">Le ch\u00e2teau de Ferrette est l'un des plus anciens d'Alsace, mentionn\u00e9 pour la premi\u00e8re fois en 1105. Il \u00e9tait une des principales possessions des comtes de Ferrette, issus du partage de l'h\u00e9ritage des comtes de Montb\u00e9liard. Apr\u00e8s la mort du dernier comte, le comt\u00e9 passa \u00e0 la maison d'Autriche par le mariage de Jeanne de Ferrette avec le duc Albert II de Habsbourg en 1324, faisant du ch\u00e2teau la r\u00e9sidence d'un bailli autrichien. Les ruines se divisent en deux parties : le ch\u00e2teau sup\u00e9rieur, avec sa tour d'habitation taill\u00e9e dans le calcaire et une plateforme offrant un panorama sur les Vosges, et le ch\u00e2teau inf\u00e9rieur, avec plusieurs tours rondes \u00e9quip\u00e9es de bouches \u00e0 feu.<\/p>\n\n\n\n<p class=\"has-text-align-center eplus-wrapper\" style=\"margin-top:var(--wp--preset--spacing--10);margin-bottom:0;font-size:0.8rem\">68480 Ferrette<br><a href=\"http:\/\/www.sundgau-sudalsace.fr\" target=\"_blank\" rel=\"noreferrer noopener\">www.sundgau-sudalsace.fr<\/a><\/p>\n\n\n\n<p class=\"has-text-align-center has-contrast-3-color has-text-color has-link-color eplus-wrapper wp-elements-d180ffd1fcf6246be1c7692db50aee06\" style=\"margin-top:0;font-size:0.8em\">(Image \u00a9INFRA - ADT)<\/p>\n<\/div>\n\n\n\n<div class=\"wp-block-column is-vertically-aligned-top eplus-wrapper is-layout-flow wp-block-column-is-layout-flow\" style=\"flex-basis:33.33%\">\n<h4 class=\"wp-block-heading has-text-align-center eplus-wrapper\" style=\"margin-top:0;margin-right:0;margin-bottom:var(--wp--preset--spacing--10);padding-top:0;padding-bottom:0\">8 Ch\u00e2teau du Hugstein<\/h4>\n\n\n<figure class=\"is-style-default  wp-block-image aligncenter size-full has-custom-border eplus-wrapper eplus-styles-uid-135982\" style=\"margin-top:0;margin-bottom:0\"><img decoding=\"async\" src=\"https:\/\/forte-cultura.com\/wp-content\/uploads\/9-Buhl-Guebwiller-Hugstein-641-%C2%A9-Pictural-ADT.jpg\" alt=\"\" class=\"wp-image-3076\" style=\"border-radius:10px;aspect-ratio:16\/9;object-fit:cover\"><figcaption class=\"wp-element-caption\">Ruines du ch\u00e2teau de Hugstein<\/figcaption><\/figure>\n\n\n<p class=\"has-text-align-center eplus-wrapper\" style=\"margin-top:0;margin-bottom:0;font-size:clamp(0.875rem, 0.875rem + ((1vw - 0.2rem) * 0.125), 0.95rem);line-height:1.4\">Le ch\u00e2teau fort du Hugstein est le seul vestige militaire m\u00e9di\u00e9val de cette taille dans l'arrondissement de Guebwiller. Situ\u00e9 sur un mamelon rocheux, il domine Buhl et Guebwiller. Construit en 1227 sur l'initiative d'Hugo de Rothenbourg, abb\u00e9 de Murbach, il servait de principal site d\u00e9fensif de la principaut\u00e9 abbatiale. Le ch\u00e2teau a \u00e9galement \u00e9t\u00e9 une prison pour des chevaliers f\u00e9lons au XIIIe si\u00e8cle. L'abb\u00e9 Barth\u00e9lemy d'Andlau, qui a fait construire la tour-porte et des murailles suppl\u00e9mentaires, est l'un des habitants les plus c\u00e9l\u00e8bres, reconnu pour son \u00e9rudition et son administration stricte.<\/p>\n\n\n\n<p class=\"has-text-align-center eplus-wrapper\" style=\"margin-top:var(--wp--preset--spacing--10);margin-bottom:0;font-size:0.8rem\">68500 Guebwiller<br><a href=\"http:\/\/perso.wanadoo.fr\/chateauxforts-alsace\" data-type=\"link\" data-id=\"www.chateauxfortsalsace.com\" target=\"_blank\" rel=\"noreferrer noopener\">chateauxforts-alsace<\/a><\/p>\n\n\n\n<p class=\"has-text-align-center has-contrast-3-color has-text-color has-link-color eplus-wrapper wp-elements-1e0e202c946e75c65c794e7e49ca50af\" style=\"margin-top:0;margin-bottom:0;font-size:0.8rem\">(Image \u00a9Pictural - ADT)<\/p>\n<\/div>\n\n\n\n<div class=\"wp-block-column is-vertically-aligned-top eplus-wrapper is-layout-flow wp-block-column-is-layout-flow\" style=\"flex-basis:33.33%\">\n<h4 class=\"wp-block-heading has-text-align-center eplus-wrapper\" style=\"margin-top:0;margin-right:0;margin-bottom:var(--wp--preset--spacing--10);padding-top:0;padding-bottom:0\">9 Ch\u00e2teau de Grand Geroldseck<\/h4>\n\n\n<figure class=\"is-style-default  wp-block-image aligncenter size-full has-custom-border eplus-wrapper eplus-styles-uid-135982\" style=\"margin-top:0;margin-bottom:0\"><img decoding=\"async\" src=\"https:\/\/forte-cultura.com\/wp-content\/uploads\/10-Haegen-Chateau-du-Grand-Geroldseck-DSC_8374-%C2%A9-INFRA-ADT.jpg\" alt=\"\" class=\"wp-image-3077\" style=\"border-radius:10px;aspect-ratio:16\/9;object-fit:cover\"><figcaption class=\"wp-element-caption\">Ruines du ch\u00e2teau de Gross-Geroldseck<\/figcaption><\/figure>\n\n\n<p class=\"has-text-align-center eplus-wrapper\" style=\"margin-top:0;margin-bottom:0;font-size:clamp(0.875rem, 0.875rem + ((1vw - 0.2rem) * 0.125), 0.95rem);line-height:1.4\">Ch\u00e2teaux m\u00e9di\u00e9vaux en ruine, le Grand et le Petit Geroldseck dateraient du XIIe si\u00e8cle.\nIls sont accessibles depuis le Ch\u00e2teau du Haut-Barr par un sentier de randonn\u00e9e.<\/p>\n\n\n\n<p class=\"has-text-align-center eplus-wrapper\" style=\"margin-top:var(--wp--preset--spacing--10);margin-bottom:0;font-size:0.8rem\">67700 Haegen<br><a href=\"http:\/\/progeroldseck.free.fr\" data-type=\"link\" data-id=\"www.chateauxfortsalsace.com\" target=\"_blank\" rel=\"noreferrer noopener\">progeroldseck.free.fr<\/a><\/p>\n\n\n\n<p class=\"has-text-align-center has-contrast-3-color has-text-color has-link-color eplus-wrapper wp-elements-bbc7350b0907ae0d45c60d78ee39fc6e\" style=\"margin-top:0;margin-bottom:0;font-size:0.8rem\">(Image \u00a9INFRA - ADT)<\/p>\n<\/div>\n<\/div>\n\n<div class=\"wp-block-columns alignwide eplus-wrapper is-layout-flex wp-container-core-columns-is-layout-829fdb3e wp-block-columns-is-layout-flex eplus-styles-uid-e75121\" style=\"border-style:none;border-width:0px;border-radius:0px;padding-top:var(--wp--preset--spacing--20);padding-right:var(--wp--preset--spacing--10);padding-bottom:var(--wp--preset--spacing--20);padding-left:var(--wp--preset--spacing--10)\">\n<div class=\"wp-block-column is-vertically-aligned-top eplus-wrapper is-layout-flow wp-block-column-is-layout-flow\" style=\"flex-basis:33.34%\">\n<h4 class=\"wp-block-heading has-text-align-center eplus-wrapper\" style=\"margin-top:0;margin-right:0;margin-bottom:var(--wp--preset--spacing--10);padding-top:0;padding-bottom:0\">10 Ch\u00e2teau de Petit Geroldseck<\/h4>\n\n\n<figure class=\"is-style-default  wp-block-image aligncenter size-full has-custom-border eplus-wrapper eplus-styles-uid-135982\" style=\"margin-top:0;margin-bottom:0\"><img decoding=\"async\" src=\"https:\/\/forte-cultura.com\/wp-content\/uploads\/11-Chateau-de-Petit-Geroldseck-Haegen-%C2%A9Office-de-Tourisme-du-Commerce-du-Pays-de-Saverne-4.jpg\" alt=\"\" class=\"wp-image-3078\" style=\"border-radius:10px;aspect-ratio:16\/9;object-fit:cover\"><figcaption class=\"wp-element-caption\">Ruines du ch\u00e2teau de Klein Geroldseck<\/figcaption><\/figure>\n\n\n<p class=\"has-text-align-center eplus-wrapper\" style=\"margin-top:0;margin-bottom:0;font-size:clamp(0.875rem, 0.875rem + ((1vw - 0.2rem) * 0.125), 0.95rem);line-height:1.4\">Probablement \u00e9rig\u00e9 au milieu du XIIIe si\u00e8cle par les seigneurs de Geroldseck, le petit Geroldseck \u00e9tait un fief de l\u2019\u00e9v\u00each\u00e9 de Metz, relevant de la seigneurie de Marmoutier. Mentionn\u00e9 d\u00e8s 1235 avec la citation de \"deux terres de Gerolsec\", il est d\u00e9sign\u00e9 comme le nouveau Geroldseck dans la premi\u00e8re moiti\u00e9 du XIVe si\u00e8cle. Le ch\u00e2teau semble avoir \u00e9t\u00e9 abandonn\u00e9 assez t\u00f4t, sans doute d\u00e8s le XVe si\u00e8cle, ce qui a contribu\u00e9 \u00e0 sa d\u00e9gradation rapide. Aujourd'hui, ses vestiges offrent un aper\u00e7u fascinant de l'histoire m\u00e9di\u00e9vale de la r\u00e9gion.<\/p>\n\n\n\n<p class=\"has-text-align-center eplus-wrapper\" style=\"margin-top:var(--wp--preset--spacing--10);margin-bottom:0;font-size:0.8rem\">67700 Haegen<br><a href=\"http:\/\/progeroldseck.free.fr\" data-type=\"link\" data-id=\"www.chateauxfortsalsace.com\" target=\"_blank\" rel=\"noreferrer noopener\">progeroldseck.free.fr<\/a><\/p>\n\n\n\n<p class=\"has-text-align-center has-contrast-3-color has-text-color has-link-color eplus-wrapper wp-elements-1d0ad271eb8490d364a38cca40cc73bd\" style=\"margin-top:0;margin-bottom:0;font-size:0.8rem\">(Image \u00a9Office de Tourisme &amp; du Commerce du Pays de Saverne)<\/p>\n<\/div>\n\n\n\n<div class=\"wp-block-column is-vertically-aligned-top eplus-wrapper is-layout-flow wp-block-column-is-layout-flow\" style=\"flex-basis:33.34%\">\n<h4 class=\"wp-block-heading has-text-align-center eplus-wrapper\" style=\"margin-top:0;margin-right:0;margin-bottom:var(--wp--preset--spacing--10);padding-top:0;padding-bottom:0\">11 Ch\u00e2teau du Landsberg<\/h4>\n\n\n<figure class=\"is-style-default  wp-block-image aligncenter size-full has-custom-border eplus-wrapper eplus-styles-uid-135982\" style=\"margin-top:0;margin-bottom:0\"><img decoding=\"async\" src=\"https:\/\/forte-cultura.com\/wp-content\/uploads\/12-Heiligenstein-Chateau-du-Landsberg-DSC3255-%C2%A9-INFRA-ADT.jpg\" alt=\"\" class=\"wp-image-3079\" style=\"border-radius:10px;aspect-ratio:16\/9;object-fit:cover\"><figcaption class=\"wp-element-caption\">Ruines du ch\u00e2teau de Landsberg<\/figcaption><\/figure>\n\n\n<p class=\"has-text-align-center eplus-wrapper\" style=\"margin-top:0;margin-bottom:0;font-size:clamp(0.875rem, 0.875rem + ((1vw - 0.2rem) * 0.125), 0.95rem);line-height:1.4\">Le ch\u00e2teau a \u00e9t\u00e9 \u00e9rig\u00e9 entre 1197 et 1200 par Conrad de Landsberg pour renforcer les Abbayes de Hohenbourg, Niedermunster et Andlau, et servir de refuge en cas de danger au ch\u00e2teau de Niedernai. Les belles fen\u00eatres romanes g\u00e9min\u00e9es du palais et l\u2019oriel de la chapelle castrale, donnent une grande \u00e9l\u00e9gance \u00e0 l\u2019ensemble. La destruction du ch\u00e2teau est attribu\u00e9e aux Su\u00e9dois en 1632.<\/p>\n\n\n\n<p class=\"has-text-align-center eplus-wrapper\" style=\"margin-top:var(--wp--preset--spacing--10);margin-bottom:0;font-size:0.8rem\">67140 Heiligenstein<br><a href=\"http:\/\/www.chateauxfortsalsace.com\" data-type=\"link\" data-id=\"www.chateauxfortsalsace.com\" target=\"_blank\" rel=\"noreferrer noopener\">www.chateauxfortsalsace.com<\/a><\/p>\n\n\n\n<p class=\"has-text-align-center has-contrast-3-color has-text-color has-link-color eplus-wrapper wp-elements-bbc7350b0907ae0d45c60d78ee39fc6e\" style=\"margin-top:0;margin-bottom:0;font-size:0.8rem\">(Image \u00a9INFRA - ADT)<\/p>\n<\/div>\n\n\n\n<div class=\"wp-block-column eplus-wrapper is-layout-flow wp-block-column-is-layout-flow\" style=\"flex-basis:33.33%\">\n<h4 class=\"wp-block-heading has-text-align-center eplus-wrapper\" style=\"margin-bottom:var(--wp--preset--spacing--10)\">12 Le ch\u00e2teau du Wineck<\/h4>\n\n\n<figure class=\"is-style-default  wp-block-image aligncenter size-full has-custom-border eplus-wrapper eplus-styles-uid-135982\" style=\"margin-top:0;margin-bottom:0\"><img decoding=\"async\" src=\"https:\/\/forte-cultura.com\/wp-content\/uploads\/13-Katzenthal-chateau-du-Wineck-%C2%A9-OTVKB.jpg\" alt=\"\" class=\"wp-image-3080\" style=\"border-radius:10px;aspect-ratio:16\/9;object-fit:cover\"><figcaption class=\"wp-element-caption\">Ruines du ch\u00e2teau de Katzenthal<\/figcaption><\/figure>\n\n\n<p class=\"has-text-align-center eplus-wrapper\" style=\"margin-top:0;margin-bottom:0;font-size:clamp(0.875rem, 0.875rem + ((1vw - 0.2rem) * 0.125), 0.95rem);line-height:1.4\">Sur les hauteurs de Katzenthal, le ch\u00e2teau du Wineck, construit vers 1200, se dresse \u00e0 330 m\u00e8tres d'altitude, surnomm\u00e9 \"le ch\u00e2teau des vignes\" \u00e0 cause du vignoble qui l\u2019entoure. Ce ch\u00e2teau fort comprend un donjon de 20 m\u00e8tres et abrite un petit mus\u00e9e. Depuis ce site, admirez une partie de la route des vins d'Alsace et les villages typiques. Le Wineck se d\u00e9couvre en famille gr\u00e2ce \u00e0 la balade ludique dans la vall\u00e9e des chats, agr\u00e9ment\u00e9e d'\u00e9nigmes \u00e0 r\u00e9soudre \u00e0 Katzenthal. Une aire de pique-nique permet une pause gourmande.<\/p>\n\n\n\n<p class=\"has-text-align-center eplus-wrapper\" style=\"margin-top:var(--wp--preset--spacing--10);margin-bottom:0;font-size:0.8rem\">68230 Katzenthal<br><a href=\"http:\/\/www.kaysersberg.com\" target=\"_blank\" rel=\"noreferrer noopener\">www.kaysersberg.com<\/a><\/p>\n\n\n\n<p class=\"has-text-align-center has-contrast-3-color has-text-color has-link-color eplus-wrapper wp-elements-d842e773a4ed5ab7e591d5b1ba49c273\" style=\"margin-top:0;margin-bottom:0;font-size:0.8em\">(Photo \u00a9OTVKB)<\/p>\n<\/div>\n<\/div>\n\n\n<!--nextpage-->\n\n\n\n<div class=\"wp-block-group alignwide has-custom-verlauf-1-gradient-background has-background eplus-wrapper has-global-padding is-layout-constrained wp-block-group-is-layout-constrained\" style=\"padding-top:var(--wp--preset--spacing--20);padding-bottom:var(--wp--preset--spacing--20)\"><h3 class=\"wp-block-heading alignwide has-text-align-center eplus-wrapper eplus-styles-uid-80973f\" style=\"font-size:clamp(0.984rem, 0.984rem + ((1vw - 0.2rem) * 0.86), 1.5rem);\"><strong>Notre recommandation de voyage FORTE CULTURA<\/strong><\/h3>\n\n\n<h5 class=\"wp-block-heading alignwide has-text-align-center has-custom-farbe-1-color has-text-color has-link-color has-large-font-size eplus-wrapper wp-elements-f898a5ada290396de47770bf714a1bd6\" style=\"margin-top:var(--wp--preset--spacing--10);margin-bottom:0\">Route des ch\u00e2teaux et des villes fortifi\u00e9es en Alsace (page 2\/4)<\/h5>\n\n\n\n<p class=\"has-text-align-center has-small-font-size eplus-wrapper translation-block\" style=\"margin-top:5px\"><em>D\u00e9velopp\u00e9 par <em>FORTE CULTURE Partenaire<\/em><\/em> <em>Alsace Destination Tourisme (ADT).<\/em><\/p>\n<\/div>\n\n\n<div id=\"travelersmap-container-69f776b9e18be\" class=\"travelersmap-container\" style=\"z-index: 1; min-height: 10px; min-width:10px; height:400px;width:100%; max-width:1280px; max-height:; position:relative;\"><div style=\"position:absolute; z-index:-1;top: 50%;text-align: center;display: block;left: 50%;transform: translate(-50%,-50%);\">La carte des voyageurs est en cours de chargement...<br>Si vous constatez cela apr\u00e8s le chargement complet de votre page, les fichiers leafletJS sont manquants.<\/div><\/div>\n\n\n<div class=\"wp-block-columns alignwide eplus-wrapper is-layout-flex wp-container-core-columns-is-layout-829fdb3e wp-block-columns-is-layout-flex eplus-styles-uid-893be2\" style=\"border-style:none;border-width:0px;border-radius:0px;padding-top:var(--wp--preset--spacing--20);padding-right:var(--wp--preset--spacing--10);padding-bottom:var(--wp--preset--spacing--20);padding-left:var(--wp--preset--spacing--10)\">\n<div class=\"wp-block-column is-vertically-aligned-top eplus-wrapper is-layout-flow wp-block-column-is-layout-flow\" style=\"flex-basis:33.34%\">\n<h4 class=\"wp-block-heading has-text-align-center eplus-wrapper\" style=\"margin-top:0;margin-right:0;margin-bottom:var(--wp--preset--spacing--10);padding-top:0;padding-bottom:0\">13 Le ch\u00e2teau de Kaysersberg<\/h4>\n\n\n<figure class=\"is-style-default  wp-block-image aligncenter size-full has-custom-border eplus-wrapper eplus-styles-uid-135982\" style=\"margin-top:0;margin-bottom:0\"><img decoding=\"async\" src=\"https:\/\/forte-cultura.com\/wp-content\/uploads\/14-Kaysersberg-chateau-de-Kaysersberg-%C2%A9-OTVKB-2.jpg\" alt=\"\" class=\"wp-image-3195\" style=\"border-radius:10px;aspect-ratio:16\/9;object-fit:cover\"><figcaption class=\"wp-element-caption\">Ruines du ch\u00e2teau de Kaysersberg<\/figcaption><\/figure>\n\n\n<p class=\"has-text-align-center eplus-wrapper\" style=\"margin-top:0;margin-bottom:0;font-size:clamp(0.875rem, 0.875rem + ((1vw - 0.2rem) * 0.125), 0.95rem);line-height:1.4\">Ancienne ville d'empire, Kaysersberg abrite un ch\u00e2teau imp\u00e9rial construit vers 1200 pour contr\u00f4ler les routes venant de Lorraine. Ce site strat\u00e9gique joue un r\u00f4le cl\u00e9 dans le conflit entre l'Empire et les ducs de Lorraine. Le ch\u00e2teau se distingue par son \u00e9norme donjon cylindrique, l'un des plus anciens d'Alsace, avec des murs de plus de 4 m d'\u00e9paisseur. \u00c0 l'int\u00e9rieur, admirez le logis seigneurial aux fen\u00eatres en arc bris\u00e9. Ne manquez pas la vue splendide depuis le sommet du donjon : un panorama sur Kaysersberg, la vall\u00e9e, le vignoble et la For\u00eat-Noire. Deux escaliers et un chemin \u00e0 travers le vignoble m\u00e8nent aux vestiges.<\/p>\n\n\n\n<p class=\"has-text-align-center eplus-wrapper\" style=\"margin-top:var(--wp--preset--spacing--10);margin-bottom:0;font-size:0.8rem\">68240 Kaysersberg Vignoble<br><a href=\"http:\/\/www.kaysersberg.com\" target=\"_blank\" rel=\"noreferrer noopener\">www.kaysersberg.com<\/a><\/p>\n\n\n\n<p class=\"has-text-align-center has-contrast-3-color has-text-color has-link-color eplus-wrapper wp-elements-6e2d4e5eb05bfa4a7f41ebf27907fe0d\" style=\"margin-top:0;font-size:0.8em\">(Photo \u00a9OTVKB)<\/p>\n<\/div>\n\n\n\n<div class=\"wp-block-column is-vertically-aligned-top eplus-wrapper is-layout-flow wp-block-column-is-layout-flow\" style=\"flex-basis:33.34%\">\n<h4 class=\"wp-block-heading has-text-align-center eplus-wrapper\" style=\"margin-top:0;margin-right:0;margin-bottom:var(--wp--preset--spacing--10);padding-top:0;padding-bottom:0\">14 Ch\u00e2teau de Kintzheim<\/h4>\n\n\n<figure class=\"is-style-default  wp-block-image aligncenter size-full has-custom-border eplus-wrapper eplus-styles-uid-135982\" style=\"margin-top:0;margin-bottom:0\"><img decoding=\"async\" src=\"https:\/\/forte-cultura.com\/wp-content\/uploads\/15-Kintzheim-chateau-%C2%A9-A.-Meyer-Freund-SHKT-ADT.jpg\" alt=\"\" class=\"wp-image-3082\" style=\"border-radius:10px;aspect-ratio:16\/9;object-fit:cover\"><figcaption class=\"wp-element-caption\">Ruines du ch\u00e2teau de Kintzheim<\/figcaption><\/figure>\n\n\n<p class=\"has-text-align-center eplus-wrapper\" style=\"margin-top:0;margin-bottom:0;font-size:clamp(0.875rem, 0.875rem + ((1vw - 0.2rem) * 0.125), 0.95rem);line-height:1.4\">Mentionn\u00e9 pour la premi\u00e8re fois en 1270, le ch\u00e2teau a \u00e9t\u00e9 achet\u00e9 par la ville de S\u00e9lestat au 15\u00e8me si\u00e8cle, puis revendu au 17\u00e8me. Il comprend un donjon circulaire, un mur-bouclier, des logis et une chapelle. Le site abrite la Volerie des aigles, qui offre un spectacle impressionnant : les plus grands rapaces du monde volent en toute libert\u00e9 dans les ruines du ch\u00e2teau. C\u2019est une occasion unique d\u2019observer de pr\u00e8s des oiseaux souvent inaccessibles dans la nature. Dans ce cadre m\u00e9di\u00e9val, les rapaces volent \u00e0 quelques centim\u00e8tres du public, cr\u00e9ant une exp\u00e9rience m\u00e9morable.<\/p>\n\n\n\n<p class=\"has-text-align-center eplus-wrapper\" style=\"margin-top:var(--wp--preset--spacing--10);margin-bottom:0;font-size:0.8rem\">67600 Kintzheim<br><a href=\"http:\/\/www.voleriedesaigles.com\" data-type=\"link\" data-id=\"www.chateauxfortsalsace.com\" target=\"_blank\" rel=\"noreferrer noopener\">www.voleriedesaigles.com<\/a><\/p>\n\n\n\n<p class=\"has-text-align-center has-contrast-3-color has-text-color has-link-color eplus-wrapper wp-elements-f83a2eef3786c5edbb7d0e34ef8d2d0c\" style=\"margin-top:0;margin-bottom:0;font-size:0.8rem\">(Photo \u00a9A. Meyer-Freund - SHKT - ADT)<\/p>\n<\/div>\n\n\n\n<div class=\"wp-block-column eplus-wrapper is-layout-flow wp-block-column-is-layout-flow\" style=\"flex-basis:33.33%\">\n<h4 class=\"wp-block-heading has-text-align-center eplus-wrapper\" style=\"margin-bottom:var(--wp--preset--spacing--10)\">15 Ch\u00e2teau de La Petite Pierre<\/h4>\n\n\n<figure class=\"is-style-default  wp-block-image aligncenter size-full has-custom-border eplus-wrapper eplus-styles-uid-135982\" style=\"margin-top:0;margin-bottom:0\"><img decoding=\"async\" src=\"https:\/\/forte-cultura.com\/wp-content\/uploads\/16-La-Petite-Pierre-chateau-256-%C2%A9-C.Fleith-ADT.jpg\" alt=\"\" class=\"wp-image-3083\" style=\"border-radius:10px;aspect-ratio:16\/9;object-fit:cover\"><figcaption class=\"wp-element-caption\">Ch\u00e2teau de La Petite Pierre - Maison du Parc<\/figcaption><\/figure>\n\n\n<p class=\"has-text-align-center eplus-wrapper\" style=\"margin-top:0;margin-bottom:0;font-size:clamp(0.875rem, 0.875rem + ((1vw - 0.2rem) * 0.125), 0.95rem);line-height:1.4\">Construit au XIIIe si\u00e8cle, le ch\u00e2teau de La Petite Pierre et ses fortifications furent modernis\u00e9s par Vauban en 1684. Il \u00e9tait un point strat\u00e9gique pour contr\u00f4ler le passage entre l\u2019Alsace et la Lorraine. Aujourd\u2019hui, le Parc naturel r\u00e9gional des Vosges du Nord y a install\u00e9 son si\u00e8ge. Le ch\u00e2teau est ferm\u00e9 au public, mais la cour ext\u00e9rieure est accessible gr\u00e2ce \u00e0 un parcours de visite avec des panneaux d'information sur son histoire. Ce site offre ainsi un aper\u00e7u de son riche pass\u00e9 tout en pr\u00e9servant son caract\u00e8re historique.<\/p>\n\n\n\n<p class=\"has-text-align-center eplus-wrapper\" style=\"margin-top:var(--wp--preset--spacing--10);margin-bottom:0;font-size:0.8rem\">67290 La Petite Pierre<br><a href=\"http:\/\/www.parc-vosges-nord.fr\" target=\"_blank\" rel=\"noreferrer noopener\">www.parc-vosges-nord.fr<\/a><\/p>\n\n\n\n<p class=\"has-text-align-center has-contrast-3-color has-text-color has-link-color eplus-wrapper wp-elements-47b630df97b7c4f158bf0f558dfe8efb\" style=\"margin-top:0;margin-bottom:0;font-size:0.8em\">(Image \u00a9C.Fleith - ADT)<\/p>\n<\/div>\n<\/div>\n\n<div class=\"wp-block-columns alignwide eplus-wrapper is-layout-flex wp-container-core-columns-is-layout-829fdb3e wp-block-columns-is-layout-flex eplus-styles-uid-65142d\" style=\"border-style:none;border-width:0px;border-radius:0px;padding-top:var(--wp--preset--spacing--20);padding-right:var(--wp--preset--spacing--10);padding-bottom:var(--wp--preset--spacing--20);padding-left:var(--wp--preset--spacing--10)\">\n<div class=\"wp-block-column is-vertically-aligned-top eplus-wrapper is-layout-flow wp-block-column-is-layout-flow\" style=\"flex-basis:33.34%\">\n<h4 class=\"wp-block-heading has-text-align-center eplus-wrapper\" style=\"margin-top:0;margin-right:0;margin-bottom:var(--wp--preset--spacing--10);padding-top:0;padding-bottom:0\">16 Le ch\u00e2teau du Hohnack<\/h4>\n\n\n<figure class=\"is-style-default  wp-block-image aligncenter size-full has-custom-border eplus-wrapper eplus-styles-uid-135982\" style=\"margin-top:0;margin-bottom:0\"><img decoding=\"async\" src=\"https:\/\/forte-cultura.com\/wp-content\/uploads\/17-Labaroche-Chateau-du-Hohnack-%C2%A9-M.-Schampion-ADT.jpg\" alt=\"\" class=\"wp-image-3084\" style=\"border-radius:10px;aspect-ratio:16\/9;object-fit:cover\"><figcaption class=\"wp-element-caption\">Ruines du ch\u00e2teau de Hohnack<\/figcaption><\/figure>\n\n\n<p class=\"has-text-align-center eplus-wrapper\" style=\"margin-top:0;margin-bottom:0;font-size:clamp(0.875rem, 0.875rem + ((1vw - 0.2rem) * 0.125), 0.95rem);line-height:1.4\">Class\u00e9 monument historique depuis 1905, le ch\u00e2teau Hohnack a \u00e9t\u00e9 construit au XIe si\u00e8cle par les comtes d'Eguisheim. Il est le deuxi\u00e8me plus haut ch\u00e2teau d'Alsace, culminant \u00e0 940 m\u00e8tres d'altitude. Des travaux au XVIe si\u00e8cle ont adapt\u00e9 la forteresse \u00e0 l'artillerie. Son nom, \"Hohnack\", provient de \"Hohen Acker\", signifiant \"champ du haut\". Aujourd'hui, on peut encore apercevoir ses remparts et son donjon, tout en profitant d'une vue panoramique sur la vall\u00e9e de Munster et Kaysersberg. Ce site offre une belle immersion dans l'histoire et un paysage \u00e0 couper le souffle.<\/p>\n\n\n\n<p class=\"has-text-align-center eplus-wrapper\" style=\"margin-top:var(--wp--preset--spacing--10);margin-bottom:0;font-size:0.8rem\">68910 Labaroche<\/p>\n\n\n\n<p class=\"has-text-align-center has-contrast-3-color has-text-color has-link-color eplus-wrapper wp-elements-1fcfef65fd646eb65c4f624f16e736f2\" style=\"margin-top:0;font-size:0.8em\">(Image \u00a9M. Schampion - ADT)<\/p>\n<\/div>\n\n\n\n<div class=\"wp-block-column is-vertically-aligned-top eplus-wrapper is-layout-flow wp-block-column-is-layout-flow\" style=\"flex-basis:33.34%\">\n<h4 class=\"wp-block-heading has-text-align-center eplus-wrapper\" style=\"margin-top:0;margin-right:0;margin-bottom:var(--wp--preset--spacing--10);padding-top:0;padding-bottom:0;font-size:em\">17 Ch\u00e2teau de Fleckenstein<\/h4>\n\n\n<figure class=\"is-style-default  wp-block-image aligncenter size-full has-custom-border eplus-wrapper eplus-styles-uid-135982\" style=\"margin-top:0;margin-bottom:0\"><img decoding=\"async\" src=\"https:\/\/forte-cultura.com\/wp-content\/uploads\/18-Lembach-Chateau-du-Fleckenstein-%C2%A9-C.-Fleith-ADT.jpg\" alt=\"\" class=\"wp-image-3085\" style=\"border-radius:10px;aspect-ratio:16\/9;object-fit:cover\"><figcaption class=\"wp-element-caption\">Ruines du ch\u00e2teau de Fleckenstein<\/figcaption><\/figure>\n\n\n<p class=\"has-text-align-center eplus-wrapper\" style=\"margin-top:0;margin-bottom:0;font-size:clamp(0.875rem, 0.875rem + ((1vw - 0.2rem) * 0.125), 0.95rem);line-height:1.4\">Le Ch\u00e2teau de Fleckenstein, situ\u00e9 en Alsace, est un impressionnant vestige m\u00e9di\u00e9val construit au XIIe si\u00e8cle. Perch\u00e9 sur un rocher, il offre une vue panoramique sur la vall\u00e9e du Zorn. Sa structure complexe comprend des \u00e9l\u00e9ments de d\u00e9fense, tels que des tours et des remparts, illustrant l'ing\u00e9niosit\u00e9 architecturale de l'\u00e9poque. En 1680, le ch\u00e2teau est abandonn\u00e9 apr\u00e8s avoir subi des destructions. Aujourd'hui, il est un site touristique pris\u00e9, o\u00f9 les visiteurs peuvent explorer ses ruines et appr\u00e9cier son histoire fascinante. Des sentiers de randonn\u00e9e environnants permettent de d\u00e9couvrir la beaut\u00e9 naturelle de la r\u00e9gion.<\/p>\n\n\n\n<p class=\"has-text-align-center eplus-wrapper\" style=\"margin-top:var(--wp--preset--spacing--10);margin-bottom:0;font-size:0.8rem\">67510 Lembach<br><a href=\"http:\/\/www.fleckenstein.fr\" data-type=\"link\" data-id=\"www.chateauxfortsalsace.com\" target=\"_blank\" rel=\"noreferrer noopener\">www.fleckenstein.fr<\/a><\/p>\n\n\n\n<p class=\"has-text-align-center has-contrast-3-color has-text-color has-link-color eplus-wrapper wp-elements-3f2008ab84a75f3e5d9d6d54243fc148\" style=\"margin-top:0;margin-bottom:0;font-size:0.8rem\">(Image \u00a9C. Fleith - ADT)<\/p>\n<\/div>\n\n\n\n<div class=\"wp-block-column eplus-wrapper is-layout-flow wp-block-column-is-layout-flow\" style=\"flex-basis:33.33%\">\n<h4 class=\"wp-block-heading has-text-align-center eplus-wrapper\" style=\"margin-bottom:var(--wp--preset--spacing--10)\">18 Ch\u00e2teau de Froensbourg<\/h4>\n\n\n<figure class=\"is-style-default  wp-block-image aligncenter size-full has-custom-border eplus-wrapper eplus-styles-uid-135982\" style=\"margin-top:0;margin-bottom:0\"><img decoding=\"async\" src=\"https:\/\/forte-cultura.com\/wp-content\/uploads\/19-Niedersteinbach-Chateau-de-Froensbourg-D850961-%C2%A9-INFRA-ADT.jpg\" alt=\"\" class=\"wp-image-3086\" style=\"border-radius:10px;aspect-ratio:16\/9;object-fit:cover\"><figcaption class=\"wp-element-caption\">Ruines du ch\u00e2teau de Froensbourg<\/figcaption><\/figure>\n\n\n<p class=\"has-text-align-center eplus-wrapper\" style=\"margin-top:0;margin-bottom:0;font-size:clamp(0.875rem, 0.875rem + ((1vw - 0.2rem) * 0.125), 0.95rem);line-height:1.4\">Impressionnant ch\u00e2teau semi-troglodytique construit au XIIIe si\u00e8cle par une branche des Fleckenstein, le Froensbourg devient un repaire de chevaliers-brigands. Assi\u00e9g\u00e9 et d\u00e9truit en 1348 par l'Alliance pour la paix publique, il est reconstruit en 1389 par les fr\u00e8res Emich et Sygfrid de Loewenstein comme fief palatin. En 1481, il appartient en partie aux Fleckenstein, qui y ajoutent une tour d'habitation en 1484. Apr\u00e8s l'annexion de l'Alsace \u00e0 la France, le ch\u00e2teau est d\u00e9mantel\u00e9 en 1677, mais pourrait d\u00e9j\u00e0 \u00eatre abandonn\u00e9. Par arr\u00eat\u00e9 municipal du 11 mars 2022, l'acc\u00e8s au ch\u00e2teau est interdit pour des raisons de s\u00e9curit\u00e9.<\/p>\n\n\n\n<p class=\"has-text-align-center eplus-wrapper\" style=\"margin-top:var(--wp--preset--spacing--10);margin-bottom:0;font-size:0.8rem\">67510 Lembach<\/p>\n\n\n\n<p class=\"has-text-align-center has-contrast-3-color has-text-color has-link-color eplus-wrapper wp-elements-b4f626102aec054749ba0249e3bd364f\" style=\"margin-top:0;margin-bottom:0;font-size:0.8em\">(Image \u00a9INFRA - ADT)<\/p>\n<\/div>\n<\/div>\n\n<div class=\"wp-block-columns alignwide eplus-wrapper is-layout-flex wp-container-core-columns-is-layout-829fdb3e wp-block-columns-is-layout-flex eplus-styles-uid-6cf808\" style=\"border-style:none;border-width:0px;border-radius:0px;padding-top:var(--wp--preset--spacing--20);padding-right:var(--wp--preset--spacing--10);padding-bottom:var(--wp--preset--spacing--20);padding-left:var(--wp--preset--spacing--10)\">\n<div class=\"wp-block-column is-vertically-aligned-top eplus-wrapper is-layout-flow wp-block-column-is-layout-flow\" style=\"flex-basis:33.34%\">\n<h4 class=\"wp-block-heading has-text-align-center eplus-wrapper\" style=\"margin-top:0;margin-right:0;margin-bottom:var(--wp--preset--spacing--10);padding-top:0;padding-bottom:0;font-size:clamp(0.979rem, 0.979rem + ((1vw - 0.2rem) * 0.852), 1.49rem);\">19 Fleckenstein, le Ch\u00e2teau des D\u00e9fis<\/h4>\n\n\n<figure class=\"is-style-default  wp-block-image aligncenter size-full has-custom-border eplus-wrapper eplus-styles-uid-135982\" style=\"margin-top:0;margin-bottom:0\"><img decoding=\"async\" src=\"https:\/\/forte-cultura.com\/wp-content\/uploads\/20-Lembach-Chateau-du-Fleckenstein-%C2%A9ADT-E.List-10.jpg\" alt=\"\" class=\"wp-image-3087\" style=\"border-radius:10px;aspect-ratio:16\/9;object-fit:cover\"><figcaption class=\"wp-element-caption\">Ruines du ch\u00e2teau de Fleckenstein, le Challenge Burg<\/figcaption><\/figure>\n\n\n<p class=\"has-text-align-center eplus-wrapper\" style=\"margin-top:0;margin-bottom:0;font-size:clamp(0.875rem, 0.875rem + ((1vw - 0.2rem) * 0.125), 0.95rem);line-height:1.4\">Embarquez dans un voyage au c\u0153ur du Moyen \u00c2ge ! Accompagn\u00e9s du nouveau personnage Kim, relevez 25 d\u00e9fis pour lib\u00e9rer le baron et sauver les terres de Fleckenstein. Un gigantesque terrain de jeux o\u00f9 le r\u00e9el se m\u00eale \u00e0 l\u2019imaginaire s\u2019offre \u00e0 vous. Un parcours ludique en plein air \u00e0 faire en famille ! Tout commence par le vol d\u2019un grimoire contenant la formule pour transformer le minerai de fer en or. Les pires calamit\u00e9s s\u2019abattent sur les terres de Fleckenstein. Par chance, l\u2019alchimiste du ch\u00e2teau a r\u00e9ussi \u00e0 se r\u00e9fugier en for\u00eat et \u00e0 appeler Kim \u00e0 la rescousse. Une qu\u00eate passionnante et captivante vous attend dans et autour du ch\u00e2teau.<\/p>\n\n\n\n<p class=\"has-text-align-center eplus-wrapper\" style=\"margin-top:var(--wp--preset--spacing--10);margin-bottom:0;font-size:0.8rem\">67510 Lembach<br><a href=\"http:\/\/www.fleckenstein.fr\" target=\"_blank\" rel=\"noreferrer noopener\">www.chateaudelichtenberg.alsace<\/a><\/p>\n\n\n\n<p class=\"has-text-align-center has-contrast-3-color has-text-color has-link-color eplus-wrapper wp-elements-abb6633bc8fdab4b4cd80f8f7c7f8c1f\" style=\"margin-top:0;font-size:0.8em\">(Image \u00a9ADT-E.List)<\/p>\n<\/div>\n\n\n\n<div class=\"wp-block-column is-vertically-aligned-top eplus-wrapper is-layout-flow wp-block-column-is-layout-flow\" style=\"flex-basis:33.34%\">\n<h4 class=\"wp-block-heading has-text-align-center eplus-wrapper\" style=\"margin-top:0;margin-right:0;margin-bottom:var(--wp--preset--spacing--10);padding-top:0;padding-bottom:0\">20 Ch\u00e2teau du Landskron<\/h4>\n\n\n<figure class=\"is-style-default  wp-block-image aligncenter size-full has-custom-border eplus-wrapper eplus-styles-uid-135982\" style=\"margin-top:0;margin-bottom:0\"><img decoding=\"async\" src=\"https:\/\/forte-cultura.com\/wp-content\/uploads\/21-Leymen-Chateau-du-Landskron-DSCN4655-%C2%A9-D.-Foucre-ADT.jpg\" alt=\"\" class=\"wp-image-3088\" style=\"border-radius:10px;aspect-ratio:16\/9;object-fit:cover\"><figcaption class=\"wp-element-caption\">Ruines du ch\u00e2teau de Landskron<\/figcaption><\/figure>\n\n\n<p class=\"has-text-align-center eplus-wrapper\" style=\"margin-top:0;margin-bottom:0;font-size:clamp(0.875rem, 0.875rem + ((1vw - 0.2rem) * 0.125), 0.95rem);line-height:1.4\">Perch\u00e9 dans le Jura Alsacien, \u00e0 deux pas du village de Leymen et de la Suisse, le ch\u00e2teau du Landskron domine toute la vall\u00e9e.\nIl fut transform\u00e9 en garnison d'apr\u00e8s les plans de Vauban (1689), br\u00fbl\u00e9 et bombard\u00e9 en 1817 et enfin class\u00e9 Monument historique en 1923. Donjon du XIIIe, tours, vestiges de la chapelle et du puits offrent un agr\u00e9able but de promenade au vert. Visite libre toute l'ann\u00e9e.<\/p>\n\n\n\n<p class=\"has-text-align-center eplus-wrapper\" style=\"margin-top:var(--wp--preset--spacing--10);margin-bottom:0;font-size:0.8rem\">68220 Leymen<br><a href=\"http:\/\/www.prolandskron.fr\" target=\"_blank\" rel=\"noreferrer noopener\">www.prolandskron.fr<\/a><\/p>\n\n\n\n<p class=\"has-text-align-center has-contrast-3-color has-text-color has-link-color eplus-wrapper wp-elements-c006aa79a7bc01637be3902e8f17b30f\" style=\"margin-top:0;margin-bottom:0;font-size:0.8rem\">(Image \u00a9D. Foucr\u00e9 - ADT)<\/p>\n<\/div>\n\n\n\n<div class=\"wp-block-column is-vertically-aligned-top eplus-wrapper is-layout-flow wp-block-column-is-layout-flow\" style=\"flex-basis:33.34%\">\n<h4 class=\"wp-block-heading has-text-align-center eplus-wrapper\" style=\"margin-top:0;margin-right:0;margin-bottom:var(--wp--preset--spacing--10);padding-top:0;padding-bottom:0\">21 Ch\u00e2teau de Lichtenberg<\/h4>\n\n\n<figure class=\"is-style-default  wp-block-image aligncenter size-full has-custom-border eplus-wrapper eplus-styles-uid-135982\" style=\"margin-top:0;margin-bottom:0\"><img decoding=\"async\" src=\"https:\/\/forte-cultura.com\/wp-content\/uploads\/22-Lichtenberg-chateau-9-%C2%A9-C.Fleith-ADT.jpg\" alt=\"\" class=\"wp-image-3089\" style=\"border-radius:10px;aspect-ratio:16\/9;object-fit:cover\"><figcaption class=\"wp-element-caption\">Ch\u00e2teau de Lichtenberg<\/figcaption><\/figure>\n\n\n<p class=\"has-text-align-center eplus-wrapper\" style=\"margin-top:0;margin-bottom:0;font-size:clamp(0.875rem, 0.875rem + ((1vw - 0.2rem) * 0.125), 0.95rem);line-height:1.4\">Un site pour retrouver la m\u00e9moire, vivre au pr\u00e9sent et accueillir l\u2019avenir. Riche de son histoire depuis le XIIIe si\u00e8cle, la forteresse restaur\u00e9e allie tradition et modernit\u00e9. Un audacieux m\u00e9lange de gr\u00e8s, bois et cuivre adapte le site \u00e0 ses nouvelles fonctions touristiques tout en restant r\u00e9versible pour pr\u00e9server son \u00e9tat d\u2019origine. Devenu un lieu incontournable d\u2019histoire, d\u2019exposition et de spectacle, il est aussi un Centre d\u2019Interpr\u00e9tation du Patrimoine sur le th\u00e8me Patrimoine et Cr\u00e9ation Artistique. Des modules interactifs permettent aux visiteurs de d\u00e9couvrir l\u2019architecture et la r\u00e9habilitation contemporaine du ch\u00e2teau. Visite libre durant les horaires d\u2019ouverture.<\/p>\n\n\n\n<p class=\"has-text-align-center eplus-wrapper\" style=\"margin-top:var(--wp--preset--spacing--10);margin-bottom:0;font-size:0.8rem\">67340 Lichtenberg<br><a href=\"http:\/\/www.chateaudelichtenberg.alsace\" target=\"_blank\" rel=\"noreferrer noopener\">www.chateaudelichtenberg.alsace<\/a><\/p>\n\n\n\n<p class=\"has-text-align-center has-contrast-3-color has-text-color has-link-color eplus-wrapper wp-elements-a6a63895bee2c27651c93e57a456d06c\" style=\"margin-top:0;font-size:0.8em\">(Image \u00a9C.Fleith - ADT)<\/p>\n<\/div>\n<\/div>\n\n<div class=\"wp-block-columns alignwide eplus-wrapper is-layout-flex wp-container-core-columns-is-layout-829fdb3e wp-block-columns-is-layout-flex eplus-styles-uid-5809de\" style=\"border-style:none;border-width:0px;border-radius:0px;padding-top:var(--wp--preset--spacing--20);padding-right:var(--wp--preset--spacing--10);padding-bottom:var(--wp--preset--spacing--20);padding-left:var(--wp--preset--spacing--10)\">\n<div class=\"wp-block-column is-vertically-aligned-top eplus-wrapper is-layout-flow wp-block-column-is-layout-flow\" style=\"flex-basis:33.34%\">\n<h4 class=\"wp-block-heading has-text-align-center eplus-wrapper\" style=\"margin-top:0;margin-right:0;margin-bottom:var(--wp--preset--spacing--10);padding-top:0;padding-bottom:0\">22 Ch\u00e2teau de Lorentzen<\/h4>\n\n\n<figure class=\"is-style-default  wp-block-image aligncenter size-full has-custom-border eplus-wrapper eplus-styles-uid-135982\" style=\"margin-top:0;margin-bottom:0\"><img decoding=\"async\" src=\"https:\/\/forte-cultura.com\/wp-content\/uploads\/23-Lorentzen-Chateau-La-Grange-aux-Paysages-%C2%A9ADT-E.List-11.jpg\" alt=\"\" class=\"wp-image-3090\" style=\"border-radius:10px;aspect-ratio:16\/9;object-fit:cover\"><figcaption class=\"wp-element-caption\">Ruines du ch\u00e2teau de Lorentzen<\/figcaption><\/figure>\n\n\n<p class=\"has-text-align-center eplus-wrapper\" style=\"margin-top:0;margin-bottom:0;font-size:clamp(0.875rem, 0.875rem + ((1vw - 0.2rem) * 0.125), 0.95rem);line-height:1.4\">Le ch\u00e2teau de Lorentzen, une Wasserburg du XIVe si\u00e8cle, \u00e9tait autrefois prot\u00e9g\u00e9 par un foss\u00e9 aliment\u00e9 par l'Eichel. La grange et le moulin, datant du XVIIIe si\u00e8cle, offrent une belle vue sur le ch\u00e2teau, qui a \u00e9t\u00e9 r\u00e9habilit\u00e9 en 2008. Bien que le ch\u00e2teau soit priv\u00e9 et habit\u00e9, ses ext\u00e9rieurs sont accessibles, et les d\u00e9pendances accueillent le public. La grange d\u00eemi\u00e8re abrite l'exposition \"Secrets de Paysages\" ainsi que l'Office de Tourisme, tandis que le moulin castral a \u00e9t\u00e9 am\u00e9nag\u00e9 en espace d'h\u00e9bergement et de restauration pour les groupes.<\/p>\n\n\n\n<p class=\"has-text-align-center eplus-wrapper\" style=\"margin-top:var(--wp--preset--spacing--10);margin-bottom:0;font-size:0.8rem\">67430 Lorentzen<\/p>\n\n\n\n<p class=\"has-text-align-center has-contrast-3-color has-text-color has-link-color eplus-wrapper wp-elements-86ae615ed95c1052c98c511bef880e2f\" style=\"margin-top:0;margin-bottom:0;font-size:0.8rem\">(Image \u00a9ADT-E.List)<\/p>\n<\/div>\n\n\n\n<div class=\"wp-block-column eplus-wrapper is-layout-flow wp-block-column-is-layout-flow\" style=\"flex-basis:33.33%\">\n<h4 class=\"wp-block-heading has-text-align-center eplus-wrapper\" style=\"margin-bottom:var(--wp--preset--spacing--10)\">23 Le ch\u00e2teau de Guirbaden<\/h4>\n\n\n<figure class=\"is-style-default  wp-block-image aligncenter size-full has-custom-border eplus-wrapper eplus-styles-uid-135982\" style=\"margin-top:0;margin-bottom:0\"><img decoding=\"async\" src=\"https:\/\/forte-cultura.com\/wp-content\/uploads\/24-Mollkirch-chateau-du-Guirbaden-%C2%A9-C.Fleith-ADT.jpg\" alt=\"\" class=\"wp-image-3091\" style=\"border-radius:10px;aspect-ratio:16\/9;object-fit:cover\"><figcaption class=\"wp-element-caption\">Ruines du ch\u00e2teau de Guirbaden<\/figcaption><\/figure>\n\n\n<p class=\"has-text-align-center eplus-wrapper\" style=\"margin-top:0;margin-bottom:0;font-size:clamp(0.875rem, 0.875rem + ((1vw - 0.2rem) * 0.125), 0.95rem);line-height:1.4\">Le Guirbaden, t\u00e9moin de l\u2019\u00e9poque o\u00f9 l\u2019Alsace faisait partie du Saint Empire romain germanique, a \u00e9t\u00e9 construit entre le Xe et le XIIIe si\u00e8cle. Situ\u00e9 \u00e0 1 km du village de Mollkirch, il s'\u00e9l\u00e8ve sur les collines surplombant la Vall\u00e9e de la Bruche, entour\u00e9 par la for\u00eat vosgienne. Avec une superficie de 2 hectares, il est le plus grand et l'un des plus anciens ch\u00e2teaux d'Alsace. Aujourd'hui, on peut encore admirer le corps de logis, le donjon, la tour de la faim, des pans de murs d\u2019enceinte, ainsi que la chapelle Saint-Valentin. Le site offre une vue imprenable sur la plaine d\u2019Alsace et la vall\u00e9e de la Bruche.<\/p>\n\n\n\n<p class=\"has-text-align-center eplus-wrapper\" style=\"margin-top:var(--wp--preset--spacing--10);margin-bottom:0;font-size:0.8rem\">67190 Mollkirch<br><a href=\"http:\/\/www.sauver-le-guirbaden.fr\/\" target=\"_blank\" rel=\"noreferrer noopener\">www.sauver-le-guirbaden.fr<\/a><\/p>\n\n\n\n<p class=\"has-text-align-center has-contrast-3-color has-text-color has-link-color eplus-wrapper wp-elements-47b630df97b7c4f158bf0f558dfe8efb\" style=\"margin-top:0;margin-bottom:0;font-size:0.8em\">(Image \u00a9C.Fleith - ADT)<\/p>\n<\/div>\n\n\n\n<div class=\"wp-block-column eplus-wrapper is-layout-flow wp-block-column-is-layout-flow\" style=\"flex-basis:33.33%\">\n<h4 class=\"wp-block-heading has-text-align-center eplus-wrapper\" style=\"margin-bottom:var(--wp--preset--spacing--10)\">24 Ch\u00e2teau du Frankenbourg<\/h4>\n\n\n<figure class=\"is-style-default  wp-block-image aligncenter size-full has-custom-border eplus-wrapper eplus-styles-uid-135982\" style=\"margin-top:0;margin-bottom:0\"><img decoding=\"async\" src=\"https:\/\/forte-cultura.com\/wp-content\/uploads\/25-Neubois-Chateau-du-Frankenbourg-9-%C2%A9-M.-Schampion-ADT.jpg\" alt=\"\" class=\"wp-image-3092\" style=\"border-radius:10px;aspect-ratio:16\/9;object-fit:cover\"><figcaption class=\"wp-element-caption\">Ruines du ch\u00e2teau de Frankenbourg<\/figcaption><\/figure>\n\n\n<p class=\"has-text-align-center eplus-wrapper\" style=\"margin-top:0;margin-bottom:0;font-size:clamp(0.875rem, 0.875rem + ((1vw - 0.2rem) * 0.125), 0.95rem);line-height:1.4\">Depuis le ch\u00e2teau, le visiteur comprend pourquoi ce sommet conique (703 m) a \u00e9t\u00e9 choisi pour la construction du Frankenbourg. Situ\u00e9 au confluent des vall\u00e9es d'Argent et de Vill\u00e9, il permettait de contr\u00f4ler l\u2019ancienne Route du Sel et d\u2019autres voies importantes. La construction remonte probablement au d\u00e9but du XIIe si\u00e8cle. En 1196, la famille Frankenbourg-Werd devient Landgrave de Basse Alsace, repr\u00e9sentant de l'Empereur. Rapidement en d\u00e9clin, le fief passe \u00e0 l'\u00e9v\u00each\u00e9 de Strasbourg et est administr\u00e9 par diverses familles. Le Grand Chap\u00eetre g\u00e8re le ch\u00e2teau de 1489 \u00e0 1789, mais il est progressivement abandonn\u00e9 \u00e0 partir du XVIIe si\u00e8cle, avec une derni\u00e8re mention en 1634.<\/p>\n\n\n\n<p class=\"has-text-align-center eplus-wrapper\" style=\"margin-top:var(--wp--preset--spacing--10);margin-bottom:0;font-size:0.8rem\">67220 Neubois<br><a href=\"http:\/\/tourisme.valleedeville\" target=\"_blank\" rel=\"noreferrer noopener\">tourisme.valleedeville<\/a><\/p>\n\n\n\n<p class=\"has-text-align-center has-contrast-3-color has-text-color has-link-color eplus-wrapper wp-elements-07e04360071310087ccc040d823571a5\" style=\"margin-top:0;margin-bottom:0;font-size:0.8em\">(Photo \u00a9M. Schampion-ADT)<\/p>\n<\/div>\n<\/div>\n\n\n<!--nextpage-->\n\n\n\n<div class=\"wp-block-group alignwide has-custom-verlauf-1-gradient-background has-background eplus-wrapper has-global-padding is-layout-constrained wp-block-group-is-layout-constrained\" style=\"padding-top:var(--wp--preset--spacing--20);padding-bottom:var(--wp--preset--spacing--20)\"><h3 class=\"wp-block-heading alignwide has-text-align-center eplus-wrapper eplus-styles-uid-80973f\" style=\"font-size:clamp(0.984rem, 0.984rem + ((1vw - 0.2rem) * 0.86), 1.5rem);\"><strong>Notre recommandation de voyage FORTE CULTURA<\/strong><\/h3>\n\n\n<h5 class=\"wp-block-heading alignwide has-text-align-center has-custom-farbe-1-color has-text-color has-link-color has-large-font-size eplus-wrapper wp-elements-24fa9ed36fb691133fea73ee9380aa2b\" style=\"margin-top:var(--wp--preset--spacing--10);margin-bottom:0\">Route des ch\u00e2teaux et des villes fortifi\u00e9es en Alsace (page 3\/4)<\/h5>\n\n\n\n<p class=\"has-text-align-center has-small-font-size eplus-wrapper translation-block\" style=\"margin-top:5px\"><em>D\u00e9velopp\u00e9 par <em>FORTE CULTURE Partenaire<\/em><\/em> <em>Alsace Destination Tourisme (ADT).<\/em><\/p>\n<\/div>\n\n\n<div id=\"travelersmap-container-69f776b9e3501\" class=\"travelersmap-container\" style=\"z-index: 1; min-height: 10px; min-width:10px; height:400px;width:100%; max-width:1280px; max-height:; position:relative;\"><div style=\"position:absolute; z-index:-1;top: 50%;text-align: center;display: block;left: 50%;transform: translate(-50%,-50%);\">La carte des voyageurs est en cours de chargement...<br>Si vous constatez cela apr\u00e8s le chargement complet de votre page, les fichiers leafletJS sont manquants.<\/div><\/div>\n\n\n<div class=\"wp-block-columns alignwide eplus-wrapper is-layout-flex wp-container-core-columns-is-layout-829fdb3e wp-block-columns-is-layout-flex eplus-styles-uid-cf9948\" style=\"border-style:none;border-width:0px;border-radius:0px;padding-top:var(--wp--preset--spacing--20);padding-right:var(--wp--preset--spacing--10);padding-bottom:var(--wp--preset--spacing--20);padding-left:var(--wp--preset--spacing--10)\">\n<div class=\"wp-block-column is-vertically-aligned-top eplus-wrapper is-layout-flow wp-block-column-is-layout-flow\" style=\"flex-basis:33.34%\">\n<h4 class=\"wp-block-heading has-text-align-center eplus-wrapper\" style=\"margin-top:0;margin-right:0;margin-bottom:var(--wp--preset--spacing--10);padding-top:0;padding-bottom:0;font-size:clamp(0.984em, 0.984rem + ((1vw - 0.2em) * 0.86), 1.5em);\">25 Ch\u00e2teau de la Wasenbourg<\/h4>\n\n\n<figure class=\"is-style-default  wp-block-image aligncenter size-full has-custom-border eplus-wrapper eplus-styles-uid-135982\" style=\"margin-top:0;margin-bottom:0\"><img decoding=\"async\" src=\"https:\/\/forte-cultura.com\/wp-content\/uploads\/26-Niederbronn-les-Bains-Chateau-Wasenbourg-%C2%A9-G.Maciel-ADT.jpg\" alt=\"\" class=\"wp-image-3093\" style=\"border-radius:10px;aspect-ratio:16\/9;object-fit:cover\"><figcaption class=\"wp-element-caption\">Ruines du ch\u00e2teau de Wasenbourg<\/figcaption><\/figure>\n\n\n<p class=\"has-text-align-center eplus-wrapper\" style=\"margin-top:0;margin-bottom:0;font-size:clamp(0.875rem, 0.875rem + ((1vw - 0.2rem) * 0.125), 0.95rem);line-height:1.4\">Class\u00e9 monument historique le 6 d\u00e9cembre 1898, le Ch\u00e2teau pr\u00e9sente une exceptionnelle baie gothique \u00e0 9 lancettes et 7 oculus, unique en Alsace, inscrite dans un arc surbaiss\u00e9 avec des meneaux restitu\u00e9s. Un imposant mur bouclier de 4 m\u00e8tres d'\u00e9paisseur prot\u00e8ge la cour et le logis. \u00c0 l'int\u00e9rieur, une frise d\u00e9cor\u00e9e d'une t\u00eate humaine datant du XIIIe si\u00e8cle orne le logis. Une plaque comm\u00e9morative rappelle le passage de Goethe en 1771. Derri\u00e8re la ruine, on trouve des vestiges d'un temple gallo-romain d\u00e9di\u00e9 \u00e0 Mercure. Un bas-relief romain repr\u00e9sentant Mercure est expos\u00e9 \u00e0 la maison de l'arch\u00e9ologie de Niederbronn-les-Bains.<\/p>\n\n\n\n<p class=\"has-text-align-center eplus-wrapper\" style=\"margin-top:var(--wp--preset--spacing--10);margin-bottom:0;font-size:0.8rem\">67110 Niederbronn les Bains<br><a href=\"http:\/\/www.alsace-verte.com\" target=\"_blank\" rel=\"noreferrer noopener\">www.alsace-verte.com<\/a><\/p>\n\n\n\n<p class=\"has-text-align-center has-contrast-3-color has-text-color has-link-color eplus-wrapper wp-elements-1aff69ff050ba772858c8c02abdb3a54\" style=\"margin-top:0;margin-bottom:0;font-size:0.8rem\">(Image \u00a9G.Maciel - ADT)<\/p>\n<\/div>\n\n\n\n<div class=\"wp-block-column eplus-wrapper is-layout-flow wp-block-column-is-layout-flow\" style=\"flex-basis:33.33%\">\n<h4 class=\"wp-block-heading has-text-align-center eplus-wrapper\" style=\"margin-bottom:var(--wp--preset--spacing--10)\">26 Ch\u00e2teau de Wasigenstein<\/h4>\n\n\n<figure class=\"is-style-default  wp-block-image aligncenter size-full has-custom-border eplus-wrapper eplus-styles-uid-135982\" style=\"margin-top:0;margin-bottom:0\"><img decoding=\"async\" src=\"https:\/\/forte-cultura.com\/wp-content\/uploads\/27-Niedersteinbach-Chateau-du-Wasigenstein-1-%C2%A9-M.-Schampion-ADT.jpg\" alt=\"\" class=\"wp-image-3094\" style=\"border-radius:10px;aspect-ratio:16\/9;object-fit:cover\"><figcaption class=\"wp-element-caption\">Ruines du ch\u00e2teau de Wasigenstein<\/figcaption><\/figure>\n\n\n<p class=\"has-text-align-center eplus-wrapper\" style=\"margin-top:0;margin-bottom:0;font-size:clamp(0.875rem, 0.875rem + ((1vw - 0.2rem) * 0.125), 0.95rem);line-height:1.4\">Deux ruines de ch\u00e2teaux se dressent sur des \u00e9perons rocheux s\u00e9par\u00e9s par une faille naturelle. \u00c0 l'est se trouve le Grand-Wasigenstein, construit au milieu du XIIIe si\u00e8cle comme ch\u00e2teau imp\u00e9rial avec un donjon pentagonal. \u00c0 l'ouest, le Petit-Wasigenstein, \u00e9difi\u00e9 vers 1299 par une branche des Wasigenstein, tourne son donjon et son mur bouclier vers son voisin. \u00c0 l'extinction des lign\u00e9es au XIVe si\u00e8cle, les ch\u00e2teaux changent de propri\u00e9taires, notamment les Fleckenstein et les Hohenbourg, avant d'\u00eatre d\u00e9truits durant la guerre de Trente Ans. On conserve encore des escaliers, des salles creus\u00e9es dans le rocher et une citerne.<\/p>\n\n\n\n<p class=\"has-text-align-center eplus-wrapper\" style=\"margin-top:var(--wp--preset--spacing--10);margin-bottom:0;font-size:0.8rem\">67510 Niedersteinbach<\/p>\n\n\n\n<p class=\"has-text-align-center has-contrast-3-color has-text-color has-link-color eplus-wrapper wp-elements-3372c60e128bb9ede4532fede75de3c5\" style=\"margin-top:0;margin-bottom:0;font-size:0.8em\">(Image \u00a9M. Schampion - ADT)<\/p>\n<\/div>\n\n\n\n<div class=\"wp-block-column eplus-wrapper is-layout-flow wp-block-column-is-layout-flow\" style=\"flex-basis:33.33%\">\n<h4 class=\"wp-block-heading has-text-align-center eplus-wrapper\" style=\"margin-bottom:var(--wp--preset--spacing--10)\">27 Ruines des Ch\u00e2teaux du Nideck<\/h4>\n\n\n<figure class=\"is-style-default  wp-block-image aligncenter size-full has-custom-border eplus-wrapper eplus-styles-uid-135982\" style=\"margin-top:0;margin-bottom:0\"><img decoding=\"async\" src=\"https:\/\/forte-cultura.com\/wp-content\/uploads\/28-Oberhaslach-Chateau-Nideck-%C2%A9-E.List-ADT.jpg\" alt=\"\" class=\"wp-image-3043\" style=\"border-radius:10px;aspect-ratio:16\/9;object-fit:cover\"><figcaption class=\"wp-element-caption\">Ruines du ch\u00e2teau du Nideck<\/figcaption><\/figure>\n\n\n<p class=\"has-text-align-center eplus-wrapper\" style=\"margin-top:0;margin-bottom:0;font-size:clamp(0.875rem, 0.875rem + ((1vw - 0.2rem) * 0.125), 0.95rem);line-height:1.4\">Le Ch\u00e2teau du Nideck, vestige m\u00e9di\u00e9val, se situe \u00e0 Oberhaslach, \u00e0 40 km de Strasbourg. Il comprend deux ch\u00e2teaux distincts, issus d'un partage familial mentionn\u00e9 dans une charte de 1336. Les ch\u00e2teaux occupent une cr\u00eate de 534 m\u00e8tres dominant la vall\u00e9e de la Hasel. Le ch\u00e2teau sup\u00e9rieur pr\u00e9sente un foss\u00e9, tandis que le inf\u00e9rieur, datant du milieu du XIIIe si\u00e8cle, poss\u00e8de un donjon carr\u00e9. Mentionn\u00e9 pour la premi\u00e8re fois en 1264, il est un fief de l\u2019\u00c9v\u00eaque de Strasbourg. En 1448, il est assi\u00e9g\u00e9 pendant la guerre de Wasselonne et, apr\u00e8s un incendie en 1636, est d\u00e9finitivement d\u00e9truit. La l\u00e9gende du Nideck a inspir\u00e9 le po\u00e8te Adelbert von Chamisso.<\/p>\n\n\n\n<p class=\"has-text-align-center eplus-wrapper\" style=\"margin-top:var(--wp--preset--spacing--10);margin-bottom:0;font-size:0.8rem\">67280 Oberhaslach<br><a href=\"http:\/\/www.chateauxfortsalsace.com\/fr\/chateau\/le-chateau-du-nideck\/\" target=\"_blank\" rel=\"noreferrer noopener\">www.chateauxfortsalsace.com<\/a><\/p>\n\n\n\n<p class=\"has-text-align-center has-contrast-3-color has-text-color has-link-color eplus-wrapper wp-elements-062f11cde10a31376d13ea334fe41afa\" style=\"margin-top:0;margin-bottom:0;font-size:0.8em\">(Image \u00a9E.List - ADT)<\/p>\n<\/div>\n<\/div>\n\n<div class=\"wp-block-columns alignwide eplus-wrapper is-layout-flex wp-container-core-columns-is-layout-829fdb3e wp-block-columns-is-layout-flex eplus-styles-uid-a12685\" style=\"border-style:none;border-width:0px;border-radius:0px;padding-top:var(--wp--preset--spacing--20);padding-right:var(--wp--preset--spacing--10);padding-bottom:var(--wp--preset--spacing--20);padding-left:var(--wp--preset--spacing--10)\">\n<div class=\"wp-block-column is-vertically-aligned-top eplus-wrapper is-layout-flow wp-block-column-is-layout-flow\" style=\"flex-basis:33.34%\">\n<h4 class=\"wp-block-heading has-text-align-center eplus-wrapper\" style=\"margin-top:0;margin-right:0;margin-bottom:var(--wp--preset--spacing--10);padding-top:0;padding-bottom:0\">28 Ch\u00e2teau du Morimont<\/h4>\n\n\n<figure class=\"is-style-default  wp-block-image aligncenter size-full has-custom-border eplus-wrapper eplus-styles-uid-135982\" style=\"margin-top:0;margin-bottom:0\"><img decoding=\"async\" src=\"https:\/\/forte-cultura.com\/wp-content\/uploads\/29-Oberlarg-Chateau-du-Morimont-707-%C2%A9-Pictural-ADT.jpg\" alt=\"\" class=\"wp-image-3044\" style=\"border-radius:10px;aspect-ratio:16\/9;object-fit:cover\"><figcaption class=\"wp-element-caption\">Ruines du ch\u00e2teau de Morimont<\/figcaption><\/figure>\n\n\n<p class=\"has-text-align-center eplus-wrapper\" style=\"margin-top:0;margin-bottom:0;font-size:clamp(0.875rem, 0.875rem + ((1vw - 0.2rem) * 0.125), 0.95rem);line-height:1.4\">Le ch\u00e2teau du Morimont est actuellement ferm\u00e9 au public pour travaux. Vous pouvez n\u00e9anmoins faire le tour des ruines et apercevoir l'int\u00e9rieur et la cave vo\u00fbt\u00e9e \u00e0 travers les grilles. Mentionn\u00e9 pour la premi\u00e8re fois en 1183, ce ch\u00e2teau contr\u00f4lait la haute vall\u00e9e de la Largue. Il fut d\u00e9truit pendant la guerre de Trente Ans par les troupes fran\u00e7aises. En 1826, des patriotes jurassiens y pr\u00eat\u00e8rent le serment de lib\u00e9rer leur pays du joug bernois, ce qui fut r\u00e9alis\u00e9 en 1978. Explorez les remparts, les tours et la cave exceptionnelle, unique en Alsace, tout en profitant d\u2019un chemin d'acc\u00e8s.<\/p>\n\n\n\n<p class=\"has-text-align-center eplus-wrapper\" style=\"margin-top:var(--wp--preset--spacing--10);margin-bottom:0;font-size:0.8rem\">68480 Oberlarg<br><a href=\"http:\/\/www.sundgau-sudalsace.fr\" target=\"_blank\" rel=\"noreferrer noopener\">www.sundgau-sudalsace.fr<\/a><\/p>\n\n\n\n<p class=\"has-text-align-center has-contrast-3-color has-text-color has-link-color eplus-wrapper wp-elements-1e0e202c946e75c65c794e7e49ca50af\" style=\"margin-top:0;margin-bottom:0;font-size:0.8rem\">(Image \u00a9Pictural - ADT)<\/p>\n<\/div>\n\n\n\n<div class=\"wp-block-column eplus-wrapper is-layout-flow wp-block-column-is-layout-flow\" style=\"flex-basis:33.33%\">\n<h4 class=\"wp-block-heading has-text-align-center eplus-wrapper\" style=\"margin-bottom:var(--wp--preset--spacing--10)\">29 Ch\u00e2teau du Kagenfels<\/h4>\n\n\n<figure class=\"is-style-default  wp-block-image aligncenter size-full has-custom-border eplus-wrapper eplus-styles-uid-135982\" style=\"margin-top:0;margin-bottom:0\"><img decoding=\"async\" src=\"https:\/\/forte-cultura.com\/wp-content\/uploads\/30-Kagenfels%C2%A9Kagenfels-2.jpg\" alt=\"\" class=\"wp-image-3045\" style=\"border-radius:10px;aspect-ratio:16\/9;object-fit:cover\"><figcaption class=\"wp-element-caption\">Ruines du ch\u00e2teau de Kagenfels\n<\/figcaption><\/figure>\n\n\n<p class=\"has-text-align-center eplus-wrapper\" style=\"margin-top:0;margin-bottom:0;font-size:clamp(0.875rem, 0.875rem + ((1vw - 0.2rem) * 0.125), 0.95rem);line-height:1.4\">Le ch\u00e2teau construit vers 1262 par Albrecht Kagen, fut d\u00e9truit \u00e0 quatre reprises aux XIVe et XVe s. Reconstruit vers 1430, puis agrandi et sur\u00e9lev\u00e9 vers 1507 par les Uttenheim, il a \u00e9t\u00e9 abandonn\u00e9 d\u00e8s la fin du XVIe s. Depuis 2002, un chantier de fouilles arch\u00e9ologiques et de travaux de restauration a r\u00e9v\u00e9l\u00e9 un ch\u00e2teau \u00e9tonnant par sa richesse et ses dimensions.<\/p>\n\n\n\n<p class=\"has-text-align-center eplus-wrapper\" style=\"margin-top:var(--wp--preset--spacing--10);margin-bottom:0;font-size:0.8rem\">67210 Obernai<br><a href=\"http:\/\/www.kagenfels.org\/\" target=\"_blank\" rel=\"noreferrer noopener\">www.kagenfels.org<\/a><\/p>\n\n\n\n<p class=\"has-text-align-center has-contrast-3-color has-text-color has-link-color eplus-wrapper wp-elements-ecebff975598faa69b1c15e473c53b58\" style=\"margin-top:0;margin-bottom:0;font-size:0.8em\">(Image \u00a9Kagenfels 2)<\/p>\n<\/div>\n\n\n\n<div class=\"wp-block-column eplus-wrapper is-layout-flow wp-block-column-is-layout-flow\" style=\"flex-basis:33.33%\">\n<h4 class=\"wp-block-heading has-text-align-center eplus-wrapper\" style=\"margin-bottom:var(--wp--preset--spacing--10)\">30 Ch\u00e2teau du Petit-Arnsbourg<\/h4>\n\n\n<figure class=\"is-style-default  wp-block-image aligncenter size-full has-custom-border eplus-wrapper eplus-styles-uid-135982\" style=\"margin-top:0;margin-bottom:0\"><img decoding=\"async\" src=\"https:\/\/forte-cultura.com\/wp-content\/uploads\/31-Petit-Arnsbourg-Obersteinbach-%C2%A9-OTI-de-lAlsace-Verte-C.Fleckinger.jpg\" alt=\"\" class=\"wp-image-3046\" style=\"border-radius:10px;aspect-ratio:16\/9;object-fit:cover\"><figcaption class=\"wp-element-caption\">Ruines du petit ch\u00e2teau d'Arnsbourg Obersteinbach<\/figcaption><\/figure>\n\n\n<p class=\"has-text-align-center eplus-wrapper\" style=\"margin-top:0;margin-bottom:0;font-size:clamp(0.875rem, 0.875rem + ((1vw - 0.2rem) * 0.125), 0.95rem);line-height:1.4\">V\u00e9ritable nid d'aigle construit au XIVe si\u00e8cle comme poste avanc\u00e9 par l'abbaye de Wissembourg, le ch\u00e2teau est tenu en fief en 1335 par le chevalier Fr\u00e9d\u00e9ric de Wasigenstein, qui devient un brigand. Les garants de la paix publique interviennent militairement pour assi\u00e9ger le ch\u00e2teau. En 1360, il est occup\u00e9 par les sires d'Ochsenstein. \u00c0 leur extinction, le ch\u00e2teau passe en 1485 aux comtes de Deux-Ponts-Bitche, qui entreprennent sa restauration. Il change plusieurs fois de mains avant de devenir propri\u00e9t\u00e9 des comtes de Hanau-Lichtenberg en 1606, et il est probablement d\u00e9mantel\u00e9 apr\u00e8s la guerre de Trente Ans. Des escaliers et passages taill\u00e9s dans le rocher, ainsi que des vestiges du palais, subsistent.<\/p>\n\n\n\n<p class=\"has-text-align-center eplus-wrapper\" style=\"margin-top:var(--wp--preset--spacing--10);margin-bottom:0;font-size:0.8rem\">67510 Obersteinbach<br><a href=\"http:\/\/www.alsace-verte.com\" target=\"_blank\" rel=\"noreferrer noopener\">www.alsace-verte.com<\/a><\/p>\n\n\n\n<p class=\"has-text-align-center has-contrast-3-color has-text-color has-link-color eplus-wrapper wp-elements-8f870ae23964703a7628deb90fd1b221\" style=\"margin-top:0;margin-bottom:0;font-size:0.8em\">(Image \u00a9OTI de l'Alsace Verte - C.Fleckinger)<\/p>\n<\/div>\n<\/div>\n\n<div class=\"wp-block-columns alignwide eplus-wrapper is-layout-flex wp-container-core-columns-is-layout-829fdb3e wp-block-columns-is-layout-flex eplus-styles-uid-d7ac37\" style=\"border-style:none;border-width:0px;border-radius:0px;padding-top:var(--wp--preset--spacing--20);padding-right:var(--wp--preset--spacing--10);padding-bottom:var(--wp--preset--spacing--20);padding-left:var(--wp--preset--spacing--10)\">\n<div class=\"wp-block-column is-vertically-aligned-top eplus-wrapper is-layout-flow wp-block-column-is-layout-flow\" style=\"flex-basis:33.34%\">\n<h4 class=\"wp-block-heading has-text-align-center eplus-wrapper\" style=\"margin-top:0;margin-right:0;margin-bottom:var(--wp--preset--spacing--10);padding-top:0;padding-bottom:0\">31 Ch\u00e2teau de Lutzelhardt<\/h4>\n\n\n<figure class=\"is-style-default  wp-block-image aligncenter size-full has-custom-border eplus-wrapper eplus-styles-uid-135982\" style=\"margin-top:0;margin-bottom:0\"><img decoding=\"async\" src=\"https:\/\/forte-cultura.com\/wp-content\/uploads\/32-Obersteinbach-Chateau-Lutzelhardt-%C2%A9-M.-Schampion-6-ADT.jpg\" alt=\"\" class=\"wp-image-3047\" style=\"border-radius:10px;aspect-ratio:16\/9;object-fit:cover\"><figcaption class=\"wp-element-caption\">Ruines du ch\u00e2teau de Lutzelhardt<\/figcaption><\/figure>\n\n\n<p class=\"has-text-align-center eplus-wrapper\" style=\"margin-top:0;margin-bottom:0;font-size:clamp(0.875rem, 0.875rem + ((1vw - 0.2rem) * 0.125), 0.95rem);line-height:1.4\">La construction du ch\u00e2teau est attribu\u00e9e au Duc de Lorraine vers le milieu du XIIe si\u00e8cle, dans le but de prot\u00e9ger l'abbaye de Sturzelbronn. En 1297, les comtes de Bitche, garants de la fronti\u00e8re lorraine, acqui\u00e8rent le ch\u00e2teau. En 1363, il devient un arri\u00e8re-fief des Fleckenstein, puis passe entre les mains de Wirich de Hohenbourg en 1450. En 1570, le ch\u00e2teau est occup\u00e9 par les troupes du duc de Lorraine et sera abandonn\u00e9 en 1606. Certains pensent que le Lutzelhardt \u00e9tait d\u00e9j\u00e0 en ruines, possiblement d\u00e9truit lors de la Guerre des Paysans en 1525, tandis que d'autres avancent qu'il a \u00e9t\u00e9 d\u00e9truit durant la guerre de Trente Ans. Aujourd'hui, il reste des vestiges d'un donjon carr\u00e9, de plusieurs logis, d'un puits et d'une citerne.<\/p>\n\n\n\n<p class=\"has-text-align-center eplus-wrapper\" style=\"margin-top:var(--wp--preset--spacing--10);margin-bottom:0;font-size:0.8rem\">67510 Obersteinbach<br><a href=\"http:\/\/www.chateauxfortsalsace.com\" target=\"_blank\" rel=\"noreferrer noopener\">www.chateauxfortsalsace.com<\/a><\/p>\n\n\n\n<p class=\"has-text-align-center has-contrast-3-color has-text-color has-link-color eplus-wrapper wp-elements-71edb8722997ef5c7f08e646da0da32e\" style=\"margin-top:0;margin-bottom:0;font-size:0.8rem\">(Image \u00a9M. Schampion - ADT)<\/p>\n<\/div>\n\n\n\n<div class=\"wp-block-column eplus-wrapper is-layout-flow wp-block-column-is-layout-flow\" style=\"flex-basis:33.33%\">\n<h4 class=\"wp-block-heading has-text-align-center eplus-wrapper\" style=\"margin-bottom:var(--wp--preset--spacing--10)\">32 Ch\u00e2teau du Haut-Koenigsbourg<\/h4>\n\n\n<figure class=\"is-style-default  wp-block-image aligncenter size-full has-custom-border eplus-wrapper eplus-styles-uid-135982\" style=\"margin-top:0;margin-bottom:0\"><img decoding=\"async\" src=\"https:\/\/forte-cultura.com\/wp-content\/uploads\/33-Orschwiller-Chateau-Haut-Koenigsbourg-048-%C2%A9-C.FLEITH-ADT.jpg\" alt=\"\" class=\"wp-image-3048\" style=\"border-radius:10px;aspect-ratio:16\/9;object-fit:cover\"><figcaption class=\"wp-element-caption\">Ch\u00e2teau du Haut-Koenigsbourg<\/figcaption><\/figure>\n\n\n<p class=\"has-text-align-center eplus-wrapper\" style=\"margin-top:0;margin-bottom:0;font-size:clamp(0.875rem, 0.875rem + ((1vw - 0.2rem) * 0.125), 0.95rem);line-height:1.4\">Perch\u00e9 sur un sommet vosgien, le ch\u00e2teau du Haut-Koenigsbourg est l'un des sites les plus embl\u00e9matiques d'Alsace. \u00c9difi\u00e9 au XIIe si\u00e8cle, il a \u00e9t\u00e9 r\u00e9am\u00e9nag\u00e9 au cours du XVe si\u00e8cle, devenant une forteresse imposante et un symbole de la puissance imp\u00e9riale. Ses murs \u00e9pais, ses tours majestueuses et ses magnifiques salles d\u00e9cor\u00e9es racontent l'histoire tumultueuse de la r\u00e9gion. La vue panoramique qu'il offre sur la plaine d'Alsace et les Vosges environnantes en fait une destination pris\u00e9e des visiteurs. Le Haut-Koenigsbourg \u00e9merveille par son architecture et son histoire fascinante.<\/p>\n\n\n\n<p class=\"has-text-align-center eplus-wrapper\" style=\"margin-top:var(--wp--preset--spacing--10);margin-bottom:0;font-size:0.8rem\">67600 Orschwiller<br><a href=\"http:\/\/www.haut-koenigsbourg.fr\" target=\"_blank\" rel=\"noreferrer noopener\">www.haut-koenigsbourg.fr<\/a><\/p>\n\n\n\n<p class=\"has-text-align-center has-contrast-3-color has-text-color has-link-color eplus-wrapper wp-elements-0cdd77b062ac4b009650d4f7a192fe25\" style=\"margin-top:0;margin-bottom:0;font-size:0.8em\">(Image \u00a9C.FLEITH - ADT)<\/p>\n<\/div>\n\n\n\n<div class=\"wp-block-column eplus-wrapper is-layout-flow wp-block-column-is-layout-flow\" style=\"flex-basis:33.33%\">\n<h4 class=\"wp-block-heading has-text-align-center eplus-wrapper\" style=\"margin-bottom:var(--wp--preset--spacing--10)\">33 Ch\u00e2teau du Birkenfels<\/h4>\n\n\n<figure class=\"is-style-default  wp-block-image aligncenter size-full has-custom-border eplus-wrapper eplus-styles-uid-135982\" style=\"margin-top:0;margin-bottom:0\"><img decoding=\"async\" src=\"https:\/\/forte-cultura.com\/wp-content\/uploads\/34-Obernai-Chateau-du-Birkenfels-DSC_9823-HDR-%C2%A9-INFRA-ADT.jpg\" alt=\"\" class=\"wp-image-3049\" style=\"border-radius:10px;aspect-ratio:16\/9;object-fit:cover\"><figcaption class=\"wp-element-caption\">Ruines du ch\u00e2teau de Birkenfels<\/figcaption><\/figure>\n\n\n<p class=\"has-text-align-center eplus-wrapper\" style=\"margin-top:0;margin-bottom:0;font-size:clamp(0.875rem, 0.875rem + ((1vw - 0.2rem) * 0.125), 0.95rem);line-height:1.4\">D\u00e9couvrez un charmant petit ch\u00e2teau r\u00e9sidentiel, \u00e9rig\u00e9 vers 1260. Son corps de logis, structur\u00e9 sur trois niveaux, pr\u00e9sente des meurtri\u00e8res \u00e0 niche et de grandes baies \u00e0 fen\u00eatres multiples qui laissent entrer la lumi\u00e8re et offrent une vue sur les paysages environnants. Bien que le donjon pentagonal soit rest\u00e9 inachev\u00e9, il ajoute un air de myst\u00e8re et de caract\u00e8re \u00e0 cette b\u00e2tisse. Ce ch\u00e2teau invite \u00e0 plonger dans le pass\u00e9 tout en savourant l'authenticit\u00e9 et le charme des vieilles pierres.<\/p>\n\n\n\n<p class=\"has-text-align-center eplus-wrapper\" style=\"margin-top:var(--wp--preset--spacing--10);margin-bottom:0;font-size:0.8rem\">67530 Ottrott<br><a href=\"http:\/\/www.alsace-verte.com\" target=\"_blank\" rel=\"noreferrer noopener\">www.alsace-verte.com<\/a><\/p>\n\n\n\n<p class=\"has-text-align-center has-contrast-3-color has-text-color has-link-color eplus-wrapper wp-elements-b4f626102aec054749ba0249e3bd364f\" style=\"margin-top:0;margin-bottom:0;font-size:0.8em\">(Image \u00a9INFRA - ADT)<\/p>\n<\/div>\n<\/div>\n\n<div class=\"wp-block-columns alignwide eplus-wrapper is-layout-flex wp-container-core-columns-is-layout-829fdb3e wp-block-columns-is-layout-flex eplus-styles-uid-3c3b82\" style=\"border-style:none;border-width:0px;border-radius:0px;padding-top:var(--wp--preset--spacing--20);padding-right:var(--wp--preset--spacing--10);padding-bottom:var(--wp--preset--spacing--20);padding-left:var(--wp--preset--spacing--10)\">\n<div class=\"wp-block-column is-vertically-aligned-top eplus-wrapper is-layout-flow wp-block-column-is-layout-flow\" style=\"flex-basis:33.34%\">\n<h4 class=\"wp-block-heading has-text-align-center eplus-wrapper\" style=\"margin-top:0;margin-right:0;margin-bottom:var(--wp--preset--spacing--10);padding-top:0;padding-bottom:0\">34 Les ch\u00e2teaux d'Ottrott<\/h4>\n\n\n<figure class=\"is-style-default  wp-block-image aligncenter size-full has-custom-border eplus-wrapper eplus-styles-uid-135982\" style=\"margin-top:0;margin-bottom:0\"><img decoding=\"async\" src=\"https:\/\/forte-cultura.com\/wp-content\/uploads\/35-Ottrott-Chateau-de-Rathsamhausen-2%C2%A9Hello-Travelers-Margot-Julien-ADT.jpg\" alt=\"\" class=\"wp-image-3050\" style=\"border-radius:10px;aspect-ratio:16\/9;object-fit:cover\"><figcaption class=\"wp-element-caption\">Les ruines du ch\u00e2teau d'Ottrott<\/figcaption><\/figure>\n\n\n<p class=\"has-text-align-center eplus-wrapper\" style=\"margin-top:0;margin-bottom:0;font-size:clamp(0.875rem, 0.875rem + ((1vw - 0.2rem) * 0.125), 0.95rem);line-height:1.4\">Le Rathsamhausen et le Lutzelbourg sont deux ch\u00e2teaux m\u00e9di\u00e9vaux majestueux qui surplombent la plaine d'Alsace, pr\u00e8s de la commune d'Ottrott.\nLe Rathsamhausen se distingue par son \"\"donjon-palais\"\" unique en Alsace, dont les vestiges impressionnants offrent un aper\u00e7u fascinant du mode de vie de ses anciens habitants.<\/p>\n\n\n\n<p class=\"has-text-align-center eplus-wrapper\" style=\"margin-top:var(--wp--preset--spacing--10);margin-bottom:0;font-size:0.8rem\">67530 Ottrott<br><a href=\"http:\/\/www.facebook.com\/PierreCaillouZumSteinInOttrott\/?locale=fr_FR\" target=\"_blank\" rel=\"noreferrer noopener\">Facebook<\/a><\/p>\n\n\n\n<p class=\"has-text-align-center has-contrast-3-color has-text-color has-link-color eplus-wrapper wp-elements-5b48e90e0a64eec240cf56a8b1c2ea54\" style=\"margin-top:0;margin-bottom:0;font-size:0.8rem\">(Image \u00a9Hello Travelers-Margot &amp; Julien-ADT)<\/p>\n<\/div>\n\n\n\n<div class=\"wp-block-column eplus-wrapper is-layout-flow wp-block-column-is-layout-flow\" style=\"flex-basis:33.33%\">\n<h4 class=\"wp-block-heading has-text-align-center eplus-wrapper\" style=\"margin-bottom:var(--wp--preset--spacing--10)\">35 Ch\u00e2teau de Girsberg<\/h4>\n\n\n<figure class=\"is-style-default  wp-block-image aligncenter size-full has-custom-border eplus-wrapper eplus-styles-uid-135982\" style=\"margin-top:0;margin-bottom:0\"><img decoding=\"async\" src=\"https:\/\/forte-cultura.com\/wp-content\/uploads\/36-Ribeauville-Chateau-de-Girsberg-25-%C2%A9-D.-Lett-ADT.jpg\" alt=\"\" class=\"wp-image-3051\" style=\"border-radius:10px;aspect-ratio:16\/9;object-fit:cover\"><figcaption class=\"wp-element-caption\">Ruines du ch\u00e2teau de Girsberg<\/figcaption><\/figure>\n\n\n<p class=\"has-text-align-center eplus-wrapper\" style=\"margin-top:0;margin-bottom:0;font-size:clamp(0.875rem, 0.875rem + ((1vw - 0.2rem) * 0.125), 0.95rem);line-height:1.4\">Perch\u00e9 sur des rochers presque inaccessibles, face au ch\u00e2teau de St Ulrich, le ch\u00e2teau de Girsberg, avec son donjon pentagonal, a \u00e9t\u00e9 construit vers 1250 par les Ribeaupierre sur un \u00e9peron rocheux, probablement pour renforcer leur d\u00e9fense. Ce petit \u00e9difice n\u2019a jamais servi de r\u00e9sidence aux Ribeaupierre. Au d\u00e9but du XIVe si\u00e8cle, il est attribu\u00e9 \u00e0 la famille noble des Girsberg, qui lui donne son nom. Les vestiges visibles aujourd'hui datent de plusieurs p\u00e9riodes : le donjon pentagonal, en pierre, granit et gr\u00e8s, remonte au XIIIe si\u00e8cle et est class\u00e9 monument historique. Le logis, compos\u00e9 de deux b\u00e2timents et d'une tour demi-circulaire, date du XIVe si\u00e8cle.<\/p>\n\n\n\n<p class=\"has-text-align-center eplus-wrapper\" style=\"margin-top:var(--wp--preset--spacing--10);margin-bottom:0;font-size:0.8rem\">68150 Ribeauville<\/p>\n\n\n\n<p class=\"has-text-align-center has-contrast-3-color has-text-color has-link-color eplus-wrapper wp-elements-618bb90e4a8da1127dc27bf5089e77e5\" style=\"margin-top:0;margin-bottom:0;font-size:0.8em\">(Image \u00a9D. Lett - ADT)<\/p>\n<\/div>\n\n\n\n<div class=\"wp-block-column eplus-wrapper is-layout-flow wp-block-column-is-layout-flow\" style=\"flex-basis:33.33%\">\n<h4 class=\"wp-block-heading has-text-align-center eplus-wrapper\" style=\"margin-bottom:var(--wp--preset--spacing--10)\">36 Ch\u00e2teau du Haut Ribeaupierre <\/h4>\n\n\n<figure class=\"is-style-default  wp-block-image aligncenter size-full has-custom-border eplus-wrapper eplus-styles-uid-135982\" style=\"margin-top:0;margin-bottom:0\"><img decoding=\"async\" src=\"https:\/\/forte-cultura.com\/wp-content\/uploads\/37-Ribeauville-Chateau-du-Haut-Ribeaupierre-DSC_1417-%C2%A9-INFRA-ADT.jpg\" alt=\"\" class=\"wp-image-3052\" style=\"border-radius:10px;aspect-ratio:16\/9;object-fit:cover\"><figcaption class=\"wp-element-caption\">Ruines du ch\u00e2teau de Hoher Ribeaupierre (ou Altenkastel)<\/figcaption><\/figure>\n\n\n<p class=\"has-text-align-center eplus-wrapper\" style=\"margin-top:0;margin-bottom:0;font-size:clamp(0.875rem, 0.875rem + ((1vw - 0.2rem) * 0.125), 0.95rem);line-height:1.4\">Au-dessus de Ribeauvill\u00e9, le Haut-Ribeaupierre, anciennement \u00ab Altencastel \u00bb, se dresse \u00e0 645 m d'altitude. Construit au XIIe si\u00e8cle pour s\u00e9curiser le ch\u00e2teau Saint-Ulrich, il est mentionn\u00e9 pour la premi\u00e8re fois en 1254. Une tour ronde prot\u00e8ge le logis, dominant une basse-cour avec citerne vo\u00fbt\u00e9e. Le foss\u00e9 et la courtine \u00e0 l\u2019est renforcent la d\u00e9fense. En 1288, Anselme de Ribeaupierre y r\u00e9side. Le ch\u00e2teau sert de prison durant la guerre de Cent Ans et est abandonn\u00e9 au XVIe si\u00e8cle. Aujourd'hui, ses vestiges sont en r\u00e9novation.<\/p>\n\n\n\n<p class=\"has-text-align-center eplus-wrapper\" style=\"margin-top:var(--wp--preset--spacing--10);margin-bottom:0;font-size:0.8rem\">68150 Ribeauville<\/p>\n\n\n\n<p class=\"has-text-align-center has-contrast-3-color has-text-color has-link-color eplus-wrapper wp-elements-b4f626102aec054749ba0249e3bd364f\" style=\"margin-top:0;margin-bottom:0;font-size:0.8em\">(Image \u00a9INFRA - ADT)<\/p>\n<\/div>\n<\/div>\n\n\n<!--nextpage-->\n\n\n\n<div class=\"wp-block-group alignwide has-custom-verlauf-1-gradient-background has-background eplus-wrapper has-global-padding is-layout-constrained wp-block-group-is-layout-constrained\" style=\"padding-top:var(--wp--preset--spacing--20);padding-bottom:var(--wp--preset--spacing--20)\"><h3 class=\"wp-block-heading alignwide has-text-align-center eplus-wrapper eplus-styles-uid-80973f\" style=\"font-size:clamp(0.984rem, 0.984rem + ((1vw - 0.2rem) * 0.86), 1.5rem);\"><strong>Notre recommandation de voyage FORTE CULTURA<\/strong><\/h3>\n\n\n<h5 class=\"wp-block-heading alignwide has-text-align-center has-custom-farbe-1-color has-text-color has-link-color has-large-font-size eplus-wrapper wp-elements-ea9f3ea8b79324d4b038e8f9453a6e91\" style=\"margin-top:var(--wp--preset--spacing--10);margin-bottom:0\">Route des ch\u00e2teaux et des villes fortifi\u00e9es d'Alsace (page 4\/4)<\/h5>\n\n\n\n<p class=\"has-text-align-center has-small-font-size eplus-wrapper translation-block\" style=\"margin-top:5px\"><em>D\u00e9velopp\u00e9 par <em>FORTE CULTURE Partenaire<\/em><\/em> <em>Alsace Destination Tourisme (ADT).<\/em><\/p>\n<\/div>\n\n\n<div id=\"travelersmap-container-69f776b9e4f70\" class=\"travelersmap-container\" style=\"z-index: 1; min-height: 10px; min-width:10px; height:400px;width:100%; max-width:1280px; max-height:; position:relative;\"><div style=\"position:absolute; z-index:-1;top: 50%;text-align: center;display: block;left: 50%;transform: translate(-50%,-50%);\">La carte des voyageurs est en cours de chargement...<br>Si vous constatez cela apr\u00e8s le chargement complet de votre page, les fichiers leafletJS sont manquants.<\/div><\/div>\n\n\n<div class=\"wp-block-columns alignwide eplus-wrapper is-layout-flex wp-container-core-columns-is-layout-829fdb3e wp-block-columns-is-layout-flex eplus-styles-uid-49e4fb\" style=\"border-style:none;border-width:0px;border-radius:0px;padding-top:var(--wp--preset--spacing--20);padding-right:var(--wp--preset--spacing--10);padding-bottom:var(--wp--preset--spacing--20);padding-left:var(--wp--preset--spacing--10)\">\n<div class=\"wp-block-column eplus-wrapper is-layout-flow wp-block-column-is-layout-flow\" style=\"flex-basis:33.33%\">\n<h4 class=\"wp-block-heading has-text-align-center eplus-wrapper\" style=\"margin-bottom:var(--wp--preset--spacing--10)\">37 Ch\u00e2teau Saint-Ulrich<\/h4>\n\n\n<figure class=\"is-style-default  wp-block-image aligncenter size-full has-custom-border eplus-wrapper eplus-styles-uid-135982\" style=\"margin-top:0;margin-bottom:0\"><img decoding=\"async\" src=\"https:\/\/forte-cultura.com\/wp-content\/uploads\/38-Ribeauville-Chateau-Saint-Ulrich-23-%C2%A9-D.-Lett-ADT.jpg\" alt=\"\" class=\"wp-image-3053\" style=\"border-radius:10px;aspect-ratio:16\/9;object-fit:cover\"><figcaption class=\"wp-element-caption\">Ruines du ch\u00e2teau de Saint-Ulrich<\/figcaption><\/figure>\n\n\n<p class=\"has-text-align-center eplus-wrapper\" style=\"margin-top:0;margin-bottom:0;font-size:clamp(0.875rem, 0.875rem + ((1vw - 0.2rem) * 0.125), 0.95rem);line-height:1.4\">Le ch\u00e2teau Saint-Ulrich (alt. 530 m) est le plus imposant des trois ch\u00e2teaux de Ribeauvill\u00e9. \u00c9galement connu sous les noms de Rappolstein et Ukrichsburg, il fut construit au XIIIe si\u00e8cle sur un \u00e9peron rocheux surplombant la vall\u00e9e du Strengbach. Ses agrandissements, dont une aile majestueuse avec deux grandes salles \u00e9clair\u00e9es par une double rang\u00e9e de fen\u00eatres g\u00e9min\u00e9es, en font un bel exemple d\u2019habitat seigneurial. R\u00e9sidence des Ribeaupierre jusqu'au XVe si\u00e8cle, il tombe en ruine au XVIe si\u00e8cle, avec un incendie au XVIIe. Aujourd'hui, ses vestiges montrent des influences de plusieurs \u00e9poques.<\/p>\n\n\n\n<p class=\"has-text-align-center eplus-wrapper\" style=\"margin-top:var(--wp--preset--spacing--10);margin-bottom:0;font-size:0.8rem\">68150 Ribeauville<br><a href=\"http:\/\/www.scherwiller.fr\" target=\"_blank\" rel=\"noreferrer noopener\">www.scherwiller.fr<\/a><\/p>\n\n\n\n<p class=\"has-text-align-center has-contrast-3-color has-text-color has-link-color eplus-wrapper wp-elements-618bb90e4a8da1127dc27bf5089e77e5\" style=\"margin-top:0;margin-bottom:0;font-size:0.8em\">(Image \u00a9D. Lett - ADT)<\/p>\n<\/div>\n\n\n\n<div class=\"wp-block-column is-vertically-aligned-top eplus-wrapper is-layout-flow wp-block-column-is-layout-flow\" style=\"flex-basis:33.34%\">\n<h4 class=\"wp-block-heading has-text-align-center eplus-wrapper\" style=\"margin-top:0;margin-right:0;margin-bottom:var(--wp--preset--spacing--10);padding-top:0;padding-bottom:0\">38 Ch\u00e2teau du Haut-Barr<\/h4>\n\n\n<figure class=\"is-style-default  wp-block-image aligncenter size-full has-custom-border eplus-wrapper eplus-styles-uid-135982\" style=\"margin-top:0;margin-bottom:0\"><img decoding=\"async\" src=\"https:\/\/forte-cultura.com\/wp-content\/uploads\/39-Saverne-Chateau-du-Haut-Barr-10-%C2%A9-D.-Lett-ADT.jpg\" alt=\"\" class=\"wp-image-3054\" style=\"border-radius:10px;aspect-ratio:16\/9;object-fit:cover\"><figcaption class=\"wp-element-caption\">Ruines du ch\u00e2teau de Haut-Barr<\/figcaption><\/figure>\n\n\n<p class=\"has-text-align-center eplus-wrapper\" style=\"margin-top:0;margin-bottom:0;font-size:clamp(0.875rem, 0.875rem + ((1vw - 0.2rem) * 0.125), 0.95rem);line-height:1.4\">\u00c0 seulement 5 minutes en voiture ou 1 h 30 \u00e0 pied du centre-ville, le Ch\u00e2teau du Haut-Barr, surnomm\u00e9 \u201cL\u2019Oeil de l\u2019Alsace\u201d, se dresse \u00e0 470 m\u00e8tres d\u2019altitude sur trois rochers. Ce ch\u00e2teau m\u00e9di\u00e9val en ruine, datant du XIIe si\u00e8cle, occupe une position strat\u00e9gique entre le plateau lorrain et la plaine d\u2019Alsace. La structure actuelle fut construite en 1583 par Jean de Manderscheid. La passerelle du Pont du Diable, accessible par un escalier, relie deux rochers et est c\u00e9l\u00e8bre pour sa l\u00e9gende. Profitez de la vue imprenable et tentez d\u2019apercevoir la fl\u00e8che de la Cath\u00e9drale de Strasbourg !<\/p>\n\n\n\n<p class=\"has-text-align-center eplus-wrapper\" style=\"margin-top:var(--wp--preset--spacing--10);margin-bottom:0;font-size:0.8rem\">67700 Saverne<br><a href=\"http:\/\/www.tourisme-saverne.fr\" target=\"_blank\" rel=\"noreferrer noopener\">www.tourisme-saverne.fr<\/a><\/p>\n\n\n\n<p class=\"has-text-align-center has-contrast-3-color has-text-color has-link-color eplus-wrapper wp-elements-52bf3d1219c857eccf78e61a2ebf50f0\" style=\"margin-top:0;margin-bottom:0;font-size:0.8rem\">(Image \u00a9D. Lett - ADT)<\/p>\n<\/div>\n\n\n\n<div class=\"wp-block-column eplus-wrapper is-layout-flow wp-block-column-is-layout-flow\" style=\"flex-basis:33.33%\">\n<h4 class=\"wp-block-heading has-text-align-center eplus-wrapper\" style=\"margin-bottom:var(--wp--preset--spacing--10)\">39 Ch\u00e2teau des Rohan<\/h4>\n\n\n<figure class=\"is-style-default  wp-block-image aligncenter size-full has-custom-border eplus-wrapper eplus-styles-uid-135982\" style=\"margin-top:0;margin-bottom:0\"><img decoding=\"async\" src=\"https:\/\/forte-cultura.com\/wp-content\/uploads\/40-Saverne-Chateau-des-Rohan-%C2%A9-OT-du-Pays-de-Saverne-ADT.jpg\" alt=\"\" class=\"wp-image-3055\" style=\"border-radius:10px;aspect-ratio:16\/9;object-fit:cover\"><figcaption class=\"wp-element-caption\">Ch\u00e2teau de Rohan<\/figcaption><\/figure>\n\n\n<p class=\"has-text-align-center eplus-wrapper\" style=\"margin-top:0;margin-bottom:0;font-size:clamp(0.875rem, 0.875rem + ((1vw - 0.2rem) * 0.125), 0.95rem);line-height:1.4\">Le Ch\u00e2teau des Rohan, anciennement surnomm\u00e9 \"Le Petit Versailles Alsacien\", se situe au c\u0153ur de Saverne, le long du Canal de la Marne au Rhin. \u00c9difi\u00e9 au XIIIe si\u00e8cle et restaur\u00e9 au XIXe si\u00e8cle sous Napol\u00e9on III, cet ancien ch\u00e2teau \u00e9piscopal abrite aujourd'hui un mus\u00e9e, un relais culturel, une auberge de jeunesse et une \u00e9cole. Sa fa\u00e7ade n\u00e9o-classique en gr\u00e8s rose s'\u00e9tend sur 140 m\u00e8tres, soit la hauteur de la Cath\u00e9drale de Strasbourg \u00e0 l\u2019horizontale. Admirez la vue depuis le parc et d\u00e9couvrez les secrets du ch\u00e2teau au mus\u00e9e, qui pr\u00e9sente des collections d'art, d'histoire et d'arch\u00e9ologie.<\/p>\n\n\n\n<p class=\"has-text-align-center eplus-wrapper\" style=\"margin-top:var(--wp--preset--spacing--10);margin-bottom:0;font-size:0.8rem\">67700 Saverne<br><a href=\"http:\/\/www.tourisme-saverne.fr\" target=\"_blank\" rel=\"noreferrer noopener\">www.tourisme-saverne.fr<\/a><\/p>\n\n\n\n<p class=\"has-text-align-center has-contrast-3-color has-text-color has-link-color eplus-wrapper wp-elements-15368134b314396a92693d3b8e82249a\" style=\"margin-top:0;margin-bottom:0;font-size:0.8rem\">(Image \u00a9OT du Pays de Saverne - ADT)<\/p>\n<\/div>\n<\/div>\n\n<div class=\"wp-block-columns alignwide eplus-wrapper is-layout-flex wp-container-core-columns-is-layout-829fdb3e wp-block-columns-is-layout-flex eplus-styles-uid-e170b1\" style=\"border-style:none;border-width:0px;border-radius:0px;padding-top:var(--wp--preset--spacing--20);padding-right:var(--wp--preset--spacing--10);padding-bottom:var(--wp--preset--spacing--20);padding-left:var(--wp--preset--spacing--10)\">\n<div class=\"wp-block-column is-vertically-aligned-top eplus-wrapper is-layout-flow wp-block-column-is-layout-flow\" style=\"flex-basis:33.34%\">\n<h4 class=\"wp-block-heading has-text-align-center eplus-wrapper\" style=\"margin-top:0;margin-right:0;margin-bottom:var(--wp--preset--spacing--10);padding-top:0;padding-bottom:0\">40 Ch\u00e2teau de l'Ortenbourg<\/h4>\n\n\n<figure class=\"is-style-default  wp-block-image aligncenter size-full has-custom-border eplus-wrapper eplus-styles-uid-135982\" style=\"margin-top:0;margin-bottom:0\"><img decoding=\"async\" src=\"https:\/\/forte-cultura.com\/wp-content\/uploads\/41-Scherwiller-Chateau-de-lOrtenbourg_FJI5076-%C2%A9-INFRA-ADT.jpg\" alt=\"\" class=\"wp-image-3056\" style=\"border-radius:10px;aspect-ratio:16\/9;object-fit:cover\"><figcaption class=\"wp-element-caption\">Ruines du ch\u00e2teau d'Ortenburg<\/figcaption><\/figure>\n\n\n<p class=\"has-text-align-center eplus-wrapper\" style=\"margin-top:0;margin-bottom:0;font-size:clamp(0.875rem, 0.875rem + ((1vw - 0.2rem) * 0.125), 0.95rem);line-height:1.4\">Perch\u00e9 \u00e0 443 m\u00e8tres d\u2019altitude, le ch\u00e2teau de l\u2019Ortenbourg, construit entre 1260 et 1265 par Rodolphe de Habsbourg, est l\u2019une des plus belles ruines de la vall\u00e9e du Rhin. Ce chef-d\u2019\u0153uvre d\u2019architecture militaire, avec sa haute chemise entourant un donjon de 32 m\u00e8tres, se distingue dans le paysage. Le donjon offrait 6 \u00e9tages de tir d\u00e9fensif, et sa conception pentagonale permettait de mieux d\u00e9vier les projectiles des assaillants. R\u00e9cemment, l\u2019association \u00ab Les sentinelles de l\u2019Ortenbourg \u00bb a \u00e9t\u00e9 cr\u00e9\u00e9e pour sauvegarder, mettre en valeur et animer le ch\u00e2teau.<\/p>\n\n\n\n<p class=\"has-text-align-center eplus-wrapper\" style=\"margin-top:var(--wp--preset--spacing--10);margin-bottom:0;font-size:0.8rem\">67750 Scherwiller<br><a href=\"http:\/\/www.scherwiller.fr\" target=\"_blank\" rel=\"noreferrer noopener\">www.scherwiller.fr<\/a><\/p>\n\n\n\n<p class=\"has-text-align-center has-contrast-3-color has-text-color has-link-color eplus-wrapper wp-elements-b79ccd0fa0ba9dd558ee6fec87d1c724\" style=\"margin-top:0;margin-bottom:0;font-size:0.8em\">(Image \u00a9INFRA - ADT)<\/p>\n<\/div>\n\n\n\n<div class=\"wp-block-column eplus-wrapper is-layout-flow wp-block-column-is-layout-flow\" style=\"flex-basis:33.33%\">\n<h4 class=\"wp-block-heading has-text-align-center eplus-wrapper\" style=\"margin-bottom:var(--wp--preset--spacing--10)\">41 Ch\u00e2teau du Ramstein<\/h4>\n\n\n<figure class=\"is-style-default  wp-block-image aligncenter size-full has-custom-border eplus-wrapper eplus-styles-uid-135982\" style=\"margin-top:0;margin-bottom:0\"><img decoding=\"async\" src=\"https:\/\/forte-cultura.com\/wp-content\/uploads\/42-Scherwiller-Chateau-du-Ramstein-%C2%A9-C.Fleith-ADT.jpg\" alt=\"\" class=\"wp-image-3057\" style=\"border-radius:10px;aspect-ratio:16\/9;object-fit:cover\"><figcaption class=\"wp-element-caption\">Ruines du ch\u00e2teau de Ramstein<\/figcaption><\/figure>\n\n\n<p class=\"has-text-align-center eplus-wrapper\" style=\"margin-top:0;margin-bottom:0;font-size:clamp(0.875rem, 0.875rem + ((1vw - 0.2rem) * 0.125), 0.95rem);line-height:1.4\">Le ch\u00e2teau du Ramstein, construit en 1293 par Otto von Ochsenstein, se situe en contrebas de l'Ortenbourg. Il ne reste que deux pans de mur de la tour d'habitation, o\u00f9 l'on peut voir diff\u00e9rents niveaux, une chemin\u00e9e et une grande arch\u00e8re \u00e0 niche orient\u00e9e vers l'Ortenbourg, pouvant accueillir une machine de guerre. Une \u00e9quipe de b\u00e9n\u00e9voles, les \u00ab veilleurs du Ramstein \u00bb, travaille \u00e0 d\u00e9gager et consolider les murs et soubassements. Pour des raisons de s\u00e9curit\u00e9, le ch\u00e2teau est interdit d'acc\u00e8s, mais des visites du chantier sont possibles lors des journ\u00e9es du patrimoine.<\/p>\n\n\n\n<p class=\"has-text-align-center eplus-wrapper\" style=\"margin-top:var(--wp--preset--spacing--10);margin-bottom:0;font-size:0.8rem\">67750 Scherwiller<br><a href=\"http:\/\/www.scherwiller.fr\" target=\"_blank\" rel=\"noreferrer noopener\">www.scherwiller.fr<\/a><\/p>\n\n\n\n<p class=\"has-text-align-center has-contrast-3-color has-text-color has-link-color eplus-wrapper wp-elements-4260ce4a99b1a257bd0c3604d7253859\" style=\"margin-top:0;margin-bottom:0;font-size:0.8em\">(Photo \u00a9C.Fleith - ADT)(Photo \u00a9C.Fleith - ADT)<\/p>\n<\/div>\n\n\n\n<div class=\"wp-block-column eplus-wrapper is-layout-flow wp-block-column-is-layout-flow\" style=\"flex-basis:33.33%\">\n<h4 class=\"wp-block-heading has-text-align-center eplus-wrapper\" style=\"margin-bottom:var(--wp--preset--spacing--10)\">42 Ch\u00e2teau de l'Engelbourg<\/h4>\n\n\n<figure class=\"is-style-default  wp-block-image aligncenter size-full has-custom-border eplus-wrapper eplus-styles-uid-135982\" style=\"margin-top:0;margin-bottom:0\"><img decoding=\"async\" src=\"https:\/\/forte-cultura.com\/wp-content\/uploads\/43-Thann-Chateau-de-lEngelbourg-_FJI4780-%C2%A9-INFRA-ADT.jpg\" alt=\"\" class=\"wp-image-3058\" style=\"border-radius:10px;aspect-ratio:16\/9;object-fit:cover\"><figcaption class=\"wp-element-caption\">Les ruines du ch\u00e2teau d'Engelburg<\/figcaption><\/figure>\n\n\n<p class=\"has-text-align-center eplus-wrapper\" style=\"margin-top:0;margin-bottom:0;font-size:clamp(0.875rem, 0.875rem + ((1vw - 0.2rem) * 0.125), 0.95rem);line-height:1.4\">Construit \u00e0 partir de 1224, le ch\u00e2teau a connu diverses extensions jusqu\u2019au XVIe si\u00e8cle. R\u00e9sidence du Comte de Pfirrt, il surveillait le p\u00e9age de la vall\u00e9e de la Thur. Son nom, signifiant \u00ab bourg de l\u2019ange \u00bb, rend hommage \u00e0 Saint Michel, et il se dresse au sommet du Schlossberg, le \u00ab mont du ch\u00e2teau \u00bb. En 1673, Louis XIV, ayant conquis l\u2019Alsace, ordonne la d\u00e9molition du ch\u00e2teau devenu inutile strat\u00e9giquement. Les mineurs de Giromagny utilisent des explosifs, laissant le donjon partiellement \u00e9croul\u00e9, d\u2019o\u00f9 son surnom local \u00ab l\u2019\u0152il de la Sorci\u00e8re \u00bb, \u00e9voquant un \u0153il veillant sur la ville. Une balade familiale offre une belle vue sur les collines.<\/p>\n\n\n\n<p class=\"has-text-align-center eplus-wrapper\" style=\"margin-top:var(--wp--preset--spacing--10);margin-bottom:0;font-size:0.8rem\">68800 Thann<\/p>\n\n\n\n<p class=\"has-text-align-center has-contrast-3-color has-text-color has-link-color eplus-wrapper wp-elements-b4f626102aec054749ba0249e3bd364f\" style=\"margin-top:0;margin-bottom:0;font-size:0.8em\">(Image \u00a9INFRA - ADT)<\/p>\n<\/div>\n<\/div>\n\n<div class=\"wp-block-columns alignwide eplus-wrapper is-layout-flex wp-container-core-columns-is-layout-829fdb3e wp-block-columns-is-layout-flex eplus-styles-uid-394285\" style=\"border-style:none;border-width:0px;border-radius:0px;padding-top:var(--wp--preset--spacing--20);padding-right:var(--wp--preset--spacing--10);padding-bottom:var(--wp--preset--spacing--20);padding-left:var(--wp--preset--spacing--10)\">\n<div class=\"wp-block-column is-vertically-aligned-top eplus-wrapper is-layout-flow wp-block-column-is-layout-flow\" style=\"flex-basis:33.34%\">\n<h4 class=\"wp-block-heading has-text-align-center eplus-wrapper\" style=\"margin-top:0;margin-right:0;margin-bottom:var(--wp--preset--spacing--10);padding-top:0;padding-bottom:0\">43 Ch\u00e2teau du Bilstein<\/h4>\n\n\n<figure class=\"is-style-default  wp-block-image aligncenter size-full has-custom-border eplus-wrapper eplus-styles-uid-135982\" style=\"margin-top:0;margin-bottom:0\"><img decoding=\"async\" src=\"https:\/\/forte-cultura.com\/wp-content\/uploads\/44-Urbeis-Chateau-du-Bilstein-%C2%A9-OT-de-la-Vallee-de-Ville-ADT.jpg\" alt=\"\" class=\"wp-image-3059\" style=\"border-radius:10px;aspect-ratio:16\/9;object-fit:cover\"><figcaption class=\"wp-element-caption\">Ruines du ch\u00e2teau de Bilstein<\/figcaption><\/figure>\n\n\n<p class=\"has-text-align-center eplus-wrapper\" style=\"margin-top:0;margin-bottom:0;font-size:clamp(0.875rem, 0.875rem + ((1vw - 0.2rem) * 0.125), 0.95rem);line-height:1.4\">Ce ch\u00e2teau, avec son donjon carr\u00e9 datant du XIIe si\u00e8cle, est prot\u00e9g\u00e9 par une double enceinte, modifi\u00e9e par les Wurtemberg au XIVe si\u00e8cle. L'acc\u00e8s au donjon se fait par une porte ogivale, offrant ainsi une vue imprenable sur les cr\u00eates des Vosges environnantes.<\/p>\n\n\n\n<p class=\"has-text-align-center eplus-wrapper\" style=\"margin-top:var(--wp--preset--spacing--10);margin-bottom:0;font-size:0.8rem\">67220 Urbeis<br><a href=\"http:\/\/tourisme.valleedeville\" target=\"_blank\" rel=\"noreferrer noopener\">tourisme.valleedeville<\/a><\/p>\n\n\n\n<p class=\"has-text-align-center has-contrast-3-color has-text-color has-link-color eplus-wrapper wp-elements-a7ba04c48be2fdc11db29bab11fda944\" style=\"margin-top:0;margin-bottom:0;font-size:0.8rem\">(Image \u00a9OT de la Vall\u00e9e de Vill\u00e9 - ADT)<\/p>\n<\/div>\n\n\n\n<div class=\"wp-block-column eplus-wrapper is-layout-flow wp-block-column-is-layout-flow\" style=\"flex-basis:33.33%\">\n<h4 class=\"wp-block-heading has-text-align-center eplus-wrapper\" style=\"margin-bottom:var(--wp--preset--spacing--10)\">44 Portes m\u00e9di\u00e9vales de Wangen<\/h4>\n\n\n<figure class=\"is-style-default  wp-block-image aligncenter size-full has-custom-border eplus-wrapper eplus-styles-uid-135982\" style=\"margin-top:0;margin-bottom:0\"><img decoding=\"async\" src=\"https:\/\/forte-cultura.com\/wp-content\/uploads\/45-Wangen-0520-%C2%A9-100kmautour.com_.jpg\" alt=\"\" class=\"wp-image-3060\" style=\"border-radius:10px;aspect-ratio:16\/9;object-fit:cover\"><figcaption class=\"wp-element-caption\">ville m\u00e9di\u00e9vale fortifi\u00e9e de Wangen<\/figcaption><\/figure>\n\n\n<p class=\"has-text-align-center eplus-wrapper\" style=\"margin-top:0;margin-bottom:0;font-size:clamp(0.875rem, 0.875rem + ((1vw - 0.2rem) * 0.125), 0.95rem);line-height:1.4\">Wangen est une cit\u00e9 fortifi\u00e9e avec des remparts de plus de 1 000 m\u00e8tres. Aujourd'hui, trois portes subsistent. La Niedertor, ou Niedertorturm, est la mieux conserv\u00e9e, datant du XIIIe si\u00e8cle et class\u00e9e monument historique en 1931. Le Sommertor, ou Sondertor, pr\u00e9sente des canonni\u00e8res Renaissance et une fen\u00eatre gothique ajout\u00e9e au XIVe si\u00e8cle. Jusqu'en 2000, il abritait le presbyt\u00e8re catholique. La Motscheltor, d\u00e9truite en 1887, menait vers les vignes, dont il reste un banc de vigneron. Ces portes illustrent l'histoire et l'importance strat\u00e9gique de Wangen.<\/p>\n\n\n\n<p class=\"has-text-align-center eplus-wrapper\" style=\"margin-top:var(--wp--preset--spacing--10);margin-bottom:0;font-size:0.8rem\">67520 Wangen<br><a href=\"http:\/\/www.histoire-wangen.alsace\" target=\"_blank\" rel=\"noreferrer noopener\">www.histoire-wangen.alsace<\/a><\/p>\n\n\n\n<p class=\"has-text-align-center has-contrast-3-color has-text-color has-link-color eplus-wrapper wp-elements-a6e90e32282134635832cccf0c77ff88\" style=\"margin-top:0;margin-bottom:0;font-size:0.8em\">(Image \u00a9100kmautour.com)<\/p>\n<\/div>\n\n\n\n<div class=\"wp-block-column eplus-wrapper is-layout-flow wp-block-column-is-layout-flow\" style=\"flex-basis:33.33%\">\n<h4 class=\"wp-block-heading has-text-align-center eplus-wrapper\" style=\"margin-bottom:var(--wp--preset--spacing--10)\">45 Ch\u00e2teau de Wangenbourg<\/h4>\n\n\n<figure class=\"is-style-default  wp-block-image aligncenter size-full has-custom-border eplus-wrapper eplus-styles-uid-135982\" style=\"margin-top:0;margin-bottom:0\"><img decoding=\"async\" src=\"https:\/\/forte-cultura.com\/wp-content\/uploads\/46-Wangenbourg-chateau-107-%C2%A9-C.Fleith-ADT.jpg\" alt=\"\" class=\"wp-image-3061\" style=\"border-radius:10px;aspect-ratio:16\/9;object-fit:cover\"><figcaption class=\"wp-element-caption\">Ruines du ch\u00e2teau de Wangenbourg<\/figcaption><\/figure>\n\n\n<p class=\"has-text-align-center eplus-wrapper\" style=\"margin-top:0;margin-bottom:0;font-size:clamp(0.875rem, 0.875rem + ((1vw - 0.2rem) * 0.125), 0.95rem);line-height:1.4\">Le ch\u00e2teau se trouve \u00e0 480 m d\u2019altitude dans le petit village de Wangenbourg. \u00c9rig\u00e9 au XIIIe si\u00e8cle en gr\u00e8s des Vosges par les sires de Wangen, il est construit sur un \u00e9peron rocheux naturel. Ce ch\u00e2teau de montagne servait \u00e0 d\u00e9fendre contre les pillards, accueillant les villageois en qu\u00eate de s\u00e9curit\u00e9. L'acc\u00e8s se fait par un pont menant \u00e0 la cour int\u00e9rieure, o\u00f9 l'on admire de nombreuses fen\u00eatres et les vestiges d'une magnifique chemin\u00e9e gothique. Le donjon de 24 m est accessible pour les courageux. Une fois au sommet, vous profiterez d'un panorama imprenable sur la vall\u00e9e de la Mossig. La tour est ouverte d'avril \u00e0 novembre.<\/p>\n\n\n\n<p class=\"has-text-align-center eplus-wrapper\" style=\"margin-top:var(--wp--preset--spacing--10);margin-bottom:0;font-size:0.8rem\">67710 Wangenbourg Engenthal<br><a href=\"http:\/\/www.route-chateaux-alsace.com\/chateauxtemp\/chateau-wangenbourg\/\" target=\"_blank\" rel=\"noreferrer noopener\">www.route-chateaux-alsace.com<\/a><\/p>\n\n\n\n<p class=\"has-text-align-center has-contrast-3-color has-text-color has-link-color eplus-wrapper wp-elements-47b630df97b7c4f158bf0f558dfe8efb\" style=\"margin-top:0;margin-bottom:0;font-size:0.8em\">(Image \u00a9C.Fleith - ADT)<\/p>\n<\/div>\n<\/div>\n\n<div class=\"wp-block-columns alignwide eplus-wrapper is-layout-flex wp-container-core-columns-is-layout-829fdb3e wp-block-columns-is-layout-flex eplus-styles-uid-5d5d47\" style=\"border-style:none;border-width:0px;border-radius:0px;padding-top:var(--wp--preset--spacing--20);padding-right:var(--wp--preset--spacing--10);padding-bottom:var(--wp--preset--spacing--20);padding-left:var(--wp--preset--spacing--10)\">\n<div class=\"wp-block-column is-vertically-aligned-top eplus-wrapper is-layout-flow wp-block-column-is-layout-flow\" style=\"flex-basis:33.34%\">\n<h4 class=\"wp-block-heading has-text-align-center eplus-wrapper\" style=\"margin-top:0;margin-right:0;margin-bottom:var(--wp--preset--spacing--10);padding-top:0;padding-bottom:0\">46 Ch\u00e2teau du Freudeneck<\/h4>\n\n\n<figure class=\"is-style-default  wp-block-image aligncenter size-full has-custom-border eplus-wrapper eplus-styles-uid-135982\" style=\"margin-top:0;margin-bottom:0\"><img decoding=\"async\" src=\"https:\/\/forte-cultura.com\/wp-content\/uploads\/47-Wangenbourg-Engenthal-Chateau-du-Freudeneck-_D857668-%C2%A9-INFRA-ADT.jpg\" alt=\"\" class=\"wp-image-3062\" style=\"border-radius:10px;aspect-ratio:16\/9;object-fit:cover\"><figcaption class=\"wp-element-caption\">Ruines du ch\u00e2teau de Freudeneck<\/figcaption><\/figure>\n\n\n<p class=\"has-text-align-center eplus-wrapper\" style=\"margin-top:0;margin-bottom:0;font-size:clamp(0.875rem, 0.875rem + ((1vw - 0.2rem) * 0.125), 0.95rem);line-height:1.4\">Situ\u00e9 pr\u00e8s de Wangenbourg, le ch\u00e2teau du Freudeneck est perch\u00e9 \u00e0 390 m d'altitude sur la cr\u00eate du Schlossberg, dominant la rivi\u00e8re Mossig. Autrefois utilis\u00e9 comme poste de surveillance pour alerter le ch\u00e2teau voisin de Wangenbourg, il ne reste aujourd'hui que quelques vestiges architecturaux. Le donjon rond au centre, construit en pierres \u00e0 bossages, ainsi que des ruines de fortifications et une basse-cour t\u00e9moignent de son pass\u00e9. Bien que la porte fortifi\u00e9e et le pont-levis aient disparu, un sentier balis\u00e9 permet d'acc\u00e9der aux ruines depuis le ch\u00e2teau de Wangenbourg.<\/p>\n\n\n\n<p class=\"has-text-align-center eplus-wrapper\" style=\"margin-top:var(--wp--preset--spacing--10);margin-bottom:0;font-size:0.8rem\">67710 Wangenbourg Engenthal<\/p>\n\n\n\n<p class=\"has-text-align-center has-contrast-3-color has-text-color has-link-color eplus-wrapper wp-elements-bbc7350b0907ae0d45c60d78ee39fc6e\" style=\"margin-top:0;margin-bottom:0;font-size:0.8rem\">(Image \u00a9INFRA - ADT)<\/p>\n<\/div>\n\n\n\n<div class=\"wp-block-column eplus-wrapper is-layout-flow wp-block-column-is-layout-flow\" style=\"flex-basis:33.33%\">\n<h4 class=\"wp-block-heading has-text-align-center eplus-wrapper\" style=\"margin-bottom:var(--wp--preset--spacing--10)\">47 Ch\u00e2teau du Hagueneck<\/h4>\n\n\n<figure class=\"is-style-default  wp-block-image aligncenter size-full has-custom-border eplus-wrapper eplus-styles-uid-135982\" style=\"margin-top:0;margin-bottom:0\"><img decoding=\"async\" src=\"https:\/\/forte-cultura.com\/wp-content\/uploads\/48-Wettolsheim-Chateau-du-Hagueneck-DSC3693-%C2%A9-INFRA-ADT.jpg\" alt=\"\" class=\"wp-image-3063\" style=\"border-radius:10px;aspect-ratio:16\/9;object-fit:cover\"><figcaption class=\"wp-element-caption\">Ruines du ch\u00e2teau de Hagueneck<\/figcaption><\/figure>\n\n\n<p class=\"has-text-align-center eplus-wrapper\" style=\"margin-top:0;margin-bottom:0;font-size:clamp(0.875rem, 0.875rem + ((1vw - 0.2rem) * 0.125), 0.95rem);line-height:1.4\">Ce charmant ch\u00e2telet se niche au fond d'un vallon forestier, pr\u00e8s de la Route des Cinq Ch\u00e2teaux. Dat\u00e9 du 13e si\u00e8cle, il fut r\u00e9am\u00e9nag\u00e9 et agrandi au 14e si\u00e8cle. Appartenant \u00e0 Burkhard de Hagueneck, vassal de l'\u00e9v\u00eaque de Strasbourg, le ch\u00e2teau a \u00e9t\u00e9 assi\u00e9g\u00e9 et incendi\u00e9, puis reconstruit peu apr\u00e8s. R\u00e9apparaissant au 17e si\u00e8cle, il est int\u00e9gr\u00e9 en 1674 aux possessions des chevaliers de St-Jean. \u00c0 l'\u00e9poque r\u00e9volutionnaire, il est vendu comme bien national. Avec un plan quasi rectangulaire, il comprend un donjon, un logis principal et des d\u00e9pendances. Class\u00e9 \"Monument Historique\" depuis le 29 janvier 1923, il n'avait qu'un r\u00f4le r\u00e9sidentiel.<\/p>\n\n\n\n<p class=\"has-text-align-center eplus-wrapper\" style=\"margin-top:var(--wp--preset--spacing--10);margin-bottom:0;font-size:0.8rem\">68920 Wettolsheim<br><a href=\"http:\/\/www.tourisme-eguisheim-rouffach.com\" target=\"_blank\" rel=\"noreferrer noopener\">www.tourisme-eguisheim-rouffach.com<\/a><\/p>\n\n\n\n<p class=\"has-text-align-center has-contrast-3-color has-text-color has-link-color eplus-wrapper wp-elements-b4f626102aec054749ba0249e3bd364f\" style=\"margin-top:0;margin-bottom:0;font-size:0.8em\">(Image \u00a9INFRA - ADT)<\/p>\n<\/div>\n\n\n\n<div class=\"wp-block-column eplus-wrapper is-layout-flow wp-block-column-is-layout-flow\" style=\"flex-basis:33.33%\">\n<h4 class=\"wp-block-heading has-text-align-center eplus-wrapper\" style=\"margin-bottom:var(--wp--preset--spacing--10)\">48 Ch\u00e2teau du Nouveau-Windstein<\/h4>\n\n\n<figure class=\"is-style-default  wp-block-image aligncenter size-full has-custom-border eplus-wrapper eplus-styles-uid-135982\" style=\"margin-top:0;margin-bottom:0\"><img decoding=\"async\" src=\"https:\/\/forte-cultura.com\/wp-content\/uploads\/49-Windstein-Chateau-Nouveau-Windstein-%C2%A9-M.-Schampion-4-ADT.jpg\" alt=\"\" class=\"wp-image-3064\" style=\"border-radius:10px;aspect-ratio:16\/9;object-fit:cover\"><figcaption class=\"wp-element-caption\">Ruines du ch\u00e2teau de Neu-Windstein<\/figcaption><\/figure>\n\n\n<p class=\"has-text-align-center eplus-wrapper\" style=\"margin-top:0;margin-bottom:0;font-size:clamp(0.875rem, 0.875rem + ((1vw - 0.2rem) * 0.125), 0.95rem);line-height:1.4\">Construit aux XIIIe et XIVe si\u00e8cles, puis modernis\u00e9, le ch\u00e2teau pr\u00e9sente un syst\u00e8me de d\u00e9fense similaire \u00e0 celui de la Wasenbourg \u00e0 Niederbronn-les-Bains. Le logis repose sur un mur bouclier aveugle, prot\u00e9geant un large front d'attaque plat et la basse cour. \u00c0 l'\u00e9poque des armes \u00e0 feu, la d\u00e9fense a \u00e9t\u00e9 renforc\u00e9e par un bastion pentagonal \u00e0 l'est et une tour ronde au sud, avec des cannoni\u00e8res \u00e0 tir horizontal. L\u2019histoire du Nouveau- et du Vieux-Windstein est complexe. Le Nouveau-Windstein est abandonn\u00e9 apr\u00e8s la Guerre de Trente Ans \u00e0 la fin du XVIIe si\u00e8cle, mais aujourd'hui, une association dynamique restaure et valorise cette ruine bien pr\u00e9serv\u00e9e.<\/p>\n\n\n\n<p class=\"has-text-align-center eplus-wrapper\" style=\"margin-top:var(--wp--preset--spacing--10);margin-bottom:0;font-size:0.8rem\">67110 Windstein<br><a href=\"http:\/\/www.veilleurs-nouveau-windstein.fr\" target=\"_blank\" rel=\"noreferrer noopener\">www.route-chateaux-alsace.com<\/a><\/p>\n\n\n\n<p class=\"has-text-align-center has-contrast-3-color has-text-color has-link-color eplus-wrapper wp-elements-3372c60e128bb9ede4532fede75de3c5\" style=\"margin-top:0;margin-bottom:0;font-size:0.8em\">(Image \u00a9M. Schampion - ADT)<\/p>\n<\/div>\n<\/div>\n\n<div class=\"wp-block-columns alignwide eplus-wrapper is-layout-flex wp-container-core-columns-is-layout-829fdb3e wp-block-columns-is-layout-flex eplus-styles-uid-c49495\" style=\"border-style:none;border-width:0px;border-radius:0px;padding-top:var(--wp--preset--spacing--20);padding-right:var(--wp--preset--spacing--10);padding-bottom:var(--wp--preset--spacing--20);padding-left:var(--wp--preset--spacing--10)\">\n<div class=\"wp-block-column is-vertically-aligned-top eplus-wrapper is-layout-flow wp-block-column-is-layout-flow\" style=\"flex-basis:33.34%\">\n<h4 class=\"wp-block-heading has-text-align-center eplus-wrapper\" style=\"margin-top:0;margin-right:0;margin-bottom:var(--wp--preset--spacing--10);padding-top:0;padding-bottom:0\">49 Ch\u00e2teau de Hohenbourg<\/h4>\n\n\n<figure class=\"is-style-default  wp-block-image aligncenter size-full has-custom-border eplus-wrapper eplus-styles-uid-135982\" style=\"margin-top:0;margin-bottom:0\"><img decoding=\"async\" src=\"https:\/\/forte-cultura.com\/wp-content\/uploads\/50-Wingen-Chateau-de-Hohenbourg-D850601-%C2%A9-INFRA-ADT.jpg\" alt=\"\" class=\"wp-image-3065\" style=\"border-radius:10px;aspect-ratio:16\/9;object-fit:cover\"><figcaption class=\"wp-element-caption\">Ruines du ch\u00e2teau de Hohenbourg<\/figcaption><\/figure>\n\n\n<p class=\"has-text-align-center eplus-wrapper\" style=\"margin-top:0;margin-bottom:0;font-size:clamp(0.875rem, 0.875rem + ((1vw - 0.2rem) * 0.125), 0.95rem);line-height:1.4\">Comme le Fleckenstein, le Hohenbourg servait \u00e0 marquer la fronti\u00e8re avec la Lorraine et \u00e0 s\u00e9curiser la route imp\u00e9riale de Kaiserslautern \u00e0 Haguenau. Un premier ch\u00e2teau a probablement \u00e9t\u00e9 \u00e9difi\u00e9 \u00e0 la fin du XIIe si\u00e8cle par une branche des Fleckenstein, prenant le nom de Hohenbourg, puis de Puller de Hohenbourg (premi\u00e8re mention en 1263). En 1482, \u00e0 la mort du dernier de la lign\u00e9e, il passe aux Sickingen, une puissante famille palatine. Fran\u00e7ois de Sickingen transforme la forteresse en 1520 pour l\u2019adapter \u00e0 l\u2019artillerie, puis des embellissements sont r\u00e9alis\u00e9s entre 1572 et 1575. Le Hohenbourg sert alors de r\u00e9sidence occasionnelle aux Sickingen avant d\u2019\u00eatre d\u00e9truit par les arm\u00e9es de Montclar en 1680 sur ordre de Louis XIV.<\/p>\n\n\n\n<p class=\"has-text-align-center eplus-wrapper\" style=\"margin-top:var(--wp--preset--spacing--10);margin-bottom:0;font-size:0.8rem\">67510 Wingen<\/p>\n\n\n\n<p class=\"has-text-align-center has-contrast-3-color has-text-color has-link-color eplus-wrapper wp-elements-bbc7350b0907ae0d45c60d78ee39fc6e\" style=\"margin-top:0;margin-bottom:0;font-size:0.8rem\">(Image \u00a9INFRA - ADT)<\/p>\n<\/div>\n\n\n\n<div class=\"wp-block-column eplus-wrapper is-layout-flow wp-block-column-is-layout-flow\" style=\"flex-basis:33.33%\">\n<h4 class=\"wp-block-heading has-text-align-center eplus-wrapper\" style=\"margin-bottom:var(--wp--preset--spacing--10)\">50 Ch\u00e2teau de Loewenstein<\/h4>\n\n\n<figure class=\"is-style-default  wp-block-image aligncenter size-full has-custom-border eplus-wrapper eplus-styles-uid-135982\" style=\"margin-top:0;margin-bottom:0\"><img decoding=\"async\" src=\"https:\/\/forte-cultura.com\/wp-content\/uploads\/51-Wingen-Chateau-de-Loewenstein-D850499-%C2%A9-INFRA-ADT.jpg\" alt=\"\" class=\"wp-image-3066\" style=\"border-radius:10px;aspect-ratio:16\/9;object-fit:cover\"><figcaption class=\"wp-element-caption\">Ruines du ch\u00e2teau de Loewenstein<\/figcaption><\/figure>\n\n\n<p class=\"has-text-align-center eplus-wrapper\" style=\"margin-top:0;margin-bottom:0;font-size:clamp(0.875rem, 0.875rem + ((1vw - 0.2rem) * 0.125), 0.95rem);line-height:1.4\">Situ\u00e9 pr\u00e8s du Hohenbourg, le Loewenstein occupe l'\u00e9peron m\u00e9ridional du Schlossberg, une falaise de gr\u00e8s. Dat\u00e9 du XIIe si\u00e8cle, il est mentionn\u00e9 pour la premi\u00e8re fois en 1283, lorsque le grand bailli Otton III d'Ochsenstein s'empare du ch\u00e2teau, alors occup\u00e9 par des chevaliers refusant de reconna\u00eetre Rodolphe de Habsbourg. Vers 1370, le site se divise entre les Ochsenstein et Hans Streuff de Landenberg. En 1386, Hennel et Hans de Bitche, alli\u00e9s aux Ochsenstein, lancent des raids depuis le ch\u00e2teau, avant qu'il ne soit d\u00e9mantel\u00e9 par Strasbourg. Sa destruction d\u00e9finitive reste un myst\u00e8re. Aujourd'hui, peu de vestiges subsistent, mais le lieu offre un beau point de vue sur les Vosges du Nord et le Palatinat.<\/p>\n\n\n\n<p class=\"has-text-align-center eplus-wrapper\" style=\"margin-top:var(--wp--preset--spacing--10);margin-bottom:0;font-size:0.8rem\">67510 Wingen<\/p>\n\n\n\n<p class=\"has-text-align-center has-contrast-3-color has-text-color has-link-color eplus-wrapper wp-elements-b4f626102aec054749ba0249e3bd364f\" style=\"margin-top:0;margin-bottom:0;font-size:0.8em\">(Image \u00a9INFRA - ADT)<\/p>\n<\/div>\n\n\n\n<div class=\"wp-block-column eplus-wrapper is-layout-flow wp-block-column-is-layout-flow\" style=\"flex-basis:33.33%\">\n<h4 class=\"wp-block-heading has-text-align-center eplus-wrapper\" style=\"margin-bottom:var(--wp--preset--spacing--10)\">51 Ch\u00e2teau du Pflixbourg<\/h4>\n\n\n<figure class=\"is-style-default  wp-block-image aligncenter size-full has-custom-border eplus-wrapper eplus-styles-uid-135982\" style=\"margin-top:0;margin-bottom:0\"><img decoding=\"async\" src=\"https:\/\/forte-cultura.com\/wp-content\/uploads\/52-Wintzenheim-Chateau-du-Pflixbourg-DSC4308-%C2%A9-INFRA-ADT.jpg\" alt=\"\" class=\"wp-image-3067\" style=\"border-radius:10px;aspect-ratio:16\/9;object-fit:cover\"><figcaption class=\"wp-element-caption\">Ruines du ch\u00e2teau de Pflixbourg<\/figcaption><\/figure>\n\n\n<p class=\"has-text-align-center eplus-wrapper\" style=\"margin-top:0;margin-bottom:0;font-size:clamp(0.875rem, 0.875rem + ((1vw - 0.2rem) * 0.125), 0.95rem);line-height:1.4\">Le site du Pflixbourg, occup\u00e9 d\u00e8s l\u2019\u00e2ge de Bronze et r\u00e9occup\u00e9 au 13e si\u00e8cle, appara\u00eet pour la premi\u00e8re fois en 1220. \u00c0 425 m\u00e8tres d\u2019altitude, c\u2019est un ch\u00e2teau de garnison strat\u00e9gique entre la plaine et la vall\u00e9e de la Fecht. R\u00e9sidence de Conrad Werner de Hattstatt, bailli imp\u00e9rial, il est aussi le lieu de d\u00e9c\u00e8s de sa femme St\u00e9phanie, comtesse de Ferrette. Vendu en 1434 \u00e0 Smassmann de Ribeaupierre, il est ensuite d\u00e9truit lors d\u2019un conflit. De forme polygonale, le ch\u00e2teau poss\u00e8de un donjon, des logements et une citerne. Inscrit au patrimoine historique en 1968, il est li\u00e9 \u00e0 la l\u00e9gende d\u2019une Dame Blanche.<\/p>\n\n\n\n<p class=\"has-text-align-center eplus-wrapper\" style=\"margin-top:var(--wp--preset--spacing--10);margin-bottom:0;font-size:0.8rem\">68920 Wintzenheim<br><a href=\"http:\/\/www.tourisme-eguisheim-rouffach.com\" target=\"_blank\" rel=\"noreferrer noopener\">www.tourisme-eguisheim-rouffach.com<\/a><\/p>\n\n\n\n<p class=\"has-text-align-center has-contrast-3-color has-text-color has-link-color eplus-wrapper wp-elements-b4f626102aec054749ba0249e3bd364f\" style=\"margin-top:0;margin-bottom:0;font-size:0.8em\">(Image \u00a9INFRA - ADT)<\/p>\n<\/div>\n<\/div>\n\n<div class=\"wp-block-columns alignwide eplus-wrapper is-layout-flex wp-container-core-columns-is-layout-829fdb3e wp-block-columns-is-layout-flex eplus-styles-uid-68fd79\" style=\"border-style:none;border-width:0px;border-radius:0px;padding-top:var(--wp--preset--spacing--20);padding-right:var(--wp--preset--spacing--10);padding-bottom:var(--wp--preset--spacing--20);padding-left:var(--wp--preset--spacing--10)\">\n<div class=\"wp-block-column eplus-wrapper is-layout-flow wp-block-column-is-layout-flow\" style=\"flex-basis:33.34%\">\n<h4 class=\"wp-block-heading has-text-align-center eplus-wrapper\" style=\"margin-bottom:var(--wp--preset--spacing--10)\">52 Ch\u00e2teau du Hohlandsbourg<\/h4>\n\n\n<figure class=\"is-style-default  wp-block-image aligncenter size-full has-custom-border eplus-wrapper eplus-styles-uid-135982\" style=\"margin-top:0;margin-bottom:0\"><img decoding=\"async\" src=\"https:\/\/forte-cultura.com\/wp-content\/uploads\/53-Wintzenheim-Hohlandsbourg-1-%C2%A9-M.-Schampion-ADT.jpg\" alt=\"\" class=\"wp-image-3068\" style=\"border-radius:10px;aspect-ratio:16\/9;object-fit:cover\"><figcaption class=\"wp-element-caption\">Ruines du Hohlandsburg<\/figcaption><\/figure>\n\n\n<p class=\"has-text-align-center eplus-wrapper\" style=\"margin-top:0;margin-bottom:0;font-size:clamp(0.875rem, 0.875rem + ((1vw - 0.2rem) * 0.125), 0.95rem);line-height:1.4\">\u00c0 620 m\u00e8tres d'altitude, le ch\u00e2teau du Hohlandsbourg offre une vue panoramique \u00e0 360\u00b0 sur la For\u00eat Noire, la plaine d'Alsace et le massif des Vosges. \u00c9difi\u00e9 par les Habsbourg entre le 13\u00e8me et le 17\u00e8me si\u00e8cle, il repr\u00e9sente un exemple remarquable d'architecture militaire alsacienne jusqu'\u00e0 la guerre de Trente Ans, qui entra\u00eena sa ruine. Ses hautes murailles en granit entourent une grande cour domin\u00e9e par le ch\u00e2teau sup\u00e9rieur. Un parcours interactif et ludique permet de d\u00e9couvrir l'histoire, l'organisation et l'\u00e9volution du site, depuis l'\u00e2ge du bronze jusqu'\u00e0 aujourd'hui.<\/p>\n\n\n\n<p class=\"has-text-align-center eplus-wrapper\" style=\"margin-top:var(--wp--preset--spacing--10);margin-bottom:0;font-size:0.8rem\">68920 Wintzenheim<br><a href=\"http:\/\/www.chateau-hohlandsbourg.com\" target=\"_blank\" rel=\"noreferrer noopener\">www.chateau-hohlandsbourg.com<\/a><\/p>\n\n\n\n<p class=\"has-text-align-center has-contrast-3-color has-text-color has-link-color eplus-wrapper wp-elements-3372c60e128bb9ede4532fede75de3c5\" style=\"margin-top:0;margin-bottom:0;font-size:0.8em\">(Image \u00a9M. Schampion - ADT)<\/p>\n<\/div>\n\n\n\n<div class=\"wp-block-column eplus-wrapper is-layout-flow wp-block-column-is-layout-flow\" style=\"flex-basis:33.34%\"><\/div>\n\n\n\n<div class=\"wp-block-column eplus-wrapper is-layout-flow wp-block-column-is-layout-flow\" style=\"flex-basis:33.33%\"><\/div>\n<\/div>\n\n\n<hr class=\"is-style-wide wp-block-separator alignwide has-text-color has-accent-2-color has-alpha-channel-opacity has-accent-2-background-color has-background eplus-wrapper\" style=\"margin-top:var(--wp--preset--spacing--20);margin-bottom:var(--wp--preset--spacing--20)\"\/>\n\n\n\n<p class=\"eplus-wrapper\"><\/p>","protected":false},"excerpt":{"rendered":"<p>La Route des ch\u00e2teaux et des villes fortifi\u00e9es d'Alsace comprend plus de 50 sites. D\u00e9couvrez l'histoire fascinante de l'Alsace. Admirez des ruines de ch\u00e2teaux au romantisme sauvage, de charmantes villes historiques et des vues de r\u00eave. Rencontrez ceux qui font vivre ce patrimoine au quotidien. Plongez dans l'histoire de l'Alsace et laissez-vous emporter par la magie de ces lieux charg\u00e9s d'histoire.<\/p>","protected":false},"author":1,"featured_media":3251,"comment_status":"open","ping_status":"open","sticky":false,"template":"","format":"standard","meta":{"editor_plus_copied_stylings":"{}","pgc_sgb_lightbox_settings":"","_price":"","_stock":"","_tribe_ticket_header":"","_tribe_default_ticket_provider":"","_tribe_ticket_capacity":"0","_ticket_start_date":"","_ticket_end_date":"","_tribe_ticket_show_description":"","_tribe_ticket_show_not_going":false,"_tribe_ticket_use_global_stock":"","_tribe_ticket_global_stock_level":"","_global_stock_mode":"","_global_stock_cap":"","_tribe_rsvp_for_event":"","_tribe_ticket_going_count":"","_tribe_ticket_not_going_count":"","_tribe_tickets_list":"[]","_tribe_ticket_has_attendee_info_fields":false,"_EventAllDay":false,"_EventTimezone":"","_EventStartDate":"","_EventEndDate":"","_EventStartDateUTC":"","_EventEndDateUTC":"","_EventShowMap":false,"_EventShowMapLink":false,"_EventURL":"","_EventCost":"","_EventCostDescription":"","_EventCurrencySymbol":"","_EventCurrencyCode":"","_EventCurrencyPosition":"","_EventDateTimeSeparator":"","_EventTimeRangeSeparator":"","_EventOrganizerID":[],"_EventVenueID":[],"_OrganizerEmail":"","_OrganizerPhone":"","_OrganizerWebsite":"","_VenueAddress":"","_VenueCity":"","_VenueCountry":"","_VenueProvince":"","_VenueState":"","_VenueZip":"","_VenuePhone":"","_VenueURL":"","_VenueStateProvince":"","_VenueLat":"","_VenueLng":"","_VenueShowMap":false,"_VenueShowMapLink":false,"footnotes":""},"categories":[436,434,17],"tags":[486,497,438],"class_list":["post-3032","post","type-post","status-publish","format-standard","has-post-thumbnail","hentry","category-aktivreisen","category-kultureisen","category-reiseempfehlungen","tag-adt","tag-hoehenburg","tag-reiseempfehlung"],"_links":{"self":[{"href":"https:\/\/forte-cultura.com\/fr\/wp-json\/wp\/v2\/posts\/3032","targetHints":{"allow":["GET"]}}],"collection":[{"href":"https:\/\/forte-cultura.com\/fr\/wp-json\/wp\/v2\/posts"}],"about":[{"href":"https:\/\/forte-cultura.com\/fr\/wp-json\/wp\/v2\/types\/post"}],"author":[{"embeddable":true,"href":"https:\/\/forte-cultura.com\/fr\/wp-json\/wp\/v2\/users\/1"}],"replies":[{"embeddable":true,"href":"https:\/\/forte-cultura.com\/fr\/wp-json\/wp\/v2\/comments?post=3032"}],"version-history":[{"count":0,"href":"https:\/\/forte-cultura.com\/fr\/wp-json\/wp\/v2\/posts\/3032\/revisions"}],"wp:featuredmedia":[{"embeddable":true,"href":"https:\/\/forte-cultura.com\/fr\/wp-json\/wp\/v2\/media\/3251"}],"wp:attachment":[{"href":"https:\/\/forte-cultura.com\/fr\/wp-json\/wp\/v2\/media?parent=3032"}],"wp:term":[{"taxonomy":"category","embeddable":true,"href":"https:\/\/forte-cultura.com\/fr\/wp-json\/wp\/v2\/categories?post=3032"},{"taxonomy":"post_tag","embeddable":true,"href":"https:\/\/forte-cultura.com\/fr\/wp-json\/wp\/v2\/tags?post=3032"}],"curies":[{"name":"wp","href":"https:\/\/api.w.org\/{rel}","templated":true}]}}