{"id":2407,"date":"2024-02-07T15:55:13","date_gmt":"2024-02-07T14:55:13","guid":{"rendered":"https:\/\/forte-cultura.com\/?p=2407"},"modified":"2024-02-07T17:17:30","modified_gmt":"2024-02-07T16:17:30","slug":"evenements-musicaux-dans-les-monuments","status":"publish","type":"post","link":"https:\/\/forte-cultura.com\/fr\/musikevents-in-monumenten\/","title":{"rendered":"\u00c9v\u00e9nements musicaux dans les monuments"},"content":{"rendered":"<h2 class=\"wp-block-heading alignwide has-custom-farbe-1-color has-text-color has-link-color has-x-large-font-size eplus-wrapper wp-elements-d84493497a59eca1a6d62ca5266fddca\">Autrefois \u00e0 l'\u00e9preuve des canons - aujourd'hui une ambiance de bombe<\/h2>\n\n\n<div class=\"wp-block-columns alignwide eplus-wrapper is-layout-flex wp-container-core-columns-is-layout-28f84493 wp-block-columns-is-layout-flex eplus-styles-uid-a444a5\">\n<div class=\"wp-block-column eplus-wrapper is-layout-flow wp-block-column-is-layout-flow\"><figure class=\"wp-block-image alignright size-large is-resized eplus-wrapper eplus-styles-uid-f32911\"><a href=\"https:\/\/forte-cultura.com\/events\/\"><img loading=\"lazy\" decoding=\"async\" width=\"875\" height=\"1024\" src=\"https:\/\/forte-cultura.com\/wp-content\/uploads\/2023\/11\/logo-EFS_red-875x1024.png\" alt=\"\" class=\"wp-image-263\" style=\"width:226px;height:auto\" srcset=\"https:\/\/forte-cultura.com\/wp-content\/uploads\/2023\/11\/logo-EFS_red-875x1024.png 875w, https:\/\/forte-cultura.com\/wp-content\/uploads\/2023\/11\/logo-EFS_red-256x300.png 256w, https:\/\/forte-cultura.com\/wp-content\/uploads\/2023\/11\/logo-EFS_red-768x899.png 768w, https:\/\/forte-cultura.com\/wp-content\/uploads\/2023\/11\/logo-EFS_red-200x234.png 200w, https:\/\/forte-cultura.com\/wp-content\/uploads\/2023\/11\/logo-EFS_red.png 984w\" sizes=\"auto, (max-width: 875px) 100vw, 875px\" \/><\/a><\/figure>\n\n\n<h3 class=\"wp-block-heading eplus-wrapper\">La musique classique dans les forteresses<\/h3>\n\n\n\n<p class=\"eplus-wrapper\">De nombreuses forteresses \u00e9v\u00e9nementielles proposent des \u00e9v\u00e9nements classiques enthousiasmants dans un cadre historique. Les points forts sont certainement les \"Best of Mozart Serien\" \u00e0 la forteresse Hohensalzburg (AT), avec des concerts de chambre des classiques viennois, des quatuors \u00e0 cordes et des repr\u00e9sentations en solo tout au long de l'ann\u00e9e. Les op\u00e9ras, op\u00e9rettes et com\u00e9dies musicales jouissent \u00e9galement d'une grande popularit\u00e9 dans les forteresses, par exemple \u00e0 la <strong>Wilhelmsburg dans la forteresse f\u00e9d\u00e9rale d'Ulm (DE)<\/strong>.<\/p>\n\n\n\n<h3 class=\"wp-block-heading eplus-wrapper\">Festivals de musique et concerts en plein air<\/h3>\n\n\n\n<p class=\"eplus-wrapper\">Que ce soit le \"Chanty-Festival\" de la musique des marins et des plaisanciers dans la r\u00e9gion de Mazurie <strong>Feste Boyen \u00e0 Gizycko (PL)<\/strong>, le festival de musique hard rock \"Brutal Assault\" dans le foss\u00e9 principal de la <strong>ville id\u00e9ale fortifi\u00e9e de Josefov (CZ)<\/strong>Le plus grand festival de musique d'\u00c9cosse, le \"Edinburgh Military Tattoo\" (musique militaire) ou le \"Dimensions Festival\" au Fort Punta Christo \u00e0 Pula (HR), il y en a pour tous les go\u00fbts. <\/p>\n\n\n\n<p class=\"eplus-wrapper\">Des artistes c\u00e9l\u00e8bres se sont d\u00e9j\u00e0 d\u00e9plac\u00e9s pour des concerts en plein air dans les monuments historiques d'Europe. Ainsi, Lorde ou Marc Almond ont jou\u00e9 sur le <strong>Forteresse Saint-Michel \u00e0 Sibenik (HR)<\/strong>Dieter Bohlen ou Rammstein sur la sc\u00e8ne de la <strong>Forteresse Ehrenbreitstein \u00e0 Coblence (DE)<\/strong> ou ZZ-Top, Bryan Adams et James Arthur en <strong>Citadelle de Spandau (DE)<\/strong>. <\/p>\n\n\n\n<p class=\"eplus-wrapper\">Le \"Pol'and'Rock Festival\" (anciennement Arr\u00eat Woodstock), qui se d\u00e9roule sur plusieurs jours et accueille des centaines de milliers de visiteurs dans la forteresse de Kostrzyn (PL), ou le festival EXIT-Music dans la forteresse de Novi Sad (RS) font partie des temps forts annuels des grands \u00e9v\u00e9nements musicaux europ\u00e9ens.<\/p>\n\n\n\n<h3 class=\"wp-block-heading eplus-wrapper\">Casemates de f\u00eate et salles de mariage<\/h3>\n\n\n\n<p class=\"eplus-wrapper\">Que ce soit une f\u00eate dans la \"Festung Mark\" \u00e0 Magdebourg (DE), avec le <strong>Fort Gorgast (DE)<\/strong> louer une forteresse enti\u00e8re pour des festivit\u00e9s, organiser des mariages dans le Friedrichsburg sur la <strong>Forteresse K\u00f6nigstein (DE)<\/strong> organiser des f\u00eates, des r\u00e9unions et des \u00e9v\u00e9nements au ch\u00e2teau Wilhelmsburg Ulm (DE), les monuments fortifi\u00e9s offrent de multiples possibilit\u00e9s pour les petites et grandes f\u00eates dans une ambiance historique.<\/p>\n\n\n\n<div class=\"wp-block-kadence-spacer aligncenter kt-block-spacer-2407_55ecfa-3b\"><div class=\"kt-block-spacer kt-block-spacer-halign-center\"><hr class=\"kt-divider\"><\/div><\/div>\n<\/div>\n<\/div>\n\n<div  class=\"ultp-post-grid-block wp-block-ultimate-post-post-grid-1 ultp-block-75ab73 alignwide\"><div class=\"ultp-block-wrapper\"><div class=\"ultp-loading\"><div class=\"ultp-loading-blocks\" style=\"width:100%;height:100%;\"><div style=\"left: 0;top: 0;animation-delay:0s;\"><\/div><div style=\"left: 21px;top: 0;animation-delay:0.125s;\"><\/div><div style=\"left: 42px;top: 0;animation-delay:0.25s;\"><\/div><div style=\"left: 0;top: 21px;animation-delay:0.875s;\"><\/div><div style=\"left: 42px;top: 21px;animation-delay:0.375s;\"><\/div><div style=\"left: 0;top: 42px;animation-delay:0.75s;\"><\/div><div style=\"left: 42px;top: 42px;animation-delay:0.625s;\"><\/div><div style=\"left: 21px;top: 42px;animation-delay:0.5s;\"><\/div><\/div><\/div><div class=\"ultp-heading-filter\"><div class=\"ultp-heading-filter-in\"><div class=\"ultp-heading-wrap ultp-heading-style1 ultp-heading-left\"><h2 class=\"ultp-heading-inner\"><span>Faire bouger les forteresses europ\u00e9ennes avec FORTE CULTURA<\/span><\/h2><\/div><div class=\"ultp-filter-navigation\"><\/div><\/div><\/div><div class=\"ultp-block-items-wrap ultp-block-row ultp-pg1a-style1 ultp-grid1-responsive ultp-block-column-4 1 ultp-xs-column-1 ultp-layout1\"><div class=\"ultp-block-item post-id-3326\"><div class=\"ultp-block-content-wrap\"><div class=\"ultp-block-image ultp-block-image-opacity\"><a href=\"https:\/\/forte-cultura.com\/fr\/daugavpils-lv\/\" ><img decoding=\"async\"  class=\"ultp-block-image-content\"  alt=\"Daugavpils (LV)\"  src=\"https:\/\/forte-cultura.com\/wp-content\/uploads\/DC_Daugavpils.Travel_240530_1-870x570.jpg\" \/><\/a><\/div><div class=\"ultp-block-content\"><h3 class=\"ultp-block-title\"><a href=\"https:\/\/forte-cultura.com\/fr\/daugavpils-lv\/\" >Daugavpils (LV)<\/a><\/h3><div class=\"ultp-block-excerpt\"><p>Cit\u00e9 id\u00e9ale fortifi\u00e9e : derni\u00e8re forteresse bastionn\u00e9e achev\u00e9e au monde !<\/p>\n<\/div><\/div><\/div><\/div><div class=\"ultp-block-item post-id-701\"><div class=\"ultp-block-content-wrap\"><div class=\"ultp-block-image ultp-block-image-opacity\"><a href=\"https:\/\/forte-cultura.com\/fr\/josefov-cz\/\" ><img decoding=\"async\"  class=\"ultp-block-image-content\"  alt=\"Josefov (CZ)\"  src=\"https:\/\/forte-cultura.com\/wp-content\/uploads\/2023\/11\/Jaromer_Josefov-870x570.jpg\" \/><\/a><\/div><div class=\"ultp-block-content\"><h3 class=\"ultp-block-title\"><a href=\"https:\/\/forte-cultura.com\/fr\/josefov-cz\/\" >Josefov (CZ)<\/a><\/h3><div class=\"ultp-block-excerpt\"><p>La ville id\u00e9ale fortifi\u00e9e : perle de la construction de fortifications de la monarchie de KuK<\/p>\n<\/div><\/div><\/div><\/div><div class=\"ultp-block-item post-id-1778\"><div class=\"ultp-block-content-wrap\"><div class=\"ultp-block-image ultp-block-image-opacity\"><a href=\"https:\/\/forte-cultura.com\/fr\/koblenz-de-3\/\" ><img decoding=\"async\"  class=\"ultp-block-image-content\"  alt=\"Coblence Ehrenbreitstein (DE)\"  src=\"https:\/\/forte-cultura.com\/wp-content\/uploads\/Ehrenbreitstein-870x570.jpg\" \/><\/a><\/div><div class=\"ultp-block-content\"><h3 class=\"ultp-block-title\"><a href=\"https:\/\/forte-cultura.com\/fr\/koblenz-de-3\/\" >Coblence Ehrenbreitstein (DE)<\/a><\/h3><div class=\"ultp-block-excerpt\"><p>Forteresse : Imposante forteresse en face du Deutsches Eck (DE)<\/p>\n<\/div><\/div><\/div><\/div><div class=\"ultp-block-item post-id-854\"><div class=\"ultp-block-content-wrap\"><div class=\"ultp-block-image ultp-block-image-opacity\"><a href=\"https:\/\/forte-cultura.com\/fr\/komarom-hr\/\" ><img decoding=\"async\"  class=\"ultp-block-image-content\"  alt=\"Kom\u00e1rom (HU)\"  src=\"https:\/\/forte-cultura.com\/wp-content\/uploads\/Fort-Monostor-Komarom-870x570.jpg\" \/><\/a><\/div><div class=\"ultp-block-content\"><h3 class=\"ultp-block-title\"><a href=\"https:\/\/forte-cultura.com\/fr\/komarom-hr\/\" >Kom\u00e1rom (HU)<\/a><\/h3><div class=\"ultp-block-excerpt\"><p>Fort : partie du syst\u00e8me austro-hongrois de grandes fortifications Kom\u00e1rno (SK)\/ Kom\u00e1rom (HU)<\/p>\n<\/div><\/div><\/div><\/div><div class=\"ultp-block-item post-id-909\"><div class=\"ultp-block-content-wrap\"><div class=\"ultp-block-image ultp-block-image-opacity\"><a href=\"https:\/\/forte-cultura.com\/fr\/mainz-de\/\" ><img decoding=\"async\"  class=\"ultp-block-image-content\"  alt=\"Citadelle de Mayence (DE) Foto mainzplus\"  src=\"https:\/\/forte-cultura.com\/wp-content\/uploads\/Mainz_Foto-mainzplus-870x570.jpg\" \/><\/a><\/div><div class=\"ultp-block-content\"><h3 class=\"ultp-block-title\"><a href=\"https:\/\/forte-cultura.com\/fr\/mainz-de\/\" >Mayence (DE)<\/a><\/h3><div class=\"ultp-block-excerpt\"><p>Syst\u00e8me de forteresse : 2000 ans d'histoire de la forteresse - Du fort romain \u00e0 la forteresse imp\u00e9riale prussienne<\/p>\n<\/div><\/div><\/div><\/div><div class=\"ultp-block-item post-id-1009\"><div class=\"ultp-block-content-wrap\"><div class=\"ultp-block-image ultp-block-image-opacity\"><a href=\"https:\/\/forte-cultura.com\/fr\/sibenik-hr\/\" ><img decoding=\"async\"  class=\"ultp-block-image-content\"  alt=\"\u0160ibenik (HR)\"  src=\"https:\/\/forte-cultura.com\/wp-content\/uploads\/Sibenik-St-John-870x570.jpg\" \/><\/a><\/div><div class=\"ultp-block-content\"><h3 class=\"ultp-block-title\"><a href=\"https:\/\/forte-cultura.com\/fr\/sibenik-hr\/\" >\u0160ibenik (HR)<\/a><\/h3><div class=\"ultp-block-excerpt\"><p>Forteresse culturelle de \u0160ibenik, fascinant syst\u00e8me de fortifications sur la mer Adriatique<\/p>\n<\/div><\/div><\/div><\/div><div class=\"ultp-block-item post-id-3318\"><div class=\"ultp-block-content-wrap\"><div class=\"ultp-block-image ultp-block-image-opacity\"><a href=\"https:\/\/forte-cultura.com\/fr\/suomenlinna-fi\/\" ><img decoding=\"async\"  class=\"ultp-block-image-content\"  alt=\"Forteresse maritime de Suomenlinna\"  src=\"https:\/\/forte-cultura.com\/wp-content\/uploads\/suomenlinna-870x570.jpg\" \/><\/a><\/div><div class=\"ultp-block-content\"><h3 class=\"ultp-block-title\"><a href=\"https:\/\/forte-cultura.com\/fr\/suomenlinna-fi\/\" >Suomenlinna (FI)<\/a><\/h3><div class=\"ultp-block-excerpt\"><p>Forteresse maritime de Sveaborg aux portes d'Helsinki, vivre l'histoire unique d'une forteresse inscrite au patrimoine mondial de l'UNESCO<\/p>\n<\/div><\/div><\/div><\/div><div class=\"ultp-block-item post-id-1038\"><div class=\"ultp-block-content-wrap\"><div class=\"ultp-block-image ultp-block-image-opacity\"><a href=\"https:\/\/forte-cultura.com\/fr\/torgau-de\/\" ><img decoding=\"async\"  class=\"ultp-block-image-content\"  alt=\"Torgau (DE)\"  src=\"https:\/\/forte-cultura.com\/wp-content\/uploads\/Schloss-Heratenfels-Torgau-DE-870x570.jpg\" \/><\/a><\/div><div class=\"ultp-block-content\"><h3 class=\"ultp-block-title\"><a href=\"https:\/\/forte-cultura.com\/fr\/torgau-de\/\" >Torgau (DE)<\/a><\/h3><div class=\"ultp-block-excerpt\"><p>Le seul syst\u00e8me de grande forteresse encore conserv\u00e9 en partie en Saxe ; ch\u00e2teau fortifi\u00e9 de Hartenfels<\/p>\n<\/div><\/div><\/div><\/div><div class=\"ultp-block-item post-id-1042\"><div class=\"ultp-block-content-wrap\"><div class=\"ultp-block-image ultp-block-image-opacity\"><a href=\"https:\/\/forte-cultura.com\/fr\/ulm-de\/\" ><img decoding=\"async\"  class=\"ultp-block-image-content\"  alt=\"Ulm (DE)\"  src=\"https:\/\/forte-cultura.com\/wp-content\/uploads\/Wilhelmsburg-Ulm-870x570.jpg\" \/><\/a><\/div><div class=\"ultp-block-content\"><h3 class=\"ultp-block-title\"><a href=\"https:\/\/forte-cultura.com\/fr\/ulm-de\/\" >Ulm (DE)<\/a><\/h3><div class=\"ultp-block-excerpt\"><p>Syst\u00e8me de forteresse : Une des plus grandes forteresses d'Europe avec un programme d'activit\u00e9s vari\u00e9es sur le Danube<\/p>\n<\/div><\/div><\/div><\/div><\/div><div class=\"ultp-pagination-wrap ultp-pagination-ajax-action\" data-paged=\"1\" data-expost=\"\"  data-blockid=\"75ab73\" data-postid=\"2407\" data-pages=\"1\" data-blockname=\"ultimate-post_post-grid-1\" data-selfpostid=\"yes\"><\/div><\/div><div class=\"pagination-block-html\" aria-hidden=\"true\" style=\"display: none;\"><\/div><\/div>\n\n<div class=\"wp-block-columns alignwide eplus-wrapper is-layout-flex wp-container-core-columns-is-layout-28f84493 wp-block-columns-is-layout-flex eplus-styles-uid-2a3e15\">\n<div class=\"wp-block-column eplus-wrapper is-layout-flow wp-block-column-is-layout-flow\">\n<div class=\"wp-block-kadence-spacer aligncenter kt-block-spacer-2407_bf4ad9-e5\"><div class=\"kt-block-spacer kt-block-spacer-halign-center\"><hr class=\"kt-divider\"><\/div><\/div>\n\n\n\n<p class=\"eplus-wrapper\"><a href=\"https:\/\/forte-cultura.com\/events\/forte-cultura-erlebniswelt\/\" data-type=\"page\" data-id=\"2256\">L'univers de d\u00e9couverte FORTE CULTURA<\/a><\/p>\n\n\n\n<hr class=\"is-style-wide wp-block-separator aligncenter has-text-color has-custom-farbe-1-color has-alpha-channel-opacity has-custom-farbe-1-background-color has-background eplus-wrapper\" style=\"margin-top:var(--wp--preset--spacing--10);margin-bottom:var(--wp--preset--spacing--10)\">\n\n\n<div id=\"mega-menu-wrap-max_mega_menu_3\" class=\"mega-menu-wrap\"><div class=\"mega-menu-toggle\"><div class=\"mega-toggle-blocks-left\"><\/div><div class=\"mega-toggle-blocks-center\"><\/div><div class=\"mega-toggle-blocks-right\"><div class=\"mega-toggle-block mega-menu-toggle-animated-block mega-toggle-block-0\" id=\"mega-toggle-block-0\"><button aria-controls=\"mega-menu-max_mega_menu_3\" aria-expanded=\"false\" aria-haspopup=\"true\" aria-label=\"Toggle Menu\" class=\"mega-toggle-animated mega-toggle-animated-slider\" type=\"button\">\n                  <span class=\"mega-toggle-animated-box\">\n                    <span class=\"mega-toggle-animated-inner\"><\/span>\n                  <\/span>\n                <\/button><\/div><\/div><\/div><ul id=\"mega-menu-max_mega_menu_3\" class=\"mega-menu max-mega-menu mega-menu-horizontal mega-no-js\" data-event=\"hover_intent\" data-effect=\"fade_up\" data-effect-speed=\"200\" data-effect-mobile=\"disabled\" data-effect-speed-mobile=\"0\" data-mobile-force-width=\"false\" data-second-click=\"go\" data-document-click=\"collapse\" data-vertical-behaviour=\"standard\" data-breakpoint=\"768\" data-unbind=\"true\" data-mobile-state=\"collapse_all\" data-mobile-direction=\"vertical\"><li class=\"mega-menu-item mega-menu-item-type-post_type mega-menu-item-object-post mega-align-bottom-left mega-menu-flyout mega-menu-item-2436\" id=\"mega-menu-item-2436\"><a class=\"mega-menu-link\" href=\"https:\/\/forte-cultura.com\/fr\/familie-und-kinder\/\">Famille et enfants<\/a><\/li><li class=\"mega-menu-item mega-menu-item-type-post_type mega-menu-item-object-post mega-align-bottom-left mega-menu-flyout mega-menu-item-2431\" id=\"mega-menu-item-2431\"><a class=\"mega-menu-link\" href=\"https:\/\/forte-cultura.com\/fr\/gedenkstaetten-und-mahnmale\/\">M\u00e9moriaux et monuments comm\u00e9moratifs<\/a><\/li><li class=\"mega-menu-item mega-menu-item-type-post_type mega-menu-item-object-post mega-align-bottom-left mega-menu-flyout mega-menu-item-2586\" id=\"mega-menu-item-2586\"><a class=\"mega-menu-link\" href=\"https:\/\/forte-cultura.com\/fr\/geheime-architekturen\/\">Architectures secr\u00e8tes<\/a><\/li><li class=\"mega-menu-item mega-menu-item-type-post_type mega-menu-item-object-post mega-align-bottom-left mega-menu-flyout mega-menu-item-2432\" id=\"mega-menu-item-2432\"><a class=\"mega-menu-link\" href=\"https:\/\/forte-cultura.com\/fr\/militaergeschichte-erleben\/\">Vivre l'histoire militaire<\/a><\/li><li class=\"mega-menu-item mega-menu-item-type-post_type mega-menu-item-object-post mega-align-bottom-left mega-menu-flyout mega-menu-item-2434\" id=\"mega-menu-item-2434\"><a class=\"mega-menu-link\" href=\"https:\/\/forte-cultura.com\/fr\/museen-und-ausstellungen\/\">Mus\u00e9es et expositions<\/a><\/li><li class=\"mega-menu-item mega-menu-item-type-post_type mega-menu-item-object-post mega-align-bottom-left mega-menu-flyout mega-menu-item-2430\" id=\"mega-menu-item-2430\"><a class=\"mega-menu-link\" href=\"https:\/\/forte-cultura.com\/fr\/musikevents-in-monumenten\/\">\u00c9v\u00e9nements musicaux dans les monuments<\/a><\/li><li class=\"mega-menu-item mega-menu-item-type-post_type mega-menu-item-object-post mega-align-bottom-left mega-menu-flyout mega-menu-item-2433\" id=\"mega-menu-item-2433\"><a class=\"mega-menu-link\" href=\"https:\/\/forte-cultura.com\/fr\/natur-erleben-parks-und-gaerten\/\">Vivre la nature, Parcs et jardins<\/a><\/li><li class=\"mega-menu-item mega-menu-item-type-post_type mega-menu-item-object-post mega-align-bottom-left mega-menu-flyout mega-menu-item-2435\" id=\"mega-menu-item-2435\"><a class=\"mega-menu-link\" href=\"https:\/\/forte-cultura.com\/fr\/residieren-geniessen\/\">R\u00e9sider &amp; savourer<\/a><\/li><li class=\"mega-menu-item mega-menu-item-type-post_type mega-menu-item-object-post mega-align-bottom-left mega-menu-flyout mega-menu-item-2580\" id=\"mega-menu-item-2580\"><a class=\"mega-menu-link\" href=\"https:\/\/forte-cultura.com\/fr\/sport\/\">Sport<\/a><\/li><\/ul><\/div><\/div>\n<\/div>","protected":false},"excerpt":{"rendered":"<p>Fr\u00fcher kanonensicher &#8211; heute Bombenstimmung Klassik in Festungen Begeisternde Klassikevents in historischer Kulisse werden von vielen Eventfestungen angeboten. Highlights sind dabei sicher die \u201eBest of Mozart Serien\u201c auf der Festung [&hellip;]<\/p>\n","protected":false},"author":1,"featured_media":2421,"comment_status":"open","ping_status":"open","sticky":false,"template":"","format":"standard","meta":{"editor_plus_copied_stylings":"{}","pgc_sgb_lightbox_settings":"","_price":"","_stock":"","_tribe_ticket_header":"","_tribe_default_ticket_provider":"","_tribe_ticket_capacity":"0","_ticket_start_date":"","_ticket_end_date":"","_tribe_ticket_show_description":"","_tribe_ticket_show_not_going":false,"_tribe_ticket_use_global_stock":"","_tribe_ticket_global_stock_level":"","_global_stock_mode":"","_global_stock_cap":"","_tribe_rsvp_for_event":"","_tribe_ticket_going_count":"","_tribe_ticket_not_going_count":"","_tribe_tickets_list":"[]","_tribe_ticket_has_attendee_info_fields":false,"_EventAllDay":false,"_EventTimezone":"","_EventStartDate":"","_EventEndDate":"","_EventStartDateUTC":"","_EventEndDateUTC":"","_EventShowMap":false,"_EventShowMapLink":false,"_EventURL":"","_EventCost":"","_EventCostDescription":"","_EventCurrencySymbol":"","_EventCurrencyCode":"","_EventCurrencyPosition":"","_EventDateTimeSeparator":"","_EventTimeRangeSeparator":"","_EventOrganizerID":[],"_EventVenueID":[],"_OrganizerEmail":"","_OrganizerPhone":"","_OrganizerWebsite":"","_VenueAddress":"","_VenueCity":"","_VenueCountry":"","_VenueProvince":"","_VenueState":"","_VenueZip":"","_VenuePhone":"","_VenueURL":"","_VenueStateProvince":"","_VenueLat":"","_VenueLng":"","_VenueShowMap":false,"_VenueShowMapLink":false,"footnotes":""},"categories":[459],"tags":[],"class_list":["post-2407","post","type-post","status-publish","format-standard","has-post-thumbnail","hentry","category-erlebniswelt"],"_links":{"self":[{"href":"https:\/\/forte-cultura.com\/fr\/wp-json\/wp\/v2\/posts\/2407","targetHints":{"allow":["GET"]}}],"collection":[{"href":"https:\/\/forte-cultura.com\/fr\/wp-json\/wp\/v2\/posts"}],"about":[{"href":"https:\/\/forte-cultura.com\/fr\/wp-json\/wp\/v2\/types\/post"}],"author":[{"embeddable":true,"href":"https:\/\/forte-cultura.com\/fr\/wp-json\/wp\/v2\/users\/1"}],"replies":[{"embeddable":true,"href":"https:\/\/forte-cultura.com\/fr\/wp-json\/wp\/v2\/comments?post=2407"}],"version-history":[{"count":0,"href":"https:\/\/forte-cultura.com\/fr\/wp-json\/wp\/v2\/posts\/2407\/revisions"}],"wp:featuredmedia":[{"embeddable":true,"href":"https:\/\/forte-cultura.com\/fr\/wp-json\/wp\/v2\/media\/2421"}],"wp:attachment":[{"href":"https:\/\/forte-cultura.com\/fr\/wp-json\/wp\/v2\/media?parent=2407"}],"wp:term":[{"taxonomy":"category","embeddable":true,"href":"https:\/\/forte-cultura.com\/fr\/wp-json\/wp\/v2\/categories?post=2407"},{"taxonomy":"post_tag","embeddable":true,"href":"https:\/\/forte-cultura.com\/fr\/wp-json\/wp\/v2\/tags?post=2407"}],"curies":[{"name":"wp","href":"https:\/\/api.w.org\/{rel}","templated":true}]}}