{"id":1808,"date":"2024-01-13T13:31:40","date_gmt":"2024-01-13T12:31:40","guid":{"rendered":"https:\/\/forte-cultura.com\/?p=1808"},"modified":"2025-10-06T16:37:00","modified_gmt":"2025-10-06T14:37:00","slug":"st-johann-de","status":"publish","type":"post","link":"https:\/\/forte-cultura.com\/fr\/st-johann-de\/","title":{"rendered":"Saint-Jean (DE)"},"content":{"rendered":"<div class=\"wp-block-columns alignwide eplus-wrapper is-layout-flex wp-container-core-columns-is-layout-28f84493 wp-block-columns-is-layout-flex eplus-styles-uid-537e77\">\n<div class=\"wp-block-column eplus-wrapper is-layout-flow wp-block-column-is-layout-flow\" style=\"flex-basis:100%\"><p class=\"eplus-wrapper eplus-styles-uid-e7c803\"><em>Station FORTE CULTURA : Ch\u00e2teau fortifi\u00e9 de B\u00fcrresheim (DE)<\/em><\/p>\n\n\n<h2 class=\"wp-block-heading alignwide has-custom-farbe-1-color has-text-color has-link-color has-large-font-size eplus-wrapper wp-elements-ef152c2ea169f412967172047b90c0b6\"><strong>Ch\u00e2teau de B\u00fcrresheim pr\u00e8s de Mayen dans l'Eifel (DE)<\/strong><\/h2>\n\n\n\n<p class=\"eplus-wrapper\">Le ch\u00e2teau fortifi\u00e9 de B\u00fcrresheim se dresse de mani\u00e8re pittoresque sur un \u00e9peron rocheux au nord-ouest de Mayen et fait partie des rares monuments fortifi\u00e9s de l'Eifel qui n'ont jamais \u00e9t\u00e9 conquis ou d\u00e9vast\u00e9s.<\/p>\n\n\n\n<p class=\"eplus-wrapper\">C'est notamment gr\u00e2ce \u00e0 sa double forteresse imposante et d\u00e9fensive et \u00e0 son d\u00e9cor somptueux que le ch\u00e2teau de B\u00fcrresheim est r\u00e9guli\u00e8rement utilis\u00e9 comme d\u00e9cor de cin\u00e9ma. Ainsi, des sc\u00e8nes de \"Rumpelstilzchen\", \"Indiana Jones et la derni\u00e8re croisade\" ou \"Le prince et le souffre-douleur\" ont \u00e9t\u00e9 partiellement tourn\u00e9es ici.<\/p>\n\n\n\n<p class=\"eplus-wrapper\">Partez sur les traces des h\u00e9ros de cin\u00e9ma ou \u00e0 travers l'histoire du ch\u00e2teau et profitez de soir\u00e9es litt\u00e9raires et musicales ou de conf\u00e9rences.<\/p>\n<\/div>\n<\/div>\n\n\n<hr class=\"wp-block-separator alignwide has-text-color has-accent-2-color has-alpha-channel-opacity has-accent-2-background-color has-background eplus-wrapper\" style=\"margin-top:var(--wp--preset--spacing--30);margin-bottom:var(--wp--preset--spacing--30)\"\/>\n\n\n<div class=\"wp-block-columns alignwide are-vertically-aligned-center eplus-wrapper is-layout-flex wp-container-core-columns-is-layout-28f84493 wp-block-columns-is-layout-flex eplus-styles-uid-c30a00\">\n<div class=\"wp-block-column is-vertically-aligned-center eplus-wrapper is-layout-flow wp-block-column-is-layout-flow\" style=\"flex-basis:260px\">\n<figure class=\"wp-block-image alignleft size-full is-resized eplus-wrapper\"><img loading=\"lazy\" decoding=\"async\" width=\"260\" height=\"112\" src=\"https:\/\/forte-cultura.com\/wp-content\/uploads\/Logo-GDKE.jpg\" alt=\"\" class=\"wp-image-1781\" style=\"width:240px\" srcset=\"https:\/\/forte-cultura.com\/wp-content\/uploads\/Logo-GDKE.jpg 260w, https:\/\/forte-cultura.com\/wp-content\/uploads\/Logo-GDKE-18x8.jpg 18w, https:\/\/forte-cultura.com\/wp-content\/uploads\/Logo-GDKE-200x86.jpg 200w\" sizes=\"auto, (max-width: 260px) 100vw, 260px\" \/><\/figure>\n<\/div>\n\n\n\n<div class=\"wp-block-column is-vertically-aligned-center eplus-wrapper is-layout-flow wp-block-column-is-layout-flow\">\n<p class=\"eplus-wrapper\">Le ch\u00e2teau de B\u00fcrresheim fait partie des 11 monuments de la forteresse en possession et en charge de la <strong><a href=\"https:\/\/forte-cultura.com\/forte-cultura-reisewelt\/festungsmonumente-der-gdke-de\/\" data-type=\"page\" data-id=\"1773\">Direction g\u00e9n\u00e9rale du patrimoine culturel de Rh\u00e9nanie-Palatinat (GDKE)<\/a><\/strong>. <\/p>\n\n\n\n<p class=\"eplus-wrapper\">Si\u00e8ge : Ehrenbreitstein, 56077 Coblence ; <a href=\"https:\/\/gdke.rlp.de\/\" target=\"_blank\" rel=\"noreferrer noopener\">Site web de la GDKE<\/a><\/p>\n<\/div>\n<\/div>\n\n\n<hr class=\"wp-block-separator alignwide has-text-color has-accent-2-color has-alpha-channel-opacity has-accent-2-background-color has-background eplus-wrapper\" style=\"margin-top:var(--wp--preset--spacing--30);margin-bottom:var(--wp--preset--spacing--30)\"\/>\n\n\n\n<h4 class=\"wp-block-heading alignwide eplus-wrapper\">Liens internet<\/h4>\n\n\n<div class=\"wp-block-columns alignwide eplus-wrapper is-layout-flex wp-container-core-columns-is-layout-28f84493 wp-block-columns-is-layout-flex eplus-styles-uid-866def\">\n<div class=\"wp-block-column eplus-wrapper is-layout-flow wp-block-column-is-layout-flow\"><ul class=\"wp-block-list eplus-wrapper eplus-styles-uid-716a11\"><li class=\"eplus-wrapper eplus-styles-uid-1ceed8\"><a href=\"https:\/\/kulturerbe-eifel-mosel.de\/schloss-buerresheim\" target=\"_blank\" rel=\"noreferrer noopener\">Site web Ch\u00e2teau de B\u00fcrresheim (GDKE)<\/a><\/li>\n\n<li class=\"eplus-wrapper eplus-styles-uid-1ceed8\"><a href=\"https:\/\/kulturerbe-eifel-mosel.de\/schloss-buerresheim\" target=\"_blank\" rel=\"noreferrer noopener\">Le ch\u00e2teau de B\u00fcrresheim sur Facebook<\/a><\/li>\n\n<li class=\"eplus-wrapper eplus-styles-uid-1ceed8\"><a href=\"https:\/\/www.eifel.info\/a-schloss-buerresheim\" target=\"_blank\" rel=\"noreferrer noopener\">Tourisme de l'Eifel<\/a><\/li><\/ul><\/div>\n<\/div>\n\n<div class=\"wp-block-columns alignwide eplus-wrapper is-layout-flex wp-container-core-columns-is-layout-28f84493 wp-block-columns-is-layout-flex eplus-styles-uid-805620\">\n<div class=\"wp-block-column eplus-wrapper is-layout-flow wp-block-column-is-layout-flow\" style=\"flex-basis:100%\">\n<h4 class=\"wp-block-heading eplus-wrapper\">\u00c9v\u00e9nements<\/h4>\n\n\n<ul class=\"wp-block-list eplus-wrapper eplus-styles-uid-c3db83\"><li class=\"eplus-wrapper eplus-styles-uid-1ceed8\">\u2026<\/li><\/ul><\/div>\n<\/div>\n\n\n<hr class=\"wp-block-separator alignwide has-text-color has-accent-2-color has-alpha-channel-opacity has-accent-2-background-color has-background eplus-wrapper\" style=\"margin-top:var(--wp--preset--spacing--30);margin-bottom:var(--wp--preset--spacing--30)\"\/>\n\n\n<div id=\"travelersmap-container-69f5839a25c18\" class=\"travelersmap-container\" style=\"z-index: 1; min-height: 10px; min-width:10px; height:400px;width:100%; max-width:1280px; max-height:; position:relative;\"><div style=\"position:absolute; z-index:-1;top: 50%;text-align: center;display: block;left: 50%;transform: translate(-50%,-50%);\">La carte des voyageurs est en cours de chargement...<br>Si vous constatez cela apr\u00e8s le chargement complet de votre page, les fichiers leafletJS sont manquants.<\/div><\/div>\n\n\n\n<hr class=\"wp-block-separator alignwide has-text-color has-accent-2-color has-alpha-channel-opacity has-accent-2-background-color has-background eplus-wrapper\" style=\"margin-top:var(--wp--preset--spacing--30);margin-bottom:var(--wp--preset--spacing--30)\"\/>","protected":false},"excerpt":{"rendered":"<p>Ch\u00e2teau fortifi\u00e9 de B\u00fcrresheim (DE), ch\u00e2teau de conte de f\u00e9es dans l'Eifel<\/p>","protected":false},"author":1,"featured_media":1809,"comment_status":"open","ping_status":"open","sticky":false,"template":"","format":"standard","meta":{"editor_plus_copied_stylings":"{}","pgc_sgb_lightbox_settings":"","_price":"","_stock":"","_tribe_ticket_header":"","_tribe_default_ticket_provider":"","_tribe_ticket_capacity":"0","_ticket_start_date":"","_ticket_end_date":"","_tribe_ticket_show_description":"","_tribe_ticket_show_not_going":false,"_tribe_ticket_use_global_stock":"","_tribe_ticket_global_stock_level":"","_global_stock_mode":"","_global_stock_cap":"","_tribe_rsvp_for_event":"","_tribe_ticket_going_count":"","_tribe_ticket_not_going_count":"","_tribe_tickets_list":"[]","_tribe_ticket_has_attendee_info_fields":false,"_EventAllDay":false,"_EventTimezone":"","_EventStartDate":"","_EventEndDate":"","_EventStartDateUTC":"","_EventEndDateUTC":"","_EventShowMap":false,"_EventShowMapLink":false,"_EventURL":"","_EventCost":"","_EventCostDescription":"","_EventCurrencySymbol":"","_EventCurrencyCode":"","_EventCurrencyPosition":"","_EventDateTimeSeparator":"","_EventTimeRangeSeparator":"","_EventOrganizerID":[],"_EventVenueID":[],"_OrganizerEmail":"","_OrganizerPhone":"","_OrganizerWebsite":"","_VenueAddress":"","_VenueCity":"","_VenueCountry":"","_VenueProvince":"","_VenueState":"","_VenueZip":"","_VenuePhone":"","_VenueURL":"","_VenueStateProvince":"","_VenueLat":"","_VenueLng":"","_VenueShowMap":false,"_VenueShowMapLink":false,"footnotes":""},"categories":[27,20,19,423],"tags":[425],"class_list":["post-1808","post","type-post","status-publish","format-standard","has-post-thumbnail","hentry","category-befestigtes-schloss","category-deutschland","category-stationen","category-rheinland-pfalz","tag-gdke"],"_links":{"self":[{"href":"https:\/\/forte-cultura.com\/fr\/wp-json\/wp\/v2\/posts\/1808","targetHints":{"allow":["GET"]}}],"collection":[{"href":"https:\/\/forte-cultura.com\/fr\/wp-json\/wp\/v2\/posts"}],"about":[{"href":"https:\/\/forte-cultura.com\/fr\/wp-json\/wp\/v2\/types\/post"}],"author":[{"embeddable":true,"href":"https:\/\/forte-cultura.com\/fr\/wp-json\/wp\/v2\/users\/1"}],"replies":[{"embeddable":true,"href":"https:\/\/forte-cultura.com\/fr\/wp-json\/wp\/v2\/comments?post=1808"}],"version-history":[{"count":0,"href":"https:\/\/forte-cultura.com\/fr\/wp-json\/wp\/v2\/posts\/1808\/revisions"}],"wp:featuredmedia":[{"embeddable":true,"href":"https:\/\/forte-cultura.com\/fr\/wp-json\/wp\/v2\/media\/1809"}],"wp:attachment":[{"href":"https:\/\/forte-cultura.com\/fr\/wp-json\/wp\/v2\/media?parent=1808"}],"wp:term":[{"taxonomy":"category","embeddable":true,"href":"https:\/\/forte-cultura.com\/fr\/wp-json\/wp\/v2\/categories?post=1808"},{"taxonomy":"post_tag","embeddable":true,"href":"https:\/\/forte-cultura.com\/fr\/wp-json\/wp\/v2\/tags?post=1808"}],"curies":[{"name":"wp","href":"https:\/\/api.w.org\/{rel}","templated":true}]}}