{"id":1683,"date":"2024-01-08T17:10:14","date_gmt":"2024-01-08T16:10:14","guid":{"rendered":"https:\/\/forte-cultura.com\/?p=1683"},"modified":"2026-03-08T10:44:45","modified_gmt":"2026-03-08T09:44:45","slug":"griesheim-sur-souffel-fr","status":"publish","type":"post","link":"https:\/\/forte-cultura.com\/fr\/griesheim-sur-souffel-fr\/","title":{"rendered":"Griesheim-sur-Souffel (FR)"},"content":{"rendered":"<div class=\"wp-block-columns alignwide eplus-wrapper is-layout-flex wp-container-core-columns-is-layout-28f84493 wp-block-columns-is-layout-flex eplus-styles-uid-f4de92\">\n<div class=\"wp-block-column eplus-wrapper is-layout-flow wp-block-column-is-layout-flow\" style=\"flex-basis:100%\"><p class=\"eplus-wrapper eplus-styles-uid-e7c803\"><em>Station FORTE CULTURA : bunker militaire Nellkopf (FR)<\/em><\/p>\n\n\n<h2 class=\"wp-block-heading alignwide has-large-font-size eplus-wrapper\">Nellkopf Infanterie St\u00fctzpunkt I52 - Point d'Appui d'Infanterie du Nellkopf<\/h2>\n\n\n<div class=\"wp-block-columns alignwide eplus-wrapper is-layout-flex wp-container-core-columns-is-layout-28f84493 wp-block-columns-is-layout-flex eplus-styles-uid-5d58d6\">\n<div class=\"wp-block-column eplus-wrapper is-layout-flow wp-block-column-is-layout-flow\" style=\"flex-basis:100%\"><p class=\"has-medium-font-size eplus-wrapper eplus-styles-uid-e7c803\">La base d'infanterie allemande Nellkopf I 52, construite entre 1914 et 1916, est situ\u00e9e sur les communes de Dingsheim et Griesheim-sur-Souffel (67370). Il s'agit d'un \u00e9l\u00e9ment exceptionnel et unique de la ceinture fortifi\u00e9e de Strasbourg, cr\u00e9\u00e9e par les autorit\u00e9s allemandes apr\u00e8s l'annexion de 1871.<\/p>\n\n\n<p class=\"eplus-wrapper\">Positionn\u00e9 sur les pentes abruptes du Hausbergenkamm, une position naturelle remarquable, il est l'un des derniers maillons de la d\u00e9fense de Strasbourg \u00e0 avoir \u00e9t\u00e9 am\u00e9nag\u00e9. Il offre une vue exceptionnelle sur les routes qui relient la capitale du Reichsland au Kochersberg (\u00e0 l'arri\u00e8re duquel se trouve le col de Saverne).<\/p>\n\n\n\n<p class=\"eplus-wrapper\">La structure de l'installation, cr\u00e9\u00e9e entre 1914 et 1916, est divis\u00e9e en plusieurs lignes. Deux lignes de combat succ\u00e8dent au r\u00e9seau de barbel\u00e9s et au poste de garde situ\u00e9 au-dessus des lignes. La premi\u00e8re ligne est compos\u00e9e de meurtri\u00e8res, de tranch\u00e9es de combat, d'un abri pour 10 hommes et de deux postes d'observation blind\u00e9s reli\u00e9s par des piquets de garde. Depuis les tranch\u00e9es p\u00e9riph\u00e9riques, interrompues par deux abris, on acc\u00e8de \u00e0 une position de flanquement pour deux canons de 9 cm. A l'arri\u00e8re, un abri pour 200 hommes, pi\u00e8ce principale de ce point, est conserv\u00e9 dans un \u00e9tat de conservation exceptionnel.<\/p>\n\n\n\n<p class=\"eplus-wrapper\">Heureusement pour les hommes stationn\u00e9s ici, aucun combat n'a eu lieu pendant la Premi\u00e8re Guerre mondiale. En effet, le stationnement de la guerre de position plus au nord \u00e9loignait Strasbourg des premi\u00e8res lignes et les travaux de renforcement de la ceinture furent donc stopp\u00e9s en 1916. <\/p>\n\n\n\n<hr class=\"is-style-wide wp-block-separator aligncenter has-text-color has-custom-farbe-1-color has-alpha-channel-opacity has-custom-farbe-1-background-color has-background eplus-wrapper\">\n\n\n\n<p class=\"has-text-align-center eplus-wrapper translation-block\">La base d'infanterie de Nellkopf fait partie du r\u00e9seau r\u00e9gional franco-allemand <strong>FORTE CULTURA<\/strong><br><strong><a href=\"https:\/\/forte-cultura.com\/fr\/festungen-und-wehrgeschichte-am-oberrhein-1870-1999-de-fr\/\" target=\"_self\">\"Fortifications et histoire de la d\u00e9fense dans le Rhin sup\u00e9rieur 1870-1999\"<\/a><\/strong>.<\/p>\n\n\n\n<hr class=\"is-style-wide wp-block-separator aligncenter has-text-color has-custom-farbe-1-color has-alpha-channel-opacity has-custom-farbe-1-background-color has-background eplus-wrapper\">\n\n\n\n<h4 class=\"wp-block-heading alignwide eplus-wrapper\">Liens internet<\/h4>\n\n\n<div class=\"wp-block-columns alignwide eplus-wrapper is-layout-flex wp-container-core-columns-is-layout-28f84493 wp-block-columns-is-layout-flex eplus-styles-uid-833803\">\n<div class=\"wp-block-column eplus-wrapper is-layout-flow wp-block-column-is-layout-flow\"><ul class=\"wp-block-list eplus-wrapper eplus-styles-uid-6f2191\"><li class=\"eplus-wrapper eplus-styles-uid-1ceed8\"><a href=\"https:\/\/www.facebook.com\/NellkopfI52\/?ref=page_internal\" target=\"_blank\" rel=\"noreferrer noopener\">Nellkopf - Base d'infanterie Nellkopf I52 - Facebook<\/a><br>#alsace #devoirdem\u00e9moire #1GM #Guidesdalsace<\/li><\/ul><\/div>\n<\/div>\n\n<div class=\"wp-block-columns alignwide eplus-wrapper is-layout-flex wp-container-core-columns-is-layout-28f84493 wp-block-columns-is-layout-flex eplus-styles-uid-5852cd\">\n<div class=\"wp-block-column eplus-wrapper is-layout-flow wp-block-column-is-layout-flow\" style=\"flex-basis:100%\">\n<h4 class=\"wp-block-heading eplus-wrapper\">\u00c9v\u00e9nements<\/h4>\n\n\n<ul class=\"wp-block-list eplus-wrapper eplus-styles-uid-ea3ea1\"><li class=\"eplus-wrapper eplus-styles-uid-1ceed8\">\u2026<\/li><\/ul><\/div>\n<\/div><\/div>\n<\/div>\n\n<div class=\"wp-block-columns alignwide eplus-wrapper is-layout-flex wp-container-core-columns-is-layout-28f84493 wp-block-columns-is-layout-flex eplus-styles-uid-da5e9c\">\n<div class=\"wp-block-column eplus-wrapper is-layout-flow wp-block-column-is-layout-flow\">\n<h4 class=\"wp-block-heading alignwide eplus-wrapper\">Contact<\/h4>\n\n\n\n<p class=\"eplus-wrapper\">D866, 67370 Griesheim-sur-Souffel, France<\/p>\n\n\n<div class=\"wp-block-columns alignwide eplus-wrapper is-layout-flex wp-container-core-columns-is-layout-28f84493 wp-block-columns-is-layout-flex eplus-styles-uid-c49ec1\">\n<div class=\"wp-block-column eplus-wrapper is-layout-flow wp-block-column-is-layout-flow\" style=\"flex-basis:100%\"><ul class=\"wp-block-list eplus-wrapper eplus-styles-uid-a1b5a9\">\n<li class=\"eplus-wrapper\">\n<\/li><\/ul><\/div>\n<\/div><\/div>\n<\/div><\/div>\n<\/div>\n\n\n<hr class=\"wp-block-separator alignwide has-text-color has-accent-2-color has-alpha-channel-opacity has-accent-2-background-color has-background eplus-wrapper\" style=\"margin-top:var(--wp--preset--spacing--30);margin-bottom:var(--wp--preset--spacing--30)\"\/>\n\n\n\n<div class=\"wp-block-group alignwide has-custom-verlauf-1-gradient-background has-background eplus-wrapper has-global-padding is-layout-constrained wp-container-core-group-is-layout-2bcd15f1 wp-block-group-is-layout-constrained\" style=\"border-radius:5px;margin-top:0;margin-bottom:0;padding-top:var(--wp--preset--spacing--30);padding-right:var(--wp--preset--spacing--40);padding-bottom:var(--wp--preset--spacing--30);padding-left:var(--wp--preset--spacing--40)\"><div class=\"wp-block-columns alignwide are-vertically-aligned-center eplus-wrapper is-layout-flex wp-container-core-columns-is-layout-47c06fe3 wp-block-columns-is-layout-flex eplus-styles-uid-bbeeb4\">\n<div class=\"wp-block-column is-vertically-aligned-center eplus-wrapper is-layout-flow wp-container-core-column-is-layout-43dc041e wp-block-column-is-layout-flow\" style=\"padding-top:0;padding-right:0;padding-bottom:0;padding-left:0;flex-basis:44%\">\n<figure class=\"wp-block-image size-full has-custom-border eplus-wrapper\"><img decoding=\"async\" src=\"https:\/\/forte-cultura.com\/wp-content\/uploads\/map_upper-rhine_%C2%A9ECCOFORT1-e1700571920353.jpg\" alt=\"\" class=\"wp-image-487\" style=\"border-radius:15px\"><\/figure>\n<\/div>\n\n\n\n<div class=\"wp-block-column is-vertically-aligned-center eplus-wrapper is-layout-flow wp-block-column-is-layout-flow\" style=\"flex-basis:56%\">\n<h2 class=\"wp-block-heading eplus-wrapper translation-block\">Patrimoine culturel des monuments fortifi\u00e9s<br>de la r\u00e9gion du Rhin sup\u00e9rieur<\/h2>\n\n\n\n<p class=\"eplus-wrapper\">La r\u00e9gion du Rhin sup\u00e9rieur est l'une des r\u00e9gions d'Europe les plus souvent disput\u00e9es. Des monuments fortifi\u00e9s de toutes les \u00e9poques t\u00e9moignent de cette histoire culturelle passionnante. Aujourd'hui, ce sont des monuments pleins de vie et de culture.<\/p>\n\n\n\n<p class=\"eplus-wrapper translation-block\">D\u00e9couvrez l'histoire de la construction des fortifications des 350 derni\u00e8res ann\u00e9es dans les <strong>30 forteresses et mus\u00e9es FORTE CULTURA du Rhin sup\u00e9rieur<\/strong>.<\/p>\n\n\n\n<div class=\"wp-block-buttons eplus-wrapper is-layout-flex wp-block-buttons-is-layout-flex\"><div class=\"is-style-outline wp-block-button eplus-wrapper is-style-outline--1 eplus-styles-uid-fd6edc\"><a class=\"wp-block-button__link wp-element-button\" href=\"https:\/\/forte-cultura.com\/kulturerbe-festungsmonumente-in-der-region-oberrhein-de-fr\/\">En savoir plus<\/a><\/div><\/div>\n<\/div>\n<\/div><\/div>\n\n\n\n<hr class=\"wp-block-separator alignwide has-text-color has-accent-2-color has-alpha-channel-opacity has-accent-2-background-color has-background eplus-wrapper\" style=\"margin-top:var(--wp--preset--spacing--30);margin-bottom:var(--wp--preset--spacing--30)\"\/>\n\n\n<div id=\"travelersmap-container-69f74379661cf\" class=\"travelersmap-container\" style=\"z-index: 1; min-height: 10px; min-width:10px; height:400px;width:100%; max-width:1280px; max-height:; position:relative;\"><div style=\"position:absolute; z-index:-1;top: 50%;text-align: center;display: block;left: 50%;transform: translate(-50%,-50%);\">La carte des voyageurs est en cours de chargement...<br>Si vous constatez cela apr\u00e8s le chargement complet de votre page, les fichiers leafletJS sont manquants.<\/div><\/div>\n\n\n\n<hr class=\"wp-block-separator alignwide has-text-color has-accent-2-color has-alpha-channel-opacity has-accent-2-background-color has-background eplus-wrapper\" style=\"margin-top:var(--wp--preset--spacing--30);margin-bottom:var(--wp--preset--spacing--30)\"\/>","protected":false},"excerpt":{"rendered":"<p>Bunkers militaires : Base d'infanterie Nellkopf I52 (FR)<\/p>","protected":false},"author":1,"featured_media":1685,"comment_status":"open","ping_status":"open","sticky":false,"template":"","format":"standard","meta":{"editor_plus_copied_stylings":"{}","pgc_sgb_lightbox_settings":"","_price":"","_stock":"","_tribe_ticket_header":"","_tribe_default_ticket_provider":"","_tribe_ticket_capacity":"0","_ticket_start_date":"","_ticket_end_date":"","_tribe_ticket_show_description":"","_tribe_ticket_show_not_going":false,"_tribe_ticket_use_global_stock":"","_tribe_ticket_global_stock_level":"","_global_stock_mode":"","_global_stock_cap":"","_tribe_rsvp_for_event":"","_tribe_ticket_going_count":"","_tribe_ticket_not_going_count":"","_tribe_tickets_list":"[]","_tribe_ticket_has_attendee_info_fields":false,"_EventAllDay":false,"_EventTimezone":"","_EventStartDate":"","_EventEndDate":"","_EventStartDateUTC":"","_EventEndDateUTC":"","_EventShowMap":false,"_EventShowMapLink":false,"_EventURL":"","_EventCost":"","_EventCostDescription":"","_EventCurrencySymbol":"","_EventCurrencyCode":"","_EventCurrencyPosition":"","_EventDateTimeSeparator":"","_EventTimeRangeSeparator":"","_EventOrganizerID":[],"_EventVenueID":[],"_OrganizerEmail":"","_OrganizerPhone":"","_OrganizerWebsite":"","_VenueAddress":"","_VenueCity":"","_VenueCountry":"","_VenueProvince":"","_VenueState":"","_VenueZip":"","_VenuePhone":"","_VenueURL":"","_VenueStateProvince":"","_VenueLat":"","_VenueLng":"","_VenueShowMap":false,"_VenueShowMapLink":false,"footnotes":""},"categories":[417,30,36,19,48,50],"tags":[45,51,421,431,67],"class_list":["post-1683","post","type-post","status-publish","format-standard","has-post-thumbnail","hentry","category-festungen-und-wehrgeschichte-oberrhein-1870-1999","category-festungserbe-20-jh","category-festungserbe-oberrhein","category-stationen","category-frankreich","category-militaerbunker","tag-bunker","tag-elsass","tag-erster-weltkrieg","tag-strasbourg","tag-zweiter-weltkrieg"],"_links":{"self":[{"href":"https:\/\/forte-cultura.com\/fr\/wp-json\/wp\/v2\/posts\/1683","targetHints":{"allow":["GET"]}}],"collection":[{"href":"https:\/\/forte-cultura.com\/fr\/wp-json\/wp\/v2\/posts"}],"about":[{"href":"https:\/\/forte-cultura.com\/fr\/wp-json\/wp\/v2\/types\/post"}],"author":[{"embeddable":true,"href":"https:\/\/forte-cultura.com\/fr\/wp-json\/wp\/v2\/users\/1"}],"replies":[{"embeddable":true,"href":"https:\/\/forte-cultura.com\/fr\/wp-json\/wp\/v2\/comments?post=1683"}],"version-history":[{"count":0,"href":"https:\/\/forte-cultura.com\/fr\/wp-json\/wp\/v2\/posts\/1683\/revisions"}],"wp:featuredmedia":[{"embeddable":true,"href":"https:\/\/forte-cultura.com\/fr\/wp-json\/wp\/v2\/media\/1685"}],"wp:attachment":[{"href":"https:\/\/forte-cultura.com\/fr\/wp-json\/wp\/v2\/media?parent=1683"}],"wp:term":[{"taxonomy":"category","embeddable":true,"href":"https:\/\/forte-cultura.com\/fr\/wp-json\/wp\/v2\/categories?post=1683"},{"taxonomy":"post_tag","embeddable":true,"href":"https:\/\/forte-cultura.com\/fr\/wp-json\/wp\/v2\/tags?post=1683"}],"curies":[{"name":"wp","href":"https:\/\/api.w.org\/{rel}","templated":true}]}}