{"id":1619,"date":"2024-01-08T15:07:34","date_gmt":"2024-01-08T14:07:34","guid":{"rendered":"https:\/\/forte-cultura.com\/?p=1619"},"modified":"2024-10-29T11:11:35","modified_gmt":"2024-10-29T10:11:35","slug":"fortifications-et-histoire-de-la-defense-dans-le-rhin-superieur-1870-1999-de-fr","status":"publish","type":"post","link":"https:\/\/forte-cultura.com\/fr\/festungen-und-wehrgeschichte-am-oberrhein-1870-1999-de-fr\/","title":{"rendered":"Fortifications et histoire de la d\u00e9fense dans le Rhin sup\u00e9rieur 1870-1999 (DE-FR)"},"content":{"rendered":"<div class=\"wp-block-columns alignwide eplus-wrapper is-layout-flex wp-container-core-columns-is-layout-28f84493 wp-block-columns-is-layout-flex eplus-styles-uid-133f14\">\n<div class=\"wp-block-column eplus-wrapper is-layout-flow wp-block-column-is-layout-flow\" style=\"flex-basis:100%\"><p class=\"eplus-wrapper eplus-styles-uid-e7c803\"><em>FORTE CULTURA Groupe fortifi\u00e9 : Fortifications et histoire de la d\u00e9fense dans le Rhin sup\u00e9rieur 1870-1999 (DE-FR)<\/em><\/p>\n\n\n<h2 class=\"wp-block-heading alignwide has-large-font-size eplus-wrapper\"><strong>Le patrimoine cach\u00e9 des fortifications 1870-1999<\/strong><\/h2>\n\n\n\n<h3 class=\"is-style-default wp-block-heading alignwide eplus-wrapper\" style=\"margin-top:var(--wp--preset--spacing--10);margin-bottom:var(--wp--preset--spacing--10);font-size:clamp(1.092rem, 1.092rem + ((1vw - 0.2rem) * 1.013), 1.7rem);\"><em>Histoire europ\u00e9enne dans la r\u00e9gion frontali\u00e8re franco-allemande<\/em><\/h3>\n\n\n\n<p class=\"eplus-wrapper\">La r\u00e9gion du Rhin sup\u00e9rieur est l'une des r\u00e9gions les plus disput\u00e9es d'Europe. D'innombrables ch\u00e2teaux, forteresses, lignes de d\u00e9fense, bunkers militaires et gouvernementaux de part et d'autre de la fronti\u00e8re franco-allemande en font partie, parfois enti\u00e8rement conserv\u00e9s, parfois sous forme de ruines class\u00e9es monuments historiques.<\/p>\n\n\n\n<p class=\"eplus-wrapper translation-block\">Beaucoup de ces monuments fortifi\u00e9s peuvent aujourd'hui \u00eatre visit\u00e9s par les touristes, gr\u00e2ce \u00e0 l'engagement d'associations et de personnes priv\u00e9es. Le <strong>R\u00e9seau r\u00e9gional des fortifications et de l'histoire de la d\u00e9fense dans le Rhin sup\u00e9rieur 1929-1999<\/strong> est une association de plusieurs monuments fortifi\u00e9s et mus\u00e9es qui font partie de FORTE CULTURA en tant que groupe de fortifications. D\u00e9couvrez des architectures fortifi\u00e9es passionnantes et des histoires uniques dans la r\u00e9gion du Rhin sup\u00e9rieur.<\/p>\n\n\n\n<p class=\"eplus-wrapper\"><\/p>\n\n\n\n<div class=\"wp-block-kadence-spacer aligncenter kt-block-spacer-1619_2f0dfc-87\"><div class=\"kt-block-spacer kt-block-spacer-halign-center\"><\/div><\/div>\n\n\n<div class=\"ultp-post-grid-block wp-block-ultimate-post-post-grid-1 ultp-block-8e1777\"><div class=\"ultp-block-wrapper\"><div class=\"ultp-loading\"><div class=\"ultp-loading-blocks\" style=\"width:100%;height:100%;\"><div style=\"left: 0;top: 0;animation-delay:0s;\"><\/div><div style=\"left: 21px;top: 0;animation-delay:0.125s;\"><\/div><div style=\"left: 42px;top: 0;animation-delay:0.25s;\"><\/div><div style=\"left: 0;top: 21px;animation-delay:0.875s;\"><\/div><div style=\"left: 42px;top: 21px;animation-delay:0.375s;\"><\/div><div style=\"left: 0;top: 42px;animation-delay:0.75s;\"><\/div><div style=\"left: 42px;top: 42px;animation-delay:0.625s;\"><\/div><div style=\"left: 21px;top: 42px;animation-delay:0.5s;\"><\/div><\/div><\/div><div class=\"ultp-block-items-wrap ultp-block-row ultp-pg1a-style1 ultp-grid1-responsive ultp-block-column-4 1 ultp-xs-column-1 ultp-layout1\"><div class=\"ultp-block-item post-id-1623\"><div class=\"ultp-block-content-wrap\"><div class=\"ultp-block-image ultp-block-image-zoomIn\"><a href=\"https:\/\/forte-cultura.com\/fr\/dettenheim-russheim-de\/\"><img decoding=\"async\" class=\"ultp-block-image-content\" alt=\"Dettenheim-Ru\u00dfheim (DE)\" src=\"https:\/\/forte-cultura.com\/wp-content\/uploads\/Dettenheim-870x570.png\"><\/a><\/div><div class=\"ultp-block-content\"><h3 class=\"ultp-block-title\"><a href=\"https:\/\/forte-cultura.com\/fr\/dettenheim-russheim-de\/\">Dettenheim-Ru\u00dfheim (DE)<\/a><\/h3><div class=\"ultp-block-excerpt\">Bunker militaire : Mus\u00e9e du Bunker du Westwall Dettenheim-Ru\u00dfheim (DE)<\/div><\/div><\/div><\/div><div class=\"ultp-block-item post-id-1683\"><div class=\"ultp-block-content-wrap\"><div class=\"ultp-block-image ultp-block-image-zoomIn\"><a href=\"https:\/\/forte-cultura.com\/fr\/griesheim-sur-souffel-fr\/\"><img decoding=\"async\" class=\"ultp-block-image-content\" alt=\"Griesheim-sur-Souffel (FR)\" src=\"https:\/\/forte-cultura.com\/wp-content\/uploads\/Nellkopf-870x570.png\"><\/a><\/div><div class=\"ultp-block-content\"><h3 class=\"ultp-block-title\"><a href=\"https:\/\/forte-cultura.com\/fr\/griesheim-sur-souffel-fr\/\">Griesheim-sur-Souffel (FR)<\/a><\/h3><div class=\"ultp-block-excerpt\">Bunkers militaires : Base d'infanterie Nellkopf I52 (FR)<\/div><\/div><\/div><\/div><div class=\"ultp-block-item post-id-1647\"><div class=\"ultp-block-content-wrap\"><div class=\"ultp-block-image ultp-block-image-zoomIn\"><a href=\"https:\/\/forte-cultura.com\/fr\/hornisgrinde-de\/\"><img decoding=\"async\" class=\"ultp-block-image-content\" alt=\"Hornisgrinde (DE)\" src=\"https:\/\/forte-cultura.com\/wp-content\/uploads\/Hornisgrinde-870x570.png\"><\/a><\/div><div class=\"ultp-block-content\"><h3 class=\"ultp-block-title\"><a href=\"https:\/\/forte-cultura.com\/fr\/hornisgrinde-de\/\">Hornisgrinde (DE)<\/a><\/h3><div class=\"ultp-block-excerpt\">Bunker militaire : ancien bunker de commandement fran\u00e7ais Hornisgrinde (DE)<\/div><\/div><\/div><\/div><div class=\"ultp-block-item post-id-1636\"><div class=\"ultp-block-content-wrap\"><div class=\"ultp-block-image ultp-block-image-zoomIn\"><a href=\"https:\/\/forte-cultura.com\/fr\/kehl-neumuehl-de\/\"><img decoding=\"async\" class=\"ultp-block-image-content\" alt=\"Kehl-Neum\u00fchl (DE)\" src=\"https:\/\/forte-cultura.com\/wp-content\/uploads\/Neumuehl-870x570.png\"><\/a><\/div><div class=\"ultp-block-content\"><h3 class=\"ultp-block-title\"><a href=\"https:\/\/forte-cultura.com\/fr\/kehl-neumuehl-de\/\">Kehl-Neum\u00fchl (DE)<\/a><\/h3><div class=\"ultp-block-excerpt\">Bunkers militaires : Westwall-Tarnbunker Kehl-Neum\u00fchl (DE)<\/div><\/div><\/div><\/div><div class=\"ultp-block-item post-id-1656\"><div class=\"ultp-block-content-wrap\"><div class=\"ultp-block-image ultp-block-image-zoomIn\"><a href=\"https:\/\/forte-cultura.com\/fr\/neuried-altenheimde\/\"><img decoding=\"async\" class=\"ultp-block-image-content\" alt=\"Neuried Altenheim (DE)\" src=\"https:\/\/forte-cultura.com\/wp-content\/uploads\/Emilie-870x570.png\"><\/a><\/div><div class=\"ultp-block-content\"><h3 class=\"ultp-block-title\"><a href=\"https:\/\/forte-cultura.com\/fr\/neuried-altenheimde\/\">Neuried Altenheim (DE)<\/a><\/h3><div class=\"ultp-block-excerpt\">Bunkers militaires : Westwall-Tarnbunker \"Emilie\" (DE)<\/div><\/div><\/div><\/div><div class=\"ultp-block-item post-id-1690\"><div class=\"ultp-block-content-wrap\"><div class=\"ultp-block-image ultp-block-image-zoomIn\"><a href=\"https:\/\/forte-cultura.com\/fr\/reimerswiller-fr\/\"><img decoding=\"async\" class=\"ultp-block-image-content\" alt=\"Reimerswiller (FR)\" src=\"https:\/\/forte-cultura.com\/wp-content\/uploads\/Reimerswiller-870x570.png\"><\/a><\/div><div class=\"ultp-block-content\"><h3 class=\"ultp-block-title\"><a href=\"https:\/\/forte-cultura.com\/fr\/reimerswiller-fr\/\">Reimerswiller (FR)<\/a><\/h3><div class=\"ultp-block-excerpt\">Bunker militaire : Bunker PC Reimerswiller - Mus\u00e9e Historique (FR)<\/div><\/div><\/div><\/div><div class=\"ultp-block-item post-id-1674\"><div class=\"ultp-block-content-wrap\"><div class=\"ultp-block-image ultp-block-image-zoomIn\"><a href=\"https:\/\/forte-cultura.com\/fr\/walbourg-fr\/\"><img decoding=\"async\" class=\"ultp-block-image-content\" alt=\"Walbourg (FR)\" src=\"https:\/\/forte-cultura.com\/wp-content\/uploads\/2MCLADN-Museum-Walbourg-870x570.png\"><\/a><\/div><div class=\"ultp-block-content\"><h3 class=\"ultp-block-title\"><a href=\"https:\/\/forte-cultura.com\/fr\/walbourg-fr\/\">Walbourg (FR)<\/a><\/h3><div class=\"ultp-block-excerpt\">Mus\u00e9e 1870-1945 Alsace (FR)<\/div><\/div><\/div><\/div><\/div><\/div><div class=\"pagination-block-html\" aria-hidden=\"true\" style=\"display: none;\"><\/div><\/div><\/div>\n<\/div>\n\n\n<hr class=\"wp-block-separator alignwide has-text-color has-accent-2-color has-alpha-channel-opacity has-accent-2-background-color has-background eplus-wrapper\" style=\"margin-top:var(--wp--preset--spacing--30);margin-bottom:var(--wp--preset--spacing--30)\"\/>\n\n\n<div id=\"travelersmap-container-69f763185eaed\" class=\"travelersmap-container\" style=\"z-index: 1; min-height: 10px; min-width:10px; height:400px;width:100%; max-width:1280px; max-height:; position:relative;\"><div style=\"position:absolute; z-index:-1;top: 50%;text-align: center;display: block;left: 50%;transform: translate(-50%,-50%);\">La carte des voyageurs est en cours de chargement...<br>Si vous constatez cela apr\u00e8s le chargement complet de votre page, les fichiers leafletJS sont manquants.<\/div><\/div>\n\n\n\n<hr class=\"wp-block-separator alignwide has-text-color has-accent-2-color has-alpha-channel-opacity has-accent-2-background-color has-background eplus-wrapper\" style=\"margin-top:var(--wp--preset--spacing--30);margin-bottom:var(--wp--preset--spacing--30)\"\/>\n\n\n<div class=\"wp-block-columns alignwide eplus-wrapper is-layout-flex wp-container-core-columns-is-layout-28f84493 wp-block-columns-is-layout-flex eplus-styles-uid-25c881\">\n<div class=\"wp-block-column eplus-wrapper is-layout-flow wp-block-column-is-layout-flow\">\n<h3 class=\"wp-block-heading has-custom-farbe-1-color has-text-color has-link-color eplus-wrapper wp-elements-7c4605c851d6b7f61ba2dda841b1edce\">Bunker-Tour-Hausach<\/h3>\n\n\n\n<p class=\"eplus-wrapper\"><strong><a href=\"https:\/\/forte-cultura.com\/westwall-radtour\/\" data-type=\"post\" data-id=\"2216\">Tour \u00e0 v\u00e9lo du Westwall avec guide FORTE CULTURA<\/a><\/strong><\/p>\n\n\n\n<p class=\"eplus-wrapper\">Plongez dans le monde cach\u00e9 des barrages antichars \u00e0 travers des lignes de bosses, des tranch\u00e9es humides et s\u00e8ches, des murs et des entonnoirs explosifs. D\u00e9couvrez des ouvrages de protection cach\u00e9s, du bunker d'un seul homme \u00e0 l'ouvrage B. La randonn\u00e9e \u00e0 v\u00e9lo d\u00e9bute \u00e0 la gare de W\u00f6rth am Rhein et longe les lignes de d\u00e9fense du Westwall sur environ 47 kilom\u00e8tres jusqu'\u00e0 Bad Bergzabern, o\u00f9 l'on termine par la visite du mus\u00e9e du Westwall dans le bunker encore conserv\u00e9.<\/p>\n\n\n\n<p class=\"eplus-wrapper translation-block\">Point de rencontre : Gare, 76744 W\u00f6rth am Rhein<br>Equipement : V\u00e9lo adapt\u00e9 aux chemins de terre ou VTT<br>Dur\u00e9e : env. 6 heures (longueur env. 47 km)<br><a href=\"https:\/\/forte-cultura.com\/fr\/westwall-radtour\/\" data-type=\"post\" data-id=\"2216\" target=\"_self\">plus d'informations<\/a>.<\/p>\n<\/div>\n<\/div>\n\n\n<hr class=\"wp-block-separator alignwide has-text-color has-accent-2-color has-alpha-channel-opacity has-accent-2-background-color has-background eplus-wrapper\" style=\"margin-top:var(--wp--preset--spacing--30);margin-bottom:var(--wp--preset--spacing--30)\"\/>\n\n\n\n<div class=\"wp-block-group alignwide has-custom-verlauf-1-gradient-background has-background eplus-wrapper has-global-padding is-layout-constrained wp-container-core-group-is-layout-2bcd15f1 wp-block-group-is-layout-constrained\" style=\"border-radius:5px;margin-top:0;margin-bottom:0;padding-top:var(--wp--preset--spacing--30);padding-right:var(--wp--preset--spacing--40);padding-bottom:var(--wp--preset--spacing--30);padding-left:var(--wp--preset--spacing--40)\"><div class=\"wp-block-columns alignwide are-vertically-aligned-center eplus-wrapper is-layout-flex wp-container-core-columns-is-layout-47c06fe3 wp-block-columns-is-layout-flex eplus-styles-uid-bbeeb4\">\n<div class=\"wp-block-column is-vertically-aligned-center eplus-wrapper is-layout-flow wp-container-core-column-is-layout-43dc041e wp-block-column-is-layout-flow\" style=\"padding-top:0;padding-right:0;padding-bottom:0;padding-left:0;flex-basis:44%\">\n<figure class=\"wp-block-image size-full has-custom-border eplus-wrapper\"><img decoding=\"async\" src=\"https:\/\/forte-cultura.com\/wp-content\/uploads\/map_upper-rhine_%C2%A9ECCOFORT1-e1700571920353.jpg\" alt=\"\" class=\"wp-image-487\" style=\"border-radius:15px\"><\/figure>\n<\/div>\n\n\n\n<div class=\"wp-block-column is-vertically-aligned-center eplus-wrapper is-layout-flow wp-block-column-is-layout-flow\" style=\"flex-basis:56%\">\n<h2 class=\"wp-block-heading eplus-wrapper translation-block\">Patrimoine culturel des monuments fortifi\u00e9s<br>de la r\u00e9gion du Rhin sup\u00e9rieur<\/h2>\n\n\n\n<p class=\"eplus-wrapper\">La r\u00e9gion du Rhin sup\u00e9rieur est l'une des r\u00e9gions d'Europe les plus souvent disput\u00e9es. Des monuments fortifi\u00e9s de toutes les \u00e9poques t\u00e9moignent de cette histoire culturelle passionnante. Aujourd'hui, ce sont des monuments pleins de vie et de culture.<\/p>\n\n\n\n<p class=\"eplus-wrapper translation-block\">D\u00e9couvrez l'histoire de la construction des fortifications des 350 derni\u00e8res ann\u00e9es dans les <strong>30 forteresses et mus\u00e9es FORTE CULTURA du Rhin sup\u00e9rieur<\/strong>.<\/p>\n\n\n\n<div class=\"wp-block-buttons eplus-wrapper is-layout-flex wp-block-buttons-is-layout-flex\"><div class=\"is-style-outline wp-block-button eplus-wrapper is-style-outline--1 eplus-styles-uid-fd6edc\"><a class=\"wp-block-button__link wp-element-button\" href=\"https:\/\/forte-cultura.com\/kulturerbe-festungsmonumente-in-der-region-oberrhein-de-fr\/\">En savoir plus<\/a><\/div><\/div>\n<\/div>\n<\/div><\/div>\n\n\n\n<hr class=\"wp-block-separator alignwide has-text-color has-accent-2-color has-alpha-channel-opacity has-accent-2-background-color has-background eplus-wrapper\" style=\"margin-top:var(--wp--preset--spacing--30);margin-bottom:var(--wp--preset--spacing--30)\"\/>\n\n\n\n<h2 class=\"wp-block-heading alignwide eplus-wrapper\">\u00c9v\u00e9nements<\/h2>\n\n\n<div class=\"wp-block-columns alignwide eplus-wrapper is-layout-flex wp-container-core-columns-is-layout-28f84493 wp-block-columns-is-layout-flex eplus-styles-uid-bd4fda\">\n<div class=\"wp-block-column eplus-wrapper is-layout-flow wp-block-column-is-layout-flow\" style=\"flex-basis:100%\">\n<p class=\"eplus-wrapper\">De nombreux monuments sont g\u00e9r\u00e9s par des b\u00e9n\u00e9voles et ne sont pas ouverts en permanence. Il est toutefois possible de visiter ces forteresses passionnantes dans le cadre de visites guid\u00e9es et de manifestations. <a href=\"https:\/\/brand-denkmalschutz.de\/veranstaltungen-2024\/\" target=\"_blank\" rel=\"noreferrer noopener\">Calendrier des manifestations<\/a><\/p>\n\n\n\n<p class=\"eplus-wrapper\"><\/p>\n\n\n\n<h4 class=\"wp-block-heading eplus-wrapper\"><strong>80 ans de la fin de la Seconde Guerre mondiale dans les forteresses<\/strong><\/h4>\n\n\n\n<p class=\"eplus-wrapper\">A l'occasion du 80e anniversaire de la fin de la Seconde Guerre mondiale, de nombreuses manifestations comm\u00e9moratives auront lieu en 2024 et 2025, notamment dans la r\u00e9gion du Rhin sup\u00e9rieur. <a href=\"https:\/\/forte-cultura.com\/gedenkstaetten-und-mahnmale\/\" data-type=\"post\" data-id=\"2359\">Monuments comm\u00e9moratifs et m\u00e9moriaux dans les forteresses FORTE CULTURA<\/a><\/p>\n\n\n\n<p class=\"eplus-wrapper\"><em>Affiche et d\u00e9pliant Manifestations comm\u00e9moratives 2024-2025 dans le Rhin sup\u00e9rieur<\/em><\/p>\n\n\n<div class=\"wp-block-columns eplus-wrapper is-layout-flex wp-container-core-columns-is-layout-28f84493 wp-block-columns-is-layout-flex eplus-styles-uid-0a30b6\">\n<div class=\"wp-block-column eplus-wrapper is-layout-flow wp-block-column-is-layout-flow\">\n<figure class=\"wp-block-image size-large eplus-wrapper\"><img loading=\"lazy\" decoding=\"async\" width=\"724\" height=\"1024\" src=\"https:\/\/forte-cultura.com\/wp-content\/uploads\/Poster-80J-WW2-Oberrhein-724x1024.jpg\" alt=\"\" class=\"wp-image-2947\" srcset=\"https:\/\/forte-cultura.com\/wp-content\/uploads\/Poster-80J-WW2-Oberrhein-724x1024.jpg 724w, https:\/\/forte-cultura.com\/wp-content\/uploads\/Poster-80J-WW2-Oberrhein-212x300.jpg 212w, https:\/\/forte-cultura.com\/wp-content\/uploads\/Poster-80J-WW2-Oberrhein-768x1086.jpg 768w, https:\/\/forte-cultura.com\/wp-content\/uploads\/Poster-80J-WW2-Oberrhein-1086x1536.jpg 1086w, https:\/\/forte-cultura.com\/wp-content\/uploads\/Poster-80J-WW2-Oberrhein-8x12.jpg 8w, https:\/\/forte-cultura.com\/wp-content\/uploads\/Poster-80J-WW2-Oberrhein-200x283.jpg 200w, https:\/\/forte-cultura.com\/wp-content\/uploads\/Poster-80J-WW2-Oberrhein.jpg 1131w\" sizes=\"auto, (max-width: 724px) 100vw, 724px\" \/><figcaption class=\"wp-element-caption\">Poster 80 ans de la fin de la Seconde Guerre mondiale dans le Rhin sup\u00e9rieur<\/figcaption><\/figure>\n<\/div>\n\n\n\n<div class=\"wp-block-column eplus-wrapper is-layout-flow wp-block-column-is-layout-flow\">\n<figure class=\"wp-block-image size-full eplus-wrapper\"><img loading=\"lazy\" decoding=\"async\" width=\"1000\" height=\"705\" src=\"https:\/\/forte-cultura.com\/wp-content\/uploads\/Vorderseite-80-Jahre-Oberrhein.jpg\" alt=\"\" class=\"wp-image-2933\" srcset=\"https:\/\/forte-cultura.com\/wp-content\/uploads\/Vorderseite-80-Jahre-Oberrhein.jpg 1000w, https:\/\/forte-cultura.com\/wp-content\/uploads\/Vorderseite-80-Jahre-Oberrhein-300x212.jpg 300w, https:\/\/forte-cultura.com\/wp-content\/uploads\/Vorderseite-80-Jahre-Oberrhein-768x541.jpg 768w, https:\/\/forte-cultura.com\/wp-content\/uploads\/Vorderseite-80-Jahre-Oberrhein-18x12.jpg 18w, https:\/\/forte-cultura.com\/wp-content\/uploads\/Vorderseite-80-Jahre-Oberrhein-200x141.jpg 200w\" sizes=\"auto, (max-width: 1000px) 100vw, 1000px\" \/><\/figure>\n\n\n\n<figure class=\"wp-block-image size-large eplus-wrapper\"><img loading=\"lazy\" decoding=\"async\" width=\"1024\" height=\"725\" src=\"https:\/\/forte-cultura.com\/wp-content\/uploads\/Rueckseite-80-Jahre-Oberrhein-1024x725.jpg\" alt=\"\" class=\"wp-image-2934\" srcset=\"https:\/\/forte-cultura.com\/wp-content\/uploads\/Rueckseite-80-Jahre-Oberrhein-1024x725.jpg 1024w, https:\/\/forte-cultura.com\/wp-content\/uploads\/Rueckseite-80-Jahre-Oberrhein-300x212.jpg 300w, https:\/\/forte-cultura.com\/wp-content\/uploads\/Rueckseite-80-Jahre-Oberrhein-768x544.jpg 768w, https:\/\/forte-cultura.com\/wp-content\/uploads\/Rueckseite-80-Jahre-Oberrhein-18x12.jpg 18w, https:\/\/forte-cultura.com\/wp-content\/uploads\/Rueckseite-80-Jahre-Oberrhein-200x142.jpg 200w, https:\/\/forte-cultura.com\/wp-content\/uploads\/Rueckseite-80-Jahre-Oberrhein.jpg 1305w\" sizes=\"auto, (max-width: 1024px) 100vw, 1024px\" \/><\/figure>\n<\/div>\n<\/div>\n\n\n<p class=\"eplus-wrapper\"><\/p>\n<\/div>\n<\/div>\n\n\n<hr class=\"wp-block-separator alignwide has-text-color has-accent-2-color has-alpha-channel-opacity has-accent-2-background-color has-background eplus-wrapper\" style=\"margin-top:var(--wp--preset--spacing--30);margin-bottom:var(--wp--preset--spacing--30)\"\/>\n\n\n\n<p class=\"eplus-wrapper\"><\/p>","protected":false},"excerpt":{"rendered":"<p>FORTE CULTURA Festungsgruppe : Fortifications et histoire de la d\u00e9fense dans le Rhin sup\u00e9rieur 1870-1999 (DE-FR)<\/p>","protected":false},"author":1,"featured_media":1620,"comment_status":"open","ping_status":"open","sticky":false,"template":"","format":"standard","meta":{"editor_plus_copied_stylings":"{}","pgc_sgb_lightbox_settings":"","_price":"","_stock":"","_tribe_ticket_header":"","_tribe_default_ticket_provider":"","_tribe_ticket_capacity":"0","_ticket_start_date":"","_ticket_end_date":"","_tribe_ticket_show_description":"","_tribe_ticket_show_not_going":false,"_tribe_ticket_use_global_stock":"","_tribe_ticket_global_stock_level":"","_global_stock_mode":"","_global_stock_cap":"","_tribe_rsvp_for_event":"","_tribe_ticket_going_count":"","_tribe_ticket_not_going_count":"","_tribe_tickets_list":"[]","_tribe_ticket_has_attendee_info_fields":false,"_EventAllDay":false,"_EventTimezone":"","_EventStartDate":"","_EventEndDate":"","_EventStartDateUTC":"","_EventEndDateUTC":"","_EventShowMap":false,"_EventShowMapLink":false,"_EventURL":"","_EventCost":"","_EventCostDescription":"","_EventCurrencySymbol":"","_EventCurrencyCode":"","_EventCurrencyPosition":"","_EventDateTimeSeparator":"","_EventTimeRangeSeparator":"","_EventOrganizerID":[],"_EventVenueID":[],"_OrganizerEmail":"","_OrganizerPhone":"","_OrganizerWebsite":"","_VenueAddress":"","_VenueCity":"","_VenueCountry":"","_VenueProvince":"","_VenueState":"","_VenueZip":"","_VenuePhone":"","_VenueURL":"","_VenueStateProvince":"","_VenueLat":"","_VenueLng":"","_VenueShowMap":false,"_VenueShowMapLink":false,"footnotes":""},"categories":[36,66],"tags":[45,49,415,67],"class_list":["post-1619","post","type-post","status-publish","format-standard","has-post-thumbnail","hentry","category-festungserbe-oberrhein","category-verteidigungslinie-20-jh","tag-bunker","tag-maginot-linie","tag-westwall","tag-zweiter-weltkrieg"],"_links":{"self":[{"href":"https:\/\/forte-cultura.com\/fr\/wp-json\/wp\/v2\/posts\/1619","targetHints":{"allow":["GET"]}}],"collection":[{"href":"https:\/\/forte-cultura.com\/fr\/wp-json\/wp\/v2\/posts"}],"about":[{"href":"https:\/\/forte-cultura.com\/fr\/wp-json\/wp\/v2\/types\/post"}],"author":[{"embeddable":true,"href":"https:\/\/forte-cultura.com\/fr\/wp-json\/wp\/v2\/users\/1"}],"replies":[{"embeddable":true,"href":"https:\/\/forte-cultura.com\/fr\/wp-json\/wp\/v2\/comments?post=1619"}],"version-history":[{"count":0,"href":"https:\/\/forte-cultura.com\/fr\/wp-json\/wp\/v2\/posts\/1619\/revisions"}],"wp:featuredmedia":[{"embeddable":true,"href":"https:\/\/forte-cultura.com\/fr\/wp-json\/wp\/v2\/media\/1620"}],"wp:attachment":[{"href":"https:\/\/forte-cultura.com\/fr\/wp-json\/wp\/v2\/media?parent=1619"}],"wp:term":[{"taxonomy":"category","embeddable":true,"href":"https:\/\/forte-cultura.com\/fr\/wp-json\/wp\/v2\/categories?post=1619"},{"taxonomy":"post_tag","embeddable":true,"href":"https:\/\/forte-cultura.com\/fr\/wp-json\/wp\/v2\/tags?post=1619"}],"curies":[{"name":"wp","href":"https:\/\/api.w.org\/{rel}","templated":true}]}}