{"id":3543,"global_id":"forte-cultura.com\/fr?id=3543","global_id_lineage":["forte-cultura.com\/fr?id=3543"],"author":"1","status":"publish","date":"2025-07-18 10:29:34","date_utc":"2025-07-18 08:29:34","modified":"2025-07-18 10:29:38","modified_utc":"2025-07-18 08:29:38","url":"https:\/\/forte-cultura.com\/fr\/event\/kess-tierisch-gute-freunde-kinder-mit-mach-konzert-torgau-de\/","rest_url":"https:\/\/forte-cultura.com\/fr\/wp-json\/tribe\/events\/v1\/events\/3543","title":"KESS &amp; tierisch gute Freunde: Kinder-mit-mach-Konzert, Torgau (DE)","description":"<div  class=\"tribe-events-schedule tribe-clearfix\" >\n\t<p class=\"tribe-events-schedule__datetime\">\n\t\t<span class=\"tribe-events-schedule__date tribe-events-schedule__date--start\">\n\t\t\t\t\t<\/span>\n\n\t\t\t\t\t<span class=\"tribe-events-schedule__separator tribe-events-schedule__separator--date\">\n\t\t\t\t @ \t\t\t<\/span>\n\t\t\t<span class=\"tribe-events-schedule__time tribe-events-schedule__time--start\">\n\t\t\t\t\t\t\t<\/span>\n\t\t\n\t\t\t<\/p>\n<\/div>\n\n\n\n<p class=\" eplus-wrapper\"><\/p>\n\n\n\n<p class=\" eplus-wrapper\">Mitmach-Konzerte f\u00fcr die ganze Familie <br>Das Leipziger Kinderprogramm Abenteuer mit KESS begeistert seit \u00fcber zehn Jahren mit klugen und lustigen musikalischen Mitmach-Programmen. Deutschlandweit auf kleinen bis riesigen B\u00fchnen. <\/p>\n\n\n<div  class=\"tribe-block tribe-block__event-price\" >\n\t\t\t\t<span class=\"tribe-block__event-price__description\">Eintritt<\/span>\n\t<\/div>\n\n\n<div  class=\"tribe-block tribe-block__organizer__details tribe-clearfix\" >\n\t<div class=\"tribe-block__organizer__title\">\n\t\t<h3>Torgau-Informations-Center<\/h3>\n\t<\/div>\n\t\t\t\t<p class=\"tribe-block__organizer__website\"><a href=\"https:\/\/www.torgau-tourismus.de\" target=\"_blank\" rel=\"noopener noreferrer\">Voir le site Organisateur<\/a><\/p>\n\t\t<\/div>\n\n\n\n<p class=\" eplus-wrapper\">Befestigtes Schloss Hartenfels<\/p>\n\n\n\n<figure class=\" wp-block-image size-large eplus-wrapper\"><img loading=\"lazy\" decoding=\"async\" width=\"1024\" height=\"683\" src=\"https:\/\/forte-cultura.com\/wp-content\/uploads\/MLZCLi4g4R8I-Hartenfels_Castle_Torgau\u00a9Philipp_Herfort-1024x683.jpg\" alt=\"\" class=\"wp-image-3534\" srcset=\"https:\/\/forte-cultura.com\/wp-content\/uploads\/MLZCLi4g4R8I-Hartenfels_Castle_Torgau\u00a9Philipp_Herfort-1024x683.jpg 1024w, https:\/\/forte-cultura.com\/wp-content\/uploads\/MLZCLi4g4R8I-Hartenfels_Castle_Torgau\u00a9Philipp_Herfort-300x200.jpg 300w, https:\/\/forte-cultura.com\/wp-content\/uploads\/MLZCLi4g4R8I-Hartenfels_Castle_Torgau\u00a9Philipp_Herfort-768x512.jpg 768w, https:\/\/forte-cultura.com\/wp-content\/uploads\/MLZCLi4g4R8I-Hartenfels_Castle_Torgau\u00a9Philipp_Herfort-1536x1025.jpg 1536w, https:\/\/forte-cultura.com\/wp-content\/uploads\/MLZCLi4g4R8I-Hartenfels_Castle_Torgau\u00a9Philipp_Herfort-18x12.jpg 18w, https:\/\/forte-cultura.com\/wp-content\/uploads\/MLZCLi4g4R8I-Hartenfels_Castle_Torgau\u00a9Philipp_Herfort-1200x800.jpg 1200w, https:\/\/forte-cultura.com\/wp-content\/uploads\/MLZCLi4g4R8I-Hartenfels_Castle_Torgau\u00a9Philipp_Herfort.jpg 2000w\" sizes=\"auto, (max-width: 1024px) 100vw, 1024px\" \/><figcaption class=\"wp-element-caption\">Blick in den Innenhof des Schlosses Hartenfels<\/figcaption><\/figure>\n\n\n\n<p class=\" eplus-wrapper\">Das Renaissanceschloss Hartenfels ist ein beeindruckendes Zeugnis der deutschen Fr\u00fchrenaissance und das einzige seiner Art, das bis heute vollst\u00e4ndig erhalten geblieben ist. Schon beim Betreten des prachtvollen Schlosshofs wird der Glanz dieser Epoche sp\u00fcrbar. Ein architektonisches Meisterwerk ist der Gro\u00dfe Wendelstein, eine freitragende Treppe, die ohne zentralen St\u00fctzpfeiler nach oben f\u00fchrt \u2013 eine bahnbrechende Leistung des Baumeisters Konrad Krebs. Einst z\u00e4hlte das Schloss zu den modernsten Wohnschl\u00f6ssern Sachsens und war Schauplatz glanzvoller Feste, Landtage und Hochzeiten. Unter Kurf\u00fcrst Johann Friedrich entwickelte es sich zudem zu einem wichtigen Zentrum der Musikpflege. Nachdem die s\u00e4chsischen Kurf\u00fcrsten ihren Regierungssitz nach Dresden verlegten, \u00e4nderte sich die Nutzung des Schlosses \u2013 es diente sp\u00e4ter unter anderem als Kaserne.<\/p>\n\n\n<div  class=\"tribe-block tribe-block__venue tribe-clearfix tribe-block__venue--has-map\" >\n\t\n\t\t\n<div class=\"tribe-block__venue__map\">\n\t<div id=\"tribe-events-gmap-0\" style=\"height: 256px; width: 310px\" aria-hidden=\"true\"><\/div><!-- #tribe-events-gmap- -->\n<\/div>\n\n\t<\/div>\n\n\n\n\n\t<div  class=\"tribe-block tribe-block__events-link\" >\n\t\t<div class=\"tribe-events tribe-common\">\n\t\t\t<div class=\"tribe-events-c-subscribe-dropdown__container\">\n\t\t\t\t<div class=\"tribe-events-c-subscribe-dropdown\">\n\t\t\t\t\t<div class=\"tribe-common-c-btn-border tribe-events-c-subscribe-dropdown__button\">\n\t\t\t\t\t\t<svg\n\t class=\"tribe-common-c-svgicon tribe-common-c-svgicon--cal-export tribe-events-c-subscribe-dropdown__export-icon\" \taria-hidden=\"true\"\n\tviewBox=\"0 0 23 17\"\n\txmlns=\"http:\/\/www.w3.org\/2000\/svg\"\n>\n\t<path fill-rule=\"evenodd\" clip-rule=\"evenodd\" d=\"M.128.896V16.13c0 .211.145.383.323.383h15.354c.179 0 .323-.172.323-.383V.896c0-.212-.144-.383-.323-.383H.451C.273.513.128.684.128.896Zm16 6.742h-.901V4.679H1.009v10.729h14.218v-3.336h.901V7.638ZM1.01 1.614h14.218v2.058H1.009V1.614Z\" \/>\n\t<path d=\"M20.5 9.846H8.312M18.524 6.953l2.89 2.909-2.855 2.855\" stroke-width=\"1.2\" stroke-linecap=\"round\" stroke-linejoin=\"round\"\/>\n<\/svg>\n\t\t\t\t\t\t<button\n\t\t\t\t\t\t\tclass=\"tribe-events-c-subscribe-dropdown__button-text\"\n\t\t\t\t\t\t\taria-expanded=\"false\"\n\t\t\t\t\t\t\taria-controls=\"tribe-events-subscribe-dropdown-content\"\n\t\t\t\t\t\t\taria-label=\"Afficher les liens permettant d\u2019ajouter des \u00e9v\u00e8nements \u00e0 votre calendrier\"\n\t\t\t\t\t\t>\n\t\t\t\t\t\t\tAjouter au calendrier\t\t\t\t\t\t<\/button>\n\t\t\t\t\t\t<svg\n\t class=\"tribe-common-c-svgicon tribe-common-c-svgicon--caret-down tribe-events-c-subscribe-dropdown__button-icon\" \taria-hidden=\"true\"\n\tviewBox=\"0 0 10 7\"\n\txmlns=\"http:\/\/www.w3.org\/2000\/svg\"\n>\n\t<path fill-rule=\"evenodd\" clip-rule=\"evenodd\" d=\"M1.008.609L5 4.6 8.992.61l.958.958L5 6.517.05 1.566l.958-.958z\" class=\"tribe-common-c-svgicon__svg-fill\"\/>\n<\/svg>\n\t\t\t\t\t<\/div>\n\t\t\t\t\t<div id=\"tribe-events-subscribe-dropdown-content\" class=\"tribe-events-c-subscribe-dropdown__content\">\n\t\t\t\t\t\t<ul class=\"tribe-events-c-subscribe-dropdown__list\">\n\t\t\t\t\t\t\t\t\t\t\t\t\t\t\t<li class=\"tribe-events-c-subscribe-dropdown__list-item tribe-events-c-subscribe-dropdown__list-item--gcal\">\n\t\t\t\t\t\t\t\t\t<a\n\t\t\t\t\t\t\t\t\t\thref=\"\"\n\t\t\t\t\t\t\t\t\t\tclass=\"tribe-events-c-subscribe-dropdown__list-item-link\"\n\t\t\t\t\t\t\t\t\t\ttarget=\"_blank\"\n\t\t\t\t\t\t\t\t\t\trel=\"noopener noreferrer nofollow noindex\"\n\t\t\t\t\t\t\t\t\t>\n\t\t\t\t\t\t\t\t\t\tGoogle Agenda\t\t\t\t\t\t\t\t\t<\/a>\n\t\t\t\t\t\t\t\t<\/li>\n\t\t\t\t\t\t\t\t\t\t\t\t\t\t\t<li class=\"tribe-events-c-subscribe-dropdown__list-item tribe-events-c-subscribe-dropdown__list-item--ical\">\n\t\t\t\t\t\t\t\t\t<a\n\t\t\t\t\t\t\t\t\t\thref=\"\"\n\t\t\t\t\t\t\t\t\t\tclass=\"tribe-events-c-subscribe-dropdown__list-item-link\"\n\t\t\t\t\t\t\t\t\t\ttarget=\"_blank\"\n\t\t\t\t\t\t\t\t\t\trel=\"noopener noreferrer nofollow noindex\"\n\t\t\t\t\t\t\t\t\t>\n\t\t\t\t\t\t\t\t\t\tiCalendar\t\t\t\t\t\t\t\t\t<\/a>\n\t\t\t\t\t\t\t\t<\/li>\n\t\t\t\t\t\t\t\t\t\t\t\t\t\t\t<li class=\"tribe-events-c-subscribe-dropdown__list-item tribe-events-c-subscribe-dropdown__list-item--outlook-365\">\n\t\t\t\t\t\t\t\t\t<a\n\t\t\t\t\t\t\t\t\t\thref=\"\"\n\t\t\t\t\t\t\t\t\t\tclass=\"tribe-events-c-subscribe-dropdown__list-item-link\"\n\t\t\t\t\t\t\t\t\t\ttarget=\"_blank\"\n\t\t\t\t\t\t\t\t\t\trel=\"noopener noreferrer nofollow noindex\"\n\t\t\t\t\t\t\t\t\t>\n\t\t\t\t\t\t\t\t\t\tOutlook 365\t\t\t\t\t\t\t\t\t<\/a>\n\t\t\t\t\t\t\t\t<\/li>\n\t\t\t\t\t\t\t\t\t\t\t\t\t\t\t<li class=\"tribe-events-c-subscribe-dropdown__list-item tribe-events-c-subscribe-dropdown__list-item--outlook-live\">\n\t\t\t\t\t\t\t\t\t<a\n\t\t\t\t\t\t\t\t\t\thref=\"\"\n\t\t\t\t\t\t\t\t\t\tclass=\"tribe-events-c-subscribe-dropdown__list-item-link\"\n\t\t\t\t\t\t\t\t\t\ttarget=\"_blank\"\n\t\t\t\t\t\t\t\t\t\trel=\"noopener noreferrer nofollow noindex\"\n\t\t\t\t\t\t\t\t\t>\n\t\t\t\t\t\t\t\t\t\tOutlook Live\t\t\t\t\t\t\t\t\t<\/a>\n\t\t\t\t\t\t\t\t<\/li>\n\t\t\t\t\t\t\t\t\t\t\t\t\t<\/ul>\n\t\t\t\t\t<\/div>\n\t\t\t\t<\/div>\n\t\t\t<\/div>\n\t\t<\/div>\n\t<\/div>","excerpt":"","slug":"kess-tierisch-gute-freunde-kinder-mit-mach-konzert-torgau-de","image":{"url":"https:\/\/forte-cultura.com\/wp-content\/uploads\/xi0RyThE28HI-Schloss-Hartenfels-Torgau-Groser-Wendelstein-Foto-Andreas-Franke_w.jpg","id":3544,"extension":"jpg","width":2000,"height":1333,"filesize":450648,"sizes":{"medium":{"width":300,"height":200,"mime-type":"image\/jpeg","filesize":16376,"url":"https:\/\/forte-cultura.com\/wp-content\/uploads\/xi0RyThE28HI-Schloss-Hartenfels-Torgau-Groser-Wendelstein-Foto-Andreas-Franke_w-300x200.jpg"},"large":{"width":1024,"height":682,"mime-type":"image\/jpeg","filesize":127067,"url":"https:\/\/forte-cultura.com\/wp-content\/uploads\/xi0RyThE28HI-Schloss-Hartenfels-Torgau-Groser-Wendelstein-Foto-Andreas-Franke_w-1024x682.jpg"},"thumbnail":{"width":150,"height":150,"mime-type":"image\/jpeg","filesize":7570,"url":"https:\/\/forte-cultura.com\/wp-content\/uploads\/xi0RyThE28HI-Schloss-Hartenfels-Torgau-Groser-Wendelstein-Foto-Andreas-Franke_w-150x150.jpg"},"medium_large":{"width":768,"height":512,"mime-type":"image\/jpeg","filesize":76365,"url":"https:\/\/forte-cultura.com\/wp-content\/uploads\/xi0RyThE28HI-Schloss-Hartenfels-Torgau-Groser-Wendelstein-Foto-Andreas-Franke_w-768x512.jpg"},"1536x1536":{"width":1536,"height":1024,"mime-type":"image\/jpeg","filesize":259811,"url":"https:\/\/forte-cultura.com\/wp-content\/uploads\/xi0RyThE28HI-Schloss-Hartenfels-Torgau-Groser-Wendelstein-Foto-Andreas-Franke_w-1536x1024.jpg"},"trp-custom-language-flag":{"width":18,"height":12,"mime-type":"image\/jpeg","filesize":1035,"url":"https:\/\/forte-cultura.com\/wp-content\/uploads\/xi0RyThE28HI-Schloss-Hartenfels-Torgau-Groser-Wendelstein-Foto-Andreas-Franke_w-18x12.jpg"},"travelersmap-thumb":{"width":300,"height":200,"mime-type":"image\/jpeg","filesize":16376,"url":"https:\/\/forte-cultura.com\/wp-content\/uploads\/xi0RyThE28HI-Schloss-Hartenfels-Torgau-Groser-Wendelstein-Foto-Andreas-Franke_w-300x200.jpg"},"ultp_layout_landscape_large":{"width":1200,"height":800,"mime-type":"image\/jpeg","filesize":168305,"url":"https:\/\/forte-cultura.com\/wp-content\/uploads\/xi0RyThE28HI-Schloss-Hartenfels-Torgau-Groser-Wendelstein-Foto-Andreas-Franke_w-1200x800.jpg"},"ultp_layout_landscape":{"width":870,"height":570,"mime-type":"image\/jpeg","filesize":95475,"url":"https:\/\/forte-cultura.com\/wp-content\/uploads\/xi0RyThE28HI-Schloss-Hartenfels-Torgau-Groser-Wendelstein-Foto-Andreas-Franke_w-870x570.jpg"},"ultp_layout_portrait":{"width":600,"height":900,"mime-type":"image\/jpeg","filesize":107092,"url":"https:\/\/forte-cultura.com\/wp-content\/uploads\/xi0RyThE28HI-Schloss-Hartenfels-Torgau-Groser-Wendelstein-Foto-Andreas-Franke_w-600x900.jpg"},"ultp_layout_square":{"width":600,"height":600,"mime-type":"image\/jpeg","filesize":71061,"url":"https:\/\/forte-cultura.com\/wp-content\/uploads\/xi0RyThE28HI-Schloss-Hartenfels-Torgau-Groser-Wendelstein-Foto-Andreas-Franke_w-600x600.jpg"},"cmplz_banner_image":{"width":350,"height":100,"mime-type":"image\/jpeg","filesize":11411,"url":"https:\/\/forte-cultura.com\/wp-content\/uploads\/xi0RyThE28HI-Schloss-Hartenfels-Torgau-Groser-Wendelstein-Foto-Andreas-Franke_w-350x100.jpg"}}},"all_day":true,"start_date":"2025-08-31 00:00:00","start_date_details":{"year":"2025","month":"08","day":"31","hour":"00","minutes":"00","seconds":"00"},"end_date":"2025-08-31 23:59:59","end_date_details":{"year":"2025","month":"08","day":"31","hour":"23","minutes":"59","seconds":"59"},"utc_start_date":"2025-08-30 22:00:00","utc_start_date_details":{"year":"2025","month":"08","day":"30","hour":"22","minutes":"00","seconds":"00"},"utc_end_date":"2025-08-31 21:59:59","utc_end_date_details":{"year":"2025","month":"08","day":"31","hour":"21","minutes":"59","seconds":"59"},"timezone":"Europe\/Berlin","timezone_abbr":"","cost":"\u20ac15,12","cost_details":{"currency_symbol":"\u20ac","currency_code":"EUR","currency_position":"prefix","values":["15.12"]},"website":"","show_map":false,"show_map_link":false,"hide_from_listings":false,"sticky":false,"featured":false,"categories":[{"name":"European Fortress Summer","slug":"efs","term_group":0,"term_taxonomy_id":466,"taxonomy":"tribe_events_cat","description":"","parent":0,"count":23,"filter":"raw","id":466,"urls":{"self":"https:\/\/forte-cultura.com\/fr\/wp-json\/tribe\/events\/v1\/categories\/466","collection":"https:\/\/forte-cultura.com\/fr\/wp-json\/tribe\/events\/v1\/categories"}}],"tags":[{"name":"Familie","slug":"familie","term_group":0,"term_taxonomy_id":461,"taxonomy":"post_tag","description":"","parent":0,"count":28,"filter":"raw","id":461,"urls":{"self":"https:\/\/forte-cultura.com\/fr\/wp-json\/tribe\/events\/v1\/tags\/461","collection":"https:\/\/forte-cultura.com\/fr\/wp-json\/tribe\/events\/v1\/tags"}},{"name":"Kids","slug":"kids","term_group":0,"term_taxonomy_id":460,"taxonomy":"post_tag","description":"","parent":0,"count":22,"filter":"raw","id":460,"urls":{"self":"https:\/\/forte-cultura.com\/fr\/wp-json\/tribe\/events\/v1\/tags\/460","collection":"https:\/\/forte-cultura.com\/fr\/wp-json\/tribe\/events\/v1\/tags"}},{"name":"Konzert","slug":"konzert","term_group":0,"term_taxonomy_id":471,"taxonomy":"post_tag","description":"","parent":0,"count":12,"filter":"raw","id":471,"urls":{"self":"https:\/\/forte-cultura.com\/fr\/wp-json\/tribe\/events\/v1\/tags\/471","collection":"https:\/\/forte-cultura.com\/fr\/wp-json\/tribe\/events\/v1\/tags"}}],"venue":{"id":3532,"author":"1","status":"publish","date":"2025-07-18 09:59:20","date_utc":"0000-00-00 00:00:00","modified":"2025-07-18 09:59:20","modified_utc":"2025-07-18 07:59:20","url":"https:\/\/forte-cultura.com\/fr\/lieu\/","venue":"Schloss Hartenfels","address":"Schlo\u00dfstra\u00dfe 27","city":"Torgau","zip":"04860","website":"https:\/\/www.schloss-hartenfels.de\/","json_ld":{"@type":"Place","name":"Schloss Hartenfels","description":"","url":"","address":{"@type":"PostalAddress","streetAddress":"Schlo\u00dfstra\u00dfe 27","addressLocality":"Torgau","postalCode":"04860"},"telephone":"","sameAs":"https:\/\/www.schloss-hartenfels.de\/"},"show_map":true,"show_map_link":true,"global_id":"forte-cultura.com\/fr?id=3532","global_id_lineage":["forte-cultura.com\/fr?id=3532"]},"organizer":[{"id":3529,"author":"1","status":"publish","date":"2025-07-18 09:57:01","date_utc":"0000-00-00 00:00:00","modified":"2025-07-18 09:57:01","modified_utc":"2025-07-18 07:57:01","url":"https:\/\/forte-cultura.com\/fr\/organisateur\/","organizer":"Torgau-Informations-Center","website":"https:\/\/www.torgau-tourismus.de","json_ld":{"@type":"Person","name":"Torgau-Informations-Center","description":"","url":"https:\/\/www.torgau-tourismus.de","telephone":"","email":"","sameAs":"https:\/\/www.torgau-tourismus.de"},"global_id":"forte-cultura.com\/fr?id=3529","global_id_lineage":["forte-cultura.com\/fr?id=3529"]}],"custom_fields":[],"json_ld":{"@context":"http:\/\/schema.org","@type":"Event","name":"KESS &amp; tierisch gute Freunde: Kinder-mit-mach-Konzert, Torgau (DE)","description":"&lt;p&gt;Mitmach-Konzerte f\u00fcr die ganze Familie Das Leipziger Kinderprogramm Abenteuer mit KESS begeistert seit \u00fcber zehn Jahren mit klugen und lustigen musikalischen Mitmach-Programmen. Deutschlandweit auf kleinen bis riesigen B\u00fchnen. Befestigtes Schloss [&hellip;]&lt;\/p&gt;\\n","image":"https:\/\/forte-cultura.com\/wp-content\/uploads\/xi0RyThE28HI-Schloss-Hartenfels-Torgau-Groser-Wendelstein-Foto-Andreas-Franke_w.jpg","url":"https:\/\/forte-cultura.com\/fr\/event\/kess-tierisch-gute-freunde-kinder-mit-mach-konzert-torgau-de\/","eventAttendanceMode":"https:\/\/schema.org\/OfflineEventAttendanceMode","eventStatus":"https:\/\/schema.org\/EventScheduled","startDate":"2025-08-31T00:00:00+02:00","endDate":"2025-08-31T23:59:59+02:00","location":{"@type":"Place","name":"Schloss Hartenfels","description":"","url":"","address":{"@type":"PostalAddress","streetAddress":"Schlo\u00dfstra\u00dfe 27","addressLocality":"Torgau","postalCode":"04860"},"telephone":"","sameAs":"https:\/\/www.schloss-hartenfels.de\/"},"organizer":{"@type":"Person","name":"Torgau-Informations-Center","description":"","url":"https:\/\/www.torgau-tourismus.de","telephone":"","email":"","sameAs":"https:\/\/www.torgau-tourismus.de"},"offers":{"@type":"Offer","price":"15,12","priceCurrency":"EUR","url":"https:\/\/forte-cultura.com\/fr\/event\/kess-tierisch-gute-freunde-kinder-mit-mach-konzert-torgau-de\/","category":"primary","availability":"inStock","validFrom":"1970-01-01T00:00:00+00:00"},"performer":"Organization"},"ticketed":false}