{"id":854,"date":"2023-11-25T13:37:32","date_gmt":"2023-11-25T12:37:32","guid":{"rendered":"https:\/\/forte-cultura.com\/?p=854"},"modified":"2025-11-22T11:05:12","modified_gmt":"2025-11-22T10:05:12","slug":"komarom-hr","status":"publish","type":"post","link":"https:\/\/forte-cultura.com\/es\/komarom-hr\/","title":{"rendered":"Kom\u00e1rom (HU)"},"content":{"rendered":"<div class=\"wp-block-columns alignwide eplus-wrapper is-layout-flex wp-container-core-columns-is-layout-28f84493 wp-block-columns-is-layout-flex eplus-styles-uid-925bf7\">\n<div class=\"wp-block-column eplus-wrapper is-layout-flow wp-block-column-is-layout-flow\" style=\"flex-basis:100%\"><p class=\"eplus-wrapper eplus-styles-uid-e7c803\"><em>Estaci\u00f3n FORTE CULTURA: Fuerte Monostor, Kom\u00e1rom (HU)<\/em><\/p>\n\n\n<h2 class=\"wp-block-heading alignwide has-large-font-size eplus-wrapper\"><strong>Parte del sistema austroh\u00fangaro de grandes fortalezas Kom\u00e1rno (SK)\/ Kom\u00e1rom (HU)<\/strong><\/h2>\n\n\n\n<h3 class=\"is-style-default wp-block-heading alignwide eplus-wrapper\" style=\"margin-top:var(--wp--preset--spacing--10);margin-bottom:var(--wp--preset--spacing--10);font-size:clamp(1.092rem, 1.092rem + ((1vw - 0.2rem) * 1.013), 1.7rem);\"><em>Un lugar para la cultura, el ocio y la historia viva a ambos lados del Danubio<\/em><\/h3>\n\n\n\n<p class=\"eplus-wrapper\">El Fuerte Monostor (Fuerte Sandberg) se construy\u00f3 entre 1850 y 1871 y es una de las mayores fortalezas de la historia moderna de Europa Central. El monumento hist\u00f3rico de la Guerra Cl\u00e1sica, inscrito en la Lista del Patrimonio Mundial de la UNESCO, ofrece un magn\u00edfico espect\u00e1culo con sus monumentales murallas de piedras cuidadosamente moldeadas y ensambladas, sus murallas y su kilom\u00e9trica red de casamatas.<\/p>\n\n\n\n<p class=\"eplus-wrapper\">La Sala de Instrucci\u00f3n de Armas de Fuego es \u00fanica en Europa por su antig\u00fcedad, rareza e inusuales murales. En el renovado Basti\u00f3n del Danubio hay maquetas de barcos militares de la \u00e9poca de la monarqu\u00eda austroh\u00fangara. Numerosos actos completan el amplio programa.<\/p>\n<\/div>\n<\/div>\n\n\n<hr class=\"wp-block-separator alignwide has-text-color has-accent-2-color has-alpha-channel-opacity has-accent-2-background-color has-background eplus-wrapper\" style=\"margin-top:var(--wp--preset--spacing--30);margin-bottom:var(--wp--preset--spacing--30)\"\/>\n\n\n\n<div class=\"wp-block-group alignwide has-border-color has-custom-farbe-1-border-color has-custom-verlauf-1-gradient-background has-text-color has-background eplus-wrapper is-layout-flow wp-block-group-is-layout-flow\" style=\"border-width:1px;border-radius:10px;color:#000000\">\n<div style=\"height:12px\" aria-hidden=\"true\" class=\"wp-block-spacer eplus-wrapper\"><\/div>\n\n\n\n<figure class=\"wp-block-image aligncenter size-full is-resized eplus-wrapper\"><img decoding=\"async\" src=\"https:\/\/forte-cultura.com\/wp-content\/uploads\/portrait-icon_EN-2.png\" alt=\"\" class=\"wp-image-817\" style=\"width:115px;height:auto\"\/><\/figure>\n\n\n\n<p class=\"has-text-align-center has-small-font-size eplus-wrapper\" style=\"line-height:.9\"><strong>FORTE CULTURA Retrato de la fortaleza<\/strong><\/p>\n\n\n\n<p class=\"has-text-align-center has-heading-font-family has-x-large-font-size eplus-wrapper\"><strong>Conozca el Fuerte Monostor en el Danubio<strong> <\/strong>saber.<\/strong><\/p>\n\n\n\n<div class=\"wp-block-buttons eplus-wrapper is-horizontal is-content-justification-center is-layout-flex wp-container-core-buttons-is-layout-03627597 wp-block-buttons-is-layout-flex\"><div class=\"is-style-fill  wp-block-button has-custom-width wp-block-button__width-75 has-custom-font-size eplus-wrapper eplus-styles-uid-172491\" style=\"font-size:clamp(0.875rem, 0.875rem + ((1vw - 0.2rem) * 0.625), 1.25rem);\"><a class=\"wp-block-button__link has-background wp-element-button\" href=\"https:\/\/forte-cultura.net\/ansicht\/getData\/26\" style=\"border-radius:30px;background-color:#000000;padding-top:var(--wp--preset--spacing--20);padding-right:var(--wp--preset--spacing--20);padding-bottom:var(--wp--preset--spacing--20);padding-left:var(--wp--preset--spacing--20)\" target=\"_blank\" rel=\"noreferrer noopener\">Nuestra <strong>FORTE CULTURA Retrato de la fortaleza<\/strong> ofrece informaci\u00f3n compacta sobre la historia, la arquitectura y el fascinante mundo de la experiencia.<\/a><\/div><\/div>\n\n\n\n<div style=\"height:12px\" aria-hidden=\"true\" class=\"wp-block-spacer eplus-wrapper\"><\/div>\n<\/div>\n\n\n\n<hr class=\"wp-block-separator alignwide has-text-color has-accent-2-color has-alpha-channel-opacity has-accent-2-background-color has-background eplus-wrapper\" style=\"margin-top:var(--wp--preset--spacing--30);margin-bottom:var(--wp--preset--spacing--30)\"\/>\n\n\n\n<h2 class=\"wp-block-heading alignwide eplus-wrapper\">Eventos en Fort Monostor<\/h2>\n\n\n<div class=\"wp-block-columns alignwide eplus-wrapper is-layout-flex wp-container-core-columns-is-layout-28f84493 wp-block-columns-is-layout-flex eplus-styles-uid-702e19\">\n<div class=\"wp-block-column eplus-wrapper is-layout-flow wp-block-column-is-layout-flow\" style=\"flex-basis:100%\">\n<p class=\"eplus-wrapper\">\u2026<\/p>\n<\/div>\n<\/div>\n\n\n<hr class=\"wp-block-separator alignwide has-text-color has-accent-2-color has-alpha-channel-opacity has-accent-2-background-color has-background eplus-wrapper\" style=\"margin-top:var(--wp--preset--spacing--30);margin-bottom:var(--wp--preset--spacing--30)\"\/>\n\n\n<div id=\"travelersmap-container-69f7436311668\" class=\"travelersmap-container\" style=\"z-index: 1; min-height: 10px; min-width:10px; height:400px;width:100%; max-width:1280px; max-height:600px; position:relative;\"><div style=\"position:absolute; z-index:-1;top: 50%;text-align: center;display: block;left: 50%;transform: translate(-50%,-50%);\">Mapa del viajero est\u00e1 cargando...<br>Si ves esto despu\u00e9s de que tu p\u00e1gina se haya cargado completamente, es que faltan archivos leafletJS.<\/div><\/div>\n\n\n\n<hr class=\"wp-block-separator alignwide has-text-color has-accent-2-color has-alpha-channel-opacity has-accent-2-background-color has-background eplus-wrapper\" style=\"margin-top:var(--wp--preset--spacing--30);margin-bottom:var(--wp--preset--spacing--30)\"\/>","protected":false},"excerpt":{"rendered":"<p>Fuerte: parte del sistema de fortificaci\u00f3n austro-h\u00fangaro Kom\u00e1rno (SK)\/ Kom\u00e1rom (HU)<\/p>","protected":false},"author":1,"featured_media":325,"comment_status":"open","ping_status":"open","sticky":false,"template":"","format":"standard","meta":{"editor_plus_copied_stylings":"{}","pgc_sgb_lightbox_settings":"","_price":"","_stock":"","_tribe_ticket_header":"","_tribe_default_ticket_provider":"","_tribe_ticket_capacity":"0","_ticket_start_date":"","_ticket_end_date":"","_tribe_ticket_show_description":"","_tribe_ticket_show_not_going":false,"_tribe_ticket_use_global_stock":"","_tribe_ticket_global_stock_level":"","_global_stock_mode":"","_global_stock_cap":"","_tribe_rsvp_for_event":"","_tribe_ticket_going_count":"","_tribe_ticket_not_going_count":"","_tribe_tickets_list":"[]","_tribe_ticket_has_attendee_info_fields":false,"_EventAllDay":false,"_EventTimezone":"","_EventStartDate":"","_EventEndDate":"","_EventStartDateUTC":"","_EventEndDateUTC":"","_EventShowMap":false,"_EventShowMapLink":false,"_EventURL":"","_EventCost":"","_EventCostDescription":"","_EventCurrencySymbol":"","_EventCurrencyCode":"","_EventCurrencyPosition":"","_EventDateTimeSeparator":"","_EventTimeRangeSeparator":"","_EventOrganizerID":[],"_EventVenueID":[],"_OrganizerEmail":"","_OrganizerPhone":"","_OrganizerWebsite":"","_VenueAddress":"","_VenueCity":"","_VenueCountry":"","_VenueProvince":"","_VenueState":"","_VenueZip":"","_VenuePhone":"","_VenueURL":"","_VenueStateProvince":"","_VenueLat":"","_VenueLng":"","_VenueShowMap":false,"_VenueShowMapLink":false,"footnotes":""},"categories":[22,38,469,432,19,62],"tags":[52,471,55,463,462],"class_list":["post-854","post","type-post","status-publish","format-standard","has-post-thumbnail","hentry","category-festungserbe","category-festungssystem","category-fluesse-und-meer","category-fort","category-stationen","category-ungarn","tag-donau","tag-konzert","tag-kuk-monarchie","tag-museum","tag-reenactment"],"_links":{"self":[{"href":"https:\/\/forte-cultura.com\/es\/wp-json\/wp\/v2\/posts\/854","targetHints":{"allow":["GET"]}}],"collection":[{"href":"https:\/\/forte-cultura.com\/es\/wp-json\/wp\/v2\/posts"}],"about":[{"href":"https:\/\/forte-cultura.com\/es\/wp-json\/wp\/v2\/types\/post"}],"author":[{"embeddable":true,"href":"https:\/\/forte-cultura.com\/es\/wp-json\/wp\/v2\/users\/1"}],"replies":[{"embeddable":true,"href":"https:\/\/forte-cultura.com\/es\/wp-json\/wp\/v2\/comments?post=854"}],"version-history":[{"count":0,"href":"https:\/\/forte-cultura.com\/es\/wp-json\/wp\/v2\/posts\/854\/revisions"}],"wp:featuredmedia":[{"embeddable":true,"href":"https:\/\/forte-cultura.com\/es\/wp-json\/wp\/v2\/media\/325"}],"wp:attachment":[{"href":"https:\/\/forte-cultura.com\/es\/wp-json\/wp\/v2\/media?parent=854"}],"wp:term":[{"taxonomy":"category","embeddable":true,"href":"https:\/\/forte-cultura.com\/es\/wp-json\/wp\/v2\/categories?post=854"},{"taxonomy":"post_tag","embeddable":true,"href":"https:\/\/forte-cultura.com\/es\/wp-json\/wp\/v2\/tags?post=854"}],"curies":[{"name":"wp","href":"https:\/\/api.w.org\/{rel}","templated":true}]}}