{"id":704,"date":"2023-11-24T17:00:12","date_gmt":"2023-11-24T16:00:12","guid":{"rendered":"https:\/\/forte-cultura.com\/?p=704"},"modified":"2025-10-06T16:32:45","modified_gmt":"2025-10-06T14:32:45","slug":"koblenz-es","status":"publish","type":"post","link":"https:\/\/forte-cultura.com\/es\/koblenz-de\/","title":{"rendered":"Coblenza (DE)"},"content":{"rendered":"<div class=\"wp-block-columns alignwide eplus-wrapper is-layout-flex wp-container-core-columns-is-layout-28f84493 wp-block-columns-is-layout-flex eplus-styles-uid-325d2f\">\n<div class=\"wp-block-column eplus-wrapper is-layout-flow wp-block-column-is-layout-flow\" style=\"flex-basis:80%\"><p class=\"eplus-wrapper eplus-styles-uid-e7c803\"><em>Estaci\u00f3n FORTE CULTURA: sistema de fortalezas de Coblenza (DE)<\/em><\/p>\n\n\n<h2 class=\"wp-block-heading alignwide has-large-font-size eplus-wrapper\"><strong>Sistema prusiano de fiestas a gran escala en la confluencia de los r\u00edos Mosela y Rin<\/strong><\/h2>\n\n\n\n<h3 class=\"wp-block-heading eplus-wrapper\" style=\"font-size:clamp(1.092em, 1.092rem + ((1vw - 0.2em) * 1.013), 1.7em);\"><em>La puerta de entrada al Patrimonio Mundial, con una cultura, arquitectura, historia y naturaleza apasionantes<\/em><\/h3>\n\n\n\n<p class=\"eplus-wrapper\">En 1815, Coblenza fue nombrada capital de la provincia prusiana del Rin y el rey Federico Guillermo III orden\u00f3 la ampliaci\u00f3n de las fortificaciones del lugar. Como resultado, se construy\u00f3 en la confluencia del Mosela y el Rin uno de los mayores sistemas de fortificaci\u00f3n de Europa, formado por las fortificaciones urbanas de Coblenza y Ehrenbreitstein, as\u00ed como por cinco grandes sistemas con numerosos fuertes, reductos y fortificaciones.<\/p>\n\n\n\n<p class=\"eplus-wrapper\">En la actualidad, a\u00fan se conservan algunas de las imponentes fortificaciones, que desde 2002 forman parte del Patrimonio de la Humanidad de la UNESCO \u201eValle del Alto Rin Medio\u201c.<\/p>\n\n\n\n<p class=\"eplus-wrapper\">Se ofrece a los visitantes, j\u00f3venes y mayores, una emocionante gama de experiencias y eventos dentro de las murallas hist\u00f3ricas. Descubra el Fuerte Konstantin y la Fortaleza Kaiser Franz con FORTE CULTURA. Tome el telef\u00e9rico que cruza el Rin y conquiste la famosa fortaleza de Ehrenbreitstein.<\/p>\n<\/div>\n\n\n\n<div class=\"wp-block-column eplus-wrapper is-layout-flow wp-block-column-is-layout-flow\" style=\"flex-basis:20%\"><figure class=\"wp-block-image alignright size-medium eplus-wrapper eplus-styles-uid-7a77bb\"><a href=\"https:\/\/forte-cultura.com\/wp-content\/uploads\/FoCu-Flyer-Koblenz_DE2022.pdf\" target=\"_blank\" rel=\"noreferrer noopener\"><img loading=\"lazy\" decoding=\"async\" width=\"144\" height=\"300\" src=\"https:\/\/forte-cultura.com\/wp-content\/uploads\/FoCu-Flyer-Koblenz_DE2022_cover-144x300.jpg\" alt=\"\" class=\"wp-image-706\" srcset=\"https:\/\/forte-cultura.com\/wp-content\/uploads\/FoCu-Flyer-Koblenz_DE2022_cover-144x300.jpg 144w, https:\/\/forte-cultura.com\/wp-content\/uploads\/FoCu-Flyer-Koblenz_DE2022_cover-492x1024.jpg 492w, https:\/\/forte-cultura.com\/wp-content\/uploads\/FoCu-Flyer-Koblenz_DE2022_cover-200x416.jpg 200w, https:\/\/forte-cultura.com\/wp-content\/uploads\/FoCu-Flyer-Koblenz_DE2022_cover.jpg 721w\" sizes=\"auto, (max-width: 144px) 100vw, 144px\" \/><\/a><figcaption class=\"wp-element-caption\"><a href=\"https:\/\/forte-cultura.com\/wp-content\/uploads\/FoCu-Flyer-Koblenz_DE2022.pdf\" target=\"_blank\" rel=\"noreferrer noopener\">FORTE CULTURA Info-Flyer Ciudad Fortaleza Coblenza<\/a><\/figcaption><\/figure><\/div>\n<\/div>\n\n\n<hr class=\"wp-block-separator alignwide has-text-color has-accent-2-color has-alpha-channel-opacity has-accent-2-background-color has-background eplus-wrapper\" style=\"margin-top:var(--wp--preset--spacing--10);margin-bottom:var(--wp--preset--spacing--30)\"\/>\n\n\n\n<div class=\"wp-block-group alignwide has-border-color has-custom-farbe-1-border-color has-custom-verlauf-1-gradient-background has-text-color has-background eplus-wrapper is-layout-flow wp-block-group-is-layout-flow\" style=\"border-width:1px;border-radius:10px;color:#000000\">\n<div style=\"height:12px\" aria-hidden=\"true\" class=\"wp-block-spacer eplus-wrapper\"><\/div>\n\n\n\n<figure class=\"wp-block-image aligncenter size-full is-resized eplus-wrapper\"><img decoding=\"async\" src=\"https:\/\/forte-cultura.com\/wp-content\/uploads\/portrait-icon_EN-2.png\" alt=\"\" class=\"wp-image-817\" style=\"width:115px;height:auto\"\/><\/figure>\n\n\n\n<p class=\"has-text-align-center has-small-font-size eplus-wrapper\" style=\"line-height:.9\"><strong>FORTE CULTURA Retrato de la fortaleza<\/strong><\/p>\n\n\n\n<p class=\"has-text-align-center has-heading-font-family has-x-large-font-size eplus-wrapper\"><strong>Conozca la <strong>Ciudad fortaleza de Coblenza <\/strong>saber.<\/strong><\/p>\n\n\n\n<div class=\"wp-block-buttons eplus-wrapper is-horizontal is-content-justification-center is-layout-flex wp-container-core-buttons-is-layout-03627597 wp-block-buttons-is-layout-flex\"><div class=\"is-style-fill  wp-block-button has-custom-width wp-block-button__width-75 eplus-wrapper eplus-styles-uid-2fd854\"><a class=\"wp-block-button__link has-background has-custom-font-size wp-element-button\" href=\"https:\/\/forte-cultura.net\/ansicht\/getData\/21\" style=\"border-radius:30px;background-color:#000000;padding-top:var(--wp--preset--spacing--20);padding-right:var(--wp--preset--spacing--20);padding-bottom:var(--wp--preset--spacing--20);padding-left:var(--wp--preset--spacing--20);font-size:clamp(0.875rem, 0.875rem + ((1vw - 0.2rem) * 0.625), 1.25rem);\" target=\"_blank\" rel=\"noreferrer noopener\">Nuestra <strong>FORTE CULTURA Retrato de la fortaleza<\/strong> ofrece informaci\u00f3n compacta sobre la historia, la arquitectura y el fascinante mundo de la experiencia.<\/a><\/div><\/div>\n\n\n\n<div style=\"height:12px\" aria-hidden=\"true\" class=\"wp-block-spacer eplus-wrapper\"><\/div>\n<\/div>\n\n\n\n<hr class=\"wp-block-separator alignwide has-text-color has-accent-2-color has-alpha-channel-opacity has-accent-2-background-color has-background eplus-wrapper\" style=\"margin-top:var(--wp--preset--spacing--10);margin-bottom:var(--wp--preset--spacing--30)\"\/>\n\n\n\n<h2 class=\"wp-block-heading alignwide eplus-wrapper\">Eventos en la ciudad fortaleza de Coblenza<\/h2>\n\n\n<div class=\"wp-block-columns alignwide eplus-wrapper is-layout-flex wp-container-core-columns-is-layout-28f84493 wp-block-columns-is-layout-flex eplus-styles-uid-61dad9\">\n<div class=\"wp-block-column eplus-wrapper is-layout-flow wp-block-column-is-layout-flow\" style=\"flex-basis:100%\">\n<p class=\"eplus-wrapper\">Calendario de actos ...<\/p>\n<\/div>\n<\/div>\n\n\n<hr class=\"wp-block-separator alignwide has-text-color has-accent-2-color has-alpha-channel-opacity has-accent-2-background-color has-background eplus-wrapper\" style=\"margin-top:var(--wp--preset--spacing--30);margin-bottom:var(--wp--preset--spacing--30)\"\/>\n\n\n\n<div class=\"wp-block-group alignwide has-base-color has-custom-farbe-1-gradient-background has-text-color has-background has-link-color eplus-wrapper wp-elements-0411c5414ad795aa3c26160f4a768714\" style=\"border-radius:5px;margin-top:0;margin-bottom:0;padding-top:var(--wp--preset--spacing--30);padding-right:var(--wp--preset--spacing--50);padding-bottom:var(--wp--preset--spacing--30);padding-left:var(--wp--preset--spacing--50)\">\n<h3 class=\"wp-block-heading alignwide has-text-align-center has-base-color has-text-color has-link-color eplus-wrapper wp-elements-650882e506867e60a2f0ec61e9e3c3f4\" style=\"font-size:clamp(1.743rem, 1.743rem + ((1vw - 0.2rem) * 2.095), 3rem);letter-spacing:-0.02em\">Fortaleza <em>INCLUIDO<\/em><\/h3>\n\n\n\n<div class=\"wp-block-group alignwide eplus-wrapper is-layout-flow wp-block-group-is-layout-flow\">\n<p class=\"has-text-align-center eplus-wrapper translation-block\" style=\"font-size:clamp(0.901rem, 0.901rem + ((1vw - 0.2rem) * 0.748), 1.35rem);\">Como itinerario cultural europeo, FORTE CULTURA contribuye a preservar el importante patrimonio cultural de los monumentos de las fortalezas y a hacerlo <strong>accesible a todos<\/strong>.<\/p>\n\n\n\n<hr class=\"is-style-wide wp-block-separator has-text-color has-base-color has-alpha-channel-opacity has-base-background-color has-background eplus-wrapper\"\/>\n\n\n\n<details class=\"is-style-default wp-block-details has-medium-font-size eplus-wrapper is-layout-flow wp-block-details-is-layout-flow\" style=\"border-top-style:none;border-top-width:0px;border-right-style:none;border-right-width:0px;border-bottom-color:var(--wp--preset--color--base);border-bottom-style:solid;border-bottom-width:1px;border-left-style:none;border-left-width:0px;margin-top:0\"><summary>Proyectos de inclusi\u00f3n de FORTE CULTURA<\/summary>\n<p class=\"has-contrast-1-color has-text-color has-link-color eplus-wrapper wp-elements-73a709b69465f5403a968d740424e023\">Junto con la loter\u00eda Aktion Mensch, FORTE CULTURA inicia regularmente proyectos para hacer que el paisaje de fortalezas en Alemania sea m\u00e1s inclusivo y libre de barreras, por ejemplo en el programa Aktion Mensch \u201e#1 Barrier Less\u201c. Compartimos informaci\u00f3n de nuestros proyectos con nuestras fortalezas asociadas de toda Europa en conferencias internacionales, sensibilizando as\u00ed sobre la inclusi\u00f3n en el turismo de fortalezas y apoyando nuevos proyectos.<\/p>\n\n\n\n<p class=\"eplus-wrapper\">P\u00f3ngase en contacto con la oficina de nuestra red si desea apoyar nuestras iniciativas.<\/p>\n<\/details>\n\n\n\n<details class=\"is-style-default wp-block-details has-medium-font-size eplus-wrapper is-layout-flow wp-block-details-is-layout-flow\" style=\"border-top-style:none;border-top-width:0px;border-right-style:none;border-right-width:0px;border-bottom-color:var(--wp--preset--color--base);border-bottom-style:solid;border-bottom-width:1px;border-left-style:none;border-left-width:0px;margin-top:0\"><summary>Programas de experiencias para personas con discapacidad<\/summary>\n<p class=\"has-contrast-1-color has-text-color has-link-color eplus-wrapper wp-elements-458d4a199c0e3058e27160fb6e6a37a3\">FORTE CULTURA ha creado las siguientes experiencias sin barreras en fortalezas:<\/p>\n\n\n<ul class=\"eplus-wrapper wp-block-list eplus-styles-uid-ff7747\">\n<li class=\"eplus-wrapper\">Fortaleza de Germersheim: visita para ciegos y deficientes visuales con archivos de audio e informaci\u00f3n en braille,<\/li>\n\n\n\n<li class=\"eplus-wrapper\">Feste Kaiser Franz Koblenz: Audio ruta circular en lenguaje f\u00e1cil,<\/li>\n\n\n\n<li class=\"eplus-wrapper\">Fuerte Gorgast: se\u00f1alizaci\u00f3n germano-polaca e itinerario circular en lenguaje sencillo.<\/li>\n<\/ul><\/details>\n\n\n\n<div style=\"margin-top:var(--wp--preset--spacing--10);margin-bottom:0;height:var(--wp--preset--spacing--10)\" aria-hidden=\"true\" class=\"wp-block-spacer eplus-wrapper\"><\/div>\n<\/div>\n<\/div>\n\n\n\n<hr class=\"wp-block-separator alignwide has-text-color has-accent-2-color has-alpha-channel-opacity has-accent-2-background-color has-background eplus-wrapper\" style=\"margin-top:var(--wp--preset--spacing--30);margin-bottom:var(--wp--preset--spacing--30)\"\/>\n\n\n<div id=\"travelersmap-container-69f45e87cfe00\" class=\"travelersmap-container\" style=\"z-index: 1; min-height: 10px; min-width:10px; height:400px;width:100%; max-width:1280px; max-height:600px; position:relative;\"><div style=\"position:absolute; z-index:-1;top: 50%;text-align: center;display: block;left: 50%;transform: translate(-50%,-50%);\">Mapa del viajero est\u00e1 cargando...<br>Si ves esto despu\u00e9s de que tu p\u00e1gina se haya cargado completamente, es que faltan archivos leafletJS.<\/div><\/div>\n\n\n\n<hr class=\"wp-block-separator alignwide has-text-color has-accent-2-color has-alpha-channel-opacity has-accent-2-background-color has-background eplus-wrapper\" style=\"margin-top:var(--wp--preset--spacing--30);margin-bottom:var(--wp--preset--spacing--30)\"\/>","protected":false},"excerpt":{"rendered":"<p>Sistema prusiano de fiestas a gran escala en la confluencia de los r\u00edos Mosela y Rin<\/p>","protected":false},"author":1,"featured_media":214,"comment_status":"open","ping_status":"open","sticky":false,"template":"","format":"standard","meta":{"editor_plus_copied_stylings":"{}","pgc_sgb_lightbox_settings":"","_price":"","_stock":"","_tribe_ticket_header":"","_tribe_default_ticket_provider":"","_tribe_ticket_capacity":"0","_ticket_start_date":"","_ticket_end_date":"","_tribe_ticket_show_description":"","_tribe_ticket_show_not_going":false,"_tribe_ticket_use_global_stock":"","_tribe_ticket_global_stock_level":"","_global_stock_mode":"","_global_stock_cap":"","_tribe_rsvp_for_event":"","_tribe_ticket_going_count":"","_tribe_ticket_not_going_count":"","_tribe_tickets_list":"[]","_tribe_ticket_has_attendee_info_fields":false,"_EventAllDay":false,"_EventTimezone":"","_EventStartDate":"","_EventEndDate":"","_EventStartDateUTC":"","_EventEndDateUTC":"","_EventShowMap":false,"_EventShowMapLink":false,"_EventURL":"","_EventCost":"","_EventCostDescription":"","_EventCurrencySymbol":"","_EventCurrencyCode":"","_EventCurrencyPosition":"","_EventDateTimeSeparator":"","_EventTimeRangeSeparator":"","_EventOrganizerID":[],"_EventVenueID":[],"_OrganizerEmail":"","_OrganizerPhone":"","_OrganizerWebsite":"","_VenueAddress":"","_VenueCity":"","_VenueCountry":"","_VenueProvince":"","_VenueState":"","_VenueZip":"","_VenuePhone":"","_VenueURL":"","_VenueStateProvince":"","_VenueLat":"","_VenueLng":"","_VenueShowMap":false,"_VenueShowMapLink":false,"footnotes":""},"categories":[20,22,38,19],"tags":[56,43,35],"class_list":["post-704","post","type-post","status-publish","format-standard","has-post-thumbnail","hentry","category-deutschland","category-festungserbe","category-festungssystem","category-stationen","tag-mosel","tag-preussen","tag-rhein"],"_links":{"self":[{"href":"https:\/\/forte-cultura.com\/es\/wp-json\/wp\/v2\/posts\/704","targetHints":{"allow":["GET"]}}],"collection":[{"href":"https:\/\/forte-cultura.com\/es\/wp-json\/wp\/v2\/posts"}],"about":[{"href":"https:\/\/forte-cultura.com\/es\/wp-json\/wp\/v2\/types\/post"}],"author":[{"embeddable":true,"href":"https:\/\/forte-cultura.com\/es\/wp-json\/wp\/v2\/users\/1"}],"replies":[{"embeddable":true,"href":"https:\/\/forte-cultura.com\/es\/wp-json\/wp\/v2\/comments?post=704"}],"version-history":[{"count":0,"href":"https:\/\/forte-cultura.com\/es\/wp-json\/wp\/v2\/posts\/704\/revisions"}],"wp:featuredmedia":[{"embeddable":true,"href":"https:\/\/forte-cultura.com\/es\/wp-json\/wp\/v2\/media\/214"}],"wp:attachment":[{"href":"https:\/\/forte-cultura.com\/es\/wp-json\/wp\/v2\/media?parent=704"}],"wp:term":[{"taxonomy":"category","embeddable":true,"href":"https:\/\/forte-cultura.com\/es\/wp-json\/wp\/v2\/categories?post=704"},{"taxonomy":"post_tag","embeddable":true,"href":"https:\/\/forte-cultura.com\/es\/wp-json\/wp\/v2\/tags?post=704"}],"curies":[{"name":"wp","href":"https:\/\/api.w.org\/{rel}","templated":true}]}}