{"id":4080,"date":"2025-09-19T10:05:40","date_gmt":"2025-09-19T08:05:40","guid":{"rendered":"https:\/\/forte-cultura.com\/?p=4080"},"modified":"2025-11-22T13:15:08","modified_gmt":"2025-11-22T12:15:08","slug":"alessandria-it","status":"publish","type":"post","link":"https:\/\/forte-cultura.com\/es\/alessandria-it\/","title":{"rendered":"Alessandria (IT)"},"content":{"rendered":"<div class=\"wp-block-columns alignwide eplus-wrapper is-layout-flex wp-container-core-columns-is-layout-28f84493 wp-block-columns-is-layout-flex eplus-styles-uid-2a881d\">\n<div class=\"wp-block-column eplus-wrapper is-layout-flow wp-block-column-is-layout-flow\" style=\"flex-basis:100%\"><p class=\"eplus-wrapper eplus-styles-uid-e7c803\"><em>Estaci\u00f3n FORTE CULTURA: Ciudadela de Alessandria (IT)<\/em><\/p>\n\n\n<h2 class=\"wp-block-heading alignwide has-large-font-size eplus-wrapper\"><strong>La ciudadela de Alessandria, s\u00edmbolo de cultura, memoria y defensa<\/strong><\/h2>\n\n\n\n<h3 class=\"is-style-default wp-block-heading alignwide eplus-wrapper\" style=\"margin-top:var(--wp--preset--spacing--10);margin-bottom:var(--wp--preset--spacing--10);font-size:clamp(1.092rem, 1.092rem + ((1vw - 0.2rem) * 1.013), 1.7rem);\"><em>Fortaleza \u00fanica en el r\u00edo Tanaro<\/em><\/h3>\n\n\n\n<p class=\"eplus-wrapper\">La Ciudadela de Alessandria fue dise\u00f1ada por Ignazio Bertola por encargo de Vittorio Amedeo II de Saboya tras el Tratado de Utrecht. Construida en 1728-1732 por el rey Carlos Manuel III, deb\u00eda servir de barrera en la antigua carretera militar espa\u00f1ola entre G\u00e9nova y Savona y apoyar la defensa del nuevo Estado saboyano. Por sus dimensiones (m\u00e1s de 60 hect\u00e1reas), su estructura tipol\u00f3gica y su estado de conservaci\u00f3n, la ciudadela es \u00fanica entre las fortificaciones europeas.<\/p>\n\n\n\n<p class=\"eplus-wrapper\">El valor de la Ciudadela de Alessandria reside en su car\u00e1cter interdisciplinar: es una \u201eantolog\u00eda de tipos de defensa\u201d (empezando por el sistema de S\u00e9bastien de Vauban, ingeniero militar del Rey Sol franc\u00e9s), as\u00ed como un lugar de memoria y de identidad \u00e9tico-social colectiva, que incluye perspectivas de futuro.<\/p>\n\n\n\n<p class=\"eplus-wrapper translation-block\">Descubra con FORTE CULTURA una fortaleza \u00fanica en un sue\u00f1o profundo. Ya sea Porta Reale, Centro de Bienvenida con v\u00eddeo introductorio sobre la historia de la ciudadela, Palazzo del Governatore, Museo de Uniformes Hist\u00f3ricos, Basti\u00f3n Sant'Antonio, polvor\u00edn, hornos y pasadizos subterr\u00e1neos o el paisaje intacto de la fortaleza, la Ciudadela de Alessandria y la asociaci\u00f3n <a href=\"https:\/\/www.alfarocittadellapace.it\/\" target=\"_self\">\u201eAssociazione Cittadella di Alessandria \u201eFaro\u201c di pace in Europa - Ente del Terzo settore\u201c<\/a> le invitan a emocionantes recorridos por el pasado.<\/p>\n\n\n\n<p class=\"eplus-wrapper\"><\/p>\n<\/div>\n<\/div>\n\n\n<hr class=\"wp-block-separator alignwide has-text-color has-accent-2-color has-alpha-channel-opacity has-accent-2-background-color has-background eplus-wrapper\" style=\"margin-top:var(--wp--preset--spacing--30);margin-bottom:var(--wp--preset--spacing--30)\"\/>\n\n\n\n<div class=\"wp-block-group alignwide has-border-color has-custom-farbe-1-border-color has-custom-verlauf-1-gradient-background has-text-color has-background eplus-wrapper is-layout-flow wp-block-group-is-layout-flow\" style=\"border-width:1px;border-radius:10px;color:#000000\">\n<div style=\"height:12px\" aria-hidden=\"true\" class=\"wp-block-spacer eplus-wrapper\"><\/div>\n\n\n\n<figure class=\"wp-block-image aligncenter size-full is-resized eplus-wrapper\"><img decoding=\"async\" src=\"https:\/\/forte-cultura.com\/wp-content\/uploads\/portrait-icon_EN-2.png\" alt=\"\" class=\"wp-image-817\" style=\"width:115px;height:auto\"\/><\/figure>\n\n\n\n<p class=\"has-text-align-center has-small-font-size eplus-wrapper\" style=\"line-height:.9\"><strong>FORTE CULTURA Retrato de la fortaleza<\/strong><\/p>\n\n\n\n<p class=\"has-text-align-center has-heading-font-family has-x-large-font-size eplus-wrapper translation-block\"><strong>Conoce la <strong>Ciudadela de Alessandria<\/strong>.<\/strong><\/p>\n\n\n\n<div class=\"wp-block-buttons eplus-wrapper is-horizontal is-content-justification-center is-layout-flex wp-container-core-buttons-is-layout-03627597 wp-block-buttons-is-layout-flex\"><div class=\"is-style-fill  wp-block-button has-custom-width wp-block-button__width-75 eplus-wrapper eplus-styles-uid-2a21f9\"><a class=\"wp-block-button__link has-background has-custom-font-size wp-element-button\" style=\"border-radius:30px;background-color:#000000;padding-top:var(--wp--preset--spacing--20);padding-right:var(--wp--preset--spacing--20);padding-bottom:var(--wp--preset--spacing--20);padding-left:var(--wp--preset--spacing--20);font-size:clamp(0.875rem, 0.875rem + ((1vw - 0.2rem) * 0.625), 1.25rem);\">Pr\u00f3ximamente.<\/a><\/div><\/div>\n\n\n\n<div style=\"height:12px\" aria-hidden=\"true\" class=\"wp-block-spacer eplus-wrapper\"><\/div>\n<\/div>\n\n\n\n<hr class=\"wp-block-separator alignwide has-text-color has-accent-2-color has-alpha-channel-opacity has-accent-2-background-color has-background eplus-wrapper\" style=\"margin-top:var(--wp--preset--spacing--30);margin-bottom:var(--wp--preset--spacing--30)\"\/>\n\n\n\n<h2 class=\"wp-block-heading alignwide eplus-wrapper\">Eventos en Alessandria<\/h2>\n\n\n<div class=\"wp-block-columns alignwide eplus-wrapper is-layout-flex wp-container-core-columns-is-layout-28f84493 wp-block-columns-is-layout-flex eplus-styles-uid-6e9326\">\n<div class=\"wp-block-column eplus-wrapper is-layout-flow wp-block-column-is-layout-flow\" style=\"flex-basis:100%\">\n<p class=\"eplus-wrapper\"><a href=\"https:\/\/visitalessandria.it\/de\/\" target=\"_blank\" rel=\"noreferrer noopener\">Visitalessandria.it<\/a><\/p>\n<\/div>\n<\/div>\n\n\n<hr class=\"wp-block-separator alignwide has-text-color has-accent-2-color has-alpha-channel-opacity has-accent-2-background-color has-background eplus-wrapper\" style=\"margin-top:var(--wp--preset--spacing--30);margin-bottom:var(--wp--preset--spacing--30)\"\/>\n\n\n<div id=\"travelersmap-container-69f754baed40c\" class=\"travelersmap-container\" style=\"z-index: 1; min-height: 10px; min-width:10px; height:400px;width:100%; max-width:1280px; max-height:; position:relative;\"><div style=\"position:absolute; z-index:-1;top: 50%;text-align: center;display: block;left: 50%;transform: translate(-50%,-50%);\">Mapa del viajero est\u00e1 cargando...<br>Si ves esto despu\u00e9s de que tu p\u00e1gina se haya cargado completamente, es que faltan archivos leafletJS.<\/div><\/div>\n\n\n\n<hr class=\"wp-block-separator alignwide has-text-color has-accent-2-color has-alpha-channel-opacity has-accent-2-background-color has-background eplus-wrapper\" style=\"margin-top:var(--wp--preset--spacing--30);margin-bottom:var(--wp--preset--spacing--30)\"\/>","protected":false},"excerpt":{"rendered":"<p>Ciudadela: Fortaleza \u00fanica sobre el r\u00edo Tanaro, s\u00edmbolo de cultura, memoria y defensa<\/p>","protected":false},"author":1,"featured_media":4058,"comment_status":"open","ping_status":"open","sticky":false,"template":"","format":"standard","meta":{"editor_plus_copied_stylings":"{}","pgc_sgb_lightbox_settings":"","_price":"","_stock":"","_tribe_ticket_header":"","_tribe_default_ticket_provider":"","_tribe_ticket_capacity":"0","_ticket_start_date":"","_ticket_end_date":"","_tribe_ticket_show_description":"","_tribe_ticket_show_not_going":false,"_tribe_ticket_use_global_stock":"","_tribe_ticket_global_stock_level":"","_global_stock_mode":"","_global_stock_cap":"","_tribe_rsvp_for_event":"","_tribe_ticket_going_count":"","_tribe_ticket_not_going_count":"","_tribe_tickets_list":"[]","_tribe_ticket_has_attendee_info_fields":false,"_EventAllDay":false,"_EventTimezone":"","_EventStartDate":"","_EventEndDate":"","_EventStartDateUTC":"","_EventEndDateUTC":"","_EventShowMap":false,"_EventShowMapLink":false,"_EventURL":"","_EventCost":"","_EventCostDescription":"","_EventCurrencySymbol":"","_EventCurrencyCode":"","_EventCurrencyPosition":"","_EventDateTimeSeparator":"","_EventTimeRangeSeparator":"","_EventOrganizerID":[],"_EventVenueID":[],"_OrganizerEmail":"","_OrganizerPhone":"","_OrganizerWebsite":"","_VenueAddress":"","_VenueCity":"","_VenueCountry":"","_VenueProvince":"","_VenueState":"","_VenueZip":"","_VenuePhone":"","_VenueURL":"","_VenueStateProvince":"","_VenueLat":"","_VenueLng":"","_VenueShowMap":false,"_VenueShowMapLink":false,"footnotes":""},"categories":[22,19,94,32],"tags":[],"class_list":["post-4080","post","type-post","status-publish","format-standard","has-post-thumbnail","hentry","category-festungserbe","category-stationen","category-italien","category-zitadelle"],"_links":{"self":[{"href":"https:\/\/forte-cultura.com\/es\/wp-json\/wp\/v2\/posts\/4080","targetHints":{"allow":["GET"]}}],"collection":[{"href":"https:\/\/forte-cultura.com\/es\/wp-json\/wp\/v2\/posts"}],"about":[{"href":"https:\/\/forte-cultura.com\/es\/wp-json\/wp\/v2\/types\/post"}],"author":[{"embeddable":true,"href":"https:\/\/forte-cultura.com\/es\/wp-json\/wp\/v2\/users\/1"}],"replies":[{"embeddable":true,"href":"https:\/\/forte-cultura.com\/es\/wp-json\/wp\/v2\/comments?post=4080"}],"version-history":[{"count":0,"href":"https:\/\/forte-cultura.com\/es\/wp-json\/wp\/v2\/posts\/4080\/revisions"}],"wp:featuredmedia":[{"embeddable":true,"href":"https:\/\/forte-cultura.com\/es\/wp-json\/wp\/v2\/media\/4058"}],"wp:attachment":[{"href":"https:\/\/forte-cultura.com\/es\/wp-json\/wp\/v2\/media?parent=4080"}],"wp:term":[{"taxonomy":"category","embeddable":true,"href":"https:\/\/forte-cultura.com\/es\/wp-json\/wp\/v2\/categories?post=4080"},{"taxonomy":"post_tag","embeddable":true,"href":"https:\/\/forte-cultura.com\/es\/wp-json\/wp\/v2\/tags?post=4080"}],"curies":[{"name":"wp","href":"https:\/\/api.w.org\/{rel}","templated":true}]}}