{"id":3344,"date":"2025-03-05T12:13:23","date_gmt":"2025-03-05T11:13:23","guid":{"rendered":"https:\/\/forte-cultura.com\/?p=3344"},"modified":"2025-03-05T12:21:43","modified_gmt":"2025-03-05T11:21:43","slug":"valle-sabbia-it","status":"publish","type":"post","link":"https:\/\/forte-cultura.com\/es\/valle-sabbia-it\/","title":{"rendered":"Valle Sabbia (IT)"},"content":{"rendered":"<div class=\"wp-block-columns alignwide eplus-wrapper is-layout-flex wp-container-core-columns-is-layout-28f84493 wp-block-columns-is-layout-flex eplus-styles-uid-d1eb5d\">\n<div class=\"wp-block-column eplus-wrapper is-layout-flow wp-block-column-is-layout-flow\" style=\"flex-basis:100%\"><p class=\"eplus-wrapper eplus-styles-uid-e7c803\"><em>Estaci\u00f3n FORTE CULTURA: fortaleza Rocca d'Anfo (IT), foto: Superbass<\/em><\/p>\n\n\n<h2 class=\"wp-block-heading alignwide has-large-font-size eplus-wrapper\"><strong>La mayor fortaleza napole\u00f3nica de Italia<\/strong><\/h2>\n\n\n\n<h3 class=\"is-style-default wp-block-heading alignwide eplus-wrapper\" style=\"margin-top:var(--wp--preset--spacing--10);margin-bottom:var(--wp--preset--spacing--10);font-size:clamp(1.092rem, 1.092rem + ((1vw - 0.2rem) * 1.013), 1.7rem);\"><em>Naturaleza, arquitectura e historia en lo alto del lago de Idro<\/em><\/h3>\n\n\n\n<p class=\"eplus-wrapper\">La fortaleza Rocca d'Anfo se alza majestuosa en las escarpadas monta\u00f1as del lado occidental del lago de Idro, en la regi\u00f3n septentrional italiana de Brescia. Fue construida en el siglo XV por la Rep\u00fablica de Venecia y se utiliz\u00f3 originalmente como defensa y puesto de guardia en la frontera con el actual Trentino. <\/p>\n\n\n\n<p class=\"eplus-wrapper\">A principios del siglo XVIII, Napole\u00f3n convirti\u00f3 Rocca d'Anfo en la mayor fortaleza napole\u00f3nica de Italia. Con una superficie de unas 50 hect\u00e1reas, incluye bater\u00edas, cuarteles, torres, una red de t\u00faneles y pasadizos subterr\u00e1neos y un Belverdere como mirador.<\/p>\n\n\n\n<p class=\"eplus-wrapper\">Dado de baja durante la Primera Guerra Mundial y tras d\u00e9cadas de deterioro, en torno a 2012 comenzaron las obras para proteger y reconstruir las singulares estructuras de la fortaleza. Hoy en d\u00eda, algunas zonas pueden visitarse de nuevo en visitas guiadas, siempre combinadas con magn\u00edficas vistas sobre el lago de Idro y sus alrededores.<\/p>\n\n\n\n<p class=\"eplus-wrapper\">El museo asociado Rocca d'Anfo ofrece a los visitantes una visi\u00f3n \u00fanica del pasado militar de la regi\u00f3n, as\u00ed como experiencias inmersivas. Descubra la joya \u00fanica de la fortaleza sobre el lago Idro con FORTE CULTURA.<\/p>\n<\/div>\n<\/div>\n\n\n<hr class=\"wp-block-separator alignwide has-text-color has-accent-2-color has-alpha-channel-opacity has-accent-2-background-color has-background eplus-wrapper\" style=\"margin-top:var(--wp--preset--spacing--30);margin-bottom:var(--wp--preset--spacing--30)\"\/>\n\n\n\n<h2 class=\"wp-block-heading alignwide eplus-wrapper\">Eventos en Valle Sabbia<\/h2>\n\n\n<div class=\"wp-block-columns alignwide eplus-wrapper is-layout-flex wp-container-core-columns-is-layout-28f84493 wp-block-columns-is-layout-flex eplus-styles-uid-d10637\">\n<div class=\"wp-block-column eplus-wrapper is-layout-flow wp-block-column-is-layout-flow\" style=\"flex-basis:100%\">\n<p class=\"eplus-wrapper\">\u2026<\/p>\n<\/div>\n<\/div>\n\n\n<hr class=\"wp-block-separator alignwide has-text-color has-accent-2-color has-alpha-channel-opacity has-accent-2-background-color has-background eplus-wrapper\" style=\"margin-top:var(--wp--preset--spacing--30);margin-bottom:var(--wp--preset--spacing--30)\"\/>\n\n\n<div id=\"travelersmap-container-69f754bdddf83\" class=\"travelersmap-container\" style=\"z-index: 1; min-height: 10px; min-width:10px; height:400px;width:100%; max-width:1280px; max-height:; position:relative;\"><div style=\"position:absolute; z-index:-1;top: 50%;text-align: center;display: block;left: 50%;transform: translate(-50%,-50%);\">Mapa del viajero est\u00e1 cargando...<br>Si ves esto despu\u00e9s de que tu p\u00e1gina se haya cargado completamente, es que faltan archivos leafletJS.<\/div><\/div>\n\n\n\n<hr class=\"wp-block-separator alignwide has-text-color has-accent-2-color has-alpha-channel-opacity has-accent-2-background-color has-background eplus-wrapper\" style=\"margin-top:var(--wp--preset--spacing--30);margin-bottom:var(--wp--preset--spacing--30)\"\/>\n\n\n\n<p class=\"eplus-wrapper\"><\/p>","protected":false},"excerpt":{"rendered":"<p>Fortaleza Rocca d'Anfo: la mayor fortaleza napole\u00f3nica de Italia; naturaleza, arquitectura e historia en lo alto del lago de Idro<\/p>","protected":false},"author":1,"featured_media":3346,"comment_status":"open","ping_status":"open","sticky":false,"template":"","format":"standard","meta":{"editor_plus_copied_stylings":"{}","pgc_sgb_lightbox_settings":"","_price":"","_stock":"","_tribe_ticket_header":"","_tribe_default_ticket_provider":"","_tribe_ticket_capacity":"0","_ticket_start_date":"","_ticket_end_date":"","_tribe_ticket_show_description":"","_tribe_ticket_show_not_going":false,"_tribe_ticket_use_global_stock":"","_tribe_ticket_global_stock_level":"","_global_stock_mode":"","_global_stock_cap":"","_tribe_rsvp_for_event":"","_tribe_ticket_going_count":"","_tribe_ticket_not_going_count":"","_tribe_tickets_list":"[]","_tribe_ticket_has_attendee_info_fields":false,"_EventAllDay":false,"_EventTimezone":"","_EventStartDate":"","_EventEndDate":"","_EventStartDateUTC":"","_EventEndDateUTC":"","_EventShowMap":false,"_EventShowMapLink":false,"_EventURL":"","_EventCost":"","_EventCostDescription":"","_EventCurrencySymbol":"","_EventCurrencyCode":"","_EventCurrencyPosition":"","_EventDateTimeSeparator":"","_EventTimeRangeSeparator":"","_EventOrganizerID":[],"_EventVenueID":[],"_OrganizerEmail":"","_OrganizerPhone":"","_OrganizerWebsite":"","_VenueAddress":"","_VenueCity":"","_VenueCountry":"","_VenueProvince":"","_VenueState":"","_VenueZip":"","_VenuePhone":"","_VenueURL":"","_VenueStateProvince":"","_VenueLat":"","_VenueLng":"","_VenueShowMap":false,"_VenueShowMapLink":false,"footnotes":""},"categories":[25,22,469,19,94,467],"tags":[77,461,463,86,490],"class_list":["post-3344","post","type-post","status-publish","format-standard","has-post-thumbnail","hentry","category-festung","category-festungserbe","category-fluesse-und-meer","category-stationen","category-italien","category-natur","tag-bergfestung","tag-familie","tag-museum","tag-napoleon","tag-venezianische-republik"],"_links":{"self":[{"href":"https:\/\/forte-cultura.com\/es\/wp-json\/wp\/v2\/posts\/3344","targetHints":{"allow":["GET"]}}],"collection":[{"href":"https:\/\/forte-cultura.com\/es\/wp-json\/wp\/v2\/posts"}],"about":[{"href":"https:\/\/forte-cultura.com\/es\/wp-json\/wp\/v2\/types\/post"}],"author":[{"embeddable":true,"href":"https:\/\/forte-cultura.com\/es\/wp-json\/wp\/v2\/users\/1"}],"replies":[{"embeddable":true,"href":"https:\/\/forte-cultura.com\/es\/wp-json\/wp\/v2\/comments?post=3344"}],"version-history":[{"count":0,"href":"https:\/\/forte-cultura.com\/es\/wp-json\/wp\/v2\/posts\/3344\/revisions"}],"wp:featuredmedia":[{"embeddable":true,"href":"https:\/\/forte-cultura.com\/es\/wp-json\/wp\/v2\/media\/3346"}],"wp:attachment":[{"href":"https:\/\/forte-cultura.com\/es\/wp-json\/wp\/v2\/media?parent=3344"}],"wp:term":[{"taxonomy":"category","embeddable":true,"href":"https:\/\/forte-cultura.com\/es\/wp-json\/wp\/v2\/categories?post=3344"},{"taxonomy":"post_tag","embeddable":true,"href":"https:\/\/forte-cultura.com\/es\/wp-json\/wp\/v2\/tags?post=3344"}],"curies":[{"name":"wp","href":"https:\/\/api.w.org\/{rel}","templated":true}]}}