{"id":3032,"date":"2025-01-02T10:01:27","date_gmt":"2025-01-02T09:01:27","guid":{"rendered":"https:\/\/forte-cultura.com\/?p=3032"},"modified":"2025-08-24T10:37:31","modified_gmt":"2025-08-24T08:37:31","slug":"ruta-de-los-castillos-y-ciudades-fortificadas-de-alsacia","status":"publish","type":"post","link":"https:\/\/forte-cultura.com\/es\/route-der-burgen-und-befestigten-staedte-im-elsass\/","title":{"rendered":"Ruta de los castillos y ciudades fortificadas de Alsacia"},"content":{"rendered":"<h2 class=\"wp-block-heading alignwide has-large-font-size eplus-wrapper\">Alsacia, tierra de castillos (FR)<\/h2>\n\n\n<div class=\"wp-block-columns alignwide eplus-wrapper is-layout-flex wp-container-core-columns-is-layout-28f84493 wp-block-columns-is-layout-flex eplus-styles-uid-0646a0\">\n<div class=\"wp-block-column eplus-wrapper is-layout-flow wp-block-column-is-layout-flow\" style=\"flex-basis:100%\">\n<figure class=\"wp-block-image alignright size-large is-resized eplus-wrapper\"><img loading=\"lazy\" decoding=\"async\" width=\"1024\" height=\"1024\" src=\"https:\/\/forte-cultura.com\/wp-content\/uploads\/1-log-TDCF-quadri-format_Web-1024x1024.png\" alt=\"\" class=\"wp-image-3038\" style=\"aspect-ratio:1;object-fit:cover;width:300px\" srcset=\"https:\/\/forte-cultura.com\/wp-content\/uploads\/1-log-TDCF-quadri-format_Web-1024x1024.png 1024w, https:\/\/forte-cultura.com\/wp-content\/uploads\/1-log-TDCF-quadri-format_Web-300x300.png 300w, https:\/\/forte-cultura.com\/wp-content\/uploads\/1-log-TDCF-quadri-format_Web-150x150.png 150w, https:\/\/forte-cultura.com\/wp-content\/uploads\/1-log-TDCF-quadri-format_Web-768x768.png 768w, https:\/\/forte-cultura.com\/wp-content\/uploads\/1-log-TDCF-quadri-format_Web-12x12.png 12w, https:\/\/forte-cultura.com\/wp-content\/uploads\/1-log-TDCF-quadri-format_Web-600x600.png 600w, https:\/\/forte-cultura.com\/wp-content\/uploads\/1-log-TDCF-quadri-format_Web.png 1300w\" sizes=\"auto, (max-width: 1024px) 100vw, 1024px\" \/><\/figure>\n\n\n\n<p class=\"eplus-wrapper\">FORTE CULTURA recomendaci\u00f3n de viaje<br><em>Alsacia<\/em><\/p>\n\n\n\n<p class=\"eplus-wrapper\">Emprenda su viaje de descubrimiento por una Alsacia medieval y misteriosa. <\/p>\n\n\n\n<p class=\"eplus-wrapper\">Alsacia fue cuna de varias dinast\u00edas imperiales, entre ellas los Hohenstaufen y los Habsburgo. En la Edad Media construyeron numerosos castillos para proteger sus tierras y riquezas. Hoy quedan casi 80 castillos y ruinas de castillos, visibles desde lejos, en medio de bosques y junto a vi\u00f1edos. <\/p>\n\n\n\n<p class=\"eplus-wrapper translation-block\">La <strong>ruta de los castillos y ciudades fortificadas de Alsacia<\/strong> incluye m\u00e1s de 50 lugares. Explore la fascinante historia de Alsacia de norte a sur, por ejemplo: Wissembourg, Fleckenstein, Wasenbourg, Lichtenberg, La Petite Pierre, Haut-Koenigsbourg y muchos m\u00e1s.<\/p>\n\n\n\n<p class=\"eplus-wrapper\">Admire rom\u00e1nticas ruinas de castillos, encantadoras ciudades hist\u00f3ricas y fant\u00e1sticas vistas. Conozca a las personas que dan vida cada d\u00eda a este patrimonio cultural. Sum\u00e9rjase en la historia de Alsacia y d\u00e9jese llevar por la magia de estos lugares cargados de historia. <\/p>\n\n\n\n<p class=\"eplus-wrapper\"><strong>Le espera una aventura inolvidable.<\/strong><\/p>\n\n\n\n<p class=\"eplus-wrapper\"><\/p>\n<\/div>\n<\/div>\n\n\n<div class=\"wp-block-group alignwide has-custom-verlauf-1-gradient-background has-background eplus-wrapper has-global-padding is-layout-constrained wp-block-group-is-layout-constrained\" style=\"padding-top:var(--wp--preset--spacing--20);padding-bottom:var(--wp--preset--spacing--20)\"><h3 class=\"wp-block-heading alignwide has-text-align-center eplus-wrapper eplus-styles-uid-80973f\" style=\"font-size:clamp(0.984rem, 0.984rem + ((1vw - 0.2rem) * 0.86), 1.5rem);\"><strong>Nuestra recomendaci\u00f3n de viaje FORTE CULTURA<\/strong><\/h3>\n\n\n<h5 class=\"wp-block-heading alignwide has-text-align-center has-custom-farbe-1-color has-text-color has-link-color has-large-font-size eplus-wrapper wp-elements-731554901e25dd153de1be0fea213b70\" style=\"margin-top:var(--wp--preset--spacing--10);margin-bottom:0\">Ruta de los castillos y ciudades fortificadas de Alsacia<\/h5>\n\n\n\n<p class=\"has-text-align-center has-small-font-size eplus-wrapper translation-block\" style=\"margin-top:5px\"><em>Desarrollado por <em>FORTE CULTURA Partner<\/em><\/em> <em>Alsace Destination Tourisme (ADT).<\/em><\/p>\n<\/div>\n\n\n<div id=\"travelersmap-container-69f776bb38517\" class=\"travelersmap-container\" style=\"z-index: 1; min-height: 10px; min-width:10px; height:400px;width:100%; max-width:1280px; max-height:; position:relative;\"><div style=\"position:absolute; z-index:-1;top: 50%;text-align: center;display: block;left: 50%;transform: translate(-50%,-50%);\">Mapa del viajero est\u00e1 cargando...<br>Si ves esto despu\u00e9s de que tu p\u00e1gina se haya cargado completamente, es que faltan archivos leafletJS.<\/div><\/div>\n\n\n<div class=\"wp-block-columns alignwide eplus-wrapper is-layout-flex wp-container-core-columns-is-layout-829fdb3e wp-block-columns-is-layout-flex eplus-styles-uid-810bb3\" style=\"border-style:none;border-width:0px;border-radius:0px;padding-top:var(--wp--preset--spacing--20);padding-right:var(--wp--preset--spacing--10);padding-bottom:var(--wp--preset--spacing--20);padding-left:var(--wp--preset--spacing--10)\">\n<div class=\"wp-block-column is-vertically-aligned-top eplus-wrapper is-layout-flow wp-block-column-is-layout-flow\" style=\"flex-basis:33.33%\">\n<h4 class=\"wp-block-heading has-text-align-center eplus-wrapper\" style=\"margin-top:0;margin-right:0;margin-bottom:var(--wp--preset--spacing--10);padding-top:0;padding-bottom:0\">1 Castillo de Haut-Andlau<\/h4>\n\n\n<figure class=\"is-style-default  wp-block-image aligncenter size-full has-custom-border eplus-wrapper eplus-styles-uid-135982\" style=\"margin-top:0;margin-bottom:0\"><img decoding=\"async\" src=\"https:\/\/forte-cultura.com\/wp-content\/uploads\/2-Andlau-Chateau-Haut-Andlau-%C2%A9-C.-FLEITH-ADT.jpg\" alt=\"\" class=\"wp-image-3069\" style=\"border-radius:10px;aspect-ratio:16\/9;object-fit:cover\"><figcaption class=\"wp-element-caption\">Ruinas del castillo de Haut-Andlau<\/figcaption><\/figure>\n\n\n<p class=\"has-text-align-center eplus-wrapper\" style=\"margin-top:0;margin-bottom:0;font-size:clamp(0.875rem, 0.875rem + ((1vw - 0.2rem) * 0.125), 0.95rem);line-height:1.4\">El castillo, con sus dos llamativas torres, se alza sobre los valles de Kirneck y Barr; el valle de Andlau se encuentra al sur. La fortaleza, que carece de patio, fue construida por los se\u00f1ores de Andlau entre 1337 y 1344. La entrada se construy\u00f3 seg\u00fan la \u00abDurchlauftechnik\u00bb, con una serie de trampas para los enemigos. La casa se\u00f1orial estuvo habitada por guardabosques hasta 1796.<\/p>\n\n\n\n<p class=\"has-text-align-center eplus-wrapper\" style=\"margin-top:var(--wp--preset--spacing--10);margin-bottom:0;font-size:0.8rem\">67140 Andlau<br><a href=\"http:\/\/www.chateaudandlau.com\" target=\"_blank\" rel=\"noreferrer noopener\">www.chateaudandlau.com<\/a><\/p>\n\n\n\n<p class=\"has-text-align-center has-contrast-3-color has-text-color has-link-color eplus-wrapper wp-elements-54d271a966870c70bc06cf82d5ee1299\" style=\"margin-top:0;font-size:0.8em\">(Imagen \u00a9C. FLEITH - ADT)<\/p>\n<\/div>\n\n\n\n<div class=\"wp-block-column is-vertically-aligned-top eplus-wrapper is-layout-flow wp-block-column-is-layout-flow\" style=\"flex-basis:33.33%\">\n<h4 class=\"wp-block-heading has-text-align-center eplus-wrapper\" style=\"margin-top:0;margin-right:0;margin-bottom:var(--wp--preset--spacing--10);padding-top:0;padding-bottom:0\">2 Castillo de Spesbourg<\/h4>\n\n\n<figure class=\"is-style-default  wp-block-image aligncenter size-full has-custom-border eplus-wrapper eplus-styles-uid-135982\" style=\"margin-top:0;margin-bottom:0\"><img decoding=\"async\" src=\"https:\/\/forte-cultura.com\/wp-content\/uploads\/3-Andlau-Chateau-de-Spesbourg-DSC3478-%C2%A9-INFRA-ADT.jpg\" alt=\"\" class=\"wp-image-3070\" style=\"border-radius:10px;aspect-ratio:16\/9;object-fit:cover\"><figcaption class=\"wp-element-caption\">Ruinas del castillo de Spesbourg<\/figcaption><\/figure>\n\n\n<p class=\"has-text-align-center eplus-wrapper\" style=\"margin-top:0;margin-bottom:0;font-size:clamp(0.875rem, 0.875rem + ((1vw - 0.2rem) * 0.125), 0.95rem);line-height:1.4\">Construido en 1247, el castillo controlaba el valle y la abad\u00eda vecina y cuenta con una gran torre cuadrada de 24 m de altura y un patio interior. En uno de los arcos de las ruinas se pueden ver fragmentos de frescos multicolores que, con los frontones de las chimeneas tallados, muestran un refinamiento poco com\u00fan en el siglo XIV. Ha sido restaurada en los \u00faltimos 20 a\u00f1os, lo que la hace m\u00e1s accesible.<\/p>\n\n\n\n<p class=\"has-text-align-center eplus-wrapper\" style=\"margin-top:var(--wp--preset--spacing--10);margin-bottom:0;font-size:0.8rem\">67140 Andlau<br><a href=\"http:\/\/www.chateauxfortsalsace.com\" data-type=\"link\" data-id=\"www.chateauxfortsalsace.com\" target=\"_blank\" rel=\"noreferrer noopener\">www.chateauxfortsalsace.com<\/a><\/p>\n\n\n\n<p class=\"has-text-align-center has-contrast-3-color has-text-color has-link-color eplus-wrapper wp-elements-bbc7350b0907ae0d45c60d78ee39fc6e\" style=\"margin-top:0;margin-bottom:0;font-size:0.8rem\">(Imagen \u00a9INFRA - ADT)<\/p>\n<\/div>\n\n\n\n<div class=\"wp-block-column is-vertically-aligned-top eplus-wrapper is-layout-flow wp-block-column-is-layout-flow\" style=\"flex-basis:33.33%\">\n<h4 class=\"wp-block-heading has-text-align-center eplus-wrapper\" style=\"margin-top:0;margin-right:0;margin-bottom:var(--wp--preset--spacing--10);padding-top:0;padding-bottom:0\">3 El castillo de Bilstein-Aubure<\/h4>\n\n\n<figure class=\"is-style-default  wp-block-image aligncenter size-full has-custom-border eplus-wrapper eplus-styles-uid-135982\" style=\"margin-top:0;margin-bottom:0\"><img decoding=\"async\" src=\"https:\/\/forte-cultura.com\/wp-content\/uploads\/4-Aubure-Bilstein-%C2%A9-A.-Rinckenbach-7.jpg\" alt=\"Ruinas del castillo de Bilstein-Aubure \u00a9A. Rinckenbach\" class=\"wp-image-3071\" style=\"border-radius:10px;aspect-ratio:16\/9;object-fit:cover\"><figcaption class=\"wp-element-caption\">Ruinas del castillo de Bilstein-Aubure<\/figcaption><\/figure>\n\n\n<p class=\"has-text-align-center eplus-wrapper\" style=\"margin-top:0;margin-bottom:0;font-size:clamp(0.875rem, 0.875rem + ((1vw - 0.2rem) * 0.125), 0.95rem);line-height:1.4\">Castillo con una torre del homenaje cuadrada del siglo XII; una doble muralla, modificada por los W\u00fcrttemberg en el siglo XIV, protege el conjunto. Acceso a la torre del homenaje por una alta puerta ojival.<\/p>\n\n\n\n<p class=\"has-text-align-center eplus-wrapper\" style=\"margin-top:var(--wp--preset--spacing--10);margin-bottom:0;font-size:0.8rem\">68150 Aubure<\/p>\n\n\n\n<p class=\"has-text-align-center has-contrast-3-color has-text-color has-link-color eplus-wrapper wp-elements-e9df30ae66cc02464bc7b81bea60572e\" style=\"margin-top:0;margin-bottom:0;font-size:0.8rem\">(Imagen \u00a9A. Rinckenbach)<\/p>\n<\/div>\n<\/div>\n\n<div class=\"wp-block-columns alignwide eplus-wrapper is-layout-flex wp-container-core-columns-is-layout-829fdb3e wp-block-columns-is-layout-flex eplus-styles-uid-ca6d8d\" style=\"border-style:none;border-width:0px;border-radius:0px;padding-top:var(--wp--preset--spacing--20);padding-right:var(--wp--preset--spacing--10);padding-bottom:var(--wp--preset--spacing--20);padding-left:var(--wp--preset--spacing--10)\">\n<div class=\"wp-block-column is-vertically-aligned-top eplus-wrapper is-layout-flow wp-block-column-is-layout-flow\" style=\"flex-basis:33.33%\">\n<h4 class=\"wp-block-heading has-text-align-center eplus-wrapper\" style=\"margin-top:0;margin-right:0;margin-bottom:var(--wp--preset--spacing--10);padding-top:0;padding-bottom:0\">4 Castillo de Schoeneck<\/h4>\n\n\n<figure class=\"is-style-default  wp-block-image aligncenter size-full has-custom-border eplus-wrapper eplus-styles-uid-135982\" style=\"margin-top:0;margin-bottom:0\"><img decoding=\"async\" src=\"https:\/\/forte-cultura.com\/wp-content\/uploads\/5-Dambach-Neunhoffen-Chateau-Schoeneck-015-%C2%A9-C.FLEITH-ADT.jpg\" alt=\"\" class=\"wp-image-3072\" style=\"border-radius:10px;aspect-ratio:16\/9;object-fit:cover\"><figcaption class=\"wp-element-caption\">Ruinas del castillo fortificado de Sch\u00f6neck<\/figcaption><\/figure>\n\n\n<p class=\"has-text-align-center eplus-wrapper\" style=\"margin-top:0;margin-bottom:0;font-size:clamp(0.875rem, 0.875rem + ((1vw - 0.2rem) * 0.125), 0.95rem);line-height:1.4\">El castillo (construido hacia 1200, restaurado en los siglos XVI y XVII) conserva los restos de las viviendas del siglo XIII y una torre del homenaje pentagonal. La entrada, del siglo XVI, est\u00e1 protegida por dos bastiones de artiller\u00eda y da acceso al patio trasero. Los visitantes tambi\u00e9n pueden ver la torre oeste (siglo XVI). La asociaci\u00f3n Cun Ulmer Gr\u00fcn lleva m\u00e1s de 20 a\u00f1os trabajando para conservar, asegurar y consolidar las ruinas del castillo. Colabora con el conservador de la Maison de l'Arch\u00e9ologie de Niederbronn-les-Bains, donde se exponen los objetos hallados durante las excavaciones. Durante la temporada se organizan visitas guiadas.<\/p>\n\n\n\n<p class=\"has-text-align-center eplus-wrapper\" style=\"margin-top:var(--wp--preset--spacing--10);margin-bottom:0;font-size:0.8rem\">67110 Dambach<br><a href=\"http:\/\/chateau.schoeneck.free.fr\" data-type=\"link\" data-id=\"www.chateauxfortsalsace.com\" target=\"_blank\" rel=\"noreferrer noopener\">chateau.schoeneck.free.fr<\/a><\/p>\n\n\n\n<p class=\"has-text-align-center has-contrast-3-color has-text-color has-link-color eplus-wrapper wp-elements-bbc7350b0907ae0d45c60d78ee39fc6e\" style=\"margin-top:0;margin-bottom:0;font-size:0.8rem\">(Imagen \u00a9INFRA - ADT)<\/p>\n<\/div>\n\n\n\n<div class=\"wp-block-column is-vertically-aligned-top eplus-wrapper is-layout-flow wp-block-column-is-layout-flow\" style=\"flex-basis:33.33%\">\n<h4 class=\"wp-block-heading has-text-align-center eplus-wrapper\" style=\"margin-top:0;margin-right:0;margin-bottom:var(--wp--preset--spacing--10);padding-top:0;padding-bottom:0\">5 Castillo de Bernstein<\/h4>\n\n\n<figure class=\"is-style-default  wp-block-image aligncenter size-full has-custom-border eplus-wrapper eplus-styles-uid-135982\" style=\"margin-top:0;margin-bottom:0\"><img decoding=\"async\" src=\"https:\/\/forte-cultura.com\/wp-content\/uploads\/6-Dambach-la-Ville-Chateau-Bernstein-%C2%A9ADT-E.List-8.jpg\" alt=\"\" class=\"wp-image-3073\" style=\"border-radius:10px;aspect-ratio:16\/9;object-fit:cover\"><figcaption class=\"wp-element-caption\">Ruinas del castillo de Bernstein<\/figcaption><\/figure>\n\n\n<p class=\"has-text-align-center eplus-wrapper\" style=\"margin-top:0;margin-bottom:0;font-size:clamp(0.875rem, 0.875rem + ((1vw - 0.2rem) * 0.125), 0.95rem);line-height:1.4\">Este castillo de granito es uno de los m\u00e1s antiguos de Alsacia, cuya primera menci\u00f3n data de principios del siglo XI. El castillo superior consta de una torre pentagonal de 18 metros de altura, la vivienda del se\u00f1or de planta hexagonal, con aspilleras retranqueadas y ventanas arqueadas, as\u00ed como una torre cuadrada que albergaba la capilla del castillo.<\/p>\n\n\n\n<p class=\"has-text-align-center eplus-wrapper\" style=\"margin-top:var(--wp--preset--spacing--10);margin-bottom:0;font-size:0.8rem\">67650 Dambach la Ville<br><a href=\"http:\/\/www.chateauxfortsalsace.com\" data-type=\"link\" data-id=\"www.chateauxfortsalsace.com\" target=\"_blank\" rel=\"noreferrer noopener\">www.chateauxfortsalsace.com<\/a><\/p>\n\n\n\n<p class=\"has-text-align-center has-contrast-3-color has-text-color has-link-color eplus-wrapper wp-elements-86ae615ed95c1052c98c511bef880e2f\" style=\"margin-top:0;margin-bottom:0;font-size:0.8rem\">(Imagen \u00a9ADT-E.List)<\/p>\n<\/div>\n\n\n\n<div class=\"wp-block-column is-vertically-aligned-top eplus-wrapper is-layout-flow wp-block-column-is-layout-flow\" style=\"flex-basis:33.33%\">\n<h4 class=\"wp-block-heading has-text-align-center eplus-wrapper\" style=\"margin-top:0;margin-right:0;margin-bottom:var(--wp--preset--spacing--10);padding-top:0;padding-bottom:0\">6 Castillos de Haut-Eguisheim<\/h4>\n\n\n<figure class=\"is-style-default  wp-block-image aligncenter size-full has-custom-border eplus-wrapper eplus-styles-uid-135982\" style=\"margin-top:0;margin-bottom:0\"><img decoding=\"async\" src=\"https:\/\/forte-cultura.com\/wp-content\/uploads\/7-Eguisheim-Les-trois-chateaux-3-%C2%A9-M.-Schampion-ADT.jpg\" alt=\"\" class=\"wp-image-3074\" style=\"border-radius:10px;aspect-ratio:16\/9;object-fit:cover\"><figcaption class=\"wp-element-caption\">Las ruinas del castillo de Haut-Eguisheim<\/figcaption><\/figure>\n\n\n<p class=\"has-text-align-center eplus-wrapper\" style=\"margin-top:0;margin-bottom:0;font-size:clamp(0.875rem, 0.875rem + ((1vw - 0.2rem) * 0.125), 0.95rem);line-height:1.4\">Las tres torres, entronizadas en el Schlossberg a 591 metros de altitud, dominan la llanura alsaciana. Fueron construidas entre los siglos XI y XII. La Wahlenbourg es la torre m\u00e1s antigua y fue la casa solariega del conde Hugo IV de Eguisheim. La Dagsbourg se encuentra al norte. La Weckmund se construy\u00f3 en el siglo XII. Hoy s\u00f3lo quedan estas tres torres de arenisca rosa, restos de un castillo anta\u00f1o \u00fanico que fue abandonado a partir del siglo XV. Las ruinas ofrecen una fant\u00e1stica vista de Eguisheim, uno de los pueblos m\u00e1s bellos de Francia. El acceso s\u00f3lo es posible a pie desde mediados de noviembre hasta mediados de marzo.<\/p>\n\n\n\n<p class=\"has-text-align-center eplus-wrapper\" style=\"margin-top:var(--wp--preset--spacing--10);margin-bottom:0;font-size:0.8rem\">68420 Eguisheim<br><a href=\"http:\/\/www.tourisme-eguisheim-rouffach.com\" data-type=\"link\" data-id=\"www.chateauxfortsalsace.com\" target=\"_blank\" rel=\"noreferrer noopener\">www.tourisme-eguisheim-rouffach.com<\/a><\/p>\n\n\n\n<p class=\"has-text-align-center has-contrast-3-color has-text-color has-link-color eplus-wrapper wp-elements-71edb8722997ef5c7f08e646da0da32e\" style=\"margin-top:0;margin-bottom:0;font-size:0.8rem\">(Imagen \u00a9M. Schampion - ADT)<\/p>\n<\/div>\n<\/div>\n\n<div class=\"wp-block-columns alignwide eplus-wrapper is-layout-flex wp-container-core-columns-is-layout-829fdb3e wp-block-columns-is-layout-flex eplus-styles-uid-900a6c\" style=\"border-style:none;border-width:0px;border-radius:0px;padding-top:var(--wp--preset--spacing--20);padding-right:var(--wp--preset--spacing--10);padding-bottom:var(--wp--preset--spacing--20);padding-left:var(--wp--preset--spacing--10)\">\n<div class=\"wp-block-column is-vertically-aligned-top eplus-wrapper is-layout-flow wp-block-column-is-layout-flow\" style=\"flex-basis:33.33%\">\n<h4 class=\"wp-block-heading has-text-align-center eplus-wrapper\" style=\"margin-top:0;margin-right:0;margin-bottom:var(--wp--preset--spacing--10);padding-top:0;padding-bottom:0\">7 Castillo de Ferrette<\/h4>\n\n\n<figure class=\"is-style-default  wp-block-image aligncenter size-full has-custom-border eplus-wrapper eplus-styles-uid-135982\" style=\"margin-top:0;margin-bottom:0\"><img decoding=\"async\" src=\"https:\/\/forte-cultura.com\/wp-content\/uploads\/8-Ferrette-Chateau-D857538-%C2%A9-INFRA-ADT.jpg\" alt=\"\" class=\"wp-image-3075\" style=\"border-radius:10px;aspect-ratio:16\/9;object-fit:cover\"><figcaption class=\"wp-element-caption\">Ruinas del castillo de Ferrette<\/figcaption><\/figure>\n\n\n<p class=\"has-text-align-center eplus-wrapper\" style=\"margin-top:0;margin-bottom:0;font-size:clamp(0.875rem, 0.875rem + ((1vw - 0.2rem) * 0.125), 0.95rem);line-height:1.4\">El castillo de Pfirrt es uno de los m\u00e1s antiguos de Alsacia, mencionado por primera vez en 1105. Fue una de las principales posesiones de los condes de Ferrette, que lo heredaron de los condes de Montb\u00e9liard. Tras la muerte del \u00faltimo conde, el condado pas\u00f3 a la Casa de Austria en 1324 por el matrimonio de Johanna von Pfirrt con el duque Alberto II de Habsburgo y el castillo se convirti\u00f3 en residencia de un alguacil austriaco. Las ruinas se dividen en dos partes: el castillo superior, con una torre residencial tallada en piedra caliza y una plataforma con una vista panor\u00e1mica de los Vosgos, y el castillo inferior, con varias torres redondas con aberturas de fuego.<\/p>\n\n\n\n<p class=\"has-text-align-center eplus-wrapper\" style=\"margin-top:var(--wp--preset--spacing--10);margin-bottom:0;font-size:0.8rem\">68480 Ferrette<br><a href=\"http:\/\/www.sundgau-sudalsace.fr\" target=\"_blank\" rel=\"noreferrer noopener\">www.sundgau-sudalsace.fr<\/a><\/p>\n\n\n\n<p class=\"has-text-align-center has-contrast-3-color has-text-color has-link-color eplus-wrapper wp-elements-d180ffd1fcf6246be1c7692db50aee06\" style=\"margin-top:0;font-size:0.8em\">(Imagen \u00a9INFRA - ADT)<\/p>\n<\/div>\n\n\n\n<div class=\"wp-block-column is-vertically-aligned-top eplus-wrapper is-layout-flow wp-block-column-is-layout-flow\" style=\"flex-basis:33.33%\">\n<h4 class=\"wp-block-heading has-text-align-center eplus-wrapper\" style=\"margin-top:0;margin-right:0;margin-bottom:var(--wp--preset--spacing--10);padding-top:0;padding-bottom:0\">8 Castillo de Hugstein<\/h4>\n\n\n<figure class=\"is-style-default  wp-block-image aligncenter size-full has-custom-border eplus-wrapper eplus-styles-uid-135982\" style=\"margin-top:0;margin-bottom:0\"><img decoding=\"async\" src=\"https:\/\/forte-cultura.com\/wp-content\/uploads\/9-Buhl-Guebwiller-Hugstein-641-%C2%A9-Pictural-ADT.jpg\" alt=\"\" class=\"wp-image-3076\" style=\"border-radius:10px;aspect-ratio:16\/9;object-fit:cover\"><figcaption class=\"wp-element-caption\">Ruinas del castillo de Hugstein<\/figcaption><\/figure>\n\n\n<p class=\"has-text-align-center eplus-wrapper\" style=\"margin-top:0;margin-bottom:0;font-size:clamp(0.875rem, 0.875rem + ((1vw - 0.2rem) * 0.125), 0.95rem);line-height:1.4\">El castillo de Hugstein es el \u00fanico monumento militar medieval de su tama\u00f1o en el distrito de Guebwiller. Situado sobre una colina rocosa, domina Buhl y Guebwiller. Construido en 1227 por iniciativa de Hugo von Rothenbourg, abad de Murbach, sirvi\u00f3 como principal punto de defensa de la abad\u00eda. En el siglo XIII, el castillo fue tambi\u00e9n prisi\u00f3n de caballeros traidores. El abad Barth\u00e9lemy d'Andlau, que mand\u00f3 construir la garita y los muros adicionales, es uno de los habitantes m\u00e1s famosos, conocido por sus conocimientos y su estricta administraci\u00f3n.<\/p>\n\n\n\n<p class=\"has-text-align-center eplus-wrapper\" style=\"margin-top:var(--wp--preset--spacing--10);margin-bottom:0;font-size:0.8rem\">68500 Guebwiller<br><a href=\"http:\/\/perso.wanadoo.fr\/chateauxforts-alsace\" data-type=\"link\" data-id=\"www.chateauxfortsalsace.com\" target=\"_blank\" rel=\"noreferrer noopener\">chateauxforts-alsace<\/a><\/p>\n\n\n\n<p class=\"has-text-align-center has-contrast-3-color has-text-color has-link-color eplus-wrapper wp-elements-1e0e202c946e75c65c794e7e49ca50af\" style=\"margin-top:0;margin-bottom:0;font-size:0.8rem\">(Imagen \u00a9Pictural - ADT)<\/p>\n<\/div>\n\n\n\n<div class=\"wp-block-column is-vertically-aligned-top eplus-wrapper is-layout-flow wp-block-column-is-layout-flow\" style=\"flex-basis:33.33%\">\n<h4 class=\"wp-block-heading has-text-align-center eplus-wrapper\" style=\"margin-top:0;margin-right:0;margin-bottom:var(--wp--preset--spacing--10);padding-top:0;padding-bottom:0\">9 Castillo de Grand Geroldseck<\/h4>\n\n\n<figure class=\"is-style-default  wp-block-image aligncenter size-full has-custom-border eplus-wrapper eplus-styles-uid-135982\" style=\"margin-top:0;margin-bottom:0\"><img decoding=\"async\" src=\"https:\/\/forte-cultura.com\/wp-content\/uploads\/10-Haegen-Chateau-du-Grand-Geroldseck-DSC_8374-%C2%A9-INFRA-ADT.jpg\" alt=\"\" class=\"wp-image-3077\" style=\"border-radius:10px;aspect-ratio:16\/9;object-fit:cover\"><figcaption class=\"wp-element-caption\">Ruinas del castillo de Gro\u00df-Geroldseck<\/figcaption><\/figure>\n\n\n<p class=\"has-text-align-center eplus-wrapper\" style=\"margin-top:0;margin-bottom:0;font-size:clamp(0.875rem, 0.875rem + ((1vw - 0.2rem) * 0.125), 0.95rem);line-height:1.4\">Se dice que las ruinas de los castillos medievales de Gro\u00df-Geroldseck y Klein-Geroldseck datan del siglo XII. Se puede llegar a ellas desde el castillo de Hohbarr a trav\u00e9s de una ruta de senderismo.<\/p>\n\n\n\n<p class=\"has-text-align-center eplus-wrapper\" style=\"margin-top:var(--wp--preset--spacing--10);margin-bottom:0;font-size:0.8rem\">67700 Haegen<br><a href=\"http:\/\/progeroldseck.free.fr\" data-type=\"link\" data-id=\"www.chateauxfortsalsace.com\" target=\"_blank\" rel=\"noreferrer noopener\">progeroldseck.free.fr<\/a><\/p>\n\n\n\n<p class=\"has-text-align-center has-contrast-3-color has-text-color has-link-color eplus-wrapper wp-elements-bbc7350b0907ae0d45c60d78ee39fc6e\" style=\"margin-top:0;margin-bottom:0;font-size:0.8rem\">(Imagen \u00a9INFRA - ADT)<\/p>\n<\/div>\n<\/div>\n\n<div class=\"wp-block-columns alignwide eplus-wrapper is-layout-flex wp-container-core-columns-is-layout-829fdb3e wp-block-columns-is-layout-flex eplus-styles-uid-e75121\" style=\"border-style:none;border-width:0px;border-radius:0px;padding-top:var(--wp--preset--spacing--20);padding-right:var(--wp--preset--spacing--10);padding-bottom:var(--wp--preset--spacing--20);padding-left:var(--wp--preset--spacing--10)\">\n<div class=\"wp-block-column is-vertically-aligned-top eplus-wrapper is-layout-flow wp-block-column-is-layout-flow\" style=\"flex-basis:33.34%\">\n<h4 class=\"wp-block-heading has-text-align-center eplus-wrapper\" style=\"margin-top:0;margin-right:0;margin-bottom:var(--wp--preset--spacing--10);padding-top:0;padding-bottom:0\">10 Castillo de Petit Geroldseck<\/h4>\n\n\n<figure class=\"is-style-default  wp-block-image aligncenter size-full has-custom-border eplus-wrapper eplus-styles-uid-135982\" style=\"margin-top:0;margin-bottom:0\"><img decoding=\"async\" src=\"https:\/\/forte-cultura.com\/wp-content\/uploads\/11-Chateau-de-Petit-Geroldseck-Haegen-%C2%A9Office-de-Tourisme-du-Commerce-du-Pays-de-Saverne-4.jpg\" alt=\"\" class=\"wp-image-3078\" style=\"border-radius:10px;aspect-ratio:16\/9;object-fit:cover\"><figcaption class=\"wp-element-caption\">Ruinas del castillo de Klein Geroldseck<\/figcaption><\/figure>\n\n\n<p class=\"has-text-align-center eplus-wrapper\" style=\"margin-top:0;margin-bottom:0;font-size:clamp(0.875rem, 0.875rem + ((1vw - 0.2rem) * 0.125), 0.95rem);line-height:1.4\">Probablemente construido a mediados del siglo XIII por los se\u00f1ores de Geroldseck, el peque\u00f1o Geroldseck era un feudo del obispado de Metz, que pertenec\u00eda al se\u00f1or\u00edo de Marmoutier. Mencionado ya en 1235, cuando se habla de \u201edos se\u00f1or\u00edos de Gerolsec\u201c, se le conoce como el nuevo Geroldseck en la primera mitad del siglo XIV. El castillo parece haber sido abandonado bastante pronto, probablemente ya en el siglo XV, lo que contribuy\u00f3 a su r\u00e1pido declive. Hoy en d\u00eda, los restos ofrecen una fascinante visi\u00f3n de la historia medieval de la regi\u00f3n.<\/p>\n\n\n\n<p class=\"has-text-align-center eplus-wrapper\" style=\"margin-top:var(--wp--preset--spacing--10);margin-bottom:0;font-size:0.8rem\">67700 Haegen<br><a href=\"http:\/\/progeroldseck.free.fr\" data-type=\"link\" data-id=\"www.chateauxfortsalsace.com\" target=\"_blank\" rel=\"noreferrer noopener\">progeroldseck.free.fr<\/a><\/p>\n\n\n\n<p class=\"has-text-align-center has-contrast-3-color has-text-color has-link-color eplus-wrapper wp-elements-1d0ad271eb8490d364a38cca40cc73bd\" style=\"margin-top:0;margin-bottom:0;font-size:0.8rem\">(Imagen \u00a9Office de Tourisme &amp; du Commerce du Pays de Saverne)<\/p>\n<\/div>\n\n\n\n<div class=\"wp-block-column is-vertically-aligned-top eplus-wrapper is-layout-flow wp-block-column-is-layout-flow\" style=\"flex-basis:33.34%\">\n<h4 class=\"wp-block-heading has-text-align-center eplus-wrapper\" style=\"margin-top:0;margin-right:0;margin-bottom:var(--wp--preset--spacing--10);padding-top:0;padding-bottom:0\">11 Castillo de Landsberg<\/h4>\n\n\n<figure class=\"is-style-default  wp-block-image aligncenter size-full has-custom-border eplus-wrapper eplus-styles-uid-135982\" style=\"margin-top:0;margin-bottom:0\"><img decoding=\"async\" src=\"https:\/\/forte-cultura.com\/wp-content\/uploads\/12-Heiligenstein-Chateau-du-Landsberg-DSC3255-%C2%A9-INFRA-ADT.jpg\" alt=\"\" class=\"wp-image-3079\" style=\"border-radius:10px;aspect-ratio:16\/9;object-fit:cover\"><figcaption class=\"wp-element-caption\">Ruinas del castillo de Landsberg<\/figcaption><\/figure>\n\n\n<p class=\"has-text-align-center eplus-wrapper\" style=\"margin-top:0;margin-bottom:0;font-size:clamp(0.875rem, 0.875rem + ((1vw - 0.2rem) * 0.125), 0.95rem);line-height:1.4\">El castillo fue construido entre 1197 y 1200 por Conrad von Landsberg para reforzar las abad\u00edas de Hohenbourg, Niedermunster y Andlau y como refugio en caso de amenaza al castillo de Niedernai. Las hermosas celos\u00edas rom\u00e1nicas del palacio y el mirador de la capilla del castillo confieren al conjunto una gran elegancia. La destrucci\u00f3n del castillo en 1632 se atribuye a los suecos.<\/p>\n\n\n\n<p class=\"has-text-align-center eplus-wrapper\" style=\"margin-top:var(--wp--preset--spacing--10);margin-bottom:0;font-size:0.8rem\">67140 Heiligenstein<br><a href=\"http:\/\/www.chateauxfortsalsace.com\" data-type=\"link\" data-id=\"www.chateauxfortsalsace.com\" target=\"_blank\" rel=\"noreferrer noopener\">www.chateauxfortsalsace.com<\/a><\/p>\n\n\n\n<p class=\"has-text-align-center has-contrast-3-color has-text-color has-link-color eplus-wrapper wp-elements-bbc7350b0907ae0d45c60d78ee39fc6e\" style=\"margin-top:0;margin-bottom:0;font-size:0.8rem\">(Imagen \u00a9INFRA - ADT)<\/p>\n<\/div>\n\n\n\n<div class=\"wp-block-column eplus-wrapper is-layout-flow wp-block-column-is-layout-flow\" style=\"flex-basis:33.33%\">\n<h4 class=\"wp-block-heading has-text-align-center eplus-wrapper\" style=\"margin-bottom:var(--wp--preset--spacing--10)\">12 El castillo de Wineck<\/h4>\n\n\n<figure class=\"is-style-default  wp-block-image aligncenter size-full has-custom-border eplus-wrapper eplus-styles-uid-135982\" style=\"margin-top:0;margin-bottom:0\"><img decoding=\"async\" src=\"https:\/\/forte-cultura.com\/wp-content\/uploads\/13-Katzenthal-chateau-du-Wineck-%C2%A9-OTVKB.jpg\" alt=\"\" class=\"wp-image-3080\" style=\"border-radius:10px;aspect-ratio:16\/9;object-fit:cover\"><figcaption class=\"wp-element-caption\">Ruinas del castillo de Katzenthal<\/figcaption><\/figure>\n\n\n<p class=\"has-text-align-center eplus-wrapper\" style=\"margin-top:0;margin-bottom:0;font-size:clamp(0.875rem, 0.875rem + ((1vw - 0.2rem) * 0.125), 0.95rem);line-height:1.4\">El castillo de Wineck, construido hacia 1200 y situado a 330 metros sobre el nivel del mar, se alza en lo alto de Katzenthal y tambi\u00e9n es conocido como \u201eel castillo de las vi\u00f1as\u201c debido al vi\u00f1edo que lo rodea. Esta fortaleza incluye un torre\u00f3n de 20 metros de altura y alberga un peque\u00f1o museo. Desde aqu\u00ed se puede admirar parte de la Ruta del Vino de Alsacia y los pueblos t\u00edpicos. El Wineck se puede descubrir en familia a trav\u00e9s de un sendero de aventura en el valle de Katzen, lleno de rompecabezas. Una zona de picnic ofrece un agradable descanso.<\/p>\n\n\n\n<p class=\"has-text-align-center eplus-wrapper\" style=\"margin-top:var(--wp--preset--spacing--10);margin-bottom:0;font-size:0.8rem\">68230 Katzenthal<br><a href=\"http:\/\/www.kaysersberg.com\" target=\"_blank\" rel=\"noreferrer noopener\">www.kaysersberg.com<\/a><\/p>\n\n\n\n<p class=\"has-text-align-center has-contrast-3-color has-text-color has-link-color eplus-wrapper wp-elements-d842e773a4ed5ab7e591d5b1ba49c273\" style=\"margin-top:0;margin-bottom:0;font-size:0.8em\">(Imagen \u00a9OTVKB)<\/p>\n<\/div>\n<\/div>\n\n\n<!--nextpage-->\n\n\n\n<div class=\"wp-block-group alignwide has-custom-verlauf-1-gradient-background has-background eplus-wrapper has-global-padding is-layout-constrained wp-block-group-is-layout-constrained\" style=\"padding-top:var(--wp--preset--spacing--20);padding-bottom:var(--wp--preset--spacing--20)\"><h3 class=\"wp-block-heading alignwide has-text-align-center eplus-wrapper eplus-styles-uid-80973f\" style=\"font-size:clamp(0.984rem, 0.984rem + ((1vw - 0.2rem) * 0.86), 1.5rem);\"><strong>Nuestra recomendaci\u00f3n de viaje FORTE CULTURA<\/strong><\/h3>\n\n\n<h5 class=\"wp-block-heading alignwide has-text-align-center has-custom-farbe-1-color has-text-color has-link-color has-large-font-size eplus-wrapper wp-elements-f898a5ada290396de47770bf714a1bd6\" style=\"margin-top:var(--wp--preset--spacing--10);margin-bottom:0\">Ruta de los castillos y ciudades fortificadas de Alsacia (p\u00e1gina 2\/4)<\/h5>\n\n\n\n<p class=\"has-text-align-center has-small-font-size eplus-wrapper translation-block\" style=\"margin-top:5px\"><em>Desarrollado por <em>FORTE CULTURA Partner<\/em><\/em> <em>Alsace Destination Tourisme (ADT).<\/em><\/p>\n<\/div>\n\n\n<div id=\"travelersmap-container-69f776bb3a3cb\" class=\"travelersmap-container\" style=\"z-index: 1; min-height: 10px; min-width:10px; height:400px;width:100%; max-width:1280px; max-height:; position:relative;\"><div style=\"position:absolute; z-index:-1;top: 50%;text-align: center;display: block;left: 50%;transform: translate(-50%,-50%);\">Mapa del viajero est\u00e1 cargando...<br>Si ves esto despu\u00e9s de que tu p\u00e1gina se haya cargado completamente, es que faltan archivos leafletJS.<\/div><\/div>\n\n\n<div class=\"wp-block-columns alignwide eplus-wrapper is-layout-flex wp-container-core-columns-is-layout-829fdb3e wp-block-columns-is-layout-flex eplus-styles-uid-893be2\" style=\"border-style:none;border-width:0px;border-radius:0px;padding-top:var(--wp--preset--spacing--20);padding-right:var(--wp--preset--spacing--10);padding-bottom:var(--wp--preset--spacing--20);padding-left:var(--wp--preset--spacing--10)\">\n<div class=\"wp-block-column is-vertically-aligned-top eplus-wrapper is-layout-flow wp-block-column-is-layout-flow\" style=\"flex-basis:33.34%\">\n<h4 class=\"wp-block-heading has-text-align-center eplus-wrapper\" style=\"margin-top:0;margin-right:0;margin-bottom:var(--wp--preset--spacing--10);padding-top:0;padding-bottom:0\">13 El castillo de Kaysersberg<\/h4>\n\n\n<figure class=\"is-style-default  wp-block-image aligncenter size-full has-custom-border eplus-wrapper eplus-styles-uid-135982\" style=\"margin-top:0;margin-bottom:0\"><img decoding=\"async\" src=\"https:\/\/forte-cultura.com\/wp-content\/uploads\/14-Kaysersberg-chateau-de-Kaysersberg-%C2%A9-OTVKB-2.jpg\" alt=\"\" class=\"wp-image-3195\" style=\"border-radius:10px;aspect-ratio:16\/9;object-fit:cover\"><figcaption class=\"wp-element-caption\">Ruinas del castillo de Kaysersberg<\/figcaption><\/figure>\n\n\n<p class=\"has-text-align-center eplus-wrapper\" style=\"margin-top:0;margin-bottom:0;font-size:clamp(0.875rem, 0.875rem + ((1vw - 0.2rem) * 0.125), 0.95rem);line-height:1.4\">La antigua ciudad imperial de Kaysersberg alberga un castillo imperial que se construy\u00f3 hacia 1200 para controlar los caminos de Lorena. Este lugar estrat\u00e9gico desempe\u00f1\u00f3 un papel clave en el conflicto entre el Imperio y los duques de Lorena. El castillo se caracteriza por su enorme torre\u00f3n cil\u00edndrico, uno de los torreones redondos m\u00e1s antiguos de Alsacia, con muros de m\u00e1s de 4 metros de grosor. En el interior, podr\u00e1 admirar la casa solariega con sus ventanas de arco apuntado. No se pierda las maravillosas vistas desde el torre\u00f3n: un panorama sobre Kaysersberg, el valle, los vi\u00f1edos y la Selva Negra. Dos escaleras y un camino a trav\u00e9s de los vi\u00f1edos conducen a los restos.<\/p>\n\n\n\n<p class=\"has-text-align-center eplus-wrapper\" style=\"margin-top:var(--wp--preset--spacing--10);margin-bottom:0;font-size:0.8rem\">68240 Kaysersberg Vignoble<br><a href=\"http:\/\/www.kaysersberg.com\" target=\"_blank\" rel=\"noreferrer noopener\">www.kaysersberg.com<\/a><\/p>\n\n\n\n<p class=\"has-text-align-center has-contrast-3-color has-text-color has-link-color eplus-wrapper wp-elements-6e2d4e5eb05bfa4a7f41ebf27907fe0d\" style=\"margin-top:0;font-size:0.8em\">(Imagen \u00a9OTVKB)<\/p>\n<\/div>\n\n\n\n<div class=\"wp-block-column is-vertically-aligned-top eplus-wrapper is-layout-flow wp-block-column-is-layout-flow\" style=\"flex-basis:33.34%\">\n<h4 class=\"wp-block-heading has-text-align-center eplus-wrapper\" style=\"margin-top:0;margin-right:0;margin-bottom:var(--wp--preset--spacing--10);padding-top:0;padding-bottom:0\">14 Castillo de Kintzheim<\/h4>\n\n\n<figure class=\"is-style-default  wp-block-image aligncenter size-full has-custom-border eplus-wrapper eplus-styles-uid-135982\" style=\"margin-top:0;margin-bottom:0\"><img decoding=\"async\" src=\"https:\/\/forte-cultura.com\/wp-content\/uploads\/15-Kintzheim-chateau-%C2%A9-A.-Meyer-Freund-SHKT-ADT.jpg\" alt=\"\" class=\"wp-image-3082\" style=\"border-radius:10px;aspect-ratio:16\/9;object-fit:cover\"><figcaption class=\"wp-element-caption\">Ruinas del castillo de Kintzheim<\/figcaption><\/figure>\n\n\n<p class=\"has-text-align-center eplus-wrapper\" style=\"margin-top:0;margin-bottom:0;font-size:clamp(0.875rem, 0.875rem + ((1vw - 0.2rem) * 0.125), 0.95rem);line-height:1.4\">El castillo se menciona por primera vez en 1270 y fue comprado por la ciudad de S\u00e9lestat en el siglo XV antes de ser vendido en el siglo XVII. Consta de un torre\u00f3n circular, una muralla con escudo, viviendas y una capilla. El lugar alberga el centro de aves rapaces, que ofrece un espect\u00e1culo impresionante: Las mayores rapaces del mundo vuelan libremente por las ruinas del castillo. Es una oportunidad \u00fanica para observar de cerca aves a menudo inaccesibles en estado salvaje. En este escenario medieval, las rapaces vuelan a escasos cent\u00edmetros del p\u00fablico, creando una experiencia inolvidable.<\/p>\n\n\n\n<p class=\"has-text-align-center eplus-wrapper\" style=\"margin-top:var(--wp--preset--spacing--10);margin-bottom:0;font-size:0.8rem\">67600 Kintzheim<br><a href=\"http:\/\/www.voleriedesaigles.com\" data-type=\"link\" data-id=\"www.chateauxfortsalsace.com\" target=\"_blank\" rel=\"noreferrer noopener\">www.voleriedesaigles.com<\/a><\/p>\n\n\n\n<p class=\"has-text-align-center has-contrast-3-color has-text-color has-link-color eplus-wrapper wp-elements-f83a2eef3786c5edbb7d0e34ef8d2d0c\" style=\"margin-top:0;margin-bottom:0;font-size:0.8rem\">(Imagen \u00a9A. Meyer-Freund - SHKT - ADT)<\/p>\n<\/div>\n\n\n\n<div class=\"wp-block-column eplus-wrapper is-layout-flow wp-block-column-is-layout-flow\" style=\"flex-basis:33.33%\">\n<h4 class=\"wp-block-heading has-text-align-center eplus-wrapper\" style=\"margin-bottom:var(--wp--preset--spacing--10)\">15 Castillo de La Petite Pierre<\/h4>\n\n\n<figure class=\"is-style-default  wp-block-image aligncenter size-full has-custom-border eplus-wrapper eplus-styles-uid-135982\" style=\"margin-top:0;margin-bottom:0\"><img decoding=\"async\" src=\"https:\/\/forte-cultura.com\/wp-content\/uploads\/16-La-Petite-Pierre-chateau-256-%C2%A9-C.Fleith-ADT.jpg\" alt=\"\" class=\"wp-image-3083\" style=\"border-radius:10px;aspect-ratio:16\/9;object-fit:cover\"><figcaption class=\"wp-element-caption\">Castillo La Petite Pierre - Maison du Parc<\/figcaption><\/figure>\n\n\n<p class=\"has-text-align-center eplus-wrapper\" style=\"margin-top:0;margin-bottom:0;font-size:clamp(0.875rem, 0.875rem + ((1vw - 0.2rem) * 0.125), 0.95rem);line-height:1.4\">Construido en el siglo XIII, el castillo de la Petite Pierre y sus fortificaciones fueron modernizados por Vauban en 1684. Era un punto estrat\u00e9gico para controlar el paso entre Alsacia y Lorena. Hoy alberga el Parque Regional de los Vosgos del Norte. El castillo est\u00e1 cerrado al p\u00fablico, pero el patio exterior es accesible a trav\u00e9s de un recorrido con paneles informativos sobre su historia. De este modo, este lugar ofrece una visi\u00f3n de su rico pasado al tiempo que conserva su car\u00e1cter hist\u00f3rico.<\/p>\n\n\n\n<p class=\"has-text-align-center eplus-wrapper\" style=\"margin-top:var(--wp--preset--spacing--10);margin-bottom:0;font-size:0.8rem\">67290 La Petite Pierre<br><a href=\"http:\/\/www.parc-vosges-nord.fr\" target=\"_blank\" rel=\"noreferrer noopener\">www.parc-vosges-nord.fr<\/a><\/p>\n\n\n\n<p class=\"has-text-align-center has-contrast-3-color has-text-color has-link-color eplus-wrapper wp-elements-47b630df97b7c4f158bf0f558dfe8efb\" style=\"margin-top:0;margin-bottom:0;font-size:0.8em\">(Imagen \u00a9C.Fleith - ADT)<\/p>\n<\/div>\n<\/div>\n\n<div class=\"wp-block-columns alignwide eplus-wrapper is-layout-flex wp-container-core-columns-is-layout-829fdb3e wp-block-columns-is-layout-flex eplus-styles-uid-65142d\" style=\"border-style:none;border-width:0px;border-radius:0px;padding-top:var(--wp--preset--spacing--20);padding-right:var(--wp--preset--spacing--10);padding-bottom:var(--wp--preset--spacing--20);padding-left:var(--wp--preset--spacing--10)\">\n<div class=\"wp-block-column is-vertically-aligned-top eplus-wrapper is-layout-flow wp-block-column-is-layout-flow\" style=\"flex-basis:33.34%\">\n<h4 class=\"wp-block-heading has-text-align-center eplus-wrapper\" style=\"margin-top:0;margin-right:0;margin-bottom:var(--wp--preset--spacing--10);padding-top:0;padding-bottom:0\">16 El castillo de Hohnack<\/h4>\n\n\n<figure class=\"is-style-default  wp-block-image aligncenter size-full has-custom-border eplus-wrapper eplus-styles-uid-135982\" style=\"margin-top:0;margin-bottom:0\"><img decoding=\"async\" src=\"https:\/\/forte-cultura.com\/wp-content\/uploads\/17-Labaroche-Chateau-du-Hohnack-%C2%A9-M.-Schampion-ADT.jpg\" alt=\"\" class=\"wp-image-3084\" style=\"border-radius:10px;aspect-ratio:16\/9;object-fit:cover\"><figcaption class=\"wp-element-caption\">Ruinas del castillo de Hohnack<\/figcaption><\/figure>\n\n\n<p class=\"has-text-align-center eplus-wrapper\" style=\"margin-top:0;margin-bottom:0;font-size:clamp(0.875rem, 0.875rem + ((1vw - 0.2rem) * 0.125), 0.95rem);line-height:1.4\">El castillo de Hohnack, clasificado monumento hist\u00f3rico desde 1905, fue construido en el siglo XI por los condes de Eguisheim. Es el segundo castillo m\u00e1s alto de Alsacia, a 940 metros de altitud. En el siglo XVI se realizaron obras para adaptar la fortaleza a la artiller\u00eda. El nombre \u201eHohnack\u201c procede de \u201eHohen Acker\u201c, que significa \u201ecampo en las alturas\u201c. Hoy en d\u00eda, las murallas y el torre\u00f3n siguen siendo visibles y se puede disfrutar de la vista panor\u00e1mica sobre el valle de Munster y el valle de Kaysersberg. Este lugar ofrece una hermosa visi\u00f3n de la historia y un paisaje impresionante.<\/p>\n\n\n\n<p class=\"has-text-align-center eplus-wrapper\" style=\"margin-top:var(--wp--preset--spacing--10);margin-bottom:0;font-size:0.8rem\">68910 Labaroche<\/p>\n\n\n\n<p class=\"has-text-align-center has-contrast-3-color has-text-color has-link-color eplus-wrapper wp-elements-1fcfef65fd646eb65c4f624f16e736f2\" style=\"margin-top:0;font-size:0.8em\">(Imagen \u00a9M. Schampion - ADT)<\/p>\n<\/div>\n\n\n\n<div class=\"wp-block-column is-vertically-aligned-top eplus-wrapper is-layout-flow wp-block-column-is-layout-flow\" style=\"flex-basis:33.34%\">\n<h4 class=\"wp-block-heading has-text-align-center eplus-wrapper\" style=\"margin-top:0;margin-right:0;margin-bottom:var(--wp--preset--spacing--10);padding-top:0;padding-bottom:0;font-size:em\">17 Castillo de Fleckenstein<\/h4>\n\n\n<figure class=\"is-style-default  wp-block-image aligncenter size-full has-custom-border eplus-wrapper eplus-styles-uid-135982\" style=\"margin-top:0;margin-bottom:0\"><img decoding=\"async\" src=\"https:\/\/forte-cultura.com\/wp-content\/uploads\/18-Lembach-Chateau-du-Fleckenstein-%C2%A9-C.-Fleith-ADT.jpg\" alt=\"\" class=\"wp-image-3085\" style=\"border-radius:10px;aspect-ratio:16\/9;object-fit:cover\"><figcaption class=\"wp-element-caption\">Ruinas del castillo de Fleckenstein<\/figcaption><\/figure>\n\n\n<p class=\"has-text-align-center eplus-wrapper\" style=\"margin-top:0;margin-bottom:0;font-size:clamp(0.875rem, 0.875rem + ((1vw - 0.2rem) * 0.125), 0.95rem);line-height:1.4\">El castillo de Fleckenstein, situado en Alsacia, es una impresionante reliquia medieval construida en el siglo XII. Encaramado sobre una roca, ofrece una vista panor\u00e1mica sobre el valle de Zorn. Su compleja estructura incluye elementos defensivos como torres y murallas que ilustran el ingenio arquitect\u00f3nico de la \u00e9poca. Abandonado en 1680 tras ser destruido, el castillo es ahora una popular atracci\u00f3n tur\u00edstica donde los visitantes pueden explorar sus ruinas y apreciar su fascinante historia. Hay rutas de senderismo alrededor del castillo que revelan la belleza natural de la regi\u00f3n.<\/p>\n\n\n\n<p class=\"has-text-align-center eplus-wrapper\" style=\"margin-top:var(--wp--preset--spacing--10);margin-bottom:0;font-size:0.8rem\">67510 Lembach<br><a href=\"http:\/\/www.fleckenstein.fr\" data-type=\"link\" data-id=\"www.chateauxfortsalsace.com\" target=\"_blank\" rel=\"noreferrer noopener\">www.fleckenstein.fr<\/a><\/p>\n\n\n\n<p class=\"has-text-align-center has-contrast-3-color has-text-color has-link-color eplus-wrapper wp-elements-3f2008ab84a75f3e5d9d6d54243fc148\" style=\"margin-top:0;margin-bottom:0;font-size:0.8rem\">(Imagen \u00a9C. Fleith - ADT)<\/p>\n<\/div>\n\n\n\n<div class=\"wp-block-column eplus-wrapper is-layout-flow wp-block-column-is-layout-flow\" style=\"flex-basis:33.33%\">\n<h4 class=\"wp-block-heading has-text-align-center eplus-wrapper\" style=\"margin-bottom:var(--wp--preset--spacing--10)\">18 Castillo de Froensbourg<\/h4>\n\n\n<figure class=\"is-style-default  wp-block-image aligncenter size-full has-custom-border eplus-wrapper eplus-styles-uid-135982\" style=\"margin-top:0;margin-bottom:0\"><img decoding=\"async\" src=\"https:\/\/forte-cultura.com\/wp-content\/uploads\/19-Niedersteinbach-Chateau-de-Froensbourg-D850961-%C2%A9-INFRA-ADT.jpg\" alt=\"\" class=\"wp-image-3086\" style=\"border-radius:10px;aspect-ratio:16\/9;object-fit:cover\"><figcaption class=\"wp-element-caption\">Ruinas del castillo de Froensbourg<\/figcaption><\/figure>\n\n\n<p class=\"has-text-align-center eplus-wrapper\" style=\"margin-top:0;margin-bottom:0;font-size:clamp(0.875rem, 0.875rem + ((1vw - 0.2rem) * 0.125), 0.95rem);line-height:1.4\">Impresionante castillo semitroglodita construido en el siglo XIII por una rama de la familia Fleckenstein, Froensbourg se convirti\u00f3 en refugio de caballeros ladrones. Fue asediado y destruido por la Alianza para la Paz P\u00fablica en 1348. En 1389, fue reconstruida por los hermanos Emich y Sygfrid von Loewenstein como feudo del Palatinado. En 1481 pertenec\u00eda en parte a la familia Fleckenstein, que a\u00f1adi\u00f3 una torre residencial en 1484. Tras la anexi\u00f3n de Alsacia a Francia, el castillo fue demolido en 1677, pero es posible que estuviera abandonado mucho antes. Desde el 11 de marzo de 2022, el acceso al castillo est\u00e1 prohibido por razones de seguridad.<\/p>\n\n\n\n<p class=\"has-text-align-center eplus-wrapper\" style=\"margin-top:var(--wp--preset--spacing--10);margin-bottom:0;font-size:0.8rem\">67510 Lembach<\/p>\n\n\n\n<p class=\"has-text-align-center has-contrast-3-color has-text-color has-link-color eplus-wrapper wp-elements-b4f626102aec054749ba0249e3bd364f\" style=\"margin-top:0;margin-bottom:0;font-size:0.8em\">(Imagen \u00a9INFRA - ADT)<\/p>\n<\/div>\n<\/div>\n\n<div class=\"wp-block-columns alignwide eplus-wrapper is-layout-flex wp-container-core-columns-is-layout-829fdb3e wp-block-columns-is-layout-flex eplus-styles-uid-6cf808\" style=\"border-style:none;border-width:0px;border-radius:0px;padding-top:var(--wp--preset--spacing--20);padding-right:var(--wp--preset--spacing--10);padding-bottom:var(--wp--preset--spacing--20);padding-left:var(--wp--preset--spacing--10)\">\n<div class=\"wp-block-column is-vertically-aligned-top eplus-wrapper is-layout-flow wp-block-column-is-layout-flow\" style=\"flex-basis:33.34%\">\n<h4 class=\"wp-block-heading has-text-align-center eplus-wrapper\" style=\"margin-top:0;margin-right:0;margin-bottom:var(--wp--preset--spacing--10);padding-top:0;padding-bottom:0;font-size:clamp(0.979rem, 0.979rem + ((1vw - 0.2rem) * 0.852), 1.49rem);\">19 Fleckenstein, el castillo de D\u00e9fis<\/h4>\n\n\n<figure class=\"is-style-default  wp-block-image aligncenter size-full has-custom-border eplus-wrapper eplus-styles-uid-135982\" style=\"margin-top:0;margin-bottom:0\"><img decoding=\"async\" src=\"https:\/\/forte-cultura.com\/wp-content\/uploads\/20-Lembach-Chateau-du-Fleckenstein-%C2%A9ADT-E.List-10.jpg\" alt=\"\" class=\"wp-image-3087\" style=\"border-radius:10px;aspect-ratio:16\/9;object-fit:cover\"><figcaption class=\"wp-element-caption\">Ruinas del castillo de Fleckenstein, el castillo del desaf\u00edo<\/figcaption><\/figure>\n\n\n<p class=\"has-text-align-center eplus-wrapper\" style=\"margin-top:0;margin-bottom:0;font-size:clamp(0.875rem, 0.875rem + ((1vw - 0.2rem) * 0.125), 0.95rem);line-height:1.4\">\u00a1Emb\u00e1rcate en un viaje al coraz\u00f3n de la Edad Media! Acompa\u00f1ado por el personaje Kim, te enfrentar\u00e1s a 25 desaf\u00edos para liberar al bar\u00f3n y salvar las tierras de Fleckenstein. Te espera un enorme patio de recreo donde se funden realidad y fantas\u00eda. \u00a1Una divertida aventura al aire libre para toda la familia! Todo comienza con el robo de un grimorio que contiene la f\u00f3rmula para convertir el mineral de hierro en oro. Los peores desastres se abaten sobre las tierras de Fleckenstein. Afortunadamente, el alquimista del castillo ha conseguido escapar al bosque y pedir ayuda a Kim. Una b\u00fasqueda emocionante y cautivadora te espera en el castillo y sus alrededores.<\/p>\n\n\n\n<p class=\"has-text-align-center eplus-wrapper\" style=\"margin-top:var(--wp--preset--spacing--10);margin-bottom:0;font-size:0.8rem\">67510 Lembach<br><a href=\"http:\/\/www.fleckenstein.fr\" target=\"_blank\" rel=\"noreferrer noopener\">www.chateaudelichtenberg.alsace<\/a><\/p>\n\n\n\n<p class=\"has-text-align-center has-contrast-3-color has-text-color has-link-color eplus-wrapper wp-elements-abb6633bc8fdab4b4cd80f8f7c7f8c1f\" style=\"margin-top:0;font-size:0.8em\">(Imagen \u00a9ADT-E.List)<\/p>\n<\/div>\n\n\n\n<div class=\"wp-block-column is-vertically-aligned-top eplus-wrapper is-layout-flow wp-block-column-is-layout-flow\" style=\"flex-basis:33.34%\">\n<h4 class=\"wp-block-heading has-text-align-center eplus-wrapper\" style=\"margin-top:0;margin-right:0;margin-bottom:var(--wp--preset--spacing--10);padding-top:0;padding-bottom:0\">20 Castillo de Landskron<\/h4>\n\n\n<figure class=\"is-style-default  wp-block-image aligncenter size-full has-custom-border eplus-wrapper eplus-styles-uid-135982\" style=\"margin-top:0;margin-bottom:0\"><img decoding=\"async\" src=\"https:\/\/forte-cultura.com\/wp-content\/uploads\/21-Leymen-Chateau-du-Landskron-DSCN4655-%C2%A9-D.-Foucre-ADT.jpg\" alt=\"\" class=\"wp-image-3088\" style=\"border-radius:10px;aspect-ratio:16\/9;object-fit:cover\"><figcaption class=\"wp-element-caption\">Ruinas del castillo de Landskron<\/figcaption><\/figure>\n\n\n<p class=\"has-text-align-center eplus-wrapper\" style=\"margin-top:0;margin-bottom:0;font-size:clamp(0.875rem, 0.875rem + ((1vw - 0.2rem) * 0.125), 0.95rem);line-height:1.4\">En lo alto del Jura alsaciano, no lejos del pueblo de Leymen y de Suiza, el castillo de Landskron domina todo el valle. Convertido en guarnici\u00f3n en 1689 seg\u00fan los planos de Vauban, fue incendiado y bombardeado en 1817 y finalmente clasificado como monumento hist\u00f3rico en 1923. El torre\u00f3n del siglo XIII, las torres, los restos de la capilla y la fuente lo convierten en un agradable destino para un d\u00eda de campo. Visita gratuita todo el a\u00f1o.<\/p>\n\n\n\n<p class=\"has-text-align-center eplus-wrapper\" style=\"margin-top:var(--wp--preset--spacing--10);margin-bottom:0;font-size:0.8rem\">68220 Leymen<br><a href=\"http:\/\/www.prolandskron.fr\" target=\"_blank\" rel=\"noreferrer noopener\">www.prolandskron.fr<\/a><\/p>\n\n\n\n<p class=\"has-text-align-center has-contrast-3-color has-text-color has-link-color eplus-wrapper wp-elements-c006aa79a7bc01637be3902e8f17b30f\" style=\"margin-top:0;margin-bottom:0;font-size:0.8rem\">(Imagen \u00a9D. Foucr\u00e9 - ADT)<\/p>\n<\/div>\n\n\n\n<div class=\"wp-block-column is-vertically-aligned-top eplus-wrapper is-layout-flow wp-block-column-is-layout-flow\" style=\"flex-basis:33.34%\">\n<h4 class=\"wp-block-heading has-text-align-center eplus-wrapper\" style=\"margin-top:0;margin-right:0;margin-bottom:var(--wp--preset--spacing--10);padding-top:0;padding-bottom:0\">21 Castillo de Lichtenberg<\/h4>\n\n\n<figure class=\"is-style-default  wp-block-image aligncenter size-full has-custom-border eplus-wrapper eplus-styles-uid-135982\" style=\"margin-top:0;margin-bottom:0\"><img decoding=\"async\" src=\"https:\/\/forte-cultura.com\/wp-content\/uploads\/22-Lichtenberg-chateau-9-%C2%A9-C.Fleith-ADT.jpg\" alt=\"\" class=\"wp-image-3089\" style=\"border-radius:10px;aspect-ratio:16\/9;object-fit:cover\"><figcaption class=\"wp-element-caption\">Castillo de Lichtenberg<\/figcaption><\/figure>\n\n\n<p class=\"has-text-align-center eplus-wrapper\" style=\"margin-top:0;margin-bottom:0;font-size:clamp(0.875rem, 0.875rem + ((1vw - 0.2rem) * 0.125), 0.95rem);line-height:1.4\">Un lugar para redescubrir la memoria, vivir el momento y dar la bienvenida al futuro. La fortaleza restaurada, rica en historia desde el siglo XIII, combina tradici\u00f3n y modernidad. Una mezcla de piedra arenisca, madera y cobre adapta el recinto a nuevas funciones tur\u00edsticas, pero sigue siendo reversible para preservar su estado original. Convertido en un importante lugar para la historia y las exposiciones, es tambi\u00e9n un centro de interpretaci\u00f3n del patrimonio. Los m\u00f3dulos interactivos permiten a los visitantes descubrir la arquitectura y la restauraci\u00f3n del castillo. Visita gratuita en horario de apertura.<\/p>\n\n\n\n<p class=\"has-text-align-center eplus-wrapper\" style=\"margin-top:var(--wp--preset--spacing--10);margin-bottom:0;font-size:0.8rem\">67340 Lichtenberg<br><a href=\"http:\/\/www.chateaudelichtenberg.alsace\" target=\"_blank\" rel=\"noreferrer noopener\">www.chateaudelichtenberg.alsace<\/a><\/p>\n\n\n\n<p class=\"has-text-align-center has-contrast-3-color has-text-color has-link-color eplus-wrapper wp-elements-a6a63895bee2c27651c93e57a456d06c\" style=\"margin-top:0;font-size:0.8em\">(Imagen \u00a9C.Fleith - ADT)<\/p>\n<\/div>\n<\/div>\n\n<div class=\"wp-block-columns alignwide eplus-wrapper is-layout-flex wp-container-core-columns-is-layout-829fdb3e wp-block-columns-is-layout-flex eplus-styles-uid-5809de\" style=\"border-style:none;border-width:0px;border-radius:0px;padding-top:var(--wp--preset--spacing--20);padding-right:var(--wp--preset--spacing--10);padding-bottom:var(--wp--preset--spacing--20);padding-left:var(--wp--preset--spacing--10)\">\n<div class=\"wp-block-column is-vertically-aligned-top eplus-wrapper is-layout-flow wp-block-column-is-layout-flow\" style=\"flex-basis:33.34%\">\n<h4 class=\"wp-block-heading has-text-align-center eplus-wrapper\" style=\"margin-top:0;margin-right:0;margin-bottom:var(--wp--preset--spacing--10);padding-top:0;padding-bottom:0\">22 Castillo de Lorentzen<\/h4>\n\n\n<figure class=\"is-style-default  wp-block-image aligncenter size-full has-custom-border eplus-wrapper eplus-styles-uid-135982\" style=\"margin-top:0;margin-bottom:0\"><img decoding=\"async\" src=\"https:\/\/forte-cultura.com\/wp-content\/uploads\/23-Lorentzen-Chateau-La-Grange-aux-Paysages-%C2%A9ADT-E.List-11.jpg\" alt=\"\" class=\"wp-image-3090\" style=\"border-radius:10px;aspect-ratio:16\/9;object-fit:cover\"><figcaption class=\"wp-element-caption\">Ruinas del castillo de Lorentzen<\/figcaption><\/figure>\n\n\n<p class=\"has-text-align-center eplus-wrapper\" style=\"margin-top:0;margin-bottom:0;font-size:clamp(0.875rem, 0.875rem + ((1vw - 0.2rem) * 0.125), 0.95rem);line-height:1.4\">El castillo de Lorentzen, un castillo con foso del siglo XIV, estaba protegido por un foso alimentado por el r\u00edo Eichel. El granero y el molino del siglo XVIII ofrecen una hermosa vista del castillo, que fue rehabilitado en 2008. Aunque el castillo es privado y est\u00e1 habitado, las zonas exteriores son accesibles y las dependencias est\u00e1n abiertas al p\u00fablico. El granero de la D\u00eemi\u00e8re alberga la exposici\u00f3n \u201eSecretos de los paisajes\u201c y la oficina de turismo, mientras que el molino del castillo se ha convertido en un centro de recepci\u00f3n para pernoctar y atender a grupos.<\/p>\n\n\n\n<p class=\"has-text-align-center eplus-wrapper\" style=\"margin-top:var(--wp--preset--spacing--10);margin-bottom:0;font-size:0.8rem\">67430 Lorentzen<\/p>\n\n\n\n<p class=\"has-text-align-center has-contrast-3-color has-text-color has-link-color eplus-wrapper wp-elements-86ae615ed95c1052c98c511bef880e2f\" style=\"margin-top:0;margin-bottom:0;font-size:0.8rem\">(Imagen \u00a9ADT-E.List)<\/p>\n<\/div>\n\n\n\n<div class=\"wp-block-column eplus-wrapper is-layout-flow wp-block-column-is-layout-flow\" style=\"flex-basis:33.33%\">\n<h4 class=\"wp-block-heading has-text-align-center eplus-wrapper\" style=\"margin-bottom:var(--wp--preset--spacing--10)\">23 El castillo de Guirbaden<\/h4>\n\n\n<figure class=\"is-style-default  wp-block-image aligncenter size-full has-custom-border eplus-wrapper eplus-styles-uid-135982\" style=\"margin-top:0;margin-bottom:0\"><img decoding=\"async\" src=\"https:\/\/forte-cultura.com\/wp-content\/uploads\/24-Mollkirch-chateau-du-Guirbaden-%C2%A9-C.Fleith-ADT.jpg\" alt=\"\" class=\"wp-image-3091\" style=\"border-radius:10px;aspect-ratio:16\/9;object-fit:cover\"><figcaption class=\"wp-element-caption\">Ruinas del castillo de Guirbaden<\/figcaption><\/figure>\n\n\n<p class=\"has-text-align-center eplus-wrapper\" style=\"margin-top:0;margin-bottom:0;font-size:clamp(0.875rem, 0.875rem + ((1vw - 0.2rem) * 0.125), 0.95rem);line-height:1.4\">El Guirbaden, testimonio de la \u00e9poca en que Alsacia formaba parte del Sacro Imperio Romano Germ\u00e1nico, se construy\u00f3 entre los siglos X y XIII. Est\u00e1 situado a 1 km del pueblo de Mollkirch, en las colinas que dominan el valle del Bruche, rodeado por el bosque de los Vosgos. Con una superficie de 2 hect\u00e1reas, es el castillo m\u00e1s grande y uno de los m\u00e1s antiguos de Alsacia. En la actualidad, a\u00fan se pueden admirar el edificio residencial, el torre\u00f3n, la torre del Hambre, partes de las murallas y la capilla Saint-Valentin. El lugar ofrece una maravillosa vista de la llanura alsaciana y del valle del Bruche.<\/p>\n\n\n\n<p class=\"has-text-align-center eplus-wrapper\" style=\"margin-top:var(--wp--preset--spacing--10);margin-bottom:0;font-size:0.8rem\">67190 Mollkirch<br><a href=\"http:\/\/www.sauver-le-guirbaden.fr\/\" target=\"_blank\" rel=\"noreferrer noopener\">www.sauver-le-guirbaden.fr<\/a><\/p>\n\n\n\n<p class=\"has-text-align-center has-contrast-3-color has-text-color has-link-color eplus-wrapper wp-elements-47b630df97b7c4f158bf0f558dfe8efb\" style=\"margin-top:0;margin-bottom:0;font-size:0.8em\">(Imagen \u00a9C.Fleith - ADT)<\/p>\n<\/div>\n\n\n\n<div class=\"wp-block-column eplus-wrapper is-layout-flow wp-block-column-is-layout-flow\" style=\"flex-basis:33.33%\">\n<h4 class=\"wp-block-heading has-text-align-center eplus-wrapper\" style=\"margin-bottom:var(--wp--preset--spacing--10)\">24 Castillo de Frankenbourg<\/h4>\n\n\n<figure class=\"is-style-default  wp-block-image aligncenter size-full has-custom-border eplus-wrapper eplus-styles-uid-135982\" style=\"margin-top:0;margin-bottom:0\"><img decoding=\"async\" src=\"https:\/\/forte-cultura.com\/wp-content\/uploads\/25-Neubois-Chateau-du-Frankenbourg-9-%C2%A9-M.-Schampion-ADT.jpg\" alt=\"\" class=\"wp-image-3092\" style=\"border-radius:10px;aspect-ratio:16\/9;object-fit:cover\"><figcaption class=\"wp-element-caption\">Ruinas del castillo de Frankenbourg<\/figcaption><\/figure>\n\n\n<p class=\"has-text-align-center eplus-wrapper\" style=\"margin-top:0;margin-bottom:0;font-size:clamp(0.875rem, 0.875rem + ((1vw - 0.2rem) * 0.125), 0.95rem);line-height:1.4\">Desde el castillo, los visitantes pueden comprender f\u00e1cilmente por qu\u00e9 se eligi\u00f3 este pico c\u00f3nico (703 m) para la construcci\u00f3n del Frankenbourg. Como se encuentra en la confluencia de los valles Argent y Vill\u00e9, desde aqu\u00ed era posible controlar la antigua carretera de la sal y otras rutas importantes. El edificio data probablemente de principios del siglo XII. En 1196, la familia Frankenbourg-Werd se convirti\u00f3 en Landgrave de la Baja Alzace y representante del Emperador. Pronto en decadencia, el feudo pas\u00f3 al obispado de Estrasburgo y fue administrado por varias familias. El Gran Cap\u00edtulo administr\u00f3 el castillo de 1489 a 1789, pero fue abandonado progresivamente a partir del siglo XVII, con la \u00faltima menci\u00f3n en 1634.<\/p>\n\n\n\n<p class=\"has-text-align-center eplus-wrapper\" style=\"margin-top:var(--wp--preset--spacing--10);margin-bottom:0;font-size:0.8rem\">67220 Neubois<br><a href=\"http:\/\/tourisme.valleedeville\" target=\"_blank\" rel=\"noreferrer noopener\">turismo.valleedeville<\/a><\/p>\n\n\n\n<p class=\"has-text-align-center has-contrast-3-color has-text-color has-link-color eplus-wrapper wp-elements-07e04360071310087ccc040d823571a5\" style=\"margin-top:0;margin-bottom:0;font-size:0.8em\">(Imagen \u00a9M. Schampion-ADT)<\/p>\n<\/div>\n<\/div>\n\n\n<!--nextpage-->\n\n\n\n<div class=\"wp-block-group alignwide has-custom-verlauf-1-gradient-background has-background eplus-wrapper has-global-padding is-layout-constrained wp-block-group-is-layout-constrained\" style=\"padding-top:var(--wp--preset--spacing--20);padding-bottom:var(--wp--preset--spacing--20)\"><h3 class=\"wp-block-heading alignwide has-text-align-center eplus-wrapper eplus-styles-uid-80973f\" style=\"font-size:clamp(0.984rem, 0.984rem + ((1vw - 0.2rem) * 0.86), 1.5rem);\"><strong>Nuestra recomendaci\u00f3n de viaje FORTE CULTURA<\/strong><\/h3>\n\n\n<h5 class=\"wp-block-heading alignwide has-text-align-center has-custom-farbe-1-color has-text-color has-link-color has-large-font-size eplus-wrapper wp-elements-24fa9ed36fb691133fea73ee9380aa2b\" style=\"margin-top:var(--wp--preset--spacing--10);margin-bottom:0\">Ruta de los castillos y ciudades fortificadas de Alsacia (p\u00e1gina 3\/4)<\/h5>\n\n\n\n<p class=\"has-text-align-center has-small-font-size eplus-wrapper translation-block\" style=\"margin-top:5px\"><em>Desarrollado por <em>FORTE CULTURA Partner<\/em><\/em> <em>Alsace Destination Tourisme (ADT).<\/em><\/p>\n<\/div>\n\n\n<div id=\"travelersmap-container-69f776bb3c0dc\" class=\"travelersmap-container\" style=\"z-index: 1; min-height: 10px; min-width:10px; height:400px;width:100%; max-width:1280px; max-height:; position:relative;\"><div style=\"position:absolute; z-index:-1;top: 50%;text-align: center;display: block;left: 50%;transform: translate(-50%,-50%);\">Mapa del viajero est\u00e1 cargando...<br>Si ves esto despu\u00e9s de que tu p\u00e1gina se haya cargado completamente, es que faltan archivos leafletJS.<\/div><\/div>\n\n\n<div class=\"wp-block-columns alignwide eplus-wrapper is-layout-flex wp-container-core-columns-is-layout-829fdb3e wp-block-columns-is-layout-flex eplus-styles-uid-cf9948\" style=\"border-style:none;border-width:0px;border-radius:0px;padding-top:var(--wp--preset--spacing--20);padding-right:var(--wp--preset--spacing--10);padding-bottom:var(--wp--preset--spacing--20);padding-left:var(--wp--preset--spacing--10)\">\n<div class=\"wp-block-column is-vertically-aligned-top eplus-wrapper is-layout-flow wp-block-column-is-layout-flow\" style=\"flex-basis:33.34%\">\n<h4 class=\"wp-block-heading has-text-align-center eplus-wrapper\" style=\"margin-top:0;margin-right:0;margin-bottom:var(--wp--preset--spacing--10);padding-top:0;padding-bottom:0;font-size:clamp(0.984em, 0.984rem + ((1vw - 0.2em) * 0.86), 1.5em);\">25 Castillo de Wasenbourg<\/h4>\n\n\n<figure class=\"is-style-default  wp-block-image aligncenter size-full has-custom-border eplus-wrapper eplus-styles-uid-135982\" style=\"margin-top:0;margin-bottom:0\"><img decoding=\"async\" src=\"https:\/\/forte-cultura.com\/wp-content\/uploads\/26-Niederbronn-les-Bains-Chateau-Wasenbourg-%C2%A9-G.Maciel-ADT.jpg\" alt=\"\" class=\"wp-image-3093\" style=\"border-radius:10px;aspect-ratio:16\/9;object-fit:cover\"><figcaption class=\"wp-element-caption\">Ruinas del castillo de Wasenbourg<\/figcaption><\/figure>\n\n\n<p class=\"has-text-align-center eplus-wrapper\" style=\"margin-top:0;margin-bottom:0;font-size:clamp(0.875rem, 0.875rem + ((1vw - 0.2rem) * 0.125), 0.95rem);line-height:1.4\">Clasificado como monumento hist\u00f3rico el 6 de diciembre de 1898, el castillo presenta una excepcional ventana g\u00f3tica con 9 lancetas y 7 \u00f3culos, \u00fanica en Alsacia, en un arco plano con mamposter\u00eda restaurada. Un impresionante muro escudo de 4 metros de espesor protege el patio interior y el edificio residencial. En el interior, un friso con una cabeza humana del siglo XIII adorna el edificio residencial. Una placa conmemora la visita de Goethe en 1771. Detr\u00e1s de las ruinas se encuentran los restos de un templo galo-romano dedicado a Mercurio. En el museo arqueol\u00f3gico de Niederbronn-les-Bains se expone un relieve romano de Mercurio.<\/p>\n\n\n\n<p class=\"has-text-align-center eplus-wrapper\" style=\"margin-top:var(--wp--preset--spacing--10);margin-bottom:0;font-size:0.8rem\">67110 Niederbronn les Bains<br><a href=\"http:\/\/www.alsace-verte.com\" target=\"_blank\" rel=\"noreferrer noopener\">www.alsace-verte.com<\/a><\/p>\n\n\n\n<p class=\"has-text-align-center has-contrast-3-color has-text-color has-link-color eplus-wrapper wp-elements-1aff69ff050ba772858c8c02abdb3a54\" style=\"margin-top:0;margin-bottom:0;font-size:0.8rem\">(Imagen \u00a9G.Maciel - ADT)<\/p>\n<\/div>\n\n\n\n<div class=\"wp-block-column eplus-wrapper is-layout-flow wp-block-column-is-layout-flow\" style=\"flex-basis:33.33%\">\n<h4 class=\"wp-block-heading has-text-align-center eplus-wrapper\" style=\"margin-bottom:var(--wp--preset--spacing--10)\">26 Castillo de Wasigenstein<\/h4>\n\n\n<figure class=\"is-style-default  wp-block-image aligncenter size-full has-custom-border eplus-wrapper eplus-styles-uid-135982\" style=\"margin-top:0;margin-bottom:0\"><img decoding=\"async\" src=\"https:\/\/forte-cultura.com\/wp-content\/uploads\/27-Niedersteinbach-Chateau-du-Wasigenstein-1-%C2%A9-M.-Schampion-ADT.jpg\" alt=\"\" class=\"wp-image-3094\" style=\"border-radius:10px;aspect-ratio:16\/9;object-fit:cover\"><figcaption class=\"wp-element-caption\">Ruinas del castillo de Wasigenstein<\/figcaption><\/figure>\n\n\n<p class=\"has-text-align-center eplus-wrapper\" style=\"margin-top:0;margin-bottom:0;font-size:clamp(0.875rem, 0.875rem + ((1vw - 0.2rem) * 0.125), 0.95rem);line-height:1.4\">Dos ruinas de castillo se alzan sobre promontorios rocosos separados por una hendidura natural. Al este se alza el Grand-Wasigenstein, construido a mediados del siglo XIII como castillo imperial con torre\u00f3n pentagonal. Al oeste se encuentra el Petit-Wasigenstein, construido hacia 1299 por una rama de la familia Wasigenstein y cuyo torre\u00f3n y muro de escudos se encuentran frente a su vecino. Cuando la estirpe Wasigenstein se extingui\u00f3 en el siglo XIV, los castillos cambiaron de manos varias veces, incluyendo Fleckenstein y Hohenbourg, antes de ser destruidos durante la Guerra de los Treinta A\u00f1os. Se conservan escaleras, estancias excavadas en la roca y una cisterna.<\/p>\n\n\n\n<p class=\"has-text-align-center eplus-wrapper\" style=\"margin-top:var(--wp--preset--spacing--10);margin-bottom:0;font-size:0.8rem\">67510 Niedersteinbach<\/p>\n\n\n\n<p class=\"has-text-align-center has-contrast-3-color has-text-color has-link-color eplus-wrapper wp-elements-3372c60e128bb9ede4532fede75de3c5\" style=\"margin-top:0;margin-bottom:0;font-size:0.8em\">(Imagen \u00a9M. Schampion - ADT)<\/p>\n<\/div>\n\n\n\n<div class=\"wp-block-column eplus-wrapper is-layout-flow wp-block-column-is-layout-flow\" style=\"flex-basis:33.33%\">\n<h4 class=\"wp-block-heading has-text-align-center eplus-wrapper\" style=\"margin-bottom:var(--wp--preset--spacing--10)\">27 Ruinas de los castillos de Nideck<\/h4>\n\n\n<figure class=\"is-style-default  wp-block-image aligncenter size-full has-custom-border eplus-wrapper eplus-styles-uid-135982\" style=\"margin-top:0;margin-bottom:0\"><img decoding=\"async\" src=\"https:\/\/forte-cultura.com\/wp-content\/uploads\/28-Oberhaslach-Chateau-Nideck-%C2%A9-E.List-ADT.jpg\" alt=\"\" class=\"wp-image-3043\" style=\"border-radius:10px;aspect-ratio:16\/9;object-fit:cover\"><figcaption class=\"wp-element-caption\">Ruinas del castillo de Nideck<\/figcaption><\/figure>\n\n\n<p class=\"has-text-align-center eplus-wrapper\" style=\"margin-top:0;margin-bottom:0;font-size:clamp(0.875rem, 0.875rem + ((1vw - 0.2rem) * 0.125), 0.95rem);line-height:1.4\">El castillo de Nideck, reliquia medieval, est\u00e1 situado en Oberhaslach, a 40 kil\u00f3metros de Estrasburgo. Consta de dos castillos claramente separados que se remontan a un documento de herencia de 1336. Los castillos se alzan sobre una cresta de 534 metros de altura que domina el valle del Hasel. El castillo superior tiene un foso, mientras que el inferior, que data de mediados del siglo XIII, tiene un torre\u00f3n cuadrado. Mencionado por primera vez en 1264, era feudo del obispo de Estrasburgo. Fue asediada durante la guerra de Wasselonne en 1448 y destruida por un incendio en 1636. La leyenda de Nideck inspir\u00f3 al poeta Adelbert von Chamisso.<\/p>\n\n\n\n<p class=\"has-text-align-center eplus-wrapper\" style=\"margin-top:var(--wp--preset--spacing--10);margin-bottom:0;font-size:0.8rem\">67280 Oberhaslach<br><a href=\"http:\/\/www.chateauxfortsalsace.com\/fr\/chateau\/le-chateau-du-nideck\/\" target=\"_blank\" rel=\"noreferrer noopener\">www.chateauxfortsalsace.com<\/a><\/p>\n\n\n\n<p class=\"has-text-align-center has-contrast-3-color has-text-color has-link-color eplus-wrapper wp-elements-062f11cde10a31376d13ea334fe41afa\" style=\"margin-top:0;margin-bottom:0;font-size:0.8em\">(Imagen \u00a9E.List - ADT)<\/p>\n<\/div>\n<\/div>\n\n<div class=\"wp-block-columns alignwide eplus-wrapper is-layout-flex wp-container-core-columns-is-layout-829fdb3e wp-block-columns-is-layout-flex eplus-styles-uid-a12685\" style=\"border-style:none;border-width:0px;border-radius:0px;padding-top:var(--wp--preset--spacing--20);padding-right:var(--wp--preset--spacing--10);padding-bottom:var(--wp--preset--spacing--20);padding-left:var(--wp--preset--spacing--10)\">\n<div class=\"wp-block-column is-vertically-aligned-top eplus-wrapper is-layout-flow wp-block-column-is-layout-flow\" style=\"flex-basis:33.34%\">\n<h4 class=\"wp-block-heading has-text-align-center eplus-wrapper\" style=\"margin-top:0;margin-right:0;margin-bottom:var(--wp--preset--spacing--10);padding-top:0;padding-bottom:0\">28 Castillo de Morimont<\/h4>\n\n\n<figure class=\"is-style-default  wp-block-image aligncenter size-full has-custom-border eplus-wrapper eplus-styles-uid-135982\" style=\"margin-top:0;margin-bottom:0\"><img decoding=\"async\" src=\"https:\/\/forte-cultura.com\/wp-content\/uploads\/29-Oberlarg-Chateau-du-Morimont-707-%C2%A9-Pictural-ADT.jpg\" alt=\"\" class=\"wp-image-3044\" style=\"border-radius:10px;aspect-ratio:16\/9;object-fit:cover\"><figcaption class=\"wp-element-caption\">Ruinas del castillo de Morimont<\/figcaption><\/figure>\n\n\n<p class=\"has-text-align-center eplus-wrapper\" style=\"margin-top:0;margin-bottom:0;font-size:clamp(0.875rem, 0.875rem + ((1vw - 0.2rem) * 0.125), 0.95rem);line-height:1.4\">El castillo de Morimont est\u00e1 actualmente cerrado por obras de renovaci\u00f3n. Sin embargo, se puede pasear por las ruinas y echar un vistazo al interior a trav\u00e9s de las rejas y a las bodegas abovedadas. Mencionado por primera vez en 1183, el castillo controlaba el valle superior del Largue. Fue destruido por las tropas francesas durante la Guerra de los Treinta A\u00f1os. En 1826, los patriotas del Jura juraron all\u00ed liberar su tierra del dominio bern\u00e9s, lo que ocurri\u00f3 en 1978. Explore las murallas, las torres y la singular bodega abovedada utilizando el sendero de acceso.<\/p>\n\n\n\n<p class=\"has-text-align-center eplus-wrapper\" style=\"margin-top:var(--wp--preset--spacing--10);margin-bottom:0;font-size:0.8rem\">68480 Oberlarg<br><a href=\"http:\/\/www.sundgau-sudalsace.fr\" target=\"_blank\" rel=\"noreferrer noopener\">www.sundgau-sudalsace.fr<\/a><\/p>\n\n\n\n<p class=\"has-text-align-center has-contrast-3-color has-text-color has-link-color eplus-wrapper wp-elements-1e0e202c946e75c65c794e7e49ca50af\" style=\"margin-top:0;margin-bottom:0;font-size:0.8rem\">(Imagen \u00a9Pictural - ADT)<\/p>\n<\/div>\n\n\n\n<div class=\"wp-block-column eplus-wrapper is-layout-flow wp-block-column-is-layout-flow\" style=\"flex-basis:33.33%\">\n<h4 class=\"wp-block-heading has-text-align-center eplus-wrapper\" style=\"margin-bottom:var(--wp--preset--spacing--10)\">29 Castillo de Kagenfels<\/h4>\n\n\n<figure class=\"is-style-default  wp-block-image aligncenter size-full has-custom-border eplus-wrapper eplus-styles-uid-135982\" style=\"margin-top:0;margin-bottom:0\"><img decoding=\"async\" src=\"https:\/\/forte-cultura.com\/wp-content\/uploads\/30-Kagenfels%C2%A9Kagenfels-2.jpg\" alt=\"\" class=\"wp-image-3045\" style=\"border-radius:10px;aspect-ratio:16\/9;object-fit:cover\"><figcaption class=\"wp-element-caption\">Ruinas del castillo de Kagenfels\n<\/figcaption><\/figure>\n\n\n<p class=\"has-text-align-center eplus-wrapper\" style=\"margin-top:0;margin-bottom:0;font-size:clamp(0.875rem, 0.875rem + ((1vw - 0.2rem) * 0.125), 0.95rem);line-height:1.4\">Construido hacia 1262 por Albrecht von Kagen, el castillo fue destruido cuatro veces en los siglos XIV y XV. Reconstruido hacia 1430 y ampliado por la familia Uttenheim hacia 1507, permanece vac\u00edo desde finales del siglo XVI. Desde 2002, las excavaciones arqueol\u00f3gicas y los trabajos de restauraci\u00f3n han sacado a la luz la impresionante arquitectura y dimensiones del castillo de Kagenfels.<\/p>\n\n\n\n<p class=\"has-text-align-center eplus-wrapper\" style=\"margin-top:var(--wp--preset--spacing--10);margin-bottom:0;font-size:0.8rem\">67210 Obernai<br><a href=\"http:\/\/www.kagenfels.org\/\" target=\"_blank\" rel=\"noreferrer noopener\">www.kagenfels.org<\/a><\/p>\n\n\n\n<p class=\"has-text-align-center has-contrast-3-color has-text-color has-link-color eplus-wrapper wp-elements-ecebff975598faa69b1c15e473c53b58\" style=\"margin-top:0;margin-bottom:0;font-size:0.8em\">(Imagen \u00a9Kagenfels 2)<\/p>\n<\/div>\n\n\n\n<div class=\"wp-block-column eplus-wrapper is-layout-flow wp-block-column-is-layout-flow\" style=\"flex-basis:33.33%\">\n<h4 class=\"wp-block-heading has-text-align-center eplus-wrapper\" style=\"margin-bottom:var(--wp--preset--spacing--10)\">30 Castillo de Petit-Arnsbourg<\/h4>\n\n\n<figure class=\"is-style-default  wp-block-image aligncenter size-full has-custom-border eplus-wrapper eplus-styles-uid-135982\" style=\"margin-top:0;margin-bottom:0\"><img decoding=\"async\" src=\"https:\/\/forte-cultura.com\/wp-content\/uploads\/31-Petit-Arnsbourg-Obersteinbach-%C2%A9-OTI-de-lAlsace-Verte-C.Fleckinger.jpg\" alt=\"\" class=\"wp-image-3046\" style=\"border-radius:10px;aspect-ratio:16\/9;object-fit:cover\"><figcaption class=\"wp-element-caption\">Ruinas del castillo de Arnsbourg Obersteinbach<\/figcaption><\/figure>\n\n\n<p class=\"has-text-align-center eplus-wrapper\" style=\"margin-top:0;margin-bottom:0;font-size:clamp(0.875rem, 0.875rem + ((1vw - 0.2rem) * 0.125), 0.95rem);line-height:1.4\">El castillo, un aut\u00e9ntico nido de \u00e1guilas, se construy\u00f3 en el siglo XIV como puesto avanzado de la abad\u00eda de Weissenburg y en 1335 se entreg\u00f3 como feudo al caballero Friedrich von Wasigenstein, que se convirti\u00f3 en salteador de caminos. Los pacificadores intervinieron militarmente para sitiar el castillo. En 1360 fue ocupado por los se\u00f1ores de Ochsenstein. Tras su desaparici\u00f3n, el castillo pas\u00f3 en 1485 a los condes de Zweibr\u00fccken-Bitsch, que lo restauraron. Cambi\u00f3 de manos varias veces antes de pasar a ser propiedad de los condes de Hanau-Lichtenberg en 1606 y probablemente fue demolido tras la Guerra de los Treinta A\u00f1os. Los restos incluyen escaleras y pasillos excavados en la roca, as\u00ed como los restos del palacio se\u00f1orial.<\/p>\n\n\n\n<p class=\"has-text-align-center eplus-wrapper\" style=\"margin-top:var(--wp--preset--spacing--10);margin-bottom:0;font-size:0.8rem\">67510 Obersteinbach<br><a href=\"http:\/\/www.alsace-verte.com\" target=\"_blank\" rel=\"noreferrer noopener\">www.alsace-verte.com<\/a><\/p>\n\n\n\n<p class=\"has-text-align-center has-contrast-3-color has-text-color has-link-color eplus-wrapper wp-elements-8f870ae23964703a7628deb90fd1b221\" style=\"margin-top:0;margin-bottom:0;font-size:0.8em\">(Imagen \u00a9OTI de l'Alsace Verte - C.Fleckinger)<\/p>\n<\/div>\n<\/div>\n\n<div class=\"wp-block-columns alignwide eplus-wrapper is-layout-flex wp-container-core-columns-is-layout-829fdb3e wp-block-columns-is-layout-flex eplus-styles-uid-d7ac37\" style=\"border-style:none;border-width:0px;border-radius:0px;padding-top:var(--wp--preset--spacing--20);padding-right:var(--wp--preset--spacing--10);padding-bottom:var(--wp--preset--spacing--20);padding-left:var(--wp--preset--spacing--10)\">\n<div class=\"wp-block-column is-vertically-aligned-top eplus-wrapper is-layout-flow wp-block-column-is-layout-flow\" style=\"flex-basis:33.34%\">\n<h4 class=\"wp-block-heading has-text-align-center eplus-wrapper\" style=\"margin-top:0;margin-right:0;margin-bottom:var(--wp--preset--spacing--10);padding-top:0;padding-bottom:0\">31 Castillo de Lutzelhardt<\/h4>\n\n\n<figure class=\"is-style-default  wp-block-image aligncenter size-full has-custom-border eplus-wrapper eplus-styles-uid-135982\" style=\"margin-top:0;margin-bottom:0\"><img decoding=\"async\" src=\"https:\/\/forte-cultura.com\/wp-content\/uploads\/32-Obersteinbach-Chateau-Lutzelhardt-%C2%A9-M.-Schampion-6-ADT.jpg\" alt=\"\" class=\"wp-image-3047\" style=\"border-radius:10px;aspect-ratio:16\/9;object-fit:cover\"><figcaption class=\"wp-element-caption\">Ruinas del castillo de Lutzelhardt<\/figcaption><\/figure>\n\n\n<p class=\"has-text-align-center eplus-wrapper\" style=\"margin-top:0;margin-bottom:0;font-size:clamp(0.875rem, 0.875rem + ((1vw - 0.2rem) * 0.125), 0.95rem);line-height:1.4\">La construcci\u00f3n del castillo se atribuye al duque de Lorena hacia mediados del siglo XII para proteger el monasterio de Sturzelbronn. En 1297, los condes de Bitche, garantes de la frontera de Lorena, adquirieron el castillo. En 1363 se convirti\u00f3 en feudo de la familia Fleckenstein y pas\u00f3 a manos de Wirich von Hohenbourg en 1450. En 1570, el castillo fue ocupado por las tropas del duque de Lorena y abandonado en 1606. Algunos creen que Lutzelhardt ya estaba en ruinas, posiblemente destruido durante la Guerra de los Campesinos en 1525, mientras que otros afirman que el castillo fue destruido durante la Guerra de los Treinta A\u00f1os. En la actualidad se conservan restos de un torre\u00f3n cuadrado, varias viviendas, un pozo y un aljibe.<\/p>\n\n\n\n<p class=\"has-text-align-center eplus-wrapper\" style=\"margin-top:var(--wp--preset--spacing--10);margin-bottom:0;font-size:0.8rem\">67510 Obersteinbach<br><a href=\"http:\/\/www.chateauxfortsalsace.com\" target=\"_blank\" rel=\"noreferrer noopener\">www.chateauxfortsalsace.com<\/a><\/p>\n\n\n\n<p class=\"has-text-align-center has-contrast-3-color has-text-color has-link-color eplus-wrapper wp-elements-71edb8722997ef5c7f08e646da0da32e\" style=\"margin-top:0;margin-bottom:0;font-size:0.8rem\">(Imagen \u00a9M. Schampion - ADT)<\/p>\n<\/div>\n\n\n\n<div class=\"wp-block-column eplus-wrapper is-layout-flow wp-block-column-is-layout-flow\" style=\"flex-basis:33.33%\">\n<h4 class=\"wp-block-heading has-text-align-center eplus-wrapper\" style=\"margin-bottom:var(--wp--preset--spacing--10)\">32 Castillo de Haut-Koenigsbourg<\/h4>\n\n\n<figure class=\"is-style-default  wp-block-image aligncenter size-full has-custom-border eplus-wrapper eplus-styles-uid-135982\" style=\"margin-top:0;margin-bottom:0\"><img decoding=\"async\" src=\"https:\/\/forte-cultura.com\/wp-content\/uploads\/33-Orschwiller-Chateau-Haut-Koenigsbourg-048-%C2%A9-C.FLEITH-ADT.jpg\" alt=\"\" class=\"wp-image-3048\" style=\"border-radius:10px;aspect-ratio:16\/9;object-fit:cover\"><figcaption class=\"wp-element-caption\">Castillo de Haut-Koenigsbourg<\/figcaption><\/figure>\n\n\n<p class=\"has-text-align-center eplus-wrapper\" style=\"margin-top:0;margin-bottom:0;font-size:clamp(0.875rem, 0.875rem + ((1vw - 0.2rem) * 0.125), 0.95rem);line-height:1.4\">El castillo de Haut-Koenigsbourg, uno de los lugares m\u00e1s emblem\u00e1ticos de Alsacia, est\u00e1 entronizado en una cumbre de los Vosgos. Construido en el siglo XII, fue remodelado en el siglo XV y se convirti\u00f3 en una imponente fortaleza y s\u00edmbolo del poder imperial. Sus gruesos muros, sus majestuosas torres y sus salas espl\u00e9ndidamente decoradas narran la tumultuosa historia de la regi\u00f3n. La vista panor\u00e1mica de la llanura alsaciana y las monta\u00f1as de los Vosgos que la rodean la convierten en uno de los destinos favoritos de los visitantes. Haut-Koenigsbourg impresiona por su arquitectura y su fascinante historia.<\/p>\n\n\n\n<p class=\"has-text-align-center eplus-wrapper\" style=\"margin-top:var(--wp--preset--spacing--10);margin-bottom:0;font-size:0.8rem\">67600 Orschwiller<br><a href=\"http:\/\/www.haut-koenigsbourg.fr\" target=\"_blank\" rel=\"noreferrer noopener\">www.haut-koenigsbourg.fr<\/a><\/p>\n\n\n\n<p class=\"has-text-align-center has-contrast-3-color has-text-color has-link-color eplus-wrapper wp-elements-0cdd77b062ac4b009650d4f7a192fe25\" style=\"margin-top:0;margin-bottom:0;font-size:0.8em\">(Imagen \u00a9C.FLEITH - ADT)<\/p>\n<\/div>\n\n\n\n<div class=\"wp-block-column eplus-wrapper is-layout-flow wp-block-column-is-layout-flow\" style=\"flex-basis:33.33%\">\n<h4 class=\"wp-block-heading has-text-align-center eplus-wrapper\" style=\"margin-bottom:var(--wp--preset--spacing--10)\">33 Castillo de Birkenfels<\/h4>\n\n\n<figure class=\"is-style-default  wp-block-image aligncenter size-full has-custom-border eplus-wrapper eplus-styles-uid-135982\" style=\"margin-top:0;margin-bottom:0\"><img decoding=\"async\" src=\"https:\/\/forte-cultura.com\/wp-content\/uploads\/34-Obernai-Chateau-du-Birkenfels-DSC_9823-HDR-%C2%A9-INFRA-ADT.jpg\" alt=\"\" class=\"wp-image-3049\" style=\"border-radius:10px;aspect-ratio:16\/9;object-fit:cover\"><figcaption class=\"wp-element-caption\">Ruinas del castillo de Birkenfels<\/figcaption><\/figure>\n\n\n<p class=\"has-text-align-center eplus-wrapper\" style=\"margin-top:0;margin-bottom:0;font-size:clamp(0.875rem, 0.875rem + ((1vw - 0.2rem) * 0.125), 0.95rem);line-height:1.4\">Descubra un peque\u00f1o y encantador castillo residencial construido hacia 1260. Su edificio principal, estructurado en tres niveles, presenta hornacinas y grandes ventanales con m\u00faltiples aberturas que dejan pasar la luz y ofrecen vistas de los paisajes circundantes. Aunque el torre\u00f3n pentagonal permanece inacabado, confiere a este edificio un aire misterioso. Este castillo le invita a sumergirse en el pasado mientras disfruta de la autenticidad y el encanto de las piedras antiguas.<\/p>\n\n\n\n<p class=\"has-text-align-center eplus-wrapper\" style=\"margin-top:var(--wp--preset--spacing--10);margin-bottom:0;font-size:0.8rem\">67530 Ottrott<br><a href=\"http:\/\/www.alsace-verte.com\" target=\"_blank\" rel=\"noreferrer noopener\">www.alsace-verte.com<\/a><\/p>\n\n\n\n<p class=\"has-text-align-center has-contrast-3-color has-text-color has-link-color eplus-wrapper wp-elements-b4f626102aec054749ba0249e3bd364f\" style=\"margin-top:0;margin-bottom:0;font-size:0.8em\">(Imagen \u00a9INFRA - ADT)<\/p>\n<\/div>\n<\/div>\n\n<div class=\"wp-block-columns alignwide eplus-wrapper is-layout-flex wp-container-core-columns-is-layout-829fdb3e wp-block-columns-is-layout-flex eplus-styles-uid-3c3b82\" style=\"border-style:none;border-width:0px;border-radius:0px;padding-top:var(--wp--preset--spacing--20);padding-right:var(--wp--preset--spacing--10);padding-bottom:var(--wp--preset--spacing--20);padding-left:var(--wp--preset--spacing--10)\">\n<div class=\"wp-block-column is-vertically-aligned-top eplus-wrapper is-layout-flow wp-block-column-is-layout-flow\" style=\"flex-basis:33.34%\">\n<h4 class=\"wp-block-heading has-text-align-center eplus-wrapper\" style=\"margin-top:0;margin-right:0;margin-bottom:var(--wp--preset--spacing--10);padding-top:0;padding-bottom:0\">34 Los castillos de Ottrott<\/h4>\n\n\n<figure class=\"is-style-default  wp-block-image aligncenter size-full has-custom-border eplus-wrapper eplus-styles-uid-135982\" style=\"margin-top:0;margin-bottom:0\"><img decoding=\"async\" src=\"https:\/\/forte-cultura.com\/wp-content\/uploads\/35-Ottrott-Chateau-de-Rathsamhausen-2%C2%A9Hello-Travelers-Margot-Julien-ADT.jpg\" alt=\"\" class=\"wp-image-3050\" style=\"border-radius:10px;aspect-ratio:16\/9;object-fit:cover\"><figcaption class=\"wp-element-caption\">Las ruinas del castillo de Ottrott<\/figcaption><\/figure>\n\n\n<p class=\"has-text-align-center eplus-wrapper\" style=\"margin-top:0;margin-bottom:0;font-size:clamp(0.875rem, 0.875rem + ((1vw - 0.2rem) * 0.125), 0.95rem);line-height:1.4\">Rathsamhausen y Lutzelbourg son dos majestuosos castillos medievales que se alzan sobre la llanura alsaciana, cerca del municipio de Ottrott. Rathsamhausen se caracteriza por su \u201epalacio donjon\u201c \u00fanico en Alsacia, cuyos impresionantes restos ofrecen una fascinante visi\u00f3n de la vida de sus antiguos habitantes.<\/p>\n\n\n\n<p class=\"has-text-align-center eplus-wrapper\" style=\"margin-top:var(--wp--preset--spacing--10);margin-bottom:0;font-size:0.8rem\">67530 Ottrott<br><a href=\"http:\/\/www.facebook.com\/PierreCaillouZumSteinInOttrott\/?locale=fr_FR\" target=\"_blank\" rel=\"noreferrer noopener\">Facebook<\/a><\/p>\n\n\n\n<p class=\"has-text-align-center has-contrast-3-color has-text-color has-link-color eplus-wrapper wp-elements-5b48e90e0a64eec240cf56a8b1c2ea54\" style=\"margin-top:0;margin-bottom:0;font-size:0.8rem\">(Imagen \u00a9Hello Travelers-Margot &amp; Julien-ADT)<\/p>\n<\/div>\n\n\n\n<div class=\"wp-block-column eplus-wrapper is-layout-flow wp-block-column-is-layout-flow\" style=\"flex-basis:33.33%\">\n<h4 class=\"wp-block-heading has-text-align-center eplus-wrapper\" style=\"margin-bottom:var(--wp--preset--spacing--10)\">35 Castillo de Girsberg<\/h4>\n\n\n<figure class=\"is-style-default  wp-block-image aligncenter size-full has-custom-border eplus-wrapper eplus-styles-uid-135982\" style=\"margin-top:0;margin-bottom:0\"><img decoding=\"async\" src=\"https:\/\/forte-cultura.com\/wp-content\/uploads\/36-Ribeauville-Chateau-de-Girsberg-25-%C2%A9-D.-Lett-ADT.jpg\" alt=\"\" class=\"wp-image-3051\" style=\"border-radius:10px;aspect-ratio:16\/9;object-fit:cover\"><figcaption class=\"wp-element-caption\">Ruinas del castillo de Girsberg<\/figcaption><\/figure>\n\n\n<p class=\"has-text-align-center eplus-wrapper\" style=\"margin-top:0;margin-bottom:0;font-size:clamp(0.875rem, 0.875rem + ((1vw - 0.2rem) * 0.125), 0.95rem);line-height:1.4\">El castillo de Girsberg, con su torre\u00f3n pentagonal, fue construido por la familia Ribeaupierre en un saliente rocoso de un acantilado casi inaccesible frente al castillo de San Ulrico hacia 1250, probablemente para reforzar la defensa de su castillo. Este peque\u00f1o edificio nunca sirvi\u00f3 de residencia a los Ribeaupierre. A principios del siglo XIV, fue asignado a la noble familia Girsberg, que le dio su nombre. Los restos visibles hoy datan de varias \u00e9pocas: El torre\u00f3n pentagonal, de piedra, granito y arenisca, data del siglo XIII y est\u00e1 clasificado como monumento hist\u00f3rico. El edificio residencial, que consta de dos edificios y una torre semicircular, data del siglo XIV.<\/p>\n\n\n\n<p class=\"has-text-align-center eplus-wrapper\" style=\"margin-top:var(--wp--preset--spacing--10);margin-bottom:0;font-size:0.8rem\">68150 Ribeauville<\/p>\n\n\n\n<p class=\"has-text-align-center has-contrast-3-color has-text-color has-link-color eplus-wrapper wp-elements-618bb90e4a8da1127dc27bf5089e77e5\" style=\"margin-top:0;margin-bottom:0;font-size:0.8em\">(Imagen \u00a9D. Lett - ADT)<\/p>\n<\/div>\n\n\n\n<div class=\"wp-block-column eplus-wrapper is-layout-flow wp-block-column-is-layout-flow\" style=\"flex-basis:33.33%\">\n<h4 class=\"wp-block-heading has-text-align-center eplus-wrapper\" style=\"margin-bottom:var(--wp--preset--spacing--10)\">36 Ch\u00e2teau du Haut Ribeaupierre <\/h4>\n\n\n<figure class=\"is-style-default  wp-block-image aligncenter size-full has-custom-border eplus-wrapper eplus-styles-uid-135982\" style=\"margin-top:0;margin-bottom:0\"><img decoding=\"async\" src=\"https:\/\/forte-cultura.com\/wp-content\/uploads\/37-Ribeauville-Chateau-du-Haut-Ribeaupierre-DSC_1417-%C2%A9-INFRA-ADT.jpg\" alt=\"\" class=\"wp-image-3052\" style=\"border-radius:10px;aspect-ratio:16\/9;object-fit:cover\"><figcaption class=\"wp-element-caption\">Ruinas del castillo de Hoher Ribeaupierre (o Altenkastel)<\/figcaption><\/figure>\n\n\n<p class=\"has-text-align-center eplus-wrapper\" style=\"margin-top:0;margin-bottom:0;font-size:clamp(0.875rem, 0.875rem + ((1vw - 0.2rem) * 0.125), 0.95rem);line-height:1.4\">El Haut-Ribeaupierre, antiguamente conocido como \u201eAltencastel\u201c, se alza sobre Ribeauvill\u00e9 a 645 metros de altitud. Fue construido en el siglo XII para proteger el castillo de Saint-Ulrich y se menciona por primera vez en 1254. Una torre redonda protege el logis, que da a un patio interior con un dep\u00f3sito de agua abovedado. El foso y la muralla defensiva al este refuerzan la defensa. Anselme de Ribeaupierre vivi\u00f3 all\u00ed en 1288. El castillo sirvi\u00f3 de prisi\u00f3n durante la Guerra de los Cien A\u00f1os y fue abandonado en el siglo XVI. Hoy en d\u00eda, los restos est\u00e1n siendo renovados,<\/p>\n\n\n\n<p class=\"has-text-align-center eplus-wrapper\" style=\"margin-top:var(--wp--preset--spacing--10);margin-bottom:0;font-size:0.8rem\">68150 Ribeauville<\/p>\n\n\n\n<p class=\"has-text-align-center has-contrast-3-color has-text-color has-link-color eplus-wrapper wp-elements-b4f626102aec054749ba0249e3bd364f\" style=\"margin-top:0;margin-bottom:0;font-size:0.8em\">(Imagen \u00a9INFRA - ADT)<\/p>\n<\/div>\n<\/div>\n\n\n<!--nextpage-->\n\n\n\n<div class=\"wp-block-group alignwide has-custom-verlauf-1-gradient-background has-background eplus-wrapper has-global-padding is-layout-constrained wp-block-group-is-layout-constrained\" style=\"padding-top:var(--wp--preset--spacing--20);padding-bottom:var(--wp--preset--spacing--20)\"><h3 class=\"wp-block-heading alignwide has-text-align-center eplus-wrapper eplus-styles-uid-80973f\" style=\"font-size:clamp(0.984rem, 0.984rem + ((1vw - 0.2rem) * 0.86), 1.5rem);\"><strong>Nuestra recomendaci\u00f3n de viaje FORTE CULTURA<\/strong><\/h3>\n\n\n<h5 class=\"wp-block-heading alignwide has-text-align-center has-custom-farbe-1-color has-text-color has-link-color has-large-font-size eplus-wrapper wp-elements-ea9f3ea8b79324d4b038e8f9453a6e91\" style=\"margin-top:var(--wp--preset--spacing--10);margin-bottom:0\">Ruta de los castillos y ciudades fortificadas de Alsacia (p\u00e1gina 4\/4)<\/h5>\n\n\n\n<p class=\"has-text-align-center has-small-font-size eplus-wrapper translation-block\" style=\"margin-top:5px\"><em>Desarrollado por <em>FORTE CULTURA Partner<\/em><\/em> <em>Alsace Destination Tourisme (ADT).<\/em><\/p>\n<\/div>\n\n\n<div id=\"travelersmap-container-69f776bb3df1d\" class=\"travelersmap-container\" style=\"z-index: 1; min-height: 10px; min-width:10px; height:400px;width:100%; max-width:1280px; max-height:; position:relative;\"><div style=\"position:absolute; z-index:-1;top: 50%;text-align: center;display: block;left: 50%;transform: translate(-50%,-50%);\">Mapa del viajero est\u00e1 cargando...<br>Si ves esto despu\u00e9s de que tu p\u00e1gina se haya cargado completamente, es que faltan archivos leafletJS.<\/div><\/div>\n\n\n<div class=\"wp-block-columns alignwide eplus-wrapper is-layout-flex wp-container-core-columns-is-layout-829fdb3e wp-block-columns-is-layout-flex eplus-styles-uid-49e4fb\" style=\"border-style:none;border-width:0px;border-radius:0px;padding-top:var(--wp--preset--spacing--20);padding-right:var(--wp--preset--spacing--10);padding-bottom:var(--wp--preset--spacing--20);padding-left:var(--wp--preset--spacing--10)\">\n<div class=\"wp-block-column eplus-wrapper is-layout-flow wp-block-column-is-layout-flow\" style=\"flex-basis:33.33%\">\n<h4 class=\"wp-block-heading has-text-align-center eplus-wrapper\" style=\"margin-bottom:var(--wp--preset--spacing--10)\">37 Castillo Saint-Ulrich<\/h4>\n\n\n<figure class=\"is-style-default  wp-block-image aligncenter size-full has-custom-border eplus-wrapper eplus-styles-uid-135982\" style=\"margin-top:0;margin-bottom:0\"><img decoding=\"async\" src=\"https:\/\/forte-cultura.com\/wp-content\/uploads\/38-Ribeauville-Chateau-Saint-Ulrich-23-%C2%A9-D.-Lett-ADT.jpg\" alt=\"\" class=\"wp-image-3053\" style=\"border-radius:10px;aspect-ratio:16\/9;object-fit:cover\"><figcaption class=\"wp-element-caption\">Ruinas del castillo de Saint-Ulrich<\/figcaption><\/figure>\n\n\n<p class=\"has-text-align-center eplus-wrapper\" style=\"margin-top:0;margin-bottom:0;font-size:clamp(0.875rem, 0.875rem + ((1vw - 0.2rem) * 0.125), 0.95rem);line-height:1.4\">El castillo de Saint-Ulrich (altitud: 530 metros) es el m\u00e1s imponente de los tres castillos de Ribeauvill\u00e9. Tambi\u00e9n conocido como Rappolstein y Ukrichsburg, fue construido en el siglo XIII sobre una roca que domina el valle del Strengbach. Sus ampliaciones, incluida un ala majestuosa con dos grandes salones iluminados por una doble hilera de ventanas gemelas, lo convierten en un bello ejemplo de vivienda se\u00f1orial. Residencia de los Ribeaupierre hasta el siglo XV, el castillo se deterior\u00f3 en el siglo XVI y se incendi\u00f3 en el XVII. Hoy, sus restos muestran influencias de distintas \u00e9pocas.<\/p>\n\n\n\n<p class=\"has-text-align-center eplus-wrapper\" style=\"margin-top:var(--wp--preset--spacing--10);margin-bottom:0;font-size:0.8rem\">68150 Ribeauville<br><a href=\"http:\/\/www.scherwiller.fr\" target=\"_blank\" rel=\"noreferrer noopener\">www.scherwiller.fr<\/a><\/p>\n\n\n\n<p class=\"has-text-align-center has-contrast-3-color has-text-color has-link-color eplus-wrapper wp-elements-618bb90e4a8da1127dc27bf5089e77e5\" style=\"margin-top:0;margin-bottom:0;font-size:0.8em\">(Imagen \u00a9D. Lett - ADT)<\/p>\n<\/div>\n\n\n\n<div class=\"wp-block-column is-vertically-aligned-top eplus-wrapper is-layout-flow wp-block-column-is-layout-flow\" style=\"flex-basis:33.34%\">\n<h4 class=\"wp-block-heading has-text-align-center eplus-wrapper\" style=\"margin-top:0;margin-right:0;margin-bottom:var(--wp--preset--spacing--10);padding-top:0;padding-bottom:0\">38 Castillo de Haut-Barr<\/h4>\n\n\n<figure class=\"is-style-default  wp-block-image aligncenter size-full has-custom-border eplus-wrapper eplus-styles-uid-135982\" style=\"margin-top:0;margin-bottom:0\"><img decoding=\"async\" src=\"https:\/\/forte-cultura.com\/wp-content\/uploads\/39-Saverne-Chateau-du-Haut-Barr-10-%C2%A9-D.-Lett-ADT.jpg\" alt=\"\" class=\"wp-image-3054\" style=\"border-radius:10px;aspect-ratio:16\/9;object-fit:cover\"><figcaption class=\"wp-element-caption\">Ruinas del castillo de Haut-Barr<\/figcaption><\/figure>\n\n\n<p class=\"has-text-align-center eplus-wrapper\" style=\"margin-top:0;margin-bottom:0;font-size:clamp(0.875rem, 0.875rem + ((1vw - 0.2rem) * 0.125), 0.95rem);line-height:1.4\">A s\u00f3lo 5 minutos en coche o 1,5 horas a pie del centro de la ciudad, el castillo de Haut-Barr, tambi\u00e9n conocido como \u201eEl Ojo de Alsacia\u201c, se alza a 470 metros sobre el nivel del mar sobre tres acantilados. Esta ruina medieval del siglo XII ocupa una posici\u00f3n estrat\u00e9gica entre la meseta de Lorena y la llanura de Alsacia. La estructura actual fue construida en 1583 por Jean de Manderscheid. El Puente del Diablo, accesible por escaleras, une dos rocas y es famoso por su leyenda. Disfrute de las impresionantes vistas e intente divisar la cima de la catedral de Estrasburgo.<\/p>\n\n\n\n<p class=\"has-text-align-center eplus-wrapper\" style=\"margin-top:var(--wp--preset--spacing--10);margin-bottom:0;font-size:0.8rem\">67700 Saverne<br><a href=\"http:\/\/www.tourisme-saverne.fr\" target=\"_blank\" rel=\"noreferrer noopener\">www.tourisme-saverne.fr<\/a><\/p>\n\n\n\n<p class=\"has-text-align-center has-contrast-3-color has-text-color has-link-color eplus-wrapper wp-elements-52bf3d1219c857eccf78e61a2ebf50f0\" style=\"margin-top:0;margin-bottom:0;font-size:0.8rem\">(Imagen \u00a9D. Lett - ADT)<\/p>\n<\/div>\n\n\n\n<div class=\"wp-block-column eplus-wrapper is-layout-flow wp-block-column-is-layout-flow\" style=\"flex-basis:33.33%\">\n<h4 class=\"wp-block-heading has-text-align-center eplus-wrapper\" style=\"margin-bottom:var(--wp--preset--spacing--10)\">39 Castillo de Rohan<\/h4>\n\n\n<figure class=\"is-style-default  wp-block-image aligncenter size-full has-custom-border eplus-wrapper eplus-styles-uid-135982\" style=\"margin-top:0;margin-bottom:0\"><img decoding=\"async\" src=\"https:\/\/forte-cultura.com\/wp-content\/uploads\/40-Saverne-Chateau-des-Rohan-%C2%A9-OT-du-Pays-de-Saverne-ADT.jpg\" alt=\"\" class=\"wp-image-3055\" style=\"border-radius:10px;aspect-ratio:16\/9;object-fit:cover\"><figcaption class=\"wp-element-caption\">Castillo de Rohan<\/figcaption><\/figure>\n\n\n<p class=\"has-text-align-center eplus-wrapper\" style=\"margin-top:0;margin-bottom:0;font-size:clamp(0.875rem, 0.875rem + ((1vw - 0.2rem) * 0.125), 0.95rem);line-height:1.4\">El castillo des Rohan, antiguamente conocido como el \u201ePeque\u00f1o Versalles de Alsacia\u201c, est\u00e1 situado en el centro de Saverne, a orillas del canal Marne-Rhin. Fue construido en el siglo XIII y restaurado en el XIX bajo Napole\u00f3n III. Este antiguo castillo episcopal alberga hoy un museo, un centro cultural, un albergue juvenil y una escuela. La fachada neocl\u00e1sica de arenisca rosa se extiende a lo largo de 140 metros, lo que corresponde a la altura horizontal de la catedral de Estrasburgo. Disfrute de las vistas desde el parque y descubra los secretos del castillo en el museo, que expone colecciones de arte, historia y arqueolog\u00eda.<\/p>\n\n\n\n<p class=\"has-text-align-center eplus-wrapper\" style=\"margin-top:var(--wp--preset--spacing--10);margin-bottom:0;font-size:0.8rem\">67700 Saverne<br><a href=\"http:\/\/www.tourisme-saverne.fr\" target=\"_blank\" rel=\"noreferrer noopener\">www.tourisme-saverne.fr<\/a><\/p>\n\n\n\n<p class=\"has-text-align-center has-contrast-3-color has-text-color has-link-color eplus-wrapper wp-elements-15368134b314396a92693d3b8e82249a\" style=\"margin-top:0;margin-bottom:0;font-size:0.8rem\">(Imagen \u00a9OT du Pays de Saverne - ADT)<\/p>\n<\/div>\n<\/div>\n\n<div class=\"wp-block-columns alignwide eplus-wrapper is-layout-flex wp-container-core-columns-is-layout-829fdb3e wp-block-columns-is-layout-flex eplus-styles-uid-e170b1\" style=\"border-style:none;border-width:0px;border-radius:0px;padding-top:var(--wp--preset--spacing--20);padding-right:var(--wp--preset--spacing--10);padding-bottom:var(--wp--preset--spacing--20);padding-left:var(--wp--preset--spacing--10)\">\n<div class=\"wp-block-column is-vertically-aligned-top eplus-wrapper is-layout-flow wp-block-column-is-layout-flow\" style=\"flex-basis:33.34%\">\n<h4 class=\"wp-block-heading has-text-align-center eplus-wrapper\" style=\"margin-top:0;margin-right:0;margin-bottom:var(--wp--preset--spacing--10);padding-top:0;padding-bottom:0\">40 Castillo de Ortenbourg<\/h4>\n\n\n<figure class=\"is-style-default  wp-block-image aligncenter size-full has-custom-border eplus-wrapper eplus-styles-uid-135982\" style=\"margin-top:0;margin-bottom:0\"><img decoding=\"async\" src=\"https:\/\/forte-cultura.com\/wp-content\/uploads\/41-Scherwiller-Chateau-de-lOrtenbourg_FJI5076-%C2%A9-INFRA-ADT.jpg\" alt=\"\" class=\"wp-image-3056\" style=\"border-radius:10px;aspect-ratio:16\/9;object-fit:cover\"><figcaption class=\"wp-element-caption\">Ruinas del castillo de Ortenburg<\/figcaption><\/figure>\n\n\n<p class=\"has-text-align-center eplus-wrapper\" style=\"margin-top:0;margin-bottom:0;font-size:clamp(0.875rem, 0.875rem + ((1vw - 0.2rem) * 0.125), 0.95rem);line-height:1.4\">El castillo de Ortenburg, construido entre 1260 y 1265 por Rodolfo de Habsburgo, se eleva 443 metros sobre el nivel del mar y es una de las ruinas m\u00e1s bellas del valle del Rin. Esta obra maestra de la arquitectura militar, con su alta muralla que rodea un torre\u00f3n de 32 metros de altura, destaca notablemente en el paisaje. El torre\u00f3n ofrec\u00eda 6 niveles de defensa y su dise\u00f1o pentagonal permit\u00eda una mejor defensa contra los proyectiles de los atacantes. Recientemente se fund\u00f3 la asociaci\u00f3n \u201eLes sentinelles de l'Ortenbourg\u201c para proteger, realzar y revitalizar el castillo.<\/p>\n\n\n\n<p class=\"has-text-align-center eplus-wrapper\" style=\"margin-top:var(--wp--preset--spacing--10);margin-bottom:0;font-size:0.8rem\">67750 Scherwiller<br><a href=\"http:\/\/www.scherwiller.fr\" target=\"_blank\" rel=\"noreferrer noopener\">www.scherwiller.fr<\/a><\/p>\n\n\n\n<p class=\"has-text-align-center has-contrast-3-color has-text-color has-link-color eplus-wrapper wp-elements-b79ccd0fa0ba9dd558ee6fec87d1c724\" style=\"margin-top:0;margin-bottom:0;font-size:0.8em\">(Imagen \u00a9INFRA - ADT)<\/p>\n<\/div>\n\n\n\n<div class=\"wp-block-column eplus-wrapper is-layout-flow wp-block-column-is-layout-flow\" style=\"flex-basis:33.33%\">\n<h4 class=\"wp-block-heading has-text-align-center eplus-wrapper\" style=\"margin-bottom:var(--wp--preset--spacing--10)\">41 Castillo de Ramstein<\/h4>\n\n\n<figure class=\"is-style-default  wp-block-image aligncenter size-full has-custom-border eplus-wrapper eplus-styles-uid-135982\" style=\"margin-top:0;margin-bottom:0\"><img decoding=\"async\" src=\"https:\/\/forte-cultura.com\/wp-content\/uploads\/42-Scherwiller-Chateau-du-Ramstein-%C2%A9-C.Fleith-ADT.jpg\" alt=\"\" class=\"wp-image-3057\" style=\"border-radius:10px;aspect-ratio:16\/9;object-fit:cover\"><figcaption class=\"wp-element-caption\">Ruinas del castillo de Ramstein<\/figcaption><\/figure>\n\n\n<p class=\"has-text-align-center eplus-wrapper\" style=\"margin-top:0;margin-bottom:0;font-size:clamp(0.875rem, 0.875rem + ((1vw - 0.2rem) * 0.125), 0.95rem);line-height:1.4\">El castillo de Ramstein, construido por Otto von Ochsenstein en 1293, se encuentra debajo de su poderoso vecino Ortenbourg. S\u00f3lo quedan dos tramos de muro de la torre residencial, donde son visibles varios niveles, una chimenea y un gran arco nicho abierto hacia Ortenbourg que podr\u00eda albergar una m\u00e1quina de guerra. Un equipo de voluntarios, los \u201eGuardianes de Ramstein\u201c, trabaja para descubrir y estabilizar los muros y los cimientos. El castillo est\u00e1 cerrado por motivos de seguridad, pero durante las Jornadas del Patrimonio es posible visitar las obras.<\/p>\n\n\n\n<p class=\"has-text-align-center eplus-wrapper\" style=\"margin-top:var(--wp--preset--spacing--10);margin-bottom:0;font-size:0.8rem\">67750 Scherwiller<br><a href=\"http:\/\/www.scherwiller.fr\" target=\"_blank\" rel=\"noreferrer noopener\">www.scherwiller.fr<\/a><\/p>\n\n\n\n<p class=\"has-text-align-center has-contrast-3-color has-text-color has-link-color eplus-wrapper wp-elements-4260ce4a99b1a257bd0c3604d7253859\" style=\"margin-top:0;margin-bottom:0;font-size:0.8em\">(Imagen \u00a9C.Fleith - ADT)(Imagen \u00a9C.Fleith - ADT)<\/p>\n<\/div>\n\n\n\n<div class=\"wp-block-column eplus-wrapper is-layout-flow wp-block-column-is-layout-flow\" style=\"flex-basis:33.33%\">\n<h4 class=\"wp-block-heading has-text-align-center eplus-wrapper\" style=\"margin-bottom:var(--wp--preset--spacing--10)\">42 Castillo de l'Engelbourg<\/h4>\n\n\n<figure class=\"is-style-default  wp-block-image aligncenter size-full has-custom-border eplus-wrapper eplus-styles-uid-135982\" style=\"margin-top:0;margin-bottom:0\"><img decoding=\"async\" src=\"https:\/\/forte-cultura.com\/wp-content\/uploads\/43-Thann-Chateau-de-lEngelbourg-_FJI4780-%C2%A9-INFRA-ADT.jpg\" alt=\"\" class=\"wp-image-3058\" style=\"border-radius:10px;aspect-ratio:16\/9;object-fit:cover\"><figcaption class=\"wp-element-caption\">Las ruinas del castillo de Engelburg<\/figcaption><\/figure>\n\n\n<p class=\"has-text-align-center eplus-wrapper\" style=\"margin-top:0;margin-bottom:0;font-size:clamp(0.875rem, 0.875rem + ((1vw - 0.2rem) * 0.125), 0.95rem);line-height:1.4\">El castillo fue construido a partir de 1224 y sufri\u00f3 varias ampliaciones hasta el siglo XVI. Era la residencia del conde de Pfirrt y supervisaba las aduanas del valle del Thur. Su nombre, \u201eCastillo del \u00c1ngel\u201c, honra al Arc\u00e1ngel San Miguel, y est\u00e1 entronizado en el Schlossberg, la \u201emonta\u00f1a del castillo\u201c. En 1673, Luis XIV, que hab\u00eda conquistado Alsacia, orden\u00f3 la demolici\u00f3n del castillo, estrat\u00e9gicamente in\u00fatil. Los mineros de Giromagny utilizaron explosivos, provocando el derrumbe parcial del torre\u00f3n y d\u00e1ndole su nombre local \u201eOjo de la Bruja\u201c, que representa un ojo vigilando la ciudad. Un paseo para toda la familia ofrece una hermosa vista de las colinas.<\/p>\n\n\n\n<p class=\"has-text-align-center eplus-wrapper\" style=\"margin-top:var(--wp--preset--spacing--10);margin-bottom:0;font-size:0.8rem\">68800 Thann<\/p>\n\n\n\n<p class=\"has-text-align-center has-contrast-3-color has-text-color has-link-color eplus-wrapper wp-elements-b4f626102aec054749ba0249e3bd364f\" style=\"margin-top:0;margin-bottom:0;font-size:0.8em\">(Imagen \u00a9INFRA - ADT)<\/p>\n<\/div>\n<\/div>\n\n<div class=\"wp-block-columns alignwide eplus-wrapper is-layout-flex wp-container-core-columns-is-layout-829fdb3e wp-block-columns-is-layout-flex eplus-styles-uid-394285\" style=\"border-style:none;border-width:0px;border-radius:0px;padding-top:var(--wp--preset--spacing--20);padding-right:var(--wp--preset--spacing--10);padding-bottom:var(--wp--preset--spacing--20);padding-left:var(--wp--preset--spacing--10)\">\n<div class=\"wp-block-column is-vertically-aligned-top eplus-wrapper is-layout-flow wp-block-column-is-layout-flow\" style=\"flex-basis:33.34%\">\n<h4 class=\"wp-block-heading has-text-align-center eplus-wrapper\" style=\"margin-top:0;margin-right:0;margin-bottom:var(--wp--preset--spacing--10);padding-top:0;padding-bottom:0\">43 Castillo de Bilstein<\/h4>\n\n\n<figure class=\"is-style-default  wp-block-image aligncenter size-full has-custom-border eplus-wrapper eplus-styles-uid-135982\" style=\"margin-top:0;margin-bottom:0\"><img decoding=\"async\" src=\"https:\/\/forte-cultura.com\/wp-content\/uploads\/44-Urbeis-Chateau-du-Bilstein-%C2%A9-OT-de-la-Vallee-de-Ville-ADT.jpg\" alt=\"\" class=\"wp-image-3059\" style=\"border-radius:10px;aspect-ratio:16\/9;object-fit:cover\"><figcaption class=\"wp-element-caption\">Ruinas del castillo de Bilstein<\/figcaption><\/figure>\n\n\n<p class=\"has-text-align-center eplus-wrapper\" style=\"margin-top:0;margin-bottom:0;font-size:clamp(0.875rem, 0.875rem + ((1vw - 0.2rem) * 0.125), 0.95rem);line-height:1.4\">Este castillo tiene un torre\u00f3n cuadrado del siglo XII, protegido por una doble muralla que fue modificada por la dinast\u00eda Wurtemberg en el siglo XIV. Se accede al torre\u00f3n por una alta puerta g\u00f3tica que ofrece una vista impresionante de los Vosgos circundantes.<\/p>\n\n\n\n<p class=\"has-text-align-center eplus-wrapper\" style=\"margin-top:var(--wp--preset--spacing--10);margin-bottom:0;font-size:0.8rem\">67220 Urbeis<br><a href=\"http:\/\/tourisme.valleedeville\" target=\"_blank\" rel=\"noreferrer noopener\">turismo.valleedeville<\/a><\/p>\n\n\n\n<p class=\"has-text-align-center has-contrast-3-color has-text-color has-link-color eplus-wrapper wp-elements-a7ba04c48be2fdc11db29bab11fda944\" style=\"margin-top:0;margin-bottom:0;font-size:0.8rem\">(Imagen \u00a9OT de la Vall\u00e9e de Vill\u00e9 - ADT)<\/p>\n<\/div>\n\n\n\n<div class=\"wp-block-column eplus-wrapper is-layout-flow wp-block-column-is-layout-flow\" style=\"flex-basis:33.33%\">\n<h4 class=\"wp-block-heading has-text-align-center eplus-wrapper\" style=\"margin-bottom:var(--wp--preset--spacing--10)\">44 Puertas medievales de Wangen<\/h4>\n\n\n<figure class=\"is-style-default  wp-block-image aligncenter size-full has-custom-border eplus-wrapper eplus-styles-uid-135982\" style=\"margin-top:0;margin-bottom:0\"><img decoding=\"async\" src=\"https:\/\/forte-cultura.com\/wp-content\/uploads\/45-Wangen-0520-%C2%A9-100kmautour.com_.jpg\" alt=\"\" class=\"wp-image-3060\" style=\"border-radius:10px;aspect-ratio:16\/9;object-fit:cover\"><figcaption class=\"wp-element-caption\">Ciudad medieval fortificada de Wangen<\/figcaption><\/figure>\n\n\n<p class=\"has-text-align-center eplus-wrapper\" style=\"margin-top:0;margin-bottom:0;font-size:clamp(0.875rem, 0.875rem + ((1vw - 0.2rem) * 0.125), 0.95rem);line-height:1.4\">Wangen es una ciudad fortificada con murallas de m\u00e1s de 1.000 metros de longitud. Hoy se conservan tres puertas. La Puerta Inferior, o Niedertorturm, es la mejor conservada, data del siglo XIII y fue clasificada monumento hist\u00f3rico en 1931. La Puerta de Verano presenta vanos de ca\u00f1\u00f3n renacentistas y una ventana g\u00f3tica del siglo XIV. Alberg\u00f3 la rector\u00eda cat\u00f3lica hasta el a\u00f1o 2000. La Motscheltor, destruida en 1887, conduc\u00eda a los vi\u00f1edos, de los que s\u00f3lo queda un banco de vi\u00f1ador. Estas puertas reflejan la historia y la importancia estrat\u00e9gica de Wangen.<\/p>\n\n\n\n<p class=\"has-text-align-center eplus-wrapper\" style=\"margin-top:var(--wp--preset--spacing--10);margin-bottom:0;font-size:0.8rem\">67520 Wangen<br><a href=\"http:\/\/www.histoire-wangen.alsace\" target=\"_blank\" rel=\"noreferrer noopener\">www.histoire-wangen.alsace<\/a><\/p>\n\n\n\n<p class=\"has-text-align-center has-contrast-3-color has-text-color has-link-color eplus-wrapper wp-elements-a6e90e32282134635832cccf0c77ff88\" style=\"margin-top:0;margin-bottom:0;font-size:0.8em\">(Imagen \u00a9100kmautour.com)<\/p>\n<\/div>\n\n\n\n<div class=\"wp-block-column eplus-wrapper is-layout-flow wp-block-column-is-layout-flow\" style=\"flex-basis:33.33%\">\n<h4 class=\"wp-block-heading has-text-align-center eplus-wrapper\" style=\"margin-bottom:var(--wp--preset--spacing--10)\">45 Castillo de Wangenbourg<\/h4>\n\n\n<figure class=\"is-style-default  wp-block-image aligncenter size-full has-custom-border eplus-wrapper eplus-styles-uid-135982\" style=\"margin-top:0;margin-bottom:0\"><img decoding=\"async\" src=\"https:\/\/forte-cultura.com\/wp-content\/uploads\/46-Wangenbourg-chateau-107-%C2%A9-C.Fleith-ADT.jpg\" alt=\"\" class=\"wp-image-3061\" style=\"border-radius:10px;aspect-ratio:16\/9;object-fit:cover\"><figcaption class=\"wp-element-caption\">Ruinas del castillo de Wangenbourg<\/figcaption><\/figure>\n\n\n<p class=\"has-text-align-center eplus-wrapper\" style=\"margin-top:0;margin-bottom:0;font-size:clamp(0.875rem, 0.875rem + ((1vw - 0.2rem) * 0.125), 0.95rem);line-height:1.4\">El castillo est\u00e1 situado a 480 metros sobre el nivel del mar, en el peque\u00f1o pueblo de Wangenbourg. Fue construido en el siglo XIII por los se\u00f1ores de Wangen sobre una roca natural. Este castillo situado en lo alto de una colina serv\u00eda de defensa contra los ladrones y ofrec\u00eda protecci\u00f3n a los aldeanos. Se accede por un puente que conduce al patio interior, donde se pueden admirar numerosas ventanas y los restos de una hermosa chimenea g\u00f3tica. El torre\u00f3n, de 24 metros de altura, es accesible para los valientes. Una vez en la cima, se puede disfrutar de una vista impresionante sobre el valle de Mossig. La torre est\u00e1 abierta de abril a noviembre.<\/p>\n\n\n\n<p class=\"has-text-align-center eplus-wrapper\" style=\"margin-top:var(--wp--preset--spacing--10);margin-bottom:0;font-size:0.8rem\">67710 Wangenbourg Engenthal<br><a href=\"http:\/\/www.route-chateaux-alsace.com\/chateauxtemp\/chateau-wangenbourg\/\" target=\"_blank\" rel=\"noreferrer noopener\">www.route-chateaux-alsace.com<\/a><\/p>\n\n\n\n<p class=\"has-text-align-center has-contrast-3-color has-text-color has-link-color eplus-wrapper wp-elements-47b630df97b7c4f158bf0f558dfe8efb\" style=\"margin-top:0;margin-bottom:0;font-size:0.8em\">(Imagen \u00a9C.Fleith - ADT)<\/p>\n<\/div>\n<\/div>\n\n<div class=\"wp-block-columns alignwide eplus-wrapper is-layout-flex wp-container-core-columns-is-layout-829fdb3e wp-block-columns-is-layout-flex eplus-styles-uid-5d5d47\" style=\"border-style:none;border-width:0px;border-radius:0px;padding-top:var(--wp--preset--spacing--20);padding-right:var(--wp--preset--spacing--10);padding-bottom:var(--wp--preset--spacing--20);padding-left:var(--wp--preset--spacing--10)\">\n<div class=\"wp-block-column is-vertically-aligned-top eplus-wrapper is-layout-flow wp-block-column-is-layout-flow\" style=\"flex-basis:33.34%\">\n<h4 class=\"wp-block-heading has-text-align-center eplus-wrapper\" style=\"margin-top:0;margin-right:0;margin-bottom:var(--wp--preset--spacing--10);padding-top:0;padding-bottom:0\">46 Castillo de Freudeneck<\/h4>\n\n\n<figure class=\"is-style-default  wp-block-image aligncenter size-full has-custom-border eplus-wrapper eplus-styles-uid-135982\" style=\"margin-top:0;margin-bottom:0\"><img decoding=\"async\" src=\"https:\/\/forte-cultura.com\/wp-content\/uploads\/47-Wangenbourg-Engenthal-Chateau-du-Freudeneck-_D857668-%C2%A9-INFRA-ADT.jpg\" alt=\"\" class=\"wp-image-3062\" style=\"border-radius:10px;aspect-ratio:16\/9;object-fit:cover\"><figcaption class=\"wp-element-caption\">Ruinas del castillo de Freudeneck<\/figcaption><\/figure>\n\n\n<p class=\"has-text-align-center eplus-wrapper\" style=\"margin-top:0;margin-bottom:0;font-size:clamp(0.875rem, 0.875rem + ((1vw - 0.2rem) * 0.125), 0.95rem);line-height:1.4\">El castillo de Freudeneck est\u00e1 situado cerca de Wangenbourg, a 390 metros de altitud, al borde de la colina del castillo y con vistas al r\u00edo Mossig. Antiguamente serv\u00eda de puesto de guardia para alertar al vecino castillo de Wangenbourg. Hoy s\u00f3lo se conservan algunos restos arquitect\u00f3nicos. El torre\u00f3n redondo del centro, construido con piedras almohadilladas, as\u00ed como las ruinas de las fortificaciones y el patio de armas exterior son testigos de su pasado. Aunque la puerta fortificada y el puente levadizo han desaparecido, un sendero se\u00f1alizado permite acceder a las ruinas desde el castillo de Wangenbourg.<\/p>\n\n\n\n<p class=\"has-text-align-center eplus-wrapper\" style=\"margin-top:var(--wp--preset--spacing--10);margin-bottom:0;font-size:0.8rem\">67710 Wangenbourg Engenthal<\/p>\n\n\n\n<p class=\"has-text-align-center has-contrast-3-color has-text-color has-link-color eplus-wrapper wp-elements-bbc7350b0907ae0d45c60d78ee39fc6e\" style=\"margin-top:0;margin-bottom:0;font-size:0.8rem\">(Imagen \u00a9INFRA - ADT)<\/p>\n<\/div>\n\n\n\n<div class=\"wp-block-column eplus-wrapper is-layout-flow wp-block-column-is-layout-flow\" style=\"flex-basis:33.33%\">\n<h4 class=\"wp-block-heading has-text-align-center eplus-wrapper\" style=\"margin-bottom:var(--wp--preset--spacing--10)\">47 Castillo de Hagueneck<\/h4>\n\n\n<figure class=\"is-style-default  wp-block-image aligncenter size-full has-custom-border eplus-wrapper eplus-styles-uid-135982\" style=\"margin-top:0;margin-bottom:0\"><img decoding=\"async\" src=\"https:\/\/forte-cultura.com\/wp-content\/uploads\/48-Wettolsheim-Chateau-du-Hagueneck-DSC3693-%C2%A9-INFRA-ADT.jpg\" alt=\"\" class=\"wp-image-3063\" style=\"border-radius:10px;aspect-ratio:16\/9;object-fit:cover\"><figcaption class=\"wp-element-caption\">Ruinas del castillo de Hagueneck<\/figcaption><\/figure>\n\n\n<p class=\"has-text-align-center eplus-wrapper\" style=\"margin-top:0;margin-bottom:0;font-size:clamp(0.875rem, 0.875rem + ((1vw - 0.2rem) * 0.125), 0.95rem);line-height:1.4\">Este peque\u00f1o y encantador castillo est\u00e1 escondido al final de un valle forestal, cerca de la Ruta de los Cinco Castillos. Data del siglo XIII, pero fue remodelado y ampliado en el siglo XIV. Perteneci\u00f3 a Burkhard von Hagueneck, vasallo del obispo de Estrasburgo. Tras un asedio y un incendio, el castillo fue reconstruido poco despu\u00e9s. Reapareci\u00f3 en el siglo XVII y pas\u00f3 a ser propiedad de los Caballeros de San Juan en 1674. Durante la Revoluci\u00f3n, fue vendido como propiedad nacional. De planta casi rectangular, consta de un torre\u00f3n cuadrado, un edificio principal y dependencias. Clasificado como \u201eMonumento Hist\u00f3rico\u201c desde el 29 de enero de 1923, s\u00f3lo ten\u00eda una funci\u00f3n residencial.<\/p>\n\n\n\n<p class=\"has-text-align-center eplus-wrapper\" style=\"margin-top:var(--wp--preset--spacing--10);margin-bottom:0;font-size:0.8rem\">68920 Wettolsheim<br><a href=\"http:\/\/www.tourisme-eguisheim-rouffach.com\" target=\"_blank\" rel=\"noreferrer noopener\">www.tourisme-eguisheim-rouffach.com<\/a><\/p>\n\n\n\n<p class=\"has-text-align-center has-contrast-3-color has-text-color has-link-color eplus-wrapper wp-elements-b4f626102aec054749ba0249e3bd364f\" style=\"margin-top:0;margin-bottom:0;font-size:0.8em\">(Imagen \u00a9INFRA - ADT)<\/p>\n<\/div>\n\n\n\n<div class=\"wp-block-column eplus-wrapper is-layout-flow wp-block-column-is-layout-flow\" style=\"flex-basis:33.33%\">\n<h4 class=\"wp-block-heading has-text-align-center eplus-wrapper\" style=\"margin-bottom:var(--wp--preset--spacing--10)\">48 Castillo de Nouveau-Windstein<\/h4>\n\n\n<figure class=\"is-style-default  wp-block-image aligncenter size-full has-custom-border eplus-wrapper eplus-styles-uid-135982\" style=\"margin-top:0;margin-bottom:0\"><img decoding=\"async\" src=\"https:\/\/forte-cultura.com\/wp-content\/uploads\/49-Windstein-Chateau-Nouveau-Windstein-%C2%A9-M.-Schampion-4-ADT.jpg\" alt=\"\" class=\"wp-image-3064\" style=\"border-radius:10px;aspect-ratio:16\/9;object-fit:cover\"><figcaption class=\"wp-element-caption\">Ruinas del castillo de Neu-Windstein<\/figcaption><\/figure>\n\n\n<p class=\"has-text-align-center eplus-wrapper\" style=\"margin-top:0;margin-bottom:0;font-size:clamp(0.875rem, 0.875rem + ((1vw - 0.2rem) * 0.125), 0.95rem);line-height:1.4\">Construido en los siglos XIII y XIV y modernizado posteriormente, el castillo tiene un sistema defensivo similar al del Wasenbourg de Niederbronn-les-Bains. El edificio residencial se apoya en un muro de escudo ciego que protege un amplio frente de ataque plano y el patio interior. En la \u00e9poca de las armas de fuego, la defensa se reforz\u00f3 con un basti\u00f3n pentagonal al este y una torre redonda al sur, dotada de troneras horizontales. La historia de las torres Nueva y Vieja es compleja. El Nuevo Windstone fue abandonado tras la Guerra de los Treinta A\u00f1os, a finales del siglo XVII, pero hoy en d\u00eda una din\u00e1mica asociaci\u00f3n est\u00e1 restaurando y promocionando esta ruina bien conservada.<\/p>\n\n\n\n<p class=\"has-text-align-center eplus-wrapper\" style=\"margin-top:var(--wp--preset--spacing--10);margin-bottom:0;font-size:0.8rem\">67110 Windstone<br><a href=\"http:\/\/www.veilleurs-nouveau-windstein.fr\" target=\"_blank\" rel=\"noreferrer noopener\">www.route-chateaux-alsace.com<\/a><\/p>\n\n\n\n<p class=\"has-text-align-center has-contrast-3-color has-text-color has-link-color eplus-wrapper wp-elements-3372c60e128bb9ede4532fede75de3c5\" style=\"margin-top:0;margin-bottom:0;font-size:0.8em\">(Imagen \u00a9M. Schampion - ADT)<\/p>\n<\/div>\n<\/div>\n\n<div class=\"wp-block-columns alignwide eplus-wrapper is-layout-flex wp-container-core-columns-is-layout-829fdb3e wp-block-columns-is-layout-flex eplus-styles-uid-c49495\" style=\"border-style:none;border-width:0px;border-radius:0px;padding-top:var(--wp--preset--spacing--20);padding-right:var(--wp--preset--spacing--10);padding-bottom:var(--wp--preset--spacing--20);padding-left:var(--wp--preset--spacing--10)\">\n<div class=\"wp-block-column is-vertically-aligned-top eplus-wrapper is-layout-flow wp-block-column-is-layout-flow\" style=\"flex-basis:33.34%\">\n<h4 class=\"wp-block-heading has-text-align-center eplus-wrapper\" style=\"margin-top:0;margin-right:0;margin-bottom:var(--wp--preset--spacing--10);padding-top:0;padding-bottom:0\">49 Castillo de Hohenbourg<\/h4>\n\n\n<figure class=\"is-style-default  wp-block-image aligncenter size-full has-custom-border eplus-wrapper eplus-styles-uid-135982\" style=\"margin-top:0;margin-bottom:0\"><img decoding=\"async\" src=\"https:\/\/forte-cultura.com\/wp-content\/uploads\/50-Wingen-Chateau-de-Hohenbourg-D850601-%C2%A9-INFRA-ADT.jpg\" alt=\"\" class=\"wp-image-3065\" style=\"border-radius:10px;aspect-ratio:16\/9;object-fit:cover\"><figcaption class=\"wp-element-caption\">Ruinas del castillo de Hohenbourg<\/figcaption><\/figure>\n\n\n<p class=\"has-text-align-center eplus-wrapper\" style=\"margin-top:0;margin-bottom:0;font-size:clamp(0.875rem, 0.875rem + ((1vw - 0.2rem) * 0.125), 0.95rem);line-height:1.4\">Al igual que el Fleckenstein, el Hohenbourg tambi\u00e9n sirvi\u00f3 para marcar la frontera con Lorena y para asegurar la Kaiserstra\u00dfe desde Kaiserslautern hasta Haguenau. Un primer castillo fue construido probablemente a finales del siglo XII por una rama de la familia Fleckenstein, que tom\u00f3 el nombre de Hohenbourg, m\u00e1s tarde conocido como Puller von Hohenbourg (mencionado por primera vez en 1263). En 1482, tras la muerte del \u00faltimo heredero, pas\u00f3 a manos de los Sickingen, una poderosa familia del Palatinado. Fran\u00e7ois von Sickingen transform\u00f3 la fortaleza en 1520 para adaptarla a la artiller\u00eda, y entre 1572 y 1575 se realizaron nuevas obras de embellecimiento. El Hohenbourg sirvi\u00f3 entonces de residencia ocasional a la familia Sickingen antes de ser destruido por las tropas de Montclar por orden de Luis XIV en 1680.<\/p>\n\n\n\n<p class=\"has-text-align-center eplus-wrapper\" style=\"margin-top:var(--wp--preset--spacing--10);margin-bottom:0;font-size:0.8rem\">67510 Wingen<\/p>\n\n\n\n<p class=\"has-text-align-center has-contrast-3-color has-text-color has-link-color eplus-wrapper wp-elements-bbc7350b0907ae0d45c60d78ee39fc6e\" style=\"margin-top:0;margin-bottom:0;font-size:0.8rem\">(Imagen \u00a9INFRA - ADT)<\/p>\n<\/div>\n\n\n\n<div class=\"wp-block-column eplus-wrapper is-layout-flow wp-block-column-is-layout-flow\" style=\"flex-basis:33.33%\">\n<h4 class=\"wp-block-heading has-text-align-center eplus-wrapper\" style=\"margin-bottom:var(--wp--preset--spacing--10)\">50 Castillo de Loewenstein<\/h4>\n\n\n<figure class=\"is-style-default  wp-block-image aligncenter size-full has-custom-border eplus-wrapper eplus-styles-uid-135982\" style=\"margin-top:0;margin-bottom:0\"><img decoding=\"async\" src=\"https:\/\/forte-cultura.com\/wp-content\/uploads\/51-Wingen-Chateau-de-Loewenstein-D850499-%C2%A9-INFRA-ADT.jpg\" alt=\"\" class=\"wp-image-3066\" style=\"border-radius:10px;aspect-ratio:16\/9;object-fit:cover\"><figcaption class=\"wp-element-caption\">Ruinas del castillo de Loewenstein<\/figcaption><\/figure>\n\n\n<p class=\"has-text-align-center eplus-wrapper\" style=\"margin-top:0;margin-bottom:0;font-size:clamp(0.875rem, 0.875rem + ((1vw - 0.2rem) * 0.125), 0.95rem);line-height:1.4\">Situado cerca de Hohenbourg, Loewenstein ocupa el saliente sur del Schlossberg, una pared rocosa de arenisca. Data del siglo XII y se menciona por primera vez en 1283, cuando el Schulthei\u00df imperial Otto III von Ochsenstein tom\u00f3 el castillo, ocupado por caballeros que se negaban a reconocer a Rodolfo de Habsburgo. Hacia 1370, el lugar se dividi\u00f3 entre los Ochsenstein y Hans Streuff von Landenberg. En 1386, Hennel y Hans von Bitche, aliados de los Ochsenstein, llevaron a cabo incursiones desde el castillo antes de que \u00e9ste fuera desmantelado por Estrasburgo. Su destrucci\u00f3n final sigue siendo un misterio. Hoy s\u00f3lo quedan algunos restos, pero el lugar ofrece una hermosa vista de los Vosgos del Norte y el Palatinado.<\/p>\n\n\n\n<p class=\"has-text-align-center eplus-wrapper\" style=\"margin-top:var(--wp--preset--spacing--10);margin-bottom:0;font-size:0.8rem\">67510 Wingen<\/p>\n\n\n\n<p class=\"has-text-align-center has-contrast-3-color has-text-color has-link-color eplus-wrapper wp-elements-b4f626102aec054749ba0249e3bd364f\" style=\"margin-top:0;margin-bottom:0;font-size:0.8em\">(Imagen \u00a9INFRA - ADT)<\/p>\n<\/div>\n\n\n\n<div class=\"wp-block-column eplus-wrapper is-layout-flow wp-block-column-is-layout-flow\" style=\"flex-basis:33.33%\">\n<h4 class=\"wp-block-heading has-text-align-center eplus-wrapper\" style=\"margin-bottom:var(--wp--preset--spacing--10)\">51 Castillo de Pflixbourg<\/h4>\n\n\n<figure class=\"is-style-default  wp-block-image aligncenter size-full has-custom-border eplus-wrapper eplus-styles-uid-135982\" style=\"margin-top:0;margin-bottom:0\"><img decoding=\"async\" src=\"https:\/\/forte-cultura.com\/wp-content\/uploads\/52-Wintzenheim-Chateau-du-Pflixbourg-DSC4308-%C2%A9-INFRA-ADT.jpg\" alt=\"\" class=\"wp-image-3067\" style=\"border-radius:10px;aspect-ratio:16\/9;object-fit:cover\"><figcaption class=\"wp-element-caption\">Ruinas del castillo de Pflixbourg<\/figcaption><\/figure>\n\n\n<p class=\"has-text-align-center eplus-wrapper\" style=\"margin-top:0;margin-bottom:0;font-size:clamp(0.875rem, 0.875rem + ((1vw - 0.2rem) * 0.125), 0.95rem);line-height:1.4\">El emplazamiento de Pflixbourg ya estaba habitado en la Edad de Bronce y se repobl\u00f3 en el siglo XIII, mencion\u00e1ndose por primera vez en 1220. A 425 metros sobre el nivel del mar, es una guarnici\u00f3n estrat\u00e9gica entre la llanura y el valle del Fecht. Sirvi\u00f3 de residencia a Conrad Werner von Hattstatt, alguacil imperial, y fue tambi\u00e9n el lugar donde muri\u00f3 su esposa St\u00e9phanie, condesa von Pfirrt. Vendido a Smassmann von Ribeaupierre en 1434, fue destruido posteriormente durante un conflicto. El castillo poligonal cuenta con un torre\u00f3n, viviendas y una cisterna. Declarado monumento hist\u00f3rico en 1968, est\u00e1 asociado a la leyenda de una dama blanca.<\/p>\n\n\n\n<p class=\"has-text-align-center eplus-wrapper\" style=\"margin-top:var(--wp--preset--spacing--10);margin-bottom:0;font-size:0.8rem\">68920 Wintzenheim<br><a href=\"http:\/\/www.tourisme-eguisheim-rouffach.com\" target=\"_blank\" rel=\"noreferrer noopener\">www.tourisme-eguisheim-rouffach.com<\/a><\/p>\n\n\n\n<p class=\"has-text-align-center has-contrast-3-color has-text-color has-link-color eplus-wrapper wp-elements-b4f626102aec054749ba0249e3bd364f\" style=\"margin-top:0;margin-bottom:0;font-size:0.8em\">(Imagen \u00a9INFRA - ADT)<\/p>\n<\/div>\n<\/div>\n\n<div class=\"wp-block-columns alignwide eplus-wrapper is-layout-flex wp-container-core-columns-is-layout-829fdb3e wp-block-columns-is-layout-flex eplus-styles-uid-68fd79\" style=\"border-style:none;border-width:0px;border-radius:0px;padding-top:var(--wp--preset--spacing--20);padding-right:var(--wp--preset--spacing--10);padding-bottom:var(--wp--preset--spacing--20);padding-left:var(--wp--preset--spacing--10)\">\n<div class=\"wp-block-column eplus-wrapper is-layout-flow wp-block-column-is-layout-flow\" style=\"flex-basis:33.34%\">\n<h4 class=\"wp-block-heading has-text-align-center eplus-wrapper\" style=\"margin-bottom:var(--wp--preset--spacing--10)\">52 Castillo de Hohlandsbourg<\/h4>\n\n\n<figure class=\"is-style-default  wp-block-image aligncenter size-full has-custom-border eplus-wrapper eplus-styles-uid-135982\" style=\"margin-top:0;margin-bottom:0\"><img decoding=\"async\" src=\"https:\/\/forte-cultura.com\/wp-content\/uploads\/53-Wintzenheim-Hohlandsbourg-1-%C2%A9-M.-Schampion-ADT.jpg\" alt=\"\" class=\"wp-image-3068\" style=\"border-radius:10px;aspect-ratio:16\/9;object-fit:cover\"><figcaption class=\"wp-element-caption\">Ruinas del castillo de Hohlandsburg<\/figcaption><\/figure>\n\n\n<p class=\"has-text-align-center eplus-wrapper\" style=\"margin-top:0;margin-bottom:0;font-size:clamp(0.875rem, 0.875rem + ((1vw - 0.2rem) * 0.125), 0.95rem);line-height:1.4\">A 620 metros de altitud, el castillo de Hohlandsbourg ofrece una vista panor\u00e1mica de 360\u00b0 de la Selva Negra, la llanura alsaciana y los Vosgos. Construido por los Habsburgo entre los siglos XIII y XVII, es un notable ejemplo de arquitectura militar alsaciana hasta la Guerra de los Treinta A\u00f1os, que provoc\u00f3 su decadencia. Sus altos muros de granito encierran un gran patio interior dominado por el castillo superior. Un recorrido interactivo y l\u00fadico permite a los visitantes descubrir la historia, la organizaci\u00f3n y el desarrollo del recinto desde la Edad de Bronce hasta nuestros d\u00edas.<\/p>\n\n\n\n<p class=\"has-text-align-center eplus-wrapper\" style=\"margin-top:var(--wp--preset--spacing--10);margin-bottom:0;font-size:0.8rem\">68920 Wintzenheim<br><a href=\"http:\/\/www.chateau-hohlandsbourg.com\" target=\"_blank\" rel=\"noreferrer noopener\">www.chateau-hohlandsbourg.com<\/a><\/p>\n\n\n\n<p class=\"has-text-align-center has-contrast-3-color has-text-color has-link-color eplus-wrapper wp-elements-3372c60e128bb9ede4532fede75de3c5\" style=\"margin-top:0;margin-bottom:0;font-size:0.8em\">(Imagen \u00a9M. Schampion - ADT)<\/p>\n<\/div>\n\n\n\n<div class=\"wp-block-column eplus-wrapper is-layout-flow wp-block-column-is-layout-flow\" style=\"flex-basis:33.34%\"><\/div>\n\n\n\n<div class=\"wp-block-column eplus-wrapper is-layout-flow wp-block-column-is-layout-flow\" style=\"flex-basis:33.33%\"><\/div>\n<\/div>\n\n\n<hr class=\"is-style-wide wp-block-separator alignwide has-text-color has-accent-2-color has-alpha-channel-opacity has-accent-2-background-color has-background eplus-wrapper\" style=\"margin-top:var(--wp--preset--spacing--20);margin-bottom:var(--wp--preset--spacing--20)\"\/>\n\n\n\n<p class=\"eplus-wrapper\"><\/p>","protected":false},"excerpt":{"rendered":"<p>La ruta de los castillos y ciudades fortificadas de Alsacia incluye m\u00e1s de 50 lugares. Explore la fascinante historia de Alsacia. Admire rom\u00e1nticas ruinas de castillos, encantadoras ciudades hist\u00f3ricas y maravillosas vistas. Conozca a las personas que dan vida cada d\u00eda a este patrimonio cultural. Sum\u00e9rjase en la historia de Alsacia y d\u00e9jese llevar por la magia de estos lugares cargados de historia.<\/p>","protected":false},"author":1,"featured_media":3251,"comment_status":"open","ping_status":"open","sticky":false,"template":"","format":"standard","meta":{"editor_plus_copied_stylings":"{}","pgc_sgb_lightbox_settings":"","_price":"","_stock":"","_tribe_ticket_header":"","_tribe_default_ticket_provider":"","_tribe_ticket_capacity":"0","_ticket_start_date":"","_ticket_end_date":"","_tribe_ticket_show_description":"","_tribe_ticket_show_not_going":false,"_tribe_ticket_use_global_stock":"","_tribe_ticket_global_stock_level":"","_global_stock_mode":"","_global_stock_cap":"","_tribe_rsvp_for_event":"","_tribe_ticket_going_count":"","_tribe_ticket_not_going_count":"","_tribe_tickets_list":"[]","_tribe_ticket_has_attendee_info_fields":false,"_EventAllDay":false,"_EventTimezone":"","_EventStartDate":"","_EventEndDate":"","_EventStartDateUTC":"","_EventEndDateUTC":"","_EventShowMap":false,"_EventShowMapLink":false,"_EventURL":"","_EventCost":"","_EventCostDescription":"","_EventCurrencySymbol":"","_EventCurrencyCode":"","_EventCurrencyPosition":"","_EventDateTimeSeparator":"","_EventTimeRangeSeparator":"","_EventOrganizerID":[],"_EventVenueID":[],"_OrganizerEmail":"","_OrganizerPhone":"","_OrganizerWebsite":"","_VenueAddress":"","_VenueCity":"","_VenueCountry":"","_VenueProvince":"","_VenueState":"","_VenueZip":"","_VenuePhone":"","_VenueURL":"","_VenueStateProvince":"","_VenueLat":"","_VenueLng":"","_VenueShowMap":false,"_VenueShowMapLink":false,"footnotes":""},"categories":[436,434,17],"tags":[486,497,438],"class_list":["post-3032","post","type-post","status-publish","format-standard","has-post-thumbnail","hentry","category-aktivreisen","category-kultureisen","category-reiseempfehlungen","tag-adt","tag-hoehenburg","tag-reiseempfehlung"],"_links":{"self":[{"href":"https:\/\/forte-cultura.com\/es\/wp-json\/wp\/v2\/posts\/3032","targetHints":{"allow":["GET"]}}],"collection":[{"href":"https:\/\/forte-cultura.com\/es\/wp-json\/wp\/v2\/posts"}],"about":[{"href":"https:\/\/forte-cultura.com\/es\/wp-json\/wp\/v2\/types\/post"}],"author":[{"embeddable":true,"href":"https:\/\/forte-cultura.com\/es\/wp-json\/wp\/v2\/users\/1"}],"replies":[{"embeddable":true,"href":"https:\/\/forte-cultura.com\/es\/wp-json\/wp\/v2\/comments?post=3032"}],"version-history":[{"count":0,"href":"https:\/\/forte-cultura.com\/es\/wp-json\/wp\/v2\/posts\/3032\/revisions"}],"wp:featuredmedia":[{"embeddable":true,"href":"https:\/\/forte-cultura.com\/es\/wp-json\/wp\/v2\/media\/3251"}],"wp:attachment":[{"href":"https:\/\/forte-cultura.com\/es\/wp-json\/wp\/v2\/media?parent=3032"}],"wp:term":[{"taxonomy":"category","embeddable":true,"href":"https:\/\/forte-cultura.com\/es\/wp-json\/wp\/v2\/categories?post=3032"},{"taxonomy":"post_tag","embeddable":true,"href":"https:\/\/forte-cultura.com\/es\/wp-json\/wp\/v2\/tags?post=3032"}],"curies":[{"name":"wp","href":"https:\/\/api.w.org\/{rel}","templated":true}]}}