{"id":2563,"date":"2024-02-14T10:35:07","date_gmt":"2024-02-14T09:35:07","guid":{"rendered":"https:\/\/forte-cultura.com\/?p=2563"},"modified":"2024-02-14T10:35:09","modified_gmt":"2024-02-14T09:35:09","slug":"michele-sanmicheli-1484-1559","status":"publish","type":"post","link":"https:\/\/forte-cultura.com\/es\/michele-sanmicheli-1484-1559\/","title":{"rendered":"Michele Sanmicheli (1484 - 1559)"},"content":{"rendered":"<div class=\"wp-block-columns alignwide eplus-wrapper is-layout-flex wp-container-core-columns-is-layout-28f84493 wp-block-columns-is-layout-flex eplus-styles-uid-746080\">\n<div class=\"wp-block-column eplus-wrapper is-layout-flow wp-block-column-is-layout-flow\">\n<figure class=\"wp-block-image alignleft size-full eplus-wrapper\"><img loading=\"lazy\" decoding=\"async\" width=\"220\" height=\"297\" src=\"https:\/\/forte-cultura.com\/wp-content\/uploads\/sanmicheli.jpg\" alt=\"\" class=\"wp-image-2564\" srcset=\"https:\/\/forte-cultura.com\/wp-content\/uploads\/sanmicheli.jpg 220w, https:\/\/forte-cultura.com\/wp-content\/uploads\/sanmicheli-9x12.jpg 9w, https:\/\/forte-cultura.com\/wp-content\/uploads\/sanmicheli-200x270.jpg 200w\" sizes=\"auto, (max-width: 220px) 100vw, 220px\" \/><\/figure>\n\n\n\n<p class=\"eplus-wrapper translation-block\">Arquitecto de fortalezas italiano<br>Desarrollador de la construcci\u00f3n de fortalezas bastiones de la era moderna<\/p>\n\n\n\n<p class=\"eplus-wrapper\">Sanmicheli fue el maestro constructor de fortalezas m\u00e1s importante de su \u00e9poca. Tras entrar al servicio de la Rep\u00fablica de Venecia en 1528, trabaj\u00f3 en la ampliaci\u00f3n y mejora de casi todas las fortificaciones venecianas. Bajo su direcci\u00f3n se fortific\u00f3 por primera vez el Lido de Venecia y se ampliaron las ciudades fortificadas de Brescia, B\u00e9rgamo y Zadar. <\/p>\n\n\n\n<p class=\"eplus-wrapper\">Sigui\u00f3 trabajando en la construcci\u00f3n de fortalezas en Creta y Corf\u00fa y realiz\u00f3, entre otras cosas, la maravillosa Porta Nuova de Verona.<\/p>\n<\/div>\n<\/div>\n\n\n<p class=\"eplus-wrapper\"><\/p>","protected":false},"excerpt":{"rendered":"<p>Italienischer Festungsbau-Architekt<br \/>\nEntwickler des modernen Bastionsfestungsbaus der Neuzeit<\/p>","protected":false},"author":1,"featured_media":0,"comment_status":"open","ping_status":"open","sticky":false,"template":"","format":"standard","meta":{"editor_plus_copied_stylings":"{}","pgc_sgb_lightbox_settings":"","_price":"","_stock":"","_tribe_ticket_header":"","_tribe_default_ticket_provider":"","_tribe_ticket_capacity":"0","_ticket_start_date":"","_ticket_end_date":"","_tribe_ticket_show_description":"","_tribe_ticket_show_not_going":false,"_tribe_ticket_use_global_stock":"","_tribe_ticket_global_stock_level":"","_global_stock_mode":"","_global_stock_cap":"","_tribe_rsvp_for_event":"","_tribe_ticket_going_count":"","_tribe_ticket_not_going_count":"","_tribe_tickets_list":"[]","_tribe_ticket_has_attendee_info_fields":false,"_EventAllDay":false,"_EventTimezone":"","_EventStartDate":"","_EventEndDate":"","_EventStartDateUTC":"","_EventEndDateUTC":"","_EventShowMap":false,"_EventShowMapLink":false,"_EventURL":"","_EventCost":"","_EventCostDescription":"","_EventCurrencySymbol":"","_EventCurrencyCode":"","_EventCurrencyPosition":"","_EventDateTimeSeparator":"","_EventTimeRangeSeparator":"","_EventOrganizerID":[],"_EventVenueID":[],"_OrganizerEmail":"","_OrganizerPhone":"","_OrganizerWebsite":"","_VenueAddress":"","_VenueCity":"","_VenueCountry":"","_VenueProvince":"","_VenueState":"","_VenueZip":"","_VenuePhone":"","_VenueURL":"","_VenueStateProvince":"","_VenueLat":"","_VenueLng":"","_VenueShowMap":false,"_VenueShowMapLink":false,"footnotes":""},"categories":[474],"tags":[],"class_list":["post-2563","post","type-post","status-publish","format-standard","hentry","category-architekten"],"_links":{"self":[{"href":"https:\/\/forte-cultura.com\/es\/wp-json\/wp\/v2\/posts\/2563","targetHints":{"allow":["GET"]}}],"collection":[{"href":"https:\/\/forte-cultura.com\/es\/wp-json\/wp\/v2\/posts"}],"about":[{"href":"https:\/\/forte-cultura.com\/es\/wp-json\/wp\/v2\/types\/post"}],"author":[{"embeddable":true,"href":"https:\/\/forte-cultura.com\/es\/wp-json\/wp\/v2\/users\/1"}],"replies":[{"embeddable":true,"href":"https:\/\/forte-cultura.com\/es\/wp-json\/wp\/v2\/comments?post=2563"}],"version-history":[{"count":0,"href":"https:\/\/forte-cultura.com\/es\/wp-json\/wp\/v2\/posts\/2563\/revisions"}],"wp:attachment":[{"href":"https:\/\/forte-cultura.com\/es\/wp-json\/wp\/v2\/media?parent=2563"}],"wp:term":[{"taxonomy":"category","embeddable":true,"href":"https:\/\/forte-cultura.com\/es\/wp-json\/wp\/v2\/categories?post=2563"},{"taxonomy":"post_tag","embeddable":true,"href":"https:\/\/forte-cultura.com\/es\/wp-json\/wp\/v2\/tags?post=2563"}],"curies":[{"name":"wp","href":"https:\/\/api.w.org\/{rel}","templated":true}]}}