{"id":2407,"date":"2024-02-07T15:55:13","date_gmt":"2024-02-07T14:55:13","guid":{"rendered":"https:\/\/forte-cultura.com\/?p=2407"},"modified":"2024-02-07T17:17:30","modified_gmt":"2024-02-07T16:17:30","slug":"eventos-musicales-en-monumentos","status":"publish","type":"post","link":"https:\/\/forte-cultura.com\/es\/musikevents-in-monumenten\/","title":{"rendered":"Actos musicales en monumentos"},"content":{"rendered":"<h2 class=\"wp-block-heading alignwide has-custom-farbe-1-color has-text-color has-link-color has-x-large-font-size eplus-wrapper wp-elements-d84493497a59eca1a6d62ca5266fddca\">Antes a prueba de ca\u00f1ones, hoy a prueba de bombas<\/h2>\n\n\n<div class=\"wp-block-columns alignwide eplus-wrapper is-layout-flex wp-container-core-columns-is-layout-28f84493 wp-block-columns-is-layout-flex eplus-styles-uid-a444a5\">\n<div class=\"wp-block-column eplus-wrapper is-layout-flow wp-block-column-is-layout-flow\"><figure class=\"wp-block-image alignright size-large is-resized eplus-wrapper eplus-styles-uid-f32911\"><a href=\"https:\/\/forte-cultura.com\/events\/\"><img loading=\"lazy\" decoding=\"async\" width=\"875\" height=\"1024\" src=\"https:\/\/forte-cultura.com\/wp-content\/uploads\/2023\/11\/logo-EFS_red-875x1024.png\" alt=\"\" class=\"wp-image-263\" style=\"width:226px;height:auto\" srcset=\"https:\/\/forte-cultura.com\/wp-content\/uploads\/2023\/11\/logo-EFS_red-875x1024.png 875w, https:\/\/forte-cultura.com\/wp-content\/uploads\/2023\/11\/logo-EFS_red-256x300.png 256w, https:\/\/forte-cultura.com\/wp-content\/uploads\/2023\/11\/logo-EFS_red-768x899.png 768w, https:\/\/forte-cultura.com\/wp-content\/uploads\/2023\/11\/logo-EFS_red-200x234.png 200w, https:\/\/forte-cultura.com\/wp-content\/uploads\/2023\/11\/logo-EFS_red.png 984w\" sizes=\"auto, (max-width: 875px) 100vw, 875px\" \/><\/a><\/figure>\n\n\n<h3 class=\"wp-block-heading eplus-wrapper\">M\u00fasica cl\u00e1sica en las fortalezas<\/h3>\n\n\n\n<p class=\"eplus-wrapper\">Numerosos festivales ofrecen emocionantes eventos cl\u00e1sicos en un entorno hist\u00f3rico. Destaca el \u201eCiclo Lo mejor de Mozart\u201c en la Fortaleza de Hohensalzburg (AT), con conciertos de c\u00e1mara de cl\u00e1sicos vieneses, cuartetos de cuerda y actuaciones de solistas durante todo el a\u00f1o. Las \u00f3peras, operetas y musicales tambi\u00e9n gozan de gran popularidad en las fortalezas, por ejemplo en el <strong>Wilhelmsburg en la fortaleza federal de Ulm (DE)<\/strong>.<\/p>\n\n\n\n<h3 class=\"wp-block-heading eplus-wrapper\">Festivales de m\u00fasica y conciertos al aire libre<\/h3>\n\n\n\n<p class=\"eplus-wrapper\">Si el \u201eFestival Chanty\u201c de marineros y m\u00fasica marinera en Masuria <strong>Fortaleza de Boyen en Gizycko (PL)<\/strong>, el festival de m\u00fasica hard rock \u201eBrutal Assault\u201c en el foso principal del <strong>ciudad ideal fortificada Josefov (CZ)<\/strong>, El mayor festival de m\u00fasica de Escocia, el \u201eEdinburgh Military Tattoo\u201c (m\u00fasica militar) o el \u201eDimensions Festival\u201c de Fort Punta Christo, en Pula (HR), hay para todos los gustos. <\/p>\n\n\n\n<p class=\"eplus-wrapper\">Los monumentos hist\u00f3ricos de Europa ya han atra\u00eddo a artistas famosos para conciertos al aire libre. Lorde y Marc Almond, por ejemplo, tocaron en el <strong>Fortaleza de San Miguel en Sibenik (HR)<\/strong>, Dieter Bohlen o Rammstein en el <strong>Fortaleza de Ehrenbreitstein en Coblenza (DE)<\/strong> o ZZ-Top, Bryan Adams y James Arthur en el <strong>Ciudadela de Spandau (DE)<\/strong>. <\/p>\n\n\n\n<p class=\"eplus-wrapper\">El \u201ePol'and'Rock Festival\u201c (antes Haltestelle Woodstock), de varios d\u00edas de duraci\u00f3n y con cientos de miles de invitados en la Fortaleza de Kostrzyn (PL), o el Festival de M\u00fasica EXIT en la Fortaleza de Novi Sad (RS) son algunos de los acontecimientos anuales m\u00e1s destacados de la m\u00fasica europea.<\/p>\n\n\n\n<h3 class=\"wp-block-heading eplus-wrapper\">Casetas para fiestas y salones de bodas<\/h3>\n\n\n\n<p class=\"eplus-wrapper\">Si una fiesta en la \u201eFestung Mark\u201c en Magdeburgo (DE), con la <strong>Fuerte Gorgast (DE)<\/strong> alquilar una fortaleza entera para celebraciones, bodas en el Friedrichsburg del <strong>Fortaleza de K\u00f6nigstein (DE)<\/strong> Celebrar, organizar conferencias y eventos en Wilhelmsburg Ulm (DE), los monumentos fortificados ofrecen un amplio abanico de posibilidades para peque\u00f1as y grandes celebraciones en un entorno hist\u00f3rico.<\/p>\n\n\n\n<div class=\"wp-block-kadence-spacer aligncenter kt-block-spacer-2407_55ecfa-3b\"><div class=\"kt-block-spacer kt-block-spacer-halign-center\"><hr class=\"kt-divider\"><\/div><\/div>\n<\/div>\n<\/div>\n\n<div  class=\"ultp-post-grid-block wp-block-ultimate-post-post-grid-1 ultp-block-75ab73 alignwide\"><div class=\"ultp-block-wrapper\"><div class=\"ultp-loading\"><div class=\"ultp-loading-blocks\" style=\"width:100%;height:100%;\"><div style=\"left: 0;top: 0;animation-delay:0s;\"><\/div><div style=\"left: 21px;top: 0;animation-delay:0.125s;\"><\/div><div style=\"left: 42px;top: 0;animation-delay:0.25s;\"><\/div><div style=\"left: 0;top: 21px;animation-delay:0.875s;\"><\/div><div style=\"left: 42px;top: 21px;animation-delay:0.375s;\"><\/div><div style=\"left: 0;top: 42px;animation-delay:0.75s;\"><\/div><div style=\"left: 42px;top: 42px;animation-delay:0.625s;\"><\/div><div style=\"left: 21px;top: 42px;animation-delay:0.5s;\"><\/div><\/div><\/div><div class=\"ultp-heading-filter\"><div class=\"ultp-heading-filter-in\"><div class=\"ultp-heading-wrap ultp-heading-style1 ultp-heading-left\"><h2 class=\"ultp-heading-inner\"><span>Sacudir las fortalezas europeas con FORTE CULTURA<\/span><\/h2><\/div><div class=\"ultp-filter-navigation\"><\/div><\/div><\/div><div class=\"ultp-block-items-wrap ultp-block-row ultp-pg1a-style1 ultp-grid1-responsive ultp-block-column-4 1 ultp-xs-column-1 ultp-layout1\"><div class=\"ultp-block-item post-id-3326\"><div class=\"ultp-block-content-wrap\"><div class=\"ultp-block-image ultp-block-image-opacity\"><a href=\"https:\/\/forte-cultura.com\/es\/daugavpils-lv\/\" ><img decoding=\"async\"  class=\"ultp-block-image-content\"  alt=\"Daugavpils (LV)\"  src=\"https:\/\/forte-cultura.com\/wp-content\/uploads\/DC_Daugavpils.Travel_240530_1-870x570.jpg\" \/><\/a><\/div><div class=\"ultp-block-content\"><h3 class=\"ultp-block-title\"><a href=\"https:\/\/forte-cultura.com\/es\/daugavpils-lv\/\" >Daugavpils (LV)<\/a><\/h3><div class=\"ultp-block-excerpt\"><p>Ciudad ideal fortificada: \u00a1la \u00faltima fortaleza abaluartada terminada del mundo!<\/p>\n<\/div><\/div><\/div><\/div><div class=\"ultp-block-item post-id-701\"><div class=\"ultp-block-content-wrap\"><div class=\"ultp-block-image ultp-block-image-opacity\"><a href=\"https:\/\/forte-cultura.com\/es\/josefov-cz\/\" ><img decoding=\"async\"  class=\"ultp-block-image-content\"  alt=\"Josefov (CZ)\"  src=\"https:\/\/forte-cultura.com\/wp-content\/uploads\/2023\/11\/Jaromer_Josefov-870x570.jpg\" \/><\/a><\/div><div class=\"ultp-block-content\"><h3 class=\"ultp-block-title\"><a href=\"https:\/\/forte-cultura.com\/es\/josefov-cz\/\" >Josefov (CZ)<\/a><\/h3><div class=\"ultp-block-excerpt\"><p>Ciudad ideal fortificada: perla de la construcci\u00f3n de fortalezas de la monarqu\u00eda de KuK<\/p>\n<\/div><\/div><\/div><\/div><div class=\"ultp-block-item post-id-1778\"><div class=\"ultp-block-content-wrap\"><div class=\"ultp-block-image ultp-block-image-opacity\"><a href=\"https:\/\/forte-cultura.com\/es\/koblenz-de-3\/\" ><img decoding=\"async\"  class=\"ultp-block-image-content\"  alt=\"Coblenza Ehrenbreitstein (DE)\"  src=\"https:\/\/forte-cultura.com\/wp-content\/uploads\/Ehrenbreitstein-870x570.jpg\" \/><\/a><\/div><div class=\"ultp-block-content\"><h3 class=\"ultp-block-title\"><a href=\"https:\/\/forte-cultura.com\/es\/koblenz-de-3\/\" >Coblenza Ehrenbreitstein (DE)<\/a><\/h3><div class=\"ultp-block-excerpt\"><p>Fortaleza: Imponente fortaleza frente al Deutsches Eck (DE)<\/p>\n<\/div><\/div><\/div><\/div><div class=\"ultp-block-item post-id-854\"><div class=\"ultp-block-content-wrap\"><div class=\"ultp-block-image ultp-block-image-opacity\"><a href=\"https:\/\/forte-cultura.com\/es\/komarom-hr\/\" ><img decoding=\"async\"  class=\"ultp-block-image-content\"  alt=\"Kom\u00e1rom (HU)\"  src=\"https:\/\/forte-cultura.com\/wp-content\/uploads\/Fort-Monostor-Komarom-870x570.jpg\" \/><\/a><\/div><div class=\"ultp-block-content\"><h3 class=\"ultp-block-title\"><a href=\"https:\/\/forte-cultura.com\/es\/komarom-hr\/\" >Kom\u00e1rom (HU)<\/a><\/h3><div class=\"ultp-block-excerpt\"><p>Fuerte: parte del sistema de fortificaci\u00f3n austro-h\u00fangaro Kom\u00e1rno (SK)\/ Kom\u00e1rom (HU)<\/p>\n<\/div><\/div><\/div><\/div><div class=\"ultp-block-item post-id-909\"><div class=\"ultp-block-content-wrap\"><div class=\"ultp-block-image ultp-block-image-opacity\"><a href=\"https:\/\/forte-cultura.com\/es\/mainz-de\/\" ><img decoding=\"async\"  class=\"ultp-block-image-content\"  alt=\"Ciudadela de Maguncia (DE) Foto mainzplus\"  src=\"https:\/\/forte-cultura.com\/wp-content\/uploads\/Mainz_Foto-mainzplus-870x570.jpg\" \/><\/a><\/div><div class=\"ultp-block-content\"><h3 class=\"ultp-block-title\"><a href=\"https:\/\/forte-cultura.com\/es\/mainz-de\/\" >Maguncia (DE)<\/a><\/h3><div class=\"ultp-block-excerpt\"><p>Sistema de fortalezas: 2.000 a\u00f1os de historia de las fortalezas: de la fortaleza romana a la fortaleza imperial prusiana<\/p>\n<\/div><\/div><\/div><\/div><div class=\"ultp-block-item post-id-1009\"><div class=\"ultp-block-content-wrap\"><div class=\"ultp-block-image ultp-block-image-opacity\"><a href=\"https:\/\/forte-cultura.com\/es\/sibenik-hr\/\" ><img decoding=\"async\"  class=\"ultp-block-image-content\"  alt=\"\u0160ibenik (HR)\"  src=\"https:\/\/forte-cultura.com\/wp-content\/uploads\/Sibenik-St-John-870x570.jpg\" \/><\/a><\/div><div class=\"ultp-block-content\"><h3 class=\"ultp-block-title\"><a href=\"https:\/\/forte-cultura.com\/es\/sibenik-hr\/\" >\u0160ibenik (HR)<\/a><\/h3><div class=\"ultp-block-excerpt\"><p>Fortaleza cultural de \u0160ibenik, fascinante sistema de fortalezas en el mar Adri\u00e1tico<\/p>\n<\/div><\/div><\/div><\/div><div class=\"ultp-block-item post-id-3318\"><div class=\"ultp-block-content-wrap\"><div class=\"ultp-block-image ultp-block-image-opacity\"><a href=\"https:\/\/forte-cultura.com\/es\/suomenlinna-fi\/\" ><img decoding=\"async\"  class=\"ultp-block-image-content\"  alt=\"Fortaleza mar\u00edtima de Suomenlinna\"  src=\"https:\/\/forte-cultura.com\/wp-content\/uploads\/suomenlinna-870x570.jpg\" \/><\/a><\/div><div class=\"ultp-block-content\"><h3 class=\"ultp-block-title\"><a href=\"https:\/\/forte-cultura.com\/es\/suomenlinna-fi\/\" >Suomenlinna (FI)<\/a><\/h3><div class=\"ultp-block-excerpt\"><p>Fortaleza mar\u00edtima de Sveaborg, a las afueras de Helsinki, viva una experiencia \u00fanica en una fortaleza declarada Patrimonio de la Humanidad por la UNESCO<\/p>\n<\/div><\/div><\/div><\/div><div class=\"ultp-block-item post-id-1038\"><div class=\"ultp-block-content-wrap\"><div class=\"ultp-block-image ultp-block-image-opacity\"><a href=\"https:\/\/forte-cultura.com\/es\/torgau-de\/\" ><img decoding=\"async\"  class=\"ultp-block-image-content\"  alt=\"Torgau (DE)\"  src=\"https:\/\/forte-cultura.com\/wp-content\/uploads\/Schloss-Heratenfels-Torgau-DE-870x570.jpg\" \/><\/a><\/div><div class=\"ultp-block-content\"><h3 class=\"ultp-block-title\"><a href=\"https:\/\/forte-cultura.com\/es\/torgau-de\/\" >Torgau (DE)<\/a><\/h3><div class=\"ultp-block-excerpt\"><p>El \u00fanico gran sistema de fortalezas de Sajonia que a\u00fan se conserva en partes; castillo fortificado de Hartenfels<\/p>\n<\/div><\/div><\/div><\/div><div class=\"ultp-block-item post-id-1042\"><div class=\"ultp-block-content-wrap\"><div class=\"ultp-block-image ultp-block-image-opacity\"><a href=\"https:\/\/forte-cultura.com\/es\/ulm-de\/\" ><img decoding=\"async\"  class=\"ultp-block-image-content\"  alt=\"Ulm (DE)\"  src=\"https:\/\/forte-cultura.com\/wp-content\/uploads\/Wilhelmsburg-Ulm-870x570.jpg\" \/><\/a><\/div><div class=\"ultp-block-content\"><h3 class=\"ultp-block-title\"><a href=\"https:\/\/forte-cultura.com\/es\/ulm-de\/\" >Ulm (DE)<\/a><\/h3><div class=\"ultp-block-excerpt\"><p>Sistema de fortalezas: una de las mayores fortificaciones de Europa con un variado programa de experiencias en el Danubio<\/p>\n<\/div><\/div><\/div><\/div><\/div><div class=\"ultp-pagination-wrap ultp-pagination-ajax-action\" data-paged=\"1\" data-expost=\"\"  data-blockid=\"75ab73\" data-postid=\"2407\" data-pages=\"1\" data-blockname=\"ultimate-post_post-grid-1\" data-selfpostid=\"yes\"><\/div><\/div><div class=\"pagination-block-html\" aria-hidden=\"true\" style=\"display: none;\"><\/div><\/div>\n\n<div class=\"wp-block-columns alignwide eplus-wrapper is-layout-flex wp-container-core-columns-is-layout-28f84493 wp-block-columns-is-layout-flex eplus-styles-uid-2a3e15\">\n<div class=\"wp-block-column eplus-wrapper is-layout-flow wp-block-column-is-layout-flow\">\n<div class=\"wp-block-kadence-spacer aligncenter kt-block-spacer-2407_bf4ad9-e5\"><div class=\"kt-block-spacer kt-block-spacer-halign-center\"><hr class=\"kt-divider\"><\/div><\/div>\n\n\n\n<p class=\"eplus-wrapper\"><a href=\"https:\/\/forte-cultura.com\/events\/forte-cultura-erlebniswelt\/\" data-type=\"page\" data-id=\"2256\">FORTE CULTURA mundo de experiencias<\/a><\/p>\n\n\n\n<hr class=\"is-style-wide wp-block-separator aligncenter has-text-color has-custom-farbe-1-color has-alpha-channel-opacity has-custom-farbe-1-background-color has-background eplus-wrapper\" style=\"margin-top:var(--wp--preset--spacing--10);margin-bottom:var(--wp--preset--spacing--10)\">\n\n\n<div id=\"mega-menu-wrap-max_mega_menu_3\" class=\"mega-menu-wrap\"><div class=\"mega-menu-toggle\"><div class=\"mega-toggle-blocks-left\"><\/div><div class=\"mega-toggle-blocks-center\"><\/div><div class=\"mega-toggle-blocks-right\"><div class=\"mega-toggle-block mega-menu-toggle-animated-block mega-toggle-block-0\" id=\"mega-toggle-block-0\"><button aria-controls=\"mega-menu-max_mega_menu_3\" aria-expanded=\"false\" aria-haspopup=\"true\" aria-label=\"Men\u00fa alternativo\" class=\"mega-toggle-animated mega-toggle-animated-slider\" type=\"button\">\n                  <span class=\"mega-toggle-animated-box\">\n                    <span class=\"mega-toggle-animated-inner\"><\/span>\n                  <\/span>\n                <\/button><\/div><\/div><\/div><ul id=\"mega-menu-max_mega_menu_3\" class=\"mega-menu max-mega-menu mega-menu-horizontal mega-no-js\" data-event=\"hover_intent\" data-effect=\"fade_up\" data-effect-speed=\"200\" data-effect-mobile=\"disabled\" data-effect-speed-mobile=\"0\" data-mobile-force-width=\"false\" data-second-click=\"go\" data-document-click=\"collapse\" data-vertical-behaviour=\"standard\" data-breakpoint=\"768\" data-unbind=\"true\" data-mobile-state=\"collapse_all\" data-mobile-direction=\"vertical\"><li class=\"mega-menu-item mega-menu-item-type-post_type mega-menu-item-object-post mega-align-bottom-left mega-menu-flyout mega-menu-item-2436\" id=\"mega-menu-item-2436\"><a class=\"mega-menu-link\" href=\"https:\/\/forte-cultura.com\/es\/familie-und-kinder\/\">Familia e hijos<\/a><\/li><li class=\"mega-menu-item mega-menu-item-type-post_type mega-menu-item-object-post mega-align-bottom-left mega-menu-flyout mega-menu-item-2431\" id=\"mega-menu-item-2431\"><a class=\"mega-menu-link\" href=\"https:\/\/forte-cultura.com\/es\/gedenkstaetten-und-mahnmale\/\">Conmemoraciones y memoriales<\/a><\/li><li class=\"mega-menu-item mega-menu-item-type-post_type mega-menu-item-object-post mega-align-bottom-left mega-menu-flyout mega-menu-item-2586\" id=\"mega-menu-item-2586\"><a class=\"mega-menu-link\" href=\"https:\/\/forte-cultura.com\/es\/geheime-architekturen\/\">Arquitecturas secretas<\/a><\/li><li class=\"mega-menu-item mega-menu-item-type-post_type mega-menu-item-object-post mega-align-bottom-left mega-menu-flyout mega-menu-item-2432\" id=\"mega-menu-item-2432\"><a class=\"mega-menu-link\" href=\"https:\/\/forte-cultura.com\/es\/militaergeschichte-erleben\/\">Vivir la historia militar<\/a><\/li><li class=\"mega-menu-item mega-menu-item-type-post_type mega-menu-item-object-post mega-align-bottom-left mega-menu-flyout mega-menu-item-2434\" id=\"mega-menu-item-2434\"><a class=\"mega-menu-link\" href=\"https:\/\/forte-cultura.com\/es\/museen-und-ausstellungen\/\">Museos y exposiciones<\/a><\/li><li class=\"mega-menu-item mega-menu-item-type-post_type mega-menu-item-object-post mega-align-bottom-left mega-menu-flyout mega-menu-item-2430\" id=\"mega-menu-item-2430\"><a class=\"mega-menu-link\" href=\"https:\/\/forte-cultura.com\/es\/musikevents-in-monumenten\/\">Actos musicales en monumentos<\/a><\/li><li class=\"mega-menu-item mega-menu-item-type-post_type mega-menu-item-object-post mega-align-bottom-left mega-menu-flyout mega-menu-item-2433\" id=\"mega-menu-item-2433\"><a class=\"mega-menu-link\" href=\"https:\/\/forte-cultura.com\/es\/natur-erleben-parks-und-gaerten\/\">Naturaleza, parques y jardines<\/a><\/li><li class=\"mega-menu-item mega-menu-item-type-post_type mega-menu-item-object-post mega-align-bottom-left mega-menu-flyout mega-menu-item-2435\" id=\"mega-menu-item-2435\"><a class=\"mega-menu-link\" href=\"https:\/\/forte-cultura.com\/es\/residieren-geniessen\/\">Residir y disfrutar<\/a><\/li><li class=\"mega-menu-item mega-menu-item-type-post_type mega-menu-item-object-post mega-align-bottom-left mega-menu-flyout mega-menu-item-2580\" id=\"mega-menu-item-2580\"><a class=\"mega-menu-link\" href=\"https:\/\/forte-cultura.com\/es\/sport\/\">Deporte<\/a><\/li><\/ul><\/div><\/div>\n<\/div>","protected":false},"excerpt":{"rendered":"<p>Fr\u00fcher kanonensicher &#8211; heute Bombenstimmung Klassik in Festungen Begeisternde Klassikevents in historischer Kulisse werden von vielen Eventfestungen angeboten. Highlights sind dabei sicher die \u201eBest of Mozart Serien\u201c auf der Festung [&hellip;]<\/p>\n","protected":false},"author":1,"featured_media":2421,"comment_status":"open","ping_status":"open","sticky":false,"template":"","format":"standard","meta":{"editor_plus_copied_stylings":"{}","pgc_sgb_lightbox_settings":"","_price":"","_stock":"","_tribe_ticket_header":"","_tribe_default_ticket_provider":"","_tribe_ticket_capacity":"0","_ticket_start_date":"","_ticket_end_date":"","_tribe_ticket_show_description":"","_tribe_ticket_show_not_going":false,"_tribe_ticket_use_global_stock":"","_tribe_ticket_global_stock_level":"","_global_stock_mode":"","_global_stock_cap":"","_tribe_rsvp_for_event":"","_tribe_ticket_going_count":"","_tribe_ticket_not_going_count":"","_tribe_tickets_list":"[]","_tribe_ticket_has_attendee_info_fields":false,"_EventAllDay":false,"_EventTimezone":"","_EventStartDate":"","_EventEndDate":"","_EventStartDateUTC":"","_EventEndDateUTC":"","_EventShowMap":false,"_EventShowMapLink":false,"_EventURL":"","_EventCost":"","_EventCostDescription":"","_EventCurrencySymbol":"","_EventCurrencyCode":"","_EventCurrencyPosition":"","_EventDateTimeSeparator":"","_EventTimeRangeSeparator":"","_EventOrganizerID":[],"_EventVenueID":[],"_OrganizerEmail":"","_OrganizerPhone":"","_OrganizerWebsite":"","_VenueAddress":"","_VenueCity":"","_VenueCountry":"","_VenueProvince":"","_VenueState":"","_VenueZip":"","_VenuePhone":"","_VenueURL":"","_VenueStateProvince":"","_VenueLat":"","_VenueLng":"","_VenueShowMap":false,"_VenueShowMapLink":false,"footnotes":""},"categories":[459],"tags":[],"class_list":["post-2407","post","type-post","status-publish","format-standard","has-post-thumbnail","hentry","category-erlebniswelt"],"_links":{"self":[{"href":"https:\/\/forte-cultura.com\/es\/wp-json\/wp\/v2\/posts\/2407","targetHints":{"allow":["GET"]}}],"collection":[{"href":"https:\/\/forte-cultura.com\/es\/wp-json\/wp\/v2\/posts"}],"about":[{"href":"https:\/\/forte-cultura.com\/es\/wp-json\/wp\/v2\/types\/post"}],"author":[{"embeddable":true,"href":"https:\/\/forte-cultura.com\/es\/wp-json\/wp\/v2\/users\/1"}],"replies":[{"embeddable":true,"href":"https:\/\/forte-cultura.com\/es\/wp-json\/wp\/v2\/comments?post=2407"}],"version-history":[{"count":0,"href":"https:\/\/forte-cultura.com\/es\/wp-json\/wp\/v2\/posts\/2407\/revisions"}],"wp:featuredmedia":[{"embeddable":true,"href":"https:\/\/forte-cultura.com\/es\/wp-json\/wp\/v2\/media\/2421"}],"wp:attachment":[{"href":"https:\/\/forte-cultura.com\/es\/wp-json\/wp\/v2\/media?parent=2407"}],"wp:term":[{"taxonomy":"category","embeddable":true,"href":"https:\/\/forte-cultura.com\/es\/wp-json\/wp\/v2\/categories?post=2407"},{"taxonomy":"post_tag","embeddable":true,"href":"https:\/\/forte-cultura.com\/es\/wp-json\/wp\/v2\/tags?post=2407"}],"curies":[{"name":"wp","href":"https:\/\/api.w.org\/{rel}","templated":true}]}}