{"id":2354,"date":"2024-02-05T16:32:19","date_gmt":"2024-02-05T15:32:19","guid":{"rendered":"https:\/\/forte-cultura.com\/?p=2354"},"modified":"2024-02-07T17:16:33","modified_gmt":"2024-02-07T16:16:33","slug":"experimentar-la-historia-militar","status":"publish","type":"post","link":"https:\/\/forte-cultura.com\/es\/militaergeschichte-erleben\/","title":{"rendered":"Vivir la historia militar"},"content":{"rendered":"<h2 class=\"wp-block-heading alignwide has-custom-farbe-1-color has-text-color has-link-color has-large-font-size eplus-wrapper wp-elements-7f392bfc6c05a75d50b29603489f7624\">Grandes batallas, vivacs y vida de los soldados<\/h2>\n\n\n<div class=\"wp-block-columns alignwide eplus-wrapper is-layout-flex wp-container-core-columns-is-layout-28f84493 wp-block-columns-is-layout-flex eplus-styles-uid-b7508c\">\n<div class=\"wp-block-column eplus-wrapper is-layout-flow wp-block-column-is-layout-flow\">\n<p class=\"eplus-wrapper\">Uniformes coloridos, armas hist\u00f3ricas, caballer\u00eda, artiller\u00eda, espadas y lanzas, arcos y flechas: casi todas las \u00e9pocas han visto conflictos militares en edificios fortificados, que a\u00fan hoy tienen muchos aficionados.<\/p>\n\n\n\n<p class=\"eplus-wrapper\">Asedios y batallas enteras son recreados de forma art\u00edstica o marcial por miles de protagonistas. Ya sea la defensa de la <strong>La ideal ciudad fortaleza de Palmanova<\/strong> (IT) contra los invasores Habsburgo, la \u201eBatalla del <strong>Ciudad fortaleza de Stralsund<\/strong>\u201c (DE) durante el \u201eWallensteintage\u201c anual o el asedio del <strong>Fortaleza alpina Bard<\/strong> (IT) de Napole\u00f3n.<\/p>\n\n\n\n<p class=\"eplus-wrapper\">En <strong>Fortaleza de K\u00f6nigstein (Sajonia, DE)<\/strong> es asediada por los suecos y los truenos de los ca\u00f1ones retumban desde la fortaleza de la monta\u00f1a al otro lado del Elba. En el <strong>ciudad ideal fortificada de Daugavpils (LV)<\/strong> Napole\u00f3n (1814) se enfrenta a los rusos, que <strong>La ciudad fortaleza ideal de Terez\u00edn (CZ)<\/strong> es escenario cada a\u00f1o de la mayor recreaci\u00f3n del siglo XVIII en Europa. <\/p>\n\n\n\n<p class=\"eplus-wrapper\">En el <strong>Fortaleza de Boyen en Gizycko (PL)<\/strong> impresionantemente escenificadas de la Primera Guerra Mundial y la <strong>Castillo de Eger (HU)<\/strong> desaf\u00eda cada a\u00f1o la tormenta de los turcos (1552).<\/p>\n\n\n\n<div class=\"wp-block-kadence-spacer aligncenter kt-block-spacer-2354_59cf72-1a\"><div class=\"kt-block-spacer kt-block-spacer-halign-center\"><hr class=\"kt-divider\"><\/div><\/div>\n<\/div>\n<\/div>\n\n<div  class=\"ultp-post-grid-block wp-block-ultimate-post-post-grid-1 ultp-block-dfcbe3 alignwide\"><div class=\"ultp-block-wrapper\"><div class=\"ultp-loading\"><div class=\"ultp-loading-blocks\" style=\"width:100%;height:100%;\"><div style=\"left: 0;top: 0;animation-delay:0s;\"><\/div><div style=\"left: 21px;top: 0;animation-delay:0.125s;\"><\/div><div style=\"left: 42px;top: 0;animation-delay:0.25s;\"><\/div><div style=\"left: 0;top: 21px;animation-delay:0.875s;\"><\/div><div style=\"left: 42px;top: 21px;animation-delay:0.375s;\"><\/div><div style=\"left: 0;top: 42px;animation-delay:0.75s;\"><\/div><div style=\"left: 42px;top: 42px;animation-delay:0.625s;\"><\/div><div style=\"left: 21px;top: 42px;animation-delay:0.5s;\"><\/div><\/div><\/div><div class=\"ultp-heading-filter\"><div class=\"ultp-heading-filter-in\"><div class=\"ultp-heading-wrap ultp-heading-style1 ultp-heading-left\"><h2 class=\"ultp-heading-inner\"><span>Sum\u00e9rjase en batallas hist\u00f3ricas con FORTE CULTURA<\/span><\/h2><\/div><div class=\"ultp-filter-navigation\"><\/div><\/div><\/div><div class=\"ultp-block-items-wrap ultp-block-row ultp-pg1a-style1 ultp-grid1-responsive ultp-block-column-4 1 ultp-xs-column-1 ultp-layout1\"><div class=\"ultp-block-item post-id-2659\"><div class=\"ultp-block-content-wrap\"><div class=\"ultp-block-image ultp-block-image-opacity\"><a href=\"https:\/\/forte-cultura.com\/es\/bard-it\/\" ><img decoding=\"async\"  class=\"ultp-block-image-content\"  alt=\"Bard (IT)\"  src=\"https:\/\/forte-cultura.com\/wp-content\/uploads\/ForteDiBard_Hagai-Agmon-Snir-web-870x570.jpg\" \/><\/a><\/div><div class=\"ultp-block-content\"><h3 class=\"ultp-block-title\"><a href=\"https:\/\/forte-cultura.com\/es\/bard-it\/\" >Bard (IT)<\/a><\/h3><div class=\"ultp-block-excerpt\"><p>Baluarte a la entrada del Aostetal - obra maestra de la construcci\u00f3n de fortalezas a principios del siglo XIX.<\/p>\n<\/div><\/div><\/div><\/div><div class=\"ultp-block-item post-id-3326\"><div class=\"ultp-block-content-wrap\"><div class=\"ultp-block-image ultp-block-image-opacity\"><a href=\"https:\/\/forte-cultura.com\/es\/daugavpils-lv\/\" ><img decoding=\"async\"  class=\"ultp-block-image-content\"  alt=\"Daugavpils (LV)\"  src=\"https:\/\/forte-cultura.com\/wp-content\/uploads\/DC_Daugavpils.Travel_240530_1-870x570.jpg\" \/><\/a><\/div><div class=\"ultp-block-content\"><h3 class=\"ultp-block-title\"><a href=\"https:\/\/forte-cultura.com\/es\/daugavpils-lv\/\" >Daugavpils (LV)<\/a><\/h3><div class=\"ultp-block-excerpt\"><p>Ciudad ideal fortificada: \u00a1la \u00faltima fortaleza abaluartada terminada del mundo!<\/p>\n<\/div><\/div><\/div><\/div><div class=\"ultp-block-item post-id-610\"><div class=\"ultp-block-content-wrap\"><div class=\"ultp-block-image ultp-block-image-opacity\"><a href=\"https:\/\/forte-cultura.com\/es\/gizycko-pl\/\" ><img decoding=\"async\"  class=\"ultp-block-image-content\"  alt=\"Gizycko (PL)\"  src=\"https:\/\/forte-cultura.com\/wp-content\/uploads\/2023\/11\/feste-boyen_Gizycko-\u00a9hotelmasovia-870x570.jpg\" \/><\/a><\/div><div class=\"ultp-block-content\"><h3 class=\"ultp-block-title\"><a href=\"https:\/\/forte-cultura.com\/es\/gizycko-pl\/\" >Gizycko (PL)<\/a><\/h3><div class=\"ultp-block-excerpt\"><p>Sistema de fortalezas: arquitectura prusiana de fortalezas en el coraz\u00f3n de la regi\u00f3n de los lagos de Masuria<\/p>\n<\/div><\/div><\/div><\/div><div class=\"ultp-block-item post-id-854\"><div class=\"ultp-block-content-wrap\"><div class=\"ultp-block-image ultp-block-image-opacity\"><a href=\"https:\/\/forte-cultura.com\/es\/komarom-hr\/\" ><img decoding=\"async\"  class=\"ultp-block-image-content\"  alt=\"Kom\u00e1rom (HU)\"  src=\"https:\/\/forte-cultura.com\/wp-content\/uploads\/Fort-Monostor-Komarom-870x570.jpg\" \/><\/a><\/div><div class=\"ultp-block-content\"><h3 class=\"ultp-block-title\"><a href=\"https:\/\/forte-cultura.com\/es\/komarom-hr\/\" >Kom\u00e1rom (HU)<\/a><\/h3><div class=\"ultp-block-excerpt\"><p>Fuerte: parte del sistema de fortificaci\u00f3n austro-h\u00fangaro Kom\u00e1rno (SK)\/ Kom\u00e1rom (HU)<\/p>\n<\/div><\/div><\/div><\/div><div class=\"ultp-block-item post-id-804\"><div class=\"ultp-block-content-wrap\"><div class=\"ultp-block-image ultp-block-image-opacity\"><a href=\"https:\/\/forte-cultura.com\/es\/koenigstein-sachsen-de\/\" ><img decoding=\"async\"  class=\"ultp-block-image-content\"  alt=\"Fortaleza de K\u00f6nigstein, Sajonia (DE) \u00a9fotofestival-sandstein\"  src=\"https:\/\/forte-cultura.com\/wp-content\/uploads\/Koenigstein-westansicht\u00a9fotofestival-piedra-arena-870x570.jpg\" \/><\/a><\/div><div class=\"ultp-block-content\"><h3 class=\"ultp-block-title\"><a href=\"https:\/\/forte-cultura.com\/es\/koenigstein-sachsen-de\/\" >K\u00f6nigstein, Sajonia (DE)<\/a><\/h3><div class=\"ultp-block-excerpt\"><p>Fortaleza: Una de las fortalezas de monta\u00f1a m\u00e1s bellas y poderosas de Europa<\/p>\n<\/div><\/div><\/div><\/div><div class=\"ultp-block-item post-id-3310\"><div class=\"ultp-block-content-wrap\"><div class=\"ultp-block-image ultp-block-image-opacity\"><a href=\"https:\/\/forte-cultura.com\/es\/fort-prusy-nysa-pl\/\" ><img decoding=\"async\"  class=\"ultp-block-image-content\"  alt=\"Nysa (PL)\"  src=\"https:\/\/forte-cultura.com\/wp-content\/uploads\/Fort-Prusy-870x570.jpg\" \/><\/a><\/div><div class=\"ultp-block-content\"><h3 class=\"ultp-block-title\"><a href=\"https:\/\/forte-cultura.com\/es\/fort-prusy-nysa-pl\/\" >Nysa (PL)<\/a><\/h3><div class=\"ultp-block-excerpt\"><p>Historia azarosa (de fortalezas) en Alta Silesia - parte del antiguo sistema prusiano de fortificaciones Neisse<\/p>\n<\/div><\/div><\/div><\/div><div class=\"ultp-block-item post-id-1015\"><div class=\"ultp-block-content-wrap\"><div class=\"ultp-block-image ultp-block-image-opacity\"><a href=\"https:\/\/forte-cultura.com\/es\/srebrna-gora-pl\/\" ><img decoding=\"async\"  class=\"ultp-block-image-content\"  alt=\"Srebrna G\u00f3ra (PL)\"  src=\"https:\/\/forte-cultura.com\/wp-content\/uploads\/Srebrna-Gora-870x570.jpg\" \/><\/a><\/div><div class=\"ultp-block-content\"><h3 class=\"ultp-block-title\"><a href=\"https:\/\/forte-cultura.com\/es\/srebrna-gora-pl\/\" >Srebrna G\u00f3ra (PL)<\/a><\/h3><div class=\"ultp-block-excerpt\"><p>Sistema de fortalezas: Parque Nacional de Polonia - fortaleza cultural en los Montes B\u00fahos de Silesia<\/p>\n<\/div><\/div><\/div><\/div><div class=\"ultp-block-item post-id-1035\"><div class=\"ultp-block-content-wrap\"><div class=\"ultp-block-image ultp-block-image-opacity\"><a href=\"https:\/\/forte-cultura.com\/es\/terezin-cz\/\" ><img decoding=\"async\"  class=\"ultp-block-image-content\"  alt=\"Terez\u00edn (CZ)\"  src=\"https:\/\/forte-cultura.com\/wp-content\/uploads\/Terezin-870x570.jpg\" \/><\/a><\/div><div class=\"ultp-block-content\"><h3 class=\"ultp-block-title\"><a href=\"https:\/\/forte-cultura.com\/es\/terezin-cz\/\" >Terez\u00edn (CZ)<\/a><\/h3><div class=\"ultp-block-excerpt\"><p>Ciudad ideal fortificada: obra maestra de la arquitectura de fortalezas, fortaleza hist\u00f3rica del Elba y monumento conmemorativo de la Segunda Guerra Mundial.<\/p>\n<\/div><\/div><\/div><\/div><\/div><div class=\"ultp-pagination-wrap ultp-pagination-ajax-action\" data-paged=\"1\" data-expost=\"\"  data-blockid=\"dfcbe3\" data-postid=\"2354\" data-pages=\"1\" data-blockname=\"ultimate-post_post-grid-1\" data-selfpostid=\"yes\"><\/div><\/div><div class=\"pagination-block-html\" aria-hidden=\"true\" style=\"display: none;\"><\/div><\/div>\n\n<div class=\"wp-block-columns alignwide eplus-wrapper is-layout-flex wp-container-core-columns-is-layout-28f84493 wp-block-columns-is-layout-flex eplus-styles-uid-742dfa\">\n<div class=\"wp-block-column eplus-wrapper is-layout-flow wp-block-column-is-layout-flow\">\n<div class=\"wp-block-kadence-spacer aligncenter kt-block-spacer-2354_9f282a-64\"><div class=\"kt-block-spacer kt-block-spacer-halign-center\"><hr class=\"kt-divider\"><\/div><\/div>\n\n\n\n<p class=\"eplus-wrapper\"><a href=\"https:\/\/forte-cultura.com\/events\/forte-cultura-erlebniswelt\/\" data-type=\"page\" data-id=\"2256\">FORTE CULTURA mundo de experiencias<\/a><\/p>\n\n\n\n<hr class=\"is-style-wide wp-block-separator aligncenter has-text-color has-custom-farbe-1-color has-alpha-channel-opacity has-custom-farbe-1-background-color has-background eplus-wrapper\" style=\"margin-top:var(--wp--preset--spacing--10);margin-bottom:var(--wp--preset--spacing--10)\">\n\n\n<div id=\"mega-menu-wrap-max_mega_menu_3\" class=\"mega-menu-wrap\"><div class=\"mega-menu-toggle\"><div class=\"mega-toggle-blocks-left\"><\/div><div class=\"mega-toggle-blocks-center\"><\/div><div class=\"mega-toggle-blocks-right\"><div class=\"mega-toggle-block mega-menu-toggle-animated-block mega-toggle-block-0\" id=\"mega-toggle-block-0\"><button aria-controls=\"mega-menu-max_mega_menu_3\" aria-expanded=\"false\" aria-haspopup=\"true\" aria-label=\"Men\u00fa alternativo\" class=\"mega-toggle-animated mega-toggle-animated-slider\" type=\"button\">\n                  <span class=\"mega-toggle-animated-box\">\n                    <span class=\"mega-toggle-animated-inner\"><\/span>\n                  <\/span>\n                <\/button><\/div><\/div><\/div><ul id=\"mega-menu-max_mega_menu_3\" class=\"mega-menu max-mega-menu mega-menu-horizontal mega-no-js\" data-event=\"hover_intent\" data-effect=\"fade_up\" data-effect-speed=\"200\" data-effect-mobile=\"disabled\" data-effect-speed-mobile=\"0\" data-mobile-force-width=\"false\" data-second-click=\"go\" data-document-click=\"collapse\" data-vertical-behaviour=\"standard\" data-breakpoint=\"768\" data-unbind=\"true\" data-mobile-state=\"collapse_all\" data-mobile-direction=\"vertical\"><li class=\"mega-menu-item mega-menu-item-type-post_type mega-menu-item-object-post mega-align-bottom-left mega-menu-flyout mega-menu-item-2436\" id=\"mega-menu-item-2436\"><a class=\"mega-menu-link\" href=\"https:\/\/forte-cultura.com\/es\/familie-und-kinder\/\">Familia e hijos<\/a><\/li><li class=\"mega-menu-item mega-menu-item-type-post_type mega-menu-item-object-post mega-align-bottom-left mega-menu-flyout mega-menu-item-2431\" id=\"mega-menu-item-2431\"><a class=\"mega-menu-link\" href=\"https:\/\/forte-cultura.com\/es\/gedenkstaetten-und-mahnmale\/\">Conmemoraciones y memoriales<\/a><\/li><li class=\"mega-menu-item mega-menu-item-type-post_type mega-menu-item-object-post mega-align-bottom-left mega-menu-flyout mega-menu-item-2586\" id=\"mega-menu-item-2586\"><a class=\"mega-menu-link\" href=\"https:\/\/forte-cultura.com\/es\/geheime-architekturen\/\">Arquitecturas secretas<\/a><\/li><li class=\"mega-menu-item mega-menu-item-type-post_type mega-menu-item-object-post mega-align-bottom-left mega-menu-flyout mega-menu-item-2432\" id=\"mega-menu-item-2432\"><a class=\"mega-menu-link\" href=\"https:\/\/forte-cultura.com\/es\/militaergeschichte-erleben\/\">Vivir la historia militar<\/a><\/li><li class=\"mega-menu-item mega-menu-item-type-post_type mega-menu-item-object-post mega-align-bottom-left mega-menu-flyout mega-menu-item-2434\" id=\"mega-menu-item-2434\"><a class=\"mega-menu-link\" href=\"https:\/\/forte-cultura.com\/es\/museen-und-ausstellungen\/\">Museos y exposiciones<\/a><\/li><li class=\"mega-menu-item mega-menu-item-type-post_type mega-menu-item-object-post mega-align-bottom-left mega-menu-flyout mega-menu-item-2430\" id=\"mega-menu-item-2430\"><a class=\"mega-menu-link\" href=\"https:\/\/forte-cultura.com\/es\/musikevents-in-monumenten\/\">Actos musicales en monumentos<\/a><\/li><li class=\"mega-menu-item mega-menu-item-type-post_type mega-menu-item-object-post mega-align-bottom-left mega-menu-flyout mega-menu-item-2433\" id=\"mega-menu-item-2433\"><a class=\"mega-menu-link\" href=\"https:\/\/forte-cultura.com\/es\/natur-erleben-parks-und-gaerten\/\">Naturaleza, parques y jardines<\/a><\/li><li class=\"mega-menu-item mega-menu-item-type-post_type mega-menu-item-object-post mega-align-bottom-left mega-menu-flyout mega-menu-item-2435\" id=\"mega-menu-item-2435\"><a class=\"mega-menu-link\" href=\"https:\/\/forte-cultura.com\/es\/residieren-geniessen\/\">Residir y disfrutar<\/a><\/li><li class=\"mega-menu-item mega-menu-item-type-post_type mega-menu-item-object-post mega-align-bottom-left mega-menu-flyout mega-menu-item-2580\" id=\"mega-menu-item-2580\"><a class=\"mega-menu-link\" href=\"https:\/\/forte-cultura.com\/es\/sport\/\">Deporte<\/a><\/li><\/ul><\/div><\/div>\n<\/div>","protected":false},"excerpt":{"rendered":"<p>Gro\u00dfe Schlachten, Biwaks und Soldatenleben Bunte Uniformen, historische Waffen, Kavallerie, Artillerie, Schwert und Lanze, Pfeil und Bogen \u2013 fast in jeder Epoche gab es kriegerische Auseinandersetzungen um befestigte Bauwerke, die [&hellip;]<\/p>\n","protected":false},"author":1,"featured_media":2356,"comment_status":"open","ping_status":"open","sticky":false,"template":"","format":"standard","meta":{"editor_plus_copied_stylings":"{}","pgc_sgb_lightbox_settings":"","_price":"","_stock":"","_tribe_ticket_header":"","_tribe_default_ticket_provider":"","_tribe_ticket_capacity":"0","_ticket_start_date":"","_ticket_end_date":"","_tribe_ticket_show_description":"","_tribe_ticket_show_not_going":false,"_tribe_ticket_use_global_stock":"","_tribe_ticket_global_stock_level":"","_global_stock_mode":"","_global_stock_cap":"","_tribe_rsvp_for_event":"","_tribe_ticket_going_count":"","_tribe_ticket_not_going_count":"","_tribe_tickets_list":"[]","_tribe_ticket_has_attendee_info_fields":false,"_EventAllDay":false,"_EventTimezone":"","_EventStartDate":"","_EventEndDate":"","_EventStartDateUTC":"","_EventEndDateUTC":"","_EventShowMap":false,"_EventShowMapLink":false,"_EventURL":"","_EventCost":"","_EventCostDescription":"","_EventCurrencySymbol":"","_EventCurrencyCode":"","_EventCurrencyPosition":"","_EventDateTimeSeparator":"","_EventTimeRangeSeparator":"","_EventOrganizerID":[],"_EventVenueID":[],"_OrganizerEmail":"","_OrganizerPhone":"","_OrganizerWebsite":"","_VenueAddress":"","_VenueCity":"","_VenueCountry":"","_VenueProvince":"","_VenueState":"","_VenueZip":"","_VenuePhone":"","_VenueURL":"","_VenueStateProvince":"","_VenueLat":"","_VenueLng":"","_VenueShowMap":false,"_VenueShowMapLink":false,"footnotes":""},"categories":[459],"tags":[],"class_list":["post-2354","post","type-post","status-publish","format-standard","has-post-thumbnail","hentry","category-erlebniswelt"],"_links":{"self":[{"href":"https:\/\/forte-cultura.com\/es\/wp-json\/wp\/v2\/posts\/2354","targetHints":{"allow":["GET"]}}],"collection":[{"href":"https:\/\/forte-cultura.com\/es\/wp-json\/wp\/v2\/posts"}],"about":[{"href":"https:\/\/forte-cultura.com\/es\/wp-json\/wp\/v2\/types\/post"}],"author":[{"embeddable":true,"href":"https:\/\/forte-cultura.com\/es\/wp-json\/wp\/v2\/users\/1"}],"replies":[{"embeddable":true,"href":"https:\/\/forte-cultura.com\/es\/wp-json\/wp\/v2\/comments?post=2354"}],"version-history":[{"count":0,"href":"https:\/\/forte-cultura.com\/es\/wp-json\/wp\/v2\/posts\/2354\/revisions"}],"wp:featuredmedia":[{"embeddable":true,"href":"https:\/\/forte-cultura.com\/es\/wp-json\/wp\/v2\/media\/2356"}],"wp:attachment":[{"href":"https:\/\/forte-cultura.com\/es\/wp-json\/wp\/v2\/media?parent=2354"}],"wp:term":[{"taxonomy":"category","embeddable":true,"href":"https:\/\/forte-cultura.com\/es\/wp-json\/wp\/v2\/categories?post=2354"},{"taxonomy":"post_tag","embeddable":true,"href":"https:\/\/forte-cultura.com\/es\/wp-json\/wp\/v2\/tags?post=2354"}],"curies":[{"name":"wp","href":"https:\/\/api.w.org\/{rel}","templated":true}]}}