{"id":2216,"date":"2024-02-03T09:51:33","date_gmt":"2024-02-03T08:51:33","guid":{"rendered":"https:\/\/forte-cultura.com\/?p=2216"},"modified":"2024-02-03T10:20:01","modified_gmt":"2024-02-03T09:20:01","slug":"ruta-en-bicicleta-por-westwall","status":"publish","type":"post","link":"https:\/\/forte-cultura.com\/es\/westwall-radtour\/","title":{"rendered":"Ruta en bicicleta por el Westwall"},"content":{"rendered":"<div class=\"wp-block-columns alignwide eplus-wrapper is-layout-flex wp-container-core-columns-is-layout-02f249f1 wp-block-columns-is-layout-flex eplus-styles-uid-66a51d\" style=\"padding-right:0;padding-left:0\">\n<div class=\"wp-block-column eplus-wrapper is-layout-flow wp-container-core-column-is-layout-6384e000 wp-block-column-is-layout-flow\" style=\"padding-right:var(--wp--preset--spacing--40);padding-left:0;flex-basis:66.66%\"><p class=\" eplus-wrapper eplus-styles-uid-e7c803\"><em>FORTE CULTURA G\u00e4stef\u00fchrung: Westwall Rhein-Pf\u00e4lzer Wald (DE)<\/em><\/p>\n\n\n<h2 class=\" wp-block-heading alignwide has-large-font-size eplus-wrapper\"><strong>Die Geschichte des Westwalls vom Rhein bis zum Pf\u00e4lzer Wald<\/strong><\/h2>\n\n\n\n<p class=\" eplus-wrapper\"><strong>Der Westwall war eine gigantische, 630 km lange milit\u00e4rische Verteidigungslinie an der Westgrenze des Deutschen Reiches. Entdecken Sie w\u00e4hrend unserer Fahrradtour Panzergr\u00e4ben, H\u00f6ckerlinien, Sprengtrichter und Bunkeranlagen des Westwalls im Abschnitt Rhein bis zum Pf\u00e4lzer Wald.<\/strong><\/p>\n\n\n\n<p class=\" eplus-wrapper\">Tauchen Sie ein in die verborgene Welt der Verteidigungslinien und Panzersperren mit H\u00f6ckerlinien, nassen und trockenen Gr\u00e4ben, Mauern oder Sprengtrichtern. Entdecken Sie verborgene Schutzbauwerke vom Ein-Mann-Bunker bis zum B-Werk.<\/p>\n\n\n\n<p class=\" eplus-wrapper\">Unsere Fahrradtour startet am Bahnhof in W\u00f6rth am Rhein und f\u00fchrt auf etwa 47 Kilometern entlang der Verteidigungslinien des Westwall bis nach Bad Bergzabern, wo wir zum Abschluss das Westwall-Museum in einer noch erhaltenen Bunkeranlage besichtigen. Anschlie\u00dfend besteht die M\u00f6glichkeit mit dem Zug zur\u00fcck nach W\u00f6rth zu fahren. Alternativ kann die Tour auch als Rundtour ab Kandel gefahren werden, die Gesamtstrecke betr\u00e4gt dann etwa 67 Kilometer.<\/p>\n\n\n\n<p class=\" eplus-wrapper\">Aus den Erfahrungen des Ersten Weltkriegs erwuchs die Erkenntnis, dass viele Soldaten den erbitterten Stellungskrieg \u00fcberleben konnten weil sie in der ab 1916 weit hinter der Front errichteten \u201eHindenburg-Linie\u201c vor feindlichem Beschuss gedeckt waren. So begann man 1936 mit dem Bau der Westbefestigung, die bis 1940 fortdauerte. Diese war von August 1939 bis Juni  1940 von der Wehrmacht besetzt. Mit dem Einmarsch in Belgien und Frankreich wurden die Truppen an den Atlantik verlegt. Dabei wurden auch gro\u00dfe Teile der Bewaffnung an den Atlantikwall verlegt. Erst mit den R\u00fcckzugsgefechten 1944\/45 wurde der Westwall vor\u00fcbergehend wieder mit hastig zusammengestellten Truppen und Waffen best\u00fcckt.<\/p>\n\n\n\n<p class=\" eplus-wrapper\">Erleben Sie die befestigte Region und ihre reizvolle Landschaft als Teil der Europ\u00e4ischen Kulturroute Festungsmonumente FORTE CULTURA\u00ae.<\/p>\n\n\n<div class=\"pgc-sgb-cb wp-block-pgcsimplygalleryblock-grid \" data-gallery-id=\"57488144\"><div class=\"sgb-preloader\" id=\"pr_57488144\">\n\t<div class=\"sgb-square\" style=\"background:#d4d4d4\"><\/div>\n\t<div class=\"sgb-square\" style=\"background:#d4d4d4\"><\/div>\n\t<div class=\"sgb-square\" style=\"background:#d4d4d4\"><\/div>\n\t<div class=\"sgb-square\" style=\"background:#d4d4d4\"><\/div><\/div><div class=\"simply-gallery-amp pgc_sgb_slider \"><noscript><div class=\"sgb-gallery\"><div class=\"sgb-item\"><a href=\"https:\/\/forte-cultura.com\/westwall-radtour\/westwall-museum1\/\" target=\"_blank\"><img decoding=\"async\" alt=\"\" width=\"300\" height=\"141\" loading=\"lazy\" src=\"https:\/\/forte-cultura.com\/wp-content\/uploads\/Westwall-Museum1-300x141.jpg\" srcset=\"https:\/\/forte-cultura.com\/wp-content\/uploads\/Westwall-Museum1-300x141.jpg 300w,https:\/\/forte-cultura.com\/wp-content\/uploads\/Westwall-Museum1-1024x480.jpg 1024w,https:\/\/forte-cultura.com\/wp-content\/uploads\/Westwall-Museum1.jpg 1380w\" sizes=\"auto, 250px\"><\/a><\/div><div class=\"sgb-item\"><a href=\"https:\/\/forte-cultura.com\/westwall-radtour\/b5602999-7dd5-4ad3-bb61-803ba2676b71\/\" target=\"_blank\"><img decoding=\"async\" alt=\"\" width=\"300\" height=\"300\" loading=\"lazy\" src=\"https:\/\/forte-cultura.com\/wp-content\/uploads\/b5602999-7dd5-4ad3-bb61-803ba2676b71-300x300.jpg\" srcset=\"https:\/\/forte-cultura.com\/wp-content\/uploads\/b5602999-7dd5-4ad3-bb61-803ba2676b71-300x300.jpg 300w,https:\/\/forte-cultura.com\/wp-content\/uploads\/b5602999-7dd5-4ad3-bb61-803ba2676b71.jpg 480w\" sizes=\"auto, 250px\"><\/a><\/div><div class=\"sgb-item\"><a href=\"https:\/\/forte-cultura.com\/westwall-radtour\/e82c6bb1-7fc6-464c-8478-88eb62616928\/\" target=\"_blank\"><img decoding=\"async\" alt=\"\" width=\"300\" height=\"300\" loading=\"lazy\" src=\"https:\/\/forte-cultura.com\/wp-content\/uploads\/e82c6bb1-7fc6-464c-8478-88eb62616928-300x300.jpg\" srcset=\"https:\/\/forte-cultura.com\/wp-content\/uploads\/e82c6bb1-7fc6-464c-8478-88eb62616928-300x300.jpg 300w,https:\/\/forte-cultura.com\/wp-content\/uploads\/e82c6bb1-7fc6-464c-8478-88eb62616928.jpg 490w\" sizes=\"auto, 250px\"><\/a><\/div><div class=\"sgb-item\"><a href=\"https:\/\/forte-cultura.com\/westwall-radtour\/hoeckerlinie1\/\" target=\"_blank\"><img decoding=\"async\" alt=\"\" width=\"169\" height=\"300\" loading=\"lazy\" src=\"https:\/\/forte-cultura.com\/wp-content\/uploads\/Hoeckerlinie1-169x300.jpg\" srcset=\"https:\/\/forte-cultura.com\/wp-content\/uploads\/Hoeckerlinie1-169x300.jpg 169w,https:\/\/forte-cultura.com\/wp-content\/uploads\/Hoeckerlinie1-576x1024.jpg 576w,https:\/\/forte-cultura.com\/wp-content\/uploads\/Hoeckerlinie1-scaled.jpg 1440w\" sizes=\"auto, 250px\"><\/a><\/div><div class=\"sgb-item\"><a href=\"https:\/\/forte-cultura.com\/westwall-radtour\/images\/\" target=\"_blank\"><img decoding=\"async\" alt=\"\" width=\"225\" height=\"225\" loading=\"lazy\" src=\"https:\/\/forte-cultura.com\/wp-content\/uploads\/images.jpg\" srcset=\",https:\/\/forte-cultura.com\/wp-content\/uploads\/images.jpg 225w\" sizes=\"auto, 250px\"><\/a><\/div><div class=\"sgb-item\"><a href=\"https:\/\/forte-cultura.com\/westwall-radtour\/walter-touren\/\" target=\"_blank\"><img decoding=\"async\" alt=\"\" width=\"300\" height=\"134\" loading=\"lazy\" src=\"https:\/\/forte-cultura.com\/wp-content\/uploads\/walter-touren-300x134.jpg\" srcset=\"https:\/\/forte-cultura.com\/wp-content\/uploads\/walter-touren-300x134.jpg 300w,https:\/\/forte-cultura.com\/wp-content\/uploads\/walter-touren.jpg 335w\" sizes=\"auto, 250px\"><\/a><\/div><\/div><\/noscript><\/div><script type=\"application\/json\" class=\"sgb-data\">{\"externalLink\":false,\"captions\":false,\"collectionthumbRoundedCorners\":5,\"galleryType\":\"pgc_sgb_grid\",\"galleryId\":\"57488144\",\"images\":[{\"id\":2224,\"title\":\"Westwall-Museum(1)\",\"url\":\"https:\/\/forte-cultura.com\/wp-content\/uploads\/Westwall-Museum1.jpg\",\"link\":\"https:\/\/forte-cultura.com\/westwall-radtour\/westwall-museum1\/\",\"alt\":\"\",\"description\":\"\",\"caption\":\"\",\"mime\":\"image\/jpeg\",\"type\":\"image\",\"width\":1380,\"height\":647,\"sizes\":{\"thumbnail\":{\"height\":150,\"width\":150,\"url\":\"https:\/\/forte-cultura.com\/wp-content\/uploads\/Westwall-Museum1-150x150.jpg\",\"orientation\":\"landscape\"},\"medium\":{\"height\":141,\"width\":300,\"url\":\"https:\/\/forte-cultura.com\/wp-content\/uploads\/Westwall-Museum1-300x141.jpg\",\"orientation\":\"landscape\"},\"large\":{\"height\":480,\"width\":1024,\"url\":\"https:\/\/forte-cultura.com\/wp-content\/uploads\/Westwall-Museum1-1024x480.jpg\",\"orientation\":\"landscape\"},\"full\":{\"url\":\"https:\/\/forte-cultura.com\/wp-content\/uploads\/Westwall-Museum1.jpg\",\"height\":647,\"width\":1380,\"orientation\":\"landscape\"}},\"imageMeta\":{\"aperture\":\"0\",\"credit\":\"\",\"camera\":\"\",\"caption\":\"\",\"created_timestamp\":\"0\",\"copyright\":\"\",\"focal_length\":\"0\",\"iso\":\"0\",\"shutter_speed\":\"0\",\"title\":\"\",\"orientation\":\"0\",\"keywords\":[]},\"meta\":false,\"postlink\":\"https:\/\/forte-cultura.com\/westwall-radtour\/westwall-museum1\/\"},{\"id\":2225,\"title\":\"b5602999-7dd5-4ad3-bb61-803ba2676b71\",\"url\":\"https:\/\/forte-cultura.com\/wp-content\/uploads\/b5602999-7dd5-4ad3-bb61-803ba2676b71.jpg\",\"link\":\"https:\/\/forte-cultura.com\/westwall-radtour\/b5602999-7dd5-4ad3-bb61-803ba2676b71\/\",\"alt\":\"\",\"description\":\"\",\"caption\":\"\",\"mime\":\"image\/jpeg\",\"type\":\"image\",\"width\":480,\"height\":480,\"sizes\":{\"thumbnail\":{\"height\":150,\"width\":150,\"url\":\"https:\/\/forte-cultura.com\/wp-content\/uploads\/b5602999-7dd5-4ad3-bb61-803ba2676b71-150x150.jpg\",\"orientation\":\"landscape\"},\"medium\":{\"height\":300,\"width\":300,\"url\":\"https:\/\/forte-cultura.com\/wp-content\/uploads\/b5602999-7dd5-4ad3-bb61-803ba2676b71-300x300.jpg\",\"orientation\":\"landscape\"},\"full\":{\"url\":\"https:\/\/forte-cultura.com\/wp-content\/uploads\/b5602999-7dd5-4ad3-bb61-803ba2676b71.jpg\",\"height\":480,\"width\":480,\"orientation\":\"landscape\"}},\"imageMeta\":{\"aperture\":\"0\",\"credit\":\"\",\"camera\":\"\",\"caption\":\"\",\"created_timestamp\":\"0\",\"copyright\":\"\",\"focal_length\":\"0\",\"iso\":\"0\",\"shutter_speed\":\"0\",\"title\":\"\",\"orientation\":\"1\",\"keywords\":[]},\"meta\":false,\"postlink\":\"https:\/\/forte-cultura.com\/westwall-radtour\/b5602999-7dd5-4ad3-bb61-803ba2676b71\/\"},{\"id\":2226,\"title\":\"e82c6bb1-7fc6-464c-8478-88eb62616928\",\"url\":\"https:\/\/forte-cultura.com\/wp-content\/uploads\/e82c6bb1-7fc6-464c-8478-88eb62616928.jpg\",\"link\":\"https:\/\/forte-cultura.com\/westwall-radtour\/e82c6bb1-7fc6-464c-8478-88eb62616928\/\",\"alt\":\"\",\"description\":\"\",\"caption\":\"\",\"mime\":\"image\/jpeg\",\"type\":\"image\",\"width\":490,\"height\":490,\"sizes\":{\"thumbnail\":{\"height\":150,\"width\":150,\"url\":\"https:\/\/forte-cultura.com\/wp-content\/uploads\/e82c6bb1-7fc6-464c-8478-88eb62616928-150x150.jpg\",\"orientation\":\"landscape\"},\"medium\":{\"height\":300,\"width\":300,\"url\":\"https:\/\/forte-cultura.com\/wp-content\/uploads\/e82c6bb1-7fc6-464c-8478-88eb62616928-300x300.jpg\",\"orientation\":\"landscape\"},\"full\":{\"url\":\"https:\/\/forte-cultura.com\/wp-content\/uploads\/e82c6bb1-7fc6-464c-8478-88eb62616928.jpg\",\"height\":490,\"width\":490,\"orientation\":\"landscape\"}},\"imageMeta\":{\"aperture\":\"0\",\"credit\":\"\",\"camera\":\"\",\"caption\":\"\",\"created_timestamp\":\"0\",\"copyright\":\"\",\"focal_length\":\"0\",\"iso\":\"0\",\"shutter_speed\":\"0\",\"title\":\"\",\"orientation\":\"0\",\"keywords\":[]},\"meta\":false,\"postlink\":\"https:\/\/forte-cultura.com\/westwall-radtour\/e82c6bb1-7fc6-464c-8478-88eb62616928\/\"},{\"id\":2227,\"title\":\"Hoeckerlinie(1)\",\"url\":\"https:\/\/forte-cultura.com\/wp-content\/uploads\/Hoeckerlinie1-scaled.jpg\",\"link\":\"https:\/\/forte-cultura.com\/westwall-radtour\/hoeckerlinie1\/\",\"alt\":\"\",\"description\":\"\",\"caption\":\"\",\"mime\":\"image\/jpeg\",\"type\":\"image\",\"width\":1440,\"height\":2560,\"sizes\":{\"thumbnail\":{\"height\":150,\"width\":150,\"url\":\"https:\/\/forte-cultura.com\/wp-content\/uploads\/Hoeckerlinie1-150x150.jpg\",\"orientation\":\"landscape\"},\"medium\":{\"height\":300,\"width\":169,\"url\":\"https:\/\/forte-cultura.com\/wp-content\/uploads\/Hoeckerlinie1-169x300.jpg\",\"orientation\":\"portrait\"},\"large\":{\"height\":1024,\"width\":576,\"url\":\"https:\/\/forte-cultura.com\/wp-content\/uploads\/Hoeckerlinie1-576x1024.jpg\",\"orientation\":\"portrait\"},\"full\":{\"url\":\"https:\/\/forte-cultura.com\/wp-content\/uploads\/Hoeckerlinie1-scaled.jpg\",\"height\":2560,\"width\":1440,\"orientation\":\"portrait\"}},\"imageMeta\":{\"aperture\":\"0\",\"credit\":\"\",\"camera\":\"\",\"caption\":\"\",\"created_timestamp\":\"1614696267\",\"copyright\":\"\",\"focal_length\":\"0\",\"iso\":\"0\",\"shutter_speed\":\"0\",\"title\":\"\",\"orientation\":1,\"keywords\":[]},\"meta\":false,\"postlink\":\"https:\/\/forte-cultura.com\/westwall-radtour\/hoeckerlinie1\/\"},{\"id\":2228,\"title\":\"images\",\"url\":\"https:\/\/forte-cultura.com\/wp-content\/uploads\/images.jpg\",\"link\":\"https:\/\/forte-cultura.com\/westwall-radtour\/images\/\",\"alt\":\"\",\"description\":\"\",\"caption\":\"\",\"mime\":\"image\/jpeg\",\"type\":\"image\",\"width\":225,\"height\":225,\"sizes\":{\"thumbnail\":{\"height\":150,\"width\":150,\"url\":\"https:\/\/forte-cultura.com\/wp-content\/uploads\/images-150x150.jpg\",\"orientation\":\"landscape\"},\"full\":{\"url\":\"https:\/\/forte-cultura.com\/wp-content\/uploads\/images.jpg\",\"height\":225,\"width\":225,\"orientation\":\"landscape\"}},\"imageMeta\":{\"aperture\":\"0\",\"credit\":\"\",\"camera\":\"\",\"caption\":\"\",\"created_timestamp\":\"0\",\"copyright\":\"\",\"focal_length\":\"0\",\"iso\":\"0\",\"shutter_speed\":\"0\",\"title\":\"\",\"orientation\":\"0\",\"keywords\":[]},\"meta\":false,\"postlink\":\"https:\/\/forte-cultura.com\/westwall-radtour\/images\/\"},{\"id\":2229,\"title\":\"walter touren\",\"url\":\"https:\/\/forte-cultura.com\/wp-content\/uploads\/walter-touren.jpg\",\"link\":\"https:\/\/forte-cultura.com\/westwall-radtour\/walter-touren\/\",\"alt\":\"\",\"description\":\"\",\"caption\":\"\",\"mime\":\"image\/jpeg\",\"type\":\"image\",\"width\":335,\"height\":150,\"sizes\":{\"thumbnail\":{\"height\":150,\"width\":150,\"url\":\"https:\/\/forte-cultura.com\/wp-content\/uploads\/walter-touren-150x150.jpg\",\"orientation\":\"landscape\"},\"medium\":{\"height\":134,\"width\":300,\"url\":\"https:\/\/forte-cultura.com\/wp-content\/uploads\/walter-touren-300x134.jpg\",\"orientation\":\"landscape\"},\"full\":{\"url\":\"https:\/\/forte-cultura.com\/wp-content\/uploads\/walter-touren.jpg\",\"height\":150,\"width\":335,\"orientation\":\"landscape\"}},\"imageMeta\":{\"aperture\":\"0\",\"credit\":\"\",\"camera\":\"\",\"caption\":\"\",\"created_timestamp\":\"0\",\"copyright\":\"\",\"focal_length\":\"0\",\"iso\":\"0\",\"shutter_speed\":\"0\",\"title\":\"\",\"orientation\":\"0\",\"keywords\":[]},\"meta\":false,\"postlink\":\"https:\/\/forte-cultura.com\/westwall-radtour\/walter-touren\/\"}],\"TrpContentRestriction\":{\"restriction_type\":\"exclude\",\"selected_languages\":[],\"panel_open\":true},\"itemsMetaDataCollection\":[]}<\/script><script>(function(){if(window.PGC_SGB && window.PGC_SGB.searcher){window.PGC_SGB.searcher.initBlocks()}})()<\/script><\/div>\n\n\n<p class=\" eplus-wrapper\"><\/p>\n<\/div>\n\n\n\n<div class=\"wp-block-column eplus-wrapper is-layout-flow wp-container-core-column-is-layout-4d123836 wp-block-column-is-layout-flow\" style=\"padding-right:var(--wp--preset--spacing--20);padding-left:var(--wp--preset--spacing--20);flex-basis:33.33%\"><div class=\"wp-block-columns has-custom-verlauf-1-gradient-background has-background eplus-wrapper is-layout-flex wp-container-core-columns-is-layout-a07062ff wp-block-columns-is-layout-flex eplus-styles-uid-f27acf\" style=\"border-radius:5px;margin-top:0;margin-bottom:var(--wp--preset--spacing--20);padding-top:var(--wp--preset--spacing--10);padding-right:var(--wp--preset--spacing--20);padding-bottom:var(--wp--preset--spacing--10);padding-left:var(--wp--preset--spacing--20)\">\n<div class=\"wp-block-column eplus-wrapper is-layout-flow wp-block-column-is-layout-flow\" style=\"flex-basis:33.33%\">\n<figure class=\" wp-block-image aligncenter size-full eplus-wrapper\"><img loading=\"lazy\" decoding=\"async\" width=\"218\" height=\"218\" src=\"https:\/\/forte-cultura.com\/wp-content\/uploads\/image001.jpg\" alt=\"\" class=\"wp-image-2217\" srcset=\"https:\/\/forte-cultura.com\/wp-content\/uploads\/image001.jpg 218w, https:\/\/forte-cultura.com\/wp-content\/uploads\/image001-150x150.jpg 150w, https:\/\/forte-cultura.com\/wp-content\/uploads\/image001-12x12.jpg 12w, https:\/\/forte-cultura.com\/wp-content\/uploads\/image001-200x200.jpg 200w\" sizes=\"auto, (max-width: 218px) 100vw, 218px\" \/><figcaption class=\"wp-element-caption\">Michael Walter<\/figcaption><\/figure>\n<\/div>\n\n\n\n<div class=\"wp-block-column eplus-wrapper is-layout-flow wp-block-column-is-layout-flow\" style=\"flex-basis:66.66%\">\n<p class=\"has-text-align-right has-custom-farbe-1-color has-text-color has-link-color eplus-wrapper wp-elements-b972b7f1d0cff441f70c9f3952249e03\"><strong>Michael Walter<\/strong><\/p>\n\n\n\n<p class=\" has-text-align-right has-heading-font-family eplus-wrapper\" style=\"margin-top:0;margin-bottom:0;font-size:clamp(0.875em, 0.875rem + ((1vw - 0.2em) * 0.042), 0.9em);line-height:1.3\">G\u00e4stef\u00fchrer mit <br>FORTE CULTURA Zertifikat<\/p>\n\n\n\n<p class=\" has-text-align-right eplus-wrapper\" style=\"margin-bottom:0;font-size:clamp(0.875rem, 0.875rem + ((1vw - 0.2rem) * 0.042), 0.9rem);line-height:1.2\"><strong>Walter Touren<\/strong> <br>Zertifizierter Rheinparkguide <br>Rad- und Wandertouren<br>Natur- und Erlebnistouren<\/p>\n\n\n\n<p class=\" has-text-align-right eplus-wrapper\" style=\"margin-top:6px;margin-bottom:0;font-size:clamp(0.875rem, 0.875rem + ((1vw - 0.2rem) * 0.042), 0.9rem);line-height:1.2\"><a href=\"https:\/\/www.walter-touren.de\" target=\"_blank\" rel=\"noreferrer noopener\">www.walter-touren.de<\/a><\/p>\n<\/div>\n<\/div>\n\n\n<h4 class=\" wp-block-heading has-text-align-center eplus-wrapper\"><strong>Hinweise zur gef\u00fchrten Radtour<\/strong><\/h4>\n\n\n\n<p class=\" has-text-align-center eplus-wrapper\"><strong>Dauer<\/strong>: ca. 6 Stunden (47 km)<br><strong>Preis<\/strong>: 21,00 \u20ac pro Person, inkl. Eintritt Westwall-Museum Bad Bergzabern<\/p>\n\n\n<div class=\"wp-block-buttons eplus-wrapper is-content-justification-center is-layout-flex wp-container-core-buttons-is-layout-3bc9e530 wp-block-buttons-is-layout-flex eplus-styles-uid-f5efd0\" style=\"margin-top:var(--wp--preset--spacing--20);margin-bottom:var(--wp--preset--spacing--20)\"><div class=\" wp-block-button has-custom-width wp-block-button__width-100 has-custom-font-size has-medium-font-size eplus-wrapper eplus-styles-uid-9ae9c5\"><a class=\"wp-block-button__link wp-element-button\" href=\"mailto:kontakt@walter-touren.de\" style=\"padding-top:var(--wp--preset--spacing--10);padding-bottom:var(--wp--preset--spacing--10)\" target=\"_blank\" rel=\"noreferrer noopener\"><strong>Onlinebuchung oder Anfrage f\u00fcr Gruppenf\u00fchrungen<\/strong><\/a><\/div><\/div>\n\n\n<p class=\" has-text-align-center has-small-font-size eplus-wrapper\"><strong>Treffpunkt<\/strong>:<br>Bahnhof, 76744 W\u00f6rth am Rhein<\/p>\n\n\n\n<p class=\" has-text-align-center eplus-wrapper\" style=\"font-size:clamp(0.875em, 0.875rem + ((1vw - 0.2em) * 0.042), 0.9em);\"><strong>Ausr\u00fcstung: <\/strong><br>Mountain-Bike oder Fahrrad geeignet zum Fahren auf unbefestigten Wegen<\/p>\n\n\n\n<p class=\" has-text-align-center eplus-wrapper\" style=\"font-size:clamp(0.875em, 0.875rem + ((1vw - 0.2em) * 0.042), 0.9em);\">Bitte beachten Sie, dass die Teilnahme an der gef\u00fchrten Radtour grunds\u00e4tzlich auf eigene Gefahr erfolgt. Rechtlicher Tr\u00e4ger des beschriebenen Angebotes und alleinig f\u00fcr dessen Inhalte haftend ist der Veranstalter: Walter Touren<\/p>\n\n\n\n<hr class=\" wp-block-separator aligncenter has-alpha-channel-opacity eplus-wrapper\" style=\"margin-top:var(--wp--preset--spacing--20);margin-bottom:var(--wp--preset--spacing--20)\">\n\n\n\n<p class=\" has-text-align-center has-small-font-size eplus-wrapper\"><em><a href=\"https:\/\/forte-cultura.com\/wp-content\/uploads\/FORTE-CULTURA-Tour_Westwall-Radtour-Rhein-Pfalz_Michael_Walter_DE_2022web.pdf\" target=\"_blank\" rel=\"noreferrer noopener\">Diese G\u00e4stef\u00fchrung als PDF downloaden.<\/a><\/em><\/p>\n<\/div>\n<\/div>\n\n\n<hr class=\" wp-block-separator alignwide has-text-color has-accent-2-color has-alpha-channel-opacity has-accent-2-background-color has-background eplus-wrapper\" style=\"margin-top:var(--wp--preset--spacing--30);margin-bottom:var(--wp--preset--spacing--10)\"\/>\n\n\n<div class=\"wp-block-columns alignwide are-vertically-aligned-center has-custom-farbe-1-gradient-background has-background eplus-wrapper is-layout-flex wp-container-core-columns-is-layout-93b636f3 wp-block-columns-is-layout-flex eplus-styles-uid-8eb403\" style=\"padding-top:var(--wp--preset--spacing--10);padding-right:0;padding-bottom:var(--wp--preset--spacing--10);padding-left:0\">\n<div class=\"wp-block-column is-vertically-aligned-center eplus-wrapper is-layout-flow wp-block-column-is-layout-flow\" style=\"padding-top:0;padding-right:0;padding-bottom:0;padding-left:0;flex-basis:33.33%\">\n<figure class=\" wp-block-image aligncenter size-large is-resized eplus-wrapper\"><img loading=\"lazy\" decoding=\"async\" width=\"1024\" height=\"977\" src=\"https:\/\/forte-cultura.com\/wp-content\/uploads\/FoCu-Logo_weiss-transparent-1024x977.png\" alt=\"\" class=\"wp-image-439\" style=\"width:97px;height:auto\" srcset=\"https:\/\/forte-cultura.com\/wp-content\/uploads\/FoCu-Logo_weiss-transparent-1024x977.png 1024w, https:\/\/forte-cultura.com\/wp-content\/uploads\/FoCu-Logo_weiss-transparent-300x286.png 300w, https:\/\/forte-cultura.com\/wp-content\/uploads\/FoCu-Logo_weiss-transparent-768x733.png 768w, https:\/\/forte-cultura.com\/wp-content\/uploads\/FoCu-Logo_weiss-transparent-1536x1465.png 1536w, https:\/\/forte-cultura.com\/wp-content\/uploads\/FoCu-Logo_weiss-transparent-2048x1954.png 2048w, https:\/\/forte-cultura.com\/wp-content\/uploads\/FoCu-Logo_weiss-transparent-200x191.png 200w\" sizes=\"auto, (max-width: 1024px) 100vw, 1024px\" \/><\/figure>\n<\/div>\n\n\n\n<div class=\"wp-block-column is-vertically-aligned-center eplus-wrapper is-layout-flow wp-block-column-is-layout-flow\" style=\"flex-basis:66.66%\">\n<p class=\"has-text-align-center has-base-2-color has-text-color has-link-color eplus-wrapper wp-elements-7c3046c1806a07599dd5c96aea1101b0\">Michael Walter ist G\u00e4stef\u00fchrer mit FORTE CULTURA Zertifikat.<\/p>\n<\/div>\n<\/div>","protected":false},"excerpt":{"rendered":"<p>La Westwall fue una gigantesca l\u00ednea de defensa militar de 630 km de longitud en la frontera occidental del Reich alem\u00e1n. Descubra las zanjas antitanque, las l\u00edneas de joroba, los embudos de voladura y los b\u00fankeres de la Westwall en el tramo que va desde el Rin hasta el bosque del Palatinado durante nuestra excursi\u00f3n en bicicleta.<\/p>","protected":false},"author":1,"featured_media":2218,"comment_status":"open","ping_status":"open","sticky":false,"template":"","format":"standard","meta":{"editor_plus_copied_stylings":"{}","pgc_sgb_lightbox_settings":"","_price":"","_stock":"","_tribe_ticket_header":"","_tribe_default_ticket_provider":"","_tribe_ticket_capacity":"0","_ticket_start_date":"","_ticket_end_date":"","_tribe_ticket_show_description":"","_tribe_ticket_show_not_going":false,"_tribe_ticket_use_global_stock":"","_tribe_ticket_global_stock_level":"","_global_stock_mode":"","_global_stock_cap":"","_tribe_rsvp_for_event":"","_tribe_ticket_going_count":"","_tribe_ticket_not_going_count":"","_tribe_tickets_list":"[]","_tribe_ticket_has_attendee_info_fields":false,"_EventAllDay":false,"_EventTimezone":"","_EventStartDate":"","_EventEndDate":"","_EventStartDateUTC":"","_EventEndDateUTC":"","_EventShowMap":false,"_EventShowMapLink":false,"_EventURL":"","_EventCost":"","_EventCostDescription":"","_EventCurrencySymbol":"","_EventCurrencyCode":"","_EventCurrencyPosition":"","_EventDateTimeSeparator":"","_EventTimeRangeSeparator":"","_EventOrganizerID":[],"_EventVenueID":[],"_OrganizerEmail":"","_OrganizerPhone":"","_OrganizerWebsite":"","_VenueAddress":"","_VenueCity":"","_VenueCountry":"","_VenueProvince":"","_VenueState":"","_VenueZip":"","_VenuePhone":"","_VenueURL":"","_VenueStateProvince":"","_VenueLat":"","_VenueLng":"","_VenueShowMap":false,"_VenueShowMapLink":false,"footnotes":""},"categories":[13],"tags":[458,45,37,415,67],"class_list":["post-2216","post","type-post","status-publish","format-standard","has-post-thumbnail","hentry","category-guided-tours","tag-aktivtour","tag-bunker","tag-oberrhein","tag-westwall","tag-zweiter-weltkrieg"],"_links":{"self":[{"href":"https:\/\/forte-cultura.com\/es\/wp-json\/wp\/v2\/posts\/2216","targetHints":{"allow":["GET"]}}],"collection":[{"href":"https:\/\/forte-cultura.com\/es\/wp-json\/wp\/v2\/posts"}],"about":[{"href":"https:\/\/forte-cultura.com\/es\/wp-json\/wp\/v2\/types\/post"}],"author":[{"embeddable":true,"href":"https:\/\/forte-cultura.com\/es\/wp-json\/wp\/v2\/users\/1"}],"replies":[{"embeddable":true,"href":"https:\/\/forte-cultura.com\/es\/wp-json\/wp\/v2\/comments?post=2216"}],"version-history":[{"count":0,"href":"https:\/\/forte-cultura.com\/es\/wp-json\/wp\/v2\/posts\/2216\/revisions"}],"wp:featuredmedia":[{"embeddable":true,"href":"https:\/\/forte-cultura.com\/es\/wp-json\/wp\/v2\/media\/2218"}],"wp:attachment":[{"href":"https:\/\/forte-cultura.com\/es\/wp-json\/wp\/v2\/media?parent=2216"}],"wp:term":[{"taxonomy":"category","embeddable":true,"href":"https:\/\/forte-cultura.com\/es\/wp-json\/wp\/v2\/categories?post=2216"},{"taxonomy":"post_tag","embeddable":true,"href":"https:\/\/forte-cultura.com\/es\/wp-json\/wp\/v2\/tags?post=2216"}],"curies":[{"name":"wp","href":"https:\/\/api.w.org\/{rel}","templated":true}]}}