{"id":1812,"date":"2024-01-13T13:46:04","date_gmt":"2024-01-13T12:46:04","guid":{"rendered":"https:\/\/forte-cultura.com\/?p=1812"},"modified":"2024-01-24T16:44:47","modified_gmt":"2024-01-24T15:44:47","slug":"muerlenbach-es","status":"publish","type":"post","link":"https:\/\/forte-cultura.com\/es\/muerlenbach-de\/","title":{"rendered":"M\u00fcrlenbach (DE)"},"content":{"rendered":"<div class=\"wp-block-columns alignwide eplus-wrapper is-layout-flex wp-container-core-columns-is-layout-28f84493 wp-block-columns-is-layout-flex eplus-styles-uid-55095c\">\n<div class=\"wp-block-column eplus-wrapper is-layout-flow wp-block-column-is-layout-flow\" style=\"flex-basis:100%\"><p class=\"eplus-wrapper eplus-styles-uid-e7c803\"><em>Estaci\u00f3n FORTE CULTURA: Castillo fortificado de Bertradaburg (DE)<\/em><\/p>\n\n\n<h2 class=\"wp-block-heading alignwide has-custom-farbe-1-color has-text-color has-link-color has-large-font-size eplus-wrapper wp-elements-2b7e3c122c18031e11c092f31924893a\"><strong>Castillo fortificado de Bertradaburg (DE)<\/strong><\/h2>\n\n\n\n<p class=\"eplus-wrapper\">Hay muchas historias inexplicables en torno al castillo de Bertrada. Acaso Bertrada, la bisabuela de Carlomagno, fund\u00f3 el monasterio de Pr\u00fcm en el siglo VIII y por eso el castillo construido m\u00e1s tarde lleva su nombre?<\/p>\n\n\n\n<p class=\"eplus-wrapper\">Se tiene constancia de que la abad\u00eda imperial de Pr\u00fcm construy\u00f3 en el siglo XIII el castillo de Bertrada en un espol\u00f3n rocoso sobre el pueblo de M\u00fcrlenbach, sobre los restos de edificaciones anteriores. En el siglo XVI, se ampli\u00f3 hasta convertirse en una fortaleza con un poderoso redondel suroeste.<\/p>\n\n\n\n<p class=\"eplus-wrapper\">Hoy en d\u00eda, el castillo es propiedad privada y ofrece apartamentos de vacaciones, visitas guiadas y el festival anual del castillo.<\/p>\n<\/div>\n<\/div>\n\n\n<hr class=\"wp-block-separator alignwide has-text-color has-accent-2-color has-alpha-channel-opacity has-accent-2-background-color has-background eplus-wrapper\" style=\"margin-top:var(--wp--preset--spacing--30);margin-bottom:var(--wp--preset--spacing--30)\"\/>\n\n\n<div class=\"wp-block-columns alignwide are-vertically-aligned-center eplus-wrapper is-layout-flex wp-container-core-columns-is-layout-28f84493 wp-block-columns-is-layout-flex eplus-styles-uid-f3c32c\">\n<div class=\"wp-block-column is-vertically-aligned-center eplus-wrapper is-layout-flow wp-block-column-is-layout-flow\" style=\"flex-basis:260px\">\n<figure class=\"wp-block-image alignleft size-full is-resized eplus-wrapper\"><img loading=\"lazy\" decoding=\"async\" width=\"260\" height=\"112\" src=\"https:\/\/forte-cultura.com\/wp-content\/uploads\/Logo-GDKE.jpg\" alt=\"\" class=\"wp-image-1781\" style=\"width:240px\" srcset=\"https:\/\/forte-cultura.com\/wp-content\/uploads\/Logo-GDKE.jpg 260w, https:\/\/forte-cultura.com\/wp-content\/uploads\/Logo-GDKE-18x8.jpg 18w, https:\/\/forte-cultura.com\/wp-content\/uploads\/Logo-GDKE-200x86.jpg 200w\" sizes=\"auto, (max-width: 260px) 100vw, 260px\" \/><\/figure>\n<\/div>\n\n\n\n<div class=\"wp-block-column is-vertically-aligned-center eplus-wrapper is-layout-flow wp-block-column-is-layout-flow\">\n<p class=\"eplus-wrapper\">El castillo de Bertrada es uno de los 11 monumentos fortaleza de la cartera y est\u00e1 bajo el cuidado del <strong><a href=\"https:\/\/forte-cultura.com\/forte-cultura-reisewelt\/festungsmonumente-der-gdke-de\/\" data-type=\"page\" data-id=\"1773\">Direcci\u00f3n General de Patrimonio Cultural de Renania-Palatinado (GDKE)<\/a><\/strong>. <\/p>\n\n\n\n<p class=\"eplus-wrapper\">Domicilio social: Ehrenbreitstein, 56077 Coblenza; <a href=\"https:\/\/gdke.rlp.de\/\" target=\"_blank\" rel=\"noreferrer noopener\">Sitio web de GDKE<\/a><\/p>\n<\/div>\n<\/div>\n\n\n<hr class=\"wp-block-separator alignwide has-text-color has-accent-2-color has-alpha-channel-opacity has-accent-2-background-color has-background eplus-wrapper\" style=\"margin-top:var(--wp--preset--spacing--30);margin-bottom:var(--wp--preset--spacing--30)\"\/>\n\n\n\n<h4 class=\"wp-block-heading alignwide eplus-wrapper\">Enlaces<\/h4>\n\n\n<div class=\"wp-block-columns alignwide eplus-wrapper is-layout-flex wp-container-core-columns-is-layout-28f84493 wp-block-columns-is-layout-flex eplus-styles-uid-1e755b\">\n<div class=\"wp-block-column eplus-wrapper is-layout-flow wp-block-column-is-layout-flow\"><ul class=\"eplus-wrapper wp-block-list eplus-styles-uid-afac84\"><li class=\"eplus-wrapper eplus-styles-uid-1ceed8\"><a href=\"http:\/\/www.bertradaburg.de\/\" target=\"_blank\" rel=\"noreferrer noopener\">Sitio web Bertradaburg<\/a><\/li>\n\n<li class=\"eplus-wrapper eplus-styles-uid-1ceed8\"><a href=\"https:\/\/www.eifel.de\/go\/sehenswertes-detail\/322.html\" target=\"_blank\" rel=\"noopener\">Bertradaburgo en www.eifel.de<\/a><\/li><\/ul><\/div>\n<\/div>\n\n<div class=\"wp-block-columns alignwide eplus-wrapper is-layout-flex wp-container-core-columns-is-layout-28f84493 wp-block-columns-is-layout-flex eplus-styles-uid-bee7b8\">\n<div class=\"wp-block-column eplus-wrapper is-layout-flow wp-block-column-is-layout-flow\" style=\"flex-basis:100%\">\n<h4 class=\"wp-block-heading eplus-wrapper\">Eventos<\/h4>\n\n\n<ul class=\"eplus-wrapper wp-block-list eplus-styles-uid-a99a2f\"><li class=\"eplus-wrapper eplus-styles-uid-1ceed8\">\u2026<\/li><\/ul><\/div>\n<\/div>\n\n\n<hr class=\"wp-block-separator alignwide has-text-color has-accent-2-color has-alpha-channel-opacity has-accent-2-background-color has-background eplus-wrapper\" style=\"margin-top:var(--wp--preset--spacing--30);margin-bottom:var(--wp--preset--spacing--30)\"\/>\n\n\n<div id=\"travelersmap-container-69f7658b5264b\" class=\"travelersmap-container\" style=\"z-index: 1; min-height: 10px; min-width:10px; height:400px;width:100%; max-width:1280px; max-height:; position:relative;\"><div style=\"position:absolute; z-index:-1;top: 50%;text-align: center;display: block;left: 50%;transform: translate(-50%,-50%);\">Mapa del viajero est\u00e1 cargando...<br>Si ves esto despu\u00e9s de que tu p\u00e1gina se haya cargado completamente, es que faltan archivos leafletJS.<\/div><\/div>\n\n\n\n<hr class=\"wp-block-separator alignwide has-text-color has-accent-2-color has-alpha-channel-opacity has-accent-2-background-color has-background eplus-wrapper\" style=\"margin-top:var(--wp--preset--spacing--30);margin-bottom:var(--wp--preset--spacing--30)\"\/>","protected":false},"excerpt":{"rendered":"<p>Castillo fortificado de Bertradaburg (DE)<\/p>","protected":false},"author":1,"featured_media":1813,"comment_status":"open","ping_status":"open","sticky":false,"template":"","format":"standard","meta":{"editor_plus_copied_stylings":"{}","pgc_sgb_lightbox_settings":"","_price":"","_stock":"","_tribe_ticket_header":"","_tribe_default_ticket_provider":"","_tribe_ticket_capacity":"0","_ticket_start_date":"","_ticket_end_date":"","_tribe_ticket_show_description":"","_tribe_ticket_show_not_going":false,"_tribe_ticket_use_global_stock":"","_tribe_ticket_global_stock_level":"","_global_stock_mode":"","_global_stock_cap":"","_tribe_rsvp_for_event":"","_tribe_ticket_going_count":"","_tribe_ticket_not_going_count":"","_tribe_tickets_list":"[]","_tribe_ticket_has_attendee_info_fields":false,"_EventAllDay":false,"_EventTimezone":"","_EventStartDate":"","_EventEndDate":"","_EventStartDateUTC":"","_EventEndDateUTC":"","_EventShowMap":false,"_EventShowMapLink":false,"_EventURL":"","_EventCost":"","_EventCostDescription":"","_EventCurrencySymbol":"","_EventCurrencyCode":"","_EventCurrencyPosition":"","_EventDateTimeSeparator":"","_EventTimeRangeSeparator":"","_EventOrganizerID":[],"_EventVenueID":[],"_OrganizerEmail":"","_OrganizerPhone":"","_OrganizerWebsite":"","_VenueAddress":"","_VenueCity":"","_VenueCountry":"","_VenueProvince":"","_VenueState":"","_VenueZip":"","_VenuePhone":"","_VenueURL":"","_VenueStateProvince":"","_VenueLat":"","_VenueLng":"","_VenueShowMap":false,"_VenueShowMapLink":false,"footnotes":""},"categories":[26,20,19,423,429],"tags":[427,425],"class_list":["post-1812","post","type-post","status-publish","format-standard","has-post-thumbnail","hentry","category-befestigte-burg","category-deutschland","category-stationen","category-rheinland-pfalz","category-uebernachten","tag-ferienwohnungen","tag-gdke"],"_links":{"self":[{"href":"https:\/\/forte-cultura.com\/es\/wp-json\/wp\/v2\/posts\/1812","targetHints":{"allow":["GET"]}}],"collection":[{"href":"https:\/\/forte-cultura.com\/es\/wp-json\/wp\/v2\/posts"}],"about":[{"href":"https:\/\/forte-cultura.com\/es\/wp-json\/wp\/v2\/types\/post"}],"author":[{"embeddable":true,"href":"https:\/\/forte-cultura.com\/es\/wp-json\/wp\/v2\/users\/1"}],"replies":[{"embeddable":true,"href":"https:\/\/forte-cultura.com\/es\/wp-json\/wp\/v2\/comments?post=1812"}],"version-history":[{"count":0,"href":"https:\/\/forte-cultura.com\/es\/wp-json\/wp\/v2\/posts\/1812\/revisions"}],"wp:featuredmedia":[{"embeddable":true,"href":"https:\/\/forte-cultura.com\/es\/wp-json\/wp\/v2\/media\/1813"}],"wp:attachment":[{"href":"https:\/\/forte-cultura.com\/es\/wp-json\/wp\/v2\/media?parent=1812"}],"wp:term":[{"taxonomy":"category","embeddable":true,"href":"https:\/\/forte-cultura.com\/es\/wp-json\/wp\/v2\/categories?post=1812"},{"taxonomy":"post_tag","embeddable":true,"href":"https:\/\/forte-cultura.com\/es\/wp-json\/wp\/v2\/tags?post=1812"}],"curies":[{"name":"wp","href":"https:\/\/api.w.org\/{rel}","templated":true}]}}