{"id":1674,"date":"2024-01-08T16:55:38","date_gmt":"2024-01-08T15:55:38","guid":{"rendered":"https:\/\/forte-cultura.com\/?p=1674"},"modified":"2025-10-06T16:20:33","modified_gmt":"2025-10-06T14:20:33","slug":"walbourg-fr","status":"publish","type":"post","link":"https:\/\/forte-cultura.com\/es\/walbourg-fr\/","title":{"rendered":"Walbourg (FR)"},"content":{"rendered":"<div class=\"wp-block-columns alignwide eplus-wrapper is-layout-flex wp-container-core-columns-is-layout-28f84493 wp-block-columns-is-layout-flex eplus-styles-uid-631dbc\">\n<div class=\"wp-block-column eplus-wrapper is-layout-flow wp-block-column-is-layout-flow\" style=\"flex-basis:100%\"><p class=\"eplus-wrapper eplus-styles-uid-e7c803\"><em>Estaci\u00f3n FORTE CULTURA: Museo 1870-1945 Alsacia (FR)<\/em><\/p>\n\n\n<h2 class=\"wp-block-heading alignwide has-large-font-size eplus-wrapper\">Museo Memorial de los Combates y de la Liberaci\u00f3n en Alsacia del Norte (Mus\u00e9e 2 MCLADN)<\/h2>\n\n\n\n<p class=\"eplus-wrapper\">El Mus\u00e9e M\u00e9morial des Combats et de la Lib\u00e9ration en Alsace du Nord (Museo 2 MCLADN) de Walbourg, en el norte de Alsacia, est\u00e1 abierto desde mayo de 2020. El antiguo complejo del monasterio alberga ahora una escuela, tambi\u00e9n conocida como el lugar de enterramiento de los padres del emperador Barbarroja. <\/p>\n\n\n\n<p class=\"eplus-wrapper\">El museo est\u00e1 dedicado al Norte de Alsacia de 1870 a 1945. Este per\u00edodo lleno de acontecimientos se presenta con 3.500 objetos en una superficie de exposici\u00f3n de m\u00e1s de 460 m\u00b2. Los dioramas hablan por s\u00ed solos. Se representa una clase escolar en Alsacia, que iba a ser \u201eregermanizada\u201c a partir de 1940, y el reclutamiento de un joven \u201eMalgr\u00e9-Nous\u201c (recluta forzoso). <\/p>\n\n\n\n<p class=\"eplus-wrapper\">Todo termina en el horror de enero de 1945, cuando la compa\u00f1\u00eda NORDWIND vuelve a cubrir de guerra el norte de Alsacia. Olores y sonidos complementan los dioramas y apelan a todos los sentidos. Con 69 pel\u00edculas, la biblioteca hace que la historia no s\u00f3lo sea legible, sino tambi\u00e9n visible<\/p>\n\n\n\n<p class=\"eplus-wrapper\">El museo 2MCLADN forma parte del proyecto franco-alem\u00e1n <strong><a href=\"https:\/\/forte-cultura.com\/festungen-und-wehrgeschichte-am-oberrhein-1870-1999-de-fr\/\" data-type=\"post\" data-id=\"1619\">Red regional Fortalezas e historia de la defensa en el Alto Rin 1870-1999<\/a><\/strong>.<\/p>\n\n\n\n<p class=\"eplus-wrapper\"><\/p>\n<\/div>\n<\/div>\n\n\n<hr class=\"wp-block-separator alignwide has-text-color has-accent-2-color has-alpha-channel-opacity has-accent-2-background-color has-background eplus-wrapper\" style=\"margin-top:var(--wp--preset--spacing--30);margin-bottom:var(--wp--preset--spacing--30)\"\/>\n\n\n\n<div class=\"wp-block-group alignwide has-border-color has-custom-farbe-1-border-color has-custom-verlauf-1-gradient-background has-text-color has-background eplus-wrapper is-layout-flow wp-block-group-is-layout-flow\" style=\"border-width:1px;border-radius:10px;color:#000000\">\n<div style=\"height:12px\" aria-hidden=\"true\" class=\"wp-block-spacer eplus-wrapper\"><\/div>\n\n\n\n<figure class=\"wp-block-image aligncenter size-full is-resized eplus-wrapper\"><img decoding=\"async\" src=\"https:\/\/forte-cultura.com\/wp-content\/uploads\/portrait-icon_EN-2.png\" alt=\"\" class=\"wp-image-817\" style=\"width:115px;height:auto\"\/><\/figure>\n\n\n\n<p class=\"has-text-align-center has-small-font-size eplus-wrapper\" style=\"line-height:.9\"><strong>FORTE CULTURA Retrato de la fortaleza<\/strong><\/p>\n\n\n\n<p class=\"has-text-align-center has-heading-font-family has-x-large-font-size eplus-wrapper\"><strong>Conozca la historia de la defensa del Alto Rin 1870-1999<strong> <\/strong>saber.<\/strong><\/p>\n\n\n\n<div class=\"wp-block-buttons eplus-wrapper is-horizontal is-content-justification-center is-layout-flex wp-container-core-buttons-is-layout-03627597 wp-block-buttons-is-layout-flex\"><div class=\"is-style-fill  wp-block-button has-custom-width wp-block-button__width-75 eplus-wrapper eplus-styles-uid-8e2e9a\"><a class=\"wp-block-button__link has-background has-custom-font-size wp-element-button\" href=\"https:\/\/forte-cultura.net\/ansicht\/getData\/70\" style=\"border-radius:30px;background-color:#000000;padding-top:var(--wp--preset--spacing--20);padding-right:var(--wp--preset--spacing--20);padding-bottom:var(--wp--preset--spacing--20);padding-left:var(--wp--preset--spacing--20);font-size:clamp(0.875rem, 0.875rem + ((1vw - 0.2rem) * 0.625), 1.25rem);\" target=\"_blank\" rel=\"noreferrer noopener\">Nuestra <strong>FORTE CULTURA Retrato de la fortaleza<\/strong> ofrece informaci\u00f3n compacta sobre la historia, la arquitectura y el fascinante mundo de la experiencia.<\/a><\/div><\/div>\n\n\n\n<div style=\"height:12px\" aria-hidden=\"true\" class=\"wp-block-spacer eplus-wrapper\"><\/div>\n<\/div>\n\n\n\n<hr class=\"wp-block-separator alignwide has-text-color has-accent-2-color has-alpha-channel-opacity has-accent-2-background-color has-background eplus-wrapper\" style=\"margin-top:var(--wp--preset--spacing--30);margin-bottom:var(--wp--preset--spacing--30)\"\/>\n\n\n\n<div class=\"wp-block-group alignwide has-custom-verlauf-1-gradient-background has-background eplus-wrapper has-global-padding is-layout-constrained wp-container-core-group-is-layout-2bcd15f1 wp-block-group-is-layout-constrained\" style=\"border-radius:5px;margin-top:0;margin-bottom:0;padding-top:var(--wp--preset--spacing--30);padding-right:var(--wp--preset--spacing--40);padding-bottom:var(--wp--preset--spacing--30);padding-left:var(--wp--preset--spacing--40)\"><div class=\"wp-block-columns alignwide are-vertically-aligned-center eplus-wrapper is-layout-flex wp-container-core-columns-is-layout-47c06fe3 wp-block-columns-is-layout-flex eplus-styles-uid-bbeeb4\">\n<div class=\"wp-block-column is-vertically-aligned-center eplus-wrapper is-layout-flow wp-container-core-column-is-layout-43dc041e wp-block-column-is-layout-flow\" style=\"padding-top:0;padding-right:0;padding-bottom:0;padding-left:0;flex-basis:44%\">\n<figure class=\"wp-block-image size-full has-custom-border eplus-wrapper\"><img decoding=\"async\" src=\"https:\/\/forte-cultura.com\/wp-content\/uploads\/map_upper-rhine_%C2%A9ECCOFORT1-e1700571920353.jpg\" alt=\"\" class=\"wp-image-487\" style=\"border-radius:15px\"><\/figure>\n<\/div>\n\n\n\n<div class=\"wp-block-column is-vertically-aligned-center eplus-wrapper is-layout-flow wp-block-column-is-layout-flow\" style=\"flex-basis:56%\">\n<h2 class=\"wp-block-heading eplus-wrapper translation-block\">Patrimonio cultural monumental<br>de la regi\u00f3n del Alto Rin<\/h2>\n\n\n\n<p class=\"eplus-wrapper\">La regi\u00f3n del Alto Rin es una de las m\u00e1s disputadas de Europa. Monumentos fortificados de todas las \u00e9pocas son testigos de esta apasionante historia cultural. Hoy son monumentos llenos de vida y cultura.<\/p>\n\n\n\n<p class=\"eplus-wrapper translation-block\">Descubra la historia de la construcci\u00f3n de fortalezas de los \u00faltimos 350 a\u00f1os en las <strong>30 fortalezas y museos de FORTE CULTURA en el Alto Rin<\/strong>.<\/p>\n\n\n\n<div class=\"wp-block-buttons eplus-wrapper is-layout-flex wp-block-buttons-is-layout-flex\"><div class=\"is-style-outline wp-block-button eplus-wrapper is-style-outline--1 eplus-styles-uid-fd6edc\"><a class=\"wp-block-button__link wp-element-button\" href=\"https:\/\/forte-cultura.com\/kulturerbe-festungsmonumente-in-der-region-oberrhein-de-fr\/\">M\u00e1s informaci\u00f3n<\/a><\/div><\/div>\n<\/div>\n<\/div><\/div>\n\n\n\n<hr class=\"wp-block-separator alignwide has-text-color has-accent-2-color has-alpha-channel-opacity has-accent-2-background-color has-background eplus-wrapper\" style=\"margin-top:var(--wp--preset--spacing--30);margin-bottom:var(--wp--preset--spacing--30)\"\/>\n\n\n\n<h4 class=\"wp-block-heading eplus-wrapper\"><strong>80 a\u00f1os del final de la Segunda Guerra Mundial en las fortalezas<\/strong><\/h4>\n\n\n\n<p class=\"eplus-wrapper\">Con motivo del 80 aniversario del final de la Segunda Guerra Mundial, en 2024 y 2025 tendr\u00e1n lugar numerosos actos conmemorativos, especialmente en la regi\u00f3n del Alto Rin. <a href=\"https:\/\/forte-cultura.com\/gedenkstaetten-und-mahnmale\/\" data-type=\"post\" data-id=\"2359\">Monumentos y memoriales en las fortalezas de FORTE CULTURA<\/a><\/p>\n\n\n\n<p class=\"eplus-wrapper\"><em>Cartel y folleto conmemorativos de los actos de 2024-2025 en el Alto Rin<\/em><\/p>\n\n\n<div class=\"wp-block-columns eplus-wrapper is-layout-flex wp-container-core-columns-is-layout-28f84493 wp-block-columns-is-layout-flex eplus-styles-uid-01c63f\">\n<div class=\"wp-block-column eplus-wrapper is-layout-flow wp-block-column-is-layout-flow\">\n<figure class=\"wp-block-image size-large eplus-wrapper\"><img loading=\"lazy\" decoding=\"async\" width=\"724\" height=\"1024\" src=\"https:\/\/forte-cultura.com\/wp-content\/uploads\/Poster-80J-WW2-Oberrhein-724x1024.jpg\" alt=\"\" class=\"wp-image-2947\" srcset=\"https:\/\/forte-cultura.com\/wp-content\/uploads\/Poster-80J-WW2-Oberrhein-724x1024.jpg 724w, https:\/\/forte-cultura.com\/wp-content\/uploads\/Poster-80J-WW2-Oberrhein-212x300.jpg 212w, https:\/\/forte-cultura.com\/wp-content\/uploads\/Poster-80J-WW2-Oberrhein-768x1086.jpg 768w, https:\/\/forte-cultura.com\/wp-content\/uploads\/Poster-80J-WW2-Oberrhein-1086x1536.jpg 1086w, https:\/\/forte-cultura.com\/wp-content\/uploads\/Poster-80J-WW2-Oberrhein-8x12.jpg 8w, https:\/\/forte-cultura.com\/wp-content\/uploads\/Poster-80J-WW2-Oberrhein-200x283.jpg 200w, https:\/\/forte-cultura.com\/wp-content\/uploads\/Poster-80J-WW2-Oberrhein.jpg 1131w\" sizes=\"auto, (max-width: 724px) 100vw, 724px\" \/><figcaption class=\"wp-element-caption\">Cartel 80 a\u00f1os despu\u00e9s del final de la Segunda Guerra Mundial en el Alto Rin<\/figcaption><\/figure>\n<\/div>\n\n\n\n<div class=\"wp-block-column eplus-wrapper is-layout-flow wp-block-column-is-layout-flow\">\n<figure class=\"wp-block-image size-full eplus-wrapper\"><img loading=\"lazy\" decoding=\"async\" width=\"1000\" height=\"705\" src=\"https:\/\/forte-cultura.com\/wp-content\/uploads\/Vorderseite-80-Jahre-Oberrhein.jpg\" alt=\"\" class=\"wp-image-2933\" srcset=\"https:\/\/forte-cultura.com\/wp-content\/uploads\/Vorderseite-80-Jahre-Oberrhein.jpg 1000w, https:\/\/forte-cultura.com\/wp-content\/uploads\/Vorderseite-80-Jahre-Oberrhein-300x212.jpg 300w, https:\/\/forte-cultura.com\/wp-content\/uploads\/Vorderseite-80-Jahre-Oberrhein-768x541.jpg 768w, https:\/\/forte-cultura.com\/wp-content\/uploads\/Vorderseite-80-Jahre-Oberrhein-18x12.jpg 18w, https:\/\/forte-cultura.com\/wp-content\/uploads\/Vorderseite-80-Jahre-Oberrhein-200x141.jpg 200w\" sizes=\"auto, (max-width: 1000px) 100vw, 1000px\" \/><\/figure>\n\n\n\n<figure class=\"wp-block-image size-large eplus-wrapper\"><img loading=\"lazy\" decoding=\"async\" width=\"1024\" height=\"725\" src=\"https:\/\/forte-cultura.com\/wp-content\/uploads\/Rueckseite-80-Jahre-Oberrhein-1024x725.jpg\" alt=\"\" class=\"wp-image-2934\" srcset=\"https:\/\/forte-cultura.com\/wp-content\/uploads\/Rueckseite-80-Jahre-Oberrhein-1024x725.jpg 1024w, https:\/\/forte-cultura.com\/wp-content\/uploads\/Rueckseite-80-Jahre-Oberrhein-300x212.jpg 300w, https:\/\/forte-cultura.com\/wp-content\/uploads\/Rueckseite-80-Jahre-Oberrhein-768x544.jpg 768w, https:\/\/forte-cultura.com\/wp-content\/uploads\/Rueckseite-80-Jahre-Oberrhein-18x12.jpg 18w, https:\/\/forte-cultura.com\/wp-content\/uploads\/Rueckseite-80-Jahre-Oberrhein-200x142.jpg 200w, https:\/\/forte-cultura.com\/wp-content\/uploads\/Rueckseite-80-Jahre-Oberrhein.jpg 1305w\" sizes=\"auto, (max-width: 1024px) 100vw, 1024px\" \/><\/figure>\n<\/div>\n<\/div>\n\n\n<p class=\"eplus-wrapper\"><\/p>\n\n\n\n<hr class=\"wp-block-separator alignwide has-text-color has-accent-2-color has-alpha-channel-opacity has-accent-2-background-color has-background eplus-wrapper\" style=\"margin-top:var(--wp--preset--spacing--30);margin-bottom:var(--wp--preset--spacing--30)\"\/>\n\n\n<div id=\"travelersmap-container-69f76265cf810\" class=\"travelersmap-container\" style=\"z-index: 1; min-height: 10px; min-width:10px; height:400px;width:100%; max-width:1280px; max-height:; position:relative;\"><div style=\"position:absolute; z-index:-1;top: 50%;text-align: center;display: block;left: 50%;transform: translate(-50%,-50%);\">Mapa del viajero est\u00e1 cargando...<br>Si ves esto despu\u00e9s de que tu p\u00e1gina se haya cargado completamente, es que faltan archivos leafletJS.<\/div><\/div>\n\n\n\n<hr class=\"wp-block-separator alignwide has-text-color has-accent-2-color has-alpha-channel-opacity has-accent-2-background-color has-background eplus-wrapper\" style=\"margin-top:var(--wp--preset--spacing--30);margin-bottom:var(--wp--preset--spacing--30)\"\/>","protected":false},"excerpt":{"rendered":"<p>Museo 1870-1945 Alsacia (FR)<\/p>","protected":false},"author":1,"featured_media":1677,"comment_status":"open","ping_status":"open","sticky":false,"template":"","format":"standard","meta":{"editor_plus_copied_stylings":"{}","pgc_sgb_lightbox_settings":"","_price":"","_stock":"","_tribe_ticket_header":"","_tribe_default_ticket_provider":"","_tribe_ticket_capacity":"0","_ticket_start_date":"","_ticket_end_date":"","_tribe_ticket_show_description":"","_tribe_ticket_show_not_going":false,"_tribe_ticket_use_global_stock":"","_tribe_ticket_global_stock_level":"","_global_stock_mode":"","_global_stock_cap":"","_tribe_rsvp_for_event":"","_tribe_ticket_going_count":"","_tribe_ticket_not_going_count":"","_tribe_tickets_list":"[]","_tribe_ticket_has_attendee_info_fields":false,"_EventAllDay":false,"_EventTimezone":"","_EventStartDate":"","_EventEndDate":"","_EventStartDateUTC":"","_EventEndDateUTC":"","_EventShowMap":false,"_EventShowMapLink":false,"_EventURL":"","_EventCost":"","_EventCostDescription":"","_EventCurrencySymbol":"","_EventCurrencyCode":"","_EventCurrencyPosition":"","_EventDateTimeSeparator":"","_EventTimeRangeSeparator":"","_EventOrganizerID":[],"_EventVenueID":[],"_OrganizerEmail":"","_OrganizerPhone":"","_OrganizerWebsite":"","_VenueAddress":"","_VenueCity":"","_VenueCountry":"","_VenueProvince":"","_VenueState":"","_VenueZip":"","_VenuePhone":"","_VenueURL":"","_VenueStateProvince":"","_VenueLat":"","_VenueLng":"","_VenueShowMap":false,"_VenueShowMapLink":false,"footnotes":""},"categories":[417,36,19,48],"tags":[49,67],"class_list":["post-1674","post","type-post","status-publish","format-standard","has-post-thumbnail","hentry","category-festungen-und-wehrgeschichte-oberrhein-1870-1999","category-festungserbe-oberrhein","category-stationen","category-frankreich","tag-maginot-linie","tag-zweiter-weltkrieg"],"_links":{"self":[{"href":"https:\/\/forte-cultura.com\/es\/wp-json\/wp\/v2\/posts\/1674","targetHints":{"allow":["GET"]}}],"collection":[{"href":"https:\/\/forte-cultura.com\/es\/wp-json\/wp\/v2\/posts"}],"about":[{"href":"https:\/\/forte-cultura.com\/es\/wp-json\/wp\/v2\/types\/post"}],"author":[{"embeddable":true,"href":"https:\/\/forte-cultura.com\/es\/wp-json\/wp\/v2\/users\/1"}],"replies":[{"embeddable":true,"href":"https:\/\/forte-cultura.com\/es\/wp-json\/wp\/v2\/comments?post=1674"}],"version-history":[{"count":0,"href":"https:\/\/forte-cultura.com\/es\/wp-json\/wp\/v2\/posts\/1674\/revisions"}],"wp:featuredmedia":[{"embeddable":true,"href":"https:\/\/forte-cultura.com\/es\/wp-json\/wp\/v2\/media\/1677"}],"wp:attachment":[{"href":"https:\/\/forte-cultura.com\/es\/wp-json\/wp\/v2\/media?parent=1674"}],"wp:term":[{"taxonomy":"category","embeddable":true,"href":"https:\/\/forte-cultura.com\/es\/wp-json\/wp\/v2\/categories?post=1674"},{"taxonomy":"post_tag","embeddable":true,"href":"https:\/\/forte-cultura.com\/es\/wp-json\/wp\/v2\/tags?post=1674"}],"curies":[{"name":"wp","href":"https:\/\/api.w.org\/{rel}","templated":true}]}}