{"id":1035,"date":"2023-12-01T16:40:42","date_gmt":"2023-12-01T15:40:42","guid":{"rendered":"https:\/\/forte-cultura.com\/?p=1035"},"modified":"2025-01-16T09:54:20","modified_gmt":"2025-01-16T08:54:20","slug":"terezin-cz","status":"publish","type":"post","link":"https:\/\/forte-cultura.com\/es\/terezin-cz\/","title":{"rendered":"Terez\u00edn (CZ)"},"content":{"rendered":"<div class=\"wp-block-columns alignwide eplus-wrapper is-layout-flex wp-container-core-columns-is-layout-28f84493 wp-block-columns-is-layout-flex eplus-styles-uid-32de6b\">\n<div class=\"wp-block-column eplus-wrapper is-layout-flow wp-block-column-is-layout-flow\" style=\"flex-basis:100%\"><div class=\"wp-block-columns eplus-wrapper is-layout-flex wp-container-core-columns-is-layout-28f84493 wp-block-columns-is-layout-flex eplus-styles-uid-88868d\">\n<div class=\"wp-block-column eplus-wrapper is-layout-flow wp-block-column-is-layout-flow\" style=\"flex-basis:80%\"><p class=\"eplus-wrapper eplus-styles-uid-e7c803\"><em>Estaci\u00f3n FORTE CULTURA: <a href=\"https:\/\/forte-cultura.com\/kulturerbe-festungsmonumente\/geschichte-des-festungsbaus\/festungsbau-vom-15-19-jahrhundert\/befestigte-idealstadt\/\" data-type=\"page\" data-id=\"2018\">Ciudad ideal fortificada<\/a> Terez\u00edn (CZ)<\/em><\/p>\n\n\n<h2 class=\"wp-block-heading alignwide has-large-font-size eplus-wrapper\"><strong>Obra maestra de los constructores de fortalezas de la monarqu\u00eda de KuK<\/strong><\/h2>\n\n\n\n<h3 class=\"is-style-default wp-block-heading alignwide eplus-wrapper\" style=\"margin-top:var(--wp--preset--spacing--10);margin-bottom:var(--wp--preset--spacing--10);font-size:clamp(1.092rem, 1.092rem + ((1vw - 0.2rem) * 1.013), 1.7rem);\"><em>Fortaleza hist\u00f3rica del Elba y monumento conmemorativo de la Segunda Guerra Mundial <\/em><\/h3>\n\n\n\n<p class=\"eplus-wrapper translation-block\">La fortaleza de Terez\u00edn (Theresienstadt - llamada as\u00ed por Mar\u00eda Teresa), junto con Josefov (Josefstadt - llamada as\u00ed por el emperador Jos\u00e9 II), es una de las obras maestras de los constructores de fortalezas de la Monarqu\u00eda Austroh\u00fangara en el siglo XVIII. Ambas son las llamadas <a href=\"https:\/\/forte-cultura.com\/kulturerbe-festungsmonumente\/geschichte-des-festungsbaus\/festungsbau-vom-15-19-jahrhundert\/befestigte-idealstadt\/\" data-type=\"page\" data-id=\"2018\" target=\"_self\">ciudades ideales fortificadas<\/a>, ciudades militares planificadas por arquitectos e ingenieros militares de pr\u00edncipes absolutistas durante el Renacimiento con una geometr\u00eda en forma de estrella o tablero de ajedrez de las calles y las fortificaciones circundantes.<\/p>\n\n\n\n<p class=\"eplus-wrapper translation-block\">Descubra en excursiones el cintur\u00f3n de bastiones de varios niveles que rodea la estructura rectangular de la ciudad y aprenda m\u00e1s sobre la historia del urbanismo militar. Viva emocionantes acontecimientos hist\u00f3ricos y sum\u00e9rjase en la vida de los soldados del siglo XVIII. Muchos monumentos conmemoran tambi\u00e9n el oscuro cap\u00edtulo de la ciudad, el Holocausto en <strong>Theresienstadt<\/strong>.<\/p>\n<\/div>\n\n\n\n<div class=\"wp-block-column eplus-wrapper is-layout-flow wp-block-column-is-layout-flow\" style=\"flex-basis:20%\"><figure class=\"wp-block-image alignright size-medium eplus-wrapper eplus-styles-uid-7a77bb\"><img loading=\"lazy\" decoding=\"async\" width=\"145\" height=\"300\" src=\"https:\/\/forte-cultura.com\/wp-content\/uploads\/FoCu-Flyer-Boehmen_DE_coverweb-145x300.jpg\" alt=\"\" class=\"wp-image-2765\" srcset=\"https:\/\/forte-cultura.com\/wp-content\/uploads\/FoCu-Flyer-Boehmen_DE_coverweb-145x300.jpg 145w, https:\/\/forte-cultura.com\/wp-content\/uploads\/FoCu-Flyer-Boehmen_DE_coverweb-6x12.jpg 6w, https:\/\/forte-cultura.com\/wp-content\/uploads\/FoCu-Flyer-Boehmen_DE_coverweb-200x415.jpg 200w, https:\/\/forte-cultura.com\/wp-content\/uploads\/FoCu-Flyer-Boehmen_DE_coverweb.jpg 386w\" sizes=\"auto, (max-width: 145px) 100vw, 145px\" \/><figcaption class=\"wp-element-caption\"><a href=\"https:\/\/forte-cultura.com\/wp-content\/uploads\/FoCu-Flyer-Boehmen_EN2023_web.pdf\">Folleto informativo de FORTE CULTURA sobre el patrimonio de fortalezas de Bohemia<\/a><\/figcaption><\/figure><\/div>\n<\/div>\n\n\n<h3 class=\"wp-block-heading has-large-font-size eplus-wrapper\" style=\"margin-top:var(--wp--preset--spacing--20)\">Experiencias en Terez\u00edn<\/h3>\n\n\n<ul class=\"wp-block-list eplus-wrapper eplus-styles-uid-b6fc35\"><li style=\"margin-top:var(--wp--preset--spacing--10);margin-bottom:var(--wp--preset--spacing--10);line-height:1.5\" class=\"eplus-wrapper eplus-styles-uid-1ceed8 translation-block\"><strong>Fortalecimientos bien conservados: <\/strong>Pasea por las fortificaciones mejor conservadas de Europa Central, explora el laberinto de pasillos subterr\u00e1neos y descubre la funci\u00f3n largamente olvidada de las fortificaciones. <a href=\"https:\/\/forte-cultura.com\/kulturerbe-festungsmonumente\/geschichte-des-festungsbaus\/festungsbau-vom-15-19-jahrhundert\/befestigte-idealstadt\/\" data-type=\"page\" data-id=\"2018\" target=\"_self\">La ciudad fortificada ideal = perla de la arquitectura de fortalezas<\/a><\/li>\n\n<li style=\"margin-top:var(--wp--preset--spacing--10);margin-bottom:var(--wp--preset--spacing--10);line-height:1.5\" class=\"eplus-wrapper eplus-styles-uid-1ceed8 translation-block\"><strong>Excitantes recorridos tem\u00e1ticos:<\/strong> Visite las fortificaciones o el casco antiguo central con sus misteriosos edificios militares abandonados. Descubre las historias de la monarqu\u00eda de los Habsburgo y de las generaciones de gente corriente que vivieron aqu\u00ed durante tres siglos.<\/li>\n\n<li style=\"margin-top:var(--wp--preset--spacing--10);margin-bottom:var(--wp--preset--spacing--10);line-height:1.5\" class=\"eplus-wrapper eplus-styles-uid-1ceed8 translation-block\"><strong>Museos y exposiciones:<\/strong> Varios museos y exposiciones te llevan de viaje por la historia de Terez\u00edn y te acercan a la singular fortaleza: desde una ciudad vibrante y llena de vida hasta la triste historia de la Segunda Guerra Mundial.<\/li>\n\n<li style=\"margin-top:var(--wp--preset--spacing--10);margin-bottom:var(--wp--preset--spacing--10);line-height:1.5\" class=\"eplus-wrapper eplus-styles-uid-1ceed8 translation-block\"><strong>Ofertas activas:<\/strong> Senderismo, ciclismo y senderismo acu\u00e1tico: los alrededores ofrecen numerosas oportunidades para experimentar la naturaleza a lo largo del Elba.<\/li>\n\n<li style=\"margin-top:var(--wp--preset--spacing--10);margin-bottom:var(--wp--preset--spacing--10);line-height:1.5\" class=\"eplus-wrapper eplus-styles-uid-1ceed8 translation-block\"><strong>Ambiente \u00fanico:<\/strong>El ambiente especial de la ciudad atrae a cineastas y festivales de m\u00fasica como \u201eBrutal Assault\u201c.<\/li><\/ul>\n\n\n<h3 class=\"wp-block-heading eplus-wrapper\" style=\"margin-top:var(--wp--preset--spacing--30)\">Informaci\u00f3n \u00fatil para su visita a Terez\u00edn<\/h3>\n\n\n\n<p class=\"eplus-wrapper\">La Fortaleza de Terez\u00edn es un monumento muy grande. Sin embargo, las atracciones tur\u00edsticas se encuentran a poca distancia a pie. Le recomendamos que comience su visita a la fortaleza en el centro de informaci\u00f3n local, donde podr\u00e1 obtener toda la informaci\u00f3n que necesite. Las temperaturas en las zonas subterr\u00e1neas rondan los 10\u00b0C. Se recomienda llevar ropa de abrigo para la visita.<\/p>\n\n\n\n<p class=\"eplus-wrapper translation-block\"><strong><a href=\"http:\/\/smart-guide.org\/de\/travelers\/\" target=\"_blank\" rel=\"noreferrer noopener\">SMARTGUIDE<\/a><\/strong>: Descubra la ciudad fortaleza ideal de Terez\u00edn con una audiogu\u00eda en su tel\u00e9fono m\u00f3vil. Varias versiones ling\u00fc\u00edsticas disponibles.<\/p>\n\n\n\n<p class=\"eplus-wrapper translation-block\"><strong>Accesibilidad para personas con discapacidad:<\/strong> Todas nuestras propiedades son accesibles para usuarios de sillas de ruedas, incluidos los pasadizos subterr\u00e1neos de las minas.<\/p>\n\n\n\n<p class=\"eplus-wrapper translation-block\"><strong>Entradas combinadas \/ ofertas especiales:<\/strong> Es posible comprar una entrada conjunta para todas nuestras visitas y exposiciones. <strong>FORTPASS - billete combinado<\/strong> - v\u00e1lido para visitar las fortalezas de Terez\u00edn, Josefov, Vy\u0161ehrad y el Museo de Hradec Kr\u00e1lov\u00e9.<\/p>\n\n\n\n<p class=\"eplus-wrapper\">Amplia gama de visitas guiadas para viajeros individuales, familias y grupos. M\u00e1s informaci\u00f3n en <a href=\"http:\/\/www.pevnost-terezin.cz\" target=\"_blank\" rel=\"noreferrer noopener\">www.pevnost-terezin.cz<\/a>.<\/p>\n<\/div>\n<\/div>\n\n\n<figure class=\"wp-embed-aspect-16-9 wp-has-aspect-ratio wp-block-embed alignwide is-type-video is-provider-youtube wp-block-embed-youtube eplus-wrapper\"><div class=\"wp-block-embed__wrapper\">\n<iframe loading=\"lazy\" title=\"Ciudad Ideal Fortificada de Terez\u00edn (CZ) - Estaci\u00f3n FORTE CULTURA\" width=\"500\" height=\"281\" src=\"https:\/\/www.youtube.com\/embed\/n45MmYiNmvA?feature=oembed\" frameborder=\"0\" allow=\"accelerometer; autoplay; clipboard-write; encrypted-media; gyroscope; picture-in-picture; web-share\" referrerpolicy=\"strict-origin-when-cross-origin\" allowfullscreen><\/iframe>\n<\/div><figcaption class=\"wp-element-caption\">Breve retrato de la ciudad ideal fortificada de Terez\u00edn (CZ) como estaci\u00f3n de FORTE CULTURA - Itinerario Cultural Europeo de Monumentos Fortificados. Muchas gracias al equipo de www.exploreprague.cz y a Michal Pliva por la producci\u00f3n del v\u00eddeo.<\/figcaption><\/figure>\n\n\n\n<hr class=\"wp-block-separator alignwide has-text-color has-accent-2-color has-alpha-channel-opacity has-accent-2-background-color has-background eplus-wrapper\" style=\"margin-top:var(--wp--preset--spacing--30);margin-bottom:var(--wp--preset--spacing--30)\"\/>\n\n\n\n<div class=\"wp-block-group alignwide has-custom-verlauf-1-gradient-background has-background eplus-wrapper has-global-padding is-layout-constrained wp-container-core-group-is-layout-2bcd15f1 wp-block-group-is-layout-constrained\" style=\"border-radius:5px;margin-top:0;margin-bottom:0;padding-top:var(--wp--preset--spacing--30);padding-right:var(--wp--preset--spacing--40);padding-bottom:var(--wp--preset--spacing--30);padding-left:var(--wp--preset--spacing--40)\"><div class=\"wp-block-columns alignwide are-vertically-aligned-center eplus-wrapper is-layout-flex wp-container-core-columns-is-layout-47c06fe3 wp-block-columns-is-layout-flex eplus-styles-uid-f37e09\">\n<div class=\"wp-block-column is-vertically-aligned-center eplus-wrapper is-layout-flow wp-block-column-is-layout-flow\" style=\"flex-basis:44%\">\n<h2 class=\"wp-block-heading eplus-wrapper translation-block\">Monumentos culturales<br>en el Elba<\/h2>\n\n\n\n<p class=\"is-style-checkmark-list eplus-wrapper\">Desde su nacimiento en los Montes Gigantes checos hasta su desembocadura en el Mar del Norte, cerca de Cuxhaven, el r\u00edo Elba conecta 1091 kil\u00f3metros de magn\u00edficos paisajes culturales.<\/p>\n\n\n\n<p class=\"eplus-wrapper translation-block\">Conquista las fortalezas del <strong>FORTE CULTURA Elba<\/strong> y descubre la regi\u00f3n desde una nueva perspectiva.<\/p>\n\n\n\n<div class=\"wp-block-buttons eplus-wrapper is-layout-flex wp-block-buttons-is-layout-flex\"><div class=\"is-style-outline wp-block-button eplus-wrapper is-style-outline--1 eplus-styles-uid-65c680\"><a class=\"wp-block-button__link wp-element-button\" href=\"https:\/\/forte-cultura.com\/kulturerbe-elbe-festungen-de-cz\/\">M\u00e1s informaci\u00f3n<\/a><\/div><\/div>\n<\/div>\n\n\n\n<div class=\"wp-block-column is-vertically-aligned-center eplus-wrapper is-layout-flow wp-container-core-column-is-layout-43dc041e wp-block-column-is-layout-flow\" style=\"padding-top:0;padding-right:0;padding-bottom:0;padding-left:0;flex-basis:56%\">\n<figure class=\"is-style-rounded wp-block-image aligncenter size-full has-custom-border eplus-wrapper is-style-rounded--2\"><img loading=\"lazy\" decoding=\"async\" width=\"1500\" height=\"1043\" src=\"https:\/\/forte-cultura.com\/wp-content\/uploads\/BASISKARTE_Elbe_2021419_web.jpg\" alt=\"\" class=\"wp-image-471\" style=\"border-radius:15px;object-fit:cover\" srcset=\"https:\/\/forte-cultura.com\/wp-content\/uploads\/BASISKARTE_Elbe_2021419_web.jpg 1500w, https:\/\/forte-cultura.com\/wp-content\/uploads\/BASISKARTE_Elbe_2021419_web-300x209.jpg 300w, https:\/\/forte-cultura.com\/wp-content\/uploads\/BASISKARTE_Elbe_2021419_web-1024x712.jpg 1024w, https:\/\/forte-cultura.com\/wp-content\/uploads\/BASISKARTE_Elbe_2021419_web-768x534.jpg 768w, https:\/\/forte-cultura.com\/wp-content\/uploads\/BASISKARTE_Elbe_2021419_web-200x139.jpg 200w\" sizes=\"auto, (max-width: 1500px) 100vw, 1500px\" \/><\/figure>\n<\/div>\n<\/div><\/div>\n\n\n\n<hr class=\"wp-block-separator alignwide has-text-color has-accent-2-color has-alpha-channel-opacity has-accent-2-background-color has-background eplus-wrapper\" style=\"margin-top:var(--wp--preset--spacing--30);margin-bottom:var(--wp--preset--spacing--30)\"\/>\n\n\n\n<h2 class=\"wp-block-heading alignwide eplus-wrapper\">Eventos en la ciudad fortaleza ideal de Terez\u00edn<\/h2>\n\n\n<div class=\"wp-block-columns alignwide eplus-wrapper is-layout-flex wp-container-core-columns-is-layout-28f84493 wp-block-columns-is-layout-flex eplus-styles-uid-f79566\">\n<div class=\"wp-block-column eplus-wrapper is-layout-flow wp-block-column-is-layout-flow\" style=\"flex-basis:100%\">\n<p class=\"eplus-wrapper\"><a href=\"https:\/\/www.pevnost-terezin.cz\/akce-a-novinky\" target=\"_blank\" rel=\"noreferrer noopener\"><strong>Acontecimientos y noticias de Terez\u00edn<\/strong><\/a><\/p>\n<\/div>\n<\/div>\n\n\n<hr class=\"wp-block-separator alignwide has-text-color has-accent-2-color has-alpha-channel-opacity has-accent-2-background-color has-background eplus-wrapper\" style=\"margin-top:var(--wp--preset--spacing--30);margin-bottom:var(--wp--preset--spacing--30)\"\/>\n\n\n<div id=\"travelersmap-container-69f7624db5da2\" class=\"travelersmap-container\" style=\"z-index: 1; min-height: 10px; min-width:10px; height:400px;width:100%; max-width:1280px; max-height:; position:relative;\"><div style=\"position:absolute; z-index:-1;top: 50%;text-align: center;display: block;left: 50%;transform: translate(-50%,-50%);\">Mapa del viajero est\u00e1 cargando...<br>Si ves esto despu\u00e9s de que tu p\u00e1gina se haya cargado completamente, es que faltan archivos leafletJS.<\/div><\/div>\n\n\n\n<hr class=\"wp-block-separator alignwide has-text-color has-accent-2-color has-alpha-channel-opacity has-accent-2-background-color has-background eplus-wrapper\" style=\"margin-top:var(--wp--preset--spacing--30);margin-bottom:var(--wp--preset--spacing--30)\"\/>","protected":false},"excerpt":{"rendered":"<p>Ciudad ideal fortificada: obra maestra de la arquitectura de fortalezas, fortaleza hist\u00f3rica del Elba y monumento conmemorativo de la Segunda Guerra Mundial.<\/p>","protected":false},"author":1,"featured_media":1036,"comment_status":"open","ping_status":"open","sticky":false,"template":"","format":"standard","meta":{"editor_plus_copied_stylings":"{}","pgc_sgb_lightbox_settings":"","_price":"","_stock":"","_tribe_ticket_header":"","_tribe_default_ticket_provider":"","_tribe_ticket_capacity":"0","_ticket_start_date":"","_ticket_end_date":"","_tribe_ticket_show_description":"","_tribe_ticket_show_not_going":false,"_tribe_ticket_use_global_stock":"","_tribe_ticket_global_stock_level":"","_global_stock_mode":"","_global_stock_cap":"","_tribe_rsvp_for_event":"","_tribe_ticket_going_count":"","_tribe_ticket_not_going_count":"","_tribe_tickets_list":"[]","_tribe_ticket_has_attendee_info_fields":false,"_EventAllDay":false,"_EventTimezone":"","_EventStartDate":"","_EventEndDate":"","_EventStartDateUTC":"","_EventEndDateUTC":"","_EventShowMap":false,"_EventShowMapLink":false,"_EventURL":"","_EventCost":"","_EventCostDescription":"","_EventCurrencySymbol":"","_EventCurrencyCode":"","_EventCurrencyPosition":"","_EventDateTimeSeparator":"","_EventTimeRangeSeparator":"","_EventOrganizerID":[],"_EventVenueID":[],"_OrganizerEmail":"","_OrganizerPhone":"","_OrganizerWebsite":"","_VenueAddress":"","_VenueCity":"","_VenueCountry":"","_VenueProvince":"","_VenueState":"","_VenueZip":"","_VenuePhone":"","_VenueURL":"","_VenueStateProvince":"","_VenueLat":"","_VenueLng":"","_VenueShowMap":false,"_VenueShowMapLink":false,"footnotes":""},"categories":[24,39,22,469,19,452,74],"tags":[54,42,461,85,460,55,84,463,462,453,454,67],"class_list":["post-1035","post","type-post","status-publish","format-standard","has-post-thumbnail","hentry","category-befestigte-idealstadt","category-elbe-festungen","category-festungserbe","category-fluesse-und-meer","category-stationen","category-kaiserliche-festungen-boehmen","category-tschechische-republik","tag-boehmen","tag-elbe","tag-familie","tag-holocaust","tag-kids","tag-kuk-monarchie","tag-mahnmal","tag-museum","tag-reenactment","tag-terezin","tag-theresienstadt","tag-zweiter-weltkrieg"],"_links":{"self":[{"href":"https:\/\/forte-cultura.com\/es\/wp-json\/wp\/v2\/posts\/1035","targetHints":{"allow":["GET"]}}],"collection":[{"href":"https:\/\/forte-cultura.com\/es\/wp-json\/wp\/v2\/posts"}],"about":[{"href":"https:\/\/forte-cultura.com\/es\/wp-json\/wp\/v2\/types\/post"}],"author":[{"embeddable":true,"href":"https:\/\/forte-cultura.com\/es\/wp-json\/wp\/v2\/users\/1"}],"replies":[{"embeddable":true,"href":"https:\/\/forte-cultura.com\/es\/wp-json\/wp\/v2\/comments?post=1035"}],"version-history":[{"count":0,"href":"https:\/\/forte-cultura.com\/es\/wp-json\/wp\/v2\/posts\/1035\/revisions"}],"wp:featuredmedia":[{"embeddable":true,"href":"https:\/\/forte-cultura.com\/es\/wp-json\/wp\/v2\/media\/1036"}],"wp:attachment":[{"href":"https:\/\/forte-cultura.com\/es\/wp-json\/wp\/v2\/media?parent=1035"}],"wp:term":[{"taxonomy":"category","embeddable":true,"href":"https:\/\/forte-cultura.com\/es\/wp-json\/wp\/v2\/categories?post=1035"},{"taxonomy":"post_tag","embeddable":true,"href":"https:\/\/forte-cultura.com\/es\/wp-json\/wp\/v2\/tags?post=1035"}],"curies":[{"name":"wp","href":"https:\/\/api.w.org\/{rel}","templated":true}]}}