{"id":1035,"date":"2023-12-01T16:40:42","date_gmt":"2023-12-01T15:40:42","guid":{"rendered":"https:\/\/forte-cultura.com\/?p=1035"},"modified":"2025-01-16T09:54:20","modified_gmt":"2025-01-16T08:54:20","slug":"terezin-cz","status":"publish","type":"post","link":"https:\/\/forte-cultura.com\/en\/terezin-cz\/","title":{"rendered":"Terez\u00edn (CZ)"},"content":{"rendered":"<div class=\"wp-block-columns alignwide eplus-wrapper is-layout-flex wp-container-core-columns-is-layout-28f84493 wp-block-columns-is-layout-flex eplus-styles-uid-32de6b\">\n<div class=\"wp-block-column eplus-wrapper is-layout-flow wp-block-column-is-layout-flow\" style=\"flex-basis:100%\"><div class=\"wp-block-columns eplus-wrapper is-layout-flex wp-container-core-columns-is-layout-28f84493 wp-block-columns-is-layout-flex eplus-styles-uid-88868d\">\n<div class=\"wp-block-column eplus-wrapper is-layout-flow wp-block-column-is-layout-flow\" style=\"flex-basis:80%\"><p class=\"eplus-wrapper eplus-styles-uid-e7c803\"><em>FORTE CULTURA Station: <a href=\"https:\/\/forte-cultura.com\/kulturerbe-festungsmonumente\/geschichte-des-festungsbaus\/festungsbau-vom-15-19-jahrhundert\/befestigte-idealstadt\/\" data-type=\"page\" data-id=\"2018\">Fortified ideal city<\/a> Terez\u00edn (CZ)<\/em><\/p>\n\n\n<h2 class=\"wp-block-heading alignwide has-large-font-size eplus-wrapper\"><strong>Masterpiece of the fortress builders of the KuK monarchy<\/strong><\/h2>\n\n\n\n<h3 class=\"is-style-default wp-block-heading alignwide eplus-wrapper\" style=\"margin-top:var(--wp--preset--spacing--10);margin-bottom:var(--wp--preset--spacing--10);font-size:clamp(1.092rem, 1.092rem + ((1vw - 0.2rem) * 1.013), 1.7rem);\"><em>Historic Elbe fortress and memorial to the Second World War <\/em><\/h3>\n\n\n\n<p class=\"eplus-wrapper translation-block\">Discover the multi-levelled bastion belt around the rectangular city structure on excursions and learn more about the history of military town planning. Experience exciting historical events and immerse yourself in the life of soldiers in the 18th century. Many memorials also commemorate the dark chapter of the city, the Holocaust in <strong>Theresienstadt<\/strong>.<\/p>\n\n\n\n<p class=\"eplus-wrapper translation-block\">Discover the multi-levelled bastion belt around the rectangular city structure on excursions and learn more about the history of military town planning. Experience exciting historical events and immerse yourself in the life of soldiers in the 18th century. Many memorials also commemorate the dark chapter of the city, the Holocaust in <strong>Theresienstadt<\/strong>.<\/p>\n<\/div>\n\n\n\n<div class=\"wp-block-column eplus-wrapper is-layout-flow wp-block-column-is-layout-flow\" style=\"flex-basis:20%\"><figure class=\"wp-block-image alignright size-medium eplus-wrapper eplus-styles-uid-7a77bb\"><img loading=\"lazy\" decoding=\"async\" width=\"145\" height=\"300\" src=\"https:\/\/forte-cultura.com\/wp-content\/uploads\/FoCu-Flyer-Boehmen_DE_coverweb-145x300.jpg\" alt=\"\" class=\"wp-image-2765\" srcset=\"https:\/\/forte-cultura.com\/wp-content\/uploads\/FoCu-Flyer-Boehmen_DE_coverweb-145x300.jpg 145w, https:\/\/forte-cultura.com\/wp-content\/uploads\/FoCu-Flyer-Boehmen_DE_coverweb-6x12.jpg 6w, https:\/\/forte-cultura.com\/wp-content\/uploads\/FoCu-Flyer-Boehmen_DE_coverweb-200x415.jpg 200w, https:\/\/forte-cultura.com\/wp-content\/uploads\/FoCu-Flyer-Boehmen_DE_coverweb.jpg 386w\" sizes=\"auto, (max-width: 145px) 100vw, 145px\" \/><figcaption class=\"wp-element-caption\"><a href=\"https:\/\/forte-cultura.com\/wp-content\/uploads\/FoCu-Flyer-Boehmen_EN2023_web.pdf\">FORTE CULTURA information flyer on the fortress heritage of Bohemia<\/a><\/figcaption><\/figure><\/div>\n<\/div>\n\n\n<h3 class=\"wp-block-heading has-large-font-size eplus-wrapper\" style=\"margin-top:var(--wp--preset--spacing--20)\">Experiences in Terez\u00edn<\/h3>\n\n\n<ul class=\"wp-block-list eplus-wrapper eplus-styles-uid-b6fc35\"><li style=\"margin-top:var(--wp--preset--spacing--10);margin-bottom:var(--wp--preset--spacing--10);line-height:1.5\" class=\"eplus-wrapper eplus-styles-uid-1ceed8 translation-block\"><strong>Well-preserved fortifications: <\/strong>Walk through the best-preserved fortifications in Central Europe, explore the labyrinth of underground corridors and discover the long-forgotten function of the fortifications. <a href=\"https:\/\/forte-cultura.com\/kulturerbe-festungsmonumente\/geschichte-des-festungsbaus\/festungsbau-vom-15-19-jahrhundert\/befestigte-idealstadt\/\" data-type=\"page\" data-id=\"2018\" target=\"_self\">The ideal fortified city = pearl of fortified architecture<\/a><\/li>\n\n<li style=\"margin-top:var(--wp--preset--spacing--10);margin-bottom:var(--wp--preset--spacing--10);line-height:1.5\" class=\"eplus-wrapper eplus-styles-uid-1ceed8 translation-block\"><strong>Exciting themed tours:<\/strong> Visit the fortifications or the central old town with its mysterious abandoned military buildings. Discover the stories of the Habsburg monarchy and the generations of ordinary people who lived here for three centuries.<\/li>\n\n<li style=\"margin-top:var(--wp--preset--spacing--10);margin-bottom:var(--wp--preset--spacing--10);line-height:1.5\" class=\"eplus-wrapper eplus-styles-uid-1ceed8 translation-block\"><strong>Museums and exhibitions:<\/strong> Several museums and exhibitions take you into the history of Terez\u00edn and bring you closer to the unique fortress - from a vibrant and lively city to the sad history of the Second World War.<\/li>\n\n<li style=\"margin-top:var(--wp--preset--spacing--10);margin-bottom:var(--wp--preset--spacing--10);line-height:1.5\" class=\"eplus-wrapper eplus-styles-uid-1ceed8 translation-block\"><strong>Active offers:<\/strong> Hiking, cycling and water hiking - the surrounding area offers numerous opportunities to experience nature along the Elbe.<\/li>\n\n<li style=\"margin-top:var(--wp--preset--spacing--10);margin-bottom:var(--wp--preset--spacing--10);line-height:1.5\" class=\"eplus-wrapper eplus-styles-uid-1ceed8 translation-block\"><strong>Unique atmosphere: <\/strong>The city's special atmosphere attracts filmmakers and music festivals such as \"Brutal Assault\".<\/li><\/ul>\n\n\n<h3 class=\"wp-block-heading eplus-wrapper\" style=\"margin-top:var(--wp--preset--spacing--30)\">Useful information for your visit to Terez\u00edn<\/h3>\n\n\n\n<p class=\"eplus-wrapper\">The Terez\u00edn fortress is a very large monument. However, the tourist attractions are within easy walking distance. We recommend that you start your tour of the fortress at the local information centre, where you can get all the information you need. Temperatures in the underground areas are around 10\u00b0C. It is recommended that you bring warm clothing for the tour.<\/p>\n\n\n\n<p class=\"eplus-wrapper translation-block\"><strong><a href=\"http:\/\/smart-guide.org\/de\/travelers\/\" target=\"_blank\" rel=\"noreferrer noopener\">SMARTGUIDE<\/a><\/strong>: Discover the ideal fortress city of Terez\u00edn with an audio guide on your mobile phone. Several language versions available.<\/p>\n\n\n\n<p class=\"eplus-wrapper translation-block\"><strong>Accessibility for people with disabilities:<\/strong> All our properties are accessible for wheelchair users - including underground mine passages.<\/p>\n\n\n\n<p class=\"eplus-wrapper translation-block\"><strong>Combined tickets \/ special offers:<\/strong> It is possible to buy a joint ticket for all our tours and exhibitions. <strong>FORTPASS - combined ticket<\/strong> - valid for visits to Terez\u00edn, Josefov, Vy\u0161ehrad fortresses and Hradec Kr\u00e1lov\u00e9 Museum.<\/p>\n\n\n\n<p class=\"eplus-wrapper\">Wide range of guided tours for individual travellers, families and groups. Information and booking via <a href=\"http:\/\/www.pevnost-terezin.cz\" target=\"_blank\" rel=\"noreferrer noopener\">www.pevnost-terezin.cz<\/a>.<\/p>\n<\/div>\n<\/div>\n\n\n<figure class=\"wp-embed-aspect-16-9 wp-has-aspect-ratio wp-block-embed alignwide is-type-video is-provider-youtube wp-block-embed-youtube eplus-wrapper\"><div class=\"wp-block-embed__wrapper\">\n<iframe loading=\"lazy\" title=\"Fortified Ideal City Terez\u00edn (CZ) - FORTE CULTURA Station\" width=\"500\" height=\"281\" src=\"https:\/\/www.youtube.com\/embed\/n45MmYiNmvA?feature=oembed\" frameborder=\"0\" allow=\"accelerometer; autoplay; clipboard-write; encrypted-media; gyroscope; picture-in-picture; web-share\" referrerpolicy=\"strict-origin-when-cross-origin\" allowfullscreen><\/iframe>\n<\/div><figcaption class=\"wp-element-caption\">Short portrait of the fortified ideal city of Terez\u00edn (CZ) as a station of FORTE CULTURA - European Cultural Route of Fortified Monuments. Many thanks to the team of www.exploreprague.cz and Michal Pliva for the video production.<\/figcaption><\/figure>\n\n\n\n<hr class=\"wp-block-separator alignwide has-text-color has-accent-2-color has-alpha-channel-opacity has-accent-2-background-color has-background eplus-wrapper\" style=\"margin-top:var(--wp--preset--spacing--30);margin-bottom:var(--wp--preset--spacing--30)\"\/>\n\n\n\n<div class=\"wp-block-group alignwide has-custom-verlauf-1-gradient-background has-background eplus-wrapper has-global-padding is-layout-constrained wp-container-core-group-is-layout-2bcd15f1 wp-block-group-is-layout-constrained\" style=\"border-radius:5px;margin-top:0;margin-bottom:0;padding-top:var(--wp--preset--spacing--30);padding-right:var(--wp--preset--spacing--40);padding-bottom:var(--wp--preset--spacing--30);padding-left:var(--wp--preset--spacing--40)\"><div class=\"wp-block-columns alignwide are-vertically-aligned-center eplus-wrapper is-layout-flex wp-container-core-columns-is-layout-47c06fe3 wp-block-columns-is-layout-flex eplus-styles-uid-f37e09\">\n<div class=\"wp-block-column is-vertically-aligned-center eplus-wrapper is-layout-flow wp-block-column-is-layout-flow\" style=\"flex-basis:44%\">\n<h2 class=\"wp-block-heading eplus-wrapper translation-block\">Cultural ribbon<br>fortified monuments<br>on the Elbe river<\/h2>\n\n\n\n<p class=\"is-style-checkmark-list eplus-wrapper\">From its source in the Czech Giant Mountains to its mouth in the North Sea near Cuxhaven, the Elbe river connects 1091 kilometres of magnificent cultural landscapes.<\/p>\n\n\n\n<p class=\"eplus-wrapper translation-block\">Conquer the <strong>FORTE CULTURA Elbe fortresses<\/strong> and discover the region from a new perspective.<\/p>\n\n\n\n<div class=\"wp-block-buttons eplus-wrapper is-layout-flex wp-block-buttons-is-layout-flex\"><div class=\"is-style-outline wp-block-button eplus-wrapper is-style-outline--1 eplus-styles-uid-65c680\"><a class=\"wp-block-button__link wp-element-button\" href=\"https:\/\/forte-cultura.com\/kulturerbe-elbe-festungen-de-cz\/\">Learn more<\/a><\/div><\/div>\n<\/div>\n\n\n\n<div class=\"wp-block-column is-vertically-aligned-center eplus-wrapper is-layout-flow wp-container-core-column-is-layout-43dc041e wp-block-column-is-layout-flow\" style=\"padding-top:0;padding-right:0;padding-bottom:0;padding-left:0;flex-basis:56%\">\n<figure class=\"is-style-rounded wp-block-image aligncenter size-full has-custom-border eplus-wrapper is-style-rounded--2\"><img loading=\"lazy\" decoding=\"async\" width=\"1500\" height=\"1043\" src=\"https:\/\/forte-cultura.com\/wp-content\/uploads\/BASISKARTE_Elbe_2021419_web.jpg\" alt=\"\" class=\"wp-image-471\" style=\"border-radius:15px;object-fit:cover\" srcset=\"https:\/\/forte-cultura.com\/wp-content\/uploads\/BASISKARTE_Elbe_2021419_web.jpg 1500w, https:\/\/forte-cultura.com\/wp-content\/uploads\/BASISKARTE_Elbe_2021419_web-300x209.jpg 300w, https:\/\/forte-cultura.com\/wp-content\/uploads\/BASISKARTE_Elbe_2021419_web-1024x712.jpg 1024w, https:\/\/forte-cultura.com\/wp-content\/uploads\/BASISKARTE_Elbe_2021419_web-768x534.jpg 768w, https:\/\/forte-cultura.com\/wp-content\/uploads\/BASISKARTE_Elbe_2021419_web-200x139.jpg 200w\" sizes=\"auto, (max-width: 1500px) 100vw, 1500px\" \/><\/figure>\n<\/div>\n<\/div><\/div>\n\n\n\n<hr class=\"wp-block-separator alignwide has-text-color has-accent-2-color has-alpha-channel-opacity has-accent-2-background-color has-background eplus-wrapper\" style=\"margin-top:var(--wp--preset--spacing--30);margin-bottom:var(--wp--preset--spacing--30)\"\/>\n\n\n\n<h2 class=\"wp-block-heading alignwide eplus-wrapper\">Events in the ideal fortress town of Terez\u00edn<\/h2>\n\n\n<div class=\"wp-block-columns alignwide eplus-wrapper is-layout-flex wp-container-core-columns-is-layout-28f84493 wp-block-columns-is-layout-flex eplus-styles-uid-f79566\">\n<div class=\"wp-block-column eplus-wrapper is-layout-flow wp-block-column-is-layout-flow\" style=\"flex-basis:100%\">\n<p class=\"eplus-wrapper\"><a href=\"https:\/\/www.pevnost-terezin.cz\/akce-a-novinky\" target=\"_blank\" rel=\"noreferrer noopener\"><strong>Events and news from Terez\u00edn<\/strong><\/a><\/p>\n<\/div>\n<\/div>\n\n\n<hr class=\"wp-block-separator alignwide has-text-color has-accent-2-color has-alpha-channel-opacity has-accent-2-background-color has-background eplus-wrapper\" style=\"margin-top:var(--wp--preset--spacing--30);margin-bottom:var(--wp--preset--spacing--30)\"\/>\n\n\n<div id=\"travelersmap-container-69f5eb3d0a1af\" class=\"travelersmap-container\" style=\"z-index: 1; min-height: 10px; min-width:10px; height:400px;width:100%; max-width:1280px; max-height:; position:relative;\"><div style=\"position:absolute; z-index:-1;top: 50%;text-align: center;display: block;left: 50%;transform: translate(-50%,-50%);\">Travellers' Map is loading...<br>If you see this after your page is loaded completely, leafletJS files are missing.<\/div><\/div>\n\n\n\n<hr class=\"wp-block-separator alignwide has-text-color has-accent-2-color has-alpha-channel-opacity has-accent-2-background-color has-background eplus-wrapper\" style=\"margin-top:var(--wp--preset--spacing--30);margin-bottom:var(--wp--preset--spacing--30)\"\/>","protected":false},"excerpt":{"rendered":"<p>Fortified ideal city: masterpiece of fortress architecture, historic Elbe fortress and memorial to the Second World War<\/p>","protected":false},"author":1,"featured_media":1036,"comment_status":"open","ping_status":"open","sticky":false,"template":"","format":"standard","meta":{"editor_plus_copied_stylings":"{}","pgc_sgb_lightbox_settings":"","_price":"","_stock":"","_tribe_ticket_header":"","_tribe_default_ticket_provider":"","_tribe_ticket_capacity":"0","_ticket_start_date":"","_ticket_end_date":"","_tribe_ticket_show_description":"","_tribe_ticket_show_not_going":false,"_tribe_ticket_use_global_stock":"","_tribe_ticket_global_stock_level":"","_global_stock_mode":"","_global_stock_cap":"","_tribe_rsvp_for_event":"","_tribe_ticket_going_count":"","_tribe_ticket_not_going_count":"","_tribe_tickets_list":"[]","_tribe_ticket_has_attendee_info_fields":false,"_EventAllDay":false,"_EventTimezone":"","_EventStartDate":"","_EventEndDate":"","_EventStartDateUTC":"","_EventEndDateUTC":"","_EventShowMap":false,"_EventShowMapLink":false,"_EventURL":"","_EventCost":"","_EventCostDescription":"","_EventCurrencySymbol":"","_EventCurrencyCode":"","_EventCurrencyPosition":"","_EventDateTimeSeparator":"","_EventTimeRangeSeparator":"","_EventOrganizerID":[],"_EventVenueID":[],"_OrganizerEmail":"","_OrganizerPhone":"","_OrganizerWebsite":"","_VenueAddress":"","_VenueCity":"","_VenueCountry":"","_VenueProvince":"","_VenueState":"","_VenueZip":"","_VenuePhone":"","_VenueURL":"","_VenueStateProvince":"","_VenueLat":"","_VenueLng":"","_VenueShowMap":false,"_VenueShowMapLink":false,"footnotes":""},"categories":[24,39,22,469,19,452,74],"tags":[54,42,461,85,460,55,84,463,462,453,454,67],"class_list":["post-1035","post","type-post","status-publish","format-standard","has-post-thumbnail","hentry","category-befestigte-idealstadt","category-elbe-festungen","category-festungserbe","category-fluesse-und-meer","category-stationen","category-kaiserliche-festungen-boehmen","category-tschechische-republik","tag-boehmen","tag-elbe","tag-familie","tag-holocaust","tag-kids","tag-kuk-monarchie","tag-mahnmal","tag-museum","tag-reenactment","tag-terezin","tag-theresienstadt","tag-zweiter-weltkrieg"],"_links":{"self":[{"href":"https:\/\/forte-cultura.com\/en\/wp-json\/wp\/v2\/posts\/1035","targetHints":{"allow":["GET"]}}],"collection":[{"href":"https:\/\/forte-cultura.com\/en\/wp-json\/wp\/v2\/posts"}],"about":[{"href":"https:\/\/forte-cultura.com\/en\/wp-json\/wp\/v2\/types\/post"}],"author":[{"embeddable":true,"href":"https:\/\/forte-cultura.com\/en\/wp-json\/wp\/v2\/users\/1"}],"replies":[{"embeddable":true,"href":"https:\/\/forte-cultura.com\/en\/wp-json\/wp\/v2\/comments?post=1035"}],"version-history":[{"count":0,"href":"https:\/\/forte-cultura.com\/en\/wp-json\/wp\/v2\/posts\/1035\/revisions"}],"wp:featuredmedia":[{"embeddable":true,"href":"https:\/\/forte-cultura.com\/en\/wp-json\/wp\/v2\/media\/1036"}],"wp:attachment":[{"href":"https:\/\/forte-cultura.com\/en\/wp-json\/wp\/v2\/media?parent=1035"}],"wp:term":[{"taxonomy":"category","embeddable":true,"href":"https:\/\/forte-cultura.com\/en\/wp-json\/wp\/v2\/categories?post=1035"},{"taxonomy":"post_tag","embeddable":true,"href":"https:\/\/forte-cultura.com\/en\/wp-json\/wp\/v2\/tags?post=1035"}],"curies":[{"name":"wp","href":"https:\/\/api.w.org\/{rel}","templated":true}]}}