{"id":698,"date":"2023-11-24T16:39:12","date_gmt":"2023-11-24T15:39:12","guid":{"rendered":"https:\/\/forte-cultura.com\/?p=698"},"modified":"2026-01-02T15:57:54","modified_gmt":"2026-01-02T14:57:54","slug":"ingolstadt-de","status":"publish","type":"post","link":"https:\/\/forte-cultura.com\/de_de\/ingolstadt-de\/","title":{"rendered":"Ingolstadt (DE)"},"content":{"rendered":"<div class=\"wp-block-columns alignwide eplus-wrapper is-layout-flex wp-container-core-columns-is-layout-28f84493 wp-block-columns-is-layout-flex eplus-styles-uid-ceb21c\">\n<div class=\"wp-block-column eplus-wrapper is-layout-flow wp-block-column-is-layout-flow\" style=\"flex-basis:100%\"><div class=\"wp-block-columns eplus-wrapper is-layout-flex wp-container-core-columns-is-layout-658170e2 wp-block-columns-is-layout-flex eplus-styles-uid-defca6\">\n<div class=\"wp-block-column eplus-wrapper is-layout-flow wp-container-core-column-is-layout-e3d1c41b wp-block-column-is-layout-flow\" style=\"flex-basis:80%\"><p class=\" eplus-wrapper eplus-styles-uid-e7c803\"><em>FORTE CULTURA Station: Bayerische Landesfestung Ingolstadt (DE)<\/em><\/p>\n\n\n<h2 class=\" wp-block-heading alignwide has-large-font-size eplus-wrapper\"><strong>Die\u00a0<em>Schanz<\/em>\u00a0&#8211; Gro\u00dffestungssystem an der Donau<\/strong><\/h2>\n\n\n\n<h3 class=\"is-style-default wp-block-heading alignwide eplus-wrapper\" style=\"margin-top:var(--wp--preset--spacing--10);margin-bottom:var(--wp--preset--spacing--10);font-size:clamp(1.092rem, 1.092rem + ((1vw - 0.2rem) * 1.013), 1.7rem);\"><em>Festungsgeschichte und Moderne in der Stadt der Transformation entdecken<\/em><\/h3>\n\n\n\n<p class=\" eplus-wrapper\">Ingolstadt beeindruckt mit seiner architektonischen Pracht und reichen Geschichte. Ab dem 13. Jahrhundert befestigt und stetig ausgebaut, setzte die\u00a0<strong>k\u00f6niglich bayerische Landesfestung<\/strong>\u00a0im 19. Jahrhundert neue Ma\u00dfst\u00e4be als damals modernste polygonale Befestigungsanlage. Zwei Befestigungsringe mit \u00fcber 30 Au\u00dfenforts bilden die vorgelagerten Barrieren des Gro\u00dffestungssystems.<\/p>\n\n\n\n<p class=\" eplus-wrapper\">Besuchen Sie das Bayerische Armeemuseum im sp\u00e4tmittelalterlichen Neuen Schloss, der ehemaligen Zitadelle der Landesfestung. Oder schlendern Sie entlang der mittelalterlichen und neuzeitlichen Stadtumwallungen und genie\u00dfen Sie die vielen Spazierwege im Glacis oder am K\u00fcnettegraben. Wechseln Sie auch auf die s\u00fcdliche Donauseite und erkunden Sie das klassizistische Reduit Tilly, das Kernst\u00fcck des Br\u00fcckenkopfes mit den beiden Flankenbatterien und dem Klenzepark.<\/p>\n\n\n\n<p class=\" eplus-wrapper\">Entdecken Sie mit FORTE CULTURA Ingolstadt, die\u00a0<em>Stadt der Transformation<\/em>, wo sich Festungsgeschichte und Moderne auf faszinierende Weise verbinden.<\/p>\n<\/div>\n\n\n\n<div class=\"wp-block-column is-vertically-aligned-center eplus-wrapper is-layout-flow wp-container-core-column-is-layout-8a368f38 wp-block-column-is-layout-flow\" style=\"flex-basis:17%\"><figure class=\" wp-block-image aligncenter size-full is-resized eplus-wrapper eplus-styles-uid-9d7510\"><a href=\"https:\/\/forte-cultura.com\/wp-content\/uploads\/FoCu-Flyer-ING_DE_20240318-web.pdf\" target=\"_blank\" rel=\"noreferrer noopener\"><img loading=\"lazy\" decoding=\"async\" width=\"380\" height=\"791\" src=\"https:\/\/forte-cultura.com\/wp-content\/uploads\/Ingolstadt_coverDEweb.jpg\" alt=\"\" class=\"wp-image-2679\" style=\"width:125px\" srcset=\"https:\/\/forte-cultura.com\/wp-content\/uploads\/Ingolstadt_coverDEweb.jpg 380w, https:\/\/forte-cultura.com\/wp-content\/uploads\/Ingolstadt_coverDEweb-144x300.jpg 144w, https:\/\/forte-cultura.com\/wp-content\/uploads\/Ingolstadt_coverDEweb-6x12.jpg 6w, https:\/\/forte-cultura.com\/wp-content\/uploads\/Ingolstadt_coverDEweb-200x416.jpg 200w\" sizes=\"auto, (max-width: 380px) 100vw, 380px\" \/><\/a><figcaption class=\"wp-element-caption\">FORTE CULTURA Info-Flyer <a href=\"https:\/\/forte-cultura.com\/wp-content\/uploads\/FoCu-Flyer-ING_DE_20240318-web.pdf\" data-type=\"attachment\" data-id=\"2681\" target=\"_blank\" rel=\"noreferrer noopener\">Festungssystem Ingolstadt<\/a><\/figcaption><\/figure><\/div>\n<\/div>\n\n\n<div class=\"wp-block-kadence-spacer aligncenter kt-block-spacer-698_a4b6ab-5b\"><div class=\"kt-block-spacer kt-block-spacer-halign-center\"><hr class=\"kt-divider\"><\/div><\/div>\n\n\n<div class=\"wp-block-columns eplus-wrapper is-layout-flex wp-container-core-columns-is-layout-28f84493 wp-block-columns-is-layout-flex eplus-styles-uid-e38828\">\n<div class=\"wp-block-column eplus-wrapper is-layout-flow wp-block-column-is-layout-flow\" style=\"flex-basis:7.8%\">\n<figure class=\" wp-block-image size-full is-resized eplus-wrapper\"><img loading=\"lazy\" decoding=\"async\" width=\"445\" height=\"483\" src=\"https:\/\/forte-cultura.com\/wp-content\/uploads\/portrait-icon_EN-2.png\" alt=\"\" class=\"wp-image-1410\" style=\"width:89px;height:auto\" srcset=\"https:\/\/forte-cultura.com\/wp-content\/uploads\/portrait-icon_EN-2.png 445w, https:\/\/forte-cultura.com\/wp-content\/uploads\/portrait-icon_EN-2-276x300.png 276w, https:\/\/forte-cultura.com\/wp-content\/uploads\/portrait-icon_EN-2-200x217.png 200w\" sizes=\"auto, (max-width: 445px) 100vw, 445px\" \/><\/figure>\n<\/div>\n\n\n\n<div class=\"wp-block-column is-vertically-aligned-bottom eplus-wrapper is-layout-flow wp-block-column-is-layout-flow\" style=\"flex-basis:90%\">\n<h2 class=\"wp-block-heading has-custom-farbe-1-color has-text-color has-link-color has-large-font-size eplus-wrapper wp-elements-48d81d3fecd8a1ee2f8ef52a313e44d4\"><strong>Lernen Sie die Bayerische Landesfestung Ingolstadt an der Donau kennen:<\/strong><\/h2>\n<\/div>\n<\/div>\n\n\n<div class=\"wp-block-kadence-accordion aligncenter\"><div class=\"kt-accordion-wrap kt-accordion-id698_c6e38b-a5 kt-accordion-has-6-panes kt-active-pane-0 kt-accordion-block kt-pane-header-alignment-left kt-accodion-icon-style-arrow kt-accodion-icon-side-left\" style=\"max-width:none\"><div class=\"kt-accordion-inner-wrap\" data-allow-multiple-open=\"true\" data-start-open=\"none\">\n<div class=\"wp-block-kadence-pane kt-accordion-pane kt-accordion-pane-1 kt-pane698_e3ee68-64\"><div class=\"kt-accordion-header-wrap\"><button class=\"kt-blocks-accordion-header kt-acccordion-button-label-show\" type=\"button\"><span class=\"kt-blocks-accordion-title-wrap\"><span class=\"kt-blocks-accordion-title\">Monument und Erlebnis<\/span><\/span><span class=\"kt-blocks-accordion-icon-trigger\"><\/span><\/button><\/div><div class=\"kt-accordion-panel kt-accordion-panel-hidden\"><div class=\"kt-accordion-panel-inner\"><div class=\"wp-block-columns is-not-stacked-on-mobile has-background eplus-wrapper is-layout-flex wp-container-core-columns-is-layout-6fff4716 wp-block-columns-is-layout-flex eplus-styles-uid-27514d\" style=\"border-radius:5px;background:linear-gradient(0deg,rgb(228,222,208) 0%,rgb(242,236,221) 52%,rgb(228,222,208) 95%);margin-bottom:10px\">\n<div class=\"wp-block-column is-vertically-aligned-center eplus-wrapper is-layout-flow wp-block-column-is-layout-flow\" style=\"flex-basis:4.4%\">\n<figure class=\" wp-block-image aligncenter size-large is-resized eplus-wrapper\"><img loading=\"lazy\" decoding=\"async\" width=\"1024\" height=\"981\" src=\"https:\/\/forte-cultura.com\/wp-content\/uploads\/grossfestung_mittel-1024x981.png\" alt=\"\" class=\"wp-image-1909\" style=\"width:52px;height:auto\" srcset=\"https:\/\/forte-cultura.com\/wp-content\/uploads\/grossfestung_mittel-1024x981.png 1024w, https:\/\/forte-cultura.com\/wp-content\/uploads\/grossfestung_mittel-300x287.png 300w, https:\/\/forte-cultura.com\/wp-content\/uploads\/grossfestung_mittel-768x735.png 768w, https:\/\/forte-cultura.com\/wp-content\/uploads\/grossfestung_mittel-1536x1471.png 1536w, https:\/\/forte-cultura.com\/wp-content\/uploads\/grossfestung_mittel-13x12.png 13w, https:\/\/forte-cultura.com\/wp-content\/uploads\/grossfestung_mittel-200x192.png 200w, https:\/\/forte-cultura.com\/wp-content\/uploads\/grossfestung_mittel.png 1771w\" sizes=\"auto, (max-width: 1024px) 100vw, 1024px\" \/><\/figure>\n<\/div>\n\n\n\n<div class=\"wp-block-column is-vertically-aligned-center eplus-wrapper is-layout-flow wp-block-column-is-layout-flow\" style=\"flex-basis:90%\">\n<p style=\"font-size:clamp(0.875rem, 0.875rem + ((1vw - 0.2rem) * 0.125), 0.95rem);\" class=\" eplus-wrapper\"><em>Ingolstadt war ein <strong><a href=\"https:\/\/forte-cultura.com\/kulturerbe-festungsmonumente\/geschichte-des-festungsbaus\/festungsbau-vom-15-19-jahrhundert\/grossfestungen\/\" data-type=\"page\" data-id=\"2128\">Gro\u00dffestungssystem<\/a><\/strong>, bestehend aus Stadtbefestigungen sowie zwei Ringen aus Au\u00dfenforts.<\/em><\/p>\n<\/div>\n<\/div>\n\n<div class=\"wp-block-columns has-border-color has-accent-border-color has-base-background-color has-background eplus-wrapper is-layout-flex wp-container-core-columns-is-layout-88ebb0ee wp-block-columns-is-layout-flex eplus-styles-uid-6f12b8\" style=\"border-width:1px;border-radius:5px;padding-top:var(--wp--preset--spacing--10);padding-right:var(--wp--preset--spacing--10);padding-bottom:var(--wp--preset--spacing--10);padding-left:var(--wp--preset--spacing--10)\">\n<div class=\"wp-block-column is-vertically-aligned-top eplus-wrapper is-layout-flow wp-container-core-column-is-layout-28686296 wp-block-column-is-layout-flow\" style=\"padding-top:5px;padding-right:5px;padding-bottom:5px;padding-left:5px;flex-basis:24%\"><figure data-wp-context='{\"imageId\":\"69f31ed8b87e3\"}' data-wp-interactive=\"core\/image\" data-wp-key=\"69f31ed8b87e3\" class=\"wp-block-image aligncenter size-full is-resized eplus-wrapper eplus-styles-uid-70f882 wp-lightbox-container\" style=\"margin-top:5px;margin-right:5px;margin-bottom:5px;margin-left:5px\"><img loading=\"lazy\" decoding=\"async\" width=\"800\" height=\"600\" data-wp-class--hide=\"state.isContentHidden\" data-wp-class--show=\"state.isContentVisible\" data-wp-init=\"callbacks.setButtonStyles\" data-wp-on--click=\"actions.showLightbox\" data-wp-on--load=\"callbacks.setButtonStyles\" data-wp-on-window--resize=\"callbacks.setButtonStyles\" src=\"https:\/\/forte-cultura.com\/wp-content\/uploads\/Neues-Schloss-Ingolstadt_Panoramabild_c-Bayerisches-Armeemuseum-Erich-Reisinger.jpg\" alt=\"\" class=\"wp-image-3711\" style=\"width:287px;height:auto\" srcset=\"https:\/\/forte-cultura.com\/wp-content\/uploads\/Neues-Schloss-Ingolstadt_Panoramabild_c-Bayerisches-Armeemuseum-Erich-Reisinger.jpg 800w, https:\/\/forte-cultura.com\/wp-content\/uploads\/Neues-Schloss-Ingolstadt_Panoramabild_c-Bayerisches-Armeemuseum-Erich-Reisinger-300x225.jpg 300w, https:\/\/forte-cultura.com\/wp-content\/uploads\/Neues-Schloss-Ingolstadt_Panoramabild_c-Bayerisches-Armeemuseum-Erich-Reisinger-768x576.jpg 768w, https:\/\/forte-cultura.com\/wp-content\/uploads\/Neues-Schloss-Ingolstadt_Panoramabild_c-Bayerisches-Armeemuseum-Erich-Reisinger-16x12.jpg 16w\" sizes=\"auto, (max-width: 800px) 100vw, 800px\" \/><button class=\"lightbox-trigger\" type=\"button\" aria-haspopup=\"dialog\" aria-label=\"Vergr\u00f6\u00dfern\" data-wp-init=\"callbacks.initTriggerButton\" data-wp-on--click=\"actions.showLightbox\" data-wp-style--right=\"state.imageButtonRight\" data-wp-style--top=\"state.imageButtonTop\">\n\t\t\t<svg xmlns=\"http:\/\/www.w3.org\/2000\/svg\" width=\"12\" height=\"12\" fill=\"none\" viewbox=\"0 0 12 12\">\n\t\t\t\t<path fill=\"#fff\" d=\"M2 0a2 2 0 0 0-2 2v2h1.5V2a.5.5 0 0 1 .5-.5h2V0H2Zm2 10.5H2a.5.5 0 0 1-.5-.5V8H0v2a2 2 0 0 0 2 2h2v-1.5ZM8 12v-1.5h2a.5.5 0 0 0 .5-.5V8H12v2a2 2 0 0 1-2 2H8Zm2-12a2 2 0 0 1 2 2v2h-1.5V2a.5.5 0 0 0-.5-.5H8V0h2Z\"><\/path>\n\t\t\t<\/svg>\n\t\t<\/button><\/figure><\/div>\n\n\n\n<div class=\"wp-block-column is-vertically-aligned-center eplus-wrapper is-layout-flow wp-container-core-column-is-layout-2ad53c50 wp-block-column-is-layout-flow\" style=\"padding-top:5px;padding-right:5px;padding-bottom:5px;padding-left:5px;flex-basis:70%\">\n<p class=\" has-medium-font-size eplus-wrapper\" style=\"font-style:normal;font-weight:400\"><strong>Neues Schloss mit Bayerischem Armeemuseum<\/strong><\/p>\n\n\n\n<p style=\"font-size:clamp(0.875rem, 0.875rem + ((1vw - 0.2rem) * 0.042), 0.9rem);font-style:normal;font-weight:400;line-height:1.3\" class=\" eplus-wrapper\">Direkt am Paradeplatz befindet sich das Neue Schloss, die einstige Herzogsresidenz von Ingolstadt. Der Geb\u00e4udekomplex, historisch auch als \u201eNeuveste\u201c bezeichnet, bildete mit seinen massiven Befestigungen und Gr\u00e4ben einst sowohl einen repr\u00e4sentativen als auch verteidigungstechnisch wichtigen Eckpunkt im S\u00fcdosten Ingolstadts. Heute ist es Sitz des Bayerischen Armeemuseums, einem der gro\u00dfen milit\u00e4rhistorischen Museen in Europa.<\/p>\n\n\n\n<p style=\"font-size:clamp(0.875rem, 0.875rem + ((1vw - 0.2rem) * 0.042), 0.9rem);font-style:normal;font-weight:400;line-height:1.3\" class=\" eplus-wrapper\">Besuchen Sie spannende Ausstellungen und zahlreiche Veranstaltungen in historischer Kulisse.<\/p>\n\n\n\n<div class=\"wp-block-buttons eplus-wrapper is-content-justification-center is-layout-flex wp-container-core-buttons-is-layout-a89b3969 wp-block-buttons-is-layout-flex\"><div class=\" wp-block-button eplus-wrapper eplus-styles-uid-fe53bf\"><a class=\"wp-block-button__link wp-element-button\" href=\"https:\/\/www.armeemuseum.de\/\" target=\"_blank\" rel=\"noreferrer noopener\">Bayerisches Armeemuseum<\/a><\/div><\/div>\n<\/div>\n<\/div>\n\n<div class=\"wp-block-columns has-border-color has-accent-border-color has-base-background-color has-background eplus-wrapper is-layout-flex wp-container-core-columns-is-layout-88ebb0ee wp-block-columns-is-layout-flex eplus-styles-uid-9e3549\" style=\"border-width:1px;border-radius:5px;padding-top:var(--wp--preset--spacing--10);padding-right:var(--wp--preset--spacing--10);padding-bottom:var(--wp--preset--spacing--10);padding-left:var(--wp--preset--spacing--10)\">\n<div class=\"wp-block-column is-vertically-aligned-top eplus-wrapper is-layout-flow wp-container-core-column-is-layout-bd97847e wp-block-column-is-layout-flow\" style=\"padding-top:5px;padding-right:5px;padding-bottom:5px;padding-left:5px;flex-basis:24%\"><figure data-wp-context='{\"imageId\":\"69f31ed8ba666\"}' data-wp-interactive=\"core\/image\" data-wp-key=\"69f31ed8ba666\" class=\"wp-block-image aligncenter size-full is-resized eplus-wrapper eplus-styles-uid-70f882 wp-lightbox-container\" style=\"margin-top:5px;margin-right:5px;margin-bottom:5px;margin-left:5px\"><img loading=\"lazy\" decoding=\"async\" width=\"1200\" height=\"800\" data-wp-class--hide=\"state.isContentHidden\" data-wp-class--show=\"state.isContentVisible\" data-wp-init=\"callbacks.setButtonStyles\" data-wp-on--click=\"actions.showLightbox\" data-wp-on--load=\"callbacks.setButtonStyles\" data-wp-on-window--resize=\"callbacks.setButtonStyles\" src=\"https:\/\/forte-cultura.com\/wp-content\/uploads\/2789_248_1_g.jpeg\" alt=\"\" class=\"wp-image-3712\" style=\"width:287px;height:auto\" srcset=\"https:\/\/forte-cultura.com\/wp-content\/uploads\/2789_248_1_g.jpeg 1200w, https:\/\/forte-cultura.com\/wp-content\/uploads\/2789_248_1_g-300x200.jpeg 300w, https:\/\/forte-cultura.com\/wp-content\/uploads\/2789_248_1_g-1024x683.jpeg 1024w, https:\/\/forte-cultura.com\/wp-content\/uploads\/2789_248_1_g-768x512.jpeg 768w, https:\/\/forte-cultura.com\/wp-content\/uploads\/2789_248_1_g-18x12.jpeg 18w\" sizes=\"auto, (max-width: 1200px) 100vw, 1200px\" \/><button class=\"lightbox-trigger\" type=\"button\" aria-haspopup=\"dialog\" aria-label=\"Vergr\u00f6\u00dfern\" data-wp-init=\"callbacks.initTriggerButton\" data-wp-on--click=\"actions.showLightbox\" data-wp-style--right=\"state.imageButtonRight\" data-wp-style--top=\"state.imageButtonTop\">\n\t\t\t<svg xmlns=\"http:\/\/www.w3.org\/2000\/svg\" width=\"12\" height=\"12\" fill=\"none\" viewbox=\"0 0 12 12\">\n\t\t\t\t<path fill=\"#fff\" d=\"M2 0a2 2 0 0 0-2 2v2h1.5V2a.5.5 0 0 1 .5-.5h2V0H2Zm2 10.5H2a.5.5 0 0 1-.5-.5V8H0v2a2 2 0 0 0 2 2h2v-1.5ZM8 12v-1.5h2a.5.5 0 0 0 .5-.5V8H12v2a2 2 0 0 1-2 2H8Zm2-12a2 2 0 0 1 2 2v2h-1.5V2a.5.5 0 0 0-.5-.5H8V0h2Z\"><\/path>\n\t\t\t<\/svg>\n\t\t<\/button><\/figure><\/div>\n\n\n\n<div class=\"wp-block-column is-vertically-aligned-center eplus-wrapper is-layout-flow wp-container-core-column-is-layout-2ad53c50 wp-block-column-is-layout-flow\" style=\"padding-top:5px;padding-right:5px;padding-bottom:5px;padding-left:5px;flex-basis:70%\">\n<p class=\" has-medium-font-size eplus-wrapper\" style=\"font-style:normal;font-weight:400\"><strong>Br\u00fcckenkopf mit Reduit Tilly und Flankenbatterien Triva und Baur im Klenzepark<\/strong><\/p>\n\n\n\n<p style=\"font-size:clamp(0.875rem, 0.875rem + ((1vw - 0.2rem) * 0.042), 0.9rem);font-style:normal;font-weight:400;line-height:1.3\" class=\" eplus-wrapper\">Das beeindruckende Reduit Tilly wurde 1828-41 unter K\u00f6nig Ludwig I. im klassizistischen Stil nach Leo von Klenze errichtet und bildet den Hauptteil des Br\u00fcckenkopfes am s\u00fcdlichen Donauufer. Auch\u00a0<em>Tillyveste<\/em>\u00a0genannt, ist es als \u201eMuseum des Ersten Weltkriegs\u201c heute ein weiterer Standort des Bayerischen Armeemuseums. Architekt Leo von Klenze ist auch Namensgeber des heutigen Klenzeparks, der das gesamte Ensemble des Br\u00fcckenkopfes umfasst.<\/p>\n\n\n\n<p style=\"font-size:clamp(0.875rem, 0.875rem + ((1vw - 0.2rem) * 0.042), 0.9rem);font-style:normal;font-weight:400;line-height:1.3\" class=\" eplus-wrapper\">Dazu geh\u00f6ren auch die T\u00fcrme Triva und Baur, die zwei ovalen Flankenbatterien des Br\u00fcckenkopfes. Turm Triva beherbergt das Bayerische Polizeimuseum, ebenfalls Teil des Bayerischen Armeemuseums. In die Festungsgew\u00f6lbe der Flankenbatterie laden heute Restaurant und Biergarten ein. Kunstausstellungen finden manchmal im Exerzierhaus statt. F\u00fcr Entspannung sorgen ein gro\u00dfer Spielplatz sowie eine abwechslungsreiche Garten- und Parkanlage.<\/p>\n\n\n\n<div class=\"wp-block-buttons eplus-wrapper is-content-justification-center is-layout-flex wp-container-core-buttons-is-layout-a89b3969 wp-block-buttons-is-layout-flex\"><div class=\" wp-block-button eplus-wrapper eplus-styles-uid-11a191\"><a class=\"wp-block-button__link wp-element-button\" href=\"https:\/\/www.armeemuseum.de\/erster-weltkrieg\" target=\"_blank\" rel=\"noreferrer noopener\">Museum des Ersten Weltkriegs<\/a><\/div>\n\n<div class=\" wp-block-button eplus-wrapper eplus-styles-uid-588263\"><a class=\"wp-block-button__link wp-element-button\" href=\"https:\/\/www.armeemuseum.de\/polizei\" target=\"_blank\" rel=\"noreferrer noopener\">Polizeimuseum<\/a><\/div>\n\n<div class=\" wp-block-button eplus-wrapper eplus-styles-uid-a319e3\"><a class=\"wp-block-button__link wp-element-button\" href=\"https:\/\/www.ingolstadt.de\/output\/download.php?fid=2789.964.1.PDF\" target=\"_blank\" rel=\"noreferrer noopener\">Rosengarten (Flyer, PDF)<\/a><\/div><\/div>\n<\/div>\n<\/div>\n\n<div class=\"wp-block-columns has-border-color has-accent-border-color has-base-background-color has-background eplus-wrapper is-layout-flex wp-container-core-columns-is-layout-88ebb0ee wp-block-columns-is-layout-flex eplus-styles-uid-67205a\" style=\"border-width:1px;border-radius:5px;padding-top:var(--wp--preset--spacing--10);padding-right:var(--wp--preset--spacing--10);padding-bottom:var(--wp--preset--spacing--10);padding-left:var(--wp--preset--spacing--10)\">\n<div class=\"wp-block-column is-vertically-aligned-top eplus-wrapper is-layout-flow wp-container-core-column-is-layout-bd97847e wp-block-column-is-layout-flow\" style=\"padding-top:5px;padding-right:5px;padding-bottom:5px;padding-left:5px;flex-basis:24%\"><figure data-wp-context='{\"imageId\":\"69f31ed8bc64f\"}' data-wp-interactive=\"core\/image\" data-wp-key=\"69f31ed8bc64f\" class=\"wp-block-image aligncenter size-full is-resized eplus-wrapper eplus-styles-uid-70f882 wp-lightbox-container\" style=\"margin-top:5px;margin-right:5px;margin-bottom:5px;margin-left:5px\"><img loading=\"lazy\" decoding=\"async\" width=\"800\" height=\"600\" data-wp-class--hide=\"state.isContentHidden\" data-wp-class--show=\"state.isContentVisible\" data-wp-init=\"callbacks.setButtonStyles\" data-wp-on--click=\"actions.showLightbox\" data-wp-on--load=\"callbacks.setButtonStyles\" data-wp-on-window--resize=\"callbacks.setButtonStyles\" src=\"https:\/\/forte-cultura.com\/wp-content\/uploads\/stadtmauer.jpg\" alt=\"\" class=\"wp-image-3713\" style=\"width:287px;height:auto\" srcset=\"https:\/\/forte-cultura.com\/wp-content\/uploads\/stadtmauer.jpg 800w, https:\/\/forte-cultura.com\/wp-content\/uploads\/stadtmauer-300x225.jpg 300w, https:\/\/forte-cultura.com\/wp-content\/uploads\/stadtmauer-768x576.jpg 768w, https:\/\/forte-cultura.com\/wp-content\/uploads\/stadtmauer-16x12.jpg 16w\" sizes=\"auto, (max-width: 800px) 100vw, 800px\" \/><button class=\"lightbox-trigger\" type=\"button\" aria-haspopup=\"dialog\" aria-label=\"Vergr\u00f6\u00dfern\" data-wp-init=\"callbacks.initTriggerButton\" data-wp-on--click=\"actions.showLightbox\" data-wp-style--right=\"state.imageButtonRight\" data-wp-style--top=\"state.imageButtonTop\">\n\t\t\t<svg xmlns=\"http:\/\/www.w3.org\/2000\/svg\" width=\"12\" height=\"12\" fill=\"none\" viewbox=\"0 0 12 12\">\n\t\t\t\t<path fill=\"#fff\" d=\"M2 0a2 2 0 0 0-2 2v2h1.5V2a.5.5 0 0 1 .5-.5h2V0H2Zm2 10.5H2a.5.5 0 0 1-.5-.5V8H0v2a2 2 0 0 0 2 2h2v-1.5ZM8 12v-1.5h2a.5.5 0 0 0 .5-.5V8H12v2a2 2 0 0 1-2 2H8Zm2-12a2 2 0 0 1 2 2v2h-1.5V2a.5.5 0 0 0-.5-.5H8V0h2Z\"><\/path>\n\t\t\t<\/svg>\n\t\t<\/button><\/figure><\/div>\n\n\n\n<div class=\"wp-block-column is-vertically-aligned-center eplus-wrapper is-layout-flow wp-container-core-column-is-layout-2ad53c50 wp-block-column-is-layout-flow\" style=\"padding-top:5px;padding-right:5px;padding-bottom:5px;padding-left:5px;flex-basis:70%\">\n<p class=\" has-medium-font-size eplus-wrapper\" style=\"font-style:normal;font-weight:400\"><strong>Mittelalterliche Stadtumwallung<\/strong><\/p>\n\n\n\n<p style=\"font-size:clamp(0.875rem, 0.875rem + ((1vw - 0.2rem) * 0.042), 0.9rem);font-style:normal;font-weight:400;line-height:1.3\" class=\" eplus-wrapper\">Die mittelalterliche Stadtmauer, eine 3 Kilometer lange, heute verputzte Backsteinmauer mit 87 halbrunden T\u00fcrmen und Wehrtoren wurde ab dem 14 Jh. errichtet und war bis zum Beginn des 15. Jh. vollendet. Sie ist fast komplett erhalten geblieben und ist an vielen Stellen der Altstadt zu finden. Das imposante Kreuztor (1385), der M\u00fcnzbergturm (um 1400) und der Taschenturm (um 1390) sind besonders sehenswert.<\/p>\n\n\n\n<p style=\"font-size:clamp(0.875rem, 0.875rem + ((1vw - 0.2rem) * 0.042), 0.9rem);font-style:normal;font-weight:400;line-height:1.3\" class=\" eplus-wrapper\">Durchquert man \u00fcber den Schlosshof gehend das alte Feldkirchner Tor aus dem Jahr 1368, gelangt man \u00fcber einen Steg zur Rossm\u00fchle, einst wichtig f\u00fcr die sichere Versorgung der Festungsanlage des Neuen Schlosses mit Mehl, da man nur Getreide l\u00e4nger lagern konnte.<\/p>\n\n\n\n<div class=\"wp-block-buttons eplus-wrapper is-content-justification-center is-layout-flex wp-container-core-buttons-is-layout-a89b3969 wp-block-buttons-is-layout-flex\"><div class=\" wp-block-button eplus-wrapper eplus-styles-uid-346ba7\"><a class=\"wp-block-button__link wp-element-button\" href=\"https:\/\/newcityplatform.de\/stadtfuehrungen-19-07\/\" target=\"_blank\" rel=\"noreferrer noopener\">Festungsf\u00fchrungen<\/a><\/div><\/div>\n<\/div>\n<\/div>\n\n<div class=\"wp-block-columns has-border-color has-accent-border-color has-base-background-color has-background eplus-wrapper is-layout-flex wp-container-core-columns-is-layout-88ebb0ee wp-block-columns-is-layout-flex eplus-styles-uid-d235a4\" style=\"border-width:1px;border-radius:5px;padding-top:var(--wp--preset--spacing--10);padding-right:var(--wp--preset--spacing--10);padding-bottom:var(--wp--preset--spacing--10);padding-left:var(--wp--preset--spacing--10)\">\n<div class=\"wp-block-column is-vertically-aligned-top eplus-wrapper is-layout-flow wp-container-core-column-is-layout-bd97847e wp-block-column-is-layout-flow\" style=\"padding-top:5px;padding-right:5px;padding-bottom:5px;padding-left:5px;flex-basis:24%\"><figure data-wp-context='{\"imageId\":\"69f31ed8be0d3\"}' data-wp-interactive=\"core\/image\" data-wp-key=\"69f31ed8be0d3\" class=\"wp-block-image aligncenter size-full is-resized eplus-wrapper eplus-styles-uid-70f882 wp-lightbox-container\" style=\"margin-top:5px;margin-right:5px;margin-bottom:5px;margin-left:5px\"><img loading=\"lazy\" decoding=\"async\" width=\"800\" height=\"600\" data-wp-class--hide=\"state.isContentHidden\" data-wp-class--show=\"state.isContentVisible\" data-wp-init=\"callbacks.setButtonStyles\" data-wp-on--click=\"actions.showLightbox\" data-wp-on--load=\"callbacks.setButtonStyles\" data-wp-on-window--resize=\"callbacks.setButtonStyles\" src=\"https:\/\/forte-cultura.com\/wp-content\/uploads\/harderbastei01.jpg\" alt=\"\" class=\"wp-image-3714\" style=\"width:287px;height:auto\" srcset=\"https:\/\/forte-cultura.com\/wp-content\/uploads\/harderbastei01.jpg 800w, https:\/\/forte-cultura.com\/wp-content\/uploads\/harderbastei01-300x225.jpg 300w, https:\/\/forte-cultura.com\/wp-content\/uploads\/harderbastei01-768x576.jpg 768w, https:\/\/forte-cultura.com\/wp-content\/uploads\/harderbastei01-16x12.jpg 16w\" sizes=\"auto, (max-width: 800px) 100vw, 800px\" \/><button class=\"lightbox-trigger\" type=\"button\" aria-haspopup=\"dialog\" aria-label=\"Vergr\u00f6\u00dfern\" data-wp-init=\"callbacks.initTriggerButton\" data-wp-on--click=\"actions.showLightbox\" data-wp-style--right=\"state.imageButtonRight\" data-wp-style--top=\"state.imageButtonTop\">\n\t\t\t<svg xmlns=\"http:\/\/www.w3.org\/2000\/svg\" width=\"12\" height=\"12\" fill=\"none\" viewbox=\"0 0 12 12\">\n\t\t\t\t<path fill=\"#fff\" d=\"M2 0a2 2 0 0 0-2 2v2h1.5V2a.5.5 0 0 1 .5-.5h2V0H2Zm2 10.5H2a.5.5 0 0 1-.5-.5V8H0v2a2 2 0 0 0 2 2h2v-1.5ZM8 12v-1.5h2a.5.5 0 0 0 .5-.5V8H12v2a2 2 0 0 1-2 2H8Zm2-12a2 2 0 0 1 2 2v2h-1.5V2a.5.5 0 0 0-.5-.5H8V0h2Z\"><\/path>\n\t\t\t<\/svg>\n\t\t<\/button><\/figure><\/div>\n\n\n\n<div class=\"wp-block-column is-vertically-aligned-center eplus-wrapper is-layout-flow wp-container-core-column-is-layout-2ad53c50 wp-block-column-is-layout-flow\" style=\"padding-top:5px;padding-right:5px;padding-bottom:5px;padding-left:5px;flex-basis:70%\">\n<p class=\" has-medium-font-size eplus-wrapper\" style=\"font-style:normal;font-weight:400\"><strong>Harderbastei<\/strong><\/p>\n\n\n\n<p style=\"font-size:clamp(0.875rem, 0.875rem + ((1vw - 0.2rem) * 0.042), 0.9rem);font-style:normal;font-weight:400;line-height:1.3\" class=\" eplus-wrapper\">Die Harderbastei stammt aus dem Jahr 1539 und liegt im Norden der Altstadt von Ingolstadt. Hier befand sich zuvor ein mittelalterlicher Tordurchgang zur Stadt, der mit der neuen Bastei aus strategischen Gr\u00fcnden verschlossen wurde. 1800 wurde die Bastei auf Anordnung Napoleons geschliffen, der Stadtzugang jedoch nicht wiederhergestellt.<\/p>\n\n\n\n<p style=\"font-size:clamp(0.875rem, 0.875rem + ((1vw - 0.2rem) * 0.042), 0.9rem);font-style:normal;font-weight:400;line-height:1.3\" class=\" eplus-wrapper\">Heute befindet sich hier die\u00a0<strong>St\u00e4dtische Galerie<\/strong>\u00a0mit der\u00a0<strong>Kinder- und Jugendkunstschule<\/strong>\u00a0und der Gesch\u00e4ftsst\u00e4lle des Berufsverbandes der Bildenden K\u00fcnstlerinnen und K\u00fcnstler. Der Kunst und Kulturbastei e.V. bietet vielf\u00e4ltige Workshopangebote f\u00fcr Kinder, Jugendliche und Erwachsene.<\/p>\n\n\n\n<div class=\"wp-block-buttons eplus-wrapper is-content-justification-center is-layout-flex wp-container-core-buttons-is-layout-a89b3969 wp-block-buttons-is-layout-flex\"><div class=\" wp-block-button eplus-wrapper eplus-styles-uid-c2f4d6\"><a class=\"wp-block-button__link wp-element-button\" href=\"https:\/\/harderbastei.de\/\" target=\"_blank\" rel=\"noreferrer noopener\">St\u00e4dtische Galerie Harderbastei<\/a><\/div>\n\n<div class=\" wp-block-button eplus-wrapper eplus-styles-uid-50f5ff\"><a class=\"wp-block-button__link wp-element-button\" href=\"https:\/\/kunstundkulturbastei.de\/\" target=\"_blank\" rel=\"noreferrer noopener\">Kunst und Kulturbastei e.V.<\/a><\/div><\/div>\n<\/div>\n<\/div>\n\n<div class=\"wp-block-columns has-border-color has-accent-border-color has-base-background-color has-background eplus-wrapper is-layout-flex wp-container-core-columns-is-layout-88ebb0ee wp-block-columns-is-layout-flex eplus-styles-uid-17a630\" style=\"border-width:1px;border-radius:5px;padding-top:var(--wp--preset--spacing--10);padding-right:var(--wp--preset--spacing--10);padding-bottom:var(--wp--preset--spacing--10);padding-left:var(--wp--preset--spacing--10)\">\n<div class=\"wp-block-column is-vertically-aligned-top eplus-wrapper is-layout-flow wp-container-core-column-is-layout-bd97847e wp-block-column-is-layout-flow\" style=\"padding-top:5px;padding-right:5px;padding-bottom:5px;padding-left:5px;flex-basis:24%\"><figure data-wp-context='{\"imageId\":\"69f31ed8bfdf5\"}' data-wp-interactive=\"core\/image\" data-wp-key=\"69f31ed8bfdf5\" class=\"wp-block-image aligncenter size-full is-resized eplus-wrapper eplus-styles-uid-70f882 wp-lightbox-container\" style=\"margin-top:5px;margin-right:5px;margin-bottom:5px;margin-left:5px\"><img loading=\"lazy\" decoding=\"async\" width=\"1200\" height=\"778\" data-wp-class--hide=\"state.isContentHidden\" data-wp-class--show=\"state.isContentVisible\" data-wp-init=\"callbacks.setButtonStyles\" data-wp-on--click=\"actions.showLightbox\" data-wp-on--load=\"callbacks.setButtonStyles\" data-wp-on-window--resize=\"callbacks.setButtonStyles\" src=\"https:\/\/forte-cultura.com\/wp-content\/uploads\/Kavalier_Hepp_Zentrum_Stadtgeschichte-Roessle.jpeg\" alt=\"\" class=\"wp-image-3715\" style=\"width:287px;height:auto\" srcset=\"https:\/\/forte-cultura.com\/wp-content\/uploads\/Kavalier_Hepp_Zentrum_Stadtgeschichte-Roessle.jpeg 1200w, https:\/\/forte-cultura.com\/wp-content\/uploads\/Kavalier_Hepp_Zentrum_Stadtgeschichte-Roessle-300x195.jpeg 300w, https:\/\/forte-cultura.com\/wp-content\/uploads\/Kavalier_Hepp_Zentrum_Stadtgeschichte-Roessle-1024x664.jpeg 1024w, https:\/\/forte-cultura.com\/wp-content\/uploads\/Kavalier_Hepp_Zentrum_Stadtgeschichte-Roessle-768x498.jpeg 768w, https:\/\/forte-cultura.com\/wp-content\/uploads\/Kavalier_Hepp_Zentrum_Stadtgeschichte-Roessle-18x12.jpeg 18w\" sizes=\"auto, (max-width: 1200px) 100vw, 1200px\" \/><button class=\"lightbox-trigger\" type=\"button\" aria-haspopup=\"dialog\" aria-label=\"Vergr\u00f6\u00dfern\" data-wp-init=\"callbacks.initTriggerButton\" data-wp-on--click=\"actions.showLightbox\" data-wp-style--right=\"state.imageButtonRight\" data-wp-style--top=\"state.imageButtonTop\">\n\t\t\t<svg xmlns=\"http:\/\/www.w3.org\/2000\/svg\" width=\"12\" height=\"12\" fill=\"none\" viewbox=\"0 0 12 12\">\n\t\t\t\t<path fill=\"#fff\" d=\"M2 0a2 2 0 0 0-2 2v2h1.5V2a.5.5 0 0 1 .5-.5h2V0H2Zm2 10.5H2a.5.5 0 0 1-.5-.5V8H0v2a2 2 0 0 0 2 2h2v-1.5ZM8 12v-1.5h2a.5.5 0 0 0 .5-.5V8H12v2a2 2 0 0 1-2 2H8Zm2-12a2 2 0 0 1 2 2v2h-1.5V2a.5.5 0 0 0-.5-.5H8V0h2Z\"><\/path>\n\t\t\t<\/svg>\n\t\t<\/button><\/figure><\/div>\n\n\n\n<div class=\"wp-block-column is-vertically-aligned-center eplus-wrapper is-layout-flow wp-container-core-column-is-layout-2ad53c50 wp-block-column-is-layout-flow\" style=\"padding-top:5px;padding-right:5px;padding-bottom:5px;padding-left:5px;flex-basis:70%\">\n<p class=\" has-medium-font-size eplus-wrapper\" style=\"font-style:normal;font-weight:400\"><strong>Kavalier Hepp mit Neuem Kreuztor<\/strong><\/p>\n\n\n\n<p style=\"font-size:clamp(0.875rem, 0.875rem + ((1vw - 0.2rem) * 0.042), 0.9rem);font-style:normal;font-weight:400;line-height:1.3\" class=\" eplus-wrapper\">Der Festungsbau, errichtet von 1838 bis 1843, ist nach dem Major der bayerischen Armee Kaspar von Hepp (1758-1806) benannt. Dem Kavalier vorgelagert ist das \u00c4u\u00dfere Kreuztor, ein repr\u00e4sentativer Torbau dieses Festungsabschnitts.<\/p>\n\n\n\n<p class=\" has-small-font-size eplus-wrapper\" style=\"line-height:1.3\">Heute befindet sich das Zentrum Stadtgeschichte Ingolstadt mit dem Stadtmuseum. In mehr als 50 Ausstellungsr\u00e4umen wird hier die regionale Entwicklung von der steinzeitlichen Besiedlung, \u00fcber das Mittelalter, die Residenz-, Kriegs- und Universit\u00e4tszeiten und die spannende Stadt- und Festungsentwicklung bis ins 20 Jahrhundert gezeigt.<\/p>\n\n\n\n<p style=\"font-size:clamp(0.875rem, 0.875rem + ((1vw - 0.2rem) * 0.042), 0.9rem);font-style:normal;font-weight:400;line-height:1.3\" class=\" eplus-wrapper\">Weiterhin lockt das\u00a0<strong>Spielzeugmuseum<\/strong>\u00a0als\u00a0<strong>\u201eKindermuseum zum Mitmachen\u201c<\/strong>\u00a0in das Kavalier Hepp. Auch das\u00a0<strong>Stadtarchiv<\/strong>\u00a0und die\u00a0<strong>Wissenschaftliche Bibliothek<\/strong>\u00a0finden in dem weitl\u00e4ufigen Festungsbau ihren Platz.<\/p>\n\n\n\n<div class=\"wp-block-buttons eplus-wrapper is-content-justification-center is-layout-flex wp-container-core-buttons-is-layout-a89b3969 wp-block-buttons-is-layout-flex\"><div class=\" wp-block-button eplus-wrapper eplus-styles-uid-5aef5d\"><a class=\"wp-block-button__link wp-element-button\" href=\"https:\/\/zentrumstadtgeschichte.ingolstadt.de\/\" target=\"_blank\" rel=\"noreferrer noopener\">Stadtmuseum<\/a><\/div><\/div>\n<\/div>\n<\/div>\n\n<div class=\"wp-block-columns has-border-color has-accent-border-color has-base-background-color has-background eplus-wrapper is-layout-flex wp-container-core-columns-is-layout-88ebb0ee wp-block-columns-is-layout-flex eplus-styles-uid-4ac435\" style=\"border-width:1px;border-radius:5px;padding-top:var(--wp--preset--spacing--10);padding-right:var(--wp--preset--spacing--10);padding-bottom:var(--wp--preset--spacing--10);padding-left:var(--wp--preset--spacing--10)\">\n<div class=\"wp-block-column is-vertically-aligned-top eplus-wrapper is-layout-flow wp-container-core-column-is-layout-bd97847e wp-block-column-is-layout-flow\" style=\"padding-top:5px;padding-right:5px;padding-bottom:5px;padding-left:5px;flex-basis:24%\"><figure data-wp-context='{\"imageId\":\"69f31ed8c19a0\"}' data-wp-interactive=\"core\/image\" data-wp-key=\"69f31ed8c19a0\" class=\"wp-block-image aligncenter size-full is-resized eplus-wrapper eplus-styles-uid-70f882 wp-lightbox-container\" style=\"margin-top:5px;margin-right:5px;margin-bottom:5px;margin-left:5px\"><img loading=\"lazy\" decoding=\"async\" width=\"510\" height=\"288\" data-wp-class--hide=\"state.isContentHidden\" data-wp-class--show=\"state.isContentVisible\" data-wp-init=\"callbacks.setButtonStyles\" data-wp-on--click=\"actions.showLightbox\" data-wp-on--load=\"callbacks.setButtonStyles\" data-wp-on-window--resize=\"callbacks.setButtonStyles\" src=\"https:\/\/forte-cultura.com\/wp-content\/uploads\/Schutterhof_Abendzeitung_Muenchen.jpg\" alt=\"\" class=\"wp-image-3750\" style=\"width:287px;height:auto\" srcset=\"https:\/\/forte-cultura.com\/wp-content\/uploads\/Schutterhof_Abendzeitung_Muenchen.jpg 510w, https:\/\/forte-cultura.com\/wp-content\/uploads\/Schutterhof_Abendzeitung_Muenchen-300x169.jpg 300w, https:\/\/forte-cultura.com\/wp-content\/uploads\/Schutterhof_Abendzeitung_Muenchen-18x10.jpg 18w\" sizes=\"auto, (max-width: 510px) 100vw, 510px\" \/><button class=\"lightbox-trigger\" type=\"button\" aria-haspopup=\"dialog\" aria-label=\"Vergr\u00f6\u00dfern\" data-wp-init=\"callbacks.initTriggerButton\" data-wp-on--click=\"actions.showLightbox\" data-wp-style--right=\"state.imageButtonRight\" data-wp-style--top=\"state.imageButtonTop\">\n\t\t\t<svg xmlns=\"http:\/\/www.w3.org\/2000\/svg\" width=\"12\" height=\"12\" fill=\"none\" viewbox=\"0 0 12 12\">\n\t\t\t\t<path fill=\"#fff\" d=\"M2 0a2 2 0 0 0-2 2v2h1.5V2a.5.5 0 0 1 .5-.5h2V0H2Zm2 10.5H2a.5.5 0 0 1-.5-.5V8H0v2a2 2 0 0 0 2 2h2v-1.5ZM8 12v-1.5h2a.5.5 0 0 0 .5-.5V8H12v2a2 2 0 0 1-2 2H8Zm2-12a2 2 0 0 1 2 2v2h-1.5V2a.5.5 0 0 0-.5-.5H8V0h2Z\"><\/path>\n\t\t\t<\/svg>\n\t\t<\/button><\/figure><\/div>\n\n\n\n<div class=\"wp-block-column is-vertically-aligned-center eplus-wrapper is-layout-flow wp-container-core-column-is-layout-2ad53c50 wp-block-column-is-layout-flow\" style=\"padding-top:5px;padding-right:5px;padding-bottom:5px;padding-left:5px;flex-basis:70%\">\n<p class=\" has-medium-font-size eplus-wrapper\" style=\"font-style:normal;font-weight:400\"><strong>Schutterhof<\/strong><\/p>\n\n\n\n<p style=\"font-size:clamp(0.875rem, 0.875rem + ((1vw - 0.2rem) * 0.042), 0.9rem);font-style:normal;font-weight:400;line-height:1.3\" class=\" eplus-wrapper\">Als Teil der klassizistischen Festungsanlage beherbergte der Schutterhof einst die Milit\u00e4rschwimmschule. Hier wurde das Fl\u00fcsschen Schutter in die Stadt geleitet, was als Schwachstelle galt. Der Standort wurde derart befestigt, dass man eindringende Feinde von vier Seiten unter Beschuss nehmen konnte.<\/p>\n\n\n\n<p style=\"font-size:clamp(0.875rem, 0.875rem + ((1vw - 0.2rem) * 0.042), 0.9rem);font-style:normal;font-weight:400;line-height:1.3\" class=\" eplus-wrapper\">Wiederbelebt wurde das Festungswerk durch einen\u00a0<strong>z\u00fcnftigen Biergarten<\/strong>\u00a0mit lokalen Spezialit\u00e4ten und herzoglichem Bier. Barrierefrei und mit viel Platz ist der Schutterhof sehr familienfreundlich. Auch die Gew\u00f6lbe des Schutterhof laden dazu ein, Feste zu feiern z.B. mit\u00a0<strong>Ritterlichem Gaumenschmaus<\/strong>\u00a0in historischen Gew\u00e4ndern.<\/p>\n\n\n\n<div class=\"wp-block-buttons eplus-wrapper is-content-justification-center is-layout-flex wp-container-core-buttons-is-layout-a89b3969 wp-block-buttons-is-layout-flex\"><div class=\" wp-block-button eplus-wrapper eplus-styles-uid-218da1\"><a class=\"wp-block-button__link wp-element-button\" href=\"https:\/\/schutterhof-in.de\/\" target=\"_blank\" rel=\"noreferrer noopener\">Biergarten Schutterhof<\/a><\/div><\/div>\n<\/div>\n<\/div>\n\n<div class=\"wp-block-columns has-border-color has-accent-border-color has-base-background-color has-background eplus-wrapper is-layout-flex wp-container-core-columns-is-layout-88ebb0ee wp-block-columns-is-layout-flex eplus-styles-uid-6209ff\" style=\"border-width:1px;border-radius:5px;padding-top:var(--wp--preset--spacing--10);padding-right:var(--wp--preset--spacing--10);padding-bottom:var(--wp--preset--spacing--10);padding-left:var(--wp--preset--spacing--10)\">\n<div class=\"wp-block-column is-vertically-aligned-top eplus-wrapper is-layout-flow wp-container-core-column-is-layout-bd97847e wp-block-column-is-layout-flow\" style=\"padding-top:5px;padding-right:5px;padding-bottom:5px;padding-left:5px;flex-basis:24%\"><figure data-wp-context='{\"imageId\":\"69f31ed8c33c4\"}' data-wp-interactive=\"core\/image\" data-wp-key=\"69f31ed8c33c4\" class=\"wp-block-image aligncenter size-full is-resized eplus-wrapper eplus-styles-uid-70f882 wp-lightbox-container\" style=\"margin-top:5px;margin-right:5px;margin-bottom:5px;margin-left:5px\"><img decoding=\"async\" data-wp-class--hide=\"state.isContentHidden\" data-wp-class--show=\"state.isContentVisible\" data-wp-init=\"callbacks.setButtonStyles\" data-wp-on--click=\"actions.showLightbox\" data-wp-on--load=\"callbacks.setButtonStyles\" data-wp-on-window--resize=\"callbacks.setButtonStyles\" src=\"https:\/\/forte-cultura.com\/wp-content\/uploads\/ScherbelbergIngolstadt_%C2%A9_lokalpioniere.jpg\" alt=\"\" class=\"wp-image-3753\" style=\"width:287px;height:auto\"><button class=\"lightbox-trigger\" type=\"button\" aria-haspopup=\"dialog\" aria-label=\"Vergr\u00f6\u00dfern\" data-wp-init=\"callbacks.initTriggerButton\" data-wp-on--click=\"actions.showLightbox\" data-wp-style--right=\"state.imageButtonRight\" data-wp-style--top=\"state.imageButtonTop\">\n\t\t\t<svg xmlns=\"http:\/\/www.w3.org\/2000\/svg\" width=\"12\" height=\"12\" fill=\"none\" viewbox=\"0 0 12 12\">\n\t\t\t\t<path fill=\"#fff\" d=\"M2 0a2 2 0 0 0-2 2v2h1.5V2a.5.5 0 0 1 .5-.5h2V0H2Zm2 10.5H2a.5.5 0 0 1-.5-.5V8H0v2a2 2 0 0 0 2 2h2v-1.5ZM8 12v-1.5h2a.5.5 0 0 0 .5-.5V8H12v2a2 2 0 0 1-2 2H8Zm2-12a2 2 0 0 1 2 2v2h-1.5V2a.5.5 0 0 0-.5-.5H8V0h2Z\"><\/path>\n\t\t\t<\/svg>\n\t\t<\/button><\/figure><\/div>\n\n\n\n<div class=\"wp-block-column is-vertically-aligned-center eplus-wrapper is-layout-flow wp-container-core-column-is-layout-2ad53c50 wp-block-column-is-layout-flow\" style=\"padding-top:5px;padding-right:5px;padding-bottom:5px;padding-left:5px;flex-basis:70%\">\n<p class=\" has-medium-font-size eplus-wrapper\" style=\"font-style:normal;font-weight:400\"><strong>Scherbelberg<\/strong><\/p>\n\n\n\n<p style=\"font-size:clamp(0.875rem, 0.875rem + ((1vw - 0.2rem) * 0.042), 0.9rem);font-style:normal;font-weight:400;line-height:1.3\" class=\" eplus-wrapper\">Der Scherbelberg ist ein etwa 25 Meter hoher Schuttberg, der in den 1930er Jahren aus Tr\u00fcmmern der Landesfestung nach dem Ersten Weltkrieg aufgesch\u00fcttet wurde. Vom Berg hat man eine sch\u00f6ne Aussicht auf einen Teil der Altstadt.<\/p>\n\n\n\n<p style=\"font-size:clamp(0.875rem, 0.875rem + ((1vw - 0.2rem) * 0.042), 0.9rem);font-style:normal;font-weight:400;line-height:1.3\" class=\" eplus-wrapper\">Unter dem Scherbelberg sind Festungsanlagen erhalten geblieben, welche im Zweiten Weltkrieg als Luftschutzbunker f\u00fcr bis zu 300 Menschen genutzt wurden. Heute sind F\u00fchrungen auf Anfrage buchbar.<\/p>\n\n\n\n<div class=\"wp-block-buttons eplus-wrapper is-content-justification-center is-layout-flex wp-container-core-buttons-is-layout-a89b3969 wp-block-buttons-is-layout-flex\"><div class=\" wp-block-button eplus-wrapper eplus-styles-uid-c9e6b4\"><a class=\"wp-block-button__link wp-element-button\" href=\"https:\/\/www.dein-ingolstadt.de\/sehenswuerdigkeiten\/historisches\/scherbelberg\" target=\"_blank\" rel=\"noreferrer noopener\">Scherbelberg<\/a><\/div><\/div>\n<\/div>\n<\/div>\n\n<div class=\"wp-block-columns has-border-color has-accent-border-color has-base-background-color has-background eplus-wrapper is-layout-flex wp-container-core-columns-is-layout-88ebb0ee wp-block-columns-is-layout-flex eplus-styles-uid-2005f9\" style=\"border-width:1px;border-radius:5px;padding-top:var(--wp--preset--spacing--10);padding-right:var(--wp--preset--spacing--10);padding-bottom:var(--wp--preset--spacing--10);padding-left:var(--wp--preset--spacing--10)\">\n<div class=\"wp-block-column is-vertically-aligned-top eplus-wrapper is-layout-flow wp-container-core-column-is-layout-bd97847e wp-block-column-is-layout-flow\" style=\"padding-top:5px;padding-right:5px;padding-bottom:5px;padding-left:5px;flex-basis:24%\"><figure data-wp-context='{\"imageId\":\"69f31ed8c4b68\"}' data-wp-interactive=\"core\/image\" data-wp-key=\"69f31ed8c4b68\" class=\"wp-block-image aligncenter size-full is-resized eplus-wrapper eplus-styles-uid-70f882 wp-lightbox-container\" style=\"margin-top:5px;margin-right:5px;margin-bottom:5px;margin-left:5px\"><img loading=\"lazy\" decoding=\"async\" width=\"750\" height=\"500\" data-wp-class--hide=\"state.isContentHidden\" data-wp-class--show=\"state.isContentVisible\" data-wp-init=\"callbacks.setButtonStyles\" data-wp-on--click=\"actions.showLightbox\" data-wp-on--load=\"callbacks.setButtonStyles\" data-wp-on-window--resize=\"callbacks.setButtonStyles\" src=\"https:\/\/forte-cultura.com\/wp-content\/uploads\/fort_prinz_karl_luftbild.jpg\" alt=\"\" class=\"wp-image-3754\" style=\"width:287px;height:auto\" srcset=\"https:\/\/forte-cultura.com\/wp-content\/uploads\/fort_prinz_karl_luftbild.jpg 750w, https:\/\/forte-cultura.com\/wp-content\/uploads\/fort_prinz_karl_luftbild-300x200.jpg 300w, https:\/\/forte-cultura.com\/wp-content\/uploads\/fort_prinz_karl_luftbild-18x12.jpg 18w\" sizes=\"auto, (max-width: 750px) 100vw, 750px\" \/><button class=\"lightbox-trigger\" type=\"button\" aria-haspopup=\"dialog\" aria-label=\"Vergr\u00f6\u00dfern\" data-wp-init=\"callbacks.initTriggerButton\" data-wp-on--click=\"actions.showLightbox\" data-wp-style--right=\"state.imageButtonRight\" data-wp-style--top=\"state.imageButtonTop\">\n\t\t\t<svg xmlns=\"http:\/\/www.w3.org\/2000\/svg\" width=\"12\" height=\"12\" fill=\"none\" viewbox=\"0 0 12 12\">\n\t\t\t\t<path fill=\"#fff\" d=\"M2 0a2 2 0 0 0-2 2v2h1.5V2a.5.5 0 0 1 .5-.5h2V0H2Zm2 10.5H2a.5.5 0 0 1-.5-.5V8H0v2a2 2 0 0 0 2 2h2v-1.5ZM8 12v-1.5h2a.5.5 0 0 0 .5-.5V8H12v2a2 2 0 0 1-2 2H8Zm2-12a2 2 0 0 1 2 2v2h-1.5V2a.5.5 0 0 0-.5-.5H8V0h2Z\"><\/path>\n\t\t\t<\/svg>\n\t\t<\/button><\/figure><\/div>\n\n\n\n<div class=\"wp-block-column is-vertically-aligned-center eplus-wrapper is-layout-flow wp-container-core-column-is-layout-2ad53c50 wp-block-column-is-layout-flow\" style=\"padding-top:5px;padding-right:5px;padding-bottom:5px;padding-left:5px;flex-basis:70%\">\n<p class=\" has-medium-font-size eplus-wrapper\" style=\"font-style:normal;font-weight:400\"><strong>Fort Prinz Karl (Fort VI)<\/strong><\/p>\n\n\n\n<p style=\"font-size:clamp(0.875rem, 0.875rem + ((1vw - 0.2rem) * 0.042), 0.9rem);font-style:normal;font-weight:400;line-height:1.3\" class=\" eplus-wrapper\">Das Fort Prinz Karl befindet sich im Nordosten der Stadt und ist das einzige, weitgehend erhaltene Fort des ab 1875 entstandenen \u00e4u\u00dferen Fortg\u00fcrtels. Ausgef\u00fchrt wurde das Fort als sogenanntes \u201eBiehlersches Fort\u201c, ein preu\u00dfisches Einheitswerk des sp\u00e4ten 19. Jahrhunderts.<\/p>\n\n\n\n<p style=\"font-size:clamp(0.875rem, 0.875rem + ((1vw - 0.2rem) * 0.042), 0.9rem);font-style:normal;font-weight:400;line-height:1.3\" class=\" eplus-wrapper\">Aufgrund der fortschreitenden Entwicklung der Artillerie, wurde das Fort bereits 1889\/90 umfangreich verst\u00e4rkt. Heute befindet sich hier der Kampfmittelr\u00e4umdienst Ingolstadt. Regelm\u00e4\u00dfige F\u00fchrungen werden in den Sommermonaten durch das\u00a0<strong>Bayerische Armeemuseum<\/strong>\u00a0und den\u00a0<strong>F\u00f6rderverein der Bayerischen Landesfestung Ingolstadt<\/strong>\u00a0angeboten.<\/p>\n\n\n\n<div class=\"wp-block-buttons eplus-wrapper is-content-justification-center is-layout-flex wp-container-core-buttons-is-layout-a89b3969 wp-block-buttons-is-layout-flex\"><div class=\" wp-block-button eplus-wrapper eplus-styles-uid-381f87\"><a class=\"wp-block-button__link wp-element-button\" href=\"https:\/\/www.armeemuseum.de\/fort-prinz-karl\" target=\"_blank\" rel=\"noreferrer noopener\">F\u00fchrung<\/a><\/div><\/div>\n<\/div>\n<\/div>\n\n<div class=\"wp-block-columns has-border-color has-accent-border-color has-base-background-color has-background eplus-wrapper is-layout-flex wp-container-core-columns-is-layout-88ebb0ee wp-block-columns-is-layout-flex eplus-styles-uid-fb8971\" style=\"border-width:1px;border-radius:5px;padding-top:var(--wp--preset--spacing--10);padding-right:var(--wp--preset--spacing--10);padding-bottom:var(--wp--preset--spacing--10);padding-left:var(--wp--preset--spacing--10)\">\n<div class=\"wp-block-column is-vertically-aligned-top eplus-wrapper is-layout-flow wp-container-core-column-is-layout-bd97847e wp-block-column-is-layout-flow\" style=\"padding-top:5px;padding-right:5px;padding-bottom:5px;padding-left:5px;flex-basis:24%\"><figure data-wp-context='{\"imageId\":\"69f31ed8c651b\"}' data-wp-interactive=\"core\/image\" data-wp-key=\"69f31ed8c651b\" class=\"wp-block-image aligncenter size-full is-resized eplus-wrapper eplus-styles-uid-70f882 wp-lightbox-container\" style=\"margin-top:5px;margin-right:5px;margin-bottom:5px;margin-left:5px\"><img loading=\"lazy\" decoding=\"async\" width=\"2000\" height=\"1141\" data-wp-class--hide=\"state.isContentHidden\" data-wp-class--show=\"state.isContentVisible\" data-wp-init=\"callbacks.setButtonStyles\" data-wp-on--click=\"actions.showLightbox\" data-wp-on--load=\"callbacks.setButtonStyles\" data-wp-on-window--resize=\"callbacks.setButtonStyles\" src=\"https:\/\/forte-cultura.com\/wp-content\/uploads\/Freibad-Ingolstadt.jpg\" alt=\"\" class=\"wp-image-3755\" style=\"width:287px;height:auto\" srcset=\"https:\/\/forte-cultura.com\/wp-content\/uploads\/Freibad-Ingolstadt.jpg 2000w, https:\/\/forte-cultura.com\/wp-content\/uploads\/Freibad-Ingolstadt-300x171.jpg 300w, https:\/\/forte-cultura.com\/wp-content\/uploads\/Freibad-Ingolstadt-1024x584.jpg 1024w, https:\/\/forte-cultura.com\/wp-content\/uploads\/Freibad-Ingolstadt-768x438.jpg 768w, https:\/\/forte-cultura.com\/wp-content\/uploads\/Freibad-Ingolstadt-1536x876.jpg 1536w, https:\/\/forte-cultura.com\/wp-content\/uploads\/Freibad-Ingolstadt-18x10.jpg 18w\" sizes=\"auto, (max-width: 2000px) 100vw, 2000px\" \/><button class=\"lightbox-trigger\" type=\"button\" aria-haspopup=\"dialog\" aria-label=\"Vergr\u00f6\u00dfern\" data-wp-init=\"callbacks.initTriggerButton\" data-wp-on--click=\"actions.showLightbox\" data-wp-style--right=\"state.imageButtonRight\" data-wp-style--top=\"state.imageButtonTop\">\n\t\t\t<svg xmlns=\"http:\/\/www.w3.org\/2000\/svg\" width=\"12\" height=\"12\" fill=\"none\" viewbox=\"0 0 12 12\">\n\t\t\t\t<path fill=\"#fff\" d=\"M2 0a2 2 0 0 0-2 2v2h1.5V2a.5.5 0 0 1 .5-.5h2V0H2Zm2 10.5H2a.5.5 0 0 1-.5-.5V8H0v2a2 2 0 0 0 2 2h2v-1.5ZM8 12v-1.5h2a.5.5 0 0 0 .5-.5V8H12v2a2 2 0 0 1-2 2H8Zm2-12a2 2 0 0 1 2 2v2h-1.5V2a.5.5 0 0 0-.5-.5H8V0h2Z\"><\/path>\n\t\t\t<\/svg>\n\t\t<\/button><\/figure><\/div>\n\n\n\n<div class=\"wp-block-column is-vertically-aligned-center eplus-wrapper is-layout-flow wp-container-core-column-is-layout-2ad53c50 wp-block-column-is-layout-flow\" style=\"padding-top:5px;padding-right:5px;padding-bottom:5px;padding-left:5px;flex-basis:70%\">\n<p class=\" has-medium-font-size eplus-wrapper\" style=\"font-style:normal;font-weight:400\"><strong>Freibad Ingolstadt<\/strong><\/p>\n\n\n\n<p style=\"font-size:clamp(0.875rem, 0.875rem + ((1vw - 0.2rem) * 0.042), 0.9rem);font-style:normal;font-weight:400;line-height:1.3\" class=\" eplus-wrapper\">Das Freibad Ingolstadt liegt inmitten der Stadtbefestigung aus der ersten H\u00e4lfte des 19. Jahrhunderts. Die vielen Backsteinmauern verleihen dem Bad einen einzigartigen Charakter, so dass es zu Recht als eines der sch\u00f6nsten Freib\u00e4der Bayerns bezeichnet werden darf. Besonders gelungen ist die Integration von zwei Becken und dem Beachvolleyballplatz vor und in den Festungsmauern. In direkter N\u00e4he befindet sich der Scherblberg sowie der Schutterhof-Biergarten.<\/p>\n\n\n\n<div class=\"wp-block-buttons eplus-wrapper is-content-justification-center is-layout-flex wp-container-core-buttons-is-layout-a89b3969 wp-block-buttons-is-layout-flex\"><div class=\" wp-block-button eplus-wrapper eplus-styles-uid-47b46e\"><a class=\"wp-block-button__link wp-element-button\" href=\"https:\/\/sw-i.de\/freizeit\/freibad\/\" target=\"_blank\" rel=\"noreferrer noopener\">Freibad<\/a><\/div><\/div>\n<\/div>\n<\/div>\n\n<div class=\"wp-block-columns has-border-color has-accent-border-color has-base-background-color has-background eplus-wrapper is-layout-flex wp-container-core-columns-is-layout-88ebb0ee wp-block-columns-is-layout-flex eplus-styles-uid-b54ec9\" style=\"border-width:1px;border-radius:5px;padding-top:var(--wp--preset--spacing--10);padding-right:var(--wp--preset--spacing--10);padding-bottom:var(--wp--preset--spacing--10);padding-left:var(--wp--preset--spacing--10)\">\n<div class=\"wp-block-column is-vertically-aligned-top eplus-wrapper is-layout-flow wp-container-core-column-is-layout-bd97847e wp-block-column-is-layout-flow\" style=\"padding-top:5px;padding-right:5px;padding-bottom:5px;padding-left:5px;flex-basis:24%\"><figure data-wp-context='{\"imageId\":\"69f31ed8c7e6d\"}' data-wp-interactive=\"core\/image\" data-wp-key=\"69f31ed8c7e6d\" class=\"wp-block-image aligncenter size-full is-resized eplus-wrapper eplus-styles-uid-70f882 wp-lightbox-container\" style=\"margin-top:5px;margin-right:5px;margin-bottom:5px;margin-left:5px\"><img loading=\"lazy\" decoding=\"async\" width=\"2000\" height=\"1333\" data-wp-class--hide=\"state.isContentHidden\" data-wp-class--show=\"state.isContentVisible\" data-wp-init=\"callbacks.setButtonStyles\" data-wp-on--click=\"actions.showLightbox\" data-wp-on--load=\"callbacks.setButtonStyles\" data-wp-on-window--resize=\"callbacks.setButtonStyles\" src=\"https:\/\/forte-cultura.com\/wp-content\/uploads\/Kap94-Ingolstadt1.jpg\" alt=\"\" class=\"wp-image-3742\" style=\"width:287px;height:auto\" srcset=\"https:\/\/forte-cultura.com\/wp-content\/uploads\/Kap94-Ingolstadt1.jpg 2000w, https:\/\/forte-cultura.com\/wp-content\/uploads\/Kap94-Ingolstadt1-300x200.jpg 300w, https:\/\/forte-cultura.com\/wp-content\/uploads\/Kap94-Ingolstadt1-1024x682.jpg 1024w, https:\/\/forte-cultura.com\/wp-content\/uploads\/Kap94-Ingolstadt1-768x512.jpg 768w, https:\/\/forte-cultura.com\/wp-content\/uploads\/Kap94-Ingolstadt1-1536x1024.jpg 1536w, https:\/\/forte-cultura.com\/wp-content\/uploads\/Kap94-Ingolstadt1-18x12.jpg 18w, https:\/\/forte-cultura.com\/wp-content\/uploads\/Kap94-Ingolstadt1-1200x800.jpg 1200w\" sizes=\"auto, (max-width: 2000px) 100vw, 2000px\" \/><button class=\"lightbox-trigger\" type=\"button\" aria-haspopup=\"dialog\" aria-label=\"Vergr\u00f6\u00dfern\" data-wp-init=\"callbacks.initTriggerButton\" data-wp-on--click=\"actions.showLightbox\" data-wp-style--right=\"state.imageButtonRight\" data-wp-style--top=\"state.imageButtonTop\">\n\t\t\t<svg xmlns=\"http:\/\/www.w3.org\/2000\/svg\" width=\"12\" height=\"12\" fill=\"none\" viewbox=\"0 0 12 12\">\n\t\t\t\t<path fill=\"#fff\" d=\"M2 0a2 2 0 0 0-2 2v2h1.5V2a.5.5 0 0 1 .5-.5h2V0H2Zm2 10.5H2a.5.5 0 0 1-.5-.5V8H0v2a2 2 0 0 0 2 2h2v-1.5ZM8 12v-1.5h2a.5.5 0 0 0 .5-.5V8H12v2a2 2 0 0 1-2 2H8Zm2-12a2 2 0 0 1 2 2v2h-1.5V2a.5.5 0 0 0-.5-.5H8V0h2Z\"><\/path>\n\t\t\t<\/svg>\n\t\t<\/button><\/figure><\/div>\n\n\n\n<div class=\"wp-block-column is-vertically-aligned-center eplus-wrapper is-layout-flow wp-container-core-column-is-layout-2ad53c50 wp-block-column-is-layout-flow\" style=\"padding-top:5px;padding-right:5px;padding-bottom:5px;padding-left:5px;flex-basis:70%\">\n<p class=\" has-medium-font-size eplus-wrapper\" style=\"font-style:normal;font-weight:400\"><strong>Kap94<\/strong><\/p>\n\n\n\n<p style=\"font-size:clamp(0.875rem, 0.875rem + ((1vw - 0.2rem) * 0.042), 0.9rem);font-style:normal;font-weight:400;line-height:1.3\" class=\" eplus-wrapper\">Im Grabenkoffer des Festungsabschnitts der Fronte Preysing, der Batterie 94, befindet sich heute ein \u00e4u\u00dferst reger Kulturverein, der das Geb\u00e4ude als Kap94 betreibt. Regelm\u00e4\u00dfig finden dort Konzerte, Lesungen, Poetry-Slam Veranstaltungen und vieles mehr statt. Besonders erw\u00e4hnenswert ist, dass das Dach des Verteidigungswerks ebenfalls bei Veranstaltungen bespielt wird, was gerade in lauen Sommern\u00e4chten ein echter Geheimtipp ist!<\/p>\n\n\n\n<div class=\"wp-block-buttons eplus-wrapper is-content-justification-center is-layout-flex wp-container-core-buttons-is-layout-a89b3969 wp-block-buttons-is-layout-flex\"><div class=\" wp-block-button eplus-wrapper eplus-styles-uid-b093c3\"><a class=\"wp-block-button__link wp-element-button\" href=\"https:\/\/kap94.de\/\" target=\"_blank\" rel=\"noreferrer noopener\">Kap94<\/a><\/div><\/div>\n<\/div>\n<\/div>\n\n<div class=\"wp-block-columns has-border-color has-accent-border-color has-base-background-color has-background eplus-wrapper is-layout-flex wp-container-core-columns-is-layout-88ebb0ee wp-block-columns-is-layout-flex eplus-styles-uid-af5818\" style=\"border-width:1px;border-radius:5px;padding-top:var(--wp--preset--spacing--10);padding-right:var(--wp--preset--spacing--10);padding-bottom:var(--wp--preset--spacing--10);padding-left:var(--wp--preset--spacing--10)\">\n<div class=\"wp-block-column is-vertically-aligned-top eplus-wrapper is-layout-flow wp-container-core-column-is-layout-bd97847e wp-block-column-is-layout-flow\" style=\"padding-top:5px;padding-right:5px;padding-bottom:5px;padding-left:5px;flex-basis:24%\"><figure data-wp-context='{\"imageId\":\"69f31ed8c9607\"}' data-wp-interactive=\"core\/image\" data-wp-key=\"69f31ed8c9607\" class=\"wp-block-image aligncenter size-full is-resized eplus-wrapper eplus-styles-uid-70f882 wp-lightbox-container\" style=\"margin-top:5px;margin-right:5px;margin-bottom:5px;margin-left:5px\"><img loading=\"lazy\" decoding=\"async\" width=\"2000\" height=\"1500\" data-wp-class--hide=\"state.isContentHidden\" data-wp-class--show=\"state.isContentVisible\" data-wp-init=\"callbacks.setButtonStyles\" data-wp-on--click=\"actions.showLightbox\" data-wp-on--load=\"callbacks.setButtonStyles\" data-wp-on-window--resize=\"callbacks.setButtonStyles\" src=\"https:\/\/forte-cultura.com\/wp-content\/uploads\/Fronte-Rechberg_Ingolstadt1.jpg\" alt=\"\" class=\"wp-image-3758\" style=\"width:287px;height:auto\" srcset=\"https:\/\/forte-cultura.com\/wp-content\/uploads\/Fronte-Rechberg_Ingolstadt1.jpg 2000w, https:\/\/forte-cultura.com\/wp-content\/uploads\/Fronte-Rechberg_Ingolstadt1-300x225.jpg 300w, https:\/\/forte-cultura.com\/wp-content\/uploads\/Fronte-Rechberg_Ingolstadt1-1024x768.jpg 1024w, https:\/\/forte-cultura.com\/wp-content\/uploads\/Fronte-Rechberg_Ingolstadt1-768x576.jpg 768w, https:\/\/forte-cultura.com\/wp-content\/uploads\/Fronte-Rechberg_Ingolstadt1-1536x1152.jpg 1536w, https:\/\/forte-cultura.com\/wp-content\/uploads\/Fronte-Rechberg_Ingolstadt1-16x12.jpg 16w\" sizes=\"auto, (max-width: 2000px) 100vw, 2000px\" \/><button class=\"lightbox-trigger\" type=\"button\" aria-haspopup=\"dialog\" aria-label=\"Vergr\u00f6\u00dfern\" data-wp-init=\"callbacks.initTriggerButton\" data-wp-on--click=\"actions.showLightbox\" data-wp-style--right=\"state.imageButtonRight\" data-wp-style--top=\"state.imageButtonTop\">\n\t\t\t<svg xmlns=\"http:\/\/www.w3.org\/2000\/svg\" width=\"12\" height=\"12\" fill=\"none\" viewbox=\"0 0 12 12\">\n\t\t\t\t<path fill=\"#fff\" d=\"M2 0a2 2 0 0 0-2 2v2h1.5V2a.5.5 0 0 1 .5-.5h2V0H2Zm2 10.5H2a.5.5 0 0 1-.5-.5V8H0v2a2 2 0 0 0 2 2h2v-1.5ZM8 12v-1.5h2a.5.5 0 0 0 .5-.5V8H12v2a2 2 0 0 1-2 2H8Zm2-12a2 2 0 0 1 2 2v2h-1.5V2a.5.5 0 0 0-.5-.5H8V0h2Z\"><\/path>\n\t\t\t<\/svg>\n\t\t<\/button><\/figure><\/div>\n\n\n\n<div class=\"wp-block-column is-vertically-aligned-center eplus-wrapper is-layout-flow wp-container-core-column-is-layout-2ad53c50 wp-block-column-is-layout-flow\" style=\"padding-top:5px;padding-right:5px;padding-bottom:5px;padding-left:5px;flex-basis:70%\">\n<p class=\" has-medium-font-size eplus-wrapper\" style=\"font-style:normal;font-weight:400\"><strong>Fronte Rechberg<\/strong><\/p>\n\n\n\n<p style=\"font-size:clamp(0.875rem, 0.875rem + ((1vw - 0.2rem) * 0.042), 0.9rem);font-style:normal;font-weight:400;line-height:1.3\" class=\" eplus-wrapper\">Der Bereich der Fronte Rechberg im Osten der Altstadt geh\u00f6rt zu den am besten erhaltenen Bereichen der Stadtumwallung, welche den ersten der drei Befestigungsringe um die Stadt darstellt. Die feierliche Grundsteinlegung am n\u00f6rdlichen Donauufer fand hier im Jahr 1834 statt. Erhalten sind eine Kaponniere, der Hauptwall mit Infanteriegalerie, ein Traversgeb\u00e4ude, ein Wachhaus, eine Gesch\u00fctzremise, das Stadttor \u201eZweites Neues Feldkirchner Tor\u201c, die Kavaliere Heydeck und Elbracht, der rechte Teil einer Kontergarde, ein Reduit, das Konterminensystem sowie das Glacis mit Brustwehr. Teile davon, welche z.B. im Zweiten Weltkrieg als Luftschutzr\u00e4umlichkeiten und danach f\u00fcr Fl\u00fcchtlinge aus den ehemaligen deutschen Ostgebieten als Unterkunft verwendet wurden, k\u00f6nnen im Rahmen von Sonderf\u00fchrungen besichtigt werden.<\/p>\n\n\n\n<p style=\"font-size:clamp(0.875rem, 0.875rem + ((1vw - 0.2rem) * 0.042), 0.9rem);font-style:normal;font-weight:400;line-height:1.3\" class=\" eplus-wrapper\">Interessierte Gruppen k\u00f6nnen \u00fcber den F\u00f6rderverein der bayerischen Landesfestung Ingolstadt Sonderf\u00fchrungen anfragen.<\/p>\n\n\n\n<div class=\"wp-block-buttons eplus-wrapper is-content-justification-center is-layout-flex wp-container-core-buttons-is-layout-a89b3969 wp-block-buttons-is-layout-flex\"><div class=\" wp-block-button eplus-wrapper eplus-styles-uid-f5ceb7\"><a class=\"wp-block-button__link wp-element-button\" href=\"https:\/\/www.festungingolstadt.de\/\" target=\"_blank\" rel=\"noreferrer noopener\">Anfrage Sonderf\u00fchrungen<\/a><\/div><\/div>\n<\/div>\n<\/div><\/div><\/div><\/div>\n\n\n\n<div class=\"wp-block-kadence-pane kt-accordion-pane kt-accordion-pane-3 kt-pane698_d4787f-a0\"><div class=\"kt-accordion-header-wrap\"><button class=\"kt-blocks-accordion-header kt-acccordion-button-label-show\" type=\"button\"><span class=\"kt-blocks-accordion-title-wrap\"><span class=\"kt-blocks-accordion-title\">Touren und Informationen<\/span><\/span><span class=\"kt-blocks-accordion-icon-trigger\"><\/span><\/button><\/div><div class=\"kt-accordion-panel kt-accordion-panel-hidden\"><div class=\"kt-accordion-panel-inner\"><div class=\"wp-block-columns eplus-wrapper is-layout-flex wp-container-core-columns-is-layout-006b283f wp-block-columns-is-layout-flex eplus-styles-uid-c64511\" style=\"border-radius:5px;margin-top:0;margin-bottom:0;padding-top:var(--wp--preset--spacing--10);padding-right:var(--wp--preset--spacing--10);padding-bottom:var(--wp--preset--spacing--10);padding-left:var(--wp--preset--spacing--10)\">\n<div class=\"wp-block-column is-vertically-aligned-center has-base-2-background-color has-background eplus-wrapper is-layout-flow wp-container-core-column-is-layout-05f3fd61 wp-block-column-is-layout-flow\" style=\"border-radius:5px;padding-top:10px;padding-right:5px;padding-bottom:10px;padding-left:5px;flex-basis:55%\"><figure class=\" wp-block-image aligncenter size-full is-resized eplus-wrapper eplus-styles-uid-70f882\" style=\"margin-top:5px;margin-right:5px;margin-bottom:5px;margin-left:5px\"><img loading=\"lazy\" decoding=\"async\" width=\"1024\" height=\"768\" src=\"https:\/\/forte-cultura.com\/wp-content\/uploads\/Tourist-Info.jpg\" alt=\"\" class=\"wp-image-3718\" style=\"width:252px;height:auto\" srcset=\"https:\/\/forte-cultura.com\/wp-content\/uploads\/Tourist-Info.jpg 1024w, https:\/\/forte-cultura.com\/wp-content\/uploads\/Tourist-Info-300x225.jpg 300w, https:\/\/forte-cultura.com\/wp-content\/uploads\/Tourist-Info-768x576.jpg 768w, https:\/\/forte-cultura.com\/wp-content\/uploads\/Tourist-Info-16x12.jpg 16w\" sizes=\"auto, (max-width: 1024px) 100vw, 1024px\" \/><\/figure>\n\n\n<p class=\" has-text-align-center has-medium-font-size eplus-wrapper\" style=\"font-style:normal;font-weight:400\"><strong>Ingolstadt wehrhaft \u2013 Imposante Zeugnisse der Bayerischen Landesfestung<\/strong><\/p>\n\n\n<p class=\" has-small-font-size eplus-wrapper eplus-styles-uid-670fc2\" style=\"line-height:1.3\">Die Stadt Ingolstadt bietet eine Vielzahl an F\u00fchrungen und Touren zur Geschichte der Landesfestung. Entdecken Sie Ingolstadt aus besonderen Blickwinkeln bei Stadt- und Thementouren wie:<\/p>\n\n<ul style=\"font-size:clamp(0.875em, 0.875rem + ((1vw - 0.2em) * 0.042), 0.9em);font-style:normal;font-weight:400\" class=\" wp-block-list eplus-wrapper eplus-styles-uid-f95ae8\"><li class=\" has-small-font-size eplus-wrapper eplus-styles-uid-f8a27e\" style=\"line-height:1.3\">Die Festung Ingolstadt \u2013 Bayerische Landesfestung,<\/li>\n\n<li class=\" has-small-font-size eplus-wrapper eplus-styles-uid-f8a27e\" style=\"line-height:1.3\">Fronte Rechberg,<\/li>\n\n<li class=\" has-small-font-size eplus-wrapper eplus-styles-uid-f8a27e\" style=\"line-height:1.3\">Scherbelbergbunker,<\/li>\n\n<li class=\" has-small-font-size eplus-wrapper eplus-styles-uid-f8a27e\" style=\"line-height:1.3\">Vom Scherbelberg in den Schutterhof,<\/li>\n\n<li class=\" has-small-font-size eplus-wrapper eplus-styles-uid-f8a27e\" style=\"line-height:1.3\">Die Festung Ingolstadt \u2013 Bausteine einer Landesfestung \u2013 Fahrradtour,<\/li>\n\n<li class=\" has-small-font-size eplus-wrapper eplus-styles-uid-f8a27e\" style=\"line-height:1.3\">Festungsf\u00fchrung von Frau zu Frau, und viele mehr.<\/li><\/ul>\n\n<p class=\" has-small-font-size eplus-wrapper eplus-styles-uid-670fc2\" style=\"line-height:1.3\">Ansprechpartner f\u00fcr \u00f6ffentliche und private F\u00fchrungen ist die\u00a0<strong>Tourist-Information<\/strong>: Moritzstra\u00dfe 19, 85049 Ingolstadt, Telefon: +49 (0)841\/305-3030<\/p>\n\n\n<div class=\"wp-block-buttons eplus-wrapper is-content-justification-center is-layout-flex wp-container-core-buttons-is-layout-a89b3969 wp-block-buttons-is-layout-flex\"><div class=\" wp-block-button eplus-wrapper eplus-styles-uid-ffb8c2\"><a class=\"wp-block-button__link wp-element-button\" href=\"https:\/\/www.newcityplatform.de\" target=\"_blank\" rel=\"noreferrer noopener\">www.newcityplatform.de<\/a><\/div><\/div>\n<\/div>\n\n\n\n<div class=\"wp-block-column is-vertically-aligned-stretch has-base-2-background-color has-background eplus-wrapper is-layout-flow wp-container-core-column-is-layout-05f3fd61 wp-block-column-is-layout-flow\" style=\"border-radius:5px;padding-top:10px;padding-right:5px;padding-bottom:10px;padding-left:5px;flex-basis:47%\"><figure class=\" wp-block-image aligncenter size-full is-resized eplus-wrapper eplus-styles-uid-70f882\" style=\"margin-top:5px;margin-right:5px;margin-bottom:5px;margin-left:5px\"><img loading=\"lazy\" decoding=\"async\" width=\"2000\" height=\"1500\" src=\"https:\/\/forte-cultura.com\/wp-content\/uploads\/DSC07456w1.jpg\" alt=\"\" class=\"wp-image-3719\" style=\"width:249px;height:auto\" srcset=\"https:\/\/forte-cultura.com\/wp-content\/uploads\/DSC07456w1.jpg 2000w, https:\/\/forte-cultura.com\/wp-content\/uploads\/DSC07456w1-300x225.jpg 300w, https:\/\/forte-cultura.com\/wp-content\/uploads\/DSC07456w1-1024x768.jpg 1024w, https:\/\/forte-cultura.com\/wp-content\/uploads\/DSC07456w1-768x576.jpg 768w, https:\/\/forte-cultura.com\/wp-content\/uploads\/DSC07456w1-1536x1152.jpg 1536w, https:\/\/forte-cultura.com\/wp-content\/uploads\/DSC07456w1-16x12.jpg 16w\" sizes=\"auto, (max-width: 2000px) 100vw, 2000px\" \/><\/figure>\n\n\n<p class=\" has-text-align-center has-medium-font-size eplus-wrapper\" style=\"font-style:normal;font-weight:400\"><strong>Festungsrundgang<\/strong><\/p>\n\n\n\n<p class=\" has-text-align-center has-small-font-size eplus-wrapper\" style=\"font-style:normal;font-weight:400;line-height:1.3\">Der ingolst\u00e4dter Festungsrundgang kann jederzeit individuell durchgef\u00fchrt werden. Der dazugeh\u00f6rige Faltplan ist in der\u00a0<strong>Tourist-Information<\/strong>\u00a0erh\u00e4ltlich.<\/p>\n\n\n\n<p class=\" has-text-align-center has-small-font-size eplus-wrapper\" style=\"font-style:normal;font-weight:400;line-height:1.3\"><br>Moritzstra\u00dfe 19<br>85049 Ingolstadt<br>Telefon: +49 (0)841\/305-3030<\/p>\n\n\n\n<p class=\" has-text-align-center has-small-font-size eplus-wrapper\" style=\"font-style:normal;font-weight:400;line-height:1.3\"><\/p>\n\n\n\n<div class=\"wp-block-buttons eplus-wrapper is-content-justification-center is-layout-flex wp-container-core-buttons-is-layout-a89b3969 wp-block-buttons-is-layout-flex\"><div class=\" wp-block-button eplus-wrapper eplus-styles-uid-36bc46\"><a class=\"wp-block-button__link wp-element-button\" href=\"https:\/\/www.newcityplatform.de\" target=\"_blank\" rel=\"noreferrer noopener\">www.newcityplatform.de<\/a><\/div><\/div>\n<\/div>\n<\/div><\/div><\/div><\/div>\n\n\n\n<div class=\"wp-block-kadence-pane kt-accordion-pane kt-accordion-pane-4 kt-pane698_9707a2-ca\"><div class=\"kt-accordion-header-wrap\"><button class=\"kt-blocks-accordion-header kt-acccordion-button-label-show\" type=\"button\"><span class=\"kt-blocks-accordion-title-wrap\"><span class=\"kt-blocks-accordion-title\">Festungsplan<\/span><\/span><span class=\"kt-blocks-accordion-icon-trigger\"><\/span><\/button><\/div><div class=\"kt-accordion-panel kt-accordion-panel-hidden\"><div class=\"kt-accordion-panel-inner\">\n<figure class=\" wp-block-image aligncenter size-full is-resized eplus-wrapper\"><img loading=\"lazy\" decoding=\"async\" width=\"747\" height=\"576\" src=\"https:\/\/forte-cultura.com\/wp-content\/uploads\/befestringplan.jpg\" alt=\"\" class=\"wp-image-3722\" style=\"width:1238px;height:auto\" srcset=\"https:\/\/forte-cultura.com\/wp-content\/uploads\/befestringplan.jpg 747w, https:\/\/forte-cultura.com\/wp-content\/uploads\/befestringplan-300x231.jpg 300w, https:\/\/forte-cultura.com\/wp-content\/uploads\/befestringplan-16x12.jpg 16w\" sizes=\"auto, (max-width: 747px) 100vw, 747px\" \/><figcaption class=\"wp-element-caption\">Festungsplan Ingolstadt, \u00a9F\u00f6rderverein Bayerische Landesfestung Ingolstadt e.V.<\/figcaption><\/figure>\n<\/div><\/div><\/div>\n\n\n\n<div class=\"wp-block-kadence-pane kt-accordion-pane kt-accordion-pane-5 kt-pane698_afaa25-e8\"><div class=\"kt-accordion-header-wrap\"><button class=\"kt-blocks-accordion-header kt-acccordion-button-label-show\" type=\"button\"><span class=\"kt-blocks-accordion-title-wrap\"><span class=\"kt-blocks-accordion-title\">Geschichte und Architektur<\/span><\/span><span class=\"kt-blocks-accordion-icon-trigger\"><\/span><\/button><\/div><div class=\"kt-accordion-panel kt-accordion-panel-hidden\"><div class=\"kt-accordion-panel-inner\">\n<h2 class=\" wp-block-heading has-text-align-left has-large-font-size eplus-wrapper\" style=\"margin-top:var(--wp--preset--spacing--10)\">Geschichte<\/h2>\n\n\n\n<p class=\" has-text-align-left eplus-wrapper\" style=\"margin-top:var(--wp--preset--spacing--10);margin-bottom:5px;padding-top:0;padding-bottom:0;font-size:clamp(0.875em, 0.875rem + ((1vw - 0.2em) * 0.042), 0.9em);font-style:normal;font-weight:400;line-height:1.3\">Ingolstadt war aufgrund der Lage an der Donau bereits in vorgeschichtlicher Zeit und sp\u00e4ter in der R\u00f6merzeit ein wichtiger Kreuzungspunkt von Fernverkehrswegen. Die erste Erw\u00e4hnung Ingolstadts ist in einer Urkunde Karls des Gro\u00dfen im Jahr 806 zu finden. Gegen 1270 verf\u00fcgte Ingolstadt nachweislich \u00fcber eine Stadtumwallung, wovon das Alte Schloss (heute als Herzogskasten bezeichnet) heute noch existiert und als Stadtb\u00fccherei verwendet wird. <\/p>\n\n\n\n<p class=\" has-text-align-left eplus-wrapper\" style=\"margin-top:var(--wp--preset--spacing--10);margin-bottom:5px;padding-top:0;padding-bottom:0;font-size:clamp(0.875em, 0.875rem + ((1vw - 0.2em) * 0.042), 0.9em);font-style:normal;font-weight:400;line-height:1.3\">Aufgrund der Teilung Bayerns in zwei Herzogt\u00fcmer wurde Ingolstadt 1392 Haupt- und Residenzstadt des Herzogtums Bayern-Ingolstadt (1392\u20131447). Der bereits 1368 begonnene Bau der zweiten mittelalterlichen Stadtumwallung wurde bis 1430 vollendet. Die Stadtmauer enthielt 87 halbrunde T\u00fcrme, weshalb Ingolstadt den Beinamen \u201edie Hundertt\u00fcrmige\u201c erhielt.<\/p>\n\n\n\n<p style=\"margin-top:var(--wp--preset--spacing--10);margin-bottom:5px;padding-top:0;padding-bottom:0;font-size:clamp(0.875em, 0.875rem + ((1vw - 0.2em) * 0.042), 0.9em);font-style:normal;font-weight:400;line-height:1.3\" class=\" eplus-wrapper\">1472 wurde in Ingolstadt die erste Universit\u00e4t in Bayern gegr\u00fcndet, die sich sp\u00e4ter als Zentrum der Gegenreformation profilierte. Zudem war Ingolstadt ein bedeutendes Handelszentrum f\u00fcr Salz, Wein und Bier.<\/p>\n\n\n\n<p style=\"margin-top:var(--wp--preset--spacing--10);margin-bottom:5px;padding-top:0;padding-bottom:0;font-size:clamp(0.875em, 0.875rem + ((1vw - 0.2em) * 0.042), 0.9em);font-style:normal;font-weight:400;line-height:1.3\" class=\" eplus-wrapper\">1537 wurde Ingolstadt zur bayerischen Landesfestung Ingolstadt und von 1539 bis 1565 als bastionierte Renaissancefestung ausgebaut. Dadurch erhielt sie den Beinamen \u201eDie Schanz\u201c.<\/p>\n\n\n\n<p style=\"margin-top:var(--wp--preset--spacing--10);margin-bottom:5px;padding-top:0;padding-bottom:0;font-size:clamp(0.875em, 0.875rem + ((1vw - 0.2em) * 0.042), 0.9em);font-style:normal;font-weight:400;line-height:1.3\" class=\" eplus-wrapper\">Bereits 1546 kam es im Schmalkaldischen Krieg zwischen den Truppen des Schmalkaldischen Bundes und den kaiserlichen Truppen Karls V. vor den Stadttoren Ingolstadts zu einer zweiw\u00f6chigen Auseinandersetzung, jedoch ohne gr\u00f6\u00dfere Konsequenzen.<\/p>\n\n\n\n<p style=\"margin-top:var(--wp--preset--spacing--10);margin-bottom:5px;padding-top:0;padding-bottom:0;font-size:clamp(0.875em, 0.875rem + ((1vw - 0.2em) * 0.042), 0.9em);font-style:normal;font-weight:400;line-height:1.3\" class=\" eplus-wrapper\">Im Drei\u00dfigj\u00e4hrigen Krieg beschoss Gustav II. Adolf von Schweden Ingolstadt von S\u00fcden her. Er brach den Versuch, die Stadt einzunehmen jedoch nach einer Woche nach hohen Verlusten ab. Ob die Tatsache, dass ihm sein Pferd w\u00e4hrend eines Erkundungsritts sogar f\u00f6rmlich \u201eunter dem Hintern\u201c weggeschossen wurde, dazu beitrug ist bis heute umstritten. Nach dem Abzug der Schweden wurde das Tier in die Stadt geholt und pr\u00e4pariert. Der \u201eSchwedenschimmel\u201c ist heute im Stadtmuseum zu sehen und gilt als das \u00e4lteste erhaltene Tierpr\u00e4parat Europas.<\/p>\n\n\n\n<p style=\"margin-top:var(--wp--preset--spacing--10);margin-bottom:5px;padding-top:0;padding-bottom:0;font-size:clamp(0.875em, 0.875rem + ((1vw - 0.2em) * 0.042), 0.9em);font-style:normal;font-weight:400;line-height:1.3\" class=\" eplus-wrapper\">Im Spanischen Erbfolgekrieg wurde Ingolstadt 1704 erneut ohne Erfolg belagert. Allerdings wurde die Festung im Rahmen des Vertrags von Ilbesheim \u00fcbergeben und blieb bis 1715 unter Verwaltung der kaiserlichen Truppen.<\/p>\n\n\n\n<p style=\"margin-top:var(--wp--preset--spacing--10);margin-bottom:5px;padding-top:0;padding-bottom:0;font-size:clamp(0.875em, 0.875rem + ((1vw - 0.2em) * 0.042), 0.9em);font-style:normal;font-weight:400;line-height:1.3\" class=\" eplus-wrapper\">1799 besetzten napoleonische Truppen die Festung Ingolstadt. Die Universit\u00e4t wurde nach Landshut verlegt und die Schleifung der Festung veranlasst.<\/p>\n\n\n\n<p style=\"margin-top:var(--wp--preset--spacing--10);margin-bottom:5px;padding-top:0;padding-bottom:0;font-size:clamp(0.875em, 0.875rem + ((1vw - 0.2em) * 0.042), 0.9em);font-style:normal;font-weight:400;line-height:1.3\" class=\" eplus-wrapper\">Bereits 1806 beschloss man den Wiederaufbau, er konnte jedoch aus Geldmangel erst ab 1828 umgesetzt werden. Die K\u00f6niglich Bayerische Hauptlandesfestung wurde das gr\u00f6\u00dfte und teuerste Bauprojekt in der Regierungszeit K\u00f6nig Ludwig I. Die klassizistische Festung beherbergte 1861 rund 12.750 Soldaten der Bayerischen Armee \u2013 gegen\u00fcber etwa 7.000 Ingolst\u00e4dter B\u00fcrgern.<\/p>\n\n\n\n<p style=\"margin-top:var(--wp--preset--spacing--10);margin-bottom:5px;padding-top:0;padding-bottom:0;font-size:clamp(0.875em, 0.875rem + ((1vw - 0.2em) * 0.042), 0.9em);font-style:normal;font-weight:400;line-height:1.3\" class=\" eplus-wrapper\">Ab 1866 wurde der Vorwerkg\u00fcrtel (mittlerer Ring) um die Stadt errichtet, ab 1875 folgte der \u00e4u\u00dfere Fortg\u00fcrtel.<br>Der Festungsbau st\u00e4rkte die Verkehrsinfrastruktur: 1867 erfolgte der Bahnanschluss, Betriebe wie die \u201eK\u00f6niglich Bayerische Gesch\u00fctz- und Gescho\u00dfgie\u00dferei\u201c sorgten f\u00fcr wirtschaftlichen Aufschwung.<\/p>\n\n\n\n<p style=\"margin-top:var(--wp--preset--spacing--10);margin-bottom:5px;padding-top:0;padding-bottom:0;font-size:clamp(0.875em, 0.875rem + ((1vw - 0.2em) * 0.042), 0.9em);font-style:normal;font-weight:400;line-height:1.3\" class=\" eplus-wrapper\">W\u00e4hrend des Ersten Weltkriegs war Ingolstadt zeitweise mit \u00fcber 40.000 Soldaten belegt, die Festungsbauten wurden als Kriegsgefangenenlager genutzt und zwei Reservelazarette in der Stadt eingerichtet. <\/p>\n\n\n\n<p style=\"margin-top:var(--wp--preset--spacing--10);margin-bottom:5px;padding-top:0;padding-bottom:0;font-size:clamp(0.875em, 0.875rem + ((1vw - 0.2em) * 0.042), 0.9em);font-style:normal;font-weight:400;line-height:1.3\" class=\" eplus-wrapper\">1937 wurde der Stadt der Status als Festung aberkannt. Bis 1938 vertrieb man die etwa 100 j\u00fcdischen Bewohner. 1944 wurde das Fort VIII (Manching) zum Wehrmachtsgef\u00e4ngnis, in welchem bis Kriegsende 76 Wehrmachtsangeh\u00f6rige wegen Wehrkraftzersetzung bzw. Fahnenflucht hingerichtet wurden. Ab Januar 1945 wurde die Stadt Ziel von alliierten Bombenangriffen.<\/p>\n\n\n\n<p class=\" has-text-align-left eplus-wrapper\" style=\"margin-top:var(--wp--preset--spacing--10);margin-bottom:25px;padding-top:0;padding-bottom:0;font-size:clamp(0.875em, 0.875rem + ((1vw - 0.2em) * 0.042), 0.9em);font-style:normal;font-weight:400;line-height:1.3\">Nach dem Krieg richtete man in den Festungsanlagen Notunterk\u00fcnfte f\u00fcr Fl\u00fcchtlinge ein. Ab Mitte der 1950er Jahre wurde die Pionierkaserne auf der Schanz als Bundeswehrkaserne errichtet: Heute ist dort die Pionierschule, die Fachschule des Heeres f\u00fcr Bautechnik und das Zentrum f\u00fcr Bauwesen sowie das Gebirgspionierbataillon 8 untergebracht.<\/p>\n\n\n<div class=\"pgc-sgb-cb wp-block-pgcsimplygalleryblock-justified \" data-gallery-id=\"a8114154\"><div class=\"sgb-preloader\" id=\"pr_a8114154\">\n\t<div class=\"sgb-square\" style=\"background:#d4d4d4\"><\/div>\n\t<div class=\"sgb-square\" style=\"background:#d4d4d4\"><\/div>\n\t<div class=\"sgb-square\" style=\"background:#d4d4d4\"><\/div>\n\t<div class=\"sgb-square\" style=\"background:#d4d4d4\"><\/div><\/div><div class=\"simply-gallery-amp pgc_sgb_slider \"><noscript><div class=\"sgb-gallery\"><div class=\"sgb-item\"><a href=\"https:\/\/forte-cultura.com\/ingolstadt-de\/0323-2015_ausschnitt02-853x6401\/\" target=\"_blank\"><img decoding=\"async\" alt=\"\" width=\"300\" height=\"225\" loading=\"lazy\" src=\"https:\/\/forte-cultura.com\/wp-content\/uploads\/0323-2015_Ausschnitt02-853x6401-1-300x225.jpg\" srcset=\"https:\/\/forte-cultura.com\/wp-content\/uploads\/0323-2015_Ausschnitt02-853x6401-1-300x225.jpg 300w,https:\/\/forte-cultura.com\/wp-content\/uploads\/0323-2015_Ausschnitt02-853x6401-1.jpg 853w\" sizes=\"auto, 250px\"><\/a><\/div><div class=\"sgb-item\"><a href=\"https:\/\/forte-cultura.com\/ingolstadt-de\/lossy-page1-971px-dankaerts-historis-9338_tif1\/\" target=\"_blank\"><img decoding=\"async\" alt=\"\" width=\"300\" height=\"222\" loading=\"lazy\" src=\"https:\/\/forte-cultura.com\/wp-content\/uploads\/lossy-page1-971px-Dankaerts-Historis-9338_tif1-300x222.jpg\" srcset=\"https:\/\/forte-cultura.com\/wp-content\/uploads\/lossy-page1-971px-Dankaerts-Historis-9338_tif1-300x222.jpg 300w,https:\/\/forte-cultura.com\/wp-content\/uploads\/lossy-page1-971px-Dankaerts-Historis-9338_tif1.jpg 971w\" sizes=\"auto, 250px\"><\/a><\/div><div class=\"sgb-item\"><a href=\"https:\/\/forte-cultura.com\/ingolstadt-de\/bild-162\/\" target=\"_blank\"><img decoding=\"async\" alt=\"\" width=\"300\" height=\"225\" loading=\"lazy\" src=\"https:\/\/forte-cultura.com\/wp-content\/uploads\/961px-Uniform-Bilder_Koeniglich_Bayerisches_Infanterie-Regiment_Grossherzog_Ernst_Ludwig_von_Hessen_0031-300x225.jpg\" srcset=\"https:\/\/forte-cultura.com\/wp-content\/uploads\/961px-Uniform-Bilder_Koeniglich_Bayerisches_Infanterie-Regiment_Grossherzog_Ernst_Ludwig_von_Hessen_0031-300x225.jpg 300w,https:\/\/forte-cultura.com\/wp-content\/uploads\/961px-Uniform-Bilder_Koeniglich_Bayerisches_Infanterie-Regiment_Grossherzog_Ernst_Ludwig_von_Hessen_0031.jpg 961w\" sizes=\"auto, 250px\"><\/a><div class=\"sgb-item-caption\"><em>Bild 162<\/em><\/div><\/div><\/div><\/noscript><\/div><script type=\"application\/json\" class=\"sgb-data\">{\"lastRowFill\":true,\"collectionThumbRecomendedHeight\":150,\"thumbSpacing\":8,\"captions\":false,\"collectionthumbRoundedCorners\":5,\"galleryType\":\"pgc_sgb_justified\",\"galleryId\":\"a8114154\",\"images\":[{\"id\":3730,\"title\":\"0323-2015_Ausschnitt02-853x6401\",\"url\":\"https:\/\/forte-cultura.com\/wp-content\/uploads\/0323-2015_Ausschnitt02-853x6401-1.jpg\",\"link\":\"https:\/\/forte-cultura.com\/ingolstadt-de\/0323-2015_ausschnitt02-853x6401\/\",\"alt\":\"\",\"description\":\"Ausschnitt. \u00a9Bayerisches Armeemuseum, Ingolstadt\",\"caption\":\"\",\"mime\":\"image\/jpeg\",\"type\":\"image\",\"width\":853,\"height\":640,\"sizes\":{\"thumbnail\":{\"height\":150,\"width\":150,\"url\":\"https:\/\/forte-cultura.com\/wp-content\/uploads\/0323-2015_Ausschnitt02-853x6401-1-150x150.jpg\",\"orientation\":\"landscape\"},\"medium\":{\"height\":225,\"width\":300,\"url\":\"https:\/\/forte-cultura.com\/wp-content\/uploads\/0323-2015_Ausschnitt02-853x6401-1-300x225.jpg\",\"orientation\":\"landscape\"},\"full\":{\"url\":\"https:\/\/forte-cultura.com\/wp-content\/uploads\/0323-2015_Ausschnitt02-853x6401-1.jpg\",\"height\":640,\"width\":853,\"orientation\":\"landscape\"}},\"imageMeta\":{\"aperture\":\"0\",\"credit\":\"\",\"camera\":\"\",\"caption\":\"\",\"created_timestamp\":\"0\",\"copyright\":\"\",\"focal_length\":\"0\",\"iso\":\"0\",\"shutter_speed\":\"0\",\"title\":\"\",\"orientation\":\"0\",\"keywords\":[]},\"meta\":false,\"postlink\":\"https:\/\/forte-cultura.com\/ingolstadt-de\/0323-2015_ausschnitt02-853x6401\/\"},{\"id\":3731,\"title\":\"lossy-page1-971px-Dankaerts-Historis-9338_tif1\",\"url\":\"https:\/\/forte-cultura.com\/wp-content\/uploads\/lossy-page1-971px-Dankaerts-Historis-9338_tif1.jpg\",\"link\":\"https:\/\/forte-cultura.com\/ingolstadt-de\/lossy-page1-971px-dankaerts-historis-9338_tif1\/\",\"alt\":\"\",\"description\":\"Ingolstadt, \u00a9Matth\u00e4us Merian\",\"caption\":\"\",\"mime\":\"image\/jpeg\",\"type\":\"image\",\"width\":971,\"height\":720,\"sizes\":{\"thumbnail\":{\"height\":150,\"width\":150,\"url\":\"https:\/\/forte-cultura.com\/wp-content\/uploads\/lossy-page1-971px-Dankaerts-Historis-9338_tif1-150x150.jpg\",\"orientation\":\"landscape\"},\"medium\":{\"height\":222,\"width\":300,\"url\":\"https:\/\/forte-cultura.com\/wp-content\/uploads\/lossy-page1-971px-Dankaerts-Historis-9338_tif1-300x222.jpg\",\"orientation\":\"landscape\"},\"full\":{\"url\":\"https:\/\/forte-cultura.com\/wp-content\/uploads\/lossy-page1-971px-Dankaerts-Historis-9338_tif1.jpg\",\"height\":720,\"width\":971,\"orientation\":\"landscape\"}},\"imageMeta\":{\"aperture\":\"0\",\"credit\":\"\",\"camera\":\"\",\"caption\":\"\",\"created_timestamp\":\"0\",\"copyright\":\"\",\"focal_length\":\"0\",\"iso\":\"0\",\"shutter_speed\":\"0\",\"title\":\"\",\"orientation\":\"0\",\"keywords\":[]},\"meta\":false,\"postlink\":\"https:\/\/forte-cultura.com\/ingolstadt-de\/lossy-page1-971px-dankaerts-historis-9338_tif1\/\"},{\"id\":3732,\"title\":\"Bild 162\",\"url\":\"https:\/\/forte-cultura.com\/wp-content\/uploads\/961px-Uniform-Bilder_Koeniglich_Bayerisches_Infanterie-Regiment_Grossherzog_Ernst_Ludwig_von_Hessen_0031.jpg\",\"link\":\"https:\/\/forte-cultura.com\/ingolstadt-de\/bild-162\/\",\"alt\":\"\",\"description\":\"Uniform-Bilder_K\u00f6niglich_Bayerisches_Infanterie-Regiment_Gro\u00dfherzog_Ernst_Ludwig_von_Hessen_0031.jpg\\nSource: Lithografie von Anton Hoffmann 1896\",\"caption\":\"Bild 162\",\"mime\":\"image\/jpeg\",\"type\":\"image\",\"width\":961,\"height\":720,\"sizes\":{\"thumbnail\":{\"height\":150,\"width\":150,\"url\":\"https:\/\/forte-cultura.com\/wp-content\/uploads\/961px-Uniform-Bilder_Koeniglich_Bayerisches_Infanterie-Regiment_Grossherzog_Ernst_Ludwig_von_Hessen_0031-150x150.jpg\",\"orientation\":\"landscape\"},\"medium\":{\"height\":225,\"width\":300,\"url\":\"https:\/\/forte-cultura.com\/wp-content\/uploads\/961px-Uniform-Bilder_Koeniglich_Bayerisches_Infanterie-Regiment_Grossherzog_Ernst_Ludwig_von_Hessen_0031-300x225.jpg\",\"orientation\":\"landscape\"},\"full\":{\"url\":\"https:\/\/forte-cultura.com\/wp-content\/uploads\/961px-Uniform-Bilder_Koeniglich_Bayerisches_Infanterie-Regiment_Grossherzog_Ernst_Ludwig_von_Hessen_0031.jpg\",\"height\":720,\"width\":961,\"orientation\":\"landscape\"}},\"imageMeta\":{\"aperture\":\"0\",\"credit\":\"\",\"camera\":\"\",\"caption\":\"Bild 162\",\"created_timestamp\":\"0\",\"copyright\":\"\",\"focal_length\":\"0\",\"iso\":\"0\",\"shutter_speed\":\"0\",\"title\":\"Bild 162\",\"orientation\":\"0\",\"keywords\":[]},\"meta\":false,\"postlink\":\"https:\/\/forte-cultura.com\/ingolstadt-de\/bild-162\/\"}],\"TrpContentRestriction\":{\"restriction_type\":\"exclude\",\"selected_languages\":[],\"panel_open\":true},\"itemsMetaDataCollection\":[]}<\/script><script>(function(){if(window.PGC_SGB && window.PGC_SGB.searcher){window.PGC_SGB.searcher.initBlocks()}})()<\/script><\/div>\n\n\n<h2 class=\" wp-block-heading has-text-align-left has-large-font-size eplus-wrapper\" style=\"margin-top:var(--wp--preset--spacing--20)\">Architektur<\/h2>\n\n\n\n<p style=\"margin-top:var(--wp--preset--spacing--10);margin-bottom:5px;font-size:clamp(0.875em, 0.875rem + ((1vw - 0.2em) * 0.042), 0.9em);line-height:1.4\" class=\" eplus-wrapper\">Die erste und \u00e4lteste Stadtmauer wurde im 13. Jahrhundert errichtet und bestand aus einem Rechteck mit 4 Eckt\u00fcrmen. Das Alte Schloss \u2013 heute Herzogskasten genannt \u2013 war Teil der Befestigungsanlage und ist heute das einzige \u00dcberbleibsel dieser ersten mittelalterlichen Stadtbefestigung.<\/p>\n\n\n\n<p style=\"margin-top:var(--wp--preset--spacing--10);margin-bottom:5px;font-size:clamp(0.875em, 0.875rem + ((1vw - 0.2em) * 0.042), 0.9em);line-height:1.4\" class=\" eplus-wrapper\">Von 1368 bis 1430 wurde die zweite mittelalterliche Stadtumwallung errichtet. Eine 6-8 Meter hohe Stadtmauer sowie 87 halbrunde T\u00fcrme im Abstand von etwa 30 Metern sicherten die Stadt und brachten ihr den Beinamen \u201edie Hundert\u00fcrmige\u201c ein (lat. ad centum turres). Sie ist nahezu erhalten geblieben, sehenswert sind das Kreuztor, der M\u00fcnzbergturm und das alte Feldkirchner Tor.<\/p>\n\n\n\n<p style=\"margin-top:var(--wp--preset--spacing--10);margin-bottom:5px;font-size:clamp(0.875em, 0.875rem + ((1vw - 0.2em) * 0.042), 0.9em);line-height:1.4\" class=\" eplus-wrapper\">1539 wurde der Grundstein f\u00fcr den Bau der ersten bayerischen Landesfestung gelegt. Bis 1565 entstand unter Herzog Wilhelm IV. eine bastionierte Renaissancefestung beiderseits der Donau, geplant durch Reinhard Graf Solms zu M\u00fcnzenberg und ausgef\u00fchrt durch Festungsbaumeister Georg Stern. Dabei wurde auch das Neue Schloss mit Basteien und weiteren Gr\u00e4ben befestigt.<\/p>\n\n\n\n<p style=\"margin-top:var(--wp--preset--spacing--10);margin-bottom:5px;font-size:clamp(0.875em, 0.875rem + ((1vw - 0.2em) * 0.042), 0.9em);line-height:1.4\" class=\" eplus-wrapper\">Unter Festungsbaumeister Christoph Heidemann fanden im 17. Jahrhundert weitere Verst\u00e4rkungen statt. Er lie\u00df die innere Grabenwand erh\u00f6hen und setzte detachierte Bastionen, meist in Form einer L\u00fcnette, vor die vorhandenen Bastionen. Zudem wurden drei zus\u00e4tzliche Bastionen errichtet und das als Schwachpunkt eingesch\u00e4tzte Hardertor geschlossen.<\/p>\n\n\n\n<p style=\"margin-top:var(--wp--preset--spacing--10);margin-bottom:5px;font-size:clamp(0.875em, 0.875rem + ((1vw - 0.2em) * 0.042), 0.9em);line-height:1.4\" class=\" eplus-wrapper\">Nach der Schleifung der Festung durch napoleonische Truppen kam es ab 1828 zum Wiederaufbau als klassizistische Polygonalfestung sowie zwei Fortg\u00fcrteln (ab 1866 und ab 1875). Dadurch wurde Ingolstadt zur \u201eFestung ersten Ranges\u201c, die ausreichend Platz f\u00fcr die bayerische Armee zur Vorbereitung von Feldz\u00fcgen bzw. ausreichend Deckung und Lagerplatz nach erfolgten Feldz\u00fcgen bot. Zus\u00e4tzlich zu den reinen Verteidigungsbauten wurden von den Milit\u00e4rbeh\u00f6rden auch zahlreiche Versorgungs- und Wohnbauten errichtet, wodurch sich Ingolstadt zur industriellen \u201eWaffenkammer\u201c des K\u00f6nigreichs Bayern entwickelte, mit Pulverfabrik, Geschoss- und Munitionsfabrik. Sie war nach Spandau zu dieser Zeit der zweitgr\u00f6\u00dfte R\u00fcstungsstandort im Deutschen Reich.<\/p>\n\n\n\n<p style=\"margin-top:var(--wp--preset--spacing--10);margin-bottom:5px;font-size:clamp(0.875em, 0.875rem + ((1vw - 0.2em) * 0.042), 0.9em);line-height:1.4\" class=\" eplus-wrapper\">Schlie\u00dflich wurde der Landesfestung Ingolstadt bei einer Kriegsbesatzung von 30.000 Mann und einem Bestand von 400 Gesch\u00fctzen eine hohe Widerstandskraft beigemessen und man rechnete mit keinem Gegner, der f\u00fcr einen f\u00f6rmlichen Angriff stark genug sei.<\/p>\n\n\n\n<p style=\"margin-top:var(--wp--preset--spacing--10);margin-bottom:5px;font-size:clamp(0.875em, 0.875rem + ((1vw - 0.2em) * 0.042), 0.9em);line-height:1.4\" class=\" eplus-wrapper\">Nach dem Zweiten Weltkrieg wurden alle Anlagen des \u00e4u\u00dferen Fortg\u00fcrtels gesprengt, mit Ausnahme des Forts Prinz Karl (Fort VI) bei Katharinenberg bei Gro\u00dfmehring. Auf den Tr\u00fcmmergrundst\u00fccken finden sich aber teilweise noch erhebliche Reste und auch auf Luftbildern sind die Umrisse meist noch gut zu erkennen.<\/p>\n\n\n\n<p style=\"margin-top:var(--wp--preset--spacing--10);margin-bottom:5px;font-size:clamp(0.875em, 0.875rem + ((1vw - 0.2em) * 0.042), 0.9em);line-height:1.4\" class=\" eplus-wrapper\">Ausf\u00fchrliche Beschreibungen der Bauabschnitte und Entwicklungsphasen der Landesfestung finden Sie auf den Internetseiten des F\u00f6rderverein Bayerische Landesfestung Ingolstadt e.V. unter\u00a0<a href=\"https:\/\/forte-cultura.net\/ansicht\/getData\/www.festungingolstadt.de\" target=\"_blank\" rel=\"noopener\">www.www.festungingolstadt.de<\/a>.<\/p>\n\n\n\n<p class=\" eplus-wrapper\"><\/p>\n\n\n<div class=\"pgc-sgb-cb wp-block-pgcsimplygalleryblock-justified \" data-gallery-id=\"64c97796\"><div class=\"sgb-preloader\" id=\"pr_64c97796\">\n\t<div class=\"sgb-square\" style=\"background:#d4d4d4\"><\/div>\n\t<div class=\"sgb-square\" style=\"background:#d4d4d4\"><\/div>\n\t<div class=\"sgb-square\" style=\"background:#d4d4d4\"><\/div>\n\t<div class=\"sgb-square\" style=\"background:#d4d4d4\"><\/div><\/div><div class=\"simply-gallery-amp pgc_sgb_slider \"><noscript><div class=\"sgb-gallery\"><div class=\"sgb-item\"><a href=\"https:\/\/forte-cultura.com\/ingolstadt-de\/grafik_ingolstadt_mittelalter_christian_karl1\/\" target=\"_blank\"><img decoding=\"async\" alt=\"\" width=\"300\" height=\"262\" loading=\"lazy\" src=\"https:\/\/forte-cultura.com\/wp-content\/uploads\/Grafik_Ingolstadt_Mittelalter_Christian_Karl1-300x262.png\" srcset=\"https:\/\/forte-cultura.com\/wp-content\/uploads\/Grafik_Ingolstadt_Mittelalter_Christian_Karl1-300x262.png 300w,https:\/\/forte-cultura.com\/wp-content\/uploads\/Grafik_Ingolstadt_Mittelalter_Christian_Karl1-1024x894.png 1024w,https:\/\/forte-cultura.com\/wp-content\/uploads\/Grafik_Ingolstadt_Mittelalter_Christian_Karl1.png 1900w\" sizes=\"auto, 250px\"><\/a><\/div><div class=\"sgb-item\"><a href=\"https:\/\/forte-cultura.com\/ingolstadt-de\/schloss21\/\" target=\"_blank\"><img decoding=\"async\" alt=\"\" width=\"300\" height=\"225\" loading=\"lazy\" src=\"https:\/\/forte-cultura.com\/wp-content\/uploads\/schloss21-300x225.jpg\" srcset=\"https:\/\/forte-cultura.com\/wp-content\/uploads\/schloss21-300x225.jpg 300w,https:\/\/forte-cultura.com\/wp-content\/uploads\/schloss21-1024x766.jpg 1024w,https:\/\/forte-cultura.com\/wp-content\/uploads\/schloss21.jpg 1185w\" sizes=\"auto, 250px\"><\/a><\/div><div class=\"sgb-item\"><a href=\"https:\/\/forte-cultura.com\/ingolstadt-de\/historisches-bad-ingolstadt\/\" target=\"_blank\"><img decoding=\"async\" alt=\"\" width=\"300\" height=\"229\" loading=\"lazy\" src=\"https:\/\/forte-cultura.com\/wp-content\/uploads\/Historisches-Bad-Ingolstadt-300x229.jpg\" srcset=\"https:\/\/forte-cultura.com\/wp-content\/uploads\/Historisches-Bad-Ingolstadt-300x229.jpg 300w,https:\/\/forte-cultura.com\/wp-content\/uploads\/Historisches-Bad-Ingolstadt-1024x783.jpg 1024w,https:\/\/forte-cultura.com\/wp-content\/uploads\/Historisches-Bad-Ingolstadt.jpg 1500w\" sizes=\"auto, 250px\"><\/a><\/div><\/div><\/noscript><\/div><script type=\"application\/json\" class=\"sgb-data\">{\"lastRowFill\":true,\"collectionThumbRecomendedHeight\":150,\"thumbSpacing\":8,\"captions\":false,\"collectionthumbRoundedCorners\":5,\"galleryType\":\"pgc_sgb_justified\",\"galleryId\":\"64c97796\",\"images\":[{\"id\":3734,\"title\":\"Grafik_Ingolstadt_Mittelalter_Christian_Karl1\",\"url\":\"https:\/\/forte-cultura.com\/wp-content\/uploads\/Grafik_Ingolstadt_Mittelalter_Christian_Karl1.png\",\"link\":\"https:\/\/forte-cultura.com\/ingolstadt-de\/grafik_ingolstadt_mittelalter_christian_karl1\/\",\"alt\":\"\",\"description\":\"Grafik_Ingolstadt_Mittelalter_Christian_Karl1, \u00a9 Christian Karl\",\"caption\":\"\",\"mime\":\"image\/png\",\"type\":\"image\",\"width\":1900,\"height\":1659,\"sizes\":{\"thumbnail\":{\"height\":150,\"width\":150,\"url\":\"https:\/\/forte-cultura.com\/wp-content\/uploads\/Grafik_Ingolstadt_Mittelalter_Christian_Karl1-150x150.png\",\"orientation\":\"landscape\"},\"medium\":{\"height\":262,\"width\":300,\"url\":\"https:\/\/forte-cultura.com\/wp-content\/uploads\/Grafik_Ingolstadt_Mittelalter_Christian_Karl1-300x262.png\",\"orientation\":\"landscape\"},\"large\":{\"height\":894,\"width\":1024,\"url\":\"https:\/\/forte-cultura.com\/wp-content\/uploads\/Grafik_Ingolstadt_Mittelalter_Christian_Karl1-1024x894.png\",\"orientation\":\"landscape\"},\"full\":{\"url\":\"https:\/\/forte-cultura.com\/wp-content\/uploads\/Grafik_Ingolstadt_Mittelalter_Christian_Karl1.png\",\"height\":1659,\"width\":1900,\"orientation\":\"landscape\"}},\"imageMeta\":{\"aperture\":\"0\",\"credit\":\"\",\"camera\":\"\",\"caption\":\"\",\"created_timestamp\":\"0\",\"copyright\":\"\",\"focal_length\":\"0\",\"iso\":\"0\",\"shutter_speed\":\"0\",\"title\":\"\",\"orientation\":\"0\",\"keywords\":[]},\"meta\":false,\"postlink\":\"https:\/\/forte-cultura.com\/ingolstadt-de\/grafik_ingolstadt_mittelalter_christian_karl1\/\"},{\"id\":3735,\"title\":\"schloss21\",\"url\":\"https:\/\/forte-cultura.com\/wp-content\/uploads\/schloss21.jpg\",\"link\":\"https:\/\/forte-cultura.com\/ingolstadt-de\/schloss21\/\",\"alt\":\"\",\"description\":\"schloss21 nach Kleemann, \u00a9F\u00f6rderverein Bayerische Landesfestung Ingolstadt e.V.\",\"caption\":\"\",\"mime\":\"image\/jpeg\",\"type\":\"image\",\"width\":1185,\"height\":887,\"sizes\":{\"thumbnail\":{\"height\":150,\"width\":150,\"url\":\"https:\/\/forte-cultura.com\/wp-content\/uploads\/schloss21-150x150.jpg\",\"orientation\":\"landscape\"},\"medium\":{\"height\":225,\"width\":300,\"url\":\"https:\/\/forte-cultura.com\/wp-content\/uploads\/schloss21-300x225.jpg\",\"orientation\":\"landscape\"},\"large\":{\"height\":766,\"width\":1024,\"url\":\"https:\/\/forte-cultura.com\/wp-content\/uploads\/schloss21-1024x766.jpg\",\"orientation\":\"landscape\"},\"full\":{\"url\":\"https:\/\/forte-cultura.com\/wp-content\/uploads\/schloss21.jpg\",\"height\":887,\"width\":1185,\"orientation\":\"landscape\"}},\"imageMeta\":{\"aperture\":\"0\",\"credit\":\"\",\"camera\":\"\",\"caption\":\"\",\"created_timestamp\":\"0\",\"copyright\":\"\",\"focal_length\":\"0\",\"iso\":\"0\",\"shutter_speed\":\"0\",\"title\":\"\",\"orientation\":\"0\",\"keywords\":[]},\"meta\":false,\"postlink\":\"https:\/\/forte-cultura.com\/ingolstadt-de\/schloss21\/\"},{\"id\":3736,\"title\":\"Historisches-Bad-Ingolstadt\",\"url\":\"https:\/\/forte-cultura.com\/wp-content\/uploads\/Historisches-Bad-Ingolstadt.jpg\",\"link\":\"https:\/\/forte-cultura.com\/ingolstadt-de\/historisches-bad-ingolstadt\/\",\"alt\":\"\",\"description\":\"Historisches-Bad-Ingolstadt, \u00a9Stadt Ingolstadt\",\"caption\":\"\",\"mime\":\"image\/jpeg\",\"type\":\"image\",\"width\":1500,\"height\":1147,\"sizes\":{\"thumbnail\":{\"height\":150,\"width\":150,\"url\":\"https:\/\/forte-cultura.com\/wp-content\/uploads\/Historisches-Bad-Ingolstadt-150x150.jpg\",\"orientation\":\"landscape\"},\"medium\":{\"height\":229,\"width\":300,\"url\":\"https:\/\/forte-cultura.com\/wp-content\/uploads\/Historisches-Bad-Ingolstadt-300x229.jpg\",\"orientation\":\"landscape\"},\"large\":{\"height\":783,\"width\":1024,\"url\":\"https:\/\/forte-cultura.com\/wp-content\/uploads\/Historisches-Bad-Ingolstadt-1024x783.jpg\",\"orientation\":\"landscape\"},\"full\":{\"url\":\"https:\/\/forte-cultura.com\/wp-content\/uploads\/Historisches-Bad-Ingolstadt.jpg\",\"height\":1147,\"width\":1500,\"orientation\":\"landscape\"}},\"imageMeta\":{\"aperture\":\"0\",\"credit\":\"\",\"camera\":\"\",\"caption\":\"\",\"created_timestamp\":\"0\",\"copyright\":\"\",\"focal_length\":\"0\",\"iso\":\"0\",\"shutter_speed\":\"0\",\"title\":\"\",\"orientation\":\"0\",\"keywords\":[]},\"meta\":false,\"postlink\":\"https:\/\/forte-cultura.com\/ingolstadt-de\/historisches-bad-ingolstadt\/\"}],\"TrpContentRestriction\":{\"restriction_type\":\"exclude\",\"selected_languages\":[],\"panel_open\":true},\"itemsMetaDataCollection\":[]}<\/script><script>(function(){if(window.PGC_SGB && window.PGC_SGB.searcher){window.PGC_SGB.searcher.initBlocks()}})()<\/script><\/div><\/div><\/div><\/div>\n\n\n\n<div class=\"wp-block-kadence-pane kt-accordion-pane kt-accordion-pane-6 kt-pane698_e6857b-a1\"><div class=\"kt-accordion-header-wrap\"><button class=\"kt-blocks-accordion-header kt-acccordion-button-label-show\" type=\"button\"><span class=\"kt-blocks-accordion-title-wrap\"><span class=\"kt-blocks-accordion-title\">Naturerlebnis<\/span><\/span><span class=\"kt-blocks-accordion-icon-trigger\"><\/span><\/button><\/div><div class=\"kt-accordion-panel kt-accordion-panel-hidden\"><div class=\"kt-accordion-panel-inner\">\n<p style=\"margin-top:0;margin-bottom:10px;font-size:clamp(0.875em, 0.875rem + ((1vw - 0.2em) * 0.042), 0.9em);line-height:1.4\" class=\" eplus-wrapper\">Ingolstadt verf\u00fcgt \u00fcber zahlreiche Parks, ausgedehnte Gr\u00fcnanlagen und W\u00e4lder. Am pr\u00e4gendsten ist das Glacis, das Vorfeld des ehemaligen Festungsg\u00fcrtels rund um die eigentliche Innenstadt. Im 19. Jahrhundert wurde das Glacis als Teil der Landesfestung als freies, grasbewachsenes Schussfeld vor den Festungsanlagen angelegt. Der 100 Hektar gro\u00dfe Gr\u00fcng\u00fcrtel umschlie\u00dft die Altstadt mit Wald-, Wiesen- und Wasserfl\u00e4chen. Angreifer fanden hier keine Deckung. Heute genie\u00dfen Ingolst\u00e4dter und Besucher gleicherma\u00dfen eine gr\u00fcne Oase, die Harmonie zwischen Natur und historischen Festungswerken ausstrahlt. Weitl\u00e4ufige Fu\u00df- und Radwege erschlie\u00dfen den idyllischen Naturg\u00fcrtel.<\/p>\n\n\n\n<p style=\"margin-top:0;margin-bottom:10px;font-size:clamp(0.875em, 0.875rem + ((1vw - 0.2em) * 0.042), 0.9em);line-height:1.4\" class=\" eplus-wrapper\">Inmitten der pr\u00e4chtigen Festungsanlagen des Br\u00fcckenkopfes befindet sich der Klenzepark, anl\u00e4sslich der Landesgartenschau 1992 mit Wiesen, Alleen, Wasserspielen, einem Rosengarten, Staudenfl\u00e4chen und einem Pflanzenlabyrinth angelegt. Kinder begeistert der Spielpark Fort Peyerl. Auch ein Biergarten und die G\u00e4rten der Sinne locken in den Klenzepark der zudem Schauplatz hochkar\u00e4tiger Open-Air-Veranstaltungen ist.<\/p>\n\n\n\n<p style=\"margin-top:0;margin-bottom:10px;font-size:clamp(0.875em, 0.875rem + ((1vw - 0.2em) * 0.042), 0.9em);line-height:1.4\" class=\" eplus-wrapper\">Gr\u00f6\u00dfter Wald in Ingolstadt ist der Auwald (Sch\u00fcttel) am n\u00f6rdlichen und s\u00fcdlichen Donauufer. Es ist eines der gr\u00f6\u00dften durchg\u00e4ngig erhaltenen Auwaldst\u00fccke in Deutschland. Der Auwald dient als Naturreservat mit in der Region zum Teil einzigartiger Vegetation und Tiervorkommen, zudem als gr\u00fcne Lunge und (naturnahes) Naherholungsgebiet.<\/p>\n\n\n\n<p style=\"margin-top:0;margin-bottom:10px;font-size:clamp(0.875em, 0.875rem + ((1vw - 0.2em) * 0.042), 0.9em);line-height:1.4\" class=\" eplus-wrapper\">Entlang der Donau finden sich weitere Natur- und Erholungsfl\u00e4chen sowie ein Biotoperlebnispfad in drei Abschnitten<br>(<a href=\"https:\/\/www.ingolstadt.de\/biotoperlebnispfad\" target=\"_blank\" rel=\"noreferrer noopener\">www ingolstadt.de\/biotoperlebnispfad<\/a>).<br><a href=\"https:\/\/forte-cultura.com\/wp-content\/uploads\/Eisenbahnbruecke.jpg\"><\/a><\/p>\n\n\n<div class=\"pgc-sgb-cb wp-block-pgcsimplygalleryblock-justified \" data-gallery-id=\"58914157\"><div class=\"sgb-preloader\" id=\"pr_58914157\">\n\t<div class=\"sgb-square\" style=\"background:#d4d4d4\"><\/div>\n\t<div class=\"sgb-square\" style=\"background:#d4d4d4\"><\/div>\n\t<div class=\"sgb-square\" style=\"background:#d4d4d4\"><\/div>\n\t<div class=\"sgb-square\" style=\"background:#d4d4d4\"><\/div><\/div><div class=\"simply-gallery-amp pgc_sgb_slider \"><noscript><div class=\"sgb-gallery\"><div class=\"sgb-item\"><a href=\"https:\/\/forte-cultura.com\/ingolstadt-de\/landesgartenschau-in-ingolstadt_gartenjournal-net\/\" target=\"_blank\"><img decoding=\"async\" alt=\"\" width=\"300\" height=\"200\" loading=\"lazy\" src=\"https:\/\/forte-cultura.com\/wp-content\/uploads\/landesgartenschau-in-ingolstadt_gartenjournal-net-300x200.jpg\" srcset=\"https:\/\/forte-cultura.com\/wp-content\/uploads\/landesgartenschau-in-ingolstadt_gartenjournal-net-300x200.jpg 300w,https:\/\/forte-cultura.com\/wp-content\/uploads\/landesgartenschau-in-ingolstadt_gartenjournal-net.jpg 1000w\" sizes=\"auto, 250px\"><\/a><\/div><div class=\"sgb-item\"><a href=\"https:\/\/forte-cultura.com\/ingolstadt-de\/2789_142_1_g_stadt_ing\/\" target=\"_blank\"><img decoding=\"async\" alt=\"\" width=\"300\" height=\"200\" loading=\"lazy\" src=\"https:\/\/forte-cultura.com\/wp-content\/uploads\/2789_142_1_g_Stadt_ING-300x200.jpeg\" srcset=\"https:\/\/forte-cultura.com\/wp-content\/uploads\/2789_142_1_g_Stadt_ING-300x200.jpeg 300w,https:\/\/forte-cultura.com\/wp-content\/uploads\/2789_142_1_g_Stadt_ING-1024x683.jpeg 1024w,https:\/\/forte-cultura.com\/wp-content\/uploads\/2789_142_1_g_Stadt_ING.jpeg 1200w\" sizes=\"auto, 250px\"><\/a><\/div><div class=\"sgb-item\"><a href=\"https:\/\/forte-cultura.com\/ingolstadt-de\/465_11428_1_g\/\" target=\"_blank\"><img decoding=\"async\" alt=\"\" width=\"300\" height=\"225\" loading=\"lazy\" src=\"https:\/\/forte-cultura.com\/wp-content\/uploads\/465_11428_1_g-300x225.jpeg\" srcset=\"https:\/\/forte-cultura.com\/wp-content\/uploads\/465_11428_1_g-300x225.jpeg 300w,https:\/\/forte-cultura.com\/wp-content\/uploads\/465_11428_1_g.jpeg 800w\" sizes=\"auto, 250px\"><\/a><\/div><div class=\"sgb-item\"><a href=\"https:\/\/forte-cultura.com\/ingolstadt-de\/kap94-ingolstadt1\/\" target=\"_blank\"><img decoding=\"async\" alt=\"\" width=\"300\" height=\"200\" loading=\"lazy\" src=\"https:\/\/forte-cultura.com\/wp-content\/uploads\/Kap94-Ingolstadt1-300x200.jpg\" srcset=\"https:\/\/forte-cultura.com\/wp-content\/uploads\/Kap94-Ingolstadt1-300x200.jpg 300w,https:\/\/forte-cultura.com\/wp-content\/uploads\/Kap94-Ingolstadt1-1024x682.jpg 1024w,https:\/\/forte-cultura.com\/wp-content\/uploads\/Kap94-Ingolstadt1.jpg 2000w\" sizes=\"auto, 250px\"><\/a><\/div><\/div><\/noscript><\/div><script type=\"application\/json\" class=\"sgb-data\">{\"lastRowFill\":true,\"collectionThumbRecomendedHeight\":150,\"thumbSpacing\":8,\"captions\":false,\"collectionthumbRoundedCorners\":5,\"galleryType\":\"pgc_sgb_justified\",\"galleryId\":\"58914157\",\"images\":[{\"id\":3739,\"title\":\"landesgartenschau-in-ingolstadt_gartenjournal-net\",\"url\":\"https:\/\/forte-cultura.com\/wp-content\/uploads\/landesgartenschau-in-ingolstadt_gartenjournal-net.jpg\",\"link\":\"https:\/\/forte-cultura.com\/ingolstadt-de\/landesgartenschau-in-ingolstadt_gartenjournal-net\/\",\"alt\":\"\",\"description\":\"landesgartenschau-in-ingolstadt_gartenjournal-net, \\n\u00a9Gartenjournal.net\",\"caption\":\"\",\"mime\":\"image\/jpeg\",\"type\":\"image\",\"width\":1000,\"height\":667,\"sizes\":{\"thumbnail\":{\"height\":150,\"width\":150,\"url\":\"https:\/\/forte-cultura.com\/wp-content\/uploads\/landesgartenschau-in-ingolstadt_gartenjournal-net-150x150.jpg\",\"orientation\":\"landscape\"},\"medium\":{\"height\":200,\"width\":300,\"url\":\"https:\/\/forte-cultura.com\/wp-content\/uploads\/landesgartenschau-in-ingolstadt_gartenjournal-net-300x200.jpg\",\"orientation\":\"landscape\"},\"full\":{\"url\":\"https:\/\/forte-cultura.com\/wp-content\/uploads\/landesgartenschau-in-ingolstadt_gartenjournal-net.jpg\",\"height\":667,\"width\":1000,\"orientation\":\"landscape\"}},\"imageMeta\":{\"aperture\":\"0\",\"credit\":\"\",\"camera\":\"\",\"caption\":\"\",\"created_timestamp\":\"0\",\"copyright\":\"\",\"focal_length\":\"0\",\"iso\":\"0\",\"shutter_speed\":\"0\",\"title\":\"\",\"orientation\":\"1\",\"keywords\":[]},\"meta\":false,\"postlink\":\"https:\/\/forte-cultura.com\/ingolstadt-de\/landesgartenschau-in-ingolstadt_gartenjournal-net\/\"},{\"id\":3740,\"title\":\"2789_142_1_g_Stadt_ING\",\"url\":\"https:\/\/forte-cultura.com\/wp-content\/uploads\/2789_142_1_g_Stadt_ING.jpeg\",\"link\":\"https:\/\/forte-cultura.com\/ingolstadt-de\/2789_142_1_g_stadt_ing\/\",\"alt\":\"\",\"description\":\"\u00a9Stadt Ingolstadt\",\"caption\":\"\",\"mime\":\"image\/jpeg\",\"type\":\"image\",\"width\":1200,\"height\":800,\"sizes\":{\"thumbnail\":{\"height\":150,\"width\":150,\"url\":\"https:\/\/forte-cultura.com\/wp-content\/uploads\/2789_142_1_g_Stadt_ING-150x150.jpeg\",\"orientation\":\"landscape\"},\"medium\":{\"height\":200,\"width\":300,\"url\":\"https:\/\/forte-cultura.com\/wp-content\/uploads\/2789_142_1_g_Stadt_ING-300x200.jpeg\",\"orientation\":\"landscape\"},\"large\":{\"height\":683,\"width\":1024,\"url\":\"https:\/\/forte-cultura.com\/wp-content\/uploads\/2789_142_1_g_Stadt_ING-1024x683.jpeg\",\"orientation\":\"landscape\"},\"full\":{\"url\":\"https:\/\/forte-cultura.com\/wp-content\/uploads\/2789_142_1_g_Stadt_ING.jpeg\",\"height\":800,\"width\":1200,\"orientation\":\"landscape\"}},\"imageMeta\":{\"aperture\":\"0\",\"credit\":\"\",\"camera\":\"\",\"caption\":\"\",\"created_timestamp\":\"0\",\"copyright\":\"\",\"focal_length\":\"0\",\"iso\":\"0\",\"shutter_speed\":\"0\",\"title\":\"\",\"orientation\":\"0\",\"keywords\":[]},\"meta\":false,\"postlink\":\"https:\/\/forte-cultura.com\/ingolstadt-de\/2789_142_1_g_stadt_ing\/\"},{\"id\":3741,\"title\":\"465_11428_1_g\",\"url\":\"https:\/\/forte-cultura.com\/wp-content\/uploads\/465_11428_1_g.jpeg\",\"link\":\"https:\/\/forte-cultura.com\/ingolstadt-de\/465_11428_1_g\/\",\"alt\":\"\",\"description\":\"\u00a9Stadt Ingolstadt\",\"caption\":\"\",\"mime\":\"image\/jpeg\",\"type\":\"image\",\"width\":800,\"height\":600,\"sizes\":{\"thumbnail\":{\"height\":150,\"width\":150,\"url\":\"https:\/\/forte-cultura.com\/wp-content\/uploads\/465_11428_1_g-150x150.jpeg\",\"orientation\":\"landscape\"},\"medium\":{\"height\":225,\"width\":300,\"url\":\"https:\/\/forte-cultura.com\/wp-content\/uploads\/465_11428_1_g-300x225.jpeg\",\"orientation\":\"landscape\"},\"full\":{\"url\":\"https:\/\/forte-cultura.com\/wp-content\/uploads\/465_11428_1_g.jpeg\",\"height\":600,\"width\":800,\"orientation\":\"landscape\"}},\"imageMeta\":{\"aperture\":\"0\",\"credit\":\"\",\"camera\":\"\",\"caption\":\"\",\"created_timestamp\":\"0\",\"copyright\":\"\",\"focal_length\":\"0\",\"iso\":\"0\",\"shutter_speed\":\"0\",\"title\":\"\",\"orientation\":\"0\",\"keywords\":[]},\"meta\":false,\"postlink\":\"https:\/\/forte-cultura.com\/ingolstadt-de\/465_11428_1_g\/\"},{\"id\":3742,\"title\":\"Kap94-Ingolstadt1\",\"url\":\"https:\/\/forte-cultura.com\/wp-content\/uploads\/Kap94-Ingolstadt1.jpg\",\"link\":\"https:\/\/forte-cultura.com\/ingolstadt-de\/kap94-ingolstadt1\/\",\"alt\":\"\",\"description\":\"Kap94, \u00a9 Maximilian Schuster\",\"caption\":\"\",\"mime\":\"image\/jpeg\",\"type\":\"image\",\"width\":2000,\"height\":1333,\"sizes\":{\"thumbnail\":{\"height\":150,\"width\":150,\"url\":\"https:\/\/forte-cultura.com\/wp-content\/uploads\/Kap94-Ingolstadt1-150x150.jpg\",\"orientation\":\"landscape\"},\"medium\":{\"height\":200,\"width\":300,\"url\":\"https:\/\/forte-cultura.com\/wp-content\/uploads\/Kap94-Ingolstadt1-300x200.jpg\",\"orientation\":\"landscape\"},\"large\":{\"height\":682,\"width\":1024,\"url\":\"https:\/\/forte-cultura.com\/wp-content\/uploads\/Kap94-Ingolstadt1-1024x682.jpg\",\"orientation\":\"landscape\"},\"full\":{\"url\":\"https:\/\/forte-cultura.com\/wp-content\/uploads\/Kap94-Ingolstadt1.jpg\",\"height\":1333,\"width\":2000,\"orientation\":\"landscape\"}},\"imageMeta\":{\"aperture\":\"0\",\"credit\":\"\",\"camera\":\"\",\"caption\":\"\",\"created_timestamp\":\"0\",\"copyright\":\"Erich Reisinger\",\"focal_length\":\"0\",\"iso\":\"0\",\"shutter_speed\":\"0\",\"title\":\"\",\"orientation\":\"0\",\"keywords\":[]},\"meta\":false,\"postlink\":\"https:\/\/forte-cultura.com\/ingolstadt-de\/kap94-ingolstadt1\/\"}],\"TrpContentRestriction\":{\"restriction_type\":\"exclude\",\"selected_languages\":[],\"panel_open\":true},\"itemsMetaDataCollection\":[]}<\/script><script>(function(){if(window.PGC_SGB && window.PGC_SGB.searcher){window.PGC_SGB.searcher.initBlocks()}})()<\/script><\/div><\/div><\/div><\/div>\n<\/div><\/div><\/div>\n<\/div>\n<\/div>\n\n\n<hr class=\" wp-block-separator alignwide has-text-color has-accent-2-color has-alpha-channel-opacity has-accent-2-background-color has-background eplus-wrapper\" style=\"margin-top:var(--wp--preset--spacing--30);margin-bottom:var(--wp--preset--spacing--30)\"\/>\n\n\n<div class=\"wp-block-columns alignwide eplus-wrapper is-layout-flex wp-container-core-columns-is-layout-28f84493 wp-block-columns-is-layout-flex eplus-styles-uid-44ed18\">\n<div class=\"wp-block-column eplus-wrapper is-layout-flow wp-block-column-is-layout-flow\" style=\"flex-basis:70%\">\n<div class=\"wp-block-group eplus-wrapper is-nowrap is-layout-flex wp-container-core-group-is-layout-6c531013 wp-block-group-is-layout-flex\">\n<h2 class=\" wp-block-heading alignwide eplus-wrapper\">Eventhighlights in der Festungsstadt Ingolstadt<\/h2>\n<\/div>\n\n\n<ul class=\" ep-custom-list wp-block-list eplus-wrapper eplus-styles-uid-c7ae0f\">\n<li class=\" eplus-wrapper\">APRIL \/ MAI: Fest zum Reinen Bier 1516, Wissenschaftskongress \u201eWIKOIN\u201c (alle 2 Jahre) <\/li>\n\n\n\n<li class=\" eplus-wrapper\">JUNI \/ JULI: Afrikafest, Festungstag, Audi Sommerkonzerte, B\u00fcrgerfest, Fest der Kulturen <\/li>\n\n\n\n<li class=\" eplus-wrapper\">AUGUST \/ SEPTEMBER: Weinfest im Schutterhof, Kino Open Air im Turm Baur, Brauchtumsreihe kultURIG<\/li>\n\n\n\n<li class=\" eplus-wrapper\">NOVEMBER \/ DEZEMBER: Christkindlmarkt<\/li>\n<\/ul>\n\n\n<p class=\" eplus-wrapper\">Entdecken Sie bei zahlreichen Events die vielseitige Erlebniswelt der Festungsstadt Ingolstadt. Konzerte, Festivals, Ausstellungen, Vortr\u00e4ge, Kinder- und Familienfeste, M\u00e4rkte, u.v.m. finden Sie auf <a href=\"https:\/\/ingolstadt.live\/\" data-type=\"link\" data-id=\"www.newcityplatform.de\" target=\"_blank\" rel=\"noreferrer noopener\"><strong>Ingolstadt.live<\/strong><\/a> unter Eventkalender. Daneben bieten unsere Stadt- und Themenf\u00fchrungen viele M\u00f6glichkeiten, in die Geschichte einzutauchen.<\/p>\n<\/div>\n\n\n\n<div class=\"wp-block-column eplus-wrapper is-layout-flow wp-block-column-is-layout-flow\" style=\"flex-basis:30%\">\n<figure class=\" wp-block-image alignright size-full is-resized eplus-wrapper\"><img loading=\"lazy\" decoding=\"async\" width=\"1200\" height=\"1699\" src=\"https:\/\/forte-cultura.com\/wp-content\/uploads\/2025_ING-Festungstag-Plakat_digital.jpg\" alt=\"\" class=\"wp-image-3486\" style=\"box-shadow:var(--wp--preset--shadow--natural);width:191px;height:auto\" srcset=\"https:\/\/forte-cultura.com\/wp-content\/uploads\/2025_ING-Festungstag-Plakat_digital.jpg 1200w, https:\/\/forte-cultura.com\/wp-content\/uploads\/2025_ING-Festungstag-Plakat_digital-212x300.jpg 212w, https:\/\/forte-cultura.com\/wp-content\/uploads\/2025_ING-Festungstag-Plakat_digital-723x1024.jpg 723w, https:\/\/forte-cultura.com\/wp-content\/uploads\/2025_ING-Festungstag-Plakat_digital-768x1087.jpg 768w, https:\/\/forte-cultura.com\/wp-content\/uploads\/2025_ING-Festungstag-Plakat_digital-1085x1536.jpg 1085w, https:\/\/forte-cultura.com\/wp-content\/uploads\/2025_ING-Festungstag-Plakat_digital-8x12.jpg 8w\" sizes=\"auto, (max-width: 1200px) 100vw, 1200px\" \/><\/figure>\n<\/div>\n<\/div>\n\n\n<hr class=\" wp-block-separator alignwide has-text-color has-accent-2-color has-alpha-channel-opacity has-accent-2-background-color has-background eplus-wrapper\" style=\"margin-top:var(--wp--preset--spacing--30);margin-bottom:var(--wp--preset--spacing--30)\"\/>\n\n\n<div id=\"travelersmap-container-69f31ed90d085\" class=\"travelersmap-container\" style=\"z-index: 1; min-height: 10px; min-width:10px; height:400px;width:100%; max-width:1280px; max-height:600px; position:relative;\"><div style=\"position:absolute; z-index:-1;top: 50%;text-align: center;display: block;left: 50%;transform: translate(-50%,-50%);\">Travelers' Map wird geladen &hellip;<br>Wenn du dies siehst, nachdem deine Seite vollst\u00e4ndig geladen wurde, fehlen leafletJS-Dateien.<\/div><\/div>\n\n\n\n<hr class=\" wp-block-separator alignwide has-text-color has-accent-2-color has-alpha-channel-opacity has-accent-2-background-color has-background eplus-wrapper\" style=\"margin-top:var(--wp--preset--spacing--30);margin-bottom:var(--wp--preset--spacing--30)\"\/>\n","protected":false},"excerpt":{"rendered":"<p>Bayerische Landesfestung Ingolstadt, Gro\u00dffestungssystem an der Donau<\/p>\n","protected":false},"author":1,"featured_media":217,"comment_status":"open","ping_status":"open","sticky":false,"template":"","format":"standard","meta":{"editor_plus_copied_stylings":"{}","pgc_sgb_lightbox_settings":"","_price":"","_stock":"","_tribe_ticket_header":"","_tribe_default_ticket_provider":"","_tribe_ticket_capacity":"0","_ticket_start_date":"","_ticket_end_date":"","_tribe_ticket_show_description":"","_tribe_ticket_show_not_going":false,"_tribe_ticket_use_global_stock":"","_tribe_ticket_global_stock_level":"","_global_stock_mode":"","_global_stock_cap":"","_tribe_rsvp_for_event":"","_tribe_ticket_going_count":"","_tribe_ticket_not_going_count":"","_tribe_tickets_list":"[]","_tribe_ticket_has_attendee_info_fields":false,"_EventAllDay":false,"_EventTimezone":"","_EventStartDate":"","_EventEndDate":"","_EventStartDateUTC":"","_EventEndDateUTC":"","_EventShowMap":false,"_EventShowMapLink":false,"_EventURL":"","_EventCost":"","_EventCostDescription":"","_EventCurrencySymbol":"","_EventCurrencyCode":"","_EventCurrencyPosition":"","_EventDateTimeSeparator":"","_EventTimeRangeSeparator":"","_EventOrganizerID":[],"_EventVenueID":[],"_OrganizerEmail":"","_OrganizerPhone":"","_OrganizerWebsite":"","_VenueAddress":"","_VenueCity":"","_VenueCountry":"","_VenueProvince":"","_VenueState":"","_VenueZip":"","_VenuePhone":"","_VenueURL":"","_VenueStateProvince":"","_VenueLat":"","_VenueLng":"","_VenueShowMap":false,"_VenueShowMapLink":false,"footnotes":""},"categories":[20,22,38,469,19,468],"tags":[53,52,463],"class_list":["post-698","post","type-post","status-publish","format-standard","has-post-thumbnail","hentry","category-deutschland","category-festungserbe","category-festungssystem","category-fluesse-und-meer","category-stationen","category-parks","tag-bayern","tag-donau","tag-museum"],"_links":{"self":[{"href":"https:\/\/forte-cultura.com\/de_de\/wp-json\/wp\/v2\/posts\/698","targetHints":{"allow":["GET"]}}],"collection":[{"href":"https:\/\/forte-cultura.com\/de_de\/wp-json\/wp\/v2\/posts"}],"about":[{"href":"https:\/\/forte-cultura.com\/de_de\/wp-json\/wp\/v2\/types\/post"}],"author":[{"embeddable":true,"href":"https:\/\/forte-cultura.com\/de_de\/wp-json\/wp\/v2\/users\/1"}],"replies":[{"embeddable":true,"href":"https:\/\/forte-cultura.com\/de_de\/wp-json\/wp\/v2\/comments?post=698"}],"version-history":[{"count":0,"href":"https:\/\/forte-cultura.com\/de_de\/wp-json\/wp\/v2\/posts\/698\/revisions"}],"wp:featuredmedia":[{"embeddable":true,"href":"https:\/\/forte-cultura.com\/de_de\/wp-json\/wp\/v2\/media\/217"}],"wp:attachment":[{"href":"https:\/\/forte-cultura.com\/de_de\/wp-json\/wp\/v2\/media?parent=698"}],"wp:term":[{"taxonomy":"category","embeddable":true,"href":"https:\/\/forte-cultura.com\/de_de\/wp-json\/wp\/v2\/categories?post=698"},{"taxonomy":"post_tag","embeddable":true,"href":"https:\/\/forte-cultura.com\/de_de\/wp-json\/wp\/v2\/tags?post=698"}],"curies":[{"name":"wp","href":"https:\/\/api.w.org\/{rel}","templated":true}]}}