{"id":623,"date":"2023-11-24T15:01:37","date_gmt":"2023-11-24T14:01:37","guid":{"rendered":"https:\/\/forte-cultura.com\/?p=623"},"modified":"2025-10-06T16:31:40","modified_gmt":"2025-10-06T14:31:40","slug":"gorgast-de","status":"publish","type":"post","link":"https:\/\/forte-cultura.com\/de_de\/gorgast-de\/","title":{"rendered":"Gorgast (DE)"},"content":{"rendered":"<div class=\"wp-block-columns alignwide eplus-wrapper is-layout-flex wp-container-core-columns-is-layout-28f84493 wp-block-columns-is-layout-flex eplus-styles-uid-4b87d6\">\n<div class=\"wp-block-column eplus-wrapper is-layout-flow wp-block-column-is-layout-flow\" style=\"flex-basis:100%\"><p class=\" eplus-wrapper eplus-styles-uid-e7c803\"><em>FORTE CULTURA Station: Fort Gorgast (DE)<\/em><\/p>\n\n\n<h2 class=\" wp-block-heading alignwide has-large-font-size eplus-wrapper\"><strong>Au\u00dfenfort der preu\u00dfischen Festung K\u00fcstrin<\/strong><\/h2>\n\n\n\n<h3 class=\"is-style-default wp-block-heading alignwide eplus-wrapper\" style=\"margin-top:var(--wp--preset--spacing--10);margin-bottom:var(--wp--preset--spacing--10);font-size:clamp(1.092rem, 1.092rem + ((1vw - 0.2rem) * 1.013), 1.7rem);\"><em>Kleinod der Milit\u00e4rarchitektur in der Oder-Warthe Region<\/em><\/h3>\n\n\n\n<p class=\" eplus-wrapper\">Das Fort Gorgast liegt westlich der Oder, versteckt an der Bundesstra\u00dfe 1 bei Manschnow, rund 7 Kilometer vor der ehemaligen Festung K\u00fcstrin im heutigen Kostrzyn nad Odr\u0105. Die 1883-89 erbaute imposante Verteidigungsanlage ist eins von vier Au\u00dfenforts und diente als R\u00fcckzugsraum f\u00fcr Truppen, zur Verteidigung des Westufers der Oder und der Heerstra\u00dfe 1 (Aachen-K\u00f6nigsberg).<\/p>\n\n\n\n<p class=\" eplus-wrapper\">Von einem Wassergraben umgeben, bietet das Fort eine eindrucksvolle Architektur mit Gew\u00f6lben, Pulverkammer, Torhaus und Wallanlagen. Dem Touristen er\u00f6ffnen sich vielseitige Freizeit- und Erholungsangebote in der weitgehend naturbelassenen Anlage sowie spannende Ausstellungen und Events in milit\u00e4rhistorischer Kulisse. Auch kann das Fort tempor\u00e4r gemietet werden.<\/p>\n\n\n\n<p class=\" eplus-wrapper\"><\/p>\n<\/div>\n<\/div>\n\n\n<div class=\"wp-block-group alignwide has-border-color has-custom-farbe-1-border-color has-custom-verlauf-1-gradient-background has-text-color has-background eplus-wrapper is-layout-flow wp-block-group-is-layout-flow\" style=\"border-width:1px;border-radius:10px;color:#000000\">\n<div style=\"height:12px\" aria-hidden=\"true\" class=\" wp-block-spacer eplus-wrapper\"><\/div>\n\n\n\n<figure class=\" wp-block-image aligncenter size-full is-resized eplus-wrapper\"><img decoding=\"async\" src=\"https:\/\/forte-cultura.com\/wp-content\/uploads\/portrait-icon_EN-2.png\" alt=\"\" class=\"wp-image-817\" style=\"width:115px;height:auto\"\/><\/figure>\n\n\n\n<p class=\" has-text-align-center has-small-font-size eplus-wrapper\" style=\"line-height:.9\"><strong>FORTE CULTURA Festungsportr\u00e4t<\/strong><\/p>\n\n\n\n<p class=\" has-text-align-center has-heading-font-family has-x-large-font-size eplus-wrapper\"><strong>Lernen Sie das Fort Gorgast<strong> <\/strong>in Brandenburg kennen.<\/strong><\/p>\n\n\n\n<div class=\"wp-block-buttons eplus-wrapper is-horizontal is-content-justification-center is-layout-flex wp-container-core-buttons-is-layout-03627597 wp-block-buttons-is-layout-flex\"><div class=\"is-style-fill  wp-block-button has-custom-width wp-block-button__width-75 eplus-wrapper eplus-styles-uid-dfadf9\"><a class=\"wp-block-button__link has-background has-custom-font-size wp-element-button\" style=\"border-radius:30px;background-color:#000000;padding-top:var(--wp--preset--spacing--20);padding-right:var(--wp--preset--spacing--20);padding-bottom:var(--wp--preset--spacing--20);padding-left:var(--wp--preset--spacing--20);font-size:clamp(0.875rem, 0.875rem + ((1vw - 0.2rem) * 0.625), 1.25rem);\">Kommt bald.<\/a><\/div><\/div>\n\n\n\n<div style=\"height:12px\" aria-hidden=\"true\" class=\" wp-block-spacer eplus-wrapper\"><\/div>\n<\/div>\n\n\n\n<hr class=\" wp-block-separator alignwide has-text-color has-accent-2-color has-alpha-channel-opacity has-accent-2-background-color has-background eplus-wrapper\" style=\"margin-top:var(--wp--preset--spacing--30);margin-bottom:var(--wp--preset--spacing--30)\"\/>\n\n\n\n<h2 class=\" wp-block-heading alignwide eplus-wrapper\">Events im Fort Gorgast<\/h2>\n\n\n<div class=\"wp-block-columns alignwide eplus-wrapper is-layout-flex wp-container-core-columns-is-layout-28f84493 wp-block-columns-is-layout-flex eplus-styles-uid-d382f6\">\n<div class=\"wp-block-column eplus-wrapper is-layout-flow wp-block-column-is-layout-flow\" style=\"flex-basis:100%\">\n<p class=\" eplus-wrapper\">Eventkalender &#8230;<\/p>\n<\/div>\n<\/div>\n\n\n<hr class=\" wp-block-separator alignwide has-text-color has-accent-2-color has-alpha-channel-opacity has-accent-2-background-color has-background eplus-wrapper\" style=\"margin-top:var(--wp--preset--spacing--30);margin-bottom:var(--wp--preset--spacing--30)\"\/>\n\n\n<div id=\"travelersmap-container-69f4be1fc0b24\" class=\"travelersmap-container\" style=\"z-index: 1; min-height: 10px; min-width:10px; height:400px;width:100%; max-width:1280px; max-height:; position:relative;\"><div style=\"position:absolute; z-index:-1;top: 50%;text-align: center;display: block;left: 50%;transform: translate(-50%,-50%);\">Travelers' Map wird geladen &hellip;<br>Wenn du dies siehst, nachdem deine Seite vollst\u00e4ndig geladen wurde, fehlen leafletJS-Dateien.<\/div><\/div>\n\n\n\n<hr class=\" wp-block-separator alignwide has-text-color has-accent-2-color has-alpha-channel-opacity has-accent-2-background-color has-background eplus-wrapper\" style=\"margin-top:var(--wp--preset--spacing--30);margin-bottom:var(--wp--preset--spacing--30)\"\/>\n","protected":false},"excerpt":{"rendered":"<p>Fort: Au\u00dfenfort der preu\u00dfischen Festung K\u00fcstrin, Kleinod der Milit\u00e4rarchitektur in der Oder-Warthe Region<\/p>\n","protected":false},"author":1,"featured_media":207,"comment_status":"open","ping_status":"open","sticky":false,"template":"","format":"standard","meta":{"editor_plus_copied_stylings":"{}","pgc_sgb_lightbox_settings":"","_price":"","_stock":"","_tribe_ticket_header":"","_tribe_default_ticket_provider":"","_tribe_ticket_capacity":"0","_ticket_start_date":"","_ticket_end_date":"","_tribe_ticket_show_description":"","_tribe_ticket_show_not_going":false,"_tribe_ticket_use_global_stock":"","_tribe_ticket_global_stock_level":"","_global_stock_mode":"","_global_stock_cap":"","_tribe_rsvp_for_event":"","_tribe_ticket_going_count":"","_tribe_ticket_not_going_count":"","_tribe_tickets_list":"[]","_tribe_ticket_has_attendee_info_fields":false,"_EventAllDay":false,"_EventTimezone":"","_EventStartDate":"","_EventEndDate":"","_EventStartDateUTC":"","_EventEndDateUTC":"","_EventShowMap":false,"_EventShowMapLink":false,"_EventURL":"","_EventCost":"","_EventCostDescription":"","_EventCurrencySymbol":"","_EventCurrencyCode":"","_EventCurrencyPosition":"","_EventDateTimeSeparator":"","_EventTimeRangeSeparator":"","_EventOrganizerID":[],"_EventVenueID":[],"_OrganizerEmail":"","_OrganizerPhone":"","_OrganizerWebsite":"","_VenueAddress":"","_VenueCity":"","_VenueCountry":"","_VenueProvince":"","_VenueState":"","_VenueZip":"","_VenuePhone":"","_VenueURL":"","_VenueStateProvince":"","_VenueLat":"","_VenueLng":"","_VenueShowMap":false,"_VenueShowMapLink":false,"footnotes":""},"categories":[20,22,38,432,19],"tags":[43],"class_list":["post-623","post","type-post","status-publish","format-standard","has-post-thumbnail","hentry","category-deutschland","category-festungserbe","category-festungssystem","category-fort","category-stationen","tag-preussen"],"_links":{"self":[{"href":"https:\/\/forte-cultura.com\/de_de\/wp-json\/wp\/v2\/posts\/623","targetHints":{"allow":["GET"]}}],"collection":[{"href":"https:\/\/forte-cultura.com\/de_de\/wp-json\/wp\/v2\/posts"}],"about":[{"href":"https:\/\/forte-cultura.com\/de_de\/wp-json\/wp\/v2\/types\/post"}],"author":[{"embeddable":true,"href":"https:\/\/forte-cultura.com\/de_de\/wp-json\/wp\/v2\/users\/1"}],"replies":[{"embeddable":true,"href":"https:\/\/forte-cultura.com\/de_de\/wp-json\/wp\/v2\/comments?post=623"}],"version-history":[{"count":0,"href":"https:\/\/forte-cultura.com\/de_de\/wp-json\/wp\/v2\/posts\/623\/revisions"}],"wp:featuredmedia":[{"embeddable":true,"href":"https:\/\/forte-cultura.com\/de_de\/wp-json\/wp\/v2\/media\/207"}],"wp:attachment":[{"href":"https:\/\/forte-cultura.com\/de_de\/wp-json\/wp\/v2\/media?parent=623"}],"wp:term":[{"taxonomy":"category","embeddable":true,"href":"https:\/\/forte-cultura.com\/de_de\/wp-json\/wp\/v2\/categories?post=623"},{"taxonomy":"post_tag","embeddable":true,"href":"https:\/\/forte-cultura.com\/de_de\/wp-json\/wp\/v2\/tags?post=623"}],"curies":[{"name":"wp","href":"https:\/\/api.w.org\/{rel}","templated":true}]}}