{"id":607,"date":"2023-11-24T13:41:43","date_gmt":"2023-11-24T12:41:43","guid":{"rendered":"https:\/\/forte-cultura.com\/?p=607"},"modified":"2025-11-22T13:11:47","modified_gmt":"2025-11-22T12:11:47","slug":"germersheim-de","status":"publish","type":"post","link":"https:\/\/forte-cultura.com\/de_de\/germersheim-de\/","title":{"rendered":"Germersheim (DE)"},"content":{"rendered":"<div class=\"wp-block-columns alignwide eplus-wrapper is-layout-flex wp-container-core-columns-is-layout-28f84493 wp-block-columns-is-layout-flex eplus-styles-uid-c95aba\">\n<div class=\"wp-block-column eplus-wrapper is-layout-flow wp-block-column-is-layout-flow\" style=\"flex-basis:70%\"><p class=\" eplus-wrapper eplus-styles-uid-e7c803\"><em>FORTE CULTURA Station: Festungsstadt Germersheim (DE)<\/em>, <em>Kulturerbe Festungen Oberrhein<\/em><\/p>\n\n\n<h2 class=\" wp-block-heading alignwide has-large-font-size eplus-wrapper\"><strong>Die Festungsstadt am Rhein<\/strong><\/h2>\n\n\n\n<h3 class=\"is-style-default wp-block-heading alignwide eplus-wrapper\" style=\"margin-top:var(--wp--preset--spacing--10);margin-bottom:var(--wp--preset--spacing--10);font-size:clamp(1.092rem, 1.092rem + ((1vw - 0.2rem) * 1.013), 1.7rem);\"><em>Im Verbund der Rheinischen Festungslinie des Deutschen Bundes<\/em><\/h3>\n\n\n\n<p class=\" eplus-wrapper\">Die imposante Festungsstadt Germersheim wurde von 1834 bis 1861 im Auftrag des bayrischen K\u00f6nigs Ludwig I. als &#8222;Bollwerk gegen Frankreich&#8220; erbaut. Die gr\u00f6\u00dfte bayerische Festung au\u00dferhalb Bayerns erstrahlt aber auch heute noch in vollem Glanz. Entdecken Sie mit FORTE CULTURA\u00ae das vielf\u00e4ltige und spannende touristische Angebot in der Festungsstadt Germersheim mit szenischen Stadtf\u00fchrungen, Kutschfahrten, Festungsweinproben, Rad- und Segwaytouren und vielem mehr.<\/p>\n\n\n\n<p class=\" eplus-wrapper\">Auf den vielen F\u00fchrungen und Rundg\u00e4ngen durch die Stadt und Festung Germersheim k\u00f6nnen Sie die eindrucksvollen, gut erhaltenen Milit\u00e4rgeb\u00e4ude, die \u201eGermersheimer Unterwelt\u201c, verwinkelte Gassen und romantische Pl\u00e4tze erleben.<\/p>\n<\/div>\n\n\n\n<div class=\"wp-block-column eplus-wrapper is-layout-flow wp-block-column-is-layout-flow\" style=\"flex-basis:10%\"><\/div>\n\n\n\n<div class=\"wp-block-column eplus-wrapper is-layout-flow wp-block-column-is-layout-flow\" style=\"flex-basis:15.39%\"><figure class=\" wp-block-image aligncenter size-medium eplus-wrapper eplus-styles-uid-7a77bb\"><a href=\"https:\/\/forte-cultura.com\/wp-content\/uploads\/FoCu-Flyer-Germersheim_DE_20191206c_final.pdf\" target=\"_blank\" rel=\"noreferrer noopener\"><img loading=\"lazy\" decoding=\"async\" width=\"145\" height=\"300\" src=\"https:\/\/forte-cultura.com\/wp-content\/uploads\/cover_flyer_germersheim-145x300.png\" alt=\"\" class=\"wp-image-615\" srcset=\"https:\/\/forte-cultura.com\/wp-content\/uploads\/cover_flyer_germersheim-145x300.png 145w, https:\/\/forte-cultura.com\/wp-content\/uploads\/cover_flyer_germersheim-200x414.png 200w, https:\/\/forte-cultura.com\/wp-content\/uploads\/cover_flyer_germersheim.png 435w\" sizes=\"auto, (max-width: 145px) 100vw, 145px\" \/><\/a><figcaption class=\"wp-element-caption\"><a href=\"https:\/\/forte-cultura.com\/wp-content\/uploads\/cover_flyer_germersheim.png\" target=\"_blank\" rel=\"noreferrer noopener\">FORTE CULTURA Info-Flyer Festungsstadt Germersheim<\/a><\/figcaption><\/figure><\/div>\n<\/div>\n\n\n<hr class=\" wp-block-separator alignwide has-text-color has-accent-2-color has-alpha-channel-opacity has-accent-2-background-color has-background eplus-wrapper\" style=\"margin-top:var(--wp--preset--spacing--30);margin-bottom:var(--wp--preset--spacing--10)\"\/>\n\n\n<div class=\"wp-block-columns alignwide eplus-wrapper is-layout-flex wp-container-core-columns-is-layout-28f84493 wp-block-columns-is-layout-flex eplus-styles-uid-a61aca\">\n<div class=\"wp-block-column eplus-wrapper is-layout-flow wp-block-column-is-layout-flow\" style=\"flex-basis:100%\"><div class=\"wp-block-columns eplus-wrapper is-layout-flex wp-container-core-columns-is-layout-28f84493 wp-block-columns-is-layout-flex eplus-styles-uid-a3fae4\">\n<div class=\"wp-block-column eplus-wrapper is-layout-flow wp-block-column-is-layout-flow\" style=\"flex-basis:7.8%\">\n<figure class=\" wp-block-image size-full is-resized eplus-wrapper\"><img loading=\"lazy\" decoding=\"async\" width=\"445\" height=\"483\" src=\"https:\/\/forte-cultura.com\/wp-content\/uploads\/portrait-icon_EN-2.png\" alt=\"\" class=\"wp-image-1410\" style=\"width:89px;height:auto\" srcset=\"https:\/\/forte-cultura.com\/wp-content\/uploads\/portrait-icon_EN-2.png 445w, https:\/\/forte-cultura.com\/wp-content\/uploads\/portrait-icon_EN-2-276x300.png 276w, https:\/\/forte-cultura.com\/wp-content\/uploads\/portrait-icon_EN-2-200x217.png 200w\" sizes=\"auto, (max-width: 445px) 100vw, 445px\" \/><\/figure>\n<\/div>\n\n\n\n<div class=\"wp-block-column is-vertically-aligned-bottom eplus-wrapper is-layout-flow wp-block-column-is-layout-flow\" style=\"flex-basis:90%\">\n<h2 class=\"wp-block-heading has-custom-farbe-1-color has-text-color has-link-color has-large-font-size eplus-wrapper wp-elements-3767eeba83e0e7ac7852e2977168807c\"><strong>Lernen Sie die <strong>Festungsstadt Germersheim am Oberrhein <\/strong>kennen<\/strong>:<\/h2>\n<\/div>\n<\/div>\n\n\n<div class=\"wp-block-kadence-accordion aligncenter\"><div class=\"kt-accordion-wrap kt-accordion-id607_a63721-fd kt-accordion-has-6-panes kt-active-pane-0 kt-accordion-block kt-pane-header-alignment-left kt-accodion-icon-style-basic kt-accodion-icon-side-right\" style=\"max-width:none\"><div class=\"kt-accordion-inner-wrap\" data-allow-multiple-open=\"true\" data-start-open=\"none\">\n<div class=\"wp-block-kadence-pane kt-accordion-pane kt-accordion-pane-1 kt-pane607_9c61b0-a8\"><div class=\"kt-accordion-header-wrap\"><button class=\"kt-blocks-accordion-header kt-acccordion-button-label-show\" type=\"button\"><span class=\"kt-blocks-accordion-title-wrap\"><span class=\"kt-blocks-accordion-title\">Monument und Erlebnis<\/span><\/span><span class=\"kt-blocks-accordion-icon-trigger\"><\/span><\/button><\/div><div class=\"kt-accordion-panel kt-accordion-panel-hidden\"><div class=\"kt-accordion-panel-inner\"><div class=\"wp-block-columns is-not-stacked-on-mobile has-background eplus-wrapper is-layout-flex wp-container-core-columns-is-layout-6fff4716 wp-block-columns-is-layout-flex eplus-styles-uid-de3d6f\" style=\"border-radius:5px;background:linear-gradient(0deg,rgb(228,222,208) 0%,rgb(242,236,221) 52%,rgb(228,222,208) 95%);margin-bottom:10px\">\n<div class=\"wp-block-column is-vertically-aligned-center eplus-wrapper is-layout-flow wp-block-column-is-layout-flow\" style=\"flex-basis:4.4%\">\n<figure class=\" wp-block-image aligncenter size-full is-resized eplus-wrapper\"><img loading=\"lazy\" decoding=\"async\" width=\"831\" height=\"831\" src=\"https:\/\/forte-cultura.com\/wp-content\/uploads\/stadtfestung_mittel.png\" alt=\"\" class=\"wp-image-1919\" style=\"width:52px;height:auto\" srcset=\"https:\/\/forte-cultura.com\/wp-content\/uploads\/stadtfestung_mittel.png 831w, https:\/\/forte-cultura.com\/wp-content\/uploads\/stadtfestung_mittel-300x300.png 300w, https:\/\/forte-cultura.com\/wp-content\/uploads\/stadtfestung_mittel-150x150.png 150w, https:\/\/forte-cultura.com\/wp-content\/uploads\/stadtfestung_mittel-768x768.png 768w, https:\/\/forte-cultura.com\/wp-content\/uploads\/stadtfestung_mittel-12x12.png 12w, https:\/\/forte-cultura.com\/wp-content\/uploads\/stadtfestung_mittel-200x200.png 200w, https:\/\/forte-cultura.com\/wp-content\/uploads\/stadtfestung_mittel-600x600.png 600w\" sizes=\"auto, (max-width: 831px) 100vw, 831px\" \/><\/figure>\n<\/div>\n\n\n\n<div class=\"wp-block-column is-vertically-aligned-center eplus-wrapper is-layout-flow wp-block-column-is-layout-flow\" style=\"flex-basis:90%\">\n<p style=\"font-size:clamp(0.875rem, 0.875rem + ((1vw - 0.2rem) * 0.125), 0.95rem);\" class=\" eplus-wrapper\"><em>Germersheim war eine <strong><a href=\"https:\/\/forte-cultura.com\/de_de\/kulturerbe-festungsmonumente\/geschichte-des-festungsbaus\/festungsbau-vom-15-19-jahrhundert\/befestigte-stadt\/\" data-type=\"page\" data-id=\"2128\">befestigte Stadt<\/a>,<\/strong> bestehend aus neuzeitlichen Festungsbauwerken, welche die Stadt in unregelm\u00e4\u00dfiger Geometrie umschlossen.<\/em><\/p>\n<\/div>\n<\/div>\n\n<div class=\"wp-block-columns has-border-color has-accent-border-color has-base-background-color has-background eplus-wrapper is-layout-flex wp-container-core-columns-is-layout-88ebb0ee wp-block-columns-is-layout-flex eplus-styles-uid-04ed2e\" style=\"border-width:1px;border-radius:5px;padding-top:var(--wp--preset--spacing--10);padding-right:var(--wp--preset--spacing--10);padding-bottom:var(--wp--preset--spacing--10);padding-left:var(--wp--preset--spacing--10)\">\n<div class=\"wp-block-column is-vertically-aligned-top eplus-wrapper is-layout-flow wp-container-core-column-is-layout-28686296 wp-block-column-is-layout-flow\" style=\"padding-top:5px;padding-right:5px;padding-bottom:5px;padding-left:5px;flex-basis:24%\"><figure data-wp-context='{\"imageId\":\"69f7723f65856\"}' data-wp-interactive=\"core\/image\" data-wp-key=\"69f7723f65856\" class=\"wp-block-image aligncenter size-large is-resized eplus-wrapper eplus-styles-uid-70f882 wp-lightbox-container\" style=\"margin-top:5px;margin-right:5px;margin-bottom:5px;margin-left:5px\"><img loading=\"lazy\" decoding=\"async\" width=\"1024\" height=\"768\" data-wp-class--hide=\"state.isContentHidden\" data-wp-class--show=\"state.isContentVisible\" data-wp-init=\"callbacks.setButtonStyles\" data-wp-on--click=\"actions.showLightbox\" data-wp-on--load=\"callbacks.setButtonStyles\" data-wp-on-window--resize=\"callbacks.setButtonStyles\" src=\"https:\/\/forte-cultura.com\/wp-content\/uploads\/0_experience_fronte-beckers-skulpturenpark-3384_2-1024x768.jpg\" alt=\"\" class=\"wp-image-4364\" style=\"width:287px;height:auto\" srcset=\"https:\/\/forte-cultura.com\/wp-content\/uploads\/0_experience_fronte-beckers-skulpturenpark-3384_2-1024x768.jpg 1024w, https:\/\/forte-cultura.com\/wp-content\/uploads\/0_experience_fronte-beckers-skulpturenpark-3384_2-300x225.jpg 300w, https:\/\/forte-cultura.com\/wp-content\/uploads\/0_experience_fronte-beckers-skulpturenpark-3384_2-768x576.jpg 768w, https:\/\/forte-cultura.com\/wp-content\/uploads\/0_experience_fronte-beckers-skulpturenpark-3384_2-1536x1152.jpg 1536w, https:\/\/forte-cultura.com\/wp-content\/uploads\/0_experience_fronte-beckers-skulpturenpark-3384_2-16x12.jpg 16w, https:\/\/forte-cultura.com\/wp-content\/uploads\/0_experience_fronte-beckers-skulpturenpark-3384_2.jpg 2000w\" sizes=\"auto, (max-width: 1024px) 100vw, 1024px\" \/><button class=\"lightbox-trigger\" type=\"button\" aria-haspopup=\"dialog\" aria-label=\"Vergr\u00f6\u00dfern\" data-wp-init=\"callbacks.initTriggerButton\" data-wp-on--click=\"actions.showLightbox\" data-wp-style--right=\"state.imageButtonRight\" data-wp-style--top=\"state.imageButtonTop\">\n\t\t\t<svg xmlns=\"http:\/\/www.w3.org\/2000\/svg\" width=\"12\" height=\"12\" fill=\"none\" viewbox=\"0 0 12 12\">\n\t\t\t\t<path fill=\"#fff\" d=\"M2 0a2 2 0 0 0-2 2v2h1.5V2a.5.5 0 0 1 .5-.5h2V0H2Zm2 10.5H2a.5.5 0 0 1-.5-.5V8H0v2a2 2 0 0 0 2 2h2v-1.5ZM8 12v-1.5h2a.5.5 0 0 0 .5-.5V8H12v2a2 2 0 0 1-2 2H8Zm2-12a2 2 0 0 1 2 2v2h-1.5V2a.5.5 0 0 0-.5-.5H8V0h2Z\"><\/path>\n\t\t\t<\/svg>\n\t\t<\/button><\/figure><\/div>\n\n\n\n<div class=\"wp-block-column is-vertically-aligned-center eplus-wrapper is-layout-flow wp-container-core-column-is-layout-2ad53c50 wp-block-column-is-layout-flow\" style=\"padding-top:5px;padding-right:5px;padding-bottom:5px;padding-left:5px;flex-basis:70%\">\n<p class=\" has-medium-font-size eplus-wrapper\" style=\"font-style:normal;font-weight:400\"><strong>Fronte Beckers<\/strong><\/p>\n\n\n\n<p style=\"font-size:clamp(0.875rem, 0.875rem + ((1vw - 0.2rem) * 0.042), 0.9rem);font-style:normal;font-weight:400;line-height:1.3\" class=\" eplus-wrapper\">Die Fronte Beckers war neben der Fronte Schmau\u00df der st\u00e4rkste Frontabschnitt der Festungsanlage. Dieser Teil der Festung ist auf einer L\u00e4nge von 250 Metern noch komplett erhalten und veranschaulicht beeindruckend das Befestigungssystem in all seinen Abschnitten.<\/p>\n\n\n\n<p style=\"font-size:clamp(0.875rem, 0.875rem + ((1vw - 0.2rem) * 0.042), 0.9rem);font-style:normal;font-weight:400;line-height:1.3\" class=\" eplus-wrapper\">Besonders sehenswert und beeindruckend sind die zweischenklige Grabenwehr, die Hauptumwallung mit ihren Traversen, die Poternenanlagen sowie die unterirdische Infanteriegalerie und das Minensystem.<br>Im Skulpturenpark Fronte Beckers k\u00f6nnen Sie zwischen den alten Festungsmauern und saftigem Gr\u00fcn Werke internationaler K\u00fcnstler bewundern. Im sch\u00f6nen Ambiente des Kulturzentrums \u201eHufeisen\u201c (bezogen auf die Form des Festungsgeb\u00e4udes) erklingen regelm\u00e4\u00dfig Konzerte.<\/p>\n\n\n\n<div class=\"wp-block-buttons eplus-wrapper is-content-justification-center is-layout-flex wp-container-core-buttons-is-layout-a89b3969 wp-block-buttons-is-layout-flex\"><div class=\" wp-block-button eplus-wrapper eplus-styles-uid-42af86\"><a class=\"wp-block-button__link wp-element-button\" href=\"https:\/\/www.germersheim.eu\/stadt_germersheim\/Kultur\/Museen%20und%20Denkm%C3%A4ler\/Skulpturenpark\/\" target=\"_blank\" rel=\"noreferrer noopener\">Skulpturenpark<\/a><\/div>\n\n<div class=\" wp-block-button eplus-wrapper eplus-styles-uid-847698\"><a class=\"wp-block-button__link wp-element-button\" href=\"https:\/\/musikschule-germersheim.jimdo.com\/\" target=\"_blank\" rel=\"noreferrer noopener\">Musikschule<\/a><\/div>\n\n<div class=\" wp-block-button eplus-wrapper eplus-styles-uid-75142c\"><a class=\"wp-block-button__link wp-element-button\" href=\"https:\/\/www.germersheim.eu\/stadt_germersheim\/Kultur\/\" target=\"_blank\" rel=\"noreferrer noopener\">Kulturprogramm Germersheim<\/a><\/div><\/div>\n<\/div>\n<\/div>\n\n<div class=\"wp-block-columns has-border-color has-accent-border-color has-base-background-color has-background eplus-wrapper is-layout-flex wp-container-core-columns-is-layout-88ebb0ee wp-block-columns-is-layout-flex eplus-styles-uid-b8f099\" style=\"border-width:1px;border-radius:5px;padding-top:var(--wp--preset--spacing--10);padding-right:var(--wp--preset--spacing--10);padding-bottom:var(--wp--preset--spacing--10);padding-left:var(--wp--preset--spacing--10)\">\n<div class=\"wp-block-column is-vertically-aligned-top eplus-wrapper is-layout-flow wp-container-core-column-is-layout-bd97847e wp-block-column-is-layout-flow\" style=\"padding-top:5px;padding-right:5px;padding-bottom:5px;padding-left:5px;flex-basis:24%\"><figure data-wp-context='{\"imageId\":\"69f7723f67277\"}' data-wp-interactive=\"core\/image\" data-wp-key=\"69f7723f67277\" class=\"wp-block-image aligncenter size-full is-resized eplus-wrapper eplus-styles-uid-70f882 wp-lightbox-container\" style=\"margin-top:5px;margin-right:5px;margin-bottom:5px;margin-left:5px\"><img loading=\"lazy\" decoding=\"async\" width=\"575\" height=\"431\" data-wp-class--hide=\"state.isContentHidden\" data-wp-class--show=\"state.isContentVisible\" data-wp-init=\"callbacks.setButtonStyles\" data-wp-on--click=\"actions.showLightbox\" data-wp-on--load=\"callbacks.setButtonStyles\" data-wp-on-window--resize=\"callbacks.setButtonStyles\" src=\"https:\/\/forte-cultura.com\/wp-content\/uploads\/Unbenannt-2.jpg\" alt=\"Wei\u00dfenburger Tor, Festungsstadt Germersheim (DE)\" class=\"wp-image-2808\" style=\"width:287px;height:auto\" srcset=\"https:\/\/forte-cultura.com\/wp-content\/uploads\/Unbenannt-2.jpg 575w, https:\/\/forte-cultura.com\/wp-content\/uploads\/Unbenannt-2-300x225.jpg 300w, https:\/\/forte-cultura.com\/wp-content\/uploads\/Unbenannt-2-16x12.jpg 16w, https:\/\/forte-cultura.com\/wp-content\/uploads\/Unbenannt-2-200x150.jpg 200w\" sizes=\"auto, (max-width: 575px) 100vw, 575px\" \/><button class=\"lightbox-trigger\" type=\"button\" aria-haspopup=\"dialog\" aria-label=\"Vergr\u00f6\u00dfern\" data-wp-init=\"callbacks.initTriggerButton\" data-wp-on--click=\"actions.showLightbox\" data-wp-style--right=\"state.imageButtonRight\" data-wp-style--top=\"state.imageButtonTop\">\n\t\t\t<svg xmlns=\"http:\/\/www.w3.org\/2000\/svg\" width=\"12\" height=\"12\" fill=\"none\" viewbox=\"0 0 12 12\">\n\t\t\t\t<path fill=\"#fff\" d=\"M2 0a2 2 0 0 0-2 2v2h1.5V2a.5.5 0 0 1 .5-.5h2V0H2Zm2 10.5H2a.5.5 0 0 1-.5-.5V8H0v2a2 2 0 0 0 2 2h2v-1.5ZM8 12v-1.5h2a.5.5 0 0 0 .5-.5V8H12v2a2 2 0 0 1-2 2H8Zm2-12a2 2 0 0 1 2 2v2h-1.5V2a.5.5 0 0 0-.5-.5H8V0h2Z\"><\/path>\n\t\t\t<\/svg>\n\t\t<\/button><\/figure><\/div>\n\n\n\n<div class=\"wp-block-column is-vertically-aligned-center eplus-wrapper is-layout-flow wp-container-core-column-is-layout-2ad53c50 wp-block-column-is-layout-flow\" style=\"padding-top:5px;padding-right:5px;padding-bottom:5px;padding-left:5px;flex-basis:70%\">\n<p class=\" has-medium-font-size eplus-wrapper\" style=\"font-style:normal;font-weight:400\"><strong>Wei\u00dfenburger Tor<\/strong><\/p>\n\n\n\n<p style=\"font-size:clamp(0.875rem, 0.875rem + ((1vw - 0.2rem) * 0.042), 0.9rem);font-style:normal;font-weight:400;line-height:1.3\" class=\" eplus-wrapper\">Gestaltet nach den Pl\u00e4nen des M\u00fcnchener Professors von G\u00e4rtner ist das Stadttor \u201eWei\u00dfenburger Tor\u201c eines der sch\u00f6nsten und sehensw\u00fcrdigsten Bauwerke der Festungsanlage. Das Wahrzeichen der Stadt wurde 1839 erbaut, \u00fcberdauerte baulich weitgehend unbeschadet die Zeit und wurde zu einem modernen und repr\u00e4sentativen Tourismus-, Kultur- und Besucherzentrum umgebaut.<\/p>\n\n\n\n<div class=\"wp-block-buttons eplus-wrapper is-content-justification-center is-layout-flex wp-container-core-buttons-is-layout-a89b3969 wp-block-buttons-is-layout-flex\"><div class=\" wp-block-button eplus-wrapper eplus-styles-uid-05fdc8\"><a class=\"wp-block-button__link wp-element-button\" href=\"https:\/\/www.germersheim.eu\/stadt_germersheim\/B%C3%BCrgerservice\/?bstype=a&amp;bsid=RLP:department:217\" target=\"_blank\" rel=\"noreferrer noopener\">Festungsstandesamt<\/a><\/div>\n\n<div class=\" wp-block-button eplus-wrapper eplus-styles-uid-87d141\"><a class=\"wp-block-button__link wp-element-button\" href=\"http:\/\/www.spuktheater.net\/\" target=\"_blank\" rel=\"noreferrer noopener\">Spuktheater<\/a><\/div>\n\n<div class=\" wp-block-button eplus-wrapper eplus-styles-uid-70c453\"><a class=\"wp-block-button__link wp-element-button\" href=\"https:\/\/www.germersheim.eu\/stadt_germersheim\/Tourismus\/Stadt%20Germersheim\/S%C3%BCdpfalz-Tourismus%20Stadt%20Germersheim%20e.V.\/\" target=\"_blank\" rel=\"noreferrer noopener\">S\u00fcdpfalz-Tourismus<\/a><\/div><\/div>\n<\/div>\n<\/div>\n\n<div class=\"wp-block-columns has-border-color has-accent-border-color has-base-background-color has-background eplus-wrapper is-layout-flex wp-container-core-columns-is-layout-88ebb0ee wp-block-columns-is-layout-flex eplus-styles-uid-d814bb\" style=\"border-width:1px;border-radius:5px;padding-top:var(--wp--preset--spacing--10);padding-right:var(--wp--preset--spacing--10);padding-bottom:var(--wp--preset--spacing--10);padding-left:var(--wp--preset--spacing--10)\">\n<div class=\"wp-block-column is-vertically-aligned-top eplus-wrapper is-layout-flow wp-container-core-column-is-layout-bd97847e wp-block-column-is-layout-flow\" style=\"padding-top:5px;padding-right:5px;padding-bottom:5px;padding-left:5px;flex-basis:24%\"><figure data-wp-context='{\"imageId\":\"69f7723f68579\"}' data-wp-interactive=\"core\/image\" data-wp-key=\"69f7723f68579\" class=\"wp-block-image aligncenter size-full is-resized eplus-wrapper eplus-styles-uid-70f882 wp-lightbox-container\" style=\"margin-top:5px;margin-right:5px;margin-bottom:5px;margin-left:5px\"><img loading=\"lazy\" decoding=\"async\" width=\"571\" height=\"428\" data-wp-class--hide=\"state.isContentHidden\" data-wp-class--show=\"state.isContentVisible\" data-wp-init=\"callbacks.setButtonStyles\" data-wp-on--click=\"actions.showLightbox\" data-wp-on--load=\"callbacks.setButtonStyles\" data-wp-on-window--resize=\"callbacks.setButtonStyles\" src=\"https:\/\/forte-cultura.com\/wp-content\/uploads\/Unbenannt-4.jpg\" alt=\"Festungsstadt Germersheim (DE)\" class=\"wp-image-2809\" style=\"width:287px;height:auto\" srcset=\"https:\/\/forte-cultura.com\/wp-content\/uploads\/Unbenannt-4.jpg 571w, https:\/\/forte-cultura.com\/wp-content\/uploads\/Unbenannt-4-300x225.jpg 300w, https:\/\/forte-cultura.com\/wp-content\/uploads\/Unbenannt-4-16x12.jpg 16w, https:\/\/forte-cultura.com\/wp-content\/uploads\/Unbenannt-4-200x150.jpg 200w\" sizes=\"auto, (max-width: 571px) 100vw, 571px\" \/><button class=\"lightbox-trigger\" type=\"button\" aria-haspopup=\"dialog\" aria-label=\"Vergr\u00f6\u00dfern\" data-wp-init=\"callbacks.initTriggerButton\" data-wp-on--click=\"actions.showLightbox\" data-wp-style--right=\"state.imageButtonRight\" data-wp-style--top=\"state.imageButtonTop\">\n\t\t\t<svg xmlns=\"http:\/\/www.w3.org\/2000\/svg\" width=\"12\" height=\"12\" fill=\"none\" viewbox=\"0 0 12 12\">\n\t\t\t\t<path fill=\"#fff\" d=\"M2 0a2 2 0 0 0-2 2v2h1.5V2a.5.5 0 0 1 .5-.5h2V0H2Zm2 10.5H2a.5.5 0 0 1-.5-.5V8H0v2a2 2 0 0 0 2 2h2v-1.5ZM8 12v-1.5h2a.5.5 0 0 0 .5-.5V8H12v2a2 2 0 0 1-2 2H8Zm2-12a2 2 0 0 1 2 2v2h-1.5V2a.5.5 0 0 0-.5-.5H8V0h2Z\"><\/path>\n\t\t\t<\/svg>\n\t\t<\/button><\/figure><\/div>\n\n\n\n<div class=\"wp-block-column is-vertically-aligned-center eplus-wrapper is-layout-flow wp-container-core-column-is-layout-2ad53c50 wp-block-column-is-layout-flow\" style=\"padding-top:5px;padding-right:5px;padding-bottom:5px;padding-left:5px;flex-basis:70%\">\n<p class=\" has-medium-font-size eplus-wrapper\" style=\"font-style:normal;font-weight:400\"><strong>Ludwigstor<\/strong><\/p>\n\n\n\n<p style=\"font-size:clamp(0.875rem, 0.875rem + ((1vw - 0.2rem) * 0.042), 0.9rem);font-style:normal;font-weight:400;line-height:1.3\" class=\" eplus-wrapper\">Das Ludwigstor ist das N\u00f6rdliche Stadttor der Festung Germersheim und wurde 1840 fertig gestellt. Links und rechts neben dem Durchgang zur Stadt sind lebensgro\u00dfe Statuen, die in ritterlicher Darstellung der \u00dcberlieferung nach links K\u00f6nig Ludwig I., unter dessen Regierung die Festung gebaut wurde, und rechts Ingenieur-Obersten Schmau\u00df, den Architekten der Festung, zeigen sollen.<\/p>\n\n\n\n<p style=\"font-size:clamp(0.875rem, 0.875rem + ((1vw - 0.2rem) * 0.042), 0.9rem);font-style:normal;font-weight:400;line-height:1.3\" class=\" eplus-wrapper\">Im historischen Torhaus l\u00e4dt das Stadt- und Festungsmuseum Germersheim mit interessanten Informationen und spannenden Exponaten zum Staunen ein. Eindrucksvoll ist auch das gro\u00dfe Festungsmodell, welches das \u201eneupreu\u00dfischen Festungssystems\u201c von Germersheim erkennen l\u00e4sst.<\/p>\n\n\n\n<div class=\"wp-block-buttons eplus-wrapper is-content-justification-center is-layout-flex wp-container-core-buttons-is-layout-a89b3969 wp-block-buttons-is-layout-flex\"><div class=\" wp-block-button eplus-wrapper eplus-styles-uid-ee2ab4\"><a class=\"wp-block-button__link wp-element-button\" href=\"https:\/\/www.germersheim.eu\/stadt_germersheim\/Kultur\/Museen%20und%20Denkm%C3%A4ler\/Stadt%20und%20Festungsmuseum\/\" target=\"_blank\" rel=\"noreferrer noopener\">Festungsmuseum<\/a><\/div>\n\n<div class=\" wp-block-button eplus-wrapper eplus-styles-uid-fc4bfe\"><a class=\"wp-block-button__link wp-element-button\" href=\"https:\/\/www.hist-verein-pfalz.de\/de\/der-verein\/ueber-uns\/9\/ueber-uns.html\" target=\"_blank\" rel=\"noreferrer noopener\">Historischer Verein der Pfalz<\/a><\/div><\/div>\n<\/div>\n<\/div>\n\n<div class=\"wp-block-columns has-border-color has-accent-border-color has-base-background-color has-background eplus-wrapper is-layout-flex wp-container-core-columns-is-layout-88ebb0ee wp-block-columns-is-layout-flex eplus-styles-uid-52d03f\" style=\"border-width:1px;border-radius:5px;padding-top:var(--wp--preset--spacing--10);padding-right:var(--wp--preset--spacing--10);padding-bottom:var(--wp--preset--spacing--10);padding-left:var(--wp--preset--spacing--10)\">\n<div class=\"wp-block-column is-vertically-aligned-top eplus-wrapper is-layout-flow wp-container-core-column-is-layout-bd97847e wp-block-column-is-layout-flow\" style=\"padding-top:5px;padding-right:5px;padding-bottom:5px;padding-left:5px;flex-basis:24%\"><figure data-wp-context='{\"imageId\":\"69f7723f69469\"}' data-wp-interactive=\"core\/image\" data-wp-key=\"69f7723f69469\" class=\"wp-block-image aligncenter size-full is-resized eplus-wrapper eplus-styles-uid-70f882 wp-lightbox-container\" style=\"margin-top:5px;margin-right:5px;margin-bottom:5px;margin-left:5px\"><img loading=\"lazy\" decoding=\"async\" width=\"310\" height=\"195\" data-wp-class--hide=\"state.isContentHidden\" data-wp-class--show=\"state.isContentVisible\" data-wp-init=\"callbacks.setButtonStyles\" data-wp-on--click=\"actions.showLightbox\" data-wp-on--load=\"callbacks.setButtonStyles\" data-wp-on-window--resize=\"callbacks.setButtonStyles\" src=\"https:\/\/forte-cultura.com\/wp-content\/uploads\/Unbenannt-1a.jpg\" alt=\"\" class=\"wp-image-417\" style=\"width:287px;height:auto\" srcset=\"https:\/\/forte-cultura.com\/wp-content\/uploads\/Unbenannt-1a.jpg 310w, https:\/\/forte-cultura.com\/wp-content\/uploads\/Unbenannt-1a-300x189.jpg 300w, https:\/\/forte-cultura.com\/wp-content\/uploads\/Unbenannt-1a-200x126.jpg 200w\" sizes=\"auto, (max-width: 310px) 100vw, 310px\" \/><button class=\"lightbox-trigger\" type=\"button\" aria-haspopup=\"dialog\" aria-label=\"Vergr\u00f6\u00dfern\" data-wp-init=\"callbacks.initTriggerButton\" data-wp-on--click=\"actions.showLightbox\" data-wp-style--right=\"state.imageButtonRight\" data-wp-style--top=\"state.imageButtonTop\">\n\t\t\t<svg xmlns=\"http:\/\/www.w3.org\/2000\/svg\" width=\"12\" height=\"12\" fill=\"none\" viewbox=\"0 0 12 12\">\n\t\t\t\t<path fill=\"#fff\" d=\"M2 0a2 2 0 0 0-2 2v2h1.5V2a.5.5 0 0 1 .5-.5h2V0H2Zm2 10.5H2a.5.5 0 0 1-.5-.5V8H0v2a2 2 0 0 0 2 2h2v-1.5ZM8 12v-1.5h2a.5.5 0 0 0 .5-.5V8H12v2a2 2 0 0 1-2 2H8Zm2-12a2 2 0 0 1 2 2v2h-1.5V2a.5.5 0 0 0-.5-.5H8V0h2Z\"><\/path>\n\t\t\t<\/svg>\n\t\t<\/button><\/figure><\/div>\n\n\n\n<div class=\"wp-block-column is-vertically-aligned-center eplus-wrapper is-layout-flow wp-container-core-column-is-layout-2ad53c50 wp-block-column-is-layout-flow\" style=\"padding-top:5px;padding-right:5px;padding-bottom:5px;padding-left:5px;flex-basis:70%\">\n<p class=\" has-medium-font-size eplus-wrapper\" style=\"font-style:normal;font-weight:400\"><strong>Fronte Lamotte<\/strong><\/p>\n\n\n\n<p style=\"font-size:clamp(0.875rem, 0.875rem + ((1vw - 0.2rem) * 0.042), 0.9rem);font-style:normal;font-weight:400;line-height:1.3\" class=\" eplus-wrapper\">Von der Fronte Lamotte sind heute noch die einschenklige Grabenwehr und ein Teil der Hauptumwallung erhalten sowie zwei Waffenplatzreduits und das Wei\u00dfenburger Tor. Zusammengefasst bildet der Bereich den Stadtpark \u201eFronte Lamotte\u201c &#8211; w\u00fcrdige Kulisse f\u00fcr vielf\u00e4ltige Kulturveranstaltungen.<\/p>\n\n\n\n<p style=\"font-size:clamp(0.875rem, 0.875rem + ((1vw - 0.2rem) * 0.042), 0.9rem);font-style:normal;font-weight:400;line-height:1.3\" class=\" eplus-wrapper\">In einem infolge der Schleifungsma\u00dfnahmen zerst\u00f6rten Bereich der ehemaligen Infanteriegalerie der Hauptumwallung entstand unter teilweiser Rekonstruktion der unterirdischen Anlagen ein attraktives K\u00fcnstleratelier. Ein absolutes Muss f\u00fcr den Kunst- und Kulturfreund: Das Skulpturenmuseum Professor Deutsch.<\/p>\n\n\n\n<div class=\"wp-block-buttons eplus-wrapper is-content-justification-center is-layout-flex wp-container-core-buttons-is-layout-a89b3969 wp-block-buttons-is-layout-flex\"><div class=\" wp-block-button eplus-wrapper eplus-styles-uid-7d5eea\"><a class=\"wp-block-button__link wp-element-button\" href=\"https:\/\/www.germersheim.eu\/stadt_germersheim\/Kultur\/Museen%20und%20Denkm%C3%A4ler\/Atelier%20Deutsch\/\" target=\"_blank\" rel=\"noreferrer noopener\">Skulpturenmuseum Professor Deutsch<\/a><\/div>\n\n<div class=\" wp-block-button eplus-wrapper eplus-styles-uid-2432c4\"><a class=\"wp-block-button__link wp-element-button\" href=\"http:\/\/www.kultursommer-ger.de\/\" target=\"_blank\" rel=\"noreferrer noopener\">Kultursommer Germersheim<\/a><\/div><\/div>\n<\/div>\n<\/div>\n\n<div class=\"wp-block-columns are-vertically-aligned-center has-border-color has-accent-border-color has-base-background-color has-background eplus-wrapper is-layout-flex wp-container-core-columns-is-layout-88ebb0ee wp-block-columns-is-layout-flex eplus-styles-uid-b46db6\" style=\"border-width:1px;border-radius:5px;padding-top:var(--wp--preset--spacing--10);padding-right:var(--wp--preset--spacing--10);padding-bottom:var(--wp--preset--spacing--10);padding-left:var(--wp--preset--spacing--10)\">\n<div class=\"wp-block-column is-vertically-aligned-center eplus-wrapper is-layout-flow wp-container-core-column-is-layout-bd97847e wp-block-column-is-layout-flow\" style=\"padding-top:5px;padding-right:5px;padding-bottom:5px;padding-left:5px;flex-basis:24%\"><figure data-wp-context='{\"imageId\":\"69f7723f6a3e4\"}' data-wp-interactive=\"core\/image\" data-wp-key=\"69f7723f6a3e4\" class=\"wp-block-image aligncenter size-full is-resized eplus-wrapper eplus-styles-uid-70f882 wp-lightbox-container\" style=\"margin-top:5px;margin-right:5px;margin-bottom:5px;margin-left:5px\"><img loading=\"lazy\" decoding=\"async\" width=\"2000\" height=\"1500\" data-wp-class--hide=\"state.isContentHidden\" data-wp-class--show=\"state.isContentVisible\" data-wp-init=\"callbacks.setButtonStyles\" data-wp-on--click=\"actions.showLightbox\" data-wp-on--load=\"callbacks.setButtonStyles\" data-wp-on-window--resize=\"callbacks.setButtonStyles\" src=\"https:\/\/forte-cultura.com\/wp-content\/uploads\/4_experience_zeughaus_2-1.jpg\" alt=\"Zeughaus Festungsstadt Germersheim (DE)\" class=\"wp-image-4370\" style=\"width:287px;height:auto\" srcset=\"https:\/\/forte-cultura.com\/wp-content\/uploads\/4_experience_zeughaus_2-1.jpg 2000w, https:\/\/forte-cultura.com\/wp-content\/uploads\/4_experience_zeughaus_2-1-300x225.jpg 300w, https:\/\/forte-cultura.com\/wp-content\/uploads\/4_experience_zeughaus_2-1-1024x768.jpg 1024w, https:\/\/forte-cultura.com\/wp-content\/uploads\/4_experience_zeughaus_2-1-768x576.jpg 768w, https:\/\/forte-cultura.com\/wp-content\/uploads\/4_experience_zeughaus_2-1-1536x1152.jpg 1536w, https:\/\/forte-cultura.com\/wp-content\/uploads\/4_experience_zeughaus_2-1-16x12.jpg 16w\" sizes=\"auto, (max-width: 2000px) 100vw, 2000px\" \/><button class=\"lightbox-trigger\" type=\"button\" aria-haspopup=\"dialog\" aria-label=\"Vergr\u00f6\u00dfern\" data-wp-init=\"callbacks.initTriggerButton\" data-wp-on--click=\"actions.showLightbox\" data-wp-style--right=\"state.imageButtonRight\" data-wp-style--top=\"state.imageButtonTop\">\n\t\t\t<svg xmlns=\"http:\/\/www.w3.org\/2000\/svg\" width=\"12\" height=\"12\" fill=\"none\" viewbox=\"0 0 12 12\">\n\t\t\t\t<path fill=\"#fff\" d=\"M2 0a2 2 0 0 0-2 2v2h1.5V2a.5.5 0 0 1 .5-.5h2V0H2Zm2 10.5H2a.5.5 0 0 1-.5-.5V8H0v2a2 2 0 0 0 2 2h2v-1.5ZM8 12v-1.5h2a.5.5 0 0 0 .5-.5V8H12v2a2 2 0 0 1-2 2H8Zm2-12a2 2 0 0 1 2 2v2h-1.5V2a.5.5 0 0 0-.5-.5H8V0h2Z\"><\/path>\n\t\t\t<\/svg>\n\t\t<\/button><\/figure><\/div>\n\n\n\n<div class=\"wp-block-column is-vertically-aligned-center eplus-wrapper is-layout-flow wp-container-core-column-is-layout-2ad53c50 wp-block-column-is-layout-flow\" style=\"padding-top:5px;padding-right:5px;padding-bottom:5px;padding-left:5px;flex-basis:70%\">\n<p class=\" has-medium-font-size eplus-wrapper\" style=\"font-style:normal;font-weight:400\"><strong>Zeughaus<\/strong><\/p>\n\n\n\n<p style=\"font-size:clamp(0.875rem, 0.875rem + ((1vw - 0.2rem) * 0.042), 0.9rem);font-style:normal;font-weight:400;line-height:1.3\" class=\" eplus-wrapper\">Der monumentale Bau mit einer Frontl\u00e4nge von 73 Metern war das Zeughaus der Festung Germersheim. Hier wurden Waffen und Ausr\u00fcstungsgegenst\u00e4nde aufbewahrt. Dem Geb\u00e4ude vorgelagert befindet sich noch heute eine einschenklige Grabenwehr. Zum Rhein gerichtet wurde es durch eine Carnot\u00b4sche Mauer flankiert. <\/p>\n\n\n\n<p style=\"font-size:clamp(0.875rem, 0.875rem + ((1vw - 0.2rem) * 0.042), 0.9rem);font-style:normal;font-weight:400;line-height:1.3\" class=\" eplus-wrapper\">Der beeindruckende Festungsbau beinhaltet das Deutsche Stra\u00dfenmuseum in dem man die Geschichte des Stra\u00dfenbaus erfahren kann. Besonders spannend, nicht nur f\u00fcr Eisenbahnfreunde, ist die gro\u00dfe Modellbahnanlage mit aktuell rund 700 Metern Schienenstrecke im Format H0, an der sich auch das Zeughaus im Miniaturformat wiederfindet.<br>Ebenfalls befinden sich in den gro\u00dfz\u00fcgigen R\u00e4umlichkeiten die Ausstellungsr\u00e4ume eines aktiven Kunstvereins.<\/p>\n\n\n\n<div class=\"wp-block-buttons eplus-wrapper is-content-justification-center is-layout-flex wp-container-core-buttons-is-layout-a89b3969 wp-block-buttons-is-layout-flex\"><div class=\" wp-block-button eplus-wrapper eplus-styles-uid-fbe45c\"><a class=\"wp-block-button__link wp-element-button\" href=\"https:\/\/www.deutsches-strassenmuseum.de\/\" target=\"_blank\" rel=\"noreferrer noopener\">Deutsches Strassenmuseum<\/a><\/div>\n\n<div class=\" wp-block-button eplus-wrapper eplus-styles-uid-5b6311\"><a class=\"wp-block-button__link wp-element-button\" href=\"http:\/\/www.modellbahnfreunde-germersheim.de\/\" target=\"_blank\" rel=\"noreferrer noopener\">Modellbahnfreunde<\/a><\/div>\n\n<div class=\" wp-block-button eplus-wrapper eplus-styles-uid-9a83d4\"><a class=\"wp-block-button__link wp-element-button\" href=\"https:\/\/www.kunstportal-pfalz.de\/de\/27\/oid,1298\/bid,2954\/profil-kunstverein-germersheim-zeughaus-germersheim.html\" target=\"_blank\" rel=\"noreferrer noopener\">Kunstverein<\/a><\/div><\/div>\n<\/div>\n<\/div><\/div><\/div><\/div>\n\n\n\n<div class=\"wp-block-kadence-pane kt-accordion-pane kt-accordion-pane-3 kt-pane607_eb3a15-3a\"><div class=\"kt-accordion-header-wrap\"><button class=\"kt-blocks-accordion-header kt-acccordion-button-label-show\" type=\"button\"><span class=\"kt-blocks-accordion-title-wrap\"><span class=\"kt-blocks-accordion-title\">Touren und Informationen<\/span><\/span><span class=\"kt-blocks-accordion-icon-trigger\"><\/span><\/button><\/div><div class=\"kt-accordion-panel kt-accordion-panel-hidden\"><div class=\"kt-accordion-panel-inner\"><div class=\"wp-block-columns eplus-wrapper is-layout-flex wp-container-core-columns-is-layout-006b283f wp-block-columns-is-layout-flex eplus-styles-uid-f2a2d5\" style=\"border-radius:5px;margin-top:0;margin-bottom:0;padding-top:var(--wp--preset--spacing--10);padding-right:var(--wp--preset--spacing--10);padding-bottom:var(--wp--preset--spacing--10);padding-left:var(--wp--preset--spacing--10)\">\n<div class=\"wp-block-column is-vertically-aligned-center has-base-2-background-color has-background eplus-wrapper is-layout-flow wp-container-core-column-is-layout-4535eb42 wp-block-column-is-layout-flow\" style=\"border-radius:5px;padding-top:10px;padding-right:15px;padding-bottom:10px;padding-left:15px;flex-basis:55%\"><figure class=\" wp-block-image aligncenter size-full is-resized eplus-wrapper eplus-styles-uid-70f882\" style=\"margin-top:5px;margin-right:5px;margin-bottom:5px;margin-left:5px\"><img loading=\"lazy\" decoding=\"async\" width=\"300\" height=\"300\" src=\"https:\/\/forte-cultura.com\/wp-content\/uploads\/GER_Logo.jpg\" alt=\"\" class=\"wp-image-4373\" style=\"width:173px;height:auto\" srcset=\"https:\/\/forte-cultura.com\/wp-content\/uploads\/GER_Logo.jpg 300w, https:\/\/forte-cultura.com\/wp-content\/uploads\/GER_Logo-150x150.jpg 150w, https:\/\/forte-cultura.com\/wp-content\/uploads\/GER_Logo-12x12.jpg 12w\" sizes=\"auto, (max-width: 300px) 100vw, 300px\" \/><\/figure>\n\n\n<p class=\" has-text-align-center has-medium-font-size eplus-wrapper\" style=\"font-style:normal;font-weight:400\"><strong>Tourismusb\u00fcro der Stadt Germersheim<\/strong><\/p>\n\n\n\n<p class=\" has-text-align-center has-small-font-size eplus-wrapper\" style=\"line-height:1.3\">Auf den F\u00fchrungen und Rundg\u00e4ngen durch die Stadt und Festung Germersheim k\u00f6nnen Sie die eindrucksvollen, gut erhaltenen Milit\u00e4rgeb\u00e4ude, die \u201eGermersheimer Unterwelt\u201c, verwinkelte Gassen und romantische Pl\u00e4tze erleben. Neben pers\u00f6nlicher Beratung und vielf\u00e4ltigen Informationsmaterialien werden auch allerlei Informationen rund um die Themen Tourismus, Freizeitangebote, Kunst und Kultur, f\u00fcr Besucher, Tagestouristen, Kurzurlauber und Gesch\u00e4ftsreisende bereitgehalten und zug\u00e4nglich gemacht. Germersheim verf\u00fcgt \u00fcber 6 G\u00e4stef\u00fchrer:innen mit FORTE CULTURA Zertifikat.<\/p>\n\n\n\n<div class=\"wp-block-buttons eplus-wrapper is-content-justification-center is-layout-flex wp-container-core-buttons-is-layout-a89b3969 wp-block-buttons-is-layout-flex\"><div class=\" wp-block-button eplus-wrapper eplus-styles-uid-2051da\"><a class=\"wp-block-button__link wp-element-button\" href=\"https:\/\/germersheim-erleben.eu\/\" target=\"_blank\" rel=\"noreferrer noopener\">Tourismusb\u00fcro der Stadt Germersheim<\/a><\/div><\/div>\n<\/div>\n\n\n\n<div class=\"wp-block-column is-vertically-aligned-stretch has-base-2-background-color has-background eplus-wrapper is-layout-flow wp-container-core-column-is-layout-4535eb42 wp-block-column-is-layout-flow\" style=\"border-radius:5px;padding-top:10px;padding-right:15px;padding-bottom:10px;padding-left:15px;flex-basis:47%\"><figure class=\" wp-block-image aligncenter size-full is-resized eplus-wrapper eplus-styles-uid-70f882\" style=\"margin-top:5px;margin-right:5px;margin-bottom:5px;margin-left:5px\"><img loading=\"lazy\" decoding=\"async\" width=\"1200\" height=\"675\" src=\"https:\/\/forte-cultura.com\/wp-content\/uploads\/Thumb-Durchblick.jpg\" alt=\"\" class=\"wp-image-4376\" style=\"width:199px;height:auto\" srcset=\"https:\/\/forte-cultura.com\/wp-content\/uploads\/Thumb-Durchblick.jpg 1200w, https:\/\/forte-cultura.com\/wp-content\/uploads\/Thumb-Durchblick-300x169.jpg 300w, https:\/\/forte-cultura.com\/wp-content\/uploads\/Thumb-Durchblick-1024x576.jpg 1024w, https:\/\/forte-cultura.com\/wp-content\/uploads\/Thumb-Durchblick-768x432.jpg 768w, https:\/\/forte-cultura.com\/wp-content\/uploads\/Thumb-Durchblick-18x10.jpg 18w\" sizes=\"auto, (max-width: 1200px) 100vw, 1200px\" \/><\/figure>\n\n\n<p class=\" has-text-align-center has-medium-font-size eplus-wrapper\" style=\"font-style:normal;font-weight:400\"><strong>Durchblick: Festung Germersheim Erkennen<\/strong><\/p>\n\n\n\n<p class=\" has-text-align-center has-small-font-size eplus-wrapper\" style=\"font-style:normal;font-weight:400;line-height:1.4\">Der Stadt Germersheim ist es ein wichtiges Anliegen, einen Beitrag zum Abbau bestehender Barrieren zu leisten. Im Rahmen eines durch die Aktion Mensch gef\u00f6rderten Projekts im Programm &#8222;#1 Barriere weniger&#8220;, wurde 2022 gemeinsam mit FORTE CULTURA ein\u00a0<strong>Festungsrundgang f\u00fcr Blinde und sehbeeintr\u00e4chtigte Menschen<\/strong>\u00a0eingerichtet. Der Rundweg f\u00fchrt durch den markantesten Teil der Festungsstadt Germersheim und ist mit taktilen Schildern in Brailleschrift ausgestattet. Ferner erm\u00f6glicht ein QR-Code das Abspielen von erkl\u00e4renden Audiodateien zum jeweiligen Standort. Weitere Information erteilt das Tourismusb\u00fcro im Wei\u00dfenburger Tor.<\/p>\n\n\n\n<div class=\"wp-block-buttons eplus-wrapper is-content-justification-center is-layout-flex wp-container-core-buttons-is-layout-a89b3969 wp-block-buttons-is-layout-flex\"><div class=\" wp-block-button eplus-wrapper eplus-styles-uid-483a78\"><a class=\"wp-block-button__link wp-element-button\" href=\"https:\/\/youtu.be\/cSN5ZeCKA28\" target=\"_blank\" rel=\"noreferrer noopener\">Video zum Projekt<\/a><\/div><\/div>\n<\/div>\n<\/div>\n\n<div class=\"wp-block-columns eplus-wrapper is-layout-flex wp-container-core-columns-is-layout-006b283f wp-block-columns-is-layout-flex eplus-styles-uid-56a954\" style=\"border-radius:5px;margin-top:0;margin-bottom:0;padding-top:var(--wp--preset--spacing--10);padding-right:var(--wp--preset--spacing--10);padding-bottom:var(--wp--preset--spacing--10);padding-left:var(--wp--preset--spacing--10)\">\n<div class=\"wp-block-column is-vertically-aligned-stretch has-base-2-background-color has-background eplus-wrapper is-layout-flow wp-container-core-column-is-layout-4535eb42 wp-block-column-is-layout-flow\" style=\"border-radius:5px;padding-top:10px;padding-right:15px;padding-bottom:10px;padding-left:15px;flex-basis:55%\"><figure class=\" wp-block-image aligncenter size-full is-resized eplus-wrapper eplus-styles-uid-70f882\" style=\"margin-top:5px;margin-right:5px;margin-bottom:5px;margin-left:5px\"><img loading=\"lazy\" decoding=\"async\" width=\"177\" height=\"117\" src=\"https:\/\/forte-cultura.com\/wp-content\/uploads\/logo_fahrgastschifffahrt.jpg\" alt=\"\" class=\"wp-image-4382\" style=\"width:88px;height:auto\" srcset=\"https:\/\/forte-cultura.com\/wp-content\/uploads\/logo_fahrgastschifffahrt.jpg 177w, https:\/\/forte-cultura.com\/wp-content\/uploads\/logo_fahrgastschifffahrt-18x12.jpg 18w\" sizes=\"auto, (max-width: 177px) 100vw, 177px\" \/><\/figure>\n\n\n<p class=\" has-text-align-center has-medium-font-size eplus-wrapper\" style=\"font-style:normal;font-weight:400\"><strong>Fahrgastschifffahrt Karlsruhe<\/strong><\/p>\n\n\n\n<p class=\" has-text-align-center has-small-font-size eplus-wrapper\" style=\"font-style:normal;font-weight:400;line-height:1.3\">Kaum sind die Leinen los, erleben Sie mit unserem Fahrgastschiff zun\u00e4chst ein wenig Hafenatmosph\u00e4re, bevor es durch das imposante Sperrtor hinaus auf den Fluss geht. Ob Sie lieber gesch\u00fctzt hinter Glas sitzen und sich bewirten lassen m\u00f6chten oder ob Sie sich auf dem Oberdeck eine steife Brise um die Nase wehen lassen wollen, Sie werden unvergessliche Augenblicke erleben, wenn Sie die Auenlandschaft passieren.<\/p>\n\n\n\n<div class=\"wp-block-buttons eplus-wrapper is-content-justification-center is-layout-flex wp-container-core-buttons-is-layout-a89b3969 wp-block-buttons-is-layout-flex\"><div class=\" wp-block-button eplus-wrapper eplus-styles-uid-38185c\"><a class=\"wp-block-button__link wp-element-button\" href=\"https:\/\/www.kulturbastion.de\/\" target=\"_blank\" rel=\"noreferrer noopener\">Kulturbastion<\/a><\/div><\/div>\n<\/div>\n\n\n\n<div class=\"wp-block-column is-vertically-aligned-stretch has-base-2-background-color has-background eplus-wrapper is-layout-flow wp-container-core-column-is-layout-4535eb42 wp-block-column-is-layout-flow\" style=\"border-radius:5px;padding-top:10px;padding-right:15px;padding-bottom:10px;padding-left:15px;flex-basis:47%\"><figure class=\" wp-block-image aligncenter size-full is-resized eplus-wrapper eplus-styles-uid-70f882\" style=\"margin-top:5px;margin-right:5px;margin-bottom:5px;margin-left:5px\"><img loading=\"lazy\" decoding=\"async\" width=\"300\" height=\"155\" src=\"https:\/\/forte-cultura.com\/wp-content\/uploads\/logo_cityseg.jpg\" alt=\"\" class=\"wp-image-4381\" style=\"width:159px;height:auto\" srcset=\"https:\/\/forte-cultura.com\/wp-content\/uploads\/logo_cityseg.jpg 300w, https:\/\/forte-cultura.com\/wp-content\/uploads\/logo_cityseg-18x9.jpg 18w\" sizes=\"auto, (max-width: 300px) 100vw, 300px\" \/><\/figure>\n\n\n<p class=\" has-text-align-center has-medium-font-size eplus-wrapper\" style=\"font-style:normal;font-weight:400\"><strong>CitySeg<\/strong><\/p>\n\n\n\n<p class=\" has-text-align-center has-small-font-size eplus-wrapper\" style=\"font-style:normal;font-weight:400;line-height:1.3\">Entdecken Sie mit uns Germersheim. Die alte Festungsstadt mit viel Charme und Historie liegt direkt am Rhein, eingebettet in beeindruckender, urspr\u00fcnglicher Natur. Eine abwechslungsreiche SEGWAY Tour, die Ihnen ganz bestimmt gefallen wird!<\/p>\n\n\n\n<div class=\"wp-block-buttons eplus-wrapper is-content-justification-center is-layout-flex wp-container-core-buttons-is-layout-a89b3969 wp-block-buttons-is-layout-flex\"><div class=\" wp-block-button eplus-wrapper eplus-styles-uid-34667b\"><a class=\"wp-block-button__link wp-element-button\" href=\"https:\/\/www.stsg.de\/cms\/torgau\/startseite\" target=\"_blank\" rel=\"noreferrer noopener\">Erinnerungsort Torgau<\/a><\/div><\/div>\n<\/div>\n<\/div><\/div><\/div><\/div>\n\n\n\n<div class=\"wp-block-kadence-pane kt-accordion-pane kt-accordion-pane-4 kt-pane607_670a28-05\"><div class=\"kt-accordion-header-wrap\"><button class=\"kt-blocks-accordion-header kt-acccordion-button-label-show\" type=\"button\"><span class=\"kt-blocks-accordion-title-wrap\"><span class=\"kt-blocks-accordion-title\">Festungsplan<\/span><\/span><span class=\"kt-blocks-accordion-icon-trigger\"><\/span><\/button><\/div><div class=\"kt-accordion-panel kt-accordion-panel-hidden\"><div class=\"kt-accordion-panel-inner\">\n<figure class=\" wp-block-image aligncenter size-large is-resized eplus-wrapper\"><img loading=\"lazy\" decoding=\"async\" width=\"1024\" height=\"669\" src=\"https:\/\/forte-cultura.com\/wp-content\/uploads\/GER_Festungsplan-1024x669.jpg\" alt=\"\" class=\"wp-image-4385\" style=\"width:1238px;height:auto\" srcset=\"https:\/\/forte-cultura.com\/wp-content\/uploads\/GER_Festungsplan-1024x669.jpg 1024w, https:\/\/forte-cultura.com\/wp-content\/uploads\/GER_Festungsplan-300x196.jpg 300w, https:\/\/forte-cultura.com\/wp-content\/uploads\/GER_Festungsplan-768x502.jpg 768w, https:\/\/forte-cultura.com\/wp-content\/uploads\/GER_Festungsplan-1536x1003.jpg 1536w, https:\/\/forte-cultura.com\/wp-content\/uploads\/GER_Festungsplan-18x12.jpg 18w, https:\/\/forte-cultura.com\/wp-content\/uploads\/GER_Festungsplan.jpg 2000w\" sizes=\"auto, (max-width: 1024px) 100vw, 1024px\" \/><figcaption class=\"wp-element-caption\">Festungsplan Stadt Germersheim (DE), \u00a9Stadt Germersheim<\/figcaption><\/figure>\n<\/div><\/div><\/div>\n\n\n\n<div class=\"wp-block-kadence-pane kt-accordion-pane kt-accordion-pane-5 kt-pane607_07cea6-4c\"><div class=\"kt-accordion-header-wrap\"><button class=\"kt-blocks-accordion-header kt-acccordion-button-label-show\" type=\"button\"><span class=\"kt-blocks-accordion-title-wrap\"><span class=\"kt-blocks-accordion-title\">Geschichte und Architektur<\/span><\/span><span class=\"kt-blocks-accordion-icon-trigger\"><\/span><\/button><\/div><div class=\"kt-accordion-panel kt-accordion-panel-hidden\"><div class=\"kt-accordion-panel-inner\">\n<p class=\" has-text-align-left eplus-wrapper\" style=\"font-size:clamp(0.875em, 0.875rem + ((1vw - 0.2em) * 0.042), 0.9em);font-style:normal;font-weight:400\"><strong>Geschichte der Festungsstadt Germersheim<\/strong><\/p>\n\n\n\n<p class=\" has-text-align-left eplus-wrapper\" style=\"font-size:clamp(0.875em, 0.875rem + ((1vw - 0.2em) * 0.042), 0.9em);font-style:normal;font-weight:400\">Mit der Besitzergreifungserkl\u00e4rung vom 30. April 1816 durch den bayerischen K\u00f6nig Maximilian I. Joseph geh\u00f6rt die Pfalz fortan zu Bayern. Mit der R\u00fcckgewinnung des linken Rheinufers entschied man aber auch, dass der Rhein, falls es erneut zu milit\u00e4rischen Auseinandersetzungen mit Frankreich kommen sollte, wieder zu einer starken Grenzsicherung ausgebaut werden soll. Im Deutschen Bund wurde daher bereits 1815\/16 die Absicht getroffen, die Stadt Germersheim und den Rhein\u00fcbergang mit einer starken Befestigung zu versehen. Federf\u00fchrend f\u00fcr die Umsetzung blieb in diesem Fall das K\u00f6nigreich Bayern, das die Bauma\u00dfnahme zwar mit Finanzmitteln des Deutschen Bundes realisierte, letztlich aber eine bayerische Landesfestung errichtete.<\/p>\n\n\n\n<p class=\" has-text-align-left eplus-wrapper\" style=\"font-size:clamp(0.875em, 0.875rem + ((1vw - 0.2em) * 0.042), 0.9em);font-style:normal;font-weight:400\">Die Festung hatte die Aufgabe, den Fluss\u00fcbergang zu sichern und ein fester St\u00fctzpunkt als Deckung der Grenze gegen Frankreich zu sein. Der \u00dcbergang \u00fcber den Rhein war an dieser Stelle aber auch gleichzeitig die k\u00fcrzeste Verbindung zwischen der pf\u00e4lzischen Festung Landau und dem rechten Rheinufer.<\/p>\n\n\n\n<p class=\" has-text-align-left eplus-wrapper\" style=\"font-size:clamp(0.875em, 0.875rem + ((1vw - 0.2em) * 0.042), 0.9em);font-style:normal;font-weight:400\">Nachdem K\u00f6nig Ludwig I. im Dezember 1832 dem Ingenieur-Major Friedrich Schmau\u00df den Auftrag zur Ausarbeitung der Festungspl\u00e4ne erteilt hat, wurde am 30. Juni 1834 der erste Spatenstich zum Festungsbau getan. Feierlich wurde der Grundstein dann im Gedenken an die V\u00f6lkerschlacht von Leipzig am 18. Oktober 1834 an der Spitze der Fronte Beckers gelegt, genau an dem stumpfen Winkel, wo sie vor der Mitte der Seysselkaserne an die Fronte Schmau\u00df st\u00f6\u00dft.<\/p>\n\n\n\n<p class=\" has-text-align-left eplus-wrapper\" style=\"font-size:clamp(0.875em, 0.875rem + ((1vw - 0.2em) * 0.042), 0.9em);font-style:normal;font-weight:400\">Wer sich auf die Zeitreise machen m\u00f6chte, kann bei einer der beliebten Festungsf\u00fchrungen oder einer inszenierten F\u00fchrung mit historischen Kost\u00fcmen die massiven Mauern der historischen Festungsanlage erkunden.<\/p>\n\n\n<div class=\"pgc-sgb-cb wp-block-pgcsimplygalleryblock-justified \" data-gallery-id=\"3d904355\"><div class=\"sgb-preloader\" id=\"pr_3d904355\">\n\t<div class=\"sgb-square\" style=\"background:#d4d4d4\"><\/div>\n\t<div class=\"sgb-square\" style=\"background:#d4d4d4\"><\/div>\n\t<div class=\"sgb-square\" style=\"background:#d4d4d4\"><\/div>\n\t<div class=\"sgb-square\" style=\"background:#d4d4d4\"><\/div><\/div><div class=\"simply-gallery-amp pgc_sgb_slider \"><noscript><div class=\"sgb-gallery\"><div class=\"sgb-item\"><a href=\"https:\/\/forte-cultura.com\/germersheim-de\/bauersfrauen-9982_21\/\" target=\"_blank\"><img decoding=\"async\" alt=\"\" width=\"300\" height=\"225\" loading=\"lazy\" src=\"https:\/\/forte-cultura.com\/wp-content\/uploads\/Bauersfrauen-9982_21-300x225.jpg\" srcset=\"https:\/\/forte-cultura.com\/wp-content\/uploads\/Bauersfrauen-9982_21-300x225.jpg 300w,https:\/\/forte-cultura.com\/wp-content\/uploads\/Bauersfrauen-9982_21-1024x768.jpg 1024w,https:\/\/forte-cultura.com\/wp-content\/uploads\/Bauersfrauen-9982_21.jpg 2000w\" sizes=\"auto, 250px\"><\/a><div class=\"sgb-item-caption\"><em>Bauersfrauen Festungsstadt Germersheim (DE)<\/em><\/div><\/div><div class=\"sgb-item\"><a href=\"https:\/\/forte-cultura.com\/germersheim-de\/ludwigstor-hist1\/\" target=\"_blank\"><img decoding=\"async\" alt=\"\" width=\"300\" height=\"225\" loading=\"lazy\" src=\"https:\/\/forte-cultura.com\/wp-content\/uploads\/Ludwigstor-Hist1-300x225.jpg\" srcset=\"https:\/\/forte-cultura.com\/wp-content\/uploads\/Ludwigstor-Hist1-300x225.jpg 300w,https:\/\/forte-cultura.com\/wp-content\/uploads\/Ludwigstor-Hist1.jpg 1000w\" sizes=\"auto, 250px\"><\/a><div class=\"sgb-item-caption\"><em>Hauptmann am Ludwigstor Festungsstadt Germersheim (DE)<\/em><\/div><\/div><div class=\"sgb-item\"><a href=\"https:\/\/forte-cultura.com\/germersheim-de\/palatinatus_rheni_merian_b_064\/\" target=\"_blank\"><img decoding=\"async\" alt=\"\" width=\"300\" height=\"210\" loading=\"lazy\" src=\"https:\/\/forte-cultura.com\/wp-content\/uploads\/Palatinatus_Rheni_Merian_b_064-300x210.jpg\" srcset=\"https:\/\/forte-cultura.com\/wp-content\/uploads\/Palatinatus_Rheni_Merian_b_064-300x210.jpg 300w,https:\/\/forte-cultura.com\/wp-content\/uploads\/Palatinatus_Rheni_Merian_b_064-1024x717.jpg 1024w,https:\/\/forte-cultura.com\/wp-content\/uploads\/Palatinatus_Rheni_Merian_b_064.jpg 1501w\" sizes=\"auto, 250px\"><\/a><div class=\"sgb-item-caption\"><em>Palatinatus Rheni (Merian)<\/em><\/div><\/div><\/div><\/noscript><\/div><script type=\"application\/json\" class=\"sgb-data\">{\"lastRowFill\":true,\"collectionThumbRecomendedHeight\":150,\"thumbSpacing\":8,\"captions\":false,\"collectionthumbRoundedCorners\":5,\"galleryType\":\"pgc_sgb_justified\",\"galleryId\":\"3d904355\",\"images\":[{\"id\":4388,\"title\":\"Bauersfrauen Festungsstadt Germersheim (DE)\",\"url\":\"https:\/\/forte-cultura.com\/wp-content\/uploads\/Bauersfrauen-9982_21.jpg\",\"link\":\"https:\/\/forte-cultura.com\/germersheim-de\/bauersfrauen-9982_21\/\",\"alt\":\"\",\"description\":\"\",\"caption\":\"Bauersfrauen Festungsstadt Germersheim (DE)\",\"mime\":\"image\/jpeg\",\"type\":\"image\",\"width\":2000,\"height\":1500,\"sizes\":{\"thumbnail\":{\"height\":150,\"width\":150,\"url\":\"https:\/\/forte-cultura.com\/wp-content\/uploads\/Bauersfrauen-9982_21-150x150.jpg\",\"orientation\":\"landscape\"},\"medium\":{\"height\":225,\"width\":300,\"url\":\"https:\/\/forte-cultura.com\/wp-content\/uploads\/Bauersfrauen-9982_21-300x225.jpg\",\"orientation\":\"landscape\"},\"large\":{\"height\":768,\"width\":1024,\"url\":\"https:\/\/forte-cultura.com\/wp-content\/uploads\/Bauersfrauen-9982_21-1024x768.jpg\",\"orientation\":\"landscape\"},\"full\":{\"url\":\"https:\/\/forte-cultura.com\/wp-content\/uploads\/Bauersfrauen-9982_21.jpg\",\"height\":1500,\"width\":2000,\"orientation\":\"landscape\"}},\"imageMeta\":{\"aperture\":\"0\",\"credit\":\"\",\"camera\":\"\",\"caption\":\"\",\"created_timestamp\":\"0\",\"copyright\":\"Freigabe als Pressematerial. Alle Bildrechte vorbehalten, sofern nicht schriftlich genehmigt\",\"focal_length\":\"0\",\"iso\":\"0\",\"shutter_speed\":\"0\",\"title\":\"\",\"orientation\":\"0\",\"keywords\":[]},\"meta\":false,\"postlink\":\"https:\/\/forte-cultura.com\/germersheim-de\/bauersfrauen-9982_21\/\"},{\"id\":4389,\"title\":\"Hauptmann am Ludwigstor Festungsstadt Germersheim (DE)\",\"url\":\"https:\/\/forte-cultura.com\/wp-content\/uploads\/Ludwigstor-Hist1.jpg\",\"link\":\"https:\/\/forte-cultura.com\/germersheim-de\/ludwigstor-hist1\/\",\"alt\":\"\",\"description\":\"Hauptmann am Ludwigstor Festungsstadt Germersheim (DE)\",\"caption\":\"Hauptmann am Ludwigstor Festungsstadt Germersheim (DE)\",\"mime\":\"image\/jpeg\",\"type\":\"image\",\"width\":1000,\"height\":750,\"sizes\":{\"thumbnail\":{\"height\":150,\"width\":150,\"url\":\"https:\/\/forte-cultura.com\/wp-content\/uploads\/Ludwigstor-Hist1-150x150.jpg\",\"orientation\":\"landscape\"},\"medium\":{\"height\":225,\"width\":300,\"url\":\"https:\/\/forte-cultura.com\/wp-content\/uploads\/Ludwigstor-Hist1-300x225.jpg\",\"orientation\":\"landscape\"},\"full\":{\"url\":\"https:\/\/forte-cultura.com\/wp-content\/uploads\/Ludwigstor-Hist1.jpg\",\"height\":750,\"width\":1000,\"orientation\":\"landscape\"}},\"imageMeta\":{\"aperture\":\"0\",\"credit\":\"\",\"camera\":\"\",\"caption\":\"\",\"created_timestamp\":\"0\",\"copyright\":\"\",\"focal_length\":\"0\",\"iso\":\"0\",\"shutter_speed\":\"0\",\"title\":\"\",\"orientation\":\"0\",\"keywords\":[]},\"meta\":false,\"postlink\":\"https:\/\/forte-cultura.com\/germersheim-de\/ludwigstor-hist1\/\"},{\"id\":4390,\"title\":\"Palatinatus Rheni (Merian)\",\"url\":\"https:\/\/forte-cultura.com\/wp-content\/uploads\/Palatinatus_Rheni_Merian_b_064.jpg\",\"link\":\"https:\/\/forte-cultura.com\/germersheim-de\/palatinatus_rheni_merian_b_064\/\",\"alt\":\"\",\"description\":\"Palatinatus Rheni (Merian)\",\"caption\":\"Palatinatus Rheni (Merian)\",\"mime\":\"image\/jpeg\",\"type\":\"image\",\"width\":1501,\"height\":1051,\"sizes\":{\"thumbnail\":{\"height\":150,\"width\":150,\"url\":\"https:\/\/forte-cultura.com\/wp-content\/uploads\/Palatinatus_Rheni_Merian_b_064-150x150.jpg\",\"orientation\":\"landscape\"},\"medium\":{\"height\":210,\"width\":300,\"url\":\"https:\/\/forte-cultura.com\/wp-content\/uploads\/Palatinatus_Rheni_Merian_b_064-300x210.jpg\",\"orientation\":\"landscape\"},\"large\":{\"height\":717,\"width\":1024,\"url\":\"https:\/\/forte-cultura.com\/wp-content\/uploads\/Palatinatus_Rheni_Merian_b_064-1024x717.jpg\",\"orientation\":\"landscape\"},\"full\":{\"url\":\"https:\/\/forte-cultura.com\/wp-content\/uploads\/Palatinatus_Rheni_Merian_b_064.jpg\",\"height\":1051,\"width\":1501,\"orientation\":\"landscape\"}},\"imageMeta\":{\"aperture\":\"0\",\"credit\":\"\",\"camera\":\"\",\"caption\":\"\",\"created_timestamp\":\"0\",\"copyright\":\"\",\"focal_length\":\"0\",\"iso\":\"0\",\"shutter_speed\":\"0\",\"title\":\"\",\"orientation\":\"0\",\"keywords\":[]},\"meta\":false,\"postlink\":\"https:\/\/forte-cultura.com\/germersheim-de\/palatinatus_rheni_merian_b_064\/\"}],\"TrpContentRestriction\":{\"restriction_type\":\"exclude\",\"selected_languages\":[],\"panel_open\":true},\"itemsMetaDataCollection\":[]}<\/script><script>(function(){if(window.PGC_SGB && window.PGC_SGB.searcher){window.PGC_SGB.searcher.initBlocks()}})()<\/script><\/div>\n\n\n<p class=\" eplus-wrapper\"><\/p>\n\n\n\n<p style=\"font-size:clamp(0.875em, 0.875rem + ((1vw - 0.2em) * 0.042), 0.9em);font-style:normal;font-weight:400\" class=\" eplus-wrapper\"><strong><strong>Architektur der Festungsstadt Germersheim<\/strong><\/strong><\/p>\n\n\n\n<p style=\"font-size:clamp(0.875em, 0.875rem + ((1vw - 0.2em) * 0.042), 0.9em);font-style:normal;font-weight:400\" class=\" eplus-wrapper\">Das Grundprinzip der Anlage war das polygonale Kaponniersystem in der neuniederl\u00e4ndischen Art, oder, wie damals f\u00fcr Festungen des Deutschen Bundes \u00fcblich, die so genannte \u201eneupreu\u00dfische Befestigungsmanier\u201c. Ein System, das sich vor allem durch die Kaponnieren bzw. Grabenwehren und durch kasemattierte Defensivgeb\u00e4ude auszeichnet.<\/p>\n\n\n\n<p style=\"font-size:clamp(0.875em, 0.875rem + ((1vw - 0.2em) * 0.042), 0.9em);font-style:normal;font-weight:400\" class=\" eplus-wrapper\">Im Polygonalsystem ist der Grundriss ein Vieleck mit geradlinigen oder schwach gebrochenen Fronten. Hier in Germersheim sind es 6 Frontenabschnitte, Beckers, Schmau\u00df, Lamotte, Diez, Reu\u00df und Carl, die die Stadt auf 3.200 Meter als Hauptumwallung bzw. Stadtumwallung in der \u201eneuniederl\u00e4ndischen Art\u201c umgeben. Die Infanteriegalerien des Hauptwalles begannen bei der Fronte Diez, gingen durch die Fronte Lamotte, Schmau\u00df, Beckers und einen Teil der Fronte Carl, und hatten eine Gesamtl\u00e4nge von etwa 1.800 Metern. Dieser Abschnitt bildet ein trockenes Grabensystem mit einer Grabenbreite von bis zu 32 Metern. Aus der Infanteriegalerie heraus konnte die Nahverteidigung \u00fcbernommen werden, wenn der Feind im Graben war. Es war aber auch m\u00f6glich, Truppen unterirdisch zu bewegen, ohne sie dem direkten Beschuss preiszugeben. Die weiteren 1.400 Meter der Umwallung hatten ein nasses Grabensystem und daher keine Galerien. Gespeist wurde dieses durch die R\u00fcckstauung der Queich bei der Fronte Diez \u2013 Stauschleuse zum Rhein hin &#8211; und dem Zufluss der \u201eAltbach\u201c \u2013 einem Seitenarm der Queich \u2013 bei der Fronte Carl.<\/p>\n\n\n\n<p style=\"font-size:clamp(0.875em, 0.875rem + ((1vw - 0.2em) * 0.042), 0.9em);font-style:normal;font-weight:400\" class=\" eplus-wrapper\">In der Mitte einer Fronte wurde vom Wall her je ein Geb\u00e4ude in den Graben hinein gebaut, die Kaponniere bzw. die Grabenwehr. Sie sind mit Schie\u00dfscharten versehen, sodass die Gr\u00e4ben der L\u00e4nge nach mit Gesch\u00fctzen oder Gewehren unter Feuer genommen werden konnten. Die Abschnitte nach Westen und S\u00fcdwesten hin waren besonders stark ausgearbeitet, da man von dieser Seite mit einem m\u00f6glichen Angriff rechnen musste. Die Kaponniere dieser Abschnitte Schmau\u00df und Beckers wurden deshalb zweischenklig, wie ein Hufeisen, angelegt. Dadurch konnte eine gr\u00f6\u00dfere Zahl an Gesch\u00fctzen, auf jeder Seite sechs, eingesetzt werden. Die der anderen Fronten, die durch die nat\u00fcrlichen Gel\u00e4ndegegebenheiten, wie Rhein, Altwasser und Morast, zus\u00e4tzlich gesichert waren, sind einschenklig. Die Grabenwehr ist vom Wall separiert und kann, da sie tiefer im Graben liegt, vom Hauptwall aus \u00fcberschossen werden. Diese Geb\u00e4ude waren durch einen Deckwall gesichert, ebenfalls in der \u201eneuniederl\u00e4ndischen Art\u201c. Da dieser vor der Grabenwehr lag, war er niedriger als der Hauptwall, damit man von diesem \u00fcber den Deckwall die Fernverteidigung h\u00e4tte \u00fcbernehmen k\u00f6nnen. Hier schlie\u00dft sich nochmals ein 20 Meter breiter Graben an.<\/p>\n\n\n\n<p style=\"font-size:clamp(0.875em, 0.875rem + ((1vw - 0.2em) * 0.042), 0.9em);font-style:normal;font-weight:400\" class=\" eplus-wrapper\">Von der \u00e4u\u00dferen Grabenwand der wichtigen Fronten, Schmau\u00df, Beckers, Teile von Carl und Lamotte, wo oft eine Verbindungsgalerie in der Grabenmauer angelegt war, ging ein Verteidigungsminensystem aus, dessen G\u00e4nge unterirdisch hinaus ins \u201eGlacis\u201c f\u00fchrten. Die Hauptstollen lagen 6 bis 7 Meter unter dem nat\u00fcrlichen Boden und 10 Meter unter der Glaciskante. Sie waren mit Ziegelsteinen ausgemauert und hatten bis zum gew\u00f6lbten Scheitel eine H\u00f6he von 1,87 Meter und eine Breite von 1,14 Meter. Von den Hauptstollen zweigten kleinere Nebenstollen ab, deren Ma\u00dfe 1,23 Meter H\u00f6he und 0,60 Meter Breite betragen. In das Minensystem w\u00e4ren im Kriegsfall Schwarzpulverf\u00e4sser eingebracht worden, um sie zu sprengen wenn der Feind sich dar\u00fcber befunden h\u00e4tte und so den feindlichen Vormarsch zu behindern.<\/p>\n\n\n\n<p style=\"font-size:clamp(0.875em, 0.875rem + ((1vw - 0.2em) * 0.042), 0.9em);font-style:normal;font-weight:400\" class=\" eplus-wrapper\">Allein am Minensystem wurde von 1855 bis 1861, also 6 Jahre gebaut, sodass sich eine Gesamtbauzeit von 27 Jahren f\u00fcr die Festung Germersheim ergibt.<br>Auch im Innern der Stadt geh\u00f6ren milit\u00e4rische Bauten zur Anlage der \u201eneupreu\u00dfischen Manier\u201c. So sind die Kasernenanlagen keine reinen Truppenunterk\u00fcnfte, sondern sogenannte Defensivgeb\u00e4ude. Sie sind meist parallel zum Wall ausgerichtet, um so eine letzte Verteidigungsm\u00f6glichkeit zu bilden, falls der Feind \u00fcber den Wall gelangt w\u00e4re.<br>Die eigentlichen Eing\u00e4nge zur Festung und somit auch zur Stadt befinden sich im Norden der Ausfallstra\u00dfe Richtung Speyer und in Richtung Osten zum Rhein. Sie werden durch zwei Festungstore, das Ludwigstor und das Wei\u00dfenburger Tor, gesichert.<\/p>\n\n\n\n<p style=\"font-size:clamp(0.875em, 0.875rem + ((1vw - 0.2em) * 0.042), 0.9em);font-style:normal;font-weight:400\" class=\" eplus-wrapper\">Vervollst\u00e4ndigt wird die Festungsanlage durch zehn Vorwerke und Vorfesten, die um die Hauptumwallung im Rayongel\u00e4nde angelegt wurden und sich auch auf die rechtsrheinisch gelegenen Germersheimer Gemarkungsteile erstreckten. Darunter auch der Br\u00fcckenkopf bei Philippsburg, der, zusammen mit der Stadtbefestigung, die beiden Rheinbr\u00fccken sch\u00fctzte. Die Anlagen dieser G\u00fcrtelbefestigung waren im Abstand von 600 \u2013 1.700 Meter um die Stadt herum angelegt.<br><a href=\"https:\/\/forte-cultura.com\/wp-content\/uploads\/MLZCLi4g4R8I-Hartenfels_Castle_Torgau%C2%A9Philipp_Herfort.jpg\"><\/a><\/p>\n\n\n<div class=\"pgc-sgb-cb wp-block-pgcsimplygalleryblock-justified \" data-gallery-id=\"85090225\"><div class=\"sgb-preloader\" id=\"pr_85090225\">\n\t<div class=\"sgb-square\" style=\"background:#d4d4d4\"><\/div>\n\t<div class=\"sgb-square\" style=\"background:#d4d4d4\"><\/div>\n\t<div class=\"sgb-square\" style=\"background:#d4d4d4\"><\/div>\n\t<div class=\"sgb-square\" style=\"background:#d4d4d4\"><\/div><\/div><div class=\"simply-gallery-amp pgc_sgb_slider \"><noscript><div class=\"sgb-gallery\"><div class=\"sgb-item\"><a href=\"https:\/\/forte-cultura.com\/minengalerie-3361\/\" target=\"_blank\"><img decoding=\"async\" alt=\"Minengalerie Festungsstadt Germersheim (DE)\" width=\"300\" height=\"200\" loading=\"lazy\" src=\"https:\/\/forte-cultura.com\/wp-content\/uploads\/Minengalerie-3361-300x200.jpg\" srcset=\"https:\/\/forte-cultura.com\/wp-content\/uploads\/Minengalerie-3361-300x200.jpg 300w,https:\/\/forte-cultura.com\/wp-content\/uploads\/Minengalerie-3361-1024x683.jpg 1024w,https:\/\/forte-cultura.com\/wp-content\/uploads\/Minengalerie-3361.jpg 1800w\" sizes=\"auto, 250px\"><\/a><div class=\"sgb-item-caption\"><em>Minengalerie Festungsstadt Germersheim (DE)<\/em><\/div><\/div><div class=\"sgb-item\"><a href=\"https:\/\/forte-cultura.com\/unbenannt-6\/\" target=\"_blank\"><img decoding=\"async\" alt=\"Festungsstadt Germersheim (DE)\" width=\"300\" height=\"300\" loading=\"lazy\" src=\"https:\/\/forte-cultura.com\/wp-content\/uploads\/Unbenannt-6-300x300.jpg\" srcset=\"https:\/\/forte-cultura.com\/wp-content\/uploads\/Unbenannt-6-300x300.jpg 300w,https:\/\/forte-cultura.com\/wp-content\/uploads\/Unbenannt-6.jpg 571w\" sizes=\"auto, 250px\"><\/a><div class=\"sgb-item-caption\"><em>Festungsstadt Germersheim (DE)<\/em><\/div><\/div><div class=\"sgb-item\"><a href=\"https:\/\/forte-cultura.com\/unbenannt-5\/\" target=\"_blank\"><img decoding=\"async\" alt=\"Festungsstadt Germersheim (DE)\" width=\"300\" height=\"231\" loading=\"lazy\" src=\"https:\/\/forte-cultura.com\/wp-content\/uploads\/Unbenannt-5-300x231.jpg\" srcset=\"https:\/\/forte-cultura.com\/wp-content\/uploads\/Unbenannt-5-300x231.jpg 300w,https:\/\/forte-cultura.com\/wp-content\/uploads\/Unbenannt-5.jpg 866w\" sizes=\"auto, 250px\"><\/a><div class=\"sgb-item-caption\"><em>Festungsstadt Germersheim (DE)<\/em><\/div><\/div><div class=\"sgb-item\"><a href=\"https:\/\/forte-cultura.com\/germersheim-de\/weissenburger-tor-germersheim\/\" target=\"_blank\"><img decoding=\"async\" alt=\"\" width=\"300\" height=\"300\" loading=\"lazy\" src=\"https:\/\/forte-cultura.com\/wp-content\/uploads\/Weissenburger-Tor-Germersheim-300x300.jpg\" srcset=\"https:\/\/forte-cultura.com\/wp-content\/uploads\/Weissenburger-Tor-Germersheim-300x300.jpg 300w,https:\/\/forte-cultura.com\/wp-content\/uploads\/Weissenburger-Tor-Germersheim-1024x1024.jpg 1024w,https:\/\/forte-cultura.com\/wp-content\/uploads\/Weissenburger-Tor-Germersheim.jpg 1100w\" sizes=\"auto, 250px\"><\/a><\/div><\/div><\/noscript><\/div><script type=\"application\/json\" class=\"sgb-data\">{\"lastRowFill\":true,\"collectionThumbRecomendedHeight\":150,\"thumbSpacing\":8,\"captions\":false,\"collectionthumbRoundedCorners\":5,\"galleryType\":\"pgc_sgb_justified\",\"galleryId\":\"85090225\",\"images\":[{\"id\":2810,\"title\":\"Minengalerie-3361\",\"url\":\"https:\/\/forte-cultura.com\/wp-content\/uploads\/Minengalerie-3361.jpg\",\"link\":\"https:\/\/forte-cultura.com\/minengalerie-3361\/\",\"alt\":\"Minengalerie Festungsstadt Germersheim (DE)\",\"description\":\"Minengalerie Festungsstadt Germersheim (DE)\",\"caption\":\"Minengalerie Festungsstadt Germersheim (DE)\",\"mime\":\"image\/jpeg\",\"type\":\"image\",\"width\":1800,\"height\":1200,\"sizes\":{\"thumbnail\":{\"height\":150,\"width\":150,\"url\":\"https:\/\/forte-cultura.com\/wp-content\/uploads\/Minengalerie-3361-150x150.jpg\",\"orientation\":\"landscape\"},\"medium\":{\"height\":200,\"width\":300,\"url\":\"https:\/\/forte-cultura.com\/wp-content\/uploads\/Minengalerie-3361-300x200.jpg\",\"orientation\":\"landscape\"},\"large\":{\"height\":683,\"width\":1024,\"url\":\"https:\/\/forte-cultura.com\/wp-content\/uploads\/Minengalerie-3361-1024x683.jpg\",\"orientation\":\"landscape\"},\"full\":{\"url\":\"https:\/\/forte-cultura.com\/wp-content\/uploads\/Minengalerie-3361.jpg\",\"height\":1200,\"width\":1800,\"orientation\":\"landscape\"}},\"imageMeta\":{\"aperture\":\"4\",\"credit\":\"\",\"camera\":\"Canon EOS 5D\",\"caption\":\"\",\"created_timestamp\":\"1219939787\",\"copyright\":\"\",\"focal_length\":\"28\",\"iso\":\"1600\",\"shutter_speed\":\"0.025\",\"title\":\"\",\"orientation\":\"1\",\"keywords\":[]},\"meta\":false,\"postlink\":\"https:\/\/forte-cultura.com\/minengalerie-3361\/\"},{\"id\":2814,\"title\":\"Unbenannt-6\",\"url\":\"https:\/\/forte-cultura.com\/wp-content\/uploads\/Unbenannt-6.jpg\",\"link\":\"https:\/\/forte-cultura.com\/unbenannt-6\/\",\"alt\":\"Festungsstadt Germersheim (DE)\",\"description\":\"Festungsstadt Germersheim (DE)\",\"caption\":\"Festungsstadt Germersheim (DE)\",\"mime\":\"image\/jpeg\",\"type\":\"image\",\"width\":571,\"height\":571,\"sizes\":{\"thumbnail\":{\"height\":150,\"width\":150,\"url\":\"https:\/\/forte-cultura.com\/wp-content\/uploads\/Unbenannt-6-150x150.jpg\",\"orientation\":\"landscape\"},\"medium\":{\"height\":300,\"width\":300,\"url\":\"https:\/\/forte-cultura.com\/wp-content\/uploads\/Unbenannt-6-300x300.jpg\",\"orientation\":\"landscape\"},\"full\":{\"url\":\"https:\/\/forte-cultura.com\/wp-content\/uploads\/Unbenannt-6.jpg\",\"height\":571,\"width\":571,\"orientation\":\"landscape\"}},\"imageMeta\":{\"aperture\":\"0\",\"credit\":\"\",\"camera\":\"\",\"caption\":\"\",\"created_timestamp\":\"0\",\"copyright\":\"\",\"focal_length\":\"0\",\"iso\":\"0\",\"shutter_speed\":\"0\",\"title\":\"\",\"orientation\":\"1\",\"keywords\":[]},\"meta\":false,\"postlink\":\"https:\/\/forte-cultura.com\/unbenannt-6\/\"},{\"id\":2812,\"title\":\"Unbenannt-5\",\"url\":\"https:\/\/forte-cultura.com\/wp-content\/uploads\/Unbenannt-5.jpg\",\"link\":\"https:\/\/forte-cultura.com\/unbenannt-5\/\",\"alt\":\"Festungsstadt Germersheim (DE)\",\"description\":\"Festungsstadt Germersheim (DE)\\n\u00a9ECCOFORT; Kartenhintergrund \u00a9OpenStreetMap Contributors\",\"caption\":\"Festungsstadt Germersheim (DE)\",\"mime\":\"image\/jpeg\",\"type\":\"image\",\"width\":866,\"height\":666,\"sizes\":{\"thumbnail\":{\"height\":150,\"width\":150,\"url\":\"https:\/\/forte-cultura.com\/wp-content\/uploads\/Unbenannt-5-150x150.jpg\",\"orientation\":\"landscape\"},\"medium\":{\"height\":231,\"width\":300,\"url\":\"https:\/\/forte-cultura.com\/wp-content\/uploads\/Unbenannt-5-300x231.jpg\",\"orientation\":\"landscape\"},\"full\":{\"url\":\"https:\/\/forte-cultura.com\/wp-content\/uploads\/Unbenannt-5.jpg\",\"height\":666,\"width\":866,\"orientation\":\"landscape\"}},\"imageMeta\":{\"aperture\":\"0\",\"credit\":\"\",\"camera\":\"\",\"caption\":\"\",\"created_timestamp\":\"0\",\"copyright\":\"\",\"focal_length\":\"0\",\"iso\":\"0\",\"shutter_speed\":\"0\",\"title\":\"\",\"orientation\":\"1\",\"keywords\":[]},\"meta\":false,\"postlink\":\"https:\/\/forte-cultura.com\/unbenannt-5\/\"},{\"id\":4391,\"title\":\"Weissenburger-Tor-Germersheim\",\"url\":\"https:\/\/forte-cultura.com\/wp-content\/uploads\/Weissenburger-Tor-Germersheim.jpg\",\"link\":\"https:\/\/forte-cultura.com\/germersheim-de\/weissenburger-tor-germersheim\/\",\"alt\":\"\",\"description\":\"\",\"caption\":\"\",\"mime\":\"image\/jpeg\",\"type\":\"image\",\"width\":1100,\"height\":1100,\"sizes\":{\"thumbnail\":{\"height\":150,\"width\":150,\"url\":\"https:\/\/forte-cultura.com\/wp-content\/uploads\/Weissenburger-Tor-Germersheim-150x150.jpg\",\"orientation\":\"landscape\"},\"medium\":{\"height\":300,\"width\":300,\"url\":\"https:\/\/forte-cultura.com\/wp-content\/uploads\/Weissenburger-Tor-Germersheim-300x300.jpg\",\"orientation\":\"landscape\"},\"large\":{\"height\":1024,\"width\":1024,\"url\":\"https:\/\/forte-cultura.com\/wp-content\/uploads\/Weissenburger-Tor-Germersheim-1024x1024.jpg\",\"orientation\":\"landscape\"},\"full\":{\"url\":\"https:\/\/forte-cultura.com\/wp-content\/uploads\/Weissenburger-Tor-Germersheim.jpg\",\"height\":1100,\"width\":1100,\"orientation\":\"landscape\"}},\"imageMeta\":{\"aperture\":\"0\",\"credit\":\"\",\"camera\":\"\",\"caption\":\"\",\"created_timestamp\":\"0\",\"copyright\":\"Freigabe als Pressematerial. Alle Bildrechte vorbehalten, sofern nicht schriftlich genehmigt\",\"focal_length\":\"0\",\"iso\":\"0\",\"shutter_speed\":\"0\",\"title\":\"\",\"orientation\":\"0\",\"keywords\":[]},\"meta\":false,\"postlink\":\"https:\/\/forte-cultura.com\/germersheim-de\/weissenburger-tor-germersheim\/\"}],\"TrpContentRestriction\":{\"restriction_type\":\"exclude\",\"selected_languages\":[],\"panel_open\":true},\"itemsMetaDataCollection\":[]}<\/script><script>(function(){if(window.PGC_SGB && window.PGC_SGB.searcher){window.PGC_SGB.searcher.initBlocks()}})()<\/script><\/div><\/div><\/div><\/div>\n\n\n\n<div class=\"wp-block-kadence-pane kt-accordion-pane kt-accordion-pane-6 kt-pane607_169edd-72\"><div class=\"kt-accordion-header-wrap\"><button class=\"kt-blocks-accordion-header kt-acccordion-button-label-show\" type=\"button\"><span class=\"kt-blocks-accordion-title-wrap\"><span class=\"kt-blocks-accordion-title\">Naturerlebnis<\/span><\/span><span class=\"kt-blocks-accordion-icon-trigger\"><\/span><\/button><\/div><div class=\"kt-accordion-panel kt-accordion-panel-hidden\"><div class=\"kt-accordion-panel-inner\">\n<p style=\"margin-top:0;margin-bottom:0;font-size:clamp(0.875em, 0.875rem + ((1vw - 0.2em) * 0.042), 0.9em);\" class=\" eplus-wrapper\"><strong><strong>Festungswanderweg um Germersheim<\/strong><\/strong><\/p>\n\n\n\n<p class=\" has-small-font-size eplus-wrapper\" style=\"margin-top:0;margin-bottom:10px\"><em>Pf\u00e4lzerwald-Verein Germersheim: Wege durch Festung und Natur<\/em><\/p>\n\n\n\n<p style=\"font-size:clamp(0.875em, 0.875rem + ((1vw - 0.2em) * 0.042), 0.9em);\" class=\" eplus-wrapper\">F\u00fcr alle, die gerne und gut zu Fu\u00df unterwegs sind, bietet der Pf\u00e4lzerwald-Verein Germersheim interessante und abwechslungsreiche Rundwege und Touren durch die Stadt und die umliegende Natur an. Da das Gel\u00e4nde in und um Germersheim eben ist, sind diese Touren, je nach L\u00e4nge bzw. Dauer besonders f\u00fcr Familien mit Kindern, aber auch f\u00fcr Senioren, sehr gut geeignet. Ein spezieller Rundweg bietet interessierten Besucherinnen und Besuchern die M\u00f6glichkeit, das Zusammenwirken von ehemals milit\u00e4rischen und zivilen Zweckbauten &#8211; wie wir sie an verschiedenen Stellen in der Stadt und unserer Festung haben &#8211; und besonders sch\u00f6ne Flecken, Wege und Pl\u00e4tze in der freien Natur zu erwandern. Vielerlei Sitzgelegenheiten und das hoch gelegene Vereinsheim bei der Fronte Beckers laden zum Ausruhen, Rasten, Verweilen oder zu einem Plausch ein.<\/p>\n\n\n\n<p style=\"margin-bottom:10px;font-size:clamp(0.875em, 0.875rem + ((1vw - 0.2em) * 0.042), 0.9em);\" class=\" eplus-wrapper\"><strong><strong><strong>Baumlehrpfad &#8211; Sehenswerte B\u00e4ume in Germersheim<\/strong><\/strong><\/strong><\/p>\n\n\n\n<p style=\"font-size:clamp(0.875em, 0.875rem + ((1vw - 0.2em) * 0.042), 0.9em);\" class=\" eplus-wrapper\">Der Baumlehrpfad der Stadt Germersheim verl\u00e4uft durch gro\u00dfe Teile des ehemaligen Glacis-Gel\u00e4ndes der im 19. Jahrhundert erbauten Festungsanlage. Aus den Zeiten der Bepflanzung des Glacis haben sich in diesem Bereich f\u00fcr diese Region seltene Baumarten, darunter auch Exoten, erhalten. Beachtenswert ist auch der Bewuchs auf dem Friedhof. Der Rundweg des Baumlehrpfades beginnt und endet an der Innenseite des Ludwigtores. <a href=\"https:\/\/www.germersheim.eu\/stadt_germersheim\/Tourismus\/Stadt%20Germersheim\/Weitere%20Erlebnis-Angebote\/Wanderwege\/\" target=\"_blank\" rel=\"noopener\">Weitere Wanderwege<\/a><\/p>\n\n\n\n<p style=\"margin-bottom:10px;font-size:clamp(0.875em, 0.875rem + ((1vw - 0.2em) * 0.042), 0.9em);\" class=\" eplus-wrapper\"><strong><strong>PWV Sondernheim: Zwischen Hochufer und Rheinauen<\/strong><\/strong><\/p>\n\n\n\n<p style=\"font-size:clamp(0.875em, 0.875rem + ((1vw - 0.2em) * 0.042), 0.9em);\" class=\" eplus-wrapper\">Die Ortsgruppe des Pf\u00e4lzerwald-Vereins Sondernheim bietet Wanderern und Spazierg\u00e4ngern sch\u00f6ne Fu\u00df- und Wanderwege zwischen Hochufer und Rheinauen. Machen Sie Rast f\u00fcr eine kleine St\u00e4rkung im sch\u00f6nen Vereinsheim, direkt am Rheindeich. Der gut ausgeschilderte Wanderweg mit dem bezeichnenden Namen &#8222;Rheinaue und Hochgestade&#8220; zeigt auf sehr anschauliche Art und Weise die Situation entlang des Rheines in der Oberrheinischen Tiefebene in ihrer urspr\u00fcnglichen Art. Erwandern und erleben Sie Germersheim und die herrliche, nat\u00fcrliche Umgebung. Es macht viel Spa\u00df an der frischen Pf\u00e4lzer Luft und es gibt hier noch vieles zu entdecken.<\/p>\n\n\n\n<p style=\"margin-top:0;margin-bottom:0;font-size:clamp(0.875em, 0.875rem + ((1vw - 0.2em) * 0.042), 0.9em);\" class=\" eplus-wrapper\"><strong><strong><strong>Nachenfahrten im Altrhein und den Rheinauen<\/strong><\/strong><\/strong><\/p>\n\n\n\n<p style=\"margin-top:0;margin-bottom:10px;padding-top:0;padding-bottom:0;font-size:clamp(0.875em, 0.875rem + ((1vw - 0.2em) * 0.042), 0.9em);\" class=\" eplus-wrapper\"><em>G\u00f6nnen Sie sich das pure Naturerlebnis in Germersheim &#8211; Erkunden Sie die einheimische Tier- und Pflanzenwelt vom Wasser aus<\/em><\/p>\n\n\n\n<p style=\"font-size:clamp(0.875em, 0.875rem + ((1vw - 0.2em) * 0.042), 0.9em);\" class=\" eplus-wrapper\">Entdecken Sie den Lebensraum der einheimischen Tier- und Pflanzenwelt bei einer faszinierenden Nachenfahrt durch den Altrhein. Lassen Sie sich von sachkundigen Bootsf\u00fchrern durch die Rheinauen leiten und erleben Sie ein Naturschutzgebiet der ganz besonderen Art. Die durch regelm\u00e4\u00dfige \u00dcberschwemmungen gepr\u00e4gte Auenlandschaft verf\u00fcgt \u00fcber eine einzigartige Flora und Fauna. Die vom Wasser aus erlebten Eindr\u00fccke geben Aufschluss \u00fcber die Vielfalt an Tieren und Pflanzen einer gesch\u00fctzten amphibischen Landschaftsform. Abh\u00e4ngig von Jahreszeit, Temperatur oder Wasserstand bietet der zum gr\u00f6\u00dften Teil unter Naturschutz gestellte Lebensraum ganzj\u00e4hrig Platz f\u00fcr neue faszinierende Erlebnisse.<br>Beobachten Sie die Paarungsrituale der Stockenten, w\u00e4hrend Grau-, Silber- oder Purpur-Reiher am Ufer zur Futtersuche schreiten. Au\u00dfer Kormoranen, Graureihern und Enten kann man mit etwas Gl\u00fcck den seltenen Eisvogel antreffen. In Silberweide und Pappel ziehen H\u00f6hlenbr\u00fcter ihre Jungen gro\u00df, w\u00e4hrend aus den Wassergr\u00e4ben im Hintergrund die Paarungsrufe verschiedener Froscharten zu h\u00f6ren sind. Die Feuchtgebiete sind ein wahres El Dorado f\u00fcr unz\u00e4hlige Libellenarten, die im Hochsommer \u00fcber der Wasseroberfl\u00e4che nach Insekten jagen und vom Nachen aus gut zu beobachten sind. Mit etwas Gl\u00fcck lassen sich Schwarmfische beim Laichen oder schwimmende Nutrias beobachten. Ab Ende August, wenn viele Zugv\u00f6gel schon wieder nach S\u00fcden abgereist sind, kommen mit Silberreiher und Reiherente schon die ersten Winterg\u00e4ste zur\u00fcck. Die Fahrten finden von M\u00e4rz bis Oktober statt. Da die Bootsfahrten in einem Naturschutzgebiet stattfinden, ist deren Anzahl begrenzt. Daher wird um fr\u00fchzeitige Buchung gebeten. Je Boot stehen bis zu 12 Sitzpl\u00e4tze zur Verf\u00fcgung. Die Fahrt durch die Rheinauen dauert ca. 2 Stunden. <a href=\"https:\/\/www.germersheim.eu\/stadt_germersheim\/Tourismus\/Stadt%20Germersheim\/Nachenfahrten\/\" target=\"_blank\" rel=\"noopener\">Zu den Angeboten<\/a><br><a href=\"https:\/\/forte-cultura.com\/wp-content\/uploads\/Eisenbahnbruecke.jpg\"><\/a><\/p>\n\n\n<div class=\"pgc-sgb-cb wp-block-pgcsimplygalleryblock-justified \" data-gallery-id=\"35190226\"><div class=\"sgb-preloader\" id=\"pr_35190226\">\n\t<div class=\"sgb-square\" style=\"background:#d4d4d4\"><\/div>\n\t<div class=\"sgb-square\" style=\"background:#d4d4d4\"><\/div>\n\t<div class=\"sgb-square\" style=\"background:#d4d4d4\"><\/div>\n\t<div class=\"sgb-square\" style=\"background:#d4d4d4\"><\/div><\/div><div class=\"simply-gallery-amp pgc_sgb_slider \"><noscript><div class=\"sgb-gallery\"><div class=\"sgb-item\"><a href=\"https:\/\/forte-cultura.com\/germersheim-de\/nachenfahrten-3\/\" target=\"_blank\"><img decoding=\"async\" alt=\"\" width=\"300\" height=\"225\" loading=\"lazy\" src=\"https:\/\/forte-cultura.com\/wp-content\/uploads\/Nachenfahrten-3-300x225.jpg\" srcset=\"https:\/\/forte-cultura.com\/wp-content\/uploads\/Nachenfahrten-3-300x225.jpg 300w,https:\/\/forte-cultura.com\/wp-content\/uploads\/Nachenfahrten-3-1024x768.jpg 1024w,https:\/\/forte-cultura.com\/wp-content\/uploads\/Nachenfahrten-3.jpg 1200w\" sizes=\"auto, 250px\"><\/a><div class=\"sgb-item-caption\"><em>Nachenfahrten Germersheim-3, \u00a9Tourismus Germersheim<\/em><\/div><\/div><div class=\"sgb-item\"><a href=\"https:\/\/forte-cultura.com\/germersheim-de\/nachenfahrten-2\/\" target=\"_blank\"><img decoding=\"async\" alt=\"\" width=\"300\" height=\"225\" loading=\"lazy\" src=\"https:\/\/forte-cultura.com\/wp-content\/uploads\/Nachenfahrten-2-300x225.jpg\" srcset=\"https:\/\/forte-cultura.com\/wp-content\/uploads\/Nachenfahrten-2-300x225.jpg 300w,https:\/\/forte-cultura.com\/wp-content\/uploads\/Nachenfahrten-2-1024x768.jpg 1024w,https:\/\/forte-cultura.com\/wp-content\/uploads\/Nachenfahrten-2.jpg 1200w\" sizes=\"auto, 250px\"><\/a><div class=\"sgb-item-caption\"><em>Nachenfahrten Germersheim-2, \u00a9Tourismus Germersheim<\/em><\/div><\/div><div class=\"sgb-item\"><a href=\"https:\/\/forte-cultura.com\/germersheim-de\/nachenfahrten-1\/\" target=\"_blank\"><img decoding=\"async\" alt=\"\" width=\"300\" height=\"225\" loading=\"lazy\" src=\"https:\/\/forte-cultura.com\/wp-content\/uploads\/Nachenfahrten-1-300x225.jpg\" srcset=\"https:\/\/forte-cultura.com\/wp-content\/uploads\/Nachenfahrten-1-300x225.jpg 300w,https:\/\/forte-cultura.com\/wp-content\/uploads\/Nachenfahrten-1-1024x768.jpg 1024w,https:\/\/forte-cultura.com\/wp-content\/uploads\/Nachenfahrten-1.jpg 2000w\" sizes=\"auto, 250px\"><\/a><div class=\"sgb-item-caption\"><em>Nachenfahrten Germersheim-1, \u00a9Tourismus Germersheim<\/em><\/div><\/div><div class=\"sgb-item\"><a href=\"https:\/\/forte-cultura.com\/unbenannt-7\/\" target=\"_blank\"><img decoding=\"async\" alt=\"Festungsstadt Germersheim (DE)\" width=\"300\" height=\"225\" loading=\"lazy\" src=\"https:\/\/forte-cultura.com\/wp-content\/uploads\/Unbenannt-7-300x225.jpg\" srcset=\"https:\/\/forte-cultura.com\/wp-content\/uploads\/Unbenannt-7-300x225.jpg 300w,https:\/\/forte-cultura.com\/wp-content\/uploads\/Unbenannt-7.jpg 866w\" sizes=\"auto, 250px\"><\/a><div class=\"sgb-item-caption\"><em>Festungsstadt Germersheim (DE)<\/em><\/div><\/div><\/div><\/noscript><\/div><script type=\"application\/json\" class=\"sgb-data\">{\"lastRowFill\":true,\"collectionThumbRecomendedHeight\":150,\"thumbSpacing\":8,\"captions\":false,\"collectionthumbRoundedCorners\":5,\"galleryType\":\"pgc_sgb_justified\",\"galleryId\":\"35190226\",\"images\":[{\"id\":4394,\"title\":\"Nachenfahrten Germersheim-3\",\"url\":\"https:\/\/forte-cultura.com\/wp-content\/uploads\/Nachenfahrten-3.jpg\",\"link\":\"https:\/\/forte-cultura.com\/germersheim-de\/nachenfahrten-3\/\",\"alt\":\"\",\"description\":\"Nachenfahrten Germersheim-3, \u00a9Tourismus Germersheim\",\"caption\":\"Nachenfahrten Germersheim-3, \u00a9Tourismus Germersheim\",\"mime\":\"image\/jpeg\",\"type\":\"image\",\"width\":1200,\"height\":900,\"sizes\":{\"thumbnail\":{\"height\":150,\"width\":150,\"url\":\"https:\/\/forte-cultura.com\/wp-content\/uploads\/Nachenfahrten-3-150x150.jpg\",\"orientation\":\"landscape\"},\"medium\":{\"height\":225,\"width\":300,\"url\":\"https:\/\/forte-cultura.com\/wp-content\/uploads\/Nachenfahrten-3-300x225.jpg\",\"orientation\":\"landscape\"},\"large\":{\"height\":768,\"width\":1024,\"url\":\"https:\/\/forte-cultura.com\/wp-content\/uploads\/Nachenfahrten-3-1024x768.jpg\",\"orientation\":\"landscape\"},\"full\":{\"url\":\"https:\/\/forte-cultura.com\/wp-content\/uploads\/Nachenfahrten-3.jpg\",\"height\":900,\"width\":1200,\"orientation\":\"landscape\"}},\"imageMeta\":{\"aperture\":\"0\",\"credit\":\"\",\"camera\":\"\",\"caption\":\"\",\"created_timestamp\":\"0\",\"copyright\":\"Freigabe als Pressematerial. Alle Bildrechte vorbehalten, sofern nicht schriftlich genehmigt\",\"focal_length\":\"0\",\"iso\":\"0\",\"shutter_speed\":\"0\",\"title\":\"\",\"orientation\":\"0\",\"keywords\":[]},\"meta\":false,\"postlink\":\"https:\/\/forte-cultura.com\/germersheim-de\/nachenfahrten-3\/\"},{\"id\":4396,\"title\":\"Nachenfahrten Germersheim-2\",\"url\":\"https:\/\/forte-cultura.com\/wp-content\/uploads\/Nachenfahrten-2.jpg\",\"link\":\"https:\/\/forte-cultura.com\/germersheim-de\/nachenfahrten-2\/\",\"alt\":\"\",\"description\":\"Nachenfahrten Germersheim-2, \u00a9Tourismus Germersheim\",\"caption\":\"Nachenfahrten Germersheim-2, \u00a9Tourismus Germersheim\",\"mime\":\"image\/jpeg\",\"type\":\"image\",\"width\":1200,\"height\":900,\"sizes\":{\"thumbnail\":{\"height\":150,\"width\":150,\"url\":\"https:\/\/forte-cultura.com\/wp-content\/uploads\/Nachenfahrten-2-150x150.jpg\",\"orientation\":\"landscape\"},\"medium\":{\"height\":225,\"width\":300,\"url\":\"https:\/\/forte-cultura.com\/wp-content\/uploads\/Nachenfahrten-2-300x225.jpg\",\"orientation\":\"landscape\"},\"large\":{\"height\":768,\"width\":1024,\"url\":\"https:\/\/forte-cultura.com\/wp-content\/uploads\/Nachenfahrten-2-1024x768.jpg\",\"orientation\":\"landscape\"},\"full\":{\"url\":\"https:\/\/forte-cultura.com\/wp-content\/uploads\/Nachenfahrten-2.jpg\",\"height\":900,\"width\":1200,\"orientation\":\"landscape\"}},\"imageMeta\":{\"aperture\":\"0\",\"credit\":\"\",\"camera\":\"\",\"caption\":\"\",\"created_timestamp\":\"0\",\"copyright\":\"Freigabe als Pressematerial. Alle Bildrechte vorbehalten, sofern nicht schriftlich genehmigt\",\"focal_length\":\"0\",\"iso\":\"0\",\"shutter_speed\":\"0\",\"title\":\"\",\"orientation\":\"0\",\"keywords\":[]},\"meta\":false,\"postlink\":\"https:\/\/forte-cultura.com\/germersheim-de\/nachenfahrten-2\/\"},{\"id\":4397,\"title\":\"Nachenfahrten Germersheim-1\",\"url\":\"https:\/\/forte-cultura.com\/wp-content\/uploads\/Nachenfahrten-1.jpg\",\"link\":\"https:\/\/forte-cultura.com\/germersheim-de\/nachenfahrten-1\/\",\"alt\":\"\",\"description\":\"Nachenfahrten Germersheim-1, \u00a9Tourismus Germersheim\",\"caption\":\"Nachenfahrten Germersheim-1, \u00a9Tourismus Germersheim\",\"mime\":\"image\/jpeg\",\"type\":\"image\",\"width\":2000,\"height\":1500,\"sizes\":{\"thumbnail\":{\"height\":150,\"width\":150,\"url\":\"https:\/\/forte-cultura.com\/wp-content\/uploads\/Nachenfahrten-1-150x150.jpg\",\"orientation\":\"landscape\"},\"medium\":{\"height\":225,\"width\":300,\"url\":\"https:\/\/forte-cultura.com\/wp-content\/uploads\/Nachenfahrten-1-300x225.jpg\",\"orientation\":\"landscape\"},\"large\":{\"height\":768,\"width\":1024,\"url\":\"https:\/\/forte-cultura.com\/wp-content\/uploads\/Nachenfahrten-1-1024x768.jpg\",\"orientation\":\"landscape\"},\"full\":{\"url\":\"https:\/\/forte-cultura.com\/wp-content\/uploads\/Nachenfahrten-1.jpg\",\"height\":1500,\"width\":2000,\"orientation\":\"landscape\"}},\"imageMeta\":{\"aperture\":\"0\",\"credit\":\"\",\"camera\":\"\",\"caption\":\"\",\"created_timestamp\":\"0\",\"copyright\":\"Freigabe als Pressematerial. Alle Bildrechte vorbehalten, sofern nicht schriftlich genehmigt\",\"focal_length\":\"0\",\"iso\":\"0\",\"shutter_speed\":\"0\",\"title\":\"\",\"orientation\":\"0\",\"keywords\":[]},\"meta\":false,\"postlink\":\"https:\/\/forte-cultura.com\/germersheim-de\/nachenfahrten-1\/\"},{\"id\":2813,\"title\":\"Unbenannt-7\",\"url\":\"https:\/\/forte-cultura.com\/wp-content\/uploads\/Unbenannt-7.jpg\",\"link\":\"https:\/\/forte-cultura.com\/unbenannt-7\/\",\"alt\":\"Festungsstadt Germersheim (DE)\",\"description\":\"Festungsstadt Germersheim (DE)\",\"caption\":\"Festungsstadt Germersheim (DE)\",\"mime\":\"image\/jpeg\",\"type\":\"image\",\"width\":866,\"height\":650,\"sizes\":{\"thumbnail\":{\"height\":150,\"width\":150,\"url\":\"https:\/\/forte-cultura.com\/wp-content\/uploads\/Unbenannt-7-150x150.jpg\",\"orientation\":\"landscape\"},\"medium\":{\"height\":225,\"width\":300,\"url\":\"https:\/\/forte-cultura.com\/wp-content\/uploads\/Unbenannt-7-300x225.jpg\",\"orientation\":\"landscape\"},\"full\":{\"url\":\"https:\/\/forte-cultura.com\/wp-content\/uploads\/Unbenannt-7.jpg\",\"height\":650,\"width\":866,\"orientation\":\"landscape\"}},\"imageMeta\":{\"aperture\":\"0\",\"credit\":\"\",\"camera\":\"\",\"caption\":\"\",\"created_timestamp\":\"0\",\"copyright\":\"\",\"focal_length\":\"0\",\"iso\":\"0\",\"shutter_speed\":\"0\",\"title\":\"\",\"orientation\":\"1\",\"keywords\":[]},\"meta\":false,\"postlink\":\"https:\/\/forte-cultura.com\/unbenannt-7\/\"}],\"TrpContentRestriction\":{\"restriction_type\":\"exclude\",\"selected_languages\":[],\"panel_open\":true},\"itemsMetaDataCollection\":[]}<\/script><script>(function(){if(window.PGC_SGB && window.PGC_SGB.searcher){window.PGC_SGB.searcher.initBlocks()}})()<\/script><\/div><\/div><\/div><\/div>\n<\/div><\/div><\/div>\n<\/div>\n<\/div>\n\n\n<hr class=\" wp-block-separator alignwide has-text-color has-accent-2-color has-alpha-channel-opacity has-accent-2-background-color has-background eplus-wrapper\" style=\"margin-top:var(--wp--preset--spacing--30);margin-bottom:var(--wp--preset--spacing--30)\"\/>\n\n\n<div class=\"wp-block-columns alignwide eplus-wrapper is-layout-flex wp-container-core-columns-is-layout-28f84493 wp-block-columns-is-layout-flex eplus-styles-uid-852f6e\"><div class=\"wp-block-column eplus-wrapper is-layout-flow wp-block-column-is-layout-flow eplus-styles-uid-70c522\"><div class=\"wp-block-columns eplus-wrapper is-layout-flex wp-container-core-columns-is-layout-658170e2 wp-block-columns-is-layout-flex eplus-styles-uid-bdc431\">\n<div class=\"wp-block-column eplus-wrapper is-layout-flow wp-block-column-is-layout-flow\" style=\"flex-basis:50%\">\n<h2 class=\" wp-block-heading eplus-wrapper\">Eventhighlights in der Festungsstadt Germersheim<\/h2>\n\n\n<ul style=\"font-size:clamp(0.875rem, 0.875rem + ((1vw - 0.2rem) * 0.208), 1rem);\" class=\" wp-block-list eplus-wrapper eplus-styles-uid-34abf2\"><li style=\"font-size:clamp(0.875rem, 0.875rem + ((1vw - 0.2rem) * 0.208), 1rem);\" class=\" eplus-wrapper eplus-styles-uid-1ceed8\">Mai-September: KULTURSOMMER &#8211; Ein vielf\u00e4ltiges Kulturprogramm mit hochkar\u00e4tigen Veranstaltungen in der Festung Germersheim<\/li>\n\n<li style=\"font-size:clamp(0.875rem, 0.875rem + ((1vw - 0.2rem) * 0.208), 1rem);\" class=\" eplus-wrapper eplus-styles-uid-1ceed8\">Immer in ungeraden Jahren: GERMERSHEIMER FESTUNGSFEST &#8211; Die Festungsstadt \u00f6ffnet seine Tore und gew\u00e4hrt tiefe Einblicke in die wechselvolle Stadtgeschichte\u00a0<\/li>\n\n<li style=\"font-size:clamp(0.875rem, 0.875rem + ((1vw - 0.2rem) * 0.208), 1rem);\" class=\" eplus-wrapper eplus-styles-uid-1ceed8\">Immer in geraden Jahren: GERMERSHEIMER GERMARES &#8211; Mittelalterliches Markttreiben in der Festung<\/li>\n\n<li style=\"font-size:clamp(0.875rem, 0.875rem + ((1vw - 0.2rem) * 0.208), 1rem);\" class=\" eplus-wrapper eplus-styles-uid-1ceed8\">Anfang November: GERMERSHEIMER KULTUR- und MUSEUMSNACHT &#8211; Kultur und Museen in der Festungsstadt erleben<\/li><\/ul>\n\n\n<p class=\" eplus-wrapper\">zum\u00a0<a href=\"https:\/\/www.germersheim.eu\/kultur-tourismus\/feste-maerkte\/veranstaltungsueberblick\/\" target=\"_blank\" rel=\"noreferrer noopener\">Eventkalender der Festungsstadt Germersheim<\/a><\/p>\n<\/div>\n\n\n\n<div class=\"wp-block-column eplus-wrapper is-layout-flow wp-block-column-is-layout-flow\" style=\"flex-basis:15%\"><\/div>\n\n\n<div class=\"wp-block-column eplus-wrapper is-layout-flow wp-block-column-is-layout-flow eplus-styles-uid-7adfe7\" style=\"padding-top:var(--wp--preset--spacing--10);padding-right:var(--wp--preset--spacing--10);padding-bottom:var(--wp--preset--spacing--10);padding-left:var(--wp--preset--spacing--10);flex-basis:30%\">\n<p style=\"padding-left:var(--wp--preset--spacing--10)\" class=\" eplus-wrapper\">Actionbound Festungsstadt Germersheim<\/p>\n\n\n<div class=\"bound-card eplus-styles-uid-0fd31d\"> <img decoding=\"async\" src=\"https:\/\/content.actionbound.com\/user\/6812328a544b4fe9a4d8f310\/image\/bi\/1746335470.jpg\" alt=\"Titelbild des Bounds\"> <h3>Festungsrallye Germersheim f\u00fcr die ganze Familie<\/h3>\r\n<p>Wir w\u00fcnschen die viel Spa\u00df dabei, die Festung mit unserer Rallye zu erkunden. Schaffst du es, alle Fragen zu beantworten? Wir dr\u00fccken dir die Daumen!<\/p> <div class=\"bound-cta\"> <a class=\"btn\" href=\"https:\/\/de.actionbound.com\/bound\/festungsrallye-germersheim-fuer-die-ganze-familie\" target=\"_blank\" rel=\"noopener\">Jetzt Bound starten<\/a> <div class=\"qr\"> <img decoding=\"async\" src=\"https:\/\/de.actionbound.com\/bound\/festungsrallye-germersheim-fuer-die-ganze-familie\/qr\" alt=\"QR-Code zum Start des Bounds\"> <small>Mit der Actionbound-App scannen<\/small> <\/div> <\/div> <\/div>\n\n\n<p class=\" eplus-wrapper\"><\/p>\n<\/div><\/div><\/div><\/div>\n\n\n<hr class=\" wp-block-separator alignwide has-text-color has-accent-2-color has-alpha-channel-opacity has-accent-2-background-color has-background eplus-wrapper\" style=\"margin-top:var(--wp--preset--spacing--30);margin-bottom:var(--wp--preset--spacing--30)\"\/>\n\n\n<div class=\"wp-block-columns alignwide eplus-wrapper is-layout-flex wp-container-core-columns-is-layout-28f84493 wp-block-columns-is-layout-flex eplus-styles-uid-9e1f49\">\n<div class=\"wp-block-column eplus-wrapper is-layout-flow wp-block-column-is-layout-flow\" style=\"flex-basis:100%\"><div class=\"ultp-post-grid-block wp-block-ultimate-post-post-grid-1 ultp-block-59047d alignwide\"><div class=\"ultp-block-wrapper\"><div class=\"ultp-loading\"><div class=\"ultp-loading-blocks\" style=\"width:100%;height:100%;\"><div style=\"left: 0;top: 0;animation-delay:0s;\"><\/div><div style=\"left: 21px;top: 0;animation-delay:0.125s;\"><\/div><div style=\"left: 42px;top: 0;animation-delay:0.25s;\"><\/div><div style=\"left: 0;top: 21px;animation-delay:0.875s;\"><\/div><div style=\"left: 42px;top: 21px;animation-delay:0.375s;\"><\/div><div style=\"left: 0;top: 42px;animation-delay:0.75s;\"><\/div><div style=\"left: 42px;top: 42px;animation-delay:0.625s;\"><\/div><div style=\"left: 21px;top: 42px;animation-delay:0.5s;\"><\/div><\/div><\/div><div class=\"ultp-heading-filter\"><div class=\"ultp-heading-filter-in\"><div class=\"ultp-heading-wrap ultp-heading-style1 ultp-heading-left\"><h2 class=\"ultp-heading-inner\"><span>FORTE CULTURA G\u00e4stef\u00fchrungen in Germersheim<\/span><\/h2><\/div><\/div><\/div><div class=\"ultp-block-items-wrap ultp-block-row ultp-pg1a-style1 ultp-grid1-responsive ultp-block-column-3 1 1 ultp-layout1\"><div class=\"ultp-block-item post-id-4352\"><div class=\"ultp-block-content-wrap\"><div class=\"ultp-block-image ultp-block-image-opacity\"><a href=\"https:\/\/forte-cultura.com\/de_de\/germersheimer-stadtspaziergang-mit-hebamme-josefine\/\"><img decoding=\"async\" class=\"ultp-block-image-content\" alt=\"Germersheimer Stadtspaziergang mit Hebamme Josefine\" src=\"https:\/\/forte-cultura.com\/wp-content\/uploads\/Hebammen-Fuehrung-Germersheim.jpg\"><\/a><\/div><div class=\"ultp-block-content\"><h3 class=\"ultp-block-title \"><a href=\"https:\/\/forte-cultura.com\/de_de\/germersheimer-stadtspaziergang-mit-hebamme-josefine\/\">Germersheimer Stadtspaziergang mit Hebamme Josefine<\/a><\/h3><div class=\"ultp-block-excerpt\">FORTE CULTURA G\u00e4stef\u00fchrung: Festungsstadt Germersheim (DE); Betreten Sie mit der Hebamme Josefine die Festungsstadt Germersheim am Rhein durch das imposante Wei\u00dfenburger Tor und erleben Sie einen unterhaltsamen Stadtspaziergang mit einer \u201eZeitzeugin\u201c um das Jahr 1880. <\/div><div class=\"ultp-block-readmore\"><a aria-label=\"Germersheimer Stadtspaziergang mit Hebamme Josefine\" href=\"https:\/\/forte-cultura.com\/de_de\/germersheimer-stadtspaziergang-mit-hebamme-josefine\/\">Read More<svg xmlns=\"http:\/\/www.w3.org\/2000\/svg\" fill=\"none\" viewbox=\"0 0 24 24\">\n  <path stroke=\"currentColor\" stroke-linecap=\"round\" stroke-linejoin=\"round\" stroke-width=\"1.5\" d=\"m12 20.5 8.5-8.5m0 0L12 3.5m8.5 8.5h-17\"><\/path>\n<\/svg>\n<\/a><\/div><\/div><\/div><\/div><div class=\"ultp-block-item post-id-2804\"><div class=\"ultp-block-content-wrap\"><div class=\"ultp-block-image ultp-block-image-opacity\"><a href=\"https:\/\/forte-cultura.com\/de_de\/stadt-und-festungsfuehrung-germersheim\/\"><img decoding=\"async\" class=\"ultp-block-image-content\" alt=\"Wei\u00dfenburger Tor, Festungsstadt Germersheim (DE)\" src=\"https:\/\/forte-cultura.com\/wp-content\/uploads\/Unbenannt-2.jpg\"><\/a><\/div><div class=\"ultp-block-content\"><h3 class=\"ultp-block-title \"><a href=\"https:\/\/forte-cultura.com\/de_de\/stadt-und-festungsfuehrung-germersheim\/\">Stadt- und Festungsf\u00fchrung Germersheim<\/a><\/h3><div class=\"ultp-block-excerpt\">FORTE CULTURA G\u00e4stef\u00fchrung: Festungsstadt Germersheim (DE); Auf den spannenden historischen Entdeckungsf\u00fchrungen erkunden Sie die eindrucksvollen, gut erhaltenen Milit\u00e4rgeb\u00e4ude, die \u201eGermersheimer Unterwelt\u201c mit ihren Kasematten und Mineng\u00e4ngen und erleben das typische Flair einer s\u00fcdpf\u00e4lzischen Kreisstadt.<\/div><div class=\"ultp-block-readmore\"><a aria-label=\"Stadt- und Festungsf\u00fchrung Germersheim\" href=\"https:\/\/forte-cultura.com\/de_de\/stadt-und-festungsfuehrung-germersheim\/\">Read More<svg xmlns=\"http:\/\/www.w3.org\/2000\/svg\" fill=\"none\" viewbox=\"0 0 24 24\">\n  <path stroke=\"currentColor\" stroke-linecap=\"round\" stroke-linejoin=\"round\" stroke-width=\"1.5\" d=\"m12 20.5 8.5-8.5m0 0L12 3.5m8.5 8.5h-17\"><\/path>\n<\/svg>\n<\/a><\/div><\/div><\/div><\/div><\/div><\/div><div class=\"pagination-block-html\" aria-hidden=\"true\" style=\"display: none;\"><\/div><\/div><\/div>\n<\/div>\n\n\n<hr class=\" wp-block-separator alignwide has-text-color has-accent-2-color has-alpha-channel-opacity has-accent-2-background-color has-background eplus-wrapper\" style=\"margin-top:var(--wp--preset--spacing--10);margin-bottom:var(--wp--preset--spacing--30)\"\/>\n\n\n<div  class=\"ultp-post-grid-block wp-block-ultimate-post-post-grid-1 ultp-block-0ab2ce alignwide\"><div class=\"ultp-block-wrapper\"><div class=\"ultp-loading\"><div class=\"ultp-loading-blocks\" style=\"width:100%;height:100%;\"><div style=\"left: 0;top: 0;animation-delay:0s;\"><\/div><div style=\"left: 21px;top: 0;animation-delay:0.125s;\"><\/div><div style=\"left: 42px;top: 0;animation-delay:0.25s;\"><\/div><div style=\"left: 0;top: 21px;animation-delay:0.875s;\"><\/div><div style=\"left: 42px;top: 21px;animation-delay:0.375s;\"><\/div><div style=\"left: 0;top: 42px;animation-delay:0.75s;\"><\/div><div style=\"left: 42px;top: 42px;animation-delay:0.625s;\"><\/div><div style=\"left: 21px;top: 42px;animation-delay:0.5s;\"><\/div><\/div><\/div><div class=\"ultp-heading-filter\"><div class=\"ultp-heading-filter-in\"><div class=\"ultp-heading-wrap ultp-heading-style1 ultp-heading-left\"><h2 class=\"ultp-heading-inner\"><span>FORTE CULTURA Reiseempfehlungen mit der Festungsstadt Germersheim<\/span><\/h2><\/div><\/div><\/div><div class=\"ultp-block-items-wrap ultp-block-row ultp-pg1a-style1 ultp-grid1-responsive ultp-block-column-3 1 ultp-xs-column-1 ultp-layout1\"><div class=\"ultp-block-item post-id-2085\"><div class=\"ultp-block-content-wrap\"><div class=\"ultp-block-image ultp-block-image-opacity\"><a href=\"https:\/\/forte-cultura.com\/de_de\/festungsstaedte-befestigte-schloesser-und-burgen-im-naturparadies-pfaelzerwald-2\/\"><img decoding=\"async\"  class=\"ultp-block-image-content\"  alt=\"Festungsst\u00e4dte, befestigte Schl\u00f6sser und Burgen im Naturparadies Pf\u00e4lzerwald\"  src=\"https:\/\/forte-cultura.com\/wp-content\/uploads\/Trifels-1-870x570.png\" \/><\/a><\/div><div class=\"ultp-block-content\"><div class=\"ultp-category-grid ultp-category-classic ultp-category-aboveTitle\"><div class=\"ultp-category-in\"><a class=\"ultp-cat-aktivreisen\" href=\"https:\/\/forte-cultura.com\/de_de\/category\/reiseempfehlungen\/aktivreisen\/\">Aktivreisen<\/a><a class=\"ultp-cat-kultureisen\" href=\"https:\/\/forte-cultura.com\/de_de\/category\/reiseempfehlungen\/kultureisen\/\">Kultureisen<\/a><a class=\"ultp-cat-reiseempfehlungen\" href=\"https:\/\/forte-cultura.com\/de_de\/category\/reiseempfehlungen\/\">Reiseempfehlungen<\/a><\/div><\/div><h3 class=\"ultp-block-title \"><a href=\"https:\/\/forte-cultura.com\/de_de\/festungsstaedte-befestigte-schloesser-und-burgen-im-naturparadies-pfaelzerwald-2\/\">Festungsst\u00e4dte, befestigte Schl\u00f6sser und Burgen im Naturparadies Pf\u00e4lzerwald<\/a><\/h3><div class=\"ultp-block-excerpt\">Reizvolle Befestigungsarchitektur voller Kultur FORTE CULTURA Reiseempfehlung &#8211; Kulturreise | AktivreiseGermersheim &#8211; Burg Landeck &#8211; Burg Trifels &#8211; Dahner Burgen &#8211; Hambacher Schloss &#8211; Schloss Hardenburg Der Pf\u00e4lzerwald ist Deutschlands [&hellip;]<\/div><\/div><\/div><\/div><div class=\"ultp-block-item post-id-512\"><div class=\"ultp-block-content-wrap\"><div class=\"ultp-block-image ultp-block-image-opacity\"><a href=\"https:\/\/forte-cultura.com\/de_de\/festungen-des-deutschen-bundes\/\"><img decoding=\"async\"  class=\"ultp-block-image-content\"  alt=\"Festungen des Deutschen Bundes\"  src=\"https:\/\/forte-cultura.com\/wp-content\/uploads\/00_Wilhelmsburg-httpwww.tourismus.ulm_.de_-870x570.jpg\" \/><\/a><\/div><div class=\"ultp-block-content\"><div class=\"ultp-category-grid ultp-category-classic ultp-category-aboveTitle\"><div class=\"ultp-category-in\"><a class=\"ultp-cat-reiseempfehlungen\" href=\"https:\/\/forte-cultura.com\/de_de\/category\/reiseempfehlungen\/\">Reiseempfehlungen<\/a><a class=\"ultp-cat-studienreisen\" href=\"https:\/\/forte-cultura.com\/de_de\/category\/reiseempfehlungen\/studienreisen\/\">Studienreisen<\/a><\/div><\/div><h3 class=\"ultp-block-title \"><a href=\"https:\/\/forte-cultura.com\/de_de\/festungen-des-deutschen-bundes\/\">Festungen des Deutschen Bundes<\/a><\/h3><div class=\"ultp-block-excerpt\">Bollwerke gegen Frankreich (1815-1866): Um den Deutschen Bund vor revolution\u00e4ren Bewegungen und m\u00f6glichen Expansionspl\u00e4nen ambitionierter Nachbarn zu sch\u00fctzen, wurden einige Festungen 1815 zur Bundesfestung bestimmt und umfangreich ausgebaut. Dazu geh\u00f6rten Mainz, Luxemburg und Landau, Rastatt und Ulm.<\/div><\/div><\/div><\/div><\/div><\/div><div class=\"pagination-block-html\" aria-hidden=\"true\" style=\"display: none;\"><\/div><\/div>\n\n\n<hr class=\" wp-block-separator alignwide has-text-color has-accent-2-color has-alpha-channel-opacity has-accent-2-background-color has-background eplus-wrapper\" style=\"margin-top:var(--wp--preset--spacing--10);margin-bottom:var(--wp--preset--spacing--30)\"\/>\n\n\n<div class=\"wp-block-columns alignwide eplus-wrapper is-layout-flex wp-container-core-columns-is-layout-28f84493 wp-block-columns-is-layout-flex eplus-styles-uid-f87478\">\n<div class=\"wp-block-column eplus-wrapper is-layout-flow wp-block-column-is-layout-flow\" style=\"flex-basis:100%\"><div class=\"wp-block-columns alignwide eplus-wrapper is-layout-flex wp-container-core-columns-is-layout-28f84493 wp-block-columns-is-layout-flex eplus-styles-uid-7bf4eb\">\n<div class=\"wp-block-column eplus-wrapper is-layout-flow wp-block-column-is-layout-flow\">\n<h2 class=\" wp-block-heading eplus-wrapper\">Kontakt<\/h2>\n<\/div>\n<\/div>\n\n\n<div class=\"wp-block-group alignwide has-border-color has-custom-farbe-1-border-color has-custom-verlauf-1-gradient-background has-text-color has-background eplus-wrapper is-layout-flow wp-block-group-is-layout-flow\" style=\"border-width:1px;border-radius:10px;color:#000000;padding-top:0;padding-right:0;padding-bottom:0;padding-left:0\"><div class=\"wp-block-columns are-vertically-aligned-center eplus-wrapper is-layout-flex wp-container-core-columns-is-layout-1e964356 wp-block-columns-is-layout-flex eplus-styles-uid-479620\" style=\"margin-top:0;margin-bottom:0;padding-top:0;padding-right:0;padding-bottom:0;padding-left:0\">\n<div class=\"wp-block-column is-vertically-aligned-center eplus-wrapper is-layout-flow wp-container-core-column-is-layout-ad361642 wp-block-column-is-layout-flow\" style=\"padding-top:5px;padding-right:0;padding-bottom:5px;padding-left:0;flex-basis:22.22%\"><figure class=\"is-style-default wp-block-image aligncenter size-full is-resized has-custom-border eplus-wrapper eplus-styles-uid-f8fbcd\" style=\"margin-top:0;margin-right:0;margin-bottom:0;margin-left:0\"><img loading=\"lazy\" decoding=\"async\" width=\"300\" height=\"300\" src=\"https:\/\/forte-cultura.com\/wp-content\/uploads\/GER_Logo.jpg\" alt=\"\" class=\"wp-image-4373\" style=\"border-radius:5px;width:154px;height:auto\" srcset=\"https:\/\/forte-cultura.com\/wp-content\/uploads\/GER_Logo.jpg 300w, https:\/\/forte-cultura.com\/wp-content\/uploads\/GER_Logo-150x150.jpg 150w, https:\/\/forte-cultura.com\/wp-content\/uploads\/GER_Logo-12x12.jpg 12w\" sizes=\"auto, (max-width: 300px) 100vw, 300px\" \/><\/figure><\/div>\n\n\n\n<div class=\"wp-block-column is-vertically-aligned-center eplus-wrapper is-layout-flow wp-block-column-is-layout-flow\" style=\"padding-right:var(--wp--preset--spacing--10);padding-left:var(--wp--preset--spacing--10);flex-basis:60%\"><p class=\" has-text-align-center has-small-font-size eplus-wrapper eplus-styles-uid-4de634\" style=\"margin-top:0;margin-bottom:0;line-height:1.3\"><strong>Kontakt<\/strong>:<br>Stadt Germersheim: Tourismus-, Kultur- und Besucherzentrum Wei\u00dfenburger Tor<\/p>\n\n<p class=\" has-text-align-center has-small-font-size eplus-wrapper eplus-styles-uid-4de634\" style=\"margin-top:0;margin-bottom:0;line-height:1.3\">Paradeplatz 10<br>76726 Germersheim<br>Tel: +49 (0) 7274 \/ 960-301<br><a href=\"mailto:fvos-firnkes@germersheim.eu\">E-Mail<\/a><br><a href=\"https:\/\/www.germersheim.eu\/\" target=\"_blank\" rel=\"noreferrer noopener\">www.germersheim.eu<\/a><\/p><\/div>\n<\/div><\/div>\n<\/div>\n<\/div>\n\n\n<hr class=\" wp-block-separator alignwide has-text-color has-accent-2-color has-alpha-channel-opacity has-accent-2-background-color has-background eplus-wrapper\" style=\"margin-top:var(--wp--preset--spacing--10);margin-bottom:var(--wp--preset--spacing--30)\"\/>\n\n\n<div class=\"wp-block-columns alignwide eplus-wrapper is-layout-flex wp-container-core-columns-is-layout-28f84493 wp-block-columns-is-layout-flex eplus-styles-uid-93f10a\">\n<div class=\"wp-block-column eplus-wrapper is-layout-flow wp-block-column-is-layout-flow\"><div class=\"wp-block-columns alignwide eplus-wrapper is-layout-flex wp-container-core-columns-is-layout-28f84493 wp-block-columns-is-layout-flex eplus-styles-uid-dda324\">\n<div class=\"wp-block-column eplus-wrapper is-layout-flow wp-block-column-is-layout-flow\">\n<p class=\" eplus-wrapper\"><strong>Tourismuspartner der Festungsstadt Germersheim<\/strong><\/p>\n\n\n<div class=\"wp-block-columns eplus-wrapper is-layout-flex wp-container-core-columns-is-layout-28f84493 wp-block-columns-is-layout-flex eplus-styles-uid-f93f89\">\n<div class=\"wp-block-column eplus-wrapper is-layout-flow wp-block-column-is-layout-flow\">\n<figure class=\" wp-block-image aligncenter size-full is-resized eplus-wrapper\"><a href=\"https:\/\/www.m-r-n.com\/\" target=\"_blank\" rel=\" noreferrer noopener\"><img loading=\"lazy\" decoding=\"async\" width=\"100\" height=\"79\" src=\"https:\/\/forte-cultura.com\/wp-content\/uploads\/2_index3.jpg\" alt=\"\" class=\"wp-image-4380\" style=\"width:113px;height:auto\" srcset=\"https:\/\/forte-cultura.com\/wp-content\/uploads\/2_index3.jpg 100w, https:\/\/forte-cultura.com\/wp-content\/uploads\/2_index3-15x12.jpg 15w\" sizes=\"auto, (max-width: 100px) 100vw, 100px\" \/><\/a><\/figure>\n<\/div>\n\n\n\n<div class=\"wp-block-column eplus-wrapper is-layout-flow wp-block-column-is-layout-flow\">\n<figure class=\" wp-block-image aligncenter size-full is-resized eplus-wrapper\"><a href=\"https:\/\/www.pfalz.de\/de\" target=\"_blank\" rel=\" noreferrer noopener\"><img loading=\"lazy\" decoding=\"async\" width=\"138\" height=\"56\" src=\"https:\/\/forte-cultura.com\/wp-content\/uploads\/1_index2.jpg\" alt=\"\" class=\"wp-image-4379\" style=\"width:214px;height:auto\" srcset=\"https:\/\/forte-cultura.com\/wp-content\/uploads\/1_index2.jpg 138w, https:\/\/forte-cultura.com\/wp-content\/uploads\/1_index2-18x7.jpg 18w\" sizes=\"auto, (max-width: 138px) 100vw, 138px\" \/><\/a><\/figure>\n<\/div>\n\n\n\n<div class=\"wp-block-column eplus-wrapper is-layout-flow wp-block-column-is-layout-flow\">\n<figure class=\" wp-block-image aligncenter size-full is-resized eplus-wrapper\"><a href=\"http:\/\/www.suedpfalz-tourismus.de\/startseite.html?no_cache=1\" target=\"_blank\" rel=\" noreferrer noopener\"><img loading=\"lazy\" decoding=\"async\" width=\"148\" height=\"97\" src=\"https:\/\/forte-cultura.com\/wp-content\/uploads\/0_index1.jpg\" alt=\"\" class=\"wp-image-4378\" style=\"width:145px;height:auto\" srcset=\"https:\/\/forte-cultura.com\/wp-content\/uploads\/0_index1.jpg 148w, https:\/\/forte-cultura.com\/wp-content\/uploads\/0_index1-18x12.jpg 18w\" sizes=\"auto, (max-width: 148px) 100vw, 148px\" \/><\/a><\/figure>\n<\/div>\n\n\n\n<div class=\"wp-block-column is-vertically-aligned-center eplus-wrapper is-layout-flow wp-block-column-is-layout-flow\">\n<figure class=\" wp-block-image aligncenter size-full is-resized eplus-wrapper\"><a href=\"https:\/\/vis-a-vis-pamina.eu\/\" target=\"_blank\" rel=\" noreferrer noopener\"><img loading=\"lazy\" decoding=\"async\" width=\"187\" height=\"156\" src=\"https:\/\/forte-cultura.com\/wp-content\/uploads\/logo5.png\" alt=\"\" class=\"wp-image-4377\" style=\"width:123px;height:auto\" srcset=\"https:\/\/forte-cultura.com\/wp-content\/uploads\/logo5.png 187w, https:\/\/forte-cultura.com\/wp-content\/uploads\/logo5-14x12.png 14w\" sizes=\"auto, (max-width: 187px) 100vw, 187px\" \/><\/a><\/figure>\n<\/div>\n<\/div><\/div>\n<\/div><\/div>\n<\/div>\n\n\n<hr class=\" wp-block-separator alignwide has-text-color has-accent-2-color has-alpha-channel-opacity has-accent-2-background-color has-background eplus-wrapper\" style=\"margin-top:var(--wp--preset--spacing--10);margin-bottom:var(--wp--preset--spacing--30)\"\/>\n\n\n\n<div class=\"wp-block-group alignwide has-custom-verlauf-1-gradient-background has-background eplus-wrapper has-global-padding is-layout-constrained wp-container-core-group-is-layout-2bcd15f1 wp-block-group-is-layout-constrained\" style=\"border-radius:5px;margin-top:0;margin-bottom:0;padding-top:var(--wp--preset--spacing--30);padding-right:var(--wp--preset--spacing--40);padding-bottom:var(--wp--preset--spacing--30);padding-left:var(--wp--preset--spacing--40)\"><div class=\"wp-block-columns alignwide are-vertically-aligned-center eplus-wrapper is-layout-flex wp-container-core-columns-is-layout-47c06fe3 wp-block-columns-is-layout-flex eplus-styles-uid-bbeeb4\">\n<div class=\"wp-block-column is-vertically-aligned-center eplus-wrapper is-layout-flow wp-container-core-column-is-layout-43dc041e wp-block-column-is-layout-flow\" style=\"padding-top:0;padding-right:0;padding-bottom:0;padding-left:0;flex-basis:44%\">\n<figure class=\" wp-block-image size-full has-custom-border eplus-wrapper\"><img decoding=\"async\" src=\"https:\/\/forte-cultura.com\/wp-content\/uploads\/map_upper-rhine_%C2%A9ECCOFORT1-e1700571920353.jpg\" alt=\"\" class=\"wp-image-487\" style=\"border-radius:15px\"><\/figure>\n<\/div>\n\n\n\n<div class=\"wp-block-column is-vertically-aligned-center eplus-wrapper is-layout-flow wp-block-column-is-layout-flow\" style=\"flex-basis:56%\">\n<h2 class=\" wp-block-heading eplus-wrapper\">Kulturerbe Festungsmonumente<br>der Region Oberrhein<\/h2>\n\n\n\n<p class=\" eplus-wrapper\">Das Oberrheingebiet geh\u00f6rt zu den am h\u00e4ufigsten umk\u00e4mpften Regionen Europas. Festungsmonumente aller Epochen zeugen von dieser spannenden Kulturgeschichte. Heute sind es Monumente voller Leben und Kultur.<\/p>\n\n\n\n<p class=\" eplus-wrapper\">Entdecken Sie die Geschichte des Festungsbaus der letzten 350 Jahre in den <strong>30 FORTE CULTURA Festungen und Museen am Oberrhein<\/strong>.<\/p>\n\n\n\n<div class=\"wp-block-buttons eplus-wrapper is-layout-flex wp-block-buttons-is-layout-flex\"><div class=\"is-style-outline wp-block-button eplus-wrapper is-style-outline--1 eplus-styles-uid-fd6edc\"><a class=\"wp-block-button__link wp-element-button\" href=\"https:\/\/forte-cultura.com\/kulturerbe-festungsmonumente-in-der-region-oberrhein-de-fr\/\">Mehr erfahren<\/a><\/div><\/div>\n<\/div>\n<\/div><\/div>\n\n\n\n<hr class=\" wp-block-separator alignwide has-text-color has-accent-2-color has-alpha-channel-opacity has-accent-2-background-color has-background eplus-wrapper\" style=\"margin-top:var(--wp--preset--spacing--30);margin-bottom:var(--wp--preset--spacing--30)\"\/>\n\n\n\n<div class=\"wp-block-group alignwide has-base-color has-custom-farbe-1-gradient-background has-text-color has-background has-link-color eplus-wrapper wp-elements-0411c5414ad795aa3c26160f4a768714\" style=\"border-radius:5px;margin-top:0;margin-bottom:0;padding-top:var(--wp--preset--spacing--30);padding-right:var(--wp--preset--spacing--50);padding-bottom:var(--wp--preset--spacing--30);padding-left:var(--wp--preset--spacing--50)\">\n<h3 class=\"wp-block-heading alignwide has-text-align-center has-base-color has-text-color has-link-color eplus-wrapper wp-elements-650882e506867e60a2f0ec61e9e3c3f4\" style=\"font-size:clamp(1.743rem, 1.743rem + ((1vw - 0.2rem) * 2.095), 3rem);letter-spacing:-0.02em\">Festung <em>INKLUSIV<\/em><\/h3>\n\n\n\n<div class=\"wp-block-group alignwide eplus-wrapper is-layout-flow wp-block-group-is-layout-flow\">\n<p class=\" has-text-align-center eplus-wrapper\" style=\"font-size:clamp(0.901rem, 0.901rem + ((1vw - 0.2rem) * 0.748), 1.35rem);\">Als Europ\u00e4ische Kulturroute hilft FORTE CULTURA, das bedeutende Kulturerbe der Festungsmonumente zu bewahren und <strong>allen Menschen zug\u00e4nglich zu machen<\/strong>.<\/p>\n\n\n\n<hr class=\"is-style-wide wp-block-separator has-text-color has-base-color has-alpha-channel-opacity has-base-background-color has-background eplus-wrapper\"\/>\n\n\n\n<details class=\"is-style-default wp-block-details has-medium-font-size eplus-wrapper is-layout-flow wp-block-details-is-layout-flow\" style=\"border-top-style:none;border-top-width:0px;border-right-style:none;border-right-width:0px;border-bottom-color:var(--wp--preset--color--base);border-bottom-style:solid;border-bottom-width:1px;border-left-style:none;border-left-width:0px;margin-top:0\"><summary>FORTE CULTURA Inklusionsprojekte<\/summary>\n<p class=\"has-contrast-1-color has-text-color has-link-color eplus-wrapper wp-elements-73a709b69465f5403a968d740424e023\">Gemeinsam mit der Aktion Mensch Lotterie initiiert FORTE CULTURA regelm\u00e4\u00dfig Projekte, um die Festungslandschaft in Deutschland inklusiver und barrierearmer zu machen, z.B. im Aktion Mensch Programm &#8222;#1 Barriere weniger&#8220;. Auf internationalen Konferenzen teilen wir die Informationen aus unseren Projekten mit unseren Partnerfestungen europaweit und st\u00e4rken so das Bewusstsein f\u00fcr Inklusion im Festungstourismus und unterst\u00fctzen neue Projekte.<\/p>\n\n\n\n<p class=\" eplus-wrapper\">Bitte melden Sie sich in unserem Netzwerkb\u00fcro, wenn Sie unsere Initiativen unterst\u00fctzen wollen.<\/p>\n<\/details>\n\n\n\n<details class=\"is-style-default wp-block-details has-medium-font-size eplus-wrapper is-layout-flow wp-block-details-is-layout-flow\" style=\"border-top-style:none;border-top-width:0px;border-right-style:none;border-right-width:0px;border-bottom-color:var(--wp--preset--color--base);border-bottom-style:solid;border-bottom-width:1px;border-left-style:none;border-left-width:0px;margin-top:0\"><summary>Erlebnisangebote f\u00fcr Menschen mit Behinderungen<\/summary>\n<p class=\"has-contrast-1-color has-text-color has-link-color eplus-wrapper wp-elements-458d4a199c0e3058e27160fb6e6a37a3\">Mit FORTE CULTURA wurden folgende barrierefreie Erlebnisangebote in Festungen geschaffen:<\/p>\n\n\n<ul class=\"eplus-wrapper wp-block-list eplus-styles-uid-ff7747\">\n<li class=\" eplus-wrapper\">Festung Germersheim: Rundgang f\u00fcr blinde und sehbehinderte Menschen mit Audiodateien und Informationen in Braille,<\/li>\n\n\n\n<li class=\" eplus-wrapper\">Feste Kaiser Franz Koblenz: Audio Rundweg in Leichter Sprache,<\/li>\n\n\n\n<li class=\" eplus-wrapper\">Fort Gorgast: dt.-pol. Beschilderung und Rundweg in Leichter Sprache.<\/li>\n<\/ul><\/details>\n\n\n\n<div style=\"margin-top:var(--wp--preset--spacing--10);margin-bottom:0;height:var(--wp--preset--spacing--10)\" aria-hidden=\"true\" class=\" wp-block-spacer eplus-wrapper\"><\/div>\n<\/div>\n<\/div>\n\n\n\n<hr class=\" wp-block-separator alignwide has-text-color has-accent-2-color has-alpha-channel-opacity has-accent-2-background-color has-background eplus-wrapper\" style=\"margin-top:var(--wp--preset--spacing--30);margin-bottom:var(--wp--preset--spacing--30)\"\/>\n\n\n<div id=\"travelersmap-container-69f7723fa3e0b\" class=\"travelersmap-container\" style=\"z-index: 1; min-height: 10px; min-width:10px; height:400px;width:100%; max-width:1280px; max-height:; position:relative;\"><div style=\"position:absolute; z-index:-1;top: 50%;text-align: center;display: block;left: 50%;transform: translate(-50%,-50%);\">Travelers' Map wird geladen &hellip;<br>Wenn du dies siehst, nachdem deine Seite vollst\u00e4ndig geladen wurde, fehlen leafletJS-Dateien.<\/div><\/div>\n\n\n\n<hr class=\" wp-block-separator alignwide has-text-color has-accent-2-color has-alpha-channel-opacity has-accent-2-background-color has-background eplus-wrapper\" style=\"margin-top:var(--wp--preset--spacing--30);margin-bottom:var(--wp--preset--spacing--30)\"\/>\n","protected":false},"excerpt":{"rendered":"<p>Festungsstadt: Festung Germersheim im Verbund der Rheinischen Festungslinie des Deutschen Bundes<\/p>\n","protected":false},"author":1,"featured_media":716,"comment_status":"open","ping_status":"open","sticky":false,"template":"","format":"standard","meta":{"editor_plus_copied_stylings":"{}","pgc_sgb_lightbox_settings":"","_price":"","_stock":"","_tribe_ticket_header":"","_tribe_default_ticket_provider":"","_tribe_ticket_capacity":"0","_ticket_start_date":"","_ticket_end_date":"","_tribe_ticket_show_description":"","_tribe_ticket_show_not_going":false,"_tribe_ticket_use_global_stock":"","_tribe_ticket_global_stock_level":"","_global_stock_mode":"","_global_stock_cap":"","_tribe_rsvp_for_event":"","_tribe_ticket_going_count":"","_tribe_ticket_not_going_count":"","_tribe_tickets_list":"[]","_tribe_ticket_has_attendee_info_fields":false,"_EventAllDay":false,"_EventTimezone":"","_EventStartDate":"","_EventEndDate":"","_EventStartDateUTC":"","_EventEndDateUTC":"","_EventShowMap":false,"_EventShowMapLink":false,"_EventURL":"","_EventCost":"","_EventCostDescription":"","_EventCurrencySymbol":"","_EventCurrencyCode":"","_EventCurrencyPosition":"","_EventDateTimeSeparator":"","_EventTimeRangeSeparator":"","_EventOrganizerID":[],"_EventVenueID":[],"_OrganizerEmail":"","_OrganizerPhone":"","_OrganizerWebsite":"","_VenueAddress":"","_VenueCity":"","_VenueCountry":"","_VenueProvince":"","_VenueState":"","_VenueZip":"","_VenuePhone":"","_VenueURL":"","_VenueStateProvince":"","_VenueLat":"","_VenueLng":"","_VenueShowMap":false,"_VenueShowMapLink":false,"footnotes":""},"categories":[23,20,22,36,19],"tags":[72,34,439,463,37,435,35],"class_list":["post-607","post","type-post","status-publish","format-standard","has-post-thumbnail","hentry","category-befestigte-stadt","category-deutschland","category-festungserbe","category-festungserbe-oberrhein","category-stationen","tag-bayerische-landesfestung","tag-deutscher-bund","tag-germersheim","tag-museum","tag-oberrhein","tag-reise-pfaelzerwald","tag-rhein"],"_links":{"self":[{"href":"https:\/\/forte-cultura.com\/de_de\/wp-json\/wp\/v2\/posts\/607","targetHints":{"allow":["GET"]}}],"collection":[{"href":"https:\/\/forte-cultura.com\/de_de\/wp-json\/wp\/v2\/posts"}],"about":[{"href":"https:\/\/forte-cultura.com\/de_de\/wp-json\/wp\/v2\/types\/post"}],"author":[{"embeddable":true,"href":"https:\/\/forte-cultura.com\/de_de\/wp-json\/wp\/v2\/users\/1"}],"replies":[{"embeddable":true,"href":"https:\/\/forte-cultura.com\/de_de\/wp-json\/wp\/v2\/comments?post=607"}],"version-history":[{"count":0,"href":"https:\/\/forte-cultura.com\/de_de\/wp-json\/wp\/v2\/posts\/607\/revisions"}],"wp:featuredmedia":[{"embeddable":true,"href":"https:\/\/forte-cultura.com\/de_de\/wp-json\/wp\/v2\/media\/716"}],"wp:attachment":[{"href":"https:\/\/forte-cultura.com\/de_de\/wp-json\/wp\/v2\/media?parent=607"}],"wp:term":[{"taxonomy":"category","embeddable":true,"href":"https:\/\/forte-cultura.com\/de_de\/wp-json\/wp\/v2\/categories?post=607"},{"taxonomy":"post_tag","embeddable":true,"href":"https:\/\/forte-cultura.com\/de_de\/wp-json\/wp\/v2\/tags?post=607"}],"curies":[{"name":"wp","href":"https:\/\/api.w.org\/{rel}","templated":true}]}}