{"id":4611,"date":"2025-12-20T11:36:15","date_gmt":"2025-12-20T10:36:15","guid":{"rendered":"https:\/\/forte-cultura.com\/?p=4611"},"modified":"2025-12-30T12:42:43","modified_gmt":"2025-12-30T11:42:43","slug":"auf-den-spuren-der-belagerung-kaiserswerth-im-spanischen-erbfolgekrieg","status":"publish","type":"post","link":"https:\/\/forte-cultura.com\/de_de\/auf-den-spuren-der-belagerung-kaiserswerth-im-spanischen-erbfolgekrieg\/","title":{"rendered":"Auf den Spuren der Belagerung: Kaiserswerth im Spanischen Erbfolgekrieg"},"content":{"rendered":"<div class=\"wp-block-columns alignwide eplus-wrapper is-layout-flex wp-container-core-columns-is-layout-02f249f1 wp-block-columns-is-layout-flex eplus-styles-uid-329b40\" style=\"padding-right:0;padding-left:0\">\n<div class=\"wp-block-column eplus-wrapper is-layout-flow wp-container-core-column-is-layout-6384e000 wp-block-column-is-layout-flow\" style=\"padding-right:var(--wp--preset--spacing--40);padding-left:0;flex-basis:66.66%\"><p class=\" eplus-wrapper eplus-styles-uid-e7c803\"><em>FORTE CULTURA G\u00e4stef\u00fchrung: Kaiserswerth (DE) mit Martin Kl\u00f6ffer<\/em><\/p>\n\n\n<h2 class=\" wp-block-heading alignwide has-large-font-size eplus-wrapper\"><strong>Historische Rundg\u00e4nge zu Festung, Stadt und Erinnerungsorten \u2013 Kriegserleben hautnah zwischen 1702 und heute<\/strong><\/h2>\n\n\n\n<p class=\" eplus-wrapper\">Stellen Sie sich bitte vor, dass ein Krieg direkt vor Ihrer Haust\u00fcr beginnt. Keine sch\u00f6ne Vorstellung, aber genau das geschah in Kaiserswerth im April 1702 am Beginn des Spanischen Erbfolgekrieges. Die alliierten Truppen belagerten die franz\u00f6sisch besetzte Festung und nahmen sie nach zwei Monaten ein. Bis auf drei H\u00e4user war die Stadt v\u00f6llig zerst\u00f6rt und die Festungswerke wurden danach abgetragen.<\/p>\n\n\n\n<p class=\" eplus-wrapper\">Die Belagerung im April \u2013 Juni 1702 war die erste Operation der alliierten Reichstruppen und Niederl\u00e4nder im Spanischen Erbfolgekrieg gegen das mit Frankreich verb\u00fcndete Kurk\u00f6ln. Der Angriff zog sich \u00fcber 59 Tage hin, und der Sturmangriff auf den Graben am 9. Juni kostete hohe Verluste. Die Tage der Festung waren aber gez\u00e4hlt, so dass die Festung am 15. Juni zu sehr g\u00fcnstigen Bedingungen kapitulierte.<\/p>\n\n\n\n<p class=\" eplus-wrapper\">Bei der F\u00fchrung durch die historischen Altstadt werden Sie mit der Geschichte von Stadt, Festung und Kaiserpfalz sowie dem Hintergrund des spanischen Erbfolgekrieges (1701-1714) bekannt gemacht. Der Festungsbau wird an Hand von Modellen und Pl\u00e4nen erl\u00e4utert, und Sie werden an die wichtigsten Relikten und Erinnerungsorte gef\u00fchrt.<\/p>\n\n\n\n<p class=\" eplus-wrapper\">Bei der F\u00fchrung werden die bau- und ingenieurtechnischen Aspekte der Belagerung hervorgehoben: So k\u00f6nnen Sie noch heute die verschwundenen Belagerungsarbeiten im Gel\u00e4nde lokalisieren. Erfahren Sie, wie ein Konstruktionsfehler in der Wasserhaltung der Gr\u00e4ben den Widerstand der Belagerer schw\u00e4chte. Verstehen Sie, welche Rolle der Wasserpegel spielte. Sehen die Stelle im Mauerwerk, wo die Bresche geschossen wurde.<\/p>\n\n\n\n<p class=\" eplus-wrapper\">Drei vorgeschlagene Rundg\u00e4nge machen die G\u00e4ste mit den Relikten und Erinnerungsorten der Festung Kaiserswerth und ihrer Belagerungen bekannt. Dies sind:<\/p>\n\n\n<ul class=\" wp-block-list eplus-wrapper eplus-styles-uid-88cbfd\">\n<li class=\" eplus-wrapper\">die historische Altstadt von Kaiserswerth (ca. 2-2,5 Stunden, zu Fu\u00df, bis auf eine Treppe barrierefrei)<\/li>\n\n\n\n<li class=\" eplus-wrapper\">die Hauptquartiere der Belagerer (3-4 Stunden, mit Fahrrad oder Auto<\/li>\n\n\n\n<li style=\"margin-bottom:var(--wp--preset--spacing--30)\" class=\" eplus-wrapper\">die Au\u00dfenwerke (ca. 2 Stunden, ebenerdig, einige leichte Steigungen)<\/li>\n<\/ul>\n\n<div class=\"wp-block-columns eplus-wrapper is-layout-flex wp-container-core-columns-is-layout-28f84493 wp-block-columns-is-layout-flex eplus-styles-uid-319c74\">\n<div class=\"wp-block-column has-gradient-1-gradient-background has-background eplus-wrapper is-layout-flow wp-block-column-is-layout-flow\" style=\"padding-top:var(--wp--preset--spacing--20);padding-right:var(--wp--preset--spacing--20);padding-bottom:var(--wp--preset--spacing--20);padding-left:var(--wp--preset--spacing--20)\">\n<p class=\" eplus-wrapper\"><strong>Ihr G\u00e4stef\u00fchrer<\/strong><\/p>\n\n\n\n<figure class=\" wp-block-image size-large eplus-wrapper\"><img loading=\"lazy\" decoding=\"async\" width=\"1024\" height=\"767\" src=\"https:\/\/forte-cultura.com\/wp-content\/uploads\/w1900_h1424_x1008_y756_IMG_2155-366df1400288b03f-1024x767.jpeg\" alt=\"\" class=\"wp-image-4628\" srcset=\"https:\/\/forte-cultura.com\/wp-content\/uploads\/w1900_h1424_x1008_y756_IMG_2155-366df1400288b03f-1024x767.jpeg 1024w, https:\/\/forte-cultura.com\/wp-content\/uploads\/w1900_h1424_x1008_y756_IMG_2155-366df1400288b03f-300x225.jpeg 300w, https:\/\/forte-cultura.com\/wp-content\/uploads\/w1900_h1424_x1008_y756_IMG_2155-366df1400288b03f-768x576.jpeg 768w, https:\/\/forte-cultura.com\/wp-content\/uploads\/w1900_h1424_x1008_y756_IMG_2155-366df1400288b03f-1536x1151.jpeg 1536w, https:\/\/forte-cultura.com\/wp-content\/uploads\/w1900_h1424_x1008_y756_IMG_2155-366df1400288b03f-16x12.jpeg 16w, https:\/\/forte-cultura.com\/wp-content\/uploads\/w1900_h1424_x1008_y756_IMG_2155-366df1400288b03f.jpeg 1900w\" sizes=\"auto, (max-width: 1024px) 100vw, 1024px\" \/><\/figure>\n\n\n\n<p class=\" has-small-font-size eplus-wrapper\">Dr. Martin Kl\u00f6ffler besch\u00e4ftigt sich seit 1980 mit technischen Aspekten der Milit\u00e4rgeschichte vom 18. Jahrhundert bis zur Mitte des 19. Jahrhunderts. Er hat ca. 100 Aufs\u00e4tze zur Festungsforschung, Belagerungen, Feldbefestigung,\u00a0 Stabsorganisation, Kriegsspiel, Uniformenkunde, Kartographie, Artilleriewesen, Feldbefestigung, Vermessungsgeschichte und Museumsp\u00e4dagogik verfasst. Martin Kl\u00f6ffler ist au\u00dferdem Sammler historischer Vermessungsinstrumente und milit\u00e4rhistorischer Literatur zum Ingenieurwesen ca. 1700 &#8211; 1850.\u00a0 Bisher hat er vier B\u00fccher ver\u00f6ffentlicht.<\/p>\n\n\n\n<p class=\" has-small-font-size eplus-wrapper\">Ein weiteres Spezialgebiet sind Rekonstruktion und Vermittlung von Technikgeschichte sowie die Nachstellung des historischen Alltags mit Hilfe der Living History, ferner hat er Leihgaben f\u00fcr Ausstellungen zur Verf\u00fcgung gestellt bzw. eine Ausstellung konzipiert und ausgestattet.<\/p>\n\n\n\n<p class=\" has-small-font-size eplus-wrapper\">Seine Mission ist, den G\u00e4sten einen spannenden Teil der bisher unbekannten Geschichte n\u00e4herzubringen.<\/p>\n\n\n\n<p class=\" has-small-font-size eplus-wrapper\">Weitere F\u00fchrungen durch die Festung D\u00fcsseldorf und das klassizistische D\u00fcsseldorf sind in Vorbereitung.<\/p>\n\n\n\n<p class=\" has-small-font-size eplus-wrapper\" style=\"margin-bottom:0;padding-bottom:0\">Weblinks:<\/p>\n\n\n<ul style=\"margin-top:0;margin-bottom:0;padding-top:0;padding-bottom:0\" class=\" wp-block-list eplus-wrapper eplus-styles-uid-a63d12\">\n<li class=\" has-small-font-size eplus-wrapper\">IGHA &#8211;<a href=\"https:\/\/www.facebook.com\/groups\/IGhistorischerAlltag\/\" target=\"_blank\" rel=\"noopener\"> https:\/\/www.facebook.com\/groups\/IGhistorischerAlltag\/<\/a><\/li>\n\n\n\n<li class=\" has-small-font-size eplus-wrapper\">Generalstab \u2013 <a href=\"https:\/\/www.facebook.com\/PreussischerStab1813\" target=\"_blank\" rel=\"noopener\">https:\/\/www.facebook.com\/PreussischerStab1813<\/a><\/li>\n\n\n\n<li class=\" has-small-font-size eplus-wrapper\">Ingenieurgeograph &#8211; <a href=\"http:\/\/www.ingenieurgeograph.de\/\" target=\"_blank\" rel=\"noopener\">http:\/\/www.ingenieurgeograph.de\/<\/a> (Stand 2024)<\/li>\n\n\n\n<li class=\" has-small-font-size eplus-wrapper\">Facebook <a href=\"https:\/\/www.facebook.com\/martin.kloffler\" target=\"_blank\" rel=\"noopener\">https:\/\/www.facebook.com\/martin.kloffler<\/a><\/li>\n\n\n\n<li class=\" has-small-font-size eplus-wrapper\">Academia <a href=\"https:\/\/independent.academia.edu\/MartinKl%C3%B6ffler%20\" target=\"_blank\" rel=\"noopener\">https:\/\/independent.academia.edu\/MartinKl%C3%B6ffler <\/a><\/li>\n<\/ul><\/div>\n<\/div><\/div>\n\n\n\n<div class=\"wp-block-column has-base-2-background-color has-background eplus-wrapper is-layout-flow wp-container-core-column-is-layout-4d123836 wp-block-column-is-layout-flow\" style=\"padding-right:var(--wp--preset--spacing--20);padding-left:var(--wp--preset--spacing--20);flex-basis:33.33%\"><div class=\"wp-block-columns has-custom-verlauf-1-gradient-background has-background eplus-wrapper is-layout-flex wp-container-core-columns-is-layout-62ca6804 wp-block-columns-is-layout-flex eplus-styles-uid-1c1181\" style=\"border-radius:5px;margin-top:var(--wp--preset--spacing--20);margin-bottom:var(--wp--preset--spacing--20);padding-top:var(--wp--preset--spacing--10);padding-right:var(--wp--preset--spacing--20);padding-bottom:var(--wp--preset--spacing--10);padding-left:var(--wp--preset--spacing--20)\">\n<div class=\"wp-block-column eplus-wrapper is-layout-flow wp-block-column-is-layout-flow\" style=\"flex-basis:33.33%\">\n<figure class=\" wp-block-image aligncenter size-full eplus-wrapper\"><img loading=\"lazy\" decoding=\"async\" width=\"1780\" height=\"2560\" src=\"https:\/\/forte-cultura.com\/wp-content\/uploads\/20240525_141728_Figur-Kopie-scaled.jpg\" alt=\"\" class=\"wp-image-4612\" srcset=\"https:\/\/forte-cultura.com\/wp-content\/uploads\/20240525_141728_Figur-Kopie-scaled.jpg 1780w, https:\/\/forte-cultura.com\/wp-content\/uploads\/20240525_141728_Figur-Kopie-209x300.jpg 209w, https:\/\/forte-cultura.com\/wp-content\/uploads\/20240525_141728_Figur-Kopie-712x1024.jpg 712w, https:\/\/forte-cultura.com\/wp-content\/uploads\/20240525_141728_Figur-Kopie-768x1105.jpg 768w, https:\/\/forte-cultura.com\/wp-content\/uploads\/20240525_141728_Figur-Kopie-1068x1536.jpg 1068w, https:\/\/forte-cultura.com\/wp-content\/uploads\/20240525_141728_Figur-Kopie-1424x2048.jpg 1424w, https:\/\/forte-cultura.com\/wp-content\/uploads\/20240525_141728_Figur-Kopie-8x12.jpg 8w\" sizes=\"auto, (max-width: 1780px) 100vw, 1780px\" \/><\/figure>\n<\/div>\n\n\n\n<div class=\"wp-block-column eplus-wrapper is-layout-flow wp-block-column-is-layout-flow\" style=\"flex-basis:66.66%\">\n<p class=\"has-text-align-right has-custom-farbe-1-color has-text-color has-link-color eplus-wrapper wp-elements-ea1321695b09d5e186995649871495b7\"><strong>Dr. Martin Kl\u00f6ffler<\/strong><\/p>\n\n\n\n<p class=\" has-text-align-right has-heading-font-family eplus-wrapper\" style=\"margin-top:0;margin-bottom:0;font-size:clamp(0.875em, 0.875rem + ((1vw - 0.2em) * 0.042), 0.9em);line-height:1.3\">G\u00e4stef\u00fchrer mit <br>FORTE CULTURA Zertifikat<\/p>\n\n\n\n<p class=\" has-text-align-right eplus-wrapper\" style=\"font-size:clamp(0.875rem, 0.875rem + ((1vw - 0.2rem) * 0.042), 0.9rem);\">Sprachen: Deutsch, Englisch, Franz\u00f6sisch<\/p>\n<\/div>\n<\/div>\n\n\n<h4 class=\" wp-block-heading has-text-align-center eplus-wrapper\"><strong>Hinweise zur G\u00e4stef\u00fchrung<\/strong><\/h4>\n\n\n\n<p class=\" has-text-align-center eplus-wrapper\"><strong>Dauer<\/strong>: ca. 2,5 Stunden<br><strong>Preis f\u00fcr F\u00fchrungen mit 4-15 Personen<\/strong>: <br>60,00 \u20ac je Stunde (Kost\u00fcmf\u00fchrung f\u00fcr geschlossen Gruppen 80,00 \u20ac je Stunde<\/p>\n\n\n\n<p class=\" has-text-align-center eplus-wrapper\" style=\"line-height:1.4\">Die F\u00fchrung durch die Au\u00dfenwerke kann als Erweiterung der Kaiserswerther Altstadtf\u00fchrung gebucht werden. F\u00fcr die F\u00fchrung zu den Hauptquartieren wird ein flexibles Angebot erstellt.<\/p>\n\n\n\n<p class=\" has-text-align-center eplus-wrapper\" style=\"line-height:1.4\">Die F\u00fchrungen k\u00f6nnen nach Vereinbarung bei trockenem Wetter, vorzugsweise im Sommerhalbjahr an Feiertagen, Samstag und Sonntag, gebucht werden. <strong>Die G\u00e4ste werden gebeten, feste Schuhe zu tragen und ggf. wetterfeste Kleidung mitzubringen. <\/strong>Das gastronomische Angebot in der Altstadt ist vielf\u00e4ltig.<\/p>\n\n\n<div class=\"wp-block-buttons eplus-wrapper is-content-justification-center is-layout-flex wp-container-core-buttons-is-layout-3bc9e530 wp-block-buttons-is-layout-flex eplus-styles-uid-f5efd0\" style=\"margin-top:var(--wp--preset--spacing--20);margin-bottom:var(--wp--preset--spacing--20)\"><div class=\" wp-block-button has-custom-width wp-block-button__width-100 eplus-wrapper eplus-styles-uid-e72c4d\"><a class=\"wp-block-button__link has-medium-font-size has-custom-font-size wp-element-button\" href=\"mailto:%20M_K_Kloeffler@t-online.de\" style=\"padding-top:var(--wp--preset--spacing--10);padding-bottom:var(--wp--preset--spacing--10)\">Anfragen und Reservierungen<br>(E-Mail)<\/a><\/div><\/div>\n\n\n<p class=\" has-text-align-center eplus-wrapper\" style=\"font-size:clamp(0.875em, 0.875rem + ((1vw - 0.2em) * 0.042), 0.9em);\"><strong>Treffpunkt<\/strong>: <br><strong>Am Stadmodell auf dem Klemensplatz oder nach Vereinbarung<\/strong><\/p>\n\n\n\n<p class=\" has-text-align-center eplus-wrapper\" style=\"font-size:clamp(0.875em, 0.875rem + ((1vw - 0.2em) * 0.042), 0.9em);\">Rechtlicher Tr\u00e4ger des beschriebenen Angebotes und alleinig f\u00fcr dessen Inhalte haftend ist der Veranstalter: Dr. Martin Kl\u00f6ffler.<\/p>\n\n\n\n<hr class=\" wp-block-separator aligncenter has-alpha-channel-opacity eplus-wrapper\" style=\"margin-top:var(--wp--preset--spacing--40);margin-bottom:var(--wp--preset--spacing--40)\">\n\n\n\n<p class=\" has-text-align-center has-small-font-size eplus-wrapper\"><strong>Zum Einlesen<\/strong><br><em>KL\u00d6FFLER, Martin: Totaliter ruinieret &#8211; Die Belagerung von Kaiserswerth 1702; Materialien zur Festungsforschung, Hamburg: BOD (Books on Demand GmbH), 2025, 93 Seiten, ISBN 9783695199983, Preis 24,- EUR<\/em><\/p>\n\n\n\n<p class=\" has-small-font-size eplus-wrapper\"><em>B\u00dcREN, Guido von; KUPKA, Andreas (Hrsg.): Festungen in Nordrhein-Westfalen; Deutsche Festungen, Band 6, Regensburg: Schnell- und Steiner-Verlag, 2025<\/em><\/p>\n\n\n\n<p class=\" has-text-align-center has-small-font-size eplus-wrapper\"><em>Wikipedia, Belagerung von Kaiserswerth (1702), <\/em><a href=\"https:\/\/de.wikipedia.org\/wiki\/Belagerung_von_Kaiserswerth_(1702)\" target=\"_blank\" rel=\"noopener\"><em>https:\/\/de.wikipedia.org\/wiki\/Belagerung_von_Kaiserswerth_(1702)<\/em><\/a><\/p>\n<\/div>\n<\/div>\n\n\n<hr class=\" wp-block-separator alignwide has-text-color has-accent-2-color has-alpha-channel-opacity has-accent-2-background-color has-background eplus-wrapper\" style=\"margin-top:var(--wp--preset--spacing--30);margin-bottom:var(--wp--preset--spacing--10)\"\/>\n\n\n<div class=\"wp-block-columns alignwide are-vertically-aligned-center has-custom-farbe-1-gradient-background has-background eplus-wrapper is-layout-flex wp-container-core-columns-is-layout-93b636f3 wp-block-columns-is-layout-flex eplus-styles-uid-425077\" style=\"padding-top:var(--wp--preset--spacing--10);padding-right:0;padding-bottom:var(--wp--preset--spacing--10);padding-left:0\">\n<div class=\"wp-block-column is-vertically-aligned-center eplus-wrapper is-layout-flow wp-block-column-is-layout-flow\" style=\"padding-top:0;padding-right:0;padding-bottom:0;padding-left:0;flex-basis:33.33%\">\n<figure class=\" wp-block-image aligncenter size-large is-resized eplus-wrapper\"><img loading=\"lazy\" decoding=\"async\" width=\"1024\" height=\"977\" src=\"https:\/\/forte-cultura.com\/wp-content\/uploads\/FoCu-Logo_weiss-transparent-1024x977.png\" alt=\"\" class=\"wp-image-439\" style=\"width:97px;height:auto\" srcset=\"https:\/\/forte-cultura.com\/wp-content\/uploads\/FoCu-Logo_weiss-transparent-1024x977.png 1024w, https:\/\/forte-cultura.com\/wp-content\/uploads\/FoCu-Logo_weiss-transparent-300x286.png 300w, https:\/\/forte-cultura.com\/wp-content\/uploads\/FoCu-Logo_weiss-transparent-768x733.png 768w, https:\/\/forte-cultura.com\/wp-content\/uploads\/FoCu-Logo_weiss-transparent-1536x1465.png 1536w, https:\/\/forte-cultura.com\/wp-content\/uploads\/FoCu-Logo_weiss-transparent-2048x1954.png 2048w, https:\/\/forte-cultura.com\/wp-content\/uploads\/FoCu-Logo_weiss-transparent-200x191.png 200w\" sizes=\"auto, (max-width: 1024px) 100vw, 1024px\" \/><\/figure>\n<\/div>\n\n\n\n<div class=\"wp-block-column is-vertically-aligned-center eplus-wrapper is-layout-flow wp-block-column-is-layout-flow\" style=\"flex-basis:66.66%\">\n<p class=\"has-text-align-center has-base-2-color has-text-color has-link-color eplus-wrapper wp-elements-c7a136277b4098ae69d233b754346270\">Dr. Martin Kl\u00f6ffler ist G\u00e4stef\u00fchrer mit FORTE CULTURA Zertifikat.<\/p>\n<\/div>\n<\/div>","protected":false},"excerpt":{"rendered":"<p>FORTE CULTURA G\u00e4stef\u00fchrung: Kaiserswerth (DE) mit Martin Kl\u00f6ffer; Historische Rundg\u00e4nge zu Festung, Stadt und Erinnerungsorten \u2013 Kriegserleben hautnah zwischen 1702 und heute<\/p>\n","protected":false},"author":1,"featured_media":4617,"comment_status":"open","ping_status":"open","sticky":false,"template":"","format":"standard","meta":{"editor_plus_copied_stylings":"{}","pgc_sgb_lightbox_settings":"","_price":"","_stock":"","_tribe_ticket_header":"","_tribe_default_ticket_provider":"","_tribe_ticket_capacity":"0","_ticket_start_date":"","_ticket_end_date":"","_tribe_ticket_show_description":"","_tribe_ticket_show_not_going":false,"_tribe_ticket_use_global_stock":"","_tribe_ticket_global_stock_level":"","_global_stock_mode":"","_global_stock_cap":"","_tribe_rsvp_for_event":"","_tribe_ticket_going_count":"","_tribe_ticket_not_going_count":"","_tribe_tickets_list":"[]","_tribe_ticket_has_attendee_info_fields":false,"_EventAllDay":false,"_EventTimezone":"","_EventStartDate":"","_EventEndDate":"","_EventStartDateUTC":"","_EventEndDateUTC":"","_EventShowMap":false,"_EventShowMapLink":false,"_EventURL":"","_EventCost":"","_EventCostDescription":"","_EventCurrencySymbol":"","_EventCurrencyCode":"","_EventCurrencyPosition":"","_EventDateTimeSeparator":"","_EventTimeRangeSeparator":"","_EventOrganizerID":[],"_EventVenueID":[],"_OrganizerEmail":"","_OrganizerPhone":"","_OrganizerWebsite":"","_VenueAddress":"","_VenueCity":"","_VenueCountry":"","_VenueProvince":"","_VenueState":"","_VenueZip":"","_VenuePhone":"","_VenueURL":"","_VenueStateProvince":"","_VenueLat":"","_VenueLng":"","_VenueShowMap":false,"_VenueShowMapLink":false,"footnotes":""},"categories":[13,255],"tags":[525,15,479],"class_list":["post-4611","post","type-post","status-publish","format-standard","has-post-thumbnail","hentry","category-guided-tours","category-guided-tours-en","tag-kaiserswerth","tag-kostuemfuehrung","tag-stadt-und-festungsfuehrung"],"_links":{"self":[{"href":"https:\/\/forte-cultura.com\/de_de\/wp-json\/wp\/v2\/posts\/4611","targetHints":{"allow":["GET"]}}],"collection":[{"href":"https:\/\/forte-cultura.com\/de_de\/wp-json\/wp\/v2\/posts"}],"about":[{"href":"https:\/\/forte-cultura.com\/de_de\/wp-json\/wp\/v2\/types\/post"}],"author":[{"embeddable":true,"href":"https:\/\/forte-cultura.com\/de_de\/wp-json\/wp\/v2\/users\/1"}],"replies":[{"embeddable":true,"href":"https:\/\/forte-cultura.com\/de_de\/wp-json\/wp\/v2\/comments?post=4611"}],"version-history":[{"count":0,"href":"https:\/\/forte-cultura.com\/de_de\/wp-json\/wp\/v2\/posts\/4611\/revisions"}],"wp:featuredmedia":[{"embeddable":true,"href":"https:\/\/forte-cultura.com\/de_de\/wp-json\/wp\/v2\/media\/4617"}],"wp:attachment":[{"href":"https:\/\/forte-cultura.com\/de_de\/wp-json\/wp\/v2\/media?parent=4611"}],"wp:term":[{"taxonomy":"category","embeddable":true,"href":"https:\/\/forte-cultura.com\/de_de\/wp-json\/wp\/v2\/categories?post=4611"},{"taxonomy":"post_tag","embeddable":true,"href":"https:\/\/forte-cultura.com\/de_de\/wp-json\/wp\/v2\/tags?post=4611"}],"curies":[{"name":"wp","href":"https:\/\/api.w.org\/{rel}","templated":true}]}}