{"id":4206,"date":"2025-11-08T08:09:57","date_gmt":"2025-11-08T07:09:57","guid":{"rendered":"https:\/\/forte-cultura.com\/?p=4206"},"modified":"2025-11-08T09:11:16","modified_gmt":"2025-11-08T08:11:16","slug":"kaiserliche-festungen-in-boehmen-cz","status":"publish","type":"post","link":"https:\/\/forte-cultura.com\/de_de\/kaiserliche-festungen-in-boehmen-cz\/","title":{"rendered":"Kaiserliche Festungen in B\u00f6hmen (CZ)"},"content":{"rendered":"<div class=\"wp-block-columns alignwide eplus-wrapper is-layout-flex wp-container-core-columns-is-layout-28f84493 wp-block-columns-is-layout-flex eplus-styles-uid-b01956\">\n<div class=\"wp-block-column eplus-wrapper is-layout-flow wp-block-column-is-layout-flow\" style=\"flex-basis:100%\"><p class=\" eplus-wrapper eplus-styles-uid-e7c803\"><em>FORTE CULTURA Reiseempfehlung (CZ)<\/em><\/p>\n\n\n<h2 class=\" wp-block-heading alignwide has-large-font-size eplus-wrapper\">Diamanten der B\u00f6hmischen L\u00e4nder<\/h2>\n\n\n\n<p class=\" eplus-wrapper\">Die kaiserlichen Festungen in B\u00f6hmen (CZ) sind gro\u00dfe Festungsst\u00e4dte in teils idealer Ausf\u00fchrung, die von den Habsburger Kaisern im 17. und 18. Jahrhundert errichtet wurden. Sie hatten den Zweck der gro\u00dfr\u00e4umigen Verteidigung der Hauptstadt Prag und waren an strategisch wichtigen Punkten im Land platziert, z.B. P\u00e4sse \u00fcber das Grenzgebirge oder Flussm\u00fcndungen. Ihr charakteristisches Merkmal ist der sogenannte bastion\u00e4re Befestigungsring &#8211; Ziegelmauern und Erdw\u00e4lle, die dem Artilleriebeschuss standhalten sollten.<\/p>\n\n\n\n<p class=\" eplus-wrapper\">Als teils ideale Festungsst\u00e4dte mit schachbrettartigen Grundrissen z\u00e4hlen sie zu den Perlen der Milit\u00e4rbaukunst. Sie verbl\u00fcffen bis heute mit ihren durchdachten Dimensionen und Verteidigungsmechanismen, z.B. Anordnung, H\u00f6he und Dicke der Mauern, Komplexit\u00e4t der unterirdischen G\u00e4nge oder nivellierbare Wassersysteme. <\/p>\n\n\n\n<p class=\" eplus-wrapper\">Heute sind diese Festungen nicht nur einzigartige architektonische und technische Denkm\u00e4ler, sie erz\u00e4hlen auch viele Geschichten, eng verkn\u00fcpft mit ihren Erbauern, Verteidigern, Angreifern oder Bewohnern. <\/p>\n\n\n\n<p class=\" eplus-wrapper\">Fr\u00fcher wehrhaft und geheimnisvoll, laden sie heute Besucher ein, die Festungsanlagen zu erkunden, durch unterirdische G\u00e4nge zu wuseln, durch Stra\u00dfen und Parks zu spazieren. Lassen Sie sich von der Historie, den Geschichten und der Natur der kaiserlichen Festungen verf\u00fchren. Besuchen Sie das ganze Jahr hindurch Festivals, Kultur- und Sportevents und entdecken Sie die vergessene Sch\u00f6nheit der bastion\u00e4ren Festungen in B\u00f6hmen.<\/p>\n\n\n\n<div class=\"wp-block-kadence-spacer aligncenter kt-block-spacer-4206_421f1d-85\"><div class=\"kt-block-spacer kt-block-spacer-halign-center\"><\/div><\/div>\n\n\n<div class=\"ultp-post-grid-block wp-block-ultimate-post-post-grid-1 ultp-block-5f60b2\"><div class=\"ultp-block-wrapper\"><div class=\"ultp-loading\"><div class=\"ultp-loading-blocks\" style=\"width:100%;height:100%;\"><div style=\"left: 0;top: 0;animation-delay:0s;\"><\/div><div style=\"left: 21px;top: 0;animation-delay:0.125s;\"><\/div><div style=\"left: 42px;top: 0;animation-delay:0.25s;\"><\/div><div style=\"left: 0;top: 21px;animation-delay:0.875s;\"><\/div><div style=\"left: 42px;top: 21px;animation-delay:0.375s;\"><\/div><div style=\"left: 0;top: 42px;animation-delay:0.75s;\"><\/div><div style=\"left: 42px;top: 42px;animation-delay:0.625s;\"><\/div><div style=\"left: 21px;top: 42px;animation-delay:0.5s;\"><\/div><\/div><\/div><div class=\"ultp-block-items-wrap ultp-block-row ultp-pg1a-style1 ultp-grid1-responsive ultp-block-column-4 1 ultp-xs-column-1 ultp-layout1\"><div class=\"ultp-block-item post-id-701\"><div class=\"ultp-block-content-wrap\"><div class=\"ultp-block-image ultp-block-image-zoomIn\"><a href=\"https:\/\/forte-cultura.com\/de_de\/josefov-cz\/\"><img decoding=\"async\" class=\"ultp-block-image-content\" alt=\"Josefov (CZ)\" src=\"https:\/\/forte-cultura.com\/wp-content\/uploads\/2023\/11\/Jaromer_Josefov-870x570.jpg\"><\/a><\/div><div class=\"ultp-block-content\"><h3 class=\"ultp-block-title \"><a href=\"https:\/\/forte-cultura.com\/de_de\/josefov-cz\/\">Josefov (CZ)<\/a><\/h3><div class=\"ultp-block-excerpt\">Befestigte Idealstadt:  Perle des Festungsbaus der KuK-Monarchie<\/div><\/div><\/div><\/div><div class=\"ultp-block-item post-id-947\"><div class=\"ultp-block-content-wrap\"><div class=\"ultp-block-image ultp-block-image-zoomIn\"><a href=\"https:\/\/forte-cultura.com\/de_de\/prag-cz\/\"><img decoding=\"async\" class=\"ultp-block-image-content\" alt=\"Festung Vy\u0161ehrad, Prag (CZ)\" src=\"https:\/\/forte-cultura.com\/wp-content\/uploads\/Prag-870x570.jpg\"><\/a><\/div><div class=\"ultp-block-content\"><h3 class=\"ultp-block-title \"><a href=\"https:\/\/forte-cultura.com\/de_de\/prag-cz\/\">Prag Vy\u0161ehrad (CZ)<\/a><\/h3><div class=\"ultp-block-excerpt\">Festung: Nationales Kulturmonument, \nBeeindruckende Geschichte und Legenden hoch \u00fcber der Moldau<\/div><\/div><\/div><\/div><div class=\"ultp-block-item post-id-1035\"><div class=\"ultp-block-content-wrap\"><div class=\"ultp-block-image ultp-block-image-zoomIn\"><a href=\"https:\/\/forte-cultura.com\/de_de\/terezin-cz\/\"><img decoding=\"async\" class=\"ultp-block-image-content\" alt=\"Terez\u00edn (CZ)\" src=\"https:\/\/forte-cultura.com\/wp-content\/uploads\/Terezin-870x570.jpg\"><\/a><\/div><div class=\"ultp-block-content\"><h3 class=\"ultp-block-title \"><a href=\"https:\/\/forte-cultura.com\/de_de\/terezin-cz\/\">Terez\u00edn (CZ)<\/a><\/h3><div class=\"ultp-block-excerpt\">Befestigte Idealstadt: Meisterwerk der Festungsbaukunst, Historische Elbe-Festung und Mahnmal des Zweiten Weltkriegs<\/div><\/div><\/div><\/div><\/div><\/div><div class=\"pagination-block-html\" aria-hidden=\"true\" style=\"display: none;\"><\/div><\/div><\/div>\n<\/div>\n\n\n<hr class=\" wp-block-separator alignwide has-text-color has-accent-2-color has-alpha-channel-opacity has-accent-2-background-color has-background eplus-wrapper\" style=\"margin-top:var(--wp--preset--spacing--30);margin-bottom:var(--wp--preset--spacing--30)\"\/>\n\n\n<div id=\"travelersmap-container-69f762766cf1a\" class=\"travelersmap-container\" style=\"z-index: 1; min-height: 10px; min-width:10px; height:400px;width:100%; max-width:1280px; max-height:; position:relative;\"><div style=\"position:absolute; z-index:-1;top: 50%;text-align: center;display: block;left: 50%;transform: translate(-50%,-50%);\">Travelers' Map wird geladen &hellip;<br>Wenn du dies siehst, nachdem deine Seite vollst\u00e4ndig geladen wurde, fehlen leafletJS-Dateien.<\/div><\/div>\n\n\n\n<hr class=\" wp-block-separator alignwide has-text-color has-accent-2-color has-alpha-channel-opacity has-accent-2-background-color has-background eplus-wrapper\" style=\"margin-top:var(--wp--preset--spacing--30);margin-bottom:var(--wp--preset--spacing--30)\"\/>\n\n\n<div class=\"wp-block-columns alignwide eplus-wrapper is-layout-flex wp-container-core-columns-is-layout-28f84493 wp-block-columns-is-layout-flex eplus-styles-uid-8f25b5\">\n<div class=\"wp-block-column eplus-wrapper is-layout-flow wp-block-column-is-layout-flow\"><figure class=\" wp-block-image aligncenter size-full is-resized eplus-wrapper eplus-styles-uid-7a77bb\"><a href=\"https:\/\/forte-cultura.com\/wp-content\/uploads\/FoCu-Flyer-Boehmen_CZ2023_web.pdf\" target=\"_blank\" rel=\" noreferrer noopener\"><img loading=\"lazy\" decoding=\"async\" width=\"386\" height=\"800\" src=\"https:\/\/forte-cultura.com\/wp-content\/uploads\/FoCu-Flyer-Boehmen_DE_coverweb.jpg\" alt=\"\" class=\"wp-image-2765\" style=\"width:226px;height:auto\" srcset=\"https:\/\/forte-cultura.com\/wp-content\/uploads\/FoCu-Flyer-Boehmen_DE_coverweb.jpg 386w, https:\/\/forte-cultura.com\/wp-content\/uploads\/FoCu-Flyer-Boehmen_DE_coverweb-145x300.jpg 145w, https:\/\/forte-cultura.com\/wp-content\/uploads\/FoCu-Flyer-Boehmen_DE_coverweb-6x12.jpg 6w, https:\/\/forte-cultura.com\/wp-content\/uploads\/FoCu-Flyer-Boehmen_DE_coverweb-200x415.jpg 200w\" sizes=\"auto, (max-width: 386px) 100vw, 386px\" \/><\/a><figcaption class=\"wp-element-caption\">Flyer Kaiserliche Festungen<\/figcaption><\/figure><\/div>\n\n\n\n<div class=\"wp-block-column eplus-wrapper is-layout-flow wp-block-column-is-layout-flow\"><figure class=\" wp-block-image aligncenter size-full is-resized eplus-wrapper eplus-styles-uid-7a77bb\"><a href=\"https:\/\/smart-guide.org\/de\/travelers\" target=\"_blank\" rel=\" noreferrer noopener\"><img loading=\"lazy\" decoding=\"async\" width=\"368\" height=\"741\" src=\"https:\/\/forte-cultura.com\/wp-content\/uploads\/smartguide-cz.jpg\" alt=\"\" class=\"wp-image-4220\" style=\"width:235px;height:auto\" srcset=\"https:\/\/forte-cultura.com\/wp-content\/uploads\/smartguide-cz.jpg 368w, https:\/\/forte-cultura.com\/wp-content\/uploads\/smartguide-cz-149x300.jpg 149w, https:\/\/forte-cultura.com\/wp-content\/uploads\/smartguide-cz-6x12.jpg 6w\" sizes=\"auto, (max-width: 368px) 100vw, 368px\" \/><\/a><figcaption class=\"wp-element-caption\">App B\u00f6hmische Festungen<\/figcaption><\/figure><\/div>\n<\/div>\n\n\n<p class=\" eplus-wrapper\"><\/p>\n\n\n\n<p class=\" eplus-wrapper\"><\/p>\n","protected":false},"excerpt":{"rendered":"<p>Die kaiserlichen Festungen in B\u00f6hmen (CZ) sind gro\u00dfe Festungsst\u00e4dte in teils idealer Ausf\u00fchrung, die von den Habsburger Kaisern im 17. und 18. Jahrhundert errichtet wurden. Sie hatten den Zweck der gro\u00dfr\u00e4umigen Verteidigung der Hauptstadt Prag und waren an strategisch wichtigen Punkten im Land platziert, &#8230;<\/p>\n","protected":false},"author":1,"featured_media":4208,"comment_status":"open","ping_status":"open","sticky":false,"template":"","format":"standard","meta":{"editor_plus_copied_stylings":"{}","pgc_sgb_lightbox_settings":"","_price":"","_stock":"","_tribe_ticket_header":"","_tribe_default_ticket_provider":"","_tribe_ticket_capacity":"0","_ticket_start_date":"","_ticket_end_date":"","_tribe_ticket_show_description":"","_tribe_ticket_show_not_going":false,"_tribe_ticket_use_global_stock":"","_tribe_ticket_global_stock_level":"","_global_stock_mode":"","_global_stock_cap":"","_tribe_rsvp_for_event":"","_tribe_ticket_going_count":"","_tribe_ticket_not_going_count":"","_tribe_tickets_list":"[]","_tribe_ticket_has_attendee_info_fields":false,"_EventAllDay":false,"_EventTimezone":"","_EventStartDate":"","_EventEndDate":"","_EventStartDateUTC":"","_EventEndDateUTC":"","_EventShowMap":false,"_EventShowMapLink":false,"_EventURL":"","_EventCost":"","_EventCostDescription":"","_EventCurrencySymbol":"","_EventCurrencyCode":"","_EventCurrencyPosition":"","_EventDateTimeSeparator":"","_EventTimeRangeSeparator":"","_EventOrganizerID":[],"_EventVenueID":[],"_OrganizerEmail":"","_OrganizerPhone":"","_OrganizerWebsite":"","_VenueAddress":"","_VenueCity":"","_VenueCountry":"","_VenueProvince":"","_VenueState":"","_VenueZip":"","_VenuePhone":"","_VenueURL":"","_VenueStateProvince":"","_VenueLat":"","_VenueLng":"","_VenueShowMap":false,"_VenueShowMapLink":false,"footnotes":""},"categories":[39,452,17],"tags":[95,42],"class_list":["post-4206","post","type-post","status-publish","format-standard","has-post-thumbnail","hentry","category-elbe-festungen","category-kaiserliche-festungen-boehmen","category-reiseempfehlungen","tag-befestigte-idealstadt","tag-elbe"],"_links":{"self":[{"href":"https:\/\/forte-cultura.com\/de_de\/wp-json\/wp\/v2\/posts\/4206","targetHints":{"allow":["GET"]}}],"collection":[{"href":"https:\/\/forte-cultura.com\/de_de\/wp-json\/wp\/v2\/posts"}],"about":[{"href":"https:\/\/forte-cultura.com\/de_de\/wp-json\/wp\/v2\/types\/post"}],"author":[{"embeddable":true,"href":"https:\/\/forte-cultura.com\/de_de\/wp-json\/wp\/v2\/users\/1"}],"replies":[{"embeddable":true,"href":"https:\/\/forte-cultura.com\/de_de\/wp-json\/wp\/v2\/comments?post=4206"}],"version-history":[{"count":0,"href":"https:\/\/forte-cultura.com\/de_de\/wp-json\/wp\/v2\/posts\/4206\/revisions"}],"wp:featuredmedia":[{"embeddable":true,"href":"https:\/\/forte-cultura.com\/de_de\/wp-json\/wp\/v2\/media\/4208"}],"wp:attachment":[{"href":"https:\/\/forte-cultura.com\/de_de\/wp-json\/wp\/v2\/media?parent=4206"}],"wp:term":[{"taxonomy":"category","embeddable":true,"href":"https:\/\/forte-cultura.com\/de_de\/wp-json\/wp\/v2\/categories?post=4206"},{"taxonomy":"post_tag","embeddable":true,"href":"https:\/\/forte-cultura.com\/de_de\/wp-json\/wp\/v2\/tags?post=4206"}],"curies":[{"name":"wp","href":"https:\/\/api.w.org\/{rel}","templated":true}]}}