{"id":3474,"date":"2025-06-06T16:09:55","date_gmt":"2025-06-06T14:09:55","guid":{"rendered":"https:\/\/forte-cultura.com\/?p=3474"},"modified":"2025-07-22T11:18:22","modified_gmt":"2025-07-22T09:18:22","slug":"belfort-fr","status":"publish","type":"post","link":"https:\/\/forte-cultura.com\/de_de\/belfort-fr\/","title":{"rendered":"Belfort (FR)"},"content":{"rendered":"<div class=\"wp-block-columns alignwide eplus-wrapper is-layout-flex wp-container-core-columns-is-layout-28f84493 wp-block-columns-is-layout-flex eplus-styles-uid-e9825a\">\n<div class=\"wp-block-column eplus-wrapper is-layout-flow wp-block-column-is-layout-flow\"><div class=\"wp-block-columns alignwide eplus-wrapper is-layout-flex wp-container-core-columns-is-layout-28f84493 wp-block-columns-is-layout-flex eplus-styles-uid-0979f8\">\n<div class=\"wp-block-column eplus-wrapper is-layout-flow wp-block-column-is-layout-flow\" style=\"flex-basis:100%\"><p class=\" eplus-wrapper eplus-styles-uid-e7c803\"><em>FORTE CULTURA Station: Festungssystem Belfort (FR)<\/em><\/p>\n\n\n<h2 class=\" wp-block-heading alignwide has-large-font-size eplus-wrapper\"><strong>Symbol des Widerstands<\/strong><\/h2>\n\n\n\n<h3 class=\"is-style-default wp-block-heading alignwide eplus-wrapper\" style=\"margin-top:var(--wp--preset--spacing--10);margin-bottom:var(--wp--preset--spacing--10);font-size:clamp(1.092rem, 1.092rem + ((1vw - 0.2rem) * 1.013), 1.7rem);\"><em>Festungsbollwerk nach Pl\u00e4nen von Vauban<\/em><\/h3>\n\n\n\n<p class=\" eplus-wrapper\">Das beeindruckende Festungssystem Belfort wurde ab 1687 nach Pl\u00e4nen von Vauban befestigt und nachfolgend weiter ausgebaut. Die imposante Zitadelle von Belfort, majest\u00e4tisch auf einem Felsen thronend, erz\u00e4hlt von heldenhaften Verteidigungen \u2013 sowohl w\u00e4hrend der Belagerung von 1813\u20131814 durch \u00f6sterreichische und russische Truppen als auch w\u00e4hrend des Deutsch-Franz\u00f6sischen Krieges 1870\/71, als die Stadt \u00fcber 103 Tage hinweg gegen hartn\u00e4ckige Angreifer standhielt. <\/p>\n\n\n\n<p class=\" eplus-wrapper\">Das Prunkst\u00fcck der Festungsanlage ist die Zitadelle Belfort auf einem Felsvorsprung \u00fcber der Altstadt, mit Museum, Gastronomie und einem fantastischen Rundblick. An ihrer Westflanke thront majest\u00e4tisch der \u201eL\u00f6we von Belfort\u201c, ein monumentales Kunstwerk des Bildhauers Auguste Bartholdi, das an die tapferen Verteidiger der Stadt erinnert. Entdecken Sie mit FORTE CULTURA faszinierende Geschichte, in der Mut und Widerstandskraft im Mittelpunkt stehen. <\/p>\n\n\n\n<p class=\" eplus-wrapper\">Schlendern Sie auch durch die charmanten Altstadtgassen, genie\u00dfen Sie die kulinarischen K\u00f6stlichkeiten der Region und lassen Sie sich von Belforts einzigartiger Atmosph\u00e4re begeistern. Geschichte zum Anfassen, beeindruckende Architektur und eine lebendige Kulturszene \u2013 Belfort erwartet Sie mit offenen Armen!<\/p>\n<\/div>\n<\/div>\n\n\n<hr class=\" wp-block-separator alignwide has-text-color has-accent-2-color has-alpha-channel-opacity has-accent-2-background-color has-background eplus-wrapper\" style=\"margin-top:var(--wp--preset--spacing--30);margin-bottom:var(--wp--preset--spacing--30)\">\n\n\n\n<h2 class=\" wp-block-heading alignwide eplus-wrapper\">Events in der Festung Belfort<\/h2>\n\n\n<div class=\"wp-block-columns alignwide eplus-wrapper is-layout-flex wp-container-core-columns-is-layout-28f84493 wp-block-columns-is-layout-flex eplus-styles-uid-d84ca0\">\n<div class=\"wp-block-column eplus-wrapper is-layout-flow wp-block-column-is-layout-flow\" style=\"flex-basis:100%\">\n<p class=\" eplus-wrapper\">&#8230;<\/p>\n<\/div>\n<\/div>\n\n\n<p class=\" eplus-wrapper\"><\/p>\n<\/div>\n<\/div>","protected":false},"excerpt":{"rendered":"<p>Festungssystem: uneinnehmbares Bollwerk nach Pl\u00e4nen von Vauban und Symbol f\u00fcr den Widerstand<\/p>\n","protected":false},"author":1,"featured_media":3476,"comment_status":"open","ping_status":"open","sticky":false,"template":"","format":"standard","meta":{"editor_plus_copied_stylings":"{}","pgc_sgb_lightbox_settings":"","_price":"","_stock":"","_tribe_ticket_header":"","_tribe_default_ticket_provider":"","_tribe_ticket_capacity":"0","_ticket_start_date":"","_ticket_end_date":"","_tribe_ticket_show_description":"","_tribe_ticket_show_not_going":false,"_tribe_ticket_use_global_stock":"","_tribe_ticket_global_stock_level":"","_global_stock_mode":"","_global_stock_cap":"","_tribe_rsvp_for_event":"","_tribe_ticket_going_count":"","_tribe_ticket_not_going_count":"","_tribe_tickets_list":"[]","_tribe_ticket_has_attendee_info_fields":false,"_EventAllDay":false,"_EventTimezone":"","_EventStartDate":"","_EventEndDate":"","_EventStartDateUTC":"","_EventEndDateUTC":"","_EventShowMap":false,"_EventShowMapLink":false,"_EventURL":"","_EventCost":"","_EventCostDescription":"","_EventCurrencySymbol":"","_EventCurrencyCode":"","_EventCurrencyPosition":"","_EventDateTimeSeparator":"","_EventTimeRangeSeparator":"","_EventOrganizerID":[],"_EventVenueID":[],"_OrganizerEmail":"","_OrganizerPhone":"","_OrganizerWebsite":"","_VenueAddress":"","_VenueCity":"","_VenueCountry":"","_VenueProvince":"","_VenueState":"","_VenueZip":"","_VenuePhone":"","_VenueURL":"","_VenueStateProvince":"","_VenueLat":"","_VenueLng":"","_VenueShowMap":false,"_VenueShowMapLink":false,"footnotes":""},"categories":[22,38,19,48,32],"tags":[461,463,86,492],"class_list":["post-3474","post","type-post","status-publish","format-standard","has-post-thumbnail","hentry","category-festungserbe","category-festungssystem","category-stationen","category-frankreich","category-zitadelle","tag-familie","tag-museum","tag-napoleon","tag-vauban"],"_links":{"self":[{"href":"https:\/\/forte-cultura.com\/de_de\/wp-json\/wp\/v2\/posts\/3474","targetHints":{"allow":["GET"]}}],"collection":[{"href":"https:\/\/forte-cultura.com\/de_de\/wp-json\/wp\/v2\/posts"}],"about":[{"href":"https:\/\/forte-cultura.com\/de_de\/wp-json\/wp\/v2\/types\/post"}],"author":[{"embeddable":true,"href":"https:\/\/forte-cultura.com\/de_de\/wp-json\/wp\/v2\/users\/1"}],"replies":[{"embeddable":true,"href":"https:\/\/forte-cultura.com\/de_de\/wp-json\/wp\/v2\/comments?post=3474"}],"version-history":[{"count":0,"href":"https:\/\/forte-cultura.com\/de_de\/wp-json\/wp\/v2\/posts\/3474\/revisions"}],"wp:featuredmedia":[{"embeddable":true,"href":"https:\/\/forte-cultura.com\/de_de\/wp-json\/wp\/v2\/media\/3476"}],"wp:attachment":[{"href":"https:\/\/forte-cultura.com\/de_de\/wp-json\/wp\/v2\/media?parent=3474"}],"wp:term":[{"taxonomy":"category","embeddable":true,"href":"https:\/\/forte-cultura.com\/de_de\/wp-json\/wp\/v2\/categories?post=3474"},{"taxonomy":"post_tag","embeddable":true,"href":"https:\/\/forte-cultura.com\/de_de\/wp-json\/wp\/v2\/tags?post=3474"}],"curies":[{"name":"wp","href":"https:\/\/api.w.org\/{rel}","templated":true}]}}