{"id":3032,"date":"2025-01-02T10:01:27","date_gmt":"2025-01-02T09:01:27","guid":{"rendered":"https:\/\/forte-cultura.com\/?p=3032"},"modified":"2025-08-24T10:37:31","modified_gmt":"2025-08-24T08:37:31","slug":"route-der-burgen-und-befestigten-staedte-im-elsass","status":"publish","type":"post","link":"https:\/\/forte-cultura.com\/de_de\/route-der-burgen-und-befestigten-staedte-im-elsass\/","title":{"rendered":"Route der Burgen und befestigten St\u00e4dte im Elsass"},"content":{"rendered":"\n<h2 class=\" wp-block-heading alignwide has-large-font-size eplus-wrapper\">Elsass &#8211; Land der Burgen (FR)<\/h2>\n\n\n<div class=\"wp-block-columns alignwide eplus-wrapper is-layout-flex wp-container-core-columns-is-layout-28f84493 wp-block-columns-is-layout-flex eplus-styles-uid-0646a0\">\n<div class=\"wp-block-column eplus-wrapper is-layout-flow wp-block-column-is-layout-flow\" style=\"flex-basis:100%\">\n<figure class=\" wp-block-image alignright size-large is-resized eplus-wrapper\"><img loading=\"lazy\" decoding=\"async\" width=\"1024\" height=\"1024\" src=\"https:\/\/forte-cultura.com\/wp-content\/uploads\/1-log-TDCF-quadri-format_Web-1024x1024.png\" alt=\"\" class=\"wp-image-3038\" style=\"aspect-ratio:1;object-fit:cover;width:300px\" srcset=\"https:\/\/forte-cultura.com\/wp-content\/uploads\/1-log-TDCF-quadri-format_Web-1024x1024.png 1024w, https:\/\/forte-cultura.com\/wp-content\/uploads\/1-log-TDCF-quadri-format_Web-300x300.png 300w, https:\/\/forte-cultura.com\/wp-content\/uploads\/1-log-TDCF-quadri-format_Web-150x150.png 150w, https:\/\/forte-cultura.com\/wp-content\/uploads\/1-log-TDCF-quadri-format_Web-768x768.png 768w, https:\/\/forte-cultura.com\/wp-content\/uploads\/1-log-TDCF-quadri-format_Web-12x12.png 12w, https:\/\/forte-cultura.com\/wp-content\/uploads\/1-log-TDCF-quadri-format_Web-600x600.png 600w, https:\/\/forte-cultura.com\/wp-content\/uploads\/1-log-TDCF-quadri-format_Web.png 1300w\" sizes=\"auto, (max-width: 1024px) 100vw, 1024px\" \/><\/figure>\n\n\n\n<p class=\" eplus-wrapper\">FORTE CULTURA Reiseempfehlung<br><em>Elsass<\/em><\/p>\n\n\n\n<p class=\" eplus-wrapper\">Beginnen Sie Ihre Entdeckungstour durch ein mittelalterliches und mysteri\u00f6ses Elsass! <\/p>\n\n\n\n<p class=\" eplus-wrapper\">Das Elsass war einst die Wiege mehrerer Kaiserdynastien, darunter der Staufer und der Habsburger. Sie errichteten im Mittelalter zahlreiche Burgen, um ihre L\u00e4ndereien und Reicht\u00fcmer zu sch\u00fctzen. Heute sind noch fast 80 Burgen und Burgruinen erhalten, weithin sichtbar, inmitten von W\u00e4ldern und neben Weinbergen. <\/p>\n\n\n\n<p class=\" eplus-wrapper\">Die <strong>Route der Burgen und befestigten St\u00e4dte im Elsass <\/strong>beinhaltet mehr als 50 Standorte. Erkunden Sie faszinierende Geschichte im Elsass von Norden nach S\u00fcden, zum Beispiel: Wissembourg, Fleckenstein, Wasenbourg, Lichtenberg, La Petite Pierre, Haut-Koenigsbourg und viele mehr.<\/p>\n\n\n\n<p class=\" eplus-wrapper\">Bewundern Sie wildromantische Burgruinen, charmante historische St\u00e4dte und fantastische Ausblicke. Begegnen Sie denjenigen, die dieses Kulturerbe jeden Tag lebendig machen. Tauchen Sie ein in die Geschichte des Elsass und lassen Sie sich von der Magie dieser geschichtstr\u00e4chtigen Orte mitrei\u00dfen. <\/p>\n\n\n\n<p class=\" eplus-wrapper\"><strong>Ein unvergessliches Abenteuer erwartet Sie!<\/strong><\/p>\n\n\n\n<p class=\" eplus-wrapper\"><\/p>\n<\/div>\n<\/div>\n\n\n<div class=\"wp-block-group alignwide has-custom-verlauf-1-gradient-background has-background eplus-wrapper has-global-padding is-layout-constrained wp-block-group-is-layout-constrained\" style=\"padding-top:var(--wp--preset--spacing--20);padding-bottom:var(--wp--preset--spacing--20)\"><h3 class=\" wp-block-heading alignwide has-text-align-center eplus-wrapper eplus-styles-uid-80973f\" style=\"font-size:clamp(0.984rem, 0.984rem + ((1vw - 0.2rem) * 0.86), 1.5rem);\"><strong>Unsere FORTE CULTURA Reiseempfehlung<\/strong><\/h3>\n\n\n<h5 class=\"wp-block-heading alignwide has-text-align-center has-custom-farbe-1-color has-text-color has-link-color has-large-font-size eplus-wrapper wp-elements-731554901e25dd153de1be0fea213b70\" style=\"margin-top:var(--wp--preset--spacing--10);margin-bottom:0\">Route der Burgen und befestigten St\u00e4dte im Elsass<\/h5>\n\n\n\n<p class=\" has-text-align-center has-small-font-size eplus-wrapper\" style=\"margin-top:5px\"><em>Erarbeitet durch <em>FORTE CULTURA Partner<\/em><\/em> <em>Alsace Destination Tourisme (ADT).<\/em><\/p>\n<\/div>\n\n\n<div id=\"travelersmap-container-69f7627683be6\" class=\"travelersmap-container\" style=\"z-index: 1; min-height: 10px; min-width:10px; height:400px;width:100%; max-width:1280px; max-height:; position:relative;\"><div style=\"position:absolute; z-index:-1;top: 50%;text-align: center;display: block;left: 50%;transform: translate(-50%,-50%);\">Travelers' Map wird geladen &hellip;<br>Wenn du dies siehst, nachdem deine Seite vollst\u00e4ndig geladen wurde, fehlen leafletJS-Dateien.<\/div><\/div>\n\n\n<div class=\"wp-block-columns alignwide eplus-wrapper is-layout-flex wp-container-core-columns-is-layout-829fdb3e wp-block-columns-is-layout-flex eplus-styles-uid-810bb3\" style=\"border-style:none;border-width:0px;border-radius:0px;padding-top:var(--wp--preset--spacing--20);padding-right:var(--wp--preset--spacing--10);padding-bottom:var(--wp--preset--spacing--20);padding-left:var(--wp--preset--spacing--10)\">\n<div class=\"wp-block-column is-vertically-aligned-top eplus-wrapper is-layout-flow wp-block-column-is-layout-flow\" style=\"flex-basis:33.33%\">\n<h4 class=\" wp-block-heading has-text-align-center eplus-wrapper\" style=\"margin-top:0;margin-right:0;margin-bottom:var(--wp--preset--spacing--10);padding-top:0;padding-bottom:0\">1 Ch\u00e2teau du Haut-Andlau<\/h4>\n\n\n<figure class=\"is-style-default  wp-block-image aligncenter size-full has-custom-border eplus-wrapper eplus-styles-uid-135982\" style=\"margin-top:0;margin-bottom:0\"><img decoding=\"async\" src=\"https:\/\/forte-cultura.com\/wp-content\/uploads\/2-Andlau-Chateau-Haut-Andlau-%C2%A9-C.-FLEITH-ADT.jpg\" alt=\"\" class=\"wp-image-3069\" style=\"border-radius:10px;aspect-ratio:16\/9;object-fit:cover\"><figcaption class=\"wp-element-caption\">Burgruine Haut-Andlau<\/figcaption><\/figure>\n\n\n<p class=\" has-text-align-center eplus-wrapper\" style=\"margin-top:0;margin-bottom:0;font-size:clamp(0.875rem, 0.875rem + ((1vw - 0.2rem) * 0.125), 0.95rem);line-height:1.4\">Die Burg mit ihren beiden markanten T\u00fcrmen liegt \u00fcber dem Tal der Kirneck und Barr; im S\u00fcden liegt das Tal der Andlau. Die Hochburg, die keinen Hof hat, wurde von den Herren von Andlau zwischen 1337 und 1344 erbaut. Der Zugang wurde nach der \u00abDurchlauftechnik\u00bb angelegt, mit einer Folge von Fallen f\u00fcr Feinde. Das Herrschaftsgeb\u00e4ude wurde bis 1796 von F\u00f6rstern bewohnt.<\/p>\n\n\n\n<p class=\" has-text-align-center eplus-wrapper\" style=\"margin-top:var(--wp--preset--spacing--10);margin-bottom:0;font-size:0.8rem\">67140 Andlau<br><a href=\"http:\/\/www.chateaudandlau.com\" target=\"_blank\" rel=\"noreferrer noopener\">www.chateaudandlau.com<\/a><\/p>\n\n\n\n<p class=\"has-text-align-center has-contrast-3-color has-text-color has-link-color eplus-wrapper wp-elements-54d271a966870c70bc06cf82d5ee1299\" style=\"margin-top:0;font-size:0.8em\">(Bild \u00a9C. FLEITH &#8211; ADT)<\/p>\n<\/div>\n\n\n\n<div class=\"wp-block-column is-vertically-aligned-top eplus-wrapper is-layout-flow wp-block-column-is-layout-flow\" style=\"flex-basis:33.33%\">\n<h4 class=\" wp-block-heading has-text-align-center eplus-wrapper\" style=\"margin-top:0;margin-right:0;margin-bottom:var(--wp--preset--spacing--10);padding-top:0;padding-bottom:0\">2 Ch\u00e2teau du Spesbourg<\/h4>\n\n\n<figure class=\"is-style-default  wp-block-image aligncenter size-full has-custom-border eplus-wrapper eplus-styles-uid-135982\" style=\"margin-top:0;margin-bottom:0\"><img decoding=\"async\" src=\"https:\/\/forte-cultura.com\/wp-content\/uploads\/3-Andlau-Chateau-de-Spesbourg-DSC3478-%C2%A9-INFRA-ADT.jpg\" alt=\"\" class=\"wp-image-3070\" style=\"border-radius:10px;aspect-ratio:16\/9;object-fit:cover\"><figcaption class=\"wp-element-caption\">Burgruine Spesbourg<\/figcaption><\/figure>\n\n\n<p class=\" has-text-align-center eplus-wrapper\" style=\"margin-top:0;margin-bottom:0;font-size:clamp(0.875rem, 0.875rem + ((1vw - 0.2rem) * 0.125), 0.95rem);line-height:1.4\">Die 1247 erbaute Burg kontrollierte das Tal und die benachbarten Abtei und besitzt einen gro\u00dfen, viereckigen Turm von 24 m H\u00f6he sowie einen Innenhof. Auf einem der B\u00f6gen der Ruine sieht man Fragmente mehrfarbiger Fresken &#8211; mit den geschnitzten Kamingiebeln zeigen sie eine im 14.Jh. seltene Raffiniertheit. In den letzten 20 Jahren wurde Sie restauriert und somit zug\u00e4nglicher.<\/p>\n\n\n\n<p class=\" has-text-align-center eplus-wrapper\" style=\"margin-top:var(--wp--preset--spacing--10);margin-bottom:0;font-size:0.8rem\">67140 Andlau<br><a href=\"http:\/\/www.chateauxfortsalsace.com\" data-type=\"link\" data-id=\"www.chateauxfortsalsace.com\" target=\"_blank\" rel=\"noreferrer noopener\">www.chateauxfortsalsace.com<\/a><\/p>\n\n\n\n<p class=\"has-text-align-center has-contrast-3-color has-text-color has-link-color eplus-wrapper wp-elements-bbc7350b0907ae0d45c60d78ee39fc6e\" style=\"margin-top:0;margin-bottom:0;font-size:0.8rem\">(Bild \u00a9INFRA &#8211; ADT)<\/p>\n<\/div>\n\n\n\n<div class=\"wp-block-column is-vertically-aligned-top eplus-wrapper is-layout-flow wp-block-column-is-layout-flow\" style=\"flex-basis:33.33%\">\n<h4 class=\" wp-block-heading has-text-align-center eplus-wrapper\" style=\"margin-top:0;margin-right:0;margin-bottom:var(--wp--preset--spacing--10);padding-top:0;padding-bottom:0\">3 Le ch\u00e2teau de Bilstein-Aubure<\/h4>\n\n\n<figure class=\"is-style-default  wp-block-image aligncenter size-full has-custom-border eplus-wrapper eplus-styles-uid-135982\" style=\"margin-top:0;margin-bottom:0\"><img decoding=\"async\" src=\"https:\/\/forte-cultura.com\/wp-content\/uploads\/4-Aubure-Bilstein-%C2%A9-A.-Rinckenbach-7.jpg\" alt=\"Schlossruine Bilstein-Aubure \u00a9A. Rinckenbach\" class=\"wp-image-3071\" style=\"border-radius:10px;aspect-ratio:16\/9;object-fit:cover\"><figcaption class=\"wp-element-caption\">Burgruine Bilstein-Aubure<\/figcaption><\/figure>\n\n\n<p class=\" has-text-align-center eplus-wrapper\" style=\"margin-top:0;margin-bottom:0;font-size:clamp(0.875rem, 0.875rem + ((1vw - 0.2rem) * 0.125), 0.95rem);line-height:1.4\">Burg mit einem viereckigen Bergfried aus dem 12. Jahrhundert; eine doppelte Ringmauer, die von den W\u00fcrttembergern im 14. Jh. ver\u00e4ndert wurde, sch\u00fctzt die Anlage. Zutritt zum Bergfried \u00fcber eine hohe spitzbogige T\u00fcr.<\/p>\n\n\n\n<p class=\" has-text-align-center eplus-wrapper\" style=\"margin-top:var(--wp--preset--spacing--10);margin-bottom:0;font-size:0.8rem\">68150 Aubure<\/p>\n\n\n\n<p class=\"has-text-align-center has-contrast-3-color has-text-color has-link-color eplus-wrapper wp-elements-e9df30ae66cc02464bc7b81bea60572e\" style=\"margin-top:0;margin-bottom:0;font-size:0.8rem\">(Bild \u00a9A. Rinckenbach)<\/p>\n<\/div>\n<\/div>\n\n<div class=\"wp-block-columns alignwide eplus-wrapper is-layout-flex wp-container-core-columns-is-layout-829fdb3e wp-block-columns-is-layout-flex eplus-styles-uid-ca6d8d\" style=\"border-style:none;border-width:0px;border-radius:0px;padding-top:var(--wp--preset--spacing--20);padding-right:var(--wp--preset--spacing--10);padding-bottom:var(--wp--preset--spacing--20);padding-left:var(--wp--preset--spacing--10)\">\n<div class=\"wp-block-column is-vertically-aligned-top eplus-wrapper is-layout-flow wp-block-column-is-layout-flow\" style=\"flex-basis:33.33%\">\n<h4 class=\" wp-block-heading has-text-align-center eplus-wrapper\" style=\"margin-top:0;margin-right:0;margin-bottom:var(--wp--preset--spacing--10);padding-top:0;padding-bottom:0\">4 Ch\u00e2teau du Schoeneck<\/h4>\n\n\n<figure class=\"is-style-default  wp-block-image aligncenter size-full has-custom-border eplus-wrapper eplus-styles-uid-135982\" style=\"margin-top:0;margin-bottom:0\"><img decoding=\"async\" src=\"https:\/\/forte-cultura.com\/wp-content\/uploads\/5-Dambach-Neunhoffen-Chateau-Schoeneck-015-%C2%A9-C.FLEITH-ADT.jpg\" alt=\"\" class=\"wp-image-3072\" style=\"border-radius:10px;aspect-ratio:16\/9;object-fit:cover\"><figcaption class=\"wp-element-caption\">Ruine der befestigten Burg Schoeneck<\/figcaption><\/figure>\n\n\n<p class=\" has-text-align-center eplus-wrapper\" style=\"margin-top:0;margin-bottom:0;font-size:clamp(0.875rem, 0.875rem + ((1vw - 0.2rem) * 0.125), 0.95rem);line-height:1.4\">Die Burg (um 1200 erbaut, im 16. und 17. Jh. restauriert) enth\u00e4lt noch \u00dcberreste der Wohnh\u00e4user aus dem 13. Jh. sowie einen f\u00fcnfeckigen Bergfried. Der Eingang aus dem 16. Jh. wird von zwei Artilleriebastionen gesch\u00fctzt und bietet Zugang zum Hinterhof. Die Besucher k\u00f6nnen auch den Westturm besichtigen (16. Jh.). Der Verein Cun Ulmer Gr\u00fcn seit sich seit \u00fcber 20 Jahren f\u00fcr die Erhaltung, Sicherung und Konsolidierung der Burgruine ein. Er arbeitet mit dem Konservator des Maison de l&#8217;Arch\u00e9ologie in Niederbronn-les-Bains zusammen, wo bei Ausgrabungen gefundene Objekte ausgestellt werden. In der Saison werden F\u00fchrungen angeboten.<\/p>\n\n\n\n<p class=\" has-text-align-center eplus-wrapper\" style=\"margin-top:var(--wp--preset--spacing--10);margin-bottom:0;font-size:0.8rem\">67110 Dambach<br><a href=\"http:\/\/chateau.schoeneck.free.fr\" data-type=\"link\" data-id=\"www.chateauxfortsalsace.com\" target=\"_blank\" rel=\"noreferrer noopener\">chateau.schoeneck.free.fr<\/a><\/p>\n\n\n\n<p class=\"has-text-align-center has-contrast-3-color has-text-color has-link-color eplus-wrapper wp-elements-bbc7350b0907ae0d45c60d78ee39fc6e\" style=\"margin-top:0;margin-bottom:0;font-size:0.8rem\">(Bild \u00a9INFRA &#8211; ADT)<\/p>\n<\/div>\n\n\n\n<div class=\"wp-block-column is-vertically-aligned-top eplus-wrapper is-layout-flow wp-block-column-is-layout-flow\" style=\"flex-basis:33.33%\">\n<h4 class=\" wp-block-heading has-text-align-center eplus-wrapper\" style=\"margin-top:0;margin-right:0;margin-bottom:var(--wp--preset--spacing--10);padding-top:0;padding-bottom:0\">5 Ch\u00e2teau du Bernstein<\/h4>\n\n\n<figure class=\"is-style-default  wp-block-image aligncenter size-full has-custom-border eplus-wrapper eplus-styles-uid-135982\" style=\"margin-top:0;margin-bottom:0\"><img decoding=\"async\" src=\"https:\/\/forte-cultura.com\/wp-content\/uploads\/6-Dambach-la-Ville-Chateau-Bernstein-%C2%A9ADT-E.List-8.jpg\" alt=\"\" class=\"wp-image-3073\" style=\"border-radius:10px;aspect-ratio:16\/9;object-fit:cover\"><figcaption class=\"wp-element-caption\">Burgruine Bernstein<\/figcaption><\/figure>\n\n\n<p class=\" has-text-align-center eplus-wrapper\" style=\"margin-top:0;margin-bottom:0;font-size:clamp(0.875rem, 0.875rem + ((1vw - 0.2rem) * 0.125), 0.95rem);line-height:1.4\">Diese Burg aus Granit ist eine der \u00e4ltesten Burgen im Elsass, deren erste Erw\u00e4hnung bis zum Anfang des 11. Jahrhunderts zur\u00fcckreicht. Die Oberburg umfasst einen f\u00fcnfeckigen und 18 m hohen Turm, die herrschaftlichen Wohnr\u00e4ume auf sechseckigem Grundriss, mit Senkscharten und Rundbogenfenstern sowie einen viereckigen Turm, in dem sich die Burgkapelle befand.<\/p>\n\n\n\n<p class=\" has-text-align-center eplus-wrapper\" style=\"margin-top:var(--wp--preset--spacing--10);margin-bottom:0;font-size:0.8rem\">67650 Dambach la Ville<br><a href=\"http:\/\/www.chateauxfortsalsace.com\" data-type=\"link\" data-id=\"www.chateauxfortsalsace.com\" target=\"_blank\" rel=\"noreferrer noopener\">www.chateauxfortsalsace.com<\/a><\/p>\n\n\n\n<p class=\"has-text-align-center has-contrast-3-color has-text-color has-link-color eplus-wrapper wp-elements-86ae615ed95c1052c98c511bef880e2f\" style=\"margin-top:0;margin-bottom:0;font-size:0.8rem\">(Bild \u00a9ADT-E.List)<\/p>\n<\/div>\n\n\n\n<div class=\"wp-block-column is-vertically-aligned-top eplus-wrapper is-layout-flow wp-block-column-is-layout-flow\" style=\"flex-basis:33.33%\">\n<h4 class=\" wp-block-heading has-text-align-center eplus-wrapper\" style=\"margin-top:0;margin-right:0;margin-bottom:var(--wp--preset--spacing--10);padding-top:0;padding-bottom:0\">6 Ch\u00e2teaux du Haut-Eguisheim<\/h4>\n\n\n<figure class=\"is-style-default  wp-block-image aligncenter size-full has-custom-border eplus-wrapper eplus-styles-uid-135982\" style=\"margin-top:0;margin-bottom:0\"><img decoding=\"async\" src=\"https:\/\/forte-cultura.com\/wp-content\/uploads\/7-Eguisheim-Les-trois-chateaux-3-%C2%A9-M.-Schampion-ADT.jpg\" alt=\"\" class=\"wp-image-3074\" style=\"border-radius:10px;aspect-ratio:16\/9;object-fit:cover\"><figcaption class=\"wp-element-caption\">Die Burgruinen von Haut-Eguisheim<\/figcaption><\/figure>\n\n\n<p class=\" has-text-align-center eplus-wrapper\" style=\"margin-top:0;margin-bottom:0;font-size:clamp(0.875rem, 0.875rem + ((1vw - 0.2rem) * 0.125), 0.95rem);line-height:1.4\">Die drei T\u00fcrme, die auf dem Schlossberg in 591 m H\u00f6he thronen, \u00fcberblicken die Elsass-Ebene. Sie wurden zwischen dem 11. und 12. Jh. erbaut. Der Wahlenbourg ist der \u00e4lteste Turm und war Herrensitz des Grafen Hugo IV. von Eguisheim. Der Dagsbourg liegt im Norden. Der Weckmund wurde im 12. Jahrhundert erbaut. Heute sind nur noch diese drei T\u00fcrme aus rosa Sandstein erhalten, \u00dcberreste einer einst einzigartigen Burg, die ab dem 15. Jahrhundert aufgegeben wurde. Die Ruinen bieten einen fantastischen Blick auf Eguisheim, eines der sch\u00f6nsten D\u00f6rfer Frankreichs. Von Mitte November bis Mitte M\u00e4rz ist der Zugang nur zu Fu\u00df m\u00f6glich.<\/p>\n\n\n\n<p class=\" has-text-align-center eplus-wrapper\" style=\"margin-top:var(--wp--preset--spacing--10);margin-bottom:0;font-size:0.8rem\">68420 Eguisheim<br><a href=\"http:\/\/www.tourisme-eguisheim-rouffach.com\" data-type=\"link\" data-id=\"www.chateauxfortsalsace.com\" target=\"_blank\" rel=\"noreferrer noopener\">www.tourisme-eguisheim-rouffach.com<\/a><\/p>\n\n\n\n<p class=\"has-text-align-center has-contrast-3-color has-text-color has-link-color eplus-wrapper wp-elements-71edb8722997ef5c7f08e646da0da32e\" style=\"margin-top:0;margin-bottom:0;font-size:0.8rem\">(Bild \u00a9M. Schampion &#8211; ADT)<\/p>\n<\/div>\n<\/div>\n\n<div class=\"wp-block-columns alignwide eplus-wrapper is-layout-flex wp-container-core-columns-is-layout-829fdb3e wp-block-columns-is-layout-flex eplus-styles-uid-900a6c\" style=\"border-style:none;border-width:0px;border-radius:0px;padding-top:var(--wp--preset--spacing--20);padding-right:var(--wp--preset--spacing--10);padding-bottom:var(--wp--preset--spacing--20);padding-left:var(--wp--preset--spacing--10)\">\n<div class=\"wp-block-column is-vertically-aligned-top eplus-wrapper is-layout-flow wp-block-column-is-layout-flow\" style=\"flex-basis:33.33%\">\n<h4 class=\" wp-block-heading has-text-align-center eplus-wrapper\" style=\"margin-top:0;margin-right:0;margin-bottom:var(--wp--preset--spacing--10);padding-top:0;padding-bottom:0\">7 Ch\u00e2teau de Ferrette<\/h4>\n\n\n<figure class=\"is-style-default  wp-block-image aligncenter size-full has-custom-border eplus-wrapper eplus-styles-uid-135982\" style=\"margin-top:0;margin-bottom:0\"><img decoding=\"async\" src=\"https:\/\/forte-cultura.com\/wp-content\/uploads\/8-Ferrette-Chateau-D857538-%C2%A9-INFRA-ADT.jpg\" alt=\"\" class=\"wp-image-3075\" style=\"border-radius:10px;aspect-ratio:16\/9;object-fit:cover\"><figcaption class=\"wp-element-caption\">Burgruine Ferrette<\/figcaption><\/figure>\n\n\n<p class=\" has-text-align-center eplus-wrapper\" style=\"margin-top:0;margin-bottom:0;font-size:clamp(0.875rem, 0.875rem + ((1vw - 0.2rem) * 0.125), 0.95rem);line-height:1.4\">Die Burg von Pfirrt ist eine der \u00e4ltesten in Elsass, erstmals 1105 erw\u00e4hnt. Sie war eine der Hauptbesitzungen der Grafen von Ferrette, die aus der Erbschaft der Grafen von Montb\u00e9liard hervorgingen. Nach dem Tod des letzten Grafen fiel das Grafschaft 1324 durch die Heiratsverbindung von Johanna von Pfirrt mit Herzog Albert II. von Habsburg an das Haus \u00d6sterreich und der Burg wurde zur Residenz eines \u00f6sterreichischen Vogtes. Die Ruinen gliedern sich in zwei Teile: die obere Burg mit einem im Kalkstein gehauenen Wohnturm und einer Plattform mit Panorama auf die Vogesen und die untere Burg mit mehreren runden T\u00fcrmen mit Feuer\u00f6ffnungen.<\/p>\n\n\n\n<p class=\" has-text-align-center eplus-wrapper\" style=\"margin-top:var(--wp--preset--spacing--10);margin-bottom:0;font-size:0.8rem\">68480 Ferrette<br><a href=\"http:\/\/www.sundgau-sudalsace.fr\" target=\"_blank\" rel=\"noreferrer noopener\">www.sundgau-sudalsace.fr<\/a><\/p>\n\n\n\n<p class=\"has-text-align-center has-contrast-3-color has-text-color has-link-color eplus-wrapper wp-elements-d180ffd1fcf6246be1c7692db50aee06\" style=\"margin-top:0;font-size:0.8em\">(Bild \u00a9INFRA &#8211; ADT)<\/p>\n<\/div>\n\n\n\n<div class=\"wp-block-column is-vertically-aligned-top eplus-wrapper is-layout-flow wp-block-column-is-layout-flow\" style=\"flex-basis:33.33%\">\n<h4 class=\" wp-block-heading has-text-align-center eplus-wrapper\" style=\"margin-top:0;margin-right:0;margin-bottom:var(--wp--preset--spacing--10);padding-top:0;padding-bottom:0\">8 Ch\u00e2teau du Hugstein<\/h4>\n\n\n<figure class=\"is-style-default  wp-block-image aligncenter size-full has-custom-border eplus-wrapper eplus-styles-uid-135982\" style=\"margin-top:0;margin-bottom:0\"><img decoding=\"async\" src=\"https:\/\/forte-cultura.com\/wp-content\/uploads\/9-Buhl-Guebwiller-Hugstein-641-%C2%A9-Pictural-ADT.jpg\" alt=\"\" class=\"wp-image-3076\" style=\"border-radius:10px;aspect-ratio:16\/9;object-fit:cover\"><figcaption class=\"wp-element-caption\">Burgruine Hugstein<\/figcaption><\/figure>\n\n\n<p class=\" has-text-align-center eplus-wrapper\" style=\"margin-top:0;margin-bottom:0;font-size:clamp(0.875rem, 0.875rem + ((1vw - 0.2rem) * 0.125), 0.95rem);line-height:1.4\">Die Burg Hugstein ist das einzige milit\u00e4rische mittelalterliche Denkmal dieser Gr\u00f6\u00dfe im Arrondissement Guebwiller. Auf einem felsigen H\u00fcgel gelegen, \u00fcberblickt sie Buhl und Guebwiller. Erbaut 1227 auf Initiative von Hugo von Rothenbourg, dem Abt von Murbach, diente sie als Hauptverteidigungsstelle des Abteistums. Im 13. Jahrhundert war die Burg auch ein Gef\u00e4ngnis f\u00fcr verr\u00e4terische Ritter. Der Abt Barth\u00e9lemy d&#8217;Andlau, der das Torhaus und zus\u00e4tzliche Mauern errichten lie\u00df, ist einer der bekanntesten Bewohner, bekannt f\u00fcr sein Wissen und seine strenge Verwaltung.<\/p>\n\n\n\n<p class=\" has-text-align-center eplus-wrapper\" style=\"margin-top:var(--wp--preset--spacing--10);margin-bottom:0;font-size:0.8rem\">68500 Guebwiller<br><a href=\"http:\/\/perso.wanadoo.fr\/chateauxforts-alsace\" data-type=\"link\" data-id=\"www.chateauxfortsalsace.com\" target=\"_blank\" rel=\"noreferrer noopener\">chateauxforts-alsace<\/a><\/p>\n\n\n\n<p class=\"has-text-align-center has-contrast-3-color has-text-color has-link-color eplus-wrapper wp-elements-1e0e202c946e75c65c794e7e49ca50af\" style=\"margin-top:0;margin-bottom:0;font-size:0.8rem\">(Bild \u00a9Pictural &#8211; ADT)<\/p>\n<\/div>\n\n\n\n<div class=\"wp-block-column is-vertically-aligned-top eplus-wrapper is-layout-flow wp-block-column-is-layout-flow\" style=\"flex-basis:33.33%\">\n<h4 class=\" wp-block-heading has-text-align-center eplus-wrapper\" style=\"margin-top:0;margin-right:0;margin-bottom:var(--wp--preset--spacing--10);padding-top:0;padding-bottom:0\">9 Ch\u00e2teau de Grand Geroldseck<\/h4>\n\n\n<figure class=\"is-style-default  wp-block-image aligncenter size-full has-custom-border eplus-wrapper eplus-styles-uid-135982\" style=\"margin-top:0;margin-bottom:0\"><img decoding=\"async\" src=\"https:\/\/forte-cultura.com\/wp-content\/uploads\/10-Haegen-Chateau-du-Grand-Geroldseck-DSC_8374-%C2%A9-INFRA-ADT.jpg\" alt=\"\" class=\"wp-image-3077\" style=\"border-radius:10px;aspect-ratio:16\/9;object-fit:cover\"><figcaption class=\"wp-element-caption\">Burgruine Gro\u00df-Geroldseck<\/figcaption><\/figure>\n\n\n<p class=\" has-text-align-center eplus-wrapper\" style=\"margin-top:0;margin-bottom:0;font-size:clamp(0.875rem, 0.875rem + ((1vw - 0.2rem) * 0.125), 0.95rem);line-height:1.4\">Die mittelalterlichen Burgruinen Gro\u00df- und Klein-Geroldseck sollen aus dem 12. Jahrhundert stammen. Sie sind von der Burg Hohbarr aus \u00fcber einen Wanderweg erreichbar.<\/p>\n\n\n\n<p class=\" has-text-align-center eplus-wrapper\" style=\"margin-top:var(--wp--preset--spacing--10);margin-bottom:0;font-size:0.8rem\">67700 Haegen<br><a href=\"http:\/\/progeroldseck.free.fr\" data-type=\"link\" data-id=\"www.chateauxfortsalsace.com\" target=\"_blank\" rel=\"noreferrer noopener\">progeroldseck.free.fr<\/a><\/p>\n\n\n\n<p class=\"has-text-align-center has-contrast-3-color has-text-color has-link-color eplus-wrapper wp-elements-bbc7350b0907ae0d45c60d78ee39fc6e\" style=\"margin-top:0;margin-bottom:0;font-size:0.8rem\">(Bild \u00a9INFRA &#8211; ADT)<\/p>\n<\/div>\n<\/div>\n\n<div class=\"wp-block-columns alignwide eplus-wrapper is-layout-flex wp-container-core-columns-is-layout-829fdb3e wp-block-columns-is-layout-flex eplus-styles-uid-e75121\" style=\"border-style:none;border-width:0px;border-radius:0px;padding-top:var(--wp--preset--spacing--20);padding-right:var(--wp--preset--spacing--10);padding-bottom:var(--wp--preset--spacing--20);padding-left:var(--wp--preset--spacing--10)\">\n<div class=\"wp-block-column is-vertically-aligned-top eplus-wrapper is-layout-flow wp-block-column-is-layout-flow\" style=\"flex-basis:33.34%\">\n<h4 class=\" wp-block-heading has-text-align-center eplus-wrapper\" style=\"margin-top:0;margin-right:0;margin-bottom:var(--wp--preset--spacing--10);padding-top:0;padding-bottom:0\">10 Ch\u00e2teau de Petit Geroldseck<\/h4>\n\n\n<figure class=\"is-style-default  wp-block-image aligncenter size-full has-custom-border eplus-wrapper eplus-styles-uid-135982\" style=\"margin-top:0;margin-bottom:0\"><img decoding=\"async\" src=\"https:\/\/forte-cultura.com\/wp-content\/uploads\/11-Chateau-de-Petit-Geroldseck-Haegen-%C2%A9Office-de-Tourisme-du-Commerce-du-Pays-de-Saverne-4.jpg\" alt=\"\" class=\"wp-image-3078\" style=\"border-radius:10px;aspect-ratio:16\/9;object-fit:cover\"><figcaption class=\"wp-element-caption\">Burgruine Klein Geroldseck<\/figcaption><\/figure>\n\n\n<p class=\" has-text-align-center eplus-wrapper\" style=\"margin-top:0;margin-bottom:0;font-size:clamp(0.875rem, 0.875rem + ((1vw - 0.2rem) * 0.125), 0.95rem);line-height:1.4\">Wahrscheinlich Mitte des 13. Jh. von den Herren von Geroldseck erbaut, war das kleine Geroldseck ein Lehen des Bistums Metz, das zur Herrschaft von Marmoutier geh\u00f6rte. Bereits 1235 erw\u00e4hnt, als &#8222;zwei L\u00e4ndereien von Gerolsec&#8220; genannt werden, wird es in der ersten H\u00e4lfte des 14. Jh. als neues Geroldseck bezeichnet. Die Burg scheint recht fr\u00fch, wahrscheinlich bereits im 15. Jh., aufgegeben worden zu sein, was zu ihrem schnellen Verfall beitrug. Heute bieten die \u00dcberreste einen faszinierenden Einblick in die mittelalterliche Geschichte der Region.<\/p>\n\n\n\n<p class=\" has-text-align-center eplus-wrapper\" style=\"margin-top:var(--wp--preset--spacing--10);margin-bottom:0;font-size:0.8rem\">67700 Haegen<br><a href=\"http:\/\/progeroldseck.free.fr\" data-type=\"link\" data-id=\"www.chateauxfortsalsace.com\" target=\"_blank\" rel=\"noreferrer noopener\">progeroldseck.free.fr<\/a><\/p>\n\n\n\n<p class=\"has-text-align-center has-contrast-3-color has-text-color has-link-color eplus-wrapper wp-elements-1d0ad271eb8490d364a38cca40cc73bd\" style=\"margin-top:0;margin-bottom:0;font-size:0.8rem\">(Bild \u00a9Office de Tourisme &amp; du Commerce du Pays de Saverne)<\/p>\n<\/div>\n\n\n\n<div class=\"wp-block-column is-vertically-aligned-top eplus-wrapper is-layout-flow wp-block-column-is-layout-flow\" style=\"flex-basis:33.34%\">\n<h4 class=\" wp-block-heading has-text-align-center eplus-wrapper\" style=\"margin-top:0;margin-right:0;margin-bottom:var(--wp--preset--spacing--10);padding-top:0;padding-bottom:0\">11 Ch\u00e2teau du Landsberg<\/h4>\n\n\n<figure class=\"is-style-default  wp-block-image aligncenter size-full has-custom-border eplus-wrapper eplus-styles-uid-135982\" style=\"margin-top:0;margin-bottom:0\"><img decoding=\"async\" src=\"https:\/\/forte-cultura.com\/wp-content\/uploads\/12-Heiligenstein-Chateau-du-Landsberg-DSC3255-%C2%A9-INFRA-ADT.jpg\" alt=\"\" class=\"wp-image-3079\" style=\"border-radius:10px;aspect-ratio:16\/9;object-fit:cover\"><figcaption class=\"wp-element-caption\">Burgruine Landsberg<\/figcaption><\/figure>\n\n\n<p class=\" has-text-align-center eplus-wrapper\" style=\"margin-top:0;margin-bottom:0;font-size:clamp(0.875rem, 0.875rem + ((1vw - 0.2rem) * 0.125), 0.95rem);line-height:1.4\">Die Burg wurde zwischen 1197 und 1200 von Conrad von Landsberg errichtet, um die Abteien Hohenbourg, Niedermunster und Andlau zu st\u00e4rken, sowie als Fluchtburg im Falle einer Bedrohung von Burg Niedernai. Die sch\u00f6nen romanischen Gitterfenster des Palasts und der Erker der Burgkapelle verleihen der Anlage eine gro\u00dfe Eleganz. Die Zerst\u00f6rung der Burg im Jahr 1632 wird den Schweden zugeschrieben.<\/p>\n\n\n\n<p class=\" has-text-align-center eplus-wrapper\" style=\"margin-top:var(--wp--preset--spacing--10);margin-bottom:0;font-size:0.8rem\">67140 Heiligenstein<br><a href=\"http:\/\/www.chateauxfortsalsace.com\" data-type=\"link\" data-id=\"www.chateauxfortsalsace.com\" target=\"_blank\" rel=\"noreferrer noopener\">www.chateauxfortsalsace.com<\/a><\/p>\n\n\n\n<p class=\"has-text-align-center has-contrast-3-color has-text-color has-link-color eplus-wrapper wp-elements-bbc7350b0907ae0d45c60d78ee39fc6e\" style=\"margin-top:0;margin-bottom:0;font-size:0.8rem\">(Bild \u00a9INFRA &#8211; ADT)<\/p>\n<\/div>\n\n\n\n<div class=\"wp-block-column eplus-wrapper is-layout-flow wp-block-column-is-layout-flow\" style=\"flex-basis:33.33%\">\n<h4 class=\" wp-block-heading has-text-align-center eplus-wrapper\" style=\"margin-bottom:var(--wp--preset--spacing--10)\">12 Le ch\u00e2teau du Wineck<\/h4>\n\n\n<figure class=\"is-style-default  wp-block-image aligncenter size-full has-custom-border eplus-wrapper eplus-styles-uid-135982\" style=\"margin-top:0;margin-bottom:0\"><img decoding=\"async\" src=\"https:\/\/forte-cultura.com\/wp-content\/uploads\/13-Katzenthal-chateau-du-Wineck-%C2%A9-OTVKB.jpg\" alt=\"\" class=\"wp-image-3080\" style=\"border-radius:10px;aspect-ratio:16\/9;object-fit:cover\"><figcaption class=\"wp-element-caption\">Burgruine Katzenthal<\/figcaption><\/figure>\n\n\n<p class=\" has-text-align-center eplus-wrapper\" style=\"margin-top:0;margin-bottom:0;font-size:clamp(0.875rem, 0.875rem + ((1vw - 0.2rem) * 0.125), 0.95rem);line-height:1.4\">Hoch \u00fcber Katzenthal erhebt sich die Burg Wineck, die um 1200 erbaut wurde und auf 330 Metern H\u00f6he steht, auch bekannt als \u201edie Burg der Weinreben\u201c wegen des umliegenden Weinbergs. Diese Festung umfasst einen 20 Meter hohen Donjon und beherbergt ein kleines Museum. Von diesem Ort aus k\u00f6nnen Sie einen Teil der els\u00e4ssischen Weinstra\u00dfe und die typischen D\u00f6rfer bewundern. Die Wineck l\u00e4sst sich mit der Familie bei einem Erlebnispfad im Katzen-Tal entdecken, der mit R\u00e4tseln erg\u00e4nzt wird. Ein Picknickbereich bietet eine genussvolle Pause.<\/p>\n\n\n\n<p class=\" has-text-align-center eplus-wrapper\" style=\"margin-top:var(--wp--preset--spacing--10);margin-bottom:0;font-size:0.8rem\">68230 Katzenthal<br><a href=\"http:\/\/www.kaysersberg.com\" target=\"_blank\" rel=\"noreferrer noopener\">www.kaysersberg.com<\/a><\/p>\n\n\n\n<p class=\"has-text-align-center has-contrast-3-color has-text-color has-link-color eplus-wrapper wp-elements-d842e773a4ed5ab7e591d5b1ba49c273\" style=\"margin-top:0;margin-bottom:0;font-size:0.8em\">(Bild \u00a9OTVKB)<\/p>\n<\/div>\n<\/div>\n\n\n<!--nextpage-->\n\n\n\n<div class=\"wp-block-group alignwide has-custom-verlauf-1-gradient-background has-background eplus-wrapper has-global-padding is-layout-constrained wp-block-group-is-layout-constrained\" style=\"padding-top:var(--wp--preset--spacing--20);padding-bottom:var(--wp--preset--spacing--20)\"><h3 class=\" wp-block-heading alignwide has-text-align-center eplus-wrapper eplus-styles-uid-80973f\" style=\"font-size:clamp(0.984rem, 0.984rem + ((1vw - 0.2rem) * 0.86), 1.5rem);\"><strong>Unsere FORTE CULTURA Reiseempfehlung<\/strong><\/h3>\n\n\n<h5 class=\"wp-block-heading alignwide has-text-align-center has-custom-farbe-1-color has-text-color has-link-color has-large-font-size eplus-wrapper wp-elements-f898a5ada290396de47770bf714a1bd6\" style=\"margin-top:var(--wp--preset--spacing--10);margin-bottom:0\">Route der Burgen und befestigten St\u00e4dte im Elsass (Seite 2\/4)<\/h5>\n\n\n\n<p class=\" has-text-align-center has-small-font-size eplus-wrapper\" style=\"margin-top:5px\"><em>Erarbeitet durch <em>FORTE CULTURA Partner<\/em><\/em> <em>Alsace Destination Tourisme (ADT).<\/em><\/p>\n<\/div>\n\n\n<div id=\"travelersmap-container-69f7627685b22\" class=\"travelersmap-container\" style=\"z-index: 1; min-height: 10px; min-width:10px; height:400px;width:100%; max-width:1280px; max-height:; position:relative;\"><div style=\"position:absolute; z-index:-1;top: 50%;text-align: center;display: block;left: 50%;transform: translate(-50%,-50%);\">Travelers' Map wird geladen &hellip;<br>Wenn du dies siehst, nachdem deine Seite vollst\u00e4ndig geladen wurde, fehlen leafletJS-Dateien.<\/div><\/div>\n\n\n<div class=\"wp-block-columns alignwide eplus-wrapper is-layout-flex wp-container-core-columns-is-layout-829fdb3e wp-block-columns-is-layout-flex eplus-styles-uid-893be2\" style=\"border-style:none;border-width:0px;border-radius:0px;padding-top:var(--wp--preset--spacing--20);padding-right:var(--wp--preset--spacing--10);padding-bottom:var(--wp--preset--spacing--20);padding-left:var(--wp--preset--spacing--10)\">\n<div class=\"wp-block-column is-vertically-aligned-top eplus-wrapper is-layout-flow wp-block-column-is-layout-flow\" style=\"flex-basis:33.34%\">\n<h4 class=\" wp-block-heading has-text-align-center eplus-wrapper\" style=\"margin-top:0;margin-right:0;margin-bottom:var(--wp--preset--spacing--10);padding-top:0;padding-bottom:0\">13 Le ch\u00e2teau de Kaysersberg<\/h4>\n\n\n<figure class=\"is-style-default  wp-block-image aligncenter size-full has-custom-border eplus-wrapper eplus-styles-uid-135982\" style=\"margin-top:0;margin-bottom:0\"><img decoding=\"async\" src=\"https:\/\/forte-cultura.com\/wp-content\/uploads\/14-Kaysersberg-chateau-de-Kaysersberg-%C2%A9-OTVKB-2.jpg\" alt=\"\" class=\"wp-image-3195\" style=\"border-radius:10px;aspect-ratio:16\/9;object-fit:cover\"><figcaption class=\"wp-element-caption\">Burgruine Kaysersberg<\/figcaption><\/figure>\n\n\n<p class=\" has-text-align-center eplus-wrapper\" style=\"margin-top:0;margin-bottom:0;font-size:clamp(0.875rem, 0.875rem + ((1vw - 0.2rem) * 0.125), 0.95rem);line-height:1.4\">Die ehemalige Reichsstadt Kaysersberg beherbergt eine Kaiserburg, die um 1200 erbaut wurde, um die Stra\u00dfen aus Lothringen zu kontrollieren. Diese strategische St\u00e4tte spielt eine Schl\u00fcsselrolle im Konflikt zwischen dem Reich und den Herz\u00f6gen von Lothringen. Die Burg zeichnet sich durch ihren riesigen zylindrischen Donjon aus, einen der \u00e4ltesten runden Donjons im Elsass, mit \u00fcber 4 m dicken Mauern. Im Inneren k\u00f6nnen Sie den Herrenbau mit seinen Spitzbogenfenstern bewundern. Verpassen Sie nicht die herrliche Aussicht vom Donjon: ein Panorama \u00fcber Kaysersberg, das Tal, den Weinberg und den Schwarzwald. Zwei Treppen und ein Weg durch die Weinberge f\u00fchren zu den \u00dcberresten.<\/p>\n\n\n\n<p class=\" has-text-align-center eplus-wrapper\" style=\"margin-top:var(--wp--preset--spacing--10);margin-bottom:0;font-size:0.8rem\">68240 Kaysersberg Vignoble<br><a href=\"http:\/\/www.kaysersberg.com\" target=\"_blank\" rel=\"noreferrer noopener\">www.kaysersberg.com<\/a><\/p>\n\n\n\n<p class=\"has-text-align-center has-contrast-3-color has-text-color has-link-color eplus-wrapper wp-elements-6e2d4e5eb05bfa4a7f41ebf27907fe0d\" style=\"margin-top:0;font-size:0.8em\">(Bild \u00a9OTVKB)<\/p>\n<\/div>\n\n\n\n<div class=\"wp-block-column is-vertically-aligned-top eplus-wrapper is-layout-flow wp-block-column-is-layout-flow\" style=\"flex-basis:33.34%\">\n<h4 class=\" wp-block-heading has-text-align-center eplus-wrapper\" style=\"margin-top:0;margin-right:0;margin-bottom:var(--wp--preset--spacing--10);padding-top:0;padding-bottom:0\">14 Ch\u00e2teau de Kintzheim<\/h4>\n\n\n<figure class=\"is-style-default  wp-block-image aligncenter size-full has-custom-border eplus-wrapper eplus-styles-uid-135982\" style=\"margin-top:0;margin-bottom:0\"><img decoding=\"async\" src=\"https:\/\/forte-cultura.com\/wp-content\/uploads\/15-Kintzheim-chateau-%C2%A9-A.-Meyer-Freund-SHKT-ADT.jpg\" alt=\"\" class=\"wp-image-3082\" style=\"border-radius:10px;aspect-ratio:16\/9;object-fit:cover\"><figcaption class=\"wp-element-caption\">Burgruine Kintzheim<\/figcaption><\/figure>\n\n\n<p class=\" has-text-align-center eplus-wrapper\" style=\"margin-top:0;margin-bottom:0;font-size:clamp(0.875rem, 0.875rem + ((1vw - 0.2rem) * 0.125), 0.95rem);line-height:1.4\">Die Burg wird erstmals 1270 erw\u00e4hnt und wurde im 15. Jahrhundert von der Stadt S\u00e9lestat gekauft, bevor es im 17. Jahrhundert weiterverkauft wurde. Es umfasst einen runden Donjon, eine Schildmauer, Wohnr\u00e4ume und eine Kapelle. Auf dem Gel\u00e4nde befindet sich die Greifvogelwarte, die eine beeindruckende Show bietet: Die gr\u00f6\u00dften Raubv\u00f6gel der Welt fliegen frei in den Ruinen des Schlosses. Es ist eine einzigartige Gelegenheit, V\u00f6gel, die in der Natur oft unzug\u00e4nglich sind, aus n\u00e4chster N\u00e4he zu beobachten. In dieser mittelalterlichen Kulisse fliegen die Greifv\u00f6gel nur wenige Zentimeter vom Publikum entfernt und schaffen ein unvergessliches Erlebnis.<\/p>\n\n\n\n<p class=\" has-text-align-center eplus-wrapper\" style=\"margin-top:var(--wp--preset--spacing--10);margin-bottom:0;font-size:0.8rem\">67600 Kintzheim<br><a href=\"http:\/\/www.voleriedesaigles.com\" data-type=\"link\" data-id=\"www.chateauxfortsalsace.com\" target=\"_blank\" rel=\"noreferrer noopener\">www.voleriedesaigles.com<\/a><\/p>\n\n\n\n<p class=\"has-text-align-center has-contrast-3-color has-text-color has-link-color eplus-wrapper wp-elements-f83a2eef3786c5edbb7d0e34ef8d2d0c\" style=\"margin-top:0;margin-bottom:0;font-size:0.8rem\">(Bild \u00a9A. Meyer-Freund &#8211; SHKT &#8211; ADT)<\/p>\n<\/div>\n\n\n\n<div class=\"wp-block-column eplus-wrapper is-layout-flow wp-block-column-is-layout-flow\" style=\"flex-basis:33.33%\">\n<h4 class=\" wp-block-heading has-text-align-center eplus-wrapper\" style=\"margin-bottom:var(--wp--preset--spacing--10)\">15 Ch\u00e2teau de La Petite Pierre<\/h4>\n\n\n<figure class=\"is-style-default  wp-block-image aligncenter size-full has-custom-border eplus-wrapper eplus-styles-uid-135982\" style=\"margin-top:0;margin-bottom:0\"><img decoding=\"async\" src=\"https:\/\/forte-cultura.com\/wp-content\/uploads\/16-La-Petite-Pierre-chateau-256-%C2%A9-C.Fleith-ADT.jpg\" alt=\"\" class=\"wp-image-3083\" style=\"border-radius:10px;aspect-ratio:16\/9;object-fit:cover\"><figcaption class=\"wp-element-caption\">Burg La Petite Pierre &#8211; Maison du Parc<\/figcaption><\/figure>\n\n\n<p class=\" has-text-align-center eplus-wrapper\" style=\"margin-top:0;margin-bottom:0;font-size:clamp(0.875rem, 0.875rem + ((1vw - 0.2rem) * 0.125), 0.95rem);line-height:1.4\">Im 13. Jahrhundert erbaut, wurde die Burg La Petite Pierre und ihre Befestigungen 1684 von Vauban modernisiert. Sie war ein strategischer Punkt zur Kontrolle des Durchgangs zwischen dem Elsass und Lothringen. Heute hat der Regionalpark der Nordvogesen dort seinen Sitz. Die Burg ist f\u00fcr die \u00d6ffentlichkeit geschlossen, aber der \u00e4u\u00dfere Burghof ist \u00fcber einen Rundgang mit Informationstafeln zur Geschichte zug\u00e4nglich. Diese St\u00e4tte bietet somit einen Einblick in ihre reiche Vergangenheit und bewahrt gleichzeitig ihren historischen Charakter.<\/p>\n\n\n\n<p class=\" has-text-align-center eplus-wrapper\" style=\"margin-top:var(--wp--preset--spacing--10);margin-bottom:0;font-size:0.8rem\">67290 La Petite Pierre<br><a href=\"http:\/\/www.parc-vosges-nord.fr\" target=\"_blank\" rel=\"noreferrer noopener\">www.parc-vosges-nord.fr<\/a><\/p>\n\n\n\n<p class=\"has-text-align-center has-contrast-3-color has-text-color has-link-color eplus-wrapper wp-elements-47b630df97b7c4f158bf0f558dfe8efb\" style=\"margin-top:0;margin-bottom:0;font-size:0.8em\">(Bild \u00a9C.Fleith &#8211; ADT)<\/p>\n<\/div>\n<\/div>\n\n<div class=\"wp-block-columns alignwide eplus-wrapper is-layout-flex wp-container-core-columns-is-layout-829fdb3e wp-block-columns-is-layout-flex eplus-styles-uid-65142d\" style=\"border-style:none;border-width:0px;border-radius:0px;padding-top:var(--wp--preset--spacing--20);padding-right:var(--wp--preset--spacing--10);padding-bottom:var(--wp--preset--spacing--20);padding-left:var(--wp--preset--spacing--10)\">\n<div class=\"wp-block-column is-vertically-aligned-top eplus-wrapper is-layout-flow wp-block-column-is-layout-flow\" style=\"flex-basis:33.34%\">\n<h4 class=\" wp-block-heading has-text-align-center eplus-wrapper\" style=\"margin-top:0;margin-right:0;margin-bottom:var(--wp--preset--spacing--10);padding-top:0;padding-bottom:0\">16 Le ch\u00e2teau du Hohnack<\/h4>\n\n\n<figure class=\"is-style-default  wp-block-image aligncenter size-full has-custom-border eplus-wrapper eplus-styles-uid-135982\" style=\"margin-top:0;margin-bottom:0\"><img decoding=\"async\" src=\"https:\/\/forte-cultura.com\/wp-content\/uploads\/17-Labaroche-Chateau-du-Hohnack-%C2%A9-M.-Schampion-ADT.jpg\" alt=\"\" class=\"wp-image-3084\" style=\"border-radius:10px;aspect-ratio:16\/9;object-fit:cover\"><figcaption class=\"wp-element-caption\">Burgruine Hohnack<\/figcaption><\/figure>\n\n\n<p class=\" has-text-align-center eplus-wrapper\" style=\"margin-top:0;margin-bottom:0;font-size:clamp(0.875rem, 0.875rem + ((1vw - 0.2rem) * 0.125), 0.95rem);line-height:1.4\">Das Schloss Hohnack, seit 1905 als historisches Denkmal eingestuft, wurde im 11. Jahrhundert von den Grafen von Eguisheim erbaut. Es ist die zweith\u00f6chste Burg im Elsass, die auf 940 Metern H\u00f6he liegt. Im 16. Jahrhundert wurden Arbeiten durchgef\u00fchrt, um die Festung f\u00fcr die Artillerie anzupassen. Der Name &#8222;Hohnack&#8220; stammt von &#8222;Hohen Acker&#8220;, was &#8222;Feld auf der H\u00f6he&#8220; bedeutet. Heute sind noch die Mauern und der donjon sichtbar, und man kann die Panoramaansicht \u00fcber das Munstertal und das Kaysersberger Tal genie\u00dfen. Dieser Ort bietet einen sch\u00f6nen Einblick in die Geschichte und atemberaubende Landschaft.<\/p>\n\n\n\n<p class=\" has-text-align-center eplus-wrapper\" style=\"margin-top:var(--wp--preset--spacing--10);margin-bottom:0;font-size:0.8rem\">68910 Labaroche<\/p>\n\n\n\n<p class=\"has-text-align-center has-contrast-3-color has-text-color has-link-color eplus-wrapper wp-elements-1fcfef65fd646eb65c4f624f16e736f2\" style=\"margin-top:0;font-size:0.8em\">(Bild \u00a9M. Schampion &#8211; ADT)<\/p>\n<\/div>\n\n\n\n<div class=\"wp-block-column is-vertically-aligned-top eplus-wrapper is-layout-flow wp-block-column-is-layout-flow\" style=\"flex-basis:33.34%\">\n<h4 class=\" wp-block-heading has-text-align-center eplus-wrapper\" style=\"margin-top:0;margin-right:0;margin-bottom:var(--wp--preset--spacing--10);padding-top:0;padding-bottom:0;font-size:em\">17 Ch\u00e2teau de Fleckenstein<\/h4>\n\n\n<figure class=\"is-style-default  wp-block-image aligncenter size-full has-custom-border eplus-wrapper eplus-styles-uid-135982\" style=\"margin-top:0;margin-bottom:0\"><img decoding=\"async\" src=\"https:\/\/forte-cultura.com\/wp-content\/uploads\/18-Lembach-Chateau-du-Fleckenstein-%C2%A9-C.-Fleith-ADT.jpg\" alt=\"\" class=\"wp-image-3085\" style=\"border-radius:10px;aspect-ratio:16\/9;object-fit:cover\"><figcaption class=\"wp-element-caption\">Burgruine Fleckenstein<\/figcaption><\/figure>\n\n\n<p class=\" has-text-align-center eplus-wrapper\" style=\"margin-top:0;margin-bottom:0;font-size:clamp(0.875rem, 0.875rem + ((1vw - 0.2rem) * 0.125), 0.95rem);line-height:1.4\">Die Burg Fleckenstein, gelegen im Elsass, ist ein beeindruckendes mittelalterliches Relikt, das im 12. Jahrhundert erbaut wurde. Auf einem Felsen thronend, bietet sie einen Panoramablick \u00fcber das Tal der Zorn. Ihre komplexe Struktur umfasst Verteidigungselemente wie T\u00fcrme und Mauern, die die architektonische Genialit\u00e4t der damaligen Zeit veranschaulichen. 1680 wurde die Burg nach Zerst\u00f6rungen aufgegeben und ist heute eine beliebte Touristenattraktion, wo Besucher ihre Ruinen erkunden und die faszinierende Geschichte wertsch\u00e4tzen k\u00f6nnen. Rund um die Burg gibt es Wanderwege, die die nat\u00fcrliche Sch\u00f6nheit der Region erschlie\u00dfen.<\/p>\n\n\n\n<p class=\" has-text-align-center eplus-wrapper\" style=\"margin-top:var(--wp--preset--spacing--10);margin-bottom:0;font-size:0.8rem\">67510 Lembach<br><a href=\"http:\/\/www.fleckenstein.fr\" data-type=\"link\" data-id=\"www.chateauxfortsalsace.com\" target=\"_blank\" rel=\"noreferrer noopener\">www.fleckenstein.fr<\/a><\/p>\n\n\n\n<p class=\"has-text-align-center has-contrast-3-color has-text-color has-link-color eplus-wrapper wp-elements-3f2008ab84a75f3e5d9d6d54243fc148\" style=\"margin-top:0;margin-bottom:0;font-size:0.8rem\">(Bild \u00a9C. Fleith &#8211; ADT)<\/p>\n<\/div>\n\n\n\n<div class=\"wp-block-column eplus-wrapper is-layout-flow wp-block-column-is-layout-flow\" style=\"flex-basis:33.33%\">\n<h4 class=\" wp-block-heading has-text-align-center eplus-wrapper\" style=\"margin-bottom:var(--wp--preset--spacing--10)\">18 Ch\u00e2teau de Froensbourg<\/h4>\n\n\n<figure class=\"is-style-default  wp-block-image aligncenter size-full has-custom-border eplus-wrapper eplus-styles-uid-135982\" style=\"margin-top:0;margin-bottom:0\"><img decoding=\"async\" src=\"https:\/\/forte-cultura.com\/wp-content\/uploads\/19-Niedersteinbach-Chateau-de-Froensbourg-D850961-%C2%A9-INFRA-ADT.jpg\" alt=\"\" class=\"wp-image-3086\" style=\"border-radius:10px;aspect-ratio:16\/9;object-fit:cover\"><figcaption class=\"wp-element-caption\">Burgruine Froensbourg<\/figcaption><\/figure>\n\n\n<p class=\" has-text-align-center eplus-wrapper\" style=\"margin-top:0;margin-bottom:0;font-size:clamp(0.875rem, 0.875rem + ((1vw - 0.2rem) * 0.125), 0.95rem);line-height:1.4\">Eine beeindruckende halb-troglodytische Burg, die im 13. Jahrhundert von einem Zweig der Fleckenstein erbaut wurde, wurde der Froensbourg ein Unterschlupf f\u00fcr R\u00e4uberritter. Sie wurde 1348 von der Allianz f\u00fcr den \u00f6ffentlichen Frieden belagert und zerst\u00f6rt. 1389 wurde sie von den Br\u00fcdern Emich und Sygfrid von Loewenstein als Pf\u00e4lzisches Lehen neu aufgebaut. 1481 geh\u00f6rte sie teilweise den Fleckenstein, die 1484 einen Wohnturm hinzuf\u00fcgten. Nach der Annexion des Elsass an Frankreich wurde die Burg 1677 abgerissen, k\u00f6nnte aber schon lange zuvor verlassen worden sein. Seit dem 11. M\u00e4rz 2022 ist der Zugang zur Burg aus Sicherheitsgr\u00fcnden verboten.<\/p>\n\n\n\n<p class=\" has-text-align-center eplus-wrapper\" style=\"margin-top:var(--wp--preset--spacing--10);margin-bottom:0;font-size:0.8rem\">67510 Lembach<\/p>\n\n\n\n<p class=\"has-text-align-center has-contrast-3-color has-text-color has-link-color eplus-wrapper wp-elements-b4f626102aec054749ba0249e3bd364f\" style=\"margin-top:0;margin-bottom:0;font-size:0.8em\">(Bild \u00a9INFRA &#8211; ADT)<\/p>\n<\/div>\n<\/div>\n\n<div class=\"wp-block-columns alignwide eplus-wrapper is-layout-flex wp-container-core-columns-is-layout-829fdb3e wp-block-columns-is-layout-flex eplus-styles-uid-6cf808\" style=\"border-style:none;border-width:0px;border-radius:0px;padding-top:var(--wp--preset--spacing--20);padding-right:var(--wp--preset--spacing--10);padding-bottom:var(--wp--preset--spacing--20);padding-left:var(--wp--preset--spacing--10)\">\n<div class=\"wp-block-column is-vertically-aligned-top eplus-wrapper is-layout-flow wp-block-column-is-layout-flow\" style=\"flex-basis:33.34%\">\n<h4 class=\" wp-block-heading has-text-align-center eplus-wrapper\" style=\"margin-top:0;margin-right:0;margin-bottom:var(--wp--preset--spacing--10);padding-top:0;padding-bottom:0;font-size:clamp(0.979rem, 0.979rem + ((1vw - 0.2rem) * 0.852), 1.49rem);\">19 Fleckenstein, le Ch\u00e2teau des D\u00e9fis<\/h4>\n\n\n<figure class=\"is-style-default  wp-block-image aligncenter size-full has-custom-border eplus-wrapper eplus-styles-uid-135982\" style=\"margin-top:0;margin-bottom:0\"><img decoding=\"async\" src=\"https:\/\/forte-cultura.com\/wp-content\/uploads\/20-Lembach-Chateau-du-Fleckenstein-%C2%A9ADT-E.List-10.jpg\" alt=\"\" class=\"wp-image-3087\" style=\"border-radius:10px;aspect-ratio:16\/9;object-fit:cover\"><figcaption class=\"wp-element-caption\">Burgruine Fleckenstein, die Challenge Burg<\/figcaption><\/figure>\n\n\n<p class=\" has-text-align-center eplus-wrapper\" style=\"margin-top:0;margin-bottom:0;font-size:clamp(0.875rem, 0.875rem + ((1vw - 0.2rem) * 0.125), 0.95rem);line-height:1.4\">Begeben Sie sich auf eine Reise ins Herz des Mittelalters! Begleitet von der Figur Kim stellen Sie sich 25 Herausforderungen, um den Baron zu befreien und die L\u00e4ndereien von Fleckenstein zu retten. Ein riesiger Spielplatz, auf dem Realit\u00e4t und Fantasie verschmelzen, erwartet Sie. Ein unterhaltsames Outdoor-Abenteuer f\u00fcr die ganze Familie! Alles beginnt mit dem Diebstahl eines Grimoires, das die Formel enth\u00e4lt, um Eisenerz in Gold zu verwandeln. Die schlimmsten Katastrophen fallen \u00fcber die L\u00e4ndereien von Fleckenstein. Gl\u00fccklicherweise hat der Alchemist des Schlosses es geschafft, sich in den Wald zu retten und Kim um Hilfe zu rufen. Eine spannende und fesselnde Quest erwartet Sie im und um das Schloss.<\/p>\n\n\n\n<p class=\" has-text-align-center eplus-wrapper\" style=\"margin-top:var(--wp--preset--spacing--10);margin-bottom:0;font-size:0.8rem\">67510 Lembach<br><a href=\"http:\/\/www.fleckenstein.fr\" target=\"_blank\" rel=\"noreferrer noopener\">www.chateaudelichtenberg.alsace<\/a><\/p>\n\n\n\n<p class=\"has-text-align-center has-contrast-3-color has-text-color has-link-color eplus-wrapper wp-elements-abb6633bc8fdab4b4cd80f8f7c7f8c1f\" style=\"margin-top:0;font-size:0.8em\">(Bild \u00a9ADT-E.List)<\/p>\n<\/div>\n\n\n\n<div class=\"wp-block-column is-vertically-aligned-top eplus-wrapper is-layout-flow wp-block-column-is-layout-flow\" style=\"flex-basis:33.34%\">\n<h4 class=\" wp-block-heading has-text-align-center eplus-wrapper\" style=\"margin-top:0;margin-right:0;margin-bottom:var(--wp--preset--spacing--10);padding-top:0;padding-bottom:0\">20 Ch\u00e2teau du Landskron<\/h4>\n\n\n<figure class=\"is-style-default  wp-block-image aligncenter size-full has-custom-border eplus-wrapper eplus-styles-uid-135982\" style=\"margin-top:0;margin-bottom:0\"><img decoding=\"async\" src=\"https:\/\/forte-cultura.com\/wp-content\/uploads\/21-Leymen-Chateau-du-Landskron-DSCN4655-%C2%A9-D.-Foucre-ADT.jpg\" alt=\"\" class=\"wp-image-3088\" style=\"border-radius:10px;aspect-ratio:16\/9;object-fit:cover\"><figcaption class=\"wp-element-caption\">Burgruine Landskron<\/figcaption><\/figure>\n\n\n<p class=\" has-text-align-center eplus-wrapper\" style=\"margin-top:0;margin-bottom:0;font-size:clamp(0.875rem, 0.875rem + ((1vw - 0.2rem) * 0.125), 0.95rem);line-height:1.4\">Hoch oben im Els\u00e4sser Jura, unweit des Dorfes Leymen und der Schweiz, \u00fcberblickt die Burg Landskron das gesamte Tal. Sie wurde 1689 nach Pl\u00e4nen von Vauban zur Garnison umgebaut, 1817 verbrannt und bombardiert und schlie\u00dflich 1923 als historisches Denkmal klassifiziert. Der Donjon aus dem 13. Jahrhundert, T\u00fcrme, \u00dcberreste der Kapelle und des Brunnens bieten ein angenehmes Ziel f\u00fcr einen Ausflug ins Gr\u00fcne. Ganzj\u00e4hrig freie Besichtigung.<\/p>\n\n\n\n<p class=\" has-text-align-center eplus-wrapper\" style=\"margin-top:var(--wp--preset--spacing--10);margin-bottom:0;font-size:0.8rem\">68220 Leymen<br><a href=\"http:\/\/www.prolandskron.fr\" target=\"_blank\" rel=\"noreferrer noopener\">www.prolandskron.fr<\/a><\/p>\n\n\n\n<p class=\"has-text-align-center has-contrast-3-color has-text-color has-link-color eplus-wrapper wp-elements-c006aa79a7bc01637be3902e8f17b30f\" style=\"margin-top:0;margin-bottom:0;font-size:0.8rem\">(Bild \u00a9D. Foucr\u00e9 &#8211; ADT)<\/p>\n<\/div>\n\n\n\n<div class=\"wp-block-column is-vertically-aligned-top eplus-wrapper is-layout-flow wp-block-column-is-layout-flow\" style=\"flex-basis:33.34%\">\n<h4 class=\" wp-block-heading has-text-align-center eplus-wrapper\" style=\"margin-top:0;margin-right:0;margin-bottom:var(--wp--preset--spacing--10);padding-top:0;padding-bottom:0\">21 Ch\u00e2teau de Lichtenberg<\/h4>\n\n\n<figure class=\"is-style-default  wp-block-image aligncenter size-full has-custom-border eplus-wrapper eplus-styles-uid-135982\" style=\"margin-top:0;margin-bottom:0\"><img decoding=\"async\" src=\"https:\/\/forte-cultura.com\/wp-content\/uploads\/22-Lichtenberg-chateau-9-%C2%A9-C.Fleith-ADT.jpg\" alt=\"\" class=\"wp-image-3089\" style=\"border-radius:10px;aspect-ratio:16\/9;object-fit:cover\"><figcaption class=\"wp-element-caption\">Burg Lichtenberg<\/figcaption><\/figure>\n\n\n<p class=\" has-text-align-center eplus-wrapper\" style=\"margin-top:0;margin-bottom:0;font-size:clamp(0.875rem, 0.875rem + ((1vw - 0.2rem) * 0.125), 0.95rem);line-height:1.4\">Ein Ort, um Ged\u00e4chtnis wiederzufinden, im Moment zu leben und die Zukunft zu begr\u00fc\u00dfen. Die restaurierte Festung, reich an Geschichte seit dem 13. Jahrhundert, verbindet Tradition und Moderne. Eine Mischung aus Sandstein, Holz und Kupfer passt den Ort f\u00fcr neue touristische Funktionen an, bleibt aber reversibel, um seinen urspr\u00fcnglichen Zustand zu bewahren. Jetzt ein wichtiger Ort f\u00fcr Geschichte und Ausstellungen, ist er auch ein Zentrum f\u00fcr die Interpretation des Erbes. Interaktive Module erm\u00f6glichen es den Besuchern, Architektur und die Sanierung des Schlosses zu entdecken. Freier Besuch w\u00e4hrend der \u00d6ffnungszeiten.<\/p>\n\n\n\n<p class=\" has-text-align-center eplus-wrapper\" style=\"margin-top:var(--wp--preset--spacing--10);margin-bottom:0;font-size:0.8rem\">67340 Lichtenberg<br><a href=\"http:\/\/www.chateaudelichtenberg.alsace\" target=\"_blank\" rel=\"noreferrer noopener\">www.chateaudelichtenberg.alsace<\/a><\/p>\n\n\n\n<p class=\"has-text-align-center has-contrast-3-color has-text-color has-link-color eplus-wrapper wp-elements-a6a63895bee2c27651c93e57a456d06c\" style=\"margin-top:0;font-size:0.8em\">(Bild \u00a9C.Fleith &#8211; ADT)<\/p>\n<\/div>\n<\/div>\n\n<div class=\"wp-block-columns alignwide eplus-wrapper is-layout-flex wp-container-core-columns-is-layout-829fdb3e wp-block-columns-is-layout-flex eplus-styles-uid-5809de\" style=\"border-style:none;border-width:0px;border-radius:0px;padding-top:var(--wp--preset--spacing--20);padding-right:var(--wp--preset--spacing--10);padding-bottom:var(--wp--preset--spacing--20);padding-left:var(--wp--preset--spacing--10)\">\n<div class=\"wp-block-column is-vertically-aligned-top eplus-wrapper is-layout-flow wp-block-column-is-layout-flow\" style=\"flex-basis:33.34%\">\n<h4 class=\" wp-block-heading has-text-align-center eplus-wrapper\" style=\"margin-top:0;margin-right:0;margin-bottom:var(--wp--preset--spacing--10);padding-top:0;padding-bottom:0\">22 Ch\u00e2teau de Lorentzen<\/h4>\n\n\n<figure class=\"is-style-default  wp-block-image aligncenter size-full has-custom-border eplus-wrapper eplus-styles-uid-135982\" style=\"margin-top:0;margin-bottom:0\"><img decoding=\"async\" src=\"https:\/\/forte-cultura.com\/wp-content\/uploads\/23-Lorentzen-Chateau-La-Grange-aux-Paysages-%C2%A9ADT-E.List-11.jpg\" alt=\"\" class=\"wp-image-3090\" style=\"border-radius:10px;aspect-ratio:16\/9;object-fit:cover\"><figcaption class=\"wp-element-caption\">Burgruine Lorentzen<\/figcaption><\/figure>\n\n\n<p class=\" has-text-align-center eplus-wrapper\" style=\"margin-top:0;margin-bottom:0;font-size:clamp(0.875rem, 0.875rem + ((1vw - 0.2rem) * 0.125), 0.95rem);line-height:1.4\">Das Schloss Lorentzen, eine Wasserburg aus dem 14. Jahrhundert, war einst durch einen von der Eichel gespeisten Graben gesch\u00fctzt. Die Scheune und die M\u00fchle aus dem 18. Jahrhundert bieten einen sch\u00f6nen Blick auf das Schloss, das 2008 rehabilitiert wurde. Obwohl das Schloss privat und bewohnt ist, sind die Au\u00dfenbereiche zug\u00e4nglich, und die Nebengeb\u00e4ude stehen der \u00d6ffentlichkeit offen. Die D\u00eemi\u00e8re-Scheune beherbergt die Ausstellung &#8222;Geheimnisse der Landschaften&#8220; sowie das Tourismusb\u00fcro, w\u00e4hrend die Burgm\u00fchle in eine Empfangstelle f\u00fcr \u00dcbernachtungund Gastronomie f\u00fcr Gruppen umgewandelt wurde.<\/p>\n\n\n\n<p class=\" has-text-align-center eplus-wrapper\" style=\"margin-top:var(--wp--preset--spacing--10);margin-bottom:0;font-size:0.8rem\">67430 Lorentzen<\/p>\n\n\n\n<p class=\"has-text-align-center has-contrast-3-color has-text-color has-link-color eplus-wrapper wp-elements-86ae615ed95c1052c98c511bef880e2f\" style=\"margin-top:0;margin-bottom:0;font-size:0.8rem\">(Bild \u00a9ADT-E.List)<\/p>\n<\/div>\n\n\n\n<div class=\"wp-block-column eplus-wrapper is-layout-flow wp-block-column-is-layout-flow\" style=\"flex-basis:33.33%\">\n<h4 class=\" wp-block-heading has-text-align-center eplus-wrapper\" style=\"margin-bottom:var(--wp--preset--spacing--10)\">23 Le ch\u00e2teau de Guirbaden<\/h4>\n\n\n<figure class=\"is-style-default  wp-block-image aligncenter size-full has-custom-border eplus-wrapper eplus-styles-uid-135982\" style=\"margin-top:0;margin-bottom:0\"><img decoding=\"async\" src=\"https:\/\/forte-cultura.com\/wp-content\/uploads\/24-Mollkirch-chateau-du-Guirbaden-%C2%A9-C.Fleith-ADT.jpg\" alt=\"\" class=\"wp-image-3091\" style=\"border-radius:10px;aspect-ratio:16\/9;object-fit:cover\"><figcaption class=\"wp-element-caption\">Burgruine Guirbaden<\/figcaption><\/figure>\n\n\n<p class=\" has-text-align-center eplus-wrapper\" style=\"margin-top:0;margin-bottom:0;font-size:clamp(0.875rem, 0.875rem + ((1vw - 0.2rem) * 0.125), 0.95rem);line-height:1.4\">Der Guirbaden, ein Zeugnis der Zeit, als das Elsass Teil des Heiligen R\u00f6mischen Reiches war, wurde zwischen dem 10. und 13. Jahrhundert erbaut. Er befindet sich 1 km vom Dorf Mollkirch entfernt, auf den H\u00fcgeln, die das Bruche-Tal \u00fcberblicken, umgeben vom Vogesenwald. Mit einer Fl\u00e4che von 2 Hektar ist er die gr\u00f6\u00dfte und eine der \u00e4ltesten Burgen im Elsass. Heute kann man noch den Wohnbau, den Donjon, den Hunger-Turm, Teile der Umfassungsmauern sowie die Kapelle Saint-Valentin bewundern. Der Ort bietet einen herrlichen Blick auf die Els\u00e4sser Ebene und das Bruche-Tal.<\/p>\n\n\n\n<p class=\" has-text-align-center eplus-wrapper\" style=\"margin-top:var(--wp--preset--spacing--10);margin-bottom:0;font-size:0.8rem\">67190 Mollkirch<br><a href=\"http:\/\/www.sauver-le-guirbaden.fr\/\" target=\"_blank\" rel=\"noreferrer noopener\">www.sauver-le-guirbaden.fr<\/a><\/p>\n\n\n\n<p class=\"has-text-align-center has-contrast-3-color has-text-color has-link-color eplus-wrapper wp-elements-47b630df97b7c4f158bf0f558dfe8efb\" style=\"margin-top:0;margin-bottom:0;font-size:0.8em\">(Bild \u00a9C.Fleith &#8211; ADT)<\/p>\n<\/div>\n\n\n\n<div class=\"wp-block-column eplus-wrapper is-layout-flow wp-block-column-is-layout-flow\" style=\"flex-basis:33.33%\">\n<h4 class=\" wp-block-heading has-text-align-center eplus-wrapper\" style=\"margin-bottom:var(--wp--preset--spacing--10)\">24 Ch\u00e2teau du Frankenbourg<\/h4>\n\n\n<figure class=\"is-style-default  wp-block-image aligncenter size-full has-custom-border eplus-wrapper eplus-styles-uid-135982\" style=\"margin-top:0;margin-bottom:0\"><img decoding=\"async\" src=\"https:\/\/forte-cultura.com\/wp-content\/uploads\/25-Neubois-Chateau-du-Frankenbourg-9-%C2%A9-M.-Schampion-ADT.jpg\" alt=\"\" class=\"wp-image-3092\" style=\"border-radius:10px;aspect-ratio:16\/9;object-fit:cover\"><figcaption class=\"wp-element-caption\">Burgruine Frankenbourg<\/figcaption><\/figure>\n\n\n<p class=\" has-text-align-center eplus-wrapper\" style=\"margin-top:0;margin-bottom:0;font-size:clamp(0.875rem, 0.875rem + ((1vw - 0.2rem) * 0.125), 0.95rem);line-height:1.4\">Vom Schloss aus versteht der Besucher leicht, warum dieser konische Gipfel (703 m) f\u00fcr den Bau der Frankenbourg gew\u00e4hlt wurde. Da er am \u00dcbergang der T\u00e4ler Argent und Vill\u00e9 liegt, konnte man von hier aus die alte Salzstra\u00dfe und andere wichtige Wege kontrollieren. Der Bau geht wahrscheinlich auf das fr\u00fche 12. Jh. zur\u00fcck. 1196 wird die Familie Frankenbourg-Werd Landgraf von Niederalzace und Vertreter des Kaisers. Schnell im Niedergang, ging das Lehen an das Bistum Stra\u00dfburg \u00fcber und wurde von verschiedenen Familien verwaltet. Das Gro\u00dfkapitel verwaltete das Schloss von 1489 bis 1789, aber es wurde ab dem 17. Jahrhundert allm\u00e4hlich aufgegeben, mit der letzten Erw\u00e4hnung im Jahr 1634.<\/p>\n\n\n\n<p class=\" has-text-align-center eplus-wrapper\" style=\"margin-top:var(--wp--preset--spacing--10);margin-bottom:0;font-size:0.8rem\">67220 Neubois<br><a href=\"http:\/\/tourisme.valleedeville\" target=\"_blank\" rel=\"noreferrer noopener\">tourisme.valleedeville<\/a><\/p>\n\n\n\n<p class=\"has-text-align-center has-contrast-3-color has-text-color has-link-color eplus-wrapper wp-elements-07e04360071310087ccc040d823571a5\" style=\"margin-top:0;margin-bottom:0;font-size:0.8em\">(Bild \u00a9M. Schampion-ADT)<\/p>\n<\/div>\n<\/div>\n\n\n<!--nextpage-->\n\n\n\n<div class=\"wp-block-group alignwide has-custom-verlauf-1-gradient-background has-background eplus-wrapper has-global-padding is-layout-constrained wp-block-group-is-layout-constrained\" style=\"padding-top:var(--wp--preset--spacing--20);padding-bottom:var(--wp--preset--spacing--20)\"><h3 class=\" wp-block-heading alignwide has-text-align-center eplus-wrapper eplus-styles-uid-80973f\" style=\"font-size:clamp(0.984rem, 0.984rem + ((1vw - 0.2rem) * 0.86), 1.5rem);\"><strong>Unsere FORTE CULTURA Reiseempfehlung<\/strong><\/h3>\n\n\n<h5 class=\"wp-block-heading alignwide has-text-align-center has-custom-farbe-1-color has-text-color has-link-color has-large-font-size eplus-wrapper wp-elements-24fa9ed36fb691133fea73ee9380aa2b\" style=\"margin-top:var(--wp--preset--spacing--10);margin-bottom:0\">Route der Burgen und befestigten St\u00e4dte im Elsass (Seite 3\/4)<\/h5>\n\n\n\n<p class=\" has-text-align-center has-small-font-size eplus-wrapper\" style=\"margin-top:5px\"><em>Erarbeitet durch <em>FORTE CULTURA Partner<\/em><\/em> <em>Alsace Destination Tourisme (ADT).<\/em><\/p>\n<\/div>\n\n\n<div id=\"travelersmap-container-69f76276877c9\" class=\"travelersmap-container\" style=\"z-index: 1; min-height: 10px; min-width:10px; height:400px;width:100%; max-width:1280px; max-height:; position:relative;\"><div style=\"position:absolute; z-index:-1;top: 50%;text-align: center;display: block;left: 50%;transform: translate(-50%,-50%);\">Travelers' Map wird geladen &hellip;<br>Wenn du dies siehst, nachdem deine Seite vollst\u00e4ndig geladen wurde, fehlen leafletJS-Dateien.<\/div><\/div>\n\n\n<div class=\"wp-block-columns alignwide eplus-wrapper is-layout-flex wp-container-core-columns-is-layout-829fdb3e wp-block-columns-is-layout-flex eplus-styles-uid-cf9948\" style=\"border-style:none;border-width:0px;border-radius:0px;padding-top:var(--wp--preset--spacing--20);padding-right:var(--wp--preset--spacing--10);padding-bottom:var(--wp--preset--spacing--20);padding-left:var(--wp--preset--spacing--10)\">\n<div class=\"wp-block-column is-vertically-aligned-top eplus-wrapper is-layout-flow wp-block-column-is-layout-flow\" style=\"flex-basis:33.34%\">\n<h4 class=\" wp-block-heading has-text-align-center eplus-wrapper\" style=\"margin-top:0;margin-right:0;margin-bottom:var(--wp--preset--spacing--10);padding-top:0;padding-bottom:0;font-size:clamp(0.984em, 0.984rem + ((1vw - 0.2em) * 0.86), 1.5em);\">25 Ch\u00e2teau de la Wasenbourg<\/h4>\n\n\n<figure class=\"is-style-default  wp-block-image aligncenter size-full has-custom-border eplus-wrapper eplus-styles-uid-135982\" style=\"margin-top:0;margin-bottom:0\"><img decoding=\"async\" src=\"https:\/\/forte-cultura.com\/wp-content\/uploads\/26-Niederbronn-les-Bains-Chateau-Wasenbourg-%C2%A9-G.Maciel-ADT.jpg\" alt=\"\" class=\"wp-image-3093\" style=\"border-radius:10px;aspect-ratio:16\/9;object-fit:cover\"><figcaption class=\"wp-element-caption\">Burgruine Wasenbourg<\/figcaption><\/figure>\n\n\n<p class=\" has-text-align-center eplus-wrapper\" style=\"margin-top:0;margin-bottom:0;font-size:clamp(0.875rem, 0.875rem + ((1vw - 0.2rem) * 0.125), 0.95rem);line-height:1.4\">Als historisches Monument am 6. Dezember 1898 klassifiziert, pr\u00e4sentiert die Burg ein au\u00dfergew\u00f6hnliches gotisches Fenster mit 9 Lanzetten und 7 Oculus, einzigartig im Elsass, in einem flachen Bogen mit restaurierten Mauerwerk. Eine beeindruckende Schildmauer von 4 Metern Dicke sch\u00fctzt den Innenhof und das Wohngeb\u00e4ude. Im Inneren ziert ein fries mit einem menschlichen Kopf aus dem 13. Jh. das Wohngeb\u00e4ude. Eine Gedenktafel erinnert an Goethes Besuch im Jahr 1771. Hinter der Ruine befinden sich \u00dcberreste eines galloromanischen Tempels, der Merkur gewidmet ist. Ein r\u00f6misches Relief von Merkur ist im Arch\u00e4ologiemuseum von Niederbronn-les-Bains ausgestellt.<\/p>\n\n\n\n<p class=\" has-text-align-center eplus-wrapper\" style=\"margin-top:var(--wp--preset--spacing--10);margin-bottom:0;font-size:0.8rem\">67110 Niederbronn les Bains<br><a href=\"http:\/\/www.alsace-verte.com\" target=\"_blank\" rel=\"noreferrer noopener\">www.alsace-verte.com<\/a><\/p>\n\n\n\n<p class=\"has-text-align-center has-contrast-3-color has-text-color has-link-color eplus-wrapper wp-elements-1aff69ff050ba772858c8c02abdb3a54\" style=\"margin-top:0;margin-bottom:0;font-size:0.8rem\">(Bild \u00a9G.Maciel &#8211; ADT)<\/p>\n<\/div>\n\n\n\n<div class=\"wp-block-column eplus-wrapper is-layout-flow wp-block-column-is-layout-flow\" style=\"flex-basis:33.33%\">\n<h4 class=\" wp-block-heading has-text-align-center eplus-wrapper\" style=\"margin-bottom:var(--wp--preset--spacing--10)\">26 Ch\u00e2teau de Wasigenstein<\/h4>\n\n\n<figure class=\"is-style-default  wp-block-image aligncenter size-full has-custom-border eplus-wrapper eplus-styles-uid-135982\" style=\"margin-top:0;margin-bottom:0\"><img decoding=\"async\" src=\"https:\/\/forte-cultura.com\/wp-content\/uploads\/27-Niedersteinbach-Chateau-du-Wasigenstein-1-%C2%A9-M.-Schampion-ADT.jpg\" alt=\"\" class=\"wp-image-3094\" style=\"border-radius:10px;aspect-ratio:16\/9;object-fit:cover\"><figcaption class=\"wp-element-caption\">Burgruine Wasigenstein<\/figcaption><\/figure>\n\n\n<p class=\" has-text-align-center eplus-wrapper\" style=\"margin-top:0;margin-bottom:0;font-size:clamp(0.875rem, 0.875rem + ((1vw - 0.2rem) * 0.125), 0.95rem);line-height:1.4\">Zwei Burgruinen stehen auf felsigen Vorspr\u00fcngen, die durch eine nat\u00fcrliche Spalte getrennt sind. Im Osten erhebt sich der Grand-Wasigenstein, der Mitte des 13. Jahrhunderts als Kaiserburg mit einem pentagonalen Donjon erbaut wurde. Im Westen befindet sich der Petit-Wasigenstein, der um 1299 von einem Zweig der Familie Wasigenstein errichtet wurde und dessen Donjon und Schildmauer sich zu seinem Nachbarn wenden. Mit dem Aussterben der Wasigenstein-Linie im 14. Jahrhundert wechselten die Burgen mehrfach den Besitzer, darunter die Fleckenstein und Hohenbourg, bevor sie im Drei\u00dfigj\u00e4hrigen Krieg zerst\u00f6rt wurden. Erhalten sind Treppen, in den Fels gehauene R\u00e4ume und eine Zisterne.<\/p>\n\n\n\n<p class=\" has-text-align-center eplus-wrapper\" style=\"margin-top:var(--wp--preset--spacing--10);margin-bottom:0;font-size:0.8rem\">67510 Niedersteinbach<\/p>\n\n\n\n<p class=\"has-text-align-center has-contrast-3-color has-text-color has-link-color eplus-wrapper wp-elements-3372c60e128bb9ede4532fede75de3c5\" style=\"margin-top:0;margin-bottom:0;font-size:0.8em\">(Bild \u00a9M. Schampion &#8211; ADT)<\/p>\n<\/div>\n\n\n\n<div class=\"wp-block-column eplus-wrapper is-layout-flow wp-block-column-is-layout-flow\" style=\"flex-basis:33.33%\">\n<h4 class=\" wp-block-heading has-text-align-center eplus-wrapper\" style=\"margin-bottom:var(--wp--preset--spacing--10)\">27 Ruines des Ch\u00e2teaux du Nideck<\/h4>\n\n\n<figure class=\"is-style-default  wp-block-image aligncenter size-full has-custom-border eplus-wrapper eplus-styles-uid-135982\" style=\"margin-top:0;margin-bottom:0\"><img decoding=\"async\" src=\"https:\/\/forte-cultura.com\/wp-content\/uploads\/28-Oberhaslach-Chateau-Nideck-%C2%A9-E.List-ADT.jpg\" alt=\"\" class=\"wp-image-3043\" style=\"border-radius:10px;aspect-ratio:16\/9;object-fit:cover\"><figcaption class=\"wp-element-caption\">Burgruine Nideck<\/figcaption><\/figure>\n\n\n<p class=\" has-text-align-center eplus-wrapper\" style=\"margin-top:0;margin-bottom:0;font-size:clamp(0.875rem, 0.875rem + ((1vw - 0.2rem) * 0.125), 0.95rem);line-height:1.4\">Die Burg Nideck, ein mittelalterliches Relikt, befindet sich in Oberhaslach, 40 km von Stra\u00dfburg entfernt. Sie besteht aus zwei deutlich getrennten Burgen, die aus einem Erbteilungsdokument von 1336 stammen. Die Burgen stehen auf einem 534 Meter hohen Grat, der das Tal der Hasel \u00fcberragt. Die obere Burg hat einen Graben, w\u00e4hrend die untere, aus der Mitte des 13. Jahrhunderts, einen quadratischen Donjon besitzt. Erstmals 1264 erw\u00e4hnt, war sie ein Lehen des Bischofs von Stra\u00dfburg. 1448 wurde sie w\u00e4hrend des Wasselonne-Kriegs belagert und 1636 durch ein Feuer zerst\u00f6rt. Die Legende von Nideck inspirierte den Dichter Adelbert von Chamisso.<\/p>\n\n\n\n<p class=\" has-text-align-center eplus-wrapper\" style=\"margin-top:var(--wp--preset--spacing--10);margin-bottom:0;font-size:0.8rem\">67280 Oberhaslach<br><a href=\"http:\/\/www.chateauxfortsalsace.com\/fr\/chateau\/le-chateau-du-nideck\/\" target=\"_blank\" rel=\"noreferrer noopener\">www.chateauxfortsalsace.com<\/a><\/p>\n\n\n\n<p class=\"has-text-align-center has-contrast-3-color has-text-color has-link-color eplus-wrapper wp-elements-062f11cde10a31376d13ea334fe41afa\" style=\"margin-top:0;margin-bottom:0;font-size:0.8em\">(Bild \u00a9E.List &#8211; ADT)<\/p>\n<\/div>\n<\/div>\n\n<div class=\"wp-block-columns alignwide eplus-wrapper is-layout-flex wp-container-core-columns-is-layout-829fdb3e wp-block-columns-is-layout-flex eplus-styles-uid-a12685\" style=\"border-style:none;border-width:0px;border-radius:0px;padding-top:var(--wp--preset--spacing--20);padding-right:var(--wp--preset--spacing--10);padding-bottom:var(--wp--preset--spacing--20);padding-left:var(--wp--preset--spacing--10)\">\n<div class=\"wp-block-column is-vertically-aligned-top eplus-wrapper is-layout-flow wp-block-column-is-layout-flow\" style=\"flex-basis:33.34%\">\n<h4 class=\" wp-block-heading has-text-align-center eplus-wrapper\" style=\"margin-top:0;margin-right:0;margin-bottom:var(--wp--preset--spacing--10);padding-top:0;padding-bottom:0\">28 Ch\u00e2teau du Morimont<\/h4>\n\n\n<figure class=\"is-style-default  wp-block-image aligncenter size-full has-custom-border eplus-wrapper eplus-styles-uid-135982\" style=\"margin-top:0;margin-bottom:0\"><img decoding=\"async\" src=\"https:\/\/forte-cultura.com\/wp-content\/uploads\/29-Oberlarg-Chateau-du-Morimont-707-%C2%A9-Pictural-ADT.jpg\" alt=\"\" class=\"wp-image-3044\" style=\"border-radius:10px;aspect-ratio:16\/9;object-fit:cover\"><figcaption class=\"wp-element-caption\">Burgruine Morimont<\/figcaption><\/figure>\n\n\n<p class=\" has-text-align-center eplus-wrapper\" style=\"margin-top:0;margin-bottom:0;font-size:clamp(0.875rem, 0.875rem + ((1vw - 0.2rem) * 0.125), 0.95rem);line-height:1.4\">Die Burg Morimont ist derzeit f\u00fcr Renovierungsarbeiten geschlossen. Sie k\u00f6nnen jedoch die Ruinen umrunden und durch die Gitter einen Blick ins Innere sowie in die gew\u00f6lbte Keller sehen. Zum ersten Mal 1183 erw\u00e4hnt, kontrollierte die Burg das obere Tal der Largue. Sie wurde w\u00e4hrend des Drei\u00dfigj\u00e4hrigen Krieges von franz\u00f6sischen Truppen zerst\u00f6rt. 1826 schworen dort jurassische Patrioten, ihr Land von der bernischen Herrschaft zu befreien, was 1978 geschah. Erkunden Sie die Mauern, die T\u00fcrme und den einzigartigen gew\u00f6lbten Keller, w\u00e4hrend Sie den Zugangspfad nutzen.<\/p>\n\n\n\n<p class=\" has-text-align-center eplus-wrapper\" style=\"margin-top:var(--wp--preset--spacing--10);margin-bottom:0;font-size:0.8rem\">68480 Oberlarg<br><a href=\"http:\/\/www.sundgau-sudalsace.fr\" target=\"_blank\" rel=\"noreferrer noopener\">www.sundgau-sudalsace.fr<\/a><\/p>\n\n\n\n<p class=\"has-text-align-center has-contrast-3-color has-text-color has-link-color eplus-wrapper wp-elements-1e0e202c946e75c65c794e7e49ca50af\" style=\"margin-top:0;margin-bottom:0;font-size:0.8rem\">(Bild \u00a9Pictural &#8211; ADT)<\/p>\n<\/div>\n\n\n\n<div class=\"wp-block-column eplus-wrapper is-layout-flow wp-block-column-is-layout-flow\" style=\"flex-basis:33.33%\">\n<h4 class=\" wp-block-heading has-text-align-center eplus-wrapper\" style=\"margin-bottom:var(--wp--preset--spacing--10)\">29 Ch\u00e2teau du Kagenfels<\/h4>\n\n\n<figure class=\"is-style-default  wp-block-image aligncenter size-full has-custom-border eplus-wrapper eplus-styles-uid-135982\" style=\"margin-top:0;margin-bottom:0\"><img decoding=\"async\" src=\"https:\/\/forte-cultura.com\/wp-content\/uploads\/30-Kagenfels%C2%A9Kagenfels-2.jpg\" alt=\"\" class=\"wp-image-3045\" style=\"border-radius:10px;aspect-ratio:16\/9;object-fit:cover\"><figcaption class=\"wp-element-caption\">Burgruine Kagenfels\n<\/figcaption><\/figure>\n\n\n<p class=\" has-text-align-center eplus-wrapper\" style=\"margin-top:0;margin-bottom:0;font-size:clamp(0.875rem, 0.875rem + ((1vw - 0.2rem) * 0.125), 0.95rem);line-height:1.4\">Die um 1262 von Albrecht von Kagen erbaute Burg wurde im 14. und 15. Jahrhundert insgesamt vier Mal zerst\u00f6rt. Wieder aufgebaut um 1430, anschlie\u00dfend erweitert und um 1507 von der Familie Uttenheim aufgestockt, steht sie seit Ende des 16. Jahrhunderts leer. Arch\u00e4ologische Ausgrabungen und Restaurierungsarbeiten enth\u00fcllen seit 2002 die eindrucksvolle Architektur und Gr\u00f6\u00dfe von Burg Kagenfels.<\/p>\n\n\n\n<p class=\" has-text-align-center eplus-wrapper\" style=\"margin-top:var(--wp--preset--spacing--10);margin-bottom:0;font-size:0.8rem\">67210 Obernai<br><a href=\"http:\/\/www.kagenfels.org\/\" target=\"_blank\" rel=\"noreferrer noopener\">www.kagenfels.org<\/a><\/p>\n\n\n\n<p class=\"has-text-align-center has-contrast-3-color has-text-color has-link-color eplus-wrapper wp-elements-ecebff975598faa69b1c15e473c53b58\" style=\"margin-top:0;margin-bottom:0;font-size:0.8em\">(Bild \u00a9Kagenfels 2)<\/p>\n<\/div>\n\n\n\n<div class=\"wp-block-column eplus-wrapper is-layout-flow wp-block-column-is-layout-flow\" style=\"flex-basis:33.33%\">\n<h4 class=\" wp-block-heading has-text-align-center eplus-wrapper\" style=\"margin-bottom:var(--wp--preset--spacing--10)\">30 Ch\u00e2teau du Petit-Arnsbourg<\/h4>\n\n\n<figure class=\"is-style-default  wp-block-image aligncenter size-full has-custom-border eplus-wrapper eplus-styles-uid-135982\" style=\"margin-top:0;margin-bottom:0\"><img decoding=\"async\" src=\"https:\/\/forte-cultura.com\/wp-content\/uploads\/31-Petit-Arnsbourg-Obersteinbach-%C2%A9-OTI-de-lAlsace-Verte-C.Fleckinger.jpg\" alt=\"\" class=\"wp-image-3046\" style=\"border-radius:10px;aspect-ratio:16\/9;object-fit:cover\"><figcaption class=\"wp-element-caption\">Ruine Kleine Burg Arnsbourg Obersteinbach<\/figcaption><\/figure>\n\n\n<p class=\" has-text-align-center eplus-wrapper\" style=\"margin-top:0;margin-bottom:0;font-size:clamp(0.875rem, 0.875rem + ((1vw - 0.2rem) * 0.125), 0.95rem);line-height:1.4\">Die Burg, ein echter Adlerhorst, wurde im 14. Jh. als Vorposten der Abtei von Wei\u00dfenburg errichtet und 1335 als Lehen an den Ritter Friedrich von Wasigenstein vergeben, der zum Wegelagerer wurde. Die Friedensw\u00e4chter griffen milit\u00e4risch ein, um die Burg zu belagern. 1360 wurde sie von den Herren von Ochsenstein besetzt. Nach ihrem Aussterben ging die Burg 1485 an die Grafen von Zweibr\u00fccken-Bitsch \u00fcber, die sie restaurierten. Sie wechselte mehrmals den Besitzer, bevor sie 1606 in den Besitz der Grafen von Hanau-Lichtenberg \u00fcberging und wurde wahrscheinlich nach dem Drei\u00dfigj\u00e4hrigen Krieg abgerissen. Zu den \u00dcberresten geh\u00f6ren Treppen und in den Fels gehauene G\u00e4nge sowie \u00dcberreste des herrschaftlichen Palastes.<\/p>\n\n\n\n<p class=\" has-text-align-center eplus-wrapper\" style=\"margin-top:var(--wp--preset--spacing--10);margin-bottom:0;font-size:0.8rem\">67510 Obersteinbach<br><a href=\"http:\/\/www.alsace-verte.com\" target=\"_blank\" rel=\"noreferrer noopener\">www.alsace-verte.com<\/a><\/p>\n\n\n\n<p class=\"has-text-align-center has-contrast-3-color has-text-color has-link-color eplus-wrapper wp-elements-8f870ae23964703a7628deb90fd1b221\" style=\"margin-top:0;margin-bottom:0;font-size:0.8em\">(Bild \u00a9OTI de l&#8217;Alsace Verte &#8211; C.Fleckinger)<\/p>\n<\/div>\n<\/div>\n\n<div class=\"wp-block-columns alignwide eplus-wrapper is-layout-flex wp-container-core-columns-is-layout-829fdb3e wp-block-columns-is-layout-flex eplus-styles-uid-d7ac37\" style=\"border-style:none;border-width:0px;border-radius:0px;padding-top:var(--wp--preset--spacing--20);padding-right:var(--wp--preset--spacing--10);padding-bottom:var(--wp--preset--spacing--20);padding-left:var(--wp--preset--spacing--10)\">\n<div class=\"wp-block-column is-vertically-aligned-top eplus-wrapper is-layout-flow wp-block-column-is-layout-flow\" style=\"flex-basis:33.34%\">\n<h4 class=\" wp-block-heading has-text-align-center eplus-wrapper\" style=\"margin-top:0;margin-right:0;margin-bottom:var(--wp--preset--spacing--10);padding-top:0;padding-bottom:0\">31 Ch\u00e2teau de Lutzelhardt<\/h4>\n\n\n<figure class=\"is-style-default  wp-block-image aligncenter size-full has-custom-border eplus-wrapper eplus-styles-uid-135982\" style=\"margin-top:0;margin-bottom:0\"><img decoding=\"async\" src=\"https:\/\/forte-cultura.com\/wp-content\/uploads\/32-Obersteinbach-Chateau-Lutzelhardt-%C2%A9-M.-Schampion-6-ADT.jpg\" alt=\"\" class=\"wp-image-3047\" style=\"border-radius:10px;aspect-ratio:16\/9;object-fit:cover\"><figcaption class=\"wp-element-caption\">Burgruine Lutzelhardt<\/figcaption><\/figure>\n\n\n<p class=\" has-text-align-center eplus-wrapper\" style=\"margin-top:0;margin-bottom:0;font-size:clamp(0.875rem, 0.875rem + ((1vw - 0.2rem) * 0.125), 0.95rem);line-height:1.4\">Der Bau der Burg wird dem Herzog von Lothringen um die Mitte des 12. Jahrhunderts zugeschrieben, um das Kloster Sturzelbronn zu sch\u00fctzen. 1297 erwarben die Grafen von Bitche, die Garanten der lothringischen Grenze, die Burg. 1363 wurde sie ein Hinterlehen der Fleckenstein und gelangte 1450 in die H\u00e4nde von Wirich von Hohenbourg. 1570 wurde die Burg von den Truppen des Herzogs von Lothringen besetzt und 1606 aufgegeben. Einige glauben, dass Lutzelhardt bereits in Ruinen lag, m\u00f6glicherweise w\u00e4hrend des Bauernkriegs 1525 zerst\u00f6rt, w\u00e4hrend andere behaupten, dass die Burg im Drei\u00dfigj\u00e4hrigen Krieg zerst\u00f6rt wurde. Heute sind \u00dcberreste eines quadratischen Donjons, mehrerer Wohnr\u00e4ume, eines Brunnens und eines Zisternenreservoirs erhalten.<\/p>\n\n\n\n<p class=\" has-text-align-center eplus-wrapper\" style=\"margin-top:var(--wp--preset--spacing--10);margin-bottom:0;font-size:0.8rem\">67510 Obersteinbach<br><a href=\"http:\/\/www.chateauxfortsalsace.com\" target=\"_blank\" rel=\"noreferrer noopener\">www.chateauxfortsalsace.com<\/a><\/p>\n\n\n\n<p class=\"has-text-align-center has-contrast-3-color has-text-color has-link-color eplus-wrapper wp-elements-71edb8722997ef5c7f08e646da0da32e\" style=\"margin-top:0;margin-bottom:0;font-size:0.8rem\">(Bild \u00a9M. Schampion &#8211; ADT)<\/p>\n<\/div>\n\n\n\n<div class=\"wp-block-column eplus-wrapper is-layout-flow wp-block-column-is-layout-flow\" style=\"flex-basis:33.33%\">\n<h4 class=\" wp-block-heading has-text-align-center eplus-wrapper\" style=\"margin-bottom:var(--wp--preset--spacing--10)\">32 Ch\u00e2teau du Haut-Koenigsbourg<\/h4>\n\n\n<figure class=\"is-style-default  wp-block-image aligncenter size-full has-custom-border eplus-wrapper eplus-styles-uid-135982\" style=\"margin-top:0;margin-bottom:0\"><img decoding=\"async\" src=\"https:\/\/forte-cultura.com\/wp-content\/uploads\/33-Orschwiller-Chateau-Haut-Koenigsbourg-048-%C2%A9-C.FLEITH-ADT.jpg\" alt=\"\" class=\"wp-image-3048\" style=\"border-radius:10px;aspect-ratio:16\/9;object-fit:cover\"><figcaption class=\"wp-element-caption\">Schloss Haut-Koenigsbourg<\/figcaption><\/figure>\n\n\n<p class=\" has-text-align-center eplus-wrapper\" style=\"margin-top:0;margin-bottom:0;font-size:clamp(0.875rem, 0.875rem + ((1vw - 0.2rem) * 0.125), 0.95rem);line-height:1.4\">Auf einem Vogesen-Gipfel thront die Burg Haut-Koenigsbourg, eine der emblematischsten St\u00e4tten im Elsass. Im 12. Jahrhundert erbaut, wurde sie im 15. Jahrhundert umgestaltet und entwickelte sich zu einer imposanten Festung und einem Symbol der kaiserlichen Macht. Ihre dicken Mauern, majest\u00e4tischen T\u00fcrme und pr\u00e4chtigen, dekorierten R\u00e4ume erz\u00e4hlen die tumultu\u00f6se Geschichte der Region. Der Panoramablick auf die Elsass-Ebene und die umliegenden Vogesen macht sie zu einem beliebten Ziel f\u00fcr Besucher. Haut-Koenigsbourg begeistert mit ihrer Architektur und ihrer faszinierenden Geschichte.<\/p>\n\n\n\n<p class=\" has-text-align-center eplus-wrapper\" style=\"margin-top:var(--wp--preset--spacing--10);margin-bottom:0;font-size:0.8rem\">67600 Orschwiller<br><a href=\"http:\/\/www.haut-koenigsbourg.fr\" target=\"_blank\" rel=\"noreferrer noopener\">www.haut-koenigsbourg.fr<\/a><\/p>\n\n\n\n<p class=\"has-text-align-center has-contrast-3-color has-text-color has-link-color eplus-wrapper wp-elements-0cdd77b062ac4b009650d4f7a192fe25\" style=\"margin-top:0;margin-bottom:0;font-size:0.8em\">(Bild \u00a9C.FLEITH &#8211; ADT)<\/p>\n<\/div>\n\n\n\n<div class=\"wp-block-column eplus-wrapper is-layout-flow wp-block-column-is-layout-flow\" style=\"flex-basis:33.33%\">\n<h4 class=\" wp-block-heading has-text-align-center eplus-wrapper\" style=\"margin-bottom:var(--wp--preset--spacing--10)\">33 Ch\u00e2teau du Birkenfels<\/h4>\n\n\n<figure class=\"is-style-default  wp-block-image aligncenter size-full has-custom-border eplus-wrapper eplus-styles-uid-135982\" style=\"margin-top:0;margin-bottom:0\"><img decoding=\"async\" src=\"https:\/\/forte-cultura.com\/wp-content\/uploads\/34-Obernai-Chateau-du-Birkenfels-DSC_9823-HDR-%C2%A9-INFRA-ADT.jpg\" alt=\"\" class=\"wp-image-3049\" style=\"border-radius:10px;aspect-ratio:16\/9;object-fit:cover\"><figcaption class=\"wp-element-caption\">Burgruine Birkenfels<\/figcaption><\/figure>\n\n\n<p class=\" has-text-align-center eplus-wrapper\" style=\"margin-top:0;margin-bottom:0;font-size:clamp(0.875rem, 0.875rem + ((1vw - 0.2rem) * 0.125), 0.95rem);line-height:1.4\">Entdecken Sie ein charmantes kleines Wohnschloss, das um 1260 erbaut wurde. Sein Hauptgeb\u00e4ude, das \u00fcber drei Ebenen strukturiert ist, weist Nischen-Schie\u00dfscharten und gro\u00dfe Fenster mit mehreren \u00d6ffnungen auf, die Licht hereinlassen und Ausblicke auf die umliegenden Landschaften bieten. Obwohl der pentagonale Donjon unvollendet bleibt, verleiht er diesem Bauwerk eine geheimnisvolle Note. Dieses Schloss l\u00e4dt ein, in die Vergangenheit einzutauchen und gleichzeitig die Authentizit\u00e4t und den Charme alter Steine zu genie\u00dfen.<\/p>\n\n\n\n<p class=\" has-text-align-center eplus-wrapper\" style=\"margin-top:var(--wp--preset--spacing--10);margin-bottom:0;font-size:0.8rem\">67530 Ottrott<br><a href=\"http:\/\/www.alsace-verte.com\" target=\"_blank\" rel=\"noreferrer noopener\">www.alsace-verte.com<\/a><\/p>\n\n\n\n<p class=\"has-text-align-center has-contrast-3-color has-text-color has-link-color eplus-wrapper wp-elements-b4f626102aec054749ba0249e3bd364f\" style=\"margin-top:0;margin-bottom:0;font-size:0.8em\">(Bild \u00a9INFRA &#8211; ADT)<\/p>\n<\/div>\n<\/div>\n\n<div class=\"wp-block-columns alignwide eplus-wrapper is-layout-flex wp-container-core-columns-is-layout-829fdb3e wp-block-columns-is-layout-flex eplus-styles-uid-3c3b82\" style=\"border-style:none;border-width:0px;border-radius:0px;padding-top:var(--wp--preset--spacing--20);padding-right:var(--wp--preset--spacing--10);padding-bottom:var(--wp--preset--spacing--20);padding-left:var(--wp--preset--spacing--10)\">\n<div class=\"wp-block-column is-vertically-aligned-top eplus-wrapper is-layout-flow wp-block-column-is-layout-flow\" style=\"flex-basis:33.34%\">\n<h4 class=\" wp-block-heading has-text-align-center eplus-wrapper\" style=\"margin-top:0;margin-right:0;margin-bottom:var(--wp--preset--spacing--10);padding-top:0;padding-bottom:0\">34 Les ch\u00e2teaux d&#8217;Ottrott<\/h4>\n\n\n<figure class=\"is-style-default  wp-block-image aligncenter size-full has-custom-border eplus-wrapper eplus-styles-uid-135982\" style=\"margin-top:0;margin-bottom:0\"><img decoding=\"async\" src=\"https:\/\/forte-cultura.com\/wp-content\/uploads\/35-Ottrott-Chateau-de-Rathsamhausen-2%C2%A9Hello-Travelers-Margot-Julien-ADT.jpg\" alt=\"\" class=\"wp-image-3050\" style=\"border-radius:10px;aspect-ratio:16\/9;object-fit:cover\"><figcaption class=\"wp-element-caption\">Die Burgruinen Ottrott<\/figcaption><\/figure>\n\n\n<p class=\" has-text-align-center eplus-wrapper\" style=\"margin-top:0;margin-bottom:0;font-size:clamp(0.875rem, 0.875rem + ((1vw - 0.2rem) * 0.125), 0.95rem);line-height:1.4\">Der Rathsamhausen und der Lutzelbourg sind zwei majest\u00e4tische mittelalterliche Burgen, die \u00fcber die Els\u00e4sser Ebene bei der Gemeinde Ottrott thronen. Der Rathsamhausen zeichnet sich durch seinen einzigartigen &#8222;Donjon-Palast&#8220; in Elsass aus, dessen beeindruckende \u00dcberreste einen faszinierenden Einblick in das Leben seiner ehemaligen Bewohner bieten.<\/p>\n\n\n\n<p class=\" has-text-align-center eplus-wrapper\" style=\"margin-top:var(--wp--preset--spacing--10);margin-bottom:0;font-size:0.8rem\">67530 Ottrott<br><a href=\"http:\/\/www.facebook.com\/PierreCaillouZumSteinInOttrott\/?locale=fr_FR\" target=\"_blank\" rel=\"noreferrer noopener\">Facebook<\/a><\/p>\n\n\n\n<p class=\"has-text-align-center has-contrast-3-color has-text-color has-link-color eplus-wrapper wp-elements-5b48e90e0a64eec240cf56a8b1c2ea54\" style=\"margin-top:0;margin-bottom:0;font-size:0.8rem\">(Bild \u00a9Hello Travelers-Margot &amp; Julien-ADT)<\/p>\n<\/div>\n\n\n\n<div class=\"wp-block-column eplus-wrapper is-layout-flow wp-block-column-is-layout-flow\" style=\"flex-basis:33.33%\">\n<h4 class=\" wp-block-heading has-text-align-center eplus-wrapper\" style=\"margin-bottom:var(--wp--preset--spacing--10)\">35 Ch\u00e2teau de Girsberg<\/h4>\n\n\n<figure class=\"is-style-default  wp-block-image aligncenter size-full has-custom-border eplus-wrapper eplus-styles-uid-135982\" style=\"margin-top:0;margin-bottom:0\"><img decoding=\"async\" src=\"https:\/\/forte-cultura.com\/wp-content\/uploads\/36-Ribeauville-Chateau-de-Girsberg-25-%C2%A9-D.-Lett-ADT.jpg\" alt=\"\" class=\"wp-image-3051\" style=\"border-radius:10px;aspect-ratio:16\/9;object-fit:cover\"><figcaption class=\"wp-element-caption\">Burgruine Girsberg<\/figcaption><\/figure>\n\n\n<p class=\" has-text-align-center eplus-wrapper\" style=\"margin-top:0;margin-bottom:0;font-size:clamp(0.875rem, 0.875rem + ((1vw - 0.2rem) * 0.125), 0.95rem);line-height:1.4\">Auf fast unzug\u00e4nglichen Felsen, gegen\u00fcber der Burg St. Ulrich, wurde die Burg Girsberg mit ihrem pentagonalen Donjon um 1250 von den Ribeaupierre auf einem Felsvorsprung erbaut, wahrscheinlich um die Verteidigung ihrer Burg zu verst\u00e4rken. Dieses kleine Bauwerk diente den Ribeaupierre nie als Wohnsitz. Zu Beginn des 14. Jh wurde es der adligen Familie Girsberg zugeordnet, die ihm ihren Namen gab. Die heute sichtbaren \u00dcberreste stammen aus mehreren Epochen: Der pentagonale Donjon, aus Stein, Granit und Sandstein, stammt aus dem 13. Jahrhundert und ist als historisches Monument klassifiziert. Das Wohngeb\u00e4ude, das aus zwei Geb\u00e4uden und einem halbrunden Turm besteht, stammt aus dem 14. Jh.<\/p>\n\n\n\n<p class=\" has-text-align-center eplus-wrapper\" style=\"margin-top:var(--wp--preset--spacing--10);margin-bottom:0;font-size:0.8rem\">68150 Ribeauville<\/p>\n\n\n\n<p class=\"has-text-align-center has-contrast-3-color has-text-color has-link-color eplus-wrapper wp-elements-618bb90e4a8da1127dc27bf5089e77e5\" style=\"margin-top:0;margin-bottom:0;font-size:0.8em\">(Bild \u00a9D. Lett &#8211; ADT)<\/p>\n<\/div>\n\n\n\n<div class=\"wp-block-column eplus-wrapper is-layout-flow wp-block-column-is-layout-flow\" style=\"flex-basis:33.33%\">\n<h4 class=\" wp-block-heading has-text-align-center eplus-wrapper\" style=\"margin-bottom:var(--wp--preset--spacing--10)\">36 Ch\u00e2teau du Haut Ribeaupierre <\/h4>\n\n\n<figure class=\"is-style-default  wp-block-image aligncenter size-full has-custom-border eplus-wrapper eplus-styles-uid-135982\" style=\"margin-top:0;margin-bottom:0\"><img decoding=\"async\" src=\"https:\/\/forte-cultura.com\/wp-content\/uploads\/37-Ribeauville-Chateau-du-Haut-Ribeaupierre-DSC_1417-%C2%A9-INFRA-ADT.jpg\" alt=\"\" class=\"wp-image-3052\" style=\"border-radius:10px;aspect-ratio:16\/9;object-fit:cover\"><figcaption class=\"wp-element-caption\">Burgruine Hoher Ribeaupierre (oder Altenkastel)<\/figcaption><\/figure>\n\n\n<p class=\" has-text-align-center eplus-wrapper\" style=\"margin-top:0;margin-bottom:0;font-size:clamp(0.875rem, 0.875rem + ((1vw - 0.2rem) * 0.125), 0.95rem);line-height:1.4\">\u00dcber Ribeauvill\u00e9 thront der Haut-Ribeaupierre, fr\u00fcher \u201eAltencastel\u201c, auf 645 m H\u00f6he. Er wurde im 12. Jahrhundert erbaut, um das Ch\u00e2teau Saint-Ulrich zu sichern, und erstmals 1254 erw\u00e4hnt. Ein runder Turm sch\u00fctzt das Logis, das einen Innenhof mit Gew\u00f6lbewasserbeh\u00e4lter \u00fcberragt. Der Graben und die Wehrmauer im Osten verst\u00e4rken die Verteidigung. 1288 wohnt Anselme de Ribeaupierre dort. Die Burg dient w\u00e4hrend des Hundertj\u00e4hrigen Krieges als Gef\u00e4ngnis und wird im 16. Jahrhundert aufgegeben. Heute sind die \u00dcberreste in Renovierung,<\/p>\n\n\n\n<p class=\" has-text-align-center eplus-wrapper\" style=\"margin-top:var(--wp--preset--spacing--10);margin-bottom:0;font-size:0.8rem\">68150 Ribeauville<\/p>\n\n\n\n<p class=\"has-text-align-center has-contrast-3-color has-text-color has-link-color eplus-wrapper wp-elements-b4f626102aec054749ba0249e3bd364f\" style=\"margin-top:0;margin-bottom:0;font-size:0.8em\">(Bild \u00a9INFRA &#8211; ADT)<\/p>\n<\/div>\n<\/div>\n\n\n<!--nextpage-->\n\n\n\n<div class=\"wp-block-group alignwide has-custom-verlauf-1-gradient-background has-background eplus-wrapper has-global-padding is-layout-constrained wp-block-group-is-layout-constrained\" style=\"padding-top:var(--wp--preset--spacing--20);padding-bottom:var(--wp--preset--spacing--20)\"><h3 class=\" wp-block-heading alignwide has-text-align-center eplus-wrapper eplus-styles-uid-80973f\" style=\"font-size:clamp(0.984rem, 0.984rem + ((1vw - 0.2rem) * 0.86), 1.5rem);\"><strong>Unsere FORTE CULTURA Reiseempfehlung<\/strong><\/h3>\n\n\n<h5 class=\"wp-block-heading alignwide has-text-align-center has-custom-farbe-1-color has-text-color has-link-color has-large-font-size eplus-wrapper wp-elements-ea9f3ea8b79324d4b038e8f9453a6e91\" style=\"margin-top:var(--wp--preset--spacing--10);margin-bottom:0\">Route der Burgen und befestigten St\u00e4dte im Elsass (Seite 4\/4)<\/h5>\n\n\n\n<p class=\" has-text-align-center has-small-font-size eplus-wrapper\" style=\"margin-top:5px\"><em>Erarbeitet durch <em>FORTE CULTURA Partner<\/em><\/em> <em>Alsace Destination Tourisme (ADT).<\/em><\/p>\n<\/div>\n\n\n<div id=\"travelersmap-container-69f762768932a\" class=\"travelersmap-container\" style=\"z-index: 1; min-height: 10px; min-width:10px; height:400px;width:100%; max-width:1280px; max-height:; position:relative;\"><div style=\"position:absolute; z-index:-1;top: 50%;text-align: center;display: block;left: 50%;transform: translate(-50%,-50%);\">Travelers' Map wird geladen &hellip;<br>Wenn du dies siehst, nachdem deine Seite vollst\u00e4ndig geladen wurde, fehlen leafletJS-Dateien.<\/div><\/div>\n\n\n<div class=\"wp-block-columns alignwide eplus-wrapper is-layout-flex wp-container-core-columns-is-layout-829fdb3e wp-block-columns-is-layout-flex eplus-styles-uid-49e4fb\" style=\"border-style:none;border-width:0px;border-radius:0px;padding-top:var(--wp--preset--spacing--20);padding-right:var(--wp--preset--spacing--10);padding-bottom:var(--wp--preset--spacing--20);padding-left:var(--wp--preset--spacing--10)\">\n<div class=\"wp-block-column eplus-wrapper is-layout-flow wp-block-column-is-layout-flow\" style=\"flex-basis:33.33%\">\n<h4 class=\" wp-block-heading has-text-align-center eplus-wrapper\" style=\"margin-bottom:var(--wp--preset--spacing--10)\">37 Ch\u00e2teau Saint-Ulrich<\/h4>\n\n\n<figure class=\"is-style-default  wp-block-image aligncenter size-full has-custom-border eplus-wrapper eplus-styles-uid-135982\" style=\"margin-top:0;margin-bottom:0\"><img decoding=\"async\" src=\"https:\/\/forte-cultura.com\/wp-content\/uploads\/38-Ribeauville-Chateau-Saint-Ulrich-23-%C2%A9-D.-Lett-ADT.jpg\" alt=\"\" class=\"wp-image-3053\" style=\"border-radius:10px;aspect-ratio:16\/9;object-fit:cover\"><figcaption class=\"wp-element-caption\">Burgruine Saint-Ulrich<\/figcaption><\/figure>\n\n\n<p class=\" has-text-align-center eplus-wrapper\" style=\"margin-top:0;margin-bottom:0;font-size:clamp(0.875rem, 0.875rem + ((1vw - 0.2rem) * 0.125), 0.95rem);line-height:1.4\">Die Burg Saint-Ulrich (H\u00f6he: 530 m) ist die imposanteste der drei Burgen von Ribeauvill\u00e9. Auch bekannt als Rappolstein und Ukrichsburg, wurde sie im 13. Jahrhundert auf einem Felsen \u00fcber dem Tal des Strengbach erbaut. Ihre Erweiterungen, darunter ein majest\u00e4tischer Fl\u00fcgel mit zwei gro\u00dfen S\u00e4len, die durch eine doppelte Reihe von Zwillingsfenstern erhellt werden, machen sie zu einem sch\u00f6nen Beispiel f\u00fcr herrschaftliches Wohnen. Bis zum 15. Jahrhundert Wohnsitz der Ribeaupierre, verfiel die Burg im 16. Jahrhundert und brannte im 17. nieder. Heute zeigen ihre \u00dcberreste Einfl\u00fcsse verschiedener Epochen.<\/p>\n\n\n\n<p class=\" has-text-align-center eplus-wrapper\" style=\"margin-top:var(--wp--preset--spacing--10);margin-bottom:0;font-size:0.8rem\">68150 Ribeauville<br><a href=\"http:\/\/www.scherwiller.fr\" target=\"_blank\" rel=\"noreferrer noopener\">www.scherwiller.fr<\/a><\/p>\n\n\n\n<p class=\"has-text-align-center has-contrast-3-color has-text-color has-link-color eplus-wrapper wp-elements-618bb90e4a8da1127dc27bf5089e77e5\" style=\"margin-top:0;margin-bottom:0;font-size:0.8em\">(Bild \u00a9D. Lett &#8211; ADT)<\/p>\n<\/div>\n\n\n\n<div class=\"wp-block-column is-vertically-aligned-top eplus-wrapper is-layout-flow wp-block-column-is-layout-flow\" style=\"flex-basis:33.34%\">\n<h4 class=\" wp-block-heading has-text-align-center eplus-wrapper\" style=\"margin-top:0;margin-right:0;margin-bottom:var(--wp--preset--spacing--10);padding-top:0;padding-bottom:0\">38 Ch\u00e2teau du Haut-Barr<\/h4>\n\n\n<figure class=\"is-style-default  wp-block-image aligncenter size-full has-custom-border eplus-wrapper eplus-styles-uid-135982\" style=\"margin-top:0;margin-bottom:0\"><img decoding=\"async\" src=\"https:\/\/forte-cultura.com\/wp-content\/uploads\/39-Saverne-Chateau-du-Haut-Barr-10-%C2%A9-D.-Lett-ADT.jpg\" alt=\"\" class=\"wp-image-3054\" style=\"border-radius:10px;aspect-ratio:16\/9;object-fit:cover\"><figcaption class=\"wp-element-caption\">Burgruine Haut-Barr<\/figcaption><\/figure>\n\n\n<p class=\" has-text-align-center eplus-wrapper\" style=\"margin-top:0;margin-bottom:0;font-size:clamp(0.875rem, 0.875rem + ((1vw - 0.2rem) * 0.125), 0.95rem);line-height:1.4\">Nur 5 Autominuten oder 1,5 Stunden zu Fu\u00df vom Stadtzentrum entfernt, erhebt sich die Burg Haut-Barr, auch bekannt als &#8222;Das Auge von Alsace&#8220;, auf 470 Metern H\u00f6he auf drei Felsen. Diese mittelalterliche Ruine aus dem 12. Jahrhundert nimmt eine strategische Position zwischen dem Lothringer Plateau und der els\u00e4ssischen Ebene ein. Die heutige Struktur wurde 1583 von Jean de Manderscheid erbaut. Die Teufelsbr\u00fccke, die \u00fcber Treppen erreichbar ist, verbindet zwei Felsen und ist ber\u00fchmt f\u00fcr ihre Legende. Genie\u00dfen Sie die atemberaubende Aussicht und versuchen Sie, die Spitze der Stra\u00dfburger Kathedrale zu entdecken!<\/p>\n\n\n\n<p class=\" has-text-align-center eplus-wrapper\" style=\"margin-top:var(--wp--preset--spacing--10);margin-bottom:0;font-size:0.8rem\">67700 Saverne<br><a href=\"http:\/\/www.tourisme-saverne.fr\" target=\"_blank\" rel=\"noreferrer noopener\">www.tourisme-saverne.fr<\/a><\/p>\n\n\n\n<p class=\"has-text-align-center has-contrast-3-color has-text-color has-link-color eplus-wrapper wp-elements-52bf3d1219c857eccf78e61a2ebf50f0\" style=\"margin-top:0;margin-bottom:0;font-size:0.8rem\">(Bild \u00a9D. Lett &#8211; ADT)<\/p>\n<\/div>\n\n\n\n<div class=\"wp-block-column eplus-wrapper is-layout-flow wp-block-column-is-layout-flow\" style=\"flex-basis:33.33%\">\n<h4 class=\" wp-block-heading has-text-align-center eplus-wrapper\" style=\"margin-bottom:var(--wp--preset--spacing--10)\">39 Ch\u00e2teau des Rohan<\/h4>\n\n\n<figure class=\"is-style-default  wp-block-image aligncenter size-full has-custom-border eplus-wrapper eplus-styles-uid-135982\" style=\"margin-top:0;margin-bottom:0\"><img decoding=\"async\" src=\"https:\/\/forte-cultura.com\/wp-content\/uploads\/40-Saverne-Chateau-des-Rohan-%C2%A9-OT-du-Pays-de-Saverne-ADT.jpg\" alt=\"\" class=\"wp-image-3055\" style=\"border-radius:10px;aspect-ratio:16\/9;object-fit:cover\"><figcaption class=\"wp-element-caption\">Schloss Rohan<\/figcaption><\/figure>\n\n\n<p class=\" has-text-align-center eplus-wrapper\" style=\"margin-top:0;margin-bottom:0;font-size:clamp(0.875rem, 0.875rem + ((1vw - 0.2rem) * 0.125), 0.95rem);line-height:1.4\">Das Ch\u00e2teau des Rohan, fr\u00fcher &#8222;Das kleine Versailles von Alsace&#8220; genannt, befindet sich im Zentrum von Saverne entlang des Kanals Marne-Rhein. Es wurde im 13. Jahrhundert erbaut und im 19. Jahrhundert unter Napoleon III. restauriert. Dieses ehemalige Bischofsschloss beherbergt heute ein Museum, ein Kulturzentrum, eine Jugendherberge und eine Schule. Die neoklassizistische Fassade aus rosafarbenem Sandstein erstreckt sich \u00fcber 140 Meter, was der horizontalen H\u00f6he der Kathedrale von Stra\u00dfburg entspricht. Genie\u00dfen Sie die Aussicht vom Park und entdecken Sie die Geheimnisse des Schlosses im Museum, das Sammlungen von Kunst, Geschichte und Arch\u00e4ologie zeigt.<\/p>\n\n\n\n<p class=\" has-text-align-center eplus-wrapper\" style=\"margin-top:var(--wp--preset--spacing--10);margin-bottom:0;font-size:0.8rem\">67700 Saverne<br><a href=\"http:\/\/www.tourisme-saverne.fr\" target=\"_blank\" rel=\"noreferrer noopener\">www.tourisme-saverne.fr<\/a><\/p>\n\n\n\n<p class=\"has-text-align-center has-contrast-3-color has-text-color has-link-color eplus-wrapper wp-elements-15368134b314396a92693d3b8e82249a\" style=\"margin-top:0;margin-bottom:0;font-size:0.8rem\">(Bild \u00a9OT du Pays de Saverne &#8211; ADT)<\/p>\n<\/div>\n<\/div>\n\n<div class=\"wp-block-columns alignwide eplus-wrapper is-layout-flex wp-container-core-columns-is-layout-829fdb3e wp-block-columns-is-layout-flex eplus-styles-uid-e170b1\" style=\"border-style:none;border-width:0px;border-radius:0px;padding-top:var(--wp--preset--spacing--20);padding-right:var(--wp--preset--spacing--10);padding-bottom:var(--wp--preset--spacing--20);padding-left:var(--wp--preset--spacing--10)\">\n<div class=\"wp-block-column is-vertically-aligned-top eplus-wrapper is-layout-flow wp-block-column-is-layout-flow\" style=\"flex-basis:33.34%\">\n<h4 class=\" wp-block-heading has-text-align-center eplus-wrapper\" style=\"margin-top:0;margin-right:0;margin-bottom:var(--wp--preset--spacing--10);padding-top:0;padding-bottom:0\">40 Ch\u00e2teau de l&#8217;Ortenbourg<\/h4>\n\n\n<figure class=\"is-style-default  wp-block-image aligncenter size-full has-custom-border eplus-wrapper eplus-styles-uid-135982\" style=\"margin-top:0;margin-bottom:0\"><img decoding=\"async\" src=\"https:\/\/forte-cultura.com\/wp-content\/uploads\/41-Scherwiller-Chateau-de-lOrtenbourg_FJI5076-%C2%A9-INFRA-ADT.jpg\" alt=\"\" class=\"wp-image-3056\" style=\"border-radius:10px;aspect-ratio:16\/9;object-fit:cover\"><figcaption class=\"wp-element-caption\">Burgruine Ortenburg<\/figcaption><\/figure>\n\n\n<p class=\" has-text-align-center eplus-wrapper\" style=\"margin-top:0;margin-bottom:0;font-size:clamp(0.875rem, 0.875rem + ((1vw - 0.2rem) * 0.125), 0.95rem);line-height:1.4\">Auf 443 Metern H\u00f6he thront die Ortenburg, die zwischen 1260 und 1265 von Rudolf von Habsburg erbaut wurde, und geh\u00f6rt zu den sch\u00f6nsten Ruinen im Rheintal. Dieses Meisterwerk der Milit\u00e4rarchitektur, mit seiner hohen Mauer, die einen 32 Meter hohen Donjon umgibt, hebt sich bemerkenswert in der Landschaft hervor. Der Donjon bot 6 Verteidigungsebenen, und sein pentagonales Design erm\u00f6glichte eine bessere Abwehr von Geschossen der Angreifer. K\u00fcrzlich wurde die Vereinigung \u201eLes sentinelles de l\u2019Ortenbourg\u201c gegr\u00fcndet, um das Schloss zu sch\u00fctzen, aufzuwerten und zu beleben.<\/p>\n\n\n\n<p class=\" has-text-align-center eplus-wrapper\" style=\"margin-top:var(--wp--preset--spacing--10);margin-bottom:0;font-size:0.8rem\">67750 Scherwiller<br><a href=\"http:\/\/www.scherwiller.fr\" target=\"_blank\" rel=\"noreferrer noopener\">www.scherwiller.fr<\/a><\/p>\n\n\n\n<p class=\"has-text-align-center has-contrast-3-color has-text-color has-link-color eplus-wrapper wp-elements-b79ccd0fa0ba9dd558ee6fec87d1c724\" style=\"margin-top:0;margin-bottom:0;font-size:0.8em\">(Bild \u00a9INFRA &#8211; ADT)<\/p>\n<\/div>\n\n\n\n<div class=\"wp-block-column eplus-wrapper is-layout-flow wp-block-column-is-layout-flow\" style=\"flex-basis:33.33%\">\n<h4 class=\" wp-block-heading has-text-align-center eplus-wrapper\" style=\"margin-bottom:var(--wp--preset--spacing--10)\">41 Ch\u00e2teau du Ramstein<\/h4>\n\n\n<figure class=\"is-style-default  wp-block-image aligncenter size-full has-custom-border eplus-wrapper eplus-styles-uid-135982\" style=\"margin-top:0;margin-bottom:0\"><img decoding=\"async\" src=\"https:\/\/forte-cultura.com\/wp-content\/uploads\/42-Scherwiller-Chateau-du-Ramstein-%C2%A9-C.Fleith-ADT.jpg\" alt=\"\" class=\"wp-image-3057\" style=\"border-radius:10px;aspect-ratio:16\/9;object-fit:cover\"><figcaption class=\"wp-element-caption\">Burgruine Ramstein<\/figcaption><\/figure>\n\n\n<p class=\" has-text-align-center eplus-wrapper\" style=\"margin-top:0;margin-bottom:0;font-size:clamp(0.875rem, 0.875rem + ((1vw - 0.2rem) * 0.125), 0.95rem);line-height:1.4\">Die Ramstein-Burg, die 1293 von Otto von Ochsenstein erbaut wurde, liegt unterhalb seines m\u00e4chtigen Nachbarn Ortenbourg. Von der Wohnhausturm sind nur zwei Wandteile erhalten, wo verschiedene Ebenen, ein Kamin und eine gro\u00dfe Nischenbogen\u00f6ffnung in Richtung Ortenbourg sichtbar sind, die eine Kriegsmaschine aufnehmen konnte. Ein Team von Freiwilligen, die &#8222;W\u00e4chter von Ramstein&#8220;, arbeitet daran, die W\u00e4nde und Fundamente freizulegen und zu stabilisieren. Aus Sicherheitsgr\u00fcnden ist die Burg gesperrt, aber w\u00e4hrend der Denkmaltage sind Besichtigungen der Baustelle m\u00f6glich.<\/p>\n\n\n\n<p class=\" has-text-align-center eplus-wrapper\" style=\"margin-top:var(--wp--preset--spacing--10);margin-bottom:0;font-size:0.8rem\">67750 Scherwiller<br><a href=\"http:\/\/www.scherwiller.fr\" target=\"_blank\" rel=\"noreferrer noopener\">www.scherwiller.fr<\/a><\/p>\n\n\n\n<p class=\"has-text-align-center has-contrast-3-color has-text-color has-link-color eplus-wrapper wp-elements-4260ce4a99b1a257bd0c3604d7253859\" style=\"margin-top:0;margin-bottom:0;font-size:0.8em\">(Bild \u00a9C.Fleith &#8211; ADT)(Bild \u00a9C.Fleith &#8211; ADT)<\/p>\n<\/div>\n\n\n\n<div class=\"wp-block-column eplus-wrapper is-layout-flow wp-block-column-is-layout-flow\" style=\"flex-basis:33.33%\">\n<h4 class=\" wp-block-heading has-text-align-center eplus-wrapper\" style=\"margin-bottom:var(--wp--preset--spacing--10)\">42 Ch\u00e2teau de l&#8217;Engelbourg<\/h4>\n\n\n<figure class=\"is-style-default  wp-block-image aligncenter size-full has-custom-border eplus-wrapper eplus-styles-uid-135982\" style=\"margin-top:0;margin-bottom:0\"><img decoding=\"async\" src=\"https:\/\/forte-cultura.com\/wp-content\/uploads\/43-Thann-Chateau-de-lEngelbourg-_FJI4780-%C2%A9-INFRA-ADT.jpg\" alt=\"\" class=\"wp-image-3058\" style=\"border-radius:10px;aspect-ratio:16\/9;object-fit:cover\"><figcaption class=\"wp-element-caption\">Die Ruinen der Burg Engelburg<\/figcaption><\/figure>\n\n\n<p class=\" has-text-align-center eplus-wrapper\" style=\"margin-top:0;margin-bottom:0;font-size:clamp(0.875rem, 0.875rem + ((1vw - 0.2rem) * 0.125), 0.95rem);line-height:1.4\">Die Burg wurde ab 1224 erbaut und erfuhr bis ins 16. Jh. verschiedene Erweiterungen. Sie war Wohnsitz des Grafen von Pfirrt und \u00fcberwachte den Zoll im Thal von Thur. Ihr Name \u201eBurg des Engels\u201c bedeutet, ehrt den Erzengel Michael, und sie thront auf dem Schlossberg, dem \u201eBerg der Burg\u201c. 1673 ordnete Ludwig XIV., der das Elsass erobert hatte, den Abbruch der strategisch nutzlosen Burg an. Bergleute aus Giromagny verwendeten Sprengstoffe, wodurch der Donjon teilweise einst\u00fcrzte und seinen lokalen Namen \u201eAuge der Hexe\u201c erhielt, das ein Auge darstellt, das \u00fcber die Stadt wacht. Ein familienfreundlicher Spaziergang bietet einen sch\u00f6nen Blick auf die H\u00fcgel.<\/p>\n\n\n\n<p class=\" has-text-align-center eplus-wrapper\" style=\"margin-top:var(--wp--preset--spacing--10);margin-bottom:0;font-size:0.8rem\">68800 Thann<\/p>\n\n\n\n<p class=\"has-text-align-center has-contrast-3-color has-text-color has-link-color eplus-wrapper wp-elements-b4f626102aec054749ba0249e3bd364f\" style=\"margin-top:0;margin-bottom:0;font-size:0.8em\">(Bild \u00a9INFRA &#8211; ADT)<\/p>\n<\/div>\n<\/div>\n\n<div class=\"wp-block-columns alignwide eplus-wrapper is-layout-flex wp-container-core-columns-is-layout-829fdb3e wp-block-columns-is-layout-flex eplus-styles-uid-394285\" style=\"border-style:none;border-width:0px;border-radius:0px;padding-top:var(--wp--preset--spacing--20);padding-right:var(--wp--preset--spacing--10);padding-bottom:var(--wp--preset--spacing--20);padding-left:var(--wp--preset--spacing--10)\">\n<div class=\"wp-block-column is-vertically-aligned-top eplus-wrapper is-layout-flow wp-block-column-is-layout-flow\" style=\"flex-basis:33.34%\">\n<h4 class=\" wp-block-heading has-text-align-center eplus-wrapper\" style=\"margin-top:0;margin-right:0;margin-bottom:var(--wp--preset--spacing--10);padding-top:0;padding-bottom:0\">43 Ch\u00e2teau du Bilstein<\/h4>\n\n\n<figure class=\"is-style-default  wp-block-image aligncenter size-full has-custom-border eplus-wrapper eplus-styles-uid-135982\" style=\"margin-top:0;margin-bottom:0\"><img decoding=\"async\" src=\"https:\/\/forte-cultura.com\/wp-content\/uploads\/44-Urbeis-Chateau-du-Bilstein-%C2%A9-OT-de-la-Vallee-de-Ville-ADT.jpg\" alt=\"\" class=\"wp-image-3059\" style=\"border-radius:10px;aspect-ratio:16\/9;object-fit:cover\"><figcaption class=\"wp-element-caption\">Burgruine Bilstein<\/figcaption><\/figure>\n\n\n<p class=\" has-text-align-center eplus-wrapper\" style=\"margin-top:0;margin-bottom:0;font-size:clamp(0.875rem, 0.875rem + ((1vw - 0.2rem) * 0.125), 0.95rem);line-height:1.4\">Diese Burg verf\u00fcgt \u00fcber einen quadratischen Donjon aus dem 12. Jahrhundert, der von einer doppelten Mauer gesch\u00fctzt ist, die im 14. Jahrhundert von den Wurtembergern modifiziert wurde. Der Zugang zum Donjon erfolgt \u00fcber ein hohes, gotisches Tor, das einen beeindruckenden Blick auf die umliegenden Vogesen-K\u00e4mme bietet.<\/p>\n\n\n\n<p class=\" has-text-align-center eplus-wrapper\" style=\"margin-top:var(--wp--preset--spacing--10);margin-bottom:0;font-size:0.8rem\">67220 Urbeis<br><a href=\"http:\/\/tourisme.valleedeville\" target=\"_blank\" rel=\"noreferrer noopener\">tourisme.valleedeville<\/a><\/p>\n\n\n\n<p class=\"has-text-align-center has-contrast-3-color has-text-color has-link-color eplus-wrapper wp-elements-a7ba04c48be2fdc11db29bab11fda944\" style=\"margin-top:0;margin-bottom:0;font-size:0.8rem\">(Bild \u00a9OT de la Vall\u00e9e de Vill\u00e9 &#8211; ADT)<\/p>\n<\/div>\n\n\n\n<div class=\"wp-block-column eplus-wrapper is-layout-flow wp-block-column-is-layout-flow\" style=\"flex-basis:33.33%\">\n<h4 class=\" wp-block-heading has-text-align-center eplus-wrapper\" style=\"margin-bottom:var(--wp--preset--spacing--10)\">44 Portes m\u00e9di\u00e9vales de Wangen<\/h4>\n\n\n<figure class=\"is-style-default  wp-block-image aligncenter size-full has-custom-border eplus-wrapper eplus-styles-uid-135982\" style=\"margin-top:0;margin-bottom:0\"><img decoding=\"async\" src=\"https:\/\/forte-cultura.com\/wp-content\/uploads\/45-Wangen-0520-%C2%A9-100kmautour.com_.jpg\" alt=\"\" class=\"wp-image-3060\" style=\"border-radius:10px;aspect-ratio:16\/9;object-fit:cover\"><figcaption class=\"wp-element-caption\">mittelalterlich befestigte Stadt Wangen<\/figcaption><\/figure>\n\n\n<p class=\" has-text-align-center eplus-wrapper\" style=\"margin-top:0;margin-bottom:0;font-size:clamp(0.875rem, 0.875rem + ((1vw - 0.2rem) * 0.125), 0.95rem);line-height:1.4\">Wangen ist eine befestigte Stadt mit \u00fcber 1.000 Metern langen Mauern. Heute sind drei Tore erhalten. Die Niedertor, oder Niedertorturm, ist am besten erhalten, stammt aus dem 13. Jahrhundert und wurde 1931 als historisches Denkmal eingestuft. Das Sommertor zeigt Renaissance-Kanonen\u00f6ffnungen und ein gotisches Fenster aus dem 14. Jahrhundert. Bis 2000 beherbergte es das katholische Pfarrhaus. Die Motscheltor, 1887 zerst\u00f6rt, f\u00fchrte zu den Weinbergen, von denen nur eine Winzerbank \u00fcbrig bleibt. Diese Tore spiegeln die Geschichte und strategische Bedeutung Wangens wider.<\/p>\n\n\n\n<p class=\" has-text-align-center eplus-wrapper\" style=\"margin-top:var(--wp--preset--spacing--10);margin-bottom:0;font-size:0.8rem\">67520 Wangen<br><a href=\"http:\/\/www.histoire-wangen.alsace\" target=\"_blank\" rel=\"noreferrer noopener\">www.histoire-wangen.alsace<\/a><\/p>\n\n\n\n<p class=\"has-text-align-center has-contrast-3-color has-text-color has-link-color eplus-wrapper wp-elements-a6e90e32282134635832cccf0c77ff88\" style=\"margin-top:0;margin-bottom:0;font-size:0.8em\">(Bild \u00a9100kmautour.com)<\/p>\n<\/div>\n\n\n\n<div class=\"wp-block-column eplus-wrapper is-layout-flow wp-block-column-is-layout-flow\" style=\"flex-basis:33.33%\">\n<h4 class=\" wp-block-heading has-text-align-center eplus-wrapper\" style=\"margin-bottom:var(--wp--preset--spacing--10)\">45 Ch\u00e2teau de Wangenbourg<\/h4>\n\n\n<figure class=\"is-style-default  wp-block-image aligncenter size-full has-custom-border eplus-wrapper eplus-styles-uid-135982\" style=\"margin-top:0;margin-bottom:0\"><img decoding=\"async\" src=\"https:\/\/forte-cultura.com\/wp-content\/uploads\/46-Wangenbourg-chateau-107-%C2%A9-C.Fleith-ADT.jpg\" alt=\"\" class=\"wp-image-3061\" style=\"border-radius:10px;aspect-ratio:16\/9;object-fit:cover\"><figcaption class=\"wp-element-caption\">Burgruine Wangenbourg<\/figcaption><\/figure>\n\n\n<p class=\" has-text-align-center eplus-wrapper\" style=\"margin-top:0;margin-bottom:0;font-size:clamp(0.875rem, 0.875rem + ((1vw - 0.2rem) * 0.125), 0.95rem);line-height:1.4\">Die Burg befindet sich auf 480 m H\u00f6he im kleinen Dorf Wangenbourg. Sie wurde im 13. Jahrhundert aus Vosgestein von den Herren von Wangen auf einem nat\u00fcrlichen Felsen erbaut. Diese H\u00f6henburg diente zur Verteidigung gegen R\u00e4uber und bot den Dorfbewohnern Schutz. Der Zugang erfolgt \u00fcber eine Br\u00fccke, die zum Innenhof f\u00fchrt, wo man zahlreiche Fenster und die \u00dcberreste eines wundersch\u00f6nen gotischen Kamins bewundern kann. Der 24 m hohe Donjon ist f\u00fcr die Mutigen zug\u00e4nglich. Oben angekommen, genie\u00dfen Sie einen atemberaubenden Blick \u00fcber das Mossigtal. Der Turm ist von April bis November ge\u00f6ffnet.<\/p>\n\n\n\n<p class=\" has-text-align-center eplus-wrapper\" style=\"margin-top:var(--wp--preset--spacing--10);margin-bottom:0;font-size:0.8rem\">67710 Wangenbourg Engenthal<br><a href=\"http:\/\/www.route-chateaux-alsace.com\/chateauxtemp\/chateau-wangenbourg\/\" target=\"_blank\" rel=\"noreferrer noopener\">www.route-chateaux-alsace.com<\/a><\/p>\n\n\n\n<p class=\"has-text-align-center has-contrast-3-color has-text-color has-link-color eplus-wrapper wp-elements-47b630df97b7c4f158bf0f558dfe8efb\" style=\"margin-top:0;margin-bottom:0;font-size:0.8em\">(Bild \u00a9C.Fleith &#8211; ADT)<\/p>\n<\/div>\n<\/div>\n\n<div class=\"wp-block-columns alignwide eplus-wrapper is-layout-flex wp-container-core-columns-is-layout-829fdb3e wp-block-columns-is-layout-flex eplus-styles-uid-5d5d47\" style=\"border-style:none;border-width:0px;border-radius:0px;padding-top:var(--wp--preset--spacing--20);padding-right:var(--wp--preset--spacing--10);padding-bottom:var(--wp--preset--spacing--20);padding-left:var(--wp--preset--spacing--10)\">\n<div class=\"wp-block-column is-vertically-aligned-top eplus-wrapper is-layout-flow wp-block-column-is-layout-flow\" style=\"flex-basis:33.34%\">\n<h4 class=\" wp-block-heading has-text-align-center eplus-wrapper\" style=\"margin-top:0;margin-right:0;margin-bottom:var(--wp--preset--spacing--10);padding-top:0;padding-bottom:0\">46 Ch\u00e2teau du Freudeneck<\/h4>\n\n\n<figure class=\"is-style-default  wp-block-image aligncenter size-full has-custom-border eplus-wrapper eplus-styles-uid-135982\" style=\"margin-top:0;margin-bottom:0\"><img decoding=\"async\" src=\"https:\/\/forte-cultura.com\/wp-content\/uploads\/47-Wangenbourg-Engenthal-Chateau-du-Freudeneck-_D857668-%C2%A9-INFRA-ADT.jpg\" alt=\"\" class=\"wp-image-3062\" style=\"border-radius:10px;aspect-ratio:16\/9;object-fit:cover\"><figcaption class=\"wp-element-caption\">Burgruine Freudeneck<\/figcaption><\/figure>\n\n\n<p class=\" has-text-align-center eplus-wrapper\" style=\"margin-top:0;margin-bottom:0;font-size:clamp(0.875rem, 0.875rem + ((1vw - 0.2rem) * 0.125), 0.95rem);line-height:1.4\">In der N\u00e4he von Wangenbourg liegt die Burg Freudeneck auf 390 m H\u00f6he am Rand des Schlossbergs und \u00fcberblickt den Fluss Mossig. Fr\u00fcher diente sie als Wachposten, um die benachbarte Burg Wangenbourg zu alarmieren. Heute sind nur wenige architektonische \u00dcberreste erhalten. Der runde Donjon im Zentrum, aus Bossensteinen erbaut, sowie Ruinen der Befestigungen und der Vorburg zeugen von ihrer Vergangenheit. Obwohl das befestigte Tor und die Zugbr\u00fccke verschwunden sind, erm\u00f6glicht ein markierter Pfad den Zugang zu den Ruinen vom Schloss Wangenbourg aus.<\/p>\n\n\n\n<p class=\" has-text-align-center eplus-wrapper\" style=\"margin-top:var(--wp--preset--spacing--10);margin-bottom:0;font-size:0.8rem\">67710 Wangenbourg Engenthal<\/p>\n\n\n\n<p class=\"has-text-align-center has-contrast-3-color has-text-color has-link-color eplus-wrapper wp-elements-bbc7350b0907ae0d45c60d78ee39fc6e\" style=\"margin-top:0;margin-bottom:0;font-size:0.8rem\">(Bild \u00a9INFRA &#8211; ADT)<\/p>\n<\/div>\n\n\n\n<div class=\"wp-block-column eplus-wrapper is-layout-flow wp-block-column-is-layout-flow\" style=\"flex-basis:33.33%\">\n<h4 class=\" wp-block-heading has-text-align-center eplus-wrapper\" style=\"margin-bottom:var(--wp--preset--spacing--10)\">47 Ch\u00e2teau du Hagueneck<\/h4>\n\n\n<figure class=\"is-style-default  wp-block-image aligncenter size-full has-custom-border eplus-wrapper eplus-styles-uid-135982\" style=\"margin-top:0;margin-bottom:0\"><img decoding=\"async\" src=\"https:\/\/forte-cultura.com\/wp-content\/uploads\/48-Wettolsheim-Chateau-du-Hagueneck-DSC3693-%C2%A9-INFRA-ADT.jpg\" alt=\"\" class=\"wp-image-3063\" style=\"border-radius:10px;aspect-ratio:16\/9;object-fit:cover\"><figcaption class=\"wp-element-caption\">Burgruine Hagueneck<\/figcaption><\/figure>\n\n\n<p class=\" has-text-align-center eplus-wrapper\" style=\"margin-top:0;margin-bottom:0;font-size:clamp(0.875rem, 0.875rem + ((1vw - 0.2rem) * 0.125), 0.95rem);line-height:1.4\">Dieses charmante Schlosschen liegt versteckt am Ende eines Waldtals, nahe der Route der F\u00fcnf Schl\u00f6sser. Es stammt aus dem 13. Jahrhundert, wurde aber im 14. Jahrhundert umgebaut und erweitert. Es geh\u00f6rte Burkhard von Hagueneck, einem Vasallen des Bischofs von Stra\u00dfburg. Nach Belagerung und Brand wurde das Schloss bald wieder aufgebaut. Im 17. Jahrhundert taucht es wieder auf und wird 1674 in den Besitz der Johanniterritter integriert. W\u00e4hrend der Revolution wurde es als nationales Gut verkauft. Mit einem fast rechteckigen Grundriss umfasst es einen quadratischen Donjon, ein Hauptgeb\u00e4ude und Nebengeb\u00e4ude. Seit dem 29. Januar 1923 als &#8222;Historisches Denkmal&#8220; klassifiziert, hatte es nur eine Wohnfunktion.<\/p>\n\n\n\n<p class=\" has-text-align-center eplus-wrapper\" style=\"margin-top:var(--wp--preset--spacing--10);margin-bottom:0;font-size:0.8rem\">68920 Wettolsheim<br><a href=\"http:\/\/www.tourisme-eguisheim-rouffach.com\" target=\"_blank\" rel=\"noreferrer noopener\">www.tourisme-eguisheim-rouffach.com<\/a><\/p>\n\n\n\n<p class=\"has-text-align-center has-contrast-3-color has-text-color has-link-color eplus-wrapper wp-elements-b4f626102aec054749ba0249e3bd364f\" style=\"margin-top:0;margin-bottom:0;font-size:0.8em\">(Bild \u00a9INFRA &#8211; ADT)<\/p>\n<\/div>\n\n\n\n<div class=\"wp-block-column eplus-wrapper is-layout-flow wp-block-column-is-layout-flow\" style=\"flex-basis:33.33%\">\n<h4 class=\" wp-block-heading has-text-align-center eplus-wrapper\" style=\"margin-bottom:var(--wp--preset--spacing--10)\">48 Ch\u00e2teau du Nouveau-Windstein<\/h4>\n\n\n<figure class=\"is-style-default  wp-block-image aligncenter size-full has-custom-border eplus-wrapper eplus-styles-uid-135982\" style=\"margin-top:0;margin-bottom:0\"><img decoding=\"async\" src=\"https:\/\/forte-cultura.com\/wp-content\/uploads\/49-Windstein-Chateau-Nouveau-Windstein-%C2%A9-M.-Schampion-4-ADT.jpg\" alt=\"\" class=\"wp-image-3064\" style=\"border-radius:10px;aspect-ratio:16\/9;object-fit:cover\"><figcaption class=\"wp-element-caption\">Burgruine Neu-Windstein<\/figcaption><\/figure>\n\n\n<p class=\" has-text-align-center eplus-wrapper\" style=\"margin-top:0;margin-bottom:0;font-size:clamp(0.875rem, 0.875rem + ((1vw - 0.2rem) * 0.125), 0.95rem);line-height:1.4\">Im 13. und 14. Jahrhundert erbaut und sp\u00e4ter modernisiert, verf\u00fcgt die Burg \u00fcber ein Verteidigungssystem, das dem der Wasenbourg in Niederbronn-les-Bains \u00e4hnelt. Das Wohngeb\u00e4ude st\u00fctzt sich auf eine blinde Schildmauer, die eine breite, flache Angriffsfront und den Innenhof sch\u00fctzt. In der Zeit der Feuerwaffen wurde die Verteidigung durch ein pentagonales Bastion im Osten und einen runden Turm im S\u00fcden verst\u00e4rkt, der mit horizontalen Gesch\u00fctz\u00f6ffnungen ausgestattet ist. Die Geschichte des Neuen und Alten Windstein ist komplex. Der Neue Windstein wurde nach dem Drei\u00dfigj\u00e4hrigen Krieg Ende des 17. Jahrhunderts aufgegeben, doch heute restauriert und f\u00f6rdert ein dynamischer Verein diese gut erhaltene Ruine.<\/p>\n\n\n\n<p class=\" has-text-align-center eplus-wrapper\" style=\"margin-top:var(--wp--preset--spacing--10);margin-bottom:0;font-size:0.8rem\">67110 Windstein<br><a href=\"http:\/\/www.veilleurs-nouveau-windstein.fr\" target=\"_blank\" rel=\"noreferrer noopener\">www.route-chateaux-alsace.com<\/a><\/p>\n\n\n\n<p class=\"has-text-align-center has-contrast-3-color has-text-color has-link-color eplus-wrapper wp-elements-3372c60e128bb9ede4532fede75de3c5\" style=\"margin-top:0;margin-bottom:0;font-size:0.8em\">(Bild \u00a9M. Schampion &#8211; ADT)<\/p>\n<\/div>\n<\/div>\n\n<div class=\"wp-block-columns alignwide eplus-wrapper is-layout-flex wp-container-core-columns-is-layout-829fdb3e wp-block-columns-is-layout-flex eplus-styles-uid-c49495\" style=\"border-style:none;border-width:0px;border-radius:0px;padding-top:var(--wp--preset--spacing--20);padding-right:var(--wp--preset--spacing--10);padding-bottom:var(--wp--preset--spacing--20);padding-left:var(--wp--preset--spacing--10)\">\n<div class=\"wp-block-column is-vertically-aligned-top eplus-wrapper is-layout-flow wp-block-column-is-layout-flow\" style=\"flex-basis:33.34%\">\n<h4 class=\" wp-block-heading has-text-align-center eplus-wrapper\" style=\"margin-top:0;margin-right:0;margin-bottom:var(--wp--preset--spacing--10);padding-top:0;padding-bottom:0\">49 Ch\u00e2teau de Hohenbourg<\/h4>\n\n\n<figure class=\"is-style-default  wp-block-image aligncenter size-full has-custom-border eplus-wrapper eplus-styles-uid-135982\" style=\"margin-top:0;margin-bottom:0\"><img decoding=\"async\" src=\"https:\/\/forte-cultura.com\/wp-content\/uploads\/50-Wingen-Chateau-de-Hohenbourg-D850601-%C2%A9-INFRA-ADT.jpg\" alt=\"\" class=\"wp-image-3065\" style=\"border-radius:10px;aspect-ratio:16\/9;object-fit:cover\"><figcaption class=\"wp-element-caption\">Burgruine Hohenbourg<\/figcaption><\/figure>\n\n\n<p class=\" has-text-align-center eplus-wrapper\" style=\"margin-top:0;margin-bottom:0;font-size:clamp(0.875rem, 0.875rem + ((1vw - 0.2rem) * 0.125), 0.95rem);line-height:1.4\">Wie der Fleckenstein diente auch der Hohenbourg dazu, die Grenze zu Lothringen zu markieren und die Kaiserstra\u00dfe von Kaiserslautern nach Haguenau zu sichern. Wahrscheinlich wurde Ende des 12. Jahrhunderts eine erste Burg von einem Zweig der Fleckenstein erbaut, die den Namen Hohenbourg annahm, sp\u00e4ter als Puller von Hohenbourg bekannt (erste Erw\u00e4hnung 1263). 1482, nach dem Tod des letzten Erben, ging sie an die Sickingen, eine m\u00e4chtige pf\u00e4lzische Familie. Fran\u00e7ois von Sickingen verwandelte 1520 die Festung, um sie f\u00fcr Artillerie anzupassen, und zwischen 1572 und 1575 wurden weitere Versch\u00f6nerungen vorgenommen. Der Hohenbourg diente dann als gelegentliche Residenz der Sickingen, bevor er 1680 von den Truppen Montclars im Auftrag von Ludwig XIV. zerst\u00f6rt wurde.<\/p>\n\n\n\n<p class=\" has-text-align-center eplus-wrapper\" style=\"margin-top:var(--wp--preset--spacing--10);margin-bottom:0;font-size:0.8rem\">67510 Wingen<\/p>\n\n\n\n<p class=\"has-text-align-center has-contrast-3-color has-text-color has-link-color eplus-wrapper wp-elements-bbc7350b0907ae0d45c60d78ee39fc6e\" style=\"margin-top:0;margin-bottom:0;font-size:0.8rem\">(Bild \u00a9INFRA &#8211; ADT)<\/p>\n<\/div>\n\n\n\n<div class=\"wp-block-column eplus-wrapper is-layout-flow wp-block-column-is-layout-flow\" style=\"flex-basis:33.33%\">\n<h4 class=\" wp-block-heading has-text-align-center eplus-wrapper\" style=\"margin-bottom:var(--wp--preset--spacing--10)\">50 Ch\u00e2teau de Loewenstein<\/h4>\n\n\n<figure class=\"is-style-default  wp-block-image aligncenter size-full has-custom-border eplus-wrapper eplus-styles-uid-135982\" style=\"margin-top:0;margin-bottom:0\"><img decoding=\"async\" src=\"https:\/\/forte-cultura.com\/wp-content\/uploads\/51-Wingen-Chateau-de-Loewenstein-D850499-%C2%A9-INFRA-ADT.jpg\" alt=\"\" class=\"wp-image-3066\" style=\"border-radius:10px;aspect-ratio:16\/9;object-fit:cover\"><figcaption class=\"wp-element-caption\">Burgruine Loewenstein<\/figcaption><\/figure>\n\n\n<p class=\" has-text-align-center eplus-wrapper\" style=\"margin-top:0;margin-bottom:0;font-size:clamp(0.875rem, 0.875rem + ((1vw - 0.2rem) * 0.125), 0.95rem);line-height:1.4\">In der N\u00e4he des Hohenbourg gelegen, nimmt der Loewenstein den s\u00fcdlichen Vorsprung des Schlossbergs ein, einer Sandsteinfelswand. Er stammt aus dem 12. Jahrhundert und wird erstmals 1283 erw\u00e4hnt, als der kaiserliche Schulthei\u00df Otto III. von Ochsenstein die Burg einnahm, die von Rittern besetzt war, die sich weigerten, Rudolf von Habsburg anzuerkennen. Um 1370 wurde der Standort zwischen den Ochsenstein und Hans Streuff von Landenberg aufgeteilt. 1386 f\u00fchrten Hennel und Hans von Bitche, Verb\u00fcndete der Ochsenstein, von der Burg aus \u00dcberf\u00e4lle durch, bevor sie von Stra\u00dfburg demontiert wurde. Ihre endg\u00fcltige Zerst\u00f6rung bleibt ein R\u00e4tsel. Heute sind nur wenige \u00dcberreste erhalten, aber der Ort bietet einen sch\u00f6nen Ausblick auf die Nordvogesen und das Pfalz.<\/p>\n\n\n\n<p class=\" has-text-align-center eplus-wrapper\" style=\"margin-top:var(--wp--preset--spacing--10);margin-bottom:0;font-size:0.8rem\">67510 Wingen<\/p>\n\n\n\n<p class=\"has-text-align-center has-contrast-3-color has-text-color has-link-color eplus-wrapper wp-elements-b4f626102aec054749ba0249e3bd364f\" style=\"margin-top:0;margin-bottom:0;font-size:0.8em\">(Bild \u00a9INFRA &#8211; ADT)<\/p>\n<\/div>\n\n\n\n<div class=\"wp-block-column eplus-wrapper is-layout-flow wp-block-column-is-layout-flow\" style=\"flex-basis:33.33%\">\n<h4 class=\" wp-block-heading has-text-align-center eplus-wrapper\" style=\"margin-bottom:var(--wp--preset--spacing--10)\">51 Ch\u00e2teau du Pflixbourg<\/h4>\n\n\n<figure class=\"is-style-default  wp-block-image aligncenter size-full has-custom-border eplus-wrapper eplus-styles-uid-135982\" style=\"margin-top:0;margin-bottom:0\"><img decoding=\"async\" src=\"https:\/\/forte-cultura.com\/wp-content\/uploads\/52-Wintzenheim-Chateau-du-Pflixbourg-DSC4308-%C2%A9-INFRA-ADT.jpg\" alt=\"\" class=\"wp-image-3067\" style=\"border-radius:10px;aspect-ratio:16\/9;object-fit:cover\"><figcaption class=\"wp-element-caption\">Burgruine Pflixbourg<\/figcaption><\/figure>\n\n\n<p class=\" has-text-align-center eplus-wrapper\" style=\"margin-top:0;margin-bottom:0;font-size:clamp(0.875rem, 0.875rem + ((1vw - 0.2rem) * 0.125), 0.95rem);line-height:1.4\">Der Standort des Pflixbourg wurde bereits in der Bronzezeit besiedelt und im 13. Jahrhundert wiederbesiedelt, erstmals erw\u00e4hnt 1220. In 425 Metern H\u00f6he ist er eine strategische Garnison zwischen der Ebene und dem Tal der Fecht. Er diente als Wohnsitz von Conrad Werner von Hattstatt, dem kaiserlichen Vogt, und war auch der Sterbeort seiner Frau St\u00e9phanie, Gr\u00e4fin von Pfirrt. 1434 an Smassmann von Ribeaupierre verkauft, wurde er sp\u00e4ter w\u00e4hrend eines Konflikts zerst\u00f6rt. Das polygonale Schloss hat einen Donjon, Wohnungen und einen Zisterne. 1968 als historisches Denkmal eingetragen, ist es mit der Legende einer wei\u00dfen Dame verbunden.<\/p>\n\n\n\n<p class=\" has-text-align-center eplus-wrapper\" style=\"margin-top:var(--wp--preset--spacing--10);margin-bottom:0;font-size:0.8rem\">68920 Wintzenheim<br><a href=\"http:\/\/www.tourisme-eguisheim-rouffach.com\" target=\"_blank\" rel=\"noreferrer noopener\">www.tourisme-eguisheim-rouffach.com<\/a><\/p>\n\n\n\n<p class=\"has-text-align-center has-contrast-3-color has-text-color has-link-color eplus-wrapper wp-elements-b4f626102aec054749ba0249e3bd364f\" style=\"margin-top:0;margin-bottom:0;font-size:0.8em\">(Bild \u00a9INFRA &#8211; ADT)<\/p>\n<\/div>\n<\/div>\n\n<div class=\"wp-block-columns alignwide eplus-wrapper is-layout-flex wp-container-core-columns-is-layout-829fdb3e wp-block-columns-is-layout-flex eplus-styles-uid-68fd79\" style=\"border-style:none;border-width:0px;border-radius:0px;padding-top:var(--wp--preset--spacing--20);padding-right:var(--wp--preset--spacing--10);padding-bottom:var(--wp--preset--spacing--20);padding-left:var(--wp--preset--spacing--10)\">\n<div class=\"wp-block-column eplus-wrapper is-layout-flow wp-block-column-is-layout-flow\" style=\"flex-basis:33.34%\">\n<h4 class=\" wp-block-heading has-text-align-center eplus-wrapper\" style=\"margin-bottom:var(--wp--preset--spacing--10)\">52 Ch\u00e2teau du Hohlandsbourg<\/h4>\n\n\n<figure class=\"is-style-default  wp-block-image aligncenter size-full has-custom-border eplus-wrapper eplus-styles-uid-135982\" style=\"margin-top:0;margin-bottom:0\"><img decoding=\"async\" src=\"https:\/\/forte-cultura.com\/wp-content\/uploads\/53-Wintzenheim-Hohlandsbourg-1-%C2%A9-M.-Schampion-ADT.jpg\" alt=\"\" class=\"wp-image-3068\" style=\"border-radius:10px;aspect-ratio:16\/9;object-fit:cover\"><figcaption class=\"wp-element-caption\">Ruine Hohlandsburg<\/figcaption><\/figure>\n\n\n<p class=\" has-text-align-center eplus-wrapper\" style=\"margin-top:0;margin-bottom:0;font-size:clamp(0.875rem, 0.875rem + ((1vw - 0.2rem) * 0.125), 0.95rem);line-height:1.4\">In 620 Metern H\u00f6he bietet die Burg Hohlandsbourg einen 360\u00b0-Panoramablick auf den Schwarzwald, die els\u00e4ssische Ebene und die Vogesen. Erbaut von den Habsburgern zwischen dem 13. und 17. Jahrhundert, ist sie ein bemerkenswertes Beispiel f\u00fcr els\u00e4ssische Milit\u00e4rarchitektur bis zum Drei\u00dfigj\u00e4hrigen Krieg, der zu ihrem Verfall f\u00fchrte. Ihre hohen Granitmauern umschlie\u00dfen einen gro\u00dfen Innenhof, der von der oberen Burg dominiert wird. Ein interaktiver und spielerischer Rundgang erm\u00f6glicht es den Besuchern, die Geschichte, Organisation und Entwicklung des Ortes von der Bronzezeit bis heute zu entdecken.<\/p>\n\n\n\n<p class=\" has-text-align-center eplus-wrapper\" style=\"margin-top:var(--wp--preset--spacing--10);margin-bottom:0;font-size:0.8rem\">68920 Wintzenheim<br><a href=\"http:\/\/www.chateau-hohlandsbourg.com\" target=\"_blank\" rel=\"noreferrer noopener\">www.chateau-hohlandsbourg.com<\/a><\/p>\n\n\n\n<p class=\"has-text-align-center has-contrast-3-color has-text-color has-link-color eplus-wrapper wp-elements-3372c60e128bb9ede4532fede75de3c5\" style=\"margin-top:0;margin-bottom:0;font-size:0.8em\">(Bild \u00a9M. Schampion &#8211; ADT)<\/p>\n<\/div>\n\n\n\n<div class=\"wp-block-column eplus-wrapper is-layout-flow wp-block-column-is-layout-flow\" style=\"flex-basis:33.34%\"><\/div>\n\n\n\n<div class=\"wp-block-column eplus-wrapper is-layout-flow wp-block-column-is-layout-flow\" style=\"flex-basis:33.33%\"><\/div>\n<\/div>\n\n\n<hr class=\"is-style-wide wp-block-separator alignwide has-text-color has-accent-2-color has-alpha-channel-opacity has-accent-2-background-color has-background eplus-wrapper\" style=\"margin-top:var(--wp--preset--spacing--20);margin-bottom:var(--wp--preset--spacing--20)\"\/>\n\n\n\n<p class=\" eplus-wrapper\"><\/p>\n","protected":false},"excerpt":{"rendered":"<p>Die Route der Burgen und befestigten St\u00e4dte im Elsass beinhaltet mehr als 50 Standorte. Erkunden Sie faszinierende Geschichte im Elsass. Bewundern Sie wildromantische Burgruinen, charmante historische St\u00e4dte und traumhafte Ausblicke. Begegnen Sie denjenigen, die dieses Kulturerbe jeden Tag lebendig machen. Tauchen Sie ein in die Geschichte des Elsass und lassen Sie sich von der Magie dieser geschichtstr\u00e4chtigen Orte mitrei\u00dfen.<\/p>\n","protected":false},"author":1,"featured_media":3251,"comment_status":"open","ping_status":"open","sticky":false,"template":"","format":"standard","meta":{"editor_plus_copied_stylings":"{}","pgc_sgb_lightbox_settings":"","_price":"","_stock":"","_tribe_ticket_header":"","_tribe_default_ticket_provider":"","_tribe_ticket_capacity":"0","_ticket_start_date":"","_ticket_end_date":"","_tribe_ticket_show_description":"","_tribe_ticket_show_not_going":false,"_tribe_ticket_use_global_stock":"","_tribe_ticket_global_stock_level":"","_global_stock_mode":"","_global_stock_cap":"","_tribe_rsvp_for_event":"","_tribe_ticket_going_count":"","_tribe_ticket_not_going_count":"","_tribe_tickets_list":"[]","_tribe_ticket_has_attendee_info_fields":false,"_EventAllDay":false,"_EventTimezone":"","_EventStartDate":"","_EventEndDate":"","_EventStartDateUTC":"","_EventEndDateUTC":"","_EventShowMap":false,"_EventShowMapLink":false,"_EventURL":"","_EventCost":"","_EventCostDescription":"","_EventCurrencySymbol":"","_EventCurrencyCode":"","_EventCurrencyPosition":"","_EventDateTimeSeparator":"","_EventTimeRangeSeparator":"","_EventOrganizerID":[],"_EventVenueID":[],"_OrganizerEmail":"","_OrganizerPhone":"","_OrganizerWebsite":"","_VenueAddress":"","_VenueCity":"","_VenueCountry":"","_VenueProvince":"","_VenueState":"","_VenueZip":"","_VenuePhone":"","_VenueURL":"","_VenueStateProvince":"","_VenueLat":"","_VenueLng":"","_VenueShowMap":false,"_VenueShowMapLink":false,"footnotes":""},"categories":[436,434,17],"tags":[486,497,438],"class_list":["post-3032","post","type-post","status-publish","format-standard","has-post-thumbnail","hentry","category-aktivreisen","category-kultureisen","category-reiseempfehlungen","tag-adt","tag-hoehenburg","tag-reiseempfehlung"],"_links":{"self":[{"href":"https:\/\/forte-cultura.com\/de_de\/wp-json\/wp\/v2\/posts\/3032","targetHints":{"allow":["GET"]}}],"collection":[{"href":"https:\/\/forte-cultura.com\/de_de\/wp-json\/wp\/v2\/posts"}],"about":[{"href":"https:\/\/forte-cultura.com\/de_de\/wp-json\/wp\/v2\/types\/post"}],"author":[{"embeddable":true,"href":"https:\/\/forte-cultura.com\/de_de\/wp-json\/wp\/v2\/users\/1"}],"replies":[{"embeddable":true,"href":"https:\/\/forte-cultura.com\/de_de\/wp-json\/wp\/v2\/comments?post=3032"}],"version-history":[{"count":0,"href":"https:\/\/forte-cultura.com\/de_de\/wp-json\/wp\/v2\/posts\/3032\/revisions"}],"wp:featuredmedia":[{"embeddable":true,"href":"https:\/\/forte-cultura.com\/de_de\/wp-json\/wp\/v2\/media\/3251"}],"wp:attachment":[{"href":"https:\/\/forte-cultura.com\/de_de\/wp-json\/wp\/v2\/media?parent=3032"}],"wp:term":[{"taxonomy":"category","embeddable":true,"href":"https:\/\/forte-cultura.com\/de_de\/wp-json\/wp\/v2\/categories?post=3032"},{"taxonomy":"post_tag","embeddable":true,"href":"https:\/\/forte-cultura.com\/de_de\/wp-json\/wp\/v2\/tags?post=3032"}],"curies":[{"name":"wp","href":"https:\/\/api.w.org\/{rel}","templated":true}]}}