{"id":2831,"date":"2024-06-29T10:11:04","date_gmt":"2024-06-29T08:11:04","guid":{"rendered":"https:\/\/forte-cultura.com\/?p=2831"},"modified":"2024-06-29T10:46:19","modified_gmt":"2024-06-29T08:46:19","slug":"mit-kunigunde-von-lueder-durch-die-wasserfestung-ziegenhain","status":"publish","type":"post","link":"https:\/\/forte-cultura.com\/de_de\/mit-kunigunde-von-lueder-durch-die-wasserfestung-ziegenhain\/","title":{"rendered":"Mit Kunigunde von L\u00fcder durch die Wasserfestung Ziegenhain"},"content":{"rendered":"<div class=\"wp-block-columns alignwide eplus-wrapper is-layout-flex wp-container-core-columns-is-layout-02f249f1 wp-block-columns-is-layout-flex eplus-styles-uid-f96c8b\" style=\"padding-right:0;padding-left:0\">\n<div class=\"wp-block-column eplus-wrapper is-layout-flow wp-container-core-column-is-layout-6384e000 wp-block-column-is-layout-flow\" style=\"padding-right:var(--wp--preset--spacing--40);padding-left:0;flex-basis:66.66%\"><p class=\" eplus-wrapper eplus-styles-uid-e7c803\"><em>FORTE CULTURA G\u00e4stef\u00fchrung: Wasserfestung Ziegenhain (DE)<\/em><\/p>\n\n\n<h2 class=\" wp-block-heading alignwide has-large-font-size eplus-wrapper\"><strong>Schwalmstadt-Ziegenhain Themenstadtf\u00fchrungen<\/strong><\/h2>\n\n\n\n<p class=\" eplus-wrapper\"><strong>Kunigunde von L\u00fcder, die Ehefrau des Festungskommandanten von Ziegenhain und andere historische Personen erwarten Sie zu einer besonderen Erlebnisf\u00fchrung durch die Wasserfestung in der Konfirmationsstadt Schwalmstadt-Ziegenhain. Begeben Sie auf eine Zeitreise ins 16. Jahrhundert und lauschen ihren Erz\u00e4hlungen\u2026<\/strong><\/p>\n\n\n\n<p class=\" eplus-wrapper\">Dank des damaligen Landesf\u00fcrsten, Philipp von Hessen, der seine Residenz, das Schloss und die Stadt, mit den baulich wohl \u00fcberlegten Festungsgraben und Verteidigungsanlagen sch\u00fctzen lie\u00df, ist Ziegenhain noch heute europaweit die einzige, von einem intakten Festungsgaben aus dem 16. Jahrhundert komplett umgebene, Stadt. <\/p>\n\n\n\n<p class=\" eplus-wrapper\">Vom Mittelalter bis in unsere heutige Zeit ist viel in Ziegenhain geschehen. Doch Kriege, Anfeindungen und Beschuss, konnten unserer Stadt nichts anhaben \u2013 Ziegenhain blieb f\u00fcr Jahrhunderte uneinnehmbar: \u201eSo fest wie Ziegenhain\u201c wurde so zum landesweiten Begriff f\u00fcr St\u00e4rke und Best\u00e4ndigkeit. <\/p>\n\n\n\n<p class=\" eplus-wrapper\">Um 1539 wurde in Ziegenhain erneut Geschichte geschrieben! Nach Einf\u00fchrung der Reformation musste Landgraf Philipp einen Kompromiss zwischen den \u201eT\u00e4ufer\u201c und \u201eWiedert\u00e4ufer\u201c finden. Zusammen mit dem Stra\u00dfburger Theologen Martin Bucer fanden sie eine von beiden Seiten anerkannte Einigung, die in der Ziegenhainer Kirchenzuchtordnung niedergeschrieben wurde. <\/p>\n\n\n\n<p class=\" eplus-wrapper\">Mit der Einf\u00fchrung des Amtes der Kirchen\u00e4ltesten und vor allem mit der Einf\u00fchrung der Konfirmation zur Best\u00e4tigung der Taufe hat die Ziegenhainer Kirchenzuchtordnung die reformierten Kirchen weit \u00fcber Hessen und Deutschland hinaus gepr\u00e4gt. <\/p>\n\n\n\n<p class=\" eplus-wrapper\"><\/p>\n\n\n<div class=\"pgc-sgb-cb wp-block-pgcsimplygalleryblock-grid \" data-gallery-id=\"57488144\"><div class=\"sgb-preloader\" id=\"pr_57488144\">\n\t<div class=\"sgb-square\" style=\"background:#d4d4d4\"><\/div>\n\t<div class=\"sgb-square\" style=\"background:#d4d4d4\"><\/div>\n\t<div class=\"sgb-square\" style=\"background:#d4d4d4\"><\/div>\n\t<div class=\"sgb-square\" style=\"background:#d4d4d4\"><\/div><\/div><div class=\"simply-gallery-amp pgc_sgb_slider \"><noscript><div class=\"sgb-gallery\"><div class=\"sgb-item\"><a href=\"https:\/\/forte-cultura.com\/wasserfestung-ziegenhain\/\" target=\"_blank\"><img decoding=\"async\" alt=\"Wasserfestung Ziegenhain (DE), \u00a9Gerhard Reidt\" width=\"300\" height=\"200\" loading=\"lazy\" src=\"https:\/\/forte-cultura.com\/wp-content\/uploads\/Wasserfestung-Ziegenhain-300x200.jpg\" srcset=\"https:\/\/forte-cultura.com\/wp-content\/uploads\/Wasserfestung-Ziegenhain-300x200.jpg 300w,https:\/\/forte-cultura.com\/wp-content\/uploads\/Wasserfestung-Ziegenhain.jpg 450w\" sizes=\"auto, 250px\"><\/a><div class=\"sgb-item-caption\"><em>Wasserfestung Ziegenhain (DE), \u00a9Gerhard Reidt<\/em><\/div><\/div><div class=\"sgb-item\"><a href=\"https:\/\/forte-cultura.com\/museum_der_schwalm_1\/\" target=\"_blank\"><img decoding=\"async\" alt=\"Wasserfestung Ziegenhain (DE), Museum der Schwalm\" width=\"300\" height=\"200\" loading=\"lazy\" src=\"https:\/\/forte-cultura.com\/wp-content\/uploads\/Museum_der_Schwalm_1-300x200.jpg\" srcset=\"https:\/\/forte-cultura.com\/wp-content\/uploads\/Museum_der_Schwalm_1-300x200.jpg 300w,https:\/\/forte-cultura.com\/wp-content\/uploads\/Museum_der_Schwalm_1.jpg 400w\" sizes=\"auto, 250px\"><\/a><div class=\"sgb-item-caption\"><em>Wasserfestung Ziegenhain (DE), Museum der Schwalm<\/em><\/div><\/div><div class=\"sgb-item\"><a href=\"https:\/\/forte-cultura.com\/neue_wache_neu_1\/\" target=\"_blank\"><img decoding=\"async\" alt=\"Wasserfestung Ziegenhain (DE), Neue Wache mit Tourist-Info\" width=\"300\" height=\"200\" loading=\"lazy\" src=\"https:\/\/forte-cultura.com\/wp-content\/uploads\/Neue_Wache_neu_1-300x200.jpg\" srcset=\"https:\/\/forte-cultura.com\/wp-content\/uploads\/Neue_Wache_neu_1-300x200.jpg 300w,https:\/\/forte-cultura.com\/wp-content\/uploads\/Neue_Wache_neu_1.jpg 400w\" sizes=\"auto, 250px\"><\/a><div class=\"sgb-item-caption\"><em>Wasserfestung Ziegenhain (DE), Neue Wache mit Tourist-Info<\/em><\/div><\/div><div class=\"sgb-item\"><a href=\"https:\/\/forte-cultura.com\/ziegenhain_luftaufnahme_1\/\" target=\"_blank\"><img decoding=\"async\" alt=\"Wasserfestung Ziegenhain (DE)\" width=\"300\" height=\"213\" loading=\"lazy\" src=\"https:\/\/forte-cultura.com\/wp-content\/uploads\/Ziegenhain_Luftaufnahme_1-300x213.jpg\" srcset=\"https:\/\/forte-cultura.com\/wp-content\/uploads\/Ziegenhain_Luftaufnahme_1-300x213.jpg 300w,https:\/\/forte-cultura.com\/wp-content\/uploads\/Ziegenhain_Luftaufnahme_1.jpg 400w\" sizes=\"auto, 250px\"><\/a><div class=\"sgb-item-caption\"><em>Wasserfestung Ziegenhain (DE)<\/em><\/div><\/div><\/div><\/noscript><\/div><script type=\"application\/json\" class=\"sgb-data\">{\"collectionColumns\":2,\"captions\":false,\"galleryType\":\"pgc_sgb_grid\",\"galleryId\":\"57488144\",\"images\":[{\"id\":2838,\"title\":\"Wasserfestung-Ziegenhain\",\"url\":\"https:\/\/forte-cultura.com\/wp-content\/uploads\/Wasserfestung-Ziegenhain.jpg\",\"link\":\"https:\/\/forte-cultura.com\/wasserfestung-ziegenhain\/\",\"alt\":\"Wasserfestung Ziegenhain (DE), \u00a9Gerhard Reidt\",\"description\":\"Wasserfestung Ziegenhain (DE), \u00a9Gerhard Reidt\",\"caption\":\"Wasserfestung Ziegenhain (DE), \u00a9Gerhard Reidt\",\"mime\":\"image\/jpeg\",\"type\":\"image\",\"width\":450,\"height\":300,\"sizes\":{\"thumbnail\":{\"height\":150,\"width\":150,\"url\":\"https:\/\/forte-cultura.com\/wp-content\/uploads\/Wasserfestung-Ziegenhain-150x150.jpg\",\"orientation\":\"landscape\"},\"medium\":{\"height\":200,\"width\":300,\"url\":\"https:\/\/forte-cultura.com\/wp-content\/uploads\/Wasserfestung-Ziegenhain-300x200.jpg\",\"orientation\":\"landscape\"},\"full\":{\"url\":\"https:\/\/forte-cultura.com\/wp-content\/uploads\/Wasserfestung-Ziegenhain.jpg\",\"height\":300,\"width\":450,\"orientation\":\"landscape\"}},\"imageMeta\":{\"aperture\":\"8\",\"credit\":\"GR\",\"camera\":\"Canon EOS 1100D\",\"caption\":\"\",\"created_timestamp\":\"1345298724\",\"copyright\":\"[2012]\",\"focal_length\":\"28\",\"iso\":\"100\",\"shutter_speed\":\"0.005\",\"title\":\"\",\"orientation\":\"1\",\"keywords\":[]},\"meta\":false,\"postlink\":\"https:\/\/forte-cultura.com\/wasserfestung-ziegenhain\/\"},{\"id\":2840,\"title\":\"Museum_der_Schwalm_1\",\"url\":\"https:\/\/forte-cultura.com\/wp-content\/uploads\/Museum_der_Schwalm_1.jpg\",\"link\":\"https:\/\/forte-cultura.com\/museum_der_schwalm_1\/\",\"alt\":\"Wasserfestung Ziegenhain (DE), Museum der Schwalm\",\"description\":\"Wasserfestung Ziegenhain (DE), Museum der Schwalm\",\"caption\":\"Wasserfestung Ziegenhain (DE), Museum der Schwalm\",\"mime\":\"image\/jpeg\",\"type\":\"image\",\"width\":400,\"height\":267,\"sizes\":{\"thumbnail\":{\"height\":150,\"width\":150,\"url\":\"https:\/\/forte-cultura.com\/wp-content\/uploads\/Museum_der_Schwalm_1-150x150.jpg\",\"orientation\":\"landscape\"},\"medium\":{\"height\":200,\"width\":300,\"url\":\"https:\/\/forte-cultura.com\/wp-content\/uploads\/Museum_der_Schwalm_1-300x200.jpg\",\"orientation\":\"landscape\"},\"full\":{\"url\":\"https:\/\/forte-cultura.com\/wp-content\/uploads\/Museum_der_Schwalm_1.jpg\",\"height\":267,\"width\":400,\"orientation\":\"landscape\"}},\"imageMeta\":{\"aperture\":\"5\",\"credit\":\"Gerhard Reidt\",\"camera\":\"Canon EOS 60D\",\"caption\":\"\",\"created_timestamp\":\"1349086219\",\"copyright\":\"\",\"focal_length\":\"24\",\"iso\":\"100\",\"shutter_speed\":\"0.001\",\"title\":\"\",\"orientation\":\"1\",\"keywords\":[]},\"meta\":false,\"postlink\":\"https:\/\/forte-cultura.com\/museum_der_schwalm_1\/\"},{\"id\":2839,\"title\":\"Neue_Wache_neu_1\",\"url\":\"https:\/\/forte-cultura.com\/wp-content\/uploads\/Neue_Wache_neu_1.jpg\",\"link\":\"https:\/\/forte-cultura.com\/neue_wache_neu_1\/\",\"alt\":\"Wasserfestung Ziegenhain (DE), Neue Wache mit Tourist-Info\",\"description\":\"Wasserfestung Ziegenhain (DE), Neue Wache mit Tourist-Info\",\"caption\":\"Wasserfestung Ziegenhain (DE), Neue Wache mit Tourist-Info\",\"mime\":\"image\/jpeg\",\"type\":\"image\",\"width\":400,\"height\":267,\"sizes\":{\"thumbnail\":{\"height\":150,\"width\":150,\"url\":\"https:\/\/forte-cultura.com\/wp-content\/uploads\/Neue_Wache_neu_1-150x150.jpg\",\"orientation\":\"landscape\"},\"medium\":{\"height\":200,\"width\":300,\"url\":\"https:\/\/forte-cultura.com\/wp-content\/uploads\/Neue_Wache_neu_1-300x200.jpg\",\"orientation\":\"landscape\"},\"full\":{\"url\":\"https:\/\/forte-cultura.com\/wp-content\/uploads\/Neue_Wache_neu_1.jpg\",\"height\":267,\"width\":400,\"orientation\":\"landscape\"}},\"imageMeta\":{\"aperture\":\"8\",\"credit\":\"Gerhard Reidt\",\"camera\":\"Canon EOS 70D\",\"caption\":\"\",\"created_timestamp\":\"1494001744\",\"copyright\":\"(C)2016\",\"focal_length\":\"18\",\"iso\":\"200\",\"shutter_speed\":\"0.004\",\"title\":\"\",\"orientation\":\"1\",\"keywords\":[]},\"meta\":false,\"postlink\":\"https:\/\/forte-cultura.com\/neue_wache_neu_1\/\"},{\"id\":2837,\"title\":\"Ziegenhain_Luftaufnahme_1\",\"url\":\"https:\/\/forte-cultura.com\/wp-content\/uploads\/Ziegenhain_Luftaufnahme_1.jpg\",\"link\":\"https:\/\/forte-cultura.com\/ziegenhain_luftaufnahme_1\/\",\"alt\":\"Wasserfestung Ziegenhain (DE)\",\"description\":\"Wasserfestung Ziegenhain (DE)\",\"caption\":\"Wasserfestung Ziegenhain (DE)\",\"mime\":\"image\/jpeg\",\"type\":\"image\",\"width\":400,\"height\":284,\"sizes\":{\"thumbnail\":{\"height\":150,\"width\":150,\"url\":\"https:\/\/forte-cultura.com\/wp-content\/uploads\/Ziegenhain_Luftaufnahme_1-150x150.jpg\",\"orientation\":\"landscape\"},\"medium\":{\"height\":213,\"width\":300,\"url\":\"https:\/\/forte-cultura.com\/wp-content\/uploads\/Ziegenhain_Luftaufnahme_1-300x213.jpg\",\"orientation\":\"landscape\"},\"full\":{\"url\":\"https:\/\/forte-cultura.com\/wp-content\/uploads\/Ziegenhain_Luftaufnahme_1.jpg\",\"height\":284,\"width\":400,\"orientation\":\"landscape\"}},\"imageMeta\":{\"aperture\":\"7.1\",\"credit\":\"GR\",\"camera\":\"Canon EOS 1100D\",\"caption\":\"\",\"created_timestamp\":\"1345299055\",\"copyright\":\"[2012]\",\"focal_length\":\"150\",\"iso\":\"100\",\"shutter_speed\":\"0.0025\",\"title\":\"\",\"orientation\":\"1\",\"keywords\":[]},\"meta\":false,\"postlink\":\"https:\/\/forte-cultura.com\/ziegenhain_luftaufnahme_1\/\"}],\"TrpContentRestriction\":{\"restriction_type\":\"exclude\",\"selected_languages\":[],\"panel_open\":true},\"itemsMetaDataCollection\":[]}<\/script><script>(function(){if(window.PGC_SGB && window.PGC_SGB.searcher){window.PGC_SGB.searcher.initBlocks()}})()<\/script><\/div><\/div>\n\n\n\n<div class=\"wp-block-column eplus-wrapper is-layout-flow wp-container-core-column-is-layout-4d123836 wp-block-column-is-layout-flow\" style=\"padding-right:var(--wp--preset--spacing--20);padding-left:var(--wp--preset--spacing--20);flex-basis:33.33%\"><div class=\"wp-block-columns has-custom-verlauf-1-gradient-background has-background eplus-wrapper is-layout-flex wp-container-core-columns-is-layout-a07062ff wp-block-columns-is-layout-flex eplus-styles-uid-79215d\" style=\"border-radius:5px;margin-top:0;margin-bottom:var(--wp--preset--spacing--20);padding-top:var(--wp--preset--spacing--10);padding-right:var(--wp--preset--spacing--20);padding-bottom:var(--wp--preset--spacing--10);padding-left:var(--wp--preset--spacing--20)\">\n<div class=\"wp-block-column eplus-wrapper is-layout-flow wp-block-column-is-layout-flow\" style=\"flex-basis:33.33%\">\n<figure class=\" wp-block-image aligncenter size-full eplus-wrapper\"><img loading=\"lazy\" decoding=\"async\" width=\"432\" height=\"504\" src=\"https:\/\/forte-cultura.com\/wp-content\/uploads\/Kunigunde_Gabriele-Franke.jpg\" alt=\"\" class=\"wp-image-376\" srcset=\"https:\/\/forte-cultura.com\/wp-content\/uploads\/Kunigunde_Gabriele-Franke.jpg 432w, https:\/\/forte-cultura.com\/wp-content\/uploads\/Kunigunde_Gabriele-Franke-257x300.jpg 257w, https:\/\/forte-cultura.com\/wp-content\/uploads\/Kunigunde_Gabriele-Franke-200x233.jpg 200w\" sizes=\"auto, (max-width: 432px) 100vw, 432px\" \/><figcaption class=\"wp-element-caption\">Gabriele Franke alias &#8222;Kunigunde&#8220;<\/figcaption><\/figure>\n<\/div>\n\n\n\n<div class=\"wp-block-column eplus-wrapper is-layout-flow wp-block-column-is-layout-flow\" style=\"flex-basis:66.66%\">\n<p class=\"has-text-align-right has-custom-farbe-1-color has-text-color has-link-color eplus-wrapper wp-elements-10e286e1398494406dede4fab111d977\"><strong>Gabriele Franke<\/strong><\/p>\n\n\n\n<p class=\" has-text-align-right has-heading-font-family eplus-wrapper\" style=\"margin-top:0;margin-bottom:0;font-size:clamp(0.875em, 0.875rem + ((1vw - 0.2em) * 0.042), 0.9em);line-height:1.3\">G\u00e4stef\u00fchrerin mit <br>FORTE CULTURA Zertifikat<\/p>\n\n\n\n<p class=\" has-text-align-right eplus-wrapper\" style=\"font-size:clamp(0.875rem, 0.875rem + ((1vw - 0.2rem) * 0.042), 0.9rem);line-height:1.3\">im Auftrag Tourist-Info Rotk\u00e4ppchenland Paradeplatz 7 <br>34613 Schwalmstadt <br><a href=\"https:\/\/www.rotkaeppchenland.de\/\" target=\"_blank\" rel=\"noreferrer noopener\">www.rotkaeppchenland.de<\/a><\/p>\n<\/div>\n<\/div>\n\n\n<h4 class=\" wp-block-heading has-text-align-center eplus-wrapper\"><strong>Hinweise zur G\u00e4stef\u00fchrung<\/strong><\/h4>\n\n\n\n<p class=\" has-text-align-center eplus-wrapper\"><strong>Dauer<\/strong>: ca. 60-90 Minuten<br><strong>Preis<\/strong>: 5,50 \u20ac pro Person, erm\u00e4\u00dfigt 4\u20ac,  mindestens jedoch 40\u20ac \/ 55\u20ac<\/p>\n\n\n\n<p class=\" has-text-align-center eplus-wrapper\">Von April bis Oktober werden jeden dritten Samstag im Monat um 14:00 Uhr unterschiedliche Themenf\u00fchrungen f\u00fcr kleine Gruppen und Einzelpersonen angeboten. Um Anmeldung wird bis freitags 15 Uhr gebeten.<\/p>\n\n\n<div class=\"wp-block-buttons eplus-wrapper is-content-justification-center is-layout-flex wp-container-core-buttons-is-layout-3bc9e530 wp-block-buttons-is-layout-flex eplus-styles-uid-f5efd0\" style=\"margin-top:var(--wp--preset--spacing--20);margin-bottom:var(--wp--preset--spacing--20)\"><div class=\" wp-block-button has-custom-width wp-block-button__width-100 has-custom-font-size has-medium-font-size eplus-wrapper eplus-styles-uid-ee0853\"><a class=\"wp-block-button__link wp-element-button\" href=\"https:\/\/bit.ly\/3eGdVZK\" style=\"padding-top:var(--wp--preset--spacing--10);padding-bottom:var(--wp--preset--spacing--10)\" target=\"_blank\" rel=\"noreferrer noopener\"><strong>Onlinebuchung oder Anfrage f\u00fcr Gruppenf\u00fchrungen<\/strong><\/a><\/div><\/div>\n\n\n<p class=\" has-text-align-center eplus-wrapper\" style=\"font-size:clamp(0.875em, 0.875rem + ((1vw - 0.2em) * 0.042), 0.9em);\"><strong>Treffpunkt<\/strong>: <br>Startpunkt f\u00fcr alle F\u00fchrungen ist am Paradeplatz, 34613 Schwalmstadt-Ziegenhain<\/p>\n\n\n\n<p class=\" has-text-align-center eplus-wrapper\" style=\"font-size:clamp(0.875em, 0.875rem + ((1vw - 0.2em) * 0.042), 0.9em);\">Zu jeder Stadtf\u00fchrung k\u00f6nnen Sie wahlweise einen rustikalen Imbiss \/ Kaffee und Kuchen im historischen Ambiente des L\u00fcderkeller&#8217;s mitten in der Wasserfestung Ziegenhain zubuchen. Wahlweise Kartoffelplatz, Schmalz- und Wurstbrot, Haa\u00dfebier, Kaffee und Kaltgetr\u00e4nke (15 \u20ac pro Person) oder Kaffee und Kuchen (5 \u20ac pro Person)<\/p>\n\n\n\n<p class=\" has-text-align-center eplus-wrapper\" style=\"font-size:clamp(0.875em, 0.875rem + ((1vw - 0.2em) * 0.042), 0.9em);\">Rechtlicher Tr\u00e4ger des beschriebenen Angebotes und alleinig f\u00fcr dessen Inhalte haftend ist der Veranstalter: Garbriele Franke und Tourist-Info Rotk\u00e4ppchenland<\/p>\n\n\n\n<hr class=\" wp-block-separator aligncenter has-alpha-channel-opacity eplus-wrapper\" style=\"margin-top:var(--wp--preset--spacing--20);margin-bottom:var(--wp--preset--spacing--20)\">\n\n\n\n<p class=\" has-text-align-center has-small-font-size eplus-wrapper\"><em><a href=\"https:\/\/forte-cultura.com\/wp-content\/uploads\/Ziegenhain-Kunigunde_DE_20210513.pdf\" target=\"_blank\" rel=\"noreferrer noopener\">Diese G\u00e4stef\u00fchrung als PDF downloaden.<\/a><\/em><\/p>\n<\/div>\n<\/div>\n\n\n<hr class=\" wp-block-separator alignwide has-text-color has-accent-2-color has-alpha-channel-opacity has-accent-2-background-color has-background eplus-wrapper\" style=\"margin-top:var(--wp--preset--spacing--30);margin-bottom:var(--wp--preset--spacing--10)\"\/>\n\n\n<div class=\"wp-block-columns alignwide are-vertically-aligned-center has-custom-farbe-1-gradient-background has-background eplus-wrapper is-layout-flex wp-container-core-columns-is-layout-93b636f3 wp-block-columns-is-layout-flex eplus-styles-uid-bce80f\" style=\"padding-top:var(--wp--preset--spacing--10);padding-right:0;padding-bottom:var(--wp--preset--spacing--10);padding-left:0\">\n<div class=\"wp-block-column is-vertically-aligned-center eplus-wrapper is-layout-flow wp-block-column-is-layout-flow\" style=\"padding-top:0;padding-right:0;padding-bottom:0;padding-left:0;flex-basis:33.33%\">\n<figure class=\" wp-block-image aligncenter size-large is-resized eplus-wrapper\"><img loading=\"lazy\" decoding=\"async\" width=\"1024\" height=\"977\" src=\"https:\/\/forte-cultura.com\/wp-content\/uploads\/FoCu-Logo_weiss-transparent-1024x977.png\" alt=\"\" class=\"wp-image-439\" style=\"width:97px;height:auto\" srcset=\"https:\/\/forte-cultura.com\/wp-content\/uploads\/FoCu-Logo_weiss-transparent-1024x977.png 1024w, https:\/\/forte-cultura.com\/wp-content\/uploads\/FoCu-Logo_weiss-transparent-300x286.png 300w, https:\/\/forte-cultura.com\/wp-content\/uploads\/FoCu-Logo_weiss-transparent-768x733.png 768w, https:\/\/forte-cultura.com\/wp-content\/uploads\/FoCu-Logo_weiss-transparent-1536x1465.png 1536w, https:\/\/forte-cultura.com\/wp-content\/uploads\/FoCu-Logo_weiss-transparent-2048x1954.png 2048w, https:\/\/forte-cultura.com\/wp-content\/uploads\/FoCu-Logo_weiss-transparent-200x191.png 200w\" sizes=\"auto, (max-width: 1024px) 100vw, 1024px\" \/><\/figure>\n<\/div>\n\n\n\n<div class=\"wp-block-column is-vertically-aligned-center eplus-wrapper is-layout-flow wp-block-column-is-layout-flow\" style=\"flex-basis:66.66%\">\n<p class=\"has-text-align-center has-base-2-color has-text-color has-link-color eplus-wrapper wp-elements-1d9cd9dbbad985ccaa076a0384160432\">Gabriele Franke ist G\u00e4stef\u00fchrerin mit FORTE CULTURA Zertifikat.<\/p>\n<\/div>\n<\/div>","protected":false},"excerpt":{"rendered":"<p>FORTE CULTURA G\u00e4stef\u00fchrung: Wasserfestung Ziegenhain (DE); Kunigunde von L\u00fcder, die Ehefrau des Festungskommandanten, erwartet Sie zu einer Erlebnisf\u00fchrung durch die Wasserfestung in der Konfirmationsstadt Schwalmstadt-Ziegenhain.<\/p>\n","protected":false},"author":1,"featured_media":408,"comment_status":"open","ping_status":"open","sticky":false,"template":"","format":"standard","meta":{"editor_plus_copied_stylings":"{}","pgc_sgb_lightbox_settings":"","_price":"","_stock":"","_tribe_ticket_header":"","_tribe_default_ticket_provider":"","_tribe_ticket_capacity":"0","_ticket_start_date":"","_ticket_end_date":"","_tribe_ticket_show_description":"","_tribe_ticket_show_not_going":false,"_tribe_ticket_use_global_stock":"","_tribe_ticket_global_stock_level":"","_global_stock_mode":"","_global_stock_cap":"","_tribe_rsvp_for_event":"","_tribe_ticket_going_count":"","_tribe_ticket_not_going_count":"","_tribe_tickets_list":"[]","_tribe_ticket_has_attendee_info_fields":false,"_EventAllDay":false,"_EventTimezone":"","_EventStartDate":"","_EventEndDate":"","_EventStartDateUTC":"","_EventEndDateUTC":"","_EventShowMap":false,"_EventShowMapLink":false,"_EventURL":"","_EventCost":"","_EventCostDescription":"","_EventCurrencySymbol":"","_EventCurrencyCode":"","_EventCurrencyPosition":"","_EventDateTimeSeparator":"","_EventTimeRangeSeparator":"","_EventOrganizerID":[],"_EventVenueID":[],"_OrganizerEmail":"","_OrganizerPhone":"","_OrganizerWebsite":"","_VenueAddress":"","_VenueCity":"","_VenueCountry":"","_VenueProvince":"","_VenueState":"","_VenueZip":"","_VenuePhone":"","_VenueURL":"","_VenueStateProvince":"","_VenueLat":"","_VenueLng":"","_VenueShowMap":false,"_VenueShowMapLink":false,"footnotes":""},"categories":[13,255],"tags":[481,44,15,479,480],"class_list":["post-2831","post","type-post","status-publish","format-standard","has-post-thumbnail","hentry","category-guided-tours","category-guided-tours-en","tag-gabriele-franke","tag-hessen","tag-kostuemfuehrung","tag-stadt-und-festungsfuehrung","tag-wasserfestung-ziegenhain"],"_links":{"self":[{"href":"https:\/\/forte-cultura.com\/de_de\/wp-json\/wp\/v2\/posts\/2831","targetHints":{"allow":["GET"]}}],"collection":[{"href":"https:\/\/forte-cultura.com\/de_de\/wp-json\/wp\/v2\/posts"}],"about":[{"href":"https:\/\/forte-cultura.com\/de_de\/wp-json\/wp\/v2\/types\/post"}],"author":[{"embeddable":true,"href":"https:\/\/forte-cultura.com\/de_de\/wp-json\/wp\/v2\/users\/1"}],"replies":[{"embeddable":true,"href":"https:\/\/forte-cultura.com\/de_de\/wp-json\/wp\/v2\/comments?post=2831"}],"version-history":[{"count":0,"href":"https:\/\/forte-cultura.com\/de_de\/wp-json\/wp\/v2\/posts\/2831\/revisions"}],"wp:featuredmedia":[{"embeddable":true,"href":"https:\/\/forte-cultura.com\/de_de\/wp-json\/wp\/v2\/media\/408"}],"wp:attachment":[{"href":"https:\/\/forte-cultura.com\/de_de\/wp-json\/wp\/v2\/media?parent=2831"}],"wp:term":[{"taxonomy":"category","embeddable":true,"href":"https:\/\/forte-cultura.com\/de_de\/wp-json\/wp\/v2\/categories?post=2831"},{"taxonomy":"post_tag","embeddable":true,"href":"https:\/\/forte-cultura.com\/de_de\/wp-json\/wp\/v2\/tags?post=2831"}],"curies":[{"name":"wp","href":"https:\/\/api.w.org\/{rel}","templated":true}]}}