{"id":2653,"date":"2024-02-29T15:37:55","date_gmt":"2024-02-29T14:37:55","guid":{"rendered":"https:\/\/forte-cultura.com\/?p=2653"},"modified":"2024-02-29T15:37:55","modified_gmt":"2024-02-29T14:37:55","slug":"festungsmonumente-der-gdke-de","status":"publish","type":"post","link":"https:\/\/forte-cultura.com\/de_de\/festungsmonumente-der-gdke-de\/","title":{"rendered":"Festungsmonumente der GDKE (DE)"},"content":{"rendered":"<div class=\"wp-block-columns alignwide eplus-wrapper is-layout-flex wp-container-core-columns-is-layout-28f84493 wp-block-columns-is-layout-flex eplus-styles-uid-95b69c\">\n<div class=\"wp-block-column eplus-wrapper is-layout-flow wp-block-column-is-layout-flow\" style=\"flex-basis:100%\"><p class=\" eplus-wrapper eplus-styles-uid-e7c803\"><em>FORTE CULTURA Festungsgruppe: Festungsmonumente der Generaldirektion Kulturelles Erbe Rheinland-Pfalz (DE)<\/em><\/p>\n\n\n<h2 class=\" wp-block-heading alignwide has-large-font-size eplus-wrapper\"><strong>Festungen, befestigte Burgen und Schl\u00f6sser der GDKE<\/strong><\/h2>\n\n\n\n<p class=\" eplus-wrapper\">Unter dem Motto <em>&#8222;Wir sind Kulturerbe&#8220;<\/em> \u00fcbernimmt die Generaldirektion Kulturelles Erbe Rheinland-Pfalz in der Landesverwaltung Verantwortung f\u00fcr das materielle kulturelle Erbe des Landes Rheinland-Pfalz.Das beinhaltet Kulturdenkmale, wie arch\u00e4ologische St\u00e4tten und Baudenkmale, sowie die Sammlungsbest\u00e4nde der Landesmuseen.<br><br>Zum Bestand der GDKE geh\u00f6ren auch 11 Festungsmonumente mit spannenden Erlebniswelten, darunter die Festungen Ehrenbreitstein in Koblenz, das Schloss B\u00fcrresheim oder die Burg Pfalzgrafenstein, mitten im Rhein. Reisen Sie mit FORTE CULTURA\u00ae in die Vergangenheit und erfahren Sie mehr \u00fcber die Geschichten der faszinierenden Festungsmonumente in Rheinland-Pfalz.<\/p>\n\n\n\n<div class=\"wp-block-kadence-spacer aligncenter kt-block-spacer-2653_66fde7-88\"><div class=\"kt-block-spacer kt-block-spacer-halign-center\"><\/div><\/div>\n\n\n<div class=\"ultp-post-grid-block wp-block-ultimate-post-post-grid-1 ultp-block-3b1892\"><div class=\"ultp-block-wrapper\"><div class=\"ultp-loading\"><div class=\"ultp-loading-blocks\" style=\"width:100%;height:100%;\"><div style=\"left: 0;top: 0;animation-delay:0s;\"><\/div><div style=\"left: 21px;top: 0;animation-delay:0.125s;\"><\/div><div style=\"left: 42px;top: 0;animation-delay:0.25s;\"><\/div><div style=\"left: 0;top: 21px;animation-delay:0.875s;\"><\/div><div style=\"left: 42px;top: 21px;animation-delay:0.375s;\"><\/div><div style=\"left: 0;top: 42px;animation-delay:0.75s;\"><\/div><div style=\"left: 42px;top: 42px;animation-delay:0.625s;\"><\/div><div style=\"left: 21px;top: 42px;animation-delay:0.5s;\"><\/div><\/div><\/div><div class=\"ultp-block-items-wrap ultp-block-row ultp-pg1a-style1 ultp-grid1-responsive ultp-block-column-4 1 ultp-xs-column-1 ultp-layout1\"><div class=\"ultp-block-item post-id-1826\"><div class=\"ultp-block-content-wrap\"><div class=\"ultp-block-image ultp-block-image-zoomIn\"><a href=\"https:\/\/forte-cultura.com\/de_de\/annweiler-de\/\"><img decoding=\"async\" class=\"ultp-block-image-content\" alt=\"Annweiler (DE)\" src=\"https:\/\/forte-cultura.com\/wp-content\/uploads\/Trifels-870x570.jpg\"><\/a><\/div><div class=\"ultp-block-content\"><h3 class=\"ultp-block-title \"><a href=\"https:\/\/forte-cultura.com\/de_de\/annweiler-de\/\">Annweiler (DE)<\/a><\/h3><div class=\"ultp-block-excerpt\">Befestigte Reichsburg Trifels (DE), faszinierende Geschichte im Pf\u00e4lzerwald<\/div><\/div><\/div><\/div><div class=\"ultp-block-item post-id-1792\"><div class=\"ultp-block-content-wrap\"><div class=\"ultp-block-image ultp-block-image-zoomIn\"><a href=\"https:\/\/forte-cultura.com\/de_de\/bad-duerkheim-de\/\"><img decoding=\"async\" class=\"ultp-block-image-content\" alt=\"Bad D\u00fcrkheim (DE)\" src=\"https:\/\/forte-cultura.com\/wp-content\/uploads\/Hardenburg-870x570.jpg\"><\/a><\/div><div class=\"ultp-block-content\"><h3 class=\"ultp-block-title \"><a href=\"https:\/\/forte-cultura.com\/de_de\/bad-duerkheim-de\/\">Bad D\u00fcrkheim (DE)<\/a><\/h3><div class=\"ultp-block-excerpt\">Schloss- und Festungsruine Hardenburg (DE)<\/div><\/div><\/div><\/div><div class=\"ultp-block-item post-id-2073\"><div class=\"ultp-block-content-wrap\"><div class=\"ultp-block-image ultp-block-image-zoomIn\"><a href=\"https:\/\/forte-cultura.com\/de_de\/dahn-de\/\"><img decoding=\"async\" class=\"ultp-block-image-content\" alt=\"Dahn (DE)\" src=\"https:\/\/forte-cultura.com\/wp-content\/uploads\/Dahner-Burgen-870x570.png\"><\/a><\/div><div class=\"ultp-block-content\"><h3 class=\"ultp-block-title \"><a href=\"https:\/\/forte-cultura.com\/de_de\/dahn-de\/\">Dahn (DE)<\/a><\/h3><div class=\"ultp-block-excerpt\">Befestigte Dahner Burgen (DE), romantische Burgruinen im Pf\u00e4lzerwald<\/div><\/div><\/div><\/div><div class=\"ultp-block-item post-id-1823\"><div class=\"ultp-block-content-wrap\"><div class=\"ultp-block-image ultp-block-image-zoomIn\"><a href=\"https:\/\/forte-cultura.com\/de_de\/kaub-de\/\"><img decoding=\"async\" class=\"ultp-block-image-content\" alt=\"Kaub (DE)\" src=\"https:\/\/forte-cultura.com\/wp-content\/uploads\/Pfalzgrafenstein-870x570.jpg\"><\/a><\/div><div class=\"ultp-block-content\"><h3 class=\"ultp-block-title \"><a href=\"https:\/\/forte-cultura.com\/de_de\/kaub-de\/\">Kaub (DE)<\/a><\/h3><div class=\"ultp-block-excerpt\">Befestigte Burg Pfalzgrafenstein (DE), einzigartige Zollburg mitten im Rhein<\/div><\/div><\/div><\/div><div class=\"ultp-block-item post-id-2056\"><div class=\"ultp-block-content-wrap\"><div class=\"ultp-block-image ultp-block-image-zoomIn\"><a href=\"https:\/\/forte-cultura.com\/de_de\/klingenmuenster-de\/\"><img decoding=\"async\" class=\"ultp-block-image-content\" alt=\"Klingenm\u00fcnster (DE)\" src=\"https:\/\/forte-cultura.com\/wp-content\/uploads\/Burgruine-Landeck-870x570.png\"><\/a><\/div><div class=\"ultp-block-content\"><h3 class=\"ultp-block-title \"><a href=\"https:\/\/forte-cultura.com\/de_de\/klingenmuenster-de\/\">Klingenm\u00fcnster (DE)<\/a><\/h3><div class=\"ultp-block-excerpt\">Befestigte Burg Landeck (DE), Burgruine mit spannendem Erlebnisprogramm<\/div><\/div><\/div><\/div><div class=\"ultp-block-item post-id-1778\"><div class=\"ultp-block-content-wrap\"><div class=\"ultp-block-image ultp-block-image-zoomIn\"><a href=\"https:\/\/forte-cultura.com\/de_de\/koblenz-de-3\/\"><img decoding=\"async\" class=\"ultp-block-image-content\" alt=\"Koblenz Ehrenbreitstein (DE)\" src=\"https:\/\/forte-cultura.com\/wp-content\/uploads\/Ehrenbreitstein-870x570.jpg\"><\/a><\/div><div class=\"ultp-block-content\"><h3 class=\"ultp-block-title \"><a href=\"https:\/\/forte-cultura.com\/de_de\/koblenz-de-3\/\">Koblenz Ehrenbreitstein (DE)<\/a><\/h3><div class=\"ultp-block-excerpt\">Festung: Imposante Festung gegen\u00fcber dem Deutschen Eck (DE)<\/div><\/div><\/div><\/div><div class=\"ultp-block-item post-id-1829\"><div class=\"ultp-block-content-wrap\"><div class=\"ultp-block-image ultp-block-image-zoomIn\"><a href=\"https:\/\/forte-cultura.com\/de_de\/landstuhl-de\/\"><img decoding=\"async\" class=\"ultp-block-image-content\" alt=\"Landstuhl (DE)\" src=\"https:\/\/forte-cultura.com\/wp-content\/uploads\/Nanstein-870x570.jpg\"><\/a><\/div><div class=\"ultp-block-content\"><h3 class=\"ultp-block-title \"><a href=\"https:\/\/forte-cultura.com\/de_de\/landstuhl-de\/\">Landstuhl (DE)<\/a><\/h3><div class=\"ultp-block-excerpt\">Befestigte Burg Nanstein (DE), Bollwerk Barbarossas auf dem Kahlenberg<\/div><\/div><\/div><\/div><div class=\"ultp-block-item post-id-1812\"><div class=\"ultp-block-content-wrap\"><div class=\"ultp-block-image ultp-block-image-zoomIn\"><a href=\"https:\/\/forte-cultura.com\/de_de\/muerlenbach-de\/\"><img decoding=\"async\" class=\"ultp-block-image-content\" alt=\"M\u00fcrlenbach (DE)\" src=\"https:\/\/forte-cultura.com\/wp-content\/uploads\/Bertradaburg_Dominik-Ketz-870x570.jpg\"><\/a><\/div><div class=\"ultp-block-content\"><h3 class=\"ultp-block-title \"><a href=\"https:\/\/forte-cultura.com\/de_de\/muerlenbach-de\/\">M\u00fcrlenbach (DE)<\/a><\/h3><div class=\"ultp-block-excerpt\">Befestigte Burg Bertradaburg (DE)<\/div><\/div><\/div><\/div><div class=\"ultp-block-item post-id-1817\"><div class=\"ultp-block-content-wrap\"><div class=\"ultp-block-image ultp-block-image-zoomIn\"><a href=\"https:\/\/forte-cultura.com\/de_de\/pelm-de\/\"><img decoding=\"async\" class=\"ultp-block-image-content\" alt=\"Pelm (DE)\" src=\"https:\/\/forte-cultura.com\/wp-content\/uploads\/Kasselburg-870x570.jpg\"><\/a><\/div><div class=\"ultp-block-content\"><h3 class=\"ultp-block-title \"><a href=\"https:\/\/forte-cultura.com\/de_de\/pelm-de\/\">Pelm (DE)<\/a><\/h3><div class=\"ultp-block-excerpt\">Befestigte Burg Kasselburg (DE), Adler- und Wolfspark in historischer Kulisse<\/div><\/div><\/div><\/div><div class=\"ultp-block-item post-id-1808\"><div class=\"ultp-block-content-wrap\"><div class=\"ultp-block-image ultp-block-image-zoomIn\"><a href=\"https:\/\/forte-cultura.com\/de_de\/st-johann-de\/\"><img decoding=\"async\" class=\"ultp-block-image-content\" alt=\"St. Johann (DE)\" src=\"https:\/\/forte-cultura.com\/wp-content\/uploads\/Buerresheim_Eifel-Tourismus-GmbH-Dominik-Ketz-870x570.jpg\"><\/a><\/div><div class=\"ultp-block-content\"><h3 class=\"ultp-block-title \"><a href=\"https:\/\/forte-cultura.com\/de_de\/st-johann-de\/\">St. Johann (DE)<\/a><\/h3><div class=\"ultp-block-excerpt\">Befestigtes Schloss B\u00fcrresheim (DE), M\u00e4rchenschloss in der Eifel<\/div><\/div><\/div><\/div><\/div><\/div><div class=\"pagination-block-html\" aria-hidden=\"true\" style=\"display: none;\"><\/div><\/div><\/div>\n<\/div>\n\n\n<hr class=\" wp-block-separator alignwide has-text-color has-accent-2-color has-alpha-channel-opacity has-accent-2-background-color has-background eplus-wrapper\" style=\"margin-top:var(--wp--preset--spacing--30);margin-bottom:var(--wp--preset--spacing--30)\"\/>\n\n\n<div id=\"travelersmap-container-69f4ad57b3a47\" class=\"travelersmap-container\" style=\"z-index: 1; min-height: 10px; min-width:10px; height:400px;width:100%; max-width:1280px; max-height:; position:relative;\"><div style=\"position:absolute; z-index:-1;top: 50%;text-align: center;display: block;left: 50%;transform: translate(-50%,-50%);\">Travelers' Map wird geladen &hellip;<br>Wenn du dies siehst, nachdem deine Seite vollst\u00e4ndig geladen wurde, fehlen leafletJS-Dateien.<\/div><\/div>\n\n\n\n<hr class=\" wp-block-separator alignwide has-text-color has-accent-2-color has-alpha-channel-opacity has-accent-2-background-color has-background eplus-wrapper\" style=\"margin-top:var(--wp--preset--spacing--30);margin-bottom:var(--wp--preset--spacing--30)\"\/>\n\n\n<div class=\"wp-block-columns alignwide eplus-wrapper is-layout-flex wp-container-core-columns-is-layout-28f84493 wp-block-columns-is-layout-flex eplus-styles-uid-6f64e1\">\n<div class=\"wp-block-column eplus-wrapper is-layout-flow wp-block-column-is-layout-flow\">\n<h3 class=\"wp-block-heading has-custom-farbe-1-color has-text-color has-link-color eplus-wrapper wp-elements-8b6520ec539270d603bcebc81912f4ea\">FORTE CULTURA Reiseempfehlungen<\/h3>\n\n\n\n<p class=\" eplus-wrapper\"><a href=\"https:\/\/forte-cultura.com\/festungsstaedte-befestigte-schloesser-und-burgen-im-naturparadies-pfaelzerwald-2\/\" data-type=\"post\" data-id=\"2085\">Befestigte Schl\u00f6sser und Burgen im Naturparadies Pf\u00e4lzerwald &#8211; Reizvolle Befestigungsarchitektur voller Kultur<\/a><\/p>\n\n\n\n<p class=\" eplus-wrapper\">Festungsmonumente in der Eifel &#8211; Alzey, Mosel, Rhein &#8211; Befestigte Burgen und Schl\u00f6sser zwischen den Gro\u00dffestungen Luxemburg und Koblenz<\/p>\n<\/div>\n<\/div>\n\n\n<hr class=\" wp-block-separator alignwide has-text-color has-accent-2-color has-alpha-channel-opacity has-accent-2-background-color has-background eplus-wrapper\" style=\"margin-top:var(--wp--preset--spacing--30);margin-bottom:var(--wp--preset--spacing--30)\"\/>\n\n\n\n<h2 class=\" wp-block-heading alignwide eplus-wrapper\">&#8230;<\/h2>\n\n\n<div class=\"wp-block-columns alignwide eplus-wrapper is-layout-flex wp-container-core-columns-is-layout-28f84493 wp-block-columns-is-layout-flex eplus-styles-uid-554a2d\">\n<div class=\"wp-block-column eplus-wrapper is-layout-flow wp-block-column-is-layout-flow\" style=\"flex-basis:100%\">\n<p class=\" eplus-wrapper\">Eventkalender &#8230;<\/p>\n<\/div>\n<\/div>\n\n\n<hr class=\" wp-block-separator alignwide has-text-color has-accent-2-color has-alpha-channel-opacity has-accent-2-background-color has-background eplus-wrapper\" style=\"margin-top:var(--wp--preset--spacing--30);margin-bottom:var(--wp--preset--spacing--30)\"\/>\n\n\n\n<div class=\"wp-block-group alignwide has-border-color has-custom-farbe-1-border-color has-custom-verlauf-1-gradient-background has-text-color has-background eplus-wrapper is-layout-flow wp-block-group-is-layout-flow\" style=\"border-width:1px;border-radius:10px;color:#000000\"><div class=\"wp-block-columns eplus-wrapper is-layout-flex wp-container-core-columns-is-layout-8aadaede wp-block-columns-is-layout-flex eplus-styles-uid-ccde8e\" style=\"margin-top:var(--wp--preset--spacing--10);margin-bottom:var(--wp--preset--spacing--10);padding-top:0;padding-bottom:0\">\n<div class=\"wp-block-column is-vertically-aligned-center eplus-wrapper is-layout-flow wp-block-column-is-layout-flow\" style=\"padding-top:var(--wp--preset--spacing--10);padding-right:var(--wp--preset--spacing--10);padding-bottom:var(--wp--preset--spacing--10);padding-left:var(--wp--preset--spacing--10);flex-basis:16.5%\"><figure class=\"is-style-default wp-block-image aligncenter size-full is-resized eplus-wrapper eplus-styles-uid-f8fbcd\"><img loading=\"lazy\" decoding=\"async\" width=\"525\" height=\"483\" src=\"https:\/\/forte-cultura.com\/wp-content\/uploads\/Info-icon.png\" alt=\"\" class=\"wp-image-2170\" style=\"width:68px;height:auto\" srcset=\"https:\/\/forte-cultura.com\/wp-content\/uploads\/Info-icon.png 525w, https:\/\/forte-cultura.com\/wp-content\/uploads\/Info-icon-300x276.png 300w, https:\/\/forte-cultura.com\/wp-content\/uploads\/Info-icon-13x12.png 13w, https:\/\/forte-cultura.com\/wp-content\/uploads\/Info-icon-200x184.png 200w\" sizes=\"auto, (max-width: 525px) 100vw, 525px\" \/><\/figure>\n\n\n<p class=\"has-text-align-center has-custom-farbe-1-color has-text-color has-link-color has-small-font-size eplus-wrapper wp-elements-27213ec317e3fa4d0429a2cc98e498b6\" style=\"margin-top:0;margin-bottom:0;line-height:1.3\"><strong>Informationen f\u00fcr Reiseveranstalter<\/strong><\/p>\n<\/div>\n\n\n\n<div class=\"wp-block-column is-vertically-aligned-center eplus-wrapper is-layout-flow wp-block-column-is-layout-flow\" style=\"padding-right:var(--wp--preset--spacing--10);padding-left:var(--wp--preset--spacing--10);flex-basis:66.66%\">\n<p class=\" has-text-align-left has-small-font-size eplus-wrapper\" style=\"margin-top:0;margin-bottom:0\"><strong>Kontakt:<\/strong><\/p>\n\n\n<p class=\" has-small-font-size eplus-wrapper eplus-styles-uid-4de634\" style=\"margin-top:0;margin-bottom:0;line-height:1.3\">Generaldirektion Kulturelles Erbe Rheinland-Pfalz (GDKE)<br>Direktion Burgen Schl\u00f6sser Altert\u00fcmer<br>Festung Ehrenbreitstein, 56077 Koblenz<br>Tel.: +49 (0)261 6675-0<br>Mail: bsa@gdke.rlp.de<br>Web: www.kulturerleben.rlp.de<\/p><\/div>\n<\/div><\/div>\n","protected":false},"excerpt":{"rendered":"<p>FORTE CULTURA Festungsgruppe: Festungsmonumente der Generaldirektion Kulturelles Erbe Rheinland-Pfalz (DE) Festungen, befestigte Burgen und Schl\u00f6sser der GDKE Unter dem Motto &#8222;Wir sind Kulturerbe&#8220; \u00fcbernimmt die Generaldirektion Kulturelles Erbe Rheinland-Pfalz in [&hellip;]<\/p>\n","protected":false},"author":1,"featured_media":1774,"comment_status":"open","ping_status":"open","sticky":false,"template":"","format":"standard","meta":{"editor_plus_copied_stylings":"{}","pgc_sgb_lightbox_settings":"","_price":"","_stock":"","_tribe_ticket_header":"","_tribe_default_ticket_provider":"","_tribe_ticket_capacity":"0","_ticket_start_date":"","_ticket_end_date":"","_tribe_ticket_show_description":"","_tribe_ticket_show_not_going":false,"_tribe_ticket_use_global_stock":"","_tribe_ticket_global_stock_level":"","_global_stock_mode":"","_global_stock_cap":"","_tribe_rsvp_for_event":"","_tribe_ticket_going_count":"","_tribe_ticket_not_going_count":"","_tribe_tickets_list":"[]","_tribe_ticket_has_attendee_info_fields":false,"_EventAllDay":false,"_EventTimezone":"","_EventStartDate":"","_EventEndDate":"","_EventStartDateUTC":"","_EventEndDateUTC":"","_EventShowMap":false,"_EventShowMapLink":false,"_EventURL":"","_EventCost":"","_EventCostDescription":"","_EventCurrencySymbol":"","_EventCurrencyCode":"","_EventCurrencyPosition":"","_EventDateTimeSeparator":"","_EventTimeRangeSeparator":"","_EventOrganizerID":[],"_EventVenueID":[],"_OrganizerEmail":"","_OrganizerPhone":"","_OrganizerWebsite":"","_VenueAddress":"","_VenueCity":"","_VenueCountry":"","_VenueProvince":"","_VenueState":"","_VenueZip":"","_VenuePhone":"","_VenueURL":"","_VenueStateProvince":"","_VenueLat":"","_VenueLng":"","_VenueShowMap":false,"_VenueShowMapLink":false,"footnotes":""},"categories":[20,423],"tags":[],"class_list":["post-2653","post","type-post","status-publish","format-standard","has-post-thumbnail","hentry","category-deutschland","category-rheinland-pfalz"],"_links":{"self":[{"href":"https:\/\/forte-cultura.com\/de_de\/wp-json\/wp\/v2\/posts\/2653","targetHints":{"allow":["GET"]}}],"collection":[{"href":"https:\/\/forte-cultura.com\/de_de\/wp-json\/wp\/v2\/posts"}],"about":[{"href":"https:\/\/forte-cultura.com\/de_de\/wp-json\/wp\/v2\/types\/post"}],"author":[{"embeddable":true,"href":"https:\/\/forte-cultura.com\/de_de\/wp-json\/wp\/v2\/users\/1"}],"replies":[{"embeddable":true,"href":"https:\/\/forte-cultura.com\/de_de\/wp-json\/wp\/v2\/comments?post=2653"}],"version-history":[{"count":0,"href":"https:\/\/forte-cultura.com\/de_de\/wp-json\/wp\/v2\/posts\/2653\/revisions"}],"wp:featuredmedia":[{"embeddable":true,"href":"https:\/\/forte-cultura.com\/de_de\/wp-json\/wp\/v2\/media\/1774"}],"wp:attachment":[{"href":"https:\/\/forte-cultura.com\/de_de\/wp-json\/wp\/v2\/media?parent=2653"}],"wp:term":[{"taxonomy":"category","embeddable":true,"href":"https:\/\/forte-cultura.com\/de_de\/wp-json\/wp\/v2\/categories?post=2653"},{"taxonomy":"post_tag","embeddable":true,"href":"https:\/\/forte-cultura.com\/de_de\/wp-json\/wp\/v2\/tags?post=2653"}],"curies":[{"name":"wp","href":"https:\/\/api.w.org\/{rel}","templated":true}]}}