{"id":2484,"date":"2024-02-13T16:55:26","date_gmt":"2024-02-13T15:55:26","guid":{"rendered":"https:\/\/forte-cultura.com\/?p=2484"},"modified":"2024-05-30T11:17:03","modified_gmt":"2024-05-30T09:17:03","slug":"johann-maximilian-von-welsch-1671-1745","status":"publish","type":"post","link":"https:\/\/forte-cultura.com\/de_de\/johann-maximilian-von-welsch-1671-1745\/","title":{"rendered":"Johann Maximilian von Welsch (1671 &#8211; 1745)"},"content":{"rendered":"<div class=\"wp-block-columns alignwide eplus-wrapper is-layout-flex wp-container-core-columns-is-layout-28f84493 wp-block-columns-is-layout-flex eplus-styles-uid-1f66e9\">\n<div class=\"wp-block-column eplus-wrapper is-layout-flow wp-block-column-is-layout-flow\">\n<figure class=\" wp-block-image alignleft size-full eplus-wrapper\"><img loading=\"lazy\" decoding=\"async\" width=\"271\" height=\"311\" src=\"https:\/\/forte-cultura.com\/wp-content\/uploads\/Portrait-blanko.jpg\" alt=\"\" class=\"wp-image-2485\" srcset=\"https:\/\/forte-cultura.com\/wp-content\/uploads\/Portrait-blanko.jpg 271w, https:\/\/forte-cultura.com\/wp-content\/uploads\/Portrait-blanko-261x300.jpg 261w, https:\/\/forte-cultura.com\/wp-content\/uploads\/Portrait-blanko-10x12.jpg 10w, https:\/\/forte-cultura.com\/wp-content\/uploads\/Portrait-blanko-200x230.jpg 200w\" sizes=\"auto, (max-width: 271px) 100vw, 271px\" \/><\/figure>\n\n\n\n<p class=\" eplus-wrapper\">Architekt und Festungsbaumeister<br>Kurmainzischer und Bamberger Oberbaudirektor<\/p>\n\n\n\n<p class=\" eplus-wrapper\">Welsch wurde ab 1704 mit dem Ausbau und der Vollendung der Festung Mainz unter Kurf\u00fcrst und Erzbischof Lothar Franz von Sch\u00f6nborn betraut. Weiterhin wirkte er an den Festungen Rosenberg (Kronach), Forchheim, Kehl sowie der Zitadelle Petersberg (Erfurt). Dar\u00fcber hinaus plante und baute er an etlichen Schl\u00f6ssern, Adelspalais und Regierungsbauten sowie Kirchenbauten.<\/p>\n\n\n\n<p class=\" eplus-wrapper\">Der f\u00fcr seine Zeit au\u00dferordentlich weit gereiste Maximilian von Welsch verf\u00fcgte \u00fcber einen weitreichenden Erfahrungsschatz, die grundlegend f\u00fcr seine sp\u00e4tere Arbeit wurde. Schon Welschs \u201eerstes Leben\u201c als junger Offizier in Diensten des Sachsen-Gothaischen Mietregiments f\u00fchrte ihn auf einer Studienreise im Geleit des Prinzen Johann Wilhelm von Sachsen-Gotha von 1699-1700 durch Europa. Die jungen Herren erkundeten gezielt die modernsten Festungsbauten ihrer Zeit und damit Werke des unumstrittenen Meisters Marschall de Vauban. Kurz vor Beginn des Spanischen Erbfolgekriegs und teilweise inkognito f\u00fchrte sie ihre Reise entlang politisch bedeutender europ\u00e4ischer Grenzen. Ein hierzu \u00fcberlieferter Reisebericht wird in der Fachwelt gewertet als eine <em>\u201ef\u00fcr die Festungsforschung ohne \u00dcbertreibung mittlere Sensation, die historische Pl\u00e4ne lebendig werden l\u00e4sst\u201c<\/em>.<\/p>\n\n\n\n<p class=\" eplus-wrapper\">Soweit bekannt, ist kein Portr\u00e4t des Festungsbaumeisters \u00fcberliefert.<\/p>\n\n\n\n<p class=\" eplus-wrapper\">Anl\u00e4sslich des 350. Jubil\u00e4ums des Geburtstags von Maximilian von Welsch im Jahr 2021 gab es eine Sonderausstellung auf der Festung Rosenberg in Kronach. Der beeindruckende <strong>Begleitband zur Ausstellung &#8222;Maximilian von Welsch &#8211; Ingenieur und Architekt des Barock&#8220; <\/strong>enth\u00e4lt 245 Abbildungen auf 320 Seiten sowie spannende Fachbeitr\u00e4ge und ist beim <a href=\"https:\/\/www.imhofverlag.de\/buecher\/maximilian-von-welsch\/\" target=\"_blank\" rel=\"noreferrer noopener\"><strong>Michael Imhof Verlag<\/strong><\/a> verf\u00fcgbar. <\/p>\n<\/div>\n<\/div>\n\n\n<p class=\" eplus-wrapper\"><\/p>\n","protected":false},"excerpt":{"rendered":"<p>Architekt und Festungsbaumeister<br \/>\nKurmainzischer und Bamberger Oberbaudirektor<\/p>\n","protected":false},"author":1,"featured_media":0,"comment_status":"open","ping_status":"open","sticky":false,"template":"","format":"standard","meta":{"editor_plus_copied_stylings":"{}","pgc_sgb_lightbox_settings":"","_price":"","_stock":"","_tribe_ticket_header":"","_tribe_default_ticket_provider":"","_tribe_ticket_capacity":"0","_ticket_start_date":"","_ticket_end_date":"","_tribe_ticket_show_description":"","_tribe_ticket_show_not_going":false,"_tribe_ticket_use_global_stock":"","_tribe_ticket_global_stock_level":"","_global_stock_mode":"","_global_stock_cap":"","_tribe_rsvp_for_event":"","_tribe_ticket_going_count":"","_tribe_ticket_not_going_count":"","_tribe_tickets_list":"[]","_tribe_ticket_has_attendee_info_fields":false,"_EventAllDay":false,"_EventTimezone":"","_EventStartDate":"","_EventEndDate":"","_EventStartDateUTC":"","_EventEndDateUTC":"","_EventShowMap":false,"_EventShowMapLink":false,"_EventURL":"","_EventCost":"","_EventCostDescription":"","_EventCurrencySymbol":"","_EventCurrencyCode":"","_EventCurrencyPosition":"","_EventDateTimeSeparator":"","_EventTimeRangeSeparator":"","_EventOrganizerID":[],"_EventVenueID":[],"_OrganizerEmail":"","_OrganizerPhone":"","_OrganizerWebsite":"","_VenueAddress":"","_VenueCity":"","_VenueCountry":"","_VenueProvince":"","_VenueState":"","_VenueZip":"","_VenuePhone":"","_VenueURL":"","_VenueStateProvince":"","_VenueLat":"","_VenueLng":"","_VenueShowMap":false,"_VenueShowMapLink":false,"footnotes":""},"categories":[474],"tags":[],"class_list":["post-2484","post","type-post","status-publish","format-standard","hentry","category-architekten"],"_links":{"self":[{"href":"https:\/\/forte-cultura.com\/de_de\/wp-json\/wp\/v2\/posts\/2484","targetHints":{"allow":["GET"]}}],"collection":[{"href":"https:\/\/forte-cultura.com\/de_de\/wp-json\/wp\/v2\/posts"}],"about":[{"href":"https:\/\/forte-cultura.com\/de_de\/wp-json\/wp\/v2\/types\/post"}],"author":[{"embeddable":true,"href":"https:\/\/forte-cultura.com\/de_de\/wp-json\/wp\/v2\/users\/1"}],"replies":[{"embeddable":true,"href":"https:\/\/forte-cultura.com\/de_de\/wp-json\/wp\/v2\/comments?post=2484"}],"version-history":[{"count":0,"href":"https:\/\/forte-cultura.com\/de_de\/wp-json\/wp\/v2\/posts\/2484\/revisions"}],"wp:attachment":[{"href":"https:\/\/forte-cultura.com\/de_de\/wp-json\/wp\/v2\/media?parent=2484"}],"wp:term":[{"taxonomy":"category","embeddable":true,"href":"https:\/\/forte-cultura.com\/de_de\/wp-json\/wp\/v2\/categories?post=2484"},{"taxonomy":"post_tag","embeddable":true,"href":"https:\/\/forte-cultura.com\/de_de\/wp-json\/wp\/v2\/tags?post=2484"}],"curies":[{"name":"wp","href":"https:\/\/api.w.org\/{rel}","templated":true}]}}