{"id":2474,"date":"2024-02-13T16:28:59","date_gmt":"2024-02-13T15:28:59","guid":{"rendered":"https:\/\/forte-cultura.com\/?p=2474"},"modified":"2024-02-13T16:41:29","modified_gmt":"2024-02-13T15:41:29","slug":"sebastien-le-prestre-de-vauban-1633-1707","status":"publish","type":"post","link":"https:\/\/forte-cultura.com\/de_de\/sebastien-le-prestre-de-vauban-1633-1707\/","title":{"rendered":"S\u00e9bastien le Prestre de Vauban (1633 &#8211; 1707)"},"content":{"rendered":"<div class=\"wp-block-columns alignwide eplus-wrapper is-layout-flex wp-container-core-columns-is-layout-28f84493 wp-block-columns-is-layout-flex eplus-styles-uid-a38390\">\n<div class=\"wp-block-column eplus-wrapper is-layout-flow wp-block-column-is-layout-flow\">\n<figure class=\" wp-block-image alignleft size-full eplus-wrapper\"><img loading=\"lazy\" decoding=\"async\" width=\"205\" height=\"320\" src=\"https:\/\/forte-cultura.com\/wp-content\/uploads\/vauban.jpg\" alt=\"\" class=\"wp-image-2475\" srcset=\"https:\/\/forte-cultura.com\/wp-content\/uploads\/vauban.jpg 205w, https:\/\/forte-cultura.com\/wp-content\/uploads\/vauban-192x300.jpg 192w, https:\/\/forte-cultura.com\/wp-content\/uploads\/vauban-8x12.jpg 8w, https:\/\/forte-cultura.com\/wp-content\/uploads\/vauban-200x312.jpg 200w\" sizes=\"auto, (max-width: 205px) 100vw, 205px\" \/><\/figure>\n\n\n\n<p class=\" eplus-wrapper\"><strong>&#8222;Ing\u00e9nieur de France&#8220; <\/strong><em>(Ehrentitel)<\/em><br>Franz\u00f6sischer General, Festungsbaumeister Ludwigs XIV. und Marschall von Frankreich<\/p>\n\n\n\n<p class=\" eplus-wrapper\">S\u00e9bastien Le Prestre de Vauban, auch bekannt als Marquis de Vauban, war ein herausragender franz\u00f6sischer General, Festungsbaumeister und Marschall von Frankreich. Als Milit\u00e4ringenieur und Taktiker trug er ma\u00dfgeblich zur Verteidigung und Eroberung von Festungen bei. Sein umfangreiches Lebenswerk umfasst nicht nur den Festungsbau, sondern auch wissenschaftliche und literarische Beitr\u00e4ge.<\/p>\n\n\n\n<p class=\" eplus-wrapper\">Vaubans Hinterlassenschaft umfasst zahlreiche Bauwerke, darunter Festungen, Befestigungsanlagen und St\u00e4dteplanungen.\u00a0Er plante 33 neue und modernisierte \u00fcber 300 bestehende Festungen und gilt als Sch\u00f6pfer des eisernen G\u00fcrtels, mit dem Frankreich unter Ludwig XIV. seine Au\u00dfengrenzen sicherte. Als Soldat und Feldherr nahm er an \u00fcber 50 Belagerungen und 140 Gefechten teil und wurde dabei mehrfach verwundet. Die ideale Festungsstadt Neuf-Brisach (FR) gilt als sein Hauptwerk. <\/p>\n\n\n\n<p class=\" eplus-wrapper\">Seine Ideen zur Feldherrenkunst und seine literarischen Werke sind bis heute von Bedeutung. Gedenkst\u00e4tten, Denkm\u00e4ler und sogar Weltkulturerbest\u00e4tten tragen seinen Namen. S\u00e9bastien Le Prestre de Vauban bleibt ein herausragender Vertreter der Ingenieuroffiziere und ein Symbol f\u00fcr Innovation und strategische Brillanz.<\/p>\n\n\n\n<p class=\" eplus-wrapper\">Zw\u00f6lf ma\u00dfgeblich durch ihn gepr\u00e4gte Festungsanlagen in Frankreich wurden 2008 unter dem Namen &#8222;Festungsanlagen von Vauban&#8220; in die UNESCO-Liste des Weltkulturerbes aufgenommen.<\/p>\n<\/div>\n<\/div>\n\n\n<p class=\" eplus-wrapper\"><\/p>\n","protected":false},"excerpt":{"rendered":"<p>&#8222;Ing\u00e9nieur de France&#8220; (Ehrentitel)<br \/>\nFranz\u00f6sischer General, Festungsbaumeister Ludwigs XIV. und Marschall von Frankreich<\/p>\n","protected":false},"author":1,"featured_media":0,"comment_status":"open","ping_status":"open","sticky":false,"template":"","format":"standard","meta":{"editor_plus_copied_stylings":"{}","pgc_sgb_lightbox_settings":"","_price":"","_stock":"","_tribe_ticket_header":"","_tribe_default_ticket_provider":"","_tribe_ticket_capacity":"0","_ticket_start_date":"","_ticket_end_date":"","_tribe_ticket_show_description":"","_tribe_ticket_show_not_going":false,"_tribe_ticket_use_global_stock":"","_tribe_ticket_global_stock_level":"","_global_stock_mode":"","_global_stock_cap":"","_tribe_rsvp_for_event":"","_tribe_ticket_going_count":"","_tribe_ticket_not_going_count":"","_tribe_tickets_list":"[]","_tribe_ticket_has_attendee_info_fields":false,"_EventAllDay":false,"_EventTimezone":"","_EventStartDate":"","_EventEndDate":"","_EventStartDateUTC":"","_EventEndDateUTC":"","_EventShowMap":false,"_EventShowMapLink":false,"_EventURL":"","_EventCost":"","_EventCostDescription":"","_EventCurrencySymbol":"","_EventCurrencyCode":"","_EventCurrencyPosition":"","_EventDateTimeSeparator":"","_EventTimeRangeSeparator":"","_EventOrganizerID":[],"_EventVenueID":[],"_OrganizerEmail":"","_OrganizerPhone":"","_OrganizerWebsite":"","_VenueAddress":"","_VenueCity":"","_VenueCountry":"","_VenueProvince":"","_VenueState":"","_VenueZip":"","_VenuePhone":"","_VenueURL":"","_VenueStateProvince":"","_VenueLat":"","_VenueLng":"","_VenueShowMap":false,"_VenueShowMapLink":false,"footnotes":""},"categories":[474],"tags":[],"class_list":["post-2474","post","type-post","status-publish","format-standard","hentry","category-architekten"],"_links":{"self":[{"href":"https:\/\/forte-cultura.com\/de_de\/wp-json\/wp\/v2\/posts\/2474","targetHints":{"allow":["GET"]}}],"collection":[{"href":"https:\/\/forte-cultura.com\/de_de\/wp-json\/wp\/v2\/posts"}],"about":[{"href":"https:\/\/forte-cultura.com\/de_de\/wp-json\/wp\/v2\/types\/post"}],"author":[{"embeddable":true,"href":"https:\/\/forte-cultura.com\/de_de\/wp-json\/wp\/v2\/users\/1"}],"replies":[{"embeddable":true,"href":"https:\/\/forte-cultura.com\/de_de\/wp-json\/wp\/v2\/comments?post=2474"}],"version-history":[{"count":0,"href":"https:\/\/forte-cultura.com\/de_de\/wp-json\/wp\/v2\/posts\/2474\/revisions"}],"wp:attachment":[{"href":"https:\/\/forte-cultura.com\/de_de\/wp-json\/wp\/v2\/media?parent=2474"}],"wp:term":[{"taxonomy":"category","embeddable":true,"href":"https:\/\/forte-cultura.com\/de_de\/wp-json\/wp\/v2\/categories?post=2474"},{"taxonomy":"post_tag","embeddable":true,"href":"https:\/\/forte-cultura.com\/de_de\/wp-json\/wp\/v2\/tags?post=2474"}],"curies":[{"name":"wp","href":"https:\/\/api.w.org\/{rel}","templated":true}]}}