{"id":1035,"date":"2023-12-01T16:40:42","date_gmt":"2023-12-01T15:40:42","guid":{"rendered":"https:\/\/forte-cultura.com\/?p=1035"},"modified":"2025-01-16T09:54:20","modified_gmt":"2025-01-16T08:54:20","slug":"terezin-cz","status":"publish","type":"post","link":"https:\/\/forte-cultura.com\/de_de\/terezin-cz\/","title":{"rendered":"Terez\u00edn (CZ)"},"content":{"rendered":"<div class=\"wp-block-columns alignwide eplus-wrapper is-layout-flex wp-container-core-columns-is-layout-28f84493 wp-block-columns-is-layout-flex eplus-styles-uid-32de6b\">\n<div class=\"wp-block-column eplus-wrapper is-layout-flow wp-block-column-is-layout-flow\" style=\"flex-basis:100%\"><div class=\"wp-block-columns eplus-wrapper is-layout-flex wp-container-core-columns-is-layout-28f84493 wp-block-columns-is-layout-flex eplus-styles-uid-88868d\">\n<div class=\"wp-block-column eplus-wrapper is-layout-flow wp-block-column-is-layout-flow\" style=\"flex-basis:80%\"><p class=\" eplus-wrapper eplus-styles-uid-e7c803\"><em>FORTE CULTURA Station: <a href=\"https:\/\/forte-cultura.com\/kulturerbe-festungsmonumente\/geschichte-des-festungsbaus\/festungsbau-vom-15-19-jahrhundert\/befestigte-idealstadt\/\" data-type=\"page\" data-id=\"2018\">Befestigte Idealstadt<\/a> Terez\u00edn (CZ)<\/em><\/p>\n\n\n<h2 class=\" wp-block-heading alignwide has-large-font-size eplus-wrapper\"><strong>Meisterwerk der Festungsbaumeister der KuK-Monarchie<\/strong><\/h2>\n\n\n\n<h3 class=\"is-style-default wp-block-heading alignwide eplus-wrapper\" style=\"margin-top:var(--wp--preset--spacing--10);margin-bottom:var(--wp--preset--spacing--10);font-size:clamp(1.092rem, 1.092rem + ((1vw - 0.2rem) * 1.013), 1.7rem);\"><em>Historische Elbe-Festung und Mahnmal des Zweiten Weltkriegs <\/em><\/h3>\n\n\n\n<p class=\" eplus-wrapper\">Die Festung Terez\u00edn (Theresienstadt \u2013 benannt nach Maria Theresia) geh\u00f6rt zusammen mit <a href=\"https:\/\/forte-cultura.com\/josefov-cz\/\" data-type=\"post\" data-id=\"701\">Josefov <\/a>(Josefstadt \u2013 benannt nach Kaiser Joseph II) zu den Meisterwerken der Festungsbaumeister der KuK-Monarchie des 18. Jahrhunderts. Beide sind sogenannte <a href=\"https:\/\/forte-cultura.com\/kulturerbe-festungsmonumente\/geschichte-des-festungsbaus\/festungsbau-vom-15-19-jahrhundert\/befestigte-idealstadt\/\" data-type=\"page\" data-id=\"2018\">befestigte Idealst\u00e4dte<\/a>, von Milit\u00e4rarchitekten und -ingenieuren absolutistischer F\u00fcrsten in der Renaissance geplante Milit\u00e4rst\u00e4dte mit sternf\u00f6rmiger oder schachbrettartiger Geometrie der Stra\u00dfen und der umgebenden Festungsbauwerke.<\/p>\n\n\n\n<p class=\" eplus-wrapper\">Entdecken Sie auf Exkursionen den mehrstufigen Bastioneng\u00fcrtel um die rechteckige Stadtstruktur und erfahren Sie mehr \u00fcber die Geschichte der milit\u00e4rischen Stadtplanung. Erleben Sie spannende\u00a0 historische Events und tauchen Sie ein, in das Soldatenleben des 18. Jahrhunderts. Viele Gedenkst\u00e4tten erinnern zudem an das dunkle Kapitel der Stadt, den Holocaust in <strong>Theresienstadt<\/strong>.<\/p>\n<\/div>\n\n\n\n<div class=\"wp-block-column eplus-wrapper is-layout-flow wp-block-column-is-layout-flow\" style=\"flex-basis:20%\"><figure class=\" wp-block-image alignright size-medium eplus-wrapper eplus-styles-uid-7a77bb\"><img loading=\"lazy\" decoding=\"async\" width=\"145\" height=\"300\" src=\"https:\/\/forte-cultura.com\/wp-content\/uploads\/FoCu-Flyer-Boehmen_DE_coverweb-145x300.jpg\" alt=\"\" class=\"wp-image-2765\" srcset=\"https:\/\/forte-cultura.com\/wp-content\/uploads\/FoCu-Flyer-Boehmen_DE_coverweb-145x300.jpg 145w, https:\/\/forte-cultura.com\/wp-content\/uploads\/FoCu-Flyer-Boehmen_DE_coverweb-6x12.jpg 6w, https:\/\/forte-cultura.com\/wp-content\/uploads\/FoCu-Flyer-Boehmen_DE_coverweb-200x415.jpg 200w, https:\/\/forte-cultura.com\/wp-content\/uploads\/FoCu-Flyer-Boehmen_DE_coverweb.jpg 386w\" sizes=\"auto, (max-width: 145px) 100vw, 145px\" \/><figcaption class=\"wp-element-caption\"><a href=\"https:\/\/forte-cultura.com\/wp-content\/uploads\/FoCu-Flyer-Boehmen_CZ2023_web.pdf\">FORTE CULTURA Info-Flyer Festungserbe B\u00f6hmens<\/a><\/figcaption><\/figure><\/div>\n<\/div>\n\n\n<h3 class=\" wp-block-heading has-large-font-size eplus-wrapper\" style=\"margin-top:var(--wp--preset--spacing--20)\">Erlebnisangebote in Terez\u00edn<\/h3>\n\n\n<ul class=\" wp-block-list eplus-wrapper eplus-styles-uid-b6fc35\"><li style=\"margin-top:var(--wp--preset--spacing--10);margin-bottom:var(--wp--preset--spacing--10);line-height:1.5\" class=\" eplus-wrapper eplus-styles-uid-1ceed8\"><strong>Gut erhaltene Festungsanlagen: <\/strong>Wandern Sie durch die am besten erhaltene Festungsanlage Mitteleuropas, untersuchen Sie das Labyrinth der unterirdischen G\u00e4nge und entdecken Sie die l\u00e4ngst vergessene Funktion der Festungsanlagen. <a href=\"https:\/\/forte-cultura.com\/kulturerbe-festungsmonumente\/geschichte-des-festungsbaus\/festungsbau-vom-15-19-jahrhundert\/befestigte-idealstadt\/\" data-type=\"page\" data-id=\"2018\">Befestigte Idealstadt = Perle der Festungsbaukunst<\/a><\/li>\n\n<li style=\"margin-top:var(--wp--preset--spacing--10);margin-bottom:var(--wp--preset--spacing--10);line-height:1.5\" class=\" eplus-wrapper eplus-styles-uid-1ceed8\"><strong>Spannende thematische F\u00fchrungen:<\/strong> Besuchen Sie die Festungsanlagen oder die zentrale Altstadt mit ihren geheimnisvollen verlassenen Milit\u00e4rgeb\u00e4uden. Entdecken Sie die Geschichten der Habsburger Monarchie und der Generationen von einfachen Menschen, die hier drei Jahrhunderte lebten.<\/li>\n\n<li style=\"margin-top:var(--wp--preset--spacing--10);margin-bottom:var(--wp--preset--spacing--10);line-height:1.5\" class=\" eplus-wrapper eplus-styles-uid-1ceed8\"><strong>Museen und Ausstellungen:<\/strong> Mehrere Museen und Ausstellungen entf\u00fchren Sie in die Geschichte Theresienstadts und bringen Ihnen die einzigartige Festung n\u00e4her &#8211; von einer pulsierenden und lebendigen Stadt bis hin zur traurigen Geschichte des Zweiten Weltkriegs.<\/li>\n\n<li style=\"margin-top:var(--wp--preset--spacing--10);margin-bottom:var(--wp--preset--spacing--10);line-height:1.5\" class=\" eplus-wrapper eplus-styles-uid-1ceed8\"><strong>Aktive Angebote:<\/strong> Wandern, Radfahren und Wasserwandern &#8211; die Umgebung bietet zahlreiche M\u00f6glichkeiten, die Natur entlang der Elbe zu erleben.<\/li>\n\n<li style=\"margin-top:var(--wp--preset--spacing--10);margin-bottom:var(--wp--preset--spacing--10);line-height:1.5\" class=\" eplus-wrapper eplus-styles-uid-1ceed8\"><strong>Einzigartige Atmosph\u00e4re: <\/strong>Die besondere Atmosph\u00e4re der Stadt lockt Filmemacher und Musikfestivals wie das &#8222;Brutal Assault&#8220; an.<\/li><\/ul>\n\n\n<h3 class=\" wp-block-heading eplus-wrapper\" style=\"margin-top:var(--wp--preset--spacing--30)\">N\u00fctzliche Informationen f\u00fcr Ihren Besuch in Terez\u00edn<\/h3>\n\n\n\n<p class=\" eplus-wrapper\">Die Festung Theresienstadt ist sehr gro\u00dfes Monument. Die touristischen Attraktionen sind aber in bequemer Gehdistanz. Wir empfehlen Ihnen, Ihren Rundgang durch die Festung im hiesigen Informationszentrum zu beginnen, wo Sie alle notwendigen Informationen erhalten k\u00f6nnen. In den unterirdischen Bereichen liegen die Temperaturen bei etwa 10\u00b0C. Es wird empfohlen warme Kleidung f\u00fcr die F\u00fchrung mitzubringen.<\/p>\n\n\n\n<p class=\" eplus-wrapper\"><strong><a href=\"http:\/\/smart-guide.org\/de\/travelers\/\" target=\"_blank\" rel=\"noreferrer noopener\">SMARTGUIDE<\/a><\/strong>: Entdecken Sie die Festungsidealstadt Terez\u00edn per Audioguide auf Ihrem Handy. Mehrere Sprachversionen vorhanden.<\/p>\n\n\n\n<p class=\" eplus-wrapper\"><strong>Zug\u00e4nglichkeit f\u00fcr Menschen mit Behinderungen:<\/strong> Alle unsere Objekte sind f\u00fcr Rollstuhlfahrer zug\u00e4nglich &#8211; auch unterirdische Mineng\u00e4nge.<\/p>\n\n\n\n<p class=\" eplus-wrapper\"><strong>Kombitickets \/ Sonderangebote:<\/strong> Es ist m\u00f6glich, ein gemeinsames Ticket f\u00fcr alle unsere Touren und Ausstellungen zu kaufen. <strong>FORTPASS &#8211; Kombikarte<\/strong> &#8211; g\u00fcltig f\u00fcr Besuche in Festungen Theresienstadt, <a href=\"https:\/\/forte-cultura.com\/josefov-cz\/\" data-type=\"post\" data-id=\"701\">Josefov<\/a>, <a href=\"https:\/\/forte-cultura.com\/prag-cz\/\" data-type=\"post\" data-id=\"947\">Vy\u0161ehrad <\/a>und Museum Hradec Kr\u00e1lov\u00e9.<\/p>\n\n\n\n<p class=\" eplus-wrapper\">Breites Angebot an gef\u00fchrten Touren f\u00fcr Einzelreisende, Familien und Gruppen. Mehr Infos unter <a href=\"http:\/\/www.pevnost-terezin.cz\" target=\"_blank\" rel=\"noreferrer noopener\">www.pevnost-terezin.cz<\/a>.<\/p>\n<\/div>\n<\/div>\n\n\n<figure class=\"wp-embed-aspect-16-9 wp-has-aspect-ratio wp-block-embed alignwide is-type-video is-provider-youtube wp-block-embed-youtube eplus-wrapper\"><div class=\"wp-block-embed__wrapper\">\n<iframe loading=\"lazy\" title=\"Fortified Ideal City Terezi\u0301n (CZ) - FORTE CULTURA Station\" width=\"500\" height=\"281\" src=\"https:\/\/www.youtube.com\/embed\/n45MmYiNmvA?feature=oembed\" frameborder=\"0\" allow=\"accelerometer; autoplay; clipboard-write; encrypted-media; gyroscope; picture-in-picture; web-share\" referrerpolicy=\"strict-origin-when-cross-origin\" allowfullscreen><\/iframe>\n<\/div><figcaption class=\"wp-element-caption\">Kurzportr\u00e4t der befestigten Idealstadt Terez\u00edn (CZ) als Station von FORTE CULTURA &#8211; Europ\u00e4ische Kulturstra\u00dfe der befestigten Denkm\u00e4ler. Vielen Dank an das Team von www.exploreprague.cz und Michal Pliva f\u00fcr die Videoproduktion.<\/figcaption><\/figure>\n\n\n\n<hr class=\" wp-block-separator alignwide has-text-color has-accent-2-color has-alpha-channel-opacity has-accent-2-background-color has-background eplus-wrapper\" style=\"margin-top:var(--wp--preset--spacing--30);margin-bottom:var(--wp--preset--spacing--30)\"\/>\n\n\n\n<div class=\"wp-block-group alignwide has-custom-verlauf-1-gradient-background has-background eplus-wrapper has-global-padding is-layout-constrained wp-container-core-group-is-layout-2bcd15f1 wp-block-group-is-layout-constrained\" style=\"border-radius:5px;margin-top:0;margin-bottom:0;padding-top:var(--wp--preset--spacing--30);padding-right:var(--wp--preset--spacing--40);padding-bottom:var(--wp--preset--spacing--30);padding-left:var(--wp--preset--spacing--40)\"><div class=\"wp-block-columns alignwide are-vertically-aligned-center eplus-wrapper is-layout-flex wp-container-core-columns-is-layout-47c06fe3 wp-block-columns-is-layout-flex eplus-styles-uid-f37e09\">\n<div class=\"wp-block-column is-vertically-aligned-center eplus-wrapper is-layout-flow wp-block-column-is-layout-flow\" style=\"flex-basis:44%\">\n<h2 class=\" wp-block-heading eplus-wrapper\">Kulturband Festungsmonumente<br>an der Elbe<\/h2>\n\n\n\n<p class=\"is-style-checkmark-list eplus-wrapper\">Von seiner Quelle im Tschechischen Riesengebirge bis zur M\u00fcndung in die Nordsee bei Cuxhaven verbindet der Elbestrom 1091 km herrliche Kulturlandschaften.<\/p>\n\n\n\n<p class=\" eplus-wrapper\">Erobern Sie die <strong>FORTE CULTURA Elbe-Festungen<\/strong> und entdecken Sie die Region aus einer neuen Perspektive.<\/p>\n\n\n\n<div class=\"wp-block-buttons eplus-wrapper is-layout-flex wp-block-buttons-is-layout-flex\"><div class=\"is-style-outline wp-block-button eplus-wrapper is-style-outline--1 eplus-styles-uid-65c680\"><a class=\"wp-block-button__link wp-element-button\" href=\"https:\/\/forte-cultura.com\/kulturerbe-elbe-festungen-de-cz\/\">Mehr erfahren<\/a><\/div><\/div>\n<\/div>\n\n\n\n<div class=\"wp-block-column is-vertically-aligned-center eplus-wrapper is-layout-flow wp-container-core-column-is-layout-43dc041e wp-block-column-is-layout-flow\" style=\"padding-top:0;padding-right:0;padding-bottom:0;padding-left:0;flex-basis:56%\">\n<figure class=\"is-style-rounded wp-block-image aligncenter size-full has-custom-border eplus-wrapper is-style-rounded--2\"><img loading=\"lazy\" decoding=\"async\" width=\"1500\" height=\"1043\" src=\"https:\/\/forte-cultura.com\/wp-content\/uploads\/BASISKARTE_Elbe_2021419_web.jpg\" alt=\"\" class=\"wp-image-471\" style=\"border-radius:15px;object-fit:cover\" srcset=\"https:\/\/forte-cultura.com\/wp-content\/uploads\/BASISKARTE_Elbe_2021419_web.jpg 1500w, https:\/\/forte-cultura.com\/wp-content\/uploads\/BASISKARTE_Elbe_2021419_web-300x209.jpg 300w, https:\/\/forte-cultura.com\/wp-content\/uploads\/BASISKARTE_Elbe_2021419_web-1024x712.jpg 1024w, https:\/\/forte-cultura.com\/wp-content\/uploads\/BASISKARTE_Elbe_2021419_web-768x534.jpg 768w, https:\/\/forte-cultura.com\/wp-content\/uploads\/BASISKARTE_Elbe_2021419_web-200x139.jpg 200w\" sizes=\"auto, (max-width: 1500px) 100vw, 1500px\" \/><\/figure>\n<\/div>\n<\/div><\/div>\n\n\n\n<hr class=\" wp-block-separator alignwide has-text-color has-accent-2-color has-alpha-channel-opacity has-accent-2-background-color has-background eplus-wrapper\" style=\"margin-top:var(--wp--preset--spacing--30);margin-bottom:var(--wp--preset--spacing--30)\"\/>\n\n\n\n<h2 class=\" wp-block-heading alignwide eplus-wrapper\">Events in der Festungsidealstadt Terez\u00edn<\/h2>\n\n\n<div class=\"wp-block-columns alignwide eplus-wrapper is-layout-flex wp-container-core-columns-is-layout-28f84493 wp-block-columns-is-layout-flex eplus-styles-uid-f79566\">\n<div class=\"wp-block-column eplus-wrapper is-layout-flow wp-block-column-is-layout-flow\" style=\"flex-basis:100%\">\n<p class=\" eplus-wrapper\"><a href=\"https:\/\/www.pevnost-terezin.cz\/akce-a-novinky\" target=\"_blank\" rel=\"noreferrer noopener\"><strong>Veranstaltungen und Neuigkeiten aus Terez\u00edn<\/strong><\/a><\/p>\n<\/div>\n<\/div>\n\n\n<hr class=\" wp-block-separator alignwide has-text-color has-accent-2-color has-alpha-channel-opacity has-accent-2-background-color has-background eplus-wrapper\" style=\"margin-top:var(--wp--preset--spacing--30);margin-bottom:var(--wp--preset--spacing--30)\"\/>\n\n\n<div id=\"travelersmap-container-69f5eb29358c5\" class=\"travelersmap-container\" style=\"z-index: 1; min-height: 10px; min-width:10px; height:400px;width:100%; max-width:1280px; max-height:; position:relative;\"><div style=\"position:absolute; z-index:-1;top: 50%;text-align: center;display: block;left: 50%;transform: translate(-50%,-50%);\">Travelers' Map wird geladen &hellip;<br>Wenn du dies siehst, nachdem deine Seite vollst\u00e4ndig geladen wurde, fehlen leafletJS-Dateien.<\/div><\/div>\n\n\n\n<hr class=\" wp-block-separator alignwide has-text-color has-accent-2-color has-alpha-channel-opacity has-accent-2-background-color has-background eplus-wrapper\" style=\"margin-top:var(--wp--preset--spacing--30);margin-bottom:var(--wp--preset--spacing--30)\"\/>\n","protected":false},"excerpt":{"rendered":"<p>Befestigte Idealstadt: Meisterwerk der Festungsbaukunst, Historische Elbe-Festung und Mahnmal des Zweiten Weltkriegs<\/p>\n","protected":false},"author":1,"featured_media":1036,"comment_status":"open","ping_status":"open","sticky":false,"template":"","format":"standard","meta":{"editor_plus_copied_stylings":"{}","pgc_sgb_lightbox_settings":"","_price":"","_stock":"","_tribe_ticket_header":"","_tribe_default_ticket_provider":"","_tribe_ticket_capacity":"0","_ticket_start_date":"","_ticket_end_date":"","_tribe_ticket_show_description":"","_tribe_ticket_show_not_going":false,"_tribe_ticket_use_global_stock":"","_tribe_ticket_global_stock_level":"","_global_stock_mode":"","_global_stock_cap":"","_tribe_rsvp_for_event":"","_tribe_ticket_going_count":"","_tribe_ticket_not_going_count":"","_tribe_tickets_list":"[]","_tribe_ticket_has_attendee_info_fields":false,"_EventAllDay":false,"_EventTimezone":"","_EventStartDate":"","_EventEndDate":"","_EventStartDateUTC":"","_EventEndDateUTC":"","_EventShowMap":false,"_EventShowMapLink":false,"_EventURL":"","_EventCost":"","_EventCostDescription":"","_EventCurrencySymbol":"","_EventCurrencyCode":"","_EventCurrencyPosition":"","_EventDateTimeSeparator":"","_EventTimeRangeSeparator":"","_EventOrganizerID":[],"_EventVenueID":[],"_OrganizerEmail":"","_OrganizerPhone":"","_OrganizerWebsite":"","_VenueAddress":"","_VenueCity":"","_VenueCountry":"","_VenueProvince":"","_VenueState":"","_VenueZip":"","_VenuePhone":"","_VenueURL":"","_VenueStateProvince":"","_VenueLat":"","_VenueLng":"","_VenueShowMap":false,"_VenueShowMapLink":false,"footnotes":""},"categories":[24,39,22,469,19,452,74],"tags":[54,42,461,85,460,55,84,463,462,453,454,67],"class_list":["post-1035","post","type-post","status-publish","format-standard","has-post-thumbnail","hentry","category-befestigte-idealstadt","category-elbe-festungen","category-festungserbe","category-fluesse-und-meer","category-stationen","category-kaiserliche-festungen-boehmen","category-tschechische-republik","tag-boehmen","tag-elbe","tag-familie","tag-holocaust","tag-kids","tag-kuk-monarchie","tag-mahnmal","tag-museum","tag-reenactment","tag-terezin","tag-theresienstadt","tag-zweiter-weltkrieg"],"_links":{"self":[{"href":"https:\/\/forte-cultura.com\/de_de\/wp-json\/wp\/v2\/posts\/1035","targetHints":{"allow":["GET"]}}],"collection":[{"href":"https:\/\/forte-cultura.com\/de_de\/wp-json\/wp\/v2\/posts"}],"about":[{"href":"https:\/\/forte-cultura.com\/de_de\/wp-json\/wp\/v2\/types\/post"}],"author":[{"embeddable":true,"href":"https:\/\/forte-cultura.com\/de_de\/wp-json\/wp\/v2\/users\/1"}],"replies":[{"embeddable":true,"href":"https:\/\/forte-cultura.com\/de_de\/wp-json\/wp\/v2\/comments?post=1035"}],"version-history":[{"count":0,"href":"https:\/\/forte-cultura.com\/de_de\/wp-json\/wp\/v2\/posts\/1035\/revisions"}],"wp:featuredmedia":[{"embeddable":true,"href":"https:\/\/forte-cultura.com\/de_de\/wp-json\/wp\/v2\/media\/1036"}],"wp:attachment":[{"href":"https:\/\/forte-cultura.com\/de_de\/wp-json\/wp\/v2\/media?parent=1035"}],"wp:term":[{"taxonomy":"category","embeddable":true,"href":"https:\/\/forte-cultura.com\/de_de\/wp-json\/wp\/v2\/categories?post=1035"},{"taxonomy":"post_tag","embeddable":true,"href":"https:\/\/forte-cultura.com\/de_de\/wp-json\/wp\/v2\/tags?post=1035"}],"curies":[{"name":"wp","href":"https:\/\/api.w.org\/{rel}","templated":true}]}}